{"id":1506,"date":"2024-01-04T09:09:15","date_gmt":"2024-01-04T09:09:15","guid":{"rendered":"https:\/\/www.domusrental.com\/blog\/?p=1506"},"modified":"2025-01-21T15:41:19","modified_gmt":"2025-01-21T15:41:19","slug":"peschiera-del-garda","status":"publish","type":"post","link":"https:\/\/www.domusrental.com\/blog\/de\/peschiera-del-garda\/","title":{"rendered":"Warum Peschiera del Garda an der Spitze der St\u00e4dte am Gardasee steht"},"content":{"rendered":"\t\t<div data-elementor-type=\"wp-post\" data-elementor-id=\"1506\" class=\"elementor elementor-1506 elementor-883\" data-elementor-post-type=\"post\">\n\t\t\t\t\t\t<section class=\"elementor-section elementor-top-section elementor-element elementor-element-44585bc7 elementor-section-boxed elementor-section-height-default elementor-section-height-default\" data-id=\"44585bc7\" data-element_type=\"section\" data-e-type=\"section\">\n\t\t\t\t\t\t<div class=\"elementor-container elementor-column-gap-default\">\n\t\t\t\t\t<div class=\"elementor-column elementor-col-100 elementor-top-column elementor-element elementor-element-57bacd37\" data-id=\"57bacd37\" data-element_type=\"column\" data-e-type=\"column\">\n\t\t\t<div class=\"elementor-widget-wrap elementor-element-populated\">\n\t\t\t\t\t\t<div class=\"elementor-element elementor-element-194db03b elementor-widget elementor-widget-text-editor\" data-id=\"194db03b\" data-element_type=\"widget\" data-e-type=\"widget\" data-widget_type=\"text-editor.default\">\n\t\t\t\t<div class=\"elementor-widget-container\">\n\t\t\t\t\t\t\t\t\t<p>Direkt am Ufer des Gardasees gelegen, verspricht Peschiera del Garda jedem Besucher einen idyllischen Kurzurlaub. Von der reichen Geschichte und Kultur bis hin zur atemberaubenden Naturlandschaft und der k\u00f6stlichen lokalen K\u00fcche &#8211; entdecken Sie, warum sich dieser Ort als perfekter R\u00fcckzugsort anbietet. In diesem Artikel erfahren Sie, warum diese italienische Stadt nicht nur das perfekte Reiseziel f\u00fcr Ihren Traumurlaub ist. Es k\u00f6nnte auch der Ort sein, den Sie als Ihr zweites Zuhause suchen. Finden wir es heraus!<\/p>\t\t\t\t\t\t\t\t<\/div>\n\t\t\t\t<\/div>\n\t\t\t\t\t<\/div>\n\t\t<\/div>\n\t\t\t\t\t<\/div>\n\t\t<\/section>\n\t\t\t\t<section class=\"elementor-section elementor-top-section elementor-element elementor-element-71cdd42e elementor-section-boxed elementor-section-height-default elementor-section-height-default\" data-id=\"71cdd42e\" data-element_type=\"section\" data-e-type=\"section\">\n\t\t\t\t\t\t<div class=\"elementor-container elementor-column-gap-default\">\n\t\t\t\t\t<div class=\"elementor-column elementor-col-100 elementor-top-column elementor-element elementor-element-3f73109f\" data-id=\"3f73109f\" data-element_type=\"column\" data-e-type=\"column\">\n\t\t\t<div class=\"elementor-widget-wrap elementor-element-populated\">\n\t\t\t\t\t\t<div class=\"elementor-element elementor-element-7723b105 elementor-widget elementor-widget-table-of-contents\" data-id=\"7723b105\" data-element_type=\"widget\" data-e-type=\"widget\" data-settings=\"{&quot;headings_by_tags&quot;:[&quot;h2&quot;],&quot;exclude_headings_by_selector&quot;:[],&quot;marker_view&quot;:&quot;bullets&quot;,&quot;icon&quot;:{&quot;value&quot;:&quot;&quot;,&quot;library&quot;:&quot;&quot;},&quot;no_headings_message&quot;:&quot;Es wurden keine \\u00dcberschriften auf dieser Seite gefunden.&quot;,&quot;hierarchical_view&quot;:&quot;yes&quot;,&quot;min_height&quot;:{&quot;unit&quot;:&quot;px&quot;,&quot;size&quot;:&quot;&quot;,&quot;sizes&quot;:[]},&quot;min_height_tablet&quot;:{&quot;unit&quot;:&quot;px&quot;,&quot;size&quot;:&quot;&quot;,&quot;sizes&quot;:[]},&quot;min_height_mobile&quot;:{&quot;unit&quot;:&quot;px&quot;,&quot;size&quot;:&quot;&quot;,&quot;sizes&quot;:[]}}\" data-widget_type=\"table-of-contents.default\">\n\t\t\t\t<div class=\"elementor-widget-container\">\n\t\t\t\t\t\t\t\t\t<div class=\"elementor-toc__header\">\n\t\t\t\t\t\t<div class=\"elementor-toc__header-title\">\n\t\t\t\tVerzeichnis\t\t\t<\/div>\n\t\t\t\t\t\t\t\t<\/div>\n\t\t\t\t<div id=\"elementor-toc__7723b105\" class=\"elementor-toc__body\">\n\t\t\t<div class=\"elementor-toc__spinner-container\">\n\t\t\t\t<i class=\"elementor-toc__spinner eicon-animation-spin eicon-loading\" aria-hidden=\"true\"><\/i>\t\t\t<\/div>\n\t\t<\/div>\n\t\t\t\t\t\t<\/div>\n\t\t\t\t<\/div>\n\t\t\t\t\t<\/div>\n\t\t<\/div>\n\t\t\t\t\t<\/div>\n\t\t<\/section>\n\t\t\t\t<section class=\"elementor-section elementor-top-section elementor-element elementor-element-753d48fc elementor-section-boxed elementor-section-height-default elementor-section-height-default\" data-id=\"753d48fc\" data-element_type=\"section\" data-e-type=\"section\">\n\t\t\t\t\t\t<div class=\"elementor-container elementor-column-gap-default\">\n\t\t\t\t\t<div class=\"elementor-column elementor-col-100 elementor-top-column elementor-element elementor-element-2bb81bd4\" data-id=\"2bb81bd4\" data-element_type=\"column\" data-e-type=\"column\">\n\t\t\t<div class=\"elementor-widget-wrap elementor-element-populated\">\n\t\t\t\t\t\t<div class=\"elementor-element elementor-element-6c588f62 elementor-widget elementor-widget-heading\" data-id=\"6c588f62\" data-element_type=\"widget\" data-e-type=\"widget\" data-widget_type=\"heading.default\">\n\t\t\t\t<div class=\"elementor-widget-container\">\n\t\t\t\t\t<h2 class=\"elementor-heading-title elementor-size-default\">Peschiera del Garda: Eine Stadt am Ufer des Gardasees\n<\/h2>\t\t\t\t<\/div>\n\t\t\t\t<\/div>\n\t\t\t\t<div class=\"elementor-element elementor-element-7ec72cd8 elementor-widget elementor-widget-text-editor\" data-id=\"7ec72cd8\" data-element_type=\"widget\" data-e-type=\"widget\" data-widget_type=\"text-editor.default\">\n\t\t\t\t<div class=\"elementor-widget-container\">\n\t\t\t\t\t\t\t\t\t<p>Wenn Sie zum ersten Mal einen Blick auf diese Stadt werfen, werden Sie feststellen, dass sie eine Postkartenkulisse bietet. Im Laufe der Jahrhunderte ihres Bestehens hat sie sich zu einer <strong>Mischung aus mittelalterlicher und venezianischer Architektur <\/strong>entwickelt. Wenn Sie durch die Stra\u00dfen der Stadt schlendern, k\u00f6nnen Sie sehen, wie jede Epoche ihre Spuren im Charakter der Stadt hinterlassen hat. Heute ist sie immer noch von einer gut erhaltenen alten Stadtmauer umgeben, und daher ist es nicht verwunderlich, dass der historische Stadtkern zum <strong>UNESCO-Weltkulturerbe<\/strong> erkl\u00e4rt wurde.<\/p><p>Dank des <strong>mediterranen Klimas<\/strong> ist das Wetter in Peschiera del Garda von warmen Sommern gepr\u00e4gt. Die Tagestemperaturen liegen zwischen 25 und 32 Grad Celsius (77 und 90 Grad Fahrenheit). Auch die Winter sind mild, mit H\u00f6chsttemperaturen von 5 bis 12 Grad Celsius (41 bis 54 Grad Fahrenheit). Nicht zuletzt macht dieses angenehme Wetter Peschiera del Garda das ganze Jahr \u00fcber zu einem attraktiven Reiseziel f\u00fcr Besucher aus aller Welt.<\/p>\t\t\t\t\t\t\t\t<\/div>\n\t\t\t\t<\/div>\n\t\t\t\t\t<\/div>\n\t\t<\/div>\n\t\t\t\t\t<\/div>\n\t\t<\/section>\n\t\t\t\t<section class=\"elementor-section elementor-top-section elementor-element elementor-element-7b321b0 elementor-section-boxed elementor-section-height-default elementor-section-height-default\" data-id=\"7b321b0\" data-element_type=\"section\" data-e-type=\"section\">\n\t\t\t\t\t\t<div class=\"elementor-container elementor-column-gap-default\">\n\t\t\t\t\t<div class=\"elementor-column elementor-col-100 elementor-top-column elementor-element elementor-element-385e6be\" data-id=\"385e6be\" data-element_type=\"column\" data-e-type=\"column\">\n\t\t\t<div class=\"elementor-widget-wrap elementor-element-populated\">\n\t\t\t\t\t\t<div class=\"elementor-element elementor-element-2abb40d elementor-widget elementor-widget-heading\" data-id=\"2abb40d\" data-element_type=\"widget\" data-e-type=\"widget\" data-widget_type=\"heading.default\">\n\t\t\t\t<div class=\"elementor-widget-container\">\n\t\t\t\t\t<h2 class=\"elementor-heading-title elementor-size-default\">Die Geschichte und Kultur von Peschiera del Garda\n<\/h2>\t\t\t\t<\/div>\n\t\t\t\t<\/div>\n\t\t\t\t<div class=\"elementor-element elementor-element-6fcdeef elementor-widget elementor-widget-text-editor\" data-id=\"6fcdeef\" data-element_type=\"widget\" data-e-type=\"widget\" data-widget_type=\"text-editor.default\">\n\t\t\t\t<div class=\"elementor-widget-container\">\n\t\t\t\t\t\t\t\t\t<p>Die Geschichte von Peschiera del Garda reicht bis in die Antike zur\u00fcck. Aufgrund ihrer strategischen Lage an der S\u00fcdspitze des Gardasees erkannten bereits die R\u00f6mer die geografische Bedeutung der Stadt. Heute ist die <strong>r\u00f6mische Festung La Rocca<\/strong>, die seit dem 16. Jahrhundert \u00fcber die Stadt wacht, ein Zeugnis dieser Vergangenheit.<\/p><p>Aber es ist nicht nur die Lage, die diesen Ort im Laufe der Jahrhunderte f\u00fcr Milit\u00e4rm\u00e4chte attraktiv machte. Auch die Verbindung zum Wasser spielte eine wichtige Rolle. So flie\u00dft beispielsweise der Fluss Mincio direkt durch Peschiera del Garda. Er diente sowohl als nat\u00fcrliche Verteidigung als auch als wichtiger Transportweg. Wenn Sie heute durch die Stadt schlendern, werden Sie sofort das <strong>ausgekl\u00fcgelte Kanalsystem<\/strong> bemerken. Hier kann man den venezianischen Einfluss erkennen, der die Architektur und kulturelle Identit\u00e4t der Stadt gepr\u00e4gt hat.<\/p>\t\t\t\t\t\t\t\t<\/div>\n\t\t\t\t<\/div>\n\t\t\t\t\t<\/div>\n\t\t<\/div>\n\t\t\t\t\t<\/div>\n\t\t<\/section>\n\t\t\t\t<section class=\"elementor-section elementor-top-section elementor-element elementor-element-7fe87f4 elementor-section-boxed elementor-section-height-default elementor-section-height-default\" data-id=\"7fe87f4\" data-element_type=\"section\" data-e-type=\"section\">\n\t\t\t\t\t\t<div class=\"elementor-container elementor-column-gap-default\">\n\t\t\t\t\t<div class=\"elementor-column elementor-col-100 elementor-top-column elementor-element elementor-element-5d4343f\" data-id=\"5d4343f\" data-element_type=\"column\" data-e-type=\"column\">\n\t\t\t<div class=\"elementor-widget-wrap elementor-element-populated\">\n\t\t\t\t\t\t<div class=\"elementor-element elementor-element-11eef15 elementor-widget elementor-widget-image\" data-id=\"11eef15\" data-element_type=\"widget\" data-e-type=\"widget\" data-widget_type=\"image.default\">\n\t\t\t\t<div class=\"elementor-widget-container\">\n\t\t\t\t\t\t\t\t\t\t\t\t\t\t\t<img fetchpriority=\"high\" decoding=\"async\" width=\"1386\" height=\"756\" src=\"https:\/\/www.domusrental.com\/blog\/wp-content\/uploads\/2024\/01\/peschiera-del-garda.jpg\" class=\"attachment-full size-full wp-image-1465\" alt=\"peschiera-del-garda\" srcset=\"https:\/\/www.domusrental.com\/blog\/wp-content\/uploads\/2024\/01\/peschiera-del-garda.jpg 1386w, https:\/\/www.domusrental.com\/blog\/wp-content\/uploads\/2024\/01\/peschiera-del-garda-768x419.jpg 768w\" sizes=\"(max-width: 1386px) 100vw, 1386px\" \/>\t\t\t\t\t\t\t\t\t\t\t\t\t\t\t<\/div>\n\t\t\t\t<\/div>\n\t\t\t\t\t<\/div>\n\t\t<\/div>\n\t\t\t\t\t<\/div>\n\t\t<\/section>\n\t\t\t\t<section class=\"elementor-section elementor-top-section elementor-element elementor-element-bb0a731 elementor-section-boxed elementor-section-height-default elementor-section-height-default\" data-id=\"bb0a731\" data-element_type=\"section\" data-e-type=\"section\">\n\t\t\t\t\t\t<div class=\"elementor-container elementor-column-gap-default\">\n\t\t\t\t\t<div class=\"elementor-column elementor-col-100 elementor-top-column elementor-element elementor-element-0318f9c\" data-id=\"0318f9c\" data-element_type=\"column\" data-e-type=\"column\">\n\t\t\t<div class=\"elementor-widget-wrap elementor-element-populated\">\n\t\t\t\t\t\t<div class=\"elementor-element elementor-element-fadc808 elementor-widget elementor-widget-heading\" data-id=\"fadc808\" data-element_type=\"widget\" data-e-type=\"widget\" data-widget_type=\"heading.default\">\n\t\t\t\t<div class=\"elementor-widget-container\">\n\t\t\t\t\t<h2 class=\"elementor-heading-title elementor-size-default\">Die umliegenden Berge am Gardasee\n<\/h2>\t\t\t\t<\/div>\n\t\t\t\t<\/div>\n\t\t\t\t<div class=\"elementor-element elementor-element-920210d elementor-widget elementor-widget-text-editor\" data-id=\"920210d\" data-element_type=\"widget\" data-e-type=\"widget\" data-widget_type=\"text-editor.default\">\n\t\t\t\t<div class=\"elementor-widget-container\">\n\t\t\t\t\t\t\t\t\t<p>Nat\u00fcrlich geht der Reiz von Peschiera del Garda weit \u00fcber seine charmanten Stra\u00dfen hinaus. Das klare blaue Wasser des Gardasees ist <strong>weltber\u00fchmt f\u00fcr Fans von Wassersportaktivit\u00e4ten, Spazierg\u00e4ngen am Seeufer oder entspannenden Sonnenb\u00e4dern<\/strong>. Die umliegenden Berge, darunter der nahe gelegene Monte Baldo, bieten eine atemberaubende Kulisse und sind ein beliebtes Ziel f\u00fcr Wanderfreunde. Wenn Sie selbst kein Wanderer sind, machen Sie sich keine Sorgen! Sie k\u00f6nnen die atemberaubende Aussicht auch bei einer bequemen Fahrt mit der Seilbahn auf den Monte Baldo genie\u00dfen.<\/p>\t\t\t\t\t\t\t\t<\/div>\n\t\t\t\t<\/div>\n\t\t\t\t\t<\/div>\n\t\t<\/div>\n\t\t\t\t\t<\/div>\n\t\t<\/section>\n\t\t\t\t<section class=\"elementor-section elementor-top-section elementor-element elementor-element-6c91524 elementor-section-boxed elementor-section-height-default elementor-section-height-default\" data-id=\"6c91524\" data-element_type=\"section\" data-e-type=\"section\">\n\t\t\t\t\t\t<div class=\"elementor-container elementor-column-gap-default\">\n\t\t\t\t\t<div class=\"elementor-column elementor-col-100 elementor-top-column elementor-element elementor-element-68badfb\" data-id=\"68badfb\" data-element_type=\"column\" data-e-type=\"column\">\n\t\t\t<div class=\"elementor-widget-wrap elementor-element-populated\">\n\t\t\t\t\t\t<div class=\"elementor-element elementor-element-56409aa elementor-widget elementor-widget-heading\" data-id=\"56409aa\" data-element_type=\"widget\" data-e-type=\"widget\" data-widget_type=\"heading.default\">\n\t\t\t\t<div class=\"elementor-widget-container\">\n\t\t\t\t\t<h2 class=\"elementor-heading-title elementor-size-default\">Speisem\u00f6glichkeiten in Peschiera del Garda\n<\/h2>\t\t\t\t<\/div>\n\t\t\t\t<\/div>\n\t\t\t\t<div class=\"elementor-element elementor-element-e5ab35b elementor-widget elementor-widget-text-editor\" data-id=\"e5ab35b\" data-element_type=\"widget\" data-e-type=\"widget\" data-widget_type=\"text-editor.default\">\n\t\t\t\t<div class=\"elementor-widget-container\">\n\t\t\t\t\t\t\t\t\t<p>Nach einem langen Tag voller Entdeckungen und Entspannung ist es Zeit f\u00fcr eine St\u00e4rkung! <strong>In den beliebten Trattorien am See k\u00f6nnen Sie frische Meeresfr\u00fcchte mit Blick auf das Wasser genie\u00dfen<\/strong>. Neben ihrer maritimen K\u00fcche ist die Stadt auch <strong>f\u00fcr den Lugana-Wein bekannt<\/strong>. Dieser spritzige Wei\u00dfwein wird in den lokalen Weinbergen hergestellt. Wo k\u00f6nnte man also besser ein k\u00fchles Glas genie\u00dfen als hier in Peschiera am Gardasee? Wenn Sie dann noch die Oliven\u00f6le und die traditionellen Gerichte der Region probieren, haben Sie ein kulinarisches Erlebnis vor sich.<\/p>\t\t\t\t\t\t\t\t<\/div>\n\t\t\t\t<\/div>\n\t\t\t\t\t<\/div>\n\t\t<\/div>\n\t\t\t\t\t<\/div>\n\t\t<\/section>\n\t\t\t\t<section class=\"elementor-section elementor-top-section elementor-element elementor-element-b8c16ff elementor-section-boxed elementor-section-height-default elementor-section-height-default\" data-id=\"b8c16ff\" data-element_type=\"section\" data-e-type=\"section\">\n\t\t\t\t\t\t<div class=\"elementor-container elementor-column-gap-default\">\n\t\t\t\t\t<div class=\"elementor-column elementor-col-100 elementor-top-column elementor-element elementor-element-fcb080b\" data-id=\"fcb080b\" data-element_type=\"column\" data-e-type=\"column\">\n\t\t\t<div class=\"elementor-widget-wrap elementor-element-populated\">\n\t\t\t\t\t\t<div class=\"elementor-element elementor-element-16641dc elementor-widget elementor-widget-image\" data-id=\"16641dc\" data-element_type=\"widget\" data-e-type=\"widget\" data-widget_type=\"image.default\">\n\t\t\t\t<div class=\"elementor-widget-container\">\n\t\t\t\t\t\t\t\t\t\t\t\t\t\t\t<img decoding=\"async\" width=\"1920\" height=\"650\" src=\"https:\/\/www.domusrental.com\/blog\/wp-content\/uploads\/2024\/01\/Restaurant-Peschiera-del-garda.jpg\" class=\"attachment-full size-full wp-image-1462\" alt=\"Restaurant-Peschiera-del-garda\" srcset=\"https:\/\/www.domusrental.com\/blog\/wp-content\/uploads\/2024\/01\/Restaurant-Peschiera-del-garda.jpg 1920w, https:\/\/www.domusrental.com\/blog\/wp-content\/uploads\/2024\/01\/Restaurant-Peschiera-del-garda-768x260.jpg 768w, https:\/\/www.domusrental.com\/blog\/wp-content\/uploads\/2024\/01\/Restaurant-Peschiera-del-garda-1536x520.jpg 1536w\" sizes=\"(max-width: 1920px) 100vw, 1920px\" \/>\t\t\t\t\t\t\t\t\t\t\t\t\t\t\t<\/div>\n\t\t\t\t<\/div>\n\t\t\t\t\t<\/div>\n\t\t<\/div>\n\t\t\t\t\t<\/div>\n\t\t<\/section>\n\t\t\t\t<section class=\"elementor-section elementor-top-section elementor-element elementor-element-5bd5395 elementor-section-boxed elementor-section-height-default elementor-section-height-default\" data-id=\"5bd5395\" data-element_type=\"section\" data-e-type=\"section\">\n\t\t\t\t\t\t<div class=\"elementor-container elementor-column-gap-default\">\n\t\t\t\t\t<div class=\"elementor-column elementor-col-100 elementor-top-column elementor-element elementor-element-d4d2fb3\" data-id=\"d4d2fb3\" data-element_type=\"column\" data-e-type=\"column\">\n\t\t\t<div class=\"elementor-widget-wrap elementor-element-populated\">\n\t\t\t\t\t\t<div class=\"elementor-element elementor-element-83d5fe1 elementor-widget elementor-widget-heading\" data-id=\"83d5fe1\" data-element_type=\"widget\" data-e-type=\"widget\" data-widget_type=\"heading.default\">\n\t\t\t\t<div class=\"elementor-widget-container\">\n\t\t\t\t\t<h2 class=\"elementor-heading-title elementor-size-default\">Aktivit\u00e4ten f\u00fcr alle finden\n<\/h2>\t\t\t\t<\/div>\n\t\t\t\t<\/div>\n\t\t\t\t<div class=\"elementor-element elementor-element-e7a6b16 elementor-widget elementor-widget-text-editor\" data-id=\"e7a6b16\" data-element_type=\"widget\" data-e-type=\"widget\" data-widget_type=\"text-editor.default\">\n\t\t\t\t<div class=\"elementor-widget-container\">\n\t\t\t\t\t\t\t\t\t<p>Nat\u00fcrlich sind Essen und Wandern nicht die einzigen Aktivit\u00e4ten, die auf Sie warten. Vor allem <strong>Wassersportler<\/strong> zieht es in die Gegend, denn der ber\u00fchmte See hat viel zu bieten. <strong>F\u00fcr Familien <\/strong>sind Freizeitparks wie Gardaland der perfekte Ort, um einen erlebnisreichen Tag zu verbringen. Das Sahneh\u00e4ubchen sind die <strong>erstklassigen Golfpl\u00e4tze<\/strong> mit ihren sanften gr\u00fcnen H\u00fcgeln und der exklusiven Atmosph\u00e4re.<\/p><p>Nicht zuletzt ist Gardasee Peschiera der ideale Standort f\u00fcr die Erkundung der umliegenden Landschaft und St\u00e4dte. So sind beispielsweise <strong>Verona und Venedig nur eine Auto- oder Zugfahrt entfern<\/strong>t. Ein weiterer beliebter Ausflug ist eine Tour von Peschiera del Garda nach Sirmione, einer h\u00fcbschen kleinen Stadt direkt an der Spitze einer Halbinsel am Gardasee. All diese M\u00f6glichkeiten erweitern das Spektrum an Aktivit\u00e4ten und machen den Ort zu einem idealen Ziel f\u00fcr (neue) Einwohner, die ein vielseitiges Erlebnis suchen.<\/p>\t\t\t\t\t\t\t\t<\/div>\n\t\t\t\t<\/div>\n\t\t\t\t\t<\/div>\n\t\t<\/div>\n\t\t\t\t\t<\/div>\n\t\t<\/section>\n\t\t\t\t<section class=\"elementor-section elementor-top-section elementor-element elementor-element-4bef6ac elementor-section-boxed elementor-section-height-default elementor-section-height-default\" data-id=\"4bef6ac\" data-element_type=\"section\" data-e-type=\"section\">\n\t\t\t\t\t\t<div class=\"elementor-container elementor-column-gap-default\">\n\t\t\t\t\t<div class=\"elementor-column elementor-col-100 elementor-top-column elementor-element elementor-element-539a99a\" data-id=\"539a99a\" data-element_type=\"column\" data-e-type=\"column\">\n\t\t\t<div class=\"elementor-widget-wrap elementor-element-populated\">\n\t\t\t\t\t\t<div class=\"elementor-element elementor-element-8ca9c32 elementor-widget elementor-widget-heading\" data-id=\"8ca9c32\" data-element_type=\"widget\" data-e-type=\"widget\" data-widget_type=\"heading.default\">\n\t\t\t\t<div class=\"elementor-widget-container\">\n\t\t\t\t\t<h2 class=\"elementor-heading-title elementor-size-default\">Besuchen Sie die bezaubernde Stadt Peschiera del Garda\n<\/h2>\t\t\t\t<\/div>\n\t\t\t\t<\/div>\n\t\t\t\t<div class=\"elementor-element elementor-element-d5335e1 elementor-widget elementor-widget-text-editor\" data-id=\"d5335e1\" data-element_type=\"widget\" data-e-type=\"widget\" data-widget_type=\"text-editor.default\">\n\t\t\t\t<div class=\"elementor-widget-container\">\n\t\t\t\t\t\t\t\t\t<p>Wenn Sie heute die Stra\u00dfen und Sehensw\u00fcrdigkeiten von Peschiera del Garda erkunden, erleben Sie nicht nur eine Stadt, in der die Zeit stehengeblieben ist. Sie entdecken einen historischen Ort, der seine Vergangenheit nahtlos mit der Gegenwart verwoben hat. Hier beschr\u00e4nkt sich die Geschichte nicht nur auf Museen. Sie ist ein fester Bestandteil des Alltags \u2013 und auch Sie k\u00f6nnen ein Teil davon sein!<\/p><p>Wenn Sie Peschiera del Garda als Zweitwohnsitz in Betracht ziehen, ist Domus Management Ihr zuverl\u00e4ssiger Partner f\u00fcr Immobiliendienstleistungen. Unser Ziel ist es, eine sorgf\u00e4ltige Hauswartung, einen herzlichen G\u00e4steempfang und eine effiziente Mietverwaltung sicherzustellen. Mit unserem Fachwissen wird Peschiera del Garda zum perfekten Ziel f\u00fcr Ihren italienischen R\u00fcckzugsort. Entdecken Sie die M\u00f6glichkeiten Ihres neuen Feriendomizils, es ist Zeit f\u00fcr Ihr italienisches Abenteuer!<\/p>\t\t\t\t\t\t\t\t<\/div>\n\t\t\t\t<\/div>\n\t\t\t\t\t<\/div>\n\t\t<\/div>\n\t\t\t\t\t<\/div>\n\t\t<\/section>\n\t\t\t\t<section class=\"elementor-section elementor-top-section elementor-element elementor-element-24c7cd1b elementor-section-boxed elementor-section-height-default elementor-section-height-default\" data-id=\"24c7cd1b\" data-element_type=\"section\" data-e-type=\"section\">\n\t\t\t\t\t\t<div class=\"elementor-container elementor-column-gap-default\">\n\t\t\t\t\t<div class=\"elementor-column elementor-col-33 elementor-top-column elementor-element elementor-element-2d97a234\" data-id=\"2d97a234\" data-element_type=\"column\" data-e-type=\"column\">\n\t\t\t<div class=\"elementor-widget-wrap elementor-element-populated\">\n\t\t\t\t\t\t<div class=\"elementor-element elementor-element-1e5604bc elementor-align-center elementor-widget elementor-widget-button\" data-id=\"1e5604bc\" data-element_type=\"widget\" data-e-type=\"widget\" data-widget_type=\"button.default\">\n\t\t\t\t<div class=\"elementor-widget-container\">\n\t\t\t\t\t\t\t\t\t<div class=\"elementor-button-wrapper\">\n\t\t\t\t\t<a class=\"elementor-button elementor-button-link elementor-size-md\" href=\"https:\/\/www.domusrental.com\/de\/vermietung\/vermietungen-torri-del-benaco-d66838\/\">\n\t\t\t\t\t\t<span class=\"elementor-button-content-wrapper\">\n\t\t\t\t\t\t\t\t\t<span class=\"elementor-button-text\">Torri Del Benaco<\/span>\n\t\t\t\t\t<\/span>\n\t\t\t\t\t<\/a>\n\t\t\t\t<\/div>\n\t\t\t\t\t\t\t\t<\/div>\n\t\t\t\t<\/div>\n\t\t\t\t\t<\/div>\n\t\t<\/div>\n\t\t\t\t<div class=\"elementor-column elementor-col-33 elementor-top-column elementor-element elementor-element-3f375f40\" data-id=\"3f375f40\" data-element_type=\"column\" data-e-type=\"column\">\n\t\t\t<div class=\"elementor-widget-wrap elementor-element-populated\">\n\t\t\t\t\t\t<div class=\"elementor-element elementor-element-15ce8f27 elementor-align-center elementor-widget elementor-widget-button\" data-id=\"15ce8f27\" data-element_type=\"widget\" data-e-type=\"widget\" data-widget_type=\"button.default\">\n\t\t\t\t<div class=\"elementor-widget-container\">\n\t\t\t\t\t\t\t\t\t<div class=\"elementor-button-wrapper\">\n\t\t\t\t\t<a class=\"elementor-button elementor-button-link elementor-size-md\" href=\"https:\/\/www.domusrental.com\/de\/vermietung\/vermietungen-bardolino-d66641\/ansicht-liste\/\">\n\t\t\t\t\t\t<span class=\"elementor-button-content-wrapper\">\n\t\t\t\t\t\t\t\t\t<span class=\"elementor-button-text\">Bardolino<\/span>\n\t\t\t\t\t<\/span>\n\t\t\t\t\t<\/a>\n\t\t\t\t<\/div>\n\t\t\t\t\t\t\t\t<\/div>\n\t\t\t\t<\/div>\n\t\t\t\t\t<\/div>\n\t\t<\/div>\n\t\t\t\t<div class=\"elementor-column elementor-col-33 elementor-top-column elementor-element elementor-element-7ffa713b\" data-id=\"7ffa713b\" data-element_type=\"column\" data-e-type=\"column\">\n\t\t\t<div class=\"elementor-widget-wrap elementor-element-populated\">\n\t\t\t\t\t\t<div class=\"elementor-element elementor-element-1269ee2 elementor-align-center elementor-widget elementor-widget-button\" data-id=\"1269ee2\" data-element_type=\"widget\" data-e-type=\"widget\" data-widget_type=\"button.default\">\n\t\t\t\t<div class=\"elementor-widget-container\">\n\t\t\t\t\t\t\t\t\t<div class=\"elementor-button-wrapper\">\n\t\t\t\t\t<a class=\"elementor-button elementor-button-link elementor-size-md\" href=\"https:\/\/www.domusrental.com\/rentals\/rentals-costermano-d66701\/\">\n\t\t\t\t\t\t<span class=\"elementor-button-content-wrapper\">\n\t\t\t\t\t\t\t\t\t<span class=\"elementor-button-text\">Costermano<\/span>\n\t\t\t\t\t<\/span>\n\t\t\t\t\t<\/a>\n\t\t\t\t<\/div>\n\t\t\t\t\t\t\t\t<\/div>\n\t\t\t\t<\/div>\n\t\t\t\t\t<\/div>\n\t\t<\/div>\n\t\t\t\t\t<\/div>\n\t\t<\/section>\n\t\t\t\t<\/div>\n\t\t","protected":false},"excerpt":{"rendered":"<p>Direkt am Ufer des Gardasees gelegen, verspricht Peschiera del Garda jedem Besucher einen idyllischen Kurzurlaub. Von der reichen Geschichte und Kultur bis hin zur atemberaubenden Naturlandschaft und der k\u00f6stlichen lokalen K\u00fcche &#8211; entdecken Sie, warum sich dieser Ort als perfekter R\u00fcckzugsort anbietet. In diesem Artikel erfahren Sie, warum diese italienische Stadt nicht nur das perfekte [&hellip;]<\/p>\n","protected":false},"author":2,"featured_media":1468,"comment_status":"open","ping_status":"closed","sticky":false,"template":"","format":"standard","meta":{"footnotes":""},"categories":[63],"tags":[],"class_list":["post-1506","post","type-post","status-publish","format-standard","has-post-thumbnail","hentry","category-citta-lago-di-garda"],"yoast_head":"<!-- This site is optimized with the Yoast SEO plugin v27.4 - https:\/\/yoast.com\/product\/yoast-seo-wordpress\/ -->\n<title>Peschiera del Garda - Blog | Domus Rental<\/title>\n<meta name=\"description\" content=\"Entdecken Sie Peschiera del Garda! Idyllische Ufer, historische Sch\u00f6nheit. Planen Sie jetzt Ihren Traumurlaub am Gardasee!\" \/>\n<meta name=\"robots\" content=\"index, follow, max-snippet:-1, max-image-preview:large, max-video-preview:-1\" \/>\n<link rel=\"canonical\" href=\"https:\/\/www.domusrental.com\/blog\/peschiera-del-garda\/\" \/>\n<meta property=\"og:locale\" content=\"de_DE\" \/>\n<meta property=\"og:type\" content=\"article\" \/>\n<meta property=\"og:title\" content=\"Peschiera del Garda - Blog | Domus Rental\" \/>\n<meta property=\"og:description\" content=\"Entdecken Sie Peschiera del Garda! Idyllische Ufer, historische Sch\u00f6nheit. Planen Sie jetzt Ihren Traumurlaub am Gardasee!\" \/>\n<meta property=\"og:url\" content=\"https:\/\/www.domusrental.com\/blog\/peschiera-del-garda\/\" \/>\n<meta property=\"og:site_name\" content=\"Blog | Domus Rental\" \/>\n<meta property=\"article:publisher\" content=\"https:\/\/www.facebook.com\/domusrental\" \/>\n<meta property=\"article:published_time\" content=\"2024-01-04T09:09:15+00:00\" \/>\n<meta property=\"article:modified_time\" content=\"2025-01-21T15:41:19+00:00\" \/>\n<meta property=\"og:image\" content=\"https:\/\/www.domusrental.com\/blog\/wp-content\/uploads\/2024\/01\/lake-garda-peschiera-del-garda.jpg\" \/>\n\t<meta property=\"og:image:width\" content=\"1920\" \/>\n\t<meta property=\"og:image:height\" content=\"650\" \/>\n\t<meta property=\"og:image:type\" content=\"image\/jpeg\" \/>\n<meta name=\"author\" content=\"digitalservices\" \/>\n<meta name=\"twitter:card\" content=\"summary_large_image\" \/>\n<meta name=\"twitter:creator\" content=\"@DomusRental\" \/>\n<meta name=\"twitter:site\" content=\"@DomusRental\" \/>\n<meta name=\"twitter:label1\" content=\"Verfasst von\" \/>\n\t<meta name=\"twitter:data1\" content=\"digitalservices\" \/>\n\t<meta name=\"twitter:label2\" content=\"Gesch\u00e4tzte Lesezeit\" \/>\n\t<meta name=\"twitter:data2\" content=\"6\u00a0Minuten\" \/>\n<script type=\"application\/ld+json\" class=\"yoast-schema-graph\">{\"@context\":\"https:\\\/\\\/schema.org\",\"@graph\":[{\"@type\":\"Article\",\"@id\":\"https:\\\/\\\/www.domusrental.com\\\/blog\\\/peschiera-del-garda\\\/#article\",\"isPartOf\":{\"@id\":\"https:\\\/\\\/www.domusrental.com\\\/blog\\\/peschiera-del-garda\\\/\"},\"author\":{\"name\":\"digitalservices\",\"@id\":\"https:\\\/\\\/www.domusrental.com\\\/blog\\\/#\\\/schema\\\/person\\\/4704eef53d63fc41b94477baca3572f8\"},\"headline\":\"Warum Peschiera del Garda an der Spitze der St\u00e4dte am Gardasee steht\",\"datePublished\":\"2024-01-04T09:09:15+00:00\",\"dateModified\":\"2025-01-21T15:41:19+00:00\",\"mainEntityOfPage\":{\"@id\":\"https:\\\/\\\/www.domusrental.com\\\/blog\\\/peschiera-del-garda\\\/\"},\"wordCount\":911,\"commentCount\":0,\"publisher\":{\"@id\":\"https:\\\/\\\/www.domusrental.com\\\/blog\\\/#organization\"},\"image\":{\"@id\":\"https:\\\/\\\/www.domusrental.com\\\/blog\\\/peschiera-del-garda\\\/#primaryimage\"},\"thumbnailUrl\":\"https:\\\/\\\/www.domusrental.com\\\/blog\\\/wp-content\\\/uploads\\\/2024\\\/01\\\/lake-garda-peschiera-del-garda.jpg\",\"articleSection\":[\"Citt\u00e0\"],\"inLanguage\":\"de\",\"potentialAction\":[{\"@type\":\"CommentAction\",\"name\":\"Comment\",\"target\":[\"https:\\\/\\\/www.domusrental.com\\\/blog\\\/peschiera-del-garda\\\/#respond\"]}]},{\"@type\":\"WebPage\",\"@id\":\"https:\\\/\\\/www.domusrental.com\\\/blog\\\/peschiera-del-garda\\\/\",\"url\":\"https:\\\/\\\/www.domusrental.com\\\/blog\\\/peschiera-del-garda\\\/\",\"name\":\"Peschiera del Garda - Blog | Domus Rental\",\"isPartOf\":{\"@id\":\"https:\\\/\\\/www.domusrental.com\\\/blog\\\/#website\"},\"primaryImageOfPage\":{\"@id\":\"https:\\\/\\\/www.domusrental.com\\\/blog\\\/peschiera-del-garda\\\/#primaryimage\"},\"image\":{\"@id\":\"https:\\\/\\\/www.domusrental.com\\\/blog\\\/peschiera-del-garda\\\/#primaryimage\"},\"thumbnailUrl\":\"https:\\\/\\\/www.domusrental.com\\\/blog\\\/wp-content\\\/uploads\\\/2024\\\/01\\\/lake-garda-peschiera-del-garda.jpg\",\"datePublished\":\"2024-01-04T09:09:15+00:00\",\"dateModified\":\"2025-01-21T15:41:19+00:00\",\"description\":\"Entdecken Sie Peschiera del Garda! Idyllische Ufer, historische Sch\u00f6nheit. Planen Sie jetzt Ihren Traumurlaub am Gardasee!\",\"breadcrumb\":{\"@id\":\"https:\\\/\\\/www.domusrental.com\\\/blog\\\/peschiera-del-garda\\\/#breadcrumb\"},\"inLanguage\":\"de\",\"potentialAction\":[{\"@type\":\"ReadAction\",\"target\":[\"https:\\\/\\\/www.domusrental.com\\\/blog\\\/peschiera-del-garda\\\/\"]}]},{\"@type\":\"ImageObject\",\"inLanguage\":\"de\",\"@id\":\"https:\\\/\\\/www.domusrental.com\\\/blog\\\/peschiera-del-garda\\\/#primaryimage\",\"url\":\"https:\\\/\\\/www.domusrental.com\\\/blog\\\/wp-content\\\/uploads\\\/2024\\\/01\\\/lake-garda-peschiera-del-garda.jpg\",\"contentUrl\":\"https:\\\/\\\/www.domusrental.com\\\/blog\\\/wp-content\\\/uploads\\\/2024\\\/01\\\/lake-garda-peschiera-del-garda.jpg\",\"width\":1920,\"height\":650,\"caption\":\"lake-garda-peschiera-del-garda\"},{\"@type\":\"BreadcrumbList\",\"@id\":\"https:\\\/\\\/www.domusrental.com\\\/blog\\\/peschiera-del-garda\\\/#breadcrumb\",\"itemListElement\":[{\"@type\":\"ListItem\",\"position\":1,\"name\":\"Home\",\"item\":\"https:\\\/\\\/www.domusrental.com\\\/blog\\\/de\\\/\"},{\"@type\":\"ListItem\",\"position\":2,\"name\":\"Warum Peschiera del Garda an der Spitze der St\u00e4dte am Gardasee steht\"}]},{\"@type\":\"WebSite\",\"@id\":\"https:\\\/\\\/www.domusrental.com\\\/blog\\\/#website\",\"url\":\"https:\\\/\\\/www.domusrental.com\\\/blog\\\/\",\"name\":\"Domus Rental\",\"description\":\"\",\"publisher\":{\"@id\":\"https:\\\/\\\/www.domusrental.com\\\/blog\\\/#organization\"},\"potentialAction\":[{\"@type\":\"SearchAction\",\"target\":{\"@type\":\"EntryPoint\",\"urlTemplate\":\"https:\\\/\\\/www.domusrental.com\\\/blog\\\/?s={search_term_string}\"},\"query-input\":{\"@type\":\"PropertyValueSpecification\",\"valueRequired\":true,\"valueName\":\"search_term_string\"}}],\"inLanguage\":\"de\"},{\"@type\":\"Organization\",\"@id\":\"https:\\\/\\\/www.domusrental.com\\\/blog\\\/#organization\",\"name\":\"Blog | Domus Rental\",\"url\":\"https:\\\/\\\/www.domusrental.com\\\/blog\\\/\",\"logo\":{\"@type\":\"ImageObject\",\"inLanguage\":\"de\",\"@id\":\"https:\\\/\\\/www.domusrental.com\\\/blog\\\/#\\\/schema\\\/logo\\\/image\\\/\",\"url\":\"https:\\\/\\\/www.domusrental.com\\\/blog\\\/wp-content\\\/uploads\\\/2024\\\/04\\\/favicon.png\",\"contentUrl\":\"https:\\\/\\\/www.domusrental.com\\\/blog\\\/wp-content\\\/uploads\\\/2024\\\/04\\\/favicon.png\",\"width\":298,\"height\":298,\"caption\":\"Blog | Domus Rental\"},\"image\":{\"@id\":\"https:\\\/\\\/www.domusrental.com\\\/blog\\\/#\\\/schema\\\/logo\\\/image\\\/\"},\"sameAs\":[\"https:\\\/\\\/www.facebook.com\\\/domusrental\",\"https:\\\/\\\/x.com\\\/DomusRental\"]},{\"@type\":\"Person\",\"@id\":\"https:\\\/\\\/www.domusrental.com\\\/blog\\\/#\\\/schema\\\/person\\\/4704eef53d63fc41b94477baca3572f8\",\"name\":\"digitalservices\",\"image\":{\"@type\":\"ImageObject\",\"inLanguage\":\"de\",\"@id\":\"https:\\\/\\\/secure.gravatar.com\\\/avatar\\\/af30f88a1904294c1f3eb09a9d7903eec4ffa18fa2cf40c28a8681014ecdfc20?s=96&d=mm&r=g\",\"url\":\"https:\\\/\\\/secure.gravatar.com\\\/avatar\\\/af30f88a1904294c1f3eb09a9d7903eec4ffa18fa2cf40c28a8681014ecdfc20?s=96&d=mm&r=g\",\"contentUrl\":\"https:\\\/\\\/secure.gravatar.com\\\/avatar\\\/af30f88a1904294c1f3eb09a9d7903eec4ffa18fa2cf40c28a8681014ecdfc20?s=96&d=mm&r=g\",\"caption\":\"digitalservices\"},\"url\":\"https:\\\/\\\/www.domusrental.com\\\/blog\\\/de\\\/author\\\/digitalservices\\\/\"}]}<\/script>\n<!-- \/ Yoast SEO plugin. -->","yoast_head_json":{"title":"Peschiera del Garda - Blog | Domus Rental","description":"Entdecken Sie Peschiera del Garda! Idyllische Ufer, historische Sch\u00f6nheit. Planen Sie jetzt Ihren Traumurlaub am Gardasee!","robots":{"index":"index","follow":"follow","max-snippet":"max-snippet:-1","max-image-preview":"max-image-preview:large","max-video-preview":"max-video-preview:-1"},"canonical":"https:\/\/www.domusrental.com\/blog\/peschiera-del-garda\/","og_locale":"de_DE","og_type":"article","og_title":"Peschiera del Garda - Blog | Domus Rental","og_description":"Entdecken Sie Peschiera del Garda! Idyllische Ufer, historische Sch\u00f6nheit. Planen Sie jetzt Ihren Traumurlaub am Gardasee!","og_url":"https:\/\/www.domusrental.com\/blog\/peschiera-del-garda\/","og_site_name":"Blog | Domus Rental","article_publisher":"https:\/\/www.facebook.com\/domusrental","article_published_time":"2024-01-04T09:09:15+00:00","article_modified_time":"2025-01-21T15:41:19+00:00","og_image":[{"width":1920,"height":650,"url":"https:\/\/www.domusrental.com\/blog\/wp-content\/uploads\/2024\/01\/lake-garda-peschiera-del-garda.jpg","type":"image\/jpeg"}],"author":"digitalservices","twitter_card":"summary_large_image","twitter_creator":"@DomusRental","twitter_site":"@DomusRental","twitter_misc":{"Verfasst von":"digitalservices","Gesch\u00e4tzte Lesezeit":"6\u00a0Minuten"},"schema":{"@context":"https:\/\/schema.org","@graph":[{"@type":"Article","@id":"https:\/\/www.domusrental.com\/blog\/peschiera-del-garda\/#article","isPartOf":{"@id":"https:\/\/www.domusrental.com\/blog\/peschiera-del-garda\/"},"author":{"name":"digitalservices","@id":"https:\/\/www.domusrental.com\/blog\/#\/schema\/person\/4704eef53d63fc41b94477baca3572f8"},"headline":"Warum Peschiera del Garda an der Spitze der St\u00e4dte am Gardasee steht","datePublished":"2024-01-04T09:09:15+00:00","dateModified":"2025-01-21T15:41:19+00:00","mainEntityOfPage":{"@id":"https:\/\/www.domusrental.com\/blog\/peschiera-del-garda\/"},"wordCount":911,"commentCount":0,"publisher":{"@id":"https:\/\/www.domusrental.com\/blog\/#organization"},"image":{"@id":"https:\/\/www.domusrental.com\/blog\/peschiera-del-garda\/#primaryimage"},"thumbnailUrl":"https:\/\/www.domusrental.com\/blog\/wp-content\/uploads\/2024\/01\/lake-garda-peschiera-del-garda.jpg","articleSection":["Citt\u00e0"],"inLanguage":"de","potentialAction":[{"@type":"CommentAction","name":"Comment","target":["https:\/\/www.domusrental.com\/blog\/peschiera-del-garda\/#respond"]}]},{"@type":"WebPage","@id":"https:\/\/www.domusrental.com\/blog\/peschiera-del-garda\/","url":"https:\/\/www.domusrental.com\/blog\/peschiera-del-garda\/","name":"Peschiera del Garda - Blog | Domus Rental","isPartOf":{"@id":"https:\/\/www.domusrental.com\/blog\/#website"},"primaryImageOfPage":{"@id":"https:\/\/www.domusrental.com\/blog\/peschiera-del-garda\/#primaryimage"},"image":{"@id":"https:\/\/www.domusrental.com\/blog\/peschiera-del-garda\/#primaryimage"},"thumbnailUrl":"https:\/\/www.domusrental.com\/blog\/wp-content\/uploads\/2024\/01\/lake-garda-peschiera-del-garda.jpg","datePublished":"2024-01-04T09:09:15+00:00","dateModified":"2025-01-21T15:41:19+00:00","description":"Entdecken Sie Peschiera del Garda! Idyllische Ufer, historische Sch\u00f6nheit. Planen Sie jetzt Ihren Traumurlaub am Gardasee!","breadcrumb":{"@id":"https:\/\/www.domusrental.com\/blog\/peschiera-del-garda\/#breadcrumb"},"inLanguage":"de","potentialAction":[{"@type":"ReadAction","target":["https:\/\/www.domusrental.com\/blog\/peschiera-del-garda\/"]}]},{"@type":"ImageObject","inLanguage":"de","@id":"https:\/\/www.domusrental.com\/blog\/peschiera-del-garda\/#primaryimage","url":"https:\/\/www.domusrental.com\/blog\/wp-content\/uploads\/2024\/01\/lake-garda-peschiera-del-garda.jpg","contentUrl":"https:\/\/www.domusrental.com\/blog\/wp-content\/uploads\/2024\/01\/lake-garda-peschiera-del-garda.jpg","width":1920,"height":650,"caption":"lake-garda-peschiera-del-garda"},{"@type":"BreadcrumbList","@id":"https:\/\/www.domusrental.com\/blog\/peschiera-del-garda\/#breadcrumb","itemListElement":[{"@type":"ListItem","position":1,"name":"Home","item":"https:\/\/www.domusrental.com\/blog\/de\/"},{"@type":"ListItem","position":2,"name":"Warum Peschiera del Garda an der Spitze der St\u00e4dte am Gardasee steht"}]},{"@type":"WebSite","@id":"https:\/\/www.domusrental.com\/blog\/#website","url":"https:\/\/www.domusrental.com\/blog\/","name":"Domus Rental","description":"","publisher":{"@id":"https:\/\/www.domusrental.com\/blog\/#organization"},"potentialAction":[{"@type":"SearchAction","target":{"@type":"EntryPoint","urlTemplate":"https:\/\/www.domusrental.com\/blog\/?s={search_term_string}"},"query-input":{"@type":"PropertyValueSpecification","valueRequired":true,"valueName":"search_term_string"}}],"inLanguage":"de"},{"@type":"Organization","@id":"https:\/\/www.domusrental.com\/blog\/#organization","name":"Blog | Domus Rental","url":"https:\/\/www.domusrental.com\/blog\/","logo":{"@type":"ImageObject","inLanguage":"de","@id":"https:\/\/www.domusrental.com\/blog\/#\/schema\/logo\/image\/","url":"https:\/\/www.domusrental.com\/blog\/wp-content\/uploads\/2024\/04\/favicon.png","contentUrl":"https:\/\/www.domusrental.com\/blog\/wp-content\/uploads\/2024\/04\/favicon.png","width":298,"height":298,"caption":"Blog | Domus Rental"},"image":{"@id":"https:\/\/www.domusrental.com\/blog\/#\/schema\/logo\/image\/"},"sameAs":["https:\/\/www.facebook.com\/domusrental","https:\/\/x.com\/DomusRental"]},{"@type":"Person","@id":"https:\/\/www.domusrental.com\/blog\/#\/schema\/person\/4704eef53d63fc41b94477baca3572f8","name":"digitalservices","image":{"@type":"ImageObject","inLanguage":"de","@id":"https:\/\/secure.gravatar.com\/avatar\/af30f88a1904294c1f3eb09a9d7903eec4ffa18fa2cf40c28a8681014ecdfc20?s=96&d=mm&r=g","url":"https:\/\/secure.gravatar.com\/avatar\/af30f88a1904294c1f3eb09a9d7903eec4ffa18fa2cf40c28a8681014ecdfc20?s=96&d=mm&r=g","contentUrl":"https:\/\/secure.gravatar.com\/avatar\/af30f88a1904294c1f3eb09a9d7903eec4ffa18fa2cf40c28a8681014ecdfc20?s=96&d=mm&r=g","caption":"digitalservices"},"url":"https:\/\/www.domusrental.com\/blog\/de\/author\/digitalservices\/"}]}},"_links":{"self":[{"href":"https:\/\/www.domusrental.com\/blog\/de\/wp-json\/wp\/v2\/posts\/1506","targetHints":{"allow":["GET"]}}],"collection":[{"href":"https:\/\/www.domusrental.com\/blog\/de\/wp-json\/wp\/v2\/posts"}],"about":[{"href":"https:\/\/www.domusrental.com\/blog\/de\/wp-json\/wp\/v2\/types\/post"}],"author":[{"embeddable":true,"href":"https:\/\/www.domusrental.com\/blog\/de\/wp-json\/wp\/v2\/users\/2"}],"replies":[{"embeddable":true,"href":"https:\/\/www.domusrental.com\/blog\/de\/wp-json\/wp\/v2\/comments?post=1506"}],"version-history":[{"count":11,"href":"https:\/\/www.domusrental.com\/blog\/de\/wp-json\/wp\/v2\/posts\/1506\/revisions"}],"predecessor-version":[{"id":2836,"href":"https:\/\/www.domusrental.com\/blog\/de\/wp-json\/wp\/v2\/posts\/1506\/revisions\/2836"}],"wp:featuredmedia":[{"embeddable":true,"href":"https:\/\/www.domusrental.com\/blog\/de\/wp-json\/wp\/v2\/media\/1468"}],"wp:attachment":[{"href":"https:\/\/www.domusrental.com\/blog\/de\/wp-json\/wp\/v2\/media?parent=1506"}],"wp:term":[{"taxonomy":"category","embeddable":true,"href":"https:\/\/www.domusrental.com\/blog\/de\/wp-json\/wp\/v2\/categories?post=1506"},{"taxonomy":"post_tag","embeddable":true,"href":"https:\/\/www.domusrental.com\/blog\/de\/wp-json\/wp\/v2\/tags?post=1506"}],"curies":[{"name":"wp","href":"https:\/\/api.w.org\/{rel}","templated":true}]}}