{"id":169,"date":"2023-06-15T09:15:59","date_gmt":"2023-06-15T09:15:59","guid":{"rendered":"https:\/\/www.domusrental.com\/blog\/?p=169"},"modified":"2025-01-21T15:43:08","modified_gmt":"2025-01-21T15:43:08","slug":"torri-del-benaco","status":"publish","type":"post","link":"https:\/\/www.domusrental.com\/blog\/de\/torri-del-benaco\/","title":{"rendered":"Torri del Benaco \u2013 der perfekte Ort f\u00fcr diesen Sommer"},"content":{"rendered":"\t\t<div data-elementor-type=\"wp-post\" data-elementor-id=\"169\" class=\"elementor elementor-169 elementor-149\" data-elementor-post-type=\"post\">\n\t\t\t\t\t\t<section class=\"elementor-section elementor-top-section elementor-element elementor-element-1e22f730 elementor-section-boxed elementor-section-height-default elementor-section-height-default\" data-id=\"1e22f730\" data-element_type=\"section\" data-e-type=\"section\">\n\t\t\t\t\t\t<div class=\"elementor-container elementor-column-gap-default\">\n\t\t\t\t\t<div class=\"elementor-column elementor-col-100 elementor-top-column elementor-element elementor-element-66600cc4\" data-id=\"66600cc4\" data-element_type=\"column\" data-e-type=\"column\">\n\t\t\t<div class=\"elementor-widget-wrap elementor-element-populated\">\n\t\t\t\t\t\t<div class=\"elementor-element elementor-element-39f1ad6e elementor-widget elementor-widget-text-editor\" data-id=\"39f1ad6e\" data-element_type=\"widget\" data-e-type=\"widget\" data-widget_type=\"text-editor.default\">\n\t\t\t\t<div class=\"elementor-widget-container\">\n\t\t\t\t\t\t\t\t\t<p><span style=\"font-weight: 400;\">Wenn Sie auf der Suche nach einem Urlaubsziel in Italien sind, das alles bietet, dann ist <\/span><b>Torri del Benaco <\/b><span style=\"font-weight: 400;\">genau das Richtige f\u00fcr Sie. In diesem wundersch\u00f6nen Dorf k\u00f6nnen Sie das gem\u00e4chliche Leben genie\u00dfen und gleichzeitig die Geschichte und Kultur des Ortes und seiner Umgebung erkunden. F\u00fcr diejenigen, die lieber aktiv sind, bieten der <\/span><b>Gardasee <\/b><span style=\"font-weight: 400;\">und die umliegenden H\u00fcgel unz\u00e4hlige Unternehmungsm\u00f6glichkeiten, die sie bei Laune halten.<\/span><\/p>\t\t\t\t\t\t\t\t<\/div>\n\t\t\t\t<\/div>\n\t\t\t\t\t<\/div>\n\t\t<\/div>\n\t\t\t\t\t<\/div>\n\t\t<\/section>\n\t\t\t\t<section class=\"elementor-section elementor-top-section elementor-element elementor-element-5065cec4 elementor-section-boxed elementor-section-height-default elementor-section-height-default\" data-id=\"5065cec4\" data-element_type=\"section\" data-e-type=\"section\">\n\t\t\t\t\t\t<div class=\"elementor-container elementor-column-gap-default\">\n\t\t\t\t\t<div class=\"elementor-column elementor-col-100 elementor-top-column elementor-element elementor-element-55260f36\" data-id=\"55260f36\" data-element_type=\"column\" data-e-type=\"column\">\n\t\t\t<div class=\"elementor-widget-wrap elementor-element-populated\">\n\t\t\t\t\t\t<div class=\"elementor-element elementor-element-21b70262 elementor-widget elementor-widget-heading\" data-id=\"21b70262\" data-element_type=\"widget\" data-e-type=\"widget\" data-widget_type=\"heading.default\">\n\t\t\t\t<div class=\"elementor-widget-container\">\n\t\t\t\t\t<h2 class=\"elementor-heading-title elementor-size-default\">Wo befindet sich Torri del Benaco?\n<\/h2>\t\t\t\t<\/div>\n\t\t\t\t<\/div>\n\t\t\t\t<div class=\"elementor-element elementor-element-3615243 elementor-widget elementor-widget-text-editor\" data-id=\"3615243\" data-element_type=\"widget\" data-e-type=\"widget\" data-widget_type=\"text-editor.default\">\n\t\t\t\t<div class=\"elementor-widget-container\">\n\t\t\t\t\t\t\t\t\t<p><span style=\"font-weight: 400;\">Torri liegt am Ostufer eines der gr\u00f6\u00dften Seen Italiens, dem Gardasee, und geh\u00f6rt zur Region Venetien. Dank der N\u00e4he zu den St\u00e4dten Verona (40 km) und Peschiera (25 km) ist dies ein idealer Ausgangspunkt f\u00fcr Erkundungen der Region und ihrer weiteren Sehensw\u00fcrdigkeiten. Der n\u00e4chstgelegene Flughafen ist der <\/span><b>Flughafen Verona<\/b><span style=\"font-weight: 400;\">, der etwa 43 km von diesem malerischen Dorf entfernt liegt. Mit dem Auto dauert die Fahrt dorthin etwa 50 Minuten.<\/span><\/p><p><span style=\"color: var( --e-global-color-text ); font-family: var( --e-global-typography-text-font-family ), Sans-serif; background-color: transparent;\">Eine entspannte Fahrt mit der F\u00e4hre bringt Sie von Torri aus zu anderen D\u00f6rfern und St\u00e4dten am Gardasee. Somit haben Sie die M\u00f6glichkeit, viele weitere sch\u00f6ne Orte zu erkunden und noch mehr leckeres Essen zu kosten. <\/span><b style=\"color: var( --e-global-color-text ); font-family: var( --e-global-typography-text-font-family ), Sans-serif; background-color: transparent;\">Die F\u00e4hre ist das ganze Jahr \u00fcber in Betrieb. Ob Sie im Sommer oder im Winter dorthin reisen \u2013 es gibt viele Orte zu besuchen. <\/b><span style=\"color: var( --e-global-color-text ); font-family: var( --e-global-typography-text-font-family ), Sans-serif; background-color: transparent;\">Das <\/span><a style=\"font-family: var( --e-global-typography-text-font-family ), Sans-serif; font-weight: var( --e-global-typography-text-font-weight );\" href=\"https:\/\/weather-and-climate.com\/average-monthly-Rainfall-Temperature-Sunshine,torri-del-benaco-veneto-it,Italy\">milde Klima<\/a><span style=\"color: var( --e-global-color-text ); font-family: var( --e-global-typography-text-font-family ), Sans-serif; background-color: transparent;\"> macht Torri auch im Winter zu einem wunderbaren Ort f\u00fcr einen Urlaubsaufenthalt.<\/span><\/p>\t\t\t\t\t\t\t\t<\/div>\n\t\t\t\t<\/div>\n\t\t\t\t<div class=\"elementor-element elementor-element-5fe0eb8a elementor-widget elementor-widget-image\" data-id=\"5fe0eb8a\" data-element_type=\"widget\" data-e-type=\"widget\" data-widget_type=\"image.default\">\n\t\t\t\t<div class=\"elementor-widget-container\">\n\t\t\t\t\t\t\t\t\t\t\t\t\t\t\t<img fetchpriority=\"high\" decoding=\"async\" width=\"2149\" height=\"487\" src=\"https:\/\/www.domusrental.com\/blog\/wp-content\/uploads\/2023\/06\/view-torri-benaco-from-garda-lake.jpg\" class=\"attachment-full size-full wp-image-62\" alt=\"view torri benaco from garda lake\" srcset=\"https:\/\/www.domusrental.com\/blog\/wp-content\/uploads\/2023\/06\/view-torri-benaco-from-garda-lake.jpg 2149w, https:\/\/www.domusrental.com\/blog\/wp-content\/uploads\/2023\/06\/view-torri-benaco-from-garda-lake-768x174.jpg 768w, https:\/\/www.domusrental.com\/blog\/wp-content\/uploads\/2023\/06\/view-torri-benaco-from-garda-lake-1536x348.jpg 1536w, https:\/\/www.domusrental.com\/blog\/wp-content\/uploads\/2023\/06\/view-torri-benaco-from-garda-lake-2048x464.jpg 2048w\" sizes=\"(max-width: 2149px) 100vw, 2149px\" \/>\t\t\t\t\t\t\t\t\t\t\t\t\t\t\t<\/div>\n\t\t\t\t<\/div>\n\t\t\t\t\t<\/div>\n\t\t<\/div>\n\t\t\t\t\t<\/div>\n\t\t<\/section>\n\t\t\t\t<section class=\"elementor-section elementor-top-section elementor-element elementor-element-72a9021b elementor-section-boxed elementor-section-height-default elementor-section-height-default\" data-id=\"72a9021b\" data-element_type=\"section\" data-e-type=\"section\">\n\t\t\t\t\t\t<div class=\"elementor-container elementor-column-gap-default\">\n\t\t\t\t\t<div class=\"elementor-column elementor-col-100 elementor-top-column elementor-element elementor-element-7ae575c\" data-id=\"7ae575c\" data-element_type=\"column\" data-e-type=\"column\">\n\t\t\t<div class=\"elementor-widget-wrap elementor-element-populated\">\n\t\t\t\t\t\t<div class=\"elementor-element elementor-element-13134698 elementor-widget elementor-widget-heading\" data-id=\"13134698\" data-element_type=\"widget\" data-e-type=\"widget\" data-widget_type=\"heading.default\">\n\t\t\t\t<div class=\"elementor-widget-container\">\n\t\t\t\t\t<h2 class=\"elementor-heading-title elementor-size-default\">Was man in Torri del Benaco unternehmen kann\n<\/h2>\t\t\t\t<\/div>\n\t\t\t\t<\/div>\n\t\t\t\t<div class=\"elementor-element elementor-element-4dd1c24f elementor-widget elementor-widget-text-editor\" data-id=\"4dd1c24f\" data-element_type=\"widget\" data-e-type=\"widget\" data-widget_type=\"text-editor.default\">\n\t\t\t\t<div class=\"elementor-widget-container\">\n\t\t\t\t\t\t\t\t\t<p><span style=\"font-weight: 400;\">Obwohl es ein kleines Dorf mit nur etwa 3.000 Einwohnern ist, bietet es dennoch zahlreiche Unternehmungs- und Besichtigungsm\u00f6glichkeiten. Es ist ein tolles Reiseziel sowohl f\u00fcr Tagesausfl\u00fcge als auch f\u00fcr l\u00e4ngere Aufenthalte.<\/span><\/p><p><b style=\"color: var( --e-global-color-text ); font-family: var( --e-global-typography-text-font-family ), Sans-serif; background-color: transparent;\">Und es ist f\u00fcr jeden etwas dabei. <\/b><span style=\"color: var( --e-global-color-text ); font-family: var( --e-global-typography-text-font-family ), Sans-serif; background-color: transparent;\">Das sch\u00f6ne Torri ist sowohl f\u00fcr Geschichtsfans als auch Kulturbegeisterte ein idealer Ort. Feinschmecker k\u00f6nnen sich k\u00f6stliche Speisen und Weine schmecken lassen, die typisch f\u00fcr die Region Venetien sind. Auch Abenteuerlustige kommen auf ihre Kosten, sodass sich keiner ausgeschlossen f\u00fchlen wird.<\/span><\/p>\t\t\t\t\t\t\t\t<\/div>\n\t\t\t\t<\/div>\n\t\t\t\t\t<\/div>\n\t\t<\/div>\n\t\t\t\t\t<\/div>\n\t\t<\/section>\n\t\t\t\t<section class=\"elementor-section elementor-top-section elementor-element elementor-element-6725ccb8 elementor-section-boxed elementor-section-height-default elementor-section-height-default\" data-id=\"6725ccb8\" data-element_type=\"section\" data-e-type=\"section\">\n\t\t\t\t\t\t<div class=\"elementor-container elementor-column-gap-default\">\n\t\t\t\t\t<div class=\"elementor-column elementor-col-100 elementor-top-column elementor-element elementor-element-7850f2cf\" data-id=\"7850f2cf\" data-element_type=\"column\" data-e-type=\"column\">\n\t\t\t<div class=\"elementor-widget-wrap elementor-element-populated\">\n\t\t\t\t\t\t<div class=\"elementor-element elementor-element-24c0b467 elementor-widget elementor-widget-heading\" data-id=\"24c0b467\" data-element_type=\"widget\" data-e-type=\"widget\" data-widget_type=\"heading.default\">\n\t\t\t\t<div class=\"elementor-widget-container\">\n\t\t\t\t\t<h3 class=\"elementor-heading-title elementor-size-default\">Historisches Zentrum von Torri del Benaco\n<\/h3>\t\t\t\t<\/div>\n\t\t\t\t<\/div>\n\t\t\t\t<div class=\"elementor-element elementor-element-70230edf elementor-widget elementor-widget-text-editor\" data-id=\"70230edf\" data-element_type=\"widget\" data-e-type=\"widget\" data-widget_type=\"text-editor.default\">\n\t\t\t\t<div class=\"elementor-widget-container\">\n\t\t\t\t\t\t\t\t\t<p><span style=\"font-weight: 400;\">Das von mittelalterlichen Mauern und T\u00fcrmen umgebene historische Zentrum von Torri verleiht dem Ort einen mittelalterlichen Charme. <\/span><b>Die bunten H\u00e4user und die kleinen Gassen laden zu einem gem\u00fctlichen Spaziergang ein, bei dem Sie die Sch\u00f6nheit des Dorfes bewundern k\u00f6nnen.<\/b><\/p>\t\t\t\t\t\t\t\t<\/div>\n\t\t\t\t<\/div>\n\t\t\t\t\t<\/div>\n\t\t<\/div>\n\t\t\t\t\t<\/div>\n\t\t<\/section>\n\t\t\t\t<section class=\"elementor-section elementor-top-section elementor-element elementor-element-60234aec elementor-section-boxed elementor-section-height-default elementor-section-height-default\" data-id=\"60234aec\" data-element_type=\"section\" data-e-type=\"section\">\n\t\t\t\t\t\t<div class=\"elementor-container elementor-column-gap-default\">\n\t\t\t\t\t<div class=\"elementor-column elementor-col-50 elementor-top-column elementor-element elementor-element-2aa72dec\" data-id=\"2aa72dec\" data-element_type=\"column\" data-e-type=\"column\">\n\t\t\t<div class=\"elementor-widget-wrap elementor-element-populated\">\n\t\t\t\t\t\t<div class=\"elementor-element elementor-element-5086f163 elementor-widget elementor-widget-text-editor\" data-id=\"5086f163\" data-element_type=\"widget\" data-e-type=\"widget\" data-widget_type=\"text-editor.default\">\n\t\t\t\t<div class=\"elementor-widget-container\">\n\t\t\t\t\t\t\t\t\t<p><span style=\"font-weight: 400;\">Der Torre dell\u2019Orologio, oder Uhrturm, wurde gegen Ende des 13. bzw. Anfang des 14. Jahrhunderts erbaut und diente urspr\u00fcnglich als Wachturm. Im 16. Jahrhundert, als der Turm als Lager- und Treffpunkt genutzt wurde, kam die Uhr hinzu.<\/span><\/p><p><span style=\"color: var( --e-global-color-text ); font-family: var( --e-global-typography-text-font-family ), Sans-serif; background-color: transparent;\">Im historischen Zentrum befindet sich auch ein Gedenkstein f\u00fcr einen von Torris S\u00f6hnen, Domizio Calderini. Er war ein Lehrer der Geisteswissenschaften, der im 15. Jahrhundert \u00fcber Literatur und Geografie schrieb.<\/span><\/p><p><span style=\"color: var( --e-global-color-text ); font-family: var( --e-global-typography-text-font-family ), Sans-serif; background-color: transparent;\">Der historische Hafen von <\/span><b style=\"color: var( --e-global-color-text ); font-family: var( --e-global-typography-text-font-family ), Sans-serif; background-color: transparent;\">Torri del Benaco<\/b><span style=\"color: var( --e-global-color-text ); font-family: var( --e-global-typography-text-font-family ), Sans-serif; background-color: transparent;\">, einst ein wichtiges Handelszentrum, beherbergt heute zahlreiche farbenfrohe Boote. Und wenn Sie das Wasser m\u00f6gen, k\u00f6nnen Sie an einer der Seepromenaden, die hier Lungolago genannt werden, spazieren gehen. <\/span><b style=\"color: var( --e-global-color-text ); font-family: var( --e-global-typography-text-font-family ), Sans-serif; background-color: transparent;\">Genie\u00dfen Sie den Ausblick \u00fcber den Gardasee und lassen Sie sich unterwegs eventuell einen Kaffee in einer der Bars schmecken.<\/b><\/p>\t\t\t\t\t\t\t\t<\/div>\n\t\t\t\t<\/div>\n\t\t\t\t\t<\/div>\n\t\t<\/div>\n\t\t\t\t<div class=\"elementor-column elementor-col-50 elementor-top-column elementor-element elementor-element-21097642\" data-id=\"21097642\" data-element_type=\"column\" data-e-type=\"column\">\n\t\t\t<div class=\"elementor-widget-wrap elementor-element-populated\">\n\t\t\t\t\t\t<div class=\"elementor-element elementor-element-4afb9ac8 elementor-widget elementor-widget-image\" data-id=\"4afb9ac8\" data-element_type=\"widget\" data-e-type=\"widget\" data-widget_type=\"image.default\">\n\t\t\t\t<div class=\"elementor-widget-container\">\n\t\t\t\t\t\t\t\t\t\t\t\t\t\t\t<img decoding=\"async\" src=\"https:\/\/www.domusrental.com\/blog\/wp-content\/uploads\/2023\/06\/Torri-benaco-centyer-683x430.jpg\" title=\"Torri benaco centyer\" alt=\"Torri benaco centyer\" loading=\"lazy\" \/>\t\t\t\t\t\t\t\t\t\t\t\t\t\t\t<\/div>\n\t\t\t\t<\/div>\n\t\t\t\t\t<\/div>\n\t\t<\/div>\n\t\t\t\t\t<\/div>\n\t\t<\/section>\n\t\t\t\t<section class=\"elementor-section elementor-top-section elementor-element elementor-element-3bf0732f elementor-section-boxed elementor-section-height-default elementor-section-height-default\" data-id=\"3bf0732f\" data-element_type=\"section\" data-e-type=\"section\">\n\t\t\t\t\t\t<div class=\"elementor-container elementor-column-gap-default\">\n\t\t\t\t\t<div class=\"elementor-column elementor-col-100 elementor-top-column elementor-element elementor-element-4a6a2349\" data-id=\"4a6a2349\" data-element_type=\"column\" data-e-type=\"column\">\n\t\t\t<div class=\"elementor-widget-wrap elementor-element-populated\">\n\t\t\t\t\t\t<div class=\"elementor-element elementor-element-7fc9ace5 elementor-widget elementor-widget-heading\" data-id=\"7fc9ace5\" data-element_type=\"widget\" data-e-type=\"widget\" data-widget_type=\"heading.default\">\n\t\t\t\t<div class=\"elementor-widget-container\">\n\t\t\t\t\t<h3 class=\"elementor-heading-title elementor-size-default\">Scaligerburg (Castello Scaligero)\n<\/h3>\t\t\t\t<\/div>\n\t\t\t\t<\/div>\n\t\t\t\t<div class=\"elementor-element elementor-element-1f03b0e5 elementor-widget elementor-widget-text-editor\" data-id=\"1f03b0e5\" data-element_type=\"widget\" data-e-type=\"widget\" data-widget_type=\"text-editor.default\">\n\t\t\t\t<div class=\"elementor-widget-container\">\n\t\t\t\t\t\t\t\t\t<p><span style=\"font-weight: 400;\">Die imposante mittelalterliche Scaligerburg thront \u00fcber dem historischen Zentrum und ist ein Muss f\u00fcr jeden Touristen. Das Bauwerk, das heute zu sehen ist, wurde im 14. Jahrhundert auf einer fr\u00fcheren r\u00f6mischen Festung und einer Burg aus dem 10. Jahrhundert errichtet.<\/span><\/p>\t\t\t\t\t\t\t\t<\/div>\n\t\t\t\t<\/div>\n\t\t\t\t\t<\/div>\n\t\t<\/div>\n\t\t\t\t\t<\/div>\n\t\t<\/section>\n\t\t\t\t<section class=\"elementor-section elementor-top-section elementor-element elementor-element-16b6ad61 elementor-section-boxed elementor-section-height-default elementor-section-height-default\" data-id=\"16b6ad61\" data-element_type=\"section\" data-e-type=\"section\">\n\t\t\t\t\t\t<div class=\"elementor-container elementor-column-gap-default\">\n\t\t\t\t\t<div class=\"elementor-column elementor-col-50 elementor-top-column elementor-element elementor-element-1ecd6836\" data-id=\"1ecd6836\" data-element_type=\"column\" data-e-type=\"column\">\n\t\t\t<div class=\"elementor-widget-wrap elementor-element-populated\">\n\t\t\t\t\t\t<div class=\"elementor-element elementor-element-7d5d9b4e elementor-widget elementor-widget-image\" data-id=\"7d5d9b4e\" data-element_type=\"widget\" data-e-type=\"widget\" data-widget_type=\"image.default\">\n\t\t\t\t<div class=\"elementor-widget-container\">\n\t\t\t\t\t\t\t\t\t\t\t\t\t\t\t<img decoding=\"async\" width=\"723\" height=\"484\" src=\"https:\/\/www.domusrental.com\/blog\/wp-content\/uploads\/2023\/06\/Scaligero-Castle-in-torri-benaco.jpg\" class=\"attachment-large size-large wp-image-65\" alt=\"Scaligero Castle in torri benaco\" srcset=\"https:\/\/www.domusrental.com\/blog\/wp-content\/uploads\/2023\/06\/Scaligero-Castle-in-torri-benaco.jpg 723w, https:\/\/www.domusrental.com\/blog\/wp-content\/uploads\/2023\/06\/Scaligero-Castle-in-torri-benaco-360x240.jpg 360w\" sizes=\"(max-width: 723px) 100vw, 723px\" \/>\t\t\t\t\t\t\t\t\t\t\t\t\t\t\t<\/div>\n\t\t\t\t<\/div>\n\t\t\t\t\t<\/div>\n\t\t<\/div>\n\t\t\t\t<div class=\"elementor-column elementor-col-50 elementor-top-column elementor-element elementor-element-7b2ba35e\" data-id=\"7b2ba35e\" data-element_type=\"column\" data-e-type=\"column\">\n\t\t\t<div class=\"elementor-widget-wrap elementor-element-populated\">\n\t\t\t\t\t\t<div class=\"elementor-element elementor-element-621dee68 elementor-widget elementor-widget-text-editor\" data-id=\"621dee68\" data-element_type=\"widget\" data-e-type=\"widget\" data-widget_type=\"text-editor.default\">\n\t\t\t\t<div class=\"elementor-widget-container\">\n\t\t\t\t\t\t\t\t\t<p><span style=\"font-weight: 400;\">Von der fr\u00fcheren Burg sind noch Reste vorhanden, beispielsweise der Westturm.<\/span><b> Wer sich f\u00fcr Geschichte und Architektur interessiert, wird Freude daran haben, Bauten aus verschiedenen Epochen zu erkunden. <\/b><span style=\"font-weight: 400;\">Die Burg wurde zum Schutz des Dorfes erbaut und beherbergt heute ein Museum. Erfahren Sie alles \u00fcber die Geschichte und Traditionen des Dorfes im Laufe der Jahrhunderte.<\/span><\/p><p><span style=\"font-weight: 400;\">In der Umgebung gibt es auch H\u00f6hlen und unterirdische G\u00e4nge, die bei Belagerungen genutzt wurden, beispielsweise als die Ungarn das Dorf \u00fcberfielen. <\/span><b>Tauchen Sie ein in die Geschichte von Torri und erfahren Sie, wie es war, im Mittelalter dort zu leben.<\/b><\/p><p><span style=\"font-weight: 400;\">Sobald Sie bereit sind, in die Gegenwart zur\u00fcckzukehren, k\u00f6nnen Sie einen Spaziergang \u00fcber die Zinnen der Burg unternehmen. Genie\u00dfen Sie die herrliche Aussicht auf das historische Zentrum und den Gardasee. Halten Sie unbedingt Ihr Telefon oder Ihre Kamera bereit, um diese tollen Eindr\u00fccke einzufangen.<\/span><\/p>\t\t\t\t\t\t\t\t<\/div>\n\t\t\t\t<\/div>\n\t\t\t\t\t<\/div>\n\t\t<\/div>\n\t\t\t\t\t<\/div>\n\t\t<\/section>\n\t\t\t\t<section class=\"elementor-section elementor-top-section elementor-element elementor-element-a92745e elementor-section-boxed elementor-section-height-default elementor-section-height-default\" data-id=\"a92745e\" data-element_type=\"section\" data-e-type=\"section\">\n\t\t\t\t\t\t<div class=\"elementor-container elementor-column-gap-default\">\n\t\t\t\t\t<div class=\"elementor-column elementor-col-100 elementor-top-column elementor-element elementor-element-3d43ade0\" data-id=\"3d43ade0\" data-element_type=\"column\" data-e-type=\"column\">\n\t\t\t<div class=\"elementor-widget-wrap elementor-element-populated\">\n\t\t\t\t\t\t<div class=\"elementor-element elementor-element-5d585ff3 elementor-widget elementor-widget-heading\" data-id=\"5d585ff3\" data-element_type=\"widget\" data-e-type=\"widget\" data-widget_type=\"heading.default\">\n\t\t\t\t<div class=\"elementor-widget-container\">\n\t\t\t\t\t<h3 class=\"elementor-heading-title elementor-size-default\">Wassersport am Gardasee\n<\/h3>\t\t\t\t<\/div>\n\t\t\t\t<\/div>\n\t\t\t\t<div class=\"elementor-element elementor-element-f6a40ef elementor-widget elementor-widget-text-editor\" data-id=\"f6a40ef\" data-element_type=\"widget\" data-e-type=\"widget\" data-widget_type=\"text-editor.default\">\n\t\t\t\t<div class=\"elementor-widget-container\">\n\t\t\t\t\t\t\t\t\t<p><span style=\"font-weight: 400;\">Ein <\/span><b>Urlaub in Torri del Benaco<\/b><span style=\"font-weight: 400;\"> kann auch voller Abenteuer und Spa\u00df sein. Rund um den Gardasee werden zahlreiche verschiedene Wassersportarten angeboten. Unternehmen Sie eine gem\u00fctliche Bootsfahrt und erkunden Sie die vielen Sehensw\u00fcrdigkeiten des Sees. Es k\u00f6nnen sowohl Motor- als auch Segelboote gemietet werden.<\/span><\/p><p><span style=\"font-weight: 400;\">Wenn Sie sich einfach nur zur\u00fccklehnen und genie\u00dfen m\u00f6chten, dann buchen Sie am besten eine organisierte Bootsfahrt. Lust auf etwas mehr Action? <\/span><b>Am Gardasee k\u00f6nnen Sie Surfen, Kitesurfen, Tauchen, Kanufahren sowie Wasserski und Paddleboard fahren. <\/b><span style=\"font-weight: 400;\">Probieren Sie etwas Neues aus oder gehen Sie Ihren Lieblingsbesch\u00e4ftigungen nach: In Torri liegt alles direkt vor Ihrer Haust\u00fcr.<\/span><\/p>\t\t\t\t\t\t\t\t<\/div>\n\t\t\t\t<\/div>\n\t\t\t\t\t<\/div>\n\t\t<\/div>\n\t\t\t\t\t<\/div>\n\t\t<\/section>\n\t\t\t\t<section class=\"elementor-section elementor-top-section elementor-element elementor-element-6b9b5d2b elementor-section-boxed elementor-section-height-default elementor-section-height-default\" data-id=\"6b9b5d2b\" data-element_type=\"section\" data-e-type=\"section\">\n\t\t\t\t\t\t<div class=\"elementor-container elementor-column-gap-default\">\n\t\t\t\t\t<div class=\"elementor-column elementor-col-100 elementor-top-column elementor-element elementor-element-15f758e9\" data-id=\"15f758e9\" data-element_type=\"column\" data-e-type=\"column\">\n\t\t\t<div class=\"elementor-widget-wrap elementor-element-populated\">\n\t\t\t\t\t\t<div class=\"elementor-element elementor-element-6d9de1ee elementor-widget elementor-widget-heading\" data-id=\"6d9de1ee\" data-element_type=\"widget\" data-e-type=\"widget\" data-widget_type=\"heading.default\">\n\t\t\t\t<div class=\"elementor-widget-container\">\n\t\t\t\t\t<h2 class=\"elementor-heading-title elementor-size-default\">Lassen Sie sich dieses fantastische Reiseziel nicht entgehen\n<\/h2>\t\t\t\t<\/div>\n\t\t\t\t<\/div>\n\t\t\t\t<div class=\"elementor-element elementor-element-4c22cbc4 elementor-widget elementor-widget-text-editor\" data-id=\"4c22cbc4\" data-element_type=\"widget\" data-e-type=\"widget\" data-widget_type=\"text-editor.default\">\n\t\t\t\t<div class=\"elementor-widget-container\">\n\t\t\t\t\t\t\t\t\t<p><span style=\"font-weight: 400;\">Wie Sie sehen, bietet <\/span><b>Torri del Benaco<\/b><span style=\"font-weight: 400;\"> etwas f\u00fcr jeden Geschmack. Egal, was Sie in Ihrem Urlaub gerne unternehmen, hier finden Sie ganz bestimmt Unternehmungsm\u00f6glichkeiten, die Ihnen Spa\u00df machen. <\/span><b>Torri ist auch im Herbst und Winter, wenn das Wetter mild ist, ein tolles Reiseziel.<\/b><\/p><p><span style=\"font-weight: 400;\">Genie\u00dfen Sie das gute Essen, die Geschichte und die Kultur und begeben Sie sich auf Abenteuer Ihrer Wahl. Dieses schmucke Dorf in der Region Venetien ist ein gro\u00dfartiger Ort, um den Gardasee und seine Umgebung zu erkunden. Sie werden hier eine unvergessliche Zeit erleben!<\/span><\/p>\t\t\t\t\t\t\t\t<\/div>\n\t\t\t\t<\/div>\n\t\t\t\t\t<\/div>\n\t\t<\/div>\n\t\t\t\t\t<\/div>\n\t\t<\/section>\n\t\t\t\t<section class=\"elementor-section elementor-top-section elementor-element elementor-element-46d39da7 elementor-section-boxed elementor-section-height-default elementor-section-height-default\" data-id=\"46d39da7\" data-element_type=\"section\" data-e-type=\"section\">\n\t\t\t\t\t\t<div class=\"elementor-container elementor-column-gap-default\">\n\t\t\t\t\t<div class=\"elementor-column elementor-col-33 elementor-top-column elementor-element elementor-element-146fd14b\" data-id=\"146fd14b\" data-element_type=\"column\" data-e-type=\"column\">\n\t\t\t<div class=\"elementor-widget-wrap elementor-element-populated\">\n\t\t\t\t\t\t<div class=\"elementor-element elementor-element-48742cfd elementor-align-center elementor-widget elementor-widget-button\" data-id=\"48742cfd\" data-element_type=\"widget\" data-e-type=\"widget\" data-widget_type=\"button.default\">\n\t\t\t\t<div class=\"elementor-widget-container\">\n\t\t\t\t\t\t\t\t\t<div class=\"elementor-button-wrapper\">\n\t\t\t\t\t<a class=\"elementor-button elementor-button-link elementor-size-md\" href=\"https:\/\/www.domusrental.com\/de\/vermietung\/zu-mieten-vermietungen-d0\/\">\n\t\t\t\t\t\t<span class=\"elementor-button-content-wrapper\">\n\t\t\t\t\t\t\t\t\t<span class=\"elementor-button-text\">Unterk\u00fcnfte in Torri del Benaco<\/span>\n\t\t\t\t\t<\/span>\n\t\t\t\t\t<\/a>\n\t\t\t\t<\/div>\n\t\t\t\t\t\t\t\t<\/div>\n\t\t\t\t<\/div>\n\t\t\t\t\t<\/div>\n\t\t<\/div>\n\t\t\t\t<div class=\"elementor-column elementor-col-33 elementor-top-column elementor-element elementor-element-2843d61d\" data-id=\"2843d61d\" data-element_type=\"column\" data-e-type=\"column\">\n\t\t\t<div class=\"elementor-widget-wrap elementor-element-populated\">\n\t\t\t\t\t\t<div class=\"elementor-element elementor-element-1c68a918 elementor-align-center elementor-widget elementor-widget-button\" data-id=\"1c68a918\" data-element_type=\"widget\" data-e-type=\"widget\" data-widget_type=\"button.default\">\n\t\t\t\t<div class=\"elementor-widget-container\">\n\t\t\t\t\t\t\t\t\t<div class=\"elementor-button-wrapper\">\n\t\t\t\t\t<a class=\"elementor-button elementor-button-link elementor-size-md\" href=\"https:\/\/www.domusrental.com\/de\/vermietung\/zu-mieten-ferienwohnungen-c1\/\">\n\t\t\t\t\t\t<span class=\"elementor-button-content-wrapper\">\n\t\t\t\t\t\t\t\t\t<span class=\"elementor-button-text\">Ferienwohnungen in Torri del Benaco<\/span>\n\t\t\t\t\t<\/span>\n\t\t\t\t\t<\/a>\n\t\t\t\t<\/div>\n\t\t\t\t\t\t\t\t<\/div>\n\t\t\t\t<\/div>\n\t\t\t\t\t<\/div>\n\t\t<\/div>\n\t\t\t\t<div class=\"elementor-column elementor-col-33 elementor-top-column elementor-element elementor-element-593655ea\" data-id=\"593655ea\" data-element_type=\"column\" data-e-type=\"column\">\n\t\t\t<div class=\"elementor-widget-wrap elementor-element-populated\">\n\t\t\t\t\t\t<div class=\"elementor-element elementor-element-1f1c83 elementor-align-center elementor-widget elementor-widget-button\" data-id=\"1f1c83\" data-element_type=\"widget\" data-e-type=\"widget\" data-widget_type=\"button.default\">\n\t\t\t\t<div class=\"elementor-widget-container\">\n\t\t\t\t\t\t\t\t\t<div class=\"elementor-button-wrapper\">\n\t\t\t\t\t<a class=\"elementor-button elementor-button-link elementor-size-md\" href=\"https:\/\/www.domusrental.com\/de\/vermietung\/zu-mieten-villen-c2\/\">\n\t\t\t\t\t\t<span class=\"elementor-button-content-wrapper\">\n\t\t\t\t\t\t\t\t\t<span class=\"elementor-button-text\">Villen in Torri del Benaco<\/span>\n\t\t\t\t\t<\/span>\n\t\t\t\t\t<\/a>\n\t\t\t\t<\/div>\n\t\t\t\t\t\t\t\t<\/div>\n\t\t\t\t<\/div>\n\t\t\t\t\t<\/div>\n\t\t<\/div>\n\t\t\t\t\t<\/div>\n\t\t<\/section>\n\t\t\t\t<\/div>\n\t\t","protected":false},"excerpt":{"rendered":"<p>Wenn Sie auf der Suche nach einem Urlaubsziel in Italien sind, das alles bietet, dann ist Torri del Benaco genau das Richtige f\u00fcr Sie. In diesem wundersch\u00f6nen Dorf k\u00f6nnen Sie das gem\u00e4chliche Leben genie\u00dfen und gleichzeitig die Geschichte und Kultur des Ortes und seiner Umgebung erkunden. F\u00fcr diejenigen, die lieber aktiv sind, bieten der Gardasee [&hellip;]<\/p>\n","protected":false},"author":2,"featured_media":71,"comment_status":"open","ping_status":"closed","sticky":false,"template":"","format":"standard","meta":{"footnotes":""},"categories":[65],"tags":[],"class_list":["post-169","post","type-post","status-publish","format-standard","has-post-thumbnail","hentry","category-staedte-gardasee"],"yoast_head":"<!-- This site is optimized with the Yoast SEO plugin v27.5 - https:\/\/yoast.com\/product\/yoast-seo-wordpress\/ -->\n<title>Torri del Benaco: Der perfekte Ort f\u00fcr einen Sommer in Italien<\/title>\n<meta name=\"description\" content=\"Sind Sie auf der Suche nach einem neuen Urlaubsziel, das alles bietet? Entdecken Sie Torri del Benaco: Geschichte, Kultur, gutes Essen und Abenteuer!\" \/>\n<meta name=\"robots\" content=\"index, follow, max-snippet:-1, max-image-preview:large, max-video-preview:-1\" \/>\n<link rel=\"canonical\" href=\"https:\/\/www.domusrental.com\/blog\/it\/torri-del-benaco\/\" \/>\n<meta property=\"og:locale\" content=\"de_DE\" \/>\n<meta property=\"og:type\" content=\"article\" \/>\n<meta property=\"og:title\" content=\"Torri del Benaco: Der perfekte Ort f\u00fcr einen Sommer in Italien\" \/>\n<meta property=\"og:description\" content=\"Sind Sie auf der Suche nach einem neuen Urlaubsziel, das alles bietet? Entdecken Sie Torri del Benaco: Geschichte, Kultur, gutes Essen und Abenteuer!\" \/>\n<meta property=\"og:url\" content=\"https:\/\/www.domusrental.com\/blog\/it\/torri-del-benaco\/\" \/>\n<meta property=\"og:site_name\" content=\"Blog | Domus Rental\" \/>\n<meta property=\"article:publisher\" content=\"https:\/\/www.facebook.com\/domusrental\" \/>\n<meta property=\"article:published_time\" content=\"2023-06-15T09:15:59+00:00\" \/>\n<meta property=\"article:modified_time\" content=\"2025-01-21T15:43:08+00:00\" \/>\n<meta property=\"og:image\" content=\"https:\/\/www.domusrental.com\/blog\/wp-content\/uploads\/2023\/06\/torri-benaco-in-garda-lake-scaled.jpg\" \/>\n\t<meta property=\"og:image:width\" content=\"2560\" \/>\n\t<meta property=\"og:image:height\" content=\"889\" \/>\n\t<meta property=\"og:image:type\" content=\"image\/jpeg\" \/>\n<meta name=\"author\" content=\"digitalservices\" \/>\n<meta name=\"twitter:card\" content=\"summary_large_image\" \/>\n<meta name=\"twitter:creator\" content=\"@DomusRental\" \/>\n<meta name=\"twitter:site\" content=\"@DomusRental\" \/>\n<meta name=\"twitter:label1\" content=\"Verfasst von\" \/>\n\t<meta name=\"twitter:data1\" content=\"digitalservices\" \/>\n\t<meta name=\"twitter:label2\" content=\"Gesch\u00e4tzte Lesezeit\" \/>\n\t<meta name=\"twitter:data2\" content=\"6\u00a0Minuten\" \/>\n<script type=\"application\/ld+json\" class=\"yoast-schema-graph\">{\"@context\":\"https:\\\/\\\/schema.org\",\"@graph\":[{\"@type\":\"Article\",\"@id\":\"https:\\\/\\\/www.domusrental.com\\\/blog\\\/it\\\/torri-del-benaco\\\/#article\",\"isPartOf\":{\"@id\":\"https:\\\/\\\/www.domusrental.com\\\/blog\\\/it\\\/torri-del-benaco\\\/\"},\"author\":{\"name\":\"digitalservices\",\"@id\":\"https:\\\/\\\/www.domusrental.com\\\/blog\\\/#\\\/schema\\\/person\\\/4704eef53d63fc41b94477baca3572f8\"},\"headline\":\"Torri del Benaco \u2013 der perfekte Ort f\u00fcr diesen Sommer\",\"datePublished\":\"2023-06-15T09:15:59+00:00\",\"dateModified\":\"2025-01-21T15:43:08+00:00\",\"mainEntityOfPage\":{\"@id\":\"https:\\\/\\\/www.domusrental.com\\\/blog\\\/it\\\/torri-del-benaco\\\/\"},\"wordCount\":936,\"commentCount\":0,\"publisher\":{\"@id\":\"https:\\\/\\\/www.domusrental.com\\\/blog\\\/#organization\"},\"image\":{\"@id\":\"https:\\\/\\\/www.domusrental.com\\\/blog\\\/it\\\/torri-del-benaco\\\/#primaryimage\"},\"thumbnailUrl\":\"https:\\\/\\\/www.domusrental.com\\\/blog\\\/wp-content\\\/uploads\\\/2023\\\/06\\\/torri-benaco-in-garda-lake-scaled.jpg\",\"articleSection\":[\"St\u00e4dte\"],\"inLanguage\":\"de\",\"potentialAction\":[{\"@type\":\"CommentAction\",\"name\":\"Comment\",\"target\":[\"https:\\\/\\\/www.domusrental.com\\\/blog\\\/it\\\/torri-del-benaco\\\/#respond\"]}]},{\"@type\":\"WebPage\",\"@id\":\"https:\\\/\\\/www.domusrental.com\\\/blog\\\/it\\\/torri-del-benaco\\\/\",\"url\":\"https:\\\/\\\/www.domusrental.com\\\/blog\\\/it\\\/torri-del-benaco\\\/\",\"name\":\"Torri del Benaco: Der perfekte Ort f\u00fcr einen Sommer in Italien\",\"isPartOf\":{\"@id\":\"https:\\\/\\\/www.domusrental.com\\\/blog\\\/#website\"},\"primaryImageOfPage\":{\"@id\":\"https:\\\/\\\/www.domusrental.com\\\/blog\\\/it\\\/torri-del-benaco\\\/#primaryimage\"},\"image\":{\"@id\":\"https:\\\/\\\/www.domusrental.com\\\/blog\\\/it\\\/torri-del-benaco\\\/#primaryimage\"},\"thumbnailUrl\":\"https:\\\/\\\/www.domusrental.com\\\/blog\\\/wp-content\\\/uploads\\\/2023\\\/06\\\/torri-benaco-in-garda-lake-scaled.jpg\",\"datePublished\":\"2023-06-15T09:15:59+00:00\",\"dateModified\":\"2025-01-21T15:43:08+00:00\",\"description\":\"Sind Sie auf der Suche nach einem neuen Urlaubsziel, das alles bietet? Entdecken Sie Torri del Benaco: Geschichte, Kultur, gutes Essen und Abenteuer!\",\"breadcrumb\":{\"@id\":\"https:\\\/\\\/www.domusrental.com\\\/blog\\\/it\\\/torri-del-benaco\\\/#breadcrumb\"},\"inLanguage\":\"de\",\"potentialAction\":[{\"@type\":\"ReadAction\",\"target\":[\"https:\\\/\\\/www.domusrental.com\\\/blog\\\/it\\\/torri-del-benaco\\\/\"]}]},{\"@type\":\"ImageObject\",\"inLanguage\":\"de\",\"@id\":\"https:\\\/\\\/www.domusrental.com\\\/blog\\\/it\\\/torri-del-benaco\\\/#primaryimage\",\"url\":\"https:\\\/\\\/www.domusrental.com\\\/blog\\\/wp-content\\\/uploads\\\/2023\\\/06\\\/torri-benaco-in-garda-lake-scaled.jpg\",\"contentUrl\":\"https:\\\/\\\/www.domusrental.com\\\/blog\\\/wp-content\\\/uploads\\\/2023\\\/06\\\/torri-benaco-in-garda-lake-scaled.jpg\",\"width\":2560,\"height\":889,\"caption\":\"torri benaco in garda lake\"},{\"@type\":\"BreadcrumbList\",\"@id\":\"https:\\\/\\\/www.domusrental.com\\\/blog\\\/it\\\/torri-del-benaco\\\/#breadcrumb\",\"itemListElement\":[{\"@type\":\"ListItem\",\"position\":1,\"name\":\"Home\",\"item\":\"https:\\\/\\\/www.domusrental.com\\\/blog\\\/de\\\/\"},{\"@type\":\"ListItem\",\"position\":2,\"name\":\"Torri del Benaco \u2013 der perfekte Ort f\u00fcr diesen Sommer\"}]},{\"@type\":\"WebSite\",\"@id\":\"https:\\\/\\\/www.domusrental.com\\\/blog\\\/#website\",\"url\":\"https:\\\/\\\/www.domusrental.com\\\/blog\\\/\",\"name\":\"Domus Rental\",\"description\":\"\",\"publisher\":{\"@id\":\"https:\\\/\\\/www.domusrental.com\\\/blog\\\/#organization\"},\"potentialAction\":[{\"@type\":\"SearchAction\",\"target\":{\"@type\":\"EntryPoint\",\"urlTemplate\":\"https:\\\/\\\/www.domusrental.com\\\/blog\\\/?s={search_term_string}\"},\"query-input\":{\"@type\":\"PropertyValueSpecification\",\"valueRequired\":true,\"valueName\":\"search_term_string\"}}],\"inLanguage\":\"de\"},{\"@type\":\"Organization\",\"@id\":\"https:\\\/\\\/www.domusrental.com\\\/blog\\\/#organization\",\"name\":\"Blog | Domus Rental\",\"url\":\"https:\\\/\\\/www.domusrental.com\\\/blog\\\/\",\"logo\":{\"@type\":\"ImageObject\",\"inLanguage\":\"de\",\"@id\":\"https:\\\/\\\/www.domusrental.com\\\/blog\\\/#\\\/schema\\\/logo\\\/image\\\/\",\"url\":\"https:\\\/\\\/www.domusrental.com\\\/blog\\\/wp-content\\\/uploads\\\/2024\\\/04\\\/favicon.png\",\"contentUrl\":\"https:\\\/\\\/www.domusrental.com\\\/blog\\\/wp-content\\\/uploads\\\/2024\\\/04\\\/favicon.png\",\"width\":298,\"height\":298,\"caption\":\"Blog | Domus Rental\"},\"image\":{\"@id\":\"https:\\\/\\\/www.domusrental.com\\\/blog\\\/#\\\/schema\\\/logo\\\/image\\\/\"},\"sameAs\":[\"https:\\\/\\\/www.facebook.com\\\/domusrental\",\"https:\\\/\\\/x.com\\\/DomusRental\"]},{\"@type\":\"Person\",\"@id\":\"https:\\\/\\\/www.domusrental.com\\\/blog\\\/#\\\/schema\\\/person\\\/4704eef53d63fc41b94477baca3572f8\",\"name\":\"digitalservices\",\"image\":{\"@type\":\"ImageObject\",\"inLanguage\":\"de\",\"@id\":\"https:\\\/\\\/secure.gravatar.com\\\/avatar\\\/af30f88a1904294c1f3eb09a9d7903eec4ffa18fa2cf40c28a8681014ecdfc20?s=96&d=mm&r=g\",\"url\":\"https:\\\/\\\/secure.gravatar.com\\\/avatar\\\/af30f88a1904294c1f3eb09a9d7903eec4ffa18fa2cf40c28a8681014ecdfc20?s=96&d=mm&r=g\",\"contentUrl\":\"https:\\\/\\\/secure.gravatar.com\\\/avatar\\\/af30f88a1904294c1f3eb09a9d7903eec4ffa18fa2cf40c28a8681014ecdfc20?s=96&d=mm&r=g\",\"caption\":\"digitalservices\"},\"url\":\"https:\\\/\\\/www.domusrental.com\\\/blog\\\/de\\\/author\\\/digitalservices\\\/\"}]}<\/script>\n<!-- \/ Yoast SEO plugin. -->","yoast_head_json":{"title":"Torri del Benaco: Der perfekte Ort f\u00fcr einen Sommer in Italien","description":"Sind Sie auf der Suche nach einem neuen Urlaubsziel, das alles bietet? Entdecken Sie Torri del Benaco: Geschichte, Kultur, gutes Essen und Abenteuer!","robots":{"index":"index","follow":"follow","max-snippet":"max-snippet:-1","max-image-preview":"max-image-preview:large","max-video-preview":"max-video-preview:-1"},"canonical":"https:\/\/www.domusrental.com\/blog\/it\/torri-del-benaco\/","og_locale":"de_DE","og_type":"article","og_title":"Torri del Benaco: Der perfekte Ort f\u00fcr einen Sommer in Italien","og_description":"Sind Sie auf der Suche nach einem neuen Urlaubsziel, das alles bietet? Entdecken Sie Torri del Benaco: Geschichte, Kultur, gutes Essen und Abenteuer!","og_url":"https:\/\/www.domusrental.com\/blog\/it\/torri-del-benaco\/","og_site_name":"Blog | Domus Rental","article_publisher":"https:\/\/www.facebook.com\/domusrental","article_published_time":"2023-06-15T09:15:59+00:00","article_modified_time":"2025-01-21T15:43:08+00:00","og_image":[{"width":2560,"height":889,"url":"https:\/\/www.domusrental.com\/blog\/wp-content\/uploads\/2023\/06\/torri-benaco-in-garda-lake-scaled.jpg","type":"image\/jpeg"}],"author":"digitalservices","twitter_card":"summary_large_image","twitter_creator":"@DomusRental","twitter_site":"@DomusRental","twitter_misc":{"Verfasst von":"digitalservices","Gesch\u00e4tzte Lesezeit":"6\u00a0Minuten"},"schema":{"@context":"https:\/\/schema.org","@graph":[{"@type":"Article","@id":"https:\/\/www.domusrental.com\/blog\/it\/torri-del-benaco\/#article","isPartOf":{"@id":"https:\/\/www.domusrental.com\/blog\/it\/torri-del-benaco\/"},"author":{"name":"digitalservices","@id":"https:\/\/www.domusrental.com\/blog\/#\/schema\/person\/4704eef53d63fc41b94477baca3572f8"},"headline":"Torri del Benaco \u2013 der perfekte Ort f\u00fcr diesen Sommer","datePublished":"2023-06-15T09:15:59+00:00","dateModified":"2025-01-21T15:43:08+00:00","mainEntityOfPage":{"@id":"https:\/\/www.domusrental.com\/blog\/it\/torri-del-benaco\/"},"wordCount":936,"commentCount":0,"publisher":{"@id":"https:\/\/www.domusrental.com\/blog\/#organization"},"image":{"@id":"https:\/\/www.domusrental.com\/blog\/it\/torri-del-benaco\/#primaryimage"},"thumbnailUrl":"https:\/\/www.domusrental.com\/blog\/wp-content\/uploads\/2023\/06\/torri-benaco-in-garda-lake-scaled.jpg","articleSection":["St\u00e4dte"],"inLanguage":"de","potentialAction":[{"@type":"CommentAction","name":"Comment","target":["https:\/\/www.domusrental.com\/blog\/it\/torri-del-benaco\/#respond"]}]},{"@type":"WebPage","@id":"https:\/\/www.domusrental.com\/blog\/it\/torri-del-benaco\/","url":"https:\/\/www.domusrental.com\/blog\/it\/torri-del-benaco\/","name":"Torri del Benaco: Der perfekte Ort f\u00fcr einen Sommer in Italien","isPartOf":{"@id":"https:\/\/www.domusrental.com\/blog\/#website"},"primaryImageOfPage":{"@id":"https:\/\/www.domusrental.com\/blog\/it\/torri-del-benaco\/#primaryimage"},"image":{"@id":"https:\/\/www.domusrental.com\/blog\/it\/torri-del-benaco\/#primaryimage"},"thumbnailUrl":"https:\/\/www.domusrental.com\/blog\/wp-content\/uploads\/2023\/06\/torri-benaco-in-garda-lake-scaled.jpg","datePublished":"2023-06-15T09:15:59+00:00","dateModified":"2025-01-21T15:43:08+00:00","description":"Sind Sie auf der Suche nach einem neuen Urlaubsziel, das alles bietet? Entdecken Sie Torri del Benaco: Geschichte, Kultur, gutes Essen und Abenteuer!","breadcrumb":{"@id":"https:\/\/www.domusrental.com\/blog\/it\/torri-del-benaco\/#breadcrumb"},"inLanguage":"de","potentialAction":[{"@type":"ReadAction","target":["https:\/\/www.domusrental.com\/blog\/it\/torri-del-benaco\/"]}]},{"@type":"ImageObject","inLanguage":"de","@id":"https:\/\/www.domusrental.com\/blog\/it\/torri-del-benaco\/#primaryimage","url":"https:\/\/www.domusrental.com\/blog\/wp-content\/uploads\/2023\/06\/torri-benaco-in-garda-lake-scaled.jpg","contentUrl":"https:\/\/www.domusrental.com\/blog\/wp-content\/uploads\/2023\/06\/torri-benaco-in-garda-lake-scaled.jpg","width":2560,"height":889,"caption":"torri benaco in garda lake"},{"@type":"BreadcrumbList","@id":"https:\/\/www.domusrental.com\/blog\/it\/torri-del-benaco\/#breadcrumb","itemListElement":[{"@type":"ListItem","position":1,"name":"Home","item":"https:\/\/www.domusrental.com\/blog\/de\/"},{"@type":"ListItem","position":2,"name":"Torri del Benaco \u2013 der perfekte Ort f\u00fcr diesen Sommer"}]},{"@type":"WebSite","@id":"https:\/\/www.domusrental.com\/blog\/#website","url":"https:\/\/www.domusrental.com\/blog\/","name":"Domus Rental","description":"","publisher":{"@id":"https:\/\/www.domusrental.com\/blog\/#organization"},"potentialAction":[{"@type":"SearchAction","target":{"@type":"EntryPoint","urlTemplate":"https:\/\/www.domusrental.com\/blog\/?s={search_term_string}"},"query-input":{"@type":"PropertyValueSpecification","valueRequired":true,"valueName":"search_term_string"}}],"inLanguage":"de"},{"@type":"Organization","@id":"https:\/\/www.domusrental.com\/blog\/#organization","name":"Blog | Domus Rental","url":"https:\/\/www.domusrental.com\/blog\/","logo":{"@type":"ImageObject","inLanguage":"de","@id":"https:\/\/www.domusrental.com\/blog\/#\/schema\/logo\/image\/","url":"https:\/\/www.domusrental.com\/blog\/wp-content\/uploads\/2024\/04\/favicon.png","contentUrl":"https:\/\/www.domusrental.com\/blog\/wp-content\/uploads\/2024\/04\/favicon.png","width":298,"height":298,"caption":"Blog | Domus Rental"},"image":{"@id":"https:\/\/www.domusrental.com\/blog\/#\/schema\/logo\/image\/"},"sameAs":["https:\/\/www.facebook.com\/domusrental","https:\/\/x.com\/DomusRental"]},{"@type":"Person","@id":"https:\/\/www.domusrental.com\/blog\/#\/schema\/person\/4704eef53d63fc41b94477baca3572f8","name":"digitalservices","image":{"@type":"ImageObject","inLanguage":"de","@id":"https:\/\/secure.gravatar.com\/avatar\/af30f88a1904294c1f3eb09a9d7903eec4ffa18fa2cf40c28a8681014ecdfc20?s=96&d=mm&r=g","url":"https:\/\/secure.gravatar.com\/avatar\/af30f88a1904294c1f3eb09a9d7903eec4ffa18fa2cf40c28a8681014ecdfc20?s=96&d=mm&r=g","contentUrl":"https:\/\/secure.gravatar.com\/avatar\/af30f88a1904294c1f3eb09a9d7903eec4ffa18fa2cf40c28a8681014ecdfc20?s=96&d=mm&r=g","caption":"digitalservices"},"url":"https:\/\/www.domusrental.com\/blog\/de\/author\/digitalservices\/"}]}},"_links":{"self":[{"href":"https:\/\/www.domusrental.com\/blog\/de\/wp-json\/wp\/v2\/posts\/169","targetHints":{"allow":["GET"]}}],"collection":[{"href":"https:\/\/www.domusrental.com\/blog\/de\/wp-json\/wp\/v2\/posts"}],"about":[{"href":"https:\/\/www.domusrental.com\/blog\/de\/wp-json\/wp\/v2\/types\/post"}],"author":[{"embeddable":true,"href":"https:\/\/www.domusrental.com\/blog\/de\/wp-json\/wp\/v2\/users\/2"}],"replies":[{"embeddable":true,"href":"https:\/\/www.domusrental.com\/blog\/de\/wp-json\/wp\/v2\/comments?post=169"}],"version-history":[{"count":7,"href":"https:\/\/www.domusrental.com\/blog\/de\/wp-json\/wp\/v2\/posts\/169\/revisions"}],"predecessor-version":[{"id":2779,"href":"https:\/\/www.domusrental.com\/blog\/de\/wp-json\/wp\/v2\/posts\/169\/revisions\/2779"}],"wp:featuredmedia":[{"embeddable":true,"href":"https:\/\/www.domusrental.com\/blog\/de\/wp-json\/wp\/v2\/media\/71"}],"wp:attachment":[{"href":"https:\/\/www.domusrental.com\/blog\/de\/wp-json\/wp\/v2\/media?parent=169"}],"wp:term":[{"taxonomy":"category","embeddable":true,"href":"https:\/\/www.domusrental.com\/blog\/de\/wp-json\/wp\/v2\/categories?post=169"},{"taxonomy":"post_tag","embeddable":true,"href":"https:\/\/www.domusrental.com\/blog\/de\/wp-json\/wp\/v2\/tags?post=169"}],"curies":[{"name":"wp","href":"https:\/\/api.w.org\/{rel}","templated":true}]}}