{"id":1906,"date":"2024-04-04T08:38:19","date_gmt":"2024-04-04T08:38:19","guid":{"rendered":"https:\/\/www.domusrental.com\/blog\/?p=1906"},"modified":"2025-01-21T15:36:50","modified_gmt":"2025-01-21T15:36:50","slug":"malcesine","status":"publish","type":"post","link":"https:\/\/www.domusrental.com\/blog\/de\/malcesine\/","title":{"rendered":"Malcesine am Gardasee entdecken: Ein italienisches Wunder"},"content":{"rendered":"\t\t<div data-elementor-type=\"wp-post\" data-elementor-id=\"1906\" class=\"elementor elementor-1906 elementor-1592\" data-elementor-post-type=\"post\">\n\t\t\t\t\t\t<section class=\"elementor-section elementor-top-section elementor-element elementor-element-41fa73a1 elementor-section-boxed elementor-section-height-default elementor-section-height-default\" data-id=\"41fa73a1\" data-element_type=\"section\" data-e-type=\"section\">\n\t\t\t\t\t\t<div class=\"elementor-container elementor-column-gap-default\">\n\t\t\t\t\t<div class=\"elementor-column elementor-col-100 elementor-top-column elementor-element elementor-element-9c27941\" data-id=\"9c27941\" data-element_type=\"column\" data-e-type=\"column\">\n\t\t\t<div class=\"elementor-widget-wrap elementor-element-populated\">\n\t\t\t\t\t\t<div class=\"elementor-element elementor-element-3578d0ee elementor-widget elementor-widget-text-editor\" data-id=\"3578d0ee\" data-element_type=\"widget\" data-e-type=\"widget\" data-widget_type=\"text-editor.default\">\n\t\t\t\t<div class=\"elementor-widget-container\">\n\t\t\t\t\t\t\t\t\t<p>Der Gardasee ist eine der sch\u00f6nsten Sehensw\u00fcrdigkeiten Italiens, ein Kultort, der j\u00e4hrlich mehr als 22 Millionen Besucher anzieht. W\u00e4hrend der Gardasee von vielen bezaubernden St\u00e4dten geschm\u00fcckt ist, ist <strong>Malcesine<\/strong> eines der Juwelen unter ihnen, das Sie w\u00e4hrend Ihres Aufenthalts in der Region unbedingt besuchen sollten.<\/p><p>M\u00f6chten Sie mehr \u00fcber <strong>Malcesine am Gardasee<\/strong> erfahren? Lesen Sie unseren neuesten Reisef\u00fchrer, in dem wir Ihnen die historischen Reicht\u00fcmer, die architektonische Sch\u00f6nheit und die Panoramablicke n\u00e4her bringen, die Malcesine zu einem so fantastischen Reiseziel machen.<\/p>\t\t\t\t\t\t\t\t<\/div>\n\t\t\t\t<\/div>\n\t\t\t\t\t<\/div>\n\t\t<\/div>\n\t\t\t\t\t<\/div>\n\t\t<\/section>\n\t\t\t\t<section class=\"elementor-section elementor-top-section elementor-element elementor-element-538131e4 elementor-section-boxed elementor-section-height-default elementor-section-height-default\" data-id=\"538131e4\" data-element_type=\"section\" data-e-type=\"section\">\n\t\t\t\t\t\t<div class=\"elementor-container elementor-column-gap-default\">\n\t\t\t\t\t<div class=\"elementor-column elementor-col-100 elementor-top-column elementor-element elementor-element-6b2f189\" data-id=\"6b2f189\" data-element_type=\"column\" data-e-type=\"column\">\n\t\t\t<div class=\"elementor-widget-wrap elementor-element-populated\">\n\t\t\t\t\t\t<div class=\"elementor-element elementor-element-32e15fb elementor-widget elementor-widget-table-of-contents\" data-id=\"32e15fb\" data-element_type=\"widget\" data-e-type=\"widget\" data-settings=\"{&quot;headings_by_tags&quot;:[&quot;h2&quot;],&quot;exclude_headings_by_selector&quot;:[],&quot;marker_view&quot;:&quot;bullets&quot;,&quot;icon&quot;:{&quot;value&quot;:&quot;&quot;,&quot;library&quot;:&quot;&quot;},&quot;no_headings_message&quot;:&quot;Es wurden keine \\u00dcberschriften auf dieser Seite gefunden.&quot;,&quot;hierarchical_view&quot;:&quot;yes&quot;,&quot;min_height&quot;:{&quot;unit&quot;:&quot;px&quot;,&quot;size&quot;:&quot;&quot;,&quot;sizes&quot;:[]},&quot;min_height_tablet&quot;:{&quot;unit&quot;:&quot;px&quot;,&quot;size&quot;:&quot;&quot;,&quot;sizes&quot;:[]},&quot;min_height_mobile&quot;:{&quot;unit&quot;:&quot;px&quot;,&quot;size&quot;:&quot;&quot;,&quot;sizes&quot;:[]}}\" data-widget_type=\"table-of-contents.default\">\n\t\t\t\t<div class=\"elementor-widget-container\">\n\t\t\t\t\t\t\t\t\t<div class=\"elementor-toc__header\">\n\t\t\t\t\t\t<div class=\"elementor-toc__header-title\">\n\t\t\t\tVerzeichnis\t\t\t<\/div>\n\t\t\t\t\t\t\t\t<\/div>\n\t\t\t\t<div id=\"elementor-toc__32e15fb\" class=\"elementor-toc__body\">\n\t\t\t<div class=\"elementor-toc__spinner-container\">\n\t\t\t\t<i class=\"elementor-toc__spinner eicon-animation-spin eicon-loading\" aria-hidden=\"true\"><\/i>\t\t\t<\/div>\n\t\t<\/div>\n\t\t\t\t\t\t<\/div>\n\t\t\t\t<\/div>\n\t\t\t\t\t<\/div>\n\t\t<\/div>\n\t\t\t\t\t<\/div>\n\t\t<\/section>\n\t\t\t\t<section class=\"elementor-section elementor-top-section elementor-element elementor-element-7e34248d elementor-section-boxed elementor-section-height-default elementor-section-height-default\" data-id=\"7e34248d\" data-element_type=\"section\" data-e-type=\"section\">\n\t\t\t\t\t\t<div class=\"elementor-container elementor-column-gap-default\">\n\t\t\t\t\t<div class=\"elementor-column elementor-col-100 elementor-top-column elementor-element elementor-element-41858699\" data-id=\"41858699\" data-element_type=\"column\" data-e-type=\"column\">\n\t\t\t<div class=\"elementor-widget-wrap elementor-element-populated\">\n\t\t\t\t\t\t<div class=\"elementor-element elementor-element-156bb000 elementor-widget elementor-widget-heading\" data-id=\"156bb000\" data-element_type=\"widget\" data-e-type=\"widget\" data-widget_type=\"heading.default\">\n\t\t\t\t<div class=\"elementor-widget-container\">\n\t\t\t\t\t<h2 class=\"elementor-heading-title elementor-size-default\">Verlieben Sie sich in Malcesine am Gardasee\n<\/h2>\t\t\t\t<\/div>\n\t\t\t\t<\/div>\n\t\t\t\t\t<\/div>\n\t\t<\/div>\n\t\t\t\t\t<\/div>\n\t\t<\/section>\n\t\t\t\t<section class=\"elementor-section elementor-top-section elementor-element elementor-element-538623a elementor-section-boxed elementor-section-height-default elementor-section-height-default\" data-id=\"538623a\" data-element_type=\"section\" data-e-type=\"section\">\n\t\t\t\t\t\t<div class=\"elementor-container elementor-column-gap-default\">\n\t\t\t\t\t<div class=\"elementor-column elementor-col-100 elementor-top-column elementor-element elementor-element-c9bfba2\" data-id=\"c9bfba2\" data-element_type=\"column\" data-e-type=\"column\">\n\t\t\t<div class=\"elementor-widget-wrap elementor-element-populated\">\n\t\t\t\t\t\t<div class=\"elementor-element elementor-element-1a57d04 elementor-widget elementor-widget-text-editor\" data-id=\"1a57d04\" data-element_type=\"widget\" data-e-type=\"widget\" data-widget_type=\"text-editor.default\">\n\t\t\t\t<div class=\"elementor-widget-container\">\n\t\t\t\t\t\t\t\t\t<p>Sie finden Malcesine am Ostufer des Gardasees und kennen vielleicht schon einige seiner herausragenden Architekturen von Fotos und Online-Artikeln. Es ist ein wahres verstecktes Juwel, das dank seiner einzigartigen Mischung aus Geschichte und nat\u00fcrlicher Sch\u00f6nheit viele Besucher in seinen Bann zieht.<\/p>\t\t\t\t\t\t\t\t<\/div>\n\t\t\t\t<\/div>\n\t\t\t\t\t<\/div>\n\t\t<\/div>\n\t\t\t\t\t<\/div>\n\t\t<\/section>\n\t\t\t\t<section class=\"elementor-section elementor-top-section elementor-element elementor-element-2fd5f2d elementor-section-boxed elementor-section-height-default elementor-section-height-default\" data-id=\"2fd5f2d\" data-element_type=\"section\" data-e-type=\"section\">\n\t\t\t\t\t\t<div class=\"elementor-container elementor-column-gap-default\">\n\t\t\t\t\t<div class=\"elementor-column elementor-col-50 elementor-top-column elementor-element elementor-element-f6e23df\" data-id=\"f6e23df\" data-element_type=\"column\" data-e-type=\"column\">\n\t\t\t<div class=\"elementor-widget-wrap elementor-element-populated\">\n\t\t\t\t\t\t<div class=\"elementor-element elementor-element-fa6b9c7 elementor-widget elementor-widget-text-editor\" data-id=\"fa6b9c7\" data-element_type=\"widget\" data-e-type=\"widget\" data-widget_type=\"text-editor.default\">\n\t\t\t\t<div class=\"elementor-widget-container\">\n\t\t\t\t\t\t\t\t\t<p>Bei einem Spaziergang durch die verwinkelten Gassen von Malcesine entdeckt man lebendige Pl\u00e4tze, charmante Gesch\u00e4fte und gem\u00fctliche Caf\u00e9s, die zur warmen und einladenden Atmosph\u00e4re der Stadt beitragen. Der Panoramablick auf den Gardasee, der von verschiedenen Aussichtspunkten aus zu sehen ist, verleiht Malcesine einen Hauch von Magie und macht es zu einem Paradies f\u00fcr alle, die ein wenig Ruhe und Naturpracht suchen.<\/p><p>In Malcesine Gardasee erz\u00e4hlt jede Ecke eine Geschichte und jeder Moment ist eine Gelegenheit, in den zeitlosen Reiz dieses Schatzes am See einzutauchen.<\/p>\t\t\t\t\t\t\t\t<\/div>\n\t\t\t\t<\/div>\n\t\t\t\t\t<\/div>\n\t\t<\/div>\n\t\t\t\t<div class=\"elementor-column elementor-col-50 elementor-top-column elementor-element elementor-element-9473327\" data-id=\"9473327\" data-element_type=\"column\" data-e-type=\"column\">\n\t\t\t<div class=\"elementor-widget-wrap elementor-element-populated\">\n\t\t\t\t\t\t<div class=\"elementor-element elementor-element-f929533 elementor-widget elementor-widget-google_maps\" data-id=\"f929533\" data-element_type=\"widget\" data-e-type=\"widget\" data-widget_type=\"google_maps.default\">\n\t\t\t\t<div class=\"elementor-widget-container\">\n\t\t\t\t\t\t\t<div class=\"elementor-custom-embed\">\n\t\t\t<iframe loading=\"lazy\"\n\t\t\t\t\tsrc=\"https:\/\/maps.google.com\/maps?q=Malcesine&#038;t=m&#038;z=12&#038;output=embed&#038;iwloc=near\"\n\t\t\t\t\ttitle=\"Malcesine\"\n\t\t\t\t\taria-label=\"Malcesine\"\n\t\t\t><\/iframe>\n\t\t<\/div>\n\t\t\t\t\t\t<\/div>\n\t\t\t\t<\/div>\n\t\t\t\t\t<\/div>\n\t\t<\/div>\n\t\t\t\t\t<\/div>\n\t\t<\/section>\n\t\t\t\t<section class=\"elementor-section elementor-top-section elementor-element elementor-element-98faff3 elementor-section-boxed elementor-section-height-default elementor-section-height-default\" data-id=\"98faff3\" data-element_type=\"section\" data-e-type=\"section\">\n\t\t\t\t\t\t<div class=\"elementor-container elementor-column-gap-default\">\n\t\t\t\t\t<div class=\"elementor-column elementor-col-100 elementor-top-column elementor-element elementor-element-a4c41f5\" data-id=\"a4c41f5\" data-element_type=\"column\" data-e-type=\"column\">\n\t\t\t<div class=\"elementor-widget-wrap elementor-element-populated\">\n\t\t\t\t\t\t<div class=\"elementor-element elementor-element-a246947 elementor-widget elementor-widget-heading\" data-id=\"a246947\" data-element_type=\"widget\" data-e-type=\"widget\" data-widget_type=\"heading.default\">\n\t\t\t\t<div class=\"elementor-widget-container\">\n\t\t\t\t\t<h2 class=\"elementor-heading-title elementor-size-default\">Historische Orte in Malcesine\n<\/h2>\t\t\t\t<\/div>\n\t\t\t\t<\/div>\n\t\t\t\t<div class=\"elementor-element elementor-element-c3ba995 elementor-widget elementor-widget-text-editor\" data-id=\"c3ba995\" data-element_type=\"widget\" data-e-type=\"widget\" data-widget_type=\"text-editor.default\">\n\t\t\t\t<div class=\"elementor-widget-container\">\n\t\t\t\t\t\t\t\t\t<p>Malcesine wird diejenigen begeistern, die sich f\u00fcr mittelalterliche Geschichte interessieren. Die ber\u00fchmteste historische Sehensw\u00fcrdigkeit ist die Burg von Malcesine, ein imposantes Bauwerk am Gardasee, dessen Geschichte im 13. Jahrhundert begann. Bei der Erkundung der alten S\u00e4le und H\u00f6fe erfahren Sie mehr \u00fcber die Fr\u00fchzeit der Burg sowie die Ritter und Schlachten, die ihre Geschichte pr\u00e4gten. Von der Architektur der Burg bis hin zu den ausgestellten Artefakten k\u00f6nnen Sie einen Einblick in die reiche mittelalterliche Vergangenheit von Malcesine gewinnen.<\/p>\t\t\t\t\t\t\t\t<\/div>\n\t\t\t\t<\/div>\n\t\t\t\t\t<\/div>\n\t\t<\/div>\n\t\t\t\t\t<\/div>\n\t\t<\/section>\n\t\t\t\t<section class=\"elementor-section elementor-top-section elementor-element elementor-element-d78876d elementor-section-boxed elementor-section-height-default elementor-section-height-default\" data-id=\"d78876d\" data-element_type=\"section\" data-e-type=\"section\">\n\t\t\t\t\t\t<div class=\"elementor-container elementor-column-gap-default\">\n\t\t\t\t\t<div class=\"elementor-column elementor-col-50 elementor-top-column elementor-element elementor-element-619cdcc\" data-id=\"619cdcc\" data-element_type=\"column\" data-e-type=\"column\">\n\t\t\t<div class=\"elementor-widget-wrap elementor-element-populated\">\n\t\t\t\t\t\t<div class=\"elementor-element elementor-element-34703eb elementor-widget elementor-widget-heading\" data-id=\"34703eb\" data-element_type=\"widget\" data-e-type=\"widget\" data-widget_type=\"heading.default\">\n\t\t\t\t<div class=\"elementor-widget-container\">\n\t\t\t\t\t<h3 class=\"elementor-heading-title elementor-size-default\">Architektonische Sch\u00f6nheit<\/h3>\t\t\t\t<\/div>\n\t\t\t\t<\/div>\n\t\t\t\t<div class=\"elementor-element elementor-element-e03ed8f elementor-widget elementor-widget-text-editor\" data-id=\"e03ed8f\" data-element_type=\"widget\" data-e-type=\"widget\" data-widget_type=\"text-editor.default\">\n\t\t\t\t<div class=\"elementor-widget-container\">\n\t\t\t\t\t\t\t\t\t<p>Die lebendige Architektur von Malcesine ist das Ergebnis vieler kultureller Einfl\u00fcsse. Die reizvollen Kopfsteinpflasterstra\u00dfen der Stadt m\u00f6gen typisch f\u00fcr andere Orte am Gardasee sein, aber Malcesine hat seinen eigenen, einzigartigen architektonischen Stil, der seinen Charme ausmacht. Genie\u00dfen Sie einen Spaziergang \u00fcber die lebhaften Pl\u00e4tze der Stadt, wo elegante Torb\u00f6gen und charmante Balkone zu den feinen Details beitragen, die Malcesine zu einer so h\u00fcbschen Stadt machen, die es zu erkunden gilt.<\/p>\t\t\t\t\t\t\t\t<\/div>\n\t\t\t\t<\/div>\n\t\t\t\t<div class=\"elementor-element elementor-element-3561824 elementor-widget elementor-widget-heading\" data-id=\"3561824\" data-element_type=\"widget\" data-e-type=\"widget\" data-widget_type=\"heading.default\">\n\t\t\t\t<div class=\"elementor-widget-container\">\n\t\t\t\t\t<h3 class=\"elementor-heading-title elementor-size-default\">Panoramablicke<\/h3>\t\t\t\t<\/div>\n\t\t\t\t<\/div>\n\t\t\t\t<div class=\"elementor-element elementor-element-78c56d5 elementor-widget elementor-widget-text-editor\" data-id=\"78c56d5\" data-element_type=\"widget\" data-e-type=\"widget\" data-widget_type=\"text-editor.default\">\n\t\t\t\t<div class=\"elementor-widget-container\">\n\t\t\t\t\t\t\t\t\t<p>Malcesine bietet einen atemberaubenden Panoramablick auf den Gardasee und die umliegenden Berge \u2013 ein perfekter Aussichtspunkt, um ihn abseits der belebteren Touristengebiete rund um den See zu genie\u00dfen. Machen Sie einen gem\u00fctlichen Spaziergang entlang der Seepromenade oder fahren Sie mit der Seilbahn auf den Monte Baldo, um die Aussicht aus der Vogelperspektive zu erleben. Diese unglaublichen Aussichten werden Sie nie vergessen und Sie sollten auf jeden Fall viele Fotos machen, damit Sie die Erinnerungen immer wieder aufleben lassen k\u00f6nnen.<\/p>\t\t\t\t\t\t\t\t<\/div>\n\t\t\t\t<\/div>\n\t\t\t\t\t<\/div>\n\t\t<\/div>\n\t\t\t\t<div class=\"elementor-column elementor-col-50 elementor-top-column elementor-element elementor-element-415ee32\" data-id=\"415ee32\" data-element_type=\"column\" data-e-type=\"column\">\n\t\t\t<div class=\"elementor-widget-wrap elementor-element-populated\">\n\t\t\t\t\t\t<div class=\"elementor-element elementor-element-0f3dffa elementor-widget elementor-widget-image\" data-id=\"0f3dffa\" data-element_type=\"widget\" data-e-type=\"widget\" data-widget_type=\"image.default\">\n\t\t\t\t<div class=\"elementor-widget-container\">\n\t\t\t\t\t\t\t\t\t\t\t\t\t\t\t<img fetchpriority=\"high\" decoding=\"async\" width=\"669\" height=\"630\" src=\"https:\/\/www.domusrental.com\/blog\/wp-content\/uploads\/2024\/02\/malcesine-castle-669x630.jpg\" class=\"attachment-large size-large wp-image-1599\" alt=\"malcesine-castle\" \/>\t\t\t\t\t\t\t\t\t\t\t\t\t\t\t<\/div>\n\t\t\t\t<\/div>\n\t\t\t\t\t<\/div>\n\t\t<\/div>\n\t\t\t\t\t<\/div>\n\t\t<\/section>\n\t\t\t\t<section class=\"elementor-section elementor-top-section elementor-element elementor-element-63cb6e3 elementor-section-boxed elementor-section-height-default elementor-section-height-default\" data-id=\"63cb6e3\" data-element_type=\"section\" data-e-type=\"section\">\n\t\t\t\t\t\t<div class=\"elementor-container elementor-column-gap-default\">\n\t\t\t\t\t<div class=\"elementor-column elementor-col-100 elementor-top-column elementor-element elementor-element-37efc0a\" data-id=\"37efc0a\" data-element_type=\"column\" data-e-type=\"column\">\n\t\t\t<div class=\"elementor-widget-wrap elementor-element-populated\">\n\t\t\t\t\t\t<div class=\"elementor-element elementor-element-12ca7c8 elementor-widget elementor-widget-heading\" data-id=\"12ca7c8\" data-element_type=\"widget\" data-e-type=\"widget\" data-widget_type=\"heading.default\">\n\t\t\t\t<div class=\"elementor-widget-container\">\n\t\t\t\t\t<h2 class=\"elementor-heading-title elementor-size-default\">Museen und Ausstellungen\n<\/h2>\t\t\t\t<\/div>\n\t\t\t\t<\/div>\n\t\t\t\t<div class=\"elementor-element elementor-element-3019e02 elementor-widget elementor-widget-text-editor\" data-id=\"3019e02\" data-element_type=\"widget\" data-e-type=\"widget\" data-widget_type=\"text-editor.default\">\n\t\t\t\t<div class=\"elementor-widget-container\">\n\t\t\t\t\t\t\t\t\t<p>Ganz gleich, wohin Sie in Italien reisen, Sie sind von Kultur umgeben und in <strong>Malcesine am Gardasee<\/strong> erwarten Sie vielf\u00e4ltige Museen und Ausstellungen. Einige der Sehensw\u00fcrdigkeiten, die Sie unbedingt besuchen sollten, sind:<\/p><ul><li style=\"font-weight: 400;\" aria-level=\"1\"><strong>Museum der Burg von Malcesine<\/strong>: Entdecken Sie die Geschichte und das Erbe der Stadt in den Mauern der Burg von Malcesine. Entdecken Sie die verschiedenen Artefakte und Exponate, die die Geschichte der Burg und der Stadt im Laufe der Jahrhunderte erz\u00e4hlen.<\/li><li style=\"font-weight: 400;\" aria-level=\"1\"><strong>Naturhistorisches Museum<\/strong>: Entdecken Sie die reiche Artenvielfalt von <strong>Malcesine<\/strong>, dem <strong>Gardasee<\/strong> und der umliegenden Region. Dieses Museum zeigt die Dinge, die Malcesine einzigartig machen, und bietet Einblicke in die \u00f6kologische Bedeutung der Region.<\/li><li style=\"font-weight: 400;\" aria-level=\"1\"><strong>Palazzo dei Capitani<\/strong>: Tauchen Sie ein in Kunst und Kultur in diesem historischen Palast, dessen Name \u00fcbersetzt \u201ePalast der Kapit\u00e4ne\u201c bedeutet. Der Palazzo dei Capitani beherbergt Wechselausstellungen, an denen lokale und internationale K\u00fcnstler teilnehmen. Der Palast selbst ist ein Wunderwerk der Renaissance-Architektur und wird ein H\u00f6hepunkt Ihres Besuchs in Gardasee Malcesine sein.<\/li><li><strong>Oliven\u00f6lmuseum<\/strong>: Erfahren Sie mehr \u00fcber die traditionelle Oliven\u00f6lproduktion, die ein Teil der Geschichte von Malcesine ist. Entdecken Sie den Prozess vom Obstgarten bis zum \u00d6l und probieren Sie die Aromen der lokalen Olivensorten. Nehmen Sie auf jeden Fall etwas davon mit, damit Sie auch zu Hause den Geschmack Italiens genie\u00dfen k\u00f6nnen.<\/li><\/ul>\t\t\t\t\t\t\t\t<\/div>\n\t\t\t\t<\/div>\n\t\t\t\t\t<\/div>\n\t\t<\/div>\n\t\t\t\t\t<\/div>\n\t\t<\/section>\n\t\t\t\t<section class=\"elementor-section elementor-top-section elementor-element elementor-element-566c7f1 elementor-section-boxed elementor-section-height-default elementor-section-height-default\" data-id=\"566c7f1\" data-element_type=\"section\" data-e-type=\"section\">\n\t\t\t\t\t\t<div class=\"elementor-container elementor-column-gap-default\">\n\t\t\t\t\t<div class=\"elementor-column elementor-col-100 elementor-top-column elementor-element elementor-element-27f1b22\" data-id=\"27f1b22\" data-element_type=\"column\" data-e-type=\"column\">\n\t\t\t<div class=\"elementor-widget-wrap elementor-element-populated\">\n\t\t\t\t\t\t<div class=\"elementor-element elementor-element-eb763ed elementor-widget elementor-widget-image\" data-id=\"eb763ed\" data-element_type=\"widget\" data-e-type=\"widget\" data-widget_type=\"image.default\">\n\t\t\t\t<div class=\"elementor-widget-container\">\n\t\t\t\t\t\t\t\t\t\t\t\t\t\t\t<img decoding=\"async\" width=\"1254\" height=\"627\" src=\"https:\/\/www.domusrental.com\/blog\/wp-content\/uploads\/2024\/02\/views-malcesine.jpg\" class=\"attachment-full size-full wp-image-1600\" alt=\"views-malcesine\" srcset=\"https:\/\/www.domusrental.com\/blog\/wp-content\/uploads\/2024\/02\/views-malcesine.jpg 1254w, https:\/\/www.domusrental.com\/blog\/wp-content\/uploads\/2024\/02\/views-malcesine-768x384.jpg 768w\" sizes=\"(max-width: 1254px) 100vw, 1254px\" \/>\t\t\t\t\t\t\t\t\t\t\t\t\t\t\t<\/div>\n\t\t\t\t<\/div>\n\t\t\t\t\t<\/div>\n\t\t<\/div>\n\t\t\t\t\t<\/div>\n\t\t<\/section>\n\t\t\t\t<section class=\"elementor-section elementor-top-section elementor-element elementor-element-5370774 elementor-section-boxed elementor-section-height-default elementor-section-height-default\" data-id=\"5370774\" data-element_type=\"section\" data-e-type=\"section\">\n\t\t\t\t\t\t<div class=\"elementor-container elementor-column-gap-default\">\n\t\t\t\t\t<div class=\"elementor-column elementor-col-100 elementor-top-column elementor-element elementor-element-fc6150d\" data-id=\"fc6150d\" data-element_type=\"column\" data-e-type=\"column\">\n\t\t\t<div class=\"elementor-widget-wrap elementor-element-populated\">\n\t\t\t\t\t\t<div class=\"elementor-element elementor-element-e8aa508 elementor-widget elementor-widget-heading\" data-id=\"e8aa508\" data-element_type=\"widget\" data-e-type=\"widget\" data-widget_type=\"heading.default\">\n\t\t\t\t<div class=\"elementor-widget-container\">\n\t\t\t\t\t<h2 class=\"elementor-heading-title elementor-size-default\">Wie man nach Malcesine kommt<\/h2>\t\t\t\t<\/div>\n\t\t\t\t<\/div>\n\t\t\t\t<div class=\"elementor-element elementor-element-6cf9baf elementor-widget elementor-widget-text-editor\" data-id=\"6cf9baf\" data-element_type=\"widget\" data-e-type=\"widget\" data-widget_type=\"text-editor.default\">\n\t\t\t\t<div class=\"elementor-widget-container\">\n\t\t\t\t\t\t\t\t\t<p><strong>Malcesine<\/strong> ist ein unverzichtbares Reiseziel am <strong>Gardasee<\/strong> und hat f\u00fcr einen Tagesausflug oder einen l\u00e4ngeren Aufenthalt viel zu bieten. Planen Sie Ihren Besuch, indem Sie sich \u00fcber die verschiedenen Transportm\u00f6glichkeiten informieren, mit denen Sie die Stadt erreichen und das Beste aus Ihrem Besuch machen k\u00f6nnen.<\/p><p>Informieren Sie sich \u00fcber die \u00d6ffnungszeiten der Attraktionen, die Sie besichtigen m\u00f6chten, um sicherzustellen, dass Sie nichts verpassen. Und wenn Sie w\u00e4hrend Ihres Besuchs bestimmte Restaurants oder Caf\u00e9s besuchen m\u00f6chten, sollten Sie im Voraus reservieren, um Entt\u00e4uschungen zu vermeiden.<\/p>\t\t\t\t\t\t\t\t<\/div>\n\t\t\t\t<\/div>\n\t\t\t\t\t<\/div>\n\t\t<\/div>\n\t\t\t\t\t<\/div>\n\t\t<\/section>\n\t\t\t\t<section class=\"elementor-section elementor-top-section elementor-element elementor-element-c68ac26 elementor-section-boxed elementor-section-height-default elementor-section-height-default\" data-id=\"c68ac26\" data-element_type=\"section\" data-e-type=\"section\">\n\t\t\t\t\t\t<div class=\"elementor-container elementor-column-gap-default\">\n\t\t\t\t\t<div class=\"elementor-column elementor-col-100 elementor-top-column elementor-element elementor-element-022c4cb\" data-id=\"022c4cb\" data-element_type=\"column\" data-e-type=\"column\">\n\t\t\t<div class=\"elementor-widget-wrap elementor-element-populated\">\n\t\t\t\t\t\t<div class=\"elementor-element elementor-element-317ea5e elementor-widget elementor-widget-heading\" data-id=\"317ea5e\" data-element_type=\"widget\" data-e-type=\"widget\" data-widget_type=\"heading.default\">\n\t\t\t\t<div class=\"elementor-widget-container\">\n\t\t\t\t\t<h2 class=\"elementor-heading-title elementor-size-default\">Machen Sie Malcesine magisch f\u00fcr Ihre G\u00e4ste mit Domus<\/h2>\t\t\t\t<\/div>\n\t\t\t\t<\/div>\n\t\t\t\t<div class=\"elementor-element elementor-element-975bed4 elementor-widget elementor-widget-text-editor\" data-id=\"975bed4\" data-element_type=\"widget\" data-e-type=\"widget\" data-widget_type=\"text-editor.default\">\n\t\t\t\t<div class=\"elementor-widget-container\">\n\t\t\t\t\t\t\t\t\t<p><strong>Malcesine am Gardasee<\/strong> ist ein unglaubliches Reiseziel, das es zu entdecken gilt, und mit Domus Rental k\u00f6nnen Sie dazu beitragen, dass noch mehr Menschen seine Sch\u00f6nheit erleben k\u00f6nnen. Erfahren Sie mehr \u00fcber unsere Dienstleistungen und wie wir Ihre Immobilie zum Strahlen bringen k\u00f6nnen.<\/p>\t\t\t\t\t\t\t\t<\/div>\n\t\t\t\t<\/div>\n\t\t\t\t\t<\/div>\n\t\t<\/div>\n\t\t\t\t\t<\/div>\n\t\t<\/section>\n\t\t\t\t<section class=\"elementor-section elementor-top-section elementor-element elementor-element-32323139 elementor-section-boxed elementor-section-height-default elementor-section-height-default\" data-id=\"32323139\" data-element_type=\"section\" data-e-type=\"section\">\n\t\t\t\t\t\t<div class=\"elementor-container elementor-column-gap-default\">\n\t\t\t\t\t<div class=\"elementor-column elementor-col-33 elementor-top-column elementor-element elementor-element-43df5e1\" data-id=\"43df5e1\" data-element_type=\"column\" data-e-type=\"column\">\n\t\t\t<div class=\"elementor-widget-wrap elementor-element-populated\">\n\t\t\t\t\t\t<div class=\"elementor-element elementor-element-2ffabe1e elementor-align-center elementor-widget elementor-widget-button\" data-id=\"2ffabe1e\" data-element_type=\"widget\" data-e-type=\"widget\" data-widget_type=\"button.default\">\n\t\t\t\t<div class=\"elementor-widget-container\">\n\t\t\t\t\t\t\t\t\t<div class=\"elementor-button-wrapper\">\n\t\t\t\t\t<a class=\"elementor-button elementor-button-link elementor-size-md\" href=\"https:\/\/www.domusrental.com\/de\/vermietung\/vermietungen-malcesine-d66742\/\">\n\t\t\t\t\t\t<span class=\"elementor-button-content-wrapper\">\n\t\t\t\t\t\t\t\t\t<span class=\"elementor-button-text\">Malcesine<\/span>\n\t\t\t\t\t<\/span>\n\t\t\t\t\t<\/a>\n\t\t\t\t<\/div>\n\t\t\t\t\t\t\t\t<\/div>\n\t\t\t\t<\/div>\n\t\t\t\t\t<\/div>\n\t\t<\/div>\n\t\t\t\t<div class=\"elementor-column elementor-col-33 elementor-top-column elementor-element elementor-element-1aa4fcb\" data-id=\"1aa4fcb\" data-element_type=\"column\" data-e-type=\"column\">\n\t\t\t<div class=\"elementor-widget-wrap elementor-element-populated\">\n\t\t\t\t\t\t<div class=\"elementor-element elementor-element-470e77a9 elementor-align-center elementor-widget elementor-widget-button\" data-id=\"470e77a9\" data-element_type=\"widget\" data-e-type=\"widget\" data-widget_type=\"button.default\">\n\t\t\t\t<div class=\"elementor-widget-container\">\n\t\t\t\t\t\t\t\t\t<div class=\"elementor-button-wrapper\">\n\t\t\t\t\t<a class=\"elementor-button elementor-button-link elementor-size-md\" href=\"https:\/\/www.domusrental.com\/de\/vermietung\/vermietungen-bardolino-d66641\/ansicht-liste\/\">\n\t\t\t\t\t\t<span class=\"elementor-button-content-wrapper\">\n\t\t\t\t\t\t\t\t\t<span class=\"elementor-button-text\">Bardolino<\/span>\n\t\t\t\t\t<\/span>\n\t\t\t\t\t<\/a>\n\t\t\t\t<\/div>\n\t\t\t\t\t\t\t\t<\/div>\n\t\t\t\t<\/div>\n\t\t\t\t\t<\/div>\n\t\t<\/div>\n\t\t\t\t<div class=\"elementor-column elementor-col-33 elementor-top-column elementor-element elementor-element-25f7c42d\" data-id=\"25f7c42d\" data-element_type=\"column\" data-e-type=\"column\">\n\t\t\t<div class=\"elementor-widget-wrap elementor-element-populated\">\n\t\t\t\t\t\t<div class=\"elementor-element elementor-element-2b1a6f45 elementor-align-center elementor-widget elementor-widget-button\" data-id=\"2b1a6f45\" data-element_type=\"widget\" data-e-type=\"widget\" data-widget_type=\"button.default\">\n\t\t\t\t<div class=\"elementor-widget-container\">\n\t\t\t\t\t\t\t\t\t<div class=\"elementor-button-wrapper\">\n\t\t\t\t\t<a class=\"elementor-button elementor-button-link elementor-size-md\" href=\"https:\/\/www.domusrental.com\/de\/vermietung\/vermietungen-torri-del-benaco-d66838\/\">\n\t\t\t\t\t\t<span class=\"elementor-button-content-wrapper\">\n\t\t\t\t\t\t\t\t\t<span class=\"elementor-button-text\">Torri Del Benaco<\/span>\n\t\t\t\t\t<\/span>\n\t\t\t\t\t<\/a>\n\t\t\t\t<\/div>\n\t\t\t\t\t\t\t\t<\/div>\n\t\t\t\t<\/div>\n\t\t\t\t\t<\/div>\n\t\t<\/div>\n\t\t\t\t\t<\/div>\n\t\t<\/section>\n\t\t\t\t<\/div>\n\t\t","protected":false},"excerpt":{"rendered":"<p>Der Gardasee ist eine der sch\u00f6nsten Sehensw\u00fcrdigkeiten Italiens, ein Kultort, der j\u00e4hrlich mehr als 22 Millionen Besucher anzieht. W\u00e4hrend der Gardasee von vielen bezaubernden St\u00e4dten geschm\u00fcckt ist, ist Malcesine eines der Juwelen unter ihnen, das Sie w\u00e4hrend Ihres Aufenthalts in der Region unbedingt besuchen sollten. M\u00f6chten Sie mehr \u00fcber Malcesine am Gardasee erfahren? Lesen Sie [&hellip;]<\/p>\n","protected":false},"author":2,"featured_media":1595,"comment_status":"open","ping_status":"closed","sticky":false,"template":"","format":"standard","meta":{"footnotes":""},"categories":[65],"tags":[],"class_list":["post-1906","post","type-post","status-publish","format-standard","has-post-thumbnail","hentry","category-staedte-gardasee"],"yoast_head":"<!-- This site is optimized with the Yoast SEO plugin v27.4 - https:\/\/yoast.com\/product\/yoast-seo-wordpress\/ -->\n<title>Malcesine am Gardasee entdecken: Ein italienisches Wunder - Blog | Domus Rental<\/title>\n<meta name=\"description\" content=\"Besuchen Sie Malcesine am Gardasee, wo sich Natur und Kultur der Region zu einem unvergesslichen Erlebnis vereinen.\" \/>\n<meta name=\"robots\" content=\"index, follow, max-snippet:-1, max-image-preview:large, max-video-preview:-1\" \/>\n<link rel=\"canonical\" href=\"https:\/\/www.domusrental.com\/blog\/malcesine\/\" \/>\n<meta property=\"og:locale\" content=\"de_DE\" \/>\n<meta property=\"og:type\" content=\"article\" \/>\n<meta property=\"og:title\" content=\"Malcesine am Gardasee entdecken: Ein italienisches Wunder - Blog | Domus Rental\" \/>\n<meta property=\"og:description\" content=\"Besuchen Sie Malcesine am Gardasee, wo sich Natur und Kultur der Region zu einem unvergesslichen Erlebnis vereinen.\" \/>\n<meta property=\"og:url\" content=\"https:\/\/www.domusrental.com\/blog\/malcesine\/\" \/>\n<meta property=\"og:site_name\" content=\"Blog | Domus Rental\" \/>\n<meta property=\"article:publisher\" content=\"https:\/\/www.facebook.com\/domusrental\" \/>\n<meta property=\"article:published_time\" content=\"2024-04-04T08:38:19+00:00\" \/>\n<meta property=\"article:modified_time\" content=\"2025-01-21T15:36:50+00:00\" \/>\n<meta property=\"og:image\" content=\"https:\/\/www.domusrental.com\/blog\/wp-content\/uploads\/2024\/02\/malcesine-lake-garda.jpg\" \/>\n\t<meta property=\"og:image:width\" content=\"2121\" \/>\n\t<meta property=\"og:image:height\" content=\"707\" \/>\n\t<meta property=\"og:image:type\" content=\"image\/jpeg\" \/>\n<meta name=\"author\" content=\"digitalservices\" \/>\n<meta name=\"twitter:card\" content=\"summary_large_image\" \/>\n<meta name=\"twitter:creator\" content=\"@DomusRental\" \/>\n<meta name=\"twitter:site\" content=\"@DomusRental\" \/>\n<meta name=\"twitter:label1\" content=\"Verfasst von\" \/>\n\t<meta name=\"twitter:data1\" content=\"digitalservices\" \/>\n\t<meta name=\"twitter:label2\" content=\"Gesch\u00e4tzte Lesezeit\" \/>\n\t<meta name=\"twitter:data2\" content=\"6\u00a0Minuten\" \/>\n<script type=\"application\/ld+json\" class=\"yoast-schema-graph\">{\"@context\":\"https:\\\/\\\/schema.org\",\"@graph\":[{\"@type\":\"Article\",\"@id\":\"https:\\\/\\\/www.domusrental.com\\\/blog\\\/malcesine\\\/#article\",\"isPartOf\":{\"@id\":\"https:\\\/\\\/www.domusrental.com\\\/blog\\\/malcesine\\\/\"},\"author\":{\"name\":\"digitalservices\",\"@id\":\"https:\\\/\\\/www.domusrental.com\\\/blog\\\/#\\\/schema\\\/person\\\/4704eef53d63fc41b94477baca3572f8\"},\"headline\":\"Malcesine am Gardasee entdecken: Ein italienisches Wunder\",\"datePublished\":\"2024-04-04T08:38:19+00:00\",\"dateModified\":\"2025-01-21T15:36:50+00:00\",\"mainEntityOfPage\":{\"@id\":\"https:\\\/\\\/www.domusrental.com\\\/blog\\\/malcesine\\\/\"},\"wordCount\":876,\"commentCount\":0,\"publisher\":{\"@id\":\"https:\\\/\\\/www.domusrental.com\\\/blog\\\/#organization\"},\"image\":{\"@id\":\"https:\\\/\\\/www.domusrental.com\\\/blog\\\/malcesine\\\/#primaryimage\"},\"thumbnailUrl\":\"https:\\\/\\\/www.domusrental.com\\\/blog\\\/wp-content\\\/uploads\\\/2024\\\/02\\\/malcesine-lake-garda.jpg\",\"articleSection\":[\"St\u00e4dte\"],\"inLanguage\":\"de\",\"potentialAction\":[{\"@type\":\"CommentAction\",\"name\":\"Comment\",\"target\":[\"https:\\\/\\\/www.domusrental.com\\\/blog\\\/malcesine\\\/#respond\"]}]},{\"@type\":\"WebPage\",\"@id\":\"https:\\\/\\\/www.domusrental.com\\\/blog\\\/malcesine\\\/\",\"url\":\"https:\\\/\\\/www.domusrental.com\\\/blog\\\/malcesine\\\/\",\"name\":\"Malcesine am Gardasee entdecken: Ein italienisches Wunder - Blog | Domus Rental\",\"isPartOf\":{\"@id\":\"https:\\\/\\\/www.domusrental.com\\\/blog\\\/#website\"},\"primaryImageOfPage\":{\"@id\":\"https:\\\/\\\/www.domusrental.com\\\/blog\\\/malcesine\\\/#primaryimage\"},\"image\":{\"@id\":\"https:\\\/\\\/www.domusrental.com\\\/blog\\\/malcesine\\\/#primaryimage\"},\"thumbnailUrl\":\"https:\\\/\\\/www.domusrental.com\\\/blog\\\/wp-content\\\/uploads\\\/2024\\\/02\\\/malcesine-lake-garda.jpg\",\"datePublished\":\"2024-04-04T08:38:19+00:00\",\"dateModified\":\"2025-01-21T15:36:50+00:00\",\"description\":\"Besuchen Sie Malcesine am Gardasee, wo sich Natur und Kultur der Region zu einem unvergesslichen Erlebnis vereinen.\",\"breadcrumb\":{\"@id\":\"https:\\\/\\\/www.domusrental.com\\\/blog\\\/malcesine\\\/#breadcrumb\"},\"inLanguage\":\"de\",\"potentialAction\":[{\"@type\":\"ReadAction\",\"target\":[\"https:\\\/\\\/www.domusrental.com\\\/blog\\\/malcesine\\\/\"]}]},{\"@type\":\"ImageObject\",\"inLanguage\":\"de\",\"@id\":\"https:\\\/\\\/www.domusrental.com\\\/blog\\\/malcesine\\\/#primaryimage\",\"url\":\"https:\\\/\\\/www.domusrental.com\\\/blog\\\/wp-content\\\/uploads\\\/2024\\\/02\\\/malcesine-lake-garda.jpg\",\"contentUrl\":\"https:\\\/\\\/www.domusrental.com\\\/blog\\\/wp-content\\\/uploads\\\/2024\\\/02\\\/malcesine-lake-garda.jpg\",\"width\":2121,\"height\":707,\"caption\":\"malcesine-lake-garda\"},{\"@type\":\"BreadcrumbList\",\"@id\":\"https:\\\/\\\/www.domusrental.com\\\/blog\\\/malcesine\\\/#breadcrumb\",\"itemListElement\":[{\"@type\":\"ListItem\",\"position\":1,\"name\":\"Home\",\"item\":\"https:\\\/\\\/www.domusrental.com\\\/blog\\\/de\\\/\"},{\"@type\":\"ListItem\",\"position\":2,\"name\":\"Malcesine am Gardasee entdecken: Ein italienisches Wunder\"}]},{\"@type\":\"WebSite\",\"@id\":\"https:\\\/\\\/www.domusrental.com\\\/blog\\\/#website\",\"url\":\"https:\\\/\\\/www.domusrental.com\\\/blog\\\/\",\"name\":\"Domus Rental\",\"description\":\"\",\"publisher\":{\"@id\":\"https:\\\/\\\/www.domusrental.com\\\/blog\\\/#organization\"},\"potentialAction\":[{\"@type\":\"SearchAction\",\"target\":{\"@type\":\"EntryPoint\",\"urlTemplate\":\"https:\\\/\\\/www.domusrental.com\\\/blog\\\/?s={search_term_string}\"},\"query-input\":{\"@type\":\"PropertyValueSpecification\",\"valueRequired\":true,\"valueName\":\"search_term_string\"}}],\"inLanguage\":\"de\"},{\"@type\":\"Organization\",\"@id\":\"https:\\\/\\\/www.domusrental.com\\\/blog\\\/#organization\",\"name\":\"Blog | Domus Rental\",\"url\":\"https:\\\/\\\/www.domusrental.com\\\/blog\\\/\",\"logo\":{\"@type\":\"ImageObject\",\"inLanguage\":\"de\",\"@id\":\"https:\\\/\\\/www.domusrental.com\\\/blog\\\/#\\\/schema\\\/logo\\\/image\\\/\",\"url\":\"https:\\\/\\\/www.domusrental.com\\\/blog\\\/wp-content\\\/uploads\\\/2024\\\/04\\\/favicon.png\",\"contentUrl\":\"https:\\\/\\\/www.domusrental.com\\\/blog\\\/wp-content\\\/uploads\\\/2024\\\/04\\\/favicon.png\",\"width\":298,\"height\":298,\"caption\":\"Blog | Domus Rental\"},\"image\":{\"@id\":\"https:\\\/\\\/www.domusrental.com\\\/blog\\\/#\\\/schema\\\/logo\\\/image\\\/\"},\"sameAs\":[\"https:\\\/\\\/www.facebook.com\\\/domusrental\",\"https:\\\/\\\/x.com\\\/DomusRental\"]},{\"@type\":\"Person\",\"@id\":\"https:\\\/\\\/www.domusrental.com\\\/blog\\\/#\\\/schema\\\/person\\\/4704eef53d63fc41b94477baca3572f8\",\"name\":\"digitalservices\",\"image\":{\"@type\":\"ImageObject\",\"inLanguage\":\"de\",\"@id\":\"https:\\\/\\\/secure.gravatar.com\\\/avatar\\\/af30f88a1904294c1f3eb09a9d7903eec4ffa18fa2cf40c28a8681014ecdfc20?s=96&d=mm&r=g\",\"url\":\"https:\\\/\\\/secure.gravatar.com\\\/avatar\\\/af30f88a1904294c1f3eb09a9d7903eec4ffa18fa2cf40c28a8681014ecdfc20?s=96&d=mm&r=g\",\"contentUrl\":\"https:\\\/\\\/secure.gravatar.com\\\/avatar\\\/af30f88a1904294c1f3eb09a9d7903eec4ffa18fa2cf40c28a8681014ecdfc20?s=96&d=mm&r=g\",\"caption\":\"digitalservices\"},\"url\":\"https:\\\/\\\/www.domusrental.com\\\/blog\\\/de\\\/author\\\/digitalservices\\\/\"}]}<\/script>\n<!-- \/ Yoast SEO plugin. -->","yoast_head_json":{"title":"Malcesine am Gardasee entdecken: Ein italienisches Wunder - Blog | Domus Rental","description":"Besuchen Sie Malcesine am Gardasee, wo sich Natur und Kultur der Region zu einem unvergesslichen Erlebnis vereinen.","robots":{"index":"index","follow":"follow","max-snippet":"max-snippet:-1","max-image-preview":"max-image-preview:large","max-video-preview":"max-video-preview:-1"},"canonical":"https:\/\/www.domusrental.com\/blog\/malcesine\/","og_locale":"de_DE","og_type":"article","og_title":"Malcesine am Gardasee entdecken: Ein italienisches Wunder - Blog | Domus Rental","og_description":"Besuchen Sie Malcesine am Gardasee, wo sich Natur und Kultur der Region zu einem unvergesslichen Erlebnis vereinen.","og_url":"https:\/\/www.domusrental.com\/blog\/malcesine\/","og_site_name":"Blog | Domus Rental","article_publisher":"https:\/\/www.facebook.com\/domusrental","article_published_time":"2024-04-04T08:38:19+00:00","article_modified_time":"2025-01-21T15:36:50+00:00","og_image":[{"width":2121,"height":707,"url":"https:\/\/www.domusrental.com\/blog\/wp-content\/uploads\/2024\/02\/malcesine-lake-garda.jpg","type":"image\/jpeg"}],"author":"digitalservices","twitter_card":"summary_large_image","twitter_creator":"@DomusRental","twitter_site":"@DomusRental","twitter_misc":{"Verfasst von":"digitalservices","Gesch\u00e4tzte Lesezeit":"6\u00a0Minuten"},"schema":{"@context":"https:\/\/schema.org","@graph":[{"@type":"Article","@id":"https:\/\/www.domusrental.com\/blog\/malcesine\/#article","isPartOf":{"@id":"https:\/\/www.domusrental.com\/blog\/malcesine\/"},"author":{"name":"digitalservices","@id":"https:\/\/www.domusrental.com\/blog\/#\/schema\/person\/4704eef53d63fc41b94477baca3572f8"},"headline":"Malcesine am Gardasee entdecken: Ein italienisches Wunder","datePublished":"2024-04-04T08:38:19+00:00","dateModified":"2025-01-21T15:36:50+00:00","mainEntityOfPage":{"@id":"https:\/\/www.domusrental.com\/blog\/malcesine\/"},"wordCount":876,"commentCount":0,"publisher":{"@id":"https:\/\/www.domusrental.com\/blog\/#organization"},"image":{"@id":"https:\/\/www.domusrental.com\/blog\/malcesine\/#primaryimage"},"thumbnailUrl":"https:\/\/www.domusrental.com\/blog\/wp-content\/uploads\/2024\/02\/malcesine-lake-garda.jpg","articleSection":["St\u00e4dte"],"inLanguage":"de","potentialAction":[{"@type":"CommentAction","name":"Comment","target":["https:\/\/www.domusrental.com\/blog\/malcesine\/#respond"]}]},{"@type":"WebPage","@id":"https:\/\/www.domusrental.com\/blog\/malcesine\/","url":"https:\/\/www.domusrental.com\/blog\/malcesine\/","name":"Malcesine am Gardasee entdecken: Ein italienisches Wunder - Blog | Domus Rental","isPartOf":{"@id":"https:\/\/www.domusrental.com\/blog\/#website"},"primaryImageOfPage":{"@id":"https:\/\/www.domusrental.com\/blog\/malcesine\/#primaryimage"},"image":{"@id":"https:\/\/www.domusrental.com\/blog\/malcesine\/#primaryimage"},"thumbnailUrl":"https:\/\/www.domusrental.com\/blog\/wp-content\/uploads\/2024\/02\/malcesine-lake-garda.jpg","datePublished":"2024-04-04T08:38:19+00:00","dateModified":"2025-01-21T15:36:50+00:00","description":"Besuchen Sie Malcesine am Gardasee, wo sich Natur und Kultur der Region zu einem unvergesslichen Erlebnis vereinen.","breadcrumb":{"@id":"https:\/\/www.domusrental.com\/blog\/malcesine\/#breadcrumb"},"inLanguage":"de","potentialAction":[{"@type":"ReadAction","target":["https:\/\/www.domusrental.com\/blog\/malcesine\/"]}]},{"@type":"ImageObject","inLanguage":"de","@id":"https:\/\/www.domusrental.com\/blog\/malcesine\/#primaryimage","url":"https:\/\/www.domusrental.com\/blog\/wp-content\/uploads\/2024\/02\/malcesine-lake-garda.jpg","contentUrl":"https:\/\/www.domusrental.com\/blog\/wp-content\/uploads\/2024\/02\/malcesine-lake-garda.jpg","width":2121,"height":707,"caption":"malcesine-lake-garda"},{"@type":"BreadcrumbList","@id":"https:\/\/www.domusrental.com\/blog\/malcesine\/#breadcrumb","itemListElement":[{"@type":"ListItem","position":1,"name":"Home","item":"https:\/\/www.domusrental.com\/blog\/de\/"},{"@type":"ListItem","position":2,"name":"Malcesine am Gardasee entdecken: Ein italienisches Wunder"}]},{"@type":"WebSite","@id":"https:\/\/www.domusrental.com\/blog\/#website","url":"https:\/\/www.domusrental.com\/blog\/","name":"Domus Rental","description":"","publisher":{"@id":"https:\/\/www.domusrental.com\/blog\/#organization"},"potentialAction":[{"@type":"SearchAction","target":{"@type":"EntryPoint","urlTemplate":"https:\/\/www.domusrental.com\/blog\/?s={search_term_string}"},"query-input":{"@type":"PropertyValueSpecification","valueRequired":true,"valueName":"search_term_string"}}],"inLanguage":"de"},{"@type":"Organization","@id":"https:\/\/www.domusrental.com\/blog\/#organization","name":"Blog | Domus Rental","url":"https:\/\/www.domusrental.com\/blog\/","logo":{"@type":"ImageObject","inLanguage":"de","@id":"https:\/\/www.domusrental.com\/blog\/#\/schema\/logo\/image\/","url":"https:\/\/www.domusrental.com\/blog\/wp-content\/uploads\/2024\/04\/favicon.png","contentUrl":"https:\/\/www.domusrental.com\/blog\/wp-content\/uploads\/2024\/04\/favicon.png","width":298,"height":298,"caption":"Blog | Domus Rental"},"image":{"@id":"https:\/\/www.domusrental.com\/blog\/#\/schema\/logo\/image\/"},"sameAs":["https:\/\/www.facebook.com\/domusrental","https:\/\/x.com\/DomusRental"]},{"@type":"Person","@id":"https:\/\/www.domusrental.com\/blog\/#\/schema\/person\/4704eef53d63fc41b94477baca3572f8","name":"digitalservices","image":{"@type":"ImageObject","inLanguage":"de","@id":"https:\/\/secure.gravatar.com\/avatar\/af30f88a1904294c1f3eb09a9d7903eec4ffa18fa2cf40c28a8681014ecdfc20?s=96&d=mm&r=g","url":"https:\/\/secure.gravatar.com\/avatar\/af30f88a1904294c1f3eb09a9d7903eec4ffa18fa2cf40c28a8681014ecdfc20?s=96&d=mm&r=g","contentUrl":"https:\/\/secure.gravatar.com\/avatar\/af30f88a1904294c1f3eb09a9d7903eec4ffa18fa2cf40c28a8681014ecdfc20?s=96&d=mm&r=g","caption":"digitalservices"},"url":"https:\/\/www.domusrental.com\/blog\/de\/author\/digitalservices\/"}]}},"_links":{"self":[{"href":"https:\/\/www.domusrental.com\/blog\/de\/wp-json\/wp\/v2\/posts\/1906","targetHints":{"allow":["GET"]}}],"collection":[{"href":"https:\/\/www.domusrental.com\/blog\/de\/wp-json\/wp\/v2\/posts"}],"about":[{"href":"https:\/\/www.domusrental.com\/blog\/de\/wp-json\/wp\/v2\/types\/post"}],"author":[{"embeddable":true,"href":"https:\/\/www.domusrental.com\/blog\/de\/wp-json\/wp\/v2\/users\/2"}],"replies":[{"embeddable":true,"href":"https:\/\/www.domusrental.com\/blog\/de\/wp-json\/wp\/v2\/comments?post=1906"}],"version-history":[{"count":15,"href":"https:\/\/www.domusrental.com\/blog\/de\/wp-json\/wp\/v2\/posts\/1906\/revisions"}],"predecessor-version":[{"id":2827,"href":"https:\/\/www.domusrental.com\/blog\/de\/wp-json\/wp\/v2\/posts\/1906\/revisions\/2827"}],"wp:featuredmedia":[{"embeddable":true,"href":"https:\/\/www.domusrental.com\/blog\/de\/wp-json\/wp\/v2\/media\/1595"}],"wp:attachment":[{"href":"https:\/\/www.domusrental.com\/blog\/de\/wp-json\/wp\/v2\/media?parent=1906"}],"wp:term":[{"taxonomy":"category","embeddable":true,"href":"https:\/\/www.domusrental.com\/blog\/de\/wp-json\/wp\/v2\/categories?post=1906"},{"taxonomy":"post_tag","embeddable":true,"href":"https:\/\/www.domusrental.com\/blog\/de\/wp-json\/wp\/v2\/tags?post=1906"}],"curies":[{"name":"wp","href":"https:\/\/api.w.org\/{rel}","templated":true}]}}