{"id":2024,"date":"2024-04-24T11:15:44","date_gmt":"2024-04-24T11:15:44","guid":{"rendered":"https:\/\/www.domusrental.com\/blog\/?p=2024"},"modified":"2025-01-21T15:36:29","modified_gmt":"2025-01-21T15:36:29","slug":"gardasee-mit-kindern","status":"publish","type":"post","link":"https:\/\/www.domusrental.com\/blog\/de\/gardasee-mit-kindern\/","title":{"rendered":"Gardasee mit kindern, familienurlaub\u00a0"},"content":{"rendered":"\t\t<div data-elementor-type=\"wp-post\" data-elementor-id=\"2024\" class=\"elementor elementor-2024 elementor-1933\" data-elementor-post-type=\"post\">\n\t\t\t\t\t\t<section class=\"elementor-section elementor-top-section elementor-element elementor-element-03e18ab elementor-section-boxed elementor-section-height-default elementor-section-height-default\" data-id=\"03e18ab\" data-element_type=\"section\" data-e-type=\"section\">\n\t\t\t\t\t\t<div class=\"elementor-container elementor-column-gap-default\">\n\t\t\t\t\t<div class=\"elementor-column elementor-col-100 elementor-top-column elementor-element elementor-element-a572cd7\" data-id=\"a572cd7\" data-element_type=\"column\" data-e-type=\"column\">\n\t\t\t<div class=\"elementor-widget-wrap elementor-element-populated\">\n\t\t\t\t\t\t<div class=\"elementor-element elementor-element-67e26be elementor-widget elementor-widget-text-editor\" data-id=\"67e26be\" data-element_type=\"widget\" data-e-type=\"widget\" data-widget_type=\"text-editor.default\">\n\t\t\t\t<div class=\"elementor-widget-container\">\n\t\t\t\t\t\t\t\t\t<p>In diesem Artikel werden wir die M\u00f6glichkeiten erkunden, die der Gardasee f\u00fcr Familien bietet, ein Ort, an dem Geschichte und Natur verschmelzen und die perfekte Kulisse f\u00fcr einen unvergesslichen Urlaub schaffen. Wir besprechen die besten Aktivit\u00e4ten f\u00fcr die Kleinen, vom Schwimmen im klaren Wasser des Sees bis hin zur Entdeckung der sch\u00f6nsten St\u00e4dte.<\/p><p>Wir geben Ihnen auch Tipps zu einigen der familienfreundlichsten H\u00e4user, ideal zum Entspannen nach einem erlebnisreichen Tag. Mit unseren Vorschl\u00e4gen f\u00fcr Outdoor-Touren und Aktivit\u00e4ten f\u00fcr jedes Alter ist dieser Artikel Ihr Ausgangspunkt f\u00fcr einen unvergesslichen Aufenthalt am Gardasee.<\/p><p><strong>Bereit f\u00fcr die Abreise? Lassen Sie uns gemeinsam entdecken, was den Gardasee zu einem perfekten Reiseziel f\u00fcr einen Familienurlaub macht!<\/strong><\/p>\t\t\t\t\t\t\t\t<\/div>\n\t\t\t\t<\/div>\n\t\t\t\t\t<\/div>\n\t\t<\/div>\n\t\t\t\t\t<\/div>\n\t\t<\/section>\n\t\t\t\t<section class=\"elementor-section elementor-top-section elementor-element elementor-element-06cadfa elementor-section-boxed elementor-section-height-default elementor-section-height-default\" data-id=\"06cadfa\" data-element_type=\"section\" data-e-type=\"section\">\n\t\t\t\t\t\t<div class=\"elementor-container elementor-column-gap-default\">\n\t\t\t\t\t<div class=\"elementor-column elementor-col-100 elementor-top-column elementor-element elementor-element-2823081\" data-id=\"2823081\" data-element_type=\"column\" data-e-type=\"column\">\n\t\t\t<div class=\"elementor-widget-wrap elementor-element-populated\">\n\t\t\t\t\t\t<div class=\"elementor-element elementor-element-412ab88 elementor-widget elementor-widget-table-of-contents\" data-id=\"412ab88\" data-element_type=\"widget\" data-e-type=\"widget\" data-settings=\"{&quot;headings_by_tags&quot;:[&quot;h2&quot;],&quot;exclude_headings_by_selector&quot;:[],&quot;marker_view&quot;:&quot;bullets&quot;,&quot;icon&quot;:{&quot;value&quot;:&quot;fas fa-arrow-right&quot;,&quot;library&quot;:&quot;fa-solid&quot;},&quot;no_headings_message&quot;:&quot;Es wurden keine \\u00dcberschriften auf dieser Seite gefunden.&quot;,&quot;hierarchical_view&quot;:&quot;yes&quot;,&quot;min_height&quot;:{&quot;unit&quot;:&quot;px&quot;,&quot;size&quot;:&quot;&quot;,&quot;sizes&quot;:[]},&quot;min_height_tablet&quot;:{&quot;unit&quot;:&quot;px&quot;,&quot;size&quot;:&quot;&quot;,&quot;sizes&quot;:[]},&quot;min_height_mobile&quot;:{&quot;unit&quot;:&quot;px&quot;,&quot;size&quot;:&quot;&quot;,&quot;sizes&quot;:[]}}\" data-widget_type=\"table-of-contents.default\">\n\t\t\t\t<div class=\"elementor-widget-container\">\n\t\t\t\t\t\t\t\t\t<div class=\"elementor-toc__header\">\n\t\t\t\t\t\t<div class=\"elementor-toc__header-title\">\n\t\t\t\tVerzeichnis\t\t\t<\/div>\n\t\t\t\t\t\t\t\t<\/div>\n\t\t\t\t<div id=\"elementor-toc__412ab88\" class=\"elementor-toc__body\">\n\t\t\t<div class=\"elementor-toc__spinner-container\">\n\t\t\t\t<i class=\"elementor-toc__spinner eicon-animation-spin eicon-loading\" aria-hidden=\"true\"><\/i>\t\t\t<\/div>\n\t\t<\/div>\n\t\t\t\t\t\t<\/div>\n\t\t\t\t<\/div>\n\t\t\t\t\t<\/div>\n\t\t<\/div>\n\t\t\t\t\t<\/div>\n\t\t<\/section>\n\t\t\t\t<section class=\"elementor-section elementor-top-section elementor-element elementor-element-ed5cb5f elementor-section-boxed elementor-section-height-default elementor-section-height-default\" data-id=\"ed5cb5f\" data-element_type=\"section\" data-e-type=\"section\">\n\t\t\t\t\t\t<div class=\"elementor-container elementor-column-gap-default\">\n\t\t\t\t\t<div class=\"elementor-column elementor-col-100 elementor-top-column elementor-element elementor-element-fc52063\" data-id=\"fc52063\" data-element_type=\"column\" data-e-type=\"column\">\n\t\t\t<div class=\"elementor-widget-wrap elementor-element-populated\">\n\t\t\t\t\t\t<div class=\"elementor-element elementor-element-b24343a elementor-widget elementor-widget-heading\" data-id=\"b24343a\" data-element_type=\"widget\" data-e-type=\"widget\" data-widget_type=\"heading.default\">\n\t\t\t\t<div class=\"elementor-widget-container\">\n\t\t\t\t\t<h2 class=\"elementor-heading-title elementor-size-default\">Gardasee kinder ausfl\u00fcge<\/h2>\t\t\t\t<\/div>\n\t\t\t\t<\/div>\n\t\t\t\t<div class=\"elementor-element elementor-element-94c8a5b elementor-widget elementor-widget-text-editor\" data-id=\"94c8a5b\" data-element_type=\"widget\" data-e-type=\"widget\" data-widget_type=\"text-editor.default\">\n\t\t\t\t<div class=\"elementor-widget-container\">\n\t\t\t\t\t\t\t\t\t<p>Der Gardasee ist ein vielseitiges Reiseziel, das eine Vielzahl von Aktivit\u00e4ten f\u00fcr alle Wetterbedingungen bietet. Im Folgenden sind die Unterschiede zwischen drei Hauptkategorien von Aktivit\u00e4ten.<\/p>\t\t\t\t\t\t\t\t<\/div>\n\t\t\t\t<\/div>\n\t\t\t\t<div class=\"elementor-element elementor-element-0d16267 elementor-widget elementor-widget-html\" data-id=\"0d16267\" data-element_type=\"widget\" data-e-type=\"widget\" data-widget_type=\"html.default\">\n\t\t\t\t<div class=\"elementor-widget-container\">\n\t\t\t\t\t<iframe src=\"https:\/\/www.google.com\/maps\/d\/u\/0\/embed?mid=1JwQodR_MZSfJ87EQF5a5ULGkNuByH0E&ehbc=2E312F&noprof=1\" width=\"640\" height=\"480\"><\/iframe>\t\t\t\t<\/div>\n\t\t\t\t<\/div>\n\t\t\t\t<div class=\"elementor-element elementor-element-405c5da elementor-widget elementor-widget-heading\" data-id=\"405c5da\" data-element_type=\"widget\" data-e-type=\"widget\" data-widget_type=\"heading.default\">\n\t\t\t\t<div class=\"elementor-widget-container\">\n\t\t\t\t\t<h3 class=\"elementor-heading-title elementor-size-default\">Gardasee wandern mit kindern<\/h3>\t\t\t\t<\/div>\n\t\t\t\t<\/div>\n\t\t\t\t<div class=\"elementor-element elementor-element-91ef608 elementor-widget elementor-widget-text-editor\" data-id=\"91ef608\" data-element_type=\"widget\" data-e-type=\"widget\" data-widget_type=\"text-editor.default\">\n\t\t\t\t<div class=\"elementor-widget-container\">\n\t\t\t\t\t\t\t\t\t<div class=\"flex-shrink-0 flex flex-col relative items-end\"><div class=\"pt-0.5\"><div class=\"gizmo-shadow-stroke flex h-6 w-6 items-center justify-center overflow-hidden rounded-full\"><ul><li><strong>Gardaland<\/strong>: Der gr\u00f6\u00dfte Themenpark Italiens, Gardaland, am Gardasee gelegen, ist dank seiner Achterbahnen, Themenbereiche f\u00fcr Kinder und Wasserspiele ideal f\u00fcr einen Familienurlaub mit Kindern, um sich an hei\u00dfen Sommertagen abzuk\u00fchlen.<\/li><li><strong>Caneva Aquapark<\/strong>: Nur wenige Schritte vom Gardasee entfernt bietet der Caneva Aquapark eine Oase des Vergn\u00fcgens mit einer gro\u00dfen Auswahl an Wasserrutschen, von sanften bis zu extremen, sowie Pools und Wasserspiele, ideal f\u00fcr einen Sommertag mit der Familie.<\/li><li><strong>Park Avventura Rimbalzello Adventure<\/strong>: Dieser Abenteuerpark, umgeben von einer faszinierenden Natur in der N\u00e4he des Gardasees, bietet H\u00e4ngewege, Seilrutschen und Outdoor-Aktivit\u00e4ten, die Adrenalin und Spa\u00df f\u00fcr Besucher jeden Alters garantieren, ideal f\u00fcr aktive Familien.<\/li><li><strong>Jungle Adventure Park<\/strong>: In der N\u00e4he des Gardasees gelegen, l\u00e4dt der Jungle Adventure Park Familien und Kinder ein, ihre F\u00e4higkeiten auf abenteuerlichen Wegen zwischen B\u00e4umen, tibetischen Br\u00fccken und Seilrutschen herauszufordern und bietet eine aufregende M\u00f6glichkeit, die Natur zu genie\u00dfen.<\/li><\/ul><\/div><\/div><\/div>\t\t\t\t\t\t\t\t<\/div>\n\t\t\t\t<\/div>\n\t\t\t\t<div class=\"elementor-element elementor-element-ca17ec6 elementor-widget elementor-widget-image-carousel\" data-id=\"ca17ec6\" data-element_type=\"widget\" data-e-type=\"widget\" data-settings=\"{&quot;navigation&quot;:&quot;none&quot;,&quot;infinite&quot;:&quot;yes&quot;,&quot;speed&quot;:500}\" data-widget_type=\"image-carousel.default\">\n\t\t\t\t<div class=\"elementor-widget-container\">\n\t\t\t\t\t\t\t<div class=\"elementor-image-carousel-wrapper swiper\" role=\"region\" aria-roledescription=\"carousel\" aria-label=\"Bild Karussell\" dir=\"ltr\">\n\t\t\t<div class=\"elementor-image-carousel swiper-wrapper\" aria-live=\"polite\">\n\t\t\t\t\t\t\t\t<div class=\"swiper-slide\" role=\"group\" aria-roledescription=\"slide\" aria-label=\"1 von 4\"><figure class=\"swiper-slide-inner\"><img decoding=\"async\" class=\"swiper-slide-image\" src=\"https:\/\/www.domusrental.com\/blog\/wp-content\/uploads\/2024\/04\/Vittoriale-degli-Italiani-751x430.jpg\" alt=\"Gardone Riviera, Lake Garda, Italy - September 2018:  View from the road of the arched entrance to the Vittoriale degli Italiani gardens in Gardone Riviera. The gardens include an amphitheatre where performances are held.\" \/><\/figure><\/div><div class=\"swiper-slide\" role=\"group\" aria-roledescription=\"slide\" aria-label=\"2 von 4\"><figure class=\"swiper-slide-inner\"><img decoding=\"async\" class=\"swiper-slide-image\" src=\"https:\/\/www.domusrental.com\/blog\/wp-content\/uploads\/2024\/04\/Lungomare-di-Sirmione\u200b-751x430.jpg\" alt=\"Holidays in Italy - the tourist resort of Sirmione on Lake Garda\" \/><\/figure><\/div><div class=\"swiper-slide\" role=\"group\" aria-roledescription=\"slide\" aria-label=\"3 von 4\"><figure class=\"swiper-slide-inner\"><img decoding=\"async\" class=\"swiper-slide-image\" src=\"https:\/\/www.domusrental.com\/blog\/wp-content\/uploads\/2024\/04\/gardaland-724x430.jpg\" alt=\"Gardaland amusement park located in North-Eastern Italy. View from above.\" \/><\/figure><\/div><div class=\"swiper-slide\" role=\"group\" aria-roledescription=\"slide\" aria-label=\"4 von 4\"><figure class=\"swiper-slide-inner\"><img decoding=\"async\" class=\"swiper-slide-image\" src=\"https:\/\/www.domusrental.com\/blog\/wp-content\/uploads\/2024\/04\/iStock-1899111083-724x430.jpg\" alt=\"Lion couple in love - Safari in the Dehiwala National Park - Dehiwala, Sri Lanka.\" \/><\/figure><\/div>\t\t\t<\/div>\n\t\t\t\t\t\t\t\n\t\t\t\t\t\t\t\t\t<\/div>\n\t\t\t\t\t\t<\/div>\n\t\t\t\t<\/div>\n\t\t\t\t<div class=\"elementor-element elementor-element-3f8793b elementor-widget elementor-widget-text-editor\" data-id=\"3f8793b\" data-element_type=\"widget\" data-e-type=\"widget\" data-widget_type=\"text-editor.default\">\n\t\t\t\t<div class=\"elementor-widget-container\">\n\t\t\t\t\t\t\t\t\t<ul><li><strong>Park Natura Viva<\/strong>: Ein Safaripark und Zoo in der N\u00e4he des Gardasees, in dem Sie nicht nur exotische Tiere beobachten und an Naturschutzprogrammen teilnehmen k\u00f6nnen, sondern auch Kinder durch gef\u00fchrte Touren und interaktive Aktivit\u00e4ten \u00fcber die Bedeutung der Biodiversit\u00e4t informieren k\u00f6nnen.<\/li><li><strong>Park Giardino Sigurt\u00e0<\/strong>: Einer der sch\u00f6nsten G\u00e4rten Italiens, der Parco Giardino Sigurt\u00e0 in der N\u00e4he des Gardasees, bietet weitl\u00e4ufige Gr\u00fcnfl\u00e4chen f\u00fcr Spazierg\u00e4nge zwischen Tulpen und Teichen, gr\u00fcne Labyrinthe, perfekt f\u00fcr einen erholsamen Tag mit der Familie, um die Flora zu entdecken.<\/li><li><strong>Vittoriale degli Italiani in Gardone Riviera<\/strong>: Besuchen Sie diese eindrucksvolle Residenz des Dichters Gabriele D&#8217;Annunzio, ein echter Museumspark, der reich an Kunstwerken, G\u00e4rten und einzigartiger Architektur ist.<\/li><li><a href=\"https:\/\/www.domusrental.com\/blog\/de\/grotte-di-catullo\/\"><strong>Grotte di Catullo<\/strong><\/a>: Erkunden Sie die malerische Stadt Sirmione mit ihren mittelalterlichen Gassen und besuchen Sie die antiken Ruinen der Grotten von Catull, ein Zeugnis der R\u00f6merzeit am Seeufer.<\/li><li><strong>Park delle Cascate di Molina<\/strong>: Genie\u00dfen Sie einen Spaziergang auf den malerischen Wegen des Parco delle Cascate di Molina, wo Sie malerische Wasserf\u00e4lle und bezaubernde Naturlandschaften bewundern k\u00f6nnen, ideal f\u00fcr einen Familienausflug am Gardasee im Freien.<\/li><\/ul>\t\t\t\t\t\t\t\t<\/div>\n\t\t\t\t<\/div>\n\t\t\t\t\t<\/div>\n\t\t<\/div>\n\t\t\t\t\t<\/div>\n\t\t<\/section>\n\t\t\t\t<section class=\"elementor-section elementor-top-section elementor-element elementor-element-00f33b9 elementor-section-boxed elementor-section-height-default elementor-section-height-default\" data-id=\"00f33b9\" data-element_type=\"section\" data-e-type=\"section\">\n\t\t\t\t\t\t<div class=\"elementor-container elementor-column-gap-default\">\n\t\t\t\t\t<div class=\"elementor-column elementor-col-50 elementor-top-column elementor-element elementor-element-237aa92\" data-id=\"237aa92\" data-element_type=\"column\" data-e-type=\"column\">\n\t\t\t<div class=\"elementor-widget-wrap elementor-element-populated\">\n\t\t\t\t\t\t<div class=\"elementor-element elementor-element-ca44449 elementor-widget elementor-widget-heading\" data-id=\"ca44449\" data-element_type=\"widget\" data-e-type=\"widget\" data-widget_type=\"heading.default\">\n\t\t\t\t<div class=\"elementor-widget-container\">\n\t\t\t\t\t<h3 class=\"elementor-heading-title elementor-size-default\">Gardasee bei regen mit kindern<\/h3>\t\t\t\t<\/div>\n\t\t\t\t<\/div>\n\t\t\t\t<div class=\"elementor-element elementor-element-2848d7c elementor-widget__width-initial elementor-widget elementor-widget-text-editor\" data-id=\"2848d7c\" data-element_type=\"widget\" data-e-type=\"widget\" data-widget_type=\"text-editor.default\">\n\t\t\t\t<div class=\"elementor-widget-container\">\n\t\t\t\t\t\t\t\t\t<ul><li><strong>Museum Mille Miglia in Brescia<\/strong>: Eine Reise durch die Geschichte des Motorsports durch eines der ber\u00fchmtesten Rennen der Welt, die Mille Miglia. Perfekt f\u00fcr einen regnerischen Tag mit der Familie.<\/li><li><p><strong>Palazzo dei Capitani del Lago in Desenzano del Garda:<\/strong> Dieses historische Geb\u00e4ude beherbergt ein Museum, das die lokale Geschichte erz\u00e4hlt und einen atemberaubenden Blick auf den Gardasee bietet. Perfekt f\u00fcr einen kulturellen Besuch vor dem Regen gesch\u00fctzt.<\/p><\/li><li><strong>Bagnetto al Lago<\/strong>: F\u00fcr die Mutigen k\u00f6nnte eine unterhaltsame Option auch bei Regen ein kurzes Bad im Gardasee mit der Familie sein. Auch wenn das Wetter nicht perfekt ist, bleibt das Seewasser einladend genug f\u00fcr ein schnelles Bad!<\/li><\/ul>\t\t\t\t\t\t\t\t<\/div>\n\t\t\t\t<\/div>\n\t\t\t\t\t<\/div>\n\t\t<\/div>\n\t\t\t\t<div class=\"elementor-column elementor-col-50 elementor-top-column elementor-element elementor-element-6419340\" data-id=\"6419340\" data-element_type=\"column\" data-e-type=\"column\">\n\t\t\t<div class=\"elementor-widget-wrap elementor-element-populated\">\n\t\t\t\t\t\t<div class=\"elementor-element elementor-element-8279bdc elementor-widget elementor-widget-spacer\" data-id=\"8279bdc\" data-element_type=\"widget\" data-e-type=\"widget\" data-widget_type=\"spacer.default\">\n\t\t\t\t<div class=\"elementor-widget-container\">\n\t\t\t\t\t\t\t<div class=\"elementor-spacer\">\n\t\t\t<div class=\"elementor-spacer-inner\"><\/div>\n\t\t<\/div>\n\t\t\t\t\t\t<\/div>\n\t\t\t\t<\/div>\n\t\t\t\t<div class=\"elementor-element elementor-element-6d125b6 elementor-widget elementor-widget-image\" data-id=\"6d125b6\" data-element_type=\"widget\" data-e-type=\"widget\" data-widget_type=\"image.default\">\n\t\t\t\t<div class=\"elementor-widget-container\">\n\t\t\t\t\t\t\t\t\t\t\t\t\t\t\t<img fetchpriority=\"high\" decoding=\"async\" width=\"768\" height=\"512\" src=\"https:\/\/www.domusrental.com\/blog\/wp-content\/uploads\/2024\/04\/se-piove-768x512.jpg\" class=\"attachment-medium_large size-medium_large wp-image-1943\" alt=\"lago di garda con bambini se piove\" srcset=\"https:\/\/www.domusrental.com\/blog\/wp-content\/uploads\/2024\/04\/se-piove-768x512.jpg 768w, https:\/\/www.domusrental.com\/blog\/wp-content\/uploads\/2024\/04\/se-piove-1536x1024.jpg 1536w, https:\/\/www.domusrental.com\/blog\/wp-content\/uploads\/2024\/04\/se-piove-2048x1365.jpg 2048w\" sizes=\"(max-width: 768px) 100vw, 768px\" \/>\t\t\t\t\t\t\t\t\t\t\t\t\t\t\t<\/div>\n\t\t\t\t<\/div>\n\t\t\t\t\t<\/div>\n\t\t<\/div>\n\t\t\t\t\t<\/div>\n\t\t<\/section>\n\t\t\t\t<section class=\"elementor-section elementor-top-section elementor-element elementor-element-c699c97 elementor-section-boxed elementor-section-height-default elementor-section-height-default\" data-id=\"c699c97\" data-element_type=\"section\" data-e-type=\"section\">\n\t\t\t\t\t\t<div class=\"elementor-container elementor-column-gap-default\">\n\t\t\t\t\t<div class=\"elementor-column elementor-col-50 elementor-top-column elementor-element elementor-element-2b045a3\" data-id=\"2b045a3\" data-element_type=\"column\" data-e-type=\"column\">\n\t\t\t<div class=\"elementor-widget-wrap elementor-element-populated\">\n\t\t\t\t\t\t<div class=\"elementor-element elementor-element-320053c elementor-widget elementor-widget-heading\" data-id=\"320053c\" data-element_type=\"widget\" data-e-type=\"widget\" data-widget_type=\"heading.default\">\n\t\t\t\t<div class=\"elementor-widget-container\">\n\t\t\t\t\t<h2 class=\"elementor-heading-title elementor-size-default\">Gardasee strand kinder<\/h2>\t\t\t\t<\/div>\n\t\t\t\t<\/div>\n\t\t\t\t<div class=\"elementor-element elementor-element-993d5c6 elementor-widget elementor-widget-text-editor\" data-id=\"993d5c6\" data-element_type=\"widget\" data-e-type=\"widget\" data-widget_type=\"text-editor.default\">\n\t\t\t\t<div class=\"elementor-widget-container\">\n\t\t\t\t\t\t\t\t\t<ul><li><strong>Strand Baia delle Sirene in Gardone Riviera:<\/strong> Dieser Strand ist bekannt f\u00fcr seinen feinen Sand und das flache Wasser, ideal f\u00fcr Kinder. Es bietet auch schattige Bereiche und Annehmlichkeiten, um Ihren Aufenthalt angenehm zu gestalten.<\/li><li><strong>Strand Lido delle Bionde in Sal\u00f2:<\/strong>Hier k\u00f6nnen sich die Kinder im weichen Sand vergn\u00fcgen und dank der geringen Tiefe des Sees sicher im Wasser spielen. Der Strand bietet auch Spiele f\u00fcr Kinder und Toiletten.<\/li><li><strong>Strand Porto Camarelle in Sirmione:<\/strong> Mit ruhigem und flachem Wasser ist dieser Strand perfekt f\u00fcr Kinder. Es ist mit Spielen f\u00fcr Kinder, Dienstleistungen und der M\u00f6glichkeit der Vermietung von Sonnenliegen und Sonnenschirmen ausgestattet.<\/li><li><strong>Strand Porto Torchio in Manerba del Garda:<\/strong> Dieser Strand bietet eine gro\u00dfe Sandfl\u00e4che, wo Kinder spielen und Sandburgen bauen k\u00f6nnen. Das flache und ruhige Wasser macht es familienfreundlich.<\/li><\/ul>\t\t\t\t\t\t\t\t<\/div>\n\t\t\t\t<\/div>\n\t\t\t\t<div class=\"elementor-element elementor-element-6e4a5be elementor-widget elementor-widget-image\" data-id=\"6e4a5be\" data-element_type=\"widget\" data-e-type=\"widget\" data-widget_type=\"image.default\">\n\t\t\t\t<div class=\"elementor-widget-container\">\n\t\t\t\t\t\t\t\t\t\t\t\t\t\t\t<img decoding=\"async\" width=\"1680\" height=\"945\" src=\"https:\/\/www.domusrental.com\/blog\/wp-content\/uploads\/2024\/04\/spiaggia-1.jpg\" class=\"attachment-full size-full wp-image-1961\" alt=\"\" srcset=\"https:\/\/www.domusrental.com\/blog\/wp-content\/uploads\/2024\/04\/spiaggia-1.jpg 1680w, https:\/\/www.domusrental.com\/blog\/wp-content\/uploads\/2024\/04\/spiaggia-1-768x432.jpg 768w, https:\/\/www.domusrental.com\/blog\/wp-content\/uploads\/2024\/04\/spiaggia-1-1536x864.jpg 1536w\" sizes=\"(max-width: 1680px) 100vw, 1680px\" \/>\t\t\t\t\t\t\t\t\t\t\t\t\t\t\t<\/div>\n\t\t\t\t<\/div>\n\t\t\t\t\t<\/div>\n\t\t<\/div>\n\t\t\t\t<div class=\"elementor-column elementor-col-50 elementor-top-column elementor-element elementor-element-1ac3c9f\" data-id=\"1ac3c9f\" data-element_type=\"column\" data-e-type=\"column\">\n\t\t\t<div class=\"elementor-widget-wrap elementor-element-populated\">\n\t\t\t\t\t\t<div class=\"elementor-element elementor-element-d7d4d70 elementor-widget elementor-widget-heading\" data-id=\"d7d4d70\" data-element_type=\"widget\" data-e-type=\"widget\" data-widget_type=\"heading.default\">\n\t\t\t\t<div class=\"elementor-widget-container\">\n\t\t\t\t\t<h2 class=\"elementor-heading-title elementor-size-default\">Therme Gardasee kinder\n<\/h2>\t\t\t\t<\/div>\n\t\t\t\t<\/div>\n\t\t\t\t<div class=\"elementor-element elementor-element-1ae218b elementor-widget elementor-widget-text-editor\" data-id=\"1ae218b\" data-element_type=\"widget\" data-e-type=\"widget\" data-widget_type=\"text-editor.default\">\n\t\t\t\t<div class=\"elementor-widget-container\">\n\t\t\t\t\t\t\t\t\t<p>Die Thermen am Gardasee bieten ein entspannendes und regenerierendes Erlebnis f\u00fcr die ganze Familie. Zu den bekanntesten geh\u00f6ren:<\/p><ul><li><strong>Sirmione Thermen<\/strong>: Direkt am Seeufer gelegen, bieten sie eine gro\u00dfe Auswahl an Spa- und Wellnessbehandlungen f\u00fcr Erwachsene und Kinder, darunter Thermalb\u00e4der, Saunen und Sch\u00f6nheitsbehandlungen.<\/li><li><strong>Thermen von Col\u00e0 di Lazise:<\/strong>Diese Thermen sind von einem gr\u00fcnen Park umgeben und bieten Innen- und Au\u00dfenthermalbecken, Whirlpools, Kneipp-Pfade und Ruhezonen, ideal f\u00fcr einen erholsamen Tag mit der Familie am Gardasee.<\/li><li><strong>Thermen der Villa dei Cedri in Col\u00e0 di Lazise:<\/strong> Bekannt f\u00fcr ihre nat\u00fcrlichen Thermalbecken, bieten diese Thermen auch Bereiche f\u00fcr Kinder, mit flachen Pools und Wasserspielen, die Spa\u00df f\u00fcr die ganze Familie garantieren.<\/li><\/ul>\t\t\t\t\t\t\t\t<\/div>\n\t\t\t\t<\/div>\n\t\t\t\t<div class=\"elementor-element elementor-element-433d784 elementor-widget elementor-widget-spacer\" data-id=\"433d784\" data-element_type=\"widget\" data-e-type=\"widget\" data-widget_type=\"spacer.default\">\n\t\t\t\t<div class=\"elementor-widget-container\">\n\t\t\t\t\t\t\t<div class=\"elementor-spacer\">\n\t\t\t<div class=\"elementor-spacer-inner\"><\/div>\n\t\t<\/div>\n\t\t\t\t\t\t<\/div>\n\t\t\t\t<\/div>\n\t\t\t\t<div class=\"elementor-element elementor-element-86c29a8 elementor-widget elementor-widget-spacer\" data-id=\"86c29a8\" data-element_type=\"widget\" data-e-type=\"widget\" data-widget_type=\"spacer.default\">\n\t\t\t\t<div class=\"elementor-widget-container\">\n\t\t\t\t\t\t\t<div class=\"elementor-spacer\">\n\t\t\t<div class=\"elementor-spacer-inner\"><\/div>\n\t\t<\/div>\n\t\t\t\t\t\t<\/div>\n\t\t\t\t<\/div>\n\t\t\t\t<div class=\"elementor-element elementor-element-9a048ab elementor-widget elementor-widget-image\" data-id=\"9a048ab\" data-element_type=\"widget\" data-e-type=\"widget\" data-widget_type=\"image.default\">\n\t\t\t\t<div class=\"elementor-widget-container\">\n\t\t\t\t\t\t\t\t\t\t\t\t\t\t\t<img decoding=\"async\" width=\"1680\" height=\"945\" src=\"https:\/\/www.domusrental.com\/blog\/wp-content\/uploads\/2024\/04\/terme-1.jpg\" class=\"attachment-full size-full wp-image-1964\" alt=\"\" srcset=\"https:\/\/www.domusrental.com\/blog\/wp-content\/uploads\/2024\/04\/terme-1.jpg 1680w, https:\/\/www.domusrental.com\/blog\/wp-content\/uploads\/2024\/04\/terme-1-768x432.jpg 768w, https:\/\/www.domusrental.com\/blog\/wp-content\/uploads\/2024\/04\/terme-1-1536x864.jpg 1536w\" sizes=\"(max-width: 1680px) 100vw, 1680px\" \/>\t\t\t\t\t\t\t\t\t\t\t\t\t\t\t<\/div>\n\t\t\t\t<\/div>\n\t\t\t\t<div class=\"elementor-element elementor-element-d432287 elementor-widget elementor-widget-spacer\" data-id=\"d432287\" data-element_type=\"widget\" data-e-type=\"widget\" data-widget_type=\"spacer.default\">\n\t\t\t\t<div class=\"elementor-widget-container\">\n\t\t\t\t\t\t\t<div class=\"elementor-spacer\">\n\t\t\t<div class=\"elementor-spacer-inner\"><\/div>\n\t\t<\/div>\n\t\t\t\t\t\t<\/div>\n\t\t\t\t<\/div>\n\t\t\t\t\t<\/div>\n\t\t<\/div>\n\t\t\t\t\t<\/div>\n\t\t<\/section>\n\t\t\t\t<section class=\"elementor-section elementor-top-section elementor-element elementor-element-0d4b9d5 elementor-section-boxed elementor-section-height-default elementor-section-height-default\" data-id=\"0d4b9d5\" data-element_type=\"section\" data-e-type=\"section\">\n\t\t\t\t\t\t<div class=\"elementor-container elementor-column-gap-default\">\n\t\t\t\t\t<div class=\"elementor-column elementor-col-100 elementor-top-column elementor-element elementor-element-590d866\" data-id=\"590d866\" data-element_type=\"column\" data-e-type=\"column\">\n\t\t\t<div class=\"elementor-widget-wrap elementor-element-populated\">\n\t\t\t\t\t\t<div class=\"elementor-element elementor-element-2cc3987 elementor-widget elementor-widget-heading\" data-id=\"2cc3987\" data-element_type=\"widget\" data-e-type=\"widget\" data-widget_type=\"heading.default\">\n\t\t\t\t<div class=\"elementor-widget-container\">\n\t\t\t\t\t<h2 class=\"elementor-heading-title elementor-size-default\">Gardasee mit kindern welcher ort<\/h2>\t\t\t\t<\/div>\n\t\t\t\t<\/div>\n\t\t\t\t\t<\/div>\n\t\t<\/div>\n\t\t\t\t\t<\/div>\n\t\t<\/section>\n\t\t\t\t<section class=\"elementor-section elementor-top-section elementor-element elementor-element-00f0331 elementor-section-boxed elementor-section-height-default elementor-section-height-default\" data-id=\"00f0331\" data-element_type=\"section\" data-e-type=\"section\">\n\t\t\t\t\t\t<div class=\"elementor-container elementor-column-gap-default\">\n\t\t\t\t\t<div class=\"elementor-column elementor-col-50 elementor-top-column elementor-element elementor-element-cb2978d\" data-id=\"cb2978d\" data-element_type=\"column\" data-e-type=\"column\">\n\t\t\t<div class=\"elementor-widget-wrap elementor-element-populated\">\n\t\t\t\t\t\t<div class=\"elementor-element elementor-element-9f812f5 elementor-widget elementor-widget-text-editor\" data-id=\"9f812f5\" data-element_type=\"widget\" data-e-type=\"widget\" data-widget_type=\"text-editor.default\">\n\t\t\t\t<div class=\"elementor-widget-container\">\n\t\t\t\t\t\t\t\t\t<p>Hier ist eine Liste der besten St\u00e4dte am Ufer des Gardasees, perfekt f\u00fcr einen Familienurlaub.<\/p><p>Mit wundersch\u00f6nen Str\u00e4nden, Themenparks und zahlreichen Outdoor-Aktivit\u00e4ten bieten diese Ziele ein unvergessliches Erlebnis f\u00fcr die ganze Familie am wundersch\u00f6nen Gardasee.<\/p><p><strong>Sehen wir sie uns genauer an!<\/strong><\/p>\t\t\t\t\t\t\t\t<\/div>\n\t\t\t\t<\/div>\n\t\t\t\t\t<\/div>\n\t\t<\/div>\n\t\t\t\t<div class=\"elementor-column elementor-col-50 elementor-top-column elementor-element elementor-element-bc10be0\" data-id=\"bc10be0\" data-element_type=\"column\" data-e-type=\"column\">\n\t\t\t<div class=\"elementor-widget-wrap elementor-element-populated\">\n\t\t\t\t\t\t<div class=\"elementor-element elementor-element-56200ef elementor-widget elementor-widget-image\" data-id=\"56200ef\" data-element_type=\"widget\" data-e-type=\"widget\" data-widget_type=\"image.default\">\n\t\t\t\t<div class=\"elementor-widget-container\">\n\t\t\t\t\t\t\t\t\t\t\t\t\t\t\t<img loading=\"lazy\" decoding=\"async\" width=\"1680\" height=\"850\" src=\"https:\/\/www.domusrental.com\/blog\/wp-content\/uploads\/2024\/04\/family.jpg\" class=\"attachment-full size-full wp-image-1970\" alt=\"\" srcset=\"https:\/\/www.domusrental.com\/blog\/wp-content\/uploads\/2024\/04\/family.jpg 1680w, https:\/\/www.domusrental.com\/blog\/wp-content\/uploads\/2024\/04\/family-768x389.jpg 768w, https:\/\/www.domusrental.com\/blog\/wp-content\/uploads\/2024\/04\/family-1536x777.jpg 1536w\" sizes=\"(max-width: 1680px) 100vw, 1680px\" \/>\t\t\t\t\t\t\t\t\t\t\t\t\t\t\t<\/div>\n\t\t\t\t<\/div>\n\t\t\t\t\t<\/div>\n\t\t<\/div>\n\t\t\t\t\t<\/div>\n\t\t<\/section>\n\t\t\t\t<section class=\"elementor-section elementor-top-section elementor-element elementor-element-dc45195 elementor-section-boxed elementor-section-height-default elementor-section-height-default\" data-id=\"dc45195\" data-element_type=\"section\" data-e-type=\"section\">\n\t\t\t\t\t\t<div class=\"elementor-container elementor-column-gap-default\">\n\t\t\t\t\t<div class=\"elementor-column elementor-col-50 elementor-top-column elementor-element elementor-element-10de155\" data-id=\"10de155\" data-element_type=\"column\" data-e-type=\"column\">\n\t\t\t<div class=\"elementor-widget-wrap elementor-element-populated\">\n\t\t\t\t\t\t<div class=\"elementor-element elementor-element-38626e5 elementor-widget elementor-widget-heading\" data-id=\"38626e5\" data-element_type=\"widget\" data-e-type=\"widget\" data-widget_type=\"heading.default\">\n\t\t\t\t<div class=\"elementor-widget-container\">\n\t\t\t\t\t<h3 class=\"elementor-heading-title elementor-size-default\">Sirmione<\/h3>\t\t\t\t<\/div>\n\t\t\t\t<\/div>\n\t\t\t\t<div class=\"elementor-element elementor-element-f81b997 elementor-widget elementor-widget-text-editor\" data-id=\"f81b997\" data-element_type=\"widget\" data-e-type=\"widget\" data-widget_type=\"text-editor.default\">\n\t\t\t\t<div class=\"elementor-widget-container\">\n\t\t\t\t\t\t\t\t\t<p>Mit seinen Thermalquellen, dem Scaliger-Schloss und den M\u00f6glichkeiten f\u00fcr Spazierg\u00e4nge entlang der Seepromenade ist Sirmione ein ideales Ziel f\u00fcr Familien, die Entspannung und Spa\u00df suchen.<\/p>\t\t\t\t\t\t\t\t<\/div>\n\t\t\t\t<\/div>\n\t\t\t\t\t<\/div>\n\t\t<\/div>\n\t\t\t\t<div class=\"elementor-column elementor-col-50 elementor-top-column elementor-element elementor-element-6272a29\" data-id=\"6272a29\" data-element_type=\"column\" data-e-type=\"column\">\n\t\t\t<div class=\"elementor-widget-wrap elementor-element-populated\">\n\t\t\t\t\t\t<div class=\"elementor-element elementor-element-5db6aa8 elementor-widget elementor-widget-heading\" data-id=\"5db6aa8\" data-element_type=\"widget\" data-e-type=\"widget\" data-widget_type=\"heading.default\">\n\t\t\t\t<div class=\"elementor-widget-container\">\n\t\t\t\t\t<h3 class=\"elementor-heading-title elementor-size-default\"><a href=\"https:\/\/www.domusrental.com\/de\/vermietung\/vermietungen-bardolino-d66641\/\">Bardolino<\/a><\/h3>\t\t\t\t<\/div>\n\t\t\t\t<\/div>\n\t\t\t\t<div class=\"elementor-element elementor-element-6473c5c elementor-widget elementor-widget-text-editor\" data-id=\"6473c5c\" data-element_type=\"widget\" data-e-type=\"widget\" data-widget_type=\"text-editor.default\">\n\t\t\t\t<div class=\"elementor-widget-container\">\n\t\t\t\t\t\t\t\t\t<p>Mit seinen Sandstr\u00e4nden, Spielpl\u00e4tzen und dem ber\u00fchmten Botanischen Garten Heller bietet Bardolino eine angenehme und unterhaltsame Atmosph\u00e4re f\u00fcr Familien mit Kindern.<\/p>\t\t\t\t\t\t\t\t<\/div>\n\t\t\t\t<\/div>\n\t\t\t\t\t<\/div>\n\t\t<\/div>\n\t\t\t\t\t<\/div>\n\t\t<\/section>\n\t\t\t\t<section class=\"elementor-section elementor-top-section elementor-element elementor-element-404f452 elementor-section-boxed elementor-section-height-default elementor-section-height-default\" data-id=\"404f452\" data-element_type=\"section\" data-e-type=\"section\">\n\t\t\t\t\t\t<div class=\"elementor-container elementor-column-gap-default\">\n\t\t\t\t\t<div class=\"elementor-column elementor-col-50 elementor-top-column elementor-element elementor-element-10e4754\" data-id=\"10e4754\" data-element_type=\"column\" data-e-type=\"column\">\n\t\t\t<div class=\"elementor-widget-wrap elementor-element-populated\">\n\t\t\t\t\t\t<div class=\"elementor-element elementor-element-ea10a37 elementor-widget elementor-widget-heading\" data-id=\"ea10a37\" data-element_type=\"widget\" data-e-type=\"widget\" data-widget_type=\"heading.default\">\n\t\t\t\t<div class=\"elementor-widget-container\">\n\t\t\t\t\t<h3 class=\"elementor-heading-title elementor-size-default\"><a href=\"https:\/\/www.domusrental.com\/de\/vermietung\/vermietungen-torri-del-benaco-d66838\/\">Torri del Benaco<\/a><\/h3>\t\t\t\t<\/div>\n\t\t\t\t<\/div>\n\t\t\t\t<div class=\"elementor-element elementor-element-911bb82 elementor-widget elementor-widget-text-editor\" data-id=\"911bb82\" data-element_type=\"widget\" data-e-type=\"widget\" data-widget_type=\"text-editor.default\">\n\t\t\t\t<div class=\"elementor-widget-container\">\n\t\t\t\t\t\t\t\t\t<p>Mit seiner mittelalterlichen Burg, ruhigen Str\u00e4nden und Wassersportm\u00f6glichkeiten bietet Torri del Benaco eine authentische und entspannende Atmosph\u00e4re f\u00fcr Familien mit Kindern, die Zeit zusammen am Ufer des Gardasees verbringen m\u00f6chten.<\/p>\t\t\t\t\t\t\t\t<\/div>\n\t\t\t\t<\/div>\n\t\t\t\t\t<\/div>\n\t\t<\/div>\n\t\t\t\t<div class=\"elementor-column elementor-col-50 elementor-top-column elementor-element elementor-element-ac50910\" data-id=\"ac50910\" data-element_type=\"column\" data-e-type=\"column\">\n\t\t\t<div class=\"elementor-widget-wrap elementor-element-populated\">\n\t\t\t\t\t\t<div class=\"elementor-element elementor-element-2ff1e48 elementor-widget elementor-widget-heading\" data-id=\"2ff1e48\" data-element_type=\"widget\" data-e-type=\"widget\" data-widget_type=\"heading.default\">\n\t\t\t\t<div class=\"elementor-widget-container\">\n\t\t\t\t\t<h3 class=\"elementor-heading-title elementor-size-default\"><a href=\"https:\/\/www.domusrental.com\/de\/vermietung\/vermietungen-lazise-d66733\/\">Lazise<\/a><\/h3>\t\t\t\t<\/div>\n\t\t\t\t<\/div>\n\t\t\t\t<div class=\"elementor-element elementor-element-c29b507 elementor-widget elementor-widget-text-editor\" data-id=\"c29b507\" data-element_type=\"widget\" data-e-type=\"widget\" data-widget_type=\"text-editor.default\">\n\t\t\t\t<div class=\"elementor-widget-container\">\n\t\t\t\t\t\t\t\t\t<p>Mit seiner bezaubernden Altstadt, den gut ausgestatteten Str\u00e4nden und den verschiedenen Attraktionen f\u00fcr Familien ist Lazise ein perfektes Ziel f\u00fcr diejenigen, die einen erholsamen und unterhaltsamen Urlaub am Gardasee suchen.<\/p>\t\t\t\t\t\t\t\t<\/div>\n\t\t\t\t<\/div>\n\t\t\t\t\t<\/div>\n\t\t<\/div>\n\t\t\t\t\t<\/div>\n\t\t<\/section>\n\t\t\t\t<section class=\"elementor-section elementor-top-section elementor-element elementor-element-4196057 elementor-section-boxed elementor-section-height-default elementor-section-height-default\" data-id=\"4196057\" data-element_type=\"section\" data-e-type=\"section\">\n\t\t\t\t\t\t<div class=\"elementor-container elementor-column-gap-default\">\n\t\t\t\t\t<div class=\"elementor-column elementor-col-50 elementor-top-column elementor-element elementor-element-943c4c6\" data-id=\"943c4c6\" data-element_type=\"column\" data-e-type=\"column\">\n\t\t\t<div class=\"elementor-widget-wrap elementor-element-populated\">\n\t\t\t\t\t\t<div class=\"elementor-element elementor-element-23d061e elementor-widget elementor-widget-heading\" data-id=\"23d061e\" data-element_type=\"widget\" data-e-type=\"widget\" data-widget_type=\"heading.default\">\n\t\t\t\t<div class=\"elementor-widget-container\">\n\t\t\t\t\t<h3 class=\"elementor-heading-title elementor-size-default\"><a href=\"https:\/\/www.domusrental.com\/de\/vermietung\/vermietungen-garda-d66711\/\">Garda<\/a><\/h3>\t\t\t\t<\/div>\n\t\t\t\t<\/div>\n\t\t\t\t<div class=\"elementor-element elementor-element-7115c18 elementor-widget elementor-widget-text-editor\" data-id=\"7115c18\" data-element_type=\"widget\" data-e-type=\"widget\" data-widget_type=\"text-editor.default\">\n\t\t\t\t<div class=\"elementor-widget-container\">\n\t\t\t\t\t\t\t\t\t<p>Mit seinem faszinierenden historischen Zentrum, den einladenden Str\u00e4nden und Freizeitaktivit\u00e4ten wie dem Parco Baia delle Sirene ist Garda eine ausgezeichnete Wahl f\u00fcr Familien, die Spa\u00df und Kultur suchen.<\/p>\t\t\t\t\t\t\t\t<\/div>\n\t\t\t\t<\/div>\n\t\t\t\t\t<\/div>\n\t\t<\/div>\n\t\t\t\t<div class=\"elementor-column elementor-col-50 elementor-top-column elementor-element elementor-element-c8a7833\" data-id=\"c8a7833\" data-element_type=\"column\" data-e-type=\"column\">\n\t\t\t<div class=\"elementor-widget-wrap elementor-element-populated\">\n\t\t\t\t\t\t<div class=\"elementor-element elementor-element-08f5076 elementor-widget elementor-widget-heading\" data-id=\"08f5076\" data-element_type=\"widget\" data-e-type=\"widget\" data-widget_type=\"heading.default\">\n\t\t\t\t<div class=\"elementor-widget-container\">\n\t\t\t\t\t<h3 class=\"elementor-heading-title elementor-size-default\">Desenzano del Garda<\/h3>\t\t\t\t<\/div>\n\t\t\t\t<\/div>\n\t\t\t\t<div class=\"elementor-element elementor-element-a5bd48c elementor-widget elementor-widget-text-editor\" data-id=\"a5bd48c\" data-element_type=\"widget\" data-e-type=\"widget\" data-widget_type=\"text-editor.default\">\n\t\t\t\t<div class=\"elementor-widget-container\">\n\t\t\t\t\t\t\t\t\t<p>Mit einer gro\u00dfen Auswahl an Aktivit\u00e4ten, darunter die Promenade, Spielpl\u00e4tze und Wassersportm\u00f6glichkeiten, ist Desenzano del Garda ideal f\u00fcr aktive Familien.<\/p>\t\t\t\t\t\t\t\t<\/div>\n\t\t\t\t<\/div>\n\t\t\t\t\t<\/div>\n\t\t<\/div>\n\t\t\t\t\t<\/div>\n\t\t<\/section>\n\t\t\t\t<section class=\"elementor-section elementor-top-section elementor-element elementor-element-14d944d elementor-section-boxed elementor-section-height-default elementor-section-height-default\" data-id=\"14d944d\" data-element_type=\"section\" data-e-type=\"section\">\n\t\t\t\t\t\t<div class=\"elementor-container elementor-column-gap-default\">\n\t\t\t\t\t<div class=\"elementor-column elementor-col-100 elementor-top-column elementor-element elementor-element-830a7cb\" data-id=\"830a7cb\" data-element_type=\"column\" data-e-type=\"column\">\n\t\t\t<div class=\"elementor-widget-wrap elementor-element-populated\">\n\t\t\t\t\t\t<div class=\"elementor-element elementor-element-a4528fd elementor-widget elementor-widget-heading\" data-id=\"a4528fd\" data-element_type=\"widget\" data-e-type=\"widget\" data-widget_type=\"heading.default\">\n\t\t\t\t<div class=\"elementor-widget-container\">\n\t\t\t\t\t<h2 class=\"elementor-heading-title elementor-size-default\">Gardasee unterk\u00fcnfte mit kindern<\/h2>\t\t\t\t<\/div>\n\t\t\t\t<\/div>\n\t\t\t\t<div class=\"elementor-element elementor-element-9dc1a52 elementor-widget elementor-widget-text-editor\" data-id=\"9dc1a52\" data-element_type=\"widget\" data-e-type=\"widget\" data-widget_type=\"text-editor.default\">\n\t\t\t\t<div class=\"elementor-widget-container\">\n\t\t\t\t\t\t\t\t\t<p>F\u00fcr Ihren Familienurlaub am Gardasee k\u00f6nnen Sie aus einer gro\u00dfen Auswahl an Unterk\u00fcnften w\u00e4hlen, von komfortablen Apartments bis hin zu ger\u00e4umigen Villen, um einen perfekten Aufenthalt f\u00fcr die ganze Familie zu gew\u00e4hrleisten.<\/p>\t\t\t\t\t\t\t\t<\/div>\n\t\t\t\t<\/div>\n\t\t\t\t\t<\/div>\n\t\t<\/div>\n\t\t\t\t\t<\/div>\n\t\t<\/section>\n\t\t\t\t<section class=\"elementor-section elementor-top-section elementor-element elementor-element-2419481 elementor-section-boxed elementor-section-height-default elementor-section-height-default\" data-id=\"2419481\" data-element_type=\"section\" data-e-type=\"section\">\n\t\t\t\t\t\t<div class=\"elementor-container elementor-column-gap-default\">\n\t\t\t\t\t<div class=\"elementor-column elementor-col-50 elementor-top-column elementor-element elementor-element-a2e4a8d\" data-id=\"a2e4a8d\" data-element_type=\"column\" data-e-type=\"column\">\n\t\t\t<div class=\"elementor-widget-wrap elementor-element-populated\">\n\t\t\t\t\t\t<div class=\"elementor-element elementor-element-3deb678 elementor-widget elementor-widget-heading\" data-id=\"3deb678\" data-element_type=\"widget\" data-e-type=\"widget\" data-widget_type=\"heading.default\">\n\t\t\t\t<div class=\"elementor-widget-container\">\n\t\t\t\t\t<h3 class=\"elementor-heading-title elementor-size-default\">Villen f\u00fcr Familien am Gardasee<\/h3>\t\t\t\t<\/div>\n\t\t\t\t<\/div>\n\t\t\t\t<div class=\"elementor-element elementor-element-0eae9c2 elementor-cta--skin-cover elementor-animated-content elementor-bg-transform elementor-bg-transform-zoom-in elementor-widget elementor-widget-call-to-action\" data-id=\"0eae9c2\" data-element_type=\"widget\" data-e-type=\"widget\" data-widget_type=\"call-to-action.default\">\n\t\t\t\t<div class=\"elementor-widget-container\">\n\t\t\t\t\t\t\t<a class=\"elementor-cta\" href=\"https:\/\/www.domusrental.com\/de\/vermietung\/zu-mieten-villen-c2\/tag-geeignet-fur-familien\/\">\n\t\t\t\t\t<div class=\"elementor-cta__bg-wrapper\">\n\t\t\t\t<div class=\"elementor-cta__bg elementor-bg\" style=\"background-image: url(https:\/\/www.domusrental.com\/blog\/wp-content\/uploads\/2024\/04\/villa-lake-1920x630.jpg);\" role=\"img\" aria-label=\"villa lake\"><\/div>\n\t\t\t\t<div class=\"elementor-cta__bg-overlay\"><\/div>\n\t\t\t<\/div>\n\t\t\t\t\t\t\t<div class=\"elementor-cta__content\">\n\t\t\t\t\n\t\t\t\t\n\t\t\t\t\t\t\t\t\t<div class=\"elementor-cta__description elementor-cta__content-item elementor-content-item elementor-animated-item--grow\">\n\t\t\t\t\t\tPool, Grill und vieles mehr!\t\t\t\t\t<\/div>\n\t\t\t\t\n\t\t\t\t\t\t\t\t\t<div class=\"elementor-cta__button-wrapper elementor-cta__content-item elementor-content-item elementor-animated-item--grow\">\n\t\t\t\t\t<span class=\"elementor-cta__button elementor-button elementor-size-\">\n\t\t\t\t\t\tVillen am Gardasee f\u00fcr Familien\t\t\t\t\t<\/span>\n\t\t\t\t\t<\/div>\n\t\t\t\t\t\t\t<\/div>\n\t\t\t\t\t\t<\/a>\n\t\t\t\t\t\t<\/div>\n\t\t\t\t<\/div>\n\t\t\t\t<div class=\"elementor-element elementor-element-197469f elementor-widget elementor-widget-text-editor\" data-id=\"197469f\" data-element_type=\"widget\" data-e-type=\"widget\" data-widget_type=\"text-editor.default\">\n\t\t\t\t<div class=\"elementor-widget-container\">\n\t\t\t\t\t\t\t\t\t<p>Genie\u00dfen Sie die Intimit\u00e4t und den Raum einer privaten Villa, perfekt f\u00fcr gro\u00dfe Familien oder f\u00fcr diejenigen, die mehr Privatsph\u00e4re w\u00fcnschen. Mit gro\u00dfen G\u00e4rten und privaten Pools bieten die Villen eine ideale Umgebung zum Entspannen und Spa\u00df mit Ihren Kindern.<\/p>\t\t\t\t\t\t\t\t<\/div>\n\t\t\t\t<\/div>\n\t\t\t\t\t<\/div>\n\t\t<\/div>\n\t\t\t\t<div class=\"elementor-column elementor-col-50 elementor-top-column elementor-element elementor-element-6307e10\" data-id=\"6307e10\" data-element_type=\"column\" data-e-type=\"column\">\n\t\t\t<div class=\"elementor-widget-wrap elementor-element-populated\">\n\t\t\t\t\t\t<div class=\"elementor-element elementor-element-51d2639 elementor-widget elementor-widget-heading\" data-id=\"51d2639\" data-element_type=\"widget\" data-e-type=\"widget\" data-widget_type=\"heading.default\">\n\t\t\t\t<div class=\"elementor-widget-container\">\n\t\t\t\t\t<h3 class=\"elementor-heading-title elementor-size-default\">Ferienwohnung Gardasee mit kindern<\/h3>\t\t\t\t<\/div>\n\t\t\t\t<\/div>\n\t\t\t\t<div class=\"elementor-element elementor-element-d52e17d elementor-cta--skin-cover elementor-animated-content elementor-bg-transform elementor-bg-transform-zoom-in elementor-widget elementor-widget-call-to-action\" data-id=\"d52e17d\" data-element_type=\"widget\" data-e-type=\"widget\" data-widget_type=\"call-to-action.default\">\n\t\t\t\t<div class=\"elementor-widget-container\">\n\t\t\t\t\t\t\t<a class=\"elementor-cta\" href=\"https:\/\/www.domusrental.com\/it\/affitti\/affitti-appartamenti-c1\/tag-adatto-per-le-famiglie-\/\">\n\t\t\t\t\t<div class=\"elementor-cta__bg-wrapper\">\n\t\t\t\t<div class=\"elementor-cta__bg elementor-bg\" style=\"background-image: url(https:\/\/www.domusrental.com\/blog\/wp-content\/uploads\/2024\/04\/appartamenti-lake-1920x630.jpg);\" role=\"img\" aria-label=\"appartamenti lake\"><\/div>\n\t\t\t\t<div class=\"elementor-cta__bg-overlay\"><\/div>\n\t\t\t<\/div>\n\t\t\t\t\t\t\t<div class=\"elementor-cta__content\">\n\t\t\t\t\n\t\t\t\t\n\t\t\t\t\t\t\t\t\t<div class=\"elementor-cta__description elementor-cta__content-item elementor-content-item elementor-animated-item--grow\">\n\t\t\t\t\t\tK\u00fcche und alle Annehmlichkeiten von zu Hause!\t\t\t\t\t<\/div>\n\t\t\t\t\n\t\t\t\t\t\t\t\t\t<div class=\"elementor-cta__button-wrapper elementor-cta__content-item elementor-content-item elementor-animated-item--grow\">\n\t\t\t\t\t<span class=\"elementor-cta__button elementor-button elementor-size-\">\n\t\t\t\t\t\tGardasee mit kindern ferienwohnung\t\t\t\t\t<\/span>\n\t\t\t\t\t<\/div>\n\t\t\t\t\t\t\t<\/div>\n\t\t\t\t\t\t<\/a>\n\t\t\t\t\t\t<\/div>\n\t\t\t\t<\/div>\n\t\t\t\t<div class=\"elementor-element elementor-element-20c6fa1 elementor-widget elementor-widget-text-editor\" data-id=\"20c6fa1\" data-element_type=\"widget\" data-e-type=\"widget\" data-widget_type=\"text-editor.default\">\n\t\t\t\t<div class=\"elementor-widget-container\">\n\t\t\t\t\t\t\t\t\t<p>Die Wohnungen sind eine bequeme Wahl f\u00fcr kleinere Familien oder f\u00fcr diejenigen, die eine billigere L\u00f6sung bevorzugen. Mit voll ausgestatteten K\u00fcchen und komfortablen Wohnr\u00e4umen bieten die Apartments alles, was Sie f\u00fcr einen erholsamen und angenehmen Aufenthalt f\u00fcr Kinder am Gardasee ben\u00f6tigen.<\/p>\t\t\t\t\t\t\t\t<\/div>\n\t\t\t\t<\/div>\n\t\t\t\t\t<\/div>\n\t\t<\/div>\n\t\t\t\t\t<\/div>\n\t\t<\/section>\n\t\t\t\t<section class=\"elementor-section elementor-top-section elementor-element elementor-element-ff90e5b elementor-section-boxed elementor-section-height-default elementor-section-height-default\" data-id=\"ff90e5b\" data-element_type=\"section\" data-e-type=\"section\">\n\t\t\t\t\t\t<div class=\"elementor-container elementor-column-gap-default\">\n\t\t\t\t\t<div class=\"elementor-column elementor-col-100 elementor-top-column elementor-element elementor-element-e8e7d06\" data-id=\"e8e7d06\" data-element_type=\"column\" data-e-type=\"column\">\n\t\t\t<div class=\"elementor-widget-wrap elementor-element-populated\">\n\t\t\t\t\t\t<div class=\"elementor-element elementor-element-0f93bc0 elementor-align-center elementor-widget elementor-widget-button\" data-id=\"0f93bc0\" data-element_type=\"widget\" data-e-type=\"widget\" data-widget_type=\"button.default\">\n\t\t\t\t<div class=\"elementor-widget-container\">\n\t\t\t\t\t\t\t\t\t<div class=\"elementor-button-wrapper\">\n\t\t\t\t\t<a class=\"elementor-button elementor-button-link elementor-size-sm\" href=\"https:\/\/www.domusrental.com\/de\/vermietung\/zu-mieten-vermietungen-d0\/tag-geeignet-fur-familien\/\">\n\t\t\t\t\t\t<span class=\"elementor-button-content-wrapper\">\n\t\t\t\t\t\t<span class=\"elementor-button-icon\">\n\t\t\t\t<i aria-hidden=\"true\" class=\"fas fa-home\"><\/i>\t\t\t<\/span>\n\t\t\t\t\t\t\t\t\t<span class=\"elementor-button-text\">Unterkunft Gardasee mit kindern<\/span>\n\t\t\t\t\t<\/span>\n\t\t\t\t\t<\/a>\n\t\t\t\t<\/div>\n\t\t\t\t\t\t\t\t<\/div>\n\t\t\t\t<\/div>\n\t\t\t\t\t<\/div>\n\t\t<\/div>\n\t\t\t\t\t<\/div>\n\t\t<\/section>\n\t\t\t\t<\/div>\n\t\t","protected":false},"excerpt":{"rendered":"<p>In diesem Artikel werden wir die M\u00f6glichkeiten erkunden, die der Gardasee f\u00fcr Familien bietet, ein Ort, an dem Geschichte und Natur verschmelzen und die perfekte Kulisse f\u00fcr einen unvergesslichen Urlaub schaffen. Wir besprechen die besten Aktivit\u00e4ten f\u00fcr die Kleinen, vom Schwimmen im klaren Wasser des Sees bis hin zur Entdeckung der sch\u00f6nsten St\u00e4dte. Wir geben [&hellip;]<\/p>\n","protected":false},"author":2,"featured_media":2066,"comment_status":"open","ping_status":"closed","sticky":false,"template":"","format":"standard","meta":{"footnotes":""},"categories":[59],"tags":[],"class_list":["post-2024","post","type-post","status-publish","format-standard","has-post-thumbnail","hentry","category-gardasee"],"yoast_head":"<!-- This site is optimized with the Yoast SEO plugin v27.5 - https:\/\/yoast.com\/product\/yoast-seo-wordpress\/ -->\n<title>Gardasee mit kindern, familienurlaub\u00a0 - Blog | Domus Rental<\/title>\n<meta name=\"description\" content=\"Familienurlaub am Gardasee: Spa\u00df f\u00fcr Kinder, Entspannung f\u00fcr Eltern. Buchen Sie jetzt!\" \/>\n<meta name=\"robots\" content=\"index, follow, max-snippet:-1, max-image-preview:large, max-video-preview:-1\" \/>\n<link rel=\"canonical\" href=\"https:\/\/www.domusrental.com\/blog\/lake-garda-with-kids\/\" \/>\n<meta property=\"og:locale\" content=\"de_DE\" \/>\n<meta property=\"og:type\" content=\"article\" \/>\n<meta property=\"og:title\" content=\"Gardasee mit kindern, familienurlaub\u00a0 - Blog | Domus Rental\" \/>\n<meta property=\"og:description\" content=\"Familienurlaub am Gardasee: Spa\u00df f\u00fcr Kinder, Entspannung f\u00fcr Eltern. Buchen Sie jetzt!\" \/>\n<meta property=\"og:url\" content=\"https:\/\/www.domusrental.com\/blog\/lake-garda-with-kids\/\" \/>\n<meta property=\"og:site_name\" content=\"Blog | Domus Rental\" \/>\n<meta property=\"article:publisher\" content=\"https:\/\/www.facebook.com\/domusrental\" \/>\n<meta property=\"article:published_time\" content=\"2024-04-24T11:15:44+00:00\" \/>\n<meta property=\"article:modified_time\" content=\"2025-01-21T15:36:29+00:00\" \/>\n<meta property=\"og:image\" content=\"https:\/\/www.domusrental.com\/blog\/wp-content\/uploads\/2024\/04\/header-2.jpg\" \/>\n\t<meta property=\"og:image:width\" content=\"2121\" \/>\n\t<meta property=\"og:image:height\" content=\"1414\" \/>\n\t<meta property=\"og:image:type\" content=\"image\/jpeg\" \/>\n<meta name=\"author\" content=\"digitalservices\" \/>\n<meta name=\"twitter:card\" content=\"summary_large_image\" \/>\n<meta name=\"twitter:creator\" content=\"@DomusRental\" \/>\n<meta name=\"twitter:site\" content=\"@DomusRental\" \/>\n<meta name=\"twitter:label1\" content=\"Verfasst von\" \/>\n\t<meta name=\"twitter:data1\" content=\"digitalservices\" \/>\n\t<meta name=\"twitter:label2\" content=\"Gesch\u00e4tzte Lesezeit\" \/>\n\t<meta name=\"twitter:data2\" content=\"10\u00a0Minuten\" \/>\n<script type=\"application\/ld+json\" class=\"yoast-schema-graph\">{\"@context\":\"https:\\\/\\\/schema.org\",\"@graph\":[{\"@type\":\"Article\",\"@id\":\"https:\\\/\\\/www.domusrental.com\\\/blog\\\/lake-garda-with-kids\\\/#article\",\"isPartOf\":{\"@id\":\"https:\\\/\\\/www.domusrental.com\\\/blog\\\/lake-garda-with-kids\\\/\"},\"author\":{\"name\":\"digitalservices\",\"@id\":\"https:\\\/\\\/www.domusrental.com\\\/blog\\\/#\\\/schema\\\/person\\\/4704eef53d63fc41b94477baca3572f8\"},\"headline\":\"Gardasee mit kindern, familienurlaub\u00a0\",\"datePublished\":\"2024-04-24T11:15:44+00:00\",\"dateModified\":\"2025-01-21T15:36:29+00:00\",\"mainEntityOfPage\":{\"@id\":\"https:\\\/\\\/www.domusrental.com\\\/blog\\\/lake-garda-with-kids\\\/\"},\"wordCount\":1334,\"commentCount\":0,\"publisher\":{\"@id\":\"https:\\\/\\\/www.domusrental.com\\\/blog\\\/#organization\"},\"image\":{\"@id\":\"https:\\\/\\\/www.domusrental.com\\\/blog\\\/lake-garda-with-kids\\\/#primaryimage\"},\"thumbnailUrl\":\"https:\\\/\\\/www.domusrental.com\\\/blog\\\/wp-content\\\/uploads\\\/2024\\\/04\\\/header-2.jpg\",\"articleSection\":[\"Gardasee\"],\"inLanguage\":\"de\",\"potentialAction\":[{\"@type\":\"CommentAction\",\"name\":\"Comment\",\"target\":[\"https:\\\/\\\/www.domusrental.com\\\/blog\\\/lake-garda-with-kids\\\/#respond\"]}]},{\"@type\":\"WebPage\",\"@id\":\"https:\\\/\\\/www.domusrental.com\\\/blog\\\/lake-garda-with-kids\\\/\",\"url\":\"https:\\\/\\\/www.domusrental.com\\\/blog\\\/lake-garda-with-kids\\\/\",\"name\":\"Gardasee mit kindern, familienurlaub\u00a0 - Blog | Domus Rental\",\"isPartOf\":{\"@id\":\"https:\\\/\\\/www.domusrental.com\\\/blog\\\/#website\"},\"primaryImageOfPage\":{\"@id\":\"https:\\\/\\\/www.domusrental.com\\\/blog\\\/lake-garda-with-kids\\\/#primaryimage\"},\"image\":{\"@id\":\"https:\\\/\\\/www.domusrental.com\\\/blog\\\/lake-garda-with-kids\\\/#primaryimage\"},\"thumbnailUrl\":\"https:\\\/\\\/www.domusrental.com\\\/blog\\\/wp-content\\\/uploads\\\/2024\\\/04\\\/header-2.jpg\",\"datePublished\":\"2024-04-24T11:15:44+00:00\",\"dateModified\":\"2025-01-21T15:36:29+00:00\",\"description\":\"Familienurlaub am Gardasee: Spa\u00df f\u00fcr Kinder, Entspannung f\u00fcr Eltern. Buchen Sie jetzt!\",\"breadcrumb\":{\"@id\":\"https:\\\/\\\/www.domusrental.com\\\/blog\\\/lake-garda-with-kids\\\/#breadcrumb\"},\"inLanguage\":\"de\",\"potentialAction\":[{\"@type\":\"ReadAction\",\"target\":[\"https:\\\/\\\/www.domusrental.com\\\/blog\\\/lake-garda-with-kids\\\/\"]}]},{\"@type\":\"ImageObject\",\"inLanguage\":\"de\",\"@id\":\"https:\\\/\\\/www.domusrental.com\\\/blog\\\/lake-garda-with-kids\\\/#primaryimage\",\"url\":\"https:\\\/\\\/www.domusrental.com\\\/blog\\\/wp-content\\\/uploads\\\/2024\\\/04\\\/header-2.jpg\",\"contentUrl\":\"https:\\\/\\\/www.domusrental.com\\\/blog\\\/wp-content\\\/uploads\\\/2024\\\/04\\\/header-2.jpg\",\"width\":2121,\"height\":1414,\"caption\":\"Two little sisters enjoying scenic aerial view of Riva del Garda town, located on a shore of Garda lake, surrounded by beautiful rocky mountains. Spectacular autumn sunset.\"},{\"@type\":\"BreadcrumbList\",\"@id\":\"https:\\\/\\\/www.domusrental.com\\\/blog\\\/lake-garda-with-kids\\\/#breadcrumb\",\"itemListElement\":[{\"@type\":\"ListItem\",\"position\":1,\"name\":\"Home\",\"item\":\"https:\\\/\\\/www.domusrental.com\\\/blog\\\/de\\\/\"},{\"@type\":\"ListItem\",\"position\":2,\"name\":\"Gardasee mit kindern, familienurlaub\u00a0\"}]},{\"@type\":\"WebSite\",\"@id\":\"https:\\\/\\\/www.domusrental.com\\\/blog\\\/#website\",\"url\":\"https:\\\/\\\/www.domusrental.com\\\/blog\\\/\",\"name\":\"Domus Rental\",\"description\":\"\",\"publisher\":{\"@id\":\"https:\\\/\\\/www.domusrental.com\\\/blog\\\/#organization\"},\"potentialAction\":[{\"@type\":\"SearchAction\",\"target\":{\"@type\":\"EntryPoint\",\"urlTemplate\":\"https:\\\/\\\/www.domusrental.com\\\/blog\\\/?s={search_term_string}\"},\"query-input\":{\"@type\":\"PropertyValueSpecification\",\"valueRequired\":true,\"valueName\":\"search_term_string\"}}],\"inLanguage\":\"de\"},{\"@type\":\"Organization\",\"@id\":\"https:\\\/\\\/www.domusrental.com\\\/blog\\\/#organization\",\"name\":\"Blog | Domus Rental\",\"url\":\"https:\\\/\\\/www.domusrental.com\\\/blog\\\/\",\"logo\":{\"@type\":\"ImageObject\",\"inLanguage\":\"de\",\"@id\":\"https:\\\/\\\/www.domusrental.com\\\/blog\\\/#\\\/schema\\\/logo\\\/image\\\/\",\"url\":\"https:\\\/\\\/www.domusrental.com\\\/blog\\\/wp-content\\\/uploads\\\/2024\\\/04\\\/favicon.png\",\"contentUrl\":\"https:\\\/\\\/www.domusrental.com\\\/blog\\\/wp-content\\\/uploads\\\/2024\\\/04\\\/favicon.png\",\"width\":298,\"height\":298,\"caption\":\"Blog | Domus Rental\"},\"image\":{\"@id\":\"https:\\\/\\\/www.domusrental.com\\\/blog\\\/#\\\/schema\\\/logo\\\/image\\\/\"},\"sameAs\":[\"https:\\\/\\\/www.facebook.com\\\/domusrental\",\"https:\\\/\\\/x.com\\\/DomusRental\"]},{\"@type\":\"Person\",\"@id\":\"https:\\\/\\\/www.domusrental.com\\\/blog\\\/#\\\/schema\\\/person\\\/4704eef53d63fc41b94477baca3572f8\",\"name\":\"digitalservices\",\"image\":{\"@type\":\"ImageObject\",\"inLanguage\":\"de\",\"@id\":\"https:\\\/\\\/secure.gravatar.com\\\/avatar\\\/af30f88a1904294c1f3eb09a9d7903eec4ffa18fa2cf40c28a8681014ecdfc20?s=96&d=mm&r=g\",\"url\":\"https:\\\/\\\/secure.gravatar.com\\\/avatar\\\/af30f88a1904294c1f3eb09a9d7903eec4ffa18fa2cf40c28a8681014ecdfc20?s=96&d=mm&r=g\",\"contentUrl\":\"https:\\\/\\\/secure.gravatar.com\\\/avatar\\\/af30f88a1904294c1f3eb09a9d7903eec4ffa18fa2cf40c28a8681014ecdfc20?s=96&d=mm&r=g\",\"caption\":\"digitalservices\"},\"url\":\"https:\\\/\\\/www.domusrental.com\\\/blog\\\/de\\\/author\\\/digitalservices\\\/\"}]}<\/script>\n<!-- \/ Yoast SEO plugin. -->","yoast_head_json":{"title":"Gardasee mit kindern, familienurlaub\u00a0 - Blog | Domus Rental","description":"Familienurlaub am Gardasee: Spa\u00df f\u00fcr Kinder, Entspannung f\u00fcr Eltern. Buchen Sie jetzt!","robots":{"index":"index","follow":"follow","max-snippet":"max-snippet:-1","max-image-preview":"max-image-preview:large","max-video-preview":"max-video-preview:-1"},"canonical":"https:\/\/www.domusrental.com\/blog\/lake-garda-with-kids\/","og_locale":"de_DE","og_type":"article","og_title":"Gardasee mit kindern, familienurlaub\u00a0 - Blog | Domus Rental","og_description":"Familienurlaub am Gardasee: Spa\u00df f\u00fcr Kinder, Entspannung f\u00fcr Eltern. Buchen Sie jetzt!","og_url":"https:\/\/www.domusrental.com\/blog\/lake-garda-with-kids\/","og_site_name":"Blog | Domus Rental","article_publisher":"https:\/\/www.facebook.com\/domusrental","article_published_time":"2024-04-24T11:15:44+00:00","article_modified_time":"2025-01-21T15:36:29+00:00","og_image":[{"width":2121,"height":1414,"url":"https:\/\/www.domusrental.com\/blog\/wp-content\/uploads\/2024\/04\/header-2.jpg","type":"image\/jpeg"}],"author":"digitalservices","twitter_card":"summary_large_image","twitter_creator":"@DomusRental","twitter_site":"@DomusRental","twitter_misc":{"Verfasst von":"digitalservices","Gesch\u00e4tzte Lesezeit":"10\u00a0Minuten"},"schema":{"@context":"https:\/\/schema.org","@graph":[{"@type":"Article","@id":"https:\/\/www.domusrental.com\/blog\/lake-garda-with-kids\/#article","isPartOf":{"@id":"https:\/\/www.domusrental.com\/blog\/lake-garda-with-kids\/"},"author":{"name":"digitalservices","@id":"https:\/\/www.domusrental.com\/blog\/#\/schema\/person\/4704eef53d63fc41b94477baca3572f8"},"headline":"Gardasee mit kindern, familienurlaub\u00a0","datePublished":"2024-04-24T11:15:44+00:00","dateModified":"2025-01-21T15:36:29+00:00","mainEntityOfPage":{"@id":"https:\/\/www.domusrental.com\/blog\/lake-garda-with-kids\/"},"wordCount":1334,"commentCount":0,"publisher":{"@id":"https:\/\/www.domusrental.com\/blog\/#organization"},"image":{"@id":"https:\/\/www.domusrental.com\/blog\/lake-garda-with-kids\/#primaryimage"},"thumbnailUrl":"https:\/\/www.domusrental.com\/blog\/wp-content\/uploads\/2024\/04\/header-2.jpg","articleSection":["Gardasee"],"inLanguage":"de","potentialAction":[{"@type":"CommentAction","name":"Comment","target":["https:\/\/www.domusrental.com\/blog\/lake-garda-with-kids\/#respond"]}]},{"@type":"WebPage","@id":"https:\/\/www.domusrental.com\/blog\/lake-garda-with-kids\/","url":"https:\/\/www.domusrental.com\/blog\/lake-garda-with-kids\/","name":"Gardasee mit kindern, familienurlaub\u00a0 - Blog | Domus Rental","isPartOf":{"@id":"https:\/\/www.domusrental.com\/blog\/#website"},"primaryImageOfPage":{"@id":"https:\/\/www.domusrental.com\/blog\/lake-garda-with-kids\/#primaryimage"},"image":{"@id":"https:\/\/www.domusrental.com\/blog\/lake-garda-with-kids\/#primaryimage"},"thumbnailUrl":"https:\/\/www.domusrental.com\/blog\/wp-content\/uploads\/2024\/04\/header-2.jpg","datePublished":"2024-04-24T11:15:44+00:00","dateModified":"2025-01-21T15:36:29+00:00","description":"Familienurlaub am Gardasee: Spa\u00df f\u00fcr Kinder, Entspannung f\u00fcr Eltern. Buchen Sie jetzt!","breadcrumb":{"@id":"https:\/\/www.domusrental.com\/blog\/lake-garda-with-kids\/#breadcrumb"},"inLanguage":"de","potentialAction":[{"@type":"ReadAction","target":["https:\/\/www.domusrental.com\/blog\/lake-garda-with-kids\/"]}]},{"@type":"ImageObject","inLanguage":"de","@id":"https:\/\/www.domusrental.com\/blog\/lake-garda-with-kids\/#primaryimage","url":"https:\/\/www.domusrental.com\/blog\/wp-content\/uploads\/2024\/04\/header-2.jpg","contentUrl":"https:\/\/www.domusrental.com\/blog\/wp-content\/uploads\/2024\/04\/header-2.jpg","width":2121,"height":1414,"caption":"Two little sisters enjoying scenic aerial view of Riva del Garda town, located on a shore of Garda lake, surrounded by beautiful rocky mountains. Spectacular autumn sunset."},{"@type":"BreadcrumbList","@id":"https:\/\/www.domusrental.com\/blog\/lake-garda-with-kids\/#breadcrumb","itemListElement":[{"@type":"ListItem","position":1,"name":"Home","item":"https:\/\/www.domusrental.com\/blog\/de\/"},{"@type":"ListItem","position":2,"name":"Gardasee mit kindern, familienurlaub\u00a0"}]},{"@type":"WebSite","@id":"https:\/\/www.domusrental.com\/blog\/#website","url":"https:\/\/www.domusrental.com\/blog\/","name":"Domus Rental","description":"","publisher":{"@id":"https:\/\/www.domusrental.com\/blog\/#organization"},"potentialAction":[{"@type":"SearchAction","target":{"@type":"EntryPoint","urlTemplate":"https:\/\/www.domusrental.com\/blog\/?s={search_term_string}"},"query-input":{"@type":"PropertyValueSpecification","valueRequired":true,"valueName":"search_term_string"}}],"inLanguage":"de"},{"@type":"Organization","@id":"https:\/\/www.domusrental.com\/blog\/#organization","name":"Blog | Domus Rental","url":"https:\/\/www.domusrental.com\/blog\/","logo":{"@type":"ImageObject","inLanguage":"de","@id":"https:\/\/www.domusrental.com\/blog\/#\/schema\/logo\/image\/","url":"https:\/\/www.domusrental.com\/blog\/wp-content\/uploads\/2024\/04\/favicon.png","contentUrl":"https:\/\/www.domusrental.com\/blog\/wp-content\/uploads\/2024\/04\/favicon.png","width":298,"height":298,"caption":"Blog | Domus Rental"},"image":{"@id":"https:\/\/www.domusrental.com\/blog\/#\/schema\/logo\/image\/"},"sameAs":["https:\/\/www.facebook.com\/domusrental","https:\/\/x.com\/DomusRental"]},{"@type":"Person","@id":"https:\/\/www.domusrental.com\/blog\/#\/schema\/person\/4704eef53d63fc41b94477baca3572f8","name":"digitalservices","image":{"@type":"ImageObject","inLanguage":"de","@id":"https:\/\/secure.gravatar.com\/avatar\/af30f88a1904294c1f3eb09a9d7903eec4ffa18fa2cf40c28a8681014ecdfc20?s=96&d=mm&r=g","url":"https:\/\/secure.gravatar.com\/avatar\/af30f88a1904294c1f3eb09a9d7903eec4ffa18fa2cf40c28a8681014ecdfc20?s=96&d=mm&r=g","contentUrl":"https:\/\/secure.gravatar.com\/avatar\/af30f88a1904294c1f3eb09a9d7903eec4ffa18fa2cf40c28a8681014ecdfc20?s=96&d=mm&r=g","caption":"digitalservices"},"url":"https:\/\/www.domusrental.com\/blog\/de\/author\/digitalservices\/"}]}},"_links":{"self":[{"href":"https:\/\/www.domusrental.com\/blog\/de\/wp-json\/wp\/v2\/posts\/2024","targetHints":{"allow":["GET"]}}],"collection":[{"href":"https:\/\/www.domusrental.com\/blog\/de\/wp-json\/wp\/v2\/posts"}],"about":[{"href":"https:\/\/www.domusrental.com\/blog\/de\/wp-json\/wp\/v2\/types\/post"}],"author":[{"embeddable":true,"href":"https:\/\/www.domusrental.com\/blog\/de\/wp-json\/wp\/v2\/users\/2"}],"replies":[{"embeddable":true,"href":"https:\/\/www.domusrental.com\/blog\/de\/wp-json\/wp\/v2\/comments?post=2024"}],"version-history":[{"count":13,"href":"https:\/\/www.domusrental.com\/blog\/de\/wp-json\/wp\/v2\/posts\/2024\/revisions"}],"predecessor-version":[{"id":2842,"href":"https:\/\/www.domusrental.com\/blog\/de\/wp-json\/wp\/v2\/posts\/2024\/revisions\/2842"}],"wp:featuredmedia":[{"embeddable":true,"href":"https:\/\/www.domusrental.com\/blog\/de\/wp-json\/wp\/v2\/media\/2066"}],"wp:attachment":[{"href":"https:\/\/www.domusrental.com\/blog\/de\/wp-json\/wp\/v2\/media?parent=2024"}],"wp:term":[{"taxonomy":"category","embeddable":true,"href":"https:\/\/www.domusrental.com\/blog\/de\/wp-json\/wp\/v2\/categories?post=2024"},{"taxonomy":"post_tag","embeddable":true,"href":"https:\/\/www.domusrental.com\/blog\/de\/wp-json\/wp\/v2\/tags?post=2024"}],"curies":[{"name":"wp","href":"https:\/\/api.w.org\/{rel}","templated":true}]}}