{"id":2312,"date":"2024-06-06T15:24:57","date_gmt":"2024-06-06T15:24:57","guid":{"rendered":"https:\/\/www.domusrental.com\/blog\/?p=2312"},"modified":"2025-01-21T15:36:10","modified_gmt":"2025-01-21T15:36:10","slug":"strand-gardasee","status":"publish","type":"post","link":"https:\/\/www.domusrental.com\/blog\/de\/strand-gardasee\/","title":{"rendered":"So finden Sie Ihren perfekten Strand am Gardasee"},"content":{"rendered":"\t\t<div data-elementor-type=\"wp-post\" data-elementor-id=\"2312\" class=\"elementor elementor-2312 elementor-2272\" data-elementor-post-type=\"post\">\n\t\t\t\t\t\t<section class=\"elementor-section elementor-top-section elementor-element elementor-element-17530528 elementor-section-boxed elementor-section-height-default elementor-section-height-default\" data-id=\"17530528\" data-element_type=\"section\" data-e-type=\"section\">\n\t\t\t\t\t\t<div class=\"elementor-container elementor-column-gap-default\">\n\t\t\t\t\t<div class=\"elementor-column elementor-col-100 elementor-top-column elementor-element elementor-element-40f39ce9\" data-id=\"40f39ce9\" data-element_type=\"column\" data-e-type=\"column\">\n\t\t\t<div class=\"elementor-widget-wrap elementor-element-populated\">\n\t\t\t\t\t\t<div class=\"elementor-element elementor-element-4d2dc6c elementor-widget elementor-widget-text-editor\" data-id=\"4d2dc6c\" data-element_type=\"widget\" data-e-type=\"widget\" data-widget_type=\"text-editor.default\">\n\t\t\t\t<div class=\"elementor-widget-container\">\n\t\t\t\t\t\t\t\t\t<p>Vergessen Sie in diesem Sommer \u00fcberf\u00fcllte Badeorte und Str\u00e4nde. Stellen Sie sich vor, Sie nehmen ein Sonnenbad an einem ruhigen und abgelegenen Strand am Gardasee, wo das S\u00fc\u00dfwasser klar sowie ruhig ist und zum Entspannen einl\u00e4dt.<\/p><p><em>Aber f\u00fcr welchen Gardasee Strand w\u00fcrden Sie sich entscheiden?<\/em> Mit \u00fcber 45 km freien Str\u00e4nden rund um den See haben Sie die Qual der Wahl! Um Ihnen bei der Auswahl zu helfen, haben wir eine Liste mit sechs idyllischen Str\u00e4nden am Gardasee zusammengestellt, die unserer Meinung nach f\u00fcr jede Art von Reisenden etwas zu bieten haben.<\/p><p>Machen Sie sich am besten einen Tee oder Kaffee und genie\u00dfen Sie vor Ihrer Reise nach Italien einen Blick auf diese wundersch\u00f6nen Str\u00e4nde am Gardasee.<\/p>\t\t\t\t\t\t\t\t<\/div>\n\t\t\t\t<\/div>\n\t\t\t\t\t<\/div>\n\t\t<\/div>\n\t\t\t\t\t<\/div>\n\t\t<\/section>\n\t\t\t\t<section class=\"elementor-section elementor-top-section elementor-element elementor-element-532789e4 elementor-section-boxed elementor-section-height-default elementor-section-height-default\" data-id=\"532789e4\" data-element_type=\"section\" data-e-type=\"section\">\n\t\t\t\t\t\t<div class=\"elementor-container elementor-column-gap-default\">\n\t\t\t\t\t<div class=\"elementor-column elementor-col-100 elementor-top-column elementor-element elementor-element-24d80045\" data-id=\"24d80045\" data-element_type=\"column\" data-e-type=\"column\">\n\t\t\t<div class=\"elementor-widget-wrap elementor-element-populated\">\n\t\t\t\t\t\t<div class=\"elementor-element elementor-element-6bd6dd1e elementor-widget elementor-widget-table-of-contents\" data-id=\"6bd6dd1e\" data-element_type=\"widget\" data-e-type=\"widget\" data-settings=\"{&quot;headings_by_tags&quot;:[&quot;h2&quot;],&quot;exclude_headings_by_selector&quot;:[],&quot;marker_view&quot;:&quot;bullets&quot;,&quot;icon&quot;:{&quot;value&quot;:&quot;&quot;,&quot;library&quot;:&quot;&quot;},&quot;no_headings_message&quot;:&quot;Es wurden keine \\u00dcberschriften auf dieser Seite gefunden.&quot;,&quot;hierarchical_view&quot;:&quot;yes&quot;,&quot;min_height&quot;:{&quot;unit&quot;:&quot;px&quot;,&quot;size&quot;:&quot;&quot;,&quot;sizes&quot;:[]},&quot;min_height_tablet&quot;:{&quot;unit&quot;:&quot;px&quot;,&quot;size&quot;:&quot;&quot;,&quot;sizes&quot;:[]},&quot;min_height_mobile&quot;:{&quot;unit&quot;:&quot;px&quot;,&quot;size&quot;:&quot;&quot;,&quot;sizes&quot;:[]}}\" data-widget_type=\"table-of-contents.default\">\n\t\t\t\t<div class=\"elementor-widget-container\">\n\t\t\t\t\t\t\t\t\t<div class=\"elementor-toc__header\">\n\t\t\t\t\t\t<div class=\"elementor-toc__header-title\">\n\t\t\t\tVerzeichnis\t\t\t<\/div>\n\t\t\t\t\t\t\t\t<\/div>\n\t\t\t\t<div id=\"elementor-toc__6bd6dd1e\" class=\"elementor-toc__body\">\n\t\t\t<div class=\"elementor-toc__spinner-container\">\n\t\t\t\t<i class=\"elementor-toc__spinner eicon-animation-spin eicon-loading\" aria-hidden=\"true\"><\/i>\t\t\t<\/div>\n\t\t<\/div>\n\t\t\t\t\t\t<\/div>\n\t\t\t\t<\/div>\n\t\t\t\t\t<\/div>\n\t\t<\/div>\n\t\t\t\t\t<\/div>\n\t\t<\/section>\n\t\t\t\t<section class=\"elementor-section elementor-top-section elementor-element elementor-element-3ff2a78f elementor-section-boxed elementor-section-height-default elementor-section-height-default\" data-id=\"3ff2a78f\" data-element_type=\"section\" data-e-type=\"section\">\n\t\t\t\t\t\t<div class=\"elementor-container elementor-column-gap-default\">\n\t\t\t\t\t<div class=\"elementor-column elementor-col-100 elementor-top-column elementor-element elementor-element-589fefe9\" data-id=\"589fefe9\" data-element_type=\"column\" data-e-type=\"column\">\n\t\t\t<div class=\"elementor-widget-wrap elementor-element-populated\">\n\t\t\t\t\t\t<div class=\"elementor-element elementor-element-1938c656 elementor-widget elementor-widget-heading\" data-id=\"1938c656\" data-element_type=\"widget\" data-e-type=\"widget\" data-widget_type=\"heading.default\">\n\t\t\t\t<div class=\"elementor-widget-container\">\n\t\t\t\t\t<h2 class=\"elementor-heading-title elementor-size-default\">Die sch\u00f6nsten Str\u00e4nde rund um den Gardasee\n<\/h2>\t\t\t\t<\/div>\n\t\t\t\t<\/div>\n\t\t\t\t<div class=\"elementor-element elementor-element-53851882 elementor-widget elementor-widget-text-editor\" data-id=\"53851882\" data-element_type=\"widget\" data-e-type=\"widget\" data-widget_type=\"text-editor.default\">\n\t\t\t\t<div class=\"elementor-widget-container\">\n\t\t\t\t\t\t\t\t\t<p>Die Str\u00e4nde am Gardasee sind \u00fcber das gesamte Ufer verteilt und bieten eine Vielzahl an M\u00f6glichkeiten f\u00fcr jeden Geschmack. Hier ein kleiner Vorgeschmack auf einige der Orte, die man unbedingt besuchen sollte:<\/p>\t\t\t\t\t\t\t\t<\/div>\n\t\t\t\t<\/div>\n\t\t\t\t\t<\/div>\n\t\t<\/div>\n\t\t\t\t\t<\/div>\n\t\t<\/section>\n\t\t\t\t<section class=\"elementor-section elementor-top-section elementor-element elementor-element-2bda8b9d elementor-section-boxed elementor-section-height-default elementor-section-height-default\" data-id=\"2bda8b9d\" data-element_type=\"section\" data-e-type=\"section\">\n\t\t\t\t\t\t<div class=\"elementor-container elementor-column-gap-default\">\n\t\t\t\t\t<div class=\"elementor-column elementor-col-100 elementor-top-column elementor-element elementor-element-635d117f\" data-id=\"635d117f\" data-element_type=\"column\" data-e-type=\"column\">\n\t\t\t<div class=\"elementor-widget-wrap elementor-element-populated\">\n\t\t\t\t\t\t<div class=\"elementor-element elementor-element-4e3bc3b7 elementor-widget elementor-widget-heading\" data-id=\"4e3bc3b7\" data-element_type=\"widget\" data-e-type=\"widget\" data-widget_type=\"heading.default\">\n\t\t\t\t<div class=\"elementor-widget-container\">\n\t\t\t\t\t<h3 class=\"elementor-heading-title elementor-size-default\">Spiaggia Corno di Garda (Strand Corno di Garda)<\/h3>\t\t\t\t<\/div>\n\t\t\t\t<\/div>\n\t\t\t\t<div class=\"elementor-element elementor-element-7331a6e elementor-widget elementor-widget-image\" data-id=\"7331a6e\" data-element_type=\"widget\" data-e-type=\"widget\" data-widget_type=\"image.default\">\n\t\t\t\t<div class=\"elementor-widget-container\">\n\t\t\t\t\t\t\t\t\t\t\t\t\t\t\t<img fetchpriority=\"high\" decoding=\"async\" width=\"1280\" height=\"640\" src=\"https:\/\/www.domusrental.com\/blog\/wp-content\/uploads\/2024\/06\/corno-beach.jpg\" class=\"attachment-full size-full wp-image-2279\" alt=\"\" srcset=\"https:\/\/www.domusrental.com\/blog\/wp-content\/uploads\/2024\/06\/corno-beach.jpg 1280w, https:\/\/www.domusrental.com\/blog\/wp-content\/uploads\/2024\/06\/corno-beach-768x384.jpg 768w\" sizes=\"(max-width: 1280px) 100vw, 1280px\" \/>\t\t\t\t\t\t\t\t\t\t\t\t\t\t\t<\/div>\n\t\t\t\t<\/div>\n\t\t\t\t<div class=\"elementor-element elementor-element-35d82072 elementor-widget elementor-widget-text-editor\" data-id=\"35d82072\" data-element_type=\"widget\" data-e-type=\"widget\" data-widget_type=\"text-editor.default\">\n\t\t\t\t<div class=\"elementor-widget-container\">\n\t\t\t\t\t\t\t\t\t<p>Der Strand Corno di Garda liegt am Westufer in der N\u00e4he von Manerba del Garda und ist ein wundersch\u00f6ner Sand- und Kieselstrand. Er ist nach Norden hin gesch\u00fctzt und somit der perfekte Ort f\u00fcr windige Tage. Das ruhige Wasser hier ist ideal f\u00fcr Familien mit kleinen Kindern. Die umliegende Landschaft mit dem Monte Sasso im Hintergrund ist einfach postkartenreif. Warten Sie nur auf den Sonnenuntergang!<\/p><p>Die Bar Bikini liegt direkt am Strand Gardasee und serviert Snacks, kalte Getr\u00e4nke und Cocktails, sodass Sie die K\u00fchlbox nicht mit an den Strand schleppen m\u00fcssen! Hier gibt es Toiletten, und am anderen Ende des Strandes, in der N\u00e4he des Eingangs, finden Sie auch rollstuhlgerechte Toiletten mit Duschen (50 Cent Geb\u00fchr).<\/p>\t\t\t\t\t\t\t\t<\/div>\n\t\t\t\t<\/div>\n\t\t\t\t\t<\/div>\n\t\t<\/div>\n\t\t\t\t\t<\/div>\n\t\t<\/section>\n\t\t\t\t<section class=\"elementor-section elementor-top-section elementor-element elementor-element-e19e965 elementor-section-boxed elementor-section-height-default elementor-section-height-default\" data-id=\"e19e965\" data-element_type=\"section\" data-e-type=\"section\">\n\t\t\t\t\t\t<div class=\"elementor-container elementor-column-gap-default\">\n\t\t\t\t\t<div class=\"elementor-column elementor-col-100 elementor-top-column elementor-element elementor-element-d31cb8b\" data-id=\"d31cb8b\" data-element_type=\"column\" data-e-type=\"column\">\n\t\t\t<div class=\"elementor-widget-wrap elementor-element-populated\">\n\t\t\t\t\t\t<div class=\"elementor-element elementor-element-fdbc9b9 elementor-widget elementor-widget-heading\" data-id=\"fdbc9b9\" data-element_type=\"widget\" data-e-type=\"widget\" data-widget_type=\"heading.default\">\n\t\t\t\t<div class=\"elementor-widget-container\">\n\t\t\t\t\t<h3 class=\"elementor-heading-title elementor-size-default\">Spiaggia di Pai Sotto<\/h3>\t\t\t\t<\/div>\n\t\t\t\t<\/div>\n\t\t\t\t<div class=\"elementor-element elementor-element-a4e0560 elementor-widget elementor-widget-image\" data-id=\"a4e0560\" data-element_type=\"widget\" data-e-type=\"widget\" data-widget_type=\"image.default\">\n\t\t\t\t<div class=\"elementor-widget-container\">\n\t\t\t\t\t\t\t\t\t\t\t\t\t\t\t<img decoding=\"async\" width=\"1200\" height=\"600\" src=\"https:\/\/www.domusrental.com\/blog\/wp-content\/uploads\/2024\/06\/Spiaggia-di-Pai-Sotto\u200b.jpg\" class=\"attachment-full size-full wp-image-2282\" alt=\"\" srcset=\"https:\/\/www.domusrental.com\/blog\/wp-content\/uploads\/2024\/06\/Spiaggia-di-Pai-Sotto\u200b.jpg 1200w, https:\/\/www.domusrental.com\/blog\/wp-content\/uploads\/2024\/06\/Spiaggia-di-Pai-Sotto\u200b-768x384.jpg 768w\" sizes=\"(max-width: 1200px) 100vw, 1200px\" \/>\t\t\t\t\t\t\t\t\t\t\t\t\t\t\t<\/div>\n\t\t\t\t<\/div>\n\t\t\t\t<div class=\"elementor-element elementor-element-0d84864 elementor-widget elementor-widget-text-editor\" data-id=\"0d84864\" data-element_type=\"widget\" data-e-type=\"widget\" data-widget_type=\"text-editor.default\">\n\t\t\t\t<div class=\"elementor-widget-container\">\n\t\t\t\t\t\t\t\t\t<p>Dieser Strand befindet sich etwas weiter n\u00f6rdlich vom Strand Corno di Garda, direkt vor dem Campingplatz \u201eCamping Pai di Maria\u201c. Wer auf dem Campingplatz \u00fcbernachtet, hat somit einen direkten Zugang \u00fcber die Stra\u00dfe. Es handelt sich um einen steinigen Strand, also perfekt f\u00fcr alle, die Sand hassen!<\/p><p>Am Spiaggia di Pai Sotto gibt es mehrere kleine Piers und Anlegestellen, an denen man oft Leute beim Angeln sieht, die alles M\u00f6gliche fangen, von Agonen \u00fcber Forellen und Karpfen bis hin zu Barschen. Aufgrund seiner Lage an der Stra\u00dfe ist der Strand nur selten \u00fcberf\u00fcllt, sodass Sie den Ort au\u00dferhalb der Hochsaison wahrscheinlich f\u00fcr sich allein haben werden.<\/p>\t\t\t\t\t\t\t\t<\/div>\n\t\t\t\t<\/div>\n\t\t\t\t\t<\/div>\n\t\t<\/div>\n\t\t\t\t\t<\/div>\n\t\t<\/section>\n\t\t\t\t<section class=\"elementor-section elementor-top-section elementor-element elementor-element-e876256 elementor-section-boxed elementor-section-height-default elementor-section-height-default\" data-id=\"e876256\" data-element_type=\"section\" data-e-type=\"section\">\n\t\t\t\t\t\t<div class=\"elementor-container elementor-column-gap-default\">\n\t\t\t\t\t<div class=\"elementor-column elementor-col-100 elementor-top-column elementor-element elementor-element-f8b8a32\" data-id=\"f8b8a32\" data-element_type=\"column\" data-e-type=\"column\">\n\t\t\t<div class=\"elementor-widget-wrap elementor-element-populated\">\n\t\t\t\t\t\t<div class=\"elementor-element elementor-element-8c01173 elementor-widget elementor-widget-heading\" data-id=\"8c01173\" data-element_type=\"widget\" data-e-type=\"widget\" data-widget_type=\"heading.default\">\n\t\t\t\t<div class=\"elementor-widget-container\">\n\t\t\t\t\t<h3 class=\"elementor-heading-title elementor-size-default\">Jamaica Beach (Spiaggia Giamaica)<\/h3>\t\t\t\t<\/div>\n\t\t\t\t<\/div>\n\t\t\t\t<div class=\"elementor-element elementor-element-3166986 elementor-widget elementor-widget-image\" data-id=\"3166986\" data-element_type=\"widget\" data-e-type=\"widget\" data-widget_type=\"image.default\">\n\t\t\t\t<div class=\"elementor-widget-container\">\n\t\t\t\t\t\t\t\t\t\t\t\t\t\t\t<img decoding=\"async\" width=\"1200\" height=\"600\" src=\"https:\/\/www.domusrental.com\/blog\/wp-content\/uploads\/2024\/06\/Jamaica-Beach-Spiaggia-Giamaica\u200b.webp\" class=\"attachment-full size-full wp-image-2288\" alt=\"\" srcset=\"https:\/\/www.domusrental.com\/blog\/wp-content\/uploads\/2024\/06\/Jamaica-Beach-Spiaggia-Giamaica\u200b.webp 1200w, https:\/\/www.domusrental.com\/blog\/wp-content\/uploads\/2024\/06\/Jamaica-Beach-Spiaggia-Giamaica\u200b-768x384.webp 768w\" sizes=\"(max-width: 1200px) 100vw, 1200px\" \/>\t\t\t\t\t\t\t\t\t\t\t\t\t\t\t<\/div>\n\t\t\t\t<\/div>\n\t\t\t\t<div class=\"elementor-element elementor-element-94d4d5c elementor-widget elementor-widget-text-editor\" data-id=\"94d4d5c\" data-element_type=\"widget\" data-e-type=\"widget\" data-widget_type=\"text-editor.default\">\n\t\t\t\t<div class=\"elementor-widget-container\">\n\t\t\t\t\t\t\t\t\t<p>An der Nordspitze der Halbinsel Sirmione liegt versteckt unter r\u00f6mischen Ruinen der Jamaica Strand Gardasee. Trotz seines tropischen Namens besteht dieser Strand nicht aus Sand, sondern aus Kieselsteinen. Er ist bekannt f\u00fcr seine gro\u00dfen Felsen, auf denen sich die Menschen im seichten Wasser entspannen.<\/p><p>Der Strand, der im Film Call Me By Your Name zu sehen ist, bietet auch einen atemberaubenden Blick auf die Scaligerburg und verleiht Ihrem Strandtag so einen Hauch von Geschichte. In den w\u00e4rmeren Monaten kann es ziemlich voll werden, also sollten Sie fr\u00fch kommen, um einen guten Platz zu bekommen. Die Jamaica Beach Bar am Sirmione Gardasee Strand ist eine Bar, die Snacks und Getr\u00e4nke serviert \u2013 jedoch ist nur Barzahlung m\u00f6glich \u2013 und \u00fcber eine Toilette f\u00fcr die G\u00e4ste verf\u00fcgt.<\/p><p><strong>Profi-Tipp<\/strong>: Bringen Sie Strandschuhe mit, damit Sie auf den Kieselsteinen und rutschigen Felsen besser laufen k\u00f6nnen.<\/p>\t\t\t\t\t\t\t\t<\/div>\n\t\t\t\t<\/div>\n\t\t\t\t\t<\/div>\n\t\t<\/div>\n\t\t\t\t\t<\/div>\n\t\t<\/section>\n\t\t\t\t<section class=\"elementor-section elementor-top-section elementor-element elementor-element-80a34c2 elementor-section-boxed elementor-section-height-default elementor-section-height-default\" data-id=\"80a34c2\" data-element_type=\"section\" data-e-type=\"section\">\n\t\t\t\t\t\t<div class=\"elementor-container elementor-column-gap-default\">\n\t\t\t\t\t<div class=\"elementor-column elementor-col-100 elementor-top-column elementor-element elementor-element-ae90af5\" data-id=\"ae90af5\" data-element_type=\"column\" data-e-type=\"column\">\n\t\t\t<div class=\"elementor-widget-wrap elementor-element-populated\">\n\t\t\t\t\t\t<div class=\"elementor-element elementor-element-ed08a18 elementor-widget elementor-widget-heading\" data-id=\"ed08a18\" data-element_type=\"widget\" data-e-type=\"widget\" data-widget_type=\"heading.default\">\n\t\t\t\t<div class=\"elementor-widget-container\">\n\t\t\t\t\t<h3 class=\"elementor-heading-title elementor-size-default\">Baia delle Sirene Park<\/h3>\t\t\t\t<\/div>\n\t\t\t\t<\/div>\n\t\t\t\t<div class=\"elementor-element elementor-element-45e3e05 elementor-widget elementor-widget-image\" data-id=\"45e3e05\" data-element_type=\"widget\" data-e-type=\"widget\" data-widget_type=\"image.default\">\n\t\t\t\t<div class=\"elementor-widget-container\">\n\t\t\t\t\t\t\t\t\t\t\t\t\t\t\t<img loading=\"lazy\" decoding=\"async\" width=\"1200\" height=\"600\" src=\"https:\/\/www.domusrental.com\/blog\/wp-content\/uploads\/2024\/06\/Baia-delle-Sirene-Park\u200b.jpg\" class=\"attachment-full size-full wp-image-2285\" alt=\"\" srcset=\"https:\/\/www.domusrental.com\/blog\/wp-content\/uploads\/2024\/06\/Baia-delle-Sirene-Park\u200b.jpg 1200w, https:\/\/www.domusrental.com\/blog\/wp-content\/uploads\/2024\/06\/Baia-delle-Sirene-Park\u200b-768x384.jpg 768w\" sizes=\"(max-width: 1200px) 100vw, 1200px\" \/>\t\t\t\t\t\t\t\t\t\t\t\t\t\t\t<\/div>\n\t\t\t\t<\/div>\n\t\t\t\t<div class=\"elementor-element elementor-element-edd4835 elementor-widget elementor-widget-text-editor\" data-id=\"edd4835\" data-element_type=\"widget\" data-e-type=\"widget\" data-widget_type=\"text-editor.default\">\n\t\t\t\t<div class=\"elementor-widget-container\">\n\t\t\t\t\t\t\t\t\t<p>Dieser wundersch\u00f6ne gr\u00fcne und schattige Park liegt westlich des Strandes Corno di Garda in Punta San Vigilio. Wenn Sie durch den malerischen Park spazieren, erreichen Sie die malerische Cala delle Sirene, einen versteckten Strand am Ostufer des Gardasees.<\/p><p>F\u00fcr den Parco Baia delle Sirene m\u00fcssen Sie einen Eintrittspreis von etwa 25 \u20ac pro Erwachsenen entrichten (Kinder unter 12 Jahren haben freien Eintritt). Diese Geb\u00fchr beinhaltet das Parken, den Verleih von Liegest\u00fchlen, den Zugang zu einem Pool, Duschen, einem Miniclub f\u00fcr Kinder und einem Restaurant. Genie\u00dfen Sie die lebhafte Atmosph\u00e4re in der Hochsaison (Juni-August) oder besuchen Sie den Ort in der Nebensaison, wenn Sie eine relaxte Atmosph\u00e4re suchen.<\/p><p><strong>Profi-Tipp<\/strong>: Cala delle Sirene bietet erm\u00e4\u00dfigte Preise und freien Zugang am Abend nach der Sperrstunde!<\/p>\t\t\t\t\t\t\t\t<\/div>\n\t\t\t\t<\/div>\n\t\t\t\t\t<\/div>\n\t\t<\/div>\n\t\t\t\t\t<\/div>\n\t\t<\/section>\n\t\t\t\t<section class=\"elementor-section elementor-top-section elementor-element elementor-element-7da4693 elementor-section-boxed elementor-section-height-default elementor-section-height-default\" data-id=\"7da4693\" data-element_type=\"section\" data-e-type=\"section\">\n\t\t\t\t\t\t<div class=\"elementor-container elementor-column-gap-default\">\n\t\t\t\t\t<div class=\"elementor-column elementor-col-100 elementor-top-column elementor-element elementor-element-f9308de\" data-id=\"f9308de\" data-element_type=\"column\" data-e-type=\"column\">\n\t\t\t<div class=\"elementor-widget-wrap elementor-element-populated\">\n\t\t\t\t\t\t<div class=\"elementor-element elementor-element-4be7a79 elementor-widget elementor-widget-heading\" data-id=\"4be7a79\" data-element_type=\"widget\" data-e-type=\"widget\" data-widget_type=\"heading.default\">\n\t\t\t\t<div class=\"elementor-widget-container\">\n\t\t\t\t\t<h3 class=\"elementor-heading-title elementor-size-default\">Lido di Lonato<\/h3>\t\t\t\t<\/div>\n\t\t\t\t<\/div>\n\t\t\t\t<div class=\"elementor-element elementor-element-4fbe114 elementor-widget elementor-widget-image\" data-id=\"4fbe114\" data-element_type=\"widget\" data-e-type=\"widget\" data-widget_type=\"image.default\">\n\t\t\t\t<div class=\"elementor-widget-container\">\n\t\t\t\t\t\t\t\t\t\t\t\t\t\t\t<img loading=\"lazy\" decoding=\"async\" width=\"1300\" height=\"650\" src=\"https:\/\/www.domusrental.com\/blog\/wp-content\/uploads\/2024\/06\/Lido-di-Lonato\u200b.jpg\" class=\"attachment-full size-full wp-image-2291\" alt=\"\" srcset=\"https:\/\/www.domusrental.com\/blog\/wp-content\/uploads\/2024\/06\/Lido-di-Lonato\u200b.jpg 1300w, https:\/\/www.domusrental.com\/blog\/wp-content\/uploads\/2024\/06\/Lido-di-Lonato\u200b-768x384.jpg 768w\" sizes=\"(max-width: 1300px) 100vw, 1300px\" \/>\t\t\t\t\t\t\t\t\t\t\t\t\t\t\t<\/div>\n\t\t\t\t<\/div>\n\t\t\t\t<div class=\"elementor-element elementor-element-8a64907 elementor-widget elementor-widget-text-editor\" data-id=\"8a64907\" data-element_type=\"widget\" data-e-type=\"widget\" data-widget_type=\"text-editor.default\">\n\t\t\t\t<div class=\"elementor-widget-container\">\n\t\t\t\t\t\t\t\t\t<p>Lido di Lonato liegt in der s\u00fcdwestlichen Ecke des Gardasees und bietet seinen Besuchern einen ruhigen Kieselstrand, der von der Hauptstra\u00dfe aus leicht zu erreichen ist. In den Spitzenmonaten \u00f6ffnen saisonale Parkpl\u00e4tze entlang der Stra\u00dfe, die eine geringe Parkgeb\u00fchr pro Tag erheben.<\/p><p>Der Strand selbst ist entspannt und locker, perfekt f\u00fcr einen ruhigen R\u00fcckzugsort. Es gibt ein paar Strandbars und Beachclubs, n\u00e4mlich Madai Maua am \u00f6stlichen Ende und Coco Beach Club am westlichen Ende. Beide servieren tags\u00fcber Speisen sowie Getr\u00e4nke und verwandeln sich an den Wochenenden in lebhaftere Lokale mit DJs.<\/p>\t\t\t\t\t\t\t\t<\/div>\n\t\t\t\t<\/div>\n\t\t\t\t\t<\/div>\n\t\t<\/div>\n\t\t\t\t\t<\/div>\n\t\t<\/section>\n\t\t\t\t<section class=\"elementor-section elementor-top-section elementor-element elementor-element-f41035d elementor-section-boxed elementor-section-height-default elementor-section-height-default\" data-id=\"f41035d\" data-element_type=\"section\" data-e-type=\"section\">\n\t\t\t\t\t\t<div class=\"elementor-container elementor-column-gap-default\">\n\t\t\t\t\t<div class=\"elementor-column elementor-col-100 elementor-top-column elementor-element elementor-element-8c23fb6\" data-id=\"8c23fb6\" data-element_type=\"column\" data-e-type=\"column\">\n\t\t\t<div class=\"elementor-widget-wrap elementor-element-populated\">\n\t\t\t\t\t\t<div class=\"elementor-element elementor-element-367a409 elementor-widget elementor-widget-heading\" data-id=\"367a409\" data-element_type=\"widget\" data-e-type=\"widget\" data-widget_type=\"heading.default\">\n\t\t\t\t<div class=\"elementor-widget-container\">\n\t\t\t\t\t<h3 class=\"elementor-heading-title elementor-size-default\">Baia Stanca Beach<\/h3>\t\t\t\t<\/div>\n\t\t\t\t<\/div>\n\t\t\t\t<div class=\"elementor-element elementor-element-5ff2162 elementor-widget elementor-widget-image\" data-id=\"5ff2162\" data-element_type=\"widget\" data-e-type=\"widget\" data-widget_type=\"image.default\">\n\t\t\t\t<div class=\"elementor-widget-container\">\n\t\t\t\t\t\t\t\t\t\t\t\t\t\t\t<img loading=\"lazy\" decoding=\"async\" width=\"1200\" height=\"600\" src=\"https:\/\/www.domusrental.com\/blog\/wp-content\/uploads\/2024\/06\/Baia-Stanca-Beach\u200b.jpg\" class=\"attachment-full size-full wp-image-2294\" alt=\"\" srcset=\"https:\/\/www.domusrental.com\/blog\/wp-content\/uploads\/2024\/06\/Baia-Stanca-Beach\u200b.jpg 1200w, https:\/\/www.domusrental.com\/blog\/wp-content\/uploads\/2024\/06\/Baia-Stanca-Beach\u200b-768x384.jpg 768w\" sizes=\"(max-width: 1200px) 100vw, 1200px\" \/>\t\t\t\t\t\t\t\t\t\t\t\t\t\t\t<\/div>\n\t\t\t\t<\/div>\n\t\t\t\t<div class=\"elementor-element elementor-element-e19e34b elementor-widget elementor-widget-text-editor\" data-id=\"e19e34b\" data-element_type=\"widget\" data-e-type=\"widget\" data-widget_type=\"text-editor.default\">\n\t\t\t\t<div class=\"elementor-widget-container\">\n\t\t\t\t\t\t\t\t\t<p>N\u00f6rdlich der Stadt Torri del Banaco liegt der Strand Baia Stanca. Dieser Kieselstrand ist aufgrund der konstanten Winde ein beliebter Ort f\u00fcr Wind- und Kitesurfer. An ruhigeren Tagen k\u00f6nnen Sie bei der \u00f6rtlichen SUP-Schule Stand-up-Paddleboards mieten.<\/p><p>Die Baia Stanca Beach Bar ist ein gro\u00dfartiger Ort f\u00fcr einen Happen zu essen oder ein paar Nachmittagsdrinks in der Sonne. Es gibt sogar eine private Terrasse \u00fcber dem Wasser f\u00fcr ein echtes Gardasee-Erlebnis. Bleiben Sie hier, um den Sonnenuntergang \u00fcber dem Monte Baldo im Westen zu beobachten: der perfekte Ort f\u00fcr ein abendliches Selfie!<\/p>\t\t\t\t\t\t\t\t<\/div>\n\t\t\t\t<\/div>\n\t\t\t\t\t<\/div>\n\t\t<\/div>\n\t\t\t\t\t<\/div>\n\t\t<\/section>\n\t\t\t\t<section class=\"elementor-section elementor-top-section elementor-element elementor-element-f031047 elementor-section-boxed elementor-section-height-default elementor-section-height-default\" data-id=\"f031047\" data-element_type=\"section\" data-e-type=\"section\">\n\t\t\t\t\t\t<div class=\"elementor-container elementor-column-gap-default\">\n\t\t\t\t\t<div class=\"elementor-column elementor-col-100 elementor-top-column elementor-element elementor-element-18e1201\" data-id=\"18e1201\" data-element_type=\"column\" data-e-type=\"column\">\n\t\t\t<div class=\"elementor-widget-wrap elementor-element-populated\">\n\t\t\t\t\t\t<div class=\"elementor-element elementor-element-a691249 elementor-widget elementor-widget-heading\" data-id=\"a691249\" data-element_type=\"widget\" data-e-type=\"widget\" data-widget_type=\"heading.default\">\n\t\t\t\t<div class=\"elementor-widget-container\">\n\t\t\t\t\t<h2 class=\"elementor-heading-title elementor-size-default\">Aktivit\u00e4ten und Wassersport am Gardasee\n<\/h2>\t\t\t\t<\/div>\n\t\t\t\t<\/div>\n\t\t\t\t<div class=\"elementor-element elementor-element-57af7bd elementor-widget elementor-widget-text-editor\" data-id=\"57af7bd\" data-element_type=\"widget\" data-e-type=\"widget\" data-widget_type=\"text-editor.default\">\n\t\t\t\t<div class=\"elementor-widget-container\">\n\t\t\t\t\t\t\t\t\t<p>Die Str\u00e4nde des Gardasees sind mehr als nur Orte zum Sonnenbaden. Das ruhige, klare Wasser des Sees ist wie geschaffen f\u00fcr Wassersportler. Da es in der Gegend au\u00dferhalb der Hochsaison recht windig sein kann, gibt es zahlreiche M\u00f6glichkeiten f\u00fcr alle Arten von Wassersport.<\/p><p>F\u00fcr diejenigen, die den Nervenkitzel suchen, gibt es M\u00f6glichkeiten zum Wakeboarden, Wasserski, Parasailing und Windsurfen.<\/p><p>Wenn Sie lieber die Unterwasserwelt erkunden m\u00f6chten, werden auch Tauch- und Schnorcheltouren angeboten, um die Unterwasserwelt mit ihren bunten Fischen und faszinierenden Felsformationen zu erkunden.<\/p><p>An windstillen Tagen k\u00f6nnen Sie sich ein Stand-up-Paddleboard oder ein Kajak ausleihen, um die umliegende Landschaft aus einer anderen Perspektive zu genie\u00dfen. Am besten brechen Sie kurz vor Sonnenuntergang auf, um die atemberaubendste Aussicht zu genie\u00dfen.<\/p>\t\t\t\t\t\t\t\t<\/div>\n\t\t\t\t<\/div>\n\t\t\t\t\t<\/div>\n\t\t<\/div>\n\t\t\t\t\t<\/div>\n\t\t<\/section>\n\t\t\t\t<section class=\"elementor-section elementor-top-section elementor-element elementor-element-b5caea2 elementor-section-boxed elementor-section-height-default elementor-section-height-default\" data-id=\"b5caea2\" data-element_type=\"section\" data-e-type=\"section\">\n\t\t\t\t\t\t<div class=\"elementor-container elementor-column-gap-default\">\n\t\t\t\t\t<div class=\"elementor-column elementor-col-100 elementor-top-column elementor-element elementor-element-cf0d29a\" data-id=\"cf0d29a\" data-element_type=\"column\" data-e-type=\"column\">\n\t\t\t<div class=\"elementor-widget-wrap elementor-element-populated\">\n\t\t\t\t\t\t<div class=\"elementor-element elementor-element-7dce2c0 elementor-widget elementor-widget-heading\" data-id=\"7dce2c0\" data-element_type=\"widget\" data-e-type=\"widget\" data-widget_type=\"heading.default\">\n\t\t\t\t<div class=\"elementor-widget-container\">\n\t\t\t\t\t<h2 class=\"elementor-heading-title elementor-size-default\">Die beste Zeit f\u00fcr einen Besuch der Str\u00e4nde am Gardasee<\/h2>\t\t\t\t<\/div>\n\t\t\t\t<\/div>\n\t\t\t\t<div class=\"elementor-element elementor-element-2eb0d13 elementor-widget elementor-widget-text-editor\" data-id=\"2eb0d13\" data-element_type=\"widget\" data-e-type=\"widget\" data-widget_type=\"text-editor.default\">\n\t\t\t\t<div class=\"elementor-widget-container\">\n\t\t\t\t\t\t\t\t\t<p>Die beste Zeit, um die Str\u00e4nde des Gardasees zu besuchen, h\u00e4ngt von Ihren Vorlieben ab. In den Hochsommermonaten (Juli und August) ist das Wetter am w\u00e4rmsten und die Atmosph\u00e4re am lebhaftesten. Allerdings kann es in diesen Monaten auch sehr voll werden, vor allem an den beliebten Str\u00e4nden.<\/p><p>F\u00fcr ein entspanntes und angenehmes Erlebnis empfiehlt sich ein Besuch in der Nebensaison (Mai-Juni und September-Oktober). Das Wetter ist immer noch warm und sonnig, mit weniger Menschenmassen und etwas k\u00fchleren Temperaturen.<\/p><p><strong>Profi-Tipp<\/strong>: Die Wassertemperatur des Gardasees reicht von sehr k\u00fchlen 3 \u00b0C im Winter bis zu angenehmen 28 \u00b0C im Sommer. Wenn Sie eine Reise in der Nebensaison planen, sind die Wassertemperaturen im September und Oktober w\u00e4rmer als im Mai und Juni.<\/p>\t\t\t\t\t\t\t\t<\/div>\n\t\t\t\t<\/div>\n\t\t\t\t\t<\/div>\n\t\t<\/div>\n\t\t\t\t\t<\/div>\n\t\t<\/section>\n\t\t\t\t<section class=\"elementor-section elementor-top-section elementor-element elementor-element-a62e3e3 elementor-section-boxed elementor-section-height-default elementor-section-height-default\" data-id=\"a62e3e3\" data-element_type=\"section\" data-e-type=\"section\">\n\t\t\t\t\t\t<div class=\"elementor-container elementor-column-gap-default\">\n\t\t\t\t\t<div class=\"elementor-column elementor-col-100 elementor-top-column elementor-element elementor-element-a599e14\" data-id=\"a599e14\" data-element_type=\"column\" data-e-type=\"column\">\n\t\t\t<div class=\"elementor-widget-wrap elementor-element-populated\">\n\t\t\t\t\t\t<div class=\"elementor-element elementor-element-c1b93f8 elementor-widget elementor-widget-heading\" data-id=\"c1b93f8\" data-element_type=\"widget\" data-e-type=\"widget\" data-widget_type=\"heading.default\">\n\t\t\t\t<div class=\"elementor-widget-container\">\n\t\t\t\t\t<h2 class=\"elementor-heading-title elementor-size-default\">Entspannen Sie an den Str\u00e4nden des Gardasees<\/h2>\t\t\t\t<\/div>\n\t\t\t\t<\/div>\n\t\t\t\t<div class=\"elementor-element elementor-element-4e7f205 elementor-widget elementor-widget-text-editor\" data-id=\"4e7f205\" data-element_type=\"widget\" data-e-type=\"widget\" data-widget_type=\"text-editor.default\">\n\t\t\t\t<div class=\"elementor-widget-container\">\n\t\t\t\t\t\t\t\t\t<p>Die gro\u00dfe Vielfalt der Str\u00e4nde am Gardasee erm\u00f6glicht es Ihnen, w\u00e4hrend Ihres Italienurlaubs den perfekten Strand zu finden. Von abgelegenen Buchten bis hin zu lebhafteren Optionen mit Strandbars bietet der Gardasee frisches Wasser, atemberaubende Landschaften und alle Annehmlichkeiten, die Sie f\u00fcr Ihren Strandausflug ben\u00f6tigen.<\/p><p><em>M\u00f6chten Sie von Ihrem Schlafzimmer aus einen Blick auf die Berge und den Gardasee genie\u00dfen?<\/em> St\u00f6bern Sie in der Auswahl der exklusiven Ferienh\u00e4user und -wohnungen von Domus Rental rund um den Gardasee und in den umliegenden Gebieten. Machen Sie mit Domus Rental Ihren perfekten Urlaub komplett.<\/p>\t\t\t\t\t\t\t\t<\/div>\n\t\t\t\t<\/div>\n\t\t\t\t\t<\/div>\n\t\t<\/div>\n\t\t\t\t\t<\/div>\n\t\t<\/section>\n\t\t\t\t<section class=\"elementor-section elementor-top-section elementor-element elementor-element-33b73f2a elementor-section-boxed elementor-section-height-default elementor-section-height-default\" data-id=\"33b73f2a\" data-element_type=\"section\" data-e-type=\"section\">\n\t\t\t\t\t\t<div class=\"elementor-container elementor-column-gap-default\">\n\t\t\t\t\t<div class=\"elementor-column elementor-col-33 elementor-top-column elementor-element elementor-element-6aeb68a0\" data-id=\"6aeb68a0\" data-element_type=\"column\" data-e-type=\"column\">\n\t\t\t<div class=\"elementor-widget-wrap elementor-element-populated\">\n\t\t\t\t\t\t<div class=\"elementor-element elementor-element-10441e38 elementor-cta--skin-cover elementor-animated-content elementor-bg-transform elementor-bg-transform-zoom-in elementor-widget elementor-widget-call-to-action\" data-id=\"10441e38\" data-element_type=\"widget\" data-e-type=\"widget\" data-widget_type=\"call-to-action.default\">\n\t\t\t\t<div class=\"elementor-widget-container\">\n\t\t\t\t\t\t\t<a class=\"elementor-cta\" href=\"https:\/\/www.domusrental.com\/de\/villa-gardasee\/\">\n\t\t\t\t\t<div class=\"elementor-cta__bg-wrapper\">\n\t\t\t\t<div class=\"elementor-cta__bg elementor-bg\" style=\"background-image: url(https:\/\/www.domusrental.com\/blog\/wp-content\/uploads\/2024\/04\/3-review-1-1-1920x630.jpg);\" role=\"img\" aria-label=\"3-review-1.jpg\"><\/div>\n\t\t\t\t<div class=\"elementor-cta__bg-overlay\"><\/div>\n\t\t\t<\/div>\n\t\t\t\t\t\t\t<div class=\"elementor-cta__content\">\n\t\t\t\t\n\t\t\t\t\n\t\t\t\t\n\t\t\t\t\t\t\t\t\t<div class=\"elementor-cta__button-wrapper elementor-cta__content-item elementor-content-item elementor-animated-item--grow\">\n\t\t\t\t\t<span class=\"elementor-cta__button elementor-button elementor-size-\">\n\t\t\t\t\t\tVilla Gardasee\t\t\t\t\t<\/span>\n\t\t\t\t\t<\/div>\n\t\t\t\t\t\t\t<\/div>\n\t\t\t\t\t\t<\/a>\n\t\t\t\t\t\t<\/div>\n\t\t\t\t<\/div>\n\t\t\t\t\t<\/div>\n\t\t<\/div>\n\t\t\t\t<div class=\"elementor-column elementor-col-33 elementor-top-column elementor-element elementor-element-720eb692\" data-id=\"720eb692\" data-element_type=\"column\" data-e-type=\"column\">\n\t\t\t<div class=\"elementor-widget-wrap elementor-element-populated\">\n\t\t\t\t\t\t<div class=\"elementor-element elementor-element-71ed673 elementor-cta--skin-cover elementor-animated-content elementor-bg-transform elementor-bg-transform-zoom-in elementor-widget elementor-widget-call-to-action\" data-id=\"71ed673\" data-element_type=\"widget\" data-e-type=\"widget\" data-widget_type=\"call-to-action.default\">\n\t\t\t\t<div class=\"elementor-widget-container\">\n\t\t\t\t\t\t\t<a class=\"elementor-cta\" href=\"https:\/\/www.domusrental.com\/de\/gardasee-unterkunft\/\">\n\t\t\t\t\t<div class=\"elementor-cta__bg-wrapper\">\n\t\t\t\t<div class=\"elementor-cta__bg elementor-bg\" style=\"background-image: url(https:\/\/www.domusrental.com\/blog\/wp-content\/uploads\/2024\/04\/iStock-1414288968-1-1-1521x630.jpg);\" role=\"img\" aria-label=\"iStock-1414288968-1.jpg\"><\/div>\n\t\t\t\t<div class=\"elementor-cta__bg-overlay\"><\/div>\n\t\t\t<\/div>\n\t\t\t\t\t\t\t<div class=\"elementor-cta__content\">\n\t\t\t\t\n\t\t\t\t\n\t\t\t\t\n\t\t\t\t\t\t\t\t\t<div class=\"elementor-cta__button-wrapper elementor-cta__content-item elementor-content-item elementor-animated-item--grow\">\n\t\t\t\t\t<span class=\"elementor-cta__button elementor-button elementor-size-\">\n\t\t\t\t\t\tUnterk\u00fcnfte am Gardasee\t\t\t\t\t<\/span>\n\t\t\t\t\t<\/div>\n\t\t\t\t\t\t\t<\/div>\n\t\t\t\t\t\t<\/a>\n\t\t\t\t\t\t<\/div>\n\t\t\t\t<\/div>\n\t\t\t\t\t<\/div>\n\t\t<\/div>\n\t\t\t\t<div class=\"elementor-column elementor-col-33 elementor-top-column elementor-element elementor-element-65e1cd94\" data-id=\"65e1cd94\" data-element_type=\"column\" data-e-type=\"column\">\n\t\t\t<div class=\"elementor-widget-wrap elementor-element-populated\">\n\t\t\t\t\t\t<div class=\"elementor-element elementor-element-5ca2c5c4 elementor-cta--skin-cover elementor-animated-content elementor-bg-transform elementor-bg-transform-zoom-in elementor-widget elementor-widget-call-to-action\" data-id=\"5ca2c5c4\" data-element_type=\"widget\" data-e-type=\"widget\" data-widget_type=\"call-to-action.default\">\n\t\t\t\t<div class=\"elementor-widget-container\">\n\t\t\t\t\t\t\t<a class=\"elementor-cta\" href=\"https:\/\/www.domusrental.com\/de\/ferienwohnungen-gardasee\/\">\n\t\t\t\t\t<div class=\"elementor-cta__bg-wrapper\">\n\t\t\t\t<div class=\"elementor-cta__bg elementor-bg\" style=\"background-image: url(https:\/\/www.domusrental.com\/blog\/wp-content\/uploads\/2024\/04\/apartments-in-lake-garda-1-1-1533x630.jpg);\" role=\"img\" aria-label=\"apartments-in-lake-garda-1.jpg\"><\/div>\n\t\t\t\t<div class=\"elementor-cta__bg-overlay\"><\/div>\n\t\t\t<\/div>\n\t\t\t\t\t\t\t<div class=\"elementor-cta__content\">\n\t\t\t\t\n\t\t\t\t\n\t\t\t\t\n\t\t\t\t\t\t\t\t\t<div class=\"elementor-cta__button-wrapper elementor-cta__content-item elementor-content-item elementor-animated-item--grow\">\n\t\t\t\t\t<span class=\"elementor-cta__button elementor-button elementor-size-\">\n\t\t\t\t\t\tFerienwohnungen am Gardasee\t\t\t\t\t<\/span>\n\t\t\t\t\t<\/div>\n\t\t\t\t\t\t\t<\/div>\n\t\t\t\t\t\t<\/a>\n\t\t\t\t\t\t<\/div>\n\t\t\t\t<\/div>\n\t\t\t\t\t<\/div>\n\t\t<\/div>\n\t\t\t\t\t<\/div>\n\t\t<\/section>\n\t\t\t\t<\/div>\n\t\t","protected":false},"excerpt":{"rendered":"<p>Vergessen Sie in diesem Sommer \u00fcberf\u00fcllte Badeorte und Str\u00e4nde. Stellen Sie sich vor, Sie nehmen ein Sonnenbad an einem ruhigen und abgelegenen Strand am Gardasee, wo das S\u00fc\u00dfwasser klar sowie ruhig ist und zum Entspannen einl\u00e4dt. Aber f\u00fcr welchen Gardasee Strand w\u00fcrden Sie sich entscheiden? Mit \u00fcber 45 km freien Str\u00e4nden rund um den See [&hellip;]<\/p>\n","protected":false},"author":2,"featured_media":2308,"comment_status":"open","ping_status":"closed","sticky":false,"template":"","format":"standard","meta":{"footnotes":""},"categories":[59],"tags":[],"class_list":["post-2312","post","type-post","status-publish","format-standard","has-post-thumbnail","hentry","category-gardasee"],"yoast_head":"<!-- This site is optimized with the Yoast SEO plugin v27.4 - https:\/\/yoast.com\/product\/yoast-seo-wordpress\/ -->\n<title>So finden Sie Ihren perfekten Strand am Gardasee - Blog | Domus Rental<\/title>\n<meta name=\"description\" content=\"Genie\u00dfen Sie die Str\u00e4nde des Gardasees. Entdecken Sie wundersch\u00f6ne Orte zum Sonnenbaden, Schwimmen und Entspannen.\" \/>\n<meta name=\"robots\" content=\"index, follow, max-snippet:-1, max-image-preview:large, max-video-preview:-1\" \/>\n<link rel=\"canonical\" href=\"https:\/\/www.domusrental.com\/blog\/lake-garda-beach\/\" \/>\n<meta property=\"og:locale\" content=\"de_DE\" \/>\n<meta property=\"og:type\" content=\"article\" \/>\n<meta property=\"og:title\" content=\"So finden Sie Ihren perfekten Strand am Gardasee - Blog | Domus Rental\" \/>\n<meta property=\"og:description\" content=\"Genie\u00dfen Sie die Str\u00e4nde des Gardasees. Entdecken Sie wundersch\u00f6ne Orte zum Sonnenbaden, Schwimmen und Entspannen.\" \/>\n<meta property=\"og:url\" content=\"https:\/\/www.domusrental.com\/blog\/lake-garda-beach\/\" \/>\n<meta property=\"og:site_name\" content=\"Blog | Domus Rental\" \/>\n<meta property=\"article:publisher\" content=\"https:\/\/www.facebook.com\/domusrental\" \/>\n<meta property=\"article:published_time\" content=\"2024-06-06T15:24:57+00:00\" \/>\n<meta property=\"article:modified_time\" content=\"2025-01-21T15:36:10+00:00\" \/>\n<meta property=\"og:image\" content=\"https:\/\/www.domusrental.com\/blog\/wp-content\/uploads\/2024\/06\/lake-garda-beaches.jpg\" \/>\n\t<meta property=\"og:image:width\" content=\"1920\" \/>\n\t<meta property=\"og:image:height\" content=\"625\" \/>\n\t<meta property=\"og:image:type\" content=\"image\/jpeg\" \/>\n<meta name=\"author\" content=\"digitalservices\" \/>\n<meta name=\"twitter:card\" content=\"summary_large_image\" \/>\n<meta name=\"twitter:creator\" content=\"@DomusRental\" \/>\n<meta name=\"twitter:site\" content=\"@DomusRental\" \/>\n<meta name=\"twitter:label1\" content=\"Verfasst von\" \/>\n\t<meta name=\"twitter:data1\" content=\"digitalservices\" \/>\n\t<meta name=\"twitter:label2\" content=\"Gesch\u00e4tzte Lesezeit\" \/>\n\t<meta name=\"twitter:data2\" content=\"9\u00a0Minuten\" \/>\n<script type=\"application\/ld+json\" class=\"yoast-schema-graph\">{\"@context\":\"https:\\\/\\\/schema.org\",\"@graph\":[{\"@type\":\"Article\",\"@id\":\"https:\\\/\\\/www.domusrental.com\\\/blog\\\/lake-garda-beach\\\/#article\",\"isPartOf\":{\"@id\":\"https:\\\/\\\/www.domusrental.com\\\/blog\\\/lake-garda-beach\\\/\"},\"author\":{\"name\":\"digitalservices\",\"@id\":\"https:\\\/\\\/www.domusrental.com\\\/blog\\\/#\\\/schema\\\/person\\\/4704eef53d63fc41b94477baca3572f8\"},\"headline\":\"So finden Sie Ihren perfekten Strand am Gardasee\",\"datePublished\":\"2024-06-06T15:24:57+00:00\",\"dateModified\":\"2025-01-21T15:36:10+00:00\",\"mainEntityOfPage\":{\"@id\":\"https:\\\/\\\/www.domusrental.com\\\/blog\\\/lake-garda-beach\\\/\"},\"wordCount\":1316,\"commentCount\":0,\"publisher\":{\"@id\":\"https:\\\/\\\/www.domusrental.com\\\/blog\\\/#organization\"},\"image\":{\"@id\":\"https:\\\/\\\/www.domusrental.com\\\/blog\\\/lake-garda-beach\\\/#primaryimage\"},\"thumbnailUrl\":\"https:\\\/\\\/www.domusrental.com\\\/blog\\\/wp-content\\\/uploads\\\/2024\\\/06\\\/lake-garda-beaches.jpg\",\"articleSection\":[\"Gardasee\"],\"inLanguage\":\"de\",\"potentialAction\":[{\"@type\":\"CommentAction\",\"name\":\"Comment\",\"target\":[\"https:\\\/\\\/www.domusrental.com\\\/blog\\\/lake-garda-beach\\\/#respond\"]}]},{\"@type\":\"WebPage\",\"@id\":\"https:\\\/\\\/www.domusrental.com\\\/blog\\\/lake-garda-beach\\\/\",\"url\":\"https:\\\/\\\/www.domusrental.com\\\/blog\\\/lake-garda-beach\\\/\",\"name\":\"So finden Sie Ihren perfekten Strand am Gardasee - Blog | Domus Rental\",\"isPartOf\":{\"@id\":\"https:\\\/\\\/www.domusrental.com\\\/blog\\\/#website\"},\"primaryImageOfPage\":{\"@id\":\"https:\\\/\\\/www.domusrental.com\\\/blog\\\/lake-garda-beach\\\/#primaryimage\"},\"image\":{\"@id\":\"https:\\\/\\\/www.domusrental.com\\\/blog\\\/lake-garda-beach\\\/#primaryimage\"},\"thumbnailUrl\":\"https:\\\/\\\/www.domusrental.com\\\/blog\\\/wp-content\\\/uploads\\\/2024\\\/06\\\/lake-garda-beaches.jpg\",\"datePublished\":\"2024-06-06T15:24:57+00:00\",\"dateModified\":\"2025-01-21T15:36:10+00:00\",\"description\":\"Genie\u00dfen Sie die Str\u00e4nde des Gardasees. Entdecken Sie wundersch\u00f6ne Orte zum Sonnenbaden, Schwimmen und Entspannen.\",\"breadcrumb\":{\"@id\":\"https:\\\/\\\/www.domusrental.com\\\/blog\\\/lake-garda-beach\\\/#breadcrumb\"},\"inLanguage\":\"de\",\"potentialAction\":[{\"@type\":\"ReadAction\",\"target\":[\"https:\\\/\\\/www.domusrental.com\\\/blog\\\/lake-garda-beach\\\/\"]}]},{\"@type\":\"ImageObject\",\"inLanguage\":\"de\",\"@id\":\"https:\\\/\\\/www.domusrental.com\\\/blog\\\/lake-garda-beach\\\/#primaryimage\",\"url\":\"https:\\\/\\\/www.domusrental.com\\\/blog\\\/wp-content\\\/uploads\\\/2024\\\/06\\\/lake-garda-beaches.jpg\",\"contentUrl\":\"https:\\\/\\\/www.domusrental.com\\\/blog\\\/wp-content\\\/uploads\\\/2024\\\/06\\\/lake-garda-beaches.jpg\",\"width\":1920,\"height\":625},{\"@type\":\"BreadcrumbList\",\"@id\":\"https:\\\/\\\/www.domusrental.com\\\/blog\\\/lake-garda-beach\\\/#breadcrumb\",\"itemListElement\":[{\"@type\":\"ListItem\",\"position\":1,\"name\":\"Home\",\"item\":\"https:\\\/\\\/www.domusrental.com\\\/blog\\\/de\\\/\"},{\"@type\":\"ListItem\",\"position\":2,\"name\":\"So finden Sie Ihren perfekten Strand am Gardasee\"}]},{\"@type\":\"WebSite\",\"@id\":\"https:\\\/\\\/www.domusrental.com\\\/blog\\\/#website\",\"url\":\"https:\\\/\\\/www.domusrental.com\\\/blog\\\/\",\"name\":\"Domus Rental\",\"description\":\"\",\"publisher\":{\"@id\":\"https:\\\/\\\/www.domusrental.com\\\/blog\\\/#organization\"},\"potentialAction\":[{\"@type\":\"SearchAction\",\"target\":{\"@type\":\"EntryPoint\",\"urlTemplate\":\"https:\\\/\\\/www.domusrental.com\\\/blog\\\/?s={search_term_string}\"},\"query-input\":{\"@type\":\"PropertyValueSpecification\",\"valueRequired\":true,\"valueName\":\"search_term_string\"}}],\"inLanguage\":\"de\"},{\"@type\":\"Organization\",\"@id\":\"https:\\\/\\\/www.domusrental.com\\\/blog\\\/#organization\",\"name\":\"Blog | Domus Rental\",\"url\":\"https:\\\/\\\/www.domusrental.com\\\/blog\\\/\",\"logo\":{\"@type\":\"ImageObject\",\"inLanguage\":\"de\",\"@id\":\"https:\\\/\\\/www.domusrental.com\\\/blog\\\/#\\\/schema\\\/logo\\\/image\\\/\",\"url\":\"https:\\\/\\\/www.domusrental.com\\\/blog\\\/wp-content\\\/uploads\\\/2024\\\/04\\\/favicon.png\",\"contentUrl\":\"https:\\\/\\\/www.domusrental.com\\\/blog\\\/wp-content\\\/uploads\\\/2024\\\/04\\\/favicon.png\",\"width\":298,\"height\":298,\"caption\":\"Blog | Domus Rental\"},\"image\":{\"@id\":\"https:\\\/\\\/www.domusrental.com\\\/blog\\\/#\\\/schema\\\/logo\\\/image\\\/\"},\"sameAs\":[\"https:\\\/\\\/www.facebook.com\\\/domusrental\",\"https:\\\/\\\/x.com\\\/DomusRental\"]},{\"@type\":\"Person\",\"@id\":\"https:\\\/\\\/www.domusrental.com\\\/blog\\\/#\\\/schema\\\/person\\\/4704eef53d63fc41b94477baca3572f8\",\"name\":\"digitalservices\",\"image\":{\"@type\":\"ImageObject\",\"inLanguage\":\"de\",\"@id\":\"https:\\\/\\\/secure.gravatar.com\\\/avatar\\\/af30f88a1904294c1f3eb09a9d7903eec4ffa18fa2cf40c28a8681014ecdfc20?s=96&d=mm&r=g\",\"url\":\"https:\\\/\\\/secure.gravatar.com\\\/avatar\\\/af30f88a1904294c1f3eb09a9d7903eec4ffa18fa2cf40c28a8681014ecdfc20?s=96&d=mm&r=g\",\"contentUrl\":\"https:\\\/\\\/secure.gravatar.com\\\/avatar\\\/af30f88a1904294c1f3eb09a9d7903eec4ffa18fa2cf40c28a8681014ecdfc20?s=96&d=mm&r=g\",\"caption\":\"digitalservices\"},\"url\":\"https:\\\/\\\/www.domusrental.com\\\/blog\\\/de\\\/author\\\/digitalservices\\\/\"}]}<\/script>\n<!-- \/ Yoast SEO plugin. -->","yoast_head_json":{"title":"So finden Sie Ihren perfekten Strand am Gardasee - Blog | Domus Rental","description":"Genie\u00dfen Sie die Str\u00e4nde des Gardasees. Entdecken Sie wundersch\u00f6ne Orte zum Sonnenbaden, Schwimmen und Entspannen.","robots":{"index":"index","follow":"follow","max-snippet":"max-snippet:-1","max-image-preview":"max-image-preview:large","max-video-preview":"max-video-preview:-1"},"canonical":"https:\/\/www.domusrental.com\/blog\/lake-garda-beach\/","og_locale":"de_DE","og_type":"article","og_title":"So finden Sie Ihren perfekten Strand am Gardasee - Blog | Domus Rental","og_description":"Genie\u00dfen Sie die Str\u00e4nde des Gardasees. Entdecken Sie wundersch\u00f6ne Orte zum Sonnenbaden, Schwimmen und Entspannen.","og_url":"https:\/\/www.domusrental.com\/blog\/lake-garda-beach\/","og_site_name":"Blog | Domus Rental","article_publisher":"https:\/\/www.facebook.com\/domusrental","article_published_time":"2024-06-06T15:24:57+00:00","article_modified_time":"2025-01-21T15:36:10+00:00","og_image":[{"width":1920,"height":625,"url":"https:\/\/www.domusrental.com\/blog\/wp-content\/uploads\/2024\/06\/lake-garda-beaches.jpg","type":"image\/jpeg"}],"author":"digitalservices","twitter_card":"summary_large_image","twitter_creator":"@DomusRental","twitter_site":"@DomusRental","twitter_misc":{"Verfasst von":"digitalservices","Gesch\u00e4tzte Lesezeit":"9\u00a0Minuten"},"schema":{"@context":"https:\/\/schema.org","@graph":[{"@type":"Article","@id":"https:\/\/www.domusrental.com\/blog\/lake-garda-beach\/#article","isPartOf":{"@id":"https:\/\/www.domusrental.com\/blog\/lake-garda-beach\/"},"author":{"name":"digitalservices","@id":"https:\/\/www.domusrental.com\/blog\/#\/schema\/person\/4704eef53d63fc41b94477baca3572f8"},"headline":"So finden Sie Ihren perfekten Strand am Gardasee","datePublished":"2024-06-06T15:24:57+00:00","dateModified":"2025-01-21T15:36:10+00:00","mainEntityOfPage":{"@id":"https:\/\/www.domusrental.com\/blog\/lake-garda-beach\/"},"wordCount":1316,"commentCount":0,"publisher":{"@id":"https:\/\/www.domusrental.com\/blog\/#organization"},"image":{"@id":"https:\/\/www.domusrental.com\/blog\/lake-garda-beach\/#primaryimage"},"thumbnailUrl":"https:\/\/www.domusrental.com\/blog\/wp-content\/uploads\/2024\/06\/lake-garda-beaches.jpg","articleSection":["Gardasee"],"inLanguage":"de","potentialAction":[{"@type":"CommentAction","name":"Comment","target":["https:\/\/www.domusrental.com\/blog\/lake-garda-beach\/#respond"]}]},{"@type":"WebPage","@id":"https:\/\/www.domusrental.com\/blog\/lake-garda-beach\/","url":"https:\/\/www.domusrental.com\/blog\/lake-garda-beach\/","name":"So finden Sie Ihren perfekten Strand am Gardasee - Blog | Domus Rental","isPartOf":{"@id":"https:\/\/www.domusrental.com\/blog\/#website"},"primaryImageOfPage":{"@id":"https:\/\/www.domusrental.com\/blog\/lake-garda-beach\/#primaryimage"},"image":{"@id":"https:\/\/www.domusrental.com\/blog\/lake-garda-beach\/#primaryimage"},"thumbnailUrl":"https:\/\/www.domusrental.com\/blog\/wp-content\/uploads\/2024\/06\/lake-garda-beaches.jpg","datePublished":"2024-06-06T15:24:57+00:00","dateModified":"2025-01-21T15:36:10+00:00","description":"Genie\u00dfen Sie die Str\u00e4nde des Gardasees. Entdecken Sie wundersch\u00f6ne Orte zum Sonnenbaden, Schwimmen und Entspannen.","breadcrumb":{"@id":"https:\/\/www.domusrental.com\/blog\/lake-garda-beach\/#breadcrumb"},"inLanguage":"de","potentialAction":[{"@type":"ReadAction","target":["https:\/\/www.domusrental.com\/blog\/lake-garda-beach\/"]}]},{"@type":"ImageObject","inLanguage":"de","@id":"https:\/\/www.domusrental.com\/blog\/lake-garda-beach\/#primaryimage","url":"https:\/\/www.domusrental.com\/blog\/wp-content\/uploads\/2024\/06\/lake-garda-beaches.jpg","contentUrl":"https:\/\/www.domusrental.com\/blog\/wp-content\/uploads\/2024\/06\/lake-garda-beaches.jpg","width":1920,"height":625},{"@type":"BreadcrumbList","@id":"https:\/\/www.domusrental.com\/blog\/lake-garda-beach\/#breadcrumb","itemListElement":[{"@type":"ListItem","position":1,"name":"Home","item":"https:\/\/www.domusrental.com\/blog\/de\/"},{"@type":"ListItem","position":2,"name":"So finden Sie Ihren perfekten Strand am Gardasee"}]},{"@type":"WebSite","@id":"https:\/\/www.domusrental.com\/blog\/#website","url":"https:\/\/www.domusrental.com\/blog\/","name":"Domus Rental","description":"","publisher":{"@id":"https:\/\/www.domusrental.com\/blog\/#organization"},"potentialAction":[{"@type":"SearchAction","target":{"@type":"EntryPoint","urlTemplate":"https:\/\/www.domusrental.com\/blog\/?s={search_term_string}"},"query-input":{"@type":"PropertyValueSpecification","valueRequired":true,"valueName":"search_term_string"}}],"inLanguage":"de"},{"@type":"Organization","@id":"https:\/\/www.domusrental.com\/blog\/#organization","name":"Blog | Domus Rental","url":"https:\/\/www.domusrental.com\/blog\/","logo":{"@type":"ImageObject","inLanguage":"de","@id":"https:\/\/www.domusrental.com\/blog\/#\/schema\/logo\/image\/","url":"https:\/\/www.domusrental.com\/blog\/wp-content\/uploads\/2024\/04\/favicon.png","contentUrl":"https:\/\/www.domusrental.com\/blog\/wp-content\/uploads\/2024\/04\/favicon.png","width":298,"height":298,"caption":"Blog | Domus Rental"},"image":{"@id":"https:\/\/www.domusrental.com\/blog\/#\/schema\/logo\/image\/"},"sameAs":["https:\/\/www.facebook.com\/domusrental","https:\/\/x.com\/DomusRental"]},{"@type":"Person","@id":"https:\/\/www.domusrental.com\/blog\/#\/schema\/person\/4704eef53d63fc41b94477baca3572f8","name":"digitalservices","image":{"@type":"ImageObject","inLanguage":"de","@id":"https:\/\/secure.gravatar.com\/avatar\/af30f88a1904294c1f3eb09a9d7903eec4ffa18fa2cf40c28a8681014ecdfc20?s=96&d=mm&r=g","url":"https:\/\/secure.gravatar.com\/avatar\/af30f88a1904294c1f3eb09a9d7903eec4ffa18fa2cf40c28a8681014ecdfc20?s=96&d=mm&r=g","contentUrl":"https:\/\/secure.gravatar.com\/avatar\/af30f88a1904294c1f3eb09a9d7903eec4ffa18fa2cf40c28a8681014ecdfc20?s=96&d=mm&r=g","caption":"digitalservices"},"url":"https:\/\/www.domusrental.com\/blog\/de\/author\/digitalservices\/"}]}},"_links":{"self":[{"href":"https:\/\/www.domusrental.com\/blog\/de\/wp-json\/wp\/v2\/posts\/2312","targetHints":{"allow":["GET"]}}],"collection":[{"href":"https:\/\/www.domusrental.com\/blog\/de\/wp-json\/wp\/v2\/posts"}],"about":[{"href":"https:\/\/www.domusrental.com\/blog\/de\/wp-json\/wp\/v2\/types\/post"}],"author":[{"embeddable":true,"href":"https:\/\/www.domusrental.com\/blog\/de\/wp-json\/wp\/v2\/users\/2"}],"replies":[{"embeddable":true,"href":"https:\/\/www.domusrental.com\/blog\/de\/wp-json\/wp\/v2\/comments?post=2312"}],"version-history":[{"count":13,"href":"https:\/\/www.domusrental.com\/blog\/de\/wp-json\/wp\/v2\/posts\/2312\/revisions"}],"predecessor-version":[{"id":2818,"href":"https:\/\/www.domusrental.com\/blog\/de\/wp-json\/wp\/v2\/posts\/2312\/revisions\/2818"}],"wp:featuredmedia":[{"embeddable":true,"href":"https:\/\/www.domusrental.com\/blog\/de\/wp-json\/wp\/v2\/media\/2308"}],"wp:attachment":[{"href":"https:\/\/www.domusrental.com\/blog\/de\/wp-json\/wp\/v2\/media?parent=2312"}],"wp:term":[{"taxonomy":"category","embeddable":true,"href":"https:\/\/www.domusrental.com\/blog\/de\/wp-json\/wp\/v2\/categories?post=2312"},{"taxonomy":"post_tag","embeddable":true,"href":"https:\/\/www.domusrental.com\/blog\/de\/wp-json\/wp\/v2\/tags?post=2312"}],"curies":[{"name":"wp","href":"https:\/\/api.w.org\/{rel}","templated":true}]}}