{"id":3005,"date":"2024-11-11T09:54:48","date_gmt":"2024-11-11T09:54:48","guid":{"rendered":"https:\/\/www.domusrental.com\/blog\/?p=3005"},"modified":"2025-01-21T15:34:32","modified_gmt":"2025-01-21T15:34:32","slug":"weihnachten-gardasee","status":"publish","type":"post","link":"https:\/\/www.domusrental.com\/blog\/de\/weihnachten-gardasee\/","title":{"rendered":"Weihnachten am Gardasee: Ein festlicher italienischer Kurzurlaub"},"content":{"rendered":"\t\t<div data-elementor-type=\"wp-post\" data-elementor-id=\"3005\" class=\"elementor elementor-3005 elementor-2951\" data-elementor-post-type=\"post\">\n\t\t\t\t\t\t<section class=\"elementor-section elementor-top-section elementor-element elementor-element-5b7547fe elementor-section-boxed elementor-section-height-default elementor-section-height-default\" data-id=\"5b7547fe\" data-element_type=\"section\" data-e-type=\"section\">\n\t\t\t\t\t\t<div class=\"elementor-container elementor-column-gap-default\">\n\t\t\t\t\t<div class=\"elementor-column elementor-col-100 elementor-top-column elementor-element elementor-element-45e4105e\" data-id=\"45e4105e\" data-element_type=\"column\" data-e-type=\"column\">\n\t\t\t<div class=\"elementor-widget-wrap elementor-element-populated\">\n\t\t\t\t\t\t<div class=\"elementor-element elementor-element-2d13681e elementor-widget elementor-widget-text-editor\" data-id=\"2d13681e\" data-element_type=\"widget\" data-e-type=\"widget\" data-widget_type=\"text-editor.default\">\n\t\t\t\t<div class=\"elementor-widget-container\">\n\t\t\t\t\t\t\t\t\t<p>Wenn Sie dieses Jahr von einem festlichen Kurzurlaub zu Weihnachten tr\u00e4umen, k\u00f6nnte der Gardasee die perfekte Wahl sein. Diese Region Norditaliens verwandelt sich w\u00e4hrend der Weihnachtszeit und verbindet unvergleichliche italienische Gastfreundschaft mit dem Zauber von Weihnachten.<\/p><p>Von funkelnden Lichtern, die sich auf dem See spiegeln, bis hin zu farbenfrohen Weihnachtsm\u00e4rkten, die voller lokaler saisonaler \u00dcberraschungen stecken, verspricht Weihnachten am Gardasee, dieses Jahr zu etwas ganz Besonderem zu machen.<\/p>\t\t\t\t\t\t\t\t<\/div>\n\t\t\t\t<\/div>\n\t\t\t\t\t<\/div>\n\t\t<\/div>\n\t\t\t\t\t<\/div>\n\t\t<\/section>\n\t\t\t\t<section class=\"elementor-section elementor-top-section elementor-element elementor-element-77dea4c5 elementor-section-boxed elementor-section-height-default elementor-section-height-default\" data-id=\"77dea4c5\" data-element_type=\"section\" data-e-type=\"section\">\n\t\t\t\t\t\t<div class=\"elementor-container elementor-column-gap-default\">\n\t\t\t\t\t<div class=\"elementor-column elementor-col-100 elementor-top-column elementor-element elementor-element-beceef9\" data-id=\"beceef9\" data-element_type=\"column\" data-e-type=\"column\">\n\t\t\t<div class=\"elementor-widget-wrap elementor-element-populated\">\n\t\t\t\t\t\t<div class=\"elementor-element elementor-element-7e6dbd6f elementor-widget elementor-widget-table-of-contents\" data-id=\"7e6dbd6f\" data-element_type=\"widget\" data-e-type=\"widget\" data-settings=\"{&quot;headings_by_tags&quot;:[&quot;h2&quot;],&quot;exclude_headings_by_selector&quot;:[],&quot;marker_view&quot;:&quot;bullets&quot;,&quot;icon&quot;:{&quot;value&quot;:&quot;&quot;,&quot;library&quot;:&quot;&quot;},&quot;no_headings_message&quot;:&quot;Es wurden keine \\u00dcberschriften auf dieser Seite gefunden.&quot;,&quot;hierarchical_view&quot;:&quot;yes&quot;,&quot;min_height&quot;:{&quot;unit&quot;:&quot;px&quot;,&quot;size&quot;:&quot;&quot;,&quot;sizes&quot;:[]},&quot;min_height_tablet&quot;:{&quot;unit&quot;:&quot;px&quot;,&quot;size&quot;:&quot;&quot;,&quot;sizes&quot;:[]},&quot;min_height_mobile&quot;:{&quot;unit&quot;:&quot;px&quot;,&quot;size&quot;:&quot;&quot;,&quot;sizes&quot;:[]}}\" data-widget_type=\"table-of-contents.default\">\n\t\t\t\t<div class=\"elementor-widget-container\">\n\t\t\t\t\t\t\t\t\t<div class=\"elementor-toc__header\">\n\t\t\t\t\t\t<div class=\"elementor-toc__header-title\">\n\t\t\t\tVerzeichnis\t\t\t<\/div>\n\t\t\t\t\t\t\t\t<\/div>\n\t\t\t\t<div id=\"elementor-toc__7e6dbd6f\" class=\"elementor-toc__body\">\n\t\t\t<div class=\"elementor-toc__spinner-container\">\n\t\t\t\t<i class=\"elementor-toc__spinner eicon-animation-spin eicon-loading\" aria-hidden=\"true\"><\/i>\t\t\t<\/div>\n\t\t<\/div>\n\t\t\t\t\t\t<\/div>\n\t\t\t\t<\/div>\n\t\t\t\t\t<\/div>\n\t\t<\/div>\n\t\t\t\t\t<\/div>\n\t\t<\/section>\n\t\t\t\t<section class=\"elementor-section elementor-top-section elementor-element elementor-element-16be5cb3 elementor-section-boxed elementor-section-height-default elementor-section-height-default\" data-id=\"16be5cb3\" data-element_type=\"section\" data-e-type=\"section\">\n\t\t\t\t\t\t<div class=\"elementor-container elementor-column-gap-default\">\n\t\t\t\t\t<div class=\"elementor-column elementor-col-100 elementor-top-column elementor-element elementor-element-2dec7b3e\" data-id=\"2dec7b3e\" data-element_type=\"column\" data-e-type=\"column\">\n\t\t\t<div class=\"elementor-widget-wrap elementor-element-populated\">\n\t\t\t\t\t\t<div class=\"elementor-element elementor-element-747f5d0a elementor-widget elementor-widget-heading\" data-id=\"747f5d0a\" data-element_type=\"widget\" data-e-type=\"widget\" data-widget_type=\"heading.default\">\n\t\t\t\t<div class=\"elementor-widget-container\">\n\t\t\t\t\t<h2 class=\"elementor-heading-title elementor-size-default\">Warum Sie den Gardasee zu Weihnachten besuchen sollten\n<\/h2>\t\t\t\t<\/div>\n\t\t\t\t<\/div>\n\t\t\t\t<div class=\"elementor-element elementor-element-5e41c7c3 elementor-widget elementor-widget-text-editor\" data-id=\"5e41c7c3\" data-element_type=\"widget\" data-e-type=\"widget\" data-widget_type=\"text-editor.default\">\n\t\t\t\t<div class=\"elementor-widget-container\">\n\t\t\t\t\t\t\t\t\t<p>Der Reiz des Gardasees zur Weihnachtszeit geht \u00fcber seine malerische Winterlandschaft hinaus. Im Dezember erstrahlen die St\u00e4dte rund um den See in besonderem Glanz mit funkelnden Lichtern, festlicher Dekoration und gem\u00fctlichen Caf\u00e9s, die w\u00e4rmende Getr\u00e4nke und traditionelle Leckereien anbieten.<\/p><p>Im Gegensatz zu \u00fcberf\u00fcllten St\u00e4dten herrscht am Gardasee eine entspannte Atmosph\u00e4re \u2013 ideal f\u00fcr alle, die sich entspannen und die Weihnachtsstimmung genie\u00dfen m\u00f6chten. Nat\u00fcrlich werden Sie auch mit historischen St\u00e4dten, saisonalen Speisen und frischer Seeluft verw\u00f6hnt. Was kann man daran nicht m\u00f6gen?<\/p>\t\t\t\t\t\t\t\t<\/div>\n\t\t\t\t<\/div>\n\t\t\t\t\t<\/div>\n\t\t<\/div>\n\t\t\t\t\t<\/div>\n\t\t<\/section>\n\t\t\t\t<section class=\"elementor-section elementor-top-section elementor-element elementor-element-c068b47 elementor-section-boxed elementor-section-height-default elementor-section-height-default\" data-id=\"c068b47\" data-element_type=\"section\" data-e-type=\"section\">\n\t\t\t\t\t\t<div class=\"elementor-container elementor-column-gap-default\">\n\t\t\t\t\t<div class=\"elementor-column elementor-col-100 elementor-top-column elementor-element elementor-element-25057ea\" data-id=\"25057ea\" data-element_type=\"column\" data-e-type=\"column\">\n\t\t\t<div class=\"elementor-widget-wrap elementor-element-populated\">\n\t\t\t\t\t\t<div class=\"elementor-element elementor-element-18228df elementor-widget elementor-widget-heading\" data-id=\"18228df\" data-element_type=\"widget\" data-e-type=\"widget\" data-widget_type=\"heading.default\">\n\t\t\t\t<div class=\"elementor-widget-container\">\n\t\t\t\t\t<h2 class=\"elementor-heading-title elementor-size-default\">Die 3 besten Weihnachtsm\u00e4rkte am Gardasee\n<\/h2>\t\t\t\t<\/div>\n\t\t\t\t<\/div>\n\t\t\t\t<div class=\"elementor-element elementor-element-6d49a0a elementor-widget elementor-widget-text-editor\" data-id=\"6d49a0a\" data-element_type=\"widget\" data-e-type=\"widget\" data-widget_type=\"text-editor.default\">\n\t\t\t\t<div class=\"elementor-widget-container\">\n\t\t\t\t\t\t\t\t\t<p>Einer der H\u00f6hepunkte der festlichen Jahreszeit am Gardasee ist die M\u00f6glichkeit, die \u00f6rtlichen Weihnachtsm\u00e4rkte zu erkunden. Mit einer Mischung aus Kunsthandwerk, festlichen Dekorationen und k\u00f6stlichen saisonalen Leckereien bietet jeder Markt ein einzigartiges Weihnachtserlebnis.<\/p><p>In den meisten St\u00e4dten rund um den Gardasee gibt es M\u00e4rkte, sodass Sie die Qual der Wahl haben! Hier finden Sie unsere drei besten Weihnachtsm\u00e4rkte rund um den Gardasee (in keiner bestimmten Reihenfolge):<\/p>\t\t\t\t\t\t\t\t<\/div>\n\t\t\t\t<\/div>\n\t\t\t\t\t<\/div>\n\t\t<\/div>\n\t\t\t\t\t<\/div>\n\t\t<\/section>\n\t\t\t\t<section class=\"elementor-section elementor-top-section elementor-element elementor-element-0f4773e elementor-section-boxed elementor-section-height-default elementor-section-height-default\" data-id=\"0f4773e\" data-element_type=\"section\" data-e-type=\"section\">\n\t\t\t\t\t\t<div class=\"elementor-container elementor-column-gap-default\">\n\t\t\t\t\t<div class=\"elementor-column elementor-col-50 elementor-top-column elementor-element elementor-element-b06c7fe\" data-id=\"b06c7fe\" data-element_type=\"column\" data-e-type=\"column\">\n\t\t\t<div class=\"elementor-widget-wrap elementor-element-populated\">\n\t\t\t\t\t\t<div class=\"elementor-element elementor-element-34514e81 elementor-widget elementor-widget-heading\" data-id=\"34514e81\" data-element_type=\"widget\" data-e-type=\"widget\" data-widget_type=\"heading.default\">\n\t\t\t\t<div class=\"elementor-widget-container\">\n\t\t\t\t\t<h3 class=\"elementor-heading-title elementor-size-default\">1. Weihnachtsmarkt im Castello di Avio\n<\/h3>\t\t\t\t<\/div>\n\t\t\t\t<\/div>\n\t\t\t\t<div class=\"elementor-element elementor-element-125cb7e0 elementor-widget elementor-widget-text-editor\" data-id=\"125cb7e0\" data-element_type=\"widget\" data-e-type=\"widget\" data-widget_type=\"text-editor.default\">\n\t\t\t\t<div class=\"elementor-widget-container\">\n\t\t\t\t\t\t\t\t\t<p>Das historische Castello di Avio beherbergt an den Wochenenden und am Fest der Unbefleckten Empf\u00e4ngnis (8. Dezember) einen bezaubernden Weihnachtsmarkt innerhalb seiner alten Mauern. Mit \u00fcber 25 St\u00e4nden, an denen lokales Kunsthandwerk und festliche Leckereien angeboten werden, sowie Chorkonzerten, Aktivit\u00e4ten f\u00fcr Kinder und gef\u00fchrten Burgbesichtigungen bringt dieser Markt Weihnachtszauber in die mittelalterliche Festung von Trentino \u2013 ein unvergesslicher Zwischenstopp w\u00e4hrend der Weihnachtszeit am Gardasee.<\/p><p><strong>Datum<\/strong>: 23. November bis 22. Dezember 2024<\/p>\t\t\t\t\t\t\t\t<\/div>\n\t\t\t\t<\/div>\n\t\t\t\t\t<\/div>\n\t\t<\/div>\n\t\t\t\t<div class=\"elementor-column elementor-col-50 elementor-top-column elementor-element elementor-element-07e9a1b\" data-id=\"07e9a1b\" data-element_type=\"column\" data-e-type=\"column\">\n\t\t\t<div class=\"elementor-widget-wrap elementor-element-populated\">\n\t\t\t\t\t\t<div class=\"elementor-element elementor-element-09d9e04 elementor-widget elementor-widget-image\" data-id=\"09d9e04\" data-element_type=\"widget\" data-e-type=\"widget\" data-widget_type=\"image.default\">\n\t\t\t\t<div class=\"elementor-widget-container\">\n\t\t\t\t\t\t\t\t\t\t\t\t\t\t\t<img decoding=\"async\" src=\"https:\/\/www.domusrental.com\/blog\/wp-content\/uploads\/2024\/11\/Christmas-at-Avio-Castle.jpg\" title=\"Christmas-at-Avio-Castle\" alt=\"Christmas-at-Avio-Castle\" loading=\"lazy\" \/>\t\t\t\t\t\t\t\t\t\t\t\t\t\t\t<\/div>\n\t\t\t\t<\/div>\n\t\t\t\t\t<\/div>\n\t\t<\/div>\n\t\t\t\t\t<\/div>\n\t\t<\/section>\n\t\t\t\t<section class=\"elementor-section elementor-top-section elementor-element elementor-element-c254459 elementor-section-boxed elementor-section-height-default elementor-section-height-default\" data-id=\"c254459\" data-element_type=\"section\" data-e-type=\"section\">\n\t\t\t\t\t\t<div class=\"elementor-container elementor-column-gap-default\">\n\t\t\t\t\t<div class=\"elementor-column elementor-col-50 elementor-top-column elementor-element elementor-element-9e6a130\" data-id=\"9e6a130\" data-element_type=\"column\" data-e-type=\"column\">\n\t\t\t<div class=\"elementor-widget-wrap elementor-element-populated\">\n\t\t\t\t\t\t<div class=\"elementor-element elementor-element-3a86960 elementor-widget elementor-widget-heading\" data-id=\"3a86960\" data-element_type=\"widget\" data-e-type=\"widget\" data-widget_type=\"heading.default\">\n\t\t\t\t<div class=\"elementor-widget-container\">\n\t\t\t\t\t<h3 class=\"elementor-heading-title elementor-size-default\">2. Weihnachtsmarkt am Seeufer von Lazise<\/h3>\t\t\t\t<\/div>\n\t\t\t\t<\/div>\n\t\t\t\t<div class=\"elementor-element elementor-element-2b810f6 elementor-widget elementor-widget-text-editor\" data-id=\"2b810f6\" data-element_type=\"widget\" data-e-type=\"widget\" data-widget_type=\"text-editor.default\">\n\t\t\t\t<div class=\"elementor-widget-container\">\n\t\t\t\t\t\t\t\t\t<p>Lazise liegt am Ostufer und bietet einen charmanten Markt am Seeufer mit St\u00e4nden, die sich an den malerischen See schmiegen. Hier k\u00f6nnen Sie lokale Kunsthandwerker entdecken, die handgefertigten Weihnachtsschmuck, Holzspielzeug und saisonale S\u00fc\u00dfigkeiten verkaufen. Der Markt von Lazise ist ein wunderbarer Ort, um die Weihnachtsstimmung mit dem See als wundersch\u00f6ne Winterkulisse zu genie\u00dfen, besonders abends, wenn sich die Lichter auf dem Wasser spiegeln.<\/p><p><strong>Datum<\/strong>: 23. November 2024 bis 6. Januar 2025<\/p>\t\t\t\t\t\t\t\t<\/div>\n\t\t\t\t<\/div>\n\t\t\t\t\t<\/div>\n\t\t<\/div>\n\t\t\t\t<div class=\"elementor-column elementor-col-50 elementor-top-column elementor-element elementor-element-6231cba\" data-id=\"6231cba\" data-element_type=\"column\" data-e-type=\"column\">\n\t\t\t<div class=\"elementor-widget-wrap elementor-element-populated\">\n\t\t\t\t\t\t<div class=\"elementor-element elementor-element-3b16cb2 elementor-widget elementor-widget-image\" data-id=\"3b16cb2\" data-element_type=\"widget\" data-e-type=\"widget\" data-widget_type=\"image.default\">\n\t\t\t\t<div class=\"elementor-widget-container\">\n\t\t\t\t\t\t\t\t\t\t\t\t\t\t\t<img decoding=\"async\" src=\"https:\/\/www.domusrental.com\/blog\/wp-content\/uploads\/2024\/11\/Lazise-Lakeside-Christmas-Market-750x430.jpg\" title=\"Lazise-Lakeside-Christmas-Market\" alt=\"Lazise-Lakeside-Christmas-Market\" loading=\"lazy\" \/>\t\t\t\t\t\t\t\t\t\t\t\t\t\t\t<\/div>\n\t\t\t\t<\/div>\n\t\t\t\t\t<\/div>\n\t\t<\/div>\n\t\t\t\t\t<\/div>\n\t\t<\/section>\n\t\t\t\t<section class=\"elementor-section elementor-top-section elementor-element elementor-element-08ddea5 elementor-section-boxed elementor-section-height-default elementor-section-height-default\" data-id=\"08ddea5\" data-element_type=\"section\" data-e-type=\"section\">\n\t\t\t\t\t\t<div class=\"elementor-container elementor-column-gap-default\">\n\t\t\t\t\t<div class=\"elementor-column elementor-col-50 elementor-top-column elementor-element elementor-element-a649291\" data-id=\"a649291\" data-element_type=\"column\" data-e-type=\"column\">\n\t\t\t<div class=\"elementor-widget-wrap elementor-element-populated\">\n\t\t\t\t\t\t<div class=\"elementor-element elementor-element-0559204 elementor-widget elementor-widget-heading\" data-id=\"0559204\" data-element_type=\"widget\" data-e-type=\"widget\" data-widget_type=\"heading.default\">\n\t\t\t\t<div class=\"elementor-widget-container\">\n\t\t\t\t\t<h3 class=\"elementor-heading-title elementor-size-default\">3. Weihnachtsmarkt und Lichtershow in Bardolino<\/h3>\t\t\t\t<\/div>\n\t\t\t\t<\/div>\n\t\t\t\t<div class=\"elementor-element elementor-element-956e97a elementor-widget elementor-widget-text-editor\" data-id=\"956e97a\" data-element_type=\"widget\" data-e-type=\"widget\" data-widget_type=\"text-editor.default\">\n\t\t\t\t<div class=\"elementor-widget-container\">\n\t\t\t\t\t\t\t\t\t<p>Ein weiterer Favorit ist der Weihnachtsmarkt von Bardolino, der f\u00fcr seine beeindruckende Lichtershow, die fr\u00f6hliche Weihnachtsdekoration und die festliche Seepromenade bekannt ist. Der Markt kombiniert traditionelle italienische Gerichte, lokale Weine und Kunsthandwerk und bietet Besuchern einen echten Vorgeschmack auf die festliche Jahreszeit am Gardasee. Es gibt sogar ein gro\u00dfes beheiztes Iglu \u2013 der perfekte Ort, um der K\u00e4lte zu entfliehen!\u00a0<\/p><p><strong>Datum<\/strong>: 23. November 2024 bis 6. Januar 2025<\/p>\t\t\t\t\t\t\t\t<\/div>\n\t\t\t\t<\/div>\n\t\t\t\t\t<\/div>\n\t\t<\/div>\n\t\t\t\t<div class=\"elementor-column elementor-col-50 elementor-top-column elementor-element elementor-element-6a6cb75\" data-id=\"6a6cb75\" data-element_type=\"column\" data-e-type=\"column\">\n\t\t\t<div class=\"elementor-widget-wrap elementor-element-populated\">\n\t\t\t\t\t\t<div class=\"elementor-element elementor-element-0e0606f elementor-widget elementor-widget-image\" data-id=\"0e0606f\" data-element_type=\"widget\" data-e-type=\"widget\" data-widget_type=\"image.default\">\n\t\t\t\t<div class=\"elementor-widget-container\">\n\t\t\t\t\t\t\t\t\t\t\t\t\t\t\t<img fetchpriority=\"high\" decoding=\"async\" width=\"750\" height=\"501\" src=\"https:\/\/www.domusrental.com\/blog\/wp-content\/uploads\/2024\/11\/Bardolino-Christmas-Market.jpg\" class=\"attachment-large size-large wp-image-2965\" alt=\"Bardolino-Christmas-Market\" \/>\t\t\t\t\t\t\t\t\t\t\t\t\t\t\t<\/div>\n\t\t\t\t<\/div>\n\t\t\t\t\t<\/div>\n\t\t<\/div>\n\t\t\t\t\t<\/div>\n\t\t<\/section>\n\t\t\t\t<section class=\"elementor-section elementor-top-section elementor-element elementor-element-218eddd elementor-section-boxed elementor-section-height-default elementor-section-height-default\" data-id=\"218eddd\" data-element_type=\"section\" data-e-type=\"section\">\n\t\t\t\t\t\t<div class=\"elementor-container elementor-column-gap-default\">\n\t\t\t\t\t<div class=\"elementor-column elementor-col-100 elementor-top-column elementor-element elementor-element-8767d6c\" data-id=\"8767d6c\" data-element_type=\"column\" data-e-type=\"column\">\n\t\t\t<div class=\"elementor-widget-wrap elementor-element-populated\">\n\t\t\t\t\t\t<div class=\"elementor-element elementor-element-fb25ccb elementor-widget elementor-widget-heading\" data-id=\"fb25ccb\" data-element_type=\"widget\" data-e-type=\"widget\" data-widget_type=\"heading.default\">\n\t\t\t\t<div class=\"elementor-widget-container\">\n\t\t\t\t\t<h2 class=\"elementor-heading-title elementor-size-default\">Die besten Festtagsaktivit\u00e4ten und -veranstaltungen\n<\/h2>\t\t\t\t<\/div>\n\t\t\t\t<\/div>\n\t\t\t\t<div class=\"elementor-element elementor-element-09772ce elementor-widget elementor-widget-text-editor\" data-id=\"09772ce\" data-element_type=\"widget\" data-e-type=\"widget\" data-widget_type=\"text-editor.default\">\n\t\t\t\t<div class=\"elementor-widget-container\">\n\t\t\t\t\t\t\t\t\t<p>W\u00e4hrend der Festtage bietet der Gardasee Aktivit\u00e4ten, die den Zauber von Weihnachten einfangen und f\u00fcr jedes Alter geeignet sind. Von Krippenspielen bis hin zu Bootsfahrten in der Weihnachtszeit \u2013 hier erfahren Sie, wie Sie das Beste aus Ihrem Weihnachtserlebnis am Gardasee machen k\u00f6nnen:<\/p>\t\t\t\t\t\t\t\t<\/div>\n\t\t\t\t<\/div>\n\t\t\t\t\t<\/div>\n\t\t<\/div>\n\t\t\t\t\t<\/div>\n\t\t<\/section>\n\t\t\t\t<section class=\"elementor-section elementor-top-section elementor-element elementor-element-6e0ae4c elementor-section-boxed elementor-section-height-default elementor-section-height-default\" data-id=\"6e0ae4c\" data-element_type=\"section\" data-e-type=\"section\">\n\t\t\t\t\t\t<div class=\"elementor-container elementor-column-gap-default\">\n\t\t\t\t\t<div class=\"elementor-column elementor-col-50 elementor-top-column elementor-element elementor-element-15b81ab\" data-id=\"15b81ab\" data-element_type=\"column\" data-e-type=\"column\">\n\t\t\t<div class=\"elementor-widget-wrap elementor-element-populated\">\n\t\t\t\t\t\t<div class=\"elementor-element elementor-element-e622c65 elementor-widget elementor-widget-heading\" data-id=\"e622c65\" data-element_type=\"widget\" data-e-type=\"widget\" data-widget_type=\"heading.default\">\n\t\t\t\t<div class=\"elementor-widget-container\">\n\t\t\t\t\t<h3 class=\"elementor-heading-title elementor-size-default\">Eislaufen und Spazierg\u00e4nge am beleuchteten Seeufer\n<\/h3>\t\t\t\t<\/div>\n\t\t\t\t<\/div>\n\t\t\t\t<div class=\"elementor-element elementor-element-e3e27a7 elementor-widget elementor-widget-text-editor\" data-id=\"e3e27a7\" data-element_type=\"widget\" data-e-type=\"widget\" data-widget_type=\"text-editor.default\">\n\t\t\t\t<div class=\"elementor-widget-container\">\n\t\t\t\t\t\t\t\t\t<p>In gr\u00f6\u00dferen St\u00e4dten wie Bardolino, Lazise, Peschiera del Garda und Sirmione werden saisonale Eislaufbahnen aufgebaut, die f\u00fcr winterlichen Spa\u00df am Seeufer sorgen. Drehen Sie eine Runde auf dem Eis und genie\u00dfen Sie anschlie\u00dfend einen Spaziergang entlang des beleuchteten Seeufers, wo wundersch\u00f6ne Lichtinstallationen den Abend erhellen.<\/p>\t\t\t\t\t\t\t\t<\/div>\n\t\t\t\t<\/div>\n\t\t\t\t\t<\/div>\n\t\t<\/div>\n\t\t\t\t<div class=\"elementor-column elementor-col-50 elementor-top-column elementor-element elementor-element-145d64d\" data-id=\"145d64d\" data-element_type=\"column\" data-e-type=\"column\">\n\t\t\t<div class=\"elementor-widget-wrap elementor-element-populated\">\n\t\t\t\t\t\t<div class=\"elementor-element elementor-element-95d66e2 elementor-widget elementor-widget-heading\" data-id=\"95d66e2\" data-element_type=\"widget\" data-e-type=\"widget\" data-widget_type=\"heading.default\">\n\t\t\t\t<div class=\"elementor-widget-container\">\n\t\t\t\t\t<h3 class=\"elementor-heading-title elementor-size-default\">Lebende Krippen (Presepi Viventi)\n<\/h3>\t\t\t\t<\/div>\n\t\t\t\t<\/div>\n\t\t\t\t<div class=\"elementor-element elementor-element-762e5c0 elementor-widget elementor-widget-text-editor\" data-id=\"762e5c0\" data-element_type=\"widget\" data-e-type=\"widget\" data-widget_type=\"text-editor.default\">\n\t\t\t\t<div class=\"elementor-widget-container\">\n\t\t\t\t\t\t\t\t\t<p>Eine einzigartige Tradition am Gardasee ist die lebende Krippe, oder <em>Presepi Viventi<\/em>, bei der sich Einheimische als Figuren aus der Krippe verkleiden und die Weihnachtsgeschichte zum Leben erwecken. Diese Veranstaltungen, die oft von Musik und Geschichtenerz\u00e4hlen begleitet werden, finden in kleinen St\u00e4dten rund um den See statt. Sie sind eine tolle M\u00f6glichkeit, die lokale Kultur und Feiertagstraditionen kennenzulernen.<\/p>\t\t\t\t\t\t\t\t<\/div>\n\t\t\t\t<\/div>\n\t\t\t\t\t<\/div>\n\t\t<\/div>\n\t\t\t\t\t<\/div>\n\t\t<\/section>\n\t\t\t\t<section class=\"elementor-section elementor-top-section elementor-element elementor-element-8a867b6 elementor-section-boxed elementor-section-height-default elementor-section-height-default\" data-id=\"8a867b6\" data-element_type=\"section\" data-e-type=\"section\">\n\t\t\t\t\t\t<div class=\"elementor-container elementor-column-gap-default\">\n\t\t\t\t\t<div class=\"elementor-column elementor-col-33 elementor-top-column elementor-element elementor-element-68b43bb\" data-id=\"68b43bb\" data-element_type=\"column\" data-e-type=\"column\">\n\t\t\t<div class=\"elementor-widget-wrap elementor-element-populated\">\n\t\t\t\t\t\t<div class=\"elementor-element elementor-element-eceef2b elementor-widget elementor-widget-heading\" data-id=\"eceef2b\" data-element_type=\"widget\" data-e-type=\"widget\" data-widget_type=\"heading.default\">\n\t\t\t\t<div class=\"elementor-widget-container\">\n\t\t\t\t\t<h3 class=\"elementor-heading-title elementor-size-default\">Weihnachtskonzerte und Theaterauff\u00fchrungen\n<\/h3>\t\t\t\t<\/div>\n\t\t\t\t<\/div>\n\t\t\t\t<div class=\"elementor-element elementor-element-331c1ab elementor-widget elementor-widget-text-editor\" data-id=\"331c1ab\" data-element_type=\"widget\" data-e-type=\"widget\" data-widget_type=\"text-editor.default\">\n\t\t\t\t<div class=\"elementor-widget-container\">\n\t\t\t\t\t\t\t\t\t<p>Von klassischer Musik bis hin zu saisonalen Theaterst\u00fccken \u2013 im Dezember finden in den St\u00e4dten am Gardasee zahlreiche Konzerte und Auff\u00fchrungen statt. Kirchen und Pl\u00e4tze werden zu Veranstaltungsorten f\u00fcr Weihnachtsch\u00f6re, traditionelle Bands und festliche Shows. Weitere Informationen zu Veranstaltungen in Sirmione, Lazise und anderen St\u00e4dten finden Sie in den \u00f6rtlichen Veranstaltungskalendern.<\/p>\t\t\t\t\t\t\t\t<\/div>\n\t\t\t\t<\/div>\n\t\t\t\t\t<\/div>\n\t\t<\/div>\n\t\t\t\t<div class=\"elementor-column elementor-col-33 elementor-top-column elementor-element elementor-element-f775c9d\" data-id=\"f775c9d\" data-element_type=\"column\" data-e-type=\"column\">\n\t\t\t<div class=\"elementor-widget-wrap elementor-element-populated\">\n\t\t\t\t\t\t<div class=\"elementor-element elementor-element-c7410a3 elementor-widget elementor-widget-heading\" data-id=\"c7410a3\" data-element_type=\"widget\" data-e-type=\"widget\" data-widget_type=\"heading.default\">\n\t\t\t\t<div class=\"elementor-widget-container\">\n\t\t\t\t\t<h3 class=\"elementor-heading-title elementor-size-default\">Romantische Bootstouren in der Weihnachtszeit\n<\/h3>\t\t\t\t<\/div>\n\t\t\t\t<\/div>\n\t\t\t\t<div class=\"elementor-element elementor-element-25bd990 elementor-widget elementor-widget-text-editor\" data-id=\"25bd990\" data-element_type=\"widget\" data-e-type=\"widget\" data-widget_type=\"text-editor.default\">\n\t\t\t\t<div class=\"elementor-widget-container\">\n\t\t\t\t\t\t\t\t\t<p>Wenn Sie die Sch\u00f6nheit des Gardasees zu Weihnachten auf besondere Weise erleben m\u00f6chten, sollten Sie eine weihnachtliche Bootstour in Erw\u00e4gung ziehen. Fahren Sie \u00fcber den See und genie\u00dfen Sie den Blick auf die funkelnden Lichter der Weihnachtsbeleuchtung in den nahegelegenen St\u00e4dten. Viele Boote bieten gem\u00fctliche, festliche Innenr\u00e4ume, in denen Sie hei\u00dfe Getr\u00e4nke genie\u00dfen k\u00f6nnen, w\u00e4hrend Sie die atemberaubende Landschaft auf sich wirken lassen. Dies ist eine ideale Weihnachten Gardasee Aktivit\u00e4t f\u00fcr Paare.<\/p>\t\t\t\t\t\t\t\t<\/div>\n\t\t\t\t<\/div>\n\t\t\t\t\t<\/div>\n\t\t<\/div>\n\t\t\t\t<div class=\"elementor-column elementor-col-33 elementor-top-column elementor-element elementor-element-371a872\" data-id=\"371a872\" data-element_type=\"column\" data-e-type=\"column\">\n\t\t\t<div class=\"elementor-widget-wrap elementor-element-populated\">\n\t\t\t\t\t\t<div class=\"elementor-element elementor-element-5c7eea2 elementor-widget elementor-widget-heading\" data-id=\"5c7eea2\" data-element_type=\"widget\" data-e-type=\"widget\" data-widget_type=\"heading.default\">\n\t\t\t\t<div class=\"elementor-widget-container\">\n\t\t\t\t\t<h3 class=\"elementor-heading-title elementor-size-default\">Etwas Anderes in Lazise\n<\/h3>\t\t\t\t<\/div>\n\t\t\t\t<\/div>\n\t\t\t\t<div class=\"elementor-element elementor-element-f31a8ce elementor-widget elementor-widget-text-editor\" data-id=\"f31a8ce\" data-element_type=\"widget\" data-e-type=\"widget\" data-widget_type=\"text-editor.default\">\n\t\t\t\t<div class=\"elementor-widget-container\">\n\t\t\t\t\t\t\t\t\t<p>M\u00f6chten Sie dieses Weihnachten am Gardasee in einige der lokalen Traditionen eintauchen? Dann haben Sie Gl\u00fcck! In Lazise finden zwei Veranstaltungen statt, die Sie nicht verpassen sollten. Die erste ist der Babbo Lake Run, ein Rennen von Lazise nach Garda, das durch Bardolino f\u00fchrt. Aber es ist kein gew\u00f6hnliches Rennen\u00a0\u2026 bei diesem Rennen sind Hunderte von Menschen als Weihnachtsmann verkleidet!<\/p>\t\t\t\t\t\t\t\t<\/div>\n\t\t\t\t<\/div>\n\t\t\t\t\t<\/div>\n\t\t<\/div>\n\t\t\t\t\t<\/div>\n\t\t<\/section>\n\t\t\t\t<section class=\"elementor-section elementor-top-section elementor-element elementor-element-bc2238b elementor-section-boxed elementor-section-height-default elementor-section-height-default\" data-id=\"bc2238b\" data-element_type=\"section\" data-e-type=\"section\">\n\t\t\t\t\t\t<div class=\"elementor-container elementor-column-gap-default\">\n\t\t\t\t\t<div class=\"elementor-column elementor-col-100 elementor-top-column elementor-element elementor-element-62c6181\" data-id=\"62c6181\" data-element_type=\"column\" data-e-type=\"column\">\n\t\t\t<div class=\"elementor-widget-wrap elementor-element-populated\">\n\t\t\t\t\t\t<div class=\"elementor-element elementor-element-01403f9 elementor-widget elementor-widget-text-editor\" data-id=\"01403f9\" data-element_type=\"widget\" data-e-type=\"widget\" data-widget_type=\"text-editor.default\">\n\t\t\t\t<div class=\"elementor-widget-container\">\n\t\t\t\t\t\t\t\t\t<p>Und wenn Sie schon mal da sind, sollten Sie sich die Cuccagna della Befana nicht entgehen lassen! Ein einzigartiges Rennen, bei dem die Teilnehmer nacheinander auf einer schmalen, glitschigen Stange entlanglaufen und versuchen, den Besenstiel am Ende zu erreichen. Der Holzpfahl ragt \u00fcber das kalte Wasser des alten Hafens hinaus, sodass ein Sturz so gut wie garantiert ist!<\/p>\t\t\t\t\t\t\t\t<\/div>\n\t\t\t\t<\/div>\n\t\t\t\t\t<\/div>\n\t\t<\/div>\n\t\t\t\t\t<\/div>\n\t\t<\/section>\n\t\t\t\t<section class=\"elementor-section elementor-top-section elementor-element elementor-element-9357409 elementor-section-boxed elementor-section-height-default elementor-section-height-default\" data-id=\"9357409\" data-element_type=\"section\" data-e-type=\"section\">\n\t\t\t\t\t\t<div class=\"elementor-container elementor-column-gap-default\">\n\t\t\t\t\t<div class=\"elementor-column elementor-col-100 elementor-top-column elementor-element elementor-element-daf9039\" data-id=\"daf9039\" data-element_type=\"column\" data-e-type=\"column\">\n\t\t\t<div class=\"elementor-widget-wrap elementor-element-populated\">\n\t\t\t\t\t\t<div class=\"elementor-element elementor-element-1713cd8 elementor-widget elementor-widget-image\" data-id=\"1713cd8\" data-element_type=\"widget\" data-e-type=\"widget\" data-widget_type=\"image.default\">\n\t\t\t\t<div class=\"elementor-widget-container\">\n\t\t\t\t\t\t\t\t\t\t\t\t\t\t\t<img decoding=\"async\" width=\"1200\" height=\"600\" src=\"https:\/\/www.domusrental.com\/blog\/wp-content\/uploads\/2024\/11\/Christmas-Peschiera-del-Garda-1.jpg\" class=\"attachment-full size-full wp-image-2974\" alt=\"Christmas Peschiera del Garda\" srcset=\"https:\/\/www.domusrental.com\/blog\/wp-content\/uploads\/2024\/11\/Christmas-Peschiera-del-Garda-1.jpg 1200w, https:\/\/www.domusrental.com\/blog\/wp-content\/uploads\/2024\/11\/Christmas-Peschiera-del-Garda-1-768x384.jpg 768w\" sizes=\"(max-width: 1200px) 100vw, 1200px\" \/>\t\t\t\t\t\t\t\t\t\t\t\t\t\t\t<\/div>\n\t\t\t\t<\/div>\n\t\t\t\t\t<\/div>\n\t\t<\/div>\n\t\t\t\t\t<\/div>\n\t\t<\/section>\n\t\t\t\t<section class=\"elementor-section elementor-top-section elementor-element elementor-element-9cb0d4c elementor-section-boxed elementor-section-height-default elementor-section-height-default\" data-id=\"9cb0d4c\" data-element_type=\"section\" data-e-type=\"section\">\n\t\t\t\t\t\t<div class=\"elementor-container elementor-column-gap-default\">\n\t\t\t\t\t<div class=\"elementor-column elementor-col-100 elementor-top-column elementor-element elementor-element-406e570\" data-id=\"406e570\" data-element_type=\"column\" data-e-type=\"column\">\n\t\t\t<div class=\"elementor-widget-wrap elementor-element-populated\">\n\t\t\t\t\t\t<div class=\"elementor-element elementor-element-360023d elementor-widget elementor-widget-heading\" data-id=\"360023d\" data-element_type=\"widget\" data-e-type=\"widget\" data-widget_type=\"heading.default\">\n\t\t\t\t<div class=\"elementor-widget-container\">\n\t\t\t\t\t<h2 class=\"elementor-heading-title elementor-size-default\">Die besten Unterk\u00fcnfte f\u00fcr die Weihnachtszeit\n<\/h2>\t\t\t\t<\/div>\n\t\t\t\t<\/div>\n\t\t\t\t<div class=\"elementor-element elementor-element-df0c7f5 elementor-widget elementor-widget-text-editor\" data-id=\"df0c7f5\" data-element_type=\"widget\" data-e-type=\"widget\" data-widget_type=\"text-editor.default\">\n\t\t\t\t<div class=\"elementor-widget-container\">\n\t\t\t\t\t\t\t\t\t<p>Die St\u00e4dte am Gardasee Weihnachten sind perfekt f\u00fcr einen Feiertagsurlaub und bieten w\u00e4hrend der Festtage ihren ganz eigenen Charme.<\/p><ul><li><strong>Malcesine<\/strong>: Am Ostufer des Sees gelegen bietet Malcesine atemberaubende Ausblicke auf den See und die umliegenden Berge. Eine Fahrt mit der Seilbahn auf den Monte Baldo ist ideal f\u00fcr malerische Winterwanderungen oder sogar zum Skifahren und verleiht Ihrem Urlaub einen Hauch von Abenteuer.<\/li><li><strong>Bardolino und Lazise<\/strong>: Diese benachbarten St\u00e4dte sind w\u00e4hrend der Feiertage lebendig, mit festlichen M\u00e4rkten und sch\u00f6nen Lichtinstallationen entlang des Seeufers. Bardolinos Weinkultur bietet auch die M\u00f6glichkeit, lokale Weine der Saison zu probieren, w\u00e4hrend Lazises historische Stra\u00dfen und gem\u00fctliche Caf\u00e9s eine warme Feiertagsatmosph\u00e4re schaffen.<\/li><li><strong>Torri del Benaco<\/strong>: Diese ruhigere Stadt ist perfekt f\u00fcr alle, die einen friedlichen Weihnachtsaufenthalt w\u00fcnschen. Die alte Burg und der atemberaubende Seeblick in Kombination mit der Weihnachtsdekoration machen Torri del Benaco zu einer idyllischen Wahl f\u00fcr Ihre Weihnachtszeit am Gardasee.<\/li><li style=\"list-style-type: none;\">\u00a0<\/li><\/ul>\t\t\t\t\t\t\t\t<\/div>\n\t\t\t\t<\/div>\n\t\t\t\t\t<\/div>\n\t\t<\/div>\n\t\t\t\t\t<\/div>\n\t\t<\/section>\n\t\t\t\t<section class=\"elementor-section elementor-top-section elementor-element elementor-element-0ac6b5f elementor-section-boxed elementor-section-height-default elementor-section-height-default\" data-id=\"0ac6b5f\" data-element_type=\"section\" data-e-type=\"section\">\n\t\t\t\t\t\t<div class=\"elementor-container elementor-column-gap-default\">\n\t\t\t\t\t<div class=\"elementor-column elementor-col-100 elementor-top-column elementor-element elementor-element-a32b3de\" data-id=\"a32b3de\" data-element_type=\"column\" data-e-type=\"column\">\n\t\t\t<div class=\"elementor-widget-wrap elementor-element-populated\">\n\t\t\t\t\t\t<div class=\"elementor-element elementor-element-e721235 elementor-widget elementor-widget-image\" data-id=\"e721235\" data-element_type=\"widget\" data-e-type=\"widget\" data-widget_type=\"image.default\">\n\t\t\t\t<div class=\"elementor-widget-container\">\n\t\t\t\t\t\t\t\t\t\t\t\t\t\t\t<img decoding=\"async\" width=\"1200\" height=\"540\" src=\"https:\/\/www.domusrental.com\/blog\/wp-content\/uploads\/2024\/11\/gardasee-christmas.jpg\" class=\"attachment-full size-full wp-image-2968\" alt=\"gardasee-christmas\" srcset=\"https:\/\/www.domusrental.com\/blog\/wp-content\/uploads\/2024\/11\/gardasee-christmas.jpg 1200w, https:\/\/www.domusrental.com\/blog\/wp-content\/uploads\/2024\/11\/gardasee-christmas-768x346.jpg 768w\" sizes=\"(max-width: 1200px) 100vw, 1200px\" \/>\t\t\t\t\t\t\t\t\t\t\t\t\t\t\t<\/div>\n\t\t\t\t<\/div>\n\t\t\t\t\t<\/div>\n\t\t<\/div>\n\t\t\t\t\t<\/div>\n\t\t<\/section>\n\t\t\t\t<section class=\"elementor-section elementor-top-section elementor-element elementor-element-15b63c5 elementor-section-boxed elementor-section-height-default elementor-section-height-default\" data-id=\"15b63c5\" data-element_type=\"section\" data-e-type=\"section\">\n\t\t\t\t\t\t<div class=\"elementor-container elementor-column-gap-default\">\n\t\t\t\t\t<div class=\"elementor-column elementor-col-100 elementor-top-column elementor-element elementor-element-24b79f3\" data-id=\"24b79f3\" data-element_type=\"column\" data-e-type=\"column\">\n\t\t\t<div class=\"elementor-widget-wrap elementor-element-populated\">\n\t\t\t\t\t\t<div class=\"elementor-element elementor-element-e7215fa elementor-widget elementor-widget-heading\" data-id=\"e7215fa\" data-element_type=\"widget\" data-e-type=\"widget\" data-widget_type=\"heading.default\">\n\t\t\t\t<div class=\"elementor-widget-container\">\n\t\t\t\t\t<h2 class=\"elementor-heading-title elementor-size-default\">Traditionelle italienische Weihnachtsgerichte und -getr\u00e4nke am Gardasee\n<\/h2>\t\t\t\t<\/div>\n\t\t\t\t<\/div>\n\t\t\t\t<div class=\"elementor-element elementor-element-3782ebe elementor-widget elementor-widget-text-editor\" data-id=\"3782ebe\" data-element_type=\"widget\" data-e-type=\"widget\" data-widget_type=\"text-editor.default\">\n\t\t\t\t<div class=\"elementor-widget-container\">\n\t\t\t\t\t\t\t\t\t<p>Weihnachten am Gardasee w\u00e4re nicht komplett, ohne einige klassische italienische Weihnachtsgerichte zu probieren. G\u00f6nnen Sie sich <em>Panettone<\/em> und <em>Pandoro<\/em> \u2013 beides traditionelle Weihnachtskuchen, die weich und s\u00fc\u00df sind und perfekt zu einer Tasse Kaffee oder hei\u00dfer Schokolade passen.<\/p><p>Auf den M\u00e4rkten finden Sie St\u00e4nde, an denen <em>Vin Brul\u00e9<\/em> (Gl\u00fchwein) zusammen mit ger\u00f6steten N\u00fcssen und lokalem K\u00e4se angeboten wird. Einige Restaurants in der Gegend bereiten auch regionale Gerichte mit einem festlichen Touch zu, sodass Sie am See ein festliches italienisches Essen genie\u00dfen k\u00f6nnen.<\/p>\t\t\t\t\t\t\t\t<\/div>\n\t\t\t\t<\/div>\n\t\t\t\t\t<\/div>\n\t\t<\/div>\n\t\t\t\t\t<\/div>\n\t\t<\/section>\n\t\t\t\t<section class=\"elementor-section elementor-top-section elementor-element elementor-element-95c556b elementor-section-boxed elementor-section-height-default elementor-section-height-default\" data-id=\"95c556b\" data-element_type=\"section\" data-e-type=\"section\">\n\t\t\t\t\t\t<div class=\"elementor-container elementor-column-gap-default\">\n\t\t\t\t\t<div class=\"elementor-column elementor-col-100 elementor-top-column elementor-element elementor-element-e00097b\" data-id=\"e00097b\" data-element_type=\"column\" data-e-type=\"column\">\n\t\t\t<div class=\"elementor-widget-wrap elementor-element-populated\">\n\t\t\t\t\t\t<div class=\"elementor-element elementor-element-835835e elementor-widget elementor-widget-heading\" data-id=\"835835e\" data-element_type=\"widget\" data-e-type=\"widget\" data-widget_type=\"heading.default\">\n\t\t\t\t<div class=\"elementor-widget-container\">\n\t\t\t\t\t<h2 class=\"elementor-heading-title elementor-size-default\">Planen Sie Ihren Weihnachtsurlaub am Gardasee\n<\/h2>\t\t\t\t<\/div>\n\t\t\t\t<\/div>\n\t\t\t\t<div class=\"elementor-element elementor-element-8c9e43d elementor-widget elementor-widget-text-editor\" data-id=\"8c9e43d\" data-element_type=\"widget\" data-e-type=\"widget\" data-widget_type=\"text-editor.default\">\n\t\t\t\t<div class=\"elementor-widget-container\">\n\t\t\t\t\t\t\t\t\t<p>Der Gardasee ist in der Weihnachtszeit mit seiner Mischung aus Festtagsstimmung, landschaftlicher Sch\u00f6nheit und herzlichen italienischen Traditionen wirklich bezaubernd. Ob Sie \u00fcber Weihnachtsm\u00e4rkte schlendern, am Seeufer einen Gl\u00fchwein trinken oder die Winterlandschaft genie\u00dfen \u2013 Weihnachten am Gardasee verspricht f\u00fcr jeden etwas Besonderes.<\/p><p>Warum buchen Sie Ihre Unterkunft nicht bei Domus f\u00fcr den perfekten Urlaubsaufenthalt? Mit einer Auswahl an luxuri\u00f6sen Villen, Apartments und Chalets bietet Domus den idealen Ausgangspunkt f\u00fcr Ihr Weihnachtserlebnis am Gardasee.<\/p>\t\t\t\t\t\t\t\t<\/div>\n\t\t\t\t<\/div>\n\t\t\t\t\t<\/div>\n\t\t<\/div>\n\t\t\t\t\t<\/div>\n\t\t<\/section>\n\t\t\t\t<section class=\"elementor-section elementor-top-section elementor-element elementor-element-6cab2005 elementor-section-boxed elementor-section-height-default elementor-section-height-default\" data-id=\"6cab2005\" data-element_type=\"section\" data-e-type=\"section\">\n\t\t\t\t\t\t<div class=\"elementor-container elementor-column-gap-default\">\n\t\t\t\t\t<div class=\"elementor-column elementor-col-100 elementor-top-column elementor-element elementor-element-77d93bf0\" data-id=\"77d93bf0\" data-element_type=\"column\" data-e-type=\"column\">\n\t\t\t<div class=\"elementor-widget-wrap elementor-element-populated\">\n\t\t\t\t\t\t<div class=\"elementor-element elementor-element-78aaeb7c elementor-widget elementor-widget-shortcode\" data-id=\"78aaeb7c\" data-element_type=\"widget\" data-e-type=\"widget\" data-widget_type=\"shortcode.default\">\n\t\t\t\t<div class=\"elementor-widget-container\">\n\t\t\t\t\t\t\t<div class=\"elementor-shortcode\">\t\t<div data-elementor-type=\"section\" data-elementor-id=\"2987\" class=\"elementor elementor-2987 elementor-2187 elementor-2187\" data-elementor-post-type=\"elementor_library\">\n\t\t\t\t\t<section class=\"elementor-section elementor-top-section elementor-element elementor-element-28474215 elementor-section-boxed elementor-section-height-default elementor-section-height-default\" data-id=\"28474215\" data-element_type=\"section\" data-e-type=\"section\">\n\t\t\t\t\t\t<div class=\"elementor-container elementor-column-gap-default\">\n\t\t\t\t\t<div class=\"elementor-column elementor-col-33 elementor-top-column elementor-element elementor-element-488016b\" data-id=\"488016b\" data-element_type=\"column\" data-e-type=\"column\">\n\t\t\t<div class=\"elementor-widget-wrap elementor-element-populated\">\n\t\t\t\t\t\t<div class=\"elementor-element elementor-element-7158b6ec elementor-cta--skin-cover elementor-animated-content elementor-bg-transform elementor-bg-transform-zoom-in elementor-widget elementor-widget-call-to-action\" data-id=\"7158b6ec\" data-element_type=\"widget\" data-e-type=\"widget\" data-widget_type=\"call-to-action.default\">\n\t\t\t\t<div class=\"elementor-widget-container\">\n\t\t\t\t\t\t\t<a class=\"elementor-cta\" href=\"https:\/\/www.domusrental.com\/de\/villa-gardasee\/\">\n\t\t\t\t\t<div class=\"elementor-cta__bg-wrapper\">\n\t\t\t\t<div class=\"elementor-cta__bg elementor-bg\" style=\"background-image: url(https:\/\/www.domusrental.com\/blog\/wp-content\/uploads\/2024\/04\/3-review-1-1-1920x630.jpg);\" role=\"img\" aria-label=\"3-review-1.jpg\"><\/div>\n\t\t\t\t<div class=\"elementor-cta__bg-overlay\"><\/div>\n\t\t\t<\/div>\n\t\t\t\t\t\t\t<div class=\"elementor-cta__content\">\n\t\t\t\t\n\t\t\t\t\n\t\t\t\t\n\t\t\t\t\t\t\t\t\t<div class=\"elementor-cta__button-wrapper elementor-cta__content-item elementor-content-item elementor-animated-item--grow\">\n\t\t\t\t\t<span class=\"elementor-cta__button elementor-button elementor-size-\">\n\t\t\t\t\t\tVilla Gardasee\t\t\t\t\t<\/span>\n\t\t\t\t\t<\/div>\n\t\t\t\t\t\t\t<\/div>\n\t\t\t\t\t\t<\/a>\n\t\t\t\t\t\t<\/div>\n\t\t\t\t<\/div>\n\t\t\t\t\t<\/div>\n\t\t<\/div>\n\t\t\t\t<div class=\"elementor-column elementor-col-33 elementor-top-column elementor-element elementor-element-2f46c64f\" data-id=\"2f46c64f\" data-element_type=\"column\" data-e-type=\"column\">\n\t\t\t<div class=\"elementor-widget-wrap elementor-element-populated\">\n\t\t\t\t\t\t<div class=\"elementor-element elementor-element-25d5a87e elementor-cta--skin-cover elementor-animated-content elementor-bg-transform elementor-bg-transform-zoom-in elementor-widget elementor-widget-call-to-action\" data-id=\"25d5a87e\" data-element_type=\"widget\" data-e-type=\"widget\" data-widget_type=\"call-to-action.default\">\n\t\t\t\t<div class=\"elementor-widget-container\">\n\t\t\t\t\t\t\t<a class=\"elementor-cta\" href=\"https:\/\/www.domusrental.com\/de\/gardasee-unterkunft\/\">\n\t\t\t\t\t<div class=\"elementor-cta__bg-wrapper\">\n\t\t\t\t<div class=\"elementor-cta__bg elementor-bg\" style=\"background-image: url(https:\/\/www.domusrental.com\/blog\/wp-content\/uploads\/2024\/04\/iStock-1414288968-1-1-1521x630.jpg);\" role=\"img\" aria-label=\"iStock-1414288968-1.jpg\"><\/div>\n\t\t\t\t<div class=\"elementor-cta__bg-overlay\"><\/div>\n\t\t\t<\/div>\n\t\t\t\t\t\t\t<div class=\"elementor-cta__content\">\n\t\t\t\t\n\t\t\t\t\n\t\t\t\t\n\t\t\t\t\t\t\t\t\t<div class=\"elementor-cta__button-wrapper elementor-cta__content-item elementor-content-item elementor-animated-item--grow\">\n\t\t\t\t\t<span class=\"elementor-cta__button elementor-button elementor-size-\">\n\t\t\t\t\t\tUnterk\u00fcnfte am Gardasee\t\t\t\t\t<\/span>\n\t\t\t\t\t<\/div>\n\t\t\t\t\t\t\t<\/div>\n\t\t\t\t\t\t<\/a>\n\t\t\t\t\t\t<\/div>\n\t\t\t\t<\/div>\n\t\t\t\t\t<\/div>\n\t\t<\/div>\n\t\t\t\t<div class=\"elementor-column elementor-col-33 elementor-top-column elementor-element elementor-element-433fe887\" data-id=\"433fe887\" data-element_type=\"column\" data-e-type=\"column\">\n\t\t\t<div class=\"elementor-widget-wrap elementor-element-populated\">\n\t\t\t\t\t\t<div class=\"elementor-element elementor-element-22532495 elementor-cta--skin-cover elementor-animated-content elementor-bg-transform elementor-bg-transform-zoom-in elementor-widget elementor-widget-call-to-action\" data-id=\"22532495\" data-element_type=\"widget\" data-e-type=\"widget\" data-widget_type=\"call-to-action.default\">\n\t\t\t\t<div class=\"elementor-widget-container\">\n\t\t\t\t\t\t\t<a class=\"elementor-cta\" href=\"https:\/\/www.domusrental.com\/de\/ferienwohnungen-gardasee\/\">\n\t\t\t\t\t<div class=\"elementor-cta__bg-wrapper\">\n\t\t\t\t<div class=\"elementor-cta__bg elementor-bg\" style=\"background-image: url(https:\/\/www.domusrental.com\/blog\/wp-content\/uploads\/2024\/04\/apartments-in-lake-garda-1-1-1533x630.jpg);\" role=\"img\" aria-label=\"apartments-in-lake-garda-1.jpg\"><\/div>\n\t\t\t\t<div class=\"elementor-cta__bg-overlay\"><\/div>\n\t\t\t<\/div>\n\t\t\t\t\t\t\t<div class=\"elementor-cta__content\">\n\t\t\t\t\n\t\t\t\t\n\t\t\t\t\n\t\t\t\t\t\t\t\t\t<div class=\"elementor-cta__button-wrapper elementor-cta__content-item elementor-content-item elementor-animated-item--grow\">\n\t\t\t\t\t<span class=\"elementor-cta__button elementor-button elementor-size-\">\n\t\t\t\t\t\tFerienwohnungen am Gardasee\t\t\t\t\t<\/span>\n\t\t\t\t\t<\/div>\n\t\t\t\t\t\t\t<\/div>\n\t\t\t\t\t\t<\/a>\n\t\t\t\t\t\t<\/div>\n\t\t\t\t<\/div>\n\t\t\t\t\t<\/div>\n\t\t<\/div>\n\t\t\t\t\t<\/div>\n\t\t<\/section>\n\t\t\t\t<\/div>\n\t\t<\/div>\n\t\t\t\t\t\t<\/div>\n\t\t\t\t<\/div>\n\t\t\t\t\t<\/div>\n\t\t<\/div>\n\t\t\t\t\t<\/div>\n\t\t<\/section>\n\t\t\t\t<\/div>\n\t\t","protected":false},"excerpt":{"rendered":"<p>Wenn Sie dieses Jahr von einem festlichen Kurzurlaub zu Weihnachten tr\u00e4umen, k\u00f6nnte der Gardasee die perfekte Wahl sein. Diese Region Norditaliens verwandelt sich w\u00e4hrend der Weihnachtszeit und verbindet unvergleichliche italienische Gastfreundschaft mit dem Zauber von Weihnachten. Von funkelnden Lichtern, die sich auf dem See spiegeln, bis hin zu farbenfrohen Weihnachtsm\u00e4rkten, die voller lokaler saisonaler \u00dcberraschungen [&hellip;]<\/p>\n","protected":false},"author":2,"featured_media":2980,"comment_status":"open","ping_status":"closed","sticky":false,"template":"","format":"standard","meta":{"footnotes":""},"categories":[53],"tags":[],"class_list":["post-3005","post","type-post","status-publish","format-standard","has-post-thumbnail","hentry","category-veranstaltungen-gardasee"],"yoast_head":"<!-- This site is optimized with the Yoast SEO plugin v27.4 - https:\/\/yoast.com\/product\/yoast-seo-wordpress\/ -->\n<title>Weihnachten am Gardasee: Ein festlicher italienischer Kurzurlaub - Blog | Domus Rental<\/title>\n<meta name=\"description\" content=\"Genie\u00dfen Sie Weihnachten am Gardasee, einem magischen Reiseziel voller Weihnachtszauber.\" \/>\n<meta name=\"robots\" content=\"index, follow, max-snippet:-1, max-image-preview:large, max-video-preview:-1\" \/>\n<link rel=\"canonical\" href=\"https:\/\/www.domusrental.com\/blog\/de\/weihnachten-gardasee\/\" \/>\n<meta property=\"og:locale\" content=\"de_DE\" \/>\n<meta property=\"og:type\" content=\"article\" \/>\n<meta property=\"og:title\" content=\"Weihnachten am Gardasee: Ein festlicher italienischer Kurzurlaub - Blog | Domus Rental\" \/>\n<meta property=\"og:description\" content=\"Genie\u00dfen Sie Weihnachten am Gardasee, einem magischen Reiseziel voller Weihnachtszauber.\" \/>\n<meta property=\"og:url\" content=\"https:\/\/www.domusrental.com\/blog\/de\/weihnachten-gardasee\/\" \/>\n<meta property=\"og:site_name\" content=\"Blog | Domus Rental\" \/>\n<meta property=\"article:publisher\" content=\"https:\/\/www.facebook.com\/domusrental\" \/>\n<meta property=\"article:published_time\" content=\"2024-11-11T09:54:48+00:00\" \/>\n<meta property=\"article:modified_time\" content=\"2025-01-21T15:34:32+00:00\" \/>\n<meta property=\"og:image\" content=\"https:\/\/www.domusrental.com\/blog\/wp-content\/uploads\/2024\/11\/Christmas-lake-garda.jpg\" \/>\n\t<meta property=\"og:image:width\" content=\"1920\" \/>\n\t<meta property=\"og:image:height\" content=\"591\" \/>\n\t<meta property=\"og:image:type\" content=\"image\/jpeg\" \/>\n<meta name=\"author\" content=\"digitalservices\" \/>\n<meta name=\"twitter:card\" content=\"summary_large_image\" \/>\n<meta name=\"twitter:creator\" content=\"@DomusRental\" \/>\n<meta name=\"twitter:site\" content=\"@DomusRental\" \/>\n<meta name=\"twitter:label1\" content=\"Verfasst von\" \/>\n\t<meta name=\"twitter:data1\" content=\"digitalservices\" \/>\n\t<meta name=\"twitter:label2\" content=\"Gesch\u00e4tzte Lesezeit\" \/>\n\t<meta name=\"twitter:data2\" content=\"8\u00a0Minuten\" \/>\n<script type=\"application\/ld+json\" class=\"yoast-schema-graph\">{\"@context\":\"https:\\\/\\\/schema.org\",\"@graph\":[{\"@type\":\"Article\",\"@id\":\"https:\\\/\\\/www.domusrental.com\\\/blog\\\/de\\\/weihnachten-gardasee\\\/#article\",\"isPartOf\":{\"@id\":\"https:\\\/\\\/www.domusrental.com\\\/blog\\\/de\\\/weihnachten-gardasee\\\/\"},\"author\":{\"name\":\"digitalservices\",\"@id\":\"https:\\\/\\\/www.domusrental.com\\\/blog\\\/#\\\/schema\\\/person\\\/4704eef53d63fc41b94477baca3572f8\"},\"headline\":\"Weihnachten am Gardasee: Ein festlicher italienischer Kurzurlaub\",\"datePublished\":\"2024-11-11T09:54:48+00:00\",\"dateModified\":\"2025-01-21T15:34:32+00:00\",\"mainEntityOfPage\":{\"@id\":\"https:\\\/\\\/www.domusrental.com\\\/blog\\\/de\\\/weihnachten-gardasee\\\/\"},\"wordCount\":1298,\"commentCount\":0,\"publisher\":{\"@id\":\"https:\\\/\\\/www.domusrental.com\\\/blog\\\/#organization\"},\"image\":{\"@id\":\"https:\\\/\\\/www.domusrental.com\\\/blog\\\/de\\\/weihnachten-gardasee\\\/#primaryimage\"},\"thumbnailUrl\":\"https:\\\/\\\/www.domusrental.com\\\/blog\\\/wp-content\\\/uploads\\\/2024\\\/11\\\/Christmas-lake-garda.jpg\",\"articleSection\":[\"Veranstaltungen\"],\"inLanguage\":\"de\",\"potentialAction\":[{\"@type\":\"CommentAction\",\"name\":\"Comment\",\"target\":[\"https:\\\/\\\/www.domusrental.com\\\/blog\\\/de\\\/weihnachten-gardasee\\\/#respond\"]}]},{\"@type\":\"WebPage\",\"@id\":\"https:\\\/\\\/www.domusrental.com\\\/blog\\\/de\\\/weihnachten-gardasee\\\/\",\"url\":\"https:\\\/\\\/www.domusrental.com\\\/blog\\\/de\\\/weihnachten-gardasee\\\/\",\"name\":\"Weihnachten am Gardasee: Ein festlicher italienischer Kurzurlaub - Blog | Domus Rental\",\"isPartOf\":{\"@id\":\"https:\\\/\\\/www.domusrental.com\\\/blog\\\/#website\"},\"primaryImageOfPage\":{\"@id\":\"https:\\\/\\\/www.domusrental.com\\\/blog\\\/de\\\/weihnachten-gardasee\\\/#primaryimage\"},\"image\":{\"@id\":\"https:\\\/\\\/www.domusrental.com\\\/blog\\\/de\\\/weihnachten-gardasee\\\/#primaryimage\"},\"thumbnailUrl\":\"https:\\\/\\\/www.domusrental.com\\\/blog\\\/wp-content\\\/uploads\\\/2024\\\/11\\\/Christmas-lake-garda.jpg\",\"datePublished\":\"2024-11-11T09:54:48+00:00\",\"dateModified\":\"2025-01-21T15:34:32+00:00\",\"description\":\"Genie\u00dfen Sie Weihnachten am Gardasee, einem magischen Reiseziel voller Weihnachtszauber.\",\"breadcrumb\":{\"@id\":\"https:\\\/\\\/www.domusrental.com\\\/blog\\\/de\\\/weihnachten-gardasee\\\/#breadcrumb\"},\"inLanguage\":\"de\",\"potentialAction\":[{\"@type\":\"ReadAction\",\"target\":[\"https:\\\/\\\/www.domusrental.com\\\/blog\\\/de\\\/weihnachten-gardasee\\\/\"]}]},{\"@type\":\"ImageObject\",\"inLanguage\":\"de\",\"@id\":\"https:\\\/\\\/www.domusrental.com\\\/blog\\\/de\\\/weihnachten-gardasee\\\/#primaryimage\",\"url\":\"https:\\\/\\\/www.domusrental.com\\\/blog\\\/wp-content\\\/uploads\\\/2024\\\/11\\\/Christmas-lake-garda.jpg\",\"contentUrl\":\"https:\\\/\\\/www.domusrental.com\\\/blog\\\/wp-content\\\/uploads\\\/2024\\\/11\\\/Christmas-lake-garda.jpg\",\"width\":1920,\"height\":591,\"caption\":\"Christmas lake garda\"},{\"@type\":\"BreadcrumbList\",\"@id\":\"https:\\\/\\\/www.domusrental.com\\\/blog\\\/de\\\/weihnachten-gardasee\\\/#breadcrumb\",\"itemListElement\":[{\"@type\":\"ListItem\",\"position\":1,\"name\":\"Home\",\"item\":\"https:\\\/\\\/www.domusrental.com\\\/blog\\\/de\\\/\"},{\"@type\":\"ListItem\",\"position\":2,\"name\":\"Weihnachten am Gardasee: Ein festlicher italienischer Kurzurlaub\"}]},{\"@type\":\"WebSite\",\"@id\":\"https:\\\/\\\/www.domusrental.com\\\/blog\\\/#website\",\"url\":\"https:\\\/\\\/www.domusrental.com\\\/blog\\\/\",\"name\":\"Domus Rental\",\"description\":\"\",\"publisher\":{\"@id\":\"https:\\\/\\\/www.domusrental.com\\\/blog\\\/#organization\"},\"potentialAction\":[{\"@type\":\"SearchAction\",\"target\":{\"@type\":\"EntryPoint\",\"urlTemplate\":\"https:\\\/\\\/www.domusrental.com\\\/blog\\\/?s={search_term_string}\"},\"query-input\":{\"@type\":\"PropertyValueSpecification\",\"valueRequired\":true,\"valueName\":\"search_term_string\"}}],\"inLanguage\":\"de\"},{\"@type\":\"Organization\",\"@id\":\"https:\\\/\\\/www.domusrental.com\\\/blog\\\/#organization\",\"name\":\"Blog | Domus Rental\",\"url\":\"https:\\\/\\\/www.domusrental.com\\\/blog\\\/\",\"logo\":{\"@type\":\"ImageObject\",\"inLanguage\":\"de\",\"@id\":\"https:\\\/\\\/www.domusrental.com\\\/blog\\\/#\\\/schema\\\/logo\\\/image\\\/\",\"url\":\"https:\\\/\\\/www.domusrental.com\\\/blog\\\/wp-content\\\/uploads\\\/2024\\\/04\\\/favicon.png\",\"contentUrl\":\"https:\\\/\\\/www.domusrental.com\\\/blog\\\/wp-content\\\/uploads\\\/2024\\\/04\\\/favicon.png\",\"width\":298,\"height\":298,\"caption\":\"Blog | Domus Rental\"},\"image\":{\"@id\":\"https:\\\/\\\/www.domusrental.com\\\/blog\\\/#\\\/schema\\\/logo\\\/image\\\/\"},\"sameAs\":[\"https:\\\/\\\/www.facebook.com\\\/domusrental\",\"https:\\\/\\\/x.com\\\/DomusRental\"]},{\"@type\":\"Person\",\"@id\":\"https:\\\/\\\/www.domusrental.com\\\/blog\\\/#\\\/schema\\\/person\\\/4704eef53d63fc41b94477baca3572f8\",\"name\":\"digitalservices\",\"image\":{\"@type\":\"ImageObject\",\"inLanguage\":\"de\",\"@id\":\"https:\\\/\\\/secure.gravatar.com\\\/avatar\\\/af30f88a1904294c1f3eb09a9d7903eec4ffa18fa2cf40c28a8681014ecdfc20?s=96&d=mm&r=g\",\"url\":\"https:\\\/\\\/secure.gravatar.com\\\/avatar\\\/af30f88a1904294c1f3eb09a9d7903eec4ffa18fa2cf40c28a8681014ecdfc20?s=96&d=mm&r=g\",\"contentUrl\":\"https:\\\/\\\/secure.gravatar.com\\\/avatar\\\/af30f88a1904294c1f3eb09a9d7903eec4ffa18fa2cf40c28a8681014ecdfc20?s=96&d=mm&r=g\",\"caption\":\"digitalservices\"},\"url\":\"https:\\\/\\\/www.domusrental.com\\\/blog\\\/de\\\/author\\\/digitalservices\\\/\"}]}<\/script>\n<!-- \/ Yoast SEO plugin. -->","yoast_head_json":{"title":"Weihnachten am Gardasee: Ein festlicher italienischer Kurzurlaub - Blog | Domus Rental","description":"Genie\u00dfen Sie Weihnachten am Gardasee, einem magischen Reiseziel voller Weihnachtszauber.","robots":{"index":"index","follow":"follow","max-snippet":"max-snippet:-1","max-image-preview":"max-image-preview:large","max-video-preview":"max-video-preview:-1"},"canonical":"https:\/\/www.domusrental.com\/blog\/de\/weihnachten-gardasee\/","og_locale":"de_DE","og_type":"article","og_title":"Weihnachten am Gardasee: Ein festlicher italienischer Kurzurlaub - Blog | Domus Rental","og_description":"Genie\u00dfen Sie Weihnachten am Gardasee, einem magischen Reiseziel voller Weihnachtszauber.","og_url":"https:\/\/www.domusrental.com\/blog\/de\/weihnachten-gardasee\/","og_site_name":"Blog | Domus Rental","article_publisher":"https:\/\/www.facebook.com\/domusrental","article_published_time":"2024-11-11T09:54:48+00:00","article_modified_time":"2025-01-21T15:34:32+00:00","og_image":[{"width":1920,"height":591,"url":"https:\/\/www.domusrental.com\/blog\/wp-content\/uploads\/2024\/11\/Christmas-lake-garda.jpg","type":"image\/jpeg"}],"author":"digitalservices","twitter_card":"summary_large_image","twitter_creator":"@DomusRental","twitter_site":"@DomusRental","twitter_misc":{"Verfasst von":"digitalservices","Gesch\u00e4tzte Lesezeit":"8\u00a0Minuten"},"schema":{"@context":"https:\/\/schema.org","@graph":[{"@type":"Article","@id":"https:\/\/www.domusrental.com\/blog\/de\/weihnachten-gardasee\/#article","isPartOf":{"@id":"https:\/\/www.domusrental.com\/blog\/de\/weihnachten-gardasee\/"},"author":{"name":"digitalservices","@id":"https:\/\/www.domusrental.com\/blog\/#\/schema\/person\/4704eef53d63fc41b94477baca3572f8"},"headline":"Weihnachten am Gardasee: Ein festlicher italienischer Kurzurlaub","datePublished":"2024-11-11T09:54:48+00:00","dateModified":"2025-01-21T15:34:32+00:00","mainEntityOfPage":{"@id":"https:\/\/www.domusrental.com\/blog\/de\/weihnachten-gardasee\/"},"wordCount":1298,"commentCount":0,"publisher":{"@id":"https:\/\/www.domusrental.com\/blog\/#organization"},"image":{"@id":"https:\/\/www.domusrental.com\/blog\/de\/weihnachten-gardasee\/#primaryimage"},"thumbnailUrl":"https:\/\/www.domusrental.com\/blog\/wp-content\/uploads\/2024\/11\/Christmas-lake-garda.jpg","articleSection":["Veranstaltungen"],"inLanguage":"de","potentialAction":[{"@type":"CommentAction","name":"Comment","target":["https:\/\/www.domusrental.com\/blog\/de\/weihnachten-gardasee\/#respond"]}]},{"@type":"WebPage","@id":"https:\/\/www.domusrental.com\/blog\/de\/weihnachten-gardasee\/","url":"https:\/\/www.domusrental.com\/blog\/de\/weihnachten-gardasee\/","name":"Weihnachten am Gardasee: Ein festlicher italienischer Kurzurlaub - Blog | Domus Rental","isPartOf":{"@id":"https:\/\/www.domusrental.com\/blog\/#website"},"primaryImageOfPage":{"@id":"https:\/\/www.domusrental.com\/blog\/de\/weihnachten-gardasee\/#primaryimage"},"image":{"@id":"https:\/\/www.domusrental.com\/blog\/de\/weihnachten-gardasee\/#primaryimage"},"thumbnailUrl":"https:\/\/www.domusrental.com\/blog\/wp-content\/uploads\/2024\/11\/Christmas-lake-garda.jpg","datePublished":"2024-11-11T09:54:48+00:00","dateModified":"2025-01-21T15:34:32+00:00","description":"Genie\u00dfen Sie Weihnachten am Gardasee, einem magischen Reiseziel voller Weihnachtszauber.","breadcrumb":{"@id":"https:\/\/www.domusrental.com\/blog\/de\/weihnachten-gardasee\/#breadcrumb"},"inLanguage":"de","potentialAction":[{"@type":"ReadAction","target":["https:\/\/www.domusrental.com\/blog\/de\/weihnachten-gardasee\/"]}]},{"@type":"ImageObject","inLanguage":"de","@id":"https:\/\/www.domusrental.com\/blog\/de\/weihnachten-gardasee\/#primaryimage","url":"https:\/\/www.domusrental.com\/blog\/wp-content\/uploads\/2024\/11\/Christmas-lake-garda.jpg","contentUrl":"https:\/\/www.domusrental.com\/blog\/wp-content\/uploads\/2024\/11\/Christmas-lake-garda.jpg","width":1920,"height":591,"caption":"Christmas lake garda"},{"@type":"BreadcrumbList","@id":"https:\/\/www.domusrental.com\/blog\/de\/weihnachten-gardasee\/#breadcrumb","itemListElement":[{"@type":"ListItem","position":1,"name":"Home","item":"https:\/\/www.domusrental.com\/blog\/de\/"},{"@type":"ListItem","position":2,"name":"Weihnachten am Gardasee: Ein festlicher italienischer Kurzurlaub"}]},{"@type":"WebSite","@id":"https:\/\/www.domusrental.com\/blog\/#website","url":"https:\/\/www.domusrental.com\/blog\/","name":"Domus Rental","description":"","publisher":{"@id":"https:\/\/www.domusrental.com\/blog\/#organization"},"potentialAction":[{"@type":"SearchAction","target":{"@type":"EntryPoint","urlTemplate":"https:\/\/www.domusrental.com\/blog\/?s={search_term_string}"},"query-input":{"@type":"PropertyValueSpecification","valueRequired":true,"valueName":"search_term_string"}}],"inLanguage":"de"},{"@type":"Organization","@id":"https:\/\/www.domusrental.com\/blog\/#organization","name":"Blog | Domus Rental","url":"https:\/\/www.domusrental.com\/blog\/","logo":{"@type":"ImageObject","inLanguage":"de","@id":"https:\/\/www.domusrental.com\/blog\/#\/schema\/logo\/image\/","url":"https:\/\/www.domusrental.com\/blog\/wp-content\/uploads\/2024\/04\/favicon.png","contentUrl":"https:\/\/www.domusrental.com\/blog\/wp-content\/uploads\/2024\/04\/favicon.png","width":298,"height":298,"caption":"Blog | Domus Rental"},"image":{"@id":"https:\/\/www.domusrental.com\/blog\/#\/schema\/logo\/image\/"},"sameAs":["https:\/\/www.facebook.com\/domusrental","https:\/\/x.com\/DomusRental"]},{"@type":"Person","@id":"https:\/\/www.domusrental.com\/blog\/#\/schema\/person\/4704eef53d63fc41b94477baca3572f8","name":"digitalservices","image":{"@type":"ImageObject","inLanguage":"de","@id":"https:\/\/secure.gravatar.com\/avatar\/af30f88a1904294c1f3eb09a9d7903eec4ffa18fa2cf40c28a8681014ecdfc20?s=96&d=mm&r=g","url":"https:\/\/secure.gravatar.com\/avatar\/af30f88a1904294c1f3eb09a9d7903eec4ffa18fa2cf40c28a8681014ecdfc20?s=96&d=mm&r=g","contentUrl":"https:\/\/secure.gravatar.com\/avatar\/af30f88a1904294c1f3eb09a9d7903eec4ffa18fa2cf40c28a8681014ecdfc20?s=96&d=mm&r=g","caption":"digitalservices"},"url":"https:\/\/www.domusrental.com\/blog\/de\/author\/digitalservices\/"}]}},"_links":{"self":[{"href":"https:\/\/www.domusrental.com\/blog\/de\/wp-json\/wp\/v2\/posts\/3005","targetHints":{"allow":["GET"]}}],"collection":[{"href":"https:\/\/www.domusrental.com\/blog\/de\/wp-json\/wp\/v2\/posts"}],"about":[{"href":"https:\/\/www.domusrental.com\/blog\/de\/wp-json\/wp\/v2\/types\/post"}],"author":[{"embeddable":true,"href":"https:\/\/www.domusrental.com\/blog\/de\/wp-json\/wp\/v2\/users\/2"}],"replies":[{"embeddable":true,"href":"https:\/\/www.domusrental.com\/blog\/de\/wp-json\/wp\/v2\/comments?post=3005"}],"version-history":[{"count":8,"href":"https:\/\/www.domusrental.com\/blog\/de\/wp-json\/wp\/v2\/posts\/3005\/revisions"}],"predecessor-version":[{"id":3013,"href":"https:\/\/www.domusrental.com\/blog\/de\/wp-json\/wp\/v2\/posts\/3005\/revisions\/3013"}],"wp:featuredmedia":[{"embeddable":true,"href":"https:\/\/www.domusrental.com\/blog\/de\/wp-json\/wp\/v2\/media\/2980"}],"wp:attachment":[{"href":"https:\/\/www.domusrental.com\/blog\/de\/wp-json\/wp\/v2\/media?parent=3005"}],"wp:term":[{"taxonomy":"category","embeddable":true,"href":"https:\/\/www.domusrental.com\/blog\/de\/wp-json\/wp\/v2\/categories?post=3005"},{"taxonomy":"post_tag","embeddable":true,"href":"https:\/\/www.domusrental.com\/blog\/de\/wp-json\/wp\/v2\/tags?post=3005"}],"curies":[{"name":"wp","href":"https:\/\/api.w.org\/{rel}","templated":true}]}}