{"id":347,"date":"2023-06-29T15:15:06","date_gmt":"2023-06-29T15:15:06","guid":{"rendered":"https:\/\/www.domusrental.com\/blog\/radweg-limone-sul-garda\/"},"modified":"2025-01-21T15:42:56","modified_gmt":"2025-01-21T15:42:56","slug":"radweg-limone-sul-garda","status":"publish","type":"post","link":"https:\/\/www.domusrental.com\/blog\/de\/radweg-limone-sul-garda\/","title":{"rendered":"Radweg Limone sul Garda"},"content":{"rendered":"\t\t<div data-elementor-type=\"wp-post\" data-elementor-id=\"347\" class=\"elementor elementor-347 elementor-187\" data-elementor-post-type=\"post\">\n\t\t\t\t\t\t<section class=\"elementor-section elementor-top-section elementor-element elementor-element-07476c8 elementor-section-boxed elementor-section-height-default elementor-section-height-default\" data-id=\"07476c8\" data-element_type=\"section\" data-e-type=\"section\">\n\t\t\t\t\t\t<div class=\"elementor-container elementor-column-gap-default\">\n\t\t\t\t\t<div class=\"elementor-column elementor-col-100 elementor-top-column elementor-element elementor-element-8f2f569\" data-id=\"8f2f569\" data-element_type=\"column\" data-e-type=\"column\">\n\t\t\t<div class=\"elementor-widget-wrap elementor-element-populated\">\n\t\t\t\t\t\t<div class=\"elementor-element elementor-element-0313da8 elementor-view-framed elementor-shape-circle elementor-widget elementor-widget-icon\" data-id=\"0313da8\" data-element_type=\"widget\" data-e-type=\"widget\" data-widget_type=\"icon.default\">\n\t\t\t\t<div class=\"elementor-widget-container\">\n\t\t\t\t\t\t\t<div class=\"elementor-icon-wrapper\">\n\t\t\t<div class=\"elementor-icon\">\n\t\t\t<i aria-hidden=\"true\" class=\"fas fa-bicycle\"><\/i>\t\t\t<\/div>\n\t\t<\/div>\n\t\t\t\t\t\t<\/div>\n\t\t\t\t<\/div>\n\t\t\t\t<div class=\"elementor-element elementor-element-c667cb9 elementor-widget elementor-widget-heading\" data-id=\"c667cb9\" data-element_type=\"widget\" data-e-type=\"widget\" data-widget_type=\"heading.default\">\n\t\t\t\t<div class=\"elementor-widget-container\">\n\t\t\t\t\t<h2 class=\"elementor-heading-title elementor-size-default\">Der Radweg Limone sul Garda: wie er entsteht\n<\/h2>\t\t\t\t<\/div>\n\t\t\t\t<\/div>\n\t\t\t\t<div class=\"elementor-element elementor-element-621bc2b elementor-widget elementor-widget-text-editor\" data-id=\"621bc2b\" data-element_type=\"widget\" data-e-type=\"widget\" data-widget_type=\"text-editor.default\">\n\t\t\t\t<div class=\"elementor-widget-container\">\n\t\t\t\t\t\t\t\t\t<p><span style=\"font-weight: 400;\">Der zweieinhalb Kilometer lange Gardasee-Radweg erstreckt sich zwischen den Orten Limone sul Garda und Capo Reamol und bietet den Besuchern auf der einen Seite einen spektakul\u00e4ren Blick auf den See und auf die beeindruckenden Berge auf der anderen Seite. Diese kurze Strecke ist Teil eines gr\u00f6\u00dferen Projekts, des Radweges des Gardasees, der sich \u00fcber etwa 140 Kilometer erstreckt und die wichtigsten Ortschaften am Seeufer verbindet.<\/span><\/p>\n<p><span style=\"font-weight: 400;\">Der 2018 eingeweihte Radweg des Gardasees ist eine wichtige touristische Infrastruktur, die es Radfahrern und Fu\u00dfg\u00e4ngern erm\u00f6glicht, die Natursch\u00f6nheiten und die eindrucksvollen Panoramen des Gardasees zu genie\u00dfen. Auf dem Weg k\u00f6nnen Sie das kristallklare Wasser des Sees, die Str\u00e4nde, die kleinen H\u00e4fen und die malerischen D\u00f6rfer an den Ufern bewundern.<\/span><\/p>\n<p><span style=\"font-weight: 400;\">Der Radweg von Limone del Garda wurde entwickelt, um<\/span> <b>maximale Sicherheit und Benutzerfreundlichkeit<\/b> zu gew\u00e4hrleisten.<span style=\"font-weight: 400;\">. Die Route ist durch spezielle Schilder abgegrenzt und von der Hauptstra\u00dfe getrennt, was mehr Ruhe und Sicherheit f\u00fcr Radfahrer und Fu\u00dfg\u00e4nger garantiert. Zudem tr\u00e4gt die Geschwindigkeitsbegrenzung von zehn Stundenkilometern dazu bei, Unf\u00e4lle zu vermeiden und unterwegs eine entspannte Atmosph\u00e4re zu bewahren.<\/span><\/p>\n\t\t\t\t\t\t\t\t<\/div>\n\t\t\t\t<\/div>\n\t\t\t\t\t<\/div>\n\t\t<\/div>\n\t\t\t\t\t<\/div>\n\t\t<\/section>\n\t\t\t\t<section class=\"elementor-section elementor-top-section elementor-element elementor-element-471028b elementor-section-boxed elementor-section-height-default elementor-section-height-default\" data-id=\"471028b\" data-element_type=\"section\" data-e-type=\"section\">\n\t\t\t\t\t\t<div class=\"elementor-container elementor-column-gap-default\">\n\t\t\t\t\t<div class=\"elementor-column elementor-col-66 elementor-top-column elementor-element elementor-element-b86b131\" data-id=\"b86b131\" data-element_type=\"column\" data-e-type=\"column\">\n\t\t\t<div class=\"elementor-widget-wrap elementor-element-populated\">\n\t\t\t\t\t\t<div class=\"elementor-element elementor-element-854a4e6 elementor-widget elementor-widget-heading\" data-id=\"854a4e6\" data-element_type=\"widget\" data-e-type=\"widget\" data-widget_type=\"heading.default\">\n\t\t\t\t<div class=\"elementor-widget-container\">\n\t\t\t\t\t<h2 class=\"elementor-heading-title elementor-size-default\">Wie kommt man zum Radweg<\/h2>\t\t\t\t<\/div>\n\t\t\t\t<\/div>\n\t\t\t\t<div class=\"elementor-element elementor-element-13ae8a5 elementor-widget elementor-widget-text-editor\" data-id=\"13ae8a5\" data-element_type=\"widget\" data-e-type=\"widget\" data-widget_type=\"text-editor.default\">\n\t\t\t\t<div class=\"elementor-widget-container\">\n\t\t\t\t\t\t\t\t\t<p><span style=\"font-weight: 400;\">F\u00fcr diejenigen, die den Radweg von Limone del Garda erkunden m\u00f6chten, ist es wichtig zu wissen, wie man einfach und bequem dorthin kommt. Limone sul Garda ist leicht mit dem Auto oder mit dem Bus von der nahe gelegenen Stadt Riva del Garda erreichbar. <\/span><\/p>\n<p><span style=\"font-weight: 400;\">Sobald Sie in Limone sul Garda angekommen sind, finden Sie verschiedene M\u00f6glichkeiten, um den Radweg zu erreichen. Wenn Sie bereits ein Fahrrad gemietet haben, k\u00f6nnen Sie einfach den Schildern zum Radweg folgen, der sich entlang der K\u00fcste des Sees befindet. Wenn Sie stattdessen brauchen<\/span><b> <\/b>Ein Fahrrad, <span style=\"font-weight: 400;\">finden Sie zahlreiche<\/span> <b>Fahrradverleih in Limone sul Garda<\/b><span style=\"font-weight: 400;\">Hier k\u00f6nnen Sie aus einer gro\u00dfen Auswahl an traditionellen Fahrr\u00e4dern oder E-Bikes w\u00e4hlen, die Ihren Vorlieben entsprechen. Stellen Sie sicher, dass Sie die richtige Ausr\u00fcstung wie Helm und bequeme Kleidung tragen, bevor Sie Ihre Reise auf dem Radweg beginnen.<\/span><\/p>\n\t\t\t\t\t\t\t\t<\/div>\n\t\t\t\t<\/div>\n\t\t\t\t\t<\/div>\n\t\t<\/div>\n\t\t\t\t<div class=\"elementor-column elementor-col-33 elementor-top-column elementor-element elementor-element-8125839\" data-id=\"8125839\" data-element_type=\"column\" data-e-type=\"column\">\n\t\t\t<div class=\"elementor-widget-wrap elementor-element-populated\">\n\t\t\t\t\t\t<div class=\"elementor-element elementor-element-2653a37 elementor-widget elementor-widget-google_maps\" data-id=\"2653a37\" data-element_type=\"widget\" data-e-type=\"widget\" data-widget_type=\"google_maps.default\">\n\t\t\t\t<div class=\"elementor-widget-container\">\n\t\t\t\t\t\t\t<div class=\"elementor-custom-embed\">\n\t\t\t<iframe loading=\"lazy\"\n\t\t\t\t\tsrc=\"https:\/\/maps.google.com\/maps?q=Via%20IV%20Novembre%20n%20%C2%B0%2025%2C%2025010%20Limone%20Sul%20Garda%20BS%2C%20Italia&#038;t=m&#038;z=10&#038;output=embed&#038;iwloc=near\"\n\t\t\t\t\ttitle=\"Via IV Novembre n \u00b0 25, 25010 Limone Sul Garda BS, Italia\"\n\t\t\t\t\taria-label=\"Via IV Novembre n \u00b0 25, 25010 Limone Sul Garda BS, Italia\"\n\t\t\t><\/iframe>\n\t\t<\/div>\n\t\t\t\t\t\t<\/div>\n\t\t\t\t<\/div>\n\t\t\t\t\t<\/div>\n\t\t<\/div>\n\t\t\t\t\t<\/div>\n\t\t<\/section>\n\t\t\t\t<section class=\"elementor-section elementor-top-section elementor-element elementor-element-56599a8 elementor-section-boxed elementor-section-height-default elementor-section-height-default\" data-id=\"56599a8\" data-element_type=\"section\" data-e-type=\"section\">\n\t\t\t\t\t\t<div class=\"elementor-container elementor-column-gap-default\">\n\t\t\t\t\t\t<\/div>\n\t\t<\/section>\n\t\t\t\t<section class=\"elementor-section elementor-top-section elementor-element elementor-element-2a369be elementor-section-boxed elementor-section-height-default elementor-section-height-default\" data-id=\"2a369be\" data-element_type=\"section\" data-e-type=\"section\">\n\t\t\t\t\t\t<div class=\"elementor-container elementor-column-gap-default\">\n\t\t\t\t\t<div class=\"elementor-column elementor-col-100 elementor-top-column elementor-element elementor-element-c23870f\" data-id=\"c23870f\" data-element_type=\"column\" data-e-type=\"column\">\n\t\t\t<div class=\"elementor-widget-wrap elementor-element-populated\">\n\t\t\t\t\t\t<div class=\"elementor-element elementor-element-800895c elementor-widget elementor-widget-heading\" data-id=\"800895c\" data-element_type=\"widget\" data-e-type=\"widget\" data-widget_type=\"heading.default\">\n\t\t\t\t<div class=\"elementor-widget-container\">\n\t\t\t\t\t<h2 class=\"elementor-heading-title elementor-size-default\">Limone sul Garda Fahrradverleih: n\u00fctzliche Tipps<\/h2>\t\t\t\t<\/div>\n\t\t\t\t<\/div>\n\t\t\t\t<div class=\"elementor-element elementor-element-92096fa elementor-widget elementor-widget-text-editor\" data-id=\"92096fa\" data-element_type=\"widget\" data-e-type=\"widget\" data-widget_type=\"text-editor.default\">\n\t\t\t\t<div class=\"elementor-widget-container\">\n\t\t\t\t\t\t\t\t\t<p><span style=\"font-weight: 400;\">Bevor Sie den Radweg von Limone del Garda entlang fahren, sollten Sie einige praktische Tipps beachten, um die Erfahrung optimal zu genie\u00dfen. \u00dcberpr\u00fcfen Sie zuerst den Status Ihrer gemieteten Fahrr\u00e4der oder E-Bikes, bevor Sie losfahren, um Unannehmlichkeiten auf der Strecke zu vermeiden. Au\u00dferdem ist es immer ratsam, eine <\/span><b>Wasserflasche und leichte Snacks<\/b> <span style=\"font-weight: 400;\">versorgen Sie w\u00e4hrend der Fahrt mit Feuchtigkeit und Nahrung.<\/span> <\/p>\n<p><span style=\"font-weight: 400;\">Der Radweg von Limone del Garda kann w\u00e4hrend der Hochsaison \u00fcberf\u00fcllt sein. Daher ist es ratsam, fr\u00fch am Morgen abzufahren oder sich f\u00fcr einen Besuch an Wochentagen zu entscheiden, um die Menschenmassen zu vermeiden. Vergessen Sie nicht, eine Karte oder Navigations-App mitzubringen, die Ihnen hilft, die Route zu verfolgen und die Sehensw\u00fcrdigkeiten auf dem Weg zu entdecken.<\/span><\/p>\n\t\t\t\t\t\t\t\t<\/div>\n\t\t\t\t<\/div>\n\t\t\t\t\t<\/div>\n\t\t<\/div>\n\t\t\t\t\t<\/div>\n\t\t<\/section>\n\t\t\t\t<section class=\"elementor-section elementor-top-section elementor-element elementor-element-1cde9be elementor-section-boxed elementor-section-height-default elementor-section-height-default\" data-id=\"1cde9be\" data-element_type=\"section\" data-e-type=\"section\">\n\t\t\t\t\t\t<div class=\"elementor-container elementor-column-gap-default\">\n\t\t\t\t\t<div class=\"elementor-column elementor-col-33 elementor-top-column elementor-element elementor-element-bb5eefa\" data-id=\"bb5eefa\" data-element_type=\"column\" data-e-type=\"column\">\n\t\t\t<div class=\"elementor-widget-wrap elementor-element-populated\">\n\t\t\t\t\t\t<div class=\"elementor-element elementor-element-2a9c1f1 elementor-widget elementor-widget-heading\" data-id=\"2a9c1f1\" data-element_type=\"widget\" data-e-type=\"widget\" data-widget_type=\"heading.default\">\n\t\t\t\t<div class=\"elementor-widget-container\">\n\t\t\t\t\t<h3 class=\"elementor-heading-title elementor-size-default\">Was in Limone sul Garda entlang der Strecke zu besuchen<\/h3>\t\t\t\t<\/div>\n\t\t\t\t<\/div>\n\t\t\t\t<div class=\"elementor-element elementor-element-0ece2f2 elementor-widget elementor-widget-text-editor\" data-id=\"0ece2f2\" data-element_type=\"widget\" data-e-type=\"widget\" data-widget_type=\"text-editor.default\">\n\t\t\t\t<div class=\"elementor-widget-container\">\n\t\t\t\t\t\t\t\t\t<p>Eine der Hauptattraktionen entlang des Radweges von Limone sul Garda ist sicherlich die wundersch\u00f6ne Naturlandschaft. Die Strecke schl\u00e4ngelt sich durch \u00fcppige W\u00e4lder, Olivenhaine und Weinberge und bietet einen spektakul\u00e4ren Blick auf den See und die umliegenden Berge. Radfahrer k\u00f6nnen einen entspannenden Spaziergang in der Natur genie\u00dfen, mit der M\u00f6glichkeit, entlang der Strecke anzuhalten, um eine Pause einzulegen und die atemberaubende Aussicht zu bewundern.<\/p>\n<p>Neben der nat\u00fcrlichen Sch\u00f6nheit bietet der Radweg von Limone sul Garda auch Zugang zu verschiedenen <b>Str\u00e4nden entlang des Sees<\/b>. Es gibt Stellen, an denen Sie von der Piste absteigen und das Ufer des Sees f\u00fcr ein erfrischendes Bad oder zum Sonnenbaden erreichen k\u00f6nnen. Diese Str\u00e4nde sind ideal zum Entspannen nach einer Fahrt oder f\u00fcr einen Zwischenstopp f\u00fcr ein Picknick mit Familie oder Freunden.<\/p>\n\t\t\t\t\t\t\t\t<\/div>\n\t\t\t\t<\/div>\n\t\t\t\t\t<\/div>\n\t\t<\/div>\n\t\t\t\t<div class=\"elementor-column elementor-col-33 elementor-top-column elementor-element elementor-element-4719e52\" data-id=\"4719e52\" data-element_type=\"column\" data-e-type=\"column\">\n\t\t\t<div class=\"elementor-widget-wrap elementor-element-populated\">\n\t\t\t\t\t\t<div class=\"elementor-element elementor-element-01e93ec elementor-widget elementor-widget-text-editor\" data-id=\"01e93ec\" data-element_type=\"widget\" data-e-type=\"widget\" data-widget_type=\"text-editor.default\">\n\t\t\t\t<div class=\"elementor-widget-container\">\n\t\t\t\t\t\t\t\t\t<p><br><\/p><p><br><\/p><p><span style=\"color: var( --e-global-color-text ); font-family: var( --e-global-typography-text-font-family ), Sans-serif; font-weight: var( --e-global-typography-text-font-weight ); background-color: transparent;\">Entlang des Radwegs finden Sie auch mehrere Restaurants und Caf\u00e9s, die k\u00f6stliche lokale Gerichte und erfrischende Getr\u00e4nke anbieten. Radfahrer k\u00f6nnen Halt machen, um italienische Spezialit\u00e4ten wie Pizza, frische Pasta und hausgemachtes Eis zu probieren. Diese Restaurants bieten auch einen Panoramablick auf den See, so dass Radfahrer eine Mahlzeit oder ein Getr\u00e4nk genie\u00dfen k\u00f6nnen, w\u00e4hrend sie die Landschaft bewundern.<\/span><br><\/p>\n<p>F\u00fcr diejenigen, die sich f\u00fcr Geschichte und Kultur interessieren, gibt es entlang des Radweges von Limone sul Garda auch einige kulturelle Sehensw\u00fcrdigkeiten. Sie k\u00f6nnen alte D\u00f6rfer und Burgen besuchen, die die Geschichte der Region erz\u00e4hlen. Zum Beispiel ist das historische Zentrum von Limone sul Garda ein faszinierender Ort mit gepflasterten Stra\u00dfen, bunten H\u00e4usern und kleinen Kirchen. Radfahrer k\u00f6nnen einen kurzen Abstecher von der Strecke machen, um diese Orte zu erkunden und in die lokale Tradition einzutauchen.<\/p>\t\t\t\t\t\t\t\t<\/div>\n\t\t\t\t<\/div>\n\t\t\t\t\t<\/div>\n\t\t<\/div>\n\t\t\t\t<div class=\"elementor-column elementor-col-33 elementor-top-column elementor-element elementor-element-e055f3d\" data-id=\"e055f3d\" data-element_type=\"column\" data-e-type=\"column\">\n\t\t\t<div class=\"elementor-widget-wrap elementor-element-populated\">\n\t\t\t\t\t\t<div class=\"elementor-element elementor-element-fc38073 elementor-widget__width-initial elementor-widget elementor-widget-image\" data-id=\"fc38073\" data-element_type=\"widget\" data-e-type=\"widget\" data-widget_type=\"image.default\">\n\t\t\t\t<div class=\"elementor-widget-container\">\n\t\t\t\t\t\t\t\t\t\t\t\t\t\t\t<img decoding=\"async\" src=\"https:\/\/www.domusrental.com\/blog\/wp-content\/uploads\/2023\/06\/iStock-1199508118-1.jpg\" title=\"The picturesque town of Limone sul Garda, on Lake Garda. Province of Brescia, Lombardia, Italy.\" alt=\"The picturesque town of Limone sul Garda, on Lake Garda. Province of Brescia, Lombardia, Italy.\" loading=\"lazy\" \/>\t\t\t\t\t\t\t\t\t\t\t\t\t\t\t<\/div>\n\t\t\t\t<\/div>\n\t\t\t\t<div class=\"elementor-element elementor-element-38133c0 elementor-widget elementor-widget-text-editor\" data-id=\"38133c0\" data-element_type=\"widget\" data-e-type=\"widget\" data-widget_type=\"text-editor.default\">\n\t\t\t\t<div class=\"elementor-widget-container\">\n\t\t\t\t\t\t\t\t\t<p><span style=\"color: var( --e-global-color-text ); font-family: var( --e-global-typography-text-font-family ), Sans-serif; font-weight: var( --e-global-typography-text-font-weight ); background-color: transparent;\">Sie k\u00f6nnten einen Zwischenstopp in Betracht ziehen, um die Altstadt zu erkunden,<\/span> <strong style=\"color: var( --e-global-color-text ); font-family: var( --e-global-typography-text-font-family ), Sans-serif; background-color: transparent;\">die Kirche von San Benedetto<\/strong> zu besuchen<span style=\"color: var( --e-global-color-text ); font-family: var( --e-global-typography-text-font-family ), Sans-serif; font-weight: var( --e-global-typography-text-font-weight ); background-color: transparent;\"> und ein hausgemachtes Eis genie\u00dfen. Diese barocke Kirche wurde im 18. Jahrhundert erbaut und besticht durch ihr pr\u00e4chtiges Inneres mit aufwendiger Dekoration und einem beeindruckenden Altar.<\/span><\/p>\n\t\t\t\t\t\t\t\t<\/div>\n\t\t\t\t<\/div>\n\t\t\t\t\t<\/div>\n\t\t<\/div>\n\t\t\t\t\t<\/div>\n\t\t<\/section>\n\t\t\t\t<section class=\"elementor-section elementor-top-section elementor-element elementor-element-77df9b1 elementor-section-boxed elementor-section-height-default elementor-section-height-default\" data-id=\"77df9b1\" data-element_type=\"section\" data-e-type=\"section\">\n\t\t\t\t\t\t<div class=\"elementor-container elementor-column-gap-default\">\n\t\t\t\t\t\t<\/div>\n\t\t<\/section>\n\t\t\t\t<section class=\"elementor-section elementor-top-section elementor-element elementor-element-e7faf1c elementor-section-boxed elementor-section-height-default elementor-section-height-default\" data-id=\"e7faf1c\" data-element_type=\"section\" data-e-type=\"section\">\n\t\t\t\t\t\t<div class=\"elementor-container elementor-column-gap-default\">\n\t\t\t\t\t\t<\/div>\n\t\t<\/section>\n\t\t\t\t<section class=\"elementor-section elementor-top-section elementor-element elementor-element-294bf3a elementor-section-boxed elementor-section-height-default elementor-section-height-default\" data-id=\"294bf3a\" data-element_type=\"section\" data-e-type=\"section\">\n\t\t\t\t\t\t<div class=\"elementor-container elementor-column-gap-default\">\n\t\t\t\t\t\t<\/div>\n\t\t<\/section>\n\t\t\t\t<section class=\"elementor-section elementor-top-section elementor-element elementor-element-b29a41d elementor-section-boxed elementor-section-height-default elementor-section-height-default\" data-id=\"b29a41d\" data-element_type=\"section\" data-e-type=\"section\">\n\t\t\t\t\t\t<div class=\"elementor-container elementor-column-gap-default\">\n\t\t\t\t\t\t<\/div>\n\t\t<\/section>\n\t\t\t\t<section class=\"elementor-section elementor-top-section elementor-element elementor-element-c8d86aa elementor-section-boxed elementor-section-height-default elementor-section-height-default\" data-id=\"c8d86aa\" data-element_type=\"section\" data-e-type=\"section\">\n\t\t\t\t\t\t<div class=\"elementor-container elementor-column-gap-default\">\n\t\t\t\t\t\t<\/div>\n\t\t<\/section>\n\t\t\t\t<section class=\"elementor-section elementor-top-section elementor-element elementor-element-21927eb elementor-section-boxed elementor-section-height-default elementor-section-height-default\" data-id=\"21927eb\" data-element_type=\"section\" data-e-type=\"section\">\n\t\t\t\t\t\t<div class=\"elementor-container elementor-column-gap-default\">\n\t\t\t\t\t\t<\/div>\n\t\t<\/section>\n\t\t\t\t<section class=\"elementor-section elementor-top-section elementor-element elementor-element-219dfd9 elementor-section-boxed elementor-section-height-default elementor-section-height-default\" data-id=\"219dfd9\" data-element_type=\"section\" data-e-type=\"section\">\n\t\t\t\t\t\t<div class=\"elementor-container elementor-column-gap-default\">\n\t\t\t\t\t\t<\/div>\n\t\t<\/section>\n\t\t\t\t<section class=\"elementor-section elementor-top-section elementor-element elementor-element-401451d elementor-section-boxed elementor-section-height-default elementor-section-height-default\" data-id=\"401451d\" data-element_type=\"section\" data-e-type=\"section\">\n\t\t\t\t\t\t<div class=\"elementor-container elementor-column-gap-default\">\n\t\t\t\t\t\t<\/div>\n\t\t<\/section>\n\t\t\t\t<section class=\"elementor-section elementor-top-section elementor-element elementor-element-20dccd4 elementor-section-boxed elementor-section-height-default elementor-section-height-default\" data-id=\"20dccd4\" data-element_type=\"section\" data-e-type=\"section\">\n\t\t\t\t\t\t<div class=\"elementor-container elementor-column-gap-default\">\n\t\t\t\t\t\t<\/div>\n\t\t<\/section>\n\t\t\t\t<section class=\"elementor-section elementor-top-section elementor-element elementor-element-e1b4e80 elementor-section-boxed elementor-section-height-default elementor-section-height-default\" data-id=\"e1b4e80\" data-element_type=\"section\" data-e-type=\"section\">\n\t\t\t\t\t\t<div class=\"elementor-container elementor-column-gap-default\">\n\t\t\t\t\t\t<\/div>\n\t\t<\/section>\n\t\t\t\t<section class=\"elementor-section elementor-top-section elementor-element elementor-element-c7176ad elementor-section-boxed elementor-section-height-default elementor-section-height-default\" data-id=\"c7176ad\" data-element_type=\"section\" data-e-type=\"section\">\n\t\t\t\t\t\t<div class=\"elementor-container elementor-column-gap-default\">\n\t\t\t\t\t\t<\/div>\n\t\t<\/section>\n\t\t\t\t<section class=\"elementor-section elementor-top-section elementor-element elementor-element-d0a1775 elementor-section-boxed elementor-section-height-default elementor-section-height-default\" data-id=\"d0a1775\" data-element_type=\"section\" data-e-type=\"section\">\n\t\t\t\t\t\t<div class=\"elementor-container elementor-column-gap-default\">\n\t\t\t\t\t\t<\/div>\n\t\t<\/section>\n\t\t\t\t<section class=\"elementor-section elementor-top-section elementor-element elementor-element-6434780 elementor-section-boxed elementor-section-height-default elementor-section-height-default\" data-id=\"6434780\" data-element_type=\"section\" data-e-type=\"section\">\n\t\t\t\t\t\t<div class=\"elementor-container elementor-column-gap-default\">\n\t\t\t\t\t<div class=\"elementor-column elementor-col-100 elementor-top-column elementor-element elementor-element-221418f\" data-id=\"221418f\" data-element_type=\"column\" data-e-type=\"column\">\n\t\t\t<div class=\"elementor-widget-wrap elementor-element-populated\">\n\t\t\t\t\t\t<div class=\"elementor-element elementor-element-6978ec0 elementor-widget elementor-widget-heading\" data-id=\"6978ec0\" data-element_type=\"widget\" data-e-type=\"widget\" data-widget_type=\"heading.default\">\n\t\t\t\t<div class=\"elementor-widget-container\">\n\t\t\t\t\t<h3 class=\"elementor-heading-title elementor-size-default\">Was man in Limone sul Garda sehen muss <\/h3>\t\t\t\t<\/div>\n\t\t\t\t<\/div>\n\t\t\t\t<div class=\"elementor-element elementor-element-cc2da85 elementor-widget elementor-widget-text-editor\" data-id=\"cc2da85\" data-element_type=\"widget\" data-e-type=\"widget\" data-widget_type=\"text-editor.default\">\n\t\t\t\t<div class=\"elementor-widget-container\">\n\t\t\t\t\t\t\t\t\t<p><span style=\"font-weight: 400;\">W\u00e4hrend Ihrer Reise auf dem Radweg von Limone del Garda haben Sie viele M\u00f6glichkeiten, die k\u00f6stliche lokale K\u00fcche zu genie\u00dfen. Entlang der Route finden Sie zahlreiche Restaurants, Trattorien und Kioske, die lokale Spezialit\u00e4ten und traditionelle Gerichte anbieten. Sie k\u00f6nnen Gerichte mit <\/span><b>Frischer Fisch<\/b><span style=\"font-weight: 400;\">, wie Forellen oder Felchen, begleitet von saisonalem Gem\u00fcse und nativem Oliven\u00f6l extra.<\/span> <span style=\"color: var( --e-global-color-text ); font-family: var( --e-global-typography-text-font-family ), Sans-serif; font-weight: var( --e-global-typography-text-font-weight ); background-color: transparent;\">Zitronen sind zu einem Symbol von Limone sul Garda und zu einer der wichtigsten Touristenattraktionen der Gegend geworden. Die Besucher k\u00f6nnen die <strong>historische Zitroneng\u00e4rten<\/strong> <\/span><span style=\"color: var( --e-global-color-text ); font-family: var( --e-global-typography-text-font-family ), Sans-serif; font-weight: var( --e-global-typography-text-font-weight ); background-color: transparent;\">Nehmen Sie an F\u00fchrungen teil, um mehr \u00fcber den Zitronenanbau zu erfahren und Zitronenprodukte zu probieren. Dar\u00fcber hinaus sind Zitronen oft in der lokalen Gastronomie vertreten und bereichern die Gerichte mit ihrem einzigartigen und erfrischenden Geschmack.<\/span><\/p><p>Sie k\u00f6nnen sich f\u00fcr ein Lunchpaket mit typischen Produkten wie K\u00e4se, Wurst und hausgemachtem Brot entscheiden, wenn Sie etwas Leichteres bevorzugen. Es gibt auch Eisdielen und Konditoreien, die hausgemachtes Eis und lokale S\u00fc\u00dfigkeiten anbieten. Nutzen Sie w\u00e4hrend Ihrer Reise diese kulinarischen Leckerbissen und genie\u00dfen Sie ein unvergessliches gastronomisches Erlebnis.<\/p>\t\t\t\t\t\t\t\t<\/div>\n\t\t\t\t<\/div>\n\t\t\t\t\t<\/div>\n\t\t<\/div>\n\t\t\t\t\t<\/div>\n\t\t<\/section>\n\t\t\t\t<section class=\"elementor-section elementor-top-section elementor-element elementor-element-fdcbeda elementor-section-boxed elementor-section-height-default elementor-section-height-default\" data-id=\"fdcbeda\" data-element_type=\"section\" data-e-type=\"section\">\n\t\t\t\t\t\t<div class=\"elementor-container elementor-column-gap-default\">\n\t\t\t\t\t<div class=\"elementor-column elementor-col-33 elementor-top-column elementor-element elementor-element-9e0e435\" data-id=\"9e0e435\" data-element_type=\"column\" data-e-type=\"column\">\n\t\t\t<div class=\"elementor-widget-wrap elementor-element-populated\">\n\t\t\t\t\t\t<div class=\"elementor-element elementor-element-fb2837c elementor-widget elementor-widget-image\" data-id=\"fb2837c\" data-element_type=\"widget\" data-e-type=\"widget\" data-widget_type=\"image.default\">\n\t\t\t\t<div class=\"elementor-widget-container\">\n\t\t\t\t\t\t\t\t\t\t\t\t\t\t\t<img fetchpriority=\"high\" decoding=\"async\" width=\"768\" height=\"512\" src=\"https:\/\/www.domusrental.com\/blog\/wp-content\/uploads\/2023\/06\/iStock-503706314-1-768x512.jpg\" class=\"attachment-medium_large size-medium_large wp-image-261\" alt=\"\" srcset=\"https:\/\/www.domusrental.com\/blog\/wp-content\/uploads\/2023\/06\/iStock-503706314-1-768x512.jpg 768w, https:\/\/www.domusrental.com\/blog\/wp-content\/uploads\/2023\/06\/iStock-503706314-1-1536x1024.jpg 1536w, https:\/\/www.domusrental.com\/blog\/wp-content\/uploads\/2023\/06\/iStock-503706314-1-2048x1365.jpg 2048w\" sizes=\"(max-width: 768px) 100vw, 768px\" \/>\t\t\t\t\t\t\t\t\t\t\t\t\t\t\t<\/div>\n\t\t\t\t<\/div>\n\t\t\t\t\t<\/div>\n\t\t<\/div>\n\t\t\t\t<div class=\"elementor-column elementor-col-33 elementor-top-column elementor-element elementor-element-fd2d6b5\" data-id=\"fd2d6b5\" data-element_type=\"column\" data-e-type=\"column\">\n\t\t\t<div class=\"elementor-widget-wrap elementor-element-populated\">\n\t\t\t\t\t\t<div class=\"elementor-element elementor-element-5804291 elementor-widget elementor-widget-image\" data-id=\"5804291\" data-element_type=\"widget\" data-e-type=\"widget\" data-widget_type=\"image.default\">\n\t\t\t\t<div class=\"elementor-widget-container\">\n\t\t\t\t\t\t\t\t\t\t\t\t\t\t\t<img decoding=\"async\" width=\"768\" height=\"512\" src=\"https:\/\/www.domusrental.com\/blog\/wp-content\/uploads\/2023\/06\/iStock-1131497526-2-768x512.jpg\" class=\"attachment-medium_large size-medium_large wp-image-258\" alt=\"\" srcset=\"https:\/\/www.domusrental.com\/blog\/wp-content\/uploads\/2023\/06\/iStock-1131497526-2-768x512.jpg 768w, https:\/\/www.domusrental.com\/blog\/wp-content\/uploads\/2023\/06\/iStock-1131497526-2.jpg 1254w\" sizes=\"(max-width: 768px) 100vw, 768px\" \/>\t\t\t\t\t\t\t\t\t\t\t\t\t\t\t<\/div>\n\t\t\t\t<\/div>\n\t\t\t\t\t<\/div>\n\t\t<\/div>\n\t\t\t\t<div class=\"elementor-column elementor-col-33 elementor-top-column elementor-element elementor-element-a521535\" data-id=\"a521535\" data-element_type=\"column\" data-e-type=\"column\">\n\t\t\t<div class=\"elementor-widget-wrap elementor-element-populated\">\n\t\t\t\t\t\t<div class=\"elementor-element elementor-element-8a08821 elementor-widget elementor-widget-image\" data-id=\"8a08821\" data-element_type=\"widget\" data-e-type=\"widget\" data-widget_type=\"image.default\">\n\t\t\t\t<div class=\"elementor-widget-container\">\n\t\t\t\t\t\t\t\t\t\t\t\t\t\t\t<img decoding=\"async\" width=\"768\" height=\"512\" src=\"https:\/\/www.domusrental.com\/blog\/wp-content\/uploads\/2023\/06\/iStock-459001509-2-768x512.jpg\" class=\"attachment-medium_large size-medium_large wp-image-252\" alt=\"\" srcset=\"https:\/\/www.domusrental.com\/blog\/wp-content\/uploads\/2023\/06\/iStock-459001509-2-768x512.jpg 768w, https:\/\/www.domusrental.com\/blog\/wp-content\/uploads\/2023\/06\/iStock-459001509-2.jpg 1254w\" sizes=\"(max-width: 768px) 100vw, 768px\" \/>\t\t\t\t\t\t\t\t\t\t\t\t\t\t\t<\/div>\n\t\t\t\t<\/div>\n\t\t\t\t\t<\/div>\n\t\t<\/div>\n\t\t\t\t\t<\/div>\n\t\t<\/section>\n\t\t\t\t<section class=\"elementor-section elementor-top-section elementor-element elementor-element-e909cb2 elementor-section-boxed elementor-section-height-default elementor-section-height-default\" data-id=\"e909cb2\" data-element_type=\"section\" data-e-type=\"section\">\n\t\t\t\t\t\t<div class=\"elementor-container elementor-column-gap-default\">\n\t\t\t\t\t\t<\/div>\n\t\t<\/section>\n\t\t\t\t<section class=\"elementor-section elementor-top-section elementor-element elementor-element-53e3093 elementor-section-boxed elementor-section-height-default elementor-section-height-default\" data-id=\"53e3093\" data-element_type=\"section\" data-e-type=\"section\">\n\t\t\t\t\t\t<div class=\"elementor-container elementor-column-gap-default\">\n\t\t\t\t\t\t<\/div>\n\t\t<\/section>\n\t\t\t\t<section class=\"elementor-section elementor-top-section elementor-element elementor-element-38108f2 elementor-section-boxed elementor-section-height-default elementor-section-height-default\" data-id=\"38108f2\" data-element_type=\"section\" data-e-type=\"section\">\n\t\t\t\t\t\t<div class=\"elementor-container elementor-column-gap-default\">\n\t\t\t\t\t\t<\/div>\n\t\t<\/section>\n\t\t\t\t<section class=\"elementor-section elementor-top-section elementor-element elementor-element-fc02cd8 elementor-section-boxed elementor-section-height-default elementor-section-height-default\" data-id=\"fc02cd8\" data-element_type=\"section\" data-e-type=\"section\">\n\t\t\t\t\t\t<div class=\"elementor-container elementor-column-gap-default\">\n\t\t\t\t\t\t<\/div>\n\t\t<\/section>\n\t\t\t\t<section class=\"elementor-section elementor-top-section elementor-element elementor-element-78e2863 elementor-section-boxed elementor-section-height-default elementor-section-height-default\" data-id=\"78e2863\" data-element_type=\"section\" data-e-type=\"section\">\n\t\t\t\t\t\t<div class=\"elementor-container elementor-column-gap-default\">\n\t\t\t\t\t\t<\/div>\n\t\t<\/section>\n\t\t\t\t<section class=\"elementor-section elementor-top-section elementor-element elementor-element-472bd88 elementor-section-boxed elementor-section-height-default elementor-section-height-default\" data-id=\"472bd88\" data-element_type=\"section\" data-e-type=\"section\">\n\t\t\t\t\t\t<div class=\"elementor-container elementor-column-gap-default\">\n\t\t\t\t\t\t<\/div>\n\t\t<\/section>\n\t\t\t\t<section class=\"elementor-section elementor-top-section elementor-element elementor-element-4453201 elementor-section-boxed elementor-section-height-default elementor-section-height-default\" data-id=\"4453201\" data-element_type=\"section\" data-e-type=\"section\">\n\t\t\t\t\t\t<div class=\"elementor-container elementor-column-gap-default\">\n\t\t\t\t\t<div class=\"elementor-column elementor-col-100 elementor-top-column elementor-element elementor-element-eed0e46\" data-id=\"eed0e46\" data-element_type=\"column\" data-e-type=\"column\">\n\t\t\t<div class=\"elementor-widget-wrap elementor-element-populated\">\n\t\t\t\t\t\t<div class=\"elementor-element elementor-element-87acf5f elementor-widget elementor-widget-heading\" data-id=\"87acf5f\" data-element_type=\"widget\" data-e-type=\"widget\" data-widget_type=\"heading.default\">\n\t\t\t\t<div class=\"elementor-widget-container\">\n\t\t\t\t\t<h2 class=\"elementor-heading-title elementor-size-default\">Unterk\u00fcnfte in Gardasee und Umgebung<\/h2>\t\t\t\t<\/div>\n\t\t\t\t<\/div>\n\t\t\t\t<div class=\"elementor-element elementor-element-9d009f6 elementor-widget elementor-widget-text-editor\" data-id=\"9d009f6\" data-element_type=\"widget\" data-e-type=\"widget\" data-widget_type=\"text-editor.default\">\n\t\t\t\t<div class=\"elementor-widget-container\">\n\t\t\t\t\t\t\t\t\t<p><span style=\"font-weight: 400;\">Wenn Sie Ihre Erfahrung auf dem Radweg von Limone del Garda verl\u00e4ngern m\u00f6chten, haben Sie verschiedene Unterkunftsm\u00f6glichkeiten in der N\u00e4he. Genie\u00dfen Sie eine gro\u00dfe Auswahl an Ferienh\u00e4usern, Apartments und <a href=\"https:\/\/www.domusrental.com\/de\/\">Villen am Gardasee<\/a>, die f\u00fcr jeden Geschmack und jedes Budget geeignet sind. Viele dieser Unterk\u00fcnfte sind nur eine kurze Fahrt vom Radweg entfernt, sodass Sie bequem zu Fu\u00df oder mit dem Fahrrad dorthin gelangen. Sie k\u00f6nnen sich f\u00fcr eine Unterkunft mit Blick auf den See entscheiden, wo Sie spektakul\u00e4re Ausblicke und hochwertige Dienstleistungen genie\u00dfen k\u00f6nnen. Wenn Sie eine intimere Atmosph\u00e4re bevorzugen, k\u00f6nnen Sie eine Villa mit Pool oder eine Ferienwohnung im historischen Zentrum von Limone sul Garda w\u00e4hlen und in die authentische Atmosph\u00e4re des Dorfes eintauchen.<\/span><\/p><p><b>Domus Rental<\/b> bietet eine Vielzahl von Unterk\u00fcnften mit Pool und Seeblick in vollem Komfort. Darunter:<\/p>\t\t\t\t\t\t\t\t<\/div>\n\t\t\t\t<\/div>\n\t\t\t\t\t<\/div>\n\t\t<\/div>\n\t\t\t\t\t<\/div>\n\t\t<\/section>\n\t\t\t\t<section class=\"elementor-section elementor-top-section elementor-element elementor-element-7150ddb elementor-section-boxed elementor-section-height-default elementor-section-height-default\" data-id=\"7150ddb\" data-element_type=\"section\" data-e-type=\"section\">\n\t\t\t\t\t\t<div class=\"elementor-container elementor-column-gap-default\">\n\t\t\t\t\t<div class=\"elementor-column elementor-col-25 elementor-top-column elementor-element elementor-element-fa195e5\" data-id=\"fa195e5\" data-element_type=\"column\" data-e-type=\"column\">\n\t\t\t<div class=\"elementor-widget-wrap elementor-element-populated\">\n\t\t\t\t\t\t<div class=\"elementor-element elementor-element-dc3a5ab elementor-cta--skin-cover elementor-cta--valign-bottom elementor-animated-content elementor-bg-transform elementor-bg-transform-zoom-in elementor-widget elementor-widget-call-to-action\" data-id=\"dc3a5ab\" data-element_type=\"widget\" data-e-type=\"widget\" data-widget_type=\"call-to-action.default\">\n\t\t\t\t<div class=\"elementor-widget-container\">\n\t\t\t\t\t\t\t<a class=\"elementor-cta\" href=\"https:\/\/www.domusrental.com\/de\/vermietung\/vermietungen-limone-sul-garda-d57253\/\">\n\t\t\t\t\t<div class=\"elementor-cta__bg-wrapper\">\n\t\t\t\t<div class=\"elementor-cta__bg elementor-bg\" style=\"background-image: url(https:\/\/www.domusrental.com\/blog\/wp-content\/uploads\/2023\/06\/iStock-1140153447.jpg);\" role=\"img\" aria-label=\"Panorama of Limone sul Garda, lake Garda, Italy in summer\"><\/div>\n\t\t\t\t<div class=\"elementor-cta__bg-overlay\"><\/div>\n\t\t\t<\/div>\n\t\t\t\t\t\t\t<div class=\"elementor-cta__content\">\n\t\t\t\t\n\t\t\t\t\t\t\t\t\t<h2 class=\"elementor-cta__title elementor-cta__content-item elementor-content-item elementor-animated-item--grow\">\n\t\t\t\t\t\tLimone sul Garda\t\t\t\t\t<\/h2>\n\t\t\t\t\n\t\t\t\t\t\t\t\t\t<div class=\"elementor-cta__description elementor-cta__content-item elementor-content-item elementor-animated-item--grow\">\n\t\t\t\t\t\t<p>Villen mit Pool Garda<\/p>\n\t\t\t\t\t<\/div>\n\t\t\t\t\n\t\t\t\t\t\t\t\t\t<div class=\"elementor-cta__button-wrapper elementor-cta__content-item elementor-content-item elementor-animated-item--grow\">\n\t\t\t\t\t<span class=\"elementor-cta__button elementor-button elementor-size-\">\n\t\t\t\t\t\tAnzeigen\t\t\t\t\t<\/span>\n\t\t\t\t\t<\/div>\n\t\t\t\t\t\t\t<\/div>\n\t\t\t\t\t\t<\/a>\n\t\t\t\t\t\t<\/div>\n\t\t\t\t<\/div>\n\t\t\t\t\t<\/div>\n\t\t<\/div>\n\t\t\t\t<div class=\"elementor-column elementor-col-25 elementor-top-column elementor-element elementor-element-9c89438\" data-id=\"9c89438\" data-element_type=\"column\" data-e-type=\"column\">\n\t\t\t<div class=\"elementor-widget-wrap elementor-element-populated\">\n\t\t\t\t\t\t<div class=\"elementor-element elementor-element-e13ca50 elementor-cta--skin-cover elementor-cta--valign-bottom elementor-animated-content elementor-bg-transform elementor-bg-transform-zoom-in elementor-widget elementor-widget-call-to-action\" data-id=\"e13ca50\" data-element_type=\"widget\" data-e-type=\"widget\" data-widget_type=\"call-to-action.default\">\n\t\t\t\t<div class=\"elementor-widget-container\">\n\t\t\t\t\t\t\t<a class=\"elementor-cta\" href=\"https:\/\/www.domusrental.com\/de\/vermietung\/vermietungen-malcesine-d66742\/\">\n\t\t\t\t\t<div class=\"elementor-cta__bg-wrapper\">\n\t\t\t\t<div class=\"elementor-cta__bg elementor-bg\" style=\"background-image: url(https:\/\/www.domusrental.com\/blog\/wp-content\/uploads\/2023\/06\/iStock-824016700.jpg);\" role=\"img\" aria-label=\"Travel and landmarks of Italy . Scenic lake Lago di Garda\"><\/div>\n\t\t\t\t<div class=\"elementor-cta__bg-overlay\"><\/div>\n\t\t\t<\/div>\n\t\t\t\t\t\t\t<div class=\"elementor-cta__content\">\n\t\t\t\t\n\t\t\t\t\t\t\t\t\t<h2 class=\"elementor-cta__title elementor-cta__content-item elementor-content-item elementor-animated-item--grow\">\n\t\t\t\t\t\tMalcesine\t\t\t\t\t<\/h2>\n\t\t\t\t\n\t\t\t\t\t\t\t\t\t<div class=\"elementor-cta__description elementor-cta__content-item elementor-content-item elementor-animated-item--grow\">\n\t\t\t\t\t\t<p>Ferienwohnungen in Malcesine f\u00fcr Ihren Urlaub<\/p>\n\t\t\t\t\t<\/div>\n\t\t\t\t\n\t\t\t\t\t\t\t\t\t<div class=\"elementor-cta__button-wrapper elementor-cta__content-item elementor-content-item elementor-animated-item--grow\">\n\t\t\t\t\t<span class=\"elementor-cta__button elementor-button elementor-size-\">\n\t\t\t\t\t\tAnzeigen\t\t\t\t\t<\/span>\n\t\t\t\t\t<\/div>\n\t\t\t\t\t\t\t<\/div>\n\t\t\t\t\t\t<\/a>\n\t\t\t\t\t\t<\/div>\n\t\t\t\t<\/div>\n\t\t\t\t\t<\/div>\n\t\t<\/div>\n\t\t\t\t<div class=\"elementor-column elementor-col-25 elementor-top-column elementor-element elementor-element-cc150cc\" data-id=\"cc150cc\" data-element_type=\"column\" data-e-type=\"column\">\n\t\t\t<div class=\"elementor-widget-wrap elementor-element-populated\">\n\t\t\t\t\t\t<div class=\"elementor-element elementor-element-1e345ee elementor-cta--skin-cover elementor-cta--valign-bottom elementor-animated-content elementor-bg-transform elementor-bg-transform-zoom-in elementor-widget elementor-widget-call-to-action\" data-id=\"1e345ee\" data-element_type=\"widget\" data-e-type=\"widget\" data-widget_type=\"call-to-action.default\">\n\t\t\t\t<div class=\"elementor-widget-container\">\n\t\t\t\t\t\t\t<a class=\"elementor-cta\" href=\"https:\/\/www.domusrental.com\/de\/vermietung\/vermietungen-costermano-d66701\/\">\n\t\t\t\t\t<div class=\"elementor-cta__bg-wrapper\">\n\t\t\t\t<div class=\"elementor-cta__bg elementor-bg\" style=\"background-image: url(https:\/\/www.domusrental.com\/blog\/wp-content\/uploads\/2023\/06\/iStock-1383408211.jpg);\" role=\"img\" aria-label=\"costermano\"><\/div>\n\t\t\t\t<div class=\"elementor-cta__bg-overlay\"><\/div>\n\t\t\t<\/div>\n\t\t\t\t\t\t\t<div class=\"elementor-cta__content\">\n\t\t\t\t\n\t\t\t\t\t\t\t\t\t<h2 class=\"elementor-cta__title elementor-cta__content-item elementor-content-item elementor-animated-item--grow\">\n\t\t\t\t\t\tCostermano\t\t\t\t\t<\/h2>\n\t\t\t\t\n\t\t\t\t\t\t\t\t\t<div class=\"elementor-cta__description elementor-cta__content-item elementor-content-item elementor-animated-item--grow\">\n\t\t\t\t\t\t<p>Ferienwohnungen in Costermano sul Garda<\/p>\n\t\t\t\t\t<\/div>\n\t\t\t\t\n\t\t\t\t\t\t\t\t\t<div class=\"elementor-cta__button-wrapper elementor-cta__content-item elementor-content-item elementor-animated-item--grow\">\n\t\t\t\t\t<span class=\"elementor-cta__button elementor-button elementor-size-\">\n\t\t\t\t\t\tAnzeigen\t\t\t\t\t<\/span>\n\t\t\t\t\t<\/div>\n\t\t\t\t\t\t\t<\/div>\n\t\t\t\t\t\t<\/a>\n\t\t\t\t\t\t<\/div>\n\t\t\t\t<\/div>\n\t\t\t\t\t<\/div>\n\t\t<\/div>\n\t\t\t\t<div class=\"elementor-column elementor-col-25 elementor-top-column elementor-element elementor-element-978a6cf\" data-id=\"978a6cf\" data-element_type=\"column\" data-e-type=\"column\">\n\t\t\t<div class=\"elementor-widget-wrap elementor-element-populated\">\n\t\t\t\t\t\t<div class=\"elementor-element elementor-element-1267fb5 elementor-cta--skin-cover elementor-cta--valign-bottom elementor-animated-content elementor-bg-transform elementor-bg-transform-zoom-in elementor-widget elementor-widget-call-to-action\" data-id=\"1267fb5\" data-element_type=\"widget\" data-e-type=\"widget\" data-widget_type=\"call-to-action.default\">\n\t\t\t\t<div class=\"elementor-widget-container\">\n\t\t\t\t\t\t\t<a class=\"elementor-cta\" href=\"https:\/\/www.domusrental.com\/de\/vermietung\/vermietungen-torri-del-benaco-d66838\/\">\n\t\t\t\t\t<div class=\"elementor-cta__bg-wrapper\">\n\t\t\t\t<div class=\"elementor-cta__bg elementor-bg\" style=\"background-image: url(https:\/\/www.domusrental.com\/blog\/wp-content\/uploads\/2023\/06\/iStock-1288476929.jpg);\" role=\"img\" aria-label=\"Torri Del Benaco, Lake Garda, Italy - September 2018:  Two people walking on the side of the small harbour in Torri del Benaco  on Lake Garda\"><\/div>\n\t\t\t\t<div class=\"elementor-cta__bg-overlay\"><\/div>\n\t\t\t<\/div>\n\t\t\t\t\t\t\t<div class=\"elementor-cta__content\">\n\t\t\t\t\n\t\t\t\t\t\t\t\t\t<h2 class=\"elementor-cta__title elementor-cta__content-item elementor-content-item elementor-animated-item--grow\">\n\t\t\t\t\t\tTorri del Benaco\t\t\t\t\t<\/h2>\n\t\t\t\t\n\t\t\t\t\t\t\t\t\t<div class=\"elementor-cta__description elementor-cta__content-item elementor-content-item elementor-animated-item--grow\">\n\t\t\t\t\t\t<p>Villa mit Seeblick Torri del Benaco<\/p>\n\t\t\t\t\t<\/div>\n\t\t\t\t\n\t\t\t\t\t\t\t\t\t<div class=\"elementor-cta__button-wrapper elementor-cta__content-item elementor-content-item elementor-animated-item--grow\">\n\t\t\t\t\t<span class=\"elementor-cta__button elementor-button elementor-size-\">\n\t\t\t\t\t\tAnzeigen\t\t\t\t\t<\/span>\n\t\t\t\t\t<\/div>\n\t\t\t\t\t\t\t<\/div>\n\t\t\t\t\t\t<\/a>\n\t\t\t\t\t\t<\/div>\n\t\t\t\t<\/div>\n\t\t\t\t\t<\/div>\n\t\t<\/div>\n\t\t\t\t\t<\/div>\n\t\t<\/section>\n\t\t\t\t<section class=\"elementor-section elementor-top-section elementor-element elementor-element-1237eb7 elementor-section-boxed elementor-section-height-default elementor-section-height-default\" data-id=\"1237eb7\" data-element_type=\"section\" data-e-type=\"section\">\n\t\t\t\t\t\t<div class=\"elementor-container elementor-column-gap-default\">\n\t\t\t\t\t<div class=\"elementor-column elementor-col-100 elementor-top-column elementor-element elementor-element-7535a9c\" data-id=\"7535a9c\" data-element_type=\"column\" data-e-type=\"column\">\n\t\t\t<div class=\"elementor-widget-wrap elementor-element-populated\">\n\t\t\t\t\t\t<div class=\"elementor-element elementor-element-f692ad3 elementor-widget elementor-widget-heading\" data-id=\"f692ad3\" data-element_type=\"widget\" data-e-type=\"widget\" data-widget_type=\"heading.default\">\n\t\t\t\t<div class=\"elementor-widget-container\">\n\t\t\t\t\t<h3 class=\"elementor-heading-title elementor-size-default\"><a href=\"http:\/\/Via%20IV%20Novembre,%2025010%20Limone%20sul%20Garda%20BS,%20Italia\">Bereit, los, los...<\/a><\/h3>\t\t\t\t<\/div>\n\t\t\t\t<\/div>\n\t\t\t\t<div class=\"elementor-element elementor-element-ff064a8 elementor-widget elementor-widget-text-editor\" data-id=\"ff064a8\" data-element_type=\"widget\" data-e-type=\"widget\" data-widget_type=\"text-editor.default\">\n\t\t\t\t<div class=\"elementor-widget-container\">\n\t\t\t\t\t\t\t\t\t<p><span style=\"font-weight: 400;\">Der Radweg von Limone del Garda bietet ein au\u00dfergew\u00f6hnliches Erlebnis f\u00fcr Naturliebhaber und Outdoor-Sportler. Mit dem Limone sul Garda Fahrradverleih ist es einfach, den Radweg autonom und unterhaltsam zu erkunden. Wenn Sie die n\u00fctzlichen Tipps befolgen, k\u00f6nnen Sie die Strecke in vollen Z\u00fcgen genie\u00dfen und unterwegs die Natursch\u00f6nheiten und Sehensw\u00fcrdigkeiten entdecken. Vergessen Sie nicht, Ihre Route nach den gew\u00fcnschten Sehensw\u00fcrdigkeiten zu planen und eine gem\u00fctliche und komfortable Unterkunft zu buchen, um sich nach einem Tag auf dem Fahrrad auszuruhen. Genie\u00dfen Sie die lokale K\u00fcche auf dem Radweg, probieren Sie traditionelle Gerichte und genie\u00dfen Sie ein Glas Wein, w\u00e4hrend Sie das herrliche Panorama des Gardasees bewundern.<\/span><\/p>\n<p><span style=\"font-weight: 400;\">Der Radweg von Limone del Garda ist auch ein idealer Ort, um sich einfach zu entspannen und die<\/span> <b>Ruhe und Sch\u00f6nheit der Landschaft<\/b> zu genie\u00dfen<span style=\"font-weight: 400;\">. Sie k\u00f6nnen auf einer Bank entlang der Strecke sitzen und den See und die umliegenden Berge bewundern, w\u00e4hrend Sie sich von der Ruhe und Gelassenheit, die dieses Reiseziel charakterisieren, einh\u00fcllen lassen.<\/span><\/p>\n\t\t\t\t\t\t\t\t<\/div>\n\t\t\t\t<\/div>\n\t\t\t\t\t<\/div>\n\t\t<\/div>\n\t\t\t\t\t<\/div>\n\t\t<\/section>\n\t\t\t\t<section class=\"elementor-section elementor-top-section elementor-element elementor-element-ae46ce0 elementor-section-boxed elementor-section-height-default elementor-section-height-default\" data-id=\"ae46ce0\" data-element_type=\"section\" data-e-type=\"section\">\n\t\t\t\t\t\t<div class=\"elementor-container elementor-column-gap-default\">\n\t\t\t\t\t<div class=\"elementor-column elementor-col-100 elementor-top-column elementor-element elementor-element-3fb6fdc\" data-id=\"3fb6fdc\" data-element_type=\"column\" data-e-type=\"column\">\n\t\t\t<div class=\"elementor-widget-wrap elementor-element-populated\">\n\t\t\t\t\t\t<div class=\"elementor-element elementor-element-78b1bba elementor-view-framed elementor-shape-circle elementor-widget elementor-widget-icon\" data-id=\"78b1bba\" data-element_type=\"widget\" data-e-type=\"widget\" data-widget_type=\"icon.default\">\n\t\t\t\t<div class=\"elementor-widget-container\">\n\t\t\t\t\t\t\t<div class=\"elementor-icon-wrapper\">\n\t\t\t<div class=\"elementor-icon\">\n\t\t\t<i aria-hidden=\"true\" class=\"fas fa-walking\"><\/i>\t\t\t<\/div>\n\t\t<\/div>\n\t\t\t\t\t\t<\/div>\n\t\t\t\t<\/div>\n\t\t\t\t\t<\/div>\n\t\t<\/div>\n\t\t\t\t\t<\/div>\n\t\t<\/section>\n\t\t\t\t<section class=\"elementor-section elementor-top-section elementor-element elementor-element-8ce8f56 elementor-section-boxed elementor-section-height-default elementor-section-height-default\" data-id=\"8ce8f56\" data-element_type=\"section\" data-e-type=\"section\">\n\t\t\t\t\t\t<div class=\"elementor-container elementor-column-gap-default\">\n\t\t\t\t\t<div class=\"elementor-column elementor-col-100 elementor-top-column elementor-element elementor-element-0e687c3\" data-id=\"0e687c3\" data-element_type=\"column\" data-e-type=\"column\">\n\t\t\t<div class=\"elementor-widget-wrap elementor-element-populated\">\n\t\t\t\t\t\t<div class=\"elementor-element elementor-element-4054d07 elementor-widget__width-initial elementor-widget elementor-widget-heading\" data-id=\"4054d07\" data-element_type=\"widget\" data-e-type=\"widget\" data-widget_type=\"heading.default\">\n\t\t\t\t<div class=\"elementor-widget-container\">\n\t\t\t\t\t<h2 class=\"elementor-heading-title elementor-size-default\">Fahrradweg Limone sul Garda<\/h2>\t\t\t\t<\/div>\n\t\t\t\t<\/div>\n\t\t\t\t\t<\/div>\n\t\t<\/div>\n\t\t\t\t\t<\/div>\n\t\t<\/section>\n\t\t\t\t<section class=\"elementor-section elementor-top-section elementor-element elementor-element-5567967 elementor-section-boxed elementor-section-height-default elementor-section-height-default\" data-id=\"5567967\" data-element_type=\"section\" data-e-type=\"section\">\n\t\t\t\t\t\t<div class=\"elementor-container elementor-column-gap-default\">\n\t\t\t\t\t<div class=\"elementor-column elementor-col-100 elementor-top-column elementor-element elementor-element-1538719\" data-id=\"1538719\" data-element_type=\"column\" data-e-type=\"column\">\n\t\t\t<div class=\"elementor-widget-wrap elementor-element-populated\">\n\t\t\t\t\t\t<div class=\"elementor-element elementor-element-eea68f5 elementor-widget elementor-widget-text-editor\" data-id=\"eea68f5\" data-element_type=\"widget\" data-e-type=\"widget\" data-widget_type=\"text-editor.default\">\n\t\t\t\t<div class=\"elementor-widget-container\">\n\t\t\t\t\t\t\t\t\t<p>Limone sul Garda bietet auch einen sch\u00f6nen Fu\u00dfweg, der sich entlang des Seeufers erstreckt und den Besuchern einen angenehmen Spaziergang mit spektakul\u00e4ren Ausblicken erm\u00f6glicht. Der Fu\u00dfweg folgt dem Radweg von Limone sul Garda und bietet die M\u00f6glichkeit, die Gegend zu Fu\u00df zu erkunden, ohne den Verkehr zu st\u00f6ren. Hier einige Informationen zum Fussweg Limone sul Garda:<\/p>\n<p>Der Fu\u00dfg\u00e4ngerweg von Limone sul Garda ist gut ausgeschildert und <b>leicht zug\u00e4nglich.<\/b> Sie beginnt im Stadtzentrum und erstreckt sich entlang des Seeufers in beide Richtungen. Sie k\u00f6nnen die Strecke in n\u00f6rdlicher Richtung nach Riva del Garda oder in s\u00fcdlicher Richtung nach Malcesine nehmen, je nach Ihren Vorlieben.<\/p>\n<p>Bei einem Spaziergang entlang der Fu\u00dfg\u00e4ngerzone k\u00f6nnen Sie den kobaltblauen See, die umliegenden Berge und die malerischen Naturlandschaften bewundern. Entlang des Weges finden Sie auch mehrere \u00f6ffentliche Str\u00e4nde und Strandb\u00e4der, wo Sie eine Pause machen und sich entspannen k\u00f6nnen.<\/p>\n\t\t\t\t\t\t\t\t<\/div>\n\t\t\t\t<\/div>\n\t\t\t\t<div class=\"elementor-element elementor-element-4b94c1c elementor-widget elementor-widget-image\" data-id=\"4b94c1c\" data-element_type=\"widget\" data-e-type=\"widget\" data-widget_type=\"image.default\">\n\t\t\t\t<div class=\"elementor-widget-container\">\n\t\t\t\t\t\t\t\t\t\t\t\t\t\t\t<img loading=\"lazy\" decoding=\"async\" width=\"788\" height=\"443\" src=\"https:\/\/www.domusrental.com\/blog\/wp-content\/uploads\/2023\/06\/iStock-1437005534.jpg\" class=\"attachment-1536x1536 size-1536x1536 wp-image-294\" alt=\"\" srcset=\"https:\/\/www.domusrental.com\/blog\/wp-content\/uploads\/2023\/06\/iStock-1437005534.jpg 788w, https:\/\/www.domusrental.com\/blog\/wp-content\/uploads\/2023\/06\/iStock-1437005534-768x432.jpg 768w\" sizes=\"(max-width: 788px) 100vw, 788px\" \/>\t\t\t\t\t\t\t\t\t\t\t\t\t\t\t<\/div>\n\t\t\t\t<\/div>\n\t\t\t\t\t<\/div>\n\t\t<\/div>\n\t\t\t\t\t<\/div>\n\t\t<\/section>\n\t\t\t\t<section class=\"elementor-section elementor-top-section elementor-element elementor-element-43a3818 elementor-section-boxed elementor-section-height-default elementor-section-height-default\" data-id=\"43a3818\" data-element_type=\"section\" data-e-type=\"section\">\n\t\t\t\t\t\t<div class=\"elementor-container elementor-column-gap-default\">\n\t\t\t\t\t<div class=\"elementor-column elementor-col-100 elementor-top-column elementor-element elementor-element-7c5ecb3\" data-id=\"7c5ecb3\" data-element_type=\"column\" data-e-type=\"column\">\n\t\t\t<div class=\"elementor-widget-wrap elementor-element-populated\">\n\t\t\t\t\t\t<div class=\"elementor-element elementor-element-b9e6a67 elementor-widget elementor-widget-text-editor\" data-id=\"b9e6a67\" data-element_type=\"widget\" data-e-type=\"widget\" data-widget_type=\"text-editor.default\">\n\t\t\t\t<div class=\"elementor-widget-container\">\n\t\t\t\t\t\t\t\t\t<p>Der Fu\u00dfweg ist gut gepflegt und bietet ein flaches und zug\u00e4ngliches Gel\u00e4nde, wodurch er f\u00fcr Menschen jeden Alters und aller F\u00e4higkeiten geeignet ist. Es ist eine gro\u00dfartige Gelegenheit, Zeit im Freien zu verbringen, einen ruhigen Spaziergang zu machen, zu joggen oder einfach nur den Panoramablick zu genie\u00dfen.<\/p>\n<p>Entlang der Fu\u00dfg\u00e4ngerzone von Limone sul Garda finden Sie auch Restaurants, Bars und Caf\u00e9s, in denen Sie einen Drink oder einen Snack genie\u00dfen k\u00f6nnen. Diese Orte bieten eine angenehme Atmosph\u00e4re und bieten oft Blick auf den See, so dass Sie eine erfrischende Pause genie\u00dfen k\u00f6nnen, w\u00e4hrend Sie die Aussicht bewundern.<\/p>\n<p>W\u00e4hrend der Sommersaison kann die Fu\u00dfg\u00e4ngerzone besonders am Wochenende \u00fcberf\u00fcllt sein. Wenn Sie einen <b>ruhigeren Spaziergang<\/b> bevorzugen, k\u00f6nnen Sie die Gegend an Wochentagen oder zu weniger besuchten Tageszeiten besuchen.<\/p>\n<p>Im Allgemeinen bietet der Fu\u00dfg\u00e4ngerweg von Limone sul Garda ein bezauberndes Erlebnis f\u00fcr Naturliebhaber und diejenigen, die den See zu Fu\u00df erkunden m\u00f6chten. Ich empfehle Ihnen, bequeme Schuhe zu tragen und Wasser und Sonnenschutz mitzunehmen, um den Spaziergang entlang dieser sch\u00f6nen Fu\u00dfg\u00e4ngerzone in vollen Z\u00fcgen zu genie\u00dfen.<\/p>\n\t\t\t\t\t\t\t\t<\/div>\n\t\t\t\t<\/div>\n\t\t\t\t\t<\/div>\n\t\t<\/div>\n\t\t\t\t\t<\/div>\n\t\t<\/section>\n\t\t\t\t<\/div>\n\t\t","protected":false},"excerpt":{"rendered":"<p>Der Radweg Limone sul Garda: wie er entsteht Der zweieinhalb Kilometer lange Gardasee-Radweg erstreckt sich zwischen den Orten Limone sul Garda und Capo Reamol und bietet den Besuchern auf der einen Seite einen spektakul\u00e4ren Blick auf den See und auf die beeindruckenden Berge auf der anderen Seite. Diese kurze Strecke ist Teil eines gr\u00f6\u00dferen Projekts, [&hellip;]<\/p>\n","protected":false},"author":2,"featured_media":191,"comment_status":"open","ping_status":"closed","sticky":false,"template":"","format":"standard","meta":{"footnotes":""},"categories":[62],"tags":[],"class_list":["post-347","post","type-post","status-publish","format-standard","has-post-thumbnail","hentry","category-erfahrungen-gardasee"],"yoast_head":"<!-- This site is optimized with the Yoast SEO plugin v27.4 - https:\/\/yoast.com\/product\/yoast-seo-wordpress\/ -->\n<title>Radweg Limone sul Garda<\/title>\n<meta name=\"description\" content=\"Radweg in Limone di Garda: Anreise, Aktivit\u00e4ten, Essen und Schlafen. N\u00fctzliche Tipps f\u00fcr Ihren Urlaub am Gardasee\" \/>\n<meta name=\"robots\" content=\"index, follow, max-snippet:-1, max-image-preview:large, max-video-preview:-1\" \/>\n<link rel=\"canonical\" href=\"https:\/\/www.domusrental.com\/blog\/it\/pista-ciclabile-limone-sul-garda\/\" \/>\n<meta property=\"og:locale\" content=\"de_DE\" \/>\n<meta property=\"og:type\" content=\"article\" \/>\n<meta property=\"og:title\" content=\"Radweg Limone sul Garda\" \/>\n<meta property=\"og:description\" content=\"Radweg in Limone di Garda: Anreise, Aktivit\u00e4ten, Essen und Schlafen. N\u00fctzliche Tipps f\u00fcr Ihren Urlaub am Gardasee\" \/>\n<meta property=\"og:url\" content=\"https:\/\/www.domusrental.com\/blog\/it\/pista-ciclabile-limone-sul-garda\/\" \/>\n<meta property=\"og:site_name\" content=\"Blog | Domus Rental\" \/>\n<meta property=\"article:publisher\" content=\"https:\/\/www.facebook.com\/domusrental\" \/>\n<meta property=\"article:published_time\" content=\"2023-06-29T15:15:06+00:00\" \/>\n<meta property=\"article:modified_time\" content=\"2025-01-21T15:42:56+00:00\" \/>\n<meta property=\"og:image\" content=\"https:\/\/www.domusrental.com\/blog\/wp-content\/uploads\/2023\/06\/iStock-1352524979.jpg\" \/>\n\t<meta property=\"og:image:width\" content=\"1255\" \/>\n\t<meta property=\"og:image:height\" content=\"835\" \/>\n\t<meta property=\"og:image:type\" content=\"image\/jpeg\" \/>\n<meta name=\"author\" content=\"digitalservices\" \/>\n<meta name=\"twitter:card\" content=\"summary_large_image\" \/>\n<meta name=\"twitter:creator\" content=\"@DomusRental\" \/>\n<meta name=\"twitter:site\" content=\"@DomusRental\" \/>\n<meta name=\"twitter:label1\" content=\"Verfasst von\" \/>\n\t<meta name=\"twitter:data1\" content=\"digitalservices\" \/>\n\t<meta name=\"twitter:label2\" content=\"Gesch\u00e4tzte Lesezeit\" \/>\n\t<meta name=\"twitter:data2\" content=\"9\u00a0Minuten\" \/>\n<script type=\"application\/ld+json\" class=\"yoast-schema-graph\">{\"@context\":\"https:\\\/\\\/schema.org\",\"@graph\":[{\"@type\":\"Article\",\"@id\":\"https:\\\/\\\/www.domusrental.com\\\/blog\\\/it\\\/pista-ciclabile-limone-sul-garda\\\/#article\",\"isPartOf\":{\"@id\":\"https:\\\/\\\/www.domusrental.com\\\/blog\\\/it\\\/pista-ciclabile-limone-sul-garda\\\/\"},\"author\":{\"name\":\"digitalservices\",\"@id\":\"https:\\\/\\\/www.domusrental.com\\\/blog\\\/#\\\/schema\\\/person\\\/4704eef53d63fc41b94477baca3572f8\"},\"headline\":\"Radweg Limone sul Garda\",\"datePublished\":\"2023-06-29T15:15:06+00:00\",\"dateModified\":\"2025-01-21T15:42:56+00:00\",\"mainEntityOfPage\":{\"@id\":\"https:\\\/\\\/www.domusrental.com\\\/blog\\\/it\\\/pista-ciclabile-limone-sul-garda\\\/\"},\"wordCount\":1769,\"commentCount\":0,\"publisher\":{\"@id\":\"https:\\\/\\\/www.domusrental.com\\\/blog\\\/#organization\"},\"image\":{\"@id\":\"https:\\\/\\\/www.domusrental.com\\\/blog\\\/it\\\/pista-ciclabile-limone-sul-garda\\\/#primaryimage\"},\"thumbnailUrl\":\"https:\\\/\\\/www.domusrental.com\\\/blog\\\/wp-content\\\/uploads\\\/2023\\\/06\\\/iStock-1352524979.jpg\",\"articleSection\":[\"Erfahrungen\"],\"inLanguage\":\"de\",\"potentialAction\":[{\"@type\":\"CommentAction\",\"name\":\"Comment\",\"target\":[\"https:\\\/\\\/www.domusrental.com\\\/blog\\\/it\\\/pista-ciclabile-limone-sul-garda\\\/#respond\"]}]},{\"@type\":\"WebPage\",\"@id\":\"https:\\\/\\\/www.domusrental.com\\\/blog\\\/it\\\/pista-ciclabile-limone-sul-garda\\\/\",\"url\":\"https:\\\/\\\/www.domusrental.com\\\/blog\\\/it\\\/pista-ciclabile-limone-sul-garda\\\/\",\"name\":\"Radweg Limone sul Garda\",\"isPartOf\":{\"@id\":\"https:\\\/\\\/www.domusrental.com\\\/blog\\\/#website\"},\"primaryImageOfPage\":{\"@id\":\"https:\\\/\\\/www.domusrental.com\\\/blog\\\/it\\\/pista-ciclabile-limone-sul-garda\\\/#primaryimage\"},\"image\":{\"@id\":\"https:\\\/\\\/www.domusrental.com\\\/blog\\\/it\\\/pista-ciclabile-limone-sul-garda\\\/#primaryimage\"},\"thumbnailUrl\":\"https:\\\/\\\/www.domusrental.com\\\/blog\\\/wp-content\\\/uploads\\\/2023\\\/06\\\/iStock-1352524979.jpg\",\"datePublished\":\"2023-06-29T15:15:06+00:00\",\"dateModified\":\"2025-01-21T15:42:56+00:00\",\"description\":\"Radweg in Limone di Garda: Anreise, Aktivit\u00e4ten, Essen und Schlafen. N\u00fctzliche Tipps f\u00fcr Ihren Urlaub am Gardasee\",\"breadcrumb\":{\"@id\":\"https:\\\/\\\/www.domusrental.com\\\/blog\\\/it\\\/pista-ciclabile-limone-sul-garda\\\/#breadcrumb\"},\"inLanguage\":\"de\",\"potentialAction\":[{\"@type\":\"ReadAction\",\"target\":[\"https:\\\/\\\/www.domusrental.com\\\/blog\\\/it\\\/pista-ciclabile-limone-sul-garda\\\/\"]}]},{\"@type\":\"ImageObject\",\"inLanguage\":\"de\",\"@id\":\"https:\\\/\\\/www.domusrental.com\\\/blog\\\/it\\\/pista-ciclabile-limone-sul-garda\\\/#primaryimage\",\"url\":\"https:\\\/\\\/www.domusrental.com\\\/blog\\\/wp-content\\\/uploads\\\/2023\\\/06\\\/iStock-1352524979.jpg\",\"contentUrl\":\"https:\\\/\\\/www.domusrental.com\\\/blog\\\/wp-content\\\/uploads\\\/2023\\\/06\\\/iStock-1352524979.jpg\",\"width\":1255,\"height\":835,\"caption\":\"\u201eCiclopista del Garda\u201c \u2013 Rad- und Fu\u00dfweg \u00fcber dem Gardasee mit wundersch\u00f6ner Landschaft in Limone sul Garda \u2013 Reiseziel in Brescia, Italien\"},{\"@type\":\"BreadcrumbList\",\"@id\":\"https:\\\/\\\/www.domusrental.com\\\/blog\\\/it\\\/pista-ciclabile-limone-sul-garda\\\/#breadcrumb\",\"itemListElement\":[{\"@type\":\"ListItem\",\"position\":1,\"name\":\"Home\",\"item\":\"https:\\\/\\\/www.domusrental.com\\\/blog\\\/de\\\/\"},{\"@type\":\"ListItem\",\"position\":2,\"name\":\"Radweg Limone sul Garda\"}]},{\"@type\":\"WebSite\",\"@id\":\"https:\\\/\\\/www.domusrental.com\\\/blog\\\/#website\",\"url\":\"https:\\\/\\\/www.domusrental.com\\\/blog\\\/\",\"name\":\"Domus Rental\",\"description\":\"\",\"publisher\":{\"@id\":\"https:\\\/\\\/www.domusrental.com\\\/blog\\\/#organization\"},\"potentialAction\":[{\"@type\":\"SearchAction\",\"target\":{\"@type\":\"EntryPoint\",\"urlTemplate\":\"https:\\\/\\\/www.domusrental.com\\\/blog\\\/?s={search_term_string}\"},\"query-input\":{\"@type\":\"PropertyValueSpecification\",\"valueRequired\":true,\"valueName\":\"search_term_string\"}}],\"inLanguage\":\"de\"},{\"@type\":\"Organization\",\"@id\":\"https:\\\/\\\/www.domusrental.com\\\/blog\\\/#organization\",\"name\":\"Blog | Domus Rental\",\"url\":\"https:\\\/\\\/www.domusrental.com\\\/blog\\\/\",\"logo\":{\"@type\":\"ImageObject\",\"inLanguage\":\"de\",\"@id\":\"https:\\\/\\\/www.domusrental.com\\\/blog\\\/#\\\/schema\\\/logo\\\/image\\\/\",\"url\":\"https:\\\/\\\/www.domusrental.com\\\/blog\\\/wp-content\\\/uploads\\\/2024\\\/04\\\/favicon.png\",\"contentUrl\":\"https:\\\/\\\/www.domusrental.com\\\/blog\\\/wp-content\\\/uploads\\\/2024\\\/04\\\/favicon.png\",\"width\":298,\"height\":298,\"caption\":\"Blog | Domus Rental\"},\"image\":{\"@id\":\"https:\\\/\\\/www.domusrental.com\\\/blog\\\/#\\\/schema\\\/logo\\\/image\\\/\"},\"sameAs\":[\"https:\\\/\\\/www.facebook.com\\\/domusrental\",\"https:\\\/\\\/x.com\\\/DomusRental\"]},{\"@type\":\"Person\",\"@id\":\"https:\\\/\\\/www.domusrental.com\\\/blog\\\/#\\\/schema\\\/person\\\/4704eef53d63fc41b94477baca3572f8\",\"name\":\"digitalservices\",\"image\":{\"@type\":\"ImageObject\",\"inLanguage\":\"de\",\"@id\":\"https:\\\/\\\/secure.gravatar.com\\\/avatar\\\/af30f88a1904294c1f3eb09a9d7903eec4ffa18fa2cf40c28a8681014ecdfc20?s=96&d=mm&r=g\",\"url\":\"https:\\\/\\\/secure.gravatar.com\\\/avatar\\\/af30f88a1904294c1f3eb09a9d7903eec4ffa18fa2cf40c28a8681014ecdfc20?s=96&d=mm&r=g\",\"contentUrl\":\"https:\\\/\\\/secure.gravatar.com\\\/avatar\\\/af30f88a1904294c1f3eb09a9d7903eec4ffa18fa2cf40c28a8681014ecdfc20?s=96&d=mm&r=g\",\"caption\":\"digitalservices\"},\"url\":\"https:\\\/\\\/www.domusrental.com\\\/blog\\\/de\\\/author\\\/digitalservices\\\/\"}]}<\/script>\n<!-- \/ Yoast SEO plugin. -->","yoast_head_json":{"title":"Radweg Limone sul Garda","description":"Radweg in Limone di Garda: Anreise, Aktivit\u00e4ten, Essen und Schlafen. N\u00fctzliche Tipps f\u00fcr Ihren Urlaub am Gardasee","robots":{"index":"index","follow":"follow","max-snippet":"max-snippet:-1","max-image-preview":"max-image-preview:large","max-video-preview":"max-video-preview:-1"},"canonical":"https:\/\/www.domusrental.com\/blog\/it\/pista-ciclabile-limone-sul-garda\/","og_locale":"de_DE","og_type":"article","og_title":"Radweg Limone sul Garda","og_description":"Radweg in Limone di Garda: Anreise, Aktivit\u00e4ten, Essen und Schlafen. N\u00fctzliche Tipps f\u00fcr Ihren Urlaub am Gardasee","og_url":"https:\/\/www.domusrental.com\/blog\/it\/pista-ciclabile-limone-sul-garda\/","og_site_name":"Blog | Domus Rental","article_publisher":"https:\/\/www.facebook.com\/domusrental","article_published_time":"2023-06-29T15:15:06+00:00","article_modified_time":"2025-01-21T15:42:56+00:00","og_image":[{"width":1255,"height":835,"url":"https:\/\/www.domusrental.com\/blog\/wp-content\/uploads\/2023\/06\/iStock-1352524979.jpg","type":"image\/jpeg"}],"author":"digitalservices","twitter_card":"summary_large_image","twitter_creator":"@DomusRental","twitter_site":"@DomusRental","twitter_misc":{"Verfasst von":"digitalservices","Gesch\u00e4tzte Lesezeit":"9\u00a0Minuten"},"schema":{"@context":"https:\/\/schema.org","@graph":[{"@type":"Article","@id":"https:\/\/www.domusrental.com\/blog\/it\/pista-ciclabile-limone-sul-garda\/#article","isPartOf":{"@id":"https:\/\/www.domusrental.com\/blog\/it\/pista-ciclabile-limone-sul-garda\/"},"author":{"name":"digitalservices","@id":"https:\/\/www.domusrental.com\/blog\/#\/schema\/person\/4704eef53d63fc41b94477baca3572f8"},"headline":"Radweg Limone sul Garda","datePublished":"2023-06-29T15:15:06+00:00","dateModified":"2025-01-21T15:42:56+00:00","mainEntityOfPage":{"@id":"https:\/\/www.domusrental.com\/blog\/it\/pista-ciclabile-limone-sul-garda\/"},"wordCount":1769,"commentCount":0,"publisher":{"@id":"https:\/\/www.domusrental.com\/blog\/#organization"},"image":{"@id":"https:\/\/www.domusrental.com\/blog\/it\/pista-ciclabile-limone-sul-garda\/#primaryimage"},"thumbnailUrl":"https:\/\/www.domusrental.com\/blog\/wp-content\/uploads\/2023\/06\/iStock-1352524979.jpg","articleSection":["Erfahrungen"],"inLanguage":"de","potentialAction":[{"@type":"CommentAction","name":"Comment","target":["https:\/\/www.domusrental.com\/blog\/it\/pista-ciclabile-limone-sul-garda\/#respond"]}]},{"@type":"WebPage","@id":"https:\/\/www.domusrental.com\/blog\/it\/pista-ciclabile-limone-sul-garda\/","url":"https:\/\/www.domusrental.com\/blog\/it\/pista-ciclabile-limone-sul-garda\/","name":"Radweg Limone sul Garda","isPartOf":{"@id":"https:\/\/www.domusrental.com\/blog\/#website"},"primaryImageOfPage":{"@id":"https:\/\/www.domusrental.com\/blog\/it\/pista-ciclabile-limone-sul-garda\/#primaryimage"},"image":{"@id":"https:\/\/www.domusrental.com\/blog\/it\/pista-ciclabile-limone-sul-garda\/#primaryimage"},"thumbnailUrl":"https:\/\/www.domusrental.com\/blog\/wp-content\/uploads\/2023\/06\/iStock-1352524979.jpg","datePublished":"2023-06-29T15:15:06+00:00","dateModified":"2025-01-21T15:42:56+00:00","description":"Radweg in Limone di Garda: Anreise, Aktivit\u00e4ten, Essen und Schlafen. N\u00fctzliche Tipps f\u00fcr Ihren Urlaub am Gardasee","breadcrumb":{"@id":"https:\/\/www.domusrental.com\/blog\/it\/pista-ciclabile-limone-sul-garda\/#breadcrumb"},"inLanguage":"de","potentialAction":[{"@type":"ReadAction","target":["https:\/\/www.domusrental.com\/blog\/it\/pista-ciclabile-limone-sul-garda\/"]}]},{"@type":"ImageObject","inLanguage":"de","@id":"https:\/\/www.domusrental.com\/blog\/it\/pista-ciclabile-limone-sul-garda\/#primaryimage","url":"https:\/\/www.domusrental.com\/blog\/wp-content\/uploads\/2023\/06\/iStock-1352524979.jpg","contentUrl":"https:\/\/www.domusrental.com\/blog\/wp-content\/uploads\/2023\/06\/iStock-1352524979.jpg","width":1255,"height":835,"caption":"\u201eCiclopista del Garda\u201c \u2013 Rad- und Fu\u00dfweg \u00fcber dem Gardasee mit wundersch\u00f6ner Landschaft in Limone sul Garda \u2013 Reiseziel in Brescia, Italien"},{"@type":"BreadcrumbList","@id":"https:\/\/www.domusrental.com\/blog\/it\/pista-ciclabile-limone-sul-garda\/#breadcrumb","itemListElement":[{"@type":"ListItem","position":1,"name":"Home","item":"https:\/\/www.domusrental.com\/blog\/de\/"},{"@type":"ListItem","position":2,"name":"Radweg Limone sul Garda"}]},{"@type":"WebSite","@id":"https:\/\/www.domusrental.com\/blog\/#website","url":"https:\/\/www.domusrental.com\/blog\/","name":"Domus Rental","description":"","publisher":{"@id":"https:\/\/www.domusrental.com\/blog\/#organization"},"potentialAction":[{"@type":"SearchAction","target":{"@type":"EntryPoint","urlTemplate":"https:\/\/www.domusrental.com\/blog\/?s={search_term_string}"},"query-input":{"@type":"PropertyValueSpecification","valueRequired":true,"valueName":"search_term_string"}}],"inLanguage":"de"},{"@type":"Organization","@id":"https:\/\/www.domusrental.com\/blog\/#organization","name":"Blog | Domus Rental","url":"https:\/\/www.domusrental.com\/blog\/","logo":{"@type":"ImageObject","inLanguage":"de","@id":"https:\/\/www.domusrental.com\/blog\/#\/schema\/logo\/image\/","url":"https:\/\/www.domusrental.com\/blog\/wp-content\/uploads\/2024\/04\/favicon.png","contentUrl":"https:\/\/www.domusrental.com\/blog\/wp-content\/uploads\/2024\/04\/favicon.png","width":298,"height":298,"caption":"Blog | Domus Rental"},"image":{"@id":"https:\/\/www.domusrental.com\/blog\/#\/schema\/logo\/image\/"},"sameAs":["https:\/\/www.facebook.com\/domusrental","https:\/\/x.com\/DomusRental"]},{"@type":"Person","@id":"https:\/\/www.domusrental.com\/blog\/#\/schema\/person\/4704eef53d63fc41b94477baca3572f8","name":"digitalservices","image":{"@type":"ImageObject","inLanguage":"de","@id":"https:\/\/secure.gravatar.com\/avatar\/af30f88a1904294c1f3eb09a9d7903eec4ffa18fa2cf40c28a8681014ecdfc20?s=96&d=mm&r=g","url":"https:\/\/secure.gravatar.com\/avatar\/af30f88a1904294c1f3eb09a9d7903eec4ffa18fa2cf40c28a8681014ecdfc20?s=96&d=mm&r=g","contentUrl":"https:\/\/secure.gravatar.com\/avatar\/af30f88a1904294c1f3eb09a9d7903eec4ffa18fa2cf40c28a8681014ecdfc20?s=96&d=mm&r=g","caption":"digitalservices"},"url":"https:\/\/www.domusrental.com\/blog\/de\/author\/digitalservices\/"}]}},"_links":{"self":[{"href":"https:\/\/www.domusrental.com\/blog\/de\/wp-json\/wp\/v2\/posts\/347","targetHints":{"allow":["GET"]}}],"collection":[{"href":"https:\/\/www.domusrental.com\/blog\/de\/wp-json\/wp\/v2\/posts"}],"about":[{"href":"https:\/\/www.domusrental.com\/blog\/de\/wp-json\/wp\/v2\/types\/post"}],"author":[{"embeddable":true,"href":"https:\/\/www.domusrental.com\/blog\/de\/wp-json\/wp\/v2\/users\/2"}],"replies":[{"embeddable":true,"href":"https:\/\/www.domusrental.com\/blog\/de\/wp-json\/wp\/v2\/comments?post=347"}],"version-history":[{"count":16,"href":"https:\/\/www.domusrental.com\/blog\/de\/wp-json\/wp\/v2\/posts\/347\/revisions"}],"predecessor-version":[{"id":369,"href":"https:\/\/www.domusrental.com\/blog\/de\/wp-json\/wp\/v2\/posts\/347\/revisions\/369"}],"wp:featuredmedia":[{"embeddable":true,"href":"https:\/\/www.domusrental.com\/blog\/de\/wp-json\/wp\/v2\/media\/191"}],"wp:attachment":[{"href":"https:\/\/www.domusrental.com\/blog\/de\/wp-json\/wp\/v2\/media?parent=347"}],"wp:term":[{"taxonomy":"category","embeddable":true,"href":"https:\/\/www.domusrental.com\/blog\/de\/wp-json\/wp\/v2\/categories?post=347"},{"taxonomy":"post_tag","embeddable":true,"href":"https:\/\/www.domusrental.com\/blog\/de\/wp-json\/wp\/v2\/tags?post=347"}],"curies":[{"name":"wp","href":"https:\/\/api.w.org\/{rel}","templated":true}]}}