{"id":3738,"date":"2025-03-17T11:06:10","date_gmt":"2025-03-17T11:06:10","guid":{"rendered":"https:\/\/www.domusrental.com\/blog\/?p=3738"},"modified":"2025-08-21T10:07:34","modified_gmt":"2025-08-21T10:07:34","slug":"gardasee-die-schonsten","status":"publish","type":"post","link":"https:\/\/www.domusrental.com\/blog\/de\/gardasee-die-schonsten\/","title":{"rendered":"Der Gardasee: Die sch\u00f6nsten Orte, die Sie nicht verpassen d\u00fcrfen"},"content":{"rendered":"\t\t<div data-elementor-type=\"wp-post\" data-elementor-id=\"3738\" class=\"elementor elementor-3738 elementor-3719\" data-elementor-post-type=\"post\">\n\t\t\t\t\t\t<section class=\"elementor-section elementor-top-section elementor-element elementor-element-7de434b6 elementor-section-boxed elementor-section-height-default elementor-section-height-default\" data-id=\"7de434b6\" data-element_type=\"section\" data-e-type=\"section\">\n\t\t\t\t\t\t<div class=\"elementor-container elementor-column-gap-default\">\n\t\t\t\t\t<div class=\"elementor-column elementor-col-100 elementor-top-column elementor-element elementor-element-3c05bb0\" data-id=\"3c05bb0\" data-element_type=\"column\" data-e-type=\"column\">\n\t\t\t<div class=\"elementor-widget-wrap elementor-element-populated\">\n\t\t\t\t\t\t<div class=\"elementor-element elementor-element-75c6f229 elementor-widget elementor-widget-text-editor\" data-id=\"75c6f229\" data-element_type=\"widget\" data-e-type=\"widget\" data-widget_type=\"text-editor.default\">\n\t\t\t\t<div class=\"elementor-widget-container\">\n\t\t\t\t\t\t\t\t\t<p>Als gr\u00f6\u00dfter See Italiens ist der Gardasee ein Reiseziel, das mit unglaublichen Landschaften, malerischen Bergd\u00f6rfern und endlosen M\u00f6glichkeiten f\u00fcr Erkundungstouren aufwartet. Er erstreckt sich \u00fcber die Regionen Lombardei, Venetien und Trentino-S\u00fcdtirol, wobei es in diesem Teil der Welt nicht an Geschichte, Kultur und purer Natursch\u00f6nheit mangelt.<\/p><p>Aber was sind die sch\u00f6nsten Orte am Gardasee? Bei der gro\u00dfen Auswahl helfen wir Ihnen, die Suche einzugrenzen. Dieser Reisef\u00fchrer f\u00fchrt Sie zu einigen der faszinierendsten Orte am See.<\/p>\t\t\t\t\t\t\t\t<\/div>\n\t\t\t\t<\/div>\n\t\t\t\t\t<\/div>\n\t\t<\/div>\n\t\t\t\t\t<\/div>\n\t\t<\/section>\n\t\t\t\t<section class=\"elementor-section elementor-top-section elementor-element elementor-element-6e5d0785 elementor-section-boxed elementor-section-height-default elementor-section-height-default\" data-id=\"6e5d0785\" data-element_type=\"section\" data-e-type=\"section\">\n\t\t\t\t\t\t<div class=\"elementor-container elementor-column-gap-default\">\n\t\t\t\t\t<div class=\"elementor-column elementor-col-100 elementor-top-column elementor-element elementor-element-71c1acdf\" data-id=\"71c1acdf\" data-element_type=\"column\" data-e-type=\"column\">\n\t\t\t<div class=\"elementor-widget-wrap elementor-element-populated\">\n\t\t\t\t\t\t<div class=\"elementor-element elementor-element-2dc3eb95 elementor-widget elementor-widget-table-of-contents\" data-id=\"2dc3eb95\" data-element_type=\"widget\" data-e-type=\"widget\" data-settings=\"{&quot;headings_by_tags&quot;:[&quot;h2&quot;],&quot;exclude_headings_by_selector&quot;:[],&quot;marker_view&quot;:&quot;bullets&quot;,&quot;icon&quot;:{&quot;value&quot;:&quot;&quot;,&quot;library&quot;:&quot;&quot;},&quot;no_headings_message&quot;:&quot;No headings were found on this page.&quot;,&quot;hierarchical_view&quot;:&quot;yes&quot;,&quot;min_height&quot;:{&quot;unit&quot;:&quot;px&quot;,&quot;size&quot;:&quot;&quot;,&quot;sizes&quot;:[]},&quot;min_height_tablet&quot;:{&quot;unit&quot;:&quot;px&quot;,&quot;size&quot;:&quot;&quot;,&quot;sizes&quot;:[]},&quot;min_height_mobile&quot;:{&quot;unit&quot;:&quot;px&quot;,&quot;size&quot;:&quot;&quot;,&quot;sizes&quot;:[]}}\" data-widget_type=\"table-of-contents.default\">\n\t\t\t\t<div class=\"elementor-widget-container\">\n\t\t\t\t\t\t\t\t\t<div class=\"elementor-toc__header\">\n\t\t\t\t\t\t<div class=\"elementor-toc__header-title\">\n\t\t\t\tInhaltsverzeichnis\t\t\t<\/div>\n\t\t\t\t\t\t\t\t<\/div>\n\t\t\t\t<div id=\"elementor-toc__2dc3eb95\" class=\"elementor-toc__body\">\n\t\t\t<div class=\"elementor-toc__spinner-container\">\n\t\t\t\t<i class=\"elementor-toc__spinner eicon-animation-spin eicon-loading\" aria-hidden=\"true\"><\/i>\t\t\t<\/div>\n\t\t<\/div>\n\t\t\t\t\t\t<\/div>\n\t\t\t\t<\/div>\n\t\t\t\t\t<\/div>\n\t\t<\/div>\n\t\t\t\t\t<\/div>\n\t\t<\/section>\n\t\t\t\t<section class=\"elementor-section elementor-top-section elementor-element elementor-element-10099ea0 elementor-section-boxed elementor-section-height-default elementor-section-height-default\" data-id=\"10099ea0\" data-element_type=\"section\" data-e-type=\"section\">\n\t\t\t\t\t\t<div class=\"elementor-container elementor-column-gap-default\">\n\t\t\t\t\t<div class=\"elementor-column elementor-col-100 elementor-top-column elementor-element elementor-element-528fbe36\" data-id=\"528fbe36\" data-element_type=\"column\" data-e-type=\"column\">\n\t\t\t<div class=\"elementor-widget-wrap elementor-element-populated\">\n\t\t\t\t\t\t<div class=\"elementor-element elementor-element-e75fee elementor-widget elementor-widget-heading\" data-id=\"e75fee\" data-element_type=\"widget\" data-e-type=\"widget\" data-widget_type=\"heading.default\">\n\t\t\t\t<div class=\"elementor-widget-container\">\n\t\t\t\t\t<h2 class=\"elementor-heading-title elementor-size-default\">Die malerischsten D\u00f6rfer\n<\/h2>\t\t\t\t<\/div>\n\t\t\t\t<\/div>\n\t\t\t\t<div class=\"elementor-element elementor-element-422e9456 elementor-widget elementor-widget-text-editor\" data-id=\"422e9456\" data-element_type=\"widget\" data-e-type=\"widget\" data-widget_type=\"text-editor.default\">\n\t\t\t\t<div class=\"elementor-widget-container\">\n\t\t\t\t\t\t\t\t\t<p>Rund um den Gardasee gibt es 26 <em>Comuni<\/em> (Gemeinden) in den drei Regionen Lombardei, Venetien und Trentino-S\u00fcdtirol. Wir beginnen unseren Reisef\u00fchrer mit unseren Empfehlungen f\u00fcr die malerischsten D\u00f6rfer unter diesen 26 Gemeinden.<\/p>\t\t\t\t\t\t\t\t<\/div>\n\t\t\t\t<\/div>\n\t\t\t\t\t<\/div>\n\t\t<\/div>\n\t\t\t\t\t<\/div>\n\t\t<\/section>\n\t\t\t\t<section class=\"elementor-section elementor-top-section elementor-element elementor-element-37991791 elementor-section-boxed elementor-section-height-default elementor-section-height-default\" data-id=\"37991791\" data-element_type=\"section\" data-e-type=\"section\">\n\t\t\t\t\t\t<div class=\"elementor-container elementor-column-gap-default\">\n\t\t\t\t\t<div class=\"elementor-column elementor-col-100 elementor-top-column elementor-element elementor-element-97a33f7\" data-id=\"97a33f7\" data-element_type=\"column\" data-e-type=\"column\">\n\t\t\t<div class=\"elementor-widget-wrap\">\n\t\t\t\t\t\t\t<\/div>\n\t\t<\/div>\n\t\t\t\t\t<\/div>\n\t\t<\/section>\n\t\t\t\t<section class=\"elementor-section elementor-top-section elementor-element elementor-element-90c3fba elementor-section-boxed elementor-section-height-default elementor-section-height-default\" data-id=\"90c3fba\" data-element_type=\"section\" data-e-type=\"section\">\n\t\t\t\t\t\t<div class=\"elementor-container elementor-column-gap-default\">\n\t\t\t\t\t<div class=\"elementor-column elementor-col-50 elementor-top-column elementor-element elementor-element-58b0ce0e\" data-id=\"58b0ce0e\" data-element_type=\"column\" data-e-type=\"column\">\n\t\t\t<div class=\"elementor-widget-wrap elementor-element-populated\">\n\t\t\t\t\t\t<div class=\"elementor-element elementor-element-6fb948db elementor-widget elementor-widget-heading\" data-id=\"6fb948db\" data-element_type=\"widget\" data-e-type=\"widget\" data-widget_type=\"heading.default\">\n\t\t\t\t<div class=\"elementor-widget-container\">\n\t\t\t\t\t<h3 class=\"elementor-heading-title elementor-size-default\">Sirmione<\/h3>\t\t\t\t<\/div>\n\t\t\t\t<\/div>\n\t\t\t\t<div class=\"elementor-element elementor-element-3b95b94 elementor-widget elementor-widget-image\" data-id=\"3b95b94\" data-element_type=\"widget\" data-e-type=\"widget\" data-widget_type=\"image.default\">\n\t\t\t\t<div class=\"elementor-widget-container\">\n\t\t\t\t\t\t\t\t\t\t\t\t\t\t\t<img decoding=\"async\" src=\"https:\/\/www.domusrental.com\/blog\/wp-content\/uploads\/2024\/08\/sirmione-718x430.jpg\" title=\"sirmione\" alt=\"sirmione\" loading=\"lazy\" \/>\t\t\t\t\t\t\t\t\t\t\t\t\t\t\t<\/div>\n\t\t\t\t<\/div>\n\t\t\t\t<div class=\"elementor-element elementor-element-7a787811 elementor-widget elementor-widget-text-editor\" data-id=\"7a787811\" data-element_type=\"widget\" data-e-type=\"widget\" data-widget_type=\"text-editor.default\">\n\t\t\t\t<div class=\"elementor-widget-container\">\n\t\t\t\t\t\t\t\t\t<p>Sirmione ist ber\u00fchmt f\u00fcr seine beeindruckende mittelalterliche Scaligerburg und z\u00e4hlt sicherlich zu den sch\u00f6nsten Orten am Gardasee. Bei einem Spaziergang durch die engen Gassen dieser historischen Stadt finden Sie charmante Gesch\u00e4fte, Restaurants am Seeufer und sogar die antiken Grotten des Catull, r\u00f6mische Ruinen mit einem atemberaubenden Blick \u00fcber den See. Die Thermalb\u00e4der sind eine weitere Attraktion, die Sirmione zu einer perfekten Mischung aus Geschichte und Entspannung macht.<\/p>\t\t\t\t\t\t\t\t<\/div>\n\t\t\t\t<\/div>\n\t\t\t\t\t<\/div>\n\t\t<\/div>\n\t\t\t\t<div class=\"elementor-column elementor-col-50 elementor-top-column elementor-element elementor-element-66a2378\" data-id=\"66a2378\" data-element_type=\"column\" data-e-type=\"column\">\n\t\t\t<div class=\"elementor-widget-wrap elementor-element-populated\">\n\t\t\t\t\t\t<div class=\"elementor-element elementor-element-7b1d9f1 elementor-widget elementor-widget-heading\" data-id=\"7b1d9f1\" data-element_type=\"widget\" data-e-type=\"widget\" data-widget_type=\"heading.default\">\n\t\t\t\t<div class=\"elementor-widget-container\">\n\t\t\t\t\t<h3 class=\"elementor-heading-title elementor-size-default\">Malcesine<\/h3>\t\t\t\t<\/div>\n\t\t\t\t<\/div>\n\t\t\t\t<div class=\"elementor-element elementor-element-f03cbe3 elementor-widget elementor-widget-image\" data-id=\"f03cbe3\" data-element_type=\"widget\" data-e-type=\"widget\" data-widget_type=\"image.default\">\n\t\t\t\t<div class=\"elementor-widget-container\">\n\t\t\t\t\t\t\t\t\t\t\t\t\t\t\t<img decoding=\"async\" src=\"https:\/\/www.domusrental.com\/blog\/wp-content\/uploads\/2024\/12\/malcesine-in-inverno-751x430.jpg\" title=\"malcesine in inverno\" alt=\"malcesine in inverno\" loading=\"lazy\" \/>\t\t\t\t\t\t\t\t\t\t\t\t\t\t\t<\/div>\n\t\t\t\t<\/div>\n\t\t\t\t<div class=\"elementor-element elementor-element-1df2740 elementor-widget elementor-widget-text-editor\" data-id=\"1df2740\" data-element_type=\"widget\" data-e-type=\"widget\" data-widget_type=\"text-editor.default\">\n\t\t\t\t<div class=\"elementor-widget-container\">\n\t\t\t\t\t\t\t\t\t<p>Vor der dramatischen Kulisse des Monte Baldo geh\u00f6rt Malcesine zweifellos zu den sch\u00f6nsten Orten am Gardasee. Die Stadt ist ber\u00fchmt f\u00fcr ihr Castello Scaligero, eine mittelalterliche Festung, die auf einem Felsvorsprung \u00fcber dem Wasser thront. Ein absolutes Muss in Malcesine ist die Fahrt mit der Seilbahn Malcesine-Monte Baldo, die einen Panoramablick auf den See und die umliegenden Berge bietet.<\/p>\t\t\t\t\t\t\t\t<\/div>\n\t\t\t\t<\/div>\n\t\t\t\t\t<\/div>\n\t\t<\/div>\n\t\t\t\t\t<\/div>\n\t\t<\/section>\n\t\t\t\t<section class=\"elementor-section elementor-top-section elementor-element elementor-element-91fb415 elementor-section-boxed elementor-section-height-default elementor-section-height-default\" data-id=\"91fb415\" data-element_type=\"section\" data-e-type=\"section\">\n\t\t\t\t\t\t<div class=\"elementor-container elementor-column-gap-default\">\n\t\t\t\t\t<div class=\"elementor-column elementor-col-100 elementor-top-column elementor-element elementor-element-5757227\" data-id=\"5757227\" data-element_type=\"column\" data-e-type=\"column\">\n\t\t\t<div class=\"elementor-widget-wrap\">\n\t\t\t\t\t\t\t<\/div>\n\t\t<\/div>\n\t\t\t\t\t<\/div>\n\t\t<\/section>\n\t\t\t\t<section class=\"elementor-section elementor-top-section elementor-element elementor-element-6d08602 elementor-section-boxed elementor-section-height-default elementor-section-height-default\" data-id=\"6d08602\" data-element_type=\"section\" data-e-type=\"section\">\n\t\t\t\t\t\t<div class=\"elementor-container elementor-column-gap-default\">\n\t\t\t\t\t<div class=\"elementor-column elementor-col-100 elementor-top-column elementor-element elementor-element-7da2933\" data-id=\"7da2933\" data-element_type=\"column\" data-e-type=\"column\">\n\t\t\t<div class=\"elementor-widget-wrap\">\n\t\t\t\t\t\t\t<\/div>\n\t\t<\/div>\n\t\t\t\t\t<\/div>\n\t\t<\/section>\n\t\t\t\t<section class=\"elementor-section elementor-top-section elementor-element elementor-element-e6e7306 elementor-section-boxed elementor-section-height-default elementor-section-height-default\" data-id=\"e6e7306\" data-element_type=\"section\" data-e-type=\"section\">\n\t\t\t\t\t\t<div class=\"elementor-container elementor-column-gap-default\">\n\t\t\t\t\t<div class=\"elementor-column elementor-col-33 elementor-top-column elementor-element elementor-element-7034a65\" data-id=\"7034a65\" data-element_type=\"column\" data-e-type=\"column\">\n\t\t\t<div class=\"elementor-widget-wrap elementor-element-populated\">\n\t\t\t\t\t\t<div class=\"elementor-element elementor-element-8ff576d elementor-widget elementor-widget-heading\" data-id=\"8ff576d\" data-element_type=\"widget\" data-e-type=\"widget\" data-widget_type=\"heading.default\">\n\t\t\t\t<div class=\"elementor-widget-container\">\n\t\t\t\t\t<h3 class=\"elementor-heading-title elementor-size-default\">Limone sul Garda\n<\/h3>\t\t\t\t<\/div>\n\t\t\t\t<\/div>\n\t\t\t\t<div class=\"elementor-element elementor-element-dbc58b5 elementor-widget elementor-widget-image\" data-id=\"dbc58b5\" data-element_type=\"widget\" data-e-type=\"widget\" data-widget_type=\"image.default\">\n\t\t\t\t<div class=\"elementor-widget-container\">\n\t\t\t\t\t\t\t\t\t\t\t\t\t\t\t<img decoding=\"async\" src=\"https:\/\/www.domusrental.com\/blog\/wp-content\/uploads\/2024\/02\/Limone-sul-garda-724x430.jpg\" title=\"Limone-sul-garda\" alt=\"Limone-sul-garda\" loading=\"lazy\" \/>\t\t\t\t\t\t\t\t\t\t\t\t\t\t\t<\/div>\n\t\t\t\t<\/div>\n\t\t\t\t<div class=\"elementor-element elementor-element-41e7c17 elementor-widget elementor-widget-text-editor\" data-id=\"41e7c17\" data-element_type=\"widget\" data-e-type=\"widget\" data-widget_type=\"text-editor.default\">\n\t\t\t\t<div class=\"elementor-widget-container\">\n\t\t\t\t\t\t\t\t\t<p>Limone sul Garda ist ein postkartenw\u00fcrdiges Dorf mit farbenfrohen Geb\u00e4uden, die sich an steile Klippen schmiegen, und Zitronenhainen, die bis zum Wasser hinabreichen. Die Stadt ist f\u00fcr ihre historischen <em>Limonaie<\/em> (Zitronengew\u00e4chsh\u00e4user) bekannt und bietet einen Einblick in die Geschichte des Zitrusanbaus in der Region. Verpassen Sie au\u00dferdem nicht den Radweg von Limone sul Garda, der auf einer malerischen, 2,5 km langen Strecke zwischen hier und dem n\u00e4chsten Ort, Capo Reamol, verl\u00e4uft.<\/p>\t\t\t\t\t\t\t\t<\/div>\n\t\t\t\t<\/div>\n\t\t\t\t\t<\/div>\n\t\t<\/div>\n\t\t\t\t<div class=\"elementor-column elementor-col-33 elementor-top-column elementor-element elementor-element-8155006\" data-id=\"8155006\" data-element_type=\"column\" data-e-type=\"column\">\n\t\t\t<div class=\"elementor-widget-wrap elementor-element-populated\">\n\t\t\t\t\t\t<div class=\"elementor-element elementor-element-a99e388 elementor-widget elementor-widget-heading\" data-id=\"a99e388\" data-element_type=\"widget\" data-e-type=\"widget\" data-widget_type=\"heading.default\">\n\t\t\t\t<div class=\"elementor-widget-container\">\n\t\t\t\t\t<h3 class=\"elementor-heading-title elementor-size-default\">Torri del Benaco<\/h3>\t\t\t\t<\/div>\n\t\t\t\t<\/div>\n\t\t\t\t<div class=\"elementor-element elementor-element-70ab02e elementor-widget elementor-widget-image\" data-id=\"70ab02e\" data-element_type=\"widget\" data-e-type=\"widget\" data-widget_type=\"image.default\">\n\t\t\t\t<div class=\"elementor-widget-container\">\n\t\t\t\t\t\t\t\t\t\t\t\t\t\t\t<img decoding=\"async\" src=\"https:\/\/www.domusrental.com\/blog\/wp-content\/uploads\/2023\/06\/Scaligero-Castle-in-torri-benaco-723x430.jpg\" title=\"Scaligero Castle in torri benaco\" alt=\"Scaligero Castle in torri benaco\" loading=\"lazy\" \/>\t\t\t\t\t\t\t\t\t\t\t\t\t\t\t<\/div>\n\t\t\t\t<\/div>\n\t\t\t\t<div class=\"elementor-element elementor-element-f337ddb elementor-widget elementor-widget-text-editor\" data-id=\"f337ddb\" data-element_type=\"widget\" data-e-type=\"widget\" data-widget_type=\"text-editor.default\">\n\t\t\t\t<div class=\"elementor-widget-container\">\n\t\t\t\t\t\t\t\t\t<p>Dieses malerische Dorf am See vereint Geschichte, Kultur und eine atemberaubende Landschaft. Besuchen Sie die Burg von Torri del Benaco und den Torre dell\u2019Orologio (Uhrturm) aus dem 13.\/14. Jahrhundert, erkunden Sie den Hafen oder genie\u00dfen Sie einen Spaziergang bei Sonnenuntergang am Seeufer. Die entspannte Atmosph\u00e4re des kleinen St\u00e4dtchens macht es zu einem gro\u00dfartigen Zwischenstopp f\u00fcr alle, die sich entspannen m\u00f6chten. Erfahren Sie mehr in unserem Reisef\u00fchrer f\u00fcr Torri del Benaco.<\/p>\t\t\t\t\t\t\t\t<\/div>\n\t\t\t\t<\/div>\n\t\t\t\t\t<\/div>\n\t\t<\/div>\n\t\t\t\t<div class=\"elementor-column elementor-col-33 elementor-top-column elementor-element elementor-element-c21bcc0\" data-id=\"c21bcc0\" data-element_type=\"column\" data-e-type=\"column\">\n\t\t\t<div class=\"elementor-widget-wrap elementor-element-populated\">\n\t\t\t\t\t\t<div class=\"elementor-element elementor-element-ee694f9 elementor-widget elementor-widget-heading\" data-id=\"ee694f9\" data-element_type=\"widget\" data-e-type=\"widget\" data-widget_type=\"heading.default\">\n\t\t\t\t<div class=\"elementor-widget-container\">\n\t\t\t\t\t<h3 class=\"elementor-heading-title elementor-size-default\">Peschiera del Garda\n<\/h3>\t\t\t\t<\/div>\n\t\t\t\t<\/div>\n\t\t\t\t<div class=\"elementor-element elementor-element-bc8a008 elementor-widget elementor-widget-image\" data-id=\"bc8a008\" data-element_type=\"widget\" data-e-type=\"widget\" data-widget_type=\"image.default\">\n\t\t\t\t<div class=\"elementor-widget-container\">\n\t\t\t\t\t\t\t\t\t\t\t\t\t\t\t<img decoding=\"async\" src=\"https:\/\/www.domusrental.com\/blog\/wp-content\/uploads\/2024\/01\/peschiera-del-garda-751x430.jpg\" title=\"peschiera-del-garda\" alt=\"peschiera-del-garda\" loading=\"lazy\" \/>\t\t\t\t\t\t\t\t\t\t\t\t\t\t\t<\/div>\n\t\t\t\t<\/div>\n\t\t\t\t<div class=\"elementor-element elementor-element-a7f67b1 elementor-widget elementor-widget-text-editor\" data-id=\"a7f67b1\" data-element_type=\"widget\" data-e-type=\"widget\" data-widget_type=\"text-editor.default\">\n\t\t\t\t<div class=\"elementor-widget-container\">\n\t\t\t\t\t\t\t\t\t<p>Peschiera del Garda geh\u00f6rt zum UNESCO-Weltkulturerbe und besticht durch seine einzigartige Festung, Kan\u00e4le und venezianischen Mauern. Diese Stadt ist perfekt f\u00fcr Geschichtsliebhaber und diejenigen, die gerne malerische Uferpromenaden mit farbenfrohen Geb\u00e4uden erkunden. Erfahren Sie mehr \u00fcber Peschiera del Garda.<\/p>\t\t\t\t\t\t\t\t<\/div>\n\t\t\t\t<\/div>\n\t\t\t\t\t<\/div>\n\t\t<\/div>\n\t\t\t\t\t<\/div>\n\t\t<\/section>\n\t\t\t\t<section class=\"elementor-section elementor-top-section elementor-element elementor-element-7b0b822 elementor-section-boxed elementor-section-height-default elementor-section-height-default\" data-id=\"7b0b822\" data-element_type=\"section\" data-e-type=\"section\">\n\t\t\t\t\t\t<div class=\"elementor-container elementor-column-gap-default\">\n\t\t\t\t\t<div class=\"elementor-column elementor-col-100 elementor-top-column elementor-element elementor-element-efe10d7\" data-id=\"efe10d7\" data-element_type=\"column\" data-e-type=\"column\">\n\t\t\t<div class=\"elementor-widget-wrap elementor-element-populated\">\n\t\t\t\t\t\t<div class=\"elementor-element elementor-element-2fae957 elementor-widget elementor-widget-heading\" data-id=\"2fae957\" data-element_type=\"widget\" data-e-type=\"widget\" data-widget_type=\"heading.default\">\n\t\t\t\t<div class=\"elementor-widget-container\">\n\t\t\t\t\t<h2 class=\"elementor-heading-title elementor-size-default\">Atemberaubende Naturlandschaften\n<\/h2>\t\t\t\t<\/div>\n\t\t\t\t<\/div>\n\t\t\t\t<div class=\"elementor-element elementor-element-12fce9a elementor-widget elementor-widget-text-editor\" data-id=\"12fce9a\" data-element_type=\"widget\" data-e-type=\"widget\" data-widget_type=\"text-editor.default\">\n\t\t\t\t<div class=\"elementor-widget-container\">\n\t\t\t\t\t\t\t\t\t<p>Kommen wir nun zu den herausragenden Landschaften und Orten von nat\u00fcrlicher Sch\u00f6nheit, die Sie bei Ihrem Urlaub am Gardasee nicht verpassen sollten.<\/p>\t\t\t\t\t\t\t\t<\/div>\n\t\t\t\t<\/div>\n\t\t\t\t\t<\/div>\n\t\t<\/div>\n\t\t\t\t\t<\/div>\n\t\t<\/section>\n\t\t\t\t<section class=\"elementor-section elementor-top-section elementor-element elementor-element-cc88277 elementor-section-boxed elementor-section-height-default elementor-section-height-default\" data-id=\"cc88277\" data-element_type=\"section\" data-e-type=\"section\">\n\t\t\t\t\t\t<div class=\"elementor-container elementor-column-gap-default\">\n\t\t\t\t\t<div class=\"elementor-column elementor-col-33 elementor-top-column elementor-element elementor-element-1560f87\" data-id=\"1560f87\" data-element_type=\"column\" data-e-type=\"column\">\n\t\t\t<div class=\"elementor-widget-wrap elementor-element-populated\">\n\t\t\t\t\t\t<div class=\"elementor-element elementor-element-f31d4b5 elementor-widget elementor-widget-heading\" data-id=\"f31d4b5\" data-element_type=\"widget\" data-e-type=\"widget\" data-widget_type=\"heading.default\">\n\t\t\t\t<div class=\"elementor-widget-container\">\n\t\t\t\t\t<h3 class=\"elementor-heading-title elementor-size-default\">Monte Baldo\n<\/h3>\t\t\t\t<\/div>\n\t\t\t\t<\/div>\n\t\t\t\t<div class=\"elementor-element elementor-element-e0100e0 elementor-widget elementor-widget-text-editor\" data-id=\"e0100e0\" data-element_type=\"widget\" data-e-type=\"widget\" data-widget_type=\"text-editor.default\">\n\t\t\t\t<div class=\"elementor-widget-container\">\n\t\t\t\t\t\t\t\t\t<p>Der Monte Baldo, auch \u201eGarten Europas\u201c genannt, \u00fcberragt die Stadt Malcesine und ist ein Paradies f\u00fcr Naturliebhaber. Ob Sie die Seilbahn von Malcesine aus nehmen oder zum Gipfel wandern, der Panoramablick auf den See und die umliegenden Alpen ist unvergesslich. Wenn Sie nach Wanderwegen am Gardasee suchen, bietet diese Bergkette unz\u00e4hlige M\u00f6glichkeiten f\u00fcr Wanderer.<\/p>\t\t\t\t\t\t\t\t<\/div>\n\t\t\t\t<\/div>\n\t\t\t\t\t<\/div>\n\t\t<\/div>\n\t\t\t\t<div class=\"elementor-column elementor-col-33 elementor-top-column elementor-element elementor-element-c93b2de\" data-id=\"c93b2de\" data-element_type=\"column\" data-e-type=\"column\">\n\t\t\t<div class=\"elementor-widget-wrap elementor-element-populated\">\n\t\t\t\t\t\t<div class=\"elementor-element elementor-element-1641d98 elementor-widget elementor-widget-heading\" data-id=\"1641d98\" data-element_type=\"widget\" data-e-type=\"widget\" data-widget_type=\"heading.default\">\n\t\t\t\t<div class=\"elementor-widget-container\">\n\t\t\t\t\t<h3 class=\"elementor-heading-title elementor-size-default\">Parco Alto Garda Bresciano\n<\/h3>\t\t\t\t<\/div>\n\t\t\t\t<\/div>\n\t\t\t\t<div class=\"elementor-element elementor-element-26d2a3f elementor-widget elementor-widget-text-editor\" data-id=\"26d2a3f\" data-element_type=\"widget\" data-e-type=\"widget\" data-widget_type=\"text-editor.default\">\n\t\t\t\t<div class=\"elementor-widget-container\">\n\t\t\t\t\t\t\t\t\t<p>Dieses weitl\u00e4ufige Naturschutzgebiet erstreckt sich am Westufer des Gardasees zwischen Sal\u00f2 und Limone sul Garda und bietet atemberaubende Landschaften, zahlreiche weitere Wanderwege und viele charmante kleine D\u00f6rfer. Hier finden Sie schroffe Klippen, tiefe T\u00e4ler und \u00fcppige W\u00e4lder. Dies macht dieses Gebiet zu einem hervorragenden Ziel f\u00fcr alle, die die sch\u00f6nsten Orte des Gardasees in einer abgeschiedeneren Umgebung erkunden m\u00f6chten.<\/p>\t\t\t\t\t\t\t\t<\/div>\n\t\t\t\t<\/div>\n\t\t\t\t\t<\/div>\n\t\t<\/div>\n\t\t\t\t<div class=\"elementor-column elementor-col-33 elementor-top-column elementor-element elementor-element-cb6f72d\" data-id=\"cb6f72d\" data-element_type=\"column\" data-e-type=\"column\">\n\t\t\t<div class=\"elementor-widget-wrap elementor-element-populated\">\n\t\t\t\t\t\t<div class=\"elementor-element elementor-element-b2db8d6 elementor-widget elementor-widget-heading\" data-id=\"b2db8d6\" data-element_type=\"widget\" data-e-type=\"widget\" data-widget_type=\"heading.default\">\n\t\t\t\t<div class=\"elementor-widget-container\">\n\t\t\t\t\t<h3 class=\"elementor-heading-title elementor-size-default\">Cascata del Varone\n<\/h3>\t\t\t\t<\/div>\n\t\t\t\t<\/div>\n\t\t\t\t<div class=\"elementor-element elementor-element-025b08f elementor-widget elementor-widget-text-editor\" data-id=\"025b08f\" data-element_type=\"widget\" data-e-type=\"widget\" data-widget_type=\"text-editor.default\">\n\t\t\t\t<div class=\"elementor-widget-container\">\n\t\t\t\t\t\t\t\t\t<p>Eine der sch\u00f6nsten Attraktionen am Gardasee, die Wasserfallliebhaber besuchen sollten, ist der Cascata del Varone \u2013 ein spektakul\u00e4rer Wasserfall direkt au\u00dferhalb von Riva del Garda. Das Wasser st\u00fcrzt durch eine dramatische Schlucht und wenn Sie an einem sonnigen Tag dort sind, k\u00f6nnen Sie vielleicht sogar einen Regenbogen durch den Nebel sehen. Es ist wirklich ein faszinierendes Naturschauspiel.<\/p>\t\t\t\t\t\t\t\t<\/div>\n\t\t\t\t<\/div>\n\t\t\t\t\t<\/div>\n\t\t<\/div>\n\t\t\t\t\t<\/div>\n\t\t<\/section>\n\t\t<div class=\"elementor-element elementor-element-e1e979e e-flex e-con-boxed e-con e-parent\" data-id=\"e1e979e\" data-element_type=\"container\" data-e-type=\"container\">\n\t\t\t\t\t<div class=\"e-con-inner\">\n\t\t\t\t<div class=\"elementor-element elementor-element-c59ed5c elementor-widget elementor-widget-image\" data-id=\"c59ed5c\" data-element_type=\"widget\" data-e-type=\"widget\" data-widget_type=\"image.default\">\n\t\t\t\t<div class=\"elementor-widget-container\">\n\t\t\t\t\t\t\t\t\t\t\t\t\t\t\t<img fetchpriority=\"high\" decoding=\"async\" width=\"1254\" height=\"627\" src=\"https:\/\/www.domusrental.com\/blog\/wp-content\/uploads\/2025\/02\/Monte-Baldo.jpg\" class=\"attachment-full size-full wp-image-3533\" alt=\"v\" srcset=\"https:\/\/www.domusrental.com\/blog\/wp-content\/uploads\/2025\/02\/Monte-Baldo.jpg 1254w, https:\/\/www.domusrental.com\/blog\/wp-content\/uploads\/2025\/02\/Monte-Baldo-768x384.jpg 768w\" sizes=\"(max-width: 1254px) 100vw, 1254px\" \/>\t\t\t\t\t\t\t\t\t\t\t\t\t\t\t<\/div>\n\t\t\t\t<\/div>\n\t\t\t\t\t<\/div>\n\t\t\t\t<\/div>\n\t\t\t\t<section class=\"elementor-section elementor-top-section elementor-element elementor-element-ab8e99c elementor-section-boxed elementor-section-height-default elementor-section-height-default\" data-id=\"ab8e99c\" data-element_type=\"section\" data-e-type=\"section\">\n\t\t\t\t\t\t<div class=\"elementor-container elementor-column-gap-default\">\n\t\t\t\t\t<div class=\"elementor-column elementor-col-100 elementor-top-column elementor-element elementor-element-3be6e8e\" data-id=\"3be6e8e\" data-element_type=\"column\" data-e-type=\"column\">\n\t\t\t<div class=\"elementor-widget-wrap elementor-element-populated\">\n\t\t\t\t\t\t<div class=\"elementor-element elementor-element-c1021aa elementor-widget elementor-widget-heading\" data-id=\"c1021aa\" data-element_type=\"widget\" data-e-type=\"widget\" data-widget_type=\"heading.default\">\n\t\t\t\t<div class=\"elementor-widget-container\">\n\t\t\t\t\t<h2 class=\"elementor-heading-title elementor-size-default\">Die besten Aktivit\u00e4ten rund um den See\n<\/h2>\t\t\t\t<\/div>\n\t\t\t\t<\/div>\n\t\t\t\t<div class=\"elementor-element elementor-element-45b5657 elementor-widget elementor-widget-text-editor\" data-id=\"45b5657\" data-element_type=\"widget\" data-e-type=\"widget\" data-widget_type=\"text-editor.default\">\n\t\t\t\t<div class=\"elementor-widget-container\">\n\t\t\t\t\t\t\t\t\t<p>Sie fragen sich, was Sie am Gardasee unternehmen k\u00f6nnen? Es gibt zahlreiche Aktivit\u00e4ten, die f\u00fcr Unterhaltung sorgen, ganz gleich, ob Sie als Familie mit Kindern, als Paar, mit Freunden oder allein reisen.<\/p>\t\t\t\t\t\t\t\t<\/div>\n\t\t\t\t<\/div>\n\t\t\t\t\t<\/div>\n\t\t<\/div>\n\t\t\t\t\t<\/div>\n\t\t<\/section>\n\t\t\t\t<section class=\"elementor-section elementor-top-section elementor-element elementor-element-748a7ee elementor-section-boxed elementor-section-height-default elementor-section-height-default\" data-id=\"748a7ee\" data-element_type=\"section\" data-e-type=\"section\">\n\t\t\t\t\t\t<div class=\"elementor-container elementor-column-gap-default\">\n\t\t\t\t\t<div class=\"elementor-column elementor-col-50 elementor-top-column elementor-element elementor-element-c770afe\" data-id=\"c770afe\" data-element_type=\"column\" data-e-type=\"column\">\n\t\t\t<div class=\"elementor-widget-wrap elementor-element-populated\">\n\t\t\t\t\t\t<div class=\"elementor-element elementor-element-f3a743d elementor-widget elementor-widget-heading\" data-id=\"f3a743d\" data-element_type=\"widget\" data-e-type=\"widget\" data-widget_type=\"heading.default\">\n\t\t\t\t<div class=\"elementor-widget-container\">\n\t\t\t\t\t<h3 class=\"elementor-heading-title elementor-size-default\">Bootstouren\n<\/h3>\t\t\t\t<\/div>\n\t\t\t\t<\/div>\n\t\t\t\t<div class=\"elementor-element elementor-element-dcb367d elementor-widget elementor-widget-text-editor\" data-id=\"dcb367d\" data-element_type=\"widget\" data-e-type=\"widget\" data-widget_type=\"text-editor.default\">\n\t\t\t\t<div class=\"elementor-widget-container\">\n\t\t\t\t\t\t\t\t\t<p>Eine der besten M\u00f6glichkeiten, die sch\u00f6nen Orte am Gardasee zu erkunden, ist mit dem Boot. Bei privaten Bootstouren k\u00f6nnen Sie die malerischen D\u00f6rfer und dramatischen Klippen des Sees aus einer ganz anderen Perspektive erleben. Lesen Sie unseren Leitfaden zu Bootstouren und Bootsverleih am Gardasee f\u00fcr weitere Informationen.<\/p>\t\t\t\t\t\t\t\t<\/div>\n\t\t\t\t<\/div>\n\t\t\t\t\t<\/div>\n\t\t<\/div>\n\t\t\t\t<div class=\"elementor-column elementor-col-50 elementor-top-column elementor-element elementor-element-5c7eac3\" data-id=\"5c7eac3\" data-element_type=\"column\" data-e-type=\"column\">\n\t\t\t<div class=\"elementor-widget-wrap elementor-element-populated\">\n\t\t\t\t\t\t<div class=\"elementor-element elementor-element-24cd021 elementor-widget elementor-widget-heading\" data-id=\"24cd021\" data-element_type=\"widget\" data-e-type=\"widget\" data-widget_type=\"heading.default\">\n\t\t\t\t<div class=\"elementor-widget-container\">\n\t\t\t\t\t<h3 class=\"elementor-heading-title elementor-size-default\">Weinverkostung in Valpolicella\n<\/h3>\t\t\t\t<\/div>\n\t\t\t\t<\/div>\n\t\t\t\t<div class=\"elementor-element elementor-element-a01031b elementor-widget elementor-widget-text-editor\" data-id=\"a01031b\" data-element_type=\"widget\" data-e-type=\"widget\" data-widget_type=\"text-editor.default\">\n\t\t\t\t<div class=\"elementor-widget-container\">\n\t\t\t\t\t\t\t\t\t<p>Gleich hinter dem Ostufer des Sees liegt die Weinregion Valpolicella, die Heimat einiger der besten Weine Italiens ist. Bei einem Besuch k\u00f6nnen Sie die Weine Amarone, Valpolicella Ripasso und Recioto probieren und dabei die atemberaubende Aussicht auf die Weinberge genie\u00dfen.<\/p>\t\t\t\t\t\t\t\t<\/div>\n\t\t\t\t<\/div>\n\t\t\t\t\t<\/div>\n\t\t<\/div>\n\t\t\t\t\t<\/div>\n\t\t<\/section>\n\t\t\t\t<section class=\"elementor-section elementor-top-section elementor-element elementor-element-5ba6dd0 elementor-section-boxed elementor-section-height-default elementor-section-height-default\" data-id=\"5ba6dd0\" data-element_type=\"section\" data-e-type=\"section\">\n\t\t\t\t\t\t<div class=\"elementor-container elementor-column-gap-default\">\n\t\t\t\t\t<div class=\"elementor-column elementor-col-50 elementor-top-column elementor-element elementor-element-dba7b1c\" data-id=\"dba7b1c\" data-element_type=\"column\" data-e-type=\"column\">\n\t\t\t<div class=\"elementor-widget-wrap elementor-element-populated\">\n\t\t\t\t\t\t<div class=\"elementor-element elementor-element-fda3398 elementor-widget elementor-widget-heading\" data-id=\"fda3398\" data-element_type=\"widget\" data-e-type=\"widget\" data-widget_type=\"heading.default\">\n\t\t\t\t<div class=\"elementor-widget-container\">\n\t\t\t\t\t<h3 class=\"elementor-heading-title elementor-size-default\">Wandern und Radfahren\n<\/h3>\t\t\t\t<\/div>\n\t\t\t\t<\/div>\n\t\t\t\t<div class=\"elementor-element elementor-element-32b4b22 elementor-widget elementor-widget-text-editor\" data-id=\"32b4b22\" data-element_type=\"widget\" data-e-type=\"widget\" data-widget_type=\"text-editor.default\">\n\t\t\t\t<div class=\"elementor-widget-container\">\n\t\t\t\t\t\t\t\t\t<p>F\u00fcr Naturliebhaber bietet der Gardasee ein ausgedehntes Wegenetz, das von Spazierg\u00e4ngen am Seeufer bis hin zu anspruchsvollen Bergwanderungen reicht. Radsportbegeisterte kommen auf der malerischen Route Garda by Bike voll auf ihre Kosten, die sich \u00fcber 140 km entlang des gr\u00f6\u00dften Teils des Seeufers erstreckt.<\/p>\t\t\t\t\t\t\t\t<\/div>\n\t\t\t\t<\/div>\n\t\t\t\t\t<\/div>\n\t\t<\/div>\n\t\t\t\t<div class=\"elementor-column elementor-col-50 elementor-top-column elementor-element elementor-element-8da8823\" data-id=\"8da8823\" data-element_type=\"column\" data-e-type=\"column\">\n\t\t\t<div class=\"elementor-widget-wrap elementor-element-populated\">\n\t\t\t\t\t\t<div class=\"elementor-element elementor-element-c43b682 elementor-widget elementor-widget-heading\" data-id=\"c43b682\" data-element_type=\"widget\" data-e-type=\"widget\" data-widget_type=\"heading.default\">\n\t\t\t\t<div class=\"elementor-widget-container\">\n\t\t\t\t\t<h3 class=\"elementor-heading-title elementor-size-default\">Paragliding vom Monte Baldo\n<\/h3>\t\t\t\t<\/div>\n\t\t\t\t<\/div>\n\t\t\t\t<div class=\"elementor-element elementor-element-c967cd0 elementor-widget elementor-widget-text-editor\" data-id=\"c967cd0\" data-element_type=\"widget\" data-e-type=\"widget\" data-widget_type=\"text-editor.default\">\n\t\t\t\t<div class=\"elementor-widget-container\">\n\t\t\t\t\t\t\t\t\t<p>Wenn Sie etwas anderes und wirklich Unvergessliches erleben m\u00f6chten, versuchen Sie es mit Gleitschirmfliegen vom Monte Baldo. Die Aussicht \u00fcber den See ist unvergleichlich und macht dieses Abenteuer zu einem idealen Erlebnis f\u00fcr alle, die den Nervenkitzel suchen.<\/p>\t\t\t\t\t\t\t\t<\/div>\n\t\t\t\t<\/div>\n\t\t\t\t\t<\/div>\n\t\t<\/div>\n\t\t\t\t\t<\/div>\n\t\t<\/section>\n\t\t<div class=\"elementor-element elementor-element-c8c4819 e-flex e-con-boxed e-con e-parent\" data-id=\"c8c4819\" data-element_type=\"container\" data-e-type=\"container\">\n\t\t\t\t\t<div class=\"e-con-inner\">\n\t\t\t\t<div class=\"elementor-element elementor-element-3b6d5be elementor-widget elementor-widget-image\" data-id=\"3b6d5be\" data-element_type=\"widget\" data-e-type=\"widget\" data-widget_type=\"image.default\">\n\t\t\t\t<div class=\"elementor-widget-container\">\n\t\t\t\t\t\t\t\t\t\t\t\t\t\t\t<img decoding=\"async\" width=\"1200\" height=\"600\" src=\"https:\/\/www.domusrental.com\/blog\/wp-content\/uploads\/2025\/03\/iStock-1809258852.webp\" class=\"attachment-full size-full wp-image-3640\" alt=\"vacanze sul lago di garda\" srcset=\"https:\/\/www.domusrental.com\/blog\/wp-content\/uploads\/2025\/03\/iStock-1809258852.webp 1200w, https:\/\/www.domusrental.com\/blog\/wp-content\/uploads\/2025\/03\/iStock-1809258852-768x384.webp 768w\" sizes=\"(max-width: 1200px) 100vw, 1200px\" \/>\t\t\t\t\t\t\t\t\t\t\t\t\t\t\t<\/div>\n\t\t\t\t<\/div>\n\t\t\t\t\t<\/div>\n\t\t\t\t<\/div>\n\t\t\t\t<section class=\"elementor-section elementor-top-section elementor-element elementor-element-b1803fe elementor-section-boxed elementor-section-height-default elementor-section-height-default\" data-id=\"b1803fe\" data-element_type=\"section\" data-e-type=\"section\">\n\t\t\t\t\t\t<div class=\"elementor-container elementor-column-gap-default\">\n\t\t\t\t\t<div class=\"elementor-column elementor-col-100 elementor-top-column elementor-element elementor-element-8274276\" data-id=\"8274276\" data-element_type=\"column\" data-e-type=\"column\">\n\t\t\t<div class=\"elementor-widget-wrap elementor-element-populated\">\n\t\t\t\t\t\t<div class=\"elementor-element elementor-element-f675898 elementor-widget elementor-widget-heading\" data-id=\"f675898\" data-element_type=\"widget\" data-e-type=\"widget\" data-widget_type=\"heading.default\">\n\t\t\t\t<div class=\"elementor-widget-container\">\n\t\t\t\t\t<h2 class=\"elementor-heading-title elementor-size-default\">Reisetipps und Fortbewegung\n<\/h2>\t\t\t\t<\/div>\n\t\t\t\t<\/div>\n\t\t\t\t<div class=\"elementor-element elementor-element-ea7b6d3 elementor-widget elementor-widget-text-editor\" data-id=\"ea7b6d3\" data-element_type=\"widget\" data-e-type=\"widget\" data-widget_type=\"text-editor.default\">\n\t\t\t\t<div class=\"elementor-widget-container\">\n\t\t\t\t\t\t\t\t\t<ul><li style=\"font-weight: 400;\" aria-level=\"1\"><strong>Mit dem Auto<\/strong>: Ein (Miet-)Wagen ist die beste M\u00f6glichkeit, die sch\u00f6nsten Orte auf der Karte des Gardasees zu erkunden, da er maximale Flexibilit\u00e4t bietet. Seien Sie jedoch auf kurvenreiche Stra\u00dfen, insbesondere in den n\u00f6rdlichen Gebieten, und auf etwas Verkehr w\u00e4hrend der Hochsaison vorbereitet.<\/li><li style=\"font-weight: 400;\" aria-level=\"1\"><strong>Mit der F\u00e4hre<\/strong>: Ein F\u00e4hrnetz verbindet viele der sch\u00f6nsten St\u00e4dte des Sees und bietet eine entspannte und malerische Art des Reisens.<\/li><li style=\"font-weight: 400;\" aria-level=\"1\"><strong>Mit dem Zug<\/strong>: St\u00e4dte wie Desenzano del Garda und Peschiera del Garda sind gut mit dem Zug an St\u00e4dte wie Verona und Mailand angebunden.<\/li><li style=\"font-weight: 400;\" aria-level=\"1\"><strong>Mit dem Fahrrad<\/strong>: Der See l\u00e4sst sich hervorragend mit dem Fahrrad erkunden, es gibt viele gut ausgebaute Wege und malerische K\u00fcstenstra\u00dfen.<\/li><\/ul>\t\t\t\t\t\t\t\t<\/div>\n\t\t\t\t<\/div>\n\t\t\t\t\t<\/div>\n\t\t<\/div>\n\t\t\t\t\t<\/div>\n\t\t<\/section>\n\t\t\t\t<section class=\"elementor-section elementor-top-section elementor-element elementor-element-ecbb5cb elementor-section-boxed elementor-section-height-default elementor-section-height-default\" data-id=\"ecbb5cb\" data-element_type=\"section\" data-e-type=\"section\">\n\t\t\t\t\t\t<div class=\"elementor-container elementor-column-gap-default\">\n\t\t\t\t\t<div class=\"elementor-column elementor-col-100 elementor-top-column elementor-element elementor-element-86c4579\" data-id=\"86c4579\" data-element_type=\"column\" data-e-type=\"column\">\n\t\t\t<div class=\"elementor-widget-wrap elementor-element-populated\">\n\t\t\t\t\t\t<div class=\"elementor-element elementor-element-43c8b85 elementor-widget elementor-widget-heading\" data-id=\"43c8b85\" data-element_type=\"widget\" data-e-type=\"widget\" data-widget_type=\"heading.default\">\n\t\t\t\t<div class=\"elementor-widget-container\">\n\t\t\t\t\t<h2 class=\"elementor-heading-title elementor-size-default\">Fazit: Erleben Sie die Sch\u00f6nheit des Gardasees\n<\/h2>\t\t\t\t<\/div>\n\t\t\t\t<\/div>\n\t\t\t\t<div class=\"elementor-element elementor-element-c4a9840 elementor-widget elementor-widget-text-editor\" data-id=\"c4a9840\" data-element_type=\"widget\" data-e-type=\"widget\" data-widget_type=\"text-editor.default\">\n\t\t\t\t<div class=\"elementor-widget-container\">\n\t\t\t\t\t\t\t\t\t<p>Von historischen St\u00e4dten und atemberaubenden Bergpanoramen bis hin zu aufregenden Outdoor-Aktivit\u00e4ten \u2013 die sch\u00f6nsten Orte am Gardasee sind unbestreitbar und bieten f\u00fcr jeden Reisenden etwas. Ob Sie mittelalterliche Burgen bewundern, erstklassige Weine verkosten oder einfach nur die atemberaubende Landschaft genie\u00dfen \u2013 der Gardasee beeindruckt immer wieder aufs Neue.<\/p><p>Sind Sie bereit, die sch\u00f6nsten Orte am Gardasee selbst zu erleben? Stellen Sie sich vor, Sie entspannen sich in einer luxuri\u00f6sen Villa mit privatem Pool und Panoramablick auf den See oder genie\u00dfen den Komfort eines modernen Apartments in malerischen D\u00f6rfern wie Torri del Benaco. Bei Domus Rental bieten wir eine sorgf\u00e4ltig zusammengestellte Auswahl an Unterk\u00fcnften, die Ihren Aufenthalt zu etwas ganz Besonderem machen. Entdecken Sie unsere exklusiven Villen und Apartments und buchen Sie noch heute Ihren perfekten Urlaub am Gardasee mit Domus Rental!<\/p><p>\u00a0<\/p>\t\t\t\t\t\t\t\t<\/div>\n\t\t\t\t<\/div>\n\t\t\t\t\t<\/div>\n\t\t<\/div>\n\t\t\t\t\t<\/div>\n\t\t<\/section>\n\t\t\t\t<section class=\"elementor-section elementor-top-section elementor-element elementor-element-4a9bbc9b elementor-section-boxed elementor-section-height-default elementor-section-height-default\" data-id=\"4a9bbc9b\" data-element_type=\"section\" data-e-type=\"section\">\n\t\t\t\t\t\t<div class=\"elementor-container elementor-column-gap-default\">\n\t\t\t\t\t<div class=\"elementor-column elementor-col-100 elementor-top-column elementor-element elementor-element-4b865aa3\" data-id=\"4b865aa3\" data-element_type=\"column\" data-e-type=\"column\">\n\t\t\t<div class=\"elementor-widget-wrap elementor-element-populated\">\n\t\t\t\t\t\t<div class=\"elementor-element elementor-element-520c8790 elementor-widget elementor-widget-shortcode\" data-id=\"520c8790\" data-element_type=\"widget\" data-e-type=\"widget\" data-widget_type=\"shortcode.default\">\n\t\t\t\t<div class=\"elementor-widget-container\">\n\t\t\t\t\t\t\t<div class=\"elementor-shortcode\">\t\t<div data-elementor-type=\"section\" data-elementor-id=\"2987\" class=\"elementor elementor-2987 elementor-2187 elementor-2187\" data-elementor-post-type=\"elementor_library\">\n\t\t\t\t\t<section class=\"elementor-section elementor-top-section elementor-element elementor-element-28474215 elementor-section-boxed elementor-section-height-default elementor-section-height-default\" data-id=\"28474215\" data-element_type=\"section\" data-e-type=\"section\">\n\t\t\t\t\t\t<div class=\"elementor-container elementor-column-gap-default\">\n\t\t\t\t\t<div class=\"elementor-column elementor-col-33 elementor-top-column elementor-element elementor-element-488016b\" data-id=\"488016b\" data-element_type=\"column\" data-e-type=\"column\">\n\t\t\t<div class=\"elementor-widget-wrap elementor-element-populated\">\n\t\t\t\t\t\t<div class=\"elementor-element elementor-element-7158b6ec elementor-cta--skin-cover elementor-animated-content elementor-bg-transform elementor-bg-transform-zoom-in elementor-widget elementor-widget-call-to-action\" data-id=\"7158b6ec\" data-element_type=\"widget\" data-e-type=\"widget\" data-widget_type=\"call-to-action.default\">\n\t\t\t\t<div class=\"elementor-widget-container\">\n\t\t\t\t\t\t\t<a class=\"elementor-cta\" href=\"https:\/\/www.domusrental.com\/de\/villa-gardasee\/\">\n\t\t\t\t\t<div class=\"elementor-cta__bg-wrapper\">\n\t\t\t\t<div class=\"elementor-cta__bg elementor-bg\" style=\"background-image: url(https:\/\/www.domusrental.com\/blog\/wp-content\/uploads\/2024\/04\/3-review-1-1-1920x630.jpg);\" role=\"img\" aria-label=\"3-review-1.jpg\"><\/div>\n\t\t\t\t<div class=\"elementor-cta__bg-overlay\"><\/div>\n\t\t\t<\/div>\n\t\t\t\t\t\t\t<div class=\"elementor-cta__content\">\n\t\t\t\t\n\t\t\t\t\n\t\t\t\t\n\t\t\t\t\t\t\t\t\t<div class=\"elementor-cta__button-wrapper elementor-cta__content-item elementor-content-item elementor-animated-item--grow\">\n\t\t\t\t\t<span class=\"elementor-cta__button elementor-button elementor-size-\">\n\t\t\t\t\t\tVilla Gardasee\t\t\t\t\t<\/span>\n\t\t\t\t\t<\/div>\n\t\t\t\t\t\t\t<\/div>\n\t\t\t\t\t\t<\/a>\n\t\t\t\t\t\t<\/div>\n\t\t\t\t<\/div>\n\t\t\t\t\t<\/div>\n\t\t<\/div>\n\t\t\t\t<div class=\"elementor-column elementor-col-33 elementor-top-column elementor-element elementor-element-2f46c64f\" data-id=\"2f46c64f\" data-element_type=\"column\" data-e-type=\"column\">\n\t\t\t<div class=\"elementor-widget-wrap elementor-element-populated\">\n\t\t\t\t\t\t<div class=\"elementor-element elementor-element-25d5a87e elementor-cta--skin-cover elementor-animated-content elementor-bg-transform elementor-bg-transform-zoom-in elementor-widget elementor-widget-call-to-action\" data-id=\"25d5a87e\" data-element_type=\"widget\" data-e-type=\"widget\" data-widget_type=\"call-to-action.default\">\n\t\t\t\t<div class=\"elementor-widget-container\">\n\t\t\t\t\t\t\t<a class=\"elementor-cta\" href=\"https:\/\/www.domusrental.com\/de\/gardasee-unterkunft\/\">\n\t\t\t\t\t<div class=\"elementor-cta__bg-wrapper\">\n\t\t\t\t<div class=\"elementor-cta__bg elementor-bg\" style=\"background-image: url(https:\/\/www.domusrental.com\/blog\/wp-content\/uploads\/2024\/04\/iStock-1414288968-1-1-1521x630.jpg);\" role=\"img\" aria-label=\"iStock-1414288968-1.jpg\"><\/div>\n\t\t\t\t<div class=\"elementor-cta__bg-overlay\"><\/div>\n\t\t\t<\/div>\n\t\t\t\t\t\t\t<div class=\"elementor-cta__content\">\n\t\t\t\t\n\t\t\t\t\n\t\t\t\t\n\t\t\t\t\t\t\t\t\t<div class=\"elementor-cta__button-wrapper elementor-cta__content-item elementor-content-item elementor-animated-item--grow\">\n\t\t\t\t\t<span class=\"elementor-cta__button elementor-button elementor-size-\">\n\t\t\t\t\t\tUnterk\u00fcnfte am Gardasee\t\t\t\t\t<\/span>\n\t\t\t\t\t<\/div>\n\t\t\t\t\t\t\t<\/div>\n\t\t\t\t\t\t<\/a>\n\t\t\t\t\t\t<\/div>\n\t\t\t\t<\/div>\n\t\t\t\t\t<\/div>\n\t\t<\/div>\n\t\t\t\t<div class=\"elementor-column elementor-col-33 elementor-top-column elementor-element elementor-element-433fe887\" data-id=\"433fe887\" data-element_type=\"column\" data-e-type=\"column\">\n\t\t\t<div class=\"elementor-widget-wrap elementor-element-populated\">\n\t\t\t\t\t\t<div class=\"elementor-element elementor-element-22532495 elementor-cta--skin-cover elementor-animated-content elementor-bg-transform elementor-bg-transform-zoom-in elementor-widget elementor-widget-call-to-action\" data-id=\"22532495\" data-element_type=\"widget\" data-e-type=\"widget\" data-widget_type=\"call-to-action.default\">\n\t\t\t\t<div class=\"elementor-widget-container\">\n\t\t\t\t\t\t\t<a class=\"elementor-cta\" href=\"https:\/\/www.domusrental.com\/de\/ferienwohnungen-gardasee\/\">\n\t\t\t\t\t<div class=\"elementor-cta__bg-wrapper\">\n\t\t\t\t<div class=\"elementor-cta__bg elementor-bg\" style=\"background-image: url(https:\/\/www.domusrental.com\/blog\/wp-content\/uploads\/2024\/04\/apartments-in-lake-garda-1-1-1533x630.jpg);\" role=\"img\" aria-label=\"apartments-in-lake-garda-1.jpg\"><\/div>\n\t\t\t\t<div class=\"elementor-cta__bg-overlay\"><\/div>\n\t\t\t<\/div>\n\t\t\t\t\t\t\t<div class=\"elementor-cta__content\">\n\t\t\t\t\n\t\t\t\t\n\t\t\t\t\n\t\t\t\t\t\t\t\t\t<div class=\"elementor-cta__button-wrapper elementor-cta__content-item elementor-content-item elementor-animated-item--grow\">\n\t\t\t\t\t<span class=\"elementor-cta__button elementor-button elementor-size-\">\n\t\t\t\t\t\tFerienwohnungen am Gardasee\t\t\t\t\t<\/span>\n\t\t\t\t\t<\/div>\n\t\t\t\t\t\t\t<\/div>\n\t\t\t\t\t\t<\/a>\n\t\t\t\t\t\t<\/div>\n\t\t\t\t<\/div>\n\t\t\t\t\t<\/div>\n\t\t<\/div>\n\t\t\t\t\t<\/div>\n\t\t<\/section>\n\t\t\t\t<\/div>\n\t\t<\/div>\n\t\t\t\t\t\t<\/div>\n\t\t\t\t<\/div>\n\t\t\t\t\t<\/div>\n\t\t<\/div>\n\t\t\t\t\t<\/div>\n\t\t<\/section>\n\t\t\t\t<\/div>\n\t\t","protected":false},"excerpt":{"rendered":"<p>Als gr\u00f6\u00dfter See Italiens ist der Gardasee ein Reiseziel, das mit unglaublichen Landschaften, malerischen Bergd\u00f6rfern und endlosen M\u00f6glichkeiten f\u00fcr Erkundungstouren aufwartet. Er erstreckt sich \u00fcber die Regionen Lombardei, Venetien und Trentino-S\u00fcdtirol, wobei es in diesem Teil der Welt nicht an Geschichte, Kultur und purer Natursch\u00f6nheit mangelt. Aber was sind die sch\u00f6nsten Orte am Gardasee? Bei [&hellip;]<\/p>\n","protected":false},"author":2,"featured_media":3732,"comment_status":"open","ping_status":"closed","sticky":false,"template":"","format":"standard","meta":{"footnotes":""},"categories":[63],"tags":[],"class_list":["post-3738","post","type-post","status-publish","format-standard","has-post-thumbnail","hentry","category-citta-lago-di-garda"],"yoast_head":"<!-- This site is optimized with the Yoast SEO plugin v27.4 - https:\/\/yoast.com\/product\/yoast-seo-wordpress\/ -->\n<title>Der Gardasee: Die sch\u00f6nsten Orte, die Sie nicht verpassen d\u00fcrfen - Blog | Domus Rental<\/title>\n<meta name=\"description\" content=\"Entdecken Sie die sch\u00f6nsten Orte rund um den Gardasee. Ein Paradies f\u00fcr Liebhaber von Natur, Sport und Ruhe.\" \/>\n<meta name=\"robots\" content=\"index, follow, max-snippet:-1, max-image-preview:large, max-video-preview:-1\" \/>\n<link rel=\"canonical\" href=\"https:\/\/www.domusrental.com\/blog\/de\/gardasee-die-schonsten\/\" \/>\n<meta property=\"og:locale\" content=\"de_DE\" \/>\n<meta property=\"og:type\" content=\"article\" \/>\n<meta property=\"og:title\" content=\"Der Gardasee: Die sch\u00f6nsten Orte, die Sie nicht verpassen d\u00fcrfen - Blog | Domus Rental\" \/>\n<meta property=\"og:description\" content=\"Entdecken Sie die sch\u00f6nsten Orte rund um den Gardasee. Ein Paradies f\u00fcr Liebhaber von Natur, Sport und Ruhe.\" \/>\n<meta property=\"og:url\" content=\"https:\/\/www.domusrental.com\/blog\/de\/gardasee-die-schonsten\/\" \/>\n<meta property=\"og:site_name\" content=\"Blog | Domus Rental\" \/>\n<meta property=\"article:publisher\" content=\"https:\/\/www.facebook.com\/domusrental\" \/>\n<meta property=\"article:published_time\" content=\"2025-03-17T11:06:10+00:00\" \/>\n<meta property=\"article:modified_time\" content=\"2025-08-21T10:07:34+00:00\" \/>\n<meta property=\"og:image\" content=\"https:\/\/www.domusrental.com\/blog\/wp-content\/uploads\/2025\/03\/lake-garda-places.jpg\" \/>\n\t<meta property=\"og:image:width\" content=\"1920\" \/>\n\t<meta property=\"og:image:height\" content=\"724\" \/>\n\t<meta property=\"og:image:type\" content=\"image\/jpeg\" \/>\n<meta name=\"author\" content=\"digitalservices\" \/>\n<meta name=\"twitter:card\" content=\"summary_large_image\" \/>\n<meta name=\"twitter:creator\" content=\"@DomusRental\" \/>\n<meta name=\"twitter:site\" content=\"@DomusRental\" \/>\n<meta name=\"twitter:label1\" content=\"Verfasst von\" \/>\n\t<meta name=\"twitter:data1\" content=\"digitalservices\" \/>\n\t<meta name=\"twitter:label2\" content=\"Gesch\u00e4tzte Lesezeit\" \/>\n\t<meta name=\"twitter:data2\" content=\"7\u00a0Minuten\" \/>\n<script type=\"application\/ld+json\" class=\"yoast-schema-graph\">{\"@context\":\"https:\\\/\\\/schema.org\",\"@graph\":[{\"@type\":\"Article\",\"@id\":\"https:\\\/\\\/www.domusrental.com\\\/blog\\\/de\\\/gardasee-die-schonsten\\\/#article\",\"isPartOf\":{\"@id\":\"https:\\\/\\\/www.domusrental.com\\\/blog\\\/de\\\/gardasee-die-schonsten\\\/\"},\"author\":{\"name\":\"digitalservices\",\"@id\":\"https:\\\/\\\/www.domusrental.com\\\/blog\\\/#\\\/schema\\\/person\\\/4704eef53d63fc41b94477baca3572f8\"},\"headline\":\"Der Gardasee: Die sch\u00f6nsten Orte, die Sie nicht verpassen d\u00fcrfen\",\"datePublished\":\"2025-03-17T11:06:10+00:00\",\"dateModified\":\"2025-08-21T10:07:34+00:00\",\"mainEntityOfPage\":{\"@id\":\"https:\\\/\\\/www.domusrental.com\\\/blog\\\/de\\\/gardasee-die-schonsten\\\/\"},\"wordCount\":1215,\"commentCount\":0,\"publisher\":{\"@id\":\"https:\\\/\\\/www.domusrental.com\\\/blog\\\/#organization\"},\"image\":{\"@id\":\"https:\\\/\\\/www.domusrental.com\\\/blog\\\/de\\\/gardasee-die-schonsten\\\/#primaryimage\"},\"thumbnailUrl\":\"https:\\\/\\\/www.domusrental.com\\\/blog\\\/wp-content\\\/uploads\\\/2025\\\/03\\\/lake-garda-places.jpg\",\"articleSection\":[\"Citt\u00e0\"],\"inLanguage\":\"de\",\"potentialAction\":[{\"@type\":\"CommentAction\",\"name\":\"Comment\",\"target\":[\"https:\\\/\\\/www.domusrental.com\\\/blog\\\/de\\\/gardasee-die-schonsten\\\/#respond\"]}]},{\"@type\":\"WebPage\",\"@id\":\"https:\\\/\\\/www.domusrental.com\\\/blog\\\/de\\\/gardasee-die-schonsten\\\/\",\"url\":\"https:\\\/\\\/www.domusrental.com\\\/blog\\\/de\\\/gardasee-die-schonsten\\\/\",\"name\":\"Der Gardasee: Die sch\u00f6nsten Orte, die Sie nicht verpassen d\u00fcrfen - Blog | Domus Rental\",\"isPartOf\":{\"@id\":\"https:\\\/\\\/www.domusrental.com\\\/blog\\\/#website\"},\"primaryImageOfPage\":{\"@id\":\"https:\\\/\\\/www.domusrental.com\\\/blog\\\/de\\\/gardasee-die-schonsten\\\/#primaryimage\"},\"image\":{\"@id\":\"https:\\\/\\\/www.domusrental.com\\\/blog\\\/de\\\/gardasee-die-schonsten\\\/#primaryimage\"},\"thumbnailUrl\":\"https:\\\/\\\/www.domusrental.com\\\/blog\\\/wp-content\\\/uploads\\\/2025\\\/03\\\/lake-garda-places.jpg\",\"datePublished\":\"2025-03-17T11:06:10+00:00\",\"dateModified\":\"2025-08-21T10:07:34+00:00\",\"description\":\"Entdecken Sie die sch\u00f6nsten Orte rund um den Gardasee. Ein Paradies f\u00fcr Liebhaber von Natur, Sport und Ruhe.\",\"breadcrumb\":{\"@id\":\"https:\\\/\\\/www.domusrental.com\\\/blog\\\/de\\\/gardasee-die-schonsten\\\/#breadcrumb\"},\"inLanguage\":\"de\",\"potentialAction\":[{\"@type\":\"ReadAction\",\"target\":[\"https:\\\/\\\/www.domusrental.com\\\/blog\\\/de\\\/gardasee-die-schonsten\\\/\"]}]},{\"@type\":\"ImageObject\",\"inLanguage\":\"de\",\"@id\":\"https:\\\/\\\/www.domusrental.com\\\/blog\\\/de\\\/gardasee-die-schonsten\\\/#primaryimage\",\"url\":\"https:\\\/\\\/www.domusrental.com\\\/blog\\\/wp-content\\\/uploads\\\/2025\\\/03\\\/lake-garda-places.jpg\",\"contentUrl\":\"https:\\\/\\\/www.domusrental.com\\\/blog\\\/wp-content\\\/uploads\\\/2025\\\/03\\\/lake-garda-places.jpg\",\"width\":1920,\"height\":724,\"caption\":\"lake garda places\"},{\"@type\":\"BreadcrumbList\",\"@id\":\"https:\\\/\\\/www.domusrental.com\\\/blog\\\/de\\\/gardasee-die-schonsten\\\/#breadcrumb\",\"itemListElement\":[{\"@type\":\"ListItem\",\"position\":1,\"name\":\"Home\",\"item\":\"https:\\\/\\\/www.domusrental.com\\\/blog\\\/de\\\/\"},{\"@type\":\"ListItem\",\"position\":2,\"name\":\"Der Gardasee: Die sch\u00f6nsten Orte, die Sie nicht verpassen d\u00fcrfen\"}]},{\"@type\":\"WebSite\",\"@id\":\"https:\\\/\\\/www.domusrental.com\\\/blog\\\/#website\",\"url\":\"https:\\\/\\\/www.domusrental.com\\\/blog\\\/\",\"name\":\"Domus Rental\",\"description\":\"\",\"publisher\":{\"@id\":\"https:\\\/\\\/www.domusrental.com\\\/blog\\\/#organization\"},\"potentialAction\":[{\"@type\":\"SearchAction\",\"target\":{\"@type\":\"EntryPoint\",\"urlTemplate\":\"https:\\\/\\\/www.domusrental.com\\\/blog\\\/?s={search_term_string}\"},\"query-input\":{\"@type\":\"PropertyValueSpecification\",\"valueRequired\":true,\"valueName\":\"search_term_string\"}}],\"inLanguage\":\"de\"},{\"@type\":\"Organization\",\"@id\":\"https:\\\/\\\/www.domusrental.com\\\/blog\\\/#organization\",\"name\":\"Blog | Domus Rental\",\"url\":\"https:\\\/\\\/www.domusrental.com\\\/blog\\\/\",\"logo\":{\"@type\":\"ImageObject\",\"inLanguage\":\"de\",\"@id\":\"https:\\\/\\\/www.domusrental.com\\\/blog\\\/#\\\/schema\\\/logo\\\/image\\\/\",\"url\":\"https:\\\/\\\/www.domusrental.com\\\/blog\\\/wp-content\\\/uploads\\\/2024\\\/04\\\/favicon.png\",\"contentUrl\":\"https:\\\/\\\/www.domusrental.com\\\/blog\\\/wp-content\\\/uploads\\\/2024\\\/04\\\/favicon.png\",\"width\":298,\"height\":298,\"caption\":\"Blog | Domus Rental\"},\"image\":{\"@id\":\"https:\\\/\\\/www.domusrental.com\\\/blog\\\/#\\\/schema\\\/logo\\\/image\\\/\"},\"sameAs\":[\"https:\\\/\\\/www.facebook.com\\\/domusrental\",\"https:\\\/\\\/x.com\\\/DomusRental\"]},{\"@type\":\"Person\",\"@id\":\"https:\\\/\\\/www.domusrental.com\\\/blog\\\/#\\\/schema\\\/person\\\/4704eef53d63fc41b94477baca3572f8\",\"name\":\"digitalservices\",\"image\":{\"@type\":\"ImageObject\",\"inLanguage\":\"de\",\"@id\":\"https:\\\/\\\/secure.gravatar.com\\\/avatar\\\/af30f88a1904294c1f3eb09a9d7903eec4ffa18fa2cf40c28a8681014ecdfc20?s=96&d=mm&r=g\",\"url\":\"https:\\\/\\\/secure.gravatar.com\\\/avatar\\\/af30f88a1904294c1f3eb09a9d7903eec4ffa18fa2cf40c28a8681014ecdfc20?s=96&d=mm&r=g\",\"contentUrl\":\"https:\\\/\\\/secure.gravatar.com\\\/avatar\\\/af30f88a1904294c1f3eb09a9d7903eec4ffa18fa2cf40c28a8681014ecdfc20?s=96&d=mm&r=g\",\"caption\":\"digitalservices\"},\"url\":\"https:\\\/\\\/www.domusrental.com\\\/blog\\\/de\\\/author\\\/digitalservices\\\/\"}]}<\/script>\n<!-- \/ Yoast SEO plugin. -->","yoast_head_json":{"title":"Der Gardasee: Die sch\u00f6nsten Orte, die Sie nicht verpassen d\u00fcrfen - Blog | Domus Rental","description":"Entdecken Sie die sch\u00f6nsten Orte rund um den Gardasee. Ein Paradies f\u00fcr Liebhaber von Natur, Sport und Ruhe.","robots":{"index":"index","follow":"follow","max-snippet":"max-snippet:-1","max-image-preview":"max-image-preview:large","max-video-preview":"max-video-preview:-1"},"canonical":"https:\/\/www.domusrental.com\/blog\/de\/gardasee-die-schonsten\/","og_locale":"de_DE","og_type":"article","og_title":"Der Gardasee: Die sch\u00f6nsten Orte, die Sie nicht verpassen d\u00fcrfen - Blog | Domus Rental","og_description":"Entdecken Sie die sch\u00f6nsten Orte rund um den Gardasee. Ein Paradies f\u00fcr Liebhaber von Natur, Sport und Ruhe.","og_url":"https:\/\/www.domusrental.com\/blog\/de\/gardasee-die-schonsten\/","og_site_name":"Blog | Domus Rental","article_publisher":"https:\/\/www.facebook.com\/domusrental","article_published_time":"2025-03-17T11:06:10+00:00","article_modified_time":"2025-08-21T10:07:34+00:00","og_image":[{"width":1920,"height":724,"url":"https:\/\/www.domusrental.com\/blog\/wp-content\/uploads\/2025\/03\/lake-garda-places.jpg","type":"image\/jpeg"}],"author":"digitalservices","twitter_card":"summary_large_image","twitter_creator":"@DomusRental","twitter_site":"@DomusRental","twitter_misc":{"Verfasst von":"digitalservices","Gesch\u00e4tzte Lesezeit":"7\u00a0Minuten"},"schema":{"@context":"https:\/\/schema.org","@graph":[{"@type":"Article","@id":"https:\/\/www.domusrental.com\/blog\/de\/gardasee-die-schonsten\/#article","isPartOf":{"@id":"https:\/\/www.domusrental.com\/blog\/de\/gardasee-die-schonsten\/"},"author":{"name":"digitalservices","@id":"https:\/\/www.domusrental.com\/blog\/#\/schema\/person\/4704eef53d63fc41b94477baca3572f8"},"headline":"Der Gardasee: Die sch\u00f6nsten Orte, die Sie nicht verpassen d\u00fcrfen","datePublished":"2025-03-17T11:06:10+00:00","dateModified":"2025-08-21T10:07:34+00:00","mainEntityOfPage":{"@id":"https:\/\/www.domusrental.com\/blog\/de\/gardasee-die-schonsten\/"},"wordCount":1215,"commentCount":0,"publisher":{"@id":"https:\/\/www.domusrental.com\/blog\/#organization"},"image":{"@id":"https:\/\/www.domusrental.com\/blog\/de\/gardasee-die-schonsten\/#primaryimage"},"thumbnailUrl":"https:\/\/www.domusrental.com\/blog\/wp-content\/uploads\/2025\/03\/lake-garda-places.jpg","articleSection":["Citt\u00e0"],"inLanguage":"de","potentialAction":[{"@type":"CommentAction","name":"Comment","target":["https:\/\/www.domusrental.com\/blog\/de\/gardasee-die-schonsten\/#respond"]}]},{"@type":"WebPage","@id":"https:\/\/www.domusrental.com\/blog\/de\/gardasee-die-schonsten\/","url":"https:\/\/www.domusrental.com\/blog\/de\/gardasee-die-schonsten\/","name":"Der Gardasee: Die sch\u00f6nsten Orte, die Sie nicht verpassen d\u00fcrfen - Blog | Domus Rental","isPartOf":{"@id":"https:\/\/www.domusrental.com\/blog\/#website"},"primaryImageOfPage":{"@id":"https:\/\/www.domusrental.com\/blog\/de\/gardasee-die-schonsten\/#primaryimage"},"image":{"@id":"https:\/\/www.domusrental.com\/blog\/de\/gardasee-die-schonsten\/#primaryimage"},"thumbnailUrl":"https:\/\/www.domusrental.com\/blog\/wp-content\/uploads\/2025\/03\/lake-garda-places.jpg","datePublished":"2025-03-17T11:06:10+00:00","dateModified":"2025-08-21T10:07:34+00:00","description":"Entdecken Sie die sch\u00f6nsten Orte rund um den Gardasee. Ein Paradies f\u00fcr Liebhaber von Natur, Sport und Ruhe.","breadcrumb":{"@id":"https:\/\/www.domusrental.com\/blog\/de\/gardasee-die-schonsten\/#breadcrumb"},"inLanguage":"de","potentialAction":[{"@type":"ReadAction","target":["https:\/\/www.domusrental.com\/blog\/de\/gardasee-die-schonsten\/"]}]},{"@type":"ImageObject","inLanguage":"de","@id":"https:\/\/www.domusrental.com\/blog\/de\/gardasee-die-schonsten\/#primaryimage","url":"https:\/\/www.domusrental.com\/blog\/wp-content\/uploads\/2025\/03\/lake-garda-places.jpg","contentUrl":"https:\/\/www.domusrental.com\/blog\/wp-content\/uploads\/2025\/03\/lake-garda-places.jpg","width":1920,"height":724,"caption":"lake garda places"},{"@type":"BreadcrumbList","@id":"https:\/\/www.domusrental.com\/blog\/de\/gardasee-die-schonsten\/#breadcrumb","itemListElement":[{"@type":"ListItem","position":1,"name":"Home","item":"https:\/\/www.domusrental.com\/blog\/de\/"},{"@type":"ListItem","position":2,"name":"Der Gardasee: Die sch\u00f6nsten Orte, die Sie nicht verpassen d\u00fcrfen"}]},{"@type":"WebSite","@id":"https:\/\/www.domusrental.com\/blog\/#website","url":"https:\/\/www.domusrental.com\/blog\/","name":"Domus Rental","description":"","publisher":{"@id":"https:\/\/www.domusrental.com\/blog\/#organization"},"potentialAction":[{"@type":"SearchAction","target":{"@type":"EntryPoint","urlTemplate":"https:\/\/www.domusrental.com\/blog\/?s={search_term_string}"},"query-input":{"@type":"PropertyValueSpecification","valueRequired":true,"valueName":"search_term_string"}}],"inLanguage":"de"},{"@type":"Organization","@id":"https:\/\/www.domusrental.com\/blog\/#organization","name":"Blog | Domus Rental","url":"https:\/\/www.domusrental.com\/blog\/","logo":{"@type":"ImageObject","inLanguage":"de","@id":"https:\/\/www.domusrental.com\/blog\/#\/schema\/logo\/image\/","url":"https:\/\/www.domusrental.com\/blog\/wp-content\/uploads\/2024\/04\/favicon.png","contentUrl":"https:\/\/www.domusrental.com\/blog\/wp-content\/uploads\/2024\/04\/favicon.png","width":298,"height":298,"caption":"Blog | Domus Rental"},"image":{"@id":"https:\/\/www.domusrental.com\/blog\/#\/schema\/logo\/image\/"},"sameAs":["https:\/\/www.facebook.com\/domusrental","https:\/\/x.com\/DomusRental"]},{"@type":"Person","@id":"https:\/\/www.domusrental.com\/blog\/#\/schema\/person\/4704eef53d63fc41b94477baca3572f8","name":"digitalservices","image":{"@type":"ImageObject","inLanguage":"de","@id":"https:\/\/secure.gravatar.com\/avatar\/af30f88a1904294c1f3eb09a9d7903eec4ffa18fa2cf40c28a8681014ecdfc20?s=96&d=mm&r=g","url":"https:\/\/secure.gravatar.com\/avatar\/af30f88a1904294c1f3eb09a9d7903eec4ffa18fa2cf40c28a8681014ecdfc20?s=96&d=mm&r=g","contentUrl":"https:\/\/secure.gravatar.com\/avatar\/af30f88a1904294c1f3eb09a9d7903eec4ffa18fa2cf40c28a8681014ecdfc20?s=96&d=mm&r=g","caption":"digitalservices"},"url":"https:\/\/www.domusrental.com\/blog\/de\/author\/digitalservices\/"}]}},"_links":{"self":[{"href":"https:\/\/www.domusrental.com\/blog\/de\/wp-json\/wp\/v2\/posts\/3738","targetHints":{"allow":["GET"]}}],"collection":[{"href":"https:\/\/www.domusrental.com\/blog\/de\/wp-json\/wp\/v2\/posts"}],"about":[{"href":"https:\/\/www.domusrental.com\/blog\/de\/wp-json\/wp\/v2\/types\/post"}],"author":[{"embeddable":true,"href":"https:\/\/www.domusrental.com\/blog\/de\/wp-json\/wp\/v2\/users\/2"}],"replies":[{"embeddable":true,"href":"https:\/\/www.domusrental.com\/blog\/de\/wp-json\/wp\/v2\/comments?post=3738"}],"version-history":[{"count":7,"href":"https:\/\/www.domusrental.com\/blog\/de\/wp-json\/wp\/v2\/posts\/3738\/revisions"}],"predecessor-version":[{"id":3747,"href":"https:\/\/www.domusrental.com\/blog\/de\/wp-json\/wp\/v2\/posts\/3738\/revisions\/3747"}],"wp:featuredmedia":[{"embeddable":true,"href":"https:\/\/www.domusrental.com\/blog\/de\/wp-json\/wp\/v2\/media\/3732"}],"wp:attachment":[{"href":"https:\/\/www.domusrental.com\/blog\/de\/wp-json\/wp\/v2\/media?parent=3738"}],"wp:term":[{"taxonomy":"category","embeddable":true,"href":"https:\/\/www.domusrental.com\/blog\/de\/wp-json\/wp\/v2\/categories?post=3738"},{"taxonomy":"post_tag","embeddable":true,"href":"https:\/\/www.domusrental.com\/blog\/de\/wp-json\/wp\/v2\/tags?post=3738"}],"curies":[{"name":"wp","href":"https:\/\/api.w.org\/{rel}","templated":true}]}}