{"id":4060,"date":"2025-04-09T14:17:17","date_gmt":"2025-04-09T14:17:17","guid":{"rendered":"https:\/\/www.domusrental.com\/blog\/?p=4060"},"modified":"2025-08-21T10:07:12","modified_gmt":"2025-08-21T10:07:12","slug":"wandern-am-gardasee","status":"publish","type":"post","link":"https:\/\/www.domusrental.com\/blog\/de\/wandern-am-gardasee\/","title":{"rendered":"Wandern am Gardasee: Top-Routen, familienfreundliche Wanderungen und Tipps"},"content":{"rendered":"\t\t<div data-elementor-type=\"wp-post\" data-elementor-id=\"4060\" class=\"elementor elementor-4060 elementor-3753\" data-elementor-post-type=\"post\">\n\t\t\t\t\t\t<section class=\"elementor-section elementor-top-section elementor-element elementor-element-d69af elementor-section-boxed elementor-section-height-default elementor-section-height-default\" data-id=\"d69af\" data-element_type=\"section\" data-e-type=\"section\">\n\t\t\t\t\t\t<div class=\"elementor-container elementor-column-gap-default\">\n\t\t\t\t\t<div class=\"elementor-column elementor-col-100 elementor-top-column elementor-element elementor-element-67695b4f\" data-id=\"67695b4f\" data-element_type=\"column\" data-e-type=\"column\">\n\t\t\t<div class=\"elementor-widget-wrap elementor-element-populated\">\n\t\t\t\t\t\t<div class=\"elementor-element elementor-element-37fd6078 elementor-widget elementor-widget-text-editor\" data-id=\"37fd6078\" data-element_type=\"widget\" data-e-type=\"widget\" data-widget_type=\"text-editor.default\">\n\t\t\t\t<div class=\"elementor-widget-container\">\n\t\t\t\t\t\t\t\t\t<p><span style=\"font-weight: 400;\">Wenn Sie ein Naturliebhaber oder Outdoor-Fan sind oder einfach gerne spazieren gehen und die Aussicht genie\u00dfen, ist eine Wanderung am Gardasee eine der besten M\u00f6glichkeiten, die Region zu erleben. Der gr\u00f6\u00dfte See Italiens ist von schroffen Bergen, Olivenhainen und charmanten D\u00f6rfern umgeben und bietet eine unglaubliche Mischung aus malerischen Routen f\u00fcr alle Schwierigkeitsgrade.<\/span><\/p><p><span style=\"font-weight: 400;\">Dies ist Ihr umfassender Wanderf\u00fchrer f\u00fcr den Gardasee, der alles abdeckt, von entspannten Spazierg\u00e4ngen durch Weinberge und am Seeufer entlang bis hin zu mehrt\u00e4gigen Wanderungen auf Bergk\u00e4mmen in gro\u00dfer H\u00f6he.<\/span><\/p>\t\t\t\t\t\t\t\t<\/div>\n\t\t\t\t<\/div>\n\t\t\t\t\t<\/div>\n\t\t<\/div>\n\t\t\t\t\t<\/div>\n\t\t<\/section>\n\t\t\t\t<section class=\"elementor-section elementor-top-section elementor-element elementor-element-1c4758ef elementor-section-boxed elementor-section-height-default elementor-section-height-default\" data-id=\"1c4758ef\" data-element_type=\"section\" data-e-type=\"section\">\n\t\t\t\t\t\t<div class=\"elementor-container elementor-column-gap-default\">\n\t\t\t\t\t<div class=\"elementor-column elementor-col-100 elementor-top-column elementor-element elementor-element-2c53a278\" data-id=\"2c53a278\" data-element_type=\"column\" data-e-type=\"column\">\n\t\t\t<div class=\"elementor-widget-wrap elementor-element-populated\">\n\t\t\t\t\t\t<div class=\"elementor-element elementor-element-1d14a9bd elementor-widget elementor-widget-table-of-contents\" data-id=\"1d14a9bd\" data-element_type=\"widget\" data-e-type=\"widget\" data-settings=\"{&quot;headings_by_tags&quot;:[&quot;h2&quot;],&quot;exclude_headings_by_selector&quot;:[],&quot;marker_view&quot;:&quot;bullets&quot;,&quot;icon&quot;:{&quot;value&quot;:&quot;&quot;,&quot;library&quot;:&quot;&quot;},&quot;no_headings_message&quot;:&quot;No headings were found on this page.&quot;,&quot;hierarchical_view&quot;:&quot;yes&quot;,&quot;min_height&quot;:{&quot;unit&quot;:&quot;px&quot;,&quot;size&quot;:&quot;&quot;,&quot;sizes&quot;:[]},&quot;min_height_tablet&quot;:{&quot;unit&quot;:&quot;px&quot;,&quot;size&quot;:&quot;&quot;,&quot;sizes&quot;:[]},&quot;min_height_mobile&quot;:{&quot;unit&quot;:&quot;px&quot;,&quot;size&quot;:&quot;&quot;,&quot;sizes&quot;:[]}}\" data-widget_type=\"table-of-contents.default\">\n\t\t\t\t<div class=\"elementor-widget-container\">\n\t\t\t\t\t\t\t\t\t<div class=\"elementor-toc__header\">\n\t\t\t\t\t\t<div class=\"elementor-toc__header-title\">\n\t\t\t\tInhaltsverzeichnis\t\t\t<\/div>\n\t\t\t\t\t\t\t\t<\/div>\n\t\t\t\t<div id=\"elementor-toc__1d14a9bd\" class=\"elementor-toc__body\">\n\t\t\t<div class=\"elementor-toc__spinner-container\">\n\t\t\t\t<i class=\"elementor-toc__spinner eicon-animation-spin eicon-loading\" aria-hidden=\"true\"><\/i>\t\t\t<\/div>\n\t\t<\/div>\n\t\t\t\t\t\t<\/div>\n\t\t\t\t<\/div>\n\t\t\t\t\t<\/div>\n\t\t<\/div>\n\t\t\t\t\t<\/div>\n\t\t<\/section>\n\t\t\t\t<section class=\"elementor-section elementor-top-section elementor-element elementor-element-2d538046 elementor-section-boxed elementor-section-height-default elementor-section-height-default\" data-id=\"2d538046\" data-element_type=\"section\" data-e-type=\"section\">\n\t\t\t\t\t\t<div class=\"elementor-container elementor-column-gap-default\">\n\t\t\t\t\t<div class=\"elementor-column elementor-col-100 elementor-top-column elementor-element elementor-element-4b37c3cd\" data-id=\"4b37c3cd\" data-element_type=\"column\" data-e-type=\"column\">\n\t\t\t<div class=\"elementor-widget-wrap elementor-element-populated\">\n\t\t\t\t\t\t<div class=\"elementor-element elementor-element-70d86079 elementor-widget elementor-widget-heading\" data-id=\"70d86079\" data-element_type=\"widget\" data-e-type=\"widget\" data-widget_type=\"heading.default\">\n\t\t\t\t<div class=\"elementor-widget-container\">\n\t\t\t\t\t<h2 class=\"elementor-heading-title elementor-size-default\">Die sch\u00f6nsten Wanderwege rund um den Gardasee\n<\/h2>\t\t\t\t<\/div>\n\t\t\t\t<\/div>\n\t\t\t\t<div class=\"elementor-element elementor-element-69c4c1f2 elementor-widget elementor-widget-text-editor\" data-id=\"69c4c1f2\" data-element_type=\"widget\" data-e-type=\"widget\" data-widget_type=\"text-editor.default\">\n\t\t\t\t<div class=\"elementor-widget-container\">\n\t\t\t\t\t\t\t\t\t<p><span style=\"font-weight: 400;\">Die Landschaft des Gardasees ist unglaublich vielf\u00e4ltig, ebenso wie die Wanderm\u00f6glichkeiten. Im Allgemeinen sind Fr\u00fchling und Herbst aufgrund des milderen Wetters die beste Jahreszeit, um diese Routen zu genie\u00dfen. Von gem\u00fctlichen Spazierg\u00e4ngen am Seeufer bis hin zu anspruchsvolleren Bergwanderungen \u2013 hier sind einige der besten Wanderwege, die Sie erkunden k\u00f6nnen:<\/span><\/p>\t\t\t\t\t\t\t\t<\/div>\n\t\t\t\t<\/div>\n\t\t\t\t\t<\/div>\n\t\t<\/div>\n\t\t\t\t\t<\/div>\n\t\t<\/section>\n\t\t\t\t<section class=\"elementor-section elementor-top-section elementor-element elementor-element-23daac6 elementor-section-boxed elementor-section-height-default elementor-section-height-default\" data-id=\"23daac6\" data-element_type=\"section\" data-e-type=\"section\">\n\t\t\t\t\t\t<div class=\"elementor-container elementor-column-gap-default\">\n\t\t\t\t\t<div class=\"elementor-column elementor-col-50 elementor-top-column elementor-element elementor-element-4ec25703\" data-id=\"4ec25703\" data-element_type=\"column\" data-e-type=\"column\">\n\t\t\t<div class=\"elementor-widget-wrap elementor-element-populated\">\n\t\t\t\t\t\t<div class=\"elementor-element elementor-element-3169a0cb elementor-widget elementor-widget-heading\" data-id=\"3169a0cb\" data-element_type=\"widget\" data-e-type=\"widget\" data-widget_type=\"heading.default\">\n\t\t\t\t<div class=\"elementor-widget-container\">\n\t\t\t\t\t<h3 class=\"elementor-heading-title elementor-size-default\">Busatte-Tempesta-Wanderweg\n<\/h3>\t\t\t\t<\/div>\n\t\t\t\t<\/div>\n\t\t\t\t<div class=\"elementor-element elementor-element-5d332d10 elementor-widget elementor-widget-text-editor\" data-id=\"5d332d10\" data-element_type=\"widget\" data-e-type=\"widget\" data-widget_type=\"text-editor.default\">\n\t\t\t\t<div class=\"elementor-widget-container\">\n\t\t\t\t\t\t\t\t\t<p><span style=\"font-weight: 400;\">Dieser Rundweg verbindet Busatte mit Tempesta entlang des Ostufers des Gardasees und beginnt an einem Parkplatz in der N\u00e4he des Busatte Adventure Park in Torbole. Auf einer Strecke von etwa 8 Kilometern schl\u00e4ngelt er sich durch bewaldete Gebiete mit nur leichten H\u00f6henunterschieden und dauert bei entspanntem Tempo etwa drei Stunden.<\/span><\/p><p><span style=\"font-weight: 400;\">Ein Highlight sind die fast 400 Eisenstufen, die sich an die Klippen des Monte Baldo schmiegen und einen spektakul\u00e4ren Blick \u00fcber den See bieten. Oben angekommen teilt sich der Weg: Eine Forststra\u00dfe f\u00fchrt nach Tempesta, und von dort aus k\u00f6nnen Sie entweder den gleichen Weg zur\u00fcckgehen oder mit dem Bus nach Torbole zur\u00fcckfahren.<\/span><\/p>\t\t\t\t\t\t\t\t<\/div>\n\t\t\t\t<\/div>\n\t\t\t\t\t<\/div>\n\t\t<\/div>\n\t\t\t\t<div class=\"elementor-column elementor-col-50 elementor-top-column elementor-element elementor-element-bcff6ad\" data-id=\"bcff6ad\" data-element_type=\"column\" data-e-type=\"column\">\n\t\t\t<div class=\"elementor-widget-wrap elementor-element-populated\">\n\t\t\t\t\t\t<div class=\"elementor-element elementor-element-d10c4a9 elementor-widget elementor-widget-heading\" data-id=\"d10c4a9\" data-element_type=\"widget\" data-e-type=\"widget\" data-widget_type=\"heading.default\">\n\t\t\t\t<div class=\"elementor-widget-container\">\n\t\t\t\t\t<h3 class=\"elementor-heading-title elementor-size-default\">Sentiero del Sole (Sonnenweg)\n<\/h3>\t\t\t\t<\/div>\n\t\t\t\t<\/div>\n\t\t\t\t<div class=\"elementor-element elementor-element-db90756 elementor-widget elementor-widget-text-editor\" data-id=\"db90756\" data-element_type=\"widget\" data-e-type=\"widget\" data-widget_type=\"text-editor.default\">\n\t\t\t\t<div class=\"elementor-widget-container\">\n\t\t\t\t\t\t\t\t\t<p><span style=\"font-weight: 400;\">Der Sentiero del Sole, oder Sonnenweg, beginnt in der malerischen Ortschaft Limone sul Garda. Dieser barrierefreie Wanderweg erstreckt sich \u00fcber knapp 9 Kilometer und weist einen moderaten H\u00f6henunterschied von etwa 500 Metern auf. Die Wanderung dauert in der Regel zwischen 3 und 4 Stunden.<\/span><\/p><p><span style=\"font-weight: 400;\">Der Weg beginnt mit der Beschilderung \u201eSentiero del Sole \u2013 Ciclabile del Garda \u2013 135\u201c und schl\u00e4ngelt sich sanft durch Olivenhaine und Bougainvillea-B\u00fcsche. Nicht weit entfernt bietet eine Abzweigung die M\u00f6glichkeit, einen Abstecher zum malerischen Sopino-Wasserfall zu machen, w\u00e4hrend der Hauptweg auf einem H\u00e4ngesteg \u00fcber den See weiterf\u00fchrt. Die Aussicht hier ist besonders beeindruckend, vor allem, wenn Sie das Denkmal erreichen, das an die Menschen erinnert, die beim Bau der Gardesana-Stra\u00dfe ihr Leben verloren haben.<\/span><\/p>\t\t\t\t\t\t\t\t<\/div>\n\t\t\t\t<\/div>\n\t\t\t\t\t<\/div>\n\t\t<\/div>\n\t\t\t\t\t<\/div>\n\t\t<\/section>\n\t\t\t\t<section class=\"elementor-section elementor-top-section elementor-element elementor-element-4e762c9 elementor-section-boxed elementor-section-height-default elementor-section-height-default\" data-id=\"4e762c9\" data-element_type=\"section\" data-e-type=\"section\">\n\t\t\t\t\t\t<div class=\"elementor-container elementor-column-gap-default\">\n\t\t\t\t\t<div class=\"elementor-column elementor-col-33 elementor-top-column elementor-element elementor-element-14359ed\" data-id=\"14359ed\" data-element_type=\"column\" data-e-type=\"column\">\n\t\t\t<div class=\"elementor-widget-wrap elementor-element-populated\">\n\t\t\t\t\t\t<div class=\"elementor-element elementor-element-365acce elementor-widget elementor-widget-heading\" data-id=\"365acce\" data-element_type=\"widget\" data-e-type=\"widget\" data-widget_type=\"heading.default\">\n\t\t\t\t<div class=\"elementor-widget-container\">\n\t\t\t\t\t<h3 class=\"elementor-heading-title elementor-size-default\">Ponalestra\u00dfe<\/h3>\t\t\t\t<\/div>\n\t\t\t\t<\/div>\n\t\t\t\t<div class=\"elementor-element elementor-element-ee837f9 elementor-widget elementor-widget-text-editor\" data-id=\"ee837f9\" data-element_type=\"widget\" data-e-type=\"widget\" data-widget_type=\"text-editor.default\">\n\t\t\t\t<div class=\"elementor-widget-container\">\n\t\t\t\t\t\t\t\t\t<p><span style=\"font-weight: 400;\">Der Sentiero del Ponale (Ponalestra\u00dfe) ist eine beliebte Route, die Riva del Garda mit dem Ledro-Tal verbindet und sowohl f\u00fcr Radfahrer als auch f\u00fcr Wanderer geeignet ist. Der mittelschwere Wanderweg ist etwas mehr als 10 Kilometer lang und in etwa 4 Stunden zu bew\u00e4ltigen. Er beginnt direkt im Zentrum von Riva del Garda und steigt auf den ersten Kilometern leicht an, bevor sich der Wanderweg vom Radweg trennt. Von dort aus \u00fcberqueren Sie eine kleine Br\u00fccke und folgen einem Waldweg, der sich mit mehreren malerischen Serpentinen nach oben schl\u00e4ngelt. Einer der H\u00f6hepunkte ist die Panoramaterrasse in der N\u00e4he der Madonnenstatue.<\/span><\/p>\t\t\t\t\t\t\t\t<\/div>\n\t\t\t\t<\/div>\n\t\t\t\t\t<\/div>\n\t\t<\/div>\n\t\t\t\t<div class=\"elementor-column elementor-col-33 elementor-top-column elementor-element elementor-element-cb20129\" data-id=\"cb20129\" data-element_type=\"column\" data-e-type=\"column\">\n\t\t\t<div class=\"elementor-widget-wrap elementor-element-populated\">\n\t\t\t\t\t\t<div class=\"elementor-element elementor-element-2aef1ac elementor-widget elementor-widget-heading\" data-id=\"2aef1ac\" data-element_type=\"widget\" data-e-type=\"widget\" data-widget_type=\"heading.default\">\n\t\t\t\t<div class=\"elementor-widget-container\">\n\t\t\t\t\t<h3 class=\"elementor-heading-title elementor-size-default\">Wanderung auf dem Monte Baldo-Kamm\n<\/h3>\t\t\t\t<\/div>\n\t\t\t\t<\/div>\n\t\t\t\t<div class=\"elementor-element elementor-element-7612252 elementor-widget elementor-widget-text-editor\" data-id=\"7612252\" data-element_type=\"widget\" data-e-type=\"widget\" data-widget_type=\"text-editor.default\">\n\t\t\t\t<div class=\"elementor-widget-container\">\n\t\t\t\t\t\t\t\t\t<p><span style=\"font-weight: 400;\">Der Monte Baldo-Kamm erstreckt sich \u00fcber 30 Kilometer und ist eines der bekanntesten Wandergebiete am Gardasee. Eine der lohnendsten M\u00f6glichkeiten, ihn zu erkunden, ist ein H\u00f6henweg, der in Novezzina beginnt und endet und in alle Richtungen unglaubliche Ausblicke bietet.<\/span><\/p><p><span style=\"font-weight: 400;\">Die Route f\u00fchrt \u00fcber den Passo Tratto Spino, weite Wiesen und felsige Bergr\u00fccken, bevor sie das Rifugio Telegrafo auf 2.147 Metern erreicht. Ein kurzer Aufstieg f\u00fchrt dann zum Cima Telegrafo, von wo aus Sie einen Blick auf die Zentralalpen haben. Der Weg f\u00fchrt weiter \u00fcber die Gipfel des Valdritta und des Pozetta, bevor er zum Ausgangspunkt zur\u00fcckkehrt. Diese 10-st\u00fcndige Wanderung ist anspruchsvoll und am besten f\u00fcr erfahrene Wanderer geeignet. Um Menschenmassen in der Seilbahn in Malcesine zu vermeiden, sollten Sie eine Wanderung unter der Woche und au\u00dferhalb der Hauptsaison in Betracht ziehen.<\/span><\/p>\t\t\t\t\t\t\t\t<\/div>\n\t\t\t\t<\/div>\n\t\t\t\t\t<\/div>\n\t\t<\/div>\n\t\t\t\t<div class=\"elementor-column elementor-col-33 elementor-top-column elementor-element elementor-element-8212517\" data-id=\"8212517\" data-element_type=\"column\" data-e-type=\"column\">\n\t\t\t<div class=\"elementor-widget-wrap elementor-element-populated\">\n\t\t\t\t\t\t<div class=\"elementor-element elementor-element-404b871 elementor-widget elementor-widget-heading\" data-id=\"404b871\" data-element_type=\"widget\" data-e-type=\"widget\" data-widget_type=\"heading.default\">\n\t\t\t\t<div class=\"elementor-widget-container\">\n\t\t\t\t\t<h3 class=\"elementor-heading-title elementor-size-default\">Wanderung Meran-Gardasee<\/h3>\t\t\t\t<\/div>\n\t\t\t\t<\/div>\n\t\t\t\t<div class=\"elementor-element elementor-element-abf13ed elementor-widget elementor-widget-text-editor\" data-id=\"abf13ed\" data-element_type=\"widget\" data-e-type=\"widget\" data-widget_type=\"text-editor.default\">\n\t\t\t\t<div class=\"elementor-widget-container\">\n\t\t\t\t\t\t\t\t\t<p><span style=\"font-weight: 400;\">F\u00fcr ein l\u00e4ngeres, mehrt\u00e4giges Erlebnis sollten Sie die Wanderung von Meran zum Gardasee auf eigene Faust in Betracht ziehen. Diese Route f\u00fchrt Sie durch Almwiesen, T\u00e4ler und malerische Ortschaften wie Nals, Kaltern, Coredo, Molveno und Riva del Garda. Es ist die perfekte M\u00f6glichkeit, Norditalien zu Fu\u00df in Ihrem eigenen Tempo zu entdecken.\u00a0<\/span><\/p><p><span style=\"font-weight: 400;\">Sie m\u00fcssen mit einer t\u00e4glichen Wegstrecke von etwa 18 km und einer durchschnittlichen Gehzeit von f\u00fcnf bis sechs Stunden rechnen. Der Gro\u00dfteil der Strecke f\u00fchrt \u00fcber gut ausgebaute Wanderwege. Eine gute Grundkondition ist erforderlich, vor allem, weil Sie mehrere Tage hintereinander wandern werden. Die gesamte Reise sollte 7 Tage dauern.<\/span><\/p>\t\t\t\t\t\t\t\t<\/div>\n\t\t\t\t<\/div>\n\t\t\t\t\t<\/div>\n\t\t<\/div>\n\t\t\t\t\t<\/div>\n\t\t<\/section>\n\t\t<div class=\"elementor-element elementor-element-ecc2e5d e-flex e-con-boxed e-con e-parent\" data-id=\"ecc2e5d\" data-element_type=\"container\" data-e-type=\"container\">\n\t\t\t\t\t<div class=\"e-con-inner\">\n\t\t\t\t<div class=\"elementor-element elementor-element-d1a26fa elementor-widget elementor-widget-image\" data-id=\"d1a26fa\" data-element_type=\"widget\" data-e-type=\"widget\" data-widget_type=\"image.default\">\n\t\t\t\t<div class=\"elementor-widget-container\">\n\t\t\t\t\t\t\t\t\t\t\t\t\t\t\t<img fetchpriority=\"high\" decoding=\"async\" width=\"1183\" height=\"591\" src=\"https:\/\/www.domusrental.com\/blog\/wp-content\/uploads\/2025\/04\/hikes-in-Garda-lake.jpg\" class=\"attachment-full size-full wp-image-3768\" alt=\"\" srcset=\"https:\/\/www.domusrental.com\/blog\/wp-content\/uploads\/2025\/04\/hikes-in-Garda-lake.jpg 1183w, https:\/\/www.domusrental.com\/blog\/wp-content\/uploads\/2025\/04\/hikes-in-Garda-lake-768x384.jpg 768w\" sizes=\"(max-width: 1183px) 100vw, 1183px\" \/>\t\t\t\t\t\t\t\t\t\t\t\t\t\t\t<\/div>\n\t\t\t\t<\/div>\n\t\t\t\t\t<\/div>\n\t\t\t\t<\/div>\n\t\t\t\t<section class=\"elementor-section elementor-top-section elementor-element elementor-element-e2f25ce elementor-section-boxed elementor-section-height-default elementor-section-height-default\" data-id=\"e2f25ce\" data-element_type=\"section\" data-e-type=\"section\">\n\t\t\t\t\t\t<div class=\"elementor-container elementor-column-gap-default\">\n\t\t\t\t\t<div class=\"elementor-column elementor-col-100 elementor-top-column elementor-element elementor-element-36de6dd\" data-id=\"36de6dd\" data-element_type=\"column\" data-e-type=\"column\">\n\t\t\t<div class=\"elementor-widget-wrap elementor-element-populated\">\n\t\t\t\t\t\t<div class=\"elementor-element elementor-element-79d8695 elementor-widget elementor-widget-heading\" data-id=\"79d8695\" data-element_type=\"widget\" data-e-type=\"widget\" data-widget_type=\"heading.default\">\n\t\t\t\t<div class=\"elementor-widget-container\">\n\t\t\t\t\t<h2 class=\"elementor-heading-title elementor-size-default\">Schwierigkeitsgrade und Dauer der Wanderwege<\/h2>\t\t\t\t<\/div>\n\t\t\t\t<\/div>\n\t\t\t\t<div class=\"elementor-element elementor-element-5c6b362 elementor-widget elementor-widget-text-editor\" data-id=\"5c6b362\" data-element_type=\"widget\" data-e-type=\"widget\" data-widget_type=\"text-editor.default\">\n\t\t\t\t<div class=\"elementor-widget-container\">\n\t\t\t\t\t\t\t\t\t<p><span style=\"font-weight: 400;\">Wanderungen rund um den Gardasee sind f\u00fcr Menschen mit unterschiedlichen Fitnessniveaus geeignet. Hier ist eine \u00dcbersicht \u00fcber das, was Sie erwartet:<\/span><\/p><ul><li><b>Leichte Wanderwege<\/b><span style=\"font-weight: 400;\">: Kurze Spazierg\u00e4nge wie die Seepromenade in Sirmione oder der Wanderweg von Arco nach Ceniga. Diese dauern in der Regel 1 bis 2 Stunden und haben nur einen geringen H\u00f6henunterschied.<\/span><\/li><li><b>Mittelschwere Wanderwege<\/b><span style=\"font-weight: 400;\">: Die Wanderwege Busatte-Tempesta, Ponale und der Sonnenpfad fallen in diese Kategorie. Diese Wanderungen k\u00f6nnen einige Steigungen beinhalten und dauern zwischen 2 und 4 Stunden.<\/span><\/li><li><b>Anspruchsvolle Wanderwege<\/b><span style=\"font-weight: 400;\">: Routen wie der Monte Baldo-Grat oder l\u00e4ngere Wanderungen von Meran zum Gardasee beinhalten steile Anstiege und dauern l\u00e4nger (10 Stunden bis zu mehreren Tagen).<\/span><\/li><\/ul><p><span style=\"font-weight: 400;\">Viele Wanderwege sind mit Wegweisern und Schildern ausgestattet, aber es ist ratsam, eine Karte mitzunehmen oder ein spezielles GPS-Ger\u00e4t zu verwenden.<\/span><\/p>\t\t\t\t\t\t\t\t<\/div>\n\t\t\t\t<\/div>\n\t\t\t\t\t<\/div>\n\t\t<\/div>\n\t\t\t\t\t<\/div>\n\t\t<\/section>\n\t\t\t\t<section class=\"elementor-section elementor-top-section elementor-element elementor-element-a1a6552 elementor-section-boxed elementor-section-height-default elementor-section-height-default\" data-id=\"a1a6552\" data-element_type=\"section\" data-e-type=\"section\">\n\t\t\t\t\t\t<div class=\"elementor-container elementor-column-gap-default\">\n\t\t\t\t\t<div class=\"elementor-column elementor-col-100 elementor-top-column elementor-element elementor-element-882f4ea\" data-id=\"882f4ea\" data-element_type=\"column\" data-e-type=\"column\">\n\t\t\t<div class=\"elementor-widget-wrap elementor-element-populated\">\n\t\t\t\t\t\t<div class=\"elementor-element elementor-element-e605259 elementor-widget elementor-widget-heading\" data-id=\"e605259\" data-element_type=\"widget\" data-e-type=\"widget\" data-widget_type=\"heading.default\">\n\t\t\t\t<div class=\"elementor-widget-container\">\n\t\t\t\t\t<h2 class=\"elementor-heading-title elementor-size-default\">Tipps zu Sicherheit und Ausr\u00fcstung\n<\/h2>\t\t\t\t<\/div>\n\t\t\t\t<\/div>\n\t\t\t\t<div class=\"elementor-element elementor-element-86ebafd elementor-widget elementor-widget-text-editor\" data-id=\"86ebafd\" data-element_type=\"widget\" data-e-type=\"widget\" data-widget_type=\"text-editor.default\">\n\t\t\t\t<div class=\"elementor-widget-container\">\n\t\t\t\t\t\t\t\t\t<p><span style=\"font-weight: 400;\">Damit Ihr Wandererlebnis am Gardasee so angenehm und sicher wie m\u00f6glich wird, hier ein paar wichtige Tipps:<\/span><\/p><ul><li><b>Schuhwerk<\/b><span style=\"font-weight: 400;\">: Feste Wanderschuhe oder Bergschuhe sind ein Muss, besonders f\u00fcr unebenes oder felsiges Gel\u00e4nde.<\/span><\/li><li><b>Wasser und Snacks<\/b><span style=\"font-weight: 400;\">: Nehmen Sie immer ausreichend Wasser mit, besonders in den w\u00e4rmeren Monaten. Leichte Snacks oder ein Lunchpaket sind ebenfalls notwendig, um Ihre Energiereserven aufrechtzuerhalten.<\/span><\/li><li><b>Wettercheck<\/b><span style=\"font-weight: 400;\">: Die Wetterbedingungen k\u00f6nnen sich in Bergregionen schnell \u00e4ndern, daher sollten Sie sich vor dem Aufbruch \u00fcber die Wettervorhersage informieren.<\/span><\/li><li><b>Sonnenschutz<\/b><span style=\"font-weight: 400;\">: Sonnenbrille, Hut und Sonnencreme sind auch an k\u00fchleren Tagen unerl\u00e4sslich.<\/span><\/li><li><b>Notfallkontakt<\/b><span style=\"font-weight: 400;\">: Speichern Sie die \u00f6rtlichen Notrufnummern und informieren Sie jemanden \u00fcber Ihre Wanderpl\u00e4ne, wenn Sie sich abseits der ausgetretenen Pfade bewegen.<\/span><\/li><\/ul>\t\t\t\t\t\t\t\t<\/div>\n\t\t\t\t<\/div>\n\t\t\t\t\t<\/div>\n\t\t<\/div>\n\t\t\t\t\t<\/div>\n\t\t<\/section>\n\t\t<div class=\"elementor-element elementor-element-c7c7d28 e-flex e-con-boxed e-con e-parent\" data-id=\"c7c7d28\" data-element_type=\"container\" data-e-type=\"container\">\n\t\t\t\t\t<div class=\"e-con-inner\">\n\t\t\t\t<div class=\"elementor-element elementor-element-d5a6410 elementor-widget elementor-widget-image\" data-id=\"d5a6410\" data-element_type=\"widget\" data-e-type=\"widget\" data-widget_type=\"image.default\">\n\t\t\t\t<div class=\"elementor-widget-container\">\n\t\t\t\t\t\t\t\t\t\t\t\t\t\t\t<img decoding=\"async\" width=\"1254\" height=\"627\" src=\"https:\/\/www.domusrental.com\/blog\/wp-content\/uploads\/2025\/04\/garda-lake-hike-kids.jpg\" class=\"attachment-full size-full wp-image-3765\" alt=\"\" srcset=\"https:\/\/www.domusrental.com\/blog\/wp-content\/uploads\/2025\/04\/garda-lake-hike-kids.jpg 1254w, https:\/\/www.domusrental.com\/blog\/wp-content\/uploads\/2025\/04\/garda-lake-hike-kids-768x384.jpg 768w\" sizes=\"(max-width: 1254px) 100vw, 1254px\" \/>\t\t\t\t\t\t\t\t\t\t\t\t\t\t\t<\/div>\n\t\t\t\t<\/div>\n\t\t\t\t\t<\/div>\n\t\t\t\t<\/div>\n\t\t\t\t<section class=\"elementor-section elementor-top-section elementor-element elementor-element-a590624 elementor-section-boxed elementor-section-height-default elementor-section-height-default\" data-id=\"a590624\" data-element_type=\"section\" data-e-type=\"section\">\n\t\t\t\t\t\t<div class=\"elementor-container elementor-column-gap-default\">\n\t\t\t\t\t<div class=\"elementor-column elementor-col-100 elementor-top-column elementor-element elementor-element-24645d0\" data-id=\"24645d0\" data-element_type=\"column\" data-e-type=\"column\">\n\t\t\t<div class=\"elementor-widget-wrap elementor-element-populated\">\n\t\t\t\t\t\t<div class=\"elementor-element elementor-element-ee65bad elementor-widget elementor-widget-heading\" data-id=\"ee65bad\" data-element_type=\"widget\" data-e-type=\"widget\" data-widget_type=\"heading.default\">\n\t\t\t\t<div class=\"elementor-widget-container\">\n\t\t\t\t\t<h2 class=\"elementor-heading-title elementor-size-default\">Familienfreundliche Wanderungen\n<\/h2>\t\t\t\t<\/div>\n\t\t\t\t<\/div>\n\t\t\t\t<div class=\"elementor-element elementor-element-e001b45 elementor-widget elementor-widget-text-editor\" data-id=\"e001b45\" data-element_type=\"widget\" data-e-type=\"widget\" data-widget_type=\"text-editor.default\">\n\t\t\t\t<div class=\"elementor-widget-container\">\n\t\t\t\t\t\t\t\t\t<p><span style=\"font-weight: 400;\">Sie fragen sich, ob Wandern am Gardasee mit Kindern machbar ist? Auf jeden Fall. Es gibt viele Wanderwege, die f\u00fcr Familien geeignet sind.<\/span><\/p><p><span style=\"font-weight: 400;\">Der Wanderweg von Arco nach Ceniga ist beispielsweise ein flacher, malerischer Spaziergang durch Olivenhaine und entlang des Flusses Sarca. Diese Route ist perfekt f\u00fcr einen entspannten Ausflug mit Kindern.<\/span><\/p><p><span style=\"font-weight: 400;\">Es gibt auch den Val di Sogno Trail. Dieser Weg in der N\u00e4he von Malcesine ist ideal f\u00fcr Wanderungen am Gardasee mit Kindern. Das Gel\u00e4nde ist einfach und die Aussicht auf den See motiviert alle.<\/span><\/p><p><span style=\"font-weight: 400;\">Schlie\u00dflich gibt es noch den Rundweg San Felice del Benaco. Es handelt sich um eine kurze Rundwanderung durch l\u00e4ndliche Gebiete und kleine D\u00f6rfer und bietet Schatten, Picknickpl\u00e4tze und die M\u00f6glichkeit, die heimische Tierwelt zu beobachten.<\/span><\/p><p><span style=\"font-weight: 400;\">Vergessen Sie nicht, Snacks und Wasser mitzunehmen und regelm\u00e4\u00dfige Pausen einzulegen. In einigen Ortschaften gibt es auch Spielpl\u00e4tze oder Eisdielen in der N\u00e4he, die daf\u00fcr sorgen, dass die kleinen Beine in Bewegung bleiben!<\/span><\/p>\t\t\t\t\t\t\t\t<\/div>\n\t\t\t\t<\/div>\n\t\t\t\t\t<\/div>\n\t\t<\/div>\n\t\t\t\t\t<\/div>\n\t\t<\/section>\n\t\t\t\t<section class=\"elementor-section elementor-top-section elementor-element elementor-element-42a0b7c elementor-section-boxed elementor-section-height-default elementor-section-height-default\" data-id=\"42a0b7c\" data-element_type=\"section\" data-e-type=\"section\">\n\t\t\t\t\t\t<div class=\"elementor-container elementor-column-gap-default\">\n\t\t\t\t\t<div class=\"elementor-column elementor-col-100 elementor-top-column elementor-element elementor-element-dfe68fb\" data-id=\"dfe68fb\" data-element_type=\"column\" data-e-type=\"column\">\n\t\t\t<div class=\"elementor-widget-wrap elementor-element-populated\">\n\t\t\t\t\t\t<div class=\"elementor-element elementor-element-2f56776 elementor-widget elementor-widget-heading\" data-id=\"2f56776\" data-element_type=\"widget\" data-e-type=\"widget\" data-widget_type=\"heading.default\">\n\t\t\t\t<div class=\"elementor-widget-container\">\n\t\t\t\t\t<h2 class=\"elementor-heading-title elementor-size-default\">Fazit und Gr\u00fcnde f\u00fcr eine Wanderung am Gardasee<\/h2>\t\t\t\t<\/div>\n\t\t\t\t<\/div>\n\t\t\t\t<div class=\"elementor-element elementor-element-7137b90 elementor-widget elementor-widget-text-editor\" data-id=\"7137b90\" data-element_type=\"widget\" data-e-type=\"widget\" data-widget_type=\"text-editor.default\">\n\t\t\t\t<div class=\"elementor-widget-container\">\n\t\t\t\t\t\t\t\t\t<p><span style=\"font-weight: 400;\">Wandern am Gardasee ist eine der besten M\u00f6glichkeiten, um die Landschaft zu erleben, das lokale Leben kennenzulernen und versteckte Winkel der Region zu entdecken. Ob Sie die H\u00f6henwege des Monte Baldo erklimmen, mit der Familie durch Olivenhaine spazieren oder sich auf eine epische Reise von Meran nach Garda begeben \u2013 jede Route bietet etwas Unvergessliches.<\/span><\/p><p><span style=\"font-weight: 400;\">Und wenn es darum geht, sich nach einem Wandertag zu entspannen, gibt es keinen besseren Ort als eine komfortable Unterkunft am See. Bei Domus Rental bieten wir eine handverlesene Auswahl an stilvollen Apartments und Villen mit sch\u00f6ner Aussicht und einfachem Zugang zu den besten Wandergebieten.<\/span><\/p><p><span style=\"font-weight: 400;\">Entdecken Sie unsere Unterk\u00fcnfte und planen Sie Ihren perfekten Wanderurlaub am Gardasee mit Domus Rental.<\/span><\/p>\t\t\t\t\t\t\t\t<\/div>\n\t\t\t\t<\/div>\n\t\t\t\t\t<\/div>\n\t\t<\/div>\n\t\t\t\t\t<\/div>\n\t\t<\/section>\n\t\t\t\t<section class=\"elementor-section elementor-top-section elementor-element elementor-element-2fc0a71f elementor-section-boxed elementor-section-height-default elementor-section-height-default\" data-id=\"2fc0a71f\" data-element_type=\"section\" data-e-type=\"section\">\n\t\t\t\t\t\t<div class=\"elementor-container elementor-column-gap-default\">\n\t\t\t\t\t<div class=\"elementor-column elementor-col-100 elementor-top-column elementor-element elementor-element-d121d00\" data-id=\"d121d00\" data-element_type=\"column\" data-e-type=\"column\">\n\t\t\t<div class=\"elementor-widget-wrap elementor-element-populated\">\n\t\t\t\t\t\t<div class=\"elementor-element elementor-element-f23c697 elementor-widget elementor-widget-shortcode\" data-id=\"f23c697\" data-element_type=\"widget\" data-e-type=\"widget\" data-widget_type=\"shortcode.default\">\n\t\t\t\t<div class=\"elementor-widget-container\">\n\t\t\t\t\t\t\t<div class=\"elementor-shortcode\">\t\t<div data-elementor-type=\"section\" data-elementor-id=\"2987\" class=\"elementor elementor-2987 elementor-2187 elementor-2187\" data-elementor-post-type=\"elementor_library\">\n\t\t\t\t\t<section class=\"elementor-section elementor-top-section elementor-element elementor-element-28474215 elementor-section-boxed elementor-section-height-default elementor-section-height-default\" data-id=\"28474215\" data-element_type=\"section\" data-e-type=\"section\">\n\t\t\t\t\t\t<div class=\"elementor-container elementor-column-gap-default\">\n\t\t\t\t\t<div class=\"elementor-column elementor-col-33 elementor-top-column elementor-element elementor-element-488016b\" data-id=\"488016b\" data-element_type=\"column\" data-e-type=\"column\">\n\t\t\t<div class=\"elementor-widget-wrap elementor-element-populated\">\n\t\t\t\t\t\t<div class=\"elementor-element elementor-element-7158b6ec elementor-cta--skin-cover elementor-animated-content elementor-bg-transform elementor-bg-transform-zoom-in elementor-widget elementor-widget-call-to-action\" data-id=\"7158b6ec\" data-element_type=\"widget\" data-e-type=\"widget\" data-widget_type=\"call-to-action.default\">\n\t\t\t\t<div class=\"elementor-widget-container\">\n\t\t\t\t\t\t\t<a class=\"elementor-cta\" href=\"https:\/\/www.domusrental.com\/de\/villa-gardasee\/\">\n\t\t\t\t\t<div class=\"elementor-cta__bg-wrapper\">\n\t\t\t\t<div class=\"elementor-cta__bg elementor-bg\" style=\"background-image: url(https:\/\/www.domusrental.com\/blog\/wp-content\/uploads\/2024\/04\/3-review-1-1-1920x630.jpg);\" role=\"img\" aria-label=\"3-review-1.jpg\"><\/div>\n\t\t\t\t<div class=\"elementor-cta__bg-overlay\"><\/div>\n\t\t\t<\/div>\n\t\t\t\t\t\t\t<div class=\"elementor-cta__content\">\n\t\t\t\t\n\t\t\t\t\n\t\t\t\t\n\t\t\t\t\t\t\t\t\t<div class=\"elementor-cta__button-wrapper elementor-cta__content-item elementor-content-item elementor-animated-item--grow\">\n\t\t\t\t\t<span class=\"elementor-cta__button elementor-button elementor-size-\">\n\t\t\t\t\t\tVilla Gardasee\t\t\t\t\t<\/span>\n\t\t\t\t\t<\/div>\n\t\t\t\t\t\t\t<\/div>\n\t\t\t\t\t\t<\/a>\n\t\t\t\t\t\t<\/div>\n\t\t\t\t<\/div>\n\t\t\t\t\t<\/div>\n\t\t<\/div>\n\t\t\t\t<div class=\"elementor-column elementor-col-33 elementor-top-column elementor-element elementor-element-2f46c64f\" data-id=\"2f46c64f\" data-element_type=\"column\" data-e-type=\"column\">\n\t\t\t<div class=\"elementor-widget-wrap elementor-element-populated\">\n\t\t\t\t\t\t<div class=\"elementor-element elementor-element-25d5a87e elementor-cta--skin-cover elementor-animated-content elementor-bg-transform elementor-bg-transform-zoom-in elementor-widget elementor-widget-call-to-action\" data-id=\"25d5a87e\" data-element_type=\"widget\" data-e-type=\"widget\" data-widget_type=\"call-to-action.default\">\n\t\t\t\t<div class=\"elementor-widget-container\">\n\t\t\t\t\t\t\t<a class=\"elementor-cta\" href=\"https:\/\/www.domusrental.com\/de\/gardasee-unterkunft\/\">\n\t\t\t\t\t<div class=\"elementor-cta__bg-wrapper\">\n\t\t\t\t<div class=\"elementor-cta__bg elementor-bg\" style=\"background-image: url(https:\/\/www.domusrental.com\/blog\/wp-content\/uploads\/2024\/04\/iStock-1414288968-1-1-1521x630.jpg);\" role=\"img\" aria-label=\"iStock-1414288968-1.jpg\"><\/div>\n\t\t\t\t<div class=\"elementor-cta__bg-overlay\"><\/div>\n\t\t\t<\/div>\n\t\t\t\t\t\t\t<div class=\"elementor-cta__content\">\n\t\t\t\t\n\t\t\t\t\n\t\t\t\t\n\t\t\t\t\t\t\t\t\t<div class=\"elementor-cta__button-wrapper elementor-cta__content-item elementor-content-item elementor-animated-item--grow\">\n\t\t\t\t\t<span class=\"elementor-cta__button elementor-button elementor-size-\">\n\t\t\t\t\t\tUnterk\u00fcnfte am Gardasee\t\t\t\t\t<\/span>\n\t\t\t\t\t<\/div>\n\t\t\t\t\t\t\t<\/div>\n\t\t\t\t\t\t<\/a>\n\t\t\t\t\t\t<\/div>\n\t\t\t\t<\/div>\n\t\t\t\t\t<\/div>\n\t\t<\/div>\n\t\t\t\t<div class=\"elementor-column elementor-col-33 elementor-top-column elementor-element elementor-element-433fe887\" data-id=\"433fe887\" data-element_type=\"column\" data-e-type=\"column\">\n\t\t\t<div class=\"elementor-widget-wrap elementor-element-populated\">\n\t\t\t\t\t\t<div class=\"elementor-element elementor-element-22532495 elementor-cta--skin-cover elementor-animated-content elementor-bg-transform elementor-bg-transform-zoom-in elementor-widget elementor-widget-call-to-action\" data-id=\"22532495\" data-element_type=\"widget\" data-e-type=\"widget\" data-widget_type=\"call-to-action.default\">\n\t\t\t\t<div class=\"elementor-widget-container\">\n\t\t\t\t\t\t\t<a class=\"elementor-cta\" href=\"https:\/\/www.domusrental.com\/de\/ferienwohnungen-gardasee\/\">\n\t\t\t\t\t<div class=\"elementor-cta__bg-wrapper\">\n\t\t\t\t<div class=\"elementor-cta__bg elementor-bg\" style=\"background-image: url(https:\/\/www.domusrental.com\/blog\/wp-content\/uploads\/2024\/04\/apartments-in-lake-garda-1-1-1533x630.jpg);\" role=\"img\" aria-label=\"apartments-in-lake-garda-1.jpg\"><\/div>\n\t\t\t\t<div class=\"elementor-cta__bg-overlay\"><\/div>\n\t\t\t<\/div>\n\t\t\t\t\t\t\t<div class=\"elementor-cta__content\">\n\t\t\t\t\n\t\t\t\t\n\t\t\t\t\n\t\t\t\t\t\t\t\t\t<div class=\"elementor-cta__button-wrapper elementor-cta__content-item elementor-content-item elementor-animated-item--grow\">\n\t\t\t\t\t<span class=\"elementor-cta__button elementor-button elementor-size-\">\n\t\t\t\t\t\tFerienwohnungen am Gardasee\t\t\t\t\t<\/span>\n\t\t\t\t\t<\/div>\n\t\t\t\t\t\t\t<\/div>\n\t\t\t\t\t\t<\/a>\n\t\t\t\t\t\t<\/div>\n\t\t\t\t<\/div>\n\t\t\t\t\t<\/div>\n\t\t<\/div>\n\t\t\t\t\t<\/div>\n\t\t<\/section>\n\t\t\t\t<\/div>\n\t\t<\/div>\n\t\t\t\t\t\t<\/div>\n\t\t\t\t<\/div>\n\t\t\t\t\t<\/div>\n\t\t<\/div>\n\t\t\t\t\t<\/div>\n\t\t<\/section>\n\t\t\t\t<\/div>\n\t\t","protected":false},"excerpt":{"rendered":"<p>Wenn Sie ein Naturliebhaber oder Outdoor-Fan sind oder einfach gerne spazieren gehen und die Aussicht genie\u00dfen, ist eine Wanderung am Gardasee eine der besten M\u00f6glichkeiten, die Region zu erleben. Der gr\u00f6\u00dfte See Italiens ist von schroffen Bergen, Olivenhainen und charmanten D\u00f6rfern umgeben und bietet eine unglaubliche Mischung aus malerischen Routen f\u00fcr alle Schwierigkeitsgrade. Dies ist [&hellip;]<\/p>\n","protected":false},"author":2,"featured_media":3762,"comment_status":"open","ping_status":"closed","sticky":false,"template":"","format":"standard","meta":{"footnotes":""},"categories":[62,59],"tags":[],"class_list":["post-4060","post","type-post","status-publish","format-standard","has-post-thumbnail","hentry","category-erfahrungen-gardasee","category-gardasee"],"yoast_head":"<!-- This site is optimized with the Yoast SEO plugin v27.4 - https:\/\/yoast.com\/product\/yoast-seo-wordpress\/ -->\n<title>Wandern am Gardasee - Blog | Domus Rental<\/title>\n<meta name=\"description\" content=\"Begeben Sie sich auf ein Wanderabenteuer am Gardasee und genie\u00dfen Sie spektakul\u00e4re Landschaften.\" \/>\n<meta name=\"robots\" content=\"index, follow, max-snippet:-1, max-image-preview:large, max-video-preview:-1\" \/>\n<link rel=\"canonical\" href=\"https:\/\/www.domusrental.com\/blog\/de\/wandern-am-gardasee\/\" \/>\n<meta property=\"og:locale\" content=\"de_DE\" \/>\n<meta property=\"og:type\" content=\"article\" \/>\n<meta property=\"og:title\" content=\"Wandern am Gardasee - Blog | Domus Rental\" \/>\n<meta property=\"og:description\" content=\"Begeben Sie sich auf ein Wanderabenteuer am Gardasee und genie\u00dfen Sie spektakul\u00e4re Landschaften.\" \/>\n<meta property=\"og:url\" content=\"https:\/\/www.domusrental.com\/blog\/de\/wandern-am-gardasee\/\" \/>\n<meta property=\"og:site_name\" content=\"Blog | Domus Rental\" \/>\n<meta property=\"article:publisher\" content=\"https:\/\/www.facebook.com\/domusrental\" \/>\n<meta property=\"article:published_time\" content=\"2025-04-09T14:17:17+00:00\" \/>\n<meta property=\"article:modified_time\" content=\"2025-08-21T10:07:12+00:00\" \/>\n<meta property=\"og:image\" content=\"https:\/\/www.domusrental.com\/blog\/wp-content\/uploads\/2025\/04\/garda-lake-hikes.jpg\" \/>\n\t<meta property=\"og:image:width\" content=\"2119\" \/>\n\t<meta property=\"og:image:height\" content=\"706\" \/>\n\t<meta property=\"og:image:type\" content=\"image\/jpeg\" \/>\n<meta name=\"author\" content=\"digitalservices\" \/>\n<meta name=\"twitter:card\" content=\"summary_large_image\" \/>\n<meta name=\"twitter:creator\" content=\"@DomusRental\" \/>\n<meta name=\"twitter:site\" content=\"@DomusRental\" \/>\n<meta name=\"twitter:label1\" content=\"Verfasst von\" \/>\n\t<meta name=\"twitter:data1\" content=\"digitalservices\" \/>\n\t<meta name=\"twitter:label2\" content=\"Gesch\u00e4tzte Lesezeit\" \/>\n\t<meta name=\"twitter:data2\" content=\"8\u00a0Minuten\" \/>\n<script type=\"application\/ld+json\" class=\"yoast-schema-graph\">{\"@context\":\"https:\\\/\\\/schema.org\",\"@graph\":[{\"@type\":\"Article\",\"@id\":\"https:\\\/\\\/www.domusrental.com\\\/blog\\\/de\\\/wandern-am-gardasee\\\/#article\",\"isPartOf\":{\"@id\":\"https:\\\/\\\/www.domusrental.com\\\/blog\\\/de\\\/wandern-am-gardasee\\\/\"},\"author\":{\"name\":\"digitalservices\",\"@id\":\"https:\\\/\\\/www.domusrental.com\\\/blog\\\/#\\\/schema\\\/person\\\/4704eef53d63fc41b94477baca3572f8\"},\"headline\":\"Wandern am Gardasee: Top-Routen, familienfreundliche Wanderungen und Tipps\",\"datePublished\":\"2025-04-09T14:17:17+00:00\",\"dateModified\":\"2025-08-21T10:07:12+00:00\",\"mainEntityOfPage\":{\"@id\":\"https:\\\/\\\/www.domusrental.com\\\/blog\\\/de\\\/wandern-am-gardasee\\\/\"},\"wordCount\":1324,\"commentCount\":0,\"publisher\":{\"@id\":\"https:\\\/\\\/www.domusrental.com\\\/blog\\\/#organization\"},\"image\":{\"@id\":\"https:\\\/\\\/www.domusrental.com\\\/blog\\\/de\\\/wandern-am-gardasee\\\/#primaryimage\"},\"thumbnailUrl\":\"https:\\\/\\\/www.domusrental.com\\\/blog\\\/wp-content\\\/uploads\\\/2025\\\/04\\\/garda-lake-hikes.jpg\",\"articleSection\":[\"Erfahrungen\",\"Gardasee\"],\"inLanguage\":\"de\",\"potentialAction\":[{\"@type\":\"CommentAction\",\"name\":\"Comment\",\"target\":[\"https:\\\/\\\/www.domusrental.com\\\/blog\\\/de\\\/wandern-am-gardasee\\\/#respond\"]}]},{\"@type\":\"WebPage\",\"@id\":\"https:\\\/\\\/www.domusrental.com\\\/blog\\\/de\\\/wandern-am-gardasee\\\/\",\"url\":\"https:\\\/\\\/www.domusrental.com\\\/blog\\\/de\\\/wandern-am-gardasee\\\/\",\"name\":\"Wandern am Gardasee - Blog | Domus Rental\",\"isPartOf\":{\"@id\":\"https:\\\/\\\/www.domusrental.com\\\/blog\\\/#website\"},\"primaryImageOfPage\":{\"@id\":\"https:\\\/\\\/www.domusrental.com\\\/blog\\\/de\\\/wandern-am-gardasee\\\/#primaryimage\"},\"image\":{\"@id\":\"https:\\\/\\\/www.domusrental.com\\\/blog\\\/de\\\/wandern-am-gardasee\\\/#primaryimage\"},\"thumbnailUrl\":\"https:\\\/\\\/www.domusrental.com\\\/blog\\\/wp-content\\\/uploads\\\/2025\\\/04\\\/garda-lake-hikes.jpg\",\"datePublished\":\"2025-04-09T14:17:17+00:00\",\"dateModified\":\"2025-08-21T10:07:12+00:00\",\"description\":\"Begeben Sie sich auf ein Wanderabenteuer am Gardasee und genie\u00dfen Sie spektakul\u00e4re Landschaften.\",\"breadcrumb\":{\"@id\":\"https:\\\/\\\/www.domusrental.com\\\/blog\\\/de\\\/wandern-am-gardasee\\\/#breadcrumb\"},\"inLanguage\":\"de\",\"potentialAction\":[{\"@type\":\"ReadAction\",\"target\":[\"https:\\\/\\\/www.domusrental.com\\\/blog\\\/de\\\/wandern-am-gardasee\\\/\"]}]},{\"@type\":\"ImageObject\",\"inLanguage\":\"de\",\"@id\":\"https:\\\/\\\/www.domusrental.com\\\/blog\\\/de\\\/wandern-am-gardasee\\\/#primaryimage\",\"url\":\"https:\\\/\\\/www.domusrental.com\\\/blog\\\/wp-content\\\/uploads\\\/2025\\\/04\\\/garda-lake-hikes.jpg\",\"contentUrl\":\"https:\\\/\\\/www.domusrental.com\\\/blog\\\/wp-content\\\/uploads\\\/2025\\\/04\\\/garda-lake-hikes.jpg\",\"width\":2119,\"height\":706,\"caption\":\"mother and son looking down to Lake Garda in Italy\"},{\"@type\":\"BreadcrumbList\",\"@id\":\"https:\\\/\\\/www.domusrental.com\\\/blog\\\/de\\\/wandern-am-gardasee\\\/#breadcrumb\",\"itemListElement\":[{\"@type\":\"ListItem\",\"position\":1,\"name\":\"Home\",\"item\":\"https:\\\/\\\/www.domusrental.com\\\/blog\\\/de\\\/\"},{\"@type\":\"ListItem\",\"position\":2,\"name\":\"Wandern am Gardasee: Top-Routen, familienfreundliche Wanderungen und Tipps\"}]},{\"@type\":\"WebSite\",\"@id\":\"https:\\\/\\\/www.domusrental.com\\\/blog\\\/#website\",\"url\":\"https:\\\/\\\/www.domusrental.com\\\/blog\\\/\",\"name\":\"Domus Rental\",\"description\":\"\",\"publisher\":{\"@id\":\"https:\\\/\\\/www.domusrental.com\\\/blog\\\/#organization\"},\"potentialAction\":[{\"@type\":\"SearchAction\",\"target\":{\"@type\":\"EntryPoint\",\"urlTemplate\":\"https:\\\/\\\/www.domusrental.com\\\/blog\\\/?s={search_term_string}\"},\"query-input\":{\"@type\":\"PropertyValueSpecification\",\"valueRequired\":true,\"valueName\":\"search_term_string\"}}],\"inLanguage\":\"de\"},{\"@type\":\"Organization\",\"@id\":\"https:\\\/\\\/www.domusrental.com\\\/blog\\\/#organization\",\"name\":\"Blog | Domus Rental\",\"url\":\"https:\\\/\\\/www.domusrental.com\\\/blog\\\/\",\"logo\":{\"@type\":\"ImageObject\",\"inLanguage\":\"de\",\"@id\":\"https:\\\/\\\/www.domusrental.com\\\/blog\\\/#\\\/schema\\\/logo\\\/image\\\/\",\"url\":\"https:\\\/\\\/www.domusrental.com\\\/blog\\\/wp-content\\\/uploads\\\/2024\\\/04\\\/favicon.png\",\"contentUrl\":\"https:\\\/\\\/www.domusrental.com\\\/blog\\\/wp-content\\\/uploads\\\/2024\\\/04\\\/favicon.png\",\"width\":298,\"height\":298,\"caption\":\"Blog | Domus Rental\"},\"image\":{\"@id\":\"https:\\\/\\\/www.domusrental.com\\\/blog\\\/#\\\/schema\\\/logo\\\/image\\\/\"},\"sameAs\":[\"https:\\\/\\\/www.facebook.com\\\/domusrental\",\"https:\\\/\\\/x.com\\\/DomusRental\"]},{\"@type\":\"Person\",\"@id\":\"https:\\\/\\\/www.domusrental.com\\\/blog\\\/#\\\/schema\\\/person\\\/4704eef53d63fc41b94477baca3572f8\",\"name\":\"digitalservices\",\"image\":{\"@type\":\"ImageObject\",\"inLanguage\":\"de\",\"@id\":\"https:\\\/\\\/secure.gravatar.com\\\/avatar\\\/af30f88a1904294c1f3eb09a9d7903eec4ffa18fa2cf40c28a8681014ecdfc20?s=96&d=mm&r=g\",\"url\":\"https:\\\/\\\/secure.gravatar.com\\\/avatar\\\/af30f88a1904294c1f3eb09a9d7903eec4ffa18fa2cf40c28a8681014ecdfc20?s=96&d=mm&r=g\",\"contentUrl\":\"https:\\\/\\\/secure.gravatar.com\\\/avatar\\\/af30f88a1904294c1f3eb09a9d7903eec4ffa18fa2cf40c28a8681014ecdfc20?s=96&d=mm&r=g\",\"caption\":\"digitalservices\"},\"url\":\"https:\\\/\\\/www.domusrental.com\\\/blog\\\/de\\\/author\\\/digitalservices\\\/\"}]}<\/script>\n<!-- \/ Yoast SEO plugin. -->","yoast_head_json":{"title":"Wandern am Gardasee - Blog | Domus Rental","description":"Begeben Sie sich auf ein Wanderabenteuer am Gardasee und genie\u00dfen Sie spektakul\u00e4re Landschaften.","robots":{"index":"index","follow":"follow","max-snippet":"max-snippet:-1","max-image-preview":"max-image-preview:large","max-video-preview":"max-video-preview:-1"},"canonical":"https:\/\/www.domusrental.com\/blog\/de\/wandern-am-gardasee\/","og_locale":"de_DE","og_type":"article","og_title":"Wandern am Gardasee - Blog | Domus Rental","og_description":"Begeben Sie sich auf ein Wanderabenteuer am Gardasee und genie\u00dfen Sie spektakul\u00e4re Landschaften.","og_url":"https:\/\/www.domusrental.com\/blog\/de\/wandern-am-gardasee\/","og_site_name":"Blog | Domus Rental","article_publisher":"https:\/\/www.facebook.com\/domusrental","article_published_time":"2025-04-09T14:17:17+00:00","article_modified_time":"2025-08-21T10:07:12+00:00","og_image":[{"width":2119,"height":706,"url":"https:\/\/www.domusrental.com\/blog\/wp-content\/uploads\/2025\/04\/garda-lake-hikes.jpg","type":"image\/jpeg"}],"author":"digitalservices","twitter_card":"summary_large_image","twitter_creator":"@DomusRental","twitter_site":"@DomusRental","twitter_misc":{"Verfasst von":"digitalservices","Gesch\u00e4tzte Lesezeit":"8\u00a0Minuten"},"schema":{"@context":"https:\/\/schema.org","@graph":[{"@type":"Article","@id":"https:\/\/www.domusrental.com\/blog\/de\/wandern-am-gardasee\/#article","isPartOf":{"@id":"https:\/\/www.domusrental.com\/blog\/de\/wandern-am-gardasee\/"},"author":{"name":"digitalservices","@id":"https:\/\/www.domusrental.com\/blog\/#\/schema\/person\/4704eef53d63fc41b94477baca3572f8"},"headline":"Wandern am Gardasee: Top-Routen, familienfreundliche Wanderungen und Tipps","datePublished":"2025-04-09T14:17:17+00:00","dateModified":"2025-08-21T10:07:12+00:00","mainEntityOfPage":{"@id":"https:\/\/www.domusrental.com\/blog\/de\/wandern-am-gardasee\/"},"wordCount":1324,"commentCount":0,"publisher":{"@id":"https:\/\/www.domusrental.com\/blog\/#organization"},"image":{"@id":"https:\/\/www.domusrental.com\/blog\/de\/wandern-am-gardasee\/#primaryimage"},"thumbnailUrl":"https:\/\/www.domusrental.com\/blog\/wp-content\/uploads\/2025\/04\/garda-lake-hikes.jpg","articleSection":["Erfahrungen","Gardasee"],"inLanguage":"de","potentialAction":[{"@type":"CommentAction","name":"Comment","target":["https:\/\/www.domusrental.com\/blog\/de\/wandern-am-gardasee\/#respond"]}]},{"@type":"WebPage","@id":"https:\/\/www.domusrental.com\/blog\/de\/wandern-am-gardasee\/","url":"https:\/\/www.domusrental.com\/blog\/de\/wandern-am-gardasee\/","name":"Wandern am Gardasee - Blog | Domus Rental","isPartOf":{"@id":"https:\/\/www.domusrental.com\/blog\/#website"},"primaryImageOfPage":{"@id":"https:\/\/www.domusrental.com\/blog\/de\/wandern-am-gardasee\/#primaryimage"},"image":{"@id":"https:\/\/www.domusrental.com\/blog\/de\/wandern-am-gardasee\/#primaryimage"},"thumbnailUrl":"https:\/\/www.domusrental.com\/blog\/wp-content\/uploads\/2025\/04\/garda-lake-hikes.jpg","datePublished":"2025-04-09T14:17:17+00:00","dateModified":"2025-08-21T10:07:12+00:00","description":"Begeben Sie sich auf ein Wanderabenteuer am Gardasee und genie\u00dfen Sie spektakul\u00e4re Landschaften.","breadcrumb":{"@id":"https:\/\/www.domusrental.com\/blog\/de\/wandern-am-gardasee\/#breadcrumb"},"inLanguage":"de","potentialAction":[{"@type":"ReadAction","target":["https:\/\/www.domusrental.com\/blog\/de\/wandern-am-gardasee\/"]}]},{"@type":"ImageObject","inLanguage":"de","@id":"https:\/\/www.domusrental.com\/blog\/de\/wandern-am-gardasee\/#primaryimage","url":"https:\/\/www.domusrental.com\/blog\/wp-content\/uploads\/2025\/04\/garda-lake-hikes.jpg","contentUrl":"https:\/\/www.domusrental.com\/blog\/wp-content\/uploads\/2025\/04\/garda-lake-hikes.jpg","width":2119,"height":706,"caption":"mother and son looking down to Lake Garda in Italy"},{"@type":"BreadcrumbList","@id":"https:\/\/www.domusrental.com\/blog\/de\/wandern-am-gardasee\/#breadcrumb","itemListElement":[{"@type":"ListItem","position":1,"name":"Home","item":"https:\/\/www.domusrental.com\/blog\/de\/"},{"@type":"ListItem","position":2,"name":"Wandern am Gardasee: Top-Routen, familienfreundliche Wanderungen und Tipps"}]},{"@type":"WebSite","@id":"https:\/\/www.domusrental.com\/blog\/#website","url":"https:\/\/www.domusrental.com\/blog\/","name":"Domus Rental","description":"","publisher":{"@id":"https:\/\/www.domusrental.com\/blog\/#organization"},"potentialAction":[{"@type":"SearchAction","target":{"@type":"EntryPoint","urlTemplate":"https:\/\/www.domusrental.com\/blog\/?s={search_term_string}"},"query-input":{"@type":"PropertyValueSpecification","valueRequired":true,"valueName":"search_term_string"}}],"inLanguage":"de"},{"@type":"Organization","@id":"https:\/\/www.domusrental.com\/blog\/#organization","name":"Blog | Domus Rental","url":"https:\/\/www.domusrental.com\/blog\/","logo":{"@type":"ImageObject","inLanguage":"de","@id":"https:\/\/www.domusrental.com\/blog\/#\/schema\/logo\/image\/","url":"https:\/\/www.domusrental.com\/blog\/wp-content\/uploads\/2024\/04\/favicon.png","contentUrl":"https:\/\/www.domusrental.com\/blog\/wp-content\/uploads\/2024\/04\/favicon.png","width":298,"height":298,"caption":"Blog | Domus Rental"},"image":{"@id":"https:\/\/www.domusrental.com\/blog\/#\/schema\/logo\/image\/"},"sameAs":["https:\/\/www.facebook.com\/domusrental","https:\/\/x.com\/DomusRental"]},{"@type":"Person","@id":"https:\/\/www.domusrental.com\/blog\/#\/schema\/person\/4704eef53d63fc41b94477baca3572f8","name":"digitalservices","image":{"@type":"ImageObject","inLanguage":"de","@id":"https:\/\/secure.gravatar.com\/avatar\/af30f88a1904294c1f3eb09a9d7903eec4ffa18fa2cf40c28a8681014ecdfc20?s=96&d=mm&r=g","url":"https:\/\/secure.gravatar.com\/avatar\/af30f88a1904294c1f3eb09a9d7903eec4ffa18fa2cf40c28a8681014ecdfc20?s=96&d=mm&r=g","contentUrl":"https:\/\/secure.gravatar.com\/avatar\/af30f88a1904294c1f3eb09a9d7903eec4ffa18fa2cf40c28a8681014ecdfc20?s=96&d=mm&r=g","caption":"digitalservices"},"url":"https:\/\/www.domusrental.com\/blog\/de\/author\/digitalservices\/"}]}},"_links":{"self":[{"href":"https:\/\/www.domusrental.com\/blog\/de\/wp-json\/wp\/v2\/posts\/4060","targetHints":{"allow":["GET"]}}],"collection":[{"href":"https:\/\/www.domusrental.com\/blog\/de\/wp-json\/wp\/v2\/posts"}],"about":[{"href":"https:\/\/www.domusrental.com\/blog\/de\/wp-json\/wp\/v2\/types\/post"}],"author":[{"embeddable":true,"href":"https:\/\/www.domusrental.com\/blog\/de\/wp-json\/wp\/v2\/users\/2"}],"replies":[{"embeddable":true,"href":"https:\/\/www.domusrental.com\/blog\/de\/wp-json\/wp\/v2\/comments?post=4060"}],"version-history":[{"count":4,"href":"https:\/\/www.domusrental.com\/blog\/de\/wp-json\/wp\/v2\/posts\/4060\/revisions"}],"predecessor-version":[{"id":4064,"href":"https:\/\/www.domusrental.com\/blog\/de\/wp-json\/wp\/v2\/posts\/4060\/revisions\/4064"}],"wp:featuredmedia":[{"embeddable":true,"href":"https:\/\/www.domusrental.com\/blog\/de\/wp-json\/wp\/v2\/media\/3762"}],"wp:attachment":[{"href":"https:\/\/www.domusrental.com\/blog\/de\/wp-json\/wp\/v2\/media?parent=4060"}],"wp:term":[{"taxonomy":"category","embeddable":true,"href":"https:\/\/www.domusrental.com\/blog\/de\/wp-json\/wp\/v2\/categories?post=4060"},{"taxonomy":"post_tag","embeddable":true,"href":"https:\/\/www.domusrental.com\/blog\/de\/wp-json\/wp\/v2\/tags?post=4060"}],"curies":[{"name":"wp","href":"https:\/\/api.w.org\/{rel}","templated":true}]}}