{"id":438,"date":"2023-07-07T07:28:47","date_gmt":"2023-07-07T07:28:47","guid":{"rendered":"https:\/\/www.domusrental.com\/blog\/?p=438"},"modified":"2025-01-21T15:42:47","modified_gmt":"2025-01-21T15:42:47","slug":"wetter-gardasee","status":"publish","type":"post","link":"https:\/\/www.domusrental.com\/blog\/de\/wetter-gardasee\/","title":{"rendered":"Das Wetter und alles Wissenswerte rund um den Gardasee"},"content":{"rendered":"\t\t<div data-elementor-type=\"wp-post\" data-elementor-id=\"438\" class=\"elementor elementor-438 elementor-377\" data-elementor-post-type=\"post\">\n\t\t\t\t\t\t<section class=\"elementor-section elementor-top-section elementor-element elementor-element-3e19e535 elementor-section-boxed elementor-section-height-default elementor-section-height-default\" data-id=\"3e19e535\" data-element_type=\"section\" data-e-type=\"section\">\n\t\t\t\t\t\t<div class=\"elementor-container elementor-column-gap-default\">\n\t\t\t\t\t<div class=\"elementor-column elementor-col-100 elementor-top-column elementor-element elementor-element-25e84983\" data-id=\"25e84983\" data-element_type=\"column\" data-e-type=\"column\">\n\t\t\t<div class=\"elementor-widget-wrap elementor-element-populated\">\n\t\t\t\t\t\t<div class=\"elementor-element elementor-element-6a18fe18 elementor-widget elementor-widget-text-editor\" data-id=\"6a18fe18\" data-element_type=\"widget\" data-e-type=\"widget\" data-widget_type=\"text-editor.default\">\n\t\t\t\t<div class=\"elementor-widget-container\">\n\t\t\t\t\t\t\t\t\t<p><span style=\"font-weight: 400;\">Glamorous and vast, Lake Garda is one of Italy\u2019s must-visit destinations. Popular with visitors from all over the world, it\u2019s no wonder people choose to visit Lake Garda again and again, and even choose it as a place to own a second home.<\/span><\/p>\n<p><span style=\"font-weight: 400;\">Lake Garda is magical at any time of year, but it\u2019s handy to know what to expect from season to season. In our handy guide to the weather at Lake Garda so you can make the most of your visit.<\/span><\/p>\t\t\t\t\t\t\t\t<\/div>\n\t\t\t\t<\/div>\n\t\t\t\t\t<\/div>\n\t\t<\/div>\n\t\t\t\t\t<\/div>\n\t\t<\/section>\n\t\t\t\t<section class=\"elementor-section elementor-top-section elementor-element elementor-element-2cfd2bf elementor-section-boxed elementor-section-height-default elementor-section-height-default\" data-id=\"2cfd2bf\" data-element_type=\"section\" data-e-type=\"section\">\n\t\t\t\t\t\t<div class=\"elementor-container elementor-column-gap-default\">\n\t\t\t\t\t<div class=\"elementor-column elementor-col-100 elementor-top-column elementor-element elementor-element-546cf5d\" data-id=\"546cf5d\" data-element_type=\"column\" data-e-type=\"column\">\n\t\t\t<div class=\"elementor-widget-wrap elementor-element-populated\">\n\t\t\t\t\t\t<div class=\"elementor-element elementor-element-fefb150 elementor-widget elementor-widget-heading\" data-id=\"fefb150\" data-element_type=\"widget\" data-e-type=\"widget\" data-widget_type=\"heading.default\">\n\t\t\t\t<div class=\"elementor-widget-container\">\n\t\t\t\t\t<h2 class=\"elementor-heading-title elementor-size-default\">Das Klima am Gardasee<\/h2>\t\t\t\t<\/div>\n\t\t\t\t<\/div>\n\t\t\t\t<div class=\"elementor-element elementor-element-f6b7b2b elementor-widget elementor-widget-text-editor\" data-id=\"f6b7b2b\" data-element_type=\"widget\" data-e-type=\"widget\" data-widget_type=\"text-editor.default\">\n\t\t\t\t<div class=\"elementor-widget-container\">\n\t\t\t\t\t\t\t\t\t<p><span style=\"font-weight: 400;\">Der Gardasee liegt im idyllischen Norden Italiens. Die Natur ist atemberaubend sch\u00f6n und es gibt viele bezaubernde St\u00e4dte, die sich ideal zum Erkunden und Genie\u00dfen des Dolce Vita eignen. Der gr\u00f6\u00dfte See Italiens erstreckt sich \u00fcber drei Regionen: Lombardei, Trentino-S\u00fcdtirol und Venetien.<\/span><\/p>\n<p><span style=\"font-weight: 400;\">Das Wetter am Gardasee wird sowohl von der N\u00e4he zu den Alpen als auch vom mediterranen Klima Italiens bestimmt. Daher k\u00f6nnen dort unterschiedliche Wetterbedingungen herrschen, wobei die Temperaturen im Laufe des Jahres betr\u00e4chtlich variieren.<\/span><\/p>\t\t\t\t\t\t\t\t<\/div>\n\t\t\t\t<\/div>\n\t\t\t\t\t<\/div>\n\t\t<\/div>\n\t\t\t\t\t<\/div>\n\t\t<\/section>\n\t\t\t\t<section class=\"elementor-section elementor-top-section elementor-element elementor-element-33495a3 elementor-section-boxed elementor-section-height-default elementor-section-height-default\" data-id=\"33495a3\" data-element_type=\"section\" data-e-type=\"section\">\n\t\t\t\t\t\t<div class=\"elementor-container elementor-column-gap-default\">\n\t\t\t\t\t<div class=\"elementor-column elementor-col-100 elementor-top-column elementor-element elementor-element-f1d5100\" data-id=\"f1d5100\" data-element_type=\"column\" data-e-type=\"column\">\n\t\t\t<div class=\"elementor-widget-wrap elementor-element-populated\">\n\t\t\t\t\t\t<div class=\"elementor-element elementor-element-45e10f0 elementor-widget elementor-widget-heading\" data-id=\"45e10f0\" data-element_type=\"widget\" data-e-type=\"widget\" data-widget_type=\"heading.default\">\n\t\t\t\t<div class=\"elementor-widget-container\">\n\t\t\t\t\t<h3 class=\"elementor-heading-title elementor-size-default\">Fr\u00fchling: Milde Temperaturen und bl\u00fchende Landschaften<\/h3>\t\t\t\t<\/div>\n\t\t\t\t<\/div>\n\t\t\t\t\t<\/div>\n\t\t<\/div>\n\t\t\t\t\t<\/div>\n\t\t<\/section>\n\t\t\t\t<section class=\"elementor-section elementor-top-section elementor-element elementor-element-487d58a elementor-section-boxed elementor-section-height-default elementor-section-height-default\" data-id=\"487d58a\" data-element_type=\"section\" data-e-type=\"section\">\n\t\t\t\t\t\t<div class=\"elementor-container elementor-column-gap-default\">\n\t\t\t\t\t<div class=\"elementor-column elementor-col-50 elementor-top-column elementor-element elementor-element-99603ab\" data-id=\"99603ab\" data-element_type=\"column\" data-e-type=\"column\">\n\t\t\t<div class=\"elementor-widget-wrap elementor-element-populated\">\n\t\t\t\t\t\t<div class=\"elementor-element elementor-element-9685164 elementor-widget elementor-widget-text-editor\" data-id=\"9685164\" data-element_type=\"widget\" data-e-type=\"widget\" data-widget_type=\"text-editor.default\">\n\t\t\t\t<div class=\"elementor-widget-container\">\n\t\t\t\t\t\t\t\t\t<p><span style=\"font-weight: 400;\">Der Fr\u00fchling ist eine wunderbare Zeit f\u00fcr eine Reise an den Gardasee. Nach einem verschlafenen Winter erwartet Sie im Fr\u00fchling der bl\u00fchende Gardasee \u2013 voller Farben und unglaublicher Landschaften. Die Fr\u00fchlingstemperaturen sind typischerweise angenehm bis mild, also ideal f\u00fcr Aktivit\u00e4ten im Freien.<\/span><\/p><p><span style=\"color: var( --e-global-color-text ); font-family: var( --e-global-typography-text-font-family ), Sans-serif; background-color: transparent;\">Im M\u00e4rz und April kann es einige k\u00fchlere Tage geben, und es ist auch mit Regen zu rechnen, daher kann es von Vorteil sein, wasserfeste Kleidung einzupacken. Im Mai wird es zunehmend w\u00e4rmer und die Temperaturen k\u00f6nnen <\/span><a style=\"font-family: var( --e-global-typography-text-font-family ), Sans-serif; font-weight: var( --e-global-typography-text-font-weight );\" href=\"https:\/\/www.climatestotravel.com\/climate\/italy\/lake-garda\">bis zu 25 \u00b0C erreichen<\/a><span style=\"color: var( --e-global-color-text ); font-family: var( --e-global-typography-text-font-family ), Sans-serif; background-color: transparent;\">. Dies ist ideal, um Zeit am See zu verbringen und Bars und Restaurants in den vielen umliegenden St\u00e4dten zu erkunden.<\/span><\/p>\t\t\t\t\t\t\t\t<\/div>\n\t\t\t\t<\/div>\n\t\t\t\t\t<\/div>\n\t\t<\/div>\n\t\t\t\t<div class=\"elementor-column elementor-col-50 elementor-top-column elementor-element elementor-element-6266bea\" data-id=\"6266bea\" data-element_type=\"column\" data-e-type=\"column\">\n\t\t\t<div class=\"elementor-widget-wrap elementor-element-populated\">\n\t\t\t\t\t\t<div class=\"elementor-element elementor-element-522398a elementor-widget elementor-widget-image\" data-id=\"522398a\" data-element_type=\"widget\" data-e-type=\"widget\" data-widget_type=\"image.default\">\n\t\t\t\t<div class=\"elementor-widget-container\">\n\t\t\t\t\t\t\t\t\t\t\t\t\t\t\t<img fetchpriority=\"high\" decoding=\"async\" width=\"724\" height=\"483\" src=\"https:\/\/www.domusrental.com\/blog\/wp-content\/uploads\/2023\/07\/Spring-at-lake-garda.jpg\" class=\"attachment-large size-large wp-image-398\" alt=\"Spring at lake garda\" \/>\t\t\t\t\t\t\t\t\t\t\t\t\t\t\t<\/div>\n\t\t\t\t<\/div>\n\t\t\t\t\t<\/div>\n\t\t<\/div>\n\t\t\t\t\t<\/div>\n\t\t<\/section>\n\t\t\t\t<section class=\"elementor-section elementor-top-section elementor-element elementor-element-568a7a3 elementor-section-boxed elementor-section-height-default elementor-section-height-default\" data-id=\"568a7a3\" data-element_type=\"section\" data-e-type=\"section\">\n\t\t\t\t\t\t<div class=\"elementor-container elementor-column-gap-default\">\n\t\t\t\t\t<div class=\"elementor-column elementor-col-100 elementor-top-column elementor-element elementor-element-100c6d3\" data-id=\"100c6d3\" data-element_type=\"column\" data-e-type=\"column\">\n\t\t\t<div class=\"elementor-widget-wrap elementor-element-populated\">\n\t\t\t\t\t\t<div class=\"elementor-element elementor-element-ea8da20 elementor-widget elementor-widget-heading\" data-id=\"ea8da20\" data-element_type=\"widget\" data-e-type=\"widget\" data-widget_type=\"heading.default\">\n\t\t\t\t<div class=\"elementor-widget-container\">\n\t\t\t\t\t<h3 class=\"elementor-heading-title elementor-size-default\">Sommer: Sonnige Tage, ideal f\u00fcr Wasseraktivit\u00e4ten<\/h3>\t\t\t\t<\/div>\n\t\t\t\t<\/div>\n\t\t\t\t\t<\/div>\n\t\t<\/div>\n\t\t\t\t\t<\/div>\n\t\t<\/section>\n\t\t\t\t<section class=\"elementor-section elementor-top-section elementor-element elementor-element-299c781 elementor-section-boxed elementor-section-height-default elementor-section-height-default\" data-id=\"299c781\" data-element_type=\"section\" data-e-type=\"section\">\n\t\t\t\t\t\t<div class=\"elementor-container elementor-column-gap-default\">\n\t\t\t\t\t<div class=\"elementor-column elementor-col-50 elementor-top-column elementor-element elementor-element-48e8bfd\" data-id=\"48e8bfd\" data-element_type=\"column\" data-e-type=\"column\">\n\t\t\t<div class=\"elementor-widget-wrap elementor-element-populated\">\n\t\t\t\t\t\t<div class=\"elementor-element elementor-element-71cde1e elementor-widget elementor-widget-image\" data-id=\"71cde1e\" data-element_type=\"widget\" data-e-type=\"widget\" data-widget_type=\"image.default\">\n\t\t\t\t<div class=\"elementor-widget-container\">\n\t\t\t\t\t\t\t\t\t\t\t\t\t\t\t<img decoding=\"async\" width=\"724\" height=\"483\" src=\"https:\/\/www.domusrental.com\/blog\/wp-content\/uploads\/2023\/07\/summer-at-lake-garda.jpg\" class=\"attachment-large size-large wp-image-401\" alt=\"summer at lake garda\" \/>\t\t\t\t\t\t\t\t\t\t\t\t\t\t\t<\/div>\n\t\t\t\t<\/div>\n\t\t\t\t\t<\/div>\n\t\t<\/div>\n\t\t\t\t<div class=\"elementor-column elementor-col-50 elementor-top-column elementor-element elementor-element-bdde955\" data-id=\"bdde955\" data-element_type=\"column\" data-e-type=\"column\">\n\t\t\t<div class=\"elementor-widget-wrap elementor-element-populated\">\n\t\t\t\t\t\t<div class=\"elementor-element elementor-element-0d63918 elementor-widget elementor-widget-text-editor\" data-id=\"0d63918\" data-element_type=\"widget\" data-e-type=\"widget\" data-widget_type=\"text-editor.default\">\n\t\t\t\t<div class=\"elementor-widget-container\">\n\t\t\t\t\t\t\t\t\t<p><span style=\"font-weight: 400;\">Wie in weiten Teilen Europas hat auch der Gardasee in den Sommermonaten seine touristische Hochsaison. Dann kann das mediterrane Klima Italiens mit seinen wundersch\u00f6nen Sonnentagen und warmen Temperaturen so richtig gef\u00fchlt werden. In den Sommermonaten liegen die Durchschnittstemperaturen bei 25 bis 30 \u00b0C, sodass alle Arten von Sommeraktivit\u00e4ten wie Schwimmen, Sonnenbaden und nat\u00fcrlich Wassersport ausge\u00fcbt werden k\u00f6nnen.<\/span><\/p><p><span style=\"color: var( --e-global-color-text ); font-family: var( --e-global-typography-text-font-family ), Sans-serif; background-color: transparent;\">Aufgrund seiner Lage kann es in den Sommermonaten ab und an zu Regenf\u00e4llen kommen. Daher ist es wichtig, sich die Wettervorhersage regelm\u00e4\u00dfig anzusehen und einen Regenschirm oder -mantel einzupacken, um f\u00fcr die gelegentlichen Schauer gewappnet zu sein.<\/span><\/p>\t\t\t\t\t\t\t\t<\/div>\n\t\t\t\t<\/div>\n\t\t\t\t\t<\/div>\n\t\t<\/div>\n\t\t\t\t\t<\/div>\n\t\t<\/section>\n\t\t\t\t<section class=\"elementor-section elementor-top-section elementor-element elementor-element-e3ba2e8 elementor-section-boxed elementor-section-height-default elementor-section-height-default\" data-id=\"e3ba2e8\" data-element_type=\"section\" data-e-type=\"section\">\n\t\t\t\t\t\t<div class=\"elementor-container elementor-column-gap-default\">\n\t\t\t\t\t<div class=\"elementor-column elementor-col-100 elementor-top-column elementor-element elementor-element-2d291ac\" data-id=\"2d291ac\" data-element_type=\"column\" data-e-type=\"column\">\n\t\t\t<div class=\"elementor-widget-wrap elementor-element-populated\">\n\t\t\t\t\t\t<div class=\"elementor-element elementor-element-b6ac959 elementor-widget elementor-widget-heading\" data-id=\"b6ac959\" data-element_type=\"widget\" data-e-type=\"widget\" data-widget_type=\"heading.default\">\n\t\t\t\t<div class=\"elementor-widget-container\">\n\t\t\t\t\t<h3 class=\"elementor-heading-title elementor-size-default\">Herbst: Angenehme Temperaturen und farbenfrohe B\u00e4ume\n<\/h3>\t\t\t\t<\/div>\n\t\t\t\t<\/div>\n\t\t\t\t\t<\/div>\n\t\t<\/div>\n\t\t\t\t\t<\/div>\n\t\t<\/section>\n\t\t\t\t<section class=\"elementor-section elementor-top-section elementor-element elementor-element-795c909 elementor-section-boxed elementor-section-height-default elementor-section-height-default\" data-id=\"795c909\" data-element_type=\"section\" data-e-type=\"section\">\n\t\t\t\t\t\t<div class=\"elementor-container elementor-column-gap-default\">\n\t\t\t\t\t<div class=\"elementor-column elementor-col-50 elementor-top-column elementor-element elementor-element-0126f7e\" data-id=\"0126f7e\" data-element_type=\"column\" data-e-type=\"column\">\n\t\t\t<div class=\"elementor-widget-wrap elementor-element-populated\">\n\t\t\t\t\t\t<div class=\"elementor-element elementor-element-be17c04 elementor-widget elementor-widget-text-editor\" data-id=\"be17c04\" data-element_type=\"widget\" data-e-type=\"widget\" data-widget_type=\"text-editor.default\">\n\t\t\t\t<div class=\"elementor-widget-container\">\n\t\t\t\t\t\t\t\t\t<p><span style=\"font-weight: 400;\">Der Herbst ist eine ideale Zeit f\u00fcr eine Reise an den Gardasee. Der \u00dcbergang vom Sommer zum Herbst sorgt f\u00fcr eine atemberaubende Landschaft, wobei die Temperaturen mit 20\u201325 \u00b0C etwas k\u00fchler (wenn auch immer noch angenehm) sind. Im September und Oktober erleben Sie das w\u00e4rmste Herbstwetter, wobei die Temperaturen gegen Ende Oktober beginnen, abzuk\u00fchlen.<\/span><\/p><p><span style=\"color: var( --e-global-color-text ); font-family: var( --e-global-typography-text-font-family ), Sans-serif; background-color: transparent;\">Wenn der Herbst kommt und sich das Wetter am Gardasee \u00e4ndert, nehmen die Bl\u00e4tter der B\u00e4ume leuchtende Rot-, Orange- und Goldt\u00f6ne an \u2013 ein Kontrast zum \u00fcppigen Gr\u00fcn im Fr\u00fchling und Sommer. Zu dieser Zeit sind weniger Touristen unterwegs, sodass Sie von der geringeren Besucherzahl profitieren und ein entspannteres Erlebnis genie\u00dfen k\u00f6nnen.<\/span><\/p>\t\t\t\t\t\t\t\t<\/div>\n\t\t\t\t<\/div>\n\t\t\t\t\t<\/div>\n\t\t<\/div>\n\t\t\t\t<div class=\"elementor-column elementor-col-50 elementor-top-column elementor-element elementor-element-126caa8\" data-id=\"126caa8\" data-element_type=\"column\" data-e-type=\"column\">\n\t\t\t<div class=\"elementor-widget-wrap elementor-element-populated\">\n\t\t\t\t\t\t<div class=\"elementor-element elementor-element-fa64f24 elementor-widget elementor-widget-image\" data-id=\"fa64f24\" data-element_type=\"widget\" data-e-type=\"widget\" data-widget_type=\"image.default\">\n\t\t\t\t<div class=\"elementor-widget-container\">\n\t\t\t\t\t\t\t\t\t\t\t\t\t\t\t<img decoding=\"async\" width=\"724\" height=\"483\" src=\"https:\/\/www.domusrental.com\/blog\/wp-content\/uploads\/2023\/07\/autumn-at-lake-garda.jpg\" class=\"attachment-large size-large wp-image-395\" alt=\"autumn at lake garda\" \/>\t\t\t\t\t\t\t\t\t\t\t\t\t\t\t<\/div>\n\t\t\t\t<\/div>\n\t\t\t\t\t<\/div>\n\t\t<\/div>\n\t\t\t\t\t<\/div>\n\t\t<\/section>\n\t\t\t\t<section class=\"elementor-section elementor-top-section elementor-element elementor-element-149cedd elementor-section-boxed elementor-section-height-default elementor-section-height-default\" data-id=\"149cedd\" data-element_type=\"section\" data-e-type=\"section\">\n\t\t\t\t\t\t<div class=\"elementor-container elementor-column-gap-default\">\n\t\t\t\t\t<div class=\"elementor-column elementor-col-100 elementor-top-column elementor-element elementor-element-66fc026\" data-id=\"66fc026\" data-element_type=\"column\" data-e-type=\"column\">\n\t\t\t<div class=\"elementor-widget-wrap elementor-element-populated\">\n\t\t\t\t\t\t<div class=\"elementor-element elementor-element-63ea51b elementor-widget elementor-widget-heading\" data-id=\"63ea51b\" data-element_type=\"widget\" data-e-type=\"widget\" data-widget_type=\"heading.default\">\n\t\t\t\t<div class=\"elementor-widget-container\">\n\t\t\t\t\t<h3 class=\"elementor-heading-title elementor-size-default\">Winter: K\u00fchles Wetter am Gardasee<\/h3>\t\t\t\t<\/div>\n\t\t\t\t<\/div>\n\t\t\t\t\t<\/div>\n\t\t<\/div>\n\t\t\t\t\t<\/div>\n\t\t<\/section>\n\t\t\t\t<section class=\"elementor-section elementor-top-section elementor-element elementor-element-1e07193 elementor-section-boxed elementor-section-height-default elementor-section-height-default\" data-id=\"1e07193\" data-element_type=\"section\" data-e-type=\"section\">\n\t\t\t\t\t\t<div class=\"elementor-container elementor-column-gap-default\">\n\t\t\t\t\t<div class=\"elementor-column elementor-col-50 elementor-top-column elementor-element elementor-element-12c0413\" data-id=\"12c0413\" data-element_type=\"column\" data-e-type=\"column\">\n\t\t\t<div class=\"elementor-widget-wrap elementor-element-populated\">\n\t\t\t\t\t\t<div class=\"elementor-element elementor-element-34fe884 elementor-widget elementor-widget-image\" data-id=\"34fe884\" data-element_type=\"widget\" data-e-type=\"widget\" data-widget_type=\"image.default\">\n\t\t\t\t<div class=\"elementor-widget-container\">\n\t\t\t\t\t\t\t\t\t\t\t\t\t\t\t<img decoding=\"async\" src=\"https:\/\/www.domusrental.com\/blog\/wp-content\/uploads\/2023\/07\/winter-at-lake-garda-724x430.jpg\" title=\"winter at lake garda\" alt=\"winter at lake garda\" loading=\"lazy\" \/>\t\t\t\t\t\t\t\t\t\t\t\t\t\t\t<\/div>\n\t\t\t\t<\/div>\n\t\t\t\t\t<\/div>\n\t\t<\/div>\n\t\t\t\t<div class=\"elementor-column elementor-col-50 elementor-top-column elementor-element elementor-element-e9cff59\" data-id=\"e9cff59\" data-element_type=\"column\" data-e-type=\"column\">\n\t\t\t<div class=\"elementor-widget-wrap elementor-element-populated\">\n\t\t\t\t\t\t<div class=\"elementor-element elementor-element-5e817f3 elementor-widget elementor-widget-text-editor\" data-id=\"5e817f3\" data-element_type=\"widget\" data-e-type=\"widget\" data-widget_type=\"text-editor.default\">\n\t\t\t\t<div class=\"elementor-widget-container\">\n\t\t\t\t\t\t\t\t\t<p><span style=\"font-weight: 400;\">Wenn Sie den perfekten Winterurlaub genie\u00dfen m\u00f6chten, k\u00f6nnte der Gardasee genau das Richtige sein. Au\u00dferhalb der gesch\u00e4ftigen Touristenmonate sind die Gegenden um den Gardasee viel ruhiger, sodass Sie seine Sch\u00f6nheit und Landschaft entspannt genie\u00dfen k\u00f6nnen.<\/span><\/p><p><span style=\"color: var( --e-global-color-text ); font-family: var( --e-global-typography-text-font-family ), Sans-serif; background-color: transparent;\">Das Winterwetter am Gardasee kann zeitweise sehr kalt werden. Die Temperaturen k\u00f6nnen bei etwa 5 bis 10 \u00b0C liegen. Dies bedeutet, dass Sie Winterkleidung einpacken m\u00fcssen, um nicht zu frieren. Die k\u00fchleren Temperaturen bieten jedoch die perfekte Kulisse, um den Gardasee mit dem mystischen Nebel am Morgen und der klaren Luft w\u00e4hrend des Tages sowie die schneebedeckten Gipfel der ihn umgebenden Berge zu genie\u00dfen. Sie k\u00f6nnen viele atemberaubende Spazierg\u00e4nge in der Umgebung unternehmen und gleichzeitig die anderen Vergn\u00fcgungsm\u00f6glichkeiten erkunden, die der Gardasee zu bieten hat, wie etwa die schmackhafte italienische K\u00fcche.<\/span><\/p>\t\t\t\t\t\t\t\t<\/div>\n\t\t\t\t<\/div>\n\t\t\t\t\t<\/div>\n\t\t<\/div>\n\t\t\t\t\t<\/div>\n\t\t<\/section>\n\t\t\t\t<section class=\"elementor-section elementor-top-section elementor-element elementor-element-4fb81d5 elementor-section-boxed elementor-section-height-default elementor-section-height-default\" data-id=\"4fb81d5\" data-element_type=\"section\" data-e-type=\"section\">\n\t\t\t\t\t\t<div class=\"elementor-container elementor-column-gap-default\">\n\t\t\t\t\t<div class=\"elementor-column elementor-col-100 elementor-top-column elementor-element elementor-element-345e3d8\" data-id=\"345e3d8\" data-element_type=\"column\" data-e-type=\"column\">\n\t\t\t<div class=\"elementor-widget-wrap elementor-element-populated\">\n\t\t\t\t\t\t<div class=\"elementor-element elementor-element-495f5a6 elementor-widget elementor-widget-heading\" data-id=\"495f5a6\" data-element_type=\"widget\" data-e-type=\"widget\" data-widget_type=\"heading.default\">\n\t\t\t\t<div class=\"elementor-widget-container\">\n\t\t\t\t\t<h2 class=\"elementor-heading-title elementor-size-default\">Tipps zum Packen und zur Vorbereitung auf das Wetter am Gardasee<\/h2>\t\t\t\t<\/div>\n\t\t\t\t<\/div>\n\t\t\t\t<div class=\"elementor-element elementor-element-00c33af elementor-widget elementor-widget-text-editor\" data-id=\"00c33af\" data-element_type=\"widget\" data-e-type=\"widget\" data-widget_type=\"text-editor.default\">\n\t\t\t\t<div class=\"elementor-widget-container\">\n\t\t\t\t\t\t\t\t\t<p><span style=\"font-weight: 400;\">Da das Wetter das ganze Jahr \u00fcber variiert, ist es nicht immer einfach zu wissen, was man f\u00fcr eine Reise an den Gardasee einpacken sollte. Folgende Tipps sollten Sie bei der Vorbereitung auf das Wetter am Gardasee ber\u00fccksichtigen:<\/span><\/p><ul><li style=\"font-weight: 400;\" aria-level=\"1\"><span style=\"font-weight: 400;\">Kleiden Sie sich der Jahreszeit entsprechend: Der Fr\u00fchling und der Sommer sind viel milder, daher ist leichte Kleidung angebracht, die luftig und bequem ist. In den k\u00fchleren Monaten sollten Sie auch Pullover und Jacken einpacken, damit Sie nicht frieren.<\/span><\/li><li style=\"font-weight: 400;\" aria-level=\"1\"><span style=\"font-weight: 400;\">Vorbereitung auf die Sommersonne: Aufgrund des mediterranen Klimas am Gardasee kann es im Sommer hei\u00df werden. Nehmen Sie am besten H\u00fcte, Sonnenbrillen und nat\u00fcrlich Sonnencreme zum Schutz vor der Sonne mit.<\/span><\/li><li style=\"font-weight: 400;\" aria-level=\"1\"><span style=\"font-weight: 400;\">Kleiden nach dem Zwiebelprinzip im Winter: Bereiten Sie sich auf das winterliche Wetter am Gardasee vor, indem Sie verschiedene bequeme Oberteile und Jacken einpacken. Das richtige Schuhwerk sorgt daf\u00fcr, dass die winterlichen Spazierg\u00e4nge zu einem angenehmen und unvergesslichen Erlebnis werden.<\/span><\/li><li style=\"font-weight: 400;\" aria-level=\"1\"><span style=\"font-weight: 400;\">Sehen Sie sich stets die Wettervorhersage an: Informieren Sie sich vor Ihrer Reise \u00fcber das voraussichtliche Wetter, damit Sie besser auf unterschiedliche Wetterbedingungen vorbereitet sein k\u00f6nnen, insbesondere wenn Sie vorhaben, Aktivit\u00e4ten im Freien auszu\u00fcben.<br \/><\/span><\/li><\/ul>\t\t\t\t\t\t\t\t<\/div>\n\t\t\t\t<\/div>\n\t\t\t\t\t<\/div>\n\t\t<\/div>\n\t\t\t\t\t<\/div>\n\t\t<\/section>\n\t\t\t\t<section class=\"elementor-section elementor-top-section elementor-element elementor-element-536e9dc elementor-section-boxed elementor-section-height-default elementor-section-height-default\" data-id=\"536e9dc\" data-element_type=\"section\" data-e-type=\"section\">\n\t\t\t\t\t\t<div class=\"elementor-container elementor-column-gap-default\">\n\t\t\t\t\t<div class=\"elementor-column elementor-col-100 elementor-top-column elementor-element elementor-element-6ce0191\" data-id=\"6ce0191\" data-element_type=\"column\" data-e-type=\"column\">\n\t\t\t<div class=\"elementor-widget-wrap elementor-element-populated\">\n\t\t\t\t\t\t<div class=\"elementor-element elementor-element-a809532 elementor-widget elementor-widget-heading\" data-id=\"a809532\" data-element_type=\"widget\" data-e-type=\"widget\" data-widget_type=\"heading.default\">\n\t\t\t\t<div class=\"elementor-widget-container\">\n\t\t\t\t\t<h2 class=\"elementor-heading-title elementor-size-default\">Unternehmen Sie eine Reise an den Gardasee und \u00fcbernachten Sie in einer unserer wundersch\u00f6nen Unterk\u00fcnfte<\/h2>\t\t\t\t<\/div>\n\t\t\t\t<\/div>\n\t\t\t\t<div class=\"elementor-element elementor-element-402fb70 elementor-widget elementor-widget-text-editor\" data-id=\"402fb70\" data-element_type=\"widget\" data-e-type=\"widget\" data-widget_type=\"text-editor.default\">\n\t\t\t\t<div class=\"elementor-widget-container\">\n\t\t\t\t\t\t\t\t\t<p><span style=\"font-weight: 400;\">Der Gardasee ist das ideale Reiseziel, um atemberaubende Ausblicke, Entspannung oder Abenteuer zu genie\u00dfen. Und der Aufenthalt in einer unserer Luxusunterk\u00fcnfte wird Ihren Besuch wirklich unvergesslich machen. Werfen Sie einen Blick auf unser Angebot an Unterk\u00fcnften und beginnen Sie noch heute mit der Planung Ihres Urlaubs am Gardasee.<\/span><\/p>\t\t\t\t\t\t\t\t<\/div>\n\t\t\t\t<\/div>\n\t\t\t\t\t<\/div>\n\t\t<\/div>\n\t\t\t\t\t<\/div>\n\t\t<\/section>\n\t\t\t\t<section class=\"elementor-section elementor-top-section elementor-element elementor-element-65f513d1 elementor-section-boxed elementor-section-height-default elementor-section-height-default\" data-id=\"65f513d1\" data-element_type=\"section\" data-e-type=\"section\">\n\t\t\t\t\t\t<div class=\"elementor-container elementor-column-gap-default\">\n\t\t\t\t\t<div class=\"elementor-column elementor-col-33 elementor-top-column elementor-element elementor-element-43a843fc\" data-id=\"43a843fc\" data-element_type=\"column\" data-e-type=\"column\">\n\t\t\t<div class=\"elementor-widget-wrap elementor-element-populated\">\n\t\t\t\t\t\t<div class=\"elementor-element elementor-element-5701bb0b elementor-align-center elementor-widget elementor-widget-button\" data-id=\"5701bb0b\" data-element_type=\"widget\" data-e-type=\"widget\" data-widget_type=\"button.default\">\n\t\t\t\t<div class=\"elementor-widget-container\">\n\t\t\t\t\t\t\t\t\t<div class=\"elementor-button-wrapper\">\n\t\t\t\t\t<a class=\"elementor-button elementor-button-link elementor-size-md\" href=\"https:\/\/www.domusrental.com\/de\/vermietung\/vermietungen-torri-del-benaco-d66838\/\">\n\t\t\t\t\t\t<span class=\"elementor-button-content-wrapper\">\n\t\t\t\t\t\t\t\t\t<span class=\"elementor-button-text\">Torri Del Benaco<\/span>\n\t\t\t\t\t<\/span>\n\t\t\t\t\t<\/a>\n\t\t\t\t<\/div>\n\t\t\t\t\t\t\t\t<\/div>\n\t\t\t\t<\/div>\n\t\t\t\t\t<\/div>\n\t\t<\/div>\n\t\t\t\t<div class=\"elementor-column elementor-col-33 elementor-top-column elementor-element elementor-element-70bfa9f9\" data-id=\"70bfa9f9\" data-element_type=\"column\" data-e-type=\"column\">\n\t\t\t<div class=\"elementor-widget-wrap elementor-element-populated\">\n\t\t\t\t\t\t<div class=\"elementor-element elementor-element-1831e908 elementor-align-center elementor-widget elementor-widget-button\" data-id=\"1831e908\" data-element_type=\"widget\" data-e-type=\"widget\" data-widget_type=\"button.default\">\n\t\t\t\t<div class=\"elementor-widget-container\">\n\t\t\t\t\t\t\t\t\t<div class=\"elementor-button-wrapper\">\n\t\t\t\t\t<a class=\"elementor-button elementor-button-link elementor-size-md\" href=\"https:\/\/www.domusrental.com\/de\/vermietung\/vermietungen-bardolino-d66641\/ansicht-liste\/\">\n\t\t\t\t\t\t<span class=\"elementor-button-content-wrapper\">\n\t\t\t\t\t\t\t\t\t<span class=\"elementor-button-text\">Bardolino<\/span>\n\t\t\t\t\t<\/span>\n\t\t\t\t\t<\/a>\n\t\t\t\t<\/div>\n\t\t\t\t\t\t\t\t<\/div>\n\t\t\t\t<\/div>\n\t\t\t\t\t<\/div>\n\t\t<\/div>\n\t\t\t\t<div class=\"elementor-column elementor-col-33 elementor-top-column elementor-element elementor-element-20a6c383\" data-id=\"20a6c383\" data-element_type=\"column\" data-e-type=\"column\">\n\t\t\t<div class=\"elementor-widget-wrap elementor-element-populated\">\n\t\t\t\t\t\t<div class=\"elementor-element elementor-element-6c4dda03 elementor-align-center elementor-widget elementor-widget-button\" data-id=\"6c4dda03\" data-element_type=\"widget\" data-e-type=\"widget\" data-widget_type=\"button.default\">\n\t\t\t\t<div class=\"elementor-widget-container\">\n\t\t\t\t\t\t\t\t\t<div class=\"elementor-button-wrapper\">\n\t\t\t\t\t<a class=\"elementor-button elementor-button-link elementor-size-md\" href=\"https:\/\/www.domusrental.com\/rentals\/rentals-costermano-d66701\/\">\n\t\t\t\t\t\t<span class=\"elementor-button-content-wrapper\">\n\t\t\t\t\t\t\t\t\t<span class=\"elementor-button-text\">Costermano<\/span>\n\t\t\t\t\t<\/span>\n\t\t\t\t\t<\/a>\n\t\t\t\t<\/div>\n\t\t\t\t\t\t\t\t<\/div>\n\t\t\t\t<\/div>\n\t\t\t\t\t<\/div>\n\t\t<\/div>\n\t\t\t\t\t<\/div>\n\t\t<\/section>\n\t\t\t\t<\/div>\n\t\t","protected":false},"excerpt":{"rendered":"<p>Glamorous and vast, Lake Garda is one of Italy\u2019s must-visit destinations. Popular with visitors from all over the world, it\u2019s no wonder people choose to visit Lake Garda again and again, and even choose it as a place to own a second home. Lake Garda is magical at any time of year, but it\u2019s handy [&hellip;]<\/p>\n","protected":false},"author":2,"featured_media":465,"comment_status":"open","ping_status":"closed","sticky":false,"template":"","format":"standard","meta":{"footnotes":""},"categories":[59],"tags":[],"class_list":["post-438","post","type-post","status-publish","format-standard","has-post-thumbnail","hentry","category-gardasee"],"yoast_head":"<!-- This site is optimized with the Yoast SEO plugin v27.4 - https:\/\/yoast.com\/product\/yoast-seo-wordpress\/ -->\n<title>Das Wetter am Gardasee \u2013 Wissenswertes zur Planung Ihrer Reise<\/title>\n<meta name=\"description\" content=\"Der Gardasee ist ein absolut unerl\u00e4ssliches Reiseziel in Italien. Um die Planung Ihrer Reise zu vereinfachen.\" \/>\n<meta name=\"robots\" content=\"index, follow, max-snippet:-1, max-image-preview:large, max-video-preview:-1\" \/>\n<link rel=\"canonical\" href=\"https:\/\/www.domusrental.com\/blog\/weather-lake-garda\/\" \/>\n<meta property=\"og:locale\" content=\"de_DE\" \/>\n<meta property=\"og:type\" content=\"article\" \/>\n<meta property=\"og:title\" content=\"Das Wetter am Gardasee \u2013 Wissenswertes zur Planung Ihrer Reise\" \/>\n<meta property=\"og:description\" content=\"Der Gardasee ist ein absolut unerl\u00e4ssliches Reiseziel in Italien. Um die Planung Ihrer Reise zu vereinfachen.\" \/>\n<meta property=\"og:url\" content=\"https:\/\/www.domusrental.com\/blog\/weather-lake-garda\/\" \/>\n<meta property=\"og:site_name\" content=\"Blog | Domus Rental\" \/>\n<meta property=\"article:publisher\" content=\"https:\/\/www.facebook.com\/domusrental\" \/>\n<meta property=\"article:published_time\" content=\"2023-07-07T07:28:47+00:00\" \/>\n<meta property=\"article:modified_time\" content=\"2025-01-21T15:42:47+00:00\" \/>\n<meta property=\"og:image\" content=\"https:\/\/www.domusrental.com\/blog\/wp-content\/uploads\/2023\/07\/Weather-at-Lake-Garda-2.jpg\" \/>\n\t<meta property=\"og:image:width\" content=\"1920\" \/>\n\t<meta property=\"og:image:height\" content=\"750\" \/>\n\t<meta property=\"og:image:type\" content=\"image\/jpeg\" \/>\n<meta name=\"author\" content=\"digitalservices\" \/>\n<meta name=\"twitter:card\" content=\"summary_large_image\" \/>\n<meta name=\"twitter:creator\" content=\"@DomusRental\" \/>\n<meta name=\"twitter:site\" content=\"@DomusRental\" \/>\n<meta name=\"twitter:label1\" content=\"Verfasst von\" \/>\n\t<meta name=\"twitter:data1\" content=\"digitalservices\" \/>\n\t<meta name=\"twitter:label2\" content=\"Gesch\u00e4tzte Lesezeit\" \/>\n\t<meta name=\"twitter:data2\" content=\"5\u00a0Minuten\" \/>\n<script type=\"application\/ld+json\" class=\"yoast-schema-graph\">{\"@context\":\"https:\\\/\\\/schema.org\",\"@graph\":[{\"@type\":\"Article\",\"@id\":\"https:\\\/\\\/www.domusrental.com\\\/blog\\\/weather-lake-garda\\\/#article\",\"isPartOf\":{\"@id\":\"https:\\\/\\\/www.domusrental.com\\\/blog\\\/weather-lake-garda\\\/\"},\"author\":{\"name\":\"digitalservices\",\"@id\":\"https:\\\/\\\/www.domusrental.com\\\/blog\\\/#\\\/schema\\\/person\\\/4704eef53d63fc41b94477baca3572f8\"},\"headline\":\"Das Wetter und alles Wissenswerte rund um den Gardasee\",\"datePublished\":\"2023-07-07T07:28:47+00:00\",\"dateModified\":\"2025-01-21T15:42:47+00:00\",\"mainEntityOfPage\":{\"@id\":\"https:\\\/\\\/www.domusrental.com\\\/blog\\\/weather-lake-garda\\\/\"},\"wordCount\":962,\"commentCount\":0,\"publisher\":{\"@id\":\"https:\\\/\\\/www.domusrental.com\\\/blog\\\/#organization\"},\"image\":{\"@id\":\"https:\\\/\\\/www.domusrental.com\\\/blog\\\/weather-lake-garda\\\/#primaryimage\"},\"thumbnailUrl\":\"https:\\\/\\\/www.domusrental.com\\\/blog\\\/wp-content\\\/uploads\\\/2023\\\/07\\\/Weather-at-Lake-Garda-2.jpg\",\"articleSection\":[\"Gardasee\"],\"inLanguage\":\"de\",\"potentialAction\":[{\"@type\":\"CommentAction\",\"name\":\"Comment\",\"target\":[\"https:\\\/\\\/www.domusrental.com\\\/blog\\\/weather-lake-garda\\\/#respond\"]}]},{\"@type\":\"WebPage\",\"@id\":\"https:\\\/\\\/www.domusrental.com\\\/blog\\\/weather-lake-garda\\\/\",\"url\":\"https:\\\/\\\/www.domusrental.com\\\/blog\\\/weather-lake-garda\\\/\",\"name\":\"Das Wetter am Gardasee \u2013 Wissenswertes zur Planung Ihrer Reise\",\"isPartOf\":{\"@id\":\"https:\\\/\\\/www.domusrental.com\\\/blog\\\/#website\"},\"primaryImageOfPage\":{\"@id\":\"https:\\\/\\\/www.domusrental.com\\\/blog\\\/weather-lake-garda\\\/#primaryimage\"},\"image\":{\"@id\":\"https:\\\/\\\/www.domusrental.com\\\/blog\\\/weather-lake-garda\\\/#primaryimage\"},\"thumbnailUrl\":\"https:\\\/\\\/www.domusrental.com\\\/blog\\\/wp-content\\\/uploads\\\/2023\\\/07\\\/Weather-at-Lake-Garda-2.jpg\",\"datePublished\":\"2023-07-07T07:28:47+00:00\",\"dateModified\":\"2025-01-21T15:42:47+00:00\",\"description\":\"Der Gardasee ist ein absolut unerl\u00e4ssliches Reiseziel in Italien. Um die Planung Ihrer Reise zu vereinfachen.\",\"breadcrumb\":{\"@id\":\"https:\\\/\\\/www.domusrental.com\\\/blog\\\/weather-lake-garda\\\/#breadcrumb\"},\"inLanguage\":\"de\",\"potentialAction\":[{\"@type\":\"ReadAction\",\"target\":[\"https:\\\/\\\/www.domusrental.com\\\/blog\\\/weather-lake-garda\\\/\"]}]},{\"@type\":\"ImageObject\",\"inLanguage\":\"de\",\"@id\":\"https:\\\/\\\/www.domusrental.com\\\/blog\\\/weather-lake-garda\\\/#primaryimage\",\"url\":\"https:\\\/\\\/www.domusrental.com\\\/blog\\\/wp-content\\\/uploads\\\/2023\\\/07\\\/Weather-at-Lake-Garda-2.jpg\",\"contentUrl\":\"https:\\\/\\\/www.domusrental.com\\\/blog\\\/wp-content\\\/uploads\\\/2023\\\/07\\\/Weather-at-Lake-Garda-2.jpg\",\"width\":1920,\"height\":750,\"caption\":\"Weather at Lake Garda\"},{\"@type\":\"BreadcrumbList\",\"@id\":\"https:\\\/\\\/www.domusrental.com\\\/blog\\\/weather-lake-garda\\\/#breadcrumb\",\"itemListElement\":[{\"@type\":\"ListItem\",\"position\":1,\"name\":\"Home\",\"item\":\"https:\\\/\\\/www.domusrental.com\\\/blog\\\/de\\\/\"},{\"@type\":\"ListItem\",\"position\":2,\"name\":\"Das Wetter und alles Wissenswerte rund um den Gardasee\"}]},{\"@type\":\"WebSite\",\"@id\":\"https:\\\/\\\/www.domusrental.com\\\/blog\\\/#website\",\"url\":\"https:\\\/\\\/www.domusrental.com\\\/blog\\\/\",\"name\":\"Domus Rental\",\"description\":\"\",\"publisher\":{\"@id\":\"https:\\\/\\\/www.domusrental.com\\\/blog\\\/#organization\"},\"potentialAction\":[{\"@type\":\"SearchAction\",\"target\":{\"@type\":\"EntryPoint\",\"urlTemplate\":\"https:\\\/\\\/www.domusrental.com\\\/blog\\\/?s={search_term_string}\"},\"query-input\":{\"@type\":\"PropertyValueSpecification\",\"valueRequired\":true,\"valueName\":\"search_term_string\"}}],\"inLanguage\":\"de\"},{\"@type\":\"Organization\",\"@id\":\"https:\\\/\\\/www.domusrental.com\\\/blog\\\/#organization\",\"name\":\"Blog | Domus Rental\",\"url\":\"https:\\\/\\\/www.domusrental.com\\\/blog\\\/\",\"logo\":{\"@type\":\"ImageObject\",\"inLanguage\":\"de\",\"@id\":\"https:\\\/\\\/www.domusrental.com\\\/blog\\\/#\\\/schema\\\/logo\\\/image\\\/\",\"url\":\"https:\\\/\\\/www.domusrental.com\\\/blog\\\/wp-content\\\/uploads\\\/2024\\\/04\\\/favicon.png\",\"contentUrl\":\"https:\\\/\\\/www.domusrental.com\\\/blog\\\/wp-content\\\/uploads\\\/2024\\\/04\\\/favicon.png\",\"width\":298,\"height\":298,\"caption\":\"Blog | Domus Rental\"},\"image\":{\"@id\":\"https:\\\/\\\/www.domusrental.com\\\/blog\\\/#\\\/schema\\\/logo\\\/image\\\/\"},\"sameAs\":[\"https:\\\/\\\/www.facebook.com\\\/domusrental\",\"https:\\\/\\\/x.com\\\/DomusRental\"]},{\"@type\":\"Person\",\"@id\":\"https:\\\/\\\/www.domusrental.com\\\/blog\\\/#\\\/schema\\\/person\\\/4704eef53d63fc41b94477baca3572f8\",\"name\":\"digitalservices\",\"image\":{\"@type\":\"ImageObject\",\"inLanguage\":\"de\",\"@id\":\"https:\\\/\\\/secure.gravatar.com\\\/avatar\\\/af30f88a1904294c1f3eb09a9d7903eec4ffa18fa2cf40c28a8681014ecdfc20?s=96&d=mm&r=g\",\"url\":\"https:\\\/\\\/secure.gravatar.com\\\/avatar\\\/af30f88a1904294c1f3eb09a9d7903eec4ffa18fa2cf40c28a8681014ecdfc20?s=96&d=mm&r=g\",\"contentUrl\":\"https:\\\/\\\/secure.gravatar.com\\\/avatar\\\/af30f88a1904294c1f3eb09a9d7903eec4ffa18fa2cf40c28a8681014ecdfc20?s=96&d=mm&r=g\",\"caption\":\"digitalservices\"},\"url\":\"https:\\\/\\\/www.domusrental.com\\\/blog\\\/de\\\/author\\\/digitalservices\\\/\"}]}<\/script>\n<!-- \/ Yoast SEO plugin. -->","yoast_head_json":{"title":"Das Wetter am Gardasee \u2013 Wissenswertes zur Planung Ihrer Reise","description":"Der Gardasee ist ein absolut unerl\u00e4ssliches Reiseziel in Italien. Um die Planung Ihrer Reise zu vereinfachen.","robots":{"index":"index","follow":"follow","max-snippet":"max-snippet:-1","max-image-preview":"max-image-preview:large","max-video-preview":"max-video-preview:-1"},"canonical":"https:\/\/www.domusrental.com\/blog\/weather-lake-garda\/","og_locale":"de_DE","og_type":"article","og_title":"Das Wetter am Gardasee \u2013 Wissenswertes zur Planung Ihrer Reise","og_description":"Der Gardasee ist ein absolut unerl\u00e4ssliches Reiseziel in Italien. Um die Planung Ihrer Reise zu vereinfachen.","og_url":"https:\/\/www.domusrental.com\/blog\/weather-lake-garda\/","og_site_name":"Blog | Domus Rental","article_publisher":"https:\/\/www.facebook.com\/domusrental","article_published_time":"2023-07-07T07:28:47+00:00","article_modified_time":"2025-01-21T15:42:47+00:00","og_image":[{"width":1920,"height":750,"url":"https:\/\/www.domusrental.com\/blog\/wp-content\/uploads\/2023\/07\/Weather-at-Lake-Garda-2.jpg","type":"image\/jpeg"}],"author":"digitalservices","twitter_card":"summary_large_image","twitter_creator":"@DomusRental","twitter_site":"@DomusRental","twitter_misc":{"Verfasst von":"digitalservices","Gesch\u00e4tzte Lesezeit":"5\u00a0Minuten"},"schema":{"@context":"https:\/\/schema.org","@graph":[{"@type":"Article","@id":"https:\/\/www.domusrental.com\/blog\/weather-lake-garda\/#article","isPartOf":{"@id":"https:\/\/www.domusrental.com\/blog\/weather-lake-garda\/"},"author":{"name":"digitalservices","@id":"https:\/\/www.domusrental.com\/blog\/#\/schema\/person\/4704eef53d63fc41b94477baca3572f8"},"headline":"Das Wetter und alles Wissenswerte rund um den Gardasee","datePublished":"2023-07-07T07:28:47+00:00","dateModified":"2025-01-21T15:42:47+00:00","mainEntityOfPage":{"@id":"https:\/\/www.domusrental.com\/blog\/weather-lake-garda\/"},"wordCount":962,"commentCount":0,"publisher":{"@id":"https:\/\/www.domusrental.com\/blog\/#organization"},"image":{"@id":"https:\/\/www.domusrental.com\/blog\/weather-lake-garda\/#primaryimage"},"thumbnailUrl":"https:\/\/www.domusrental.com\/blog\/wp-content\/uploads\/2023\/07\/Weather-at-Lake-Garda-2.jpg","articleSection":["Gardasee"],"inLanguage":"de","potentialAction":[{"@type":"CommentAction","name":"Comment","target":["https:\/\/www.domusrental.com\/blog\/weather-lake-garda\/#respond"]}]},{"@type":"WebPage","@id":"https:\/\/www.domusrental.com\/blog\/weather-lake-garda\/","url":"https:\/\/www.domusrental.com\/blog\/weather-lake-garda\/","name":"Das Wetter am Gardasee \u2013 Wissenswertes zur Planung Ihrer Reise","isPartOf":{"@id":"https:\/\/www.domusrental.com\/blog\/#website"},"primaryImageOfPage":{"@id":"https:\/\/www.domusrental.com\/blog\/weather-lake-garda\/#primaryimage"},"image":{"@id":"https:\/\/www.domusrental.com\/blog\/weather-lake-garda\/#primaryimage"},"thumbnailUrl":"https:\/\/www.domusrental.com\/blog\/wp-content\/uploads\/2023\/07\/Weather-at-Lake-Garda-2.jpg","datePublished":"2023-07-07T07:28:47+00:00","dateModified":"2025-01-21T15:42:47+00:00","description":"Der Gardasee ist ein absolut unerl\u00e4ssliches Reiseziel in Italien. Um die Planung Ihrer Reise zu vereinfachen.","breadcrumb":{"@id":"https:\/\/www.domusrental.com\/blog\/weather-lake-garda\/#breadcrumb"},"inLanguage":"de","potentialAction":[{"@type":"ReadAction","target":["https:\/\/www.domusrental.com\/blog\/weather-lake-garda\/"]}]},{"@type":"ImageObject","inLanguage":"de","@id":"https:\/\/www.domusrental.com\/blog\/weather-lake-garda\/#primaryimage","url":"https:\/\/www.domusrental.com\/blog\/wp-content\/uploads\/2023\/07\/Weather-at-Lake-Garda-2.jpg","contentUrl":"https:\/\/www.domusrental.com\/blog\/wp-content\/uploads\/2023\/07\/Weather-at-Lake-Garda-2.jpg","width":1920,"height":750,"caption":"Weather at Lake Garda"},{"@type":"BreadcrumbList","@id":"https:\/\/www.domusrental.com\/blog\/weather-lake-garda\/#breadcrumb","itemListElement":[{"@type":"ListItem","position":1,"name":"Home","item":"https:\/\/www.domusrental.com\/blog\/de\/"},{"@type":"ListItem","position":2,"name":"Das Wetter und alles Wissenswerte rund um den Gardasee"}]},{"@type":"WebSite","@id":"https:\/\/www.domusrental.com\/blog\/#website","url":"https:\/\/www.domusrental.com\/blog\/","name":"Domus Rental","description":"","publisher":{"@id":"https:\/\/www.domusrental.com\/blog\/#organization"},"potentialAction":[{"@type":"SearchAction","target":{"@type":"EntryPoint","urlTemplate":"https:\/\/www.domusrental.com\/blog\/?s={search_term_string}"},"query-input":{"@type":"PropertyValueSpecification","valueRequired":true,"valueName":"search_term_string"}}],"inLanguage":"de"},{"@type":"Organization","@id":"https:\/\/www.domusrental.com\/blog\/#organization","name":"Blog | Domus Rental","url":"https:\/\/www.domusrental.com\/blog\/","logo":{"@type":"ImageObject","inLanguage":"de","@id":"https:\/\/www.domusrental.com\/blog\/#\/schema\/logo\/image\/","url":"https:\/\/www.domusrental.com\/blog\/wp-content\/uploads\/2024\/04\/favicon.png","contentUrl":"https:\/\/www.domusrental.com\/blog\/wp-content\/uploads\/2024\/04\/favicon.png","width":298,"height":298,"caption":"Blog | Domus Rental"},"image":{"@id":"https:\/\/www.domusrental.com\/blog\/#\/schema\/logo\/image\/"},"sameAs":["https:\/\/www.facebook.com\/domusrental","https:\/\/x.com\/DomusRental"]},{"@type":"Person","@id":"https:\/\/www.domusrental.com\/blog\/#\/schema\/person\/4704eef53d63fc41b94477baca3572f8","name":"digitalservices","image":{"@type":"ImageObject","inLanguage":"de","@id":"https:\/\/secure.gravatar.com\/avatar\/af30f88a1904294c1f3eb09a9d7903eec4ffa18fa2cf40c28a8681014ecdfc20?s=96&d=mm&r=g","url":"https:\/\/secure.gravatar.com\/avatar\/af30f88a1904294c1f3eb09a9d7903eec4ffa18fa2cf40c28a8681014ecdfc20?s=96&d=mm&r=g","contentUrl":"https:\/\/secure.gravatar.com\/avatar\/af30f88a1904294c1f3eb09a9d7903eec4ffa18fa2cf40c28a8681014ecdfc20?s=96&d=mm&r=g","caption":"digitalservices"},"url":"https:\/\/www.domusrental.com\/blog\/de\/author\/digitalservices\/"}]}},"_links":{"self":[{"href":"https:\/\/www.domusrental.com\/blog\/de\/wp-json\/wp\/v2\/posts\/438","targetHints":{"allow":["GET"]}}],"collection":[{"href":"https:\/\/www.domusrental.com\/blog\/de\/wp-json\/wp\/v2\/posts"}],"about":[{"href":"https:\/\/www.domusrental.com\/blog\/de\/wp-json\/wp\/v2\/types\/post"}],"author":[{"embeddable":true,"href":"https:\/\/www.domusrental.com\/blog\/de\/wp-json\/wp\/v2\/users\/2"}],"replies":[{"embeddable":true,"href":"https:\/\/www.domusrental.com\/blog\/de\/wp-json\/wp\/v2\/comments?post=438"}],"version-history":[{"count":13,"href":"https:\/\/www.domusrental.com\/blog\/de\/wp-json\/wp\/v2\/posts\/438\/revisions"}],"predecessor-version":[{"id":2785,"href":"https:\/\/www.domusrental.com\/blog\/de\/wp-json\/wp\/v2\/posts\/438\/revisions\/2785"}],"wp:featuredmedia":[{"embeddable":true,"href":"https:\/\/www.domusrental.com\/blog\/de\/wp-json\/wp\/v2\/media\/465"}],"wp:attachment":[{"href":"https:\/\/www.domusrental.com\/blog\/de\/wp-json\/wp\/v2\/media?parent=438"}],"wp:term":[{"taxonomy":"category","embeddable":true,"href":"https:\/\/www.domusrental.com\/blog\/de\/wp-json\/wp\/v2\/categories?post=438"},{"taxonomy":"post_tag","embeddable":true,"href":"https:\/\/www.domusrental.com\/blog\/de\/wp-json\/wp\/v2\/tags?post=438"}],"curies":[{"name":"wp","href":"https:\/\/api.w.org\/{rel}","templated":true}]}}