{"id":5067,"date":"2025-12-02T08:43:54","date_gmt":"2025-12-02T08:43:54","guid":{"rendered":"https:\/\/www.domusrental.com\/blog\/carnevale-lake-garda\/"},"modified":"2025-12-23T11:58:26","modified_gmt":"2025-12-23T11:58:26","slug":"carnevale-gardasee","status":"publish","type":"post","link":"https:\/\/www.domusrental.com\/blog\/de\/carnevale-gardasee\/","title":{"rendered":"Wo man den Carnevale Lago di Garda 2026 feiert (und was man erwarten kann)"},"content":{"rendered":"\t\t<div data-elementor-type=\"wp-post\" data-elementor-id=\"5067\" class=\"elementor elementor-5067 elementor-5026\" data-elementor-post-type=\"post\">\n\t\t\t\t\t\t<section class=\"elementor-section elementor-top-section elementor-element elementor-element-2635f7b4 elementor-section-boxed elementor-section-height-default elementor-section-height-default\" data-id=\"2635f7b4\" data-element_type=\"section\" data-e-type=\"section\">\n\t\t\t\t\t\t<div class=\"elementor-container elementor-column-gap-default\">\n\t\t\t\t\t<div class=\"elementor-column elementor-col-100 elementor-top-column elementor-element elementor-element-579f1a7b\" data-id=\"579f1a7b\" data-element_type=\"column\" data-e-type=\"column\">\n\t\t\t<div class=\"elementor-widget-wrap elementor-element-populated\">\n\t\t\t\t\t\t<div class=\"elementor-element elementor-element-3be626a elementor-widget elementor-widget-text-editor\" data-id=\"3be626a\" data-element_type=\"widget\" data-e-type=\"widget\" data-widget_type=\"text-editor.default\">\n\t\t\t\t<div class=\"elementor-widget-container\">\n\t\t\t\t\t\t\t\t\t<p><span style=\"font-weight: 400;\">Der Winter am Gardasee hat etwas Unwiderstehliches. Die Menschenmassen lichten sich ein wenig, das Tempo verlangsamt sich, und dann kommt auch schon  <\/span><i><span style=\"font-weight: 400;\">Carnevale Lago di Garda 2026<\/span><\/i><span style=\"font-weight: 400;\">  (Karneval Gardasee 2026), um wieder Schwung in die Sache zu bringen. Farben, Umz\u00fcge, Masken, L\u00e4rm. Eine sehr lokale Art von Chaos. Nicht die polierte Show, die man in Venedig bekommt.    <\/span><\/p><p><span style=\"font-weight: 400;\">Der Karneval am See hat seinen eigenen Charakter. Besucher, die nur die Sommermassen gesehen haben, empfinden den Carnevale Lago di Garda oft als viel st\u00e4rker in der lokalen Tradition verwurzelt, wobei die Veranstaltungen von den St\u00e4dten selbst gepr\u00e4gt sind und nicht von einem Gro\u00dfstadtspektakel. <\/span><\/p><p><span style=\"font-weight: 400;\">Wenn Sie \u00fcber einen Winterurlaub nachdenken, wird Sie dieser Leitfaden durch das f\u00fchren, was Sie vom Carnevale Lago di Garda 2026 erwarten k\u00f6nnen, wohin Sie gehen, worauf Sie achten und wie Sie daraus eine richtige Reise machen k\u00f6nnen, anstatt eines kurzen Ausflugs.<\/span><\/p>\t\t\t\t\t\t\t\t<\/div>\n\t\t\t\t<\/div>\n\t\t\t\t\t<\/div>\n\t\t<\/div>\n\t\t\t\t\t<\/div>\n\t\t<\/section>\n\t\t\t\t<section class=\"elementor-section elementor-top-section elementor-element elementor-element-7fa93575 elementor-section-boxed elementor-section-height-default elementor-section-height-default\" data-id=\"7fa93575\" data-element_type=\"section\" data-e-type=\"section\">\n\t\t\t\t\t\t<div class=\"elementor-container elementor-column-gap-default\">\n\t\t\t\t\t<div class=\"elementor-column elementor-col-100 elementor-top-column elementor-element elementor-element-5808d08b\" data-id=\"5808d08b\" data-element_type=\"column\" data-e-type=\"column\">\n\t\t\t<div class=\"elementor-widget-wrap elementor-element-populated\">\n\t\t\t\t\t\t<div class=\"elementor-element elementor-element-29e38ae9 elementor-widget elementor-widget-table-of-contents\" data-id=\"29e38ae9\" data-element_type=\"widget\" data-e-type=\"widget\" data-settings=\"{&quot;headings_by_tags&quot;:[&quot;h2&quot;],&quot;exclude_headings_by_selector&quot;:[],&quot;marker_view&quot;:&quot;bullets&quot;,&quot;icon&quot;:{&quot;value&quot;:&quot;fas fa-arrow-right&quot;,&quot;library&quot;:&quot;fa-solid&quot;},&quot;no_headings_message&quot;:&quot;No headings were found on this page.&quot;,&quot;hierarchical_view&quot;:&quot;yes&quot;,&quot;min_height&quot;:{&quot;unit&quot;:&quot;px&quot;,&quot;size&quot;:&quot;&quot;,&quot;sizes&quot;:[]},&quot;min_height_tablet&quot;:{&quot;unit&quot;:&quot;px&quot;,&quot;size&quot;:&quot;&quot;,&quot;sizes&quot;:[]},&quot;min_height_mobile&quot;:{&quot;unit&quot;:&quot;px&quot;,&quot;size&quot;:&quot;&quot;,&quot;sizes&quot;:[]}}\" data-widget_type=\"table-of-contents.default\">\n\t\t\t\t<div class=\"elementor-widget-container\">\n\t\t\t\t\t\t\t\t\t<div class=\"elementor-toc__header\">\n\t\t\t\t\t\t<div class=\"elementor-toc__header-title\">\n\t\t\t\tInhaltsverzeichnis\t\t\t<\/div>\n\t\t\t\t\t\t\t\t<\/div>\n\t\t\t\t<div id=\"elementor-toc__29e38ae9\" class=\"elementor-toc__body\">\n\t\t\t<div class=\"elementor-toc__spinner-container\">\n\t\t\t\t<i class=\"elementor-toc__spinner eicon-animation-spin eicon-loading\" aria-hidden=\"true\"><\/i>\t\t\t<\/div>\n\t\t<\/div>\n\t\t\t\t\t\t<\/div>\n\t\t\t\t<\/div>\n\t\t\t\t\t<\/div>\n\t\t<\/div>\n\t\t\t\t\t<\/div>\n\t\t<\/section>\n\t\t\t\t<section class=\"elementor-section elementor-top-section elementor-element elementor-element-58e4d83d elementor-section-boxed elementor-section-height-default elementor-section-height-default\" data-id=\"58e4d83d\" data-element_type=\"section\" data-e-type=\"section\">\n\t\t\t\t\t\t<div class=\"elementor-container elementor-column-gap-default\">\n\t\t\t\t\t<div class=\"elementor-column elementor-col-100 elementor-top-column elementor-element elementor-element-7017867b\" data-id=\"7017867b\" data-element_type=\"column\" data-e-type=\"column\">\n\t\t\t<div class=\"elementor-widget-wrap elementor-element-populated\">\n\t\t\t\t\t\t<div class=\"elementor-element elementor-element-415b26e5 elementor-widget elementor-widget-heading\" data-id=\"415b26e5\" data-element_type=\"widget\" data-e-type=\"widget\" data-widget_type=\"heading.default\">\n\t\t\t\t<div class=\"elementor-widget-container\">\n\t\t\t\t\t<h2 class=\"elementor-heading-title elementor-size-default\">Hauptveranstaltungen rund um den See<\/h2>\t\t\t\t<\/div>\n\t\t\t\t<\/div>\n\t\t\t\t<div class=\"elementor-element elementor-element-157a0169 elementor-widget elementor-widget-text-editor\" data-id=\"157a0169\" data-element_type=\"widget\" data-e-type=\"widget\" data-widget_type=\"text-editor.default\">\n\t\t\t\t<div class=\"elementor-widget-container\">\n\t\t\t\t\t\t\t\t\t<p><span style=\"font-weight: 400;\">Der Carnevale sul Lago di Garda ist keine einzelne Veranstaltung rund um den See. Er verteilt sich auf viele St\u00e4dte, jede mit ihrer eigenen Version. Einige konzentrieren sich auf traditionelle Umz\u00fcge. Einige stecken mehr Energie in Stra\u00dfentheater. Andere setzen stark auf Essensst\u00e4nde, die wie ein frittierter Tagtraum riechen.    <\/span><\/p><p><span style=\"font-weight: 400;\">Erwarten Sie, viel \u00fcber <em>Frittelle<\/em> (weiche, frittierte Teigb\u00e4llchen, die mit s\u00fc\u00dfen Rosinen gef\u00fcllt sind), Maskenwettbewerbe und Kinderveranstaltungen zu h\u00f6ren. Sie werden auch mindestens einen Umzug in fast jeder gr\u00f6\u00dferen Stadt am See finden, von Lazise bis Peschiera. Die Seepromenaden sind in der Regel die Hauptb\u00fchne, was gut funktioniert, wenn Sie in Ihrem eigenen Tempo zwischen den Veranstaltungen wechseln m\u00f6chten.  <\/span><\/p><p><span style=\"font-weight: 400;\">Malcesine zieht w\u00e4hrend der Karnevalszeit oft viele Menschen an, wobei die engen Gassen den Charakter der Feierlichkeiten noch verst\u00e4rken. <\/span><\/p><p><span style=\"font-weight: 400;\">Auch Sirmione veranstaltet lebhafte Veranstaltungen. Die Halbinsel verwandelt sich in einen nat\u00fcrlichen Auff\u00fchrungsort. Wenn Sie weitere Hintergrundinformationen ben\u00f6tigen, ist der   <\/span><a href=\"https:\/\/www.domusrental.com\/blog\/de\/sirmione\/\"><span style=\"font-weight: 400;\">Sirmione-Reisef\u00fchrer<\/span><\/a><span style=\"font-weight: 400;\"> eine gute Vorbereitung.<\/span><\/p><p><span style=\"font-weight: 400;\">Wenn Sie sich am See bewegen, sollten Sie auch die kleineren D\u00f6rfer im Auge behalten. Die Atmosph\u00e4re ist entspannter und oft interessanter, wenn Sie ein Gemeinschaftsgef\u00fchl den gro\u00dfen Menschenmassen vorziehen. <\/span><\/p>\t\t\t\t\t\t\t\t<\/div>\n\t\t\t\t<\/div>\n\t\t\t\t<div class=\"elementor-element elementor-element-ff937f9 elementor-widget elementor-widget-image\" data-id=\"ff937f9\" data-element_type=\"widget\" data-e-type=\"widget\" data-widget_type=\"image.default\">\n\t\t\t\t<div class=\"elementor-widget-container\">\n\t\t\t\t\t\t\t\t\t\t\t\t\t\t\t<img fetchpriority=\"high\" decoding=\"async\" width=\"1254\" height=\"626\" src=\"https:\/\/www.domusrental.com\/blog\/wp-content\/uploads\/2025\/12\/carnaval-garda-lake.jpg\" class=\"attachment-full size-full wp-image-5053\" alt=\"\" srcset=\"https:\/\/www.domusrental.com\/blog\/wp-content\/uploads\/2025\/12\/carnaval-garda-lake.jpg 1254w, https:\/\/www.domusrental.com\/blog\/wp-content\/uploads\/2025\/12\/carnaval-garda-lake-300x150.jpg 300w, https:\/\/www.domusrental.com\/blog\/wp-content\/uploads\/2025\/12\/carnaval-garda-lake-1024x511.jpg 1024w, https:\/\/www.domusrental.com\/blog\/wp-content\/uploads\/2025\/12\/carnaval-garda-lake-768x383.jpg 768w\" sizes=\"(max-width: 1254px) 100vw, 1254px\" \/>\t\t\t\t\t\t\t\t\t\t\t\t\t\t\t<\/div>\n\t\t\t\t<\/div>\n\t\t\t\t\t<\/div>\n\t\t<\/div>\n\t\t\t\t\t<\/div>\n\t\t<\/section>\n\t\t\t\t<section class=\"elementor-section elementor-top-section elementor-element elementor-element-253187f elementor-section-boxed elementor-section-height-default elementor-section-height-default\" data-id=\"253187f\" data-element_type=\"section\" data-e-type=\"section\">\n\t\t\t\t\t\t<div class=\"elementor-container elementor-column-gap-default\">\n\t\t\t\t\t<div class=\"elementor-column elementor-col-100 elementor-top-column elementor-element elementor-element-5b7a3f0\" data-id=\"5b7a3f0\" data-element_type=\"column\" data-e-type=\"column\">\n\t\t\t<div class=\"elementor-widget-wrap elementor-element-populated\">\n\t\t\t\t\t\t<div class=\"elementor-element elementor-element-850ecbf elementor-widget elementor-widget-heading\" data-id=\"850ecbf\" data-element_type=\"widget\" data-e-type=\"widget\" data-widget_type=\"heading.default\">\n\t\t\t\t<div class=\"elementor-widget-container\">\n\t\t\t\t\t<h2 class=\"elementor-heading-title elementor-size-default\">Carnevale Lago di Garda 2026: Termine und Programm\n<\/h2>\t\t\t\t<\/div>\n\t\t\t\t<\/div>\n\t\t\t\t<div class=\"elementor-element elementor-element-6739597 elementor-widget elementor-widget-text-editor\" data-id=\"6739597\" data-element_type=\"widget\" data-e-type=\"widget\" data-widget_type=\"text-editor.default\">\n\t\t\t\t<div class=\"elementor-widget-container\">\n\t\t\t\t\t\t\t\t\t<p><span style=\"font-weight: 400;\">Die offiziellen Termine f\u00fcr den Carnevale Lago di Garda 2026 folgen dem allgemeinen italienischen Karnevalskalender. In der Regel k\u00f6nnen Sie davon ausgehen, dass sich die Feierlichkeiten im Laufe des Februars aufbauen, wobei die Hauptveranstaltungen in der N\u00e4he von Karnevalsdienstag (17. Februar 2026) stattfinden. Jede Stadt ver\u00f6ffentlicht ihr Programm unabh\u00e4ngig, was bedeutet, dass die Zeiten variieren und Sie m\u00f6glicherweise zwei oder drei lohnende Veranstaltungen am selben Tag in verschiedenen Ecken des Sees finden.  <\/span><\/p><p><span style=\"font-weight: 400;\">Wenn Sie ein paar Tage bleiben, kommt Ihnen das tats\u00e4chlich zugute. Sie k\u00f6nnen zwischen den St\u00e4dten hin- und herwechseln und eine gr\u00f6\u00dfere Vielfalt erleben. Sie k\u00f6nnten einen Vormittag in Peschiera f\u00fcr familienfreundliche Aktivit\u00e4ten verbringen. Einen Nachmittag in Bardolino f\u00fcr Live-Musik. Sp\u00e4ter k\u00f6nnten Sie nach Torri del Benaco f\u00fcr abendliche St\u00e4nde und M\u00e4rkte wandern. Weitere Informationen zu den M\u00e4rkten von Torri del Benaco finden Sie in unserem      <\/span><a href=\"https:\/\/www.domusrental.com\/blog\/de\/der-maerkte-von-torri-del-benaco\/\"><span style=\"font-weight: 400;\">speziellen Reisef\u00fchrer<\/span><\/a><span style=\"font-weight: 400;\">.<\/span><\/p><p><span style=\"font-weight: 400;\">Es wird erwartet, dass das Programm 2026 die gleiche Kombination aus Umz\u00fcgen, Konzerten, Workshops, Maskenwettbewerben und Streetfood-Bereichen hervorheben wird. Einige St\u00e4dte halten es einfach mit einer kurzen Route und einer Handvoll Festwagen. Andere nutzen den Karneval als Chance, K\u00fcnstler aus der ganzen Region einzuladen.  <\/span><\/p>\t\t\t\t\t\t\t\t<\/div>\n\t\t\t\t<\/div>\n\t\t\t\t\t<\/div>\n\t\t<\/div>\n\t\t\t\t\t<\/div>\n\t\t<\/section>\n\t\t<div class=\"elementor-element elementor-element-dbca6d1 e-flex e-con-boxed e-con e-parent\" data-id=\"dbca6d1\" data-element_type=\"container\" data-e-type=\"container\">\n\t\t\t\t\t<div class=\"e-con-inner\">\n\t\t\t\t<div class=\"elementor-element elementor-element-0263025 elementor-blockquote--skin-border elementor-widget elementor-widget-blockquote\" data-id=\"0263025\" data-element_type=\"widget\" data-e-type=\"widget\" data-widget_type=\"blockquote.default\">\n\t\t\t\t<div class=\"elementor-widget-container\">\n\t\t\t\t\t\t\t<blockquote class=\"elementor-blockquote\">\n\t\t\t<p class=\"elementor-blockquote__content\">\n\t\t\t\t<b>Termine (Carnevale Lago di Garda 2026)<\/b><br><br>\n- Feierlichkeiten im gesamten Februar 2026.<br>\n- Hauptveranstaltungen in der N\u00e4he von Karnevalsdienstag: 17. Februar 2026.<br>\n- Jede Stadt ver\u00f6ffentlicht ihren eigenen Zeitplan separat (die Termine variieren).<br>\t\t\t<\/p>\n\t\t\t\t\t<\/blockquote>\n\t\t\t\t\t\t<\/div>\n\t\t\t\t<\/div>\n\t\t\t\t\t<\/div>\n\t\t\t\t<\/div>\n\t\t\t\t<section class=\"elementor-section elementor-top-section elementor-element elementor-element-23be78c elementor-section-boxed elementor-section-height-default elementor-section-height-default\" data-id=\"23be78c\" data-element_type=\"section\" data-e-type=\"section\">\n\t\t\t\t\t\t<div class=\"elementor-container elementor-column-gap-default\">\n\t\t\t\t\t<div class=\"elementor-column elementor-col-100 elementor-top-column elementor-element elementor-element-80f3ae0\" data-id=\"80f3ae0\" data-element_type=\"column\" data-e-type=\"column\">\n\t\t\t<div class=\"elementor-widget-wrap elementor-element-populated\">\n\t\t\t\t\t\t<div class=\"elementor-element elementor-element-237f590 elementor-widget elementor-widget-heading\" data-id=\"237f590\" data-element_type=\"widget\" data-e-type=\"widget\" data-widget_type=\"heading.default\">\n\t\t\t\t<div class=\"elementor-widget-container\">\n\t\t\t\t\t<h2 class=\"elementor-heading-title elementor-size-default\">Die besten St\u00e4dte, um den Carnevale al Lago di Garda zu feiern\n<\/h2>\t\t\t\t<\/div>\n\t\t\t\t<\/div>\n\t\t\t\t<div class=\"elementor-element elementor-element-25aa070 elementor-widget elementor-widget-text-editor\" data-id=\"25aa070\" data-element_type=\"widget\" data-e-type=\"widget\" data-widget_type=\"text-editor.default\">\n\t\t\t\t<div class=\"elementor-widget-container\">\n\t\t\t\t\t\t\t\t\t<p><span style=\"font-weight: 400;\">Der Carnevale Lago di Garda f\u00fchlt sich nicht \u00fcberall am See gleich an, daher pr\u00e4gt die Stadt, die Sie w\u00e4hlen, Ihr Erlebnis.<\/span><\/p>\t\t\t\t\t\t\t\t<\/div>\n\t\t\t\t<\/div>\n\t\t\t\t\t<\/div>\n\t\t<\/div>\n\t\t\t\t\t<\/div>\n\t\t<\/section>\n\t\t\t\t<section class=\"elementor-section elementor-top-section elementor-element elementor-element-e8051e3 elementor-section-boxed elementor-section-height-default elementor-section-height-default\" data-id=\"e8051e3\" data-element_type=\"section\" data-e-type=\"section\">\n\t\t\t\t\t\t<div class=\"elementor-container elementor-column-gap-default\">\n\t\t\t\t\t<div class=\"elementor-column elementor-col-50 elementor-top-column elementor-element elementor-element-3d826aae\" data-id=\"3d826aae\" data-element_type=\"column\" data-e-type=\"column\">\n\t\t\t<div class=\"elementor-widget-wrap elementor-element-populated\">\n\t\t\t\t\t\t<div class=\"elementor-element elementor-element-3760d34b elementor-widget elementor-widget-heading\" data-id=\"3760d34b\" data-element_type=\"widget\" data-e-type=\"widget\" data-widget_type=\"heading.default\">\n\t\t\t\t<div class=\"elementor-widget-container\">\n\t\t\t\t\t<h3 class=\"elementor-heading-title elementor-size-default\">Peschiera del Garda\n<\/h3>\t\t\t\t<\/div>\n\t\t\t\t<\/div>\n\t\t\t\t<div class=\"elementor-element elementor-element-5f14bac0 elementor-widget elementor-widget-text-editor\" data-id=\"5f14bac0\" data-element_type=\"widget\" data-e-type=\"widget\" data-widget_type=\"text-editor.default\">\n\t\t\t\t<div class=\"elementor-widget-container\">\n\t\t\t\t\t\t\t\t\t<p><span style=\"font-weight: 400;\">Peschiera zieht normalerweise Familien an, zum Teil, weil die Stadt selbst praktisch ist, um sich mit Kindern fortzubewegen. Die Kanalstruktur verleiht den Feierlichkeiten Charakter, und Sie k\u00f6nnen die Karnevalszeit leicht mit Ausfl\u00fcgen ans Wasser verbinden. Wenn Sie sich Peschiera vor der Buchung genauer ansehen m\u00f6chten, schauen Sie sich   <\/span><a href=\"https:\/\/www.domusrental.com\/blog\/de\/peschiera-del-garda-2\/\"><span style=\"font-weight: 400;\">unseren Blog<\/span><\/a><span style=\"font-weight: 400;\"> an.<\/span><\/p>\t\t\t\t\t\t\t\t<\/div>\n\t\t\t\t<\/div>\n\t\t\t\t\t<\/div>\n\t\t<\/div>\n\t\t\t\t<div class=\"elementor-column elementor-col-50 elementor-top-column elementor-element elementor-element-260a5b9\" data-id=\"260a5b9\" data-element_type=\"column\" data-e-type=\"column\">\n\t\t\t<div class=\"elementor-widget-wrap elementor-element-populated\">\n\t\t\t\t\t\t<div class=\"elementor-element elementor-element-740d2eb elementor-widget elementor-widget-heading\" data-id=\"740d2eb\" data-element_type=\"widget\" data-e-type=\"widget\" data-widget_type=\"heading.default\">\n\t\t\t\t<div class=\"elementor-widget-container\">\n\t\t\t\t\t<h3 class=\"elementor-heading-title elementor-size-default\">Lazise<\/h3>\t\t\t\t<\/div>\n\t\t\t\t<\/div>\n\t\t\t\t<div class=\"elementor-element elementor-element-6469512 elementor-widget elementor-widget-text-editor\" data-id=\"6469512\" data-element_type=\"widget\" data-e-type=\"widget\" data-widget_type=\"text-editor.default\">\n\t\t\t\t<div class=\"elementor-widget-container\">\n\t\t\t\t\t\t\t\t\t<p><span style=\"font-weight: 400;\">Wenn Sie eine etwas lokalere Atmosph\u00e4re bevorzugen, ist <\/span><a href=\"https:\/\/www.domusrental.com\/blog\/de\/lazise\/\"><span style=\"font-weight: 400;\">Lazise<\/span><\/a><span style=\"font-weight: 400;\">  eine gute Wahl. Der Hafen bildet eine nat\u00fcrliche Kulisse f\u00fcr Umz\u00fcge. St\u00e4nde s\u00e4umen die Uferpromenade und die Altstadt, was gut funktioniert, wenn Sie eine Mischung aus schnellen Snacks und langsamem Wandern m\u00f6gen.  <\/span><\/p>\t\t\t\t\t\t\t\t<\/div>\n\t\t\t\t<\/div>\n\t\t\t\t\t<\/div>\n\t\t<\/div>\n\t\t\t\t\t<\/div>\n\t\t<\/section>\n\t\t\t\t<section class=\"elementor-section elementor-top-section elementor-element elementor-element-c7dd3f7 elementor-section-boxed elementor-section-height-default elementor-section-height-default\" data-id=\"c7dd3f7\" data-element_type=\"section\" data-e-type=\"section\">\n\t\t\t\t\t\t<div class=\"elementor-container elementor-column-gap-default\">\n\t\t\t\t\t<div class=\"elementor-column elementor-col-50 elementor-top-column elementor-element elementor-element-c213289\" data-id=\"c213289\" data-element_type=\"column\" data-e-type=\"column\">\n\t\t\t<div class=\"elementor-widget-wrap elementor-element-populated\">\n\t\t\t\t\t\t<div class=\"elementor-element elementor-element-9cf6afc elementor-widget elementor-widget-heading\" data-id=\"9cf6afc\" data-element_type=\"widget\" data-e-type=\"widget\" data-widget_type=\"heading.default\">\n\t\t\t\t<div class=\"elementor-widget-container\">\n\t\t\t\t\t<h3 class=\"elementor-heading-title elementor-size-default\">Torri del Benaco\n<\/h3>\t\t\t\t<\/div>\n\t\t\t\t<\/div>\n\t\t\t\t<div class=\"elementor-element elementor-element-f21bd35 elementor-widget elementor-widget-text-editor\" data-id=\"f21bd35\" data-element_type=\"widget\" data-e-type=\"widget\" data-widget_type=\"text-editor.default\">\n\t\t\t\t<div class=\"elementor-widget-container\">\n\t\t\t\t\t\t\t\t\t<p><span style=\"font-weight: 400;\">Ein ruhigerer Ausgangspunkt, aber ein sch\u00f6ner. Das  <\/span><a href=\"https:\/\/www.domusrental.com\/blog\/de\/castello-scaligero\/\"><span style=\"font-weight: 400;\">Scaligero-Schloss<\/span><\/a><span style=\"font-weight: 400;\">  verleiht dem Karneval eine unverwechselbare Kulisse, und es ist einfach, die Festlichkeiten mit einem Spaziergang zur Punta San Vigilio oder einem Essen am Hafen zu verbinden. Domus hat auch einen Blog \u00fcber  <\/span><a href=\"https:\/\/www.domusrental.com\/blog\/discover-torri-del-benaco\/\"><span style=\"font-weight: 400;\">die Entdeckung von Torri del Benaco<\/span><\/a><span style=\"font-weight: 400;\">, der eine praktische Vorschau ist.<\/span> <\/p>\t\t\t\t\t\t\t\t<\/div>\n\t\t\t\t<\/div>\n\t\t\t\t\t<\/div>\n\t\t<\/div>\n\t\t\t\t<div class=\"elementor-column elementor-col-50 elementor-top-column elementor-element elementor-element-ce6f8ca\" data-id=\"ce6f8ca\" data-element_type=\"column\" data-e-type=\"column\">\n\t\t\t<div class=\"elementor-widget-wrap elementor-element-populated\">\n\t\t\t\t\t\t<div class=\"elementor-element elementor-element-e95993c elementor-widget elementor-widget-heading\" data-id=\"e95993c\" data-element_type=\"widget\" data-e-type=\"widget\" data-widget_type=\"heading.default\">\n\t\t\t\t<div class=\"elementor-widget-container\">\n\t\t\t\t\t<h3 class=\"elementor-heading-title elementor-size-default\">Malcesine<\/h3>\t\t\t\t<\/div>\n\t\t\t\t<\/div>\n\t\t\t\t<div class=\"elementor-element elementor-element-63e4328 elementor-widget elementor-widget-text-editor\" data-id=\"63e4328\" data-element_type=\"widget\" data-e-type=\"widget\" data-widget_type=\"text-editor.default\">\n\t\t\t\t<div class=\"elementor-widget-container\">\n\t\t\t\t\t\t\t\t\t<p><span style=\"font-weight: 400;\">Eine gute Wahl, wenn Sie Atmosph\u00e4re dem Umfang vorziehen. Das Schloss, der Hafen und die steilen Gassen verleihen dem Karneval hier einen kompakten, aber unvergesslichen Charakter. Mehr \u00fcber die Stadt erfahren Sie im   <\/span><a href=\"https:\/\/www.domusrental.com\/blog\/de\/malcesine-2\/\"><span style=\"font-weight: 400;\">Malcesine-Reisef\u00fchrer<\/span><\/a><span style=\"font-weight: 400;\">.<\/span><\/p>\t\t\t\t\t\t\t\t<\/div>\n\t\t\t\t<\/div>\n\t\t\t\t\t<\/div>\n\t\t<\/div>\n\t\t\t\t\t<\/div>\n\t\t<\/section>\n\t\t<div class=\"elementor-element elementor-element-8cf5b77 e-flex e-con-boxed e-con e-parent\" data-id=\"8cf5b77\" data-element_type=\"container\" data-e-type=\"container\">\n\t\t\t\t\t<div class=\"e-con-inner\">\n\t\t\t\t<div class=\"elementor-element elementor-element-04653f2 elementor-widget elementor-widget-image\" data-id=\"04653f2\" data-element_type=\"widget\" data-e-type=\"widget\" data-widget_type=\"image.default\">\n\t\t\t\t<div class=\"elementor-widget-container\">\n\t\t\t\t\t\t\t\t\t\t\t\t\t\t\t<img decoding=\"async\" width=\"1254\" height=\"627\" src=\"https:\/\/www.domusrental.com\/blog\/wp-content\/uploads\/2025\/12\/Carnevale-Lago-di-garda.jpg\" class=\"attachment-full size-full wp-image-5057\" alt=\"\" srcset=\"https:\/\/www.domusrental.com\/blog\/wp-content\/uploads\/2025\/12\/Carnevale-Lago-di-garda.jpg 1254w, https:\/\/www.domusrental.com\/blog\/wp-content\/uploads\/2025\/12\/Carnevale-Lago-di-garda-300x150.jpg 300w, https:\/\/www.domusrental.com\/blog\/wp-content\/uploads\/2025\/12\/Carnevale-Lago-di-garda-1024x512.jpg 1024w, https:\/\/www.domusrental.com\/blog\/wp-content\/uploads\/2025\/12\/Carnevale-Lago-di-garda-768x384.jpg 768w\" sizes=\"(max-width: 1254px) 100vw, 1254px\" \/>\t\t\t\t\t\t\t\t\t\t\t\t\t\t\t<\/div>\n\t\t\t\t<\/div>\n\t\t\t\t\t<\/div>\n\t\t\t\t<\/div>\n\t\t\t\t<section class=\"elementor-section elementor-top-section elementor-element elementor-element-0df09ec elementor-section-boxed elementor-section-height-default elementor-section-height-default\" data-id=\"0df09ec\" data-element_type=\"section\" data-e-type=\"section\">\n\t\t\t\t\t\t<div class=\"elementor-container elementor-column-gap-default\">\n\t\t\t\t\t<div class=\"elementor-column elementor-col-100 elementor-top-column elementor-element elementor-element-97d232f\" data-id=\"97d232f\" data-element_type=\"column\" data-e-type=\"column\">\n\t\t\t<div class=\"elementor-widget-wrap elementor-element-populated\">\n\t\t\t\t\t\t<div class=\"elementor-element elementor-element-071dcd3 elementor-widget elementor-widget-heading\" data-id=\"071dcd3\" data-element_type=\"widget\" data-e-type=\"widget\" data-widget_type=\"heading.default\">\n\t\t\t\t<div class=\"elementor-widget-container\">\n\t\t\t\t\t<h2 class=\"elementor-heading-title elementor-size-default\">Familienaktivit\u00e4ten\n<\/h2>\t\t\t\t<\/div>\n\t\t\t\t<\/div>\n\t\t\t\t<div class=\"elementor-element elementor-element-a6d1626 elementor-widget elementor-widget-text-editor\" data-id=\"a6d1626\" data-element_type=\"widget\" data-e-type=\"widget\" data-widget_type=\"text-editor.default\">\n\t\t\t\t<div class=\"elementor-widget-container\">\n\t\t\t\t\t\t\t\t\t<p><span style=\"font-weight: 400;\">Der Karneval ist eine der einfachsten Zeiten, um den Gardasee mit Kindern zu besuchen. Fast jede Stadt veranstaltet Veranstaltungen, die sich direkt an Familien richten. Konfettiwerfen, Maskenwettbewerbe f\u00fcr Kinder, Puppenspiele und kleine Workshops sind ziemlich \u00fcblich. Einige St\u00e4dte bieten auch Vorlesestunden oder Mini-Umz\u00fcge nur f\u00fcr j\u00fcngere Besucher an.   <\/span><\/p><p><span style=\"font-weight: 400;\">Wenn Sie bereits \u00fcber die Planung einer familienorientierten Reise nachdenken, schauen Sie sich unseren <\/span><a href=\"https:\/\/www.domusrental.com\/blog\/de\/gardasee-mit-kindern\/\"><span style=\"font-weight: 400;\">Gardasee mit Kindern-Reisef\u00fchrer<\/span><\/a> an.<span style=\"font-weight: 400;\">. Die Kombination mit dem Carnevale Lago di Garda 2026 bietet Ihnen eine sch\u00f6ne Mischung aus strukturierten Veranstaltungen und entspannter Auszeit am Wasser.<\/span><\/p><p><span style=\"font-weight: 400;\">Ein weiterer Vorteil ist, dass es im Februar k\u00fchler ist, sodass Sie mehr Strecke zur\u00fccklegen k\u00f6nnen, ohne die Sommerhitze. Wenn Sie die Tage abwechslungsreich gestalten m\u00f6chten, sollten Sie einen kurzen Spaziergang am See, einen Besuch eines Schlosses oder sogar eine winterliche Bootsfahrt in Betracht ziehen, wenn der Fahrplan dies zul\u00e4sst. <\/span><\/p>\t\t\t\t\t\t\t\t<\/div>\n\t\t\t\t<\/div>\n\t\t\t\t\t<\/div>\n\t\t<\/div>\n\t\t\t\t\t<\/div>\n\t\t<\/section>\n\t\t\t\t<section class=\"elementor-section elementor-top-section elementor-element elementor-element-c6eacbc elementor-section-boxed elementor-section-height-default elementor-section-height-default\" data-id=\"c6eacbc\" data-element_type=\"section\" data-e-type=\"section\">\n\t\t\t\t\t\t<div class=\"elementor-container elementor-column-gap-default\">\n\t\t\t\t\t<div class=\"elementor-column elementor-col-100 elementor-top-column elementor-element elementor-element-ab1d91d\" data-id=\"ab1d91d\" data-element_type=\"column\" data-e-type=\"column\">\n\t\t\t<div class=\"elementor-widget-wrap elementor-element-populated\">\n\t\t\t\t\t\t<div class=\"elementor-element elementor-element-97392ff elementor-widget elementor-widget-heading\" data-id=\"97392ff\" data-element_type=\"widget\" data-e-type=\"widget\" data-widget_type=\"heading.default\">\n\t\t\t\t<div class=\"elementor-widget-container\">\n\t\t\t\t\t<h2 class=\"elementor-heading-title elementor-size-default\">Reisetipps\n<\/h2>\t\t\t\t<\/div>\n\t\t\t\t<\/div>\n\t\t\t\t<div class=\"elementor-element elementor-element-e3d035b elementor-widget elementor-widget-text-editor\" data-id=\"e3d035b\" data-element_type=\"widget\" data-e-type=\"widget\" data-widget_type=\"text-editor.default\">\n\t\t\t\t<div class=\"elementor-widget-container\">\n\t\t\t\t\t\t\t\t\t<p><span style=\"font-weight: 400;\">Das Reisen rund um den Gardasee w\u00e4hrend der Karnevalszeit ist einfacher als Besucher erwarten. Die Stra\u00dfen sind in der N\u00e4he der Umzugszeiten m\u00f6glicherweise stark befahren, aber die meisten Veranstaltungen finden in Fu\u00dfg\u00e4ngerzonen statt, sodass Sie weiter drau\u00dfen parken und ins Zentrum laufen k\u00f6nnen. <\/span><\/p><p><span style=\"font-weight: 400;\">Busse verkehren den ganzen Winter \u00fcber, obwohl der Fahrplan im Vergleich zum Sommer reduziert ist. Auch F\u00e4hren verkehren nach einem eingeschr\u00e4nkten Fahrplan, aber sie sind immer noch eine angenehme M\u00f6glichkeit, sich zwischen den St\u00e4dten zu bewegen, besonders wenn Sie eine Pause vom Fahren einlegen m\u00f6chten. <\/span><\/p><p><span style=\"font-weight: 400;\">Das Wetter kann sich im Februar schnell \u00e4ndern. Sie k\u00f6nnen kalte Morgen, milde Nachmittage und Nebel bekommen, der ohne Vorwarnung \u00fcber den See zieht. Wenn Sie ein besseres Gef\u00fchl f\u00fcr die winterlichen Bedingungen bekommen m\u00f6chten, hat Domus eine vollst\u00e4ndige Aufschl\u00fcsselung im   <\/span><a href=\"https:\/\/www.domusrental.com\/blog\/de\/wetter-gardasee\/\"><span style=\"font-weight: 400;\">Gardasee-Wetterf\u00fchrer<\/span><\/a><span style=\"font-weight: 400;\">.<\/span><\/p><p><span style=\"font-weight: 400;\">Unterk\u00fcnfte sind leichter zu finden als in der Hochsaison, was ein Grund daf\u00fcr ist, dass viele Besucher den Karneval als ihre bevorzugte Zeit zum Erkunden w\u00e4hlen. Sie k\u00f6nnen in der N\u00e4he des Geschehens bleiben, ohne sich von Menschenmassen eingeengt zu f\u00fchlen. <\/span><\/p>\t\t\t\t\t\t\t\t<\/div>\n\t\t\t\t<\/div>\n\t\t\t\t\t<\/div>\n\t\t<\/div>\n\t\t\t\t\t<\/div>\n\t\t<\/section>\n\t\t<div class=\"elementor-element elementor-element-b9767d0 e-flex e-con-boxed e-con e-parent\" data-id=\"b9767d0\" data-element_type=\"container\" data-e-type=\"container\">\n\t\t\t\t\t<div class=\"e-con-inner\">\n\t\t\t\t<div class=\"elementor-element elementor-element-812ee29 elementor-widget elementor-widget-image\" data-id=\"812ee29\" data-element_type=\"widget\" data-e-type=\"widget\" data-widget_type=\"image.default\">\n\t\t\t\t<div class=\"elementor-widget-container\">\n\t\t\t\t\t\t\t\t\t\t\t\t\t\t\t<img decoding=\"async\" width=\"1254\" height=\"627\" src=\"https:\/\/www.domusrental.com\/blog\/wp-content\/uploads\/2025\/12\/Lago-di-garda-in-carnevale.jpg\" class=\"attachment-full size-full wp-image-5060\" alt=\"\" srcset=\"https:\/\/www.domusrental.com\/blog\/wp-content\/uploads\/2025\/12\/Lago-di-garda-in-carnevale.jpg 1254w, https:\/\/www.domusrental.com\/blog\/wp-content\/uploads\/2025\/12\/Lago-di-garda-in-carnevale-300x150.jpg 300w, https:\/\/www.domusrental.com\/blog\/wp-content\/uploads\/2025\/12\/Lago-di-garda-in-carnevale-1024x512.jpg 1024w, https:\/\/www.domusrental.com\/blog\/wp-content\/uploads\/2025\/12\/Lago-di-garda-in-carnevale-768x384.jpg 768w\" sizes=\"(max-width: 1254px) 100vw, 1254px\" \/>\t\t\t\t\t\t\t\t\t\t\t\t\t\t\t<\/div>\n\t\t\t\t<\/div>\n\t\t\t\t\t<\/div>\n\t\t\t\t<\/div>\n\t\t\t\t<section class=\"elementor-section elementor-top-section elementor-element elementor-element-229ea81 elementor-section-boxed elementor-section-height-default elementor-section-height-default\" data-id=\"229ea81\" data-element_type=\"section\" data-e-type=\"section\">\n\t\t\t\t\t\t<div class=\"elementor-container elementor-column-gap-default\">\n\t\t\t\t\t<div class=\"elementor-column elementor-col-100 elementor-top-column elementor-element elementor-element-aae1d0e\" data-id=\"aae1d0e\" data-element_type=\"column\" data-e-type=\"column\">\n\t\t\t<div class=\"elementor-widget-wrap elementor-element-populated\">\n\t\t\t\t\t\t<div class=\"elementor-element elementor-element-c0de269 elementor-widget elementor-widget-heading\" data-id=\"c0de269\" data-element_type=\"widget\" data-e-type=\"widget\" data-widget_type=\"heading.default\">\n\t\t\t\t<div class=\"elementor-widget-container\">\n\t\t\t\t\t<h2 class=\"elementor-heading-title elementor-size-default\">Warten Sie nicht! Planen Sie noch heute Ihre Karnevalsreise zum Gardasee \n<\/h2>\t\t\t\t<\/div>\n\t\t\t\t<\/div>\n\t\t\t\t<div class=\"elementor-element elementor-element-5bfe5e6 elementor-widget elementor-widget-text-editor\" data-id=\"5bfe5e6\" data-element_type=\"widget\" data-e-type=\"widget\" data-widget_type=\"text-editor.default\">\n\t\t\t\t<div class=\"elementor-widget-container\">\n\t\t\t\t\t\t\t\t\t<p><span style=\"font-weight: 400;\">Der Karneval am Gardasee ist lebhaft, ohne \u00fcberw\u00e4ltigend zu sein. Sie k\u00f6nnen so viel oder so wenig eintauchen, wie Sie m\u00f6chten. Ein Tag mit Umz\u00fcgen mag f\u00fcr einige Besucher ausreichen. Andere ziehen es vor, eine l\u00e4ngere Pause darum herum zu bauen und eine Weinprobe im Valpolicella, Besuche der Grotte di Catullo oder einen ruhigen Nachmittag in Torri del Benaco hinzuzuf\u00fcgen.   <\/span><\/p><p><span style=\"font-weight: 400;\">Wenn Sie das vollst\u00e4ndige Programm des Carnevale Lago di Garda 2026 genie\u00dfen m\u00f6chten, macht ein Aufenthalt in einer Stadt am See alles einfacher. <\/span><b>Domus <\/b><span style=\"font-weight: 400;\">bietet Apartments und Villen in der gesamten Region, die Ihnen komfortable Basen in der N\u00e4he der wichtigsten St\u00e4dte bieten. Wenn Sie Ihre Winterreise jetzt planen, ist dies ein guter Zeitpunkt, um die Optionen zu durchst\u00f6bern und Ihren Platz zu buchen, bevor die Termine bekannt gegeben werden. <\/span><\/p><p><a href=\"https:\/\/www.domusrental.com\/\"><span style=\"font-weight: 400;\">Karneval Lago di Garda Unterkunft mit Domus durchsuchen \u2192<\/span><\/a><\/p>\t\t\t\t\t\t\t\t<\/div>\n\t\t\t\t<\/div>\n\t\t\t\t\t<\/div>\n\t\t<\/div>\n\t\t\t\t\t<\/div>\n\t\t<\/section>\n\t\t\t\t<section class=\"elementor-section elementor-top-section elementor-element elementor-element-76fc3161 elementor-section-boxed elementor-section-height-default elementor-section-height-default\" data-id=\"76fc3161\" data-element_type=\"section\" data-e-type=\"section\">\n\t\t\t\t\t\t<div class=\"elementor-container elementor-column-gap-default\">\n\t\t\t\t\t<div class=\"elementor-column elementor-col-100 elementor-top-column elementor-element elementor-element-f0bd97a\" data-id=\"f0bd97a\" data-element_type=\"column\" data-e-type=\"column\">\n\t\t\t<div class=\"elementor-widget-wrap elementor-element-populated\">\n\t\t\t\t\t\t<div class=\"elementor-element elementor-element-375ae0dc elementor-widget elementor-widget-shortcode\" data-id=\"375ae0dc\" data-element_type=\"widget\" data-e-type=\"widget\" data-widget_type=\"shortcode.default\">\n\t\t\t\t<div class=\"elementor-widget-container\">\n\t\t\t\t\t\t\t<div class=\"elementor-shortcode\">\t\t<div data-elementor-type=\"section\" data-elementor-id=\"2987\" class=\"elementor elementor-2987 elementor-2187 elementor-2187\" data-elementor-post-type=\"elementor_library\">\n\t\t\t\t\t<section class=\"elementor-section elementor-top-section elementor-element elementor-element-28474215 elementor-section-boxed elementor-section-height-default elementor-section-height-default\" data-id=\"28474215\" data-element_type=\"section\" data-e-type=\"section\">\n\t\t\t\t\t\t<div class=\"elementor-container elementor-column-gap-default\">\n\t\t\t\t\t<div class=\"elementor-column elementor-col-33 elementor-top-column elementor-element elementor-element-488016b\" data-id=\"488016b\" data-element_type=\"column\" data-e-type=\"column\">\n\t\t\t<div class=\"elementor-widget-wrap elementor-element-populated\">\n\t\t\t\t\t\t<div class=\"elementor-element elementor-element-7158b6ec elementor-cta--skin-cover elementor-animated-content elementor-bg-transform elementor-bg-transform-zoom-in elementor-widget elementor-widget-call-to-action\" data-id=\"7158b6ec\" data-element_type=\"widget\" data-e-type=\"widget\" data-widget_type=\"call-to-action.default\">\n\t\t\t\t<div class=\"elementor-widget-container\">\n\t\t\t\t\t\t\t<a class=\"elementor-cta\" href=\"https:\/\/www.domusrental.com\/de\/villa-gardasee\/\">\n\t\t\t\t\t<div class=\"elementor-cta__bg-wrapper\">\n\t\t\t\t<div class=\"elementor-cta__bg elementor-bg\" style=\"background-image: url(https:\/\/www.domusrental.com\/blog\/wp-content\/uploads\/2024\/04\/3-review-1-1-1920x630.jpg);\" role=\"img\" aria-label=\"3-review-1.jpg\"><\/div>\n\t\t\t\t<div class=\"elementor-cta__bg-overlay\"><\/div>\n\t\t\t<\/div>\n\t\t\t\t\t\t\t<div class=\"elementor-cta__content\">\n\t\t\t\t\n\t\t\t\t\n\t\t\t\t\n\t\t\t\t\t\t\t\t\t<div class=\"elementor-cta__button-wrapper elementor-cta__content-item elementor-content-item elementor-animated-item--grow\">\n\t\t\t\t\t<span class=\"elementor-cta__button elementor-button elementor-size-\">\n\t\t\t\t\t\tVilla Gardasee\t\t\t\t\t<\/span>\n\t\t\t\t\t<\/div>\n\t\t\t\t\t\t\t<\/div>\n\t\t\t\t\t\t<\/a>\n\t\t\t\t\t\t<\/div>\n\t\t\t\t<\/div>\n\t\t\t\t\t<\/div>\n\t\t<\/div>\n\t\t\t\t<div class=\"elementor-column elementor-col-33 elementor-top-column elementor-element elementor-element-2f46c64f\" data-id=\"2f46c64f\" data-element_type=\"column\" data-e-type=\"column\">\n\t\t\t<div class=\"elementor-widget-wrap elementor-element-populated\">\n\t\t\t\t\t\t<div class=\"elementor-element elementor-element-25d5a87e elementor-cta--skin-cover elementor-animated-content elementor-bg-transform elementor-bg-transform-zoom-in elementor-widget elementor-widget-call-to-action\" data-id=\"25d5a87e\" data-element_type=\"widget\" data-e-type=\"widget\" data-widget_type=\"call-to-action.default\">\n\t\t\t\t<div class=\"elementor-widget-container\">\n\t\t\t\t\t\t\t<a class=\"elementor-cta\" href=\"https:\/\/www.domusrental.com\/de\/gardasee-unterkunft\/\">\n\t\t\t\t\t<div class=\"elementor-cta__bg-wrapper\">\n\t\t\t\t<div class=\"elementor-cta__bg elementor-bg\" style=\"background-image: url(https:\/\/www.domusrental.com\/blog\/wp-content\/uploads\/2024\/04\/iStock-1414288968-1-1-1521x630.jpg);\" role=\"img\" aria-label=\"iStock-1414288968-1.jpg\"><\/div>\n\t\t\t\t<div class=\"elementor-cta__bg-overlay\"><\/div>\n\t\t\t<\/div>\n\t\t\t\t\t\t\t<div class=\"elementor-cta__content\">\n\t\t\t\t\n\t\t\t\t\n\t\t\t\t\n\t\t\t\t\t\t\t\t\t<div class=\"elementor-cta__button-wrapper elementor-cta__content-item elementor-content-item elementor-animated-item--grow\">\n\t\t\t\t\t<span class=\"elementor-cta__button elementor-button elementor-size-\">\n\t\t\t\t\t\tUnterk\u00fcnfte am Gardasee\t\t\t\t\t<\/span>\n\t\t\t\t\t<\/div>\n\t\t\t\t\t\t\t<\/div>\n\t\t\t\t\t\t<\/a>\n\t\t\t\t\t\t<\/div>\n\t\t\t\t<\/div>\n\t\t\t\t\t<\/div>\n\t\t<\/div>\n\t\t\t\t<div class=\"elementor-column elementor-col-33 elementor-top-column elementor-element elementor-element-433fe887\" data-id=\"433fe887\" data-element_type=\"column\" data-e-type=\"column\">\n\t\t\t<div class=\"elementor-widget-wrap elementor-element-populated\">\n\t\t\t\t\t\t<div class=\"elementor-element elementor-element-22532495 elementor-cta--skin-cover elementor-animated-content elementor-bg-transform elementor-bg-transform-zoom-in elementor-widget elementor-widget-call-to-action\" data-id=\"22532495\" data-element_type=\"widget\" data-e-type=\"widget\" data-widget_type=\"call-to-action.default\">\n\t\t\t\t<div class=\"elementor-widget-container\">\n\t\t\t\t\t\t\t<a class=\"elementor-cta\" href=\"https:\/\/www.domusrental.com\/de\/ferienwohnungen-gardasee\/\">\n\t\t\t\t\t<div class=\"elementor-cta__bg-wrapper\">\n\t\t\t\t<div class=\"elementor-cta__bg elementor-bg\" style=\"background-image: url(https:\/\/www.domusrental.com\/blog\/wp-content\/uploads\/2024\/04\/apartments-in-lake-garda-1-1-1533x630.jpg);\" role=\"img\" aria-label=\"apartments-in-lake-garda-1.jpg\"><\/div>\n\t\t\t\t<div class=\"elementor-cta__bg-overlay\"><\/div>\n\t\t\t<\/div>\n\t\t\t\t\t\t\t<div class=\"elementor-cta__content\">\n\t\t\t\t\n\t\t\t\t\n\t\t\t\t\n\t\t\t\t\t\t\t\t\t<div class=\"elementor-cta__button-wrapper elementor-cta__content-item elementor-content-item elementor-animated-item--grow\">\n\t\t\t\t\t<span class=\"elementor-cta__button elementor-button elementor-size-\">\n\t\t\t\t\t\tFerienwohnungen am Gardasee\t\t\t\t\t<\/span>\n\t\t\t\t\t<\/div>\n\t\t\t\t\t\t\t<\/div>\n\t\t\t\t\t\t<\/a>\n\t\t\t\t\t\t<\/div>\n\t\t\t\t<\/div>\n\t\t\t\t\t<\/div>\n\t\t<\/div>\n\t\t\t\t\t<\/div>\n\t\t<\/section>\n\t\t\t\t<\/div>\n\t\t<\/div>\n\t\t\t\t\t\t<\/div>\n\t\t\t\t<\/div>\n\t\t\t\t\t<\/div>\n\t\t<\/div>\n\t\t\t\t\t<\/div>\n\t\t<\/section>\n\t\t\t\t<\/div>\n\t\t","protected":false},"excerpt":{"rendered":"<p>Der Winter am Gardasee hat etwas Unwiderstehliches. Die Menschenmassen lichten sich ein wenig, das Tempo verlangsamt sich, und dann kommt auch schon Carnevale Lago di Garda 2026 (Karneval Gardasee 2026), um wieder Schwung in die Sache zu bringen. Farben, Umz\u00fcge, Masken, L\u00e4rm. Eine sehr lokale Art von Chaos. Nicht die polierte Show, die man in [&hellip;]<\/p>\n","protected":false},"author":4,"featured_media":5050,"comment_status":"open","ping_status":"closed","sticky":false,"template":"","format":"standard","meta":{"footnotes":""},"categories":[52],"tags":[],"class_list":["post-5067","post","type-post","status-publish","format-standard","has-post-thumbnail","hentry","category-events-lake-garda"],"yoast_head":"<!-- This site is optimized with the Yoast SEO plugin v27.4 - https:\/\/yoast.com\/product\/yoast-seo-wordpress\/ -->\n<title>Wo man den Karneval am Gardasee feiert - Blog | Domus Rental<\/title>\n<meta name=\"description\" content=\"Entdecken Sie die Freude des Karnevals am Gardasee 2026. Genie\u00dfen Sie lebhafte Umz\u00fcge, Masken und unvergessliche Festlichkeiten! Planen Sie jetzt Ihren Ausflug.\" \/>\n<meta name=\"robots\" content=\"index, follow, max-snippet:-1, max-image-preview:large, max-video-preview:-1\" \/>\n<link rel=\"canonical\" href=\"https:\/\/www.domusrental.com\/blog\/de\/carnevale-gardasee\/\" \/>\n<meta property=\"og:locale\" content=\"de_DE\" \/>\n<meta property=\"og:type\" content=\"article\" \/>\n<meta property=\"og:title\" content=\"Wo man den Karneval am Gardasee feiert - Blog | Domus Rental\" \/>\n<meta property=\"og:description\" content=\"Entdecken Sie die Freude des Karnevals am Gardasee 2026. Genie\u00dfen Sie lebhafte Umz\u00fcge, Masken und unvergessliche Festlichkeiten! Planen Sie jetzt Ihren Ausflug.\" \/>\n<meta property=\"og:url\" content=\"https:\/\/www.domusrental.com\/blog\/de\/carnevale-gardasee\/\" \/>\n<meta property=\"og:site_name\" content=\"Blog | Domus Rental\" \/>\n<meta property=\"article:publisher\" content=\"https:\/\/www.facebook.com\/domusrental\" \/>\n<meta property=\"article:published_time\" content=\"2025-12-02T08:43:54+00:00\" \/>\n<meta property=\"article:modified_time\" content=\"2025-12-23T11:58:26+00:00\" \/>\n<meta property=\"og:image\" content=\"https:\/\/www.domusrental.com\/blog\/wp-content\/uploads\/2025\/12\/Carnevale-Lake-Garda.jpg\" \/>\n\t<meta property=\"og:image:width\" content=\"2121\" \/>\n\t<meta property=\"og:image:height\" content=\"707\" \/>\n\t<meta property=\"og:image:type\" content=\"image\/jpeg\" \/>\n<meta name=\"author\" content=\"Richard\" \/>\n<meta name=\"twitter:card\" content=\"summary_large_image\" \/>\n<meta name=\"twitter:creator\" content=\"@DomusRental\" \/>\n<meta name=\"twitter:site\" content=\"@DomusRental\" \/>\n<meta name=\"twitter:label1\" content=\"Verfasst von\" \/>\n\t<meta name=\"twitter:data1\" content=\"Richard\" \/>\n\t<meta name=\"twitter:label2\" content=\"Gesch\u00e4tzte Lesezeit\" \/>\n\t<meta name=\"twitter:data2\" content=\"7\u00a0Minuten\" \/>\n<script type=\"application\/ld+json\" class=\"yoast-schema-graph\">{\"@context\":\"https:\\\/\\\/schema.org\",\"@graph\":[{\"@type\":\"Article\",\"@id\":\"https:\\\/\\\/www.domusrental.com\\\/blog\\\/de\\\/carnevale-gardasee\\\/#article\",\"isPartOf\":{\"@id\":\"https:\\\/\\\/www.domusrental.com\\\/blog\\\/de\\\/carnevale-gardasee\\\/\"},\"author\":{\"name\":\"Richard\",\"@id\":\"https:\\\/\\\/www.domusrental.com\\\/blog\\\/#\\\/schema\\\/person\\\/113b82f1959c1dbc77b9507401a05d87\"},\"headline\":\"Wo man den Carnevale Lago di Garda 2026 feiert (und was man erwarten kann)\",\"datePublished\":\"2025-12-02T08:43:54+00:00\",\"dateModified\":\"2025-12-23T11:58:26+00:00\",\"mainEntityOfPage\":{\"@id\":\"https:\\\/\\\/www.domusrental.com\\\/blog\\\/de\\\/carnevale-gardasee\\\/\"},\"wordCount\":1359,\"commentCount\":0,\"publisher\":{\"@id\":\"https:\\\/\\\/www.domusrental.com\\\/blog\\\/#organization\"},\"image\":{\"@id\":\"https:\\\/\\\/www.domusrental.com\\\/blog\\\/de\\\/carnevale-gardasee\\\/#primaryimage\"},\"thumbnailUrl\":\"https:\\\/\\\/www.domusrental.com\\\/blog\\\/wp-content\\\/uploads\\\/2025\\\/12\\\/Carnevale-Lake-Garda.jpg\",\"articleSection\":[\"Events\"],\"inLanguage\":\"de\",\"potentialAction\":[{\"@type\":\"CommentAction\",\"name\":\"Comment\",\"target\":[\"https:\\\/\\\/www.domusrental.com\\\/blog\\\/de\\\/carnevale-gardasee\\\/#respond\"]}]},{\"@type\":\"WebPage\",\"@id\":\"https:\\\/\\\/www.domusrental.com\\\/blog\\\/de\\\/carnevale-gardasee\\\/\",\"url\":\"https:\\\/\\\/www.domusrental.com\\\/blog\\\/de\\\/carnevale-gardasee\\\/\",\"name\":\"Wo man den Karneval am Gardasee feiert - Blog | Domus Rental\",\"isPartOf\":{\"@id\":\"https:\\\/\\\/www.domusrental.com\\\/blog\\\/#website\"},\"primaryImageOfPage\":{\"@id\":\"https:\\\/\\\/www.domusrental.com\\\/blog\\\/de\\\/carnevale-gardasee\\\/#primaryimage\"},\"image\":{\"@id\":\"https:\\\/\\\/www.domusrental.com\\\/blog\\\/de\\\/carnevale-gardasee\\\/#primaryimage\"},\"thumbnailUrl\":\"https:\\\/\\\/www.domusrental.com\\\/blog\\\/wp-content\\\/uploads\\\/2025\\\/12\\\/Carnevale-Lake-Garda.jpg\",\"datePublished\":\"2025-12-02T08:43:54+00:00\",\"dateModified\":\"2025-12-23T11:58:26+00:00\",\"description\":\"Entdecken Sie die Freude des Karnevals am Gardasee 2026. Genie\u00dfen Sie lebhafte Umz\u00fcge, Masken und unvergessliche Festlichkeiten! Planen Sie jetzt Ihren Ausflug.\",\"breadcrumb\":{\"@id\":\"https:\\\/\\\/www.domusrental.com\\\/blog\\\/de\\\/carnevale-gardasee\\\/#breadcrumb\"},\"inLanguage\":\"de\",\"potentialAction\":[{\"@type\":\"ReadAction\",\"target\":[\"https:\\\/\\\/www.domusrental.com\\\/blog\\\/de\\\/carnevale-gardasee\\\/\"]}]},{\"@type\":\"ImageObject\",\"inLanguage\":\"de\",\"@id\":\"https:\\\/\\\/www.domusrental.com\\\/blog\\\/de\\\/carnevale-gardasee\\\/#primaryimage\",\"url\":\"https:\\\/\\\/www.domusrental.com\\\/blog\\\/wp-content\\\/uploads\\\/2025\\\/12\\\/Carnevale-Lake-Garda.jpg\",\"contentUrl\":\"https:\\\/\\\/www.domusrental.com\\\/blog\\\/wp-content\\\/uploads\\\/2025\\\/12\\\/Carnevale-Lake-Garda.jpg\",\"width\":2121,\"height\":707,\"caption\":\"Viareggio, Italy - February 12, 2023: Carnival of Viareggio, 2nd course of 150th edition, the floats parade along the seafront crowded with people\"},{\"@type\":\"BreadcrumbList\",\"@id\":\"https:\\\/\\\/www.domusrental.com\\\/blog\\\/de\\\/carnevale-gardasee\\\/#breadcrumb\",\"itemListElement\":[{\"@type\":\"ListItem\",\"position\":1,\"name\":\"Home\",\"item\":\"https:\\\/\\\/www.domusrental.com\\\/blog\\\/de\\\/\"},{\"@type\":\"ListItem\",\"position\":2,\"name\":\"Wo man den Carnevale Lago di Garda 2026 feiert (und was man erwarten kann)\"}]},{\"@type\":\"WebSite\",\"@id\":\"https:\\\/\\\/www.domusrental.com\\\/blog\\\/#website\",\"url\":\"https:\\\/\\\/www.domusrental.com\\\/blog\\\/\",\"name\":\"Domus Rental\",\"description\":\"\",\"publisher\":{\"@id\":\"https:\\\/\\\/www.domusrental.com\\\/blog\\\/#organization\"},\"potentialAction\":[{\"@type\":\"SearchAction\",\"target\":{\"@type\":\"EntryPoint\",\"urlTemplate\":\"https:\\\/\\\/www.domusrental.com\\\/blog\\\/?s={search_term_string}\"},\"query-input\":{\"@type\":\"PropertyValueSpecification\",\"valueRequired\":true,\"valueName\":\"search_term_string\"}}],\"inLanguage\":\"de\"},{\"@type\":\"Organization\",\"@id\":\"https:\\\/\\\/www.domusrental.com\\\/blog\\\/#organization\",\"name\":\"Blog | Domus Rental\",\"url\":\"https:\\\/\\\/www.domusrental.com\\\/blog\\\/\",\"logo\":{\"@type\":\"ImageObject\",\"inLanguage\":\"de\",\"@id\":\"https:\\\/\\\/www.domusrental.com\\\/blog\\\/#\\\/schema\\\/logo\\\/image\\\/\",\"url\":\"https:\\\/\\\/www.domusrental.com\\\/blog\\\/wp-content\\\/uploads\\\/2024\\\/04\\\/favicon.png\",\"contentUrl\":\"https:\\\/\\\/www.domusrental.com\\\/blog\\\/wp-content\\\/uploads\\\/2024\\\/04\\\/favicon.png\",\"width\":298,\"height\":298,\"caption\":\"Blog | Domus Rental\"},\"image\":{\"@id\":\"https:\\\/\\\/www.domusrental.com\\\/blog\\\/#\\\/schema\\\/logo\\\/image\\\/\"},\"sameAs\":[\"https:\\\/\\\/www.facebook.com\\\/domusrental\",\"https:\\\/\\\/x.com\\\/DomusRental\"]},{\"@type\":\"Person\",\"@id\":\"https:\\\/\\\/www.domusrental.com\\\/blog\\\/#\\\/schema\\\/person\\\/113b82f1959c1dbc77b9507401a05d87\",\"name\":\"Richard\",\"image\":{\"@type\":\"ImageObject\",\"inLanguage\":\"de\",\"@id\":\"https:\\\/\\\/secure.gravatar.com\\\/avatar\\\/63f7d63df8bc500b7b072100eb25897597ec962e6be3ac33cf5045633fb5702a?s=96&d=mm&r=g\",\"url\":\"https:\\\/\\\/secure.gravatar.com\\\/avatar\\\/63f7d63df8bc500b7b072100eb25897597ec962e6be3ac33cf5045633fb5702a?s=96&d=mm&r=g\",\"contentUrl\":\"https:\\\/\\\/secure.gravatar.com\\\/avatar\\\/63f7d63df8bc500b7b072100eb25897597ec962e6be3ac33cf5045633fb5702a?s=96&d=mm&r=g\",\"caption\":\"Richard\"},\"url\":\"https:\\\/\\\/www.domusrental.com\\\/blog\\\/de\\\/author\\\/richard\\\/\"}]}<\/script>\n<!-- \/ Yoast SEO plugin. -->","yoast_head_json":{"title":"Wo man den Karneval am Gardasee feiert - Blog | Domus Rental","description":"Entdecken Sie die Freude des Karnevals am Gardasee 2026. Genie\u00dfen Sie lebhafte Umz\u00fcge, Masken und unvergessliche Festlichkeiten! Planen Sie jetzt Ihren Ausflug.","robots":{"index":"index","follow":"follow","max-snippet":"max-snippet:-1","max-image-preview":"max-image-preview:large","max-video-preview":"max-video-preview:-1"},"canonical":"https:\/\/www.domusrental.com\/blog\/de\/carnevale-gardasee\/","og_locale":"de_DE","og_type":"article","og_title":"Wo man den Karneval am Gardasee feiert - Blog | Domus Rental","og_description":"Entdecken Sie die Freude des Karnevals am Gardasee 2026. Genie\u00dfen Sie lebhafte Umz\u00fcge, Masken und unvergessliche Festlichkeiten! Planen Sie jetzt Ihren Ausflug.","og_url":"https:\/\/www.domusrental.com\/blog\/de\/carnevale-gardasee\/","og_site_name":"Blog | Domus Rental","article_publisher":"https:\/\/www.facebook.com\/domusrental","article_published_time":"2025-12-02T08:43:54+00:00","article_modified_time":"2025-12-23T11:58:26+00:00","og_image":[{"width":2121,"height":707,"url":"https:\/\/www.domusrental.com\/blog\/wp-content\/uploads\/2025\/12\/Carnevale-Lake-Garda.jpg","type":"image\/jpeg"}],"author":"Richard","twitter_card":"summary_large_image","twitter_creator":"@DomusRental","twitter_site":"@DomusRental","twitter_misc":{"Verfasst von":"Richard","Gesch\u00e4tzte Lesezeit":"7\u00a0Minuten"},"schema":{"@context":"https:\/\/schema.org","@graph":[{"@type":"Article","@id":"https:\/\/www.domusrental.com\/blog\/de\/carnevale-gardasee\/#article","isPartOf":{"@id":"https:\/\/www.domusrental.com\/blog\/de\/carnevale-gardasee\/"},"author":{"name":"Richard","@id":"https:\/\/www.domusrental.com\/blog\/#\/schema\/person\/113b82f1959c1dbc77b9507401a05d87"},"headline":"Wo man den Carnevale Lago di Garda 2026 feiert (und was man erwarten kann)","datePublished":"2025-12-02T08:43:54+00:00","dateModified":"2025-12-23T11:58:26+00:00","mainEntityOfPage":{"@id":"https:\/\/www.domusrental.com\/blog\/de\/carnevale-gardasee\/"},"wordCount":1359,"commentCount":0,"publisher":{"@id":"https:\/\/www.domusrental.com\/blog\/#organization"},"image":{"@id":"https:\/\/www.domusrental.com\/blog\/de\/carnevale-gardasee\/#primaryimage"},"thumbnailUrl":"https:\/\/www.domusrental.com\/blog\/wp-content\/uploads\/2025\/12\/Carnevale-Lake-Garda.jpg","articleSection":["Events"],"inLanguage":"de","potentialAction":[{"@type":"CommentAction","name":"Comment","target":["https:\/\/www.domusrental.com\/blog\/de\/carnevale-gardasee\/#respond"]}]},{"@type":"WebPage","@id":"https:\/\/www.domusrental.com\/blog\/de\/carnevale-gardasee\/","url":"https:\/\/www.domusrental.com\/blog\/de\/carnevale-gardasee\/","name":"Wo man den Karneval am Gardasee feiert - Blog | Domus Rental","isPartOf":{"@id":"https:\/\/www.domusrental.com\/blog\/#website"},"primaryImageOfPage":{"@id":"https:\/\/www.domusrental.com\/blog\/de\/carnevale-gardasee\/#primaryimage"},"image":{"@id":"https:\/\/www.domusrental.com\/blog\/de\/carnevale-gardasee\/#primaryimage"},"thumbnailUrl":"https:\/\/www.domusrental.com\/blog\/wp-content\/uploads\/2025\/12\/Carnevale-Lake-Garda.jpg","datePublished":"2025-12-02T08:43:54+00:00","dateModified":"2025-12-23T11:58:26+00:00","description":"Entdecken Sie die Freude des Karnevals am Gardasee 2026. Genie\u00dfen Sie lebhafte Umz\u00fcge, Masken und unvergessliche Festlichkeiten! Planen Sie jetzt Ihren Ausflug.","breadcrumb":{"@id":"https:\/\/www.domusrental.com\/blog\/de\/carnevale-gardasee\/#breadcrumb"},"inLanguage":"de","potentialAction":[{"@type":"ReadAction","target":["https:\/\/www.domusrental.com\/blog\/de\/carnevale-gardasee\/"]}]},{"@type":"ImageObject","inLanguage":"de","@id":"https:\/\/www.domusrental.com\/blog\/de\/carnevale-gardasee\/#primaryimage","url":"https:\/\/www.domusrental.com\/blog\/wp-content\/uploads\/2025\/12\/Carnevale-Lake-Garda.jpg","contentUrl":"https:\/\/www.domusrental.com\/blog\/wp-content\/uploads\/2025\/12\/Carnevale-Lake-Garda.jpg","width":2121,"height":707,"caption":"Viareggio, Italy - February 12, 2023: Carnival of Viareggio, 2nd course of 150th edition, the floats parade along the seafront crowded with people"},{"@type":"BreadcrumbList","@id":"https:\/\/www.domusrental.com\/blog\/de\/carnevale-gardasee\/#breadcrumb","itemListElement":[{"@type":"ListItem","position":1,"name":"Home","item":"https:\/\/www.domusrental.com\/blog\/de\/"},{"@type":"ListItem","position":2,"name":"Wo man den Carnevale Lago di Garda 2026 feiert (und was man erwarten kann)"}]},{"@type":"WebSite","@id":"https:\/\/www.domusrental.com\/blog\/#website","url":"https:\/\/www.domusrental.com\/blog\/","name":"Domus Rental","description":"","publisher":{"@id":"https:\/\/www.domusrental.com\/blog\/#organization"},"potentialAction":[{"@type":"SearchAction","target":{"@type":"EntryPoint","urlTemplate":"https:\/\/www.domusrental.com\/blog\/?s={search_term_string}"},"query-input":{"@type":"PropertyValueSpecification","valueRequired":true,"valueName":"search_term_string"}}],"inLanguage":"de"},{"@type":"Organization","@id":"https:\/\/www.domusrental.com\/blog\/#organization","name":"Blog | Domus Rental","url":"https:\/\/www.domusrental.com\/blog\/","logo":{"@type":"ImageObject","inLanguage":"de","@id":"https:\/\/www.domusrental.com\/blog\/#\/schema\/logo\/image\/","url":"https:\/\/www.domusrental.com\/blog\/wp-content\/uploads\/2024\/04\/favicon.png","contentUrl":"https:\/\/www.domusrental.com\/blog\/wp-content\/uploads\/2024\/04\/favicon.png","width":298,"height":298,"caption":"Blog | Domus Rental"},"image":{"@id":"https:\/\/www.domusrental.com\/blog\/#\/schema\/logo\/image\/"},"sameAs":["https:\/\/www.facebook.com\/domusrental","https:\/\/x.com\/DomusRental"]},{"@type":"Person","@id":"https:\/\/www.domusrental.com\/blog\/#\/schema\/person\/113b82f1959c1dbc77b9507401a05d87","name":"Richard","image":{"@type":"ImageObject","inLanguage":"de","@id":"https:\/\/secure.gravatar.com\/avatar\/63f7d63df8bc500b7b072100eb25897597ec962e6be3ac33cf5045633fb5702a?s=96&d=mm&r=g","url":"https:\/\/secure.gravatar.com\/avatar\/63f7d63df8bc500b7b072100eb25897597ec962e6be3ac33cf5045633fb5702a?s=96&d=mm&r=g","contentUrl":"https:\/\/secure.gravatar.com\/avatar\/63f7d63df8bc500b7b072100eb25897597ec962e6be3ac33cf5045633fb5702a?s=96&d=mm&r=g","caption":"Richard"},"url":"https:\/\/www.domusrental.com\/blog\/de\/author\/richard\/"}]}},"_links":{"self":[{"href":"https:\/\/www.domusrental.com\/blog\/de\/wp-json\/wp\/v2\/posts\/5067","targetHints":{"allow":["GET"]}}],"collection":[{"href":"https:\/\/www.domusrental.com\/blog\/de\/wp-json\/wp\/v2\/posts"}],"about":[{"href":"https:\/\/www.domusrental.com\/blog\/de\/wp-json\/wp\/v2\/types\/post"}],"author":[{"embeddable":true,"href":"https:\/\/www.domusrental.com\/blog\/de\/wp-json\/wp\/v2\/users\/4"}],"replies":[{"embeddable":true,"href":"https:\/\/www.domusrental.com\/blog\/de\/wp-json\/wp\/v2\/comments?post=5067"}],"version-history":[{"count":3,"href":"https:\/\/www.domusrental.com\/blog\/de\/wp-json\/wp\/v2\/posts\/5067\/revisions"}],"predecessor-version":[{"id":5070,"href":"https:\/\/www.domusrental.com\/blog\/de\/wp-json\/wp\/v2\/posts\/5067\/revisions\/5070"}],"wp:featuredmedia":[{"embeddable":true,"href":"https:\/\/www.domusrental.com\/blog\/de\/wp-json\/wp\/v2\/media\/5050"}],"wp:attachment":[{"href":"https:\/\/www.domusrental.com\/blog\/de\/wp-json\/wp\/v2\/media?parent=5067"}],"wp:term":[{"taxonomy":"category","embeddable":true,"href":"https:\/\/www.domusrental.com\/blog\/de\/wp-json\/wp\/v2\/categories?post=5067"},{"taxonomy":"post_tag","embeddable":true,"href":"https:\/\/www.domusrental.com\/blog\/de\/wp-json\/wp\/v2\/tags?post=5067"}],"curies":[{"name":"wp","href":"https:\/\/api.w.org\/{rel}","templated":true}]}}