{"id":5166,"date":"2026-01-13T14:53:26","date_gmt":"2026-01-13T14:53:26","guid":{"rendered":"https:\/\/www.domusrental.com\/blog\/verona-zum-valentinstag\/"},"modified":"2026-04-29T06:29:31","modified_gmt":"2026-04-29T06:29:31","slug":"verona-zum-valentinstag","status":"publish","type":"post","link":"https:\/\/www.domusrental.com\/blog\/de\/verona-zum-valentinstag\/","title":{"rendered":"Verona zum Valentinstag: Ein romantischer Ausflug von der Stadt zum Gardasee im Februar"},"content":{"rendered":"\t\t<div data-elementor-type=\"wp-post\" data-elementor-id=\"5166\" class=\"elementor elementor-5166 elementor-5143\" data-elementor-post-type=\"post\">\n\t\t\t\t\t\t<section class=\"elementor-section elementor-top-section elementor-element elementor-element-13e950e9 elementor-section-boxed elementor-section-height-default elementor-section-height-default\" data-id=\"13e950e9\" data-element_type=\"section\" data-e-type=\"section\">\n\t\t\t\t\t\t<div class=\"elementor-container elementor-column-gap-default\">\n\t\t\t\t\t<div class=\"elementor-column elementor-col-100 elementor-top-column elementor-element elementor-element-a2645d6\" data-id=\"a2645d6\" data-element_type=\"column\" data-e-type=\"column\">\n\t\t\t<div class=\"elementor-widget-wrap elementor-element-populated\">\n\t\t\t\t\t\t<div class=\"elementor-element elementor-element-230c7c2f elementor-widget elementor-widget-text-editor\" data-id=\"230c7c2f\" data-element_type=\"widget\" data-e-type=\"widget\" data-widget_type=\"text-editor.default\">\n\t\t\t\t<div class=\"elementor-widget-container\">\n\t\t\t\t\t\t\t\t\t<p><span style=\"font-weight: 400;\">Es gibt St\u00e4dte, die viel von Romantik reden, und dann gibt es Verona. Wenn Sie Verona zum Valentinstag planen, jagen Sie keinen Klischees hinterher. Sie betreten einen Ort, an dem sich Romantik in die Stra\u00dfen eingebrannt anf\u00fchlt, anstatt f\u00fcr Instagram inszeniert zu sein. Im Februar zeigt sich die Stadt von ihrer urspr\u00fcnglichen Seite. Weniger Menschenmassen. K\u00fchlere Luft. Mehr Platz zum Flanieren, ohne sich durch Reisegruppen zu zw\u00e4ngen.      <\/span><\/p><p><span style=\"font-weight: 400;\">Der Valentinstag ist hier mit San Valentino verbunden, und die Einheimischen nehmen ihn ziemlich ernst. Das Ergebnis ist eine Stadt, die sich der Liebe mit gerade genug Zur\u00fcckhaltung zuwendet. Denken Sie an von Kerzen beleuchtete Piazzas, niedriges Winterlicht auf r\u00f6mischem Stein und lange Abendessen, f\u00fcr die man nicht drei Wochen im Voraus reservieren muss.  <\/span><\/p><p><span style=\"font-weight: 400;\">Es ist keine \u00dcberraschung, dass die Leute jedes Jahr nach Verona zum Valentinstag suchen. Die Umgebung erledigt den gr\u00f6\u00dften Teil der Arbeit f\u00fcr Sie. <\/span><\/p>\t\t\t\t\t\t\t\t<\/div>\n\t\t\t\t<\/div>\n\t\t\t\t\t<\/div>\n\t\t<\/div>\n\t\t\t\t\t<\/div>\n\t\t<\/section>\n\t\t\t\t<section class=\"elementor-section elementor-top-section elementor-element elementor-element-52feb695 elementor-section-boxed elementor-section-height-default elementor-section-height-default\" data-id=\"52feb695\" data-element_type=\"section\" data-e-type=\"section\">\n\t\t\t\t\t\t<div class=\"elementor-container elementor-column-gap-default\">\n\t\t\t\t\t<div class=\"elementor-column elementor-col-100 elementor-top-column elementor-element elementor-element-598fb8a0\" data-id=\"598fb8a0\" data-element_type=\"column\" data-e-type=\"column\">\n\t\t\t<div class=\"elementor-widget-wrap elementor-element-populated\">\n\t\t\t\t\t\t<div class=\"elementor-element elementor-element-6c70ea97 elementor-widget elementor-widget-table-of-contents\" data-id=\"6c70ea97\" data-element_type=\"widget\" data-e-type=\"widget\" data-settings=\"{&quot;headings_by_tags&quot;:[&quot;h2&quot;],&quot;exclude_headings_by_selector&quot;:[],&quot;marker_view&quot;:&quot;bullets&quot;,&quot;icon&quot;:{&quot;value&quot;:&quot;fas fa-arrow-right&quot;,&quot;library&quot;:&quot;fa-solid&quot;},&quot;no_headings_message&quot;:&quot;No headings were found on this page.&quot;,&quot;hierarchical_view&quot;:&quot;yes&quot;,&quot;min_height&quot;:{&quot;unit&quot;:&quot;px&quot;,&quot;size&quot;:&quot;&quot;,&quot;sizes&quot;:[]},&quot;min_height_tablet&quot;:{&quot;unit&quot;:&quot;px&quot;,&quot;size&quot;:&quot;&quot;,&quot;sizes&quot;:[]},&quot;min_height_mobile&quot;:{&quot;unit&quot;:&quot;px&quot;,&quot;size&quot;:&quot;&quot;,&quot;sizes&quot;:[]}}\" data-widget_type=\"table-of-contents.default\">\n\t\t\t\t<div class=\"elementor-widget-container\">\n\t\t\t\t\t\t\t\t\t<div class=\"elementor-toc__header\">\n\t\t\t\t\t\t<div class=\"elementor-toc__header-title\">\n\t\t\t\tInhaltsverzeichnis\t\t\t<\/div>\n\t\t\t\t\t\t\t\t<\/div>\n\t\t\t\t<div id=\"elementor-toc__6c70ea97\" class=\"elementor-toc__body\">\n\t\t\t<div class=\"elementor-toc__spinner-container\">\n\t\t\t\t<i class=\"elementor-toc__spinner eicon-animation-spin eicon-loading\" aria-hidden=\"true\"><\/i>\t\t\t<\/div>\n\t\t<\/div>\n\t\t\t\t\t\t<\/div>\n\t\t\t\t<\/div>\n\t\t\t\t\t<\/div>\n\t\t<\/div>\n\t\t\t\t\t<\/div>\n\t\t<\/section>\n\t\t\t\t<section class=\"elementor-section elementor-top-section elementor-element elementor-element-687692de elementor-section-boxed elementor-section-height-default elementor-section-height-default\" data-id=\"687692de\" data-element_type=\"section\" data-e-type=\"section\">\n\t\t\t\t\t\t<div class=\"elementor-container elementor-column-gap-default\">\n\t\t\t\t\t<div class=\"elementor-column elementor-col-100 elementor-top-column elementor-element elementor-element-6ccaf7b9\" data-id=\"6ccaf7b9\" data-element_type=\"column\" data-e-type=\"column\">\n\t\t\t<div class=\"elementor-widget-wrap elementor-element-populated\">\n\t\t\t\t\t\t<div class=\"elementor-element elementor-element-61a4dc11 elementor-widget elementor-widget-heading\" data-id=\"61a4dc11\" data-element_type=\"widget\" data-e-type=\"widget\" data-widget_type=\"heading.default\">\n\t\t\t\t<div class=\"elementor-widget-container\">\n\t\t\t\t\t<h2 class=\"elementor-heading-title elementor-size-default\">Was man in Verona als Paar sehen sollte, jenseits des Offensichtlichen\n<\/h2>\t\t\t\t<\/div>\n\t\t\t\t<\/div>\n\t\t\t\t<div class=\"elementor-element elementor-element-4729cd19 elementor-widget elementor-widget-text-editor\" data-id=\"4729cd19\" data-element_type=\"widget\" data-e-type=\"widget\" data-widget_type=\"text-editor.default\">\n\t\t\t\t<div class=\"elementor-widget-container\">\n\t\t\t\t\t\t\t\t\t<p><span style=\"font-weight: 400;\">Sie werden sich wahrscheinlich irgendwann in der N\u00e4he von Julias Balkon wiederfinden, wie die meisten Besucher. Er ist Teil der Stadtgeschichte und einen Besuch wert, besonders im Februar, wenn die Gegend ruhiger ist. Der tiefere Reiz Veronas als Paar offenbart sich jedoch oft, wenn man ein wenig weiter von den offensichtlichen Haltestellen wegwandert.  <\/span><\/p><p><span style=\"font-weight: 400;\">Spazieren Sie kurz vor Sonnenuntergang am Ufer der Etsch entlang. \u00dcberqueren Sie die Ponte Pietra, wenn sich der Himmel blassrosa f\u00e4rbt. Tauchen Sie in die Seitenstra\u00dfen rund um Santo Stefano ein, wo die Einheimischen immer noch zahlreicher sind als die Besucher. Verona im Februar f\u00fchlt sich bewohnt an, nicht aufgef\u00fchrt.   <\/span><\/p><p><span style=\"font-weight: 400;\">F\u00fcr einen umfassenderen Eindruck von der Stadt \u00f6ffnet sich die Piazza Bra (oft einfach nur Bra genannt) nachts auf wundersch\u00f6ne Weise. Die Arena leuchtet. Stra\u00dfenmusiker spielen langsamere Lieder. Es ist ein Ort, an dem man sich leicht aufhalten kann, ohne sich gehetzt zu f\u00fchlen.   <\/span><\/p><p><span style=\"font-weight: 400;\">Wenn Sie vor Ihrer Ankunft mehr Kontext w\u00fcnschen, ist unser Reisef\u00fchrer zu <\/span><a href=\"https:\/\/www.domusrental.com\/blog\/de\/verona-urlaub\/\"><span style=\"font-weight: 400;\">Feiertagen in Verona<\/span><\/a><span style=\"font-weight: 400;\"> eine gute Informationsquelle \u00fcber die Stadt.<\/span><\/p>\t\t\t\t\t\t\t\t<\/div>\n\t\t\t\t<\/div>\n\t\t\t\t<div class=\"elementor-element elementor-element-f206bf2 elementor-widget elementor-widget-image\" data-id=\"f206bf2\" data-element_type=\"widget\" data-e-type=\"widget\" data-widget_type=\"image.default\">\n\t\t\t\t<div class=\"elementor-widget-container\">\n\t\t\t\t\t\t\t\t\t\t\t\t\t\t\t<img fetchpriority=\"high\" decoding=\"async\" width=\"1254\" height=\"626\" src=\"https:\/\/www.domusrental.com\/blog\/wp-content\/uploads\/2026\/01\/Verona-in-love-St-Valentines-Day.jpg\" class=\"attachment-full size-full wp-image-5148\" alt=\"Verona-in-love-St-Valentines-Day.jpg\" srcset=\"https:\/\/www.domusrental.com\/blog\/wp-content\/uploads\/2026\/01\/Verona-in-love-St-Valentines-Day.jpg 1254w, https:\/\/www.domusrental.com\/blog\/wp-content\/uploads\/2026\/01\/Verona-in-love-St-Valentines-Day-300x150.jpg 300w, https:\/\/www.domusrental.com\/blog\/wp-content\/uploads\/2026\/01\/Verona-in-love-St-Valentines-Day-1024x511.jpg 1024w, https:\/\/www.domusrental.com\/blog\/wp-content\/uploads\/2026\/01\/Verona-in-love-St-Valentines-Day-768x383.jpg 768w\" sizes=\"(max-width: 1254px) 100vw, 1254px\" \/>\t\t\t\t\t\t\t\t\t\t\t\t\t\t\t<\/div>\n\t\t\t\t<\/div>\n\t\t\t\t\t<\/div>\n\t\t<\/div>\n\t\t\t\t\t<\/div>\n\t\t<\/section>\n\t\t\t\t<section class=\"elementor-section elementor-top-section elementor-element elementor-element-bb58fce elementor-section-boxed elementor-section-height-default elementor-section-height-default\" data-id=\"bb58fce\" data-element_type=\"section\" data-e-type=\"section\">\n\t\t\t\t\t\t<div class=\"elementor-container elementor-column-gap-default\">\n\t\t\t\t\t<div class=\"elementor-column elementor-col-100 elementor-top-column elementor-element elementor-element-05a98e4\" data-id=\"05a98e4\" data-element_type=\"column\" data-e-type=\"column\">\n\t\t\t<div class=\"elementor-widget-wrap elementor-element-populated\">\n\t\t\t\t\t\t<div class=\"elementor-element elementor-element-84b1aa7 elementor-widget elementor-widget-heading\" data-id=\"84b1aa7\" data-element_type=\"widget\" data-e-type=\"widget\" data-widget_type=\"heading.default\">\n\t\t\t\t<div class=\"elementor-widget-container\">\n\t\t\t\t\t<h2 class=\"elementor-heading-title elementor-size-default\">Besondere Veranstaltungen w\u00e4hrend Verona in Love\n<\/h2>\t\t\t\t<\/div>\n\t\t\t\t<\/div>\n\t\t\t\t<div class=\"elementor-element elementor-element-1befd73 elementor-widget elementor-widget-text-editor\" data-id=\"1befd73\" data-element_type=\"widget\" data-e-type=\"widget\" data-widget_type=\"text-editor.default\">\n\t\t\t\t<div class=\"elementor-widget-container\">\n\t\t\t\t\t\t\t\t\t<p><span style=\"font-weight: 400;\">Jedes Jahr im Februar widmet sich die Stadt w\u00e4hrend Verona in Love ganz der Romantik, und im Jahr 2026 findet das Festival vom 14. bis 16. Februar statt. Das historische Zentrum wird zur B\u00fchne, wobei die Piazza dei Signori als Mittelpunkt dient, w\u00e4hrend die nahegelegenen Stra\u00dfen, H\u00f6fe und Fu\u00dfg\u00e4ngerwege die Arena, Julias Haus und andere wichtige Orte durch themenbezogene Beleuchtung und Installationen verbinden. <\/span><\/p><p><span style=\"font-weight: 400;\">W\u00e4hrend San Valentino Verona geht das Programm weit \u00fcber dekorative Herzen hinaus. Erwarten Sie Live-Musik und Stra\u00dfenauff\u00fchrungen, kleine Theatervorstellungen, kulturelle Vortr\u00e4ge mit Schwerpunkt auf Liebe und Literatur, Kunsthandwerkerm\u00e4rkte, Speisen- und Weinveranstaltungen sowie gef\u00fchrte Besichtigungen im Zusammenhang mit der Romeo- und Julia-Geschichte. Es f\u00fchlt sich feierlich an, ohne \u00fcberw\u00e4ltigend zu sein, und es ist einfach, f\u00fcr eine Stunde einzutauchen und dann in ruhigere Stra\u00dfen zur\u00fcckzukehren, wenn Sie genug haben.  <\/span><\/p>\t\t\t\t\t\t\t\t<\/div>\n\t\t\t\t<\/div>\n\t\t\t\t\t<\/div>\n\t\t<\/div>\n\t\t\t\t\t<\/div>\n\t\t<\/section>\n\t\t\t\t<section class=\"elementor-section elementor-top-section elementor-element elementor-element-707cec7 elementor-section-content-middle elementor-section-boxed elementor-section-height-default elementor-section-height-default\" data-id=\"707cec7\" data-element_type=\"section\" data-e-type=\"section\">\n\t\t\t\t\t\t<div class=\"elementor-container elementor-column-gap-default\">\n\t\t\t\t\t<div class=\"elementor-column elementor-col-50 elementor-top-column elementor-element elementor-element-2b9497c\" data-id=\"2b9497c\" data-element_type=\"column\" data-e-type=\"column\">\n\t\t\t<div class=\"elementor-widget-wrap elementor-element-populated\">\n\t\t\t\t\t\t<div class=\"elementor-element elementor-element-d3b55d1 elementor-widget elementor-widget-heading\" data-id=\"d3b55d1\" data-element_type=\"widget\" data-e-type=\"widget\" data-widget_type=\"heading.default\">\n\t\t\t\t<div class=\"elementor-widget-container\">\n\t\t\t\t\t<h2 class=\"elementor-heading-title elementor-size-default\">Aussichtspunkte und romantische Spazierg\u00e4nge mit Aussicht\n<\/h2>\t\t\t\t<\/div>\n\t\t\t\t<\/div>\n\t\t\t\t<div class=\"elementor-element elementor-element-60603b3 elementor-widget elementor-widget-text-editor\" data-id=\"60603b3\" data-element_type=\"widget\" data-e-type=\"widget\" data-widget_type=\"text-editor.default\">\n\t\t\t\t<div class=\"elementor-widget-container\">\n\t\t\t\t\t\t\t\t\t<p><span style=\"font-weight: 400;\">Der Winter ist hier Wanderzeit. K\u00fchlere Temperaturen machen H\u00fcgel und Uferwege einladender. <\/span><\/p><p><span style=\"font-weight: 400;\">Rund um den Gardasee ist der <\/span><i><span style=\"font-weight: 400;\">Sentiero degli Innamorati Lago di Garda<\/span><\/i><span style=\"font-weight: 400;\">, oft auch Liebesweg genannt, aus gutem Grund beliebt. Er ist kurz, sanft und konzentriert sich eher auf die Aussicht als auf die Anstrengung. Gel\u00e4nde zum H\u00e4ndchenhalten. B\u00e4nke, auf denen man tats\u00e4chlich sitzen m\u00f6chte.   <\/span><\/p><p><span style=\"font-weight: 400;\">Zur\u00fcck in Verona steigen Sie zum Castel San Pietro hinauf. Der Blick \u00fcber die Stadt in der Abendd\u00e4mmerung ist beeindruckend, besonders wenn die Lichter nacheinander angehen. <\/span><\/p><p><span style=\"font-weight: 400;\">Wenn Wandern Ihr Ding ist, erkundet Domus auch <\/span><a href=\"https:\/\/www.domusrental.com\/blog\/de\/wandern-am-gardasee\/\"><span style=\"font-weight: 400;\">Wanderrouten rund um den Gardasee<\/span><\/a><span style=\"font-weight: 400;\">, die auch in k\u00fchleren Monaten gut zu bew\u00e4ltigen sind<\/span><\/p><p><span style=\"font-weight: 400;\">Gute Schuhe helfen. Gro\u00dfe Gesten sind optional. <\/span><\/p>\t\t\t\t\t\t\t\t<\/div>\n\t\t\t\t<\/div>\n\t\t\t\t\t<\/div>\n\t\t<\/div>\n\t\t\t\t<div class=\"elementor-column elementor-col-50 elementor-top-column elementor-element elementor-element-83673e2\" data-id=\"83673e2\" data-element_type=\"column\" data-e-type=\"column\">\n\t\t\t<div class=\"elementor-widget-wrap elementor-element-populated\">\n\t\t\t\t\t\t<div class=\"elementor-element elementor-element-df8e4a0 elementor-widget elementor-widget-image\" data-id=\"df8e4a0\" data-element_type=\"widget\" data-e-type=\"widget\" data-widget_type=\"image.default\">\n\t\t\t\t<div class=\"elementor-widget-container\">\n\t\t\t\t\t\t\t\t\t\t\t\t\t\t\t<img decoding=\"async\" width=\"675\" height=\"483\" src=\"https:\/\/www.domusrental.com\/blog\/wp-content\/uploads\/2026\/01\/Special-Events-Verona-St-Valantines-Day.jpg\" class=\"attachment-large size-large wp-image-5151\" alt=\"Special-Events-Verona-St-Valantines-Day.jpg\" srcset=\"https:\/\/www.domusrental.com\/blog\/wp-content\/uploads\/2026\/01\/Special-Events-Verona-St-Valantines-Day.jpg 675w, https:\/\/www.domusrental.com\/blog\/wp-content\/uploads\/2026\/01\/Special-Events-Verona-St-Valantines-Day-300x215.jpg 300w\" sizes=\"(max-width: 675px) 100vw, 675px\" \/>\t\t\t\t\t\t\t\t\t\t\t\t\t\t\t<\/div>\n\t\t\t\t<\/div>\n\t\t\t\t\t<\/div>\n\t\t<\/div>\n\t\t\t\t\t<\/div>\n\t\t<\/section>\n\t\t\t\t<section class=\"elementor-section elementor-top-section elementor-element elementor-element-f169cfb elementor-section-boxed elementor-section-height-default elementor-section-height-default\" data-id=\"f169cfb\" data-element_type=\"section\" data-e-type=\"section\">\n\t\t\t\t\t\t<div class=\"elementor-container elementor-column-gap-default\">\n\t\t\t\t\t<div class=\"elementor-column elementor-col-100 elementor-top-column elementor-element elementor-element-caff22d\" data-id=\"caff22d\" data-element_type=\"column\" data-e-type=\"column\">\n\t\t\t<div class=\"elementor-widget-wrap elementor-element-populated\">\n\t\t\t\t\t\t<div class=\"elementor-element elementor-element-1d8f744 elementor-widget elementor-widget-heading\" data-id=\"1d8f744\" data-element_type=\"widget\" data-e-type=\"widget\" data-widget_type=\"heading.default\">\n\t\t\t\t<div class=\"elementor-widget-container\">\n\t\t\t\t\t<h2 class=\"elementor-heading-title elementor-size-default\">Wo man am Valentinstag in Verona und Umgebung essen gehen kann\n<\/h2>\t\t\t\t<\/div>\n\t\t\t\t<\/div>\n\t\t\t\t<div class=\"elementor-element elementor-element-83771aa elementor-widget elementor-widget-text-editor\" data-id=\"83771aa\" data-element_type=\"widget\" data-e-type=\"widget\" data-widget_type=\"text-editor.default\">\n\t\t\t\t<div class=\"elementor-widget-container\">\n\t\t\t\t\t\t\t\t\t<p><span style=\"font-weight: 400;\">Das Valentinstagsessen in Verona ist f\u00fcr Paare geeignet, denen Atmosph\u00e4re und Essen wichtiger sind als theatralische Men\u00fcs. <\/span><\/p><p><b>Antica Bottega del Vino<\/b><span style=\"font-weight: 400;\"> ist eine klassische Wahl, besonders wenn Sie lange Weinkarten und traditionelle Veroneser Gerichte ohne viel Aufhebens genie\u00dfen. <\/span> <\/p><p><b>La Griglia<\/b><span style=\"font-weight: 400;\"> ist intimer, mit von Kerzen beleuchteten R\u00e4umen und einer Speisekarte, die auf hochwertigem Fleisch und saisonalen Beilagen basiert.<\/span><\/p><p><span style=\"font-weight: 400;\">F\u00fcr etwas Anspruchsvolleres bietet <\/span><b>Ristorante Il Desco<\/b><span style=\"font-weight: 400;\"> ein ruhigeres, formelleres Erlebnis, das eher f\u00fcr einen einmaligen Abend als f\u00fcr einen zwanglosen Abend geeignet ist. <\/span> <\/p><p><span style=\"font-weight: 400;\">Wenn Sie eine entspannte Umgebung bevorzugen, die sich dennoch besonders anf\u00fchlt, ist <\/span><b>Bistro con Amore Vini e Cucina<\/b><span style=\"font-weight: 400;\"> eine solide, budgetfreundlichere Option mit durchdachter K\u00fcche und einer warmen, nachbarschaftlichen Atmosph\u00e4re.<\/span><\/p><p><span style=\"font-weight: 400;\">Wo auch immer Sie sich entscheiden, buchen Sie im Voraus f\u00fcr die Valentinsnacht selbst und lassen Sie den Abend dann in seinem eigenen Tempo ablaufen.<\/span><\/p>\t\t\t\t\t\t\t\t<\/div>\n\t\t\t\t<\/div>\n\t\t\t\t<div class=\"elementor-element elementor-element-b8c4360 elementor-widget elementor-widget-image\" data-id=\"b8c4360\" data-element_type=\"widget\" data-e-type=\"widget\" data-widget_type=\"image.default\">\n\t\t\t\t<div class=\"elementor-widget-container\">\n\t\t\t\t\t\t\t\t\t\t\t\t\t\t\t<img decoding=\"async\" width=\"1254\" height=\"627\" src=\"https:\/\/www.domusrental.com\/blog\/wp-content\/uploads\/2026\/01\/Couples-St-Valentines-Day-Verona-Romantic.jpg\" class=\"attachment-full size-full wp-image-5154\" alt=\"Couples-St-Valentines-Day-Verona-Romantic.jpg\" srcset=\"https:\/\/www.domusrental.com\/blog\/wp-content\/uploads\/2026\/01\/Couples-St-Valentines-Day-Verona-Romantic.jpg 1254w, https:\/\/www.domusrental.com\/blog\/wp-content\/uploads\/2026\/01\/Couples-St-Valentines-Day-Verona-Romantic-300x150.jpg 300w, https:\/\/www.domusrental.com\/blog\/wp-content\/uploads\/2026\/01\/Couples-St-Valentines-Day-Verona-Romantic-1024x512.jpg 1024w, https:\/\/www.domusrental.com\/blog\/wp-content\/uploads\/2026\/01\/Couples-St-Valentines-Day-Verona-Romantic-768x384.jpg 768w\" sizes=\"(max-width: 1254px) 100vw, 1254px\" \/>\t\t\t\t\t\t\t\t\t\t\t\t\t\t\t<\/div>\n\t\t\t\t<\/div>\n\t\t\t\t\t<\/div>\n\t\t<\/div>\n\t\t\t\t\t<\/div>\n\t\t<\/section>\n\t\t\t\t<section class=\"elementor-section elementor-top-section elementor-element elementor-element-da1d782 elementor-section-boxed elementor-section-height-default elementor-section-height-default\" data-id=\"da1d782\" data-element_type=\"section\" data-e-type=\"section\">\n\t\t\t\t\t\t<div class=\"elementor-container elementor-column-gap-default\">\n\t\t\t\t\t<div class=\"elementor-column elementor-col-100 elementor-top-column elementor-element elementor-element-8972f7f\" data-id=\"8972f7f\" data-element_type=\"column\" data-e-type=\"column\">\n\t\t\t<div class=\"elementor-widget-wrap elementor-element-populated\">\n\t\t\t\t\t\t<div class=\"elementor-element elementor-element-bcb2f3d elementor-widget elementor-widget-heading\" data-id=\"bcb2f3d\" data-element_type=\"widget\" data-e-type=\"widget\" data-widget_type=\"heading.default\">\n\t\t\t\t<div class=\"elementor-widget-container\">\n\t\t\t\t\t<h2 class=\"elementor-heading-title elementor-size-default\">Ein romantischer Ausflug von Verona zum Gardasee\n<\/h2>\t\t\t\t<\/div>\n\t\t\t\t<\/div>\n\t\t\t\t<div class=\"elementor-element elementor-element-b733630 elementor-widget elementor-widget-text-editor\" data-id=\"b733630\" data-element_type=\"widget\" data-e-type=\"widget\" data-widget_type=\"text-editor.default\">\n\t\t\t\t<div class=\"elementor-widget-container\">\n\t\t\t\t\t\t\t\t\t<p>Hier kommt der kluge Schachzug ins Spiel. Kombinieren Sie die Stadt mit dem See.<br>Die Kombination aus Verona zum Valentinstag und dem Gardasee gibt der Reise Freiraum. Der Wechsel von kompakten Stra\u00dfen zu offenem Wasser ist unmittelbar, und der Februar h\u00e4lt alles ruhiger und intimer.  <\/p>\t\t\t\t\t\t\t\t<\/div>\n\t\t\t\t<\/div>\n\t\t\t\t\t<\/div>\n\t\t<\/div>\n\t\t\t\t\t<\/div>\n\t\t<\/section>\n\t\t\t\t<section class=\"elementor-section elementor-top-section elementor-element elementor-element-adf0ad1 elementor-section-boxed elementor-section-height-default elementor-section-height-default\" data-id=\"adf0ad1\" data-element_type=\"section\" data-e-type=\"section\">\n\t\t\t\t\t\t<div class=\"elementor-container elementor-column-gap-default\">\n\t\t\t\t\t<div class=\"elementor-column elementor-col-33 elementor-top-column elementor-element elementor-element-4a5c096d\" data-id=\"4a5c096d\" data-element_type=\"column\" data-e-type=\"column\">\n\t\t\t<div class=\"elementor-widget-wrap elementor-element-populated\">\n\t\t\t\t\t\t<div class=\"elementor-element elementor-element-3d98724f elementor-widget elementor-widget-heading\" data-id=\"3d98724f\" data-element_type=\"widget\" data-e-type=\"widget\" data-widget_type=\"heading.default\">\n\t\t\t\t<div class=\"elementor-widget-container\">\n\t\t\t\t\t<h3 class=\"elementor-heading-title elementor-size-default\">Sirmione<\/h3>\t\t\t\t<\/div>\n\t\t\t\t<\/div>\n\t\t\t\t<div class=\"elementor-element elementor-element-7e942d80 elementor-widget elementor-widget-text-editor\" data-id=\"7e942d80\" data-element_type=\"widget\" data-e-type=\"widget\" data-widget_type=\"text-editor.default\">\n\t\t\t\t<div class=\"elementor-widget-container\">\n\t\t\t\t\t\t\t\t\t<p><a href=\"https:\/\/www.domusrental.com\/blog\/de\/sirmione\/\"><span style=\"font-weight: 400;\">Sirmione<\/span><\/a><span style=\"font-weight: 400;\">  ist der Postkartenstopp, aber der Winter reduziert ihn auf etwas Echtes. Spazieren Sie ohne die Menschenmassen \u00fcber die Halbinsel, verweilen Sie am Wasser in der N\u00e4he der Grotte di Catullo und genie\u00dfen Sie das Gef\u00fchl, dass der See Ihnen f\u00fcr eine Weile geh\u00f6rt. <\/span><\/p>\t\t\t\t\t\t\t\t<\/div>\n\t\t\t\t<\/div>\n\t\t\t\t\t<\/div>\n\t\t<\/div>\n\t\t\t\t<div class=\"elementor-column elementor-col-33 elementor-top-column elementor-element elementor-element-43d629e\" data-id=\"43d629e\" data-element_type=\"column\" data-e-type=\"column\">\n\t\t\t<div class=\"elementor-widget-wrap elementor-element-populated\">\n\t\t\t\t\t\t<div class=\"elementor-element elementor-element-e1a77e1 elementor-widget elementor-widget-heading\" data-id=\"e1a77e1\" data-element_type=\"widget\" data-e-type=\"widget\" data-widget_type=\"heading.default\">\n\t\t\t\t<div class=\"elementor-widget-container\">\n\t\t\t\t\t<h3 class=\"elementor-heading-title elementor-size-default\">Malcesine<\/h3>\t\t\t\t<\/div>\n\t\t\t\t<\/div>\n\t\t\t\t<div class=\"elementor-element elementor-element-a816001 elementor-widget elementor-widget-text-editor\" data-id=\"a816001\" data-element_type=\"widget\" data-e-type=\"widget\" data-widget_type=\"text-editor.default\">\n\t\t\t\t<div class=\"elementor-widget-container\">\n\t\t\t\t\t\t\t\t\t<p><a href=\"https:\/\/www.domusrental.com\/blog\/de\/malcesine-2\/\"><span style=\"font-weight: 400;\">Malcesine<\/span><\/a><span style=\"font-weight: 400;\">  f\u00fchlt sich eher alpin an, mit steileren Stra\u00dfen und einer sch\u00e4rferen Bergkulisse. Im Februar ist es ideal f\u00fcr langsame Spazierg\u00e4nge entlang des Hafens und Kaffeepausen, die eher zu langen Gespr\u00e4chen als zu schnellen St\u00e4rkungen werden. <\/span><\/p>\t\t\t\t\t\t\t\t<\/div>\n\t\t\t\t<\/div>\n\t\t\t\t\t<\/div>\n\t\t<\/div>\n\t\t\t\t<div class=\"elementor-column elementor-col-33 elementor-top-column elementor-element elementor-element-7563aad\" data-id=\"7563aad\" data-element_type=\"column\" data-e-type=\"column\">\n\t\t\t<div class=\"elementor-widget-wrap elementor-element-populated\">\n\t\t\t\t\t\t<div class=\"elementor-element elementor-element-768b6f6 elementor-widget elementor-widget-heading\" data-id=\"768b6f6\" data-element_type=\"widget\" data-e-type=\"widget\" data-widget_type=\"heading.default\">\n\t\t\t\t<div class=\"elementor-widget-container\">\n\t\t\t\t\t<h3 class=\"elementor-heading-title elementor-size-default\">Torri del Benaco\n<\/h3>\t\t\t\t<\/div>\n\t\t\t\t<\/div>\n\t\t\t\t<div class=\"elementor-element elementor-element-6a43b6d elementor-widget elementor-widget-text-editor\" data-id=\"6a43b6d\" data-element_type=\"widget\" data-e-type=\"widget\" data-widget_type=\"text-editor.default\">\n\t\t\t\t<div class=\"elementor-widget-container\">\n\t\t\t\t\t\t\t\t\t<p><a href=\"https:\/\/www.domusrental.com\/blog\/discover-torri-del-benaco\/\"><span style=\"font-weight: 400;\">Torri del Benaco<\/span><\/a><span style=\"font-weight: 400;\">  ist kleiner und erfrischend unaufdringlich, was perfekt f\u00fcr Paare ist. Die Uferpromenade ist flach und gem\u00e4chlich, und die Abende hier f\u00fchlen sich eher lokal als kuratiert an. <\/span><\/p>\t\t\t\t\t\t\t\t<\/div>\n\t\t\t\t<\/div>\n\t\t\t\t\t<\/div>\n\t\t<\/div>\n\t\t\t\t\t<\/div>\n\t\t<\/section>\n\t\t\t\t<section class=\"elementor-section elementor-top-section elementor-element elementor-element-15dbf88 elementor-section-boxed elementor-section-height-default elementor-section-height-default\" data-id=\"15dbf88\" data-element_type=\"section\" data-e-type=\"section\">\n\t\t\t\t\t\t<div class=\"elementor-container elementor-column-gap-default\">\n\t\t\t\t\t<div class=\"elementor-column elementor-col-100 elementor-top-column elementor-element elementor-element-e8838db\" data-id=\"e8838db\" data-element_type=\"column\" data-e-type=\"column\">\n\t\t\t<div class=\"elementor-widget-wrap elementor-element-populated\">\n\t\t\t\t\t\t<div class=\"elementor-element elementor-element-fce1920 elementor-widget elementor-widget-heading\" data-id=\"fce1920\" data-element_type=\"widget\" data-e-type=\"widget\" data-widget_type=\"heading.default\">\n\t\t\t\t<div class=\"elementor-widget-container\">\n\t\t\t\t\t<h2 class=\"elementor-heading-title elementor-size-default\">Warum Verona zum Valentinstag so gut funktioniert\n<\/h2>\t\t\t\t<\/div>\n\t\t\t\t<\/div>\n\t\t\t\t<div class=\"elementor-element elementor-element-2565246 elementor-widget elementor-widget-text-editor\" data-id=\"2565246\" data-element_type=\"widget\" data-e-type=\"widget\" data-widget_type=\"text-editor.default\">\n\t\t\t\t<div class=\"elementor-widget-container\">\n\t\t\t\t\t\t\t\t\t<p><span style=\"font-weight: 400;\">Verona zum Valentinstag richtig zu erleben bedeutet, langsamer zu werden. Zuerst die Stadt. Zweiter der See. Warme M\u00e4ntel, gute Schuhe und Raum f\u00fcr Spontaneit\u00e4t.   <\/span><\/p><p><span style=\"font-weight: 400;\">Verona bietet Geschichte ohne Steifheit. Der Gardasee bietet Raum und Ruhe, wenn Sie durchatmen m\u00f6chten. Zusammen sorgen sie daf\u00fcr, dass sich der Februar eher zielgerichtet als zweitklassig anf\u00fchlt.  <\/span><\/p><p><span style=\"font-weight: 400;\">Wenn es darum geht, wo Sie \u00fcbernachten, <\/span><a href=\"https:\/\/www.domusrental.com\/\"><b>Domus<\/b><\/a> <span style=\"font-weight: 400;\">bietet Apartments, Villen und charaktervolle H\u00e4user in Verona und am Gardasee. Die Art von Orten, an denen Abende genauso wichtig sind wie Sightseeing-Tage. Wenn Sie diesen Februar einen Ausflug zu zweit planen, lohnt es sich, dort anzufangen und die Reise darum herum aufzubauen.  <\/span><\/p><p><a href=\"https:\/\/www.domusrental.com\/rentals\/rentals-verona-d66848\/\"><span style=\"font-weight: 400;\">Durchsuchen Sie Verona-Immobilien mit Domus<\/span><\/a><\/p>\t\t\t\t\t\t\t\t<\/div>\n\t\t\t\t<\/div>\n\t\t\t\t\t<\/div>\n\t\t<\/div>\n\t\t\t\t\t<\/div>\n\t\t<\/section>\n\t\t\t\t<section class=\"elementor-section elementor-top-section elementor-element elementor-element-1b37b19e elementor-section-boxed elementor-section-height-default elementor-section-height-default\" data-id=\"1b37b19e\" data-element_type=\"section\" data-e-type=\"section\">\n\t\t\t\t\t\t<div class=\"elementor-container elementor-column-gap-default\">\n\t\t\t\t\t<div class=\"elementor-column elementor-col-100 elementor-top-column elementor-element elementor-element-2275d9a7\" data-id=\"2275d9a7\" data-element_type=\"column\" data-e-type=\"column\">\n\t\t\t<div class=\"elementor-widget-wrap elementor-element-populated\">\n\t\t\t\t\t\t<div class=\"elementor-element elementor-element-63022720 elementor-widget elementor-widget-shortcode\" data-id=\"63022720\" data-element_type=\"widget\" data-e-type=\"widget\" data-widget_type=\"shortcode.default\">\n\t\t\t\t<div class=\"elementor-widget-container\">\n\t\t\t\t\t\t\t<div class=\"elementor-shortcode\">\t\t<div data-elementor-type=\"section\" data-elementor-id=\"2987\" class=\"elementor elementor-2987 elementor-2187 elementor-2187\" data-elementor-post-type=\"elementor_library\">\n\t\t\t\t\t<section class=\"elementor-section elementor-top-section elementor-element elementor-element-28474215 elementor-section-boxed elementor-section-height-default elementor-section-height-default\" data-id=\"28474215\" data-element_type=\"section\" data-e-type=\"section\">\n\t\t\t\t\t\t<div class=\"elementor-container elementor-column-gap-default\">\n\t\t\t\t\t<div class=\"elementor-column elementor-col-33 elementor-top-column elementor-element elementor-element-488016b\" data-id=\"488016b\" data-element_type=\"column\" data-e-type=\"column\">\n\t\t\t<div class=\"elementor-widget-wrap elementor-element-populated\">\n\t\t\t\t\t\t<div class=\"elementor-element elementor-element-7158b6ec elementor-cta--skin-cover elementor-animated-content elementor-bg-transform elementor-bg-transform-zoom-in elementor-widget elementor-widget-call-to-action\" data-id=\"7158b6ec\" data-element_type=\"widget\" data-e-type=\"widget\" data-widget_type=\"call-to-action.default\">\n\t\t\t\t<div class=\"elementor-widget-container\">\n\t\t\t\t\t\t\t<a class=\"elementor-cta\" href=\"https:\/\/www.domusrental.com\/de\/villa-gardasee\/\">\n\t\t\t\t\t<div class=\"elementor-cta__bg-wrapper\">\n\t\t\t\t<div class=\"elementor-cta__bg elementor-bg\" style=\"background-image: url(https:\/\/www.domusrental.com\/blog\/wp-content\/uploads\/2024\/04\/3-review-1-1-1920x630.jpg);\" role=\"img\" aria-label=\"3-review-1.jpg\"><\/div>\n\t\t\t\t<div class=\"elementor-cta__bg-overlay\"><\/div>\n\t\t\t<\/div>\n\t\t\t\t\t\t\t<div class=\"elementor-cta__content\">\n\t\t\t\t\n\t\t\t\t\n\t\t\t\t\n\t\t\t\t\t\t\t\t\t<div class=\"elementor-cta__button-wrapper elementor-cta__content-item elementor-content-item elementor-animated-item--grow\">\n\t\t\t\t\t<span class=\"elementor-cta__button elementor-button elementor-size-\">\n\t\t\t\t\t\tVilla Gardasee\t\t\t\t\t<\/span>\n\t\t\t\t\t<\/div>\n\t\t\t\t\t\t\t<\/div>\n\t\t\t\t\t\t<\/a>\n\t\t\t\t\t\t<\/div>\n\t\t\t\t<\/div>\n\t\t\t\t\t<\/div>\n\t\t<\/div>\n\t\t\t\t<div class=\"elementor-column elementor-col-33 elementor-top-column elementor-element elementor-element-2f46c64f\" data-id=\"2f46c64f\" data-element_type=\"column\" data-e-type=\"column\">\n\t\t\t<div class=\"elementor-widget-wrap elementor-element-populated\">\n\t\t\t\t\t\t<div class=\"elementor-element elementor-element-25d5a87e elementor-cta--skin-cover elementor-animated-content elementor-bg-transform elementor-bg-transform-zoom-in elementor-widget elementor-widget-call-to-action\" data-id=\"25d5a87e\" data-element_type=\"widget\" data-e-type=\"widget\" data-widget_type=\"call-to-action.default\">\n\t\t\t\t<div class=\"elementor-widget-container\">\n\t\t\t\t\t\t\t<a class=\"elementor-cta\" href=\"https:\/\/www.domusrental.com\/de\/gardasee-unterkunft\/\">\n\t\t\t\t\t<div class=\"elementor-cta__bg-wrapper\">\n\t\t\t\t<div class=\"elementor-cta__bg elementor-bg\" style=\"background-image: url(https:\/\/www.domusrental.com\/blog\/wp-content\/uploads\/2024\/04\/iStock-1414288968-1-1-1521x630.jpg);\" role=\"img\" aria-label=\"iStock-1414288968-1.jpg\"><\/div>\n\t\t\t\t<div class=\"elementor-cta__bg-overlay\"><\/div>\n\t\t\t<\/div>\n\t\t\t\t\t\t\t<div class=\"elementor-cta__content\">\n\t\t\t\t\n\t\t\t\t\n\t\t\t\t\n\t\t\t\t\t\t\t\t\t<div class=\"elementor-cta__button-wrapper elementor-cta__content-item elementor-content-item elementor-animated-item--grow\">\n\t\t\t\t\t<span class=\"elementor-cta__button elementor-button elementor-size-\">\n\t\t\t\t\t\tUnterk\u00fcnfte am Gardasee\t\t\t\t\t<\/span>\n\t\t\t\t\t<\/div>\n\t\t\t\t\t\t\t<\/div>\n\t\t\t\t\t\t<\/a>\n\t\t\t\t\t\t<\/div>\n\t\t\t\t<\/div>\n\t\t\t\t\t<\/div>\n\t\t<\/div>\n\t\t\t\t<div class=\"elementor-column elementor-col-33 elementor-top-column elementor-element elementor-element-433fe887\" data-id=\"433fe887\" data-element_type=\"column\" data-e-type=\"column\">\n\t\t\t<div class=\"elementor-widget-wrap elementor-element-populated\">\n\t\t\t\t\t\t<div class=\"elementor-element elementor-element-22532495 elementor-cta--skin-cover elementor-animated-content elementor-bg-transform elementor-bg-transform-zoom-in elementor-widget elementor-widget-call-to-action\" data-id=\"22532495\" data-element_type=\"widget\" data-e-type=\"widget\" data-widget_type=\"call-to-action.default\">\n\t\t\t\t<div class=\"elementor-widget-container\">\n\t\t\t\t\t\t\t<a class=\"elementor-cta\" href=\"https:\/\/www.domusrental.com\/de\/ferienwohnungen-gardasee\/\">\n\t\t\t\t\t<div class=\"elementor-cta__bg-wrapper\">\n\t\t\t\t<div class=\"elementor-cta__bg elementor-bg\" style=\"background-image: url(https:\/\/www.domusrental.com\/blog\/wp-content\/uploads\/2024\/04\/apartments-in-lake-garda-1-1-1533x630.jpg);\" role=\"img\" aria-label=\"apartments-in-lake-garda-1.jpg\"><\/div>\n\t\t\t\t<div class=\"elementor-cta__bg-overlay\"><\/div>\n\t\t\t<\/div>\n\t\t\t\t\t\t\t<div class=\"elementor-cta__content\">\n\t\t\t\t\n\t\t\t\t\n\t\t\t\t\n\t\t\t\t\t\t\t\t\t<div class=\"elementor-cta__button-wrapper elementor-cta__content-item elementor-content-item elementor-animated-item--grow\">\n\t\t\t\t\t<span class=\"elementor-cta__button elementor-button elementor-size-\">\n\t\t\t\t\t\tFerienwohnungen am Gardasee\t\t\t\t\t<\/span>\n\t\t\t\t\t<\/div>\n\t\t\t\t\t\t\t<\/div>\n\t\t\t\t\t\t<\/a>\n\t\t\t\t\t\t<\/div>\n\t\t\t\t<\/div>\n\t\t\t\t\t<\/div>\n\t\t<\/div>\n\t\t\t\t\t<\/div>\n\t\t<\/section>\n\t\t\t\t<\/div>\n\t\t<\/div>\n\t\t\t\t\t\t<\/div>\n\t\t\t\t<\/div>\n\t\t\t\t\t<\/div>\n\t\t<\/div>\n\t\t\t\t\t<\/div>\n\t\t<\/section>\n\t\t\t\t<\/div>\n\t\t","protected":false},"excerpt":{"rendered":"<p>Es gibt St\u00e4dte, die viel von Romantik reden, und dann gibt es Verona. Wenn Sie Verona zum Valentinstag planen, jagen Sie keinen Klischees hinterher. Sie betreten einen Ort, an dem sich Romantik in die Stra\u00dfen eingebrannt anf\u00fchlt, anstatt f\u00fcr Instagram inszeniert zu sein. Im Februar zeigt sich die Stadt von ihrer urspr\u00fcnglichen Seite. Weniger Menschenmassen. [&hellip;]<\/p>\n","protected":false},"author":4,"featured_media":5157,"comment_status":"open","ping_status":"closed","sticky":false,"template":"","format":"standard","meta":{"footnotes":""},"categories":[53],"tags":[],"class_list":["post-5166","post","type-post","status-publish","format-standard","has-post-thumbnail","hentry","category-veranstaltungen-gardasee"],"yoast_head":"<!-- This site is optimized with the Yoast SEO plugin v27.5 - https:\/\/yoast.com\/product\/yoast-seo-wordpress\/ -->\n<title>Verona zum Valentinstag - Blog | Domus Rental<\/title>\n<meta name=\"description\" content=\"Entdecken Sie die romantischsten Orte in Verona und am Gardasee zum Valentinstag. Genie\u00dfen Sie den Sentiero degli Innamorati (Liebespfad).\" \/>\n<meta name=\"robots\" content=\"index, follow, max-snippet:-1, max-image-preview:large, max-video-preview:-1\" \/>\n<link rel=\"canonical\" href=\"https:\/\/www.domusrental.com\/blog\/de\/verona-zum-valentinstag\/\" \/>\n<meta property=\"og:locale\" content=\"de_DE\" \/>\n<meta property=\"og:type\" content=\"article\" \/>\n<meta property=\"og:title\" content=\"Verona zum Valentinstag - Blog | Domus Rental\" \/>\n<meta property=\"og:description\" content=\"Entdecken Sie die romantischsten Orte in Verona und am Gardasee zum Valentinstag. Genie\u00dfen Sie den Sentiero degli Innamorati (Liebespfad).\" \/>\n<meta property=\"og:url\" content=\"https:\/\/www.domusrental.com\/blog\/de\/verona-zum-valentinstag\/\" \/>\n<meta property=\"og:site_name\" content=\"Blog | Domus Rental\" \/>\n<meta property=\"article:publisher\" content=\"https:\/\/www.facebook.com\/domusrental\" \/>\n<meta property=\"article:published_time\" content=\"2026-01-13T14:53:26+00:00\" \/>\n<meta property=\"article:modified_time\" content=\"2026-04-29T06:29:31+00:00\" \/>\n<meta property=\"og:image\" content=\"https:\/\/www.domusrental.com\/blog\/wp-content\/uploads\/2026\/01\/Romantic-Day-Verona-in-Love-St-Valentines-scaled.jpg\" \/>\n\t<meta property=\"og:image:width\" content=\"2560\" \/>\n\t<meta property=\"og:image:height\" content=\"854\" \/>\n\t<meta property=\"og:image:type\" content=\"image\/jpeg\" \/>\n<meta name=\"author\" content=\"Richard\" \/>\n<meta name=\"twitter:card\" content=\"summary_large_image\" \/>\n<meta name=\"twitter:creator\" content=\"@DomusRental\" \/>\n<meta name=\"twitter:site\" content=\"@DomusRental\" \/>\n<meta name=\"twitter:label1\" content=\"Verfasst von\" \/>\n\t<meta name=\"twitter:data1\" content=\"Richard\" \/>\n\t<meta name=\"twitter:label2\" content=\"Gesch\u00e4tzte Lesezeit\" \/>\n\t<meta name=\"twitter:data2\" content=\"5\u00a0Minuten\" \/>\n<script type=\"application\/ld+json\" class=\"yoast-schema-graph\">{\"@context\":\"https:\\\/\\\/schema.org\",\"@graph\":[{\"@type\":\"Article\",\"@id\":\"https:\\\/\\\/www.domusrental.com\\\/blog\\\/de\\\/verona-zum-valentinstag\\\/#article\",\"isPartOf\":{\"@id\":\"https:\\\/\\\/www.domusrental.com\\\/blog\\\/de\\\/verona-zum-valentinstag\\\/\"},\"author\":{\"name\":\"Richard\",\"@id\":\"https:\\\/\\\/www.domusrental.com\\\/blog\\\/#\\\/schema\\\/person\\\/113b82f1959c1dbc77b9507401a05d87\"},\"headline\":\"Verona zum Valentinstag: Ein romantischer Ausflug von der Stadt zum Gardasee im Februar\",\"datePublished\":\"2026-01-13T14:53:26+00:00\",\"dateModified\":\"2026-04-29T06:29:31+00:00\",\"mainEntityOfPage\":{\"@id\":\"https:\\\/\\\/www.domusrental.com\\\/blog\\\/de\\\/verona-zum-valentinstag\\\/\"},\"wordCount\":1113,\"commentCount\":0,\"publisher\":{\"@id\":\"https:\\\/\\\/www.domusrental.com\\\/blog\\\/#organization\"},\"image\":{\"@id\":\"https:\\\/\\\/www.domusrental.com\\\/blog\\\/de\\\/verona-zum-valentinstag\\\/#primaryimage\"},\"thumbnailUrl\":\"https:\\\/\\\/www.domusrental.com\\\/blog\\\/wp-content\\\/uploads\\\/2026\\\/01\\\/Romantic-Day-Verona-in-Love-St-Valentines-scaled.jpg\",\"articleSection\":[\"Veranstaltungen\"],\"inLanguage\":\"de\",\"potentialAction\":[{\"@type\":\"CommentAction\",\"name\":\"Comment\",\"target\":[\"https:\\\/\\\/www.domusrental.com\\\/blog\\\/de\\\/verona-zum-valentinstag\\\/#respond\"]}]},{\"@type\":\"WebPage\",\"@id\":\"https:\\\/\\\/www.domusrental.com\\\/blog\\\/de\\\/verona-zum-valentinstag\\\/\",\"url\":\"https:\\\/\\\/www.domusrental.com\\\/blog\\\/de\\\/verona-zum-valentinstag\\\/\",\"name\":\"Verona zum Valentinstag - Blog | Domus Rental\",\"isPartOf\":{\"@id\":\"https:\\\/\\\/www.domusrental.com\\\/blog\\\/#website\"},\"primaryImageOfPage\":{\"@id\":\"https:\\\/\\\/www.domusrental.com\\\/blog\\\/de\\\/verona-zum-valentinstag\\\/#primaryimage\"},\"image\":{\"@id\":\"https:\\\/\\\/www.domusrental.com\\\/blog\\\/de\\\/verona-zum-valentinstag\\\/#primaryimage\"},\"thumbnailUrl\":\"https:\\\/\\\/www.domusrental.com\\\/blog\\\/wp-content\\\/uploads\\\/2026\\\/01\\\/Romantic-Day-Verona-in-Love-St-Valentines-scaled.jpg\",\"datePublished\":\"2026-01-13T14:53:26+00:00\",\"dateModified\":\"2026-04-29T06:29:31+00:00\",\"description\":\"Entdecken Sie die romantischsten Orte in Verona und am Gardasee zum Valentinstag. Genie\u00dfen Sie den Sentiero degli Innamorati (Liebespfad).\",\"breadcrumb\":{\"@id\":\"https:\\\/\\\/www.domusrental.com\\\/blog\\\/de\\\/verona-zum-valentinstag\\\/#breadcrumb\"},\"inLanguage\":\"de\",\"potentialAction\":[{\"@type\":\"ReadAction\",\"target\":[\"https:\\\/\\\/www.domusrental.com\\\/blog\\\/de\\\/verona-zum-valentinstag\\\/\"]}]},{\"@type\":\"ImageObject\",\"inLanguage\":\"de\",\"@id\":\"https:\\\/\\\/www.domusrental.com\\\/blog\\\/de\\\/verona-zum-valentinstag\\\/#primaryimage\",\"url\":\"https:\\\/\\\/www.domusrental.com\\\/blog\\\/wp-content\\\/uploads\\\/2026\\\/01\\\/Romantic-Day-Verona-in-Love-St-Valentines-scaled.jpg\",\"contentUrl\":\"https:\\\/\\\/www.domusrental.com\\\/blog\\\/wp-content\\\/uploads\\\/2026\\\/01\\\/Romantic-Day-Verona-in-Love-St-Valentines-scaled.jpg\",\"width\":2560,\"height\":854,\"caption\":\"Holding decoration in the form of heart on the italian town Verona background. Verona is famous city of love in the north of Italy.\"},{\"@type\":\"BreadcrumbList\",\"@id\":\"https:\\\/\\\/www.domusrental.com\\\/blog\\\/de\\\/verona-zum-valentinstag\\\/#breadcrumb\",\"itemListElement\":[{\"@type\":\"ListItem\",\"position\":1,\"name\":\"Home\",\"item\":\"https:\\\/\\\/www.domusrental.com\\\/blog\\\/de\\\/\"},{\"@type\":\"ListItem\",\"position\":2,\"name\":\"Verona zum Valentinstag: Ein romantischer Ausflug von der Stadt zum Gardasee im Februar\"}]},{\"@type\":\"WebSite\",\"@id\":\"https:\\\/\\\/www.domusrental.com\\\/blog\\\/#website\",\"url\":\"https:\\\/\\\/www.domusrental.com\\\/blog\\\/\",\"name\":\"Domus Rental\",\"description\":\"\",\"publisher\":{\"@id\":\"https:\\\/\\\/www.domusrental.com\\\/blog\\\/#organization\"},\"potentialAction\":[{\"@type\":\"SearchAction\",\"target\":{\"@type\":\"EntryPoint\",\"urlTemplate\":\"https:\\\/\\\/www.domusrental.com\\\/blog\\\/?s={search_term_string}\"},\"query-input\":{\"@type\":\"PropertyValueSpecification\",\"valueRequired\":true,\"valueName\":\"search_term_string\"}}],\"inLanguage\":\"de\"},{\"@type\":\"Organization\",\"@id\":\"https:\\\/\\\/www.domusrental.com\\\/blog\\\/#organization\",\"name\":\"Blog | Domus Rental\",\"url\":\"https:\\\/\\\/www.domusrental.com\\\/blog\\\/\",\"logo\":{\"@type\":\"ImageObject\",\"inLanguage\":\"de\",\"@id\":\"https:\\\/\\\/www.domusrental.com\\\/blog\\\/#\\\/schema\\\/logo\\\/image\\\/\",\"url\":\"https:\\\/\\\/www.domusrental.com\\\/blog\\\/wp-content\\\/uploads\\\/2024\\\/04\\\/favicon.png\",\"contentUrl\":\"https:\\\/\\\/www.domusrental.com\\\/blog\\\/wp-content\\\/uploads\\\/2024\\\/04\\\/favicon.png\",\"width\":298,\"height\":298,\"caption\":\"Blog | Domus Rental\"},\"image\":{\"@id\":\"https:\\\/\\\/www.domusrental.com\\\/blog\\\/#\\\/schema\\\/logo\\\/image\\\/\"},\"sameAs\":[\"https:\\\/\\\/www.facebook.com\\\/domusrental\",\"https:\\\/\\\/x.com\\\/DomusRental\"]},{\"@type\":\"Person\",\"@id\":\"https:\\\/\\\/www.domusrental.com\\\/blog\\\/#\\\/schema\\\/person\\\/113b82f1959c1dbc77b9507401a05d87\",\"name\":\"Richard\",\"image\":{\"@type\":\"ImageObject\",\"inLanguage\":\"de\",\"@id\":\"https:\\\/\\\/secure.gravatar.com\\\/avatar\\\/63f7d63df8bc500b7b072100eb25897597ec962e6be3ac33cf5045633fb5702a?s=96&d=mm&r=g\",\"url\":\"https:\\\/\\\/secure.gravatar.com\\\/avatar\\\/63f7d63df8bc500b7b072100eb25897597ec962e6be3ac33cf5045633fb5702a?s=96&d=mm&r=g\",\"contentUrl\":\"https:\\\/\\\/secure.gravatar.com\\\/avatar\\\/63f7d63df8bc500b7b072100eb25897597ec962e6be3ac33cf5045633fb5702a?s=96&d=mm&r=g\",\"caption\":\"Richard\"},\"url\":\"https:\\\/\\\/www.domusrental.com\\\/blog\\\/de\\\/author\\\/richard\\\/\"}]}<\/script>\n<!-- \/ Yoast SEO plugin. -->","yoast_head_json":{"title":"Verona zum Valentinstag - Blog | Domus Rental","description":"Entdecken Sie die romantischsten Orte in Verona und am Gardasee zum Valentinstag. Genie\u00dfen Sie den Sentiero degli Innamorati (Liebespfad).","robots":{"index":"index","follow":"follow","max-snippet":"max-snippet:-1","max-image-preview":"max-image-preview:large","max-video-preview":"max-video-preview:-1"},"canonical":"https:\/\/www.domusrental.com\/blog\/de\/verona-zum-valentinstag\/","og_locale":"de_DE","og_type":"article","og_title":"Verona zum Valentinstag - Blog | Domus Rental","og_description":"Entdecken Sie die romantischsten Orte in Verona und am Gardasee zum Valentinstag. Genie\u00dfen Sie den Sentiero degli Innamorati (Liebespfad).","og_url":"https:\/\/www.domusrental.com\/blog\/de\/verona-zum-valentinstag\/","og_site_name":"Blog | Domus Rental","article_publisher":"https:\/\/www.facebook.com\/domusrental","article_published_time":"2026-01-13T14:53:26+00:00","article_modified_time":"2026-04-29T06:29:31+00:00","og_image":[{"width":2560,"height":854,"url":"https:\/\/www.domusrental.com\/blog\/wp-content\/uploads\/2026\/01\/Romantic-Day-Verona-in-Love-St-Valentines-scaled.jpg","type":"image\/jpeg"}],"author":"Richard","twitter_card":"summary_large_image","twitter_creator":"@DomusRental","twitter_site":"@DomusRental","twitter_misc":{"Verfasst von":"Richard","Gesch\u00e4tzte Lesezeit":"5\u00a0Minuten"},"schema":{"@context":"https:\/\/schema.org","@graph":[{"@type":"Article","@id":"https:\/\/www.domusrental.com\/blog\/de\/verona-zum-valentinstag\/#article","isPartOf":{"@id":"https:\/\/www.domusrental.com\/blog\/de\/verona-zum-valentinstag\/"},"author":{"name":"Richard","@id":"https:\/\/www.domusrental.com\/blog\/#\/schema\/person\/113b82f1959c1dbc77b9507401a05d87"},"headline":"Verona zum Valentinstag: Ein romantischer Ausflug von der Stadt zum Gardasee im Februar","datePublished":"2026-01-13T14:53:26+00:00","dateModified":"2026-04-29T06:29:31+00:00","mainEntityOfPage":{"@id":"https:\/\/www.domusrental.com\/blog\/de\/verona-zum-valentinstag\/"},"wordCount":1113,"commentCount":0,"publisher":{"@id":"https:\/\/www.domusrental.com\/blog\/#organization"},"image":{"@id":"https:\/\/www.domusrental.com\/blog\/de\/verona-zum-valentinstag\/#primaryimage"},"thumbnailUrl":"https:\/\/www.domusrental.com\/blog\/wp-content\/uploads\/2026\/01\/Romantic-Day-Verona-in-Love-St-Valentines-scaled.jpg","articleSection":["Veranstaltungen"],"inLanguage":"de","potentialAction":[{"@type":"CommentAction","name":"Comment","target":["https:\/\/www.domusrental.com\/blog\/de\/verona-zum-valentinstag\/#respond"]}]},{"@type":"WebPage","@id":"https:\/\/www.domusrental.com\/blog\/de\/verona-zum-valentinstag\/","url":"https:\/\/www.domusrental.com\/blog\/de\/verona-zum-valentinstag\/","name":"Verona zum Valentinstag - Blog | Domus Rental","isPartOf":{"@id":"https:\/\/www.domusrental.com\/blog\/#website"},"primaryImageOfPage":{"@id":"https:\/\/www.domusrental.com\/blog\/de\/verona-zum-valentinstag\/#primaryimage"},"image":{"@id":"https:\/\/www.domusrental.com\/blog\/de\/verona-zum-valentinstag\/#primaryimage"},"thumbnailUrl":"https:\/\/www.domusrental.com\/blog\/wp-content\/uploads\/2026\/01\/Romantic-Day-Verona-in-Love-St-Valentines-scaled.jpg","datePublished":"2026-01-13T14:53:26+00:00","dateModified":"2026-04-29T06:29:31+00:00","description":"Entdecken Sie die romantischsten Orte in Verona und am Gardasee zum Valentinstag. Genie\u00dfen Sie den Sentiero degli Innamorati (Liebespfad).","breadcrumb":{"@id":"https:\/\/www.domusrental.com\/blog\/de\/verona-zum-valentinstag\/#breadcrumb"},"inLanguage":"de","potentialAction":[{"@type":"ReadAction","target":["https:\/\/www.domusrental.com\/blog\/de\/verona-zum-valentinstag\/"]}]},{"@type":"ImageObject","inLanguage":"de","@id":"https:\/\/www.domusrental.com\/blog\/de\/verona-zum-valentinstag\/#primaryimage","url":"https:\/\/www.domusrental.com\/blog\/wp-content\/uploads\/2026\/01\/Romantic-Day-Verona-in-Love-St-Valentines-scaled.jpg","contentUrl":"https:\/\/www.domusrental.com\/blog\/wp-content\/uploads\/2026\/01\/Romantic-Day-Verona-in-Love-St-Valentines-scaled.jpg","width":2560,"height":854,"caption":"Holding decoration in the form of heart on the italian town Verona background. Verona is famous city of love in the north of Italy."},{"@type":"BreadcrumbList","@id":"https:\/\/www.domusrental.com\/blog\/de\/verona-zum-valentinstag\/#breadcrumb","itemListElement":[{"@type":"ListItem","position":1,"name":"Home","item":"https:\/\/www.domusrental.com\/blog\/de\/"},{"@type":"ListItem","position":2,"name":"Verona zum Valentinstag: Ein romantischer Ausflug von der Stadt zum Gardasee im Februar"}]},{"@type":"WebSite","@id":"https:\/\/www.domusrental.com\/blog\/#website","url":"https:\/\/www.domusrental.com\/blog\/","name":"Domus Rental","description":"","publisher":{"@id":"https:\/\/www.domusrental.com\/blog\/#organization"},"potentialAction":[{"@type":"SearchAction","target":{"@type":"EntryPoint","urlTemplate":"https:\/\/www.domusrental.com\/blog\/?s={search_term_string}"},"query-input":{"@type":"PropertyValueSpecification","valueRequired":true,"valueName":"search_term_string"}}],"inLanguage":"de"},{"@type":"Organization","@id":"https:\/\/www.domusrental.com\/blog\/#organization","name":"Blog | Domus Rental","url":"https:\/\/www.domusrental.com\/blog\/","logo":{"@type":"ImageObject","inLanguage":"de","@id":"https:\/\/www.domusrental.com\/blog\/#\/schema\/logo\/image\/","url":"https:\/\/www.domusrental.com\/blog\/wp-content\/uploads\/2024\/04\/favicon.png","contentUrl":"https:\/\/www.domusrental.com\/blog\/wp-content\/uploads\/2024\/04\/favicon.png","width":298,"height":298,"caption":"Blog | Domus Rental"},"image":{"@id":"https:\/\/www.domusrental.com\/blog\/#\/schema\/logo\/image\/"},"sameAs":["https:\/\/www.facebook.com\/domusrental","https:\/\/x.com\/DomusRental"]},{"@type":"Person","@id":"https:\/\/www.domusrental.com\/blog\/#\/schema\/person\/113b82f1959c1dbc77b9507401a05d87","name":"Richard","image":{"@type":"ImageObject","inLanguage":"de","@id":"https:\/\/secure.gravatar.com\/avatar\/63f7d63df8bc500b7b072100eb25897597ec962e6be3ac33cf5045633fb5702a?s=96&d=mm&r=g","url":"https:\/\/secure.gravatar.com\/avatar\/63f7d63df8bc500b7b072100eb25897597ec962e6be3ac33cf5045633fb5702a?s=96&d=mm&r=g","contentUrl":"https:\/\/secure.gravatar.com\/avatar\/63f7d63df8bc500b7b072100eb25897597ec962e6be3ac33cf5045633fb5702a?s=96&d=mm&r=g","caption":"Richard"},"url":"https:\/\/www.domusrental.com\/blog\/de\/author\/richard\/"}]}},"_links":{"self":[{"href":"https:\/\/www.domusrental.com\/blog\/de\/wp-json\/wp\/v2\/posts\/5166","targetHints":{"allow":["GET"]}}],"collection":[{"href":"https:\/\/www.domusrental.com\/blog\/de\/wp-json\/wp\/v2\/posts"}],"about":[{"href":"https:\/\/www.domusrental.com\/blog\/de\/wp-json\/wp\/v2\/types\/post"}],"author":[{"embeddable":true,"href":"https:\/\/www.domusrental.com\/blog\/de\/wp-json\/wp\/v2\/users\/4"}],"replies":[{"embeddable":true,"href":"https:\/\/www.domusrental.com\/blog\/de\/wp-json\/wp\/v2\/comments?post=5166"}],"version-history":[{"count":1,"href":"https:\/\/www.domusrental.com\/blog\/de\/wp-json\/wp\/v2\/posts\/5166\/revisions"}],"predecessor-version":[{"id":5167,"href":"https:\/\/www.domusrental.com\/blog\/de\/wp-json\/wp\/v2\/posts\/5166\/revisions\/5167"}],"wp:featuredmedia":[{"embeddable":true,"href":"https:\/\/www.domusrental.com\/blog\/de\/wp-json\/wp\/v2\/media\/5157"}],"wp:attachment":[{"href":"https:\/\/www.domusrental.com\/blog\/de\/wp-json\/wp\/v2\/media?parent=5166"}],"wp:term":[{"taxonomy":"category","embeddable":true,"href":"https:\/\/www.domusrental.com\/blog\/de\/wp-json\/wp\/v2\/categories?post=5166"},{"taxonomy":"post_tag","embeddable":true,"href":"https:\/\/www.domusrental.com\/blog\/de\/wp-json\/wp\/v2\/tags?post=5166"}],"curies":[{"name":"wp","href":"https:\/\/api.w.org\/{rel}","templated":true}]}}