{"id":5538,"date":"2026-04-09T14:40:47","date_gmt":"2026-04-09T14:40:47","guid":{"rendered":"https:\/\/www.domusrental.com\/blog\/monte-luppia\/"},"modified":"2026-04-22T14:49:25","modified_gmt":"2026-04-22T14:49:25","slug":"monte-luppia","status":"publish","type":"post","link":"https:\/\/www.domusrental.com\/blog\/de\/monte-luppia\/","title":{"rendered":"Monte-Luppia-Guide: Wanderwege, MTB-Trails und Ausblicke auf den Gardasee erkl\u00e4rt"},"content":{"rendered":"\t\t<div data-elementor-type=\"wp-post\" data-elementor-id=\"5538\" class=\"elementor elementor-5538 elementor-5484\" data-elementor-post-type=\"post\">\n\t\t\t\t\t\t<section class=\"elementor-section elementor-top-section elementor-element elementor-element-79a854ad elementor-section-boxed elementor-section-height-default elementor-section-height-default\" data-id=\"79a854ad\" data-element_type=\"section\" data-e-type=\"section\">\n\t\t\t\t\t\t<div class=\"elementor-container elementor-column-gap-default\">\n\t\t\t\t\t<div class=\"elementor-column elementor-col-100 elementor-top-column elementor-element elementor-element-10b4fe56\" data-id=\"10b4fe56\" data-element_type=\"column\" data-e-type=\"column\">\n\t\t\t<div class=\"elementor-widget-wrap elementor-element-populated\">\n\t\t\t\t\t\t<div class=\"elementor-element elementor-element-294478cf elementor-widget elementor-widget-text-editor\" data-id=\"294478cf\" data-element_type=\"widget\" data-e-type=\"widget\" data-widget_type=\"text-editor.default\">\n\t\t\t\t<div class=\"elementor-widget-container\">\n\t\t\t\t\t\t\t\t\t<p><span style=\"font-weight: 400;\">Direkt s\u00fcdlich von Torri del Benaco gelegen, erhebt sich der Monte Luppia still \u00fcber dem Ostufer des Gardasees. Er dominiert die Silhouette nicht so wie der Monte Baldo \u2013 genau deshalb wird er von vielen Besuchern \u00fcbersehen. Wer sich die M\u00fche macht, kommt meist zu Fu\u00df oder mit dem Fahrrad hierher, mit Start in der N\u00e4he von Punta San Vigilio oder entlang der Stra\u00dfe SR249.  <\/span><\/p><p><span style=\"font-weight: 400;\">Der h\u00f6chste Punkt ist durch einen schlichten Steinmann markiert, und ein gro\u00dfer Teil der Route f\u00fchrt durch Wald. Die Ausblicke kommen in Etappen: Lichtungen zwischen den B\u00e4umen er\u00f6ffnen weite Blicke \u00fcber den See Richtung Garda und zum Westufer.  <\/span><\/p><p><span style=\"font-weight: 400;\">Das Gel\u00e4nde erkl\u00e4rt, warum es hier vergleichsweise ruhig bleibt. Die Wege sind stellenweise uneben, mit losem Gestein unter den F\u00fc\u00dfen und Abschnitten, die ein gleichm\u00e4\u00dfiges Tempo erfordern. Wenn Sie einen Spaziergang suchen, der sich etwas abseits der Menschenmengen am See anf\u00fchlt, schlie\u00dft Monte Luppia Garda genau diese L\u00fccke.  <\/span><\/p>\t\t\t\t\t\t\t\t<\/div>\n\t\t\t\t<\/div>\n\t\t\t\t\t<\/div>\n\t\t<\/div>\n\t\t\t\t\t<\/div>\n\t\t<\/section>\n\t\t\t\t<section class=\"elementor-section elementor-top-section elementor-element elementor-element-6ae7b627 elementor-section-boxed elementor-section-height-default elementor-section-height-default\" data-id=\"6ae7b627\" data-element_type=\"section\" data-e-type=\"section\">\n\t\t\t\t\t\t<div class=\"elementor-container elementor-column-gap-default\">\n\t\t\t\t\t<div class=\"elementor-column elementor-col-100 elementor-top-column elementor-element elementor-element-4f18d67f\" data-id=\"4f18d67f\" data-element_type=\"column\" data-e-type=\"column\">\n\t\t\t<div class=\"elementor-widget-wrap elementor-element-populated\">\n\t\t\t\t\t\t<div class=\"elementor-element elementor-element-58db8f6a elementor-widget elementor-widget-table-of-contents\" data-id=\"58db8f6a\" data-element_type=\"widget\" data-e-type=\"widget\" data-settings=\"{&quot;headings_by_tags&quot;:[&quot;h2&quot;],&quot;exclude_headings_by_selector&quot;:[],&quot;marker_view&quot;:&quot;bullets&quot;,&quot;icon&quot;:{&quot;value&quot;:&quot;fas fa-arrow-right&quot;,&quot;library&quot;:&quot;fa-solid&quot;},&quot;no_headings_message&quot;:&quot;No headings were found on this page.&quot;,&quot;hierarchical_view&quot;:&quot;yes&quot;,&quot;min_height&quot;:{&quot;unit&quot;:&quot;px&quot;,&quot;size&quot;:&quot;&quot;,&quot;sizes&quot;:[]},&quot;min_height_tablet&quot;:{&quot;unit&quot;:&quot;px&quot;,&quot;size&quot;:&quot;&quot;,&quot;sizes&quot;:[]},&quot;min_height_mobile&quot;:{&quot;unit&quot;:&quot;px&quot;,&quot;size&quot;:&quot;&quot;,&quot;sizes&quot;:[]}}\" data-widget_type=\"table-of-contents.default\">\n\t\t\t\t<div class=\"elementor-widget-container\">\n\t\t\t\t\t\t\t\t\t<div class=\"elementor-toc__header\">\n\t\t\t\t\t\t<div class=\"elementor-toc__header-title\">\n\t\t\t\tInhaltsverzeichnis\t\t\t<\/div>\n\t\t\t\t\t\t\t\t<\/div>\n\t\t\t\t<div id=\"elementor-toc__58db8f6a\" class=\"elementor-toc__body\">\n\t\t\t<div class=\"elementor-toc__spinner-container\">\n\t\t\t\t<i class=\"elementor-toc__spinner eicon-animation-spin eicon-loading\" aria-hidden=\"true\"><\/i>\t\t\t<\/div>\n\t\t<\/div>\n\t\t\t\t\t\t<\/div>\n\t\t\t\t<\/div>\n\t\t\t\t\t<\/div>\n\t\t<\/div>\n\t\t\t\t\t<\/div>\n\t\t<\/section>\n\t\t\t\t<section class=\"elementor-section elementor-top-section elementor-element elementor-element-4e37c231 elementor-section-boxed elementor-section-height-default elementor-section-height-default\" data-id=\"4e37c231\" data-element_type=\"section\" data-e-type=\"section\">\n\t\t\t\t\t\t<div class=\"elementor-container elementor-column-gap-default\">\n\t\t\t\t\t<div class=\"elementor-column elementor-col-100 elementor-top-column elementor-element elementor-element-73305f67\" data-id=\"73305f67\" data-element_type=\"column\" data-e-type=\"column\">\n\t\t\t<div class=\"elementor-widget-wrap elementor-element-populated\">\n\t\t\t\t\t\t<div class=\"elementor-element elementor-element-b128c86 elementor-widget elementor-widget-heading\" data-id=\"b128c86\" data-element_type=\"widget\" data-e-type=\"widget\" data-widget_type=\"heading.default\">\n\t\t\t\t<div class=\"elementor-widget-container\">\n\t\t\t\t\t<h2 class=\"elementor-heading-title elementor-size-default\">Was Sie am Monte Luppia sehen und unternehmen k\u00f6nnen: Ausblicke, Sehensw\u00fcrdigkeiten und realistische Erwartungen\n<\/h2>\t\t\t\t<\/div>\n\t\t\t\t<\/div>\n\t\t\t\t\t<\/div>\n\t\t<\/div>\n\t\t\t\t\t<\/div>\n\t\t<\/section>\n\t\t\t\t<section class=\"elementor-section elementor-top-section elementor-element elementor-element-8d75304 elementor-section-boxed elementor-section-height-default elementor-section-height-default\" data-id=\"8d75304\" data-element_type=\"section\" data-e-type=\"section\">\n\t\t\t\t\t\t<div class=\"elementor-container elementor-column-gap-default\">\n\t\t\t\t\t<div class=\"elementor-column elementor-col-50 elementor-top-column elementor-element elementor-element-17ae73a\" data-id=\"17ae73a\" data-element_type=\"column\" data-e-type=\"column\">\n\t\t\t<div class=\"elementor-widget-wrap elementor-element-populated\">\n\t\t\t\t\t\t<div class=\"elementor-element elementor-element-a176847 elementor-widget elementor-widget-text-editor\" data-id=\"a176847\" data-element_type=\"widget\" data-e-type=\"widget\" data-widget_type=\"text-editor.default\">\n\t\t\t\t<div class=\"elementor-widget-container\">\n\t\t\t\t\t\t\t\t\t<p><span style=\"font-weight: 400;\">Die meisten kommen wegen der Aussicht zum Monte Luppia \u2013 hilfreich ist jedoch zu wissen, wo sie tats\u00e4chlich zu finden ist. Sie erhalten kein durchgehend offenes Panorama. Stattdessen gehen Sie durch schattigen Wald und erreichen Aussichtspunkte mit Blick \u00fcber die Bucht von Garda, Punta San Vigilio und Seeabschnitte, die von oben deutlich weiter wirken.  <\/span><\/p><p><span style=\"font-weight: 400;\">Einer der meistbesprochenen Orte ist der Felsbereich mit Ritzungen und Graffiti. Er ist leicht zu erreichen, wenn Sie den Hauptwegen folgen, auch wenn die Beschilderung begrenzt ist. Einige Markierungen sind historisch, andere eindeutig neueren Datums. Es handelt sich nicht um eine offiziell aufbereitete Sehensw\u00fcrdigkeit \u2013 entsprechend sollten die Erwartungen realistisch bleiben.   <\/span><\/p>\t\t\t\t\t\t\t\t<\/div>\n\t\t\t\t<\/div>\n\t\t\t\t\t<\/div>\n\t\t<\/div>\n\t\t\t\t<div class=\"elementor-column elementor-col-50 elementor-top-column elementor-element elementor-element-2ba5524\" data-id=\"2ba5524\" data-element_type=\"column\" data-e-type=\"column\">\n\t\t\t<div class=\"elementor-widget-wrap elementor-element-populated\">\n\t\t\t\t\t\t<div class=\"elementor-element elementor-element-b2c7b34 elementor-widget elementor-widget-image\" data-id=\"b2c7b34\" data-element_type=\"widget\" data-e-type=\"widget\" data-widget_type=\"image.default\">\n\t\t\t\t<div class=\"elementor-widget-container\">\n\t\t\t\t\t\t\t\t\t\t\t\t\t\t\t<img fetchpriority=\"high\" decoding=\"async\" width=\"800\" height=\"506\" src=\"https:\/\/www.domusrental.com\/blog\/wp-content\/uploads\/2026\/04\/Monte-Luppia.webp\" class=\"attachment-large size-large wp-image-5492\" alt=\"Monte-Luppia\" srcset=\"https:\/\/www.domusrental.com\/blog\/wp-content\/uploads\/2026\/04\/Monte-Luppia.webp 827w, https:\/\/www.domusrental.com\/blog\/wp-content\/uploads\/2026\/04\/Monte-Luppia-300x190.webp 300w, https:\/\/www.domusrental.com\/blog\/wp-content\/uploads\/2026\/04\/Monte-Luppia-768x486.webp 768w\" sizes=\"(max-width: 800px) 100vw, 800px\" \/>\t\t\t\t\t\t\t\t\t\t\t\t\t\t\t<\/div>\n\t\t\t\t<\/div>\n\t\t\t\t\t<\/div>\n\t\t<\/div>\n\t\t\t\t\t<\/div>\n\t\t<\/section>\n\t\t\t\t<section class=\"elementor-section elementor-top-section elementor-element elementor-element-0e9a897 elementor-section-boxed elementor-section-height-default elementor-section-height-default\" data-id=\"0e9a897\" data-element_type=\"section\" data-e-type=\"section\">\n\t\t\t\t\t\t<div class=\"elementor-container elementor-column-gap-default\">\n\t\t\t\t\t<div class=\"elementor-column elementor-col-100 elementor-top-column elementor-element elementor-element-0c399f2\" data-id=\"0c399f2\" data-element_type=\"column\" data-e-type=\"column\">\n\t\t\t<div class=\"elementor-widget-wrap elementor-element-populated\">\n\t\t\t\t\t\t<div class=\"elementor-element elementor-element-505a579 elementor-widget elementor-widget-text-editor\" data-id=\"505a579\" data-element_type=\"widget\" data-e-type=\"widget\" data-widget_type=\"text-editor.default\">\n\t\t\t\t<div class=\"elementor-widget-container\">\n\t\t\t\t\t\t\t\t\t<p><span style=\"font-weight: 400;\">Das Wandern selbst ist Teil des Erlebnisses. Routen vom See aus sind oft etwa 10 km lang und umfassen 400\u2013500 m H\u00f6henmeter. Das erkl\u00e4rt, warum gutes Schuhwerk wichtig ist. Der Untergrund kann steinig und uneben sein, besonders in steileren Passagen, in denen der Weg nat\u00fcrlichen Linien folgt statt angelegten Stufen.   <\/span><\/p><p><span style=\"font-weight: 400;\">Wenn Sie in der N\u00e4he wohnen, l\u00e4sst sich das gut mit einem Besuch von <\/span><a href=\"https:\/\/www.domusrental.com\/blog\/de\/punta-san-vigilio\/\"><span style=\"font-weight: 400;\">Punta San Vigilio<\/span><\/a><span style=\"font-weight: 400;\"> kombinieren, da beides am selben K\u00fcstenabschnitt liegt.<\/span><\/p>\t\t\t\t\t\t\t\t<\/div>\n\t\t\t\t<\/div>\n\t\t\t\t\t<\/div>\n\t\t<\/div>\n\t\t\t\t\t<\/div>\n\t\t<\/section>\n\t\t\t\t<section class=\"elementor-section elementor-top-section elementor-element elementor-element-13162b5 elementor-section-boxed elementor-section-height-default elementor-section-height-default\" data-id=\"13162b5\" data-element_type=\"section\" data-e-type=\"section\">\n\t\t\t\t\t\t<div class=\"elementor-container elementor-column-gap-default\">\n\t\t\t\t\t<div class=\"elementor-column elementor-col-100 elementor-top-column elementor-element elementor-element-435a41e\" data-id=\"435a41e\" data-element_type=\"column\" data-e-type=\"column\">\n\t\t\t<div class=\"elementor-widget-wrap elementor-element-populated\">\n\t\t\t\t\t\t<div class=\"elementor-element elementor-element-524245c elementor-widget elementor-widget-heading\" data-id=\"524245c\" data-element_type=\"widget\" data-e-type=\"widget\" data-widget_type=\"heading.default\">\n\t\t\t\t<div class=\"elementor-widget-container\">\n\t\t\t\t\t<h2 class=\"elementor-heading-title elementor-size-default\">Wege und MTB-Routen am Monte Luppia: Trails, Schwierigkeit und Navigationstipps\n<\/h2>\t\t\t\t<\/div>\n\t\t\t\t<\/div>\n\t\t\t\t<div class=\"elementor-element elementor-element-6ff134b elementor-widget elementor-widget-text-editor\" data-id=\"6ff134b\" data-element_type=\"widget\" data-e-type=\"widget\" data-widget_type=\"text-editor.default\">\n\t\t\t\t<div class=\"elementor-widget-container\">\n\t\t\t\t\t\t\t\t\t<p><span style=\"font-weight: 400;\">Das Wegenetz am Monte Luppia ist abwechslungsreich, aber nicht immer klar markiert. Das ist einer der wichtigsten Punkte, die Sie vor dem Aufbruch einplanen sollten. Viele Besucher verlassen sich auf GPX-Tracks oder Offline-Karten, da die Wegweiser uneinheitlich sein k\u00f6nnen \u2013 besonders, sobald Sie sich von den wichtigsten Zug\u00e4ngen entfernen.  <\/span><\/p><p><span style=\"font-weight: 400;\">Die Routen lassen sich grunds\u00e4tzlich in zwei Kategorien einteilen: gleichm\u00e4\u00dfige Wanderwege, die sich durch den Wald schl\u00e4ngeln und Aussichtspunkte verbinden, und direktere Anstiege, die vom See aus schnell H\u00f6henmeter machen. Letztere k\u00f6nnen anspruchsvoll wirken, besonders in den w\u00e4rmeren Monaten, da die Steigung zunimmt und der Untergrund unebener wird.  <\/span><\/p><p><span style=\"font-weight: 400;\">F\u00fcr Radfahrer ziehen die MTB-Routen am Monte Luppia vor allem diejenigen an, die technisches Gel\u00e4nde langen Strecken vorziehen. Auf den steileren Abschnitten sieht man h\u00e4ufig E-Bikes \u2013 das sagt viel \u00fcber die Steigungen aus. Die Trails sind weder breit noch glatt; daher eignet sich das eher f\u00fcr Fahrer mit etwas Erfahrung als f\u00fcr Anf\u00e4nger.  <\/span><\/p><p><span style=\"font-weight: 400;\">Eine g\u00e4ngige Runde startet nahe Torri del Benaco, f\u00fchrt \u00fcber schattige Wege ins Landesinnere hinauf und geht anschlie\u00dfend wieder Richtung See hinunter. Rechnen Sie je nach Tempo und Pausen mit etwa zwei bis drei Stunden. Nehmen Sie Wasser mit, denn sobald Sie am Hang sind, gibt es keine Einrichtungen \u2013 und kaum Schutz au\u00dfer dem Baumbestand.  <\/span><\/p><p><span style=\"font-weight: 400;\">Wenn Sie weitere Wanderwege in der Umgebung erkunden m\u00f6chten, bietet dieser Guide zum <\/span><a href=\"https:\/\/www.domusrental.com\/blog\/de\/wandern-am-gardasee\/\"><span style=\"font-weight: 400;\">Wandern am Gardasee<\/span><\/a><span style=\"font-weight: 400;\"> einen breiteren \u00dcberblick dar\u00fcber, was Sie in der Region erwartet.<\/span><\/p>\t\t\t\t\t\t\t\t<\/div>\n\t\t\t\t<\/div>\n\t\t\t\t<div class=\"elementor-element elementor-element-f11b5a6 elementor-widget elementor-widget-image\" data-id=\"f11b5a6\" data-element_type=\"widget\" data-e-type=\"widget\" data-widget_type=\"image.default\">\n\t\t\t\t<div class=\"elementor-widget-container\">\n\t\t\t\t\t\t\t\t\t\t\t\t\t\t\t<img decoding=\"async\" src=\"https:\/\/www.domusrental.com\/blog\/wp-content\/uploads\/elementor\/thumbs\/Monte-Luppia-garda-lak-rlrai883nhftoz4k6k15wfdikd99ntqd2508tbq6pc.webp\" title=\"Monte-Luppia-garda-lak\" alt=\"Monte-Luppia-garda-lak\" loading=\"lazy\" \/>\t\t\t\t\t\t\t\t\t\t\t\t\t\t\t<\/div>\n\t\t\t\t<\/div>\n\t\t\t\t\t<\/div>\n\t\t<\/div>\n\t\t\t\t\t<\/div>\n\t\t<\/section>\n\t\t\t\t<section class=\"elementor-section elementor-top-section elementor-element elementor-element-4c35e20 elementor-section-boxed elementor-section-height-default elementor-section-height-default\" data-id=\"4c35e20\" data-element_type=\"section\" data-e-type=\"section\">\n\t\t\t\t\t\t<div class=\"elementor-container elementor-column-gap-default\">\n\t\t\t\t\t<div class=\"elementor-column elementor-col-100 elementor-top-column elementor-element elementor-element-86e700f\" data-id=\"86e700f\" data-element_type=\"column\" data-e-type=\"column\">\n\t\t\t<div class=\"elementor-widget-wrap elementor-element-populated\">\n\t\t\t\t\t\t<div class=\"elementor-element elementor-element-245c625 elementor-widget elementor-widget-heading\" data-id=\"245c625\" data-element_type=\"widget\" data-e-type=\"widget\" data-widget_type=\"heading.default\">\n\t\t\t\t<div class=\"elementor-widget-container\">\n\t\t\t\t\t<h2 class=\"elementor-heading-title elementor-size-default\">Monte Luppia und der Gardasee: Wie die Landschaft mit der Uferlinie zusammenh\u00e4ngt\n<\/h2>\t\t\t\t<\/div>\n\t\t\t\t<\/div>\n\t\t\t\t<div class=\"elementor-element elementor-element-8782a3c elementor-widget elementor-widget-text-editor\" data-id=\"8782a3c\" data-element_type=\"widget\" data-e-type=\"widget\" data-widget_type=\"text-editor.default\">\n\t\t\t\t<div class=\"elementor-widget-container\">\n\t\t\t\t\t\t\t\t\t<p><span style=\"font-weight: 400;\">Der Monte Luppia entfaltet seinen Reiz am besten, wenn Sie ihn als Teil eines gr\u00f6\u00dferen Abschnitts des Gardasees sehen und nicht als eigenst\u00e4ndiges Ziel. Vom Grat aus blicken Sie direkt auf einen der ruhigeren Bereiche des Sees, wo die Uferlinie sanft verl\u00e4uft und das Wasser ruhiger wirkt als am Nordende. <\/span><\/p><p><span style=\"font-weight: 400;\">Die Routen f\u00fchren Sie oft zur\u00fcck Richtung Wasser, nahe Punta San Vigilio oder an den Rand der Stadt Garda. So entsteht ein nat\u00fcrlicher Kontrast zwischen den schattigen Wegen im Landesinneren und der offenen, belebteren Uferpromenade. <\/span><\/p><p><span style=\"font-weight: 400;\">Das erkl\u00e4rt auch, warum die Gegend weniger \u00fcberlaufen ist. Die meisten Besucher bleiben nah am Wasser und bewegen sich zwischen Orten, Str\u00e4nden und Restaurants. Der Zugang erfordert mehr Aufwand \u2013 entsprechend bleiben die Besucherzahlen geringer.  <\/span><\/p><p><span style=\"font-weight: 400;\">Wenn Sie Orte rund um den See vergleichen, ist dies ein hilfreicher Gegenpol zu st\u00e4rker frequentierten Zielen wie <\/span><a href=\"https:\/\/www.domusrental.com\/blog\/de\/malcesine-2\/\"><span style=\"font-weight: 400;\">Malcesine<\/span><\/a><span style=\"font-weight: 400;\"> oder <\/span><a href=\"https:\/\/www.domusrental.com\/blog\/de\/sirmione\/\"><span style=\"font-weight: 400;\">Sirmione<\/span><\/a><span style=\"font-weight: 400;\">, wo der Zugang einfacher ist und deutlich mehr Betrieb herrscht.<\/span><\/p>\t\t\t\t\t\t\t\t<\/div>\n\t\t\t\t<\/div>\n\t\t\t\t\t<\/div>\n\t\t<\/div>\n\t\t\t\t\t<\/div>\n\t\t<\/section>\n\t\t\t\t<section class=\"elementor-section elementor-top-section elementor-element elementor-element-dd32ece elementor-section-boxed elementor-section-height-default elementor-section-height-default\" data-id=\"dd32ece\" data-element_type=\"section\" data-e-type=\"section\">\n\t\t\t\t\t\t<div class=\"elementor-container elementor-column-gap-default\">\n\t\t\t\t\t<div class=\"elementor-column elementor-col-100 elementor-top-column elementor-element elementor-element-311b11d\" data-id=\"311b11d\" data-element_type=\"column\" data-e-type=\"column\">\n\t\t\t<div class=\"elementor-widget-wrap elementor-element-populated\">\n\t\t\t\t\t\t<div class=\"elementor-element elementor-element-a933269 elementor-widget elementor-widget-heading\" data-id=\"a933269\" data-element_type=\"widget\" data-e-type=\"widget\" data-widget_type=\"heading.default\">\n\t\t\t\t<div class=\"elementor-widget-container\">\n\t\t\t\t\t<h2 class=\"elementor-heading-title elementor-size-default\">So gelangen Sie von Torri del Benaco zum Monte Luppia: Parken, Zugang und Startpunkte\n<\/h2>\t\t\t\t<\/div>\n\t\t\t\t<\/div>\n\t\t\t\t<div class=\"elementor-element elementor-element-efad7ce elementor-widget elementor-widget-text-editor\" data-id=\"efad7ce\" data-element_type=\"widget\" data-e-type=\"widget\" data-widget_type=\"text-editor.default\">\n\t\t\t\t<div class=\"elementor-widget-container\">\n\t\t\t\t\t\t\t\t\t<p><span style=\"font-weight: 400;\">Die Anfahrt zum Monte Luppia bei Torri del Benaco ist unkompliziert, aber der gew\u00e4hlte Startpunkt macht einen Unterschied f\u00fcr das Erlebnis.<\/span><\/p><p><span style=\"font-weight: 400;\">Von Torri del Benaco aus k\u00f6nnen Sie auf der SR249 Richtung S\u00fcden nach Punta San Vigilio fahren. Entlang dieser Stra\u00dfe gibt es kleine Parkm\u00f6glichkeiten, die in der Hochsaison jedoch gut gef\u00fcllt sein k\u00f6nnen und nicht immer g\u00fcnstig sind. <\/span><\/p><p><span style=\"font-weight: 400;\">Von dort f\u00fchren Trails ins Landesinnere und bergauf. Einige beginnen nahe der Stra\u00dfe, andere starten n\u00e4her bei Baia delle Sirene. Der Aufstieg von dieser Seite ist k\u00fcrzer, aber steiler und folgt oft dem nat\u00fcrlichen Gel\u00e4nde statt einem klar definierten Weg.  <\/span><\/p><p><span style=\"font-weight: 400;\">Sie k\u00f6nnen auch in Torri del Benaco starten und eine komplette Runde zu Fu\u00df gehen. Das verl\u00e4ngert die Strecke, bietet aber eine umfassendere Route, die Seeblicke mit Abschnitten im Landesinneren verbindet. Au\u00dferdem entf\u00e4llt die Parkplatzsuche \u2013 in den belebten Monaten ein klarer Vorteil.  <\/span><\/p><p><span style=\"font-weight: 400;\">Wenn Sie vor Ort \u00fcbernachten, lohnt es sich, vor der Routenplanung diesen Guide zum <\/span><a href=\"https:\/\/www.domusrental.com\/blog\/discover-torri-del-benaco\/\"><span style=\"font-weight: 400;\">Entdecken von Torri del Benaco<\/span><\/a><span style=\"font-weight: 400;\"> zu lesen.<\/span><\/p>\t\t\t\t\t\t\t\t<\/div>\n\t\t\t\t<\/div>\n\t\t\t\t<div class=\"elementor-element elementor-element-c1d4f2e elementor-widget elementor-widget-google_maps\" data-id=\"c1d4f2e\" data-element_type=\"widget\" data-e-type=\"widget\" data-widget_type=\"google_maps.default\">\n\t\t\t\t<div class=\"elementor-widget-container\">\n\t\t\t\t\t\t\t<div class=\"elementor-custom-embed\">\n\t\t\t<iframe loading=\"lazy\"\n\t\t\t\t\tsrc=\"https:\/\/maps.google.com\/maps?q=Monte%20Luppia&#038;t=m&#038;z=9&#038;output=embed&#038;iwloc=near\"\n\t\t\t\t\ttitle=\"Monte Luppia\"\n\t\t\t\t\taria-label=\"Monte Luppia\"\n\t\t\t><\/iframe>\n\t\t<\/div>\n\t\t\t\t\t\t<\/div>\n\t\t\t\t<\/div>\n\t\t\t\t\t<\/div>\n\t\t<\/div>\n\t\t\t\t\t<\/div>\n\t\t<\/section>\n\t\t\t\t<section class=\"elementor-section elementor-top-section elementor-element elementor-element-471ee9f elementor-section-boxed elementor-section-height-default elementor-section-height-default\" data-id=\"471ee9f\" data-element_type=\"section\" data-e-type=\"section\">\n\t\t\t\t\t\t<div class=\"elementor-container elementor-column-gap-default\">\n\t\t\t\t\t<div class=\"elementor-column elementor-col-100 elementor-top-column elementor-element elementor-element-cc05ae4\" data-id=\"cc05ae4\" data-element_type=\"column\" data-e-type=\"column\">\n\t\t\t<div class=\"elementor-widget-wrap elementor-element-populated\">\n\t\t\t\t\t\t<div class=\"elementor-element elementor-element-a5166fb elementor-widget elementor-widget-heading\" data-id=\"a5166fb\" data-element_type=\"widget\" data-e-type=\"widget\" data-widget_type=\"heading.default\">\n\t\t\t\t<div class=\"elementor-widget-container\">\n\t\t\t\t\t<h2 class=\"elementor-heading-title elementor-size-default\">Warum ein Besuch am Monte Luppia am Gardasee ein Muss ist\n<\/h2>\t\t\t\t<\/div>\n\t\t\t\t<\/div>\n\t\t\t\t<div class=\"elementor-element elementor-element-2e18aea elementor-widget elementor-widget-text-editor\" data-id=\"2e18aea\" data-element_type=\"widget\" data-e-type=\"widget\" data-widget_type=\"text-editor.default\">\n\t\t\t\t<div class=\"elementor-widget-container\">\n\t\t\t\t\t\t\t\t\t<p><span style=\"font-weight: 400;\">Beim Monte Luppia geht es weniger um einen einzelnen Aussichtspunkt oder eine bekannte Sehensw\u00fcrdigkeit, sondern vielmehr darum, ein paar Stunden in einem ruhigeren Teil des Gardasees unterwegs zu sein.<\/span><\/p><p><span style=\"font-weight: 400;\">Sie brauchen gutes Schuhwerk, eine gewisse Grundfitness und etwas Vorbereitung f\u00fcr die Navigation. Daf\u00fcr erhalten Sie eine Route, die weniger \u201egemanagt\u201c wirkt als die meisten Spazierg\u00e4nge am See \u2013 mit genug Abwechslung, um von Anfang bis Ende interessant zu bleiben. <\/span><\/p><p><span style=\"font-weight: 400;\">Wenn Sie planen, diese Seite des Sees zu erkunden, macht eine Unterkunft in der N\u00e4he einen gro\u00dfen Unterschied. <\/span><b>Domus <\/b><span style=\"font-weight: 400;\">bietet eine Auswahl an Unterk\u00fcnften rund um den Gardasee, darunter Apartments mit Seeblick, einfachem Zugang zu Wanderwegen und Lagen nahe Orten wie Torri del Benaco.<\/span><\/p><p><a href=\"https:\/\/www.domusrental.com\/\"><span style=\"font-weight: 400;\">St\u00f6bern Sie jetzt in der Domus-Kollektion<\/span><\/a><span style=\"font-weight: 400;\"> und nehmen Sie Monte Luppia bei Ihrer n\u00e4chsten Reise an den Gardasee unbedingt in Ihre Reiseroute auf!<\/span><\/p>\t\t\t\t\t\t\t\t<\/div>\n\t\t\t\t<\/div>\n\t\t\t\t\t<\/div>\n\t\t<\/div>\n\t\t\t\t\t<\/div>\n\t\t<\/section>\n\t\t\t\t<section class=\"elementor-section elementor-top-section elementor-element elementor-element-26bcf18f elementor-section-boxed elementor-section-height-default elementor-section-height-default\" data-id=\"26bcf18f\" data-element_type=\"section\" data-e-type=\"section\">\n\t\t\t\t\t\t<div class=\"elementor-container elementor-column-gap-default\">\n\t\t\t\t\t<div class=\"elementor-column elementor-col-100 elementor-top-column elementor-element elementor-element-6371b9\" data-id=\"6371b9\" data-element_type=\"column\" data-e-type=\"column\">\n\t\t\t<div class=\"elementor-widget-wrap elementor-element-populated\">\n\t\t\t\t\t\t<div class=\"elementor-element elementor-element-9b16e32 elementor-widget elementor-widget-shortcode\" data-id=\"9b16e32\" data-element_type=\"widget\" data-e-type=\"widget\" data-widget_type=\"shortcode.default\">\n\t\t\t\t<div class=\"elementor-widget-container\">\n\t\t\t\t\t\t\t<div class=\"elementor-shortcode\">\t\t<div data-elementor-type=\"section\" data-elementor-id=\"2987\" class=\"elementor elementor-2987 elementor-2187 elementor-2187\" data-elementor-post-type=\"elementor_library\">\n\t\t\t\t\t<section class=\"elementor-section elementor-top-section elementor-element elementor-element-28474215 elementor-section-boxed elementor-section-height-default elementor-section-height-default\" data-id=\"28474215\" data-element_type=\"section\" data-e-type=\"section\">\n\t\t\t\t\t\t<div class=\"elementor-container elementor-column-gap-default\">\n\t\t\t\t\t<div class=\"elementor-column elementor-col-33 elementor-top-column elementor-element elementor-element-488016b\" data-id=\"488016b\" data-element_type=\"column\" data-e-type=\"column\">\n\t\t\t<div class=\"elementor-widget-wrap elementor-element-populated\">\n\t\t\t\t\t\t<div class=\"elementor-element elementor-element-7158b6ec elementor-cta--skin-cover elementor-animated-content elementor-bg-transform elementor-bg-transform-zoom-in elementor-widget elementor-widget-call-to-action\" data-id=\"7158b6ec\" data-element_type=\"widget\" data-e-type=\"widget\" data-widget_type=\"call-to-action.default\">\n\t\t\t\t<div class=\"elementor-widget-container\">\n\t\t\t\t\t\t\t<a class=\"elementor-cta\" href=\"https:\/\/www.domusrental.com\/de\/villa-gardasee\/\">\n\t\t\t\t\t<div class=\"elementor-cta__bg-wrapper\">\n\t\t\t\t<div class=\"elementor-cta__bg elementor-bg\" style=\"background-image: url(https:\/\/www.domusrental.com\/blog\/wp-content\/uploads\/2024\/04\/3-review-1-1-1920x630.jpg);\" role=\"img\" aria-label=\"3-review-1.jpg\"><\/div>\n\t\t\t\t<div class=\"elementor-cta__bg-overlay\"><\/div>\n\t\t\t<\/div>\n\t\t\t\t\t\t\t<div class=\"elementor-cta__content\">\n\t\t\t\t\n\t\t\t\t\n\t\t\t\t\n\t\t\t\t\t\t\t\t\t<div class=\"elementor-cta__button-wrapper elementor-cta__content-item elementor-content-item elementor-animated-item--grow\">\n\t\t\t\t\t<span class=\"elementor-cta__button elementor-button elementor-size-\">\n\t\t\t\t\t\tVilla Gardasee\t\t\t\t\t<\/span>\n\t\t\t\t\t<\/div>\n\t\t\t\t\t\t\t<\/div>\n\t\t\t\t\t\t<\/a>\n\t\t\t\t\t\t<\/div>\n\t\t\t\t<\/div>\n\t\t\t\t\t<\/div>\n\t\t<\/div>\n\t\t\t\t<div class=\"elementor-column elementor-col-33 elementor-top-column elementor-element elementor-element-2f46c64f\" data-id=\"2f46c64f\" data-element_type=\"column\" data-e-type=\"column\">\n\t\t\t<div class=\"elementor-widget-wrap elementor-element-populated\">\n\t\t\t\t\t\t<div class=\"elementor-element elementor-element-25d5a87e elementor-cta--skin-cover elementor-animated-content elementor-bg-transform elementor-bg-transform-zoom-in elementor-widget elementor-widget-call-to-action\" data-id=\"25d5a87e\" data-element_type=\"widget\" data-e-type=\"widget\" data-widget_type=\"call-to-action.default\">\n\t\t\t\t<div class=\"elementor-widget-container\">\n\t\t\t\t\t\t\t<a class=\"elementor-cta\" href=\"https:\/\/www.domusrental.com\/de\/gardasee-unterkunft\/\">\n\t\t\t\t\t<div class=\"elementor-cta__bg-wrapper\">\n\t\t\t\t<div class=\"elementor-cta__bg elementor-bg\" style=\"background-image: url(https:\/\/www.domusrental.com\/blog\/wp-content\/uploads\/2024\/04\/iStock-1414288968-1-1-1521x630.jpg);\" role=\"img\" aria-label=\"iStock-1414288968-1.jpg\"><\/div>\n\t\t\t\t<div class=\"elementor-cta__bg-overlay\"><\/div>\n\t\t\t<\/div>\n\t\t\t\t\t\t\t<div class=\"elementor-cta__content\">\n\t\t\t\t\n\t\t\t\t\n\t\t\t\t\n\t\t\t\t\t\t\t\t\t<div class=\"elementor-cta__button-wrapper elementor-cta__content-item elementor-content-item elementor-animated-item--grow\">\n\t\t\t\t\t<span class=\"elementor-cta__button elementor-button elementor-size-\">\n\t\t\t\t\t\tUnterk\u00fcnfte am Gardasee\t\t\t\t\t<\/span>\n\t\t\t\t\t<\/div>\n\t\t\t\t\t\t\t<\/div>\n\t\t\t\t\t\t<\/a>\n\t\t\t\t\t\t<\/div>\n\t\t\t\t<\/div>\n\t\t\t\t\t<\/div>\n\t\t<\/div>\n\t\t\t\t<div class=\"elementor-column elementor-col-33 elementor-top-column elementor-element elementor-element-433fe887\" data-id=\"433fe887\" data-element_type=\"column\" data-e-type=\"column\">\n\t\t\t<div class=\"elementor-widget-wrap elementor-element-populated\">\n\t\t\t\t\t\t<div class=\"elementor-element elementor-element-22532495 elementor-cta--skin-cover elementor-animated-content elementor-bg-transform elementor-bg-transform-zoom-in elementor-widget elementor-widget-call-to-action\" data-id=\"22532495\" data-element_type=\"widget\" data-e-type=\"widget\" data-widget_type=\"call-to-action.default\">\n\t\t\t\t<div class=\"elementor-widget-container\">\n\t\t\t\t\t\t\t<a class=\"elementor-cta\" href=\"https:\/\/www.domusrental.com\/de\/ferienwohnungen-gardasee\/\">\n\t\t\t\t\t<div class=\"elementor-cta__bg-wrapper\">\n\t\t\t\t<div class=\"elementor-cta__bg elementor-bg\" style=\"background-image: url(https:\/\/www.domusrental.com\/blog\/wp-content\/uploads\/2024\/04\/apartments-in-lake-garda-1-1-1533x630.jpg);\" role=\"img\" aria-label=\"apartments-in-lake-garda-1.jpg\"><\/div>\n\t\t\t\t<div class=\"elementor-cta__bg-overlay\"><\/div>\n\t\t\t<\/div>\n\t\t\t\t\t\t\t<div class=\"elementor-cta__content\">\n\t\t\t\t\n\t\t\t\t\n\t\t\t\t\n\t\t\t\t\t\t\t\t\t<div class=\"elementor-cta__button-wrapper elementor-cta__content-item elementor-content-item elementor-animated-item--grow\">\n\t\t\t\t\t<span class=\"elementor-cta__button elementor-button elementor-size-\">\n\t\t\t\t\t\tFerienwohnungen am Gardasee\t\t\t\t\t<\/span>\n\t\t\t\t\t<\/div>\n\t\t\t\t\t\t\t<\/div>\n\t\t\t\t\t\t<\/a>\n\t\t\t\t\t\t<\/div>\n\t\t\t\t<\/div>\n\t\t\t\t\t<\/div>\n\t\t<\/div>\n\t\t\t\t\t<\/div>\n\t\t<\/section>\n\t\t\t\t<\/div>\n\t\t<\/div>\n\t\t\t\t\t\t<\/div>\n\t\t\t\t<\/div>\n\t\t\t\t\t<\/div>\n\t\t<\/div>\n\t\t\t\t\t<\/div>\n\t\t<\/section>\n\t\t\t\t<\/div>\n\t\t","protected":false},"excerpt":{"rendered":"<p>Direkt s\u00fcdlich von Torri del Benaco gelegen, erhebt sich der Monte Luppia still \u00fcber dem Ostufer des Gardasees. Er dominiert die Silhouette nicht so wie der Monte Baldo \u2013 genau deshalb wird er von vielen Besuchern \u00fcbersehen. Wer sich die M\u00fche macht, kommt meist zu Fu\u00df oder mit dem Fahrrad hierher, mit Start in der [&hellip;]<\/p>\n","protected":false},"author":4,"featured_media":5498,"comment_status":"open","ping_status":"closed","sticky":false,"template":"","format":"standard","meta":{"footnotes":""},"categories":[61],"tags":[],"class_list":["post-5538","post","type-post","status-publish","format-standard","has-post-thumbnail","hentry","category-experiences-lake-garda"],"yoast_head":"<!-- This site is optimized with the Yoast SEO plugin v27.4 - https:\/\/yoast.com\/product\/yoast-seo-wordpress\/ -->\n<title>Monte-Luppia-Guide: Wandern, MTB-Trails und Ausblicke auf den Gardasee - Blog | Domus Rental<\/title>\n<meta name=\"description\" content=\"Entdecken Sie den Zauber des Monte Luppia und lassen Sie sich von seinen Naturpfaden begeistern. Genie\u00dfen Sie beeindruckende Panoramablicke und planen Sie Ihre Route noch heute.\" \/>\n<meta name=\"robots\" content=\"index, follow, max-snippet:-1, max-image-preview:large, max-video-preview:-1\" \/>\n<link rel=\"canonical\" href=\"https:\/\/www.domusrental.com\/blog\/de\/monte-luppia\/\" \/>\n<meta property=\"og:locale\" content=\"de_DE\" \/>\n<meta property=\"og:type\" content=\"article\" \/>\n<meta property=\"og:title\" content=\"Monte-Luppia-Guide: Wandern, MTB-Trails und Ausblicke auf den Gardasee - Blog | Domus Rental\" \/>\n<meta property=\"og:description\" content=\"Entdecken Sie den Zauber des Monte Luppia und lassen Sie sich von seinen Naturpfaden begeistern. Genie\u00dfen Sie beeindruckende Panoramablicke und planen Sie Ihre Route noch heute.\" \/>\n<meta property=\"og:url\" content=\"https:\/\/www.domusrental.com\/blog\/de\/monte-luppia\/\" \/>\n<meta property=\"og:site_name\" content=\"Blog | Domus Rental\" \/>\n<meta property=\"article:publisher\" content=\"https:\/\/www.facebook.com\/domusrental\" \/>\n<meta property=\"article:published_time\" content=\"2026-04-09T14:40:47+00:00\" \/>\n<meta property=\"article:modified_time\" content=\"2026-04-22T14:49:25+00:00\" \/>\n<meta property=\"og:image\" content=\"https:\/\/www.domusrental.com\/blog\/wp-content\/uploads\/2026\/04\/VISIT-Monte-Luppia.webp\" \/>\n\t<meta property=\"og:image:width\" content=\"1360\" \/>\n\t<meta property=\"og:image:height\" content=\"765\" \/>\n\t<meta property=\"og:image:type\" content=\"image\/webp\" \/>\n<meta name=\"author\" content=\"Richard\" \/>\n<meta name=\"twitter:card\" content=\"summary_large_image\" \/>\n<meta name=\"twitter:creator\" content=\"@DomusRental\" \/>\n<meta name=\"twitter:site\" content=\"@DomusRental\" \/>\n<meta name=\"twitter:label1\" content=\"Verfasst von\" \/>\n\t<meta name=\"twitter:data1\" content=\"Richard\" \/>\n\t<meta name=\"twitter:label2\" content=\"Gesch\u00e4tzte Lesezeit\" \/>\n\t<meta name=\"twitter:data2\" content=\"6\u00a0Minuten\" \/>\n<script type=\"application\/ld+json\" class=\"yoast-schema-graph\">{\"@context\":\"https:\\\/\\\/schema.org\",\"@graph\":[{\"@type\":\"Article\",\"@id\":\"https:\\\/\\\/www.domusrental.com\\\/blog\\\/de\\\/monte-luppia\\\/#article\",\"isPartOf\":{\"@id\":\"https:\\\/\\\/www.domusrental.com\\\/blog\\\/de\\\/monte-luppia\\\/\"},\"author\":{\"name\":\"Richard\",\"@id\":\"https:\\\/\\\/www.domusrental.com\\\/blog\\\/#\\\/schema\\\/person\\\/113b82f1959c1dbc77b9507401a05d87\"},\"headline\":\"Monte-Luppia-Guide: Wanderwege, MTB-Trails und Ausblicke auf den Gardasee erkl\u00e4rt\",\"datePublished\":\"2026-04-09T14:40:47+00:00\",\"dateModified\":\"2026-04-22T14:49:25+00:00\",\"mainEntityOfPage\":{\"@id\":\"https:\\\/\\\/www.domusrental.com\\\/blog\\\/de\\\/monte-luppia\\\/\"},\"wordCount\":1160,\"commentCount\":0,\"publisher\":{\"@id\":\"https:\\\/\\\/www.domusrental.com\\\/blog\\\/#organization\"},\"image\":{\"@id\":\"https:\\\/\\\/www.domusrental.com\\\/blog\\\/de\\\/monte-luppia\\\/#primaryimage\"},\"thumbnailUrl\":\"https:\\\/\\\/www.domusrental.com\\\/blog\\\/wp-content\\\/uploads\\\/2026\\\/04\\\/VISIT-Monte-Luppia.webp\",\"articleSection\":[\"Experiences\"],\"inLanguage\":\"de\",\"potentialAction\":[{\"@type\":\"CommentAction\",\"name\":\"Comment\",\"target\":[\"https:\\\/\\\/www.domusrental.com\\\/blog\\\/de\\\/monte-luppia\\\/#respond\"]}]},{\"@type\":\"WebPage\",\"@id\":\"https:\\\/\\\/www.domusrental.com\\\/blog\\\/de\\\/monte-luppia\\\/\",\"url\":\"https:\\\/\\\/www.domusrental.com\\\/blog\\\/de\\\/monte-luppia\\\/\",\"name\":\"Monte-Luppia-Guide: Wandern, MTB-Trails und Ausblicke auf den Gardasee - Blog | Domus Rental\",\"isPartOf\":{\"@id\":\"https:\\\/\\\/www.domusrental.com\\\/blog\\\/#website\"},\"primaryImageOfPage\":{\"@id\":\"https:\\\/\\\/www.domusrental.com\\\/blog\\\/de\\\/monte-luppia\\\/#primaryimage\"},\"image\":{\"@id\":\"https:\\\/\\\/www.domusrental.com\\\/blog\\\/de\\\/monte-luppia\\\/#primaryimage\"},\"thumbnailUrl\":\"https:\\\/\\\/www.domusrental.com\\\/blog\\\/wp-content\\\/uploads\\\/2026\\\/04\\\/VISIT-Monte-Luppia.webp\",\"datePublished\":\"2026-04-09T14:40:47+00:00\",\"dateModified\":\"2026-04-22T14:49:25+00:00\",\"description\":\"Entdecken Sie den Zauber des Monte Luppia und lassen Sie sich von seinen Naturpfaden begeistern. Genie\u00dfen Sie beeindruckende Panoramablicke und planen Sie Ihre Route noch heute.\",\"breadcrumb\":{\"@id\":\"https:\\\/\\\/www.domusrental.com\\\/blog\\\/de\\\/monte-luppia\\\/#breadcrumb\"},\"inLanguage\":\"de\",\"potentialAction\":[{\"@type\":\"ReadAction\",\"target\":[\"https:\\\/\\\/www.domusrental.com\\\/blog\\\/de\\\/monte-luppia\\\/\"]}]},{\"@type\":\"ImageObject\",\"inLanguage\":\"de\",\"@id\":\"https:\\\/\\\/www.domusrental.com\\\/blog\\\/de\\\/monte-luppia\\\/#primaryimage\",\"url\":\"https:\\\/\\\/www.domusrental.com\\\/blog\\\/wp-content\\\/uploads\\\/2026\\\/04\\\/VISIT-Monte-Luppia.webp\",\"contentUrl\":\"https:\\\/\\\/www.domusrental.com\\\/blog\\\/wp-content\\\/uploads\\\/2026\\\/04\\\/VISIT-Monte-Luppia.webp\",\"width\":1360,\"height\":765,\"caption\":\"BESUCHEN Sie Monte Luppia\"},{\"@type\":\"BreadcrumbList\",\"@id\":\"https:\\\/\\\/www.domusrental.com\\\/blog\\\/de\\\/monte-luppia\\\/#breadcrumb\",\"itemListElement\":[{\"@type\":\"ListItem\",\"position\":1,\"name\":\"Home\",\"item\":\"https:\\\/\\\/www.domusrental.com\\\/blog\\\/de\\\/\"},{\"@type\":\"ListItem\",\"position\":2,\"name\":\"Monte-Luppia-Guide: Wanderwege, MTB-Trails und Ausblicke auf den Gardasee erkl\u00e4rt\"}]},{\"@type\":\"WebSite\",\"@id\":\"https:\\\/\\\/www.domusrental.com\\\/blog\\\/#website\",\"url\":\"https:\\\/\\\/www.domusrental.com\\\/blog\\\/\",\"name\":\"Domus Rental\",\"description\":\"\",\"publisher\":{\"@id\":\"https:\\\/\\\/www.domusrental.com\\\/blog\\\/#organization\"},\"potentialAction\":[{\"@type\":\"SearchAction\",\"target\":{\"@type\":\"EntryPoint\",\"urlTemplate\":\"https:\\\/\\\/www.domusrental.com\\\/blog\\\/?s={search_term_string}\"},\"query-input\":{\"@type\":\"PropertyValueSpecification\",\"valueRequired\":true,\"valueName\":\"search_term_string\"}}],\"inLanguage\":\"de\"},{\"@type\":\"Organization\",\"@id\":\"https:\\\/\\\/www.domusrental.com\\\/blog\\\/#organization\",\"name\":\"Blog | Domus Rental\",\"url\":\"https:\\\/\\\/www.domusrental.com\\\/blog\\\/\",\"logo\":{\"@type\":\"ImageObject\",\"inLanguage\":\"de\",\"@id\":\"https:\\\/\\\/www.domusrental.com\\\/blog\\\/#\\\/schema\\\/logo\\\/image\\\/\",\"url\":\"https:\\\/\\\/www.domusrental.com\\\/blog\\\/wp-content\\\/uploads\\\/2024\\\/04\\\/favicon.png\",\"contentUrl\":\"https:\\\/\\\/www.domusrental.com\\\/blog\\\/wp-content\\\/uploads\\\/2024\\\/04\\\/favicon.png\",\"width\":298,\"height\":298,\"caption\":\"Blog | Domus Rental\"},\"image\":{\"@id\":\"https:\\\/\\\/www.domusrental.com\\\/blog\\\/#\\\/schema\\\/logo\\\/image\\\/\"},\"sameAs\":[\"https:\\\/\\\/www.facebook.com\\\/domusrental\",\"https:\\\/\\\/x.com\\\/DomusRental\"]},{\"@type\":\"Person\",\"@id\":\"https:\\\/\\\/www.domusrental.com\\\/blog\\\/#\\\/schema\\\/person\\\/113b82f1959c1dbc77b9507401a05d87\",\"name\":\"Richard\",\"image\":{\"@type\":\"ImageObject\",\"inLanguage\":\"de\",\"@id\":\"https:\\\/\\\/secure.gravatar.com\\\/avatar\\\/63f7d63df8bc500b7b072100eb25897597ec962e6be3ac33cf5045633fb5702a?s=96&d=mm&r=g\",\"url\":\"https:\\\/\\\/secure.gravatar.com\\\/avatar\\\/63f7d63df8bc500b7b072100eb25897597ec962e6be3ac33cf5045633fb5702a?s=96&d=mm&r=g\",\"contentUrl\":\"https:\\\/\\\/secure.gravatar.com\\\/avatar\\\/63f7d63df8bc500b7b072100eb25897597ec962e6be3ac33cf5045633fb5702a?s=96&d=mm&r=g\",\"caption\":\"Richard\"},\"url\":\"https:\\\/\\\/www.domusrental.com\\\/blog\\\/de\\\/author\\\/richard\\\/\"}]}<\/script>\n<!-- \/ Yoast SEO plugin. -->","yoast_head_json":{"title":"Monte-Luppia-Guide: Wandern, MTB-Trails und Ausblicke auf den Gardasee - Blog | Domus Rental","description":"Entdecken Sie den Zauber des Monte Luppia und lassen Sie sich von seinen Naturpfaden begeistern. Genie\u00dfen Sie beeindruckende Panoramablicke und planen Sie Ihre Route noch heute.","robots":{"index":"index","follow":"follow","max-snippet":"max-snippet:-1","max-image-preview":"max-image-preview:large","max-video-preview":"max-video-preview:-1"},"canonical":"https:\/\/www.domusrental.com\/blog\/de\/monte-luppia\/","og_locale":"de_DE","og_type":"article","og_title":"Monte-Luppia-Guide: Wandern, MTB-Trails und Ausblicke auf den Gardasee - Blog | Domus Rental","og_description":"Entdecken Sie den Zauber des Monte Luppia und lassen Sie sich von seinen Naturpfaden begeistern. Genie\u00dfen Sie beeindruckende Panoramablicke und planen Sie Ihre Route noch heute.","og_url":"https:\/\/www.domusrental.com\/blog\/de\/monte-luppia\/","og_site_name":"Blog | Domus Rental","article_publisher":"https:\/\/www.facebook.com\/domusrental","article_published_time":"2026-04-09T14:40:47+00:00","article_modified_time":"2026-04-22T14:49:25+00:00","og_image":[{"width":1360,"height":765,"url":"https:\/\/www.domusrental.com\/blog\/wp-content\/uploads\/2026\/04\/VISIT-Monte-Luppia.webp","type":"image\/webp"}],"author":"Richard","twitter_card":"summary_large_image","twitter_creator":"@DomusRental","twitter_site":"@DomusRental","twitter_misc":{"Verfasst von":"Richard","Gesch\u00e4tzte Lesezeit":"6\u00a0Minuten"},"schema":{"@context":"https:\/\/schema.org","@graph":[{"@type":"Article","@id":"https:\/\/www.domusrental.com\/blog\/de\/monte-luppia\/#article","isPartOf":{"@id":"https:\/\/www.domusrental.com\/blog\/de\/monte-luppia\/"},"author":{"name":"Richard","@id":"https:\/\/www.domusrental.com\/blog\/#\/schema\/person\/113b82f1959c1dbc77b9507401a05d87"},"headline":"Monte-Luppia-Guide: Wanderwege, MTB-Trails und Ausblicke auf den Gardasee erkl\u00e4rt","datePublished":"2026-04-09T14:40:47+00:00","dateModified":"2026-04-22T14:49:25+00:00","mainEntityOfPage":{"@id":"https:\/\/www.domusrental.com\/blog\/de\/monte-luppia\/"},"wordCount":1160,"commentCount":0,"publisher":{"@id":"https:\/\/www.domusrental.com\/blog\/#organization"},"image":{"@id":"https:\/\/www.domusrental.com\/blog\/de\/monte-luppia\/#primaryimage"},"thumbnailUrl":"https:\/\/www.domusrental.com\/blog\/wp-content\/uploads\/2026\/04\/VISIT-Monte-Luppia.webp","articleSection":["Experiences"],"inLanguage":"de","potentialAction":[{"@type":"CommentAction","name":"Comment","target":["https:\/\/www.domusrental.com\/blog\/de\/monte-luppia\/#respond"]}]},{"@type":"WebPage","@id":"https:\/\/www.domusrental.com\/blog\/de\/monte-luppia\/","url":"https:\/\/www.domusrental.com\/blog\/de\/monte-luppia\/","name":"Monte-Luppia-Guide: Wandern, MTB-Trails und Ausblicke auf den Gardasee - Blog | Domus Rental","isPartOf":{"@id":"https:\/\/www.domusrental.com\/blog\/#website"},"primaryImageOfPage":{"@id":"https:\/\/www.domusrental.com\/blog\/de\/monte-luppia\/#primaryimage"},"image":{"@id":"https:\/\/www.domusrental.com\/blog\/de\/monte-luppia\/#primaryimage"},"thumbnailUrl":"https:\/\/www.domusrental.com\/blog\/wp-content\/uploads\/2026\/04\/VISIT-Monte-Luppia.webp","datePublished":"2026-04-09T14:40:47+00:00","dateModified":"2026-04-22T14:49:25+00:00","description":"Entdecken Sie den Zauber des Monte Luppia und lassen Sie sich von seinen Naturpfaden begeistern. Genie\u00dfen Sie beeindruckende Panoramablicke und planen Sie Ihre Route noch heute.","breadcrumb":{"@id":"https:\/\/www.domusrental.com\/blog\/de\/monte-luppia\/#breadcrumb"},"inLanguage":"de","potentialAction":[{"@type":"ReadAction","target":["https:\/\/www.domusrental.com\/blog\/de\/monte-luppia\/"]}]},{"@type":"ImageObject","inLanguage":"de","@id":"https:\/\/www.domusrental.com\/blog\/de\/monte-luppia\/#primaryimage","url":"https:\/\/www.domusrental.com\/blog\/wp-content\/uploads\/2026\/04\/VISIT-Monte-Luppia.webp","contentUrl":"https:\/\/www.domusrental.com\/blog\/wp-content\/uploads\/2026\/04\/VISIT-Monte-Luppia.webp","width":1360,"height":765,"caption":"BESUCHEN Sie Monte Luppia"},{"@type":"BreadcrumbList","@id":"https:\/\/www.domusrental.com\/blog\/de\/monte-luppia\/#breadcrumb","itemListElement":[{"@type":"ListItem","position":1,"name":"Home","item":"https:\/\/www.domusrental.com\/blog\/de\/"},{"@type":"ListItem","position":2,"name":"Monte-Luppia-Guide: Wanderwege, MTB-Trails und Ausblicke auf den Gardasee erkl\u00e4rt"}]},{"@type":"WebSite","@id":"https:\/\/www.domusrental.com\/blog\/#website","url":"https:\/\/www.domusrental.com\/blog\/","name":"Domus Rental","description":"","publisher":{"@id":"https:\/\/www.domusrental.com\/blog\/#organization"},"potentialAction":[{"@type":"SearchAction","target":{"@type":"EntryPoint","urlTemplate":"https:\/\/www.domusrental.com\/blog\/?s={search_term_string}"},"query-input":{"@type":"PropertyValueSpecification","valueRequired":true,"valueName":"search_term_string"}}],"inLanguage":"de"},{"@type":"Organization","@id":"https:\/\/www.domusrental.com\/blog\/#organization","name":"Blog | Domus Rental","url":"https:\/\/www.domusrental.com\/blog\/","logo":{"@type":"ImageObject","inLanguage":"de","@id":"https:\/\/www.domusrental.com\/blog\/#\/schema\/logo\/image\/","url":"https:\/\/www.domusrental.com\/blog\/wp-content\/uploads\/2024\/04\/favicon.png","contentUrl":"https:\/\/www.domusrental.com\/blog\/wp-content\/uploads\/2024\/04\/favicon.png","width":298,"height":298,"caption":"Blog | Domus Rental"},"image":{"@id":"https:\/\/www.domusrental.com\/blog\/#\/schema\/logo\/image\/"},"sameAs":["https:\/\/www.facebook.com\/domusrental","https:\/\/x.com\/DomusRental"]},{"@type":"Person","@id":"https:\/\/www.domusrental.com\/blog\/#\/schema\/person\/113b82f1959c1dbc77b9507401a05d87","name":"Richard","image":{"@type":"ImageObject","inLanguage":"de","@id":"https:\/\/secure.gravatar.com\/avatar\/63f7d63df8bc500b7b072100eb25897597ec962e6be3ac33cf5045633fb5702a?s=96&d=mm&r=g","url":"https:\/\/secure.gravatar.com\/avatar\/63f7d63df8bc500b7b072100eb25897597ec962e6be3ac33cf5045633fb5702a?s=96&d=mm&r=g","contentUrl":"https:\/\/secure.gravatar.com\/avatar\/63f7d63df8bc500b7b072100eb25897597ec962e6be3ac33cf5045633fb5702a?s=96&d=mm&r=g","caption":"Richard"},"url":"https:\/\/www.domusrental.com\/blog\/de\/author\/richard\/"}]}},"_links":{"self":[{"href":"https:\/\/www.domusrental.com\/blog\/de\/wp-json\/wp\/v2\/posts\/5538","targetHints":{"allow":["GET"]}}],"collection":[{"href":"https:\/\/www.domusrental.com\/blog\/de\/wp-json\/wp\/v2\/posts"}],"about":[{"href":"https:\/\/www.domusrental.com\/blog\/de\/wp-json\/wp\/v2\/types\/post"}],"author":[{"embeddable":true,"href":"https:\/\/www.domusrental.com\/blog\/de\/wp-json\/wp\/v2\/users\/4"}],"replies":[{"embeddable":true,"href":"https:\/\/www.domusrental.com\/blog\/de\/wp-json\/wp\/v2\/comments?post=5538"}],"version-history":[{"count":3,"href":"https:\/\/www.domusrental.com\/blog\/de\/wp-json\/wp\/v2\/posts\/5538\/revisions"}],"predecessor-version":[{"id":5542,"href":"https:\/\/www.domusrental.com\/blog\/de\/wp-json\/wp\/v2\/posts\/5538\/revisions\/5542"}],"wp:featuredmedia":[{"embeddable":true,"href":"https:\/\/www.domusrental.com\/blog\/de\/wp-json\/wp\/v2\/media\/5498"}],"wp:attachment":[{"href":"https:\/\/www.domusrental.com\/blog\/de\/wp-json\/wp\/v2\/media?parent=5538"}],"wp:term":[{"taxonomy":"category","embeddable":true,"href":"https:\/\/www.domusrental.com\/blog\/de\/wp-json\/wp\/v2\/categories?post=5538"},{"taxonomy":"post_tag","embeddable":true,"href":"https:\/\/www.domusrental.com\/blog\/de\/wp-json\/wp\/v2\/tags?post=5538"}],"curies":[{"name":"wp","href":"https:\/\/api.w.org\/{rel}","templated":true}]}}