{"id":5557,"date":"2026-04-23T14:47:46","date_gmt":"2026-04-23T14:47:46","guid":{"rendered":"https:\/\/www.domusrental.com\/blog\/fruehling-gardasee\/"},"modified":"2026-04-23T15:43:00","modified_gmt":"2026-04-23T15:43:00","slug":"fruehling-gardasee","status":"publish","type":"post","link":"https:\/\/www.domusrental.com\/blog\/de\/fruehling-gardasee\/","title":{"rendered":"Gardasee im Fr\u00fchling \u2013 Ferienwohnungen zur Miete"},"content":{"rendered":"\t\t<div data-elementor-type=\"wp-post\" data-elementor-id=\"5557\" class=\"elementor elementor-5557 elementor-5536\" data-elementor-post-type=\"post\">\n\t\t\t\t<div class=\"elementor-element elementor-element-fb58aa7 e-flex e-con-boxed elementor-invisible e-con e-parent\" data-id=\"fb58aa7\" data-element_type=\"container\" data-e-type=\"container\" data-settings=\"{&quot;animation&quot;:&quot;slideInLeft&quot;}\">\n\t\t\t\t\t<div class=\"e-con-inner\">\n\t\t<div class=\"elementor-element elementor-element-902db67 e-con-full e-flex e-con e-child\" data-id=\"902db67\" data-element_type=\"container\" data-e-type=\"container\">\n\t\t\t\t<div class=\"elementor-element elementor-element-676dc48 elementor-toc--minimized-on-tablet elementor-widget elementor-widget-table-of-contents\" data-id=\"676dc48\" data-element_type=\"widget\" data-e-type=\"widget\" data-settings=\"{&quot;headings_by_tags&quot;:[&quot;h2&quot;],&quot;exclude_headings_by_selector&quot;:[],&quot;marker_view&quot;:&quot;bullets&quot;,&quot;icon&quot;:{&quot;value&quot;:&quot;fas fa-arrow-right&quot;,&quot;library&quot;:&quot;fa-solid&quot;},&quot;no_headings_message&quot;:&quot;No headings were found on this page.&quot;,&quot;minimize_box&quot;:&quot;yes&quot;,&quot;minimized_on&quot;:&quot;tablet&quot;,&quot;hierarchical_view&quot;:&quot;yes&quot;,&quot;min_height&quot;:{&quot;unit&quot;:&quot;px&quot;,&quot;size&quot;:&quot;&quot;,&quot;sizes&quot;:[]},&quot;min_height_tablet&quot;:{&quot;unit&quot;:&quot;px&quot;,&quot;size&quot;:&quot;&quot;,&quot;sizes&quot;:[]},&quot;min_height_mobile&quot;:{&quot;unit&quot;:&quot;px&quot;,&quot;size&quot;:&quot;&quot;,&quot;sizes&quot;:[]}}\" data-widget_type=\"table-of-contents.default\">\n\t\t\t\t<div class=\"elementor-widget-container\">\n\t\t\t\t\t\t\t\t\t<div class=\"elementor-toc__header\">\n\t\t\t\t\t\t<h4 class=\"elementor-toc__header-title\">\n\t\t\t\tInhaltsverzeichnis\t\t\t<\/h4>\n\t\t\t\t\t\t\t\t\t\t<div class=\"elementor-toc__toggle-button elementor-toc__toggle-button--expand\" role=\"button\" tabindex=\"0\" aria-controls=\"elementor-toc__676dc48\" aria-expanded=\"true\" aria-label=\"Inhaltsverzeichnis \u00f6ffnen\"><i aria-hidden=\"true\" class=\"fas fa-chevron-down\"><\/i><\/div>\n\t\t\t\t<div class=\"elementor-toc__toggle-button elementor-toc__toggle-button--collapse\" role=\"button\" tabindex=\"0\" aria-controls=\"elementor-toc__676dc48\" aria-expanded=\"true\" aria-label=\"Inhaltsverzeichnis schlie\u00dfen\"><i aria-hidden=\"true\" class=\"fas fa-chevron-up\"><\/i><\/div>\n\t\t\t\t\t<\/div>\n\t\t\t\t<div id=\"elementor-toc__676dc48\" class=\"elementor-toc__body\">\n\t\t\t<div class=\"elementor-toc__spinner-container\">\n\t\t\t\t<i class=\"elementor-toc__spinner eicon-animation-spin eicon-loading\" aria-hidden=\"true\"><\/i>\t\t\t<\/div>\n\t\t<\/div>\n\t\t\t\t\t\t<\/div>\n\t\t\t\t<\/div>\n\t\t\t\t<\/div>\n\t\t<div class=\"elementor-element elementor-element-3511fab e-con-full e-flex e-con e-child\" data-id=\"3511fab\" data-element_type=\"container\" data-e-type=\"container\">\n\t\t\t\t<div class=\"elementor-element elementor-element-d2cfd39 elementor-cta--skin-cover elementor-cta--valign-middle elementor-animated-content elementor-widget elementor-widget-call-to-action\" data-id=\"d2cfd39\" data-element_type=\"widget\" data-e-type=\"widget\" data-widget_type=\"call-to-action.default\">\n\t\t\t\t<div class=\"elementor-widget-container\">\n\t\t\t\t\t\t\t<div class=\"elementor-cta\">\n\t\t\t\t\t<div class=\"elementor-cta__bg-wrapper\">\n\t\t\t\t<div class=\"elementor-cta__bg elementor-bg\" style=\"background-image: url(https:\/\/www.domusrental.com\/blog\/wp-content\/uploads\/2025\/01\/vista-lago-di-garda-768x512.jpg);\" role=\"img\" aria-label=\"Villa mit Blick auf den Gardasee\"><\/div>\n\t\t\t\t<div class=\"elementor-cta__bg-overlay\"><\/div>\n\t\t\t<\/div>\n\t\t\t\t\t\t\t<div class=\"elementor-cta__content\">\n\t\t\t\t\n\t\t\t\t\t\t\t\t\t<h4 class=\"elementor-cta__title elementor-cta__content-item elementor-content-item elementor-animated-item--shrink\">\n\t\t\t\t\t\tFerienhaus am Gardasee\t\t\t\t\t<\/h4>\n\t\t\t\t\n\t\t\t\t\n\t\t\t\t\t\t\t\t\t<div class=\"elementor-cta__button-wrapper elementor-cta__content-item elementor-content-item elementor-animated-item--shrink\">\n\t\t\t\t\t<a class=\"elementor-cta__button elementor-button elementor-size-\" href=\"https:\/\/www.domusrental.com\/it\/casa-vacanze-lago-di-garda\/\">\n\t\t\t\t\t\tJetzt buchen\t\t\t\t\t<\/a>\n\t\t\t\t\t<\/div>\n\t\t\t\t\t\t\t<\/div>\n\t\t\t\t\t\t<\/div>\n\t\t\t\t\t\t<\/div>\n\t\t\t\t<\/div>\n\t\t\t\t<\/div>\n\t\t\t\t\t<\/div>\n\t\t\t\t<\/div>\n\t\t<div class=\"elementor-element elementor-element-adba4c3 e-flex e-con-boxed e-con e-parent\" data-id=\"adba4c3\" data-element_type=\"container\" data-e-type=\"container\">\n\t\t\t\t\t<div class=\"e-con-inner\">\n\t\t\t\t<div class=\"elementor-element elementor-element-8ea517f elementor-widget elementor-widget-text-editor\" data-id=\"8ea517f\" data-element_type=\"widget\" data-e-type=\"widget\" data-widget_type=\"text-editor.default\">\n\t\t\t\t<div class=\"elementor-widget-container\">\n\t\t\t\t\t\t\t\t\t<p>Der Fr\u00fchling am Gardasee ist ein Erwachen der Sinne. W\u00e4hrend die Berggipfel noch mit Schnee gesprenkelt sind, f\u00e4rben sich die Seeufer in den Pastellt\u00f6nen bl\u00fchender Mandel- und Zitronenb\u00e4ume. Es ist die ideale Jahreszeit f\u00fcr alle, die die authentische Sch\u00f6nheit des Gardasees ohne die sommerlichen Menschenmassen suchen und dabei ein mildes Klima genie\u00dfen, das zu langsamer und erholsamer Erkundung einl\u00e4dt.  <\/p>\t\t\t\t\t\t\t\t<\/div>\n\t\t\t\t<\/div>\n\t\t\t\t\t<\/div>\n\t\t\t\t<\/div>\n\t\t<div class=\"elementor-element elementor-element-094b557 e-flex e-con-boxed e-con e-parent\" data-id=\"094b557\" data-element_type=\"container\" data-e-type=\"container\" data-settings=\"{&quot;background_background&quot;:&quot;classic&quot;}\">\n\t\t\t\t\t<div class=\"e-con-inner\">\n\t\t<div class=\"elementor-element elementor-element-7ff603f e-con-full e-flex e-con e-child\" data-id=\"7ff603f\" data-element_type=\"container\" data-e-type=\"container\">\n\t\t\t\t<div class=\"elementor-element elementor-element-786463f elementor-widget elementor-widget-heading\" data-id=\"786463f\" data-element_type=\"widget\" data-e-type=\"widget\" data-widget_type=\"heading.default\">\n\t\t\t\t<div class=\"elementor-widget-container\">\n\t\t\t\t\t<h2 class=\"elementor-heading-title elementor-size-default\">Was man im Fr\u00fchling am Gardasee unternehmen kann<\/h2>\t\t\t\t<\/div>\n\t\t\t\t<\/div>\n\t\t\t\t<div class=\"elementor-element elementor-element-d6831dc elementor-widget elementor-widget-image\" data-id=\"d6831dc\" data-element_type=\"widget\" data-e-type=\"widget\" data-widget_type=\"image.default\">\n\t\t\t\t<div class=\"elementor-widget-container\">\n\t\t\t\t\t\t\t\t\t\t\t\t\t\t\t<img fetchpriority=\"high\" decoding=\"async\" width=\"768\" height=\"511\" src=\"https:\/\/www.domusrental.com\/blog\/wp-content\/uploads\/2023\/06\/iStock-1352524979-768x511.jpg\" class=\"attachment-medium_large size-medium_large wp-image-191\" alt=\"Radweg Limone sul Garda\" srcset=\"https:\/\/www.domusrental.com\/blog\/wp-content\/uploads\/2023\/06\/iStock-1352524979-768x511.jpg 768w, https:\/\/www.domusrental.com\/blog\/wp-content\/uploads\/2023\/06\/iStock-1352524979.jpg 1255w\" sizes=\"(max-width: 768px) 100vw, 768px\" \/>\t\t\t\t\t\t\t\t\t\t\t\t\t\t\t<\/div>\n\t\t\t\t<\/div>\n\t\t\t\t<\/div>\n\t\t<div class=\"elementor-element elementor-element-9becf1d e-con-full e-flex e-con e-child\" data-id=\"9becf1d\" data-element_type=\"container\" data-e-type=\"container\">\n\t\t\t\t<div class=\"elementor-element elementor-element-71f18a2 elementor-list-item-link-inline elementor-icon-list--layout-traditional elementor-invisible elementor-widget elementor-widget-icon-list\" data-id=\"71f18a2\" data-element_type=\"widget\" data-e-type=\"widget\" data-settings=\"{&quot;_animation&quot;:&quot;slideInRight&quot;}\" data-widget_type=\"icon-list.default\">\n\t\t\t\t<div class=\"elementor-widget-container\">\n\t\t\t\t\t\t\t<ul class=\"elementor-icon-list-items\">\n\t\t\t\t\t\t\t<li class=\"elementor-icon-list-item\">\n\t\t\t\t\t\t\t\t\t\t\t<span class=\"elementor-icon-list-icon\">\n\t\t\t\t\t\t\t<i aria-hidden=\"true\" class=\"fas fa-stop\"><\/i>\t\t\t\t\t\t<\/span>\n\t\t\t\t\t\t\t\t\t\t<span class=\"elementor-icon-list-text\"><b>Parco Giardino Sigurt\u00e0<\/b>: Zwischen M\u00e4rz und April k\u00f6nnen Sie die Tulipanomania erleben, eine der gr\u00f6\u00dften und spektakul\u00e4rsten Tulpenbl\u00fcten der Welt, bei der \u00fcber eine Million Zwiebeln die Wiesen von Valeggio sul Mincio in ein Farbenmeer verwandeln.<\/span>\n\t\t\t\t\t\t\t\t\t<\/li>\n\t\t\t\t\t\t\t\t<li class=\"elementor-icon-list-item\">\n\t\t\t\t\t\t\t\t\t\t\t<a href=\"https:\/\/www.domusrental.com\/blog\/de\/radweg-limone-sul-garda\/\" target=\"_blank\">\n\n\t\t\t\t\t\t\t\t\t\t\t\t<span class=\"elementor-icon-list-icon\">\n\t\t\t\t\t\t\t<i aria-hidden=\"true\" class=\"fas fa-stop\"><\/i>\t\t\t\t\t\t<\/span>\n\t\t\t\t\t\t\t\t\t\t<span class=\"elementor-icon-list-text\"><b>Ciclabile Sospesa di Limone sul Garda:<\/b> Ohne die sengende Sommerhitze schenkt dieser \u00fcber dem Wasser schwebende Steg ein Gef\u00fchl absoluter Freiheit und eine atemberaubende Aussicht \u2013 ideal f\u00fcr einen erholsamen Spaziergang oder eine Radtour.<\/span>\n\t\t\t\t\t\t\t\t\t\t\t<\/a>\n\t\t\t\t\t\t\t\t\t<\/li>\n\t\t\t\t\t\t\t\t<li class=\"elementor-icon-list-item\">\n\t\t\t\t\t\t\t\t\t\t\t<span class=\"elementor-icon-list-icon\">\n\t\t\t\t\t\t\t<i aria-hidden=\"true\" class=\"fas fa-stop\"><\/i>\t\t\t\t\t\t<\/span>\n\t\t\t\t\t\t\t\t\t\t<span class=\"elementor-icon-list-text\"><b>Monte Baldo mit der rotierenden Seilbahn<\/b>: In Malcesine k\u00f6nnen Sie auf 1.760 m H\u00f6he steigen und den Kontrast zwischen dem intensiven Blau des Sees und dem letzten Schnee auf den Gipfeln genie\u00dfen \u2013 vielleicht entdecken Sie sogar die ersten Murmeltiere, die aus dem Winterschlaf erwachen.<\/span>\n\t\t\t\t\t\t\t\t\t<\/li>\n\t\t\t\t\t\t\t\t<li class=\"elementor-icon-list-item\">\n\t\t\t\t\t\t\t\t\t\t\t<span class=\"elementor-icon-list-icon\">\n\t\t\t\t\t\t\t<i aria-hidden=\"true\" class=\"fas fa-stop\"><\/i>\t\t\t\t\t\t<\/span>\n\t\t\t\t\t\t\t\t\t\t<span class=\"elementor-icon-list-text\"><b>Vittoriale degli Italiani<\/b>: Der Fr\u00fchling ist die perfekte Jahreszeit, um die monumentale Residenz von Gabriele d'Annunzio zu besuchen und durch die G\u00e4rten, Wasserl\u00e4ufe und das Amphitheater mit Seeblick zu schlendern, umgeben vom Duft mediterraner Pflanzen.<\/span>\n\t\t\t\t\t\t\t\t\t<\/li>\n\t\t\t\t\t\t<\/ul>\n\t\t\t\t\t\t<\/div>\n\t\t\t\t<\/div>\n\t\t\t\t<\/div>\n\t\t\t\t\t<\/div>\n\t\t\t\t<\/div>\n\t\t<div class=\"elementor-element elementor-element-1db0007 e-flex e-con-boxed e-con e-parent\" data-id=\"1db0007\" data-element_type=\"container\" data-e-type=\"container\">\n\t\t\t\t\t<div class=\"e-con-inner\">\n\t\t\t\t<div class=\"elementor-element elementor-element-417dd64 elementor-widget elementor-widget-heading\" data-id=\"417dd64\" data-element_type=\"widget\" data-e-type=\"widget\" data-widget_type=\"heading.default\">\n\t\t\t\t<div class=\"elementor-widget-container\">\n\t\t\t\t\t<h2 class=\"elementor-heading-title elementor-size-default\">Wo man im Fr\u00fchling am Gardasee \u00fcbernachten kann<\/h2>\t\t\t\t<\/div>\n\t\t\t\t<\/div>\n\t\t\t\t\t<\/div>\n\t\t\t\t<\/div>\n\t\t<div class=\"elementor-element elementor-element-82759b8 e-flex e-con-boxed e-con e-parent\" data-id=\"82759b8\" data-element_type=\"container\" data-e-type=\"container\">\n\t\t\t\t\t<div class=\"e-con-inner\">\n\t\t<div class=\"elementor-element elementor-element-dd28bda e-flex e-con-boxed e-con e-child\" data-id=\"dd28bda\" data-element_type=\"container\" data-e-type=\"container\">\n\t\t\t\t\t<div class=\"e-con-inner\">\n\t\t\t\t<div class=\"elementor-element elementor-element-924fe1f elementor-widget elementor-widget-html\" data-id=\"924fe1f\" data-element_type=\"widget\" data-e-type=\"widget\" data-widget_type=\"html.default\">\n\t\t\t\t<div class=\"elementor-widget-container\">\n\t\t\t\t\t<blockquote class=\"instagram-media\" data-instgrm-permalink=\"https:\/\/www.instagram.com\/p\/DJmQedeoJLg\/?utm_source=ig_embed&amp;utm_campaign=loading\" data-instgrm-version=\"14\" style=\"  background:#FFF; border:0; border-radius:3px; box-shadow:0 0 1px 0 rgba(0,0,0,0.5),0 1px 10px 0 rgba(0,0,0,0.15); margin: 1px; max-width:540px; min-width:326px; padding:0; width:99.375%; width:-webkit-calc(100% - 2px); width:calc(100% - 2px);\"><div style=\"padding:16px;\"> <a href=\"https:\/\/www.instagram.com\/p\/DJmQedeoJLg\/?utm_source=ig_embed&amp;utm_campaign=loading\" style=\"  background:#FFFFFF; line-height:0; padding:0 0; text-align:center; text-decoration:none; width:100%;\" target=\"_blank\"> <div style=\"  display: flex; flex-direction: row; align-items: center;\"> <div style=\"background-color: #F4F4F4; border-radius: 50%; flex-grow: 0; height: 40px; margin-right: 14px; width: 40px;\"><\/div> <div style=\"display: flex; flex-direction: column; flex-grow: 1; justify-content: center;\"> <div style=\"  background-color: #F4F4F4; border-radius: 4px; flex-grow: 0; height: 14px; margin-bottom: 6px; width: 100px;\"><\/div> <div style=\"  background-color: #F4F4F4; border-radius: 4px; flex-grow: 0; height: 14px; width: 60px;\"><\/div><\/div><\/div><div style=\"padding: 19% 0;\"><\/div> <div style=\"display:block; height:50px; margin:0 auto 12px; width:50px;\"><svg width=\"50px\" height=\"50px\" viewbox=\"0 0 60 60\" version=\"1.1\" xmlns=\"https:\/\/www.w3.org\/2000\/svg\" xmlns:xlink=\"https:\/\/www.w3.org\/1999\/xlink\"><g stroke=\"none\" stroke-width=\"1\" fill=\"none\" fill-rule=\"evenodd\"><g transform=\"translate(-511.000000, -20.000000)\" fill=\"#000000\"><g><path d=\"M556.869,30.41 C554.814,30.41 553.148,32.076 553.148,34.131 C553.148,36.186 554.814,37.852 556.869,37.852 C558.924,37.852 560.59,36.186 560.59,34.131 C560.59,32.076 558.924,30.41 556.869,30.41 M541,60.657 C535.114,60.657 530.342,55.887 530.342,50 C530.342,44.114 535.114,39.342 541,39.342 C546.887,39.342 551.658,44.114 551.658,50 C551.658,55.887 546.887,60.657 541,60.657 M541,33.886 C532.1,33.886 524.886,41.1 524.886,50 C524.886,58.899 532.1,66.113 541,66.113 C549.9,66.113 557.115,58.899 557.115,50 C557.115,41.1 549.9,33.886 541,33.886 M565.378,62.101 C565.244,65.022 564.756,66.606 564.346,67.663 C563.803,69.06 563.154,70.057 562.106,71.106 C561.058,72.155 560.06,72.803 558.662,73.347 C557.607,73.757 556.021,74.244 553.102,74.378 C549.944,74.521 548.997,74.552 541,74.552 C533.003,74.552 532.056,74.521 528.898,74.378 C525.979,74.244 524.393,73.757 523.338,73.347 C521.94,72.803 520.942,72.155 519.894,71.106 C518.846,70.057 518.197,69.06 517.654,67.663 C517.244,66.606 516.755,65.022 516.623,62.101 C516.479,58.943 516.448,57.996 516.448,50 C516.448,42.003 516.479,41.056 516.623,37.899 C516.755,34.978 517.244,33.391 517.654,32.338 C518.197,30.938 518.846,29.942 519.894,28.894 C520.942,27.846 521.94,27.196 523.338,26.654 C524.393,26.244 525.979,25.756 528.898,25.623 C532.057,25.479 533.004,25.448 541,25.448 C548.997,25.448 549.943,25.479 553.102,25.623 C556.021,25.756 557.607,26.244 558.662,26.654 C560.06,27.196 561.058,27.846 562.106,28.894 C563.154,29.942 563.803,30.938 564.346,32.338 C564.756,33.391 565.244,34.978 565.378,37.899 C565.522,41.056 565.552,42.003 565.552,50 C565.552,57.996 565.522,58.943 565.378,62.101 M570.82,37.631 C570.674,34.438 570.167,32.258 569.425,30.349 C568.659,28.377 567.633,26.702 565.965,25.035 C564.297,23.368 562.623,22.342 560.652,21.575 C558.743,20.834 556.562,20.326 553.369,20.18 C550.169,20.033 549.148,20 541,20 C532.853,20 531.831,20.033 528.631,20.18 C525.438,20.326 523.257,20.834 521.349,21.575 C519.376,22.342 517.703,23.368 516.035,25.035 C514.368,26.702 513.342,28.377 512.574,30.349 C511.834,32.258 511.326,34.438 511.181,37.631 C511.035,40.831 511,41.851 511,50 C511,58.147 511.035,59.17 511.181,62.369 C511.326,65.562 511.834,67.743 512.574,69.651 C513.342,71.625 514.368,73.296 516.035,74.965 C517.703,76.634 519.376,77.658 521.349,78.425 C523.257,79.167 525.438,79.673 528.631,79.82 C531.831,79.965 532.853,80.001 541,80.001 C549.148,80.001 550.169,79.965 553.369,79.82 C556.562,79.673 558.743,79.167 560.652,78.425 C562.623,77.658 564.297,76.634 565.965,74.965 C567.633,73.296 568.659,71.625 569.425,69.651 C570.167,67.743 570.674,65.562 570.82,62.369 C570.966,59.17 571,58.147 571,50 C571,41.851 570.966,40.831 570.82,37.631\"><\/path><\/path><\/g><\/g><\/g><\/svg><\/div><div style=\"padding-top: 8px;\"> <div style=\"  color:#3897f0; font-family:Arial,sans-serif; font-size:14px; font-style:normal; font-weight:550; line-height:18px;\">Diesen Beitrag auf Instagram ansehen<\/div><\/div><div style=\"padding: 12.5% 0;\"><\/div> <div style=\"display: flex; flex-direction: row; margin-bottom: 14px; align-items: center;\"><div> <div style=\"background-color: #F4F4F4; border-radius: 50%; height: 12.5px; width: 12.5px; transform: translateX(0px) translateY(7px);\"><\/div> <div style=\"background-color: #F4F4F4; height: 12.5px; transform: rotate(-45deg) translateX(3px) translateY(1px); width: 12.5px; flex-grow: 0; margin-right: 14px; margin-left: 2px;\"><\/div> <div style=\"background-color: #F4F4F4; border-radius: 50%; height: 12.5px; width: 12.5px; transform: translateX(9px) translateY(-18px);\"><\/div><\/div><div style=\"margin-left: 8px;\"> <div style=\"  background-color: #F4F4F4; border-radius: 50%; flex-grow: 0; height: 20px; width: 20px;\"><\/div> <div style=\"  width: 0; height: 0; border-top: 2px solid transparent; border-left: 6px solid #f4f4f4; border-bottom: 2px solid transparent; transform: translateX(16px) translateY(-4px) rotate(30deg)\"><\/div><\/div><div style=\"margin-left: auto;\"> <div style=\"  width: 0px; border-top: 8px solid #F4F4F4; border-right: 8px solid transparent; transform: translateY(16px);\"><\/div> <div style=\"  background-color: #F4F4F4; flex-grow: 0; height: 12px; width: 16px; transform: translateY(-4px);\"><\/div> <div style=\"  width: 0; height: 0; border-top: 8px solid #F4F4F4; border-left: 8px solid transparent; transform: translateY(-4px) translateX(8px);\"><\/div><\/div><\/div> <div style=\"display: flex; flex-direction: column; flex-grow: 1; justify-content: center; margin-bottom: 24px;\"> <div style=\"  background-color: #F4F4F4; border-radius: 4px; flex-grow: 0; height: 14px; margin-bottom: 6px; width: 224px;\"><\/div> <div style=\"  background-color: #F4F4F4; border-radius: 4px; flex-grow: 0; height: 14px; width: 144px;\"><\/div><\/div><\/a><p style=\"  color:#c9c8cd; font-family:Arial,sans-serif; font-size:14px; line-height:17px; margin-bottom:0; margin-top:8px; overflow:hidden; padding:8px 0 7px; text-align:center; text-overflow:ellipsis; white-space:nowrap;\"><a href=\"https:\/\/www.instagram.com\/p\/DJmQedeoJLg\/?utm_source=ig_embed&amp;utm_campaign=loading\" style=\"  color:#c9c8cd; font-family:Arial,sans-serif; font-size:14px; font-style:normal; font-weight:normal; line-height:17px; text-decoration:none;\" target=\"_blank\">Ein Beitrag geteilt von Domus Rental (@domus_rental)<\/a><\/p><\/div><\/blockquote>\r\n<script async=\"\" src=\"\/\/www.instagram.com\/embed.js\"><\/script>\t\t\t\t<\/div>\n\t\t\t\t<\/div>\n\t\t\t\t\t<\/div>\n\t\t\t\t<\/div>\n\t\t<div class=\"elementor-element elementor-element-54d6421 e-con-full e-flex e-con e-child\" data-id=\"54d6421\" data-element_type=\"container\" data-e-type=\"container\">\n\t\t\t\t<div class=\"elementor-element elementor-element-386f78f elementor-widget elementor-widget-grid\" data-id=\"386f78f\" data-element_type=\"widget\" data-e-type=\"widget\" data-widget_type=\"grid.default\">\n\t\t\t\t<div class=\"elementor-widget-container\">\n\t\t\t\t\t\t\t<div class=\"its--row alojamientos-recomendados\">\n\n\t\t\t<div class=\"alojamientos-recomendados-container\">\n\n\t\t\t\t\t\n\t\t\t\t\t<a href=\"https:\/\/www.domusrental.com\/de\/vermietung\/villa-torri-del-benaco-villa-sybille-with-pool-and-lake-view-231774.html\" rel=\"nofollow\" style=\"width: 32%;\">\n\t\t\t\t\t\t<div class=\"apartamento-box\">\n\t\t\t\t\t\t\t<div class=\"imagen_recomendados\">\n\t\t\t\t\t\t\t\t<img decoding=\"async\" src=\"https:\/\/crs.avantio.com\/fotos\/2\/1517223565221a068d7761ac1dfb49643abaecb580\/big16303160738e5de4012e37aec3ab4f675630112919.jpg\" alt=\"Villa Sybille - 8 Schlafpl\u00e4tze mit Swimmingpool und Seeblick in Torri del Benaco\">\n\t\t\t\t\t\t\t<\/div>\n\t\t\t\t\t\t\t<div class=\"info\">\n\t\t\t\t\t\t\t\t<div class=\"ubicacion\">\n\t\t\t\t\t\t\t\t\t<i class=\"fa-solid fa-location-dot icono-mapa\"><\/i><span class=\"ubicacion-texto\">Torri del Benaco - Verona<\/span>\n\t\t\t\t\t\t\t\t<\/div>\n\t\t\t\t\t\t\t\t<H4 class=\"titulo-alojamiento\">\n\t\t\t\t\t\t\t\t\tVilla Sybille - 8 Schlafpl\u00e4tze mit Swimmingpool und Seeblick in Torri del Benaco\t\t\t\t\t\t\t\t<\/H4>\n\t\t\t\t\t\t\t\t<p class=\"precio-alojamiento\">Aus <span class=\"precio\">500.00\u20ac<\/span> pro Nacht<\/p>\n\t\t\t\t\t\t\t<\/div>\n\t\t\t\t\t\t<\/div>\n\t\t\t\t\t<\/a> \n\t\t\t\t\t\t\n\t\t\t\t\t<a href=\"https:\/\/www.domusrental.com\/de\/vermietung\/villa-garda-ca-cantoni-villa-with-pool-lake-view-232126.html\" rel=\"nofollow\" style=\"width: 32%;\">\n\t\t\t\t\t\t<div class=\"apartamento-box\">\n\t\t\t\t\t\t\t<div class=\"imagen_recomendados\">\n\t\t\t\t\t\t\t\t<img decoding=\"async\" src=\"https:\/\/crs.avantio.com\/fotos\/2\/1517565321b68e77fc60a7d7813f61c53de3a06ab2\/big16312659269b1347369ec0b5ff581d104a5ef5d155.jpg\" alt=\"C\u00e0 Cantoni - Landhaus mit 10 Schlafpl\u00e4tzen und Swimmingpool in Garda\">\n\t\t\t\t\t\t\t<\/div>\n\t\t\t\t\t\t\t<div class=\"info\">\n\t\t\t\t\t\t\t\t<div class=\"ubicacion\">\n\t\t\t\t\t\t\t\t\t<i class=\"fa-solid fa-location-dot icono-mapa\"><\/i><span class=\"ubicacion-texto\">Garda - Verona<\/span>\n\t\t\t\t\t\t\t\t<\/div>\n\t\t\t\t\t\t\t\t<H4 class=\"titulo-alojamiento\">\n\t\t\t\t\t\t\t\t\tC\u00e0 Cantoni - Landhaus mit 10 Schlafpl\u00e4tzen und Swimmingpool in Garda\t\t\t\t\t\t\t\t<\/H4>\n\t\t\t\t\t\t\t\t<p class=\"precio-alojamiento\">Aus <span class=\"precio\">600.00\u20ac<\/span> pro Nacht<\/p>\n\t\t\t\t\t\t\t<\/div>\n\t\t\t\t\t\t<\/div>\n\t\t\t\t\t<\/a> \n\t\t\t\t\t\t\n\t\t\t\t\t<a href=\"https:\/\/www.domusrental.com\/de\/vermietung\/villa-garda-ca-le-terrazze-with-pool-232416.html\" rel=\"nofollow\" style=\"width: 32%;\">\n\t\t\t\t\t\t<div class=\"apartamento-box\">\n\t\t\t\t\t\t\t<div class=\"imagen_recomendados\">\n\t\t\t\t\t\t\t\t<img decoding=\"async\" src=\"https:\/\/crs.avantio.com\/fotos\/2\/1517847239bb389299711769af2a59bac277931e13\/big1759747818ebea8ef67255e4b49f063f61bae5bb82.jpg\" alt=\"C\u00e0 Le Terrazze - Villa in Garda mit Blick auf den See, Stadtn\u00e4he, Garten, Gemeinschaftspool. Geeignet f\u00fcr 10 Personen.\">\n\t\t\t\t\t\t\t<\/div>\n\t\t\t\t\t\t\t<div class=\"info\">\n\t\t\t\t\t\t\t\t<div class=\"ubicacion\">\n\t\t\t\t\t\t\t\t\t<i class=\"fa-solid fa-location-dot icono-mapa\"><\/i><span class=\"ubicacion-texto\">Garda - Verona<\/span>\n\t\t\t\t\t\t\t\t<\/div>\n\t\t\t\t\t\t\t\t<H4 class=\"titulo-alojamiento\">\n\t\t\t\t\t\t\t\t\tC\u00e0 Le Terrazze - Villa in Garda mit Blick auf den See, Stadtn\u00e4he, Garten, Gemeinschaftspool. Geeignet f\u00fcr 10 Personen.\t\t\t\t\t\t\t\t<\/H4>\n\t\t\t\t\t\t\t\t<p class=\"precio-alojamiento\">Aus <span class=\"precio\">570.00\u20ac<\/span> pro Nacht<\/p>\n\t\t\t\t\t\t\t<\/div>\n\t\t\t\t\t\t<\/div>\n\t\t\t\t\t<\/a> \n\t\t\t\t\t\t\n\t\t\t\t\t<a href=\"https:\/\/www.domusrental.com\/de\/vermietung\/villa-bardolino-villa-lisi-with-pool-232425.html\" rel=\"nofollow\" style=\"width: 32%;\">\n\t\t\t\t\t\t<div class=\"apartamento-box\">\n\t\t\t\t\t\t\t<div class=\"imagen_recomendados\">\n\t\t\t\t\t\t\t\t<img decoding=\"async\" src=\"https:\/\/crs.avantio.com\/fotos\/2\/151799533018fa8f3de5e3f84c9b80694f9fb0567f\/big169502514004cb17709f8ab8adc4b7bf677990d2f0.jpg\" alt=\"Villa Lisi - 8 Schlafplaetze, in Wohnsitz mit Swimmingpool in Bardolino\">\n\t\t\t\t\t\t\t<\/div>\n\t\t\t\t\t\t\t<div class=\"info\">\n\t\t\t\t\t\t\t\t<div class=\"ubicacion\">\n\t\t\t\t\t\t\t\t\t<i class=\"fa-solid fa-location-dot icono-mapa\"><\/i><span class=\"ubicacion-texto\">Bardolino - Verona<\/span>\n\t\t\t\t\t\t\t\t<\/div>\n\t\t\t\t\t\t\t\t<H4 class=\"titulo-alojamiento\">\n\t\t\t\t\t\t\t\t\tVilla Lisi - 8 Schlafplaetze, in Wohnsitz mit Swimmingpool in Bardolino\t\t\t\t\t\t\t\t<\/H4>\n\t\t\t\t\t\t\t\t<p class=\"precio-alojamiento\">Aus <span class=\"precio\">350.00\u20ac<\/span> pro Nacht<\/p>\n\t\t\t\t\t\t\t<\/div>\n\t\t\t\t\t\t<\/div>\n\t\t\t\t\t<\/a> \n\t\t\t\t\t\t\n\t\t\t\t\t<a href=\"https:\/\/www.domusrental.com\/de\/vermietung\/villa-lazise-villa-gasco-with-pool-232536.html\" rel=\"nofollow\" style=\"width: 32%;\">\n\t\t\t\t\t\t<div class=\"apartamento-box\">\n\t\t\t\t\t\t\t<div class=\"imagen_recomendados\">\n\t\t\t\t\t\t\t\t<img decoding=\"async\" src=\"https:\/\/crs.avantio.com\/fotos\/2\/1518002728eb674fc68d87c0cfc2b18aa2fc1fcdd0\/big17252712596efb305d9bdfcbdd83717d80e6cc97c4.jpg\" alt=\"Villa Gasco - Neue Villa mit privatem Pool und Garten im Hinterland von Lazise. Geeignet f\u00fcr 7 Personen\">\n\t\t\t\t\t\t\t<\/div>\n\t\t\t\t\t\t\t<div class=\"info\">\n\t\t\t\t\t\t\t\t<div class=\"ubicacion\">\n\t\t\t\t\t\t\t\t\t<i class=\"fa-solid fa-location-dot icono-mapa\"><\/i><span class=\"ubicacion-texto\">Lazise - Verona<\/span>\n\t\t\t\t\t\t\t\t<\/div>\n\t\t\t\t\t\t\t\t<H4 class=\"titulo-alojamiento\">\n\t\t\t\t\t\t\t\t\tVilla Gasco - Neue Villa mit privatem Pool und Garten im Hinterland von Lazise. Geeignet f\u00fcr 7 Personen\t\t\t\t\t\t\t\t<\/H4>\n\t\t\t\t\t\t\t\t<p class=\"precio-alojamiento\">Aus <span class=\"precio\">400.00\u20ac<\/span> pro Nacht<\/p>\n\t\t\t\t\t\t\t<\/div>\n\t\t\t\t\t\t<\/div>\n\t\t\t\t\t<\/a> \n\t\t\t\t\t\t\n\t\t\t\t\t<a href=\"https:\/\/www.domusrental.com\/de\/vermietung\/villa-castelgomberto-il-giardino-di-sibilla-with-pool-232697.html\" rel=\"nofollow\" style=\"width: 32%;\">\n\t\t\t\t\t\t<div class=\"apartamento-box\">\n\t\t\t\t\t\t\t<div class=\"imagen_recomendados\">\n\t\t\t\t\t\t\t\t<img decoding=\"async\" src=\"https:\/\/crs.avantio.com\/fotos\/2\/1518084106853b0744851ec217c93120becdf6c999\/big1518162459214e077ec050eabe5021008d2cf44209.jpg\" alt=\"Giardino di Sibilla - Liebevoll rennovierter Bauernhof mit Pool auf den H\u00fcgeln bei Vicenza mit zwei Wohnungen f\u00fcr insgesamt 15 Personen.\">\n\t\t\t\t\t\t\t<\/div>\n\t\t\t\t\t\t\t<div class=\"info\">\n\t\t\t\t\t\t\t\t<div class=\"ubicacion\">\n\t\t\t\t\t\t\t\t\t<i class=\"fa-solid fa-location-dot icono-mapa\"><\/i><span class=\"ubicacion-texto\">Castelgomberto - Vicenza Provinz<\/span>\n\t\t\t\t\t\t\t\t<\/div>\n\t\t\t\t\t\t\t\t<H4 class=\"titulo-alojamiento\">\n\t\t\t\t\t\t\t\t\tGiardino di Sibilla - Liebevoll rennovierter Bauernhof mit Pool auf den H\u00fcgeln bei Vicenza mit zwei Wohnungen f\u00fcr insgesamt 15 Personen.\t\t\t\t\t\t\t\t<\/H4>\n\t\t\t\t\t\t\t\t<p class=\"precio-alojamiento\">Aus <span class=\"precio\">800.00\u20ac<\/span> pro Nacht<\/p>\n\t\t\t\t\t\t\t<\/div>\n\t\t\t\t\t\t<\/div>\n\t\t\t\t\t<\/a> \n\t\t\t\t\t\t\t\t<\/div>\n\t\t\t<\/div>\n\t\t\t\t\t\t<\/div>\n\t\t\t\t<\/div>\n\t\t<div class=\"elementor-element elementor-element-d78c201 e-grid e-con-full e-con e-child\" data-id=\"d78c201\" data-element_type=\"container\" data-e-type=\"container\">\n\t\t\t\t<div class=\"elementor-element elementor-element-70bc0fb elementor-align-center elementor-widget elementor-widget-button\" data-id=\"70bc0fb\" data-element_type=\"widget\" data-e-type=\"widget\" data-widget_type=\"button.default\">\n\t\t\t\t<div class=\"elementor-widget-container\">\n\t\t\t\t\t\t\t\t\t<div class=\"elementor-button-wrapper\">\n\t\t\t\t\t<a class=\"elementor-button elementor-button-link elementor-size-sm\" href=\"https:\/\/www.domusrental.com\/de\/villa-gardasee\/\">\n\t\t\t\t\t\t<span class=\"elementor-button-content-wrapper\">\n\t\t\t\t\t\t\t\t\t<span class=\"elementor-button-text\">Villen am Gardasee<\/span>\n\t\t\t\t\t<\/span>\n\t\t\t\t\t<\/a>\n\t\t\t\t<\/div>\n\t\t\t\t\t\t\t\t<\/div>\n\t\t\t\t<\/div>\n\t\t\t\t<div class=\"elementor-element elementor-element-80f4397 elementor-align-center elementor-widget elementor-widget-button\" data-id=\"80f4397\" data-element_type=\"widget\" data-e-type=\"widget\" data-widget_type=\"button.default\">\n\t\t\t\t<div class=\"elementor-widget-container\">\n\t\t\t\t\t\t\t\t\t<div class=\"elementor-button-wrapper\">\n\t\t\t\t\t<a class=\"elementor-button elementor-button-link elementor-size-sm\" href=\"https:\/\/www.domusrental.com\/de\/ferienwohnungen-gardasee\/\">\n\t\t\t\t\t\t<span class=\"elementor-button-content-wrapper\">\n\t\t\t\t\t\t\t\t\t<span class=\"elementor-button-text\">Ferienwohnungen am Gardasee<\/span>\n\t\t\t\t\t<\/span>\n\t\t\t\t\t<\/a>\n\t\t\t\t<\/div>\n\t\t\t\t\t\t\t\t<\/div>\n\t\t\t\t<\/div>\n\t\t\t\t<\/div>\n\t\t\t\t<\/div>\n\t\t\t\t\t<\/div>\n\t\t\t\t<\/div>\n\t\t<div class=\"elementor-element elementor-element-ea337b3 e-flex e-con-boxed elementor-invisible e-con e-parent\" data-id=\"ea337b3\" data-element_type=\"container\" data-e-type=\"container\" data-settings=\"{&quot;background_background&quot;:&quot;classic&quot;,&quot;animation&quot;:&quot;slideInLeft&quot;}\">\n\t\t\t\t\t<div class=\"e-con-inner\">\n\t\t<div class=\"elementor-element elementor-element-3bcba04 e-con-full e-flex e-con e-child\" data-id=\"3bcba04\" data-element_type=\"container\" data-e-type=\"container\">\n\t\t\t\t<div class=\"elementor-element elementor-element-cb62e5c elementor-widget elementor-widget-heading\" data-id=\"cb62e5c\" data-element_type=\"widget\" data-e-type=\"widget\" data-widget_type=\"heading.default\">\n\t\t\t\t<div class=\"elementor-widget-container\">\n\t\t\t\t\t<h2 class=\"elementor-heading-title elementor-size-default\">Wie man zum Gardasee gelangt<\/h2>\t\t\t\t<\/div>\n\t\t\t\t<\/div>\n\t\t\t\t<div class=\"elementor-element elementor-element-8291453 elementor-widget elementor-widget-google_maps\" data-id=\"8291453\" data-element_type=\"widget\" data-e-type=\"widget\" data-widget_type=\"google_maps.default\">\n\t\t\t\t<div class=\"elementor-widget-container\">\n\t\t\t\t\t\t\t<div class=\"elementor-custom-embed\">\n\t\t\t<iframe loading=\"lazy\"\n\t\t\t\t\tsrc=\"https:\/\/maps.google.com\/maps?q=lago%20di%20garda&#038;t=m&#038;z=10&#038;output=embed&#038;iwloc=near\"\n\t\t\t\t\ttitle=\"lago di garda\"\n\t\t\t\t\taria-label=\"lago di garda\"\n\t\t\t><\/iframe>\n\t\t<\/div>\n\t\t\t\t\t\t<\/div>\n\t\t\t\t<\/div>\n\t\t\t\t<\/div>\n\t\t<div class=\"elementor-element elementor-element-c76db82 e-con-full e-flex e-con e-child\" data-id=\"c76db82\" data-element_type=\"container\" data-e-type=\"container\">\n\t\t\t\t<div class=\"elementor-element elementor-element-ebd5a7e elementor-align-start elementor-list-item-link-inline elementor-icon-list--layout-traditional elementor-widget elementor-widget-icon-list\" data-id=\"ebd5a7e\" data-element_type=\"widget\" data-e-type=\"widget\" data-widget_type=\"icon-list.default\">\n\t\t\t\t<div class=\"elementor-widget-container\">\n\t\t\t\t\t\t\t<ul class=\"elementor-icon-list-items\">\n\t\t\t\t\t\t\t<li class=\"elementor-icon-list-item\">\n\t\t\t\t\t\t\t\t\t\t\t<span class=\"elementor-icon-list-icon\">\n\t\t\t\t\t\t\t<i aria-hidden=\"true\" class=\"fas fa-plane\"><\/i>\t\t\t\t\t\t<\/span>\n\t\t\t\t\t\t\t\t\t\t<span class=\"elementor-icon-list-text\">Die n\u00e4chstgelegenen Flugh\u00e4fen sind <b>Verona Valerio Catullo<\/b>, <b>Bergamo Orio al Serio<\/b> und <b>Mailand Linate\/Malpensa<\/b>, alle mit Verbindungen zum See.<\/span>\n\t\t\t\t\t\t\t\t\t<\/li>\n\t\t\t\t\t\t\t\t<li class=\"elementor-icon-list-item\">\n\t\t\t\t\t\t\t\t\t\t\t<span class=\"elementor-icon-list-icon\">\n\t\t\t\t\t\t\t<i aria-hidden=\"true\" class=\"fas fa-car\"><\/i>\t\t\t\t\t\t<\/span>\n\t\t\t\t\t\t\t\t\t\t<span class=\"elementor-icon-list-text\">\u00dcber die Autobahn <b>A4<\/b> (Mailand\u2013Venedig) und <b>A22<\/b> (Modena\u2013Brenner), mit Ausfahrten in der N\u00e4he der Ortschaften am See.<\/span>\n\t\t\t\t\t\t\t\t\t<\/li>\n\t\t\t\t\t\t\t\t<li class=\"elementor-icon-list-item\">\n\t\t\t\t\t\t\t\t\t\t\t<span class=\"elementor-icon-list-icon\">\n\t\t\t\t\t\t\t<i aria-hidden=\"true\" class=\"fas fa-train\"><\/i>\t\t\t\t\t\t<\/span>\n\t\t\t\t\t\t\t\t\t\t<span class=\"elementor-icon-list-text\">Die Bahnh\u00f6fe <b>Peschiera del Garda<\/b> und <b>Desenzano del Garda<\/b> sind gut mit den wichtigsten italienischen St\u00e4dten verbunden.<\/span>\n\t\t\t\t\t\t\t\t\t<\/li>\n\t\t\t\t\t\t\t\t<li class=\"elementor-icon-list-item\">\n\t\t\t\t\t\t\t\t\t\t\t<span class=\"elementor-icon-list-icon\">\n\t\t\t\t\t\t\t<i aria-hidden=\"true\" class=\"fas fa-water\"><\/i>\t\t\t\t\t\t<\/span>\n\t\t\t\t\t\t\t\t\t\t<span class=\"elementor-icon-list-text\">Ein Netz von <b>F\u00e4hren<\/b> verbindet die wichtigsten Ortschaften am See \u2013 ideal, um sich ohne Auto fortzubewegen und die Aussicht vom Wasser aus zu genie\u00dfen.<\/span>\n\t\t\t\t\t\t\t\t\t<\/li>\n\t\t\t\t\t\t<\/ul>\n\t\t\t\t\t\t<\/div>\n\t\t\t\t<\/div>\n\t\t\t\t<\/div>\n\t\t\t\t\t<\/div>\n\t\t\t\t<\/div>\n\t\t<div class=\"elementor-element elementor-element-588ac71 e-flex e-con-boxed e-con e-parent\" data-id=\"588ac71\" data-element_type=\"container\" data-e-type=\"container\">\n\t\t\t\t\t<div class=\"e-con-inner\">\n\t\t\t\t<div class=\"elementor-element elementor-element-437bef5 elementor-widget elementor-widget-heading\" data-id=\"437bef5\" data-element_type=\"widget\" data-e-type=\"widget\" data-widget_type=\"heading.default\">\n\t\t\t\t<div class=\"elementor-widget-container\">\n\t\t\t\t\t<h2 class=\"elementor-heading-title elementor-size-default\">Gardasee mit Kindern im Fr\u00fchling\n<\/h2>\t\t\t\t<\/div>\n\t\t\t\t<\/div>\n\t\t\t\t<div class=\"elementor-element elementor-element-dc3ab95 elementor-widget elementor-widget-text-editor\" data-id=\"dc3ab95\" data-element_type=\"widget\" data-e-type=\"widget\" data-widget_type=\"text-editor.default\">\n\t\t\t\t<div class=\"elementor-widget-container\">\n\t\t\t\t\t\t\t\t\t<p>Der Fr\u00fchling ist wahrscheinlich die zauberhafteste Jahreszeit, um den Gardasee mit Kindern zu entdecken. W\u00e4hrend die Natur in einer Explosion von D\u00fcften und Farben erwacht, erm\u00f6glichen die milden Temperaturen, den ganzen Tag im Freien zu verbringen, ohne unter der sommerlichen Hitze zu leiden. Es ist der perfekte Moment, um die Region familienfreundlich zu erleben: Die Parks \u00f6ffnen ihre Tore, die Wanderwege werden auch f\u00fcr die Kleinsten zug\u00e4nglich, und die entspannte Atmosph\u00e4re der D\u00f6rfer macht jede Fortbewegung zum Vergn\u00fcgen und verwandelt den urlaub in ein gro\u00dfes Abenteuer zwischen Wasser, Burgen und verzauberten G\u00e4rten.  <\/p>\t\t\t\t\t\t\t\t<\/div>\n\t\t\t\t<\/div>\n\t\t\t\t<div class=\"elementor-element elementor-element-084e02e elementor-widget elementor-widget-image-gallery\" data-id=\"084e02e\" data-element_type=\"widget\" data-e-type=\"widget\" data-widget_type=\"image-gallery.default\">\n\t\t\t\t<div class=\"elementor-widget-container\">\n\t\t\t\t\t\t\t<div class=\"elementor-image-gallery\">\n\t\t\t<div id='gallery-1' class='gallery galleryid-5557 gallery-columns-2 gallery-size-medium'><figure class='gallery-item'>\n\t\t\t<div class='gallery-icon landscape'>\n\t\t\t\t<a data-elementor-open-lightbox=\"yes\" data-elementor-lightbox-slideshow=\"084e02e\" data-elementor-lightbox-title=\"Familie steht auf einem Steg und genie\u00dft den Blick auf den Gardasee\" data-e-action-hash=\"#elementor-action%3Aaction%3Dlightbox%26settings%3DeyJpZCI6Mzc2NSwidXJsIjoiaHR0cHM6XC9cL3d3dy5kb211c3JlbnRhbC5jb21cL2Jsb2dcL3dwLWNvbnRlbnRcL3VwbG9hZHNcLzIwMjVcLzA0XC9nYXJkYS1sYWtlLWhpa2Uta2lkcy5qcGciLCJzbGlkZXNob3ciOiIwODRlMDJlIn0%3D\" href='https:\/\/www.domusrental.com\/blog\/wp-content\/uploads\/2025\/04\/garda-lake-hike-kids.jpg'><img decoding=\"async\" width=\"300\" height=\"276\" src=\"https:\/\/www.domusrental.com\/blog\/wp-content\/uploads\/2025\/04\/garda-lake-hike-kids-380x350.jpg\" class=\"attachment-medium size-medium\" alt=\"\" aria-describedby=\"gallery-1-3765\" \/><\/a>\n\t\t\t<\/div>\n\t\t\t\t<figcaption class='wp-caption-text gallery-caption' id='gallery-1-3765'>\n\t\t\t\tFamilie genie\u00dft ihren Urlaub in Italien. Sie stehen auf einem Steg in Riva del Garda und genie\u00dfen den herrlichen Blick auf den von den Alpen umgebenen Gardasee.\nNikon D850 \n\t\t\t\t<\/figcaption><\/figure><figure class='gallery-item'>\n\t\t\t<div class='gallery-icon landscape'>\n\t\t\t\t<a data-elementor-open-lightbox=\"yes\" data-elementor-lightbox-slideshow=\"084e02e\" data-elementor-lightbox-title=\"iStock-1222781004\" data-e-action-hash=\"#elementor-action%3Aaction%3Dlightbox%26settings%3DeyJpZCI6MzIzNSwidXJsIjoiaHR0cHM6XC9cL3d3dy5kb211c3JlbnRhbC5jb21cL2Jsb2dcL3dwLWNvbnRlbnRcL3VwbG9hZHNcLzIwMjVcLzAxXC9pU3RvY2stMTIyMjc4MTAwNC5qcGciLCJzbGlkZXNob3ciOiIwODRlMDJlIn0%3D\" href='https:\/\/www.domusrental.com\/blog\/wp-content\/uploads\/2025\/01\/iStock-1222781004.jpg'><img decoding=\"async\" width=\"300\" height=\"276\" src=\"https:\/\/www.domusrental.com\/blog\/wp-content\/uploads\/2025\/01\/iStock-1222781004-380x350.jpg\" class=\"attachment-medium size-medium\" alt=\"Luxuserlebnisse am Gardasee\" \/><\/a>\n\t\t\t<\/div><\/figure>\n\t\t<\/div>\n\t\t<\/div>\n\t\t\t\t\t\t<\/div>\n\t\t\t\t<\/div>\n\t\t\t\t<div class=\"elementor-element elementor-element-7518706 elementor-widget elementor-widget-text-editor\" data-id=\"7518706\" data-element_type=\"widget\" data-e-type=\"widget\" data-widget_type=\"text-editor.default\">\n\t\t\t\t<div class=\"elementor-widget-container\">\n\t\t\t\t\t\t\t\t\t<ul><li><strong>Spa\u00df in den Themenparks:<\/strong> Mit der Wiederer\u00f6ffnung im Fr\u00fchling sind <em>Gardaland und Movieland<\/em> ein Muss. Die Warteschlangen sind deutlich k\u00fcrzer als im Sommer, und das Klima ist ideal, um die Attraktionen zu genie\u00dfen, ohne unter der Sonne zu leiden. <\/li><li><strong>Spaziergang zwischen den Tieren im Parco Natura Viva:<\/strong> Im Fr\u00fchling sind die Tiere des Safariparks und des Tierparks sehr aktiv; es ist die beste Zeit, um die Jungtiere zu beobachten und durch die bewaldeten Wege von Bussolengo zu spazieren.<\/li><li><strong>Ritter werden im Castello di Sirmione:<\/strong> Die Erkundung der Befestigungsanlagen und Wehrg\u00e4nge der Rocca Scaligera entfacht die Fantasie der Kinder. Die Lage direkt am Wasser macht den Besuch zu einer echten Zeitreise. <\/li><li><strong>Picknick und Toben im Parco Giardino Sigurt\u00e0:<\/strong> Neben der Tulpenbl\u00fcte werden die Kinder es lieben, sich im Gro\u00dfen Labyrinth zu verlieren und den Lernbauernhof zu besuchen, wo sie Esel und Ziegen aus n\u00e4chster N\u00e4he begegnen k\u00f6nnen.<\/li><li><strong>Abenteuer auf der Rocca di Manerba:<\/strong> Ein einfacher und panoramareicher Weg f\u00fchrt zum Kreuz auf dem Gipfel des Felsens; es ist eine perfekte Route f\u00fcr kleine Entdecker, mit gro\u00dfen Gr\u00fcnfl\u00e4chen, wo man eine Brotzeit mit Blick auf den gesamten See genie\u00dfen kann.<\/li><li><strong>Mit dem Boot wie echte Seeb\u00e4ren:<\/strong> Die F\u00e4hre zu nehmen, um von einem Ufer zum anderen zu gelangen (z. B. von Maderno nach Torri del Benaco), verwandelt eine einfache Fahrt in eine aufregende Mini-Kreuzfahrt f\u00fcr jedes Kind.<\/li><\/ul>\t\t\t\t\t\t\t\t<\/div>\n\t\t\t\t<\/div>\n\t\t\t\t\t<\/div>\n\t\t\t\t<\/div>\n\t\t<div class=\"elementor-element elementor-element-1bf7527 e-flex e-con-boxed e-con e-parent\" data-id=\"1bf7527\" data-element_type=\"container\" data-e-type=\"container\">\n\t\t\t\t\t<div class=\"e-con-inner\">\n\t\t<div class=\"elementor-element elementor-element-80024e6 e-con-full e-flex e-con e-child\" data-id=\"80024e6\" data-element_type=\"container\" data-e-type=\"container\">\n\t\t\t\t<div class=\"elementor-element elementor-element-128b646 elementor-view-default elementor-position-block-start elementor-mobile-position-block-start elementor-widget elementor-widget-icon-box\" data-id=\"128b646\" data-element_type=\"widget\" data-e-type=\"widget\" data-widget_type=\"icon-box.default\">\n\t\t\t\t<div class=\"elementor-widget-container\">\n\t\t\t\t\t\t\t<div class=\"elementor-icon-box-wrapper\">\n\n\t\t\t\t\t\t<div class=\"elementor-icon-box-icon\">\n\t\t\t\t<span  class=\"elementor-icon\">\n\t\t\t\t<i aria-hidden=\"true\" class=\"fas fa-hand-holding-usd\"><\/i>\t\t\t\t<\/span>\n\t\t\t<\/div>\n\t\t\t\n\t\t\t\t\t\t<div class=\"elementor-icon-box-content\">\n\n\t\t\t\t\t\t\t\t\t<h4 class=\"elementor-icon-box-title\">\n\t\t\t\t\t\t<span  >\n\t\t\t\t\t\t\tKurtaxe\t\t\t\t\t\t<\/span>\n\t\t\t\t\t<\/h4>\n\t\t\t\t\n\t\t\t\t\t\t\t\t\t<p class=\"elementor-icon-box-description\">\n\t\t\t\t\t\tAm Gardasee wird eine Kurtaxe erhoben, die je nach Kategorie der Unterkunft zwischen 0,50 \u20ac und 3 \u20ac pro Nacht und Person betr\u00e4gt. Der Betrag ist direkt vor Ort beim Check-in oder Check-out zu entrichten. \n\n\n\n\n\n\n\n\n\t\t\t\t\t<\/p>\n\t\t\t\t\n\t\t\t<\/div>\n\t\t\t\n\t\t<\/div>\n\t\t\t\t\t\t<\/div>\n\t\t\t\t<\/div>\n\t\t\t\t<\/div>\n\t\t<div class=\"elementor-element elementor-element-e4cc02f e-con-full e-flex e-con e-child\" data-id=\"e4cc02f\" data-element_type=\"container\" data-e-type=\"container\">\n\t\t\t\t<div class=\"elementor-element elementor-element-cf3afd5 elementor-view-default elementor-position-block-start elementor-mobile-position-block-start elementor-widget elementor-widget-icon-box\" data-id=\"cf3afd5\" data-element_type=\"widget\" data-e-type=\"widget\" data-widget_type=\"icon-box.default\">\n\t\t\t\t<div class=\"elementor-widget-container\">\n\t\t\t\t\t\t\t<div class=\"elementor-icon-box-wrapper\">\n\n\t\t\t\t\t\t<div class=\"elementor-icon-box-icon\">\n\t\t\t\t<a href=\"https:\/\/www.domusrental.com\/blog\/de\/gardasee-mit-hund\/\" target=\"_blank\" class=\"elementor-icon\" tabindex=\"-1\" aria-label=\"Haustiere und Regeln\">\n\t\t\t\t<i aria-hidden=\"true\" class=\"fas fa-dog\"><\/i>\t\t\t\t<\/a>\n\t\t\t<\/div>\n\t\t\t\n\t\t\t\t\t\t<div class=\"elementor-icon-box-content\">\n\n\t\t\t\t\t\t\t\t\t<h4 class=\"elementor-icon-box-title\">\n\t\t\t\t\t\t<a href=\"https:\/\/www.domusrental.com\/blog\/de\/gardasee-mit-hund\/\" target=\"_blank\" >\n\t\t\t\t\t\t\tHaustiere und Regeln\t\t\t\t\t\t<\/a>\n\t\t\t\t\t<\/h4>\n\t\t\t\t\n\t\t\t\t\t\t\t\t\t<p class=\"elementor-icon-box-description\">\n\t\t\t\t\t\tDer Gardasee ist ein haustierfreundliches Reiseziel mit Str\u00e4nden, Wanderwegen und Bereichen f\u00fcr Hunde. Tiere m\u00fcssen stets an der Leine gef\u00fchrt werden und einen Maulkorb griffbereit haben. Erfahren Sie mehr \u00fcber <a href=\"https:\/\/www.domusrental.com\/blog\/de\/gardasee-mit-hund\/\">urlaub mit Hunden<\/a>.  \t\t\t\t\t<\/p>\n\t\t\t\t\n\t\t\t<\/div>\n\t\t\t\n\t\t<\/div>\n\t\t\t\t\t\t<\/div>\n\t\t\t\t<\/div>\n\t\t\t\t<\/div>\n\t\t\t\t\t<\/div>\n\t\t\t\t<\/div>\n\t\t<div class=\"elementor-element elementor-element-124c817 e-flex e-con-boxed e-con e-parent\" data-id=\"124c817\" data-element_type=\"container\" data-e-type=\"container\" data-settings=\"{&quot;background_background&quot;:&quot;classic&quot;}\">\n\t\t\t\t\t<div class=\"e-con-inner\">\n\t\t<div class=\"elementor-element elementor-element-0b15713 e-con-full e-flex e-con e-child\" data-id=\"0b15713\" data-element_type=\"container\" data-e-type=\"container\">\n\t\t\t\t<div class=\"elementor-element elementor-element-44cbad6 elementor-widget elementor-widget-heading\" data-id=\"44cbad6\" data-element_type=\"widget\" data-e-type=\"widget\" data-widget_type=\"heading.default\">\n\t\t\t\t<div class=\"elementor-widget-container\">\n\t\t\t\t\t<h2 class=\"elementor-heading-title elementor-size-default\">Frische Gerichte im Fr\u00fchling am Gardasee<\/h2>\t\t\t\t<\/div>\n\t\t\t\t<\/div>\n\t\t\t\t<div class=\"elementor-element elementor-element-de55f27 elementor-widget elementor-widget-image\" data-id=\"de55f27\" data-element_type=\"widget\" data-e-type=\"widget\" data-widget_type=\"image.default\">\n\t\t\t\t<div class=\"elementor-widget-container\">\n\t\t\t\t\t\t\t\t\t\t\t\t\t\t\t<img loading=\"lazy\" decoding=\"async\" width=\"768\" height=\"513\" src=\"https:\/\/www.domusrental.com\/blog\/wp-content\/uploads\/2024\/05\/Esplanade\u200b-768x513.webp\" class=\"attachment-medium_large size-medium_large wp-image-2218\" alt=\"Esplanade\" srcset=\"https:\/\/www.domusrental.com\/blog\/wp-content\/uploads\/2024\/05\/Esplanade\u200b-768x513.webp 768w, https:\/\/www.domusrental.com\/blog\/wp-content\/uploads\/2024\/05\/Esplanade\u200b-1536x1026.webp 1536w, https:\/\/www.domusrental.com\/blog\/wp-content\/uploads\/2024\/05\/Esplanade\u200b.webp 1920w\" sizes=\"(max-width: 768px) 100vw, 768px\" \/>\t\t\t\t\t\t\t\t\t\t\t\t\t\t\t<\/div>\n\t\t\t\t<\/div>\n\t\t\t\t<\/div>\n\t\t<div class=\"elementor-element elementor-element-4b9376a e-con-full e-flex e-con e-child\" data-id=\"4b9376a\" data-element_type=\"container\" data-e-type=\"container\">\n\t\t\t\t<div class=\"elementor-element elementor-element-e0a6846 elementor-widget elementor-widget-text-editor\" data-id=\"e0a6846\" data-element_type=\"widget\" data-e-type=\"widget\" data-widget_type=\"text-editor.default\">\n\t\t\t\t<div class=\"elementor-widget-container\">\n\t\t\t\t\t\t\t\t\t<p>Hier eine Auswahl von 6 fr\u00fchlingshaften, frischen und leichten Gerichten, die typisch f\u00fcr die Gardasee-Region sind:<\/p><ul><li><strong>Carpaccio di Coregone agli agrumi:<\/strong> Frischeste Filets von Seefisch, mariniert mit Zitronen aus Limone sul Garda und lokalem \u00d6l; eine leichte und duftende Vorspeise.<\/li><li><strong>Risotto mit wei\u00dfem Spargel:<\/strong> Im Fr\u00fchling wird der Spargel aus Rivoli Veronese geerntet, perfekt f\u00fcr ein zartes und cremiges erstes Gericht, das den Gem\u00fcsegarten feiert.<\/li><li><strong>Bigoli mit Gardasee-Sardinen:<\/strong> Hausgemachte lange Pasta mit Seesardinen, DOP-\u00d6l und wildem Fenchel gew\u00fcrzt, f\u00fcr einen w\u00fcrzigen, aber frischen Geschmack.<\/li><li><strong>Tortellini di Valeggio mit Butter und Salbei:<\/strong> Die ber\u00fchmten \u201eLiebesknoten\u201c in der trockenen Variante serviert \u2013 ideal f\u00fcr ein leichtes Mittagessen unter der Fr\u00fchlingssonne.<\/li><li><strong>Hecht in Gardasee-Sauce:<\/strong> Gekochter Fisch, kalt serviert mit einer Sauce aus Kapern, Sardellen und Petersilie, begleitet von einer Polenta-Crostini.<\/li><li><strong>Semifreddo al Limoncello:<\/strong> Ein frisches und lebhaftes Dessert, zubereitet mit Zitronen aus den historischen Zitronenhainen, perfekt, um das Essen mit einer zitronigen Note abzuschlie\u00dfen.<\/li><\/ul>\t\t\t\t\t\t\t\t<\/div>\n\t\t\t\t<\/div>\n\t\t\t\t<\/div>\n\t\t\t\t\t<\/div>\n\t\t\t\t<\/div>\n\t\t<div class=\"elementor-element elementor-element-b4f657e e-flex e-con-boxed e-con e-parent\" data-id=\"b4f657e\" data-element_type=\"container\" data-e-type=\"container\">\n\t\t\t\t\t<div class=\"e-con-inner\">\n\t\t<div class=\"elementor-element elementor-element-44e7b9c e-con-full e-flex e-con e-child\" data-id=\"44e7b9c\" data-element_type=\"container\" data-e-type=\"container\">\n\t\t\t\t<div class=\"elementor-element elementor-element-1a2c00a elementor-widget elementor-widget-heading\" data-id=\"1a2c00a\" data-element_type=\"widget\" data-e-type=\"widget\" data-widget_type=\"heading.default\">\n\t\t\t\t<div class=\"elementor-widget-container\">\n\t\t\t\t\t<h2 class=\"elementor-heading-title elementor-size-default\">Fr\u00fchlingsveranstaltungen, die man nicht verpassen sollte<\/h2>\t\t\t\t<\/div>\n\t\t\t\t<\/div>\n\t\t\t\t<div class=\"elementor-element elementor-element-3e61593 elementor-widget elementor-widget-image\" data-id=\"3e61593\" data-element_type=\"widget\" data-e-type=\"widget\" data-widget_type=\"image.default\">\n\t\t\t\t<div class=\"elementor-widget-container\">\n\t\t\t\t\t\t\t\t\t\t\t\t\t\t\t<img loading=\"lazy\" decoding=\"async\" width=\"800\" height=\"533\" src=\"https:\/\/www.domusrental.com\/blog\/wp-content\/uploads\/2025\/12\/iStock-2241474902.webp\" class=\"attachment-large size-large wp-image-5080\" alt=\"\" srcset=\"https:\/\/www.domusrental.com\/blog\/wp-content\/uploads\/2025\/12\/iStock-2241474902.webp 900w, https:\/\/www.domusrental.com\/blog\/wp-content\/uploads\/2025\/12\/iStock-2241474902-300x200.webp 300w, https:\/\/www.domusrental.com\/blog\/wp-content\/uploads\/2025\/12\/iStock-2241474902-768x512.webp 768w\" sizes=\"(max-width: 800px) 100vw, 800px\" \/>\t\t\t\t\t\t\t\t\t\t\t\t\t\t\t<\/div>\n\t\t\t\t<\/div>\n\t\t\t\t<\/div>\n\t\t<div class=\"elementor-element elementor-element-3c1caf9 e-con-full e-flex e-con e-child\" data-id=\"3c1caf9\" data-element_type=\"container\" data-e-type=\"container\">\n\t\t\t\t<div class=\"elementor-element elementor-element-97d4b7e elementor-widget elementor-widget-text-editor\" data-id=\"97d4b7e\" data-element_type=\"widget\" data-e-type=\"widget\" data-widget_type=\"text-editor.default\">\n\t\t\t\t<div class=\"elementor-widget-container\">\n\t\t\t\t\t\t\t\t\t<ul><li><strong>Flower Fun &amp; Games (Lazise):<\/strong> Mitte April wird das historische Zentrum von Lazise zu einem Vergn\u00fcgungspark mit Blumenthema. Es ist die perfekte Veranstaltung f\u00fcr Familien, mit Zaubershows, kreativen Workshops zum Binden von Blumenstr\u00e4u\u00dfen und Bereichen f\u00fcr alte Spiele. <\/li><li><strong>Fr\u00fchlingsfest in Mori und Umgebung:<\/strong> Ende April organisieren die D\u00f6rfer im Hinterland des Gardasees (wie Mori oder Desenzano) Kunsthandwerksm\u00e4rkte und gastronomische St\u00e4nde, um die lokalen Produkte und die Wiederer\u00f6ffnung der Outdoor-Saison zu feiern.<\/li><li><strong>Tulipanomania im Parco Sigurt\u00e0:<\/strong> Es ist kein Stra\u00dfenfest, aber das Ereignis des Fr\u00fchlings. Mit \u00fcber einer Million Tulpen ist es eine Feier der Natur, die zwischen M\u00e4rz und April Besucher aus ganz Europa anzieht. <\/li><li><strong>Olivum in Bardolino:<\/strong> Ende April findet diese Veranstaltung statt, die dem Oliven\u00f6l Extra Vergine DOP vom Gardasee gewidmet ist, mit gef\u00fchrten Verkostungen zwischen den Olivenb\u00e4umen, die zu sprie\u00dfen beginnen.<\/li><li><strong>FSA Bike Festival (Riva del Garda):<\/strong> F\u00fcr alle, die Bewegung lieben, findet in Riva Anfang Mai eines der wichtigsten Bike-Events Europas statt \u2013 ein wahres \u201eFr\u00fchlingsfest\u201c f\u00fcr Sportler mit Expo, Rennen und Abendpartys.<\/li><\/ul>\t\t\t\t\t\t\t\t<\/div>\n\t\t\t\t<\/div>\n\t\t\t\t<\/div>\n\t\t\t\t\t<\/div>\n\t\t\t\t<\/div>\n\t\t<div class=\"elementor-element elementor-element-06bfd3f e-flex e-con-boxed e-con e-parent\" data-id=\"06bfd3f\" data-element_type=\"container\" data-e-type=\"container\">\n\t\t\t\t\t<div class=\"e-con-inner\">\n\t\t\t\t<div class=\"elementor-element elementor-element-9d3c32e elementor-widget elementor-widget-heading\" data-id=\"9d3c32e\" data-element_type=\"widget\" data-e-type=\"widget\" data-widget_type=\"heading.default\">\n\t\t\t\t<div class=\"elementor-widget-container\">\n\t\t\t\t\t<h2 class=\"elementor-heading-title elementor-size-default\">Fr\u00fchling am Gardasee: Buchen Sie jetzt Ihren urlaub<\/h2>\t\t\t\t<\/div>\n\t\t\t\t<\/div>\n\t\t\t\t<div class=\"elementor-element elementor-element-09bb688 elementor-widget elementor-widget-text-editor\" data-id=\"09bb688\" data-element_type=\"widget\" data-e-type=\"widget\" data-widget_type=\"text-editor.default\">\n\t\t\t\t<div class=\"elementor-widget-container\">\n\t\t\t\t\t\t\t\t\t<p>Der Gardasee im Fr\u00fchling ist ein wahres wiedergefundenes Paradies, wo der langsame Rhythmus der Natur auf die Energie der ersten Sonnenstrahlen trifft. Es ist das <strong>perfekte Ziel f\u00fcr einen Familienausflug<\/strong>: Die Kinder k\u00f6nnen frei zwischen bl\u00fchenden Wiesen herumtollen, die Magie der Themenparks ohne die sommerlichen Warteschlangen entdecken oder sich in kleine Entdecker zwischen den Mauern mittelalterlicher Burgen verwandeln. <\/p><p>Vergessen Sie nicht, dass der Gardasee die ganze Familie umarmt, einschlie\u00dflich der <strong>vierbeinigen Freunde<\/strong>: Dank des milden und windigen Klimas sind die Panoramawanderungen und haustierfreundlichen Str\u00e4nde noch angenehmer gemeinsam zu erleben. <\/p>\t\t\t\t\t\t\t\t<\/div>\n\t\t\t\t<\/div>\n\t\t\t\t\t<\/div>\n\t\t\t\t<\/div>\n\t\t<div class=\"elementor-element elementor-element-2485f3e e-flex e-con-boxed elementor-invisible e-con e-parent\" data-id=\"2485f3e\" data-element_type=\"container\" data-e-type=\"container\" data-settings=\"{&quot;animation&quot;:&quot;slideInRight&quot;}\">\n\t\t\t\t\t<div class=\"e-con-inner\">\n\t\t\t\t<div class=\"elementor-element elementor-element-55bc830 elementor-widget elementor-widget-grid\" data-id=\"55bc830\" data-element_type=\"widget\" data-e-type=\"widget\" data-widget_type=\"grid.default\">\n\t\t\t\t<div class=\"elementor-widget-container\">\n\t\t\t\t\t\t\t<div class=\"its--row alojamientos-recomendados\">\n\n\t\t\t<div class=\"alojamientos-recomendados-container\">\n\n\t\t\t\t\t\n\t\t\t\t\t<a href=\"https:\/\/www.domusrental.com\/de\/vermietung\/ferienwohnung-torri-del-benaco-north-house-with-pool-and-lake-view-230900.html\" rel=\"nofollow\" style=\"width: 23%;\">\n\t\t\t\t\t\t<div class=\"apartamento-box\">\n\t\t\t\t\t\t\t<div class=\"imagen_recomendados\">\n\t\t\t\t\t\t\t\t<img decoding=\"async\" src=\"https:\/\/crs.avantio.com\/fotos\/3\/17743411521e87e1410c61066fc6fd92df043d8cad\/big1774341517cb489bdc1a913eec8bbd769a056bc608.jpg\" alt=\"North House\">\n\t\t\t\t\t\t\t<\/div>\n\t\t\t\t\t\t\t<div class=\"info\">\n\t\t\t\t\t\t\t\t<div class=\"ubicacion\">\n\t\t\t\t\t\t\t\t\t<i class=\"fa-solid fa-location-dot icono-mapa\"><\/i><span class=\"ubicacion-texto\">Torri del Benaco - Verona<\/span>\n\t\t\t\t\t\t\t\t<\/div>\n\t\t\t\t\t\t\t\t<H4 class=\"titulo-alojamiento\">\n\t\t\t\t\t\t\t\t\tNorth House\t\t\t\t\t\t\t\t<\/H4>\n\t\t\t\t\t\t\t\t<p class=\"precio-alojamiento\">Aus <span class=\"precio\">150.00\u20ac<\/span> pro Nacht<\/p>\n\t\t\t\t\t\t\t<\/div>\n\t\t\t\t\t\t<\/div>\n\t\t\t\t\t<\/a> \n\t\t\t\t\t\t\n\t\t\t\t\t<a href=\"https:\/\/www.domusrental.com\/de\/vermietung\/ferienwohnung-torri-del-benaco-casa-al-lago-with-pool-and-lake-view-231003.html\" rel=\"nofollow\" style=\"width: 23%;\">\n\t\t\t\t\t\t<div class=\"apartamento-box\">\n\t\t\t\t\t\t\t<div class=\"imagen_recomendados\">\n\t\t\t\t\t\t\t\t<img decoding=\"async\" src=\"https:\/\/crs.avantio.com\/fotos\/2\/1516706555f358b870b7e0540b771e80a20cb83851\/big17743450388bef1a1f2e7029100ec9e56c31fea102.jpg\" alt=\"Casa al Lago - Ferienwohnung 4 Betten mit Gemeinschaftspool, direkt am See in Torri del Benaco\">\n\t\t\t\t\t\t\t<\/div>\n\t\t\t\t\t\t\t<div class=\"info\">\n\t\t\t\t\t\t\t\t<div class=\"ubicacion\">\n\t\t\t\t\t\t\t\t\t<i class=\"fa-solid fa-location-dot icono-mapa\"><\/i><span class=\"ubicacion-texto\">Torri del Benaco - Verona<\/span>\n\t\t\t\t\t\t\t\t<\/div>\n\t\t\t\t\t\t\t\t<H4 class=\"titulo-alojamiento\">\n\t\t\t\t\t\t\t\t\tCasa al Lago - Ferienwohnung 4 Betten mit Gemeinschaftspool, direkt am See in Torri del Benaco\t\t\t\t\t\t\t\t<\/H4>\n\t\t\t\t\t\t\t\t<p class=\"precio-alojamiento\">Aus <span class=\"precio\">171.00\u20ac<\/span> pro Nacht<\/p>\n\t\t\t\t\t\t\t<\/div>\n\t\t\t\t\t\t<\/div>\n\t\t\t\t\t<\/a> \n\t\t\t\t\t\t\n\t\t\t\t\t<a href=\"https:\/\/www.domusrental.com\/de\/vermietung\/ferienwohnung-torri-del-benaco-south-house-with-pool-and-lake-view-231057.html\" rel=\"nofollow\" style=\"width: 23%;\">\n\t\t\t\t\t\t<div class=\"apartamento-box\">\n\t\t\t\t\t\t\t<div class=\"imagen_recomendados\">\n\t\t\t\t\t\t\t\t<img decoding=\"async\" src=\"https:\/\/crs.avantio.com\/fotos\/2\/15167196892ad22e945057abfe384ec797fc046c09\/big1774343041e7a38288bf67fb6f7ec2401ece96cd6b.jpg\" alt=\"South House - 4 Schlafpl\u00e4tze Gemeinschaftspool in Torri del Benaco\">\n\t\t\t\t\t\t\t<\/div>\n\t\t\t\t\t\t\t<div class=\"info\">\n\t\t\t\t\t\t\t\t<div class=\"ubicacion\">\n\t\t\t\t\t\t\t\t\t<i class=\"fa-solid fa-location-dot icono-mapa\"><\/i><span class=\"ubicacion-texto\">Torri del Benaco - Verona<\/span>\n\t\t\t\t\t\t\t\t<\/div>\n\t\t\t\t\t\t\t\t<H4 class=\"titulo-alojamiento\">\n\t\t\t\t\t\t\t\t\tSouth House - 4 Schlafpl\u00e4tze Gemeinschaftspool in Torri del Benaco\t\t\t\t\t\t\t\t<\/H4>\n\t\t\t\t\t\t\t\t<p class=\"precio-alojamiento\">Aus <span class=\"precio\">150.00\u20ac<\/span> pro Nacht<\/p>\n\t\t\t\t\t\t\t<\/div>\n\t\t\t\t\t\t<\/div>\n\t\t\t\t\t<\/a> \n\t\t\t\t\t\t\n\t\t\t\t\t<a href=\"https:\/\/www.domusrental.com\/de\/vermietung\/ferienwohnung-torri-del-benaco-apartment-del-pescatore-in-downtown-231168.html\" rel=\"nofollow\" style=\"width: 23%;\">\n\t\t\t\t\t\t<div class=\"apartamento-box\">\n\t\t\t\t\t\t\t<div class=\"imagen_recomendados\">\n\t\t\t\t\t\t\t\t<img decoding=\"async\" src=\"https:\/\/crs.avantio.com\/fotos\/2\/15167825941627bb8388dbbf6977805207d392bc0c\/big15167826637ff6957ae28da6cb0a0fdf48fbea2923.jpg\" alt=\"Apartment del Pescatore - 6 Schlafpl\u00e4tze in Torri Del Benaco nur wenige Schritte vom Hafen entfernt\">\n\t\t\t\t\t\t\t<\/div>\n\t\t\t\t\t\t\t<div class=\"info\">\n\t\t\t\t\t\t\t\t<div class=\"ubicacion\">\n\t\t\t\t\t\t\t\t\t<i class=\"fa-solid fa-location-dot icono-mapa\"><\/i><span class=\"ubicacion-texto\">Torri del Benaco - Verona<\/span>\n\t\t\t\t\t\t\t\t<\/div>\n\t\t\t\t\t\t\t\t<H4 class=\"titulo-alojamiento\">\n\t\t\t\t\t\t\t\t\tApartment del Pescatore - 6 Schlafpl\u00e4tze in Torri Del Benaco nur wenige Schritte vom Hafen entfernt\t\t\t\t\t\t\t\t<\/H4>\n\t\t\t\t\t\t\t\t<p class=\"precio-alojamiento\">Aus <span class=\"precio\">152.00\u20ac<\/span> pro Nacht<\/p>\n\t\t\t\t\t\t\t<\/div>\n\t\t\t\t\t\t<\/div>\n\t\t\t\t\t<\/a> \n\t\t\t\t\t\t\n\t\t\t\t\t<a href=\"https:\/\/www.domusrental.com\/de\/vermietung\/ferienwohnung-torri-del-benaco-watercolor-loft-with-lake-view-231177.html\" rel=\"nofollow\" style=\"width: 23%;\">\n\t\t\t\t\t\t<div class=\"apartamento-box\">\n\t\t\t\t\t\t\t<div class=\"imagen_recomendados\">\n\t\t\t\t\t\t\t\t<img decoding=\"async\" src=\"https:\/\/crs.avantio.com\/fotos\/2\/151678707151304cd22feb3c8876ffeed56ef1463c\/big1726216721abd2cfe2a44eaba90a9966d33a4682e5.jpg\" alt=\"Watercolor Loft - 4 Pl\u00e4tze mit Terrassen mit Blick auf den See bei Pai di Torri Del Benaco\">\n\t\t\t\t\t\t\t<\/div>\n\t\t\t\t\t\t\t<div class=\"info\">\n\t\t\t\t\t\t\t\t<div class=\"ubicacion\">\n\t\t\t\t\t\t\t\t\t<i class=\"fa-solid fa-location-dot icono-mapa\"><\/i><span class=\"ubicacion-texto\">Torri del Benaco - Verona<\/span>\n\t\t\t\t\t\t\t\t<\/div>\n\t\t\t\t\t\t\t\t<H4 class=\"titulo-alojamiento\">\n\t\t\t\t\t\t\t\t\tWatercolor Loft - 4 Pl\u00e4tze mit Terrassen mit Blick auf den See bei Pai di Torri Del Benaco\t\t\t\t\t\t\t\t<\/H4>\n\t\t\t\t\t\t\t\t<p class=\"precio-alojamiento\">Aus <span class=\"precio\">140.00\u20ac<\/span> pro Nacht<\/p>\n\t\t\t\t\t\t\t<\/div>\n\t\t\t\t\t\t<\/div>\n\t\t\t\t\t<\/a> \n\t\t\t\t\t\t\n\t\t\t\t\t<a href=\"https:\/\/www.domusrental.com\/de\/vermietung\/ferienwohnung-torri-del-benaco-greenery-loft-with-lake-view-231186.html\" rel=\"nofollow\" style=\"width: 23%;\">\n\t\t\t\t\t\t<div class=\"apartamento-box\">\n\t\t\t\t\t\t\t<div class=\"imagen_recomendados\">\n\t\t\t\t\t\t\t\t<img decoding=\"async\" src=\"https:\/\/crs.avantio.com\/fotos\/2\/15167899692b3df4b2eda15c6c7bd63e772a851bac\/big17296722507735fd087805f0046fed226c753f5fb0.jpg\" alt=\"Greenery Loft - 6 Schlafpl\u00e4tze mit Seeblick in Pai di Torri del Banaco\">\n\t\t\t\t\t\t\t<\/div>\n\t\t\t\t\t\t\t<div class=\"info\">\n\t\t\t\t\t\t\t\t<div class=\"ubicacion\">\n\t\t\t\t\t\t\t\t\t<i class=\"fa-solid fa-location-dot icono-mapa\"><\/i><span class=\"ubicacion-texto\">Torri del Benaco - Verona<\/span>\n\t\t\t\t\t\t\t\t<\/div>\n\t\t\t\t\t\t\t\t<H4 class=\"titulo-alojamiento\">\n\t\t\t\t\t\t\t\t\tGreenery Loft - 6 Schlafpl\u00e4tze mit Seeblick in Pai di Torri del Banaco\t\t\t\t\t\t\t\t<\/H4>\n\t\t\t\t\t\t\t\t<p class=\"precio-alojamiento\">Aus <span class=\"precio\">140.00\u20ac<\/span> pro Nacht<\/p>\n\t\t\t\t\t\t\t<\/div>\n\t\t\t\t\t\t<\/div>\n\t\t\t\t\t<\/a> \n\t\t\t\t\t\t\n\t\t\t\t\t<a href=\"https:\/\/www.domusrental.com\/de\/vermietung\/ferienwohnung-torri-del-benaco-residence-alle-torri-with-pool-231387.html\" rel=\"nofollow\" style=\"width: 23%;\">\n\t\t\t\t\t\t<div class=\"apartamento-box\">\n\t\t\t\t\t\t\t<div class=\"imagen_recomendados\">\n\t\t\t\t\t\t\t\t<img decoding=\"async\" src=\"https:\/\/crs.avantio.com\/fotos\/2\/151689770191e7ae73ef3ad705f46e3eff61b9139b\/big151689772888add91869ceb16733a88780734adc58.jpg\" alt=\"Residence alle Torri - 4 Platz-Bett in Wohnsitz mit Swimmingpool in Albisano di Torri del Benaco\">\n\t\t\t\t\t\t\t<\/div>\n\t\t\t\t\t\t\t<div class=\"info\">\n\t\t\t\t\t\t\t\t<div class=\"ubicacion\">\n\t\t\t\t\t\t\t\t\t<i class=\"fa-solid fa-location-dot icono-mapa\"><\/i><span class=\"ubicacion-texto\">Torri del Benaco - Verona<\/span>\n\t\t\t\t\t\t\t\t<\/div>\n\t\t\t\t\t\t\t\t<H4 class=\"titulo-alojamiento\">\n\t\t\t\t\t\t\t\t\tResidence alle Torri - 4 Platz-Bett in Wohnsitz mit Swimmingpool in Albisano di Torri del Benaco\t\t\t\t\t\t\t\t<\/H4>\n\t\t\t\t\t\t\t\t<p class=\"precio-alojamiento\">Aus <span class=\"precio\">140.00\u20ac<\/span> pro Nacht<\/p>\n\t\t\t\t\t\t\t<\/div>\n\t\t\t\t\t\t<\/div>\n\t\t\t\t\t<\/a> \n\t\t\t\t\t\t\n\t\t\t\t\t<a href=\"https:\/\/www.domusrental.com\/de\/vermietung\/villa-torri-del-benaco-villa-sybille-with-pool-and-lake-view-231774.html\" rel=\"nofollow\" style=\"width: 23%;\">\n\t\t\t\t\t\t<div class=\"apartamento-box\">\n\t\t\t\t\t\t\t<div class=\"imagen_recomendados\">\n\t\t\t\t\t\t\t\t<img decoding=\"async\" src=\"https:\/\/crs.avantio.com\/fotos\/2\/1517223565221a068d7761ac1dfb49643abaecb580\/big16303160738e5de4012e37aec3ab4f675630112919.jpg\" alt=\"Villa Sybille - 8 Schlafpl\u00e4tze mit Swimmingpool und Seeblick in Torri del Benaco\">\n\t\t\t\t\t\t\t<\/div>\n\t\t\t\t\t\t\t<div class=\"info\">\n\t\t\t\t\t\t\t\t<div class=\"ubicacion\">\n\t\t\t\t\t\t\t\t\t<i class=\"fa-solid fa-location-dot icono-mapa\"><\/i><span class=\"ubicacion-texto\">Torri del Benaco - Verona<\/span>\n\t\t\t\t\t\t\t\t<\/div>\n\t\t\t\t\t\t\t\t<H4 class=\"titulo-alojamiento\">\n\t\t\t\t\t\t\t\t\tVilla Sybille - 8 Schlafpl\u00e4tze mit Swimmingpool und Seeblick in Torri del Benaco\t\t\t\t\t\t\t\t<\/H4>\n\t\t\t\t\t\t\t\t<p class=\"precio-alojamiento\">Aus <span class=\"precio\">500.00\u20ac<\/span> pro Nacht<\/p>\n\t\t\t\t\t\t\t<\/div>\n\t\t\t\t\t\t<\/div>\n\t\t\t\t\t<\/a> \n\t\t\t\t\t\t\t\t<\/div>\n\t\t\t<\/div>\n\t\t\t\t\t\t<\/div>\n\t\t\t\t<\/div>\n\t\t\t\t<div class=\"elementor-element elementor-element-a697d23 elementor-align-center elementor-widget elementor-widget-button\" data-id=\"a697d23\" data-element_type=\"widget\" data-e-type=\"widget\" data-widget_type=\"button.default\">\n\t\t\t\t<div class=\"elementor-widget-container\">\n\t\t\t\t\t\t\t\t\t<div class=\"elementor-button-wrapper\">\n\t\t\t\t\t<a class=\"elementor-button elementor-button-link elementor-size-sm\" href=\"https:\/\/www.domusrental.com\/de\/ferienwohnungen-gardasee\/\">\n\t\t\t\t\t\t<span class=\"elementor-button-content-wrapper\">\n\t\t\t\t\t\t\t\t\t<span class=\"elementor-button-text\">Jetzt buchen <\/span>\n\t\t\t\t\t<\/span>\n\t\t\t\t\t<\/a>\n\t\t\t\t<\/div>\n\t\t\t\t\t\t\t\t<\/div>\n\t\t\t\t<\/div>\n\t\t\t\t\t<\/div>\n\t\t\t\t<\/div>\n\t\t\t\t<\/div>\n\t\t","protected":false},"excerpt":{"rendered":"<p>Inhaltsverzeichnis Ferienhaus am Gardasee Jetzt buchen Der Fr\u00fchling am Gardasee ist ein Erwachen der Sinne. W\u00e4hrend die Berggipfel noch mit Schnee gesprenkelt sind, f\u00e4rben sich die Seeufer in den Pastellt\u00f6nen bl\u00fchender Mandel- und Zitronenb\u00e4ume. Es ist die ideale Jahreszeit f\u00fcr alle, die die authentische Sch\u00f6nheit des Gardasees ohne die sommerlichen Menschenmassen suchen und dabei ein [&hellip;]<\/p>\n","protected":false},"author":2,"featured_media":5551,"comment_status":"open","ping_status":"closed","sticky":false,"template":"","format":"standard","meta":{"footnotes":""},"categories":[59,67],"tags":[],"class_list":["post-5557","post","type-post","status-publish","format-standard","has-post-thumbnail","hentry","category-gardasee","category-vermietung-gardasee"],"yoast_head":"<!-- This site is optimized with the Yoast SEO plugin v27.4 - https:\/\/yoast.com\/product\/yoast-seo-wordpress\/ -->\n<title>Gardasee im Fr\u00fchling \u2013 Ferienwohnungen zur Miete - Blog | Domus Rental<\/title>\n<meta name=\"description\" content=\"Fr\u00fchling am Gardasee: bl\u00fchende Natur, mildes Klima und einzigartige Panoramen. Eine Ferienwohnung zu mieten bietet Freiheit, Komfort und Authentizit\u00e4t.\" \/>\n<meta name=\"robots\" content=\"index, follow, max-snippet:-1, max-image-preview:large, max-video-preview:-1\" \/>\n<link rel=\"canonical\" href=\"https:\/\/www.domusrental.com\/blog\/de\/fruehling-gardasee\/\" \/>\n<meta property=\"og:locale\" content=\"de_DE\" \/>\n<meta property=\"og:type\" content=\"article\" \/>\n<meta property=\"og:title\" content=\"Gardasee im Fr\u00fchling \u2013 Ferienwohnungen zur Miete - Blog | Domus Rental\" \/>\n<meta property=\"og:description\" content=\"Fr\u00fchling am Gardasee: bl\u00fchende Natur, mildes Klima und einzigartige Panoramen. Eine Ferienwohnung zu mieten bietet Freiheit, Komfort und Authentizit\u00e4t.\" \/>\n<meta property=\"og:url\" content=\"https:\/\/www.domusrental.com\/blog\/de\/fruehling-gardasee\/\" \/>\n<meta property=\"og:site_name\" content=\"Blog | Domus Rental\" \/>\n<meta property=\"article:publisher\" content=\"https:\/\/www.facebook.com\/domusrental\" \/>\n<meta property=\"article:published_time\" content=\"2026-04-23T14:47:46+00:00\" \/>\n<meta property=\"article:modified_time\" content=\"2026-04-23T15:43:00+00:00\" \/>\n<meta property=\"og:image\" content=\"https:\/\/www.domusrental.com\/blog\/wp-content\/uploads\/2026\/04\/iStock-157731126.webp\" \/>\n\t<meta property=\"og:image:width\" content=\"1920\" \/>\n\t<meta property=\"og:image:height\" content=\"700\" \/>\n\t<meta property=\"og:image:type\" content=\"image\/webp\" \/>\n<meta name=\"author\" content=\"digitalservices\" \/>\n<meta name=\"twitter:card\" content=\"summary_large_image\" \/>\n<meta name=\"twitter:creator\" content=\"@DomusRental\" \/>\n<meta name=\"twitter:site\" content=\"@DomusRental\" \/>\n<meta name=\"twitter:label1\" content=\"Verfasst von\" \/>\n\t<meta name=\"twitter:data1\" content=\"digitalservices\" \/>\n\t<meta name=\"twitter:label2\" content=\"Gesch\u00e4tzte Lesezeit\" \/>\n\t<meta name=\"twitter:data2\" content=\"8\u00a0Minuten\" \/>\n<script type=\"application\/ld+json\" class=\"yoast-schema-graph\">{\"@context\":\"https:\\\/\\\/schema.org\",\"@graph\":[{\"@type\":\"Article\",\"@id\":\"https:\\\/\\\/www.domusrental.com\\\/blog\\\/de\\\/fruehling-gardasee\\\/#article\",\"isPartOf\":{\"@id\":\"https:\\\/\\\/www.domusrental.com\\\/blog\\\/de\\\/fruehling-gardasee\\\/\"},\"author\":{\"name\":\"digitalservices\",\"@id\":\"https:\\\/\\\/www.domusrental.com\\\/blog\\\/#\\\/schema\\\/person\\\/4704eef53d63fc41b94477baca3572f8\"},\"headline\":\"Gardasee im Fr\u00fchling \u2013 Ferienwohnungen zur Miete\",\"datePublished\":\"2026-04-23T14:47:46+00:00\",\"dateModified\":\"2026-04-23T15:43:00+00:00\",\"mainEntityOfPage\":{\"@id\":\"https:\\\/\\\/www.domusrental.com\\\/blog\\\/de\\\/fruehling-gardasee\\\/\"},\"wordCount\":1559,\"commentCount\":0,\"publisher\":{\"@id\":\"https:\\\/\\\/www.domusrental.com\\\/blog\\\/#organization\"},\"image\":{\"@id\":\"https:\\\/\\\/www.domusrental.com\\\/blog\\\/de\\\/fruehling-gardasee\\\/#primaryimage\"},\"thumbnailUrl\":\"https:\\\/\\\/www.domusrental.com\\\/blog\\\/wp-content\\\/uploads\\\/2026\\\/04\\\/iStock-157731126.webp\",\"articleSection\":[\"Gardasee\",\"Vermietung\"],\"inLanguage\":\"de\",\"potentialAction\":[{\"@type\":\"CommentAction\",\"name\":\"Comment\",\"target\":[\"https:\\\/\\\/www.domusrental.com\\\/blog\\\/de\\\/fruehling-gardasee\\\/#respond\"]}]},{\"@type\":\"WebPage\",\"@id\":\"https:\\\/\\\/www.domusrental.com\\\/blog\\\/de\\\/fruehling-gardasee\\\/\",\"url\":\"https:\\\/\\\/www.domusrental.com\\\/blog\\\/de\\\/fruehling-gardasee\\\/\",\"name\":\"Gardasee im Fr\u00fchling \u2013 Ferienwohnungen zur Miete - Blog | Domus Rental\",\"isPartOf\":{\"@id\":\"https:\\\/\\\/www.domusrental.com\\\/blog\\\/#website\"},\"primaryImageOfPage\":{\"@id\":\"https:\\\/\\\/www.domusrental.com\\\/blog\\\/de\\\/fruehling-gardasee\\\/#primaryimage\"},\"image\":{\"@id\":\"https:\\\/\\\/www.domusrental.com\\\/blog\\\/de\\\/fruehling-gardasee\\\/#primaryimage\"},\"thumbnailUrl\":\"https:\\\/\\\/www.domusrental.com\\\/blog\\\/wp-content\\\/uploads\\\/2026\\\/04\\\/iStock-157731126.webp\",\"datePublished\":\"2026-04-23T14:47:46+00:00\",\"dateModified\":\"2026-04-23T15:43:00+00:00\",\"description\":\"Fr\u00fchling am Gardasee: bl\u00fchende Natur, mildes Klima und einzigartige Panoramen. Eine Ferienwohnung zu mieten bietet Freiheit, Komfort und Authentizit\u00e4t.\",\"breadcrumb\":{\"@id\":\"https:\\\/\\\/www.domusrental.com\\\/blog\\\/de\\\/fruehling-gardasee\\\/#breadcrumb\"},\"inLanguage\":\"de\",\"potentialAction\":[{\"@type\":\"ReadAction\",\"target\":[\"https:\\\/\\\/www.domusrental.com\\\/blog\\\/de\\\/fruehling-gardasee\\\/\"]}]},{\"@type\":\"ImageObject\",\"inLanguage\":\"de\",\"@id\":\"https:\\\/\\\/www.domusrental.com\\\/blog\\\/de\\\/fruehling-gardasee\\\/#primaryimage\",\"url\":\"https:\\\/\\\/www.domusrental.com\\\/blog\\\/wp-content\\\/uploads\\\/2026\\\/04\\\/iStock-157731126.webp\",\"contentUrl\":\"https:\\\/\\\/www.domusrental.com\\\/blog\\\/wp-content\\\/uploads\\\/2026\\\/04\\\/iStock-157731126.webp\",\"width\":1920,\"height\":700},{\"@type\":\"BreadcrumbList\",\"@id\":\"https:\\\/\\\/www.domusrental.com\\\/blog\\\/de\\\/fruehling-gardasee\\\/#breadcrumb\",\"itemListElement\":[{\"@type\":\"ListItem\",\"position\":1,\"name\":\"Home\",\"item\":\"https:\\\/\\\/www.domusrental.com\\\/blog\\\/de\\\/\"},{\"@type\":\"ListItem\",\"position\":2,\"name\":\"Gardasee im Fr\u00fchling \u2013 Ferienwohnungen zur Miete\"}]},{\"@type\":\"WebSite\",\"@id\":\"https:\\\/\\\/www.domusrental.com\\\/blog\\\/#website\",\"url\":\"https:\\\/\\\/www.domusrental.com\\\/blog\\\/\",\"name\":\"Domus Rental\",\"description\":\"\",\"publisher\":{\"@id\":\"https:\\\/\\\/www.domusrental.com\\\/blog\\\/#organization\"},\"potentialAction\":[{\"@type\":\"SearchAction\",\"target\":{\"@type\":\"EntryPoint\",\"urlTemplate\":\"https:\\\/\\\/www.domusrental.com\\\/blog\\\/?s={search_term_string}\"},\"query-input\":{\"@type\":\"PropertyValueSpecification\",\"valueRequired\":true,\"valueName\":\"search_term_string\"}}],\"inLanguage\":\"de\"},{\"@type\":\"Organization\",\"@id\":\"https:\\\/\\\/www.domusrental.com\\\/blog\\\/#organization\",\"name\":\"Blog | Domus Rental\",\"url\":\"https:\\\/\\\/www.domusrental.com\\\/blog\\\/\",\"logo\":{\"@type\":\"ImageObject\",\"inLanguage\":\"de\",\"@id\":\"https:\\\/\\\/www.domusrental.com\\\/blog\\\/#\\\/schema\\\/logo\\\/image\\\/\",\"url\":\"https:\\\/\\\/www.domusrental.com\\\/blog\\\/wp-content\\\/uploads\\\/2024\\\/04\\\/favicon.png\",\"contentUrl\":\"https:\\\/\\\/www.domusrental.com\\\/blog\\\/wp-content\\\/uploads\\\/2024\\\/04\\\/favicon.png\",\"width\":298,\"height\":298,\"caption\":\"Blog | Domus Rental\"},\"image\":{\"@id\":\"https:\\\/\\\/www.domusrental.com\\\/blog\\\/#\\\/schema\\\/logo\\\/image\\\/\"},\"sameAs\":[\"https:\\\/\\\/www.facebook.com\\\/domusrental\",\"https:\\\/\\\/x.com\\\/DomusRental\"]},{\"@type\":\"Person\",\"@id\":\"https:\\\/\\\/www.domusrental.com\\\/blog\\\/#\\\/schema\\\/person\\\/4704eef53d63fc41b94477baca3572f8\",\"name\":\"digitalservices\",\"image\":{\"@type\":\"ImageObject\",\"inLanguage\":\"de\",\"@id\":\"https:\\\/\\\/secure.gravatar.com\\\/avatar\\\/af30f88a1904294c1f3eb09a9d7903eec4ffa18fa2cf40c28a8681014ecdfc20?s=96&d=mm&r=g\",\"url\":\"https:\\\/\\\/secure.gravatar.com\\\/avatar\\\/af30f88a1904294c1f3eb09a9d7903eec4ffa18fa2cf40c28a8681014ecdfc20?s=96&d=mm&r=g\",\"contentUrl\":\"https:\\\/\\\/secure.gravatar.com\\\/avatar\\\/af30f88a1904294c1f3eb09a9d7903eec4ffa18fa2cf40c28a8681014ecdfc20?s=96&d=mm&r=g\",\"caption\":\"digitalservices\"},\"url\":\"https:\\\/\\\/www.domusrental.com\\\/blog\\\/de\\\/author\\\/digitalservices\\\/\"}]}<\/script>\n<!-- \/ Yoast SEO plugin. -->","yoast_head_json":{"title":"Gardasee im Fr\u00fchling \u2013 Ferienwohnungen zur Miete - Blog | Domus Rental","description":"Fr\u00fchling am Gardasee: bl\u00fchende Natur, mildes Klima und einzigartige Panoramen. Eine Ferienwohnung zu mieten bietet Freiheit, Komfort und Authentizit\u00e4t.","robots":{"index":"index","follow":"follow","max-snippet":"max-snippet:-1","max-image-preview":"max-image-preview:large","max-video-preview":"max-video-preview:-1"},"canonical":"https:\/\/www.domusrental.com\/blog\/de\/fruehling-gardasee\/","og_locale":"de_DE","og_type":"article","og_title":"Gardasee im Fr\u00fchling \u2013 Ferienwohnungen zur Miete - Blog | Domus Rental","og_description":"Fr\u00fchling am Gardasee: bl\u00fchende Natur, mildes Klima und einzigartige Panoramen. Eine Ferienwohnung zu mieten bietet Freiheit, Komfort und Authentizit\u00e4t.","og_url":"https:\/\/www.domusrental.com\/blog\/de\/fruehling-gardasee\/","og_site_name":"Blog | Domus Rental","article_publisher":"https:\/\/www.facebook.com\/domusrental","article_published_time":"2026-04-23T14:47:46+00:00","article_modified_time":"2026-04-23T15:43:00+00:00","og_image":[{"width":1920,"height":700,"url":"https:\/\/www.domusrental.com\/blog\/wp-content\/uploads\/2026\/04\/iStock-157731126.webp","type":"image\/webp"}],"author":"digitalservices","twitter_card":"summary_large_image","twitter_creator":"@DomusRental","twitter_site":"@DomusRental","twitter_misc":{"Verfasst von":"digitalservices","Gesch\u00e4tzte Lesezeit":"8\u00a0Minuten"},"schema":{"@context":"https:\/\/schema.org","@graph":[{"@type":"Article","@id":"https:\/\/www.domusrental.com\/blog\/de\/fruehling-gardasee\/#article","isPartOf":{"@id":"https:\/\/www.domusrental.com\/blog\/de\/fruehling-gardasee\/"},"author":{"name":"digitalservices","@id":"https:\/\/www.domusrental.com\/blog\/#\/schema\/person\/4704eef53d63fc41b94477baca3572f8"},"headline":"Gardasee im Fr\u00fchling \u2013 Ferienwohnungen zur Miete","datePublished":"2026-04-23T14:47:46+00:00","dateModified":"2026-04-23T15:43:00+00:00","mainEntityOfPage":{"@id":"https:\/\/www.domusrental.com\/blog\/de\/fruehling-gardasee\/"},"wordCount":1559,"commentCount":0,"publisher":{"@id":"https:\/\/www.domusrental.com\/blog\/#organization"},"image":{"@id":"https:\/\/www.domusrental.com\/blog\/de\/fruehling-gardasee\/#primaryimage"},"thumbnailUrl":"https:\/\/www.domusrental.com\/blog\/wp-content\/uploads\/2026\/04\/iStock-157731126.webp","articleSection":["Gardasee","Vermietung"],"inLanguage":"de","potentialAction":[{"@type":"CommentAction","name":"Comment","target":["https:\/\/www.domusrental.com\/blog\/de\/fruehling-gardasee\/#respond"]}]},{"@type":"WebPage","@id":"https:\/\/www.domusrental.com\/blog\/de\/fruehling-gardasee\/","url":"https:\/\/www.domusrental.com\/blog\/de\/fruehling-gardasee\/","name":"Gardasee im Fr\u00fchling \u2013 Ferienwohnungen zur Miete - Blog | Domus Rental","isPartOf":{"@id":"https:\/\/www.domusrental.com\/blog\/#website"},"primaryImageOfPage":{"@id":"https:\/\/www.domusrental.com\/blog\/de\/fruehling-gardasee\/#primaryimage"},"image":{"@id":"https:\/\/www.domusrental.com\/blog\/de\/fruehling-gardasee\/#primaryimage"},"thumbnailUrl":"https:\/\/www.domusrental.com\/blog\/wp-content\/uploads\/2026\/04\/iStock-157731126.webp","datePublished":"2026-04-23T14:47:46+00:00","dateModified":"2026-04-23T15:43:00+00:00","description":"Fr\u00fchling am Gardasee: bl\u00fchende Natur, mildes Klima und einzigartige Panoramen. Eine Ferienwohnung zu mieten bietet Freiheit, Komfort und Authentizit\u00e4t.","breadcrumb":{"@id":"https:\/\/www.domusrental.com\/blog\/de\/fruehling-gardasee\/#breadcrumb"},"inLanguage":"de","potentialAction":[{"@type":"ReadAction","target":["https:\/\/www.domusrental.com\/blog\/de\/fruehling-gardasee\/"]}]},{"@type":"ImageObject","inLanguage":"de","@id":"https:\/\/www.domusrental.com\/blog\/de\/fruehling-gardasee\/#primaryimage","url":"https:\/\/www.domusrental.com\/blog\/wp-content\/uploads\/2026\/04\/iStock-157731126.webp","contentUrl":"https:\/\/www.domusrental.com\/blog\/wp-content\/uploads\/2026\/04\/iStock-157731126.webp","width":1920,"height":700},{"@type":"BreadcrumbList","@id":"https:\/\/www.domusrental.com\/blog\/de\/fruehling-gardasee\/#breadcrumb","itemListElement":[{"@type":"ListItem","position":1,"name":"Home","item":"https:\/\/www.domusrental.com\/blog\/de\/"},{"@type":"ListItem","position":2,"name":"Gardasee im Fr\u00fchling \u2013 Ferienwohnungen zur Miete"}]},{"@type":"WebSite","@id":"https:\/\/www.domusrental.com\/blog\/#website","url":"https:\/\/www.domusrental.com\/blog\/","name":"Domus Rental","description":"","publisher":{"@id":"https:\/\/www.domusrental.com\/blog\/#organization"},"potentialAction":[{"@type":"SearchAction","target":{"@type":"EntryPoint","urlTemplate":"https:\/\/www.domusrental.com\/blog\/?s={search_term_string}"},"query-input":{"@type":"PropertyValueSpecification","valueRequired":true,"valueName":"search_term_string"}}],"inLanguage":"de"},{"@type":"Organization","@id":"https:\/\/www.domusrental.com\/blog\/#organization","name":"Blog | Domus Rental","url":"https:\/\/www.domusrental.com\/blog\/","logo":{"@type":"ImageObject","inLanguage":"de","@id":"https:\/\/www.domusrental.com\/blog\/#\/schema\/logo\/image\/","url":"https:\/\/www.domusrental.com\/blog\/wp-content\/uploads\/2024\/04\/favicon.png","contentUrl":"https:\/\/www.domusrental.com\/blog\/wp-content\/uploads\/2024\/04\/favicon.png","width":298,"height":298,"caption":"Blog | Domus Rental"},"image":{"@id":"https:\/\/www.domusrental.com\/blog\/#\/schema\/logo\/image\/"},"sameAs":["https:\/\/www.facebook.com\/domusrental","https:\/\/x.com\/DomusRental"]},{"@type":"Person","@id":"https:\/\/www.domusrental.com\/blog\/#\/schema\/person\/4704eef53d63fc41b94477baca3572f8","name":"digitalservices","image":{"@type":"ImageObject","inLanguage":"de","@id":"https:\/\/secure.gravatar.com\/avatar\/af30f88a1904294c1f3eb09a9d7903eec4ffa18fa2cf40c28a8681014ecdfc20?s=96&d=mm&r=g","url":"https:\/\/secure.gravatar.com\/avatar\/af30f88a1904294c1f3eb09a9d7903eec4ffa18fa2cf40c28a8681014ecdfc20?s=96&d=mm&r=g","contentUrl":"https:\/\/secure.gravatar.com\/avatar\/af30f88a1904294c1f3eb09a9d7903eec4ffa18fa2cf40c28a8681014ecdfc20?s=96&d=mm&r=g","caption":"digitalservices"},"url":"https:\/\/www.domusrental.com\/blog\/de\/author\/digitalservices\/"}]}},"_links":{"self":[{"href":"https:\/\/www.domusrental.com\/blog\/de\/wp-json\/wp\/v2\/posts\/5557","targetHints":{"allow":["GET"]}}],"collection":[{"href":"https:\/\/www.domusrental.com\/blog\/de\/wp-json\/wp\/v2\/posts"}],"about":[{"href":"https:\/\/www.domusrental.com\/blog\/de\/wp-json\/wp\/v2\/types\/post"}],"author":[{"embeddable":true,"href":"https:\/\/www.domusrental.com\/blog\/de\/wp-json\/wp\/v2\/users\/2"}],"replies":[{"embeddable":true,"href":"https:\/\/www.domusrental.com\/blog\/de\/wp-json\/wp\/v2\/comments?post=5557"}],"version-history":[{"count":3,"href":"https:\/\/www.domusrental.com\/blog\/de\/wp-json\/wp\/v2\/posts\/5557\/revisions"}],"predecessor-version":[{"id":5560,"href":"https:\/\/www.domusrental.com\/blog\/de\/wp-json\/wp\/v2\/posts\/5557\/revisions\/5560"}],"wp:featuredmedia":[{"embeddable":true,"href":"https:\/\/www.domusrental.com\/blog\/de\/wp-json\/wp\/v2\/media\/5551"}],"wp:attachment":[{"href":"https:\/\/www.domusrental.com\/blog\/de\/wp-json\/wp\/v2\/media?parent=5557"}],"wp:term":[{"taxonomy":"category","embeddable":true,"href":"https:\/\/www.domusrental.com\/blog\/de\/wp-json\/wp\/v2\/categories?post=5557"},{"taxonomy":"post_tag","embeddable":true,"href":"https:\/\/www.domusrental.com\/blog\/de\/wp-json\/wp\/v2\/tags?post=5557"}],"curies":[{"name":"wp","href":"https:\/\/api.w.org\/{rel}","templated":true}]}}