{"id":642,"date":"2023-10-10T09:09:32","date_gmt":"2023-10-10T09:09:32","guid":{"rendered":"https:\/\/www.domusrental.com\/blog\/?p=642"},"modified":"2025-01-21T15:42:01","modified_gmt":"2025-01-21T15:42:01","slug":"der-maerkte-von-torri-del-benaco","status":"publish","type":"post","link":"https:\/\/www.domusrental.com\/blog\/de\/der-maerkte-von-torri-del-benaco\/","title":{"rendered":"Lassen Sie sich vom Charme der M\u00e4rkte von Torri del Benaco verzaubern"},"content":{"rendered":"\t\t<div data-elementor-type=\"wp-post\" data-elementor-id=\"642\" class=\"elementor elementor-642 elementor-618\" data-elementor-post-type=\"post\">\n\t\t\t\t\t\t<section class=\"elementor-section elementor-top-section elementor-element elementor-element-7b18d178 elementor-section-boxed elementor-section-height-default elementor-section-height-default\" data-id=\"7b18d178\" data-element_type=\"section\" data-e-type=\"section\">\n\t\t\t\t\t\t<div class=\"elementor-container elementor-column-gap-default\">\n\t\t\t\t\t<div class=\"elementor-column elementor-col-100 elementor-top-column elementor-element elementor-element-56247710\" data-id=\"56247710\" data-element_type=\"column\" data-e-type=\"column\">\n\t\t\t<div class=\"elementor-widget-wrap elementor-element-populated\">\n\t\t\t\t\t\t<div class=\"elementor-element elementor-element-11f916 elementor-widget elementor-widget-text-editor\" data-id=\"11f916\" data-element_type=\"widget\" data-e-type=\"widget\" data-widget_type=\"text-editor.default\">\n\t\t\t\t<div class=\"elementor-widget-container\">\n\t\t\t\t\t\t\t\t\t<p><span style=\"font-weight: 400;\">Stellen Sie sich vor, wie Sie \u00fcber die lokalen M\u00e4rkte in Italien schlendern. Probieren Sie die k\u00f6stlichen Speisen und st\u00f6bern Sie in Antiquit\u00e4ten. Das und noch viel mehr erwartet Sie in der malerischen Stadt <\/span><b>Torri del Benaco<\/b><span style=\"font-weight: 400;\">, die sich am Ufer des unglaublichen italienischen <\/span><b>Gardasees<\/b><span style=\"font-weight: 400;\"> befindet. Und hier befindet sich eines der versteckten Juwelen der Region: die M\u00e4rkte von Torri del Benaco. Die lebhaften Marktst\u00e4nde laden zum St\u00f6bern ein, Sie k\u00f6nnen lokale Produkte probieren und sch\u00f6nes Kunsthandwerk entdecken. In dieser kleinen Ortschaft erwartet Sie ein wirklich unvergessliches Erlebnis.<\/span><\/p>\n<p><span style=\"font-weight: 400;\">Werfen Sie einen Blick auf unseren Reisef\u00fchrer zu einem der wertvollsten Sch\u00e4tze Norditaliens und erfahren Sie <\/span><b>alles Wissenswerte \u00fcber die M\u00e4rkte von Torri del Benaco<\/b><span style=\"font-weight: 400;\">.<\/span><\/p>\t\t\t\t\t\t\t\t<\/div>\n\t\t\t\t<\/div>\n\t\t\t\t\t<\/div>\n\t\t<\/div>\n\t\t\t\t\t<\/div>\n\t\t<\/section>\n\t\t\t\t<section class=\"elementor-section elementor-top-section elementor-element elementor-element-1fed4e1 elementor-section-boxed elementor-section-height-default elementor-section-height-default\" data-id=\"1fed4e1\" data-element_type=\"section\" data-e-type=\"section\">\n\t\t\t\t\t\t<div class=\"elementor-container elementor-column-gap-default\">\n\t\t\t\t\t<div class=\"elementor-column elementor-col-100 elementor-top-column elementor-element elementor-element-9011735\" data-id=\"9011735\" data-element_type=\"column\" data-e-type=\"column\">\n\t\t\t<div class=\"elementor-widget-wrap elementor-element-populated\">\n\t\t\t\t\t\t<div class=\"elementor-element elementor-element-adda2a6 elementor-widget__width-initial elementor-widget elementor-widget-table-of-contents\" data-id=\"adda2a6\" data-element_type=\"widget\" data-e-type=\"widget\" data-settings=\"{&quot;headings_by_tags&quot;:[&quot;h2&quot;],&quot;exclude_headings_by_selector&quot;:[],&quot;marker_view&quot;:&quot;bullets&quot;,&quot;icon&quot;:{&quot;value&quot;:&quot;&quot;,&quot;library&quot;:&quot;&quot;},&quot;no_headings_message&quot;:&quot;Es wurden keine \\u00dcberschriften auf dieser Seite gefunden.&quot;,&quot;hierarchical_view&quot;:&quot;yes&quot;,&quot;min_height&quot;:{&quot;unit&quot;:&quot;px&quot;,&quot;size&quot;:&quot;&quot;,&quot;sizes&quot;:[]},&quot;min_height_tablet&quot;:{&quot;unit&quot;:&quot;px&quot;,&quot;size&quot;:&quot;&quot;,&quot;sizes&quot;:[]},&quot;min_height_mobile&quot;:{&quot;unit&quot;:&quot;px&quot;,&quot;size&quot;:&quot;&quot;,&quot;sizes&quot;:[]}}\" data-widget_type=\"table-of-contents.default\">\n\t\t\t\t<div class=\"elementor-widget-container\">\n\t\t\t\t\t\t\t\t\t<div class=\"elementor-toc__header\">\n\t\t\t\t\t\t<div class=\"elementor-toc__header-title\">\n\t\t\t\tInhaltsverzeichnis\t\t\t<\/div>\n\t\t\t\t\t\t\t\t<\/div>\n\t\t\t\t<div id=\"elementor-toc__adda2a6\" class=\"elementor-toc__body\">\n\t\t\t<div class=\"elementor-toc__spinner-container\">\n\t\t\t\t<i class=\"elementor-toc__spinner eicon-animation-spin eicon-loading\" aria-hidden=\"true\"><\/i>\t\t\t<\/div>\n\t\t<\/div>\n\t\t\t\t\t\t<\/div>\n\t\t\t\t<\/div>\n\t\t\t\t\t<\/div>\n\t\t<\/div>\n\t\t\t\t\t<\/div>\n\t\t<\/section>\n\t\t\t\t<section class=\"elementor-section elementor-top-section elementor-element elementor-element-b99a10a elementor-section-boxed elementor-section-height-default elementor-section-height-default\" data-id=\"b99a10a\" data-element_type=\"section\" data-e-type=\"section\">\n\t\t\t\t\t\t<div class=\"elementor-container elementor-column-gap-default\">\n\t\t\t\t\t<div class=\"elementor-column elementor-col-100 elementor-top-column elementor-element elementor-element-52edf5e\" data-id=\"52edf5e\" data-element_type=\"column\" data-e-type=\"column\">\n\t\t\t<div class=\"elementor-widget-wrap elementor-element-populated\">\n\t\t\t\t\t\t<div class=\"elementor-element elementor-element-156589f elementor-widget elementor-widget-heading\" data-id=\"156589f\" data-element_type=\"widget\" data-e-type=\"widget\" data-widget_type=\"heading.default\">\n\t\t\t\t<div class=\"elementor-widget-container\">\n\t\t\t\t\t<h2 class=\"elementor-heading-title elementor-size-default\">Die M\u00e4rkte von Torri del Benaco: Das macht sie so einzigartig\n<\/h2>\t\t\t\t<\/div>\n\t\t\t\t<\/div>\n\t\t\t\t<div class=\"elementor-element elementor-element-95f393a elementor-widget elementor-widget-text-editor\" data-id=\"95f393a\" data-element_type=\"widget\" data-e-type=\"widget\" data-widget_type=\"text-editor.default\">\n\t\t\t\t<div class=\"elementor-widget-container\">\n\t\t\t\t\t\t\t\t\t<p><span style=\"font-weight: 400;\">Die M\u00e4rkte von Torri del Benaco sind ein pulsierendes Zusammenspiel von Tradition und Kultur. Hier wird die Vielfalt des kulturellen Erbes von Torri Del Benaco zelebriert und gew\u00fcrdigt, wobei die Tradition bewahrt und zugleich die Moderne mit einbezogen wird. Sowohl Besucher als auch Einheimische sch\u00e4tzen den Reichtum der M\u00e4rkte und genie\u00dfen die wunderbare Atmosph\u00e4re des Gardasees und alles, was diese charmante Stadt zu bieten hat.<\/span><\/p>\n<p><b>Der Markt findet jeden Montag statt<\/b><span style=\"font-weight: 400;\"> und befindet sich direkt im Stadtzentrum.<\/span><\/p>\t\t\t\t\t\t\t\t<\/div>\n\t\t\t\t<\/div>\n\t\t\t\t\t<\/div>\n\t\t<\/div>\n\t\t\t\t\t<\/div>\n\t\t<\/section>\n\t\t\t\t<section class=\"elementor-section elementor-top-section elementor-element elementor-element-99532b9 elementor-section-boxed elementor-section-height-default elementor-section-height-default\" data-id=\"99532b9\" data-element_type=\"section\" data-e-type=\"section\">\n\t\t\t\t\t\t<div class=\"elementor-container elementor-column-gap-default\">\n\t\t\t\t\t<div class=\"elementor-column elementor-col-100 elementor-top-column elementor-element elementor-element-5204de1\" data-id=\"5204de1\" data-element_type=\"column\" data-e-type=\"column\">\n\t\t\t<div class=\"elementor-widget-wrap elementor-element-populated\">\n\t\t\t\t\t\t<div class=\"elementor-element elementor-element-dbbe8c2 elementor-widget elementor-widget-heading\" data-id=\"dbbe8c2\" data-element_type=\"widget\" data-e-type=\"widget\" data-widget_type=\"heading.default\">\n\t\t\t\t<div class=\"elementor-widget-container\">\n\t\t\t\t\t<h2 class=\"elementor-heading-title elementor-size-default\">Entdecken Sie lokale Produkte und Kunsthandwerk\n<\/h2>\t\t\t\t<\/div>\n\t\t\t\t<\/div>\n\t\t\t\t<div class=\"elementor-element elementor-element-7ef3c5e elementor-widget elementor-widget-text-editor\" data-id=\"7ef3c5e\" data-element_type=\"widget\" data-e-type=\"widget\" data-widget_type=\"text-editor.default\">\n\t\t\t\t<div class=\"elementor-widget-container\">\n\t\t\t\t\t\t\t\t\t<p><span style=\"font-weight: 400;\">Die <\/span><b>M\u00e4rkte von Torri del Benaco<\/b><span style=\"font-weight: 400;\"> sind eine Fundgrube f\u00fcr lokale K\u00f6stlichkeiten und handgefertigtes Kunsthandwerk. Wenn Sie durch die kopfsteingepflasterten Stra\u00dfen dieser bezaubernden Stadt schlendern, werden Sie \u00fcberall <\/span><b>St\u00e4nde mit frischem Obst, Gem\u00fcse und aromatischen Kr\u00e4utern entdecken<\/b><span style=\"font-weight: 400;\">. Es ist ein Paradies f\u00fcr Feinschmecker, wo Sie einige der <\/span><b>besten italienischen Zutaten<\/b><span style=\"font-weight: 400;\"> probieren k\u00f6nnen, von sonnengereiften Tomaten bis zu duftenden Oliven\u00f6len.<\/span><\/p>\n<p><span style=\"font-weight: 400;\">Ein weiteres Highlight dieser M\u00e4rkte ist das Kunsthandwerk. Kunsthandwerker aus der Region stellen ihre handgefertigten Waren aus, darunter kunstvoll gestaltete Keramik, wundersch\u00f6ner handgefertigter Schmuck und handgen\u00e4hte Lederwaren. Man wei\u00df nie, welche K\u00f6stlichkeiten Sie an diesen St\u00e4nden finden werden.<\/span><\/p>\t\t\t\t\t\t\t\t<\/div>\n\t\t\t\t<\/div>\n\t\t\t\t\t<\/div>\n\t\t<\/div>\n\t\t\t\t\t<\/div>\n\t\t<\/section>\n\t\t\t\t<section class=\"elementor-section elementor-top-section elementor-element elementor-element-d03f5ad elementor-section-boxed elementor-section-height-default elementor-section-height-default\" data-id=\"d03f5ad\" data-element_type=\"section\" data-e-type=\"section\">\n\t\t\t\t\t\t<div class=\"elementor-container elementor-column-gap-default\">\n\t\t\t\t\t<div class=\"elementor-column elementor-col-100 elementor-top-column elementor-element elementor-element-97158b6\" data-id=\"97158b6\" data-element_type=\"column\" data-e-type=\"column\">\n\t\t\t<div class=\"elementor-widget-wrap elementor-element-populated\">\n\t\t\t\t\t\t<div class=\"elementor-element elementor-element-bccf262 elementor-widget elementor-widget-image\" data-id=\"bccf262\" data-element_type=\"widget\" data-e-type=\"widget\" data-widget_type=\"image.default\">\n\t\t\t\t<div class=\"elementor-widget-container\">\n\t\t\t\t\t\t\t\t\t\t\t\t\t\t\t<img decoding=\"async\" src=\"https:\/\/www.domusrental.com\/blog\/wp-content\/uploads\/elementor\/thumbs\/Market-in-torri-benaco-scaled-qdneznv8bxvcqi6icrlpzxm7xq78vgppxbtzsknfqo.jpg\" title=\"Market in torri benaco\" alt=\"Market in torri benaco\" loading=\"lazy\" \/>\t\t\t\t\t\t\t\t\t\t\t\t\t\t\t<\/div>\n\t\t\t\t<\/div>\n\t\t\t\t\t<\/div>\n\t\t<\/div>\n\t\t\t\t\t<\/div>\n\t\t<\/section>\n\t\t\t\t<section class=\"elementor-section elementor-top-section elementor-element elementor-element-181af4f elementor-section-boxed elementor-section-height-default elementor-section-height-default\" data-id=\"181af4f\" data-element_type=\"section\" data-e-type=\"section\">\n\t\t\t\t\t\t<div class=\"elementor-container elementor-column-gap-default\">\n\t\t\t\t\t<div class=\"elementor-column elementor-col-100 elementor-top-column elementor-element elementor-element-f93027f\" data-id=\"f93027f\" data-element_type=\"column\" data-e-type=\"column\">\n\t\t\t<div class=\"elementor-widget-wrap elementor-element-populated\">\n\t\t\t\t\t\t<div class=\"elementor-element elementor-element-6b1a9f1 elementor-widget elementor-widget-heading\" data-id=\"6b1a9f1\" data-element_type=\"widget\" data-e-type=\"widget\" data-widget_type=\"heading.default\">\n\t\t\t\t<div class=\"elementor-widget-container\">\n\t\t\t\t\t<h2 class=\"elementor-heading-title elementor-size-default\">M\u00e4rkte von Torri del Benaco: Lebendige Atmosph\u00e4re und einzigartige Fundst\u00fccke\n<\/h2>\t\t\t\t<\/div>\n\t\t\t\t<\/div>\n\t\t\t\t<div class=\"elementor-element elementor-element-c19506a elementor-widget elementor-widget-text-editor\" data-id=\"c19506a\" data-element_type=\"widget\" data-e-type=\"widget\" data-widget_type=\"text-editor.default\">\n\t\t\t\t<div class=\"elementor-widget-container\">\n\t\t\t\t\t\t\t\t\t<p><span style=\"font-weight: 400;\">Auf den M\u00e4rkten von Torri del Benaco k\u00f6nnen Sie nicht nur einkaufen, sondern erleben auch eine einzigartige kulturelle Erfahrung. Die lebhafte Atmosph\u00e4re wird durch die Gespr\u00e4che von Einheimischen und Touristen gepr\u00e4gt und Sie sp\u00fcren hier ein echtes Gemeinschaftsgef\u00fchl. Vor allem im Sommer tragen Musiker und Stra\u00dfenk\u00fcnstler zum Ambiente bei und sorgen daf\u00fcr, dass Ihr Aufenthalt zu einer unvergesslichen sinnlichen Reise wird.<\/span><\/p>\n<p><span style=\"font-weight: 400;\">Eines der sch\u00f6nsten Erlebnisse auf diesen M\u00e4rkten ist die Gelegenheit, ein paar einzigartige Exemplare zu finden. Angefangen bei alten Schmuckst\u00fccken bis hin zu einzigartigen Kunstwerken ist f\u00fcr jeden etwas dabei. Auf den M\u00e4rkten von Torri del Benaco werden Sie auf der Suche nach Souvenirs oder einem besonderen Geschenk ganz sicher f\u00fcndig.<\/span><\/p>\t\t\t\t\t\t\t\t<\/div>\n\t\t\t\t<\/div>\n\t\t\t\t\t<\/div>\n\t\t<\/div>\n\t\t\t\t\t<\/div>\n\t\t<\/section>\n\t\t\t\t<section class=\"elementor-section elementor-top-section elementor-element elementor-element-e0dd57d elementor-section-boxed elementor-section-height-default elementor-section-height-default\" data-id=\"e0dd57d\" data-element_type=\"section\" data-e-type=\"section\">\n\t\t\t\t\t\t<div class=\"elementor-container elementor-column-gap-default\">\n\t\t\t\t\t<div class=\"elementor-column elementor-col-100 elementor-top-column elementor-element elementor-element-77e974b\" data-id=\"77e974b\" data-element_type=\"column\" data-e-type=\"column\">\n\t\t\t<div class=\"elementor-widget-wrap elementor-element-populated\">\n\t\t\t\t\t\t<div class=\"elementor-element elementor-element-92045e0 elementor-widget elementor-widget-heading\" data-id=\"92045e0\" data-element_type=\"widget\" data-e-type=\"widget\" data-widget_type=\"heading.default\">\n\t\t\t\t<div class=\"elementor-widget-container\">\n\t\t\t\t\t<h2 class=\"elementor-heading-title elementor-size-default\">Gastronomische K\u00f6stlichkeiten auf den M\u00e4rkten in Torri del Benaco\n<\/h2>\t\t\t\t<\/div>\n\t\t\t\t<\/div>\n\t\t\t\t<div class=\"elementor-element elementor-element-7dee5d3 elementor-widget elementor-widget-text-editor\" data-id=\"7dee5d3\" data-element_type=\"widget\" data-e-type=\"widget\" data-widget_type=\"text-editor.default\">\n\t\t\t\t<div class=\"elementor-widget-container\">\n\t\t\t\t\t\t\t\t\t<p><span style=\"font-weight: 400;\">Bei einem Besuch auf den M\u00e4rkten von Torri del Benaco sollten Sie unbedingt auch die gastronomischen K\u00f6stlichkeiten probieren. Hier k\u00f6nnen Sie viele authentische Gerichte probieren und so einige der bekanntesten Speisen der Region kennenlernen, darunter auch die f\u00fcr ihre Meeresfr\u00fcchte bekannten Spezialit\u00e4ten.<\/span><\/p>\n<p><span style=\"font-weight: 400;\">Wenn Sie ein anspruchsvolles kulinarisches Erlebnis suchen, finden Sie in den nahe gelegenen Restaurants eine gro\u00dfe Auswahl an k\u00f6stlichen Gerichten, die mit<\/span><b> frischen lokalen Zutaten<\/b><span style=\"font-weight: 400;\"> zubereitet werden. Genie\u00dfen Sie k\u00f6stliche Gaumenfreuden, <\/span><b>von Meeresfr\u00fcchte-Platten bis hin zu hausgemachter Pasta<\/b><span style=\"font-weight: 400;\">.<\/span><\/p>\t\t\t\t\t\t\t\t<\/div>\n\t\t\t\t<\/div>\n\t\t\t\t\t<\/div>\n\t\t<\/div>\n\t\t\t\t\t<\/div>\n\t\t<\/section>\n\t\t\t\t<section class=\"elementor-section elementor-top-section elementor-element elementor-element-bc41348 elementor-section-boxed elementor-section-height-default elementor-section-height-default\" data-id=\"bc41348\" data-element_type=\"section\" data-e-type=\"section\">\n\t\t\t\t\t\t<div class=\"elementor-container elementor-column-gap-default\">\n\t\t\t\t\t<div class=\"elementor-column elementor-col-100 elementor-top-column elementor-element elementor-element-ff59865\" data-id=\"ff59865\" data-element_type=\"column\" data-e-type=\"column\">\n\t\t\t<div class=\"elementor-widget-wrap elementor-element-populated\">\n\t\t\t\t\t\t<div class=\"elementor-element elementor-element-ac2bd00 elementor-widget elementor-widget-image\" data-id=\"ac2bd00\" data-element_type=\"widget\" data-e-type=\"widget\" data-widget_type=\"image.default\">\n\t\t\t\t<div class=\"elementor-widget-container\">\n\t\t\t\t\t\t\t\t\t\t\t\t\t\t\t<img decoding=\"async\" src=\"https:\/\/www.domusrental.com\/blog\/wp-content\/uploads\/elementor\/thumbs\/fruit-market-torri-benaco-qdnezj61drox4gdc47kl5gswysuesz728okke6uels.jpg\" title=\"fruit market torri benaco\" alt=\"fruit market torri benaco\" loading=\"lazy\" \/>\t\t\t\t\t\t\t\t\t\t\t\t\t\t\t<\/div>\n\t\t\t\t<\/div>\n\t\t\t\t\t<\/div>\n\t\t<\/div>\n\t\t\t\t\t<\/div>\n\t\t<\/section>\n\t\t\t\t<section class=\"elementor-section elementor-top-section elementor-element elementor-element-39abe79 elementor-section-boxed elementor-section-height-default elementor-section-height-default\" data-id=\"39abe79\" data-element_type=\"section\" data-e-type=\"section\">\n\t\t\t\t\t\t<div class=\"elementor-container elementor-column-gap-default\">\n\t\t\t\t\t<div class=\"elementor-column elementor-col-100 elementor-top-column elementor-element elementor-element-c26d98e\" data-id=\"c26d98e\" data-element_type=\"column\" data-e-type=\"column\">\n\t\t\t<div class=\"elementor-widget-wrap elementor-element-populated\">\n\t\t\t\t\t\t<div class=\"elementor-element elementor-element-5979fd4 elementor-widget elementor-widget-heading\" data-id=\"5979fd4\" data-element_type=\"widget\" data-e-type=\"widget\" data-widget_type=\"heading.default\">\n\t\t\t\t<div class=\"elementor-widget-container\">\n\t\t\t\t\t<h2 class=\"elementor-heading-title elementor-size-default\">Der Weg durch die M\u00e4rkte von Torri del Benaco\n<\/h2>\t\t\t\t<\/div>\n\t\t\t\t<\/div>\n\t\t\t\t<div class=\"elementor-element elementor-element-c667b8b elementor-widget elementor-widget-text-editor\" data-id=\"c667b8b\" data-element_type=\"widget\" data-e-type=\"widget\" data-widget_type=\"text-editor.default\">\n\t\t\t\t<div class=\"elementor-widget-container\">\n\t\t\t\t\t\t\t\t\t<p><span style=\"font-weight: 400;\">Damit Sie Ihren Besuch auf den M\u00e4rkten von Torri del Benaco optimal auskosten k\u00f6nnen, ist es sinnvoll, sich im Vorfeld entsprechend vorzubereiten. Die folgenden Tipps helfen Ihnen bei der Reiseplanung:<\/span><\/p>\n<ul>\n<li style=\"font-weight: 400;\" aria-level=\"1\"><b>Kommen Sie fr\u00fch an<\/b><span style=\"font-weight: 400;\">: Morgens, wenn die H\u00e4ndler ihre St\u00e4nde aufbauen, ist es auf den M\u00e4rkten am lebhaftesten. Wenn Sie zeitig ankommen, haben Sie Gelegenheit, die M\u00e4rkte ohne Gedr\u00e4nge zu erkunden.<\/span><\/li>\n<li style=\"font-weight: 400;\" aria-level=\"1\"><b>Nehmen Sie Bargeld mit<\/b><span style=\"font-weight: 400;\">: An einigen St\u00e4nden k\u00f6nnen Sie zwar mit Karte bezahlen (und seit der COVID-19-Pandemie sind es noch mehr geworden), aber es ist dennoch ratsam, Bargeld dabei zu haben, vor allem, wenn Sie bei kleineren H\u00e4ndlern einkaufen.<\/span><\/li>\n<li style=\"font-weight: 400;\" aria-level=\"1\"><b>Handeln Sie respektvoll<\/b><span style=\"font-weight: 400;\">: Das Feilschen ist auf diesen M\u00e4rkten zwar \u00fcblich, aber \u00fcbertreiben Sie es nicht. Verhalten Sie sich freundlich und respektvoll gegen\u00fcber den Verk\u00e4ufern.<\/span><\/li>\n<li style=\"font-weight: 400;\" aria-level=\"1\"><b>Bringen Sie Mehrwegtaschen mit<\/b><span style=\"font-weight: 400;\">: Bringen Sie Ihre eigenen wiederverwendbaren Taschen f\u00fcr Ihre Eink\u00e4ufe mit, so k\u00f6nnen Sie den Plastikm\u00fcll reduzieren.<\/span><\/li>\n<li style=\"font-weight: 400;\" aria-level=\"1\"><b>Probieren Sie lokale Spezialit\u00e4ten<\/b><span style=\"font-weight: 400;\">: Trauen Sie sich, auch einmal Ihnen unbekannte Lebensmittel und Produkte zu probieren. Denn hier werden Ihnen die regionalen K\u00f6stlichkeiten aufgetischt.<\/span><\/li>\n<li style=\"font-weight: 400;\" aria-level=\"1\"><b>Sprechen Sie mit den Einheimischen<\/b><span style=\"font-weight: 400;\">: Die Ortsans\u00e4ssigen k\u00f6nnen Ihnen zahlreiche Informationen \u00fcber Restaurants, Sehensw\u00fcrdigkeiten und Aktivit\u00e4ten geben. Plaudern Sie ein wenig mit den Einheimischen, denen Sie hier begegnen, um einige Empfehlungen f\u00fcr Ihren Aufenthalt zu erhalten.<\/span><\/li>\n<li style=\"font-weight: 400;\" aria-level=\"1\"><b>Tragen Sie bequeme Schuhe und Kleidung<\/b><span style=\"font-weight: 400;\">: Nach stundenlangem Bummeln \u00fcber die M\u00e4rkte werden Sie froh dar\u00fcber sein!<\/span><\/li>\n<\/ul>\n<p><span style=\"font-weight: 400;\">Auf den M\u00e4rkten ist immer etwas los und eine morgendliche Erkundungstour ist eine gute M\u00f6glichkeit, den Tag zu beginnen.<\/span><\/p>\t\t\t\t\t\t\t\t<\/div>\n\t\t\t\t<\/div>\n\t\t\t\t\t<\/div>\n\t\t<\/div>\n\t\t\t\t\t<\/div>\n\t\t<\/section>\n\t\t\t\t<section class=\"elementor-section elementor-top-section elementor-element elementor-element-c861575 elementor-section-boxed elementor-section-height-default elementor-section-height-default\" data-id=\"c861575\" data-element_type=\"section\" data-e-type=\"section\">\n\t\t\t\t\t\t<div class=\"elementor-container elementor-column-gap-default\">\n\t\t\t\t\t<div class=\"elementor-column elementor-col-100 elementor-top-column elementor-element elementor-element-24ebac9\" data-id=\"24ebac9\" data-element_type=\"column\" data-e-type=\"column\">\n\t\t\t<div class=\"elementor-widget-wrap elementor-element-populated\">\n\t\t\t\t\t\t<div class=\"elementor-element elementor-element-57a9c97 elementor-widget elementor-widget-heading\" data-id=\"57a9c97\" data-element_type=\"widget\" data-e-type=\"widget\" data-widget_type=\"heading.default\">\n\t\t\t\t<div class=\"elementor-widget-container\">\n\t\t\t\t\t<h2 class=\"elementor-heading-title elementor-size-default\">Erleben Sie unvergessliche Momente auf den M\u00e4rkten von Torri del Benaco\n<\/h2>\t\t\t\t<\/div>\n\t\t\t\t<\/div>\n\t\t\t\t<div class=\"elementor-element elementor-element-1853fad elementor-widget elementor-widget-text-editor\" data-id=\"1853fad\" data-element_type=\"widget\" data-e-type=\"widget\" data-widget_type=\"text-editor.default\">\n\t\t\t\t<div class=\"elementor-widget-container\">\n\t\t\t\t\t\t\t\t\t<p><span style=\"font-weight: 400;\">Wenn Sie den wahren Geschmack Italiens erleben m\u00f6chten, ist ein Besuch auf den M\u00e4rkten von Torri del Benaco genau das Richtige f\u00fcr Sie. Die M\u00e4rkte rund um den Gardasee sind sowohl bei Touristen als auch bei Einheimischen bekannt und der Markt von Torri del Benaco gilt als einer der besten der Region.<\/span><\/p><p><span style=\"font-weight: 400;\">Bei einem Aufenthalt in einer Unterkunft von <\/span><b>Domus Rental<\/b><span style=\"font-weight: 400;\">\u00a0ist ein Besuch auf den M\u00e4rkten von Torri Del Benaco unverzichtbar. Die Gegend ist unglaublich faszinierend und Sie k\u00f6nnen einige lokale Produkte in Ihrer Villa zubereiten, um ein authentisches italienisches Gericht zu zaubern, oder sogar einige davon mit nach Hause nehmen. <\/span><a href=\"https:\/\/www.domusrental.com\/\"><span style=\"font-weight: 400;\">Entdecken Sie unsere luxuri\u00f6sen Unterk\u00fcnfte<\/span><\/a><span style=\"font-weight: 400;\"> und <\/span><b>buchen Sie noch heute Ihren Aufenthalt<\/b><span style=\"font-weight: 400;\"> bei Domus Rental.<\/span><\/p>\t\t\t\t\t\t\t\t<\/div>\n\t\t\t\t<\/div>\n\t\t\t\t\t<\/div>\n\t\t<\/div>\n\t\t\t\t\t<\/div>\n\t\t<\/section>\n\t\t\t\t<section class=\"elementor-section elementor-top-section elementor-element elementor-element-4cfe9503 elementor-section-boxed elementor-section-height-default elementor-section-height-default\" data-id=\"4cfe9503\" data-element_type=\"section\" data-e-type=\"section\">\n\t\t\t\t\t\t<div class=\"elementor-container elementor-column-gap-default\">\n\t\t\t\t\t<div class=\"elementor-column elementor-col-33 elementor-top-column elementor-element elementor-element-3520a5f2\" data-id=\"3520a5f2\" data-element_type=\"column\" data-e-type=\"column\">\n\t\t\t<div class=\"elementor-widget-wrap elementor-element-populated\">\n\t\t\t\t\t\t<div class=\"elementor-element elementor-element-4b65b3b7 elementor-align-center elementor-widget elementor-widget-button\" data-id=\"4b65b3b7\" data-element_type=\"widget\" data-e-type=\"widget\" data-widget_type=\"button.default\">\n\t\t\t\t<div class=\"elementor-widget-container\">\n\t\t\t\t\t\t\t\t\t<div class=\"elementor-button-wrapper\">\n\t\t\t\t\t<a class=\"elementor-button elementor-button-link elementor-size-md\" href=\"https:\/\/www.domusrental.com\/de\/vermietung\/zu-mieten-vermietungen-d0\/\">\n\t\t\t\t\t\t<span class=\"elementor-button-content-wrapper\">\n\t\t\t\t\t\t\t\t\t<span class=\"elementor-button-text\">Unterk\u00fcnfte in Torri del Benaco<\/span>\n\t\t\t\t\t<\/span>\n\t\t\t\t\t<\/a>\n\t\t\t\t<\/div>\n\t\t\t\t\t\t\t\t<\/div>\n\t\t\t\t<\/div>\n\t\t\t\t\t<\/div>\n\t\t<\/div>\n\t\t\t\t<div class=\"elementor-column elementor-col-33 elementor-top-column elementor-element elementor-element-5ce0d618\" data-id=\"5ce0d618\" data-element_type=\"column\" data-e-type=\"column\">\n\t\t\t<div class=\"elementor-widget-wrap elementor-element-populated\">\n\t\t\t\t\t\t<div class=\"elementor-element elementor-element-282bf2f0 elementor-align-center elementor-widget elementor-widget-button\" data-id=\"282bf2f0\" data-element_type=\"widget\" data-e-type=\"widget\" data-widget_type=\"button.default\">\n\t\t\t\t<div class=\"elementor-widget-container\">\n\t\t\t\t\t\t\t\t\t<div class=\"elementor-button-wrapper\">\n\t\t\t\t\t<a class=\"elementor-button elementor-button-link elementor-size-md\" href=\"https:\/\/www.domusrental.com\/de\/vermietung\/zu-mieten-ferienwohnungen-c1\/\">\n\t\t\t\t\t\t<span class=\"elementor-button-content-wrapper\">\n\t\t\t\t\t\t\t\t\t<span class=\"elementor-button-text\">Ferienwohnungen in Torri del Benaco<\/span>\n\t\t\t\t\t<\/span>\n\t\t\t\t\t<\/a>\n\t\t\t\t<\/div>\n\t\t\t\t\t\t\t\t<\/div>\n\t\t\t\t<\/div>\n\t\t\t\t\t<\/div>\n\t\t<\/div>\n\t\t\t\t<div class=\"elementor-column elementor-col-33 elementor-top-column elementor-element elementor-element-2d49f78b\" data-id=\"2d49f78b\" data-element_type=\"column\" data-e-type=\"column\">\n\t\t\t<div class=\"elementor-widget-wrap elementor-element-populated\">\n\t\t\t\t\t\t<div class=\"elementor-element elementor-element-6a59b929 elementor-align-center elementor-widget elementor-widget-button\" data-id=\"6a59b929\" data-element_type=\"widget\" data-e-type=\"widget\" data-widget_type=\"button.default\">\n\t\t\t\t<div class=\"elementor-widget-container\">\n\t\t\t\t\t\t\t\t\t<div class=\"elementor-button-wrapper\">\n\t\t\t\t\t<a class=\"elementor-button elementor-button-link elementor-size-md\" href=\"https:\/\/www.domusrental.com\/de\/vermietung\/zu-mieten-villen-c2\/\">\n\t\t\t\t\t\t<span class=\"elementor-button-content-wrapper\">\n\t\t\t\t\t\t\t\t\t<span class=\"elementor-button-text\">Villen in Torri del Benaco<\/span>\n\t\t\t\t\t<\/span>\n\t\t\t\t\t<\/a>\n\t\t\t\t<\/div>\n\t\t\t\t\t\t\t\t<\/div>\n\t\t\t\t<\/div>\n\t\t\t\t\t<\/div>\n\t\t<\/div>\n\t\t\t\t\t<\/div>\n\t\t<\/section>\n\t\t\t\t<\/div>\n\t\t","protected":false},"excerpt":{"rendered":"<p>Stellen Sie sich vor, wie Sie \u00fcber die lokalen M\u00e4rkte in Italien schlendern. Probieren Sie die k\u00f6stlichen Speisen und st\u00f6bern Sie in Antiquit\u00e4ten. Das und noch viel mehr erwartet Sie in der malerischen Stadt Torri del Benaco, die sich am Ufer des unglaublichen italienischen Gardasees befindet. Und hier befindet sich eines der versteckten Juwelen der [&hellip;]<\/p>\n","protected":false},"author":2,"featured_media":634,"comment_status":"open","ping_status":"closed","sticky":false,"template":"","format":"standard","meta":{"footnotes":""},"categories":[56],"tags":[],"class_list":["post-642","post","type-post","status-publish","format-standard","has-post-thumbnail","hentry","category-gastronomie-gardasee"],"yoast_head":"<!-- This site is optimized with the Yoast SEO plugin v27.5 - https:\/\/yoast.com\/product\/yoast-seo-wordpress\/ -->\n<title>Der M\u00e4rkte von Torri del Benaco<\/title>\n<meta name=\"description\" content=\"Am Gardasee gibt es so viele unglaubliche St\u00e4dte mit M\u00e4rkten, und Torri del Benaco z\u00e4hlt zu den bekanntesten.\" \/>\n<meta name=\"robots\" content=\"index, follow, max-snippet:-1, max-image-preview:large, max-video-preview:-1\" \/>\n<link rel=\"canonical\" href=\"https:\/\/www.domusrental.com\/blog\/torri-del-benaco-markets\/\" \/>\n<meta property=\"og:locale\" content=\"de_DE\" \/>\n<meta property=\"og:type\" content=\"article\" \/>\n<meta property=\"og:title\" content=\"Der M\u00e4rkte von Torri del Benaco\" \/>\n<meta property=\"og:description\" content=\"Am Gardasee gibt es so viele unglaubliche St\u00e4dte mit M\u00e4rkten, und Torri del Benaco z\u00e4hlt zu den bekanntesten.\" \/>\n<meta property=\"og:url\" content=\"https:\/\/www.domusrental.com\/blog\/torri-del-benaco-markets\/\" \/>\n<meta property=\"og:site_name\" content=\"Blog | Domus Rental\" \/>\n<meta property=\"article:publisher\" content=\"https:\/\/www.facebook.com\/domusrental\" \/>\n<meta property=\"article:published_time\" content=\"2023-10-10T09:09:32+00:00\" \/>\n<meta property=\"article:modified_time\" content=\"2025-01-21T15:42:01+00:00\" \/>\n<meta property=\"og:image\" content=\"https:\/\/www.domusrental.com\/blog\/wp-content\/uploads\/2023\/10\/markets-in-lago-de-garda.jpg\" \/>\n\t<meta property=\"og:image:width\" content=\"1920\" \/>\n\t<meta property=\"og:image:height\" content=\"500\" \/>\n\t<meta property=\"og:image:type\" content=\"image\/jpeg\" \/>\n<meta name=\"author\" content=\"digitalservices\" \/>\n<meta name=\"twitter:card\" content=\"summary_large_image\" \/>\n<meta name=\"twitter:creator\" content=\"@DomusRental\" \/>\n<meta name=\"twitter:site\" content=\"@DomusRental\" \/>\n<meta name=\"twitter:label1\" content=\"Verfasst von\" \/>\n\t<meta name=\"twitter:data1\" content=\"digitalservices\" \/>\n\t<meta name=\"twitter:label2\" content=\"Gesch\u00e4tzte Lesezeit\" \/>\n\t<meta name=\"twitter:data2\" content=\"6\u00a0Minuten\" \/>\n<script type=\"application\/ld+json\" class=\"yoast-schema-graph\">{\"@context\":\"https:\\\/\\\/schema.org\",\"@graph\":[{\"@type\":\"Article\",\"@id\":\"https:\\\/\\\/www.domusrental.com\\\/blog\\\/torri-del-benaco-markets\\\/#article\",\"isPartOf\":{\"@id\":\"https:\\\/\\\/www.domusrental.com\\\/blog\\\/torri-del-benaco-markets\\\/\"},\"author\":{\"name\":\"digitalservices\",\"@id\":\"https:\\\/\\\/www.domusrental.com\\\/blog\\\/#\\\/schema\\\/person\\\/4704eef53d63fc41b94477baca3572f8\"},\"headline\":\"Lassen Sie sich vom Charme der M\u00e4rkte von Torri del Benaco verzaubern\",\"datePublished\":\"2023-10-10T09:09:32+00:00\",\"dateModified\":\"2025-01-21T15:42:01+00:00\",\"mainEntityOfPage\":{\"@id\":\"https:\\\/\\\/www.domusrental.com\\\/blog\\\/torri-del-benaco-markets\\\/\"},\"wordCount\":1029,\"commentCount\":0,\"publisher\":{\"@id\":\"https:\\\/\\\/www.domusrental.com\\\/blog\\\/#organization\"},\"image\":{\"@id\":\"https:\\\/\\\/www.domusrental.com\\\/blog\\\/torri-del-benaco-markets\\\/#primaryimage\"},\"thumbnailUrl\":\"https:\\\/\\\/www.domusrental.com\\\/blog\\\/wp-content\\\/uploads\\\/2023\\\/10\\\/markets-in-lago-de-garda.jpg\",\"articleSection\":[\"Gastronomie\"],\"inLanguage\":\"de\",\"potentialAction\":[{\"@type\":\"CommentAction\",\"name\":\"Comment\",\"target\":[\"https:\\\/\\\/www.domusrental.com\\\/blog\\\/torri-del-benaco-markets\\\/#respond\"]}]},{\"@type\":\"WebPage\",\"@id\":\"https:\\\/\\\/www.domusrental.com\\\/blog\\\/torri-del-benaco-markets\\\/\",\"url\":\"https:\\\/\\\/www.domusrental.com\\\/blog\\\/torri-del-benaco-markets\\\/\",\"name\":\"Der M\u00e4rkte von Torri del Benaco\",\"isPartOf\":{\"@id\":\"https:\\\/\\\/www.domusrental.com\\\/blog\\\/#website\"},\"primaryImageOfPage\":{\"@id\":\"https:\\\/\\\/www.domusrental.com\\\/blog\\\/torri-del-benaco-markets\\\/#primaryimage\"},\"image\":{\"@id\":\"https:\\\/\\\/www.domusrental.com\\\/blog\\\/torri-del-benaco-markets\\\/#primaryimage\"},\"thumbnailUrl\":\"https:\\\/\\\/www.domusrental.com\\\/blog\\\/wp-content\\\/uploads\\\/2023\\\/10\\\/markets-in-lago-de-garda.jpg\",\"datePublished\":\"2023-10-10T09:09:32+00:00\",\"dateModified\":\"2025-01-21T15:42:01+00:00\",\"description\":\"Am Gardasee gibt es so viele unglaubliche St\u00e4dte mit M\u00e4rkten, und Torri del Benaco z\u00e4hlt zu den bekanntesten.\",\"breadcrumb\":{\"@id\":\"https:\\\/\\\/www.domusrental.com\\\/blog\\\/torri-del-benaco-markets\\\/#breadcrumb\"},\"inLanguage\":\"de\",\"potentialAction\":[{\"@type\":\"ReadAction\",\"target\":[\"https:\\\/\\\/www.domusrental.com\\\/blog\\\/torri-del-benaco-markets\\\/\"]}]},{\"@type\":\"ImageObject\",\"inLanguage\":\"de\",\"@id\":\"https:\\\/\\\/www.domusrental.com\\\/blog\\\/torri-del-benaco-markets\\\/#primaryimage\",\"url\":\"https:\\\/\\\/www.domusrental.com\\\/blog\\\/wp-content\\\/uploads\\\/2023\\\/10\\\/markets-in-lago-de-garda.jpg\",\"contentUrl\":\"https:\\\/\\\/www.domusrental.com\\\/blog\\\/wp-content\\\/uploads\\\/2023\\\/10\\\/markets-in-lago-de-garda.jpg\",\"width\":1920,\"height\":500,\"caption\":\"markets-in-lago-de-garda\"},{\"@type\":\"BreadcrumbList\",\"@id\":\"https:\\\/\\\/www.domusrental.com\\\/blog\\\/torri-del-benaco-markets\\\/#breadcrumb\",\"itemListElement\":[{\"@type\":\"ListItem\",\"position\":1,\"name\":\"Home\",\"item\":\"https:\\\/\\\/www.domusrental.com\\\/blog\\\/de\\\/\"},{\"@type\":\"ListItem\",\"position\":2,\"name\":\"Lassen Sie sich vom Charme der M\u00e4rkte von Torri del Benaco verzaubern\"}]},{\"@type\":\"WebSite\",\"@id\":\"https:\\\/\\\/www.domusrental.com\\\/blog\\\/#website\",\"url\":\"https:\\\/\\\/www.domusrental.com\\\/blog\\\/\",\"name\":\"Domus Rental\",\"description\":\"\",\"publisher\":{\"@id\":\"https:\\\/\\\/www.domusrental.com\\\/blog\\\/#organization\"},\"potentialAction\":[{\"@type\":\"SearchAction\",\"target\":{\"@type\":\"EntryPoint\",\"urlTemplate\":\"https:\\\/\\\/www.domusrental.com\\\/blog\\\/?s={search_term_string}\"},\"query-input\":{\"@type\":\"PropertyValueSpecification\",\"valueRequired\":true,\"valueName\":\"search_term_string\"}}],\"inLanguage\":\"de\"},{\"@type\":\"Organization\",\"@id\":\"https:\\\/\\\/www.domusrental.com\\\/blog\\\/#organization\",\"name\":\"Blog | Domus Rental\",\"url\":\"https:\\\/\\\/www.domusrental.com\\\/blog\\\/\",\"logo\":{\"@type\":\"ImageObject\",\"inLanguage\":\"de\",\"@id\":\"https:\\\/\\\/www.domusrental.com\\\/blog\\\/#\\\/schema\\\/logo\\\/image\\\/\",\"url\":\"https:\\\/\\\/www.domusrental.com\\\/blog\\\/wp-content\\\/uploads\\\/2024\\\/04\\\/favicon.png\",\"contentUrl\":\"https:\\\/\\\/www.domusrental.com\\\/blog\\\/wp-content\\\/uploads\\\/2024\\\/04\\\/favicon.png\",\"width\":298,\"height\":298,\"caption\":\"Blog | Domus Rental\"},\"image\":{\"@id\":\"https:\\\/\\\/www.domusrental.com\\\/blog\\\/#\\\/schema\\\/logo\\\/image\\\/\"},\"sameAs\":[\"https:\\\/\\\/www.facebook.com\\\/domusrental\",\"https:\\\/\\\/x.com\\\/DomusRental\"]},{\"@type\":\"Person\",\"@id\":\"https:\\\/\\\/www.domusrental.com\\\/blog\\\/#\\\/schema\\\/person\\\/4704eef53d63fc41b94477baca3572f8\",\"name\":\"digitalservices\",\"image\":{\"@type\":\"ImageObject\",\"inLanguage\":\"de\",\"@id\":\"https:\\\/\\\/secure.gravatar.com\\\/avatar\\\/af30f88a1904294c1f3eb09a9d7903eec4ffa18fa2cf40c28a8681014ecdfc20?s=96&d=mm&r=g\",\"url\":\"https:\\\/\\\/secure.gravatar.com\\\/avatar\\\/af30f88a1904294c1f3eb09a9d7903eec4ffa18fa2cf40c28a8681014ecdfc20?s=96&d=mm&r=g\",\"contentUrl\":\"https:\\\/\\\/secure.gravatar.com\\\/avatar\\\/af30f88a1904294c1f3eb09a9d7903eec4ffa18fa2cf40c28a8681014ecdfc20?s=96&d=mm&r=g\",\"caption\":\"digitalservices\"},\"url\":\"https:\\\/\\\/www.domusrental.com\\\/blog\\\/de\\\/author\\\/digitalservices\\\/\"}]}<\/script>\n<!-- \/ Yoast SEO plugin. -->","yoast_head_json":{"title":"Der M\u00e4rkte von Torri del Benaco","description":"Am Gardasee gibt es so viele unglaubliche St\u00e4dte mit M\u00e4rkten, und Torri del Benaco z\u00e4hlt zu den bekanntesten.","robots":{"index":"index","follow":"follow","max-snippet":"max-snippet:-1","max-image-preview":"max-image-preview:large","max-video-preview":"max-video-preview:-1"},"canonical":"https:\/\/www.domusrental.com\/blog\/torri-del-benaco-markets\/","og_locale":"de_DE","og_type":"article","og_title":"Der M\u00e4rkte von Torri del Benaco","og_description":"Am Gardasee gibt es so viele unglaubliche St\u00e4dte mit M\u00e4rkten, und Torri del Benaco z\u00e4hlt zu den bekanntesten.","og_url":"https:\/\/www.domusrental.com\/blog\/torri-del-benaco-markets\/","og_site_name":"Blog | Domus Rental","article_publisher":"https:\/\/www.facebook.com\/domusrental","article_published_time":"2023-10-10T09:09:32+00:00","article_modified_time":"2025-01-21T15:42:01+00:00","og_image":[{"width":1920,"height":500,"url":"https:\/\/www.domusrental.com\/blog\/wp-content\/uploads\/2023\/10\/markets-in-lago-de-garda.jpg","type":"image\/jpeg"}],"author":"digitalservices","twitter_card":"summary_large_image","twitter_creator":"@DomusRental","twitter_site":"@DomusRental","twitter_misc":{"Verfasst von":"digitalservices","Gesch\u00e4tzte Lesezeit":"6\u00a0Minuten"},"schema":{"@context":"https:\/\/schema.org","@graph":[{"@type":"Article","@id":"https:\/\/www.domusrental.com\/blog\/torri-del-benaco-markets\/#article","isPartOf":{"@id":"https:\/\/www.domusrental.com\/blog\/torri-del-benaco-markets\/"},"author":{"name":"digitalservices","@id":"https:\/\/www.domusrental.com\/blog\/#\/schema\/person\/4704eef53d63fc41b94477baca3572f8"},"headline":"Lassen Sie sich vom Charme der M\u00e4rkte von Torri del Benaco verzaubern","datePublished":"2023-10-10T09:09:32+00:00","dateModified":"2025-01-21T15:42:01+00:00","mainEntityOfPage":{"@id":"https:\/\/www.domusrental.com\/blog\/torri-del-benaco-markets\/"},"wordCount":1029,"commentCount":0,"publisher":{"@id":"https:\/\/www.domusrental.com\/blog\/#organization"},"image":{"@id":"https:\/\/www.domusrental.com\/blog\/torri-del-benaco-markets\/#primaryimage"},"thumbnailUrl":"https:\/\/www.domusrental.com\/blog\/wp-content\/uploads\/2023\/10\/markets-in-lago-de-garda.jpg","articleSection":["Gastronomie"],"inLanguage":"de","potentialAction":[{"@type":"CommentAction","name":"Comment","target":["https:\/\/www.domusrental.com\/blog\/torri-del-benaco-markets\/#respond"]}]},{"@type":"WebPage","@id":"https:\/\/www.domusrental.com\/blog\/torri-del-benaco-markets\/","url":"https:\/\/www.domusrental.com\/blog\/torri-del-benaco-markets\/","name":"Der M\u00e4rkte von Torri del Benaco","isPartOf":{"@id":"https:\/\/www.domusrental.com\/blog\/#website"},"primaryImageOfPage":{"@id":"https:\/\/www.domusrental.com\/blog\/torri-del-benaco-markets\/#primaryimage"},"image":{"@id":"https:\/\/www.domusrental.com\/blog\/torri-del-benaco-markets\/#primaryimage"},"thumbnailUrl":"https:\/\/www.domusrental.com\/blog\/wp-content\/uploads\/2023\/10\/markets-in-lago-de-garda.jpg","datePublished":"2023-10-10T09:09:32+00:00","dateModified":"2025-01-21T15:42:01+00:00","description":"Am Gardasee gibt es so viele unglaubliche St\u00e4dte mit M\u00e4rkten, und Torri del Benaco z\u00e4hlt zu den bekanntesten.","breadcrumb":{"@id":"https:\/\/www.domusrental.com\/blog\/torri-del-benaco-markets\/#breadcrumb"},"inLanguage":"de","potentialAction":[{"@type":"ReadAction","target":["https:\/\/www.domusrental.com\/blog\/torri-del-benaco-markets\/"]}]},{"@type":"ImageObject","inLanguage":"de","@id":"https:\/\/www.domusrental.com\/blog\/torri-del-benaco-markets\/#primaryimage","url":"https:\/\/www.domusrental.com\/blog\/wp-content\/uploads\/2023\/10\/markets-in-lago-de-garda.jpg","contentUrl":"https:\/\/www.domusrental.com\/blog\/wp-content\/uploads\/2023\/10\/markets-in-lago-de-garda.jpg","width":1920,"height":500,"caption":"markets-in-lago-de-garda"},{"@type":"BreadcrumbList","@id":"https:\/\/www.domusrental.com\/blog\/torri-del-benaco-markets\/#breadcrumb","itemListElement":[{"@type":"ListItem","position":1,"name":"Home","item":"https:\/\/www.domusrental.com\/blog\/de\/"},{"@type":"ListItem","position":2,"name":"Lassen Sie sich vom Charme der M\u00e4rkte von Torri del Benaco verzaubern"}]},{"@type":"WebSite","@id":"https:\/\/www.domusrental.com\/blog\/#website","url":"https:\/\/www.domusrental.com\/blog\/","name":"Domus Rental","description":"","publisher":{"@id":"https:\/\/www.domusrental.com\/blog\/#organization"},"potentialAction":[{"@type":"SearchAction","target":{"@type":"EntryPoint","urlTemplate":"https:\/\/www.domusrental.com\/blog\/?s={search_term_string}"},"query-input":{"@type":"PropertyValueSpecification","valueRequired":true,"valueName":"search_term_string"}}],"inLanguage":"de"},{"@type":"Organization","@id":"https:\/\/www.domusrental.com\/blog\/#organization","name":"Blog | Domus Rental","url":"https:\/\/www.domusrental.com\/blog\/","logo":{"@type":"ImageObject","inLanguage":"de","@id":"https:\/\/www.domusrental.com\/blog\/#\/schema\/logo\/image\/","url":"https:\/\/www.domusrental.com\/blog\/wp-content\/uploads\/2024\/04\/favicon.png","contentUrl":"https:\/\/www.domusrental.com\/blog\/wp-content\/uploads\/2024\/04\/favicon.png","width":298,"height":298,"caption":"Blog | Domus Rental"},"image":{"@id":"https:\/\/www.domusrental.com\/blog\/#\/schema\/logo\/image\/"},"sameAs":["https:\/\/www.facebook.com\/domusrental","https:\/\/x.com\/DomusRental"]},{"@type":"Person","@id":"https:\/\/www.domusrental.com\/blog\/#\/schema\/person\/4704eef53d63fc41b94477baca3572f8","name":"digitalservices","image":{"@type":"ImageObject","inLanguage":"de","@id":"https:\/\/secure.gravatar.com\/avatar\/af30f88a1904294c1f3eb09a9d7903eec4ffa18fa2cf40c28a8681014ecdfc20?s=96&d=mm&r=g","url":"https:\/\/secure.gravatar.com\/avatar\/af30f88a1904294c1f3eb09a9d7903eec4ffa18fa2cf40c28a8681014ecdfc20?s=96&d=mm&r=g","contentUrl":"https:\/\/secure.gravatar.com\/avatar\/af30f88a1904294c1f3eb09a9d7903eec4ffa18fa2cf40c28a8681014ecdfc20?s=96&d=mm&r=g","caption":"digitalservices"},"url":"https:\/\/www.domusrental.com\/blog\/de\/author\/digitalservices\/"}]}},"_links":{"self":[{"href":"https:\/\/www.domusrental.com\/blog\/de\/wp-json\/wp\/v2\/posts\/642","targetHints":{"allow":["GET"]}}],"collection":[{"href":"https:\/\/www.domusrental.com\/blog\/de\/wp-json\/wp\/v2\/posts"}],"about":[{"href":"https:\/\/www.domusrental.com\/blog\/de\/wp-json\/wp\/v2\/types\/post"}],"author":[{"embeddable":true,"href":"https:\/\/www.domusrental.com\/blog\/de\/wp-json\/wp\/v2\/users\/2"}],"replies":[{"embeddable":true,"href":"https:\/\/www.domusrental.com\/blog\/de\/wp-json\/wp\/v2\/comments?post=642"}],"version-history":[{"count":17,"href":"https:\/\/www.domusrental.com\/blog\/de\/wp-json\/wp\/v2\/posts\/642\/revisions"}],"predecessor-version":[{"id":2839,"href":"https:\/\/www.domusrental.com\/blog\/de\/wp-json\/wp\/v2\/posts\/642\/revisions\/2839"}],"wp:featuredmedia":[{"embeddable":true,"href":"https:\/\/www.domusrental.com\/blog\/de\/wp-json\/wp\/v2\/media\/634"}],"wp:attachment":[{"href":"https:\/\/www.domusrental.com\/blog\/de\/wp-json\/wp\/v2\/media?parent=642"}],"wp:term":[{"taxonomy":"category","embeddable":true,"href":"https:\/\/www.domusrental.com\/blog\/de\/wp-json\/wp\/v2\/categories?post=642"},{"taxonomy":"post_tag","embeddable":true,"href":"https:\/\/www.domusrental.com\/blog\/de\/wp-json\/wp\/v2\/tags?post=642"}],"curies":[{"name":"wp","href":"https:\/\/api.w.org\/{rel}","templated":true}]}}