{"id":909,"date":"2023-12-28T09:39:53","date_gmt":"2023-12-28T09:39:53","guid":{"rendered":"https:\/\/www.domusrental.com\/blog\/?p=909"},"modified":"2025-02-03T11:24:18","modified_gmt":"2025-02-03T11:24:18","slug":"ferienwohnung-torri-del-benaco","status":"publish","type":"post","link":"https:\/\/www.domusrental.com\/blog\/de\/ferienwohnung-torri-del-benaco\/","title":{"rendered":"Buchen Sie ein ferienwohnung in Torri del Benaco, kennen Sie die besten Infos vorher"},"content":{"rendered":"\t\t<div data-elementor-type=\"wp-post\" data-elementor-id=\"909\" class=\"elementor elementor-909 elementor-783\" data-elementor-post-type=\"post\">\n\t\t\t\t\t\t<section class=\"elementor-section elementor-top-section elementor-element elementor-element-e045dd8 elementor-section-boxed elementor-section-height-default elementor-section-height-default\" data-id=\"e045dd8\" data-element_type=\"section\" data-e-type=\"section\">\n\t\t\t\t\t\t<div class=\"elementor-container elementor-column-gap-default\">\n\t\t\t\t\t<div class=\"elementor-column elementor-col-100 elementor-top-column elementor-element elementor-element-4cb2048\" data-id=\"4cb2048\" data-element_type=\"column\" data-e-type=\"column\">\n\t\t\t<div class=\"elementor-widget-wrap elementor-element-populated\">\n\t\t\t\t\t\t<div class=\"elementor-element elementor-element-330f094 elementor-widget elementor-widget-text-editor\" data-id=\"330f094\" data-element_type=\"widget\" data-e-type=\"widget\" data-widget_type=\"text-editor.default\">\n\t\t\t\t<div class=\"elementor-widget-container\">\n\t\t\t\t\t\t\t\t\t<p><span style=\"font-weight: 400;\">Wenn Sie hier gelandet sind, suchen Sie nach <strong>Unterk\u00fcnften in Torri del Benaco<\/strong>, einer malerischen Stadt am Ufer des Gardasees, die ihre eigene Ausstrahlung hat. Diese Stadt bewahrt das mittelalterliche Flair mit Steinmauern und T\u00fcrmen, einem r\u00f6mischen Hafen und zahlreichen pr\u00e4historischen St\u00e4tten.\u00a0<\/span><\/p><p><span style=\"font-weight: 400;\">Dieses malerische Reiseziel wurde bereits mehrfach von Ber\u00fchmtheiten wie Laurence Olivier, Maria Callas, Jacques Piccard und K\u00f6nig Juan Carlos I. gew\u00e4hlt.\u00a0<\/span><\/p><p><span style=\"font-weight: 400;\">Unser Ziel ist es, Reisenden alle m\u00f6glichen Informationen zur Verf\u00fcgung zu stellen, die bei der <strong>Buchung einer Ferienwohnung hilfreich sein k\u00f6nnten<\/strong>, bevor sie diese wundersch\u00f6ne Stadt im Norden Italiens besuchen.<\/span><\/p>\t\t\t\t\t\t\t\t<\/div>\n\t\t\t\t<\/div>\n\t\t\t\t\t<\/div>\n\t\t<\/div>\n\t\t\t\t\t<\/div>\n\t\t<\/section>\n\t\t\t\t<section class=\"elementor-section elementor-top-section elementor-element elementor-element-8efd8a8 elementor-section-boxed elementor-section-height-default elementor-section-height-default\" data-id=\"8efd8a8\" data-element_type=\"section\" data-e-type=\"section\">\n\t\t\t\t\t\t<div class=\"elementor-container elementor-column-gap-default\">\n\t\t\t\t\t<div class=\"elementor-column elementor-col-100 elementor-top-column elementor-element elementor-element-b586af7\" data-id=\"b586af7\" data-element_type=\"column\" data-e-type=\"column\">\n\t\t\t<div class=\"elementor-widget-wrap elementor-element-populated\">\n\t\t\t\t\t\t<div class=\"elementor-element elementor-element-d2ec697 elementor-widget elementor-widget-heading\" data-id=\"d2ec697\" data-element_type=\"widget\" data-e-type=\"widget\" data-widget_type=\"heading.default\">\n\t\t\t\t<div class=\"elementor-widget-container\">\n\t\t\t\t\t<h2 class=\"elementor-heading-title elementor-size-default\">Beginnen wir damit, den besten Zeitpunkt f\u00fcr den Besuch und die Anmietung einer Ferienwohnung in Torri del Benaco zu w\u00e4hlen. <\/h2>\t\t\t\t<\/div>\n\t\t\t\t<\/div>\n\t\t\t\t<div class=\"elementor-element elementor-element-abbe22f elementor-widget elementor-widget-text-editor\" data-id=\"abbe22f\" data-element_type=\"widget\" data-e-type=\"widget\" data-widget_type=\"text-editor.default\">\n\t\t\t\t<div class=\"elementor-widget-container\">\n\t\t\t\t\t\t\t\t\t<p><span style=\"font-weight: 400;\">Am Gardasee gelegen, variiert das Klima dort im Laufe des Jahres erheblich, was den besten Besuchszeitpunkt je nach Vorlieben beeinflusst.<\/span><\/p>\t\t\t\t\t\t\t\t<\/div>\n\t\t\t\t<\/div>\n\t\t\t\t\t<\/div>\n\t\t<\/div>\n\t\t\t\t\t<\/div>\n\t\t<\/section>\n\t\t\t\t<section class=\"elementor-section elementor-top-section elementor-element elementor-element-9715865 elementor-section-boxed elementor-section-height-default elementor-section-height-default\" data-id=\"9715865\" data-element_type=\"section\" data-e-type=\"section\">\n\t\t\t\t\t\t<div class=\"elementor-container elementor-column-gap-default\">\n\t\t\t\t\t<div class=\"elementor-column elementor-col-66 elementor-top-column elementor-element elementor-element-7b326f7\" data-id=\"7b326f7\" data-element_type=\"column\" data-e-type=\"column\">\n\t\t\t<div class=\"elementor-widget-wrap elementor-element-populated\">\n\t\t\t\t\t\t<div class=\"elementor-element elementor-element-0548bce elementor-widget elementor-widget-heading\" data-id=\"0548bce\" data-element_type=\"widget\" data-e-type=\"widget\" data-widget_type=\"heading.default\">\n\t\t\t\t<div class=\"elementor-widget-container\">\n\t\t\t\t\t<h4 class=\"elementor-heading-title elementor-size-default\">Fr\u00fchling (M\u00e4rz - Mai)\n<\/h4>\t\t\t\t<\/div>\n\t\t\t\t<\/div>\n\t\t\t\t<div class=\"elementor-element elementor-element-c4a311e elementor-widget elementor-widget-text-editor\" data-id=\"c4a311e\" data-element_type=\"widget\" data-e-type=\"widget\" data-widget_type=\"text-editor.default\">\n\t\t\t\t<div class=\"elementor-widget-container\">\n\t\t\t\t\t\t\t\t\t<p><span style=\"font-weight: 400;\">Das Klima ist durch einen progressiven Temperaturanstieg und l\u00e4ngere Tage gekennzeichnet. Es gibt einen allm\u00e4hlichen Anstieg der Niederschl\u00e4ge, besonders gegen Ende Mai. Empfehlung: Es ist eine gute Zeit f\u00fcr einen Besuch, wenn Sie das Erwachen der Natur und mildere Temperaturen genie\u00dfen m\u00f6chten.<\/span><\/p>\t\t\t\t\t\t\t\t<\/div>\n\t\t\t\t<\/div>\n\t\t\t\t\t<\/div>\n\t\t<\/div>\n\t\t\t\t<div class=\"elementor-column elementor-col-33 elementor-top-column elementor-element elementor-element-247430e\" data-id=\"247430e\" data-element_type=\"column\" data-e-type=\"column\">\n\t\t\t<div class=\"elementor-widget-wrap elementor-element-populated\">\n\t\t\t\t\t\t<div class=\"elementor-element elementor-element-16db261 elementor-widget elementor-widget-image\" data-id=\"16db261\" data-element_type=\"widget\" data-e-type=\"widget\" data-widget_type=\"image.default\">\n\t\t\t\t<div class=\"elementor-widget-container\">\n\t\t\t\t\t\t\t\t\t\t\t\t\t\t\t<img fetchpriority=\"high\" decoding=\"async\" width=\"300\" height=\"276\" src=\"https:\/\/www.domusrental.com\/blog\/wp-content\/uploads\/2023\/12\/torri-del-benaco-spring-380x350.jpg\" class=\"attachment-medium size-medium wp-image-797\" alt=\"torri del benaco spring\" \/>\t\t\t\t\t\t\t\t\t\t\t\t\t\t\t<\/div>\n\t\t\t\t<\/div>\n\t\t\t\t\t<\/div>\n\t\t<\/div>\n\t\t\t\t\t<\/div>\n\t\t<\/section>\n\t\t\t\t<section class=\"elementor-section elementor-top-section elementor-element elementor-element-88a68fa elementor-section-boxed elementor-section-height-default elementor-section-height-default\" data-id=\"88a68fa\" data-element_type=\"section\" data-e-type=\"section\">\n\t\t\t\t\t\t<div class=\"elementor-container elementor-column-gap-default\">\n\t\t\t\t\t<div class=\"elementor-column elementor-col-66 elementor-top-column elementor-element elementor-element-c03f570\" data-id=\"c03f570\" data-element_type=\"column\" data-e-type=\"column\">\n\t\t\t<div class=\"elementor-widget-wrap elementor-element-populated\">\n\t\t\t\t\t\t<div class=\"elementor-element elementor-element-87daa19 elementor-widget elementor-widget-heading\" data-id=\"87daa19\" data-element_type=\"widget\" data-e-type=\"widget\" data-widget_type=\"heading.default\">\n\t\t\t\t<div class=\"elementor-widget-container\">\n\t\t\t\t\t<h4 class=\"elementor-heading-title elementor-size-default\">Sommer (Juni - August)<\/h4>\t\t\t\t<\/div>\n\t\t\t\t<\/div>\n\t\t\t\t<div class=\"elementor-element elementor-element-e6bc0f4 elementor-widget elementor-widget-text-editor\" data-id=\"e6bc0f4\" data-element_type=\"widget\" data-e-type=\"widget\" data-widget_type=\"text-editor.default\">\n\t\t\t\t<div class=\"elementor-widget-container\">\n\t\t\t\t\t\t\t\t\t<p><span style=\"font-weight: 400;\">Das Klima ist hei\u00df und meist klar. Juli ist der klarste Monat. Die Regenwahrscheinlichkeit ist im Vergleich zum Fr\u00fchling geringer, obwohl der Juni mehr Regentage haben kann. Empfehlung: Ideal f\u00fcr Outdoor-Aktivit\u00e4ten und um den See zu genie\u00dfen.<\/span><\/p>\t\t\t\t\t\t\t\t<\/div>\n\t\t\t\t<\/div>\n\t\t\t\t\t<\/div>\n\t\t<\/div>\n\t\t\t\t<div class=\"elementor-column elementor-col-33 elementor-top-column elementor-element elementor-element-c7b78d4\" data-id=\"c7b78d4\" data-element_type=\"column\" data-e-type=\"column\">\n\t\t\t<div class=\"elementor-widget-wrap elementor-element-populated\">\n\t\t\t\t\t\t<div class=\"elementor-element elementor-element-414f04c elementor-widget elementor-widget-image\" data-id=\"414f04c\" data-element_type=\"widget\" data-e-type=\"widget\" data-widget_type=\"image.default\">\n\t\t\t\t<div class=\"elementor-widget-container\">\n\t\t\t\t\t\t\t\t\t\t\t\t\t\t\t<img decoding=\"async\" width=\"300\" height=\"276\" src=\"https:\/\/www.domusrental.com\/blog\/wp-content\/uploads\/2023\/12\/torri-del-benaco-summer-380x350.jpg\" class=\"attachment-medium size-medium wp-image-800\" alt=\"torri del benaco summer\" \/>\t\t\t\t\t\t\t\t\t\t\t\t\t\t\t<\/div>\n\t\t\t\t<\/div>\n\t\t\t\t\t<\/div>\n\t\t<\/div>\n\t\t\t\t\t<\/div>\n\t\t<\/section>\n\t\t\t\t<section class=\"elementor-section elementor-top-section elementor-element elementor-element-5724008 elementor-section-boxed elementor-section-height-default elementor-section-height-default\" data-id=\"5724008\" data-element_type=\"section\" data-e-type=\"section\">\n\t\t\t\t\t\t<div class=\"elementor-container elementor-column-gap-default\">\n\t\t\t\t\t<div class=\"elementor-column elementor-col-66 elementor-top-column elementor-element elementor-element-4c27d52\" data-id=\"4c27d52\" data-element_type=\"column\" data-e-type=\"column\">\n\t\t\t<div class=\"elementor-widget-wrap elementor-element-populated\">\n\t\t\t\t\t\t<div class=\"elementor-element elementor-element-8292db3 elementor-widget elementor-widget-heading\" data-id=\"8292db3\" data-element_type=\"widget\" data-e-type=\"widget\" data-widget_type=\"heading.default\">\n\t\t\t\t<div class=\"elementor-widget-container\">\n\t\t\t\t\t<h4 class=\"elementor-heading-title elementor-size-default\">Herbst (September - November)<\/h4>\t\t\t\t<\/div>\n\t\t\t\t<\/div>\n\t\t\t\t<div class=\"elementor-element elementor-element-166a47b elementor-widget elementor-widget-text-editor\" data-id=\"166a47b\" data-element_type=\"widget\" data-e-type=\"widget\" data-widget_type=\"text-editor.default\">\n\t\t\t\t<div class=\"elementor-widget-container\">\n\t\t\t\t\t\t\t\t\t<p><span style=\"font-weight: 400;\">Die Temperaturen beginnen zu sinken und die Tage werden k\u00fcrzer als im Sommer. Die Regenmenge nimmt wieder zu, wobei Oktober der regenreichste Monat ist.<\/span><\/p><p><span style=\"font-weight: 400;\">Empfehlung: Wenn Sie k\u00fchlere Temperaturen bevorzugen und die Herbstfarben genie\u00dfen m\u00f6chten, ist dies eine gute Zeit.<\/span><\/p>\t\t\t\t\t\t\t\t<\/div>\n\t\t\t\t<\/div>\n\t\t\t\t\t<\/div>\n\t\t<\/div>\n\t\t\t\t<div class=\"elementor-column elementor-col-33 elementor-top-column elementor-element elementor-element-1725cd0\" data-id=\"1725cd0\" data-element_type=\"column\" data-e-type=\"column\">\n\t\t\t<div class=\"elementor-widget-wrap elementor-element-populated\">\n\t\t\t\t\t\t<div class=\"elementor-element elementor-element-cb38c39 elementor-widget elementor-widget-image\" data-id=\"cb38c39\" data-element_type=\"widget\" data-e-type=\"widget\" data-widget_type=\"image.default\">\n\t\t\t\t<div class=\"elementor-widget-container\">\n\t\t\t\t\t\t\t\t\t\t\t\t\t\t\t<img decoding=\"async\" width=\"300\" height=\"276\" src=\"https:\/\/www.domusrental.com\/blog\/wp-content\/uploads\/2023\/12\/torri-del-benaco-autum-380x350.jpg\" class=\"attachment-medium size-medium wp-image-794\" alt=\"torri del benaco autum\" \/>\t\t\t\t\t\t\t\t\t\t\t\t\t\t\t<\/div>\n\t\t\t\t<\/div>\n\t\t\t\t\t<\/div>\n\t\t<\/div>\n\t\t\t\t\t<\/div>\n\t\t<\/section>\n\t\t\t\t<section class=\"elementor-section elementor-top-section elementor-element elementor-element-d613c6c elementor-section-boxed elementor-section-height-default elementor-section-height-default\" data-id=\"d613c6c\" data-element_type=\"section\" data-e-type=\"section\">\n\t\t\t\t\t\t<div class=\"elementor-container elementor-column-gap-default\">\n\t\t\t\t\t<div class=\"elementor-column elementor-col-66 elementor-top-column elementor-element elementor-element-482f3da\" data-id=\"482f3da\" data-element_type=\"column\" data-e-type=\"column\">\n\t\t\t<div class=\"elementor-widget-wrap elementor-element-populated\">\n\t\t\t\t\t\t<div class=\"elementor-element elementor-element-84c96a3 elementor-widget elementor-widget-heading\" data-id=\"84c96a3\" data-element_type=\"widget\" data-e-type=\"widget\" data-widget_type=\"heading.default\">\n\t\t\t\t<div class=\"elementor-widget-container\">\n\t\t\t\t\t<h4 class=\"elementor-heading-title elementor-size-default\">Winter (Dezember - Februar)<\/h4>\t\t\t\t<\/div>\n\t\t\t\t<\/div>\n\t\t\t\t<div class=\"elementor-element elementor-element-333031f elementor-widget elementor-widget-text-editor\" data-id=\"333031f\" data-element_type=\"widget\" data-e-type=\"widget\" data-widget_type=\"text-editor.default\">\n\t\t\t\t<div class=\"elementor-widget-container\">\n\t\t\t\t\t\t\t\t\t<p><span style=\"font-weight: 400;\">Das Klima ist kalt und wahrscheinlicher bew\u00f6lkt, wobei November der wolkigste Monat ist. Empfehlung: Obwohl es k\u00e4lter ist, ist es weniger touristisch, was ideal sein kann, wenn Sie Ruhe suchen.<\/span><\/p>\t\t\t\t\t\t\t\t<\/div>\n\t\t\t\t<\/div>\n\t\t\t\t\t<\/div>\n\t\t<\/div>\n\t\t\t\t<div class=\"elementor-column elementor-col-33 elementor-top-column elementor-element elementor-element-c2f5d6e\" data-id=\"c2f5d6e\" data-element_type=\"column\" data-e-type=\"column\">\n\t\t\t<div class=\"elementor-widget-wrap elementor-element-populated\">\n\t\t\t\t\t\t<div class=\"elementor-element elementor-element-f155420 elementor-widget elementor-widget-image\" data-id=\"f155420\" data-element_type=\"widget\" data-e-type=\"widget\" data-widget_type=\"image.default\">\n\t\t\t\t<div class=\"elementor-widget-container\">\n\t\t\t\t\t\t\t\t\t\t\t\t\t\t\t<img loading=\"lazy\" decoding=\"async\" width=\"300\" height=\"276\" src=\"https:\/\/www.domusrental.com\/blog\/wp-content\/uploads\/2023\/12\/torri-del-benaco-winter-380x350.jpg\" class=\"attachment-medium size-medium wp-image-803\" alt=\"torri del benaco winter\" \/>\t\t\t\t\t\t\t\t\t\t\t\t\t\t\t<\/div>\n\t\t\t\t<\/div>\n\t\t\t\t\t<\/div>\n\t\t<\/div>\n\t\t\t\t\t<\/div>\n\t\t<\/section>\n\t\t\t\t<section class=\"elementor-section elementor-top-section elementor-element elementor-element-5bf482b elementor-section-boxed elementor-section-height-default elementor-section-height-default\" data-id=\"5bf482b\" data-element_type=\"section\" data-e-type=\"section\">\n\t\t\t\t\t\t<div class=\"elementor-container elementor-column-gap-default\">\n\t\t\t\t\t<div class=\"elementor-column elementor-col-100 elementor-top-column elementor-element elementor-element-9430d3b\" data-id=\"9430d3b\" data-element_type=\"column\" data-e-type=\"column\">\n\t\t\t<div class=\"elementor-widget-wrap elementor-element-populated\">\n\t\t\t\t\t\t<div class=\"elementor-element elementor-element-6f46af4 elementor-widget elementor-widget-heading\" data-id=\"6f46af4\" data-element_type=\"widget\" data-e-type=\"widget\" data-widget_type=\"heading.default\">\n\t\t\t\t<div class=\"elementor-widget-container\">\n\t\t\t\t\t<h2 class=\"elementor-heading-title elementor-size-default\">Lassen Sie uns \u00fcber die Lage dieses Juwels einer Stadt am Gardasee und den Weg dorthin sprechen.<\/h2>\t\t\t\t<\/div>\n\t\t\t\t<\/div>\n\t\t\t\t<div class=\"elementor-element elementor-element-bffd288 elementor-widget elementor-widget-text-editor\" data-id=\"bffd288\" data-element_type=\"widget\" data-e-type=\"widget\" data-widget_type=\"text-editor.default\">\n\t\t\t\t<div class=\"elementor-widget-container\">\n\t\t\t\t\t\t\t\t\t<p><span style=\"font-weight: 400;\">Torri del Benaco befindet sich am Gardasee, dem gr\u00f6\u00dften See Italiens, in der Region Venetien im Norden des Landes, zwischen den Alpen und der Po-Ebene, nahe Verona und Brescia. Sie k\u00f6nnen mit dem Auto anreisen und dabei die malerische italienische Landschaft genie\u00dfen.\u00a0<\/span><\/p><p><span style=\"font-weight: 400;\">Wenn Sie \u00f6ffentliche Verkehrsmittel bevorzugen, verbinden Z\u00fcge und Busse Torri del Benaco mit mehreren St\u00e4dten wie Verona und Brescia, obwohl es notwendig sein k\u00f6nnte, verschiedene Transportmittel zu kombinieren. Wenn Sie von weiter weg anreisen, besteht auch die M\u00f6glichkeit, zum Flughafen Verona zu fliegen und dann die Reise auf der Stra\u00dfe oder mit \u00f6ffentlichen Verkehrsmitteln fortzusetzen.\u00a0<\/span><\/p><p><span style=\"font-weight: 400;\">In Torri del Benaco gibt es eine <a href=\"https:\/\/torri-del-benaco.net\/traghetto-torri-del-benaco-toscolano-maderno-lago-di-garda\/\">F\u00e4hrverbindung<\/a>, die die Stadt mit dem gegen\u00fcberliegenden Ufer des Sees verbindet und es Ihnen erm\u00f6glicht, bequem die kleinen St\u00e4dte auf dieser Seite zu besuchen, ohne einen gro\u00dfen Umweg machen zu m\u00fcssen.<\/span><\/p>\t\t\t\t\t\t\t\t<\/div>\n\t\t\t\t<\/div>\n\t\t\t\t<div class=\"elementor-element elementor-element-6239c24 elementor-widget elementor-widget-image\" data-id=\"6239c24\" data-element_type=\"widget\" data-e-type=\"widget\" data-widget_type=\"image.default\">\n\t\t\t\t<div class=\"elementor-widget-container\">\n\t\t\t\t\t\t\t\t\t\t\t\t\t\t\t<img loading=\"lazy\" decoding=\"async\" width=\"1400\" height=\"583\" src=\"https:\/\/www.domusrental.com\/blog\/wp-content\/uploads\/2023\/12\/holidays-torri-del-benaco-garda.jpg\" class=\"attachment-full size-full wp-image-815\" alt=\"holidays torri del benaco garda\" srcset=\"https:\/\/www.domusrental.com\/blog\/wp-content\/uploads\/2023\/12\/holidays-torri-del-benaco-garda.jpg 1400w, https:\/\/www.domusrental.com\/blog\/wp-content\/uploads\/2023\/12\/holidays-torri-del-benaco-garda-768x320.jpg 768w\" sizes=\"(max-width: 1400px) 100vw, 1400px\" \/>\t\t\t\t\t\t\t\t\t\t\t\t\t\t\t<\/div>\n\t\t\t\t<\/div>\n\t\t\t\t\t<\/div>\n\t\t<\/div>\n\t\t\t\t\t<\/div>\n\t\t<\/section>\n\t\t\t\t<section class=\"elementor-section elementor-top-section elementor-element elementor-element-84ec6da elementor-section-boxed elementor-section-height-default elementor-section-height-default\" data-id=\"84ec6da\" data-element_type=\"section\" data-e-type=\"section\">\n\t\t\t\t\t\t<div class=\"elementor-container elementor-column-gap-default\">\n\t\t\t\t\t<div class=\"elementor-column elementor-col-100 elementor-top-column elementor-element elementor-element-1cf339f\" data-id=\"1cf339f\" data-element_type=\"column\" data-e-type=\"column\">\n\t\t\t<div class=\"elementor-widget-wrap elementor-element-populated\">\n\t\t\t\t\t\t<div class=\"elementor-element elementor-element-0bef632 elementor-widget elementor-widget-heading\" data-id=\"0bef632\" data-element_type=\"widget\" data-e-type=\"widget\" data-widget_type=\"heading.default\">\n\t\t\t\t<div class=\"elementor-widget-container\">\n\t\t\t\t\t<h2 class=\"elementor-heading-title elementor-size-default\">Jetzt, da wir die Jahreszeiten und die Lage verstehen, schauen wir uns an, welche Arten von Ferienwohnungen wir in Torri del Benaco finden k\u00f6nnen und was wir von ihnen erwarten k\u00f6nnen.<\/h2>\t\t\t\t<\/div>\n\t\t\t\t<\/div>\n\t\t\t\t<div class=\"elementor-element elementor-element-7c90a6d elementor-widget elementor-widget-text-editor\" data-id=\"7c90a6d\" data-element_type=\"widget\" data-e-type=\"widget\" data-widget_type=\"text-editor.default\">\n\t\t\t\t<div class=\"elementor-widget-container\">\n\t\t\t\t\t\t\t\t\t<p><span style=\"font-weight: 400;\">In Torri del Benaco findet man eine gro\u00dfe Vielfalt an Unterk\u00fcnften, die sowohl f\u00fcr Paare als auch f\u00fcr Familien geeignet sind.\u00a0<\/span><\/p><p><b>F\u00fcr Paare<\/b><span style=\"font-weight: 400;\"> gibt es elegante und private Ferienwohnungen, die eine intime und gem\u00fctliche Atmosph\u00e4re f\u00fcr einen romantischen Ausflug bieten. Diese Wohnungen sind in der Regel gut ausgestattet und gut gelegen, um die Gegend zu erkunden.\u00a0<\/span><\/p><p>\u00a0<\/p><p><b>F\u00fcr Familien<\/b><span style=\"font-weight: 400;\"> gibt es die M\u00f6glichkeit, eine Villa oder ein Chalet zu mieten, aber auch gr\u00f6\u00dfere Ferienwohnungen sind leicht zu finden. Diese bieten mehr Platz, mehrere Schlafzimmer und Gemeinschaftsbereiche, ideal f\u00fcr Familien oder gr\u00f6\u00dfere Gruppen.\u00a0<\/span><\/p><p><span style=\"font-weight: 400;\">Viele dieser Unterk\u00fcnfte bieten auch Zugang zu Pools und G\u00e4rten, was sie ideal f\u00fcr l\u00e4ngere und entspannendere Aufenthalte macht.<\/span><\/p>\t\t\t\t\t\t\t\t<\/div>\n\t\t\t\t<\/div>\n\t\t\t\t<div class=\"elementor-element elementor-element-6916f4f elementor-widget elementor-widget-image-gallery\" data-id=\"6916f4f\" data-element_type=\"widget\" data-e-type=\"widget\" data-widget_type=\"image-gallery.default\">\n\t\t\t\t<div class=\"elementor-widget-container\">\n\t\t\t\t\t\t\t<div class=\"elementor-image-gallery\">\n\t\t\t<div id='gallery-1' class='gallery galleryid-909 gallery-columns-4 gallery-size-medium'><figure class='gallery-item'>\n\t\t\t<div class='gallery-icon landscape'>\n\t\t\t\t<img loading=\"lazy\" decoding=\"async\" width=\"300\" height=\"276\" src=\"https:\/\/www.domusrental.com\/blog\/wp-content\/uploads\/2023\/12\/apartment-torri-del-benaco-design-380x350.jpg\" class=\"attachment-medium size-medium\" alt=\"apartment torri del benaco design\" \/>\n\t\t\t<\/div><\/figure><figure class='gallery-item'>\n\t\t\t<div class='gallery-icon landscape'>\n\t\t\t\t<img loading=\"lazy\" decoding=\"async\" width=\"300\" height=\"276\" src=\"https:\/\/www.domusrental.com\/blog\/wp-content\/uploads\/2023\/12\/apartment-torri-del-benaco-couples-380x350.jpg\" class=\"attachment-medium size-medium\" alt=\"apartment torri del benaco for couples\" \/>\n\t\t\t<\/div><\/figure><figure class='gallery-item'>\n\t\t\t<div class='gallery-icon landscape'>\n\t\t\t\t<img loading=\"lazy\" decoding=\"async\" width=\"300\" height=\"276\" src=\"https:\/\/www.domusrental.com\/blog\/wp-content\/uploads\/2023\/12\/apartment-torri-del-benaco-lake-views-380x350.jpg\" class=\"attachment-medium size-medium\" alt=\"apartment torri del benaco lake views\" \/>\n\t\t\t<\/div><\/figure><figure class='gallery-item'>\n\t\t\t<div class='gallery-icon landscape'>\n\t\t\t\t<img loading=\"lazy\" decoding=\"async\" width=\"300\" height=\"276\" src=\"https:\/\/www.domusrental.com\/blog\/wp-content\/uploads\/2023\/12\/apartment-torri-del-benaco-families-380x350.jpg\" class=\"attachment-medium size-medium\" alt=\"apartment torri del benaco for families\" \/>\n\t\t\t<\/div><\/figure><figure class='gallery-item'>\n\t\t\t<div class='gallery-icon landscape'>\n\t\t\t\t<img loading=\"lazy\" decoding=\"async\" width=\"300\" height=\"276\" src=\"https:\/\/www.domusrental.com\/blog\/wp-content\/uploads\/2023\/12\/apartment-torri-del-benaco-pool-380x350.jpg\" class=\"attachment-medium size-medium\" alt=\"apartment torri del benaco pool\" \/>\n\t\t\t<\/div><\/figure><figure class='gallery-item'>\n\t\t\t<div class='gallery-icon landscape'>\n\t\t\t\t<img loading=\"lazy\" decoding=\"async\" width=\"300\" height=\"276\" src=\"https:\/\/www.domusrental.com\/blog\/wp-content\/uploads\/2023\/12\/apartment-torri-del-benaco-kitchen-380x350.jpg\" class=\"attachment-medium size-medium\" alt=\"apartment torri del benaco kitchen\" \/>\n\t\t\t<\/div><\/figure><figure class='gallery-item'>\n\t\t\t<div class='gallery-icon landscape'>\n\t\t\t\t<img loading=\"lazy\" decoding=\"async\" width=\"300\" height=\"276\" src=\"https:\/\/www.domusrental.com\/blog\/wp-content\/uploads\/2023\/12\/apartment-torri-del-benaco-views-380x350.jpg\" class=\"attachment-medium size-medium\" alt=\"apartment torri del benaco views\" \/>\n\t\t\t<\/div><\/figure><figure class='gallery-item'>\n\t\t\t<div class='gallery-icon landscape'>\n\t\t\t\t<img loading=\"lazy\" decoding=\"async\" width=\"300\" height=\"276\" src=\"https:\/\/www.domusrental.com\/blog\/wp-content\/uploads\/2023\/12\/apartment-torri-del-benaco-center-380x350.jpg\" class=\"attachment-medium size-medium\" alt=\"apartment torri del benaco center\" \/>\n\t\t\t<\/div><\/figure>\n\t\t<\/div>\n\t\t<\/div>\n\t\t\t\t\t\t<\/div>\n\t\t\t\t<\/div>\n\t\t\t\t<div class=\"elementor-element elementor-element-401b286 elementor-widget elementor-widget-text-editor\" data-id=\"401b286\" data-element_type=\"widget\" data-e-type=\"widget\" data-widget_type=\"text-editor.default\">\n\t\t\t\t<div class=\"elementor-widget-container\">\n\t\t\t\t\t\t\t\t\t<p><span style=\"font-weight: 400;\"><strong>Die Preise f\u00fcr Ferienwohnungen variieren je nach Saison<\/strong>, Lage und Ausstattung der Unterkunft. Es wird empfohlen, unsere Buchungswebsite zu \u00fcberpr\u00fcfen, um eine genauere Vorstellung von Preisen und Verf\u00fcgbarkeit zu erhalten, wobei eine breite Palette von Optionen zur Verf\u00fcgung steht, die nach Unterkunftsart, Preis, Ausstattung und anderen Kriterien gefiltert werden k\u00f6nnen.<\/span><\/p><p><b>Preise<\/b><span style=\"font-weight: 400;\">: Ferienwohnungen sind in dieser Gegend sehr beliebt. In Torri del Benaco finden Sie eine breite Auswahl an Ferienwohnungen, von 130 \u20ac pro Nacht bis zu 240 \u20ac pro Nacht, mit einem durchschnittlichen Preis von etwa 160 \u20ac f\u00fcr eine Unterkunft. <a href=\"https:\/\/www.domusrental.com\/de\/vermietung\/vermietungen-torri-del-benaco-d66838\/\">Aktuelle Preise und alle Optionen finden Sie hier<\/a>.<\/span><\/p><p><span style=\"font-weight: 400;\">Die Preise variieren stark je nach Saison, Standort und Ausstattung der Unterkunft.\u00a0<\/span><\/p><p><span style=\"font-weight: 400;\">Beispielsweise kann eine elegante Ferienwohnung im Zentrum einen anderen Preis haben als eine abgelegenere Villa mit Seeblick.\u00a0<\/span><\/p><p><span style=\"font-weight: 400;\">Die Preise k\u00f6nnen auch je nach Saison variieren, mit m\u00f6glichen Preiserh\u00f6hungen in den Sommermonaten, die die Hochsaison in der Region darstellen.\u00a0<\/span><\/p><p><b>Buchungen und Verf\u00fcgbarkeit<\/b><span style=\"font-weight: 400;\">: Ich empfehle, unsere Buchungswebsite zu \u00fcberpr\u00fcfen, um eine genauere Vorstellung von den Preisen und der Verf\u00fcgbarkeit zu bekommen. Dort finden Sie eine breite Palette von Optionen, die Sie nach Art der Unterkunft, Preis, Ausstattung und anderen Kriterien filtern k\u00f6nnen.<\/span><\/p>\t\t\t\t\t\t\t\t<\/div>\n\t\t\t\t<\/div>\n\t\t\t\t\t<\/div>\n\t\t<\/div>\n\t\t\t\t\t<\/div>\n\t\t<\/section>\n\t\t\t\t<section class=\"elementor-section elementor-top-section elementor-element elementor-element-e91979a elementor-section-boxed elementor-section-height-default elementor-section-height-default\" data-id=\"e91979a\" data-element_type=\"section\" data-e-type=\"section\">\n\t\t\t\t\t\t<div class=\"elementor-container elementor-column-gap-default\">\n\t\t\t\t\t<div class=\"elementor-column elementor-col-100 elementor-top-column elementor-element elementor-element-a2e60d4\" data-id=\"a2e60d4\" data-element_type=\"column\" data-e-type=\"column\">\n\t\t\t<div class=\"elementor-widget-wrap elementor-element-populated\">\n\t\t\t\t\t\t<div class=\"elementor-element elementor-element-f9ee756 elementor-widget elementor-widget-heading\" data-id=\"f9ee756\" data-element_type=\"widget\" data-e-type=\"widget\" data-widget_type=\"heading.default\">\n\t\t\t\t<div class=\"elementor-widget-container\">\n\t\t\t\t\t<h2 class=\"elementor-heading-title elementor-size-default\">Alle Annehmlichkeiten f\u00fcr Ihren Urlaub in Torri del Benaco sind nur wenige Klicks entfernt.<\/h2>\t\t\t\t<\/div>\n\t\t\t\t<\/div>\n\t\t\t\t<div class=\"elementor-element elementor-element-961ccb9 elementor-widget elementor-widget-text-editor\" data-id=\"961ccb9\" data-element_type=\"widget\" data-e-type=\"widget\" data-widget_type=\"text-editor.default\">\n\t\t\t\t<div class=\"elementor-widget-container\">\n\t\t\t\t\t\t\t\t\t<p><span style=\"font-weight: 400;\">Ferienwohnungen in der Gardasee-Gegend, einschlie\u00dflich Torri del Benaco, bieten \u00fcblicherweise eine Vielzahl an Annehmlichkeiten, um einen komfortablen und angenehmen Aufenthalt zu gew\u00e4hrleisten.\u00a0<\/span><\/p><p><span style=\"font-weight: 400;\">Hier ist eine allgemeine Liste der Annehmlichkeiten, die Sie erwarten k\u00f6nnten:<\/span><\/p><p><span style=\"font-weight: 400;\"><strong>Vollausgestattete K\u00fcche<\/strong>: Viele Ferienwohnungen in dieser Gegend verf\u00fcgen \u00fcber voll ausgestattete K\u00fcchen, die es den G\u00e4sten erm\u00f6glichen, ihre eigenen Mahlzeiten zuzubereiten. Dies beinhaltet oft Ger\u00e4te wie K\u00fchlschr\u00e4nke, \u00d6fen, Mikrowellen oder Geschirrsp\u00fcler.<\/span><\/p><p><span style=\"font-weight: 400;\"><strong>Au\u00dfenbereiche<\/strong>: Je nach Unterkunft finden Sie m\u00f6glicherweise Terrassen, Balkone oder G\u00e4rten, oft mit Blick auf den See oder die umliegenden Berge.<\/span><\/p><p><span style=\"font-weight: 400;\"><strong>Pools und Wellnessbereiche<\/strong>: Einige Ferienwohnungen bieten Zugang zu privaten oder gemeinschaftlichen Pools. Es ist auch \u00fcblich, Unterk\u00fcnfte mit Wellnessbereichen wie Saunen oder Whirlpools zu finden.<\/span><\/p><p><span style=\"font-weight: 400;\"><strong>Internetverbindung und Unterhaltung<\/strong>: Die meisten Unterk\u00fcnfte bieten kostenloses WLAN. Sie k\u00f6nnen auch Optionen mit Kabel- oder Satellitenfernsehen finden.<\/span><\/p><p><span style=\"font-weight: 400;\"><strong>Klimaanlage und Heizung<\/strong>: Da das Klima am Gardasee im Sommer warm und im Winter k\u00fchl sein kann, sind die meisten Ferienwohnungen mit Klimaanlage und Heizung ausgestattet.<\/span><\/p><p><span style=\"font-weight: 400;\"><strong>W\u00e4scherei<\/strong>: Einige Unterk\u00fcnfte umfassen Waschmaschinen und Trockner, was besonders n\u00fctzlich f\u00fcr l\u00e4ngere Aufenthalte ist.<\/span><\/p><p><span style=\"font-weight: 400;\"><strong>Parkplatz<\/strong>: Viele Ferienwohnungen bieten private Parkpl\u00e4tze, was praktisch ist, wenn Sie sich entscheiden, ein Auto zu mieten.<\/span><\/p><p><span style=\"font-weight: 400;\"><strong>Sicherheit<\/strong>: Sicherheitsmerkmale wie Safes, Alarmsysteme und sichere Schl\u00f6sser sind in vielen Unterk\u00fcnften \u00fcblich.<\/span><\/p><p><span style=\"font-weight: 400;\"><strong>Einrichtungen f\u00fcr Familien<\/strong>: Wenn Sie mit Kindern reisen, k\u00f6nnen Sie nach Unterk\u00fcnften suchen, die familienfreundliche Annehmlichkeiten wie Kinderbetten, Hochst\u00fchle und Spielbereiche bieten.<\/span><\/p><p><span style=\"font-weight: 400;\"><strong>Direkter Zugang zum See oder N\u00e4he<\/strong>: Einige Unterk\u00fcnfte bieten direkten Zugang zum Gardasee oder befinden sich sehr nah am Ufer, was den Genuss von Wasseraktivit\u00e4ten und Strand erleichtert.<\/span><\/p><p><span style=\"font-weight: 400;\">Es ist wichtig, die spezifischen Angebote der Ferienwohnungen zu \u00fcberpr\u00fcfen, um genaue Details \u00fcber die verf\u00fcgbaren Annehmlichkeiten zu erhalten, da diese je nach Unterkunft variieren k\u00f6nnen.<\/span><\/p>\t\t\t\t\t\t\t\t<\/div>\n\t\t\t\t<\/div>\n\t\t\t\t<div class=\"elementor-element elementor-element-4339be7 elementor-widget elementor-widget-image\" data-id=\"4339be7\" data-element_type=\"widget\" data-e-type=\"widget\" data-widget_type=\"image.default\">\n\t\t\t\t<div class=\"elementor-widget-container\">\n\t\t\t\t\t\t\t\t\t\t\t\t\t\t\t<img loading=\"lazy\" decoding=\"async\" width=\"1400\" height=\"583\" src=\"https:\/\/www.domusrental.com\/blog\/wp-content\/uploads\/2023\/12\/torri-del-benaco-garda-lake-tourism.jpg\" class=\"attachment-full size-full wp-image-919\" alt=\"torri del benaco gardasee urlaub\" srcset=\"https:\/\/www.domusrental.com\/blog\/wp-content\/uploads\/2023\/12\/torri-del-benaco-garda-lake-tourism.jpg 1400w, https:\/\/www.domusrental.com\/blog\/wp-content\/uploads\/2023\/12\/torri-del-benaco-garda-lake-tourism-768x320.jpg 768w\" sizes=\"(max-width: 1400px) 100vw, 1400px\" \/>\t\t\t\t\t\t\t\t\t\t\t\t\t\t\t<\/div>\n\t\t\t\t<\/div>\n\t\t\t\t\t<\/div>\n\t\t<\/div>\n\t\t\t\t\t<\/div>\n\t\t<\/section>\n\t\t\t\t<section class=\"elementor-section elementor-top-section elementor-element elementor-element-bb346ce elementor-section-boxed elementor-section-height-default elementor-section-height-default\" data-id=\"bb346ce\" data-element_type=\"section\" data-e-type=\"section\">\n\t\t\t\t\t\t<div class=\"elementor-container elementor-column-gap-default\">\n\t\t\t\t\t<div class=\"elementor-column elementor-col-100 elementor-top-column elementor-element elementor-element-c22754b\" data-id=\"c22754b\" data-element_type=\"column\" data-e-type=\"column\">\n\t\t\t<div class=\"elementor-widget-wrap elementor-element-populated\">\n\t\t\t\t\t\t<div class=\"elementor-element elementor-element-21f278b elementor-widget elementor-widget-heading\" data-id=\"21f278b\" data-element_type=\"widget\" data-e-type=\"widget\" data-widget_type=\"heading.default\">\n\t\t\t\t<div class=\"elementor-widget-container\">\n\t\t\t\t\t<h2 class=\"elementor-heading-title elementor-size-default\">Abschlie\u00dfend mit allen relevanten touristischen Informationen, bevor Sie Ihre Ferienwohnung buchen.<\/h2>\t\t\t\t<\/div>\n\t\t\t\t<\/div>\n\t\t\t\t<div class=\"elementor-element elementor-element-fe5ee03 elementor-widget elementor-widget-text-editor\" data-id=\"fe5ee03\" data-element_type=\"widget\" data-e-type=\"widget\" data-widget_type=\"text-editor.default\">\n\t\t\t\t<div class=\"elementor-widget-container\">\n\t\t\t\t\t\t\t\t\t<p><span style=\"font-weight: 400;\">Torri del Benaco ist bekannt f\u00fcr seinen wundersch\u00f6nen See und die bergige Landschaft. Es gibt verschiedene Aktivit\u00e4ten wie Schwimmen, Segeln, Wandern auf Naturpfaden und den Besuch lokaler Attraktionen wie der Sessellift Prada Costabella, der Park Baia delle Sirene und <a href=\"https:\/\/www.canevaworld.it\/de\/caneva-the-aquapark.html\">Canevaworld<\/a> &#8211; Aqua Paradise.\u00a0<\/span><\/p><p><span style=\"font-weight: 400;\">Es lohnt sich, Albisano, einen gr\u00fcnen Balkon mit Blick auf den See, oder Crer, einen antiken Bauernhof unter Olivenb\u00e4umen, zu besuchen. Die touristischen Angebote basieren auf Windsurfen, Segeln, kristallklarem Wasser und Spazierg\u00e4ngen, auch auf Mountainbikes.<\/span><\/p>\t\t\t\t\t\t\t\t<\/div>\n\t\t\t\t<\/div>\n\t\t\t\t\t<\/div>\n\t\t<\/div>\n\t\t\t\t\t<\/div>\n\t\t<\/section>\n\t\t\t\t<section class=\"elementor-section elementor-top-section elementor-element elementor-element-f6dbf87 elementor-section-boxed elementor-section-height-default elementor-section-height-default\" data-id=\"f6dbf87\" data-element_type=\"section\" data-e-type=\"section\">\n\t\t\t\t\t\t<div class=\"elementor-container elementor-column-gap-default\">\n\t\t\t\t\t<div class=\"elementor-column elementor-col-50 elementor-top-column elementor-element elementor-element-ca8e55f\" data-id=\"ca8e55f\" data-element_type=\"column\" data-e-type=\"column\">\n\t\t\t<div class=\"elementor-widget-wrap elementor-element-populated\">\n\t\t\t\t\t\t<div class=\"elementor-element elementor-element-873337f elementor-widget elementor-widget-image\" data-id=\"873337f\" data-element_type=\"widget\" data-e-type=\"widget\" data-widget_type=\"image.default\">\n\t\t\t\t<div class=\"elementor-widget-container\">\n\t\t\t\t\t\t\t\t\t\t\t\t\t\t\t<img loading=\"lazy\" decoding=\"async\" width=\"800\" height=\"400\" src=\"https:\/\/www.domusrental.com\/blog\/wp-content\/uploads\/2023\/12\/torri-del-benaco-skyline.jpg\" class=\"attachment-large size-large wp-image-878\" alt=\"torri del benaco views\" srcset=\"https:\/\/www.domusrental.com\/blog\/wp-content\/uploads\/2023\/12\/torri-del-benaco-skyline.jpg 1000w, https:\/\/www.domusrental.com\/blog\/wp-content\/uploads\/2023\/12\/torri-del-benaco-skyline-768x384.jpg 768w\" sizes=\"(max-width: 800px) 100vw, 800px\" \/>\t\t\t\t\t\t\t\t\t\t\t\t\t\t\t<\/div>\n\t\t\t\t<\/div>\n\t\t\t\t\t<\/div>\n\t\t<\/div>\n\t\t\t\t<div class=\"elementor-column elementor-col-50 elementor-top-column elementor-element elementor-element-07286f2\" data-id=\"07286f2\" data-element_type=\"column\" data-e-type=\"column\">\n\t\t\t<div class=\"elementor-widget-wrap elementor-element-populated\">\n\t\t\t\t\t\t<div class=\"elementor-element elementor-element-816fde8 elementor-widget elementor-widget-image\" data-id=\"816fde8\" data-element_type=\"widget\" data-e-type=\"widget\" data-widget_type=\"image.default\">\n\t\t\t\t<div class=\"elementor-widget-container\">\n\t\t\t\t\t\t\t\t\t\t\t\t\t\t\t<img loading=\"lazy\" decoding=\"async\" width=\"800\" height=\"400\" src=\"https:\/\/www.domusrental.com\/blog\/wp-content\/uploads\/2023\/12\/torri-del-benaco-port.jpg\" class=\"attachment-large size-large wp-image-875\" alt=\"torri del benaco port\" srcset=\"https:\/\/www.domusrental.com\/blog\/wp-content\/uploads\/2023\/12\/torri-del-benaco-port.jpg 1000w, https:\/\/www.domusrental.com\/blog\/wp-content\/uploads\/2023\/12\/torri-del-benaco-port-768x384.jpg 768w\" sizes=\"(max-width: 800px) 100vw, 800px\" \/>\t\t\t\t\t\t\t\t\t\t\t\t\t\t\t<\/div>\n\t\t\t\t<\/div>\n\t\t\t\t\t<\/div>\n\t\t<\/div>\n\t\t\t\t\t<\/div>\n\t\t<\/section>\n\t\t\t\t<section class=\"elementor-section elementor-top-section elementor-element elementor-element-9774e0a elementor-section-boxed elementor-section-height-default elementor-section-height-default\" data-id=\"9774e0a\" data-element_type=\"section\" data-e-type=\"section\">\n\t\t\t\t\t\t<div class=\"elementor-container elementor-column-gap-default\">\n\t\t\t\t\t<div class=\"elementor-column elementor-col-100 elementor-top-column elementor-element elementor-element-39d9fcd\" data-id=\"39d9fcd\" data-element_type=\"column\" data-e-type=\"column\">\n\t\t\t<div class=\"elementor-widget-wrap elementor-element-populated\">\n\t\t\t\t\t\t<div class=\"elementor-element elementor-element-defddb5 elementor-widget elementor-widget-heading\" data-id=\"defddb5\" data-element_type=\"widget\" data-e-type=\"widget\" data-widget_type=\"heading.default\">\n\t\t\t\t<div class=\"elementor-widget-container\">\n\t\t\t\t\t<h4 class=\"elementor-heading-title elementor-size-default\">Unverzichtbare Orte:\n<\/h4>\t\t\t\t<\/div>\n\t\t\t\t<\/div>\n\t\t\t\t<div class=\"elementor-element elementor-element-2b0b974 elementor-widget elementor-widget-text-editor\" data-id=\"2b0b974\" data-element_type=\"widget\" data-e-type=\"widget\" data-widget_type=\"text-editor.default\">\n\t\t\t\t<div class=\"elementor-widget-container\">\n\t\t\t\t\t\t\t\t\t<p><span style=\"font-weight: 400;\"><strong>Historisches Zentrum<\/strong>: Ein Spaziergang durch das historische Zentrum von Torri del Benaco ist ein reizvolles Erlebnis mit seinen engen Stra\u00dfen, Restaurants und Gesch\u00e4ften.\u00a0<\/span><\/p><p><span style=\"font-weight: 400;\"><strong>Scaliger Burg<\/strong>: Eine Burg aus dem 14. Jahrhundert, die heute ein ethnografisches Museum beherbergt.\u00a0<\/span><\/p><p><span style=\"font-weight: 400;\"><strong>Oratorium der Heiligen Dreifaltigkeit<\/strong>: Eine historische Kapelle mit Fresken aus dem 15. und 16. Jahrhundert.\u00a0<\/span><\/p><p><span style=\"font-weight: 400;\"><strong>Hafen und Promenade<\/strong>: Ideal f\u00fcr Spazierg\u00e4nge und den Genuss des Seeblicks.\u00a0<\/span><\/p><p><span style=\"font-weight: 400;\"><strong>Tibetische Br\u00fccke zwischen Crero und Pai<\/strong>: Eine Attraktion f\u00fcr Abenteuerliebhaber mit atemberaubendem Blick \u00fcber den See.\u00a0<\/span><\/p><p><span style=\"font-weight: 400;\"><strong>Seefahrten<\/strong>: Eine gro\u00dfartige M\u00f6glichkeit, den Gardasee zu genie\u00dfen, ist eine F\u00e4hrenfahrt, um die Ufer vom Wasser aus zu sehen.<\/span><\/p>\t\t\t\t\t\t\t\t<\/div>\n\t\t\t\t<\/div>\n\t\t\t\t\t<\/div>\n\t\t<\/div>\n\t\t\t\t\t<\/div>\n\t\t<\/section>\n\t\t\t\t<section class=\"elementor-section elementor-top-section elementor-element elementor-element-56d2eba elementor-section-boxed elementor-section-height-default elementor-section-height-default\" data-id=\"56d2eba\" data-element_type=\"section\" data-e-type=\"section\">\n\t\t\t\t\t\t<div class=\"elementor-container elementor-column-gap-default\">\n\t\t\t\t\t<div class=\"elementor-column elementor-col-50 elementor-top-column elementor-element elementor-element-6f69aa7\" data-id=\"6f69aa7\" data-element_type=\"column\" data-e-type=\"column\">\n\t\t\t<div class=\"elementor-widget-wrap elementor-element-populated\">\n\t\t\t\t\t\t<div class=\"elementor-element elementor-element-bcfa5a2 elementor-widget elementor-widget-image\" data-id=\"bcfa5a2\" data-element_type=\"widget\" data-e-type=\"widget\" data-widget_type=\"image.default\">\n\t\t\t\t<div class=\"elementor-widget-container\">\n\t\t\t\t\t\t\t\t\t\t\t\t\t\t\t<img loading=\"lazy\" decoding=\"async\" width=\"800\" height=\"400\" src=\"https:\/\/www.domusrental.com\/blog\/wp-content\/uploads\/2023\/12\/torri-del-benaco-2.jpg\" class=\"attachment-large size-large wp-image-872\" alt=\"torri del benaco\" srcset=\"https:\/\/www.domusrental.com\/blog\/wp-content\/uploads\/2023\/12\/torri-del-benaco-2.jpg 1000w, https:\/\/www.domusrental.com\/blog\/wp-content\/uploads\/2023\/12\/torri-del-benaco-2-768x384.jpg 768w\" sizes=\"(max-width: 800px) 100vw, 800px\" \/>\t\t\t\t\t\t\t\t\t\t\t\t\t\t\t<\/div>\n\t\t\t\t<\/div>\n\t\t\t\t\t<\/div>\n\t\t<\/div>\n\t\t\t\t<div class=\"elementor-column elementor-col-50 elementor-top-column elementor-element elementor-element-95fe6b5\" data-id=\"95fe6b5\" data-element_type=\"column\" data-e-type=\"column\">\n\t\t\t<div class=\"elementor-widget-wrap elementor-element-populated\">\n\t\t\t\t\t\t<div class=\"elementor-element elementor-element-46d664a elementor-widget elementor-widget-image\" data-id=\"46d664a\" data-element_type=\"widget\" data-e-type=\"widget\" data-widget_type=\"image.default\">\n\t\t\t\t<div class=\"elementor-widget-container\">\n\t\t\t\t\t\t\t\t\t\t\t\t\t\t\t<img loading=\"lazy\" decoding=\"async\" width=\"800\" height=\"400\" src=\"https:\/\/www.domusrental.com\/blog\/wp-content\/uploads\/2023\/12\/torri-del-benaco-1.jpg\" class=\"attachment-large size-large wp-image-869\" alt=\"torri del benaco castle\" srcset=\"https:\/\/www.domusrental.com\/blog\/wp-content\/uploads\/2023\/12\/torri-del-benaco-1.jpg 1000w, https:\/\/www.domusrental.com\/blog\/wp-content\/uploads\/2023\/12\/torri-del-benaco-1-768x384.jpg 768w\" sizes=\"(max-width: 800px) 100vw, 800px\" \/>\t\t\t\t\t\t\t\t\t\t\t\t\t\t\t<\/div>\n\t\t\t\t<\/div>\n\t\t\t\t\t<\/div>\n\t\t<\/div>\n\t\t\t\t\t<\/div>\n\t\t<\/section>\n\t\t\t\t<section class=\"elementor-section elementor-top-section elementor-element elementor-element-8612d50 elementor-section-boxed elementor-section-height-default elementor-section-height-default\" data-id=\"8612d50\" data-element_type=\"section\" data-e-type=\"section\">\n\t\t\t\t\t\t<div class=\"elementor-container elementor-column-gap-default\">\n\t\t\t\t\t<div class=\"elementor-column elementor-col-100 elementor-top-column elementor-element elementor-element-c680d3a\" data-id=\"c680d3a\" data-element_type=\"column\" data-e-type=\"column\">\n\t\t\t<div class=\"elementor-widget-wrap elementor-element-populated\">\n\t\t\t\t\t\t<div class=\"elementor-element elementor-element-18154cb elementor-widget elementor-widget-heading\" data-id=\"18154cb\" data-element_type=\"widget\" data-e-type=\"widget\" data-widget_type=\"heading.default\">\n\t\t\t\t<div class=\"elementor-widget-container\">\n\t\t\t\t\t<h2 class=\"elementor-heading-title elementor-size-default\">Jetzt k\u00f6nnen Sie Ihre unvergessliche Ferien in Torri del Benaco und am spektakul\u00e4ren Gardasee buchen.<\/h2>\t\t\t\t<\/div>\n\t\t\t\t<\/div>\n\t\t\t\t<div class=\"elementor-element elementor-element-9e2b5e8 elementor-widget elementor-widget-text-editor\" data-id=\"9e2b5e8\" data-element_type=\"widget\" data-e-type=\"widget\" data-widget_type=\"text-editor.default\">\n\t\t\t\t<div class=\"elementor-widget-container\">\n\t\t\t\t\t\t\t\t\t<p><span style=\"font-weight: 400;\">Wir hoffen, wertvolle Informationen f\u00fcr Ihre Entscheidungen vor Ihrem <strong>Urlaub in Torri del Benaco<\/strong> bereitgestellt zu haben und dass Sie nun eine klarere Vorstellung davon haben, wie Sie die beste Ferienwohnung f\u00fcr Ihre Reise zu diesem wunderbaren See ausw\u00e4hlen k\u00f6nnen.<\/span><\/p><p><span style=\"font-weight: 400;\">Bei Domus Rental bieten wir eine unglaubliche Auswahl an <strong>Ferienwohnungen und einige Villen am Seeufer in Torri del Benaco<\/strong> an, sodass Sie in nur wenigen Schritten den idealen Ort f\u00fcr Ihren Aufenthalt ausw\u00e4hlen und buchen k\u00f6nnen.<\/span><\/p>\t\t\t\t\t\t\t\t<\/div>\n\t\t\t\t<\/div>\n\t\t\t\t\t<\/div>\n\t\t<\/div>\n\t\t\t\t\t<\/div>\n\t\t<\/section>\n\t\t\t\t<section class=\"elementor-section elementor-top-section elementor-element elementor-element-cfd9d32 elementor-section-boxed elementor-section-height-default elementor-section-height-default\" data-id=\"cfd9d32\" data-element_type=\"section\" data-e-type=\"section\">\n\t\t\t\t\t\t<div class=\"elementor-container elementor-column-gap-default\">\n\t\t\t\t\t<div class=\"elementor-column elementor-col-100 elementor-top-column elementor-element elementor-element-b7f591f\" data-id=\"b7f591f\" data-element_type=\"column\" data-e-type=\"column\">\n\t\t\t<div class=\"elementor-widget-wrap elementor-element-populated\">\n\t\t\t\t\t\t<div class=\"elementor-element elementor-element-7538261 elementor-widget elementor-widget-heading\" data-id=\"7538261\" data-element_type=\"widget\" data-e-type=\"widget\" data-widget_type=\"heading.default\">\n\t\t\t\t<div class=\"elementor-widget-container\">\n\t\t\t\t\t<h2 class=\"elementor-heading-title elementor-size-default\">W\u00e4hlen Sie die besten Ferienwohnungen in torri del benaco<\/h2>\t\t\t\t<\/div>\n\t\t\t\t<\/div>\n\t\t\t\t\t<\/div>\n\t\t<\/div>\n\t\t\t\t\t<\/div>\n\t\t<\/section>\n\t\t\t\t<section class=\"elementor-section elementor-top-section elementor-element elementor-element-bc3b6fc elementor-section-boxed elementor-section-height-default elementor-section-height-default\" data-id=\"bc3b6fc\" data-element_type=\"section\" data-e-type=\"section\">\n\t\t\t\t\t\t<div class=\"elementor-container elementor-column-gap-default\">\n\t\t\t\t\t<div class=\"elementor-column elementor-col-50 elementor-top-column elementor-element elementor-element-b1ef4ce\" data-id=\"b1ef4ce\" data-element_type=\"column\" data-e-type=\"column\" data-settings=\"{&quot;background_background&quot;:&quot;classic&quot;}\">\n\t\t\t<div class=\"elementor-widget-wrap elementor-element-populated\">\n\t\t\t\t\t\t<div class=\"elementor-element elementor-element-b1c1917 elementor-widget elementor-widget-heading\" data-id=\"b1c1917\" data-element_type=\"widget\" data-e-type=\"widget\" data-widget_type=\"heading.default\">\n\t\t\t\t<div class=\"elementor-widget-container\">\n\t\t\t\t\t<h2 class=\"elementor-heading-title elementor-size-default\"><a href=\"https:\/\/www.domusrental.com\/de\/vermietung\/ferienwohnungen-torri-del-benaco-c1d66838\/\">Ferienwohnung in Torri del Benaco<\/a><\/h2>\t\t\t\t<\/div>\n\t\t\t\t<\/div>\n\t\t\t\t\t<\/div>\n\t\t<\/div>\n\t\t\t\t<div class=\"elementor-column elementor-col-50 elementor-top-column elementor-element elementor-element-5f2a378\" data-id=\"5f2a378\" data-element_type=\"column\" data-e-type=\"column\" data-settings=\"{&quot;background_background&quot;:&quot;classic&quot;}\">\n\t\t\t<div class=\"elementor-widget-wrap elementor-element-populated\">\n\t\t\t\t\t\t<div class=\"elementor-element elementor-element-1e04d44 elementor-widget elementor-widget-heading\" data-id=\"1e04d44\" data-element_type=\"widget\" data-e-type=\"widget\" data-widget_type=\"heading.default\">\n\t\t\t\t<div class=\"elementor-widget-container\">\n\t\t\t\t\t<h2 class=\"elementor-heading-title elementor-size-default\"><a href=\"https:\/\/www.domusrental.com\/de\/vermietung\/villen-torri-del-benaco-c2d66838\/\">Villen in Torri del Benaco<\/a><\/h2>\t\t\t\t<\/div>\n\t\t\t\t<\/div>\n\t\t\t\t\t<\/div>\n\t\t<\/div>\n\t\t\t\t\t<\/div>\n\t\t<\/section>\n\t\t\t\t<\/div>\n\t\t","protected":false},"excerpt":{"rendered":"<p>Wenn Sie hier gelandet sind, suchen Sie nach Unterk\u00fcnften in Torri del Benaco, einer malerischen Stadt am Ufer des Gardasees, die ihre eigene Ausstrahlung hat. Diese Stadt bewahrt das mittelalterliche Flair mit Steinmauern und T\u00fcrmen, einem r\u00f6mischen Hafen und zahlreichen pr\u00e4historischen St\u00e4tten.\u00a0 Dieses malerische Reiseziel wurde bereits mehrfach von Ber\u00fchmtheiten wie Laurence Olivier, Maria Callas, [&hellip;]<\/p>\n","protected":false},"author":2,"featured_media":786,"comment_status":"open","ping_status":"closed","sticky":false,"template":"","format":"standard","meta":{"footnotes":""},"categories":[67],"tags":[],"class_list":["post-909","post","type-post","status-publish","format-standard","has-post-thumbnail","hentry","category-vermietung-gardasee"],"yoast_head":"<!-- This site is optimized with the Yoast SEO plugin v27.4 - https:\/\/yoast.com\/product\/yoast-seo-wordpress\/ -->\n<title>Ferienwohnung in Torri del Benaco, Beste Informationen<\/title>\n<meta name=\"description\" content=\"Wenn Sie eine Ferienwohnung in Torri del Benaco buchen, interessiert Sie diese Info. Beste Tipps vor der Reise!\" \/>\n<meta name=\"robots\" content=\"index, follow, max-snippet:-1, max-image-preview:large, max-video-preview:-1\" \/>\n<link rel=\"canonical\" href=\"https:\/\/www.domusrental.com\/blog\/de\/ferienwohnung-torri-del-benaco\/\" \/>\n<meta property=\"og:locale\" content=\"de_DE\" \/>\n<meta property=\"og:type\" content=\"article\" \/>\n<meta property=\"og:title\" content=\"Ferienwohnung in Torri del Benaco, Beste Informationen\" \/>\n<meta property=\"og:description\" content=\"Wenn Sie eine Ferienwohnung in Torri del Benaco buchen, interessiert Sie diese Info. Beste Tipps vor der Reise!\" \/>\n<meta property=\"og:url\" content=\"https:\/\/www.domusrental.com\/blog\/de\/ferienwohnung-torri-del-benaco\/\" \/>\n<meta property=\"og:site_name\" content=\"Blog | Domus Rental\" \/>\n<meta property=\"article:publisher\" content=\"https:\/\/www.facebook.com\/domusrental\" \/>\n<meta property=\"article:published_time\" content=\"2023-12-28T09:39:53+00:00\" \/>\n<meta property=\"article:modified_time\" content=\"2025-02-03T11:24:18+00:00\" \/>\n<meta property=\"og:image\" content=\"https:\/\/www.domusrental.com\/blog\/wp-content\/uploads\/2023\/12\/ferienwohnung-torri-del-benaco-gardasee.jpg\" \/>\n\t<meta property=\"og:image:width\" content=\"1920\" \/>\n\t<meta property=\"og:image:height\" content=\"800\" \/>\n\t<meta property=\"og:image:type\" content=\"image\/jpeg\" \/>\n<meta name=\"author\" content=\"digitalservices\" \/>\n<meta name=\"twitter:card\" content=\"summary_large_image\" \/>\n<meta name=\"twitter:creator\" content=\"@DomusRental\" \/>\n<meta name=\"twitter:site\" content=\"@DomusRental\" \/>\n<meta name=\"twitter:label1\" content=\"Verfasst von\" \/>\n\t<meta name=\"twitter:data1\" content=\"digitalservices\" \/>\n\t<meta name=\"twitter:label2\" content=\"Gesch\u00e4tzte Lesezeit\" \/>\n\t<meta name=\"twitter:data2\" content=\"12\u00a0Minuten\" \/>\n<script type=\"application\/ld+json\" class=\"yoast-schema-graph\">{\"@context\":\"https:\\\/\\\/schema.org\",\"@graph\":[{\"@type\":\"Article\",\"@id\":\"https:\\\/\\\/www.domusrental.com\\\/blog\\\/de\\\/ferienwohnung-torri-del-benaco\\\/#article\",\"isPartOf\":{\"@id\":\"https:\\\/\\\/www.domusrental.com\\\/blog\\\/de\\\/ferienwohnung-torri-del-benaco\\\/\"},\"author\":{\"name\":\"digitalservices\",\"@id\":\"https:\\\/\\\/www.domusrental.com\\\/blog\\\/#\\\/schema\\\/person\\\/4704eef53d63fc41b94477baca3572f8\"},\"headline\":\"Buchen Sie ein ferienwohnung in Torri del Benaco, kennen Sie die besten Infos vorher\",\"datePublished\":\"2023-12-28T09:39:53+00:00\",\"dateModified\":\"2025-02-03T11:24:18+00:00\",\"mainEntityOfPage\":{\"@id\":\"https:\\\/\\\/www.domusrental.com\\\/blog\\\/de\\\/ferienwohnung-torri-del-benaco\\\/\"},\"wordCount\":1517,\"commentCount\":0,\"publisher\":{\"@id\":\"https:\\\/\\\/www.domusrental.com\\\/blog\\\/#organization\"},\"image\":{\"@id\":\"https:\\\/\\\/www.domusrental.com\\\/blog\\\/de\\\/ferienwohnung-torri-del-benaco\\\/#primaryimage\"},\"thumbnailUrl\":\"https:\\\/\\\/www.domusrental.com\\\/blog\\\/wp-content\\\/uploads\\\/2023\\\/12\\\/ferienwohnung-torri-del-benaco-gardasee.jpg\",\"articleSection\":[\"Vermietung\"],\"inLanguage\":\"de\",\"potentialAction\":[{\"@type\":\"CommentAction\",\"name\":\"Comment\",\"target\":[\"https:\\\/\\\/www.domusrental.com\\\/blog\\\/de\\\/ferienwohnung-torri-del-benaco\\\/#respond\"]}]},{\"@type\":\"WebPage\",\"@id\":\"https:\\\/\\\/www.domusrental.com\\\/blog\\\/de\\\/ferienwohnung-torri-del-benaco\\\/\",\"url\":\"https:\\\/\\\/www.domusrental.com\\\/blog\\\/de\\\/ferienwohnung-torri-del-benaco\\\/\",\"name\":\"Ferienwohnung in Torri del Benaco, Beste Informationen\",\"isPartOf\":{\"@id\":\"https:\\\/\\\/www.domusrental.com\\\/blog\\\/#website\"},\"primaryImageOfPage\":{\"@id\":\"https:\\\/\\\/www.domusrental.com\\\/blog\\\/de\\\/ferienwohnung-torri-del-benaco\\\/#primaryimage\"},\"image\":{\"@id\":\"https:\\\/\\\/www.domusrental.com\\\/blog\\\/de\\\/ferienwohnung-torri-del-benaco\\\/#primaryimage\"},\"thumbnailUrl\":\"https:\\\/\\\/www.domusrental.com\\\/blog\\\/wp-content\\\/uploads\\\/2023\\\/12\\\/ferienwohnung-torri-del-benaco-gardasee.jpg\",\"datePublished\":\"2023-12-28T09:39:53+00:00\",\"dateModified\":\"2025-02-03T11:24:18+00:00\",\"description\":\"Wenn Sie eine Ferienwohnung in Torri del Benaco buchen, interessiert Sie diese Info. Beste Tipps vor der Reise!\",\"breadcrumb\":{\"@id\":\"https:\\\/\\\/www.domusrental.com\\\/blog\\\/de\\\/ferienwohnung-torri-del-benaco\\\/#breadcrumb\"},\"inLanguage\":\"de\",\"potentialAction\":[{\"@type\":\"ReadAction\",\"target\":[\"https:\\\/\\\/www.domusrental.com\\\/blog\\\/de\\\/ferienwohnung-torri-del-benaco\\\/\"]}]},{\"@type\":\"ImageObject\",\"inLanguage\":\"de\",\"@id\":\"https:\\\/\\\/www.domusrental.com\\\/blog\\\/de\\\/ferienwohnung-torri-del-benaco\\\/#primaryimage\",\"url\":\"https:\\\/\\\/www.domusrental.com\\\/blog\\\/wp-content\\\/uploads\\\/2023\\\/12\\\/ferienwohnung-torri-del-benaco-gardasee.jpg\",\"contentUrl\":\"https:\\\/\\\/www.domusrental.com\\\/blog\\\/wp-content\\\/uploads\\\/2023\\\/12\\\/ferienwohnung-torri-del-benaco-gardasee.jpg\",\"width\":1920,\"height\":800,\"caption\":\"ferienwohnung in torri del benaco\"},{\"@type\":\"BreadcrumbList\",\"@id\":\"https:\\\/\\\/www.domusrental.com\\\/blog\\\/de\\\/ferienwohnung-torri-del-benaco\\\/#breadcrumb\",\"itemListElement\":[{\"@type\":\"ListItem\",\"position\":1,\"name\":\"Home\",\"item\":\"https:\\\/\\\/www.domusrental.com\\\/blog\\\/de\\\/\"},{\"@type\":\"ListItem\",\"position\":2,\"name\":\"Buchen Sie ein ferienwohnung in Torri del Benaco, kennen Sie die besten Infos vorher\"}]},{\"@type\":\"WebSite\",\"@id\":\"https:\\\/\\\/www.domusrental.com\\\/blog\\\/#website\",\"url\":\"https:\\\/\\\/www.domusrental.com\\\/blog\\\/\",\"name\":\"Domus Rental\",\"description\":\"\",\"publisher\":{\"@id\":\"https:\\\/\\\/www.domusrental.com\\\/blog\\\/#organization\"},\"potentialAction\":[{\"@type\":\"SearchAction\",\"target\":{\"@type\":\"EntryPoint\",\"urlTemplate\":\"https:\\\/\\\/www.domusrental.com\\\/blog\\\/?s={search_term_string}\"},\"query-input\":{\"@type\":\"PropertyValueSpecification\",\"valueRequired\":true,\"valueName\":\"search_term_string\"}}],\"inLanguage\":\"de\"},{\"@type\":\"Organization\",\"@id\":\"https:\\\/\\\/www.domusrental.com\\\/blog\\\/#organization\",\"name\":\"Blog | Domus Rental\",\"url\":\"https:\\\/\\\/www.domusrental.com\\\/blog\\\/\",\"logo\":{\"@type\":\"ImageObject\",\"inLanguage\":\"de\",\"@id\":\"https:\\\/\\\/www.domusrental.com\\\/blog\\\/#\\\/schema\\\/logo\\\/image\\\/\",\"url\":\"https:\\\/\\\/www.domusrental.com\\\/blog\\\/wp-content\\\/uploads\\\/2024\\\/04\\\/favicon.png\",\"contentUrl\":\"https:\\\/\\\/www.domusrental.com\\\/blog\\\/wp-content\\\/uploads\\\/2024\\\/04\\\/favicon.png\",\"width\":298,\"height\":298,\"caption\":\"Blog | Domus Rental\"},\"image\":{\"@id\":\"https:\\\/\\\/www.domusrental.com\\\/blog\\\/#\\\/schema\\\/logo\\\/image\\\/\"},\"sameAs\":[\"https:\\\/\\\/www.facebook.com\\\/domusrental\",\"https:\\\/\\\/x.com\\\/DomusRental\"]},{\"@type\":\"Person\",\"@id\":\"https:\\\/\\\/www.domusrental.com\\\/blog\\\/#\\\/schema\\\/person\\\/4704eef53d63fc41b94477baca3572f8\",\"name\":\"digitalservices\",\"image\":{\"@type\":\"ImageObject\",\"inLanguage\":\"de\",\"@id\":\"https:\\\/\\\/secure.gravatar.com\\\/avatar\\\/af30f88a1904294c1f3eb09a9d7903eec4ffa18fa2cf40c28a8681014ecdfc20?s=96&d=mm&r=g\",\"url\":\"https:\\\/\\\/secure.gravatar.com\\\/avatar\\\/af30f88a1904294c1f3eb09a9d7903eec4ffa18fa2cf40c28a8681014ecdfc20?s=96&d=mm&r=g\",\"contentUrl\":\"https:\\\/\\\/secure.gravatar.com\\\/avatar\\\/af30f88a1904294c1f3eb09a9d7903eec4ffa18fa2cf40c28a8681014ecdfc20?s=96&d=mm&r=g\",\"caption\":\"digitalservices\"},\"url\":\"https:\\\/\\\/www.domusrental.com\\\/blog\\\/de\\\/author\\\/digitalservices\\\/\"}]}<\/script>\n<!-- \/ Yoast SEO plugin. -->","yoast_head_json":{"title":"Ferienwohnung in Torri del Benaco, Beste Informationen","description":"Wenn Sie eine Ferienwohnung in Torri del Benaco buchen, interessiert Sie diese Info. Beste Tipps vor der Reise!","robots":{"index":"index","follow":"follow","max-snippet":"max-snippet:-1","max-image-preview":"max-image-preview:large","max-video-preview":"max-video-preview:-1"},"canonical":"https:\/\/www.domusrental.com\/blog\/de\/ferienwohnung-torri-del-benaco\/","og_locale":"de_DE","og_type":"article","og_title":"Ferienwohnung in Torri del Benaco, Beste Informationen","og_description":"Wenn Sie eine Ferienwohnung in Torri del Benaco buchen, interessiert Sie diese Info. Beste Tipps vor der Reise!","og_url":"https:\/\/www.domusrental.com\/blog\/de\/ferienwohnung-torri-del-benaco\/","og_site_name":"Blog | Domus Rental","article_publisher":"https:\/\/www.facebook.com\/domusrental","article_published_time":"2023-12-28T09:39:53+00:00","article_modified_time":"2025-02-03T11:24:18+00:00","og_image":[{"width":1920,"height":800,"url":"https:\/\/www.domusrental.com\/blog\/wp-content\/uploads\/2023\/12\/ferienwohnung-torri-del-benaco-gardasee.jpg","type":"image\/jpeg"}],"author":"digitalservices","twitter_card":"summary_large_image","twitter_creator":"@DomusRental","twitter_site":"@DomusRental","twitter_misc":{"Verfasst von":"digitalservices","Gesch\u00e4tzte Lesezeit":"12\u00a0Minuten"},"schema":{"@context":"https:\/\/schema.org","@graph":[{"@type":"Article","@id":"https:\/\/www.domusrental.com\/blog\/de\/ferienwohnung-torri-del-benaco\/#article","isPartOf":{"@id":"https:\/\/www.domusrental.com\/blog\/de\/ferienwohnung-torri-del-benaco\/"},"author":{"name":"digitalservices","@id":"https:\/\/www.domusrental.com\/blog\/#\/schema\/person\/4704eef53d63fc41b94477baca3572f8"},"headline":"Buchen Sie ein ferienwohnung in Torri del Benaco, kennen Sie die besten Infos vorher","datePublished":"2023-12-28T09:39:53+00:00","dateModified":"2025-02-03T11:24:18+00:00","mainEntityOfPage":{"@id":"https:\/\/www.domusrental.com\/blog\/de\/ferienwohnung-torri-del-benaco\/"},"wordCount":1517,"commentCount":0,"publisher":{"@id":"https:\/\/www.domusrental.com\/blog\/#organization"},"image":{"@id":"https:\/\/www.domusrental.com\/blog\/de\/ferienwohnung-torri-del-benaco\/#primaryimage"},"thumbnailUrl":"https:\/\/www.domusrental.com\/blog\/wp-content\/uploads\/2023\/12\/ferienwohnung-torri-del-benaco-gardasee.jpg","articleSection":["Vermietung"],"inLanguage":"de","potentialAction":[{"@type":"CommentAction","name":"Comment","target":["https:\/\/www.domusrental.com\/blog\/de\/ferienwohnung-torri-del-benaco\/#respond"]}]},{"@type":"WebPage","@id":"https:\/\/www.domusrental.com\/blog\/de\/ferienwohnung-torri-del-benaco\/","url":"https:\/\/www.domusrental.com\/blog\/de\/ferienwohnung-torri-del-benaco\/","name":"Ferienwohnung in Torri del Benaco, Beste Informationen","isPartOf":{"@id":"https:\/\/www.domusrental.com\/blog\/#website"},"primaryImageOfPage":{"@id":"https:\/\/www.domusrental.com\/blog\/de\/ferienwohnung-torri-del-benaco\/#primaryimage"},"image":{"@id":"https:\/\/www.domusrental.com\/blog\/de\/ferienwohnung-torri-del-benaco\/#primaryimage"},"thumbnailUrl":"https:\/\/www.domusrental.com\/blog\/wp-content\/uploads\/2023\/12\/ferienwohnung-torri-del-benaco-gardasee.jpg","datePublished":"2023-12-28T09:39:53+00:00","dateModified":"2025-02-03T11:24:18+00:00","description":"Wenn Sie eine Ferienwohnung in Torri del Benaco buchen, interessiert Sie diese Info. Beste Tipps vor der Reise!","breadcrumb":{"@id":"https:\/\/www.domusrental.com\/blog\/de\/ferienwohnung-torri-del-benaco\/#breadcrumb"},"inLanguage":"de","potentialAction":[{"@type":"ReadAction","target":["https:\/\/www.domusrental.com\/blog\/de\/ferienwohnung-torri-del-benaco\/"]}]},{"@type":"ImageObject","inLanguage":"de","@id":"https:\/\/www.domusrental.com\/blog\/de\/ferienwohnung-torri-del-benaco\/#primaryimage","url":"https:\/\/www.domusrental.com\/blog\/wp-content\/uploads\/2023\/12\/ferienwohnung-torri-del-benaco-gardasee.jpg","contentUrl":"https:\/\/www.domusrental.com\/blog\/wp-content\/uploads\/2023\/12\/ferienwohnung-torri-del-benaco-gardasee.jpg","width":1920,"height":800,"caption":"ferienwohnung in torri del benaco"},{"@type":"BreadcrumbList","@id":"https:\/\/www.domusrental.com\/blog\/de\/ferienwohnung-torri-del-benaco\/#breadcrumb","itemListElement":[{"@type":"ListItem","position":1,"name":"Home","item":"https:\/\/www.domusrental.com\/blog\/de\/"},{"@type":"ListItem","position":2,"name":"Buchen Sie ein ferienwohnung in Torri del Benaco, kennen Sie die besten Infos vorher"}]},{"@type":"WebSite","@id":"https:\/\/www.domusrental.com\/blog\/#website","url":"https:\/\/www.domusrental.com\/blog\/","name":"Domus Rental","description":"","publisher":{"@id":"https:\/\/www.domusrental.com\/blog\/#organization"},"potentialAction":[{"@type":"SearchAction","target":{"@type":"EntryPoint","urlTemplate":"https:\/\/www.domusrental.com\/blog\/?s={search_term_string}"},"query-input":{"@type":"PropertyValueSpecification","valueRequired":true,"valueName":"search_term_string"}}],"inLanguage":"de"},{"@type":"Organization","@id":"https:\/\/www.domusrental.com\/blog\/#organization","name":"Blog | Domus Rental","url":"https:\/\/www.domusrental.com\/blog\/","logo":{"@type":"ImageObject","inLanguage":"de","@id":"https:\/\/www.domusrental.com\/blog\/#\/schema\/logo\/image\/","url":"https:\/\/www.domusrental.com\/blog\/wp-content\/uploads\/2024\/04\/favicon.png","contentUrl":"https:\/\/www.domusrental.com\/blog\/wp-content\/uploads\/2024\/04\/favicon.png","width":298,"height":298,"caption":"Blog | Domus Rental"},"image":{"@id":"https:\/\/www.domusrental.com\/blog\/#\/schema\/logo\/image\/"},"sameAs":["https:\/\/www.facebook.com\/domusrental","https:\/\/x.com\/DomusRental"]},{"@type":"Person","@id":"https:\/\/www.domusrental.com\/blog\/#\/schema\/person\/4704eef53d63fc41b94477baca3572f8","name":"digitalservices","image":{"@type":"ImageObject","inLanguage":"de","@id":"https:\/\/secure.gravatar.com\/avatar\/af30f88a1904294c1f3eb09a9d7903eec4ffa18fa2cf40c28a8681014ecdfc20?s=96&d=mm&r=g","url":"https:\/\/secure.gravatar.com\/avatar\/af30f88a1904294c1f3eb09a9d7903eec4ffa18fa2cf40c28a8681014ecdfc20?s=96&d=mm&r=g","contentUrl":"https:\/\/secure.gravatar.com\/avatar\/af30f88a1904294c1f3eb09a9d7903eec4ffa18fa2cf40c28a8681014ecdfc20?s=96&d=mm&r=g","caption":"digitalservices"},"url":"https:\/\/www.domusrental.com\/blog\/de\/author\/digitalservices\/"}]}},"_links":{"self":[{"href":"https:\/\/www.domusrental.com\/blog\/de\/wp-json\/wp\/v2\/posts\/909","targetHints":{"allow":["GET"]}}],"collection":[{"href":"https:\/\/www.domusrental.com\/blog\/de\/wp-json\/wp\/v2\/posts"}],"about":[{"href":"https:\/\/www.domusrental.com\/blog\/de\/wp-json\/wp\/v2\/types\/post"}],"author":[{"embeddable":true,"href":"https:\/\/www.domusrental.com\/blog\/de\/wp-json\/wp\/v2\/users\/2"}],"replies":[{"embeddable":true,"href":"https:\/\/www.domusrental.com\/blog\/de\/wp-json\/wp\/v2\/comments?post=909"}],"version-history":[{"count":24,"href":"https:\/\/www.domusrental.com\/blog\/de\/wp-json\/wp\/v2\/posts\/909\/revisions"}],"predecessor-version":[{"id":2805,"href":"https:\/\/www.domusrental.com\/blog\/de\/wp-json\/wp\/v2\/posts\/909\/revisions\/2805"}],"wp:featuredmedia":[{"embeddable":true,"href":"https:\/\/www.domusrental.com\/blog\/de\/wp-json\/wp\/v2\/media\/786"}],"wp:attachment":[{"href":"https:\/\/www.domusrental.com\/blog\/de\/wp-json\/wp\/v2\/media?parent=909"}],"wp:term":[{"taxonomy":"category","embeddable":true,"href":"https:\/\/www.domusrental.com\/blog\/de\/wp-json\/wp\/v2\/categories?post=909"},{"taxonomy":"post_tag","embeddable":true,"href":"https:\/\/www.domusrental.com\/blog\/de\/wp-json\/wp\/v2\/tags?post=909"}],"curies":[{"name":"wp","href":"https:\/\/api.w.org\/{rel}","templated":true}]}}