{"id":1606,"date":"2024-02-14T17:04:38","date_gmt":"2024-02-14T17:04:38","guid":{"rendered":"https:\/\/www.domusrental.com\/blog\/?p=1606"},"modified":"2025-01-21T15:12:10","modified_gmt":"2025-01-21T15:12:10","slug":"lago-di-garda-con-cane","status":"publish","type":"post","link":"https:\/\/www.domusrental.com\/blog\/it\/lago-di-garda-con-cane\/","title":{"rendered":"Vacanze al Lago di Garda con il cane, dove andare e cosa fare"},"content":{"rendered":"\t\t<div data-elementor-type=\"wp-post\" data-elementor-id=\"1606\" class=\"elementor elementor-1606\" data-elementor-post-type=\"post\">\n\t\t\t\t\t\t<section class=\"elementor-section elementor-top-section elementor-element elementor-element-1602d34 elementor-section-boxed elementor-section-height-default elementor-section-height-default\" data-id=\"1602d34\" data-element_type=\"section\" data-e-type=\"section\">\n\t\t\t\t\t\t<div class=\"elementor-container elementor-column-gap-default\">\n\t\t\t\t\t<div class=\"elementor-column elementor-col-100 elementor-top-column elementor-element elementor-element-93fbe00\" data-id=\"93fbe00\" data-element_type=\"column\" data-e-type=\"column\">\n\t\t\t<div class=\"elementor-widget-wrap elementor-element-populated\">\n\t\t\t\t\t\t<div class=\"elementor-element elementor-element-0714ce8 elementor-view-framed elementor-shape-circle elementor-widget elementor-widget-icon\" data-id=\"0714ce8\" data-element_type=\"widget\" data-e-type=\"widget\" data-widget_type=\"icon.default\">\n\t\t\t\t<div class=\"elementor-widget-container\">\n\t\t\t\t\t\t\t<div class=\"elementor-icon-wrapper\">\n\t\t\t<div class=\"elementor-icon\">\n\t\t\t<i aria-hidden=\"true\" class=\"fas fa-dog\"><\/i>\t\t\t<\/div>\n\t\t<\/div>\n\t\t\t\t\t\t<\/div>\n\t\t\t\t<\/div>\n\t\t\t\t<div class=\"elementor-element elementor-element-1293a89 elementor-widget elementor-widget-text-editor\" data-id=\"1293a89\" data-element_type=\"widget\" data-e-type=\"widget\" data-widget_type=\"text-editor.default\">\n\t\t\t\t<div class=\"elementor-widget-container\">\n\t\t\t\t\t\t\t\t\t<p>Visitare il Lago di Garda con il proprio amico a quattro zampe pu\u00f2 trasformarsi in un&#8217;avventura indimenticabile, ricca di panorami mozzafiato e attivit\u00e0 adatte a tutti. Ma quali sono le regole da seguire? Dove possono i nostri cani accedere liberamente e quali sono le spiagge pi\u00f9 accoglienti per loro? In questo post, <b>vi guideremo attraverso le meraviglie del Lago di Garda, svelandovi i segreti per una vacanza serena e divertente insieme al vostro fedele compagno.<\/b><\/p><p>Dalla scoperta delle spiagge dove il loro ingresso \u00e8 non solo consentito ma benvenuto, alle passeggiate rilassanti lungo i sentieri che offrono viste incantevoli; dalle escursioni adatte a ogni livello di energia, fino agli alloggi dotati di piscina e giardini recintati pensati appositamente per le vostre esigenze. Ma come si comportano le strutture locali nei confronti dei nostri amici pelosi? E quali precauzioni prendere per garantire una vacanza sicura e piacevole per tutti?<\/p>\t\t\t\t\t\t\t\t<\/div>\n\t\t\t\t<\/div>\n\t\t\t\t\t<\/div>\n\t\t<\/div>\n\t\t\t\t\t<\/div>\n\t\t<\/section>\n\t\t\t\t<section class=\"elementor-section elementor-top-section elementor-element elementor-element-18bbbe4 elementor-section-boxed elementor-section-height-default elementor-section-height-default\" data-id=\"18bbbe4\" data-element_type=\"section\" data-e-type=\"section\">\n\t\t\t\t\t\t<div class=\"elementor-container elementor-column-gap-default\">\n\t\t\t\t\t<div class=\"elementor-column elementor-col-100 elementor-top-column elementor-element elementor-element-9ef9717\" data-id=\"9ef9717\" data-element_type=\"column\" data-e-type=\"column\">\n\t\t\t<div class=\"elementor-widget-wrap elementor-element-populated\">\n\t\t\t\t\t\t<div class=\"elementor-element elementor-element-5050c73 elementor-widget elementor-widget-spacer\" data-id=\"5050c73\" data-element_type=\"widget\" data-e-type=\"widget\" data-widget_type=\"spacer.default\">\n\t\t\t\t<div class=\"elementor-widget-container\">\n\t\t\t\t\t\t\t<div class=\"elementor-spacer\">\n\t\t\t<div class=\"elementor-spacer-inner\"><\/div>\n\t\t<\/div>\n\t\t\t\t\t\t<\/div>\n\t\t\t\t<\/div>\n\t\t\t\t<div class=\"elementor-element elementor-element-c978c69 elementor-widget__width-initial elementor-widget elementor-widget-heading\" data-id=\"c978c69\" data-element_type=\"widget\" data-e-type=\"widget\" data-widget_type=\"heading.default\">\n\t\t\t\t<div class=\"elementor-widget-container\">\n\t\t\t\t\t<h2 class=\"elementor-heading-title elementor-size-default\">Norme e divieti per il cane sul Lago di Garda<\/h2>\t\t\t\t<\/div>\n\t\t\t\t<\/div>\n\t\t\t\t<div class=\"elementor-element elementor-element-1108b3a elementor-widget elementor-widget-text-editor\" data-id=\"1108b3a\" data-element_type=\"widget\" data-e-type=\"widget\" data-widget_type=\"text-editor.default\">\n\t\t\t\t<div class=\"elementor-widget-container\">\n\t\t\t\t\t\t\t\t\t<p>Le norme e i divieti riguardanti i cani nel Lago di Garda\u00a0<b>possono variare leggermente tra le diverse localit\u00e0\u00a0<\/b>che circondano il lago, dato che si estende attraverso tre regioni italiane (Lombardia, Trentino-Alto Adige e Veneto).<\/p>\t\t\t\t\t\t\t\t<\/div>\n\t\t\t\t<\/div>\n\t\t\t\t\t<\/div>\n\t\t<\/div>\n\t\t\t\t\t<\/div>\n\t\t<\/section>\n\t\t\t\t<section class=\"elementor-section elementor-top-section elementor-element elementor-element-dee8553 elementor-section-boxed elementor-section-height-default elementor-section-height-default\" data-id=\"dee8553\" data-element_type=\"section\" data-e-type=\"section\">\n\t\t\t\t\t\t<div class=\"elementor-container elementor-column-gap-default\">\n\t\t\t\t\t<div class=\"elementor-column elementor-col-33 elementor-top-column elementor-element elementor-element-67a9df5\" data-id=\"67a9df5\" data-element_type=\"column\" data-e-type=\"column\">\n\t\t\t<div class=\"elementor-widget-wrap elementor-element-populated\">\n\t\t\t\t\t\t<div class=\"elementor-element elementor-element-ac4021a elementor-view-default elementor-widget elementor-widget-icon\" data-id=\"ac4021a\" data-element_type=\"widget\" data-e-type=\"widget\" data-widget_type=\"icon.default\">\n\t\t\t\t<div class=\"elementor-widget-container\">\n\t\t\t\t\t\t\t<div class=\"elementor-icon-wrapper\">\n\t\t\t<div class=\"elementor-icon\">\n\t\t\t<i aria-hidden=\"true\" class=\"fas fa-water\"><\/i>\t\t\t<\/div>\n\t\t<\/div>\n\t\t\t\t\t\t<\/div>\n\t\t\t\t<\/div>\n\t\t\t\t\t<\/div>\n\t\t<\/div>\n\t\t\t\t<div class=\"elementor-column elementor-col-33 elementor-top-column elementor-element elementor-element-024b099\" data-id=\"024b099\" data-element_type=\"column\" data-e-type=\"column\">\n\t\t\t<div class=\"elementor-widget-wrap elementor-element-populated\">\n\t\t\t\t\t\t<div class=\"elementor-element elementor-element-652e3e2 elementor-widget elementor-widget-text-editor\" data-id=\"652e3e2\" data-element_type=\"widget\" data-e-type=\"widget\" data-widget_type=\"text-editor.default\">\n\t\t\t\t<div class=\"elementor-widget-container\">\n\t\t\t\t\t\t\t\t\t<p><span style=\"color: var( --e-global-color-text ); background-color: transparent;\">In generale, i cani possono nuotare in alcune aree designate del Lago di Garda. Tuttavia, molte spiagge pubbliche e private possono avere restrizioni. <\/span><\/p><p><span style=\"color: var( --e-global-color-text ); background-color: transparent;\">Esistono spiagge &#8220;pet friendly&#8221; specificamente attrezzate per accogliere i cani e permettere loro di nuotare.<\/span><\/p>\t\t\t\t\t\t\t\t<\/div>\n\t\t\t\t<\/div>\n\t\t\t\t\t<\/div>\n\t\t<\/div>\n\t\t\t\t<div class=\"elementor-column elementor-col-33 elementor-top-column elementor-element elementor-element-f0f762e\" data-id=\"f0f762e\" data-element_type=\"column\" data-e-type=\"column\">\n\t\t\t<div class=\"elementor-widget-wrap elementor-element-populated\">\n\t\t\t\t\t\t<div class=\"elementor-element elementor-element-121a717 elementor-widget elementor-widget-image\" data-id=\"121a717\" data-element_type=\"widget\" data-e-type=\"widget\" data-widget_type=\"image.default\">\n\t\t\t\t<div class=\"elementor-widget-container\">\n\t\t\t\t\t\t\t\t\t\t\t\t\t\t\t<img fetchpriority=\"high\" decoding=\"async\" width=\"768\" height=\"491\" src=\"https:\/\/www.domusrental.com\/blog\/wp-content\/uploads\/2024\/02\/cane-acqau-768x491.jpg\" class=\"attachment-medium_large size-medium_large wp-image-1614\" alt=\"\" srcset=\"https:\/\/www.domusrental.com\/blog\/wp-content\/uploads\/2024\/02\/cane-acqau-768x491.jpg 768w, https:\/\/www.domusrental.com\/blog\/wp-content\/uploads\/2024\/02\/cane-acqau-1536x982.jpg 1536w, https:\/\/www.domusrental.com\/blog\/wp-content\/uploads\/2024\/02\/cane-acqau-2048x1310.jpg 2048w\" sizes=\"(max-width: 768px) 100vw, 768px\" \/>\t\t\t\t\t\t\t\t\t\t\t\t\t\t\t<\/div>\n\t\t\t\t<\/div>\n\t\t\t\t\t<\/div>\n\t\t<\/div>\n\t\t\t\t\t<\/div>\n\t\t<\/section>\n\t\t\t\t<section class=\"elementor-section elementor-top-section elementor-element elementor-element-d6a1967 elementor-section-boxed elementor-section-height-default elementor-section-height-default\" data-id=\"d6a1967\" data-element_type=\"section\" data-e-type=\"section\">\n\t\t\t\t\t\t<div class=\"elementor-container elementor-column-gap-default\">\n\t\t\t\t\t<div class=\"elementor-column elementor-col-33 elementor-top-column elementor-element elementor-element-f1c44c7\" data-id=\"f1c44c7\" data-element_type=\"column\" data-e-type=\"column\">\n\t\t\t<div class=\"elementor-widget-wrap elementor-element-populated\">\n\t\t\t\t\t\t<div class=\"elementor-element elementor-element-0f0fc45 elementor-view-default elementor-widget elementor-widget-icon\" data-id=\"0f0fc45\" data-element_type=\"widget\" data-e-type=\"widget\" data-widget_type=\"icon.default\">\n\t\t\t\t<div class=\"elementor-widget-container\">\n\t\t\t\t\t\t\t<div class=\"elementor-icon-wrapper\">\n\t\t\t<div class=\"elementor-icon\">\n\t\t\t<i aria-hidden=\"true\" class=\"fas fa-umbrella-beach\"><\/i>\t\t\t<\/div>\n\t\t<\/div>\n\t\t\t\t\t\t<\/div>\n\t\t\t\t<\/div>\n\t\t\t\t\t<\/div>\n\t\t<\/div>\n\t\t\t\t<div class=\"elementor-column elementor-col-33 elementor-top-column elementor-element elementor-element-1f43cdc\" data-id=\"1f43cdc\" data-element_type=\"column\" data-e-type=\"column\">\n\t\t\t<div class=\"elementor-widget-wrap elementor-element-populated\">\n\t\t\t\t\t\t<div class=\"elementor-element elementor-element-fed723d elementor-widget elementor-widget-text-editor\" data-id=\"fed723d\" data-element_type=\"widget\" data-e-type=\"widget\" data-widget_type=\"text-editor.default\">\n\t\t\t\t<div class=\"elementor-widget-container\">\n\t\t\t\t\t\t\t\t\t<p>L&#8217;accesso alle spiagge del Lago d Garda per i cani \u00e8 limitato, ma ci sono spiagge dedicate dove i cani sono benvenuti. Queste aree sono attrezzate con servizi come ciotole d&#8217;acqua, sacchetti per la raccolta delle deiezioni e talvolta anche docce. <br \/><br \/><strong>\u00c8 sempre consigliato verificare le regole specifiche della spiaggia prima di visitarla.<\/strong><\/p>\t\t\t\t\t\t\t\t<\/div>\n\t\t\t\t<\/div>\n\t\t\t\t\t<\/div>\n\t\t<\/div>\n\t\t\t\t<div class=\"elementor-column elementor-col-33 elementor-top-column elementor-element elementor-element-a02f588\" data-id=\"a02f588\" data-element_type=\"column\" data-e-type=\"column\">\n\t\t\t<div class=\"elementor-widget-wrap elementor-element-populated\">\n\t\t\t\t\t\t<div class=\"elementor-element elementor-element-9c38d98 elementor-widget elementor-widget-image\" data-id=\"9c38d98\" data-element_type=\"widget\" data-e-type=\"widget\" data-widget_type=\"image.default\">\n\t\t\t\t<div class=\"elementor-widget-container\">\n\t\t\t\t\t\t\t\t\t\t\t\t\t\t\t<img decoding=\"async\" width=\"768\" height=\"512\" src=\"https:\/\/www.domusrental.com\/blog\/wp-content\/uploads\/2024\/02\/dog-beache-768x512.jpg\" class=\"attachment-medium_large size-medium_large wp-image-1626\" alt=\"beach pet friendly lake garda\" srcset=\"https:\/\/www.domusrental.com\/blog\/wp-content\/uploads\/2024\/02\/dog-beache-768x512.jpg 768w, https:\/\/www.domusrental.com\/blog\/wp-content\/uploads\/2024\/02\/dog-beache-1536x1024.jpg 1536w, https:\/\/www.domusrental.com\/blog\/wp-content\/uploads\/2024\/02\/dog-beache-2048x1365.jpg 2048w\" sizes=\"(max-width: 768px) 100vw, 768px\" \/>\t\t\t\t\t\t\t\t\t\t\t\t\t\t\t<\/div>\n\t\t\t\t<\/div>\n\t\t\t\t\t<\/div>\n\t\t<\/div>\n\t\t\t\t\t<\/div>\n\t\t<\/section>\n\t\t\t\t<section class=\"elementor-section elementor-top-section elementor-element elementor-element-e863532 elementor-section-boxed elementor-section-height-default elementor-section-height-default\" data-id=\"e863532\" data-element_type=\"section\" data-e-type=\"section\">\n\t\t\t\t\t\t<div class=\"elementor-container elementor-column-gap-default\">\n\t\t\t\t\t<div class=\"elementor-column elementor-col-33 elementor-top-column elementor-element elementor-element-1658cb2\" data-id=\"1658cb2\" data-element_type=\"column\" data-e-type=\"column\">\n\t\t\t<div class=\"elementor-widget-wrap elementor-element-populated\">\n\t\t\t\t\t\t<div class=\"elementor-element elementor-element-1aeaa3c elementor-view-default elementor-widget elementor-widget-icon\" data-id=\"1aeaa3c\" data-element_type=\"widget\" data-e-type=\"widget\" data-widget_type=\"icon.default\">\n\t\t\t\t<div class=\"elementor-widget-container\">\n\t\t\t\t\t\t\t<div class=\"elementor-icon-wrapper\">\n\t\t\t<div class=\"elementor-icon\">\n\t\t\t<i aria-hidden=\"true\" class=\"fas fa-route\"><\/i>\t\t\t<\/div>\n\t\t<\/div>\n\t\t\t\t\t\t<\/div>\n\t\t\t\t<\/div>\n\t\t\t\t\t<\/div>\n\t\t<\/div>\n\t\t\t\t<div class=\"elementor-column elementor-col-33 elementor-top-column elementor-element elementor-element-96b37b3\" data-id=\"96b37b3\" data-element_type=\"column\" data-e-type=\"column\">\n\t\t\t<div class=\"elementor-widget-wrap elementor-element-populated\">\n\t\t\t\t\t\t<div class=\"elementor-element elementor-element-74355df elementor-widget elementor-widget-text-editor\" data-id=\"74355df\" data-element_type=\"widget\" data-e-type=\"widget\" data-widget_type=\"text-editor.default\">\n\t\t\t\t<div class=\"elementor-widget-container\">\n\t\t\t\t\t\t\t\t\t<p>I cani sono generalmente ammessi sui traghetti che attraversano il Lago di Garda, <strong>a condizione che siano al guinzaglio e muniti di museruola.<\/strong> <br \/>Potrebbe essere richiesto un biglietto a tariffa ridotta o nessun biglietto per il cane, a seconda della compagnia di navigazione.<\/p><p>Per quanto riguarda i bus e altri mezzi di trasporto pubblico, i cani di piccola taglia che viaggiano <strong>in appositi trasportini sono solitamente ammessi<\/strong>, mentre per quelli di taglia pi\u00f9 grande le regole possono variare. \u00c8 consigliabile controllare con l&#8217;operatore locale.<\/p>\t\t\t\t\t\t\t\t<\/div>\n\t\t\t\t<\/div>\n\t\t\t\t\t<\/div>\n\t\t<\/div>\n\t\t\t\t<div class=\"elementor-column elementor-col-33 elementor-top-column elementor-element elementor-element-ed9e0c1\" data-id=\"ed9e0c1\" data-element_type=\"column\" data-e-type=\"column\">\n\t\t\t<div class=\"elementor-widget-wrap elementor-element-populated\">\n\t\t\t\t\t\t<div class=\"elementor-element elementor-element-9825c40 elementor-widget elementor-widget-image\" data-id=\"9825c40\" data-element_type=\"widget\" data-e-type=\"widget\" data-widget_type=\"image.default\">\n\t\t\t\t<div class=\"elementor-widget-container\">\n\t\t\t\t\t\t\t\t\t\t\t\t\t\t\t<img decoding=\"async\" width=\"768\" height=\"512\" src=\"https:\/\/www.domusrental.com\/blog\/wp-content\/uploads\/2024\/02\/dog-bus-768x512.jpg\" class=\"attachment-medium_large size-medium_large wp-image-1617\" alt=\"\" srcset=\"https:\/\/www.domusrental.com\/blog\/wp-content\/uploads\/2024\/02\/dog-bus-768x512.jpg 768w, https:\/\/www.domusrental.com\/blog\/wp-content\/uploads\/2024\/02\/dog-bus-1536x1024.jpg 1536w, https:\/\/www.domusrental.com\/blog\/wp-content\/uploads\/2024\/02\/dog-bus-2048x1365.jpg 2048w\" sizes=\"(max-width: 768px) 100vw, 768px\" \/>\t\t\t\t\t\t\t\t\t\t\t\t\t\t\t<\/div>\n\t\t\t\t<\/div>\n\t\t\t\t\t<\/div>\n\t\t<\/div>\n\t\t\t\t\t<\/div>\n\t\t<\/section>\n\t\t\t\t<section class=\"elementor-section elementor-top-section elementor-element elementor-element-944acb9 elementor-section-boxed elementor-section-height-default elementor-section-height-default\" data-id=\"944acb9\" data-element_type=\"section\" data-e-type=\"section\">\n\t\t\t\t\t\t<div class=\"elementor-container elementor-column-gap-default\">\n\t\t\t\t\t<div class=\"elementor-column elementor-col-33 elementor-top-column elementor-element elementor-element-90ef04f\" data-id=\"90ef04f\" data-element_type=\"column\" data-e-type=\"column\">\n\t\t\t<div class=\"elementor-widget-wrap elementor-element-populated\">\n\t\t\t\t\t\t<div class=\"elementor-element elementor-element-b1d9896 elementor-view-default elementor-widget elementor-widget-icon\" data-id=\"b1d9896\" data-element_type=\"widget\" data-e-type=\"widget\" data-widget_type=\"icon.default\">\n\t\t\t\t<div class=\"elementor-widget-container\">\n\t\t\t\t\t\t\t<div class=\"elementor-icon-wrapper\">\n\t\t\t<div class=\"elementor-icon\">\n\t\t\t<i aria-hidden=\"true\" class=\"fas fa-euro-sign\"><\/i>\t\t\t<\/div>\n\t\t<\/div>\n\t\t\t\t\t\t<\/div>\n\t\t\t\t<\/div>\n\t\t\t\t\t<\/div>\n\t\t<\/div>\n\t\t\t\t<div class=\"elementor-column elementor-col-33 elementor-top-column elementor-element elementor-element-0998da5\" data-id=\"0998da5\" data-element_type=\"column\" data-e-type=\"column\">\n\t\t\t<div class=\"elementor-widget-wrap elementor-element-populated\">\n\t\t\t\t\t\t<div class=\"elementor-element elementor-element-39d9510 elementor-widget elementor-widget-text-editor\" data-id=\"39d9510\" data-element_type=\"widget\" data-e-type=\"widget\" data-widget_type=\"text-editor.default\">\n\t\t\t\t<div class=\"elementor-widget-container\">\n\t\t\t\t\t\t\t\t\t<p>La<strong> tassa di soggiorno per i cani<\/strong> non \u00e8 una prassi comune in tutte le localit\u00e0 del Lago di Garda, ma alcune strutture ricettive potrebbero applicare una piccola tariffa giornaliera per l&#8217;ospite a quattro zampe. Questo varia in base all&#8217;alloggio e alle sue politiche specifiche.<\/p><p>Per avere informazioni dettagliate e aggiornate, \u00e8 sempre meglio consultare direttamente le fonti ufficiali delle localit\u00e0 specifiche o le strutture in cui prevedi di <a href=\"https:\/\/www.domusrental.com\/it\/\">soggiornare sul Lago di Garda.\u00a0<\/a><\/p>\t\t\t\t\t\t\t\t<\/div>\n\t\t\t\t<\/div>\n\t\t\t\t\t<\/div>\n\t\t<\/div>\n\t\t\t\t<div class=\"elementor-column elementor-col-33 elementor-top-column elementor-element elementor-element-b571ff0\" data-id=\"b571ff0\" data-element_type=\"column\" data-e-type=\"column\">\n\t\t\t<div class=\"elementor-widget-wrap elementor-element-populated\">\n\t\t\t\t\t\t<div class=\"elementor-element elementor-element-7d55b9e elementor-widget elementor-widget-image\" data-id=\"7d55b9e\" data-element_type=\"widget\" data-e-type=\"widget\" data-widget_type=\"image.default\">\n\t\t\t\t<div class=\"elementor-widget-container\">\n\t\t\t\t\t\t\t\t\t\t\t\t\t\t\t<img loading=\"lazy\" decoding=\"async\" width=\"768\" height=\"505\" src=\"https:\/\/www.domusrental.com\/blog\/wp-content\/uploads\/2024\/02\/cane-che-paga-768x505.jpg\" class=\"attachment-medium_large size-medium_large wp-image-1629\" alt=\"\" srcset=\"https:\/\/www.domusrental.com\/blog\/wp-content\/uploads\/2024\/02\/cane-che-paga-768x505.jpg 768w, https:\/\/www.domusrental.com\/blog\/wp-content\/uploads\/2024\/02\/cane-che-paga-1536x1009.jpg 1536w, https:\/\/www.domusrental.com\/blog\/wp-content\/uploads\/2024\/02\/cane-che-paga-2048x1346.jpg 2048w\" sizes=\"(max-width: 768px) 100vw, 768px\" \/>\t\t\t\t\t\t\t\t\t\t\t\t\t\t\t<\/div>\n\t\t\t\t<\/div>\n\t\t\t\t\t<\/div>\n\t\t<\/div>\n\t\t\t\t\t<\/div>\n\t\t<\/section>\n\t\t\t\t<section class=\"elementor-section elementor-top-section elementor-element elementor-element-b262b28 elementor-section-boxed elementor-section-height-default elementor-section-height-default\" data-id=\"b262b28\" data-element_type=\"section\" data-e-type=\"section\">\n\t\t\t\t\t\t<div class=\"elementor-container elementor-column-gap-default\">\n\t\t\t\t\t<div class=\"elementor-column elementor-col-100 elementor-top-column elementor-element elementor-element-b8b65cd\" data-id=\"b8b65cd\" data-element_type=\"column\" data-e-type=\"column\">\n\t\t\t<div class=\"elementor-widget-wrap elementor-element-populated\">\n\t\t\t\t\t\t<div class=\"elementor-element elementor-element-05db748 elementor-widget elementor-widget-spacer\" data-id=\"05db748\" data-element_type=\"widget\" data-e-type=\"widget\" data-widget_type=\"spacer.default\">\n\t\t\t\t<div class=\"elementor-widget-container\">\n\t\t\t\t\t\t\t<div class=\"elementor-spacer\">\n\t\t\t<div class=\"elementor-spacer-inner\"><\/div>\n\t\t<\/div>\n\t\t\t\t\t\t<\/div>\n\t\t\t\t<\/div>\n\t\t\t\t<div class=\"elementor-element elementor-element-bdeb732 elementor-widget elementor-widget-heading\" data-id=\"bdeb732\" data-element_type=\"widget\" data-e-type=\"widget\" data-widget_type=\"heading.default\">\n\t\t\t\t<div class=\"elementor-widget-container\">\n\t\t\t\t\t<h2 class=\"elementor-heading-title elementor-size-default\">Spiagge per cani Lago di Garda<\/h2>\t\t\t\t<\/div>\n\t\t\t\t<\/div>\n\t\t\t\t<div class=\"elementor-element elementor-element-899057a elementor-widget elementor-widget-text-editor\" data-id=\"899057a\" data-element_type=\"widget\" data-e-type=\"widget\" data-widget_type=\"text-editor.default\">\n\t\t\t\t<div class=\"elementor-widget-container\">\n\t\t\t\t\t\t\t\t\t<p>Vi state chiedendo dove potete godervi insieme il sole, l&#8217;acqua cristallina e le spiagge pet friendly sul Lago di Garda? Non temete, <b>il Lago di Garda \u00e8 sorprendentemente amico dei cani<\/b>, con diverse spiagge appositamente attrezzate per garantire a voi e al vostro fedele compagno momenti di puro relax e divertimento.<\/p>\n<p>Queste aree, pensate apposta per le esigenze dei nostri amici pelosi, offrono servizi dedicati e garantiscono una giornata al lago libera da preoccupazioni. Ma quali sono queste spiagge e cosa offrono esattamente? Ecco una guida alle spiagge che accettano cani sul Lago di Garda, complete di dettagli su accessibilit\u00e0, servizi, costi e regole da seguire<\/p>\t\t\t\t\t\t\t\t<\/div>\n\t\t\t\t<\/div>\n\t\t\t\t\t<\/div>\n\t\t<\/div>\n\t\t\t\t\t<\/div>\n\t\t<\/section>\n\t\t\t\t<section class=\"elementor-section elementor-top-section elementor-element elementor-element-7318782 elementor-section-boxed elementor-section-height-default elementor-section-height-default\" data-id=\"7318782\" data-element_type=\"section\" data-e-type=\"section\">\n\t\t\t\t\t\t<div class=\"elementor-container elementor-column-gap-default\">\n\t\t\t\t\t<div class=\"elementor-column elementor-col-50 elementor-top-column elementor-element elementor-element-63c0dd2\" data-id=\"63c0dd2\" data-element_type=\"column\" data-e-type=\"column\">\n\t\t\t<div class=\"elementor-widget-wrap elementor-element-populated\">\n\t\t\t\t\t\t<div class=\"elementor-element elementor-element-3d1d46d elementor-widget elementor-widget-heading\" data-id=\"3d1d46d\" data-element_type=\"widget\" data-e-type=\"widget\" data-widget_type=\"heading.default\">\n\t\t\t\t<div class=\"elementor-widget-container\">\n\t\t\t\t\t<h3 class=\"elementor-heading-title elementor-size-default\">Spiagge libere per cani Lago di Garda<\/h3>\t\t\t\t<\/div>\n\t\t\t\t<\/div>\n\t\t\t\t<div class=\"elementor-element elementor-element-e056462 elementor-widget elementor-widget-image\" data-id=\"e056462\" data-element_type=\"widget\" data-e-type=\"widget\" data-widget_type=\"image.default\">\n\t\t\t\t<div class=\"elementor-widget-container\">\n\t\t\t\t\t\t\t\t\t\t\t\t\t\t\t<img loading=\"lazy\" decoding=\"async\" width=\"768\" height=\"512\" src=\"https:\/\/www.domusrental.com\/blog\/wp-content\/uploads\/2024\/02\/cane-spiagge-2-768x512.jpg\" class=\"attachment-medium_large size-medium_large wp-image-1638\" alt=\"dog beach lake garda\" srcset=\"https:\/\/www.domusrental.com\/blog\/wp-content\/uploads\/2024\/02\/cane-spiagge-2-768x512.jpg 768w, https:\/\/www.domusrental.com\/blog\/wp-content\/uploads\/2024\/02\/cane-spiagge-2-1536x1024.jpg 1536w, https:\/\/www.domusrental.com\/blog\/wp-content\/uploads\/2024\/02\/cane-spiagge-2-2048x1365.jpg 2048w\" sizes=\"(max-width: 768px) 100vw, 768px\" \/>\t\t\t\t\t\t\t\t\t\t\t\t\t\t\t<\/div>\n\t\t\t\t<\/div>\n\t\t\t\t<div class=\"elementor-element elementor-element-ad5970b elementor-widget elementor-widget-heading\" data-id=\"ad5970b\" data-element_type=\"widget\" data-e-type=\"widget\" data-widget_type=\"heading.default\">\n\t\t\t\t<div class=\"elementor-widget-container\">\n\t\t\t\t\t<h4 class=\"elementor-heading-title elementor-size-default\">Spiaggia per Cani - Riva del Garda<\/h4>\t\t\t\t<\/div>\n\t\t\t\t<\/div>\n\t\t\t\t<div class=\"elementor-element elementor-element-94e29c9 elementor-widget elementor-widget-text-editor\" data-id=\"94e29c9\" data-element_type=\"widget\" data-e-type=\"widget\" data-widget_type=\"text-editor.default\">\n\t\t\t\t<div class=\"elementor-widget-container\">\n\t\t\t\t\t\t\t\t\t<p><strong style=\"color: var( --e-global-color-text ); background-color: transparent;\">Costo: <\/strong><span style=\"color: var( --e-global-color-text ); background-color: transparent;\">Gratuito<br \/><\/span><strong style=\"color: var( --e-global-color-text ); background-color: transparent;\">Vantaggi:<\/strong><span style=\"color: var( --e-global-color-text ); background-color: transparent;\">\u00a0Ampio spazio per giocare e nuotare.<\/span><\/p>\t\t\t\t\t\t\t\t<\/div>\n\t\t\t\t<\/div>\n\t\t\t\t<div class=\"elementor-element elementor-element-ce1bad3 elementor-widget elementor-widget-heading\" data-id=\"ce1bad3\" data-element_type=\"widget\" data-e-type=\"widget\" data-widget_type=\"heading.default\">\n\t\t\t\t<div class=\"elementor-widget-container\">\n\t\t\t\t\t<h4 class=\"elementor-heading-title elementor-size-default\">Fido Beach - Torri del Benaco<\/h4>\t\t\t\t<\/div>\n\t\t\t\t<\/div>\n\t\t\t\t<div class=\"elementor-element elementor-element-7e41747 elementor-widget elementor-widget-text-editor\" data-id=\"7e41747\" data-element_type=\"widget\" data-e-type=\"widget\" data-widget_type=\"text-editor.default\">\n\t\t\t\t<div class=\"elementor-widget-container\">\n\t\t\t\t\t\t\t\t\t<p><strong style=\"color: var( --e-global-color-text ); background-color: transparent;\">Costo: <\/strong><span style=\"color: var( --e-global-color-text ); background-color: transparent;\">Gratuito.<br \/><\/span><strong style=\"color: var( --e-global-color-text ); background-color: transparent;\">Vantaggi:<\/strong><span style=\"color: var( --e-global-color-text ); background-color: transparent;\"> Area ampia recintata per giocare, docce per rinfrescare il cane dopo il nuoto.\u00a0<\/span><\/p>\t\t\t\t\t\t\t\t<\/div>\n\t\t\t\t<\/div>\n\t\t\t\t<div class=\"elementor-element elementor-element-a748406 elementor-widget elementor-widget-heading\" data-id=\"a748406\" data-element_type=\"widget\" data-e-type=\"widget\" data-widget_type=\"heading.default\">\n\t\t\t\t<div class=\"elementor-widget-container\">\n\t\t\t\t\t<h4 class=\"elementor-heading-title elementor-size-default\">Spiaggia Punta Cornicello - Bardolino<\/h4>\t\t\t\t<\/div>\n\t\t\t\t<\/div>\n\t\t\t\t<div class=\"elementor-element elementor-element-e548b1f elementor-widget elementor-widget-text-editor\" data-id=\"e548b1f\" data-element_type=\"widget\" data-e-type=\"widget\" data-widget_type=\"text-editor.default\">\n\t\t\t\t<div class=\"elementor-widget-container\">\n\t\t\t\t\t\t\t\t\t<p><strong>Costo:<\/strong>\u00a0 Gratuito.<br \/><strong>Vantaggi:<\/strong> Offre un tratto di litorale dove i cani possono accedere liberamente e godersi una nuotata nel lago. L&#8217;area non \u00e8 attrezzata, quindi \u00e8 consigliabile portare tutto il necessario per la giornata.<\/p>\t\t\t\t\t\t\t\t<\/div>\n\t\t\t\t<\/div>\n\t\t\t\t<div class=\"elementor-element elementor-element-4be8beb elementor-widget elementor-widget-heading\" data-id=\"4be8beb\" data-element_type=\"widget\" data-e-type=\"widget\" data-widget_type=\"heading.default\">\n\t\t\t\t<div class=\"elementor-widget-container\">\n\t\t\t\t\t<h4 class=\"elementor-heading-title elementor-size-default\">Spiaggia di Braccobaldo - Peschiera del Garda<\/h4>\t\t\t\t<\/div>\n\t\t\t\t<\/div>\n\t\t\t\t<div class=\"elementor-element elementor-element-1311428 elementor-widget elementor-widget-text-editor\" data-id=\"1311428\" data-element_type=\"widget\" data-e-type=\"widget\" data-widget_type=\"text-editor.default\">\n\t\t\t\t<div class=\"elementor-widget-container\">\n\t\t\t\t\t\t\t\t\t<p><strong>Costo:<\/strong>\u00a0 Gratuito. <br \/><strong>Vantaggi:<\/strong> Una delle prime spiagge attrezzate per cani sul Lago di Garda, dove gli animali possono nuotare e giocare liberamente. Offre servizi come docce per cani e aree ombreggiate.<\/p>\t\t\t\t\t\t\t\t<\/div>\n\t\t\t\t<\/div>\n\t\t\t\t\t<\/div>\n\t\t<\/div>\n\t\t\t\t<div class=\"elementor-column elementor-col-50 elementor-top-column elementor-element elementor-element-dadc52e\" data-id=\"dadc52e\" data-element_type=\"column\" data-e-type=\"column\">\n\t\t\t<div class=\"elementor-widget-wrap elementor-element-populated\">\n\t\t\t\t\t\t<div class=\"elementor-element elementor-element-7f5428c elementor-widget elementor-widget-heading\" data-id=\"7f5428c\" data-element_type=\"widget\" data-e-type=\"widget\" data-widget_type=\"heading.default\">\n\t\t\t\t<div class=\"elementor-widget-container\">\n\t\t\t\t\t<h3 class=\"elementor-heading-title elementor-size-default\">Spiagge a pagamento Lago di Garda per cani<\/h3>\t\t\t\t<\/div>\n\t\t\t\t<\/div>\n\t\t\t\t<div class=\"elementor-element elementor-element-84be551 elementor-widget elementor-widget-image\" data-id=\"84be551\" data-element_type=\"widget\" data-e-type=\"widget\" data-widget_type=\"image.default\">\n\t\t\t\t<div class=\"elementor-widget-container\">\n\t\t\t\t\t\t\t\t\t\t\t\t\t\t\t<img loading=\"lazy\" decoding=\"async\" width=\"724\" height=\"483\" src=\"https:\/\/www.domusrental.com\/blog\/wp-content\/uploads\/2024\/02\/perro-tumbona.jpg\" class=\"attachment-medium_large size-medium_large wp-image-1644\" alt=\"\" \/>\t\t\t\t\t\t\t\t\t\t\t\t\t\t\t<\/div>\n\t\t\t\t<\/div>\n\t\t\t\t<div class=\"elementor-element elementor-element-0c5c10a elementor-widget elementor-widget-heading\" data-id=\"0c5c10a\" data-element_type=\"widget\" data-e-type=\"widget\" data-widget_type=\"heading.default\">\n\t\t\t\t<div class=\"elementor-widget-container\">\n\t\t\t\t\t<h4 class=\"elementor-heading-title elementor-size-default\">Braccobaldo Bau Beach - Toscolano Maderno <\/h4>\t\t\t\t<\/div>\n\t\t\t\t<\/div>\n\t\t\t\t<div class=\"elementor-element elementor-element-2ae87df elementor-widget elementor-widget-text-editor\" data-id=\"2ae87df\" data-element_type=\"widget\" data-e-type=\"widget\" data-widget_type=\"text-editor.default\">\n\t\t\t\t<div class=\"elementor-widget-container\">\n\t\t\t\t\t\t\t\t\t<p><strong style=\"color: var( --e-global-color-text ); background-color: transparent;\">Costo:\u00a0\u00a0<\/strong>Accesso a pagamento che include ombrelloni e lettini dedicati, oltre a un&#8217;area giochi.<br \/><b>Vantaggi<\/b>: Servizi premium come bar, area giochi, e spazi riservati per il relax.<\/p>\t\t\t\t\t\t\t\t<\/div>\n\t\t\t\t<\/div>\n\t\t\t\t<div class=\"elementor-element elementor-element-d14505e elementor-widget elementor-widget-heading\" data-id=\"d14505e\" data-element_type=\"widget\" data-e-type=\"widget\" data-widget_type=\"heading.default\">\n\t\t\t\t<div class=\"elementor-widget-container\">\n\t\t\t\t\t<h4 class=\"elementor-heading-title elementor-size-default\">Lido dei Pini - Bardolino<\/h4>\t\t\t\t<\/div>\n\t\t\t\t<\/div>\n\t\t\t\t<div class=\"elementor-element elementor-element-6cadb72 elementor-widget elementor-widget-text-editor\" data-id=\"6cadb72\" data-element_type=\"widget\" data-e-type=\"widget\" data-widget_type=\"text-editor.default\">\n\t\t\t\t<div class=\"elementor-widget-container\">\n\t\t\t\t\t\t\t\t\t<p><strong style=\"color: var( --e-global-color-text ); background-color: transparent;\">Costo:\u00a0<\/strong><span style=\"background-color: transparent;\">Ingresso a pagamento con accesso a lettini e ombrelloni per cani, oltre a un facile accesso al lago.<span style=\"color: rgba(0, 0, 0, 0);\">.<br \/><\/span><\/span><strong style=\"color: var( --e-global-color-text ); background-color: transparent;\">Vantaggi:<\/strong><span style=\"color: var( --e-global-color-text ); background-color: transparent;\">\u00a0<\/span>Ambiente controllato e confortevole, ideale per chi cerca comodit\u00e0 e servizi.<\/p>\t\t\t\t\t\t\t\t<\/div>\n\t\t\t\t<\/div>\n\t\t\t\t<div class=\"elementor-element elementor-element-93acd85 elementor-widget elementor-widget-heading\" data-id=\"93acd85\" data-element_type=\"widget\" data-e-type=\"widget\" data-widget_type=\"heading.default\">\n\t\t\t\t<div class=\"elementor-widget-container\">\n\t\t\t\t\t<h4 class=\"elementor-heading-title elementor-size-default\"> Bau Beach - Desenzano del Garda<\/h4>\t\t\t\t<\/div>\n\t\t\t\t<\/div>\n\t\t\t\t<div class=\"elementor-element elementor-element-981db8c elementor-widget elementor-widget-text-editor\" data-id=\"981db8c\" data-element_type=\"widget\" data-e-type=\"widget\" data-widget_type=\"text-editor.default\">\n\t\t\t\t<div class=\"elementor-widget-container\">\n\t\t\t\t\t\t\t\t\t<p><strong>Costo:<\/strong> Tariffa di ingresso che copre servizi come ombrelloni, lettini, e accesso a un bar.<br \/><strong>Vantaggi:<\/strong> Spiaggia attrezzata e sicura, perfetta per trascorrere una giornata al lago in pieno comfort.<\/p>\t\t\t\t\t\t\t\t<\/div>\n\t\t\t\t<\/div>\n\t\t\t\t<div class=\"elementor-element elementor-element-bcc488e elementor-widget elementor-widget-heading\" data-id=\"bcc488e\" data-element_type=\"widget\" data-e-type=\"widget\" data-widget_type=\"heading.default\">\n\t\t\t\t<div class=\"elementor-widget-container\">\n\t\t\t\t\t<h4 class=\"elementor-heading-title elementor-size-default\">Baia delle Sirene - Garda<\/h4>\t\t\t\t<\/div>\n\t\t\t\t<\/div>\n\t\t\t\t<div class=\"elementor-element elementor-element-d3825ad elementor-widget elementor-widget-text-editor\" data-id=\"d3825ad\" data-element_type=\"widget\" data-e-type=\"widget\" data-widget_type=\"text-editor.default\">\n\t\t\t\t<div class=\"elementor-widget-container\">\n\t\t\t\t\t\t\t\t\t<p><strong>Costo:<\/strong> A pagamento per i padroni, i cani non pagano.\u00a0<br \/><strong>Vantaggi:<\/strong> Ottima opzione per coloro che cercano un compromesso tra servizi e accessibilit\u00e0.<\/p>\t\t\t\t\t\t\t\t<\/div>\n\t\t\t\t<\/div>\n\t\t\t\t\t<\/div>\n\t\t<\/div>\n\t\t\t\t\t<\/div>\n\t\t<\/section>\n\t\t\t\t<section class=\"elementor-section elementor-top-section elementor-element elementor-element-8ebece8 elementor-section-boxed elementor-section-height-default elementor-section-height-default\" data-id=\"8ebece8\" data-element_type=\"section\" data-e-type=\"section\">\n\t\t\t\t\t\t<div class=\"elementor-container elementor-column-gap-default\">\n\t\t\t\t\t<div class=\"elementor-column elementor-col-100 elementor-top-column elementor-element elementor-element-581fea6\" data-id=\"581fea6\" data-element_type=\"column\" data-e-type=\"column\">\n\t\t\t<div class=\"elementor-widget-wrap elementor-element-populated\">\n\t\t\t\t\t\t<div class=\"elementor-element elementor-element-af9b2fe elementor-widget elementor-widget-text-editor\" data-id=\"af9b2fe\" data-element_type=\"widget\" data-e-type=\"widget\" data-widget_type=\"text-editor.default\">\n\t\t\t\t<div class=\"elementor-widget-container\">\n\t\t\t\t\t\t\t\t\t<p>Indipendentemente dalla scelta della spiaggia, \u00e8 fondamentale ricordare l&#8217;importanza del rispetto reciproco, dell&#8217;ambiente e delle regole stabilite per garantire una convivenza serena e sicura tra umani e animali.<\/p><p><b>Assicurarsi che i cani siano sempre sotto controllo, pulire dopo di loro e rispettare gli spazi dedicati sono gesti di civilt\u00e0 che contribuiscono a mantenere il Lago di Garda un luogo accogliente e amabile per tutti.<\/b><\/p>\t\t\t\t\t\t\t\t<\/div>\n\t\t\t\t<\/div>\n\t\t\t\t\t<\/div>\n\t\t<\/div>\n\t\t\t\t\t<\/div>\n\t\t<\/section>\n\t\t\t\t<section class=\"elementor-section elementor-top-section elementor-element elementor-element-6743c41 elementor-section-boxed elementor-section-height-default elementor-section-height-default\" data-id=\"6743c41\" data-element_type=\"section\" data-e-type=\"section\">\n\t\t\t\t\t\t<div class=\"elementor-container elementor-column-gap-default\">\n\t\t\t\t\t<div class=\"elementor-column elementor-col-100 elementor-top-column elementor-element elementor-element-83a521f\" data-id=\"83a521f\" data-element_type=\"column\" data-e-type=\"column\">\n\t\t\t<div class=\"elementor-widget-wrap elementor-element-populated\">\n\t\t\t\t\t\t<div class=\"elementor-element elementor-element-f7cde63 elementor-widget elementor-widget-heading\" data-id=\"f7cde63\" data-element_type=\"widget\" data-e-type=\"widget\" data-widget_type=\"heading.default\">\n\t\t\t\t<div class=\"elementor-widget-container\">\n\t\t\t\t\t<h2 class=\"elementor-heading-title elementor-size-default\">Cosa visitare sul Lago di Garda con il cane<\/h2>\t\t\t\t<\/div>\n\t\t\t\t<\/div>\n\t\t\t\t<div class=\"elementor-element elementor-element-3e5716d elementor-widget elementor-widget-text-editor\" data-id=\"3e5716d\" data-element_type=\"widget\" data-e-type=\"widget\" data-widget_type=\"text-editor.default\">\n\t\t\t\t<div class=\"elementor-widget-container\">\n\t\t\t\t\t\t\t\t\t<p>Stai cercando l&#8217;avventura perfetta da condividere con il tuo fedele amico a quattro zampe sul Lago di Garda? Vuoi sapere quali parchi divertimento accolgono i cani e dove potete insieme esplorare la natura attraverso passeggiate indimenticabili?<\/p><p><b>Scopriamo insieme quali sono i migliori parchi divertimento che accettano cani e i luoghi pi\u00f9 suggestivi dove godersi passeggiate rilassanti in compagnia del vostro amico peloso!<\/b><\/p>\t\t\t\t\t\t\t\t<\/div>\n\t\t\t\t<\/div>\n\t\t\t\t<div class=\"elementor-element elementor-element-405ab40 elementor-widget elementor-widget-heading\" data-id=\"405ab40\" data-element_type=\"widget\" data-e-type=\"widget\" data-widget_type=\"heading.default\">\n\t\t\t\t<div class=\"elementor-widget-container\">\n\t\t\t\t\t<h3 class=\"elementor-heading-title elementor-size-default\">Parchi con accesso ai cani Lago di Garda\u200b<\/h3>\t\t\t\t<\/div>\n\t\t\t\t<\/div>\n\t\t\t\t\t<\/div>\n\t\t<\/div>\n\t\t\t\t\t<\/div>\n\t\t<\/section>\n\t\t\t\t<section class=\"elementor-section elementor-top-section elementor-element elementor-element-697a1fc elementor-section-boxed elementor-section-height-default elementor-section-height-default\" data-id=\"697a1fc\" data-element_type=\"section\" data-e-type=\"section\">\n\t\t\t\t\t\t<div class=\"elementor-container elementor-column-gap-default\">\n\t\t\t\t\t<div class=\"elementor-column elementor-col-33 elementor-top-column elementor-element elementor-element-f481f4f\" data-id=\"f481f4f\" data-element_type=\"column\" data-e-type=\"column\">\n\t\t\t<div class=\"elementor-widget-wrap elementor-element-populated\">\n\t\t\t\t\t\t<div class=\"elementor-element elementor-element-f47e907 elementor-widget elementor-widget-heading\" data-id=\"f47e907\" data-element_type=\"widget\" data-e-type=\"widget\" data-widget_type=\"heading.default\">\n\t\t\t\t<div class=\"elementor-widget-container\">\n\t\t\t\t\t<h4 class=\"elementor-heading-title elementor-size-default\">Gardaland<\/h4>\t\t\t\t<\/div>\n\t\t\t\t<\/div>\n\t\t\t\t<div class=\"elementor-element elementor-element-033b112 elementor-widget elementor-widget-image\" data-id=\"033b112\" data-element_type=\"widget\" data-e-type=\"widget\" data-widget_type=\"image.default\">\n\t\t\t\t<div class=\"elementor-widget-container\">\n\t\t\t\t\t\t\t\t\t\t\t\t\t\t\t<img loading=\"lazy\" decoding=\"async\" width=\"300\" height=\"276\" src=\"https:\/\/www.domusrental.com\/blog\/wp-content\/uploads\/2024\/02\/gardaland-3-380x350.jpg\" class=\"attachment-medium size-medium wp-image-1671\" alt=\"\" \/>\t\t\t\t\t\t\t\t\t\t\t\t\t\t\t<\/div>\n\t\t\t\t<\/div>\n\t\t\t\t<div class=\"elementor-element elementor-element-25764a4 elementor-widget elementor-widget-text-editor\" data-id=\"25764a4\" data-element_type=\"widget\" data-e-type=\"widget\" data-widget_type=\"text-editor.default\">\n\t\t\t\t<div class=\"elementor-widget-container\">\n\t\t\t\t\t\t\t\t\t<p><strong>Regole<\/strong>: Ammessi nei ristoranti all&#8217;aperto, tenuti al guinzaglio; museruola richiesta per cani di grossa taglia.<\/p><p><strong>Limitazioni<\/strong>: Non possono accedere alle attrazioni e agli show.<\/p>\t\t\t\t\t\t\t\t<\/div>\n\t\t\t\t<\/div>\n\t\t\t\t\t<\/div>\n\t\t<\/div>\n\t\t\t\t<div class=\"elementor-column elementor-col-33 elementor-top-column elementor-element elementor-element-e6d44f4\" data-id=\"e6d44f4\" data-element_type=\"column\" data-e-type=\"column\">\n\t\t\t<div class=\"elementor-widget-wrap elementor-element-populated\">\n\t\t\t\t\t\t<div class=\"elementor-element elementor-element-19b2481 elementor-widget elementor-widget-heading\" data-id=\"19b2481\" data-element_type=\"widget\" data-e-type=\"widget\" data-widget_type=\"heading.default\">\n\t\t\t\t<div class=\"elementor-widget-container\">\n\t\t\t\t\t<h4 class=\"elementor-heading-title elementor-size-default\">Movieland Park<\/h4>\t\t\t\t<\/div>\n\t\t\t\t<\/div>\n\t\t\t\t<div class=\"elementor-element elementor-element-bbd20e8 elementor-widget elementor-widget-image\" data-id=\"bbd20e8\" data-element_type=\"widget\" data-e-type=\"widget\" data-widget_type=\"image.default\">\n\t\t\t\t<div class=\"elementor-widget-container\">\n\t\t\t\t\t\t\t\t\t\t\t\t\t\t\t<img loading=\"lazy\" decoding=\"async\" width=\"300\" height=\"276\" src=\"https:\/\/www.domusrental.com\/blog\/wp-content\/uploads\/2024\/02\/118270689_3456859227690289_4021772437405390228_n-1-380x350.jpg\" class=\"attachment-medium size-medium wp-image-1665\" alt=\"\" \/>\t\t\t\t\t\t\t\t\t\t\t\t\t\t\t<\/div>\n\t\t\t\t<\/div>\n\t\t\t\t<div class=\"elementor-element elementor-element-c57992c elementor-widget elementor-widget-text-editor\" data-id=\"c57992c\" data-element_type=\"widget\" data-e-type=\"widget\" data-widget_type=\"text-editor.default\">\n\t\t\t\t<div class=\"elementor-widget-container\">\n\t\t\t\t\t\t\t\t\t<p><strong>Regole:<\/strong> Ammessi con guinzaglio (o museruola). Necessario registrare l&#8217;animale all&#8217;Info Point per accedere a Rock Star Restaurant e Safari Pizza.<\/p><p><strong>Limitazioni:<\/strong> Nessuna, oltre alla registrazione.<\/p>\t\t\t\t\t\t\t\t<\/div>\n\t\t\t\t<\/div>\n\t\t\t\t\t<\/div>\n\t\t<\/div>\n\t\t\t\t<div class=\"elementor-column elementor-col-33 elementor-top-column elementor-element elementor-element-03b6353\" data-id=\"03b6353\" data-element_type=\"column\" data-e-type=\"column\">\n\t\t\t<div class=\"elementor-widget-wrap elementor-element-populated\">\n\t\t\t\t\t\t<div class=\"elementor-element elementor-element-2dfb47c elementor-widget elementor-widget-heading\" data-id=\"2dfb47c\" data-element_type=\"widget\" data-e-type=\"widget\" data-widget_type=\"heading.default\">\n\t\t\t\t<div class=\"elementor-widget-container\">\n\t\t\t\t\t<h4 class=\"elementor-heading-title elementor-size-default\">Parco Safari Natura Viva <\/h4>\t\t\t\t<\/div>\n\t\t\t\t<\/div>\n\t\t\t\t<div class=\"elementor-element elementor-element-6ab3d88 elementor-widget elementor-widget-image\" data-id=\"6ab3d88\" data-element_type=\"widget\" data-e-type=\"widget\" data-widget_type=\"image.default\">\n\t\t\t\t<div class=\"elementor-widget-container\">\n\t\t\t\t\t\t\t\t\t\t\t\t\t\t\t<img loading=\"lazy\" decoding=\"async\" width=\"300\" height=\"276\" src=\"https:\/\/www.domusrental.com\/blog\/wp-content\/uploads\/2024\/02\/iStock-1899111083-380x350.jpg\" class=\"attachment-medium size-medium wp-image-1668\" alt=\"\" \/>\t\t\t\t\t\t\t\t\t\t\t\t\t\t\t<\/div>\n\t\t\t\t<\/div>\n\t\t\t\t<div class=\"elementor-element elementor-element-404ce80 elementor-widget elementor-widget-text-editor\" data-id=\"404ce80\" data-element_type=\"widget\" data-e-type=\"widget\" data-widget_type=\"text-editor.default\">\n\t\t\t\t<div class=\"elementor-widget-container\">\n\t\t\t\t\t\t\t\t\t<p><strong>Regole:<\/strong> Ammessi solo nel Parco Safari, a bordo dell&#8217;auto e chiusi nel trasportino.<\/p><p><strong>Limitazioni:<\/strong> Non possono accedere al Parco faunistico-pedonale.<\/p>\t\t\t\t\t\t\t\t<\/div>\n\t\t\t\t<\/div>\n\t\t\t\t\t<\/div>\n\t\t<\/div>\n\t\t\t\t\t<\/div>\n\t\t<\/section>\n\t\t\t\t<section class=\"elementor-section elementor-top-section elementor-element elementor-element-d1ba40d elementor-section-boxed elementor-section-height-default elementor-section-height-default\" data-id=\"d1ba40d\" data-element_type=\"section\" data-e-type=\"section\">\n\t\t\t\t\t\t<div class=\"elementor-container elementor-column-gap-default\">\n\t\t\t\t\t<div class=\"elementor-column elementor-col-100 elementor-top-column elementor-element elementor-element-2424232\" data-id=\"2424232\" data-element_type=\"column\" data-e-type=\"column\">\n\t\t\t<div class=\"elementor-widget-wrap elementor-element-populated\">\n\t\t\t\t\t\t<div class=\"elementor-element elementor-element-e37fba0 elementor-widget elementor-widget-text-editor\" data-id=\"e37fba0\" data-element_type=\"widget\" data-e-type=\"widget\" data-widget_type=\"text-editor.default\">\n\t\t\t\t<div class=\"elementor-widget-container\">\n\t\t\t\t\t\t\t\t\t<p>Per quanto riguarda i parchi e le attrazioni del Lago di Garda che impongono restrizioni sull&#8217;accesso dei cani, il Parco Giardino Sigurt\u00e0 e il Canevaworld si distinguono per le loro politiche specifiche.<\/p><p><strong> Al Parco Giardino Sigurt\u00e0<\/strong>, <strong>l&#8217;accesso ai cani non \u00e8 permesso<\/strong> al fine di preservare l&#8217;integrit\u00e0 del giardino e garantire il benessere degli animali e delle piante presenti. Analogamente, <strong>Canevaworld<\/strong> <strong>esclude l&#8217;accesso ai cani<\/strong>, seguendo normative interne mirate a salvaguardare la sicurezza e il benessere di tutti i suoi ospiti. Queste misure riflettono l&#8217;impegno di entrambi i parchi nel mantenere un ambiente sicuro e piacevole per tutti i visitatori, pur rispettando le esigenze dei proprietari di animali domestici.<\/p>\t\t\t\t\t\t\t\t<\/div>\n\t\t\t\t<\/div>\n\t\t\t\t\t<\/div>\n\t\t<\/div>\n\t\t\t\t\t<\/div>\n\t\t<\/section>\n\t\t\t\t<section class=\"elementor-section elementor-top-section elementor-element elementor-element-8306f2f elementor-section-boxed elementor-section-height-default elementor-section-height-default\" data-id=\"8306f2f\" data-element_type=\"section\" data-e-type=\"section\">\n\t\t\t\t\t\t<div class=\"elementor-container elementor-column-gap-default\">\n\t\t\t\t\t<div class=\"elementor-column elementor-col-100 elementor-top-column elementor-element elementor-element-13d0e59\" data-id=\"13d0e59\" data-element_type=\"column\" data-e-type=\"column\">\n\t\t\t<div class=\"elementor-widget-wrap elementor-element-populated\">\n\t\t\t\t\t\t<div class=\"elementor-element elementor-element-d69c27c elementor-widget elementor-widget-heading\" data-id=\"d69c27c\" data-element_type=\"widget\" data-e-type=\"widget\" data-widget_type=\"heading.default\">\n\t\t\t\t<div class=\"elementor-widget-container\">\n\t\t\t\t\t<h3 class=\"elementor-heading-title elementor-size-default\">Passeggiate con il cane sul Lago di Garda<\/h3>\t\t\t\t<\/div>\n\t\t\t\t<\/div>\n\t\t\t\t<div class=\"elementor-element elementor-element-08a24f3 elementor-widget elementor-widget-text-editor\" data-id=\"08a24f3\" data-element_type=\"widget\" data-e-type=\"widget\" data-widget_type=\"text-editor.default\">\n\t\t\t\t<div class=\"elementor-widget-container\">\n\t\t\t\t\t\t\t\t\t<p>Siete pronti a scoprire insieme al vostro fedele amico a quattro zampe i luoghi pi\u00f9 incantevoli e pet-friendly del Lago di Garda? Volete immergervi nella natura, esplorare sentieri storici e godervi panorami mozzafiato, il tutto in compagnia del vostro cane?<\/p><p>Il Lago di Garda non delude mai, offrendo una miriade di opzioni per avventure indimenticabili. <strong>Ma quali sono i posti imperdibili per una passeggiata con il vostro amico peloso?<\/strong><\/p>\t\t\t\t\t\t\t\t<\/div>\n\t\t\t\t<\/div>\n\t\t\t\t\t<\/div>\n\t\t<\/div>\n\t\t\t\t\t<\/div>\n\t\t<\/section>\n\t\t\t\t<section class=\"elementor-section elementor-top-section elementor-element elementor-element-046efcd elementor-section-boxed elementor-section-height-default elementor-section-height-default\" data-id=\"046efcd\" data-element_type=\"section\" data-e-type=\"section\">\n\t\t\t\t\t\t<div class=\"elementor-container elementor-column-gap-default\">\n\t\t\t\t\t<div class=\"elementor-column elementor-col-50 elementor-top-column elementor-element elementor-element-b6980ad\" data-id=\"b6980ad\" data-element_type=\"column\" data-e-type=\"column\">\n\t\t\t<div class=\"elementor-widget-wrap elementor-element-populated\">\n\t\t\t\t\t\t<div class=\"elementor-element elementor-element-6b60e8b elementor-widget elementor-widget-heading\" data-id=\"6b60e8b\" data-element_type=\"widget\" data-e-type=\"widget\" data-widget_type=\"heading.default\">\n\t\t\t\t<div class=\"elementor-widget-container\">\n\t\t\t\t\t<h4 class=\"elementor-heading-title elementor-size-default\">Sentiero del Ponale<\/h4>\t\t\t\t<\/div>\n\t\t\t\t<\/div>\n\t\t\t\t<div class=\"elementor-element elementor-element-31e59b5 elementor-widget elementor-widget-image\" data-id=\"31e59b5\" data-element_type=\"widget\" data-e-type=\"widget\" data-widget_type=\"image.default\">\n\t\t\t\t<div class=\"elementor-widget-container\">\n\t\t\t\t\t\t\t\t\t\t\t\t\t\t\t<img decoding=\"async\" src=\"https:\/\/www.domusrental.com\/blog\/wp-content\/uploads\/2024\/02\/sentiero-del-ponale-751x430.jpg\" title=\"aerial view down to Lake Garda and Sentiero del Ponale in Italy\" alt=\"Lake Garda and Sentiero del Ponale\" loading=\"lazy\" \/>\t\t\t\t\t\t\t\t\t\t\t\t\t\t\t<\/div>\n\t\t\t\t<\/div>\n\t\t\t\t<div class=\"elementor-element elementor-element-b8e865e elementor-widget elementor-widget-text-editor\" data-id=\"b8e865e\" data-element_type=\"widget\" data-e-type=\"widget\" data-widget_type=\"text-editor.default\">\n\t\t\t\t<div class=\"elementor-widget-container\">\n\t\t\t\t\t\t\t\t\t<p>Un percorso suggestivo che regala viste spettacolari sul Lago di Garda, perfetto per gli amanti della natura e delle escursioni con i propri amici a quattro zampe.<\/p>\t\t\t\t\t\t\t\t<\/div>\n\t\t\t\t<\/div>\n\t\t\t\t\t<\/div>\n\t\t<\/div>\n\t\t\t\t<div class=\"elementor-column elementor-col-50 elementor-top-column elementor-element elementor-element-b2cfad1\" data-id=\"b2cfad1\" data-element_type=\"column\" data-e-type=\"column\">\n\t\t\t<div class=\"elementor-widget-wrap elementor-element-populated\">\n\t\t\t\t\t\t<div class=\"elementor-element elementor-element-9d593e1 elementor-widget elementor-widget-heading\" data-id=\"9d593e1\" data-element_type=\"widget\" data-e-type=\"widget\" data-widget_type=\"heading.default\">\n\t\t\t\t<div class=\"elementor-widget-container\">\n\t\t\t\t\t<h4 class=\"elementor-heading-title elementor-size-default\">Parco Naturale Alto Garda\n<\/h4>\t\t\t\t<\/div>\n\t\t\t\t<\/div>\n\t\t\t\t<div class=\"elementor-element elementor-element-7b005cd elementor-widget elementor-widget-image\" data-id=\"7b005cd\" data-element_type=\"widget\" data-e-type=\"widget\" data-widget_type=\"image.default\">\n\t\t\t\t<div class=\"elementor-widget-container\">\n\t\t\t\t\t\t\t\t\t\t\t\t\t\t\t<img decoding=\"async\" src=\"https:\/\/www.domusrental.com\/blog\/wp-content\/uploads\/2024\/02\/Parco-Naturale-Alto-Garda-751x430.jpg\" title=\"Beautiful view of a lake and mountains of &#8221;Parco dell&#8217;Alto Garda Bresciano&#8221; Tremosine, Italy\" alt=\"A beautiful view of a lake and mountains of &#039;&#039;Parco dell&#039;Alto Garda Bresciano&#039;&#039; Tremosine, Italy\" loading=\"lazy\" \/>\t\t\t\t\t\t\t\t\t\t\t\t\t\t\t<\/div>\n\t\t\t\t<\/div>\n\t\t\t\t<div class=\"elementor-element elementor-element-d624b3f elementor-widget elementor-widget-text-editor\" data-id=\"d624b3f\" data-element_type=\"widget\" data-e-type=\"widget\" data-widget_type=\"text-editor.default\">\n\t\t\t\t<div class=\"elementor-widget-container\">\n\t\t\t\t\t\t\t\t\t<p>Un&#8217;area protetta che offre numerosi sentieri e percorsi immersi nella natura, ideali per esplorazioni tranquille o avventure pi\u00f9 impegnative con il vostro cane.<\/p>\t\t\t\t\t\t\t\t<\/div>\n\t\t\t\t<\/div>\n\t\t\t\t\t<\/div>\n\t\t<\/div>\n\t\t\t\t\t<\/div>\n\t\t<\/section>\n\t\t\t\t<section class=\"elementor-section elementor-top-section elementor-element elementor-element-093fa70 elementor-section-boxed elementor-section-height-default elementor-section-height-default\" data-id=\"093fa70\" data-element_type=\"section\" data-e-type=\"section\">\n\t\t\t\t\t\t<div class=\"elementor-container elementor-column-gap-default\">\n\t\t\t\t\t<div class=\"elementor-column elementor-col-50 elementor-top-column elementor-element elementor-element-eb7eb37\" data-id=\"eb7eb37\" data-element_type=\"column\" data-e-type=\"column\">\n\t\t\t<div class=\"elementor-widget-wrap elementor-element-populated\">\n\t\t\t\t\t\t<div class=\"elementor-element elementor-element-eb98001 elementor-widget elementor-widget-heading\" data-id=\"eb98001\" data-element_type=\"widget\" data-e-type=\"widget\" data-widget_type=\"heading.default\">\n\t\t\t\t<div class=\"elementor-widget-container\">\n\t\t\t\t\t<h4 class=\"elementor-heading-title elementor-size-default\">Gardone Riviera<\/h4>\t\t\t\t<\/div>\n\t\t\t\t<\/div>\n\t\t\t\t<div class=\"elementor-element elementor-element-87e4991 elementor-widget elementor-widget-image\" data-id=\"87e4991\" data-element_type=\"widget\" data-e-type=\"widget\" data-widget_type=\"image.default\">\n\t\t\t\t<div class=\"elementor-widget-container\">\n\t\t\t\t\t\t\t\t\t\t\t\t\t\t\t<img decoding=\"async\" src=\"https:\/\/www.domusrental.com\/blog\/wp-content\/uploads\/2024\/02\/Gardone-Riviera\u200b-751x430.jpg\" title=\"Holidays in Italy &#8211; scenic view of the tourist town of Gardone Riviera on Lake Garda\" alt=\"Holidays in Italy - scenic view of the tourist town of Gardone Riviera on Lake Garda\" loading=\"lazy\" \/>\t\t\t\t\t\t\t\t\t\t\t\t\t\t\t<\/div>\n\t\t\t\t<\/div>\n\t\t\t\t<div class=\"elementor-element elementor-element-29ec805 elementor-widget elementor-widget-text-editor\" data-id=\"29ec805\" data-element_type=\"widget\" data-e-type=\"widget\" data-widget_type=\"text-editor.default\">\n\t\t\t\t<div class=\"elementor-widget-container\">\n\t\t\t\t\t\t\t\t\t<p>Conosciuta per i suoi bellissimi giardini e lungolaghi, Gardone Riviera \u00e8 il posto ideale per passeggiate rilassanti in riva al lago, dove potrete godervi la tranquillit\u00e0 dell&#8217;ambiente insieme al vostro cane.<\/p>\t\t\t\t\t\t\t\t<\/div>\n\t\t\t\t<\/div>\n\t\t\t\t\t<\/div>\n\t\t<\/div>\n\t\t\t\t<div class=\"elementor-column elementor-col-50 elementor-top-column elementor-element elementor-element-4c00fb1\" data-id=\"4c00fb1\" data-element_type=\"column\" data-e-type=\"column\">\n\t\t\t<div class=\"elementor-widget-wrap elementor-element-populated\">\n\t\t\t\t\t\t<div class=\"elementor-element elementor-element-f43e952 elementor-widget elementor-widget-heading\" data-id=\"f43e952\" data-element_type=\"widget\" data-e-type=\"widget\" data-widget_type=\"heading.default\">\n\t\t\t\t<div class=\"elementor-widget-container\">\n\t\t\t\t\t<h4 class=\"elementor-heading-title elementor-size-default\">Lungomare di Sirmione\u200b<\/h4>\t\t\t\t<\/div>\n\t\t\t\t<\/div>\n\t\t\t\t<div class=\"elementor-element elementor-element-511c60f elementor-widget elementor-widget-image\" data-id=\"511c60f\" data-element_type=\"widget\" data-e-type=\"widget\" data-widget_type=\"image.default\">\n\t\t\t\t<div class=\"elementor-widget-container\">\n\t\t\t\t\t\t\t\t\t\t\t\t\t\t\t<img decoding=\"async\" src=\"https:\/\/www.domusrental.com\/blog\/wp-content\/uploads\/2024\/02\/Lungomare-di-Sirmione\u200b-751x430.jpg\" title=\"Holidays in Italy &#8211; the tourist resort of Sirmione on Lake Garda\" alt=\"Holidays in Italy - the tourist resort of Sirmione on Lake Garda\" loading=\"lazy\" \/>\t\t\t\t\t\t\t\t\t\t\t\t\t\t\t<\/div>\n\t\t\t\t<\/div>\n\t\t\t\t<div class=\"elementor-element elementor-element-3d51210 elementor-widget elementor-widget-text-editor\" data-id=\"3d51210\" data-element_type=\"widget\" data-e-type=\"widget\" data-widget_type=\"text-editor.default\">\n\t\t\t\t<div class=\"elementor-widget-container\">\n\t\t\t\t\t\t\t\t\t<p>Una passeggiata lungo il lungomare di Sirmione permette di godere della splendida vista sul lago, passeggiando tra storia e natura in compagnia del vostro cane.<\/p>\t\t\t\t\t\t\t\t<\/div>\n\t\t\t\t<\/div>\n\t\t\t\t\t<\/div>\n\t\t<\/div>\n\t\t\t\t\t<\/div>\n\t\t<\/section>\n\t\t\t\t<section class=\"elementor-section elementor-top-section elementor-element elementor-element-735467d elementor-section-boxed elementor-section-height-default elementor-section-height-default\" data-id=\"735467d\" data-element_type=\"section\" data-e-type=\"section\">\n\t\t\t\t\t\t<div class=\"elementor-container elementor-column-gap-default\">\n\t\t\t\t\t<div class=\"elementor-column elementor-col-50 elementor-top-column elementor-element elementor-element-d880334\" data-id=\"d880334\" data-element_type=\"column\" data-e-type=\"column\">\n\t\t\t<div class=\"elementor-widget-wrap elementor-element-populated\">\n\t\t\t\t\t\t<div class=\"elementor-element elementor-element-20959d1 elementor-widget elementor-widget-heading\" data-id=\"20959d1\" data-element_type=\"widget\" data-e-type=\"widget\" data-widget_type=\"heading.default\">\n\t\t\t\t<div class=\"elementor-widget-container\">\n\t\t\t\t\t<h4 class=\"elementor-heading-title elementor-size-default\">Dog Park Limone del Garda<\/h4>\t\t\t\t<\/div>\n\t\t\t\t<\/div>\n\t\t\t\t<div class=\"elementor-element elementor-element-556902f elementor-widget elementor-widget-image\" data-id=\"556902f\" data-element_type=\"widget\" data-e-type=\"widget\" data-widget_type=\"image.default\">\n\t\t\t\t<div class=\"elementor-widget-container\">\n\t\t\t\t\t\t\t\t\t\t\t\t\t\t\t<img decoding=\"async\" src=\"https:\/\/www.domusrental.com\/blog\/wp-content\/uploads\/2024\/02\/dog-park-1-751x430.jpg\" title=\"Woman throwing a tennis ball for her dog\" alt=\"Dog-sitters bonding together in a public park with their dogs\" loading=\"lazy\" \/>\t\t\t\t\t\t\t\t\t\t\t\t\t\t\t<\/div>\n\t\t\t\t<\/div>\n\t\t\t\t<div class=\"elementor-element elementor-element-1b6093c elementor-widget elementor-widget-text-editor\" data-id=\"1b6093c\" data-element_type=\"widget\" data-e-type=\"widget\" data-widget_type=\"text-editor.default\">\n\t\t\t\t<div class=\"elementor-widget-container\">\n\t\t\t\t\t\t\t\t\t<p>Un parco dedicato esclusivamente ai cani, dove possono correre e giocare liberamente in un ambiente sicuro e attrezzato, perfetto per socializzare e spendere energia. Approfitta anche per dedicarti un&#8217;<a href=\"https:\/\/www.domusrental.com\/blog\/it\/pista-ciclabile-limone-sul-garda\/\">escursione in bicicletta a Limone sul Garda<\/a> insieme al tuo amico a 4 zampe!<\/p>\t\t\t\t\t\t\t\t<\/div>\n\t\t\t\t<\/div>\n\t\t\t\t\t<\/div>\n\t\t<\/div>\n\t\t\t\t<div class=\"elementor-column elementor-col-50 elementor-top-column elementor-element elementor-element-f62e579\" data-id=\"f62e579\" data-element_type=\"column\" data-e-type=\"column\">\n\t\t\t<div class=\"elementor-widget-wrap elementor-element-populated\">\n\t\t\t\t\t\t<div class=\"elementor-element elementor-element-92278cf elementor-widget elementor-widget-heading\" data-id=\"92278cf\" data-element_type=\"widget\" data-e-type=\"widget\" data-widget_type=\"heading.default\">\n\t\t\t\t<div class=\"elementor-widget-container\">\n\t\t\t\t\t<h4 class=\"elementor-heading-title elementor-size-default\">Monte Baldo<\/h4>\t\t\t\t<\/div>\n\t\t\t\t<\/div>\n\t\t\t\t<div class=\"elementor-element elementor-element-35acd6a elementor-widget elementor-widget-image\" data-id=\"35acd6a\" data-element_type=\"widget\" data-e-type=\"widget\" data-widget_type=\"image.default\">\n\t\t\t\t<div class=\"elementor-widget-container\">\n\t\t\t\t\t\t\t\t\t\t\t\t\t\t\t<img decoding=\"async\" src=\"https:\/\/www.domusrental.com\/blog\/wp-content\/uploads\/2024\/02\/Monte-Baldo-751x430.jpg\" title=\"Dog sitting on the top of Monte Baldo\" alt=\"Dog sitting on the top of Monte Baldo\" loading=\"lazy\" \/>\t\t\t\t\t\t\t\t\t\t\t\t\t\t\t<\/div>\n\t\t\t\t<\/div>\n\t\t\t\t<div class=\"elementor-element elementor-element-ed37b31 elementor-widget elementor-widget-text-editor\" data-id=\"ed37b31\" data-element_type=\"widget\" data-e-type=\"widget\" data-widget_type=\"text-editor.default\">\n\t\t\t\t<div class=\"elementor-widget-container\">\n\t\t\t\t\t\t\t\t\t<p>Offre numerosi sentieri e percorsi per escursioni a vari livelli di difficolt\u00e0, dove potrete ammirare paesaggi mozzafiato insieme al vostro amico peloso.<\/p>\t\t\t\t\t\t\t\t<\/div>\n\t\t\t\t<\/div>\n\t\t\t\t\t<\/div>\n\t\t<\/div>\n\t\t\t\t\t<\/div>\n\t\t<\/section>\n\t\t\t\t<section class=\"elementor-section elementor-top-section elementor-element elementor-element-b2effb8 elementor-section-boxed elementor-section-height-default elementor-section-height-default\" data-id=\"b2effb8\" data-element_type=\"section\" data-e-type=\"section\">\n\t\t\t\t\t\t<div class=\"elementor-container elementor-column-gap-default\">\n\t\t\t\t\t<div class=\"elementor-column elementor-col-50 elementor-top-column elementor-element elementor-element-388471c\" data-id=\"388471c\" data-element_type=\"column\" data-e-type=\"column\">\n\t\t\t<div class=\"elementor-widget-wrap elementor-element-populated\">\n\t\t\t\t\t\t<div class=\"elementor-element elementor-element-bbcc026 elementor-widget elementor-widget-heading\" data-id=\"bbcc026\" data-element_type=\"widget\" data-e-type=\"widget\" data-widget_type=\"heading.default\">\n\t\t\t\t<div class=\"elementor-widget-container\">\n\t\t\t\t\t<h4 class=\"elementor-heading-title elementor-size-default\">Vittoriale degli Italiani<\/h4>\t\t\t\t<\/div>\n\t\t\t\t<\/div>\n\t\t\t\t<div class=\"elementor-element elementor-element-2bcb9e3 elementor-widget elementor-widget-text-editor\" data-id=\"2bcb9e3\" data-element_type=\"widget\" data-e-type=\"widget\" data-widget_type=\"text-editor.default\">\n\t\t\t\t<div class=\"elementor-widget-container\">\n\t\t\t\t\t\t\t\t\t<p>Il Vittoriale degli Italiani non \u00e8 solo un luogo ricco di storia, ma anche un ambiente accogliente per i nostri amici a quattro zampe. Grazie all&#8217;affetto che Gabriele D\u2019Annunzio riservava ai suoi animali, \u00e8 possibile visitare i giardini del parco monumentale, dove si trova anche un cimitero per cani. Quest&#8217;ultimo \u00e8 un <strong>luogo unico, con lapidi adornate da poesie, che testimonia l&#8217;amore e il rispetto del poeta per i suoi compagni animali.<\/strong><\/p>\t\t\t\t\t\t\t\t<\/div>\n\t\t\t\t<\/div>\n\t\t\t\t\t<\/div>\n\t\t<\/div>\n\t\t\t\t<div class=\"elementor-column elementor-col-50 elementor-top-column elementor-element elementor-element-5fabedf\" data-id=\"5fabedf\" data-element_type=\"column\" data-e-type=\"column\">\n\t\t\t<div class=\"elementor-widget-wrap elementor-element-populated\">\n\t\t\t\t\t\t<div class=\"elementor-element elementor-element-2e760e2 elementor-widget elementor-widget-image\" data-id=\"2e760e2\" data-element_type=\"widget\" data-e-type=\"widget\" data-widget_type=\"image.default\">\n\t\t\t\t<div class=\"elementor-widget-container\">\n\t\t\t\t\t\t\t\t\t\t\t\t\t\t\t<img decoding=\"async\" src=\"https:\/\/www.domusrental.com\/blog\/wp-content\/uploads\/2024\/02\/Vittoriale-degli-Italiani-751x430.jpg\" title=\"Arched entrance outside the Vittoriale degli Italiani gardens in Gardone Riviera on Lake Garda\" alt=\"Gardone Riviera, Lake Garda, Italy - September 2018:  View from the road of the arched entrance to the Vittoriale degli Italiani gardens in Gardone Riviera. The gardens include an amphitheatre where performances are held.\" loading=\"lazy\" \/>\t\t\t\t\t\t\t\t\t\t\t\t\t\t\t<\/div>\n\t\t\t\t<\/div>\n\t\t\t\t\t<\/div>\n\t\t<\/div>\n\t\t\t\t\t<\/div>\n\t\t<\/section>\n\t\t\t\t<section class=\"elementor-section elementor-top-section elementor-element elementor-element-be534a5 elementor-section-boxed elementor-section-height-default elementor-section-height-default\" data-id=\"be534a5\" data-element_type=\"section\" data-e-type=\"section\">\n\t\t\t\t\t\t<div class=\"elementor-container elementor-column-gap-default\">\n\t\t\t\t\t<div class=\"elementor-column elementor-col-100 elementor-top-column elementor-element elementor-element-96990ce\" data-id=\"96990ce\" data-element_type=\"column\" data-e-type=\"column\">\n\t\t\t<div class=\"elementor-widget-wrap elementor-element-populated\">\n\t\t\t\t\t\t<div class=\"elementor-element elementor-element-e307a15 elementor-widget elementor-widget-heading\" data-id=\"e307a15\" data-element_type=\"widget\" data-e-type=\"widget\" data-widget_type=\"heading.default\">\n\t\t\t\t<div class=\"elementor-widget-container\">\n\t\t\t\t\t<h2 class=\"elementor-heading-title elementor-size-default\">Casa vacanza Lago di Garda con il cane\n<\/h2>\t\t\t\t<\/div>\n\t\t\t\t<\/div>\n\t\t\t\t<div class=\"elementor-element elementor-element-9558b77 elementor-widget elementor-widget-text-editor\" data-id=\"9558b77\" data-element_type=\"widget\" data-e-type=\"widget\" data-widget_type=\"text-editor.default\">\n\t\t\t\t<div class=\"elementor-widget-container\">\n\t\t\t\t\t\t\t\t\t<p>Concludere una giornata di esplorazione e avventure intorno al Lago di Garda nel comfort di una casa vacanze accogliente \u00e8 il sogno di ogni viaggiatore, specialmente quando si \u00e8 in compagnia del proprio amico a quattro zampe. Fortunatamente, il Lago di Garda \u00e8 noto per la sua ospitalit\u00e0 pet-friendly, offrendo <b>una vasta selezione di case vacanze che non solo accettano animali, ma sono anche attrezzate per garantire il loro benessere e divertimento<\/b>.<\/p>\t\t\t\t\t\t\t\t<\/div>\n\t\t\t\t<\/div>\n\t\t\t\t<div class=\"elementor-element elementor-element-88943c9 elementor-cta--skin-cover elementor-animated-content elementor-bg-transform elementor-bg-transform-zoom-in elementor-widget elementor-widget-call-to-action\" data-id=\"88943c9\" data-element_type=\"widget\" data-e-type=\"widget\" data-widget_type=\"call-to-action.default\">\n\t\t\t\t<div class=\"elementor-widget-container\">\n\t\t\t\t\t\t\t<a class=\"elementor-cta\" href=\"https:\/\/www.domusrental.com\/rentals\/holidays-rentals-rentals-d0\/tag-pet-friendly\/\">\n\t\t\t\t\t<div class=\"elementor-cta__bg-wrapper\">\n\t\t\t\t<div class=\"elementor-cta__bg elementor-bg\" style=\"background-image: url(https:\/\/www.domusrental.com\/blog\/wp-content\/uploads\/2024\/02\/1615548189c048078871b72a04831f04d7323a0efc-1-1920x630.jpg);\" role=\"img\" aria-label=\"1615548189c048078871b72a04831f04d7323a0efc\"><\/div>\n\t\t\t\t<div class=\"elementor-cta__bg-overlay\"><\/div>\n\t\t\t<\/div>\n\t\t\t\t\t\t\t<div class=\"elementor-cta__content\">\n\t\t\t\t\t\t\t\t\t<div class=\"elementor-content-item elementor-cta__content-item elementor-icon-wrapper elementor-cta__icon elementor-view-framed elementor-shape-circle elementor-animated-item--grow\">\n\t\t\t\t\t\t<div class=\"elementor-icon\">\n\t\t\t\t\t\t\t<i aria-hidden=\"true\" class=\"fas fa-home\"><\/i>\t\t\t\t\t\t<\/div>\n\t\t\t\t\t<\/div>\n\t\t\t\t\n\t\t\t\t\t\t\t\t\t<h3 class=\"elementor-cta__title elementor-cta__content-item elementor-content-item elementor-animated-item--grow\">\n\t\t\t\t\t\tStrutture Pet Friendly Lago di Garda\t\t\t\t\t<\/h3>\n\t\t\t\t\n\t\t\t\t\t\t\t\t\t<div class=\"elementor-cta__description elementor-cta__content-item elementor-content-item elementor-animated-item--grow\">\n\t\t\t\t\t\tScopri la nostra selezione di case vacanza con cani ammessi dotati di giardini recintati e piscine. \t\t\t\t\t<\/div>\n\t\t\t\t\n\t\t\t\t\t\t\t\t\t<div class=\"elementor-cta__button-wrapper elementor-cta__content-item elementor-content-item elementor-animated-item--grow\">\n\t\t\t\t\t<span class=\"elementor-cta__button elementor-button elementor-size-md\">\n\t\t\t\t\t\tVisualizza\t\t\t\t\t<\/span>\n\t\t\t\t\t<\/div>\n\t\t\t\t\t\t\t<\/div>\n\t\t\t\t\t\t<\/a>\n\t\t\t\t\t\t<\/div>\n\t\t\t\t<\/div>\n\t\t\t\t\t<\/div>\n\t\t<\/div>\n\t\t\t\t\t<\/div>\n\t\t<\/section>\n\t\t\t\t<\/div>\n\t\t","protected":false},"excerpt":{"rendered":"<p>Visitare il Lago di Garda con il proprio amico a quattro zampe pu\u00f2 trasformarsi in un&#8217;avventura indimenticabile, ricca di panorami mozzafiato e attivit\u00e0 adatte a tutti. Ma quali sono le regole da seguire? Dove possono i nostri cani accedere liberamente e quali sono le spiagge pi\u00f9 accoglienti per loro? In questo post, vi guideremo attraverso [&hellip;]<\/p>\n","protected":false},"author":2,"featured_media":1607,"comment_status":"open","ping_status":"closed","sticky":false,"template":"","format":"standard","meta":{"footnotes":""},"categories":[57],"tags":[],"class_list":["post-1606","post","type-post","status-publish","format-standard","has-post-thumbnail","hentry","category-lago-di-garda"],"yoast_head":"<!-- This site is optimized with the Yoast SEO plugin v27.5 - https:\/\/yoast.com\/product\/yoast-seo-wordpress\/ -->\n<title>Lago di Garda con il cane | Domus Rental<\/title>\n<meta name=\"description\" content=\"Scopri le migliori spiagge e alloggi pet-friendly sul Lago di Garda. Guide e tips essenziali per vacanze indimenticabili con il tuo cane!\" \/>\n<meta name=\"robots\" content=\"index, follow, max-snippet:-1, max-image-preview:large, max-video-preview:-1\" \/>\n<link rel=\"canonical\" href=\"https:\/\/www.domusrental.com\/blog\/it\/lago-di-garda-con-cane\/\" \/>\n<meta property=\"og:locale\" content=\"it_IT\" \/>\n<meta property=\"og:type\" content=\"article\" \/>\n<meta property=\"og:title\" content=\"Lago di Garda con il cane | Domus Rental\" \/>\n<meta property=\"og:description\" content=\"Scopri le migliori spiagge e alloggi pet-friendly sul Lago di Garda. Guide e tips essenziali per vacanze indimenticabili con il tuo cane!\" \/>\n<meta property=\"og:url\" content=\"https:\/\/www.domusrental.com\/blog\/it\/lago-di-garda-con-cane\/\" \/>\n<meta property=\"og:site_name\" content=\"Blog | Domus Rental\" \/>\n<meta property=\"article:publisher\" content=\"https:\/\/www.facebook.com\/domusrental\" \/>\n<meta property=\"article:published_time\" content=\"2024-02-14T17:04:38+00:00\" \/>\n<meta property=\"article:modified_time\" content=\"2025-01-21T15:12:10+00:00\" \/>\n<meta property=\"og:image\" content=\"https:\/\/www.domusrental.com\/blog\/wp-content\/uploads\/2024\/02\/vacanze-con-il-cane-lago-di-garda.jpg\" \/>\n\t<meta property=\"og:image:width\" content=\"2121\" \/>\n\t<meta property=\"og:image:height\" content=\"1414\" \/>\n\t<meta property=\"og:image:type\" content=\"image\/jpeg\" \/>\n<meta name=\"author\" content=\"digitalservices\" \/>\n<meta name=\"twitter:card\" content=\"summary_large_image\" \/>\n<meta name=\"twitter:creator\" content=\"@DomusRental\" \/>\n<meta name=\"twitter:site\" content=\"@DomusRental\" \/>\n<meta name=\"twitter:label1\" content=\"Scritto da\" \/>\n\t<meta name=\"twitter:data1\" content=\"digitalservices\" \/>\n\t<meta name=\"twitter:label2\" content=\"Tempo di lettura stimato\" \/>\n\t<meta name=\"twitter:data2\" content=\"12 minuti\" \/>\n<script type=\"application\/ld+json\" class=\"yoast-schema-graph\">{\"@context\":\"https:\\\/\\\/schema.org\",\"@graph\":[{\"@type\":\"Article\",\"@id\":\"https:\\\/\\\/www.domusrental.com\\\/blog\\\/it\\\/lago-di-garda-con-cane\\\/#article\",\"isPartOf\":{\"@id\":\"https:\\\/\\\/www.domusrental.com\\\/blog\\\/it\\\/lago-di-garda-con-cane\\\/\"},\"author\":{\"name\":\"digitalservices\",\"@id\":\"https:\\\/\\\/www.domusrental.com\\\/blog\\\/#\\\/schema\\\/person\\\/4704eef53d63fc41b94477baca3572f8\"},\"headline\":\"Vacanze al Lago di Garda con il cane, dove andare e cosa fare\",\"datePublished\":\"2024-02-14T17:04:38+00:00\",\"dateModified\":\"2025-01-21T15:12:10+00:00\",\"mainEntityOfPage\":{\"@id\":\"https:\\\/\\\/www.domusrental.com\\\/blog\\\/it\\\/lago-di-garda-con-cane\\\/\"},\"wordCount\":1612,\"commentCount\":0,\"publisher\":{\"@id\":\"https:\\\/\\\/www.domusrental.com\\\/blog\\\/#organization\"},\"image\":{\"@id\":\"https:\\\/\\\/www.domusrental.com\\\/blog\\\/it\\\/lago-di-garda-con-cane\\\/#primaryimage\"},\"thumbnailUrl\":\"https:\\\/\\\/www.domusrental.com\\\/blog\\\/wp-content\\\/uploads\\\/2024\\\/02\\\/vacanze-con-il-cane-lago-di-garda.jpg\",\"articleSection\":[\"Lago di Garda\"],\"inLanguage\":\"it-IT\",\"potentialAction\":[{\"@type\":\"CommentAction\",\"name\":\"Comment\",\"target\":[\"https:\\\/\\\/www.domusrental.com\\\/blog\\\/it\\\/lago-di-garda-con-cane\\\/#respond\"]}]},{\"@type\":\"WebPage\",\"@id\":\"https:\\\/\\\/www.domusrental.com\\\/blog\\\/it\\\/lago-di-garda-con-cane\\\/\",\"url\":\"https:\\\/\\\/www.domusrental.com\\\/blog\\\/it\\\/lago-di-garda-con-cane\\\/\",\"name\":\"Lago di Garda con il cane | Domus Rental\",\"isPartOf\":{\"@id\":\"https:\\\/\\\/www.domusrental.com\\\/blog\\\/#website\"},\"primaryImageOfPage\":{\"@id\":\"https:\\\/\\\/www.domusrental.com\\\/blog\\\/it\\\/lago-di-garda-con-cane\\\/#primaryimage\"},\"image\":{\"@id\":\"https:\\\/\\\/www.domusrental.com\\\/blog\\\/it\\\/lago-di-garda-con-cane\\\/#primaryimage\"},\"thumbnailUrl\":\"https:\\\/\\\/www.domusrental.com\\\/blog\\\/wp-content\\\/uploads\\\/2024\\\/02\\\/vacanze-con-il-cane-lago-di-garda.jpg\",\"datePublished\":\"2024-02-14T17:04:38+00:00\",\"dateModified\":\"2025-01-21T15:12:10+00:00\",\"description\":\"Scopri le migliori spiagge e alloggi pet-friendly sul Lago di Garda. Guide e tips essenziali per vacanze indimenticabili con il tuo cane!\",\"breadcrumb\":{\"@id\":\"https:\\\/\\\/www.domusrental.com\\\/blog\\\/it\\\/lago-di-garda-con-cane\\\/#breadcrumb\"},\"inLanguage\":\"it-IT\",\"potentialAction\":[{\"@type\":\"ReadAction\",\"target\":[\"https:\\\/\\\/www.domusrental.com\\\/blog\\\/it\\\/lago-di-garda-con-cane\\\/\"]}]},{\"@type\":\"ImageObject\",\"inLanguage\":\"it-IT\",\"@id\":\"https:\\\/\\\/www.domusrental.com\\\/blog\\\/it\\\/lago-di-garda-con-cane\\\/#primaryimage\",\"url\":\"https:\\\/\\\/www.domusrental.com\\\/blog\\\/wp-content\\\/uploads\\\/2024\\\/02\\\/vacanze-con-il-cane-lago-di-garda.jpg\",\"contentUrl\":\"https:\\\/\\\/www.domusrental.com\\\/blog\\\/wp-content\\\/uploads\\\/2024\\\/02\\\/vacanze-con-il-cane-lago-di-garda.jpg\",\"width\":2121,\"height\":1414,\"caption\":\"Rear view of woman practicing yoga on wooden pier at mountain lake.\"},{\"@type\":\"BreadcrumbList\",\"@id\":\"https:\\\/\\\/www.domusrental.com\\\/blog\\\/it\\\/lago-di-garda-con-cane\\\/#breadcrumb\",\"itemListElement\":[{\"@type\":\"ListItem\",\"position\":1,\"name\":\"Home\",\"item\":\"https:\\\/\\\/www.domusrental.com\\\/blog\\\/it\\\/\"},{\"@type\":\"ListItem\",\"position\":2,\"name\":\"Vacanze al Lago di Garda con il cane, dove andare e cosa fare\"}]},{\"@type\":\"WebSite\",\"@id\":\"https:\\\/\\\/www.domusrental.com\\\/blog\\\/#website\",\"url\":\"https:\\\/\\\/www.domusrental.com\\\/blog\\\/\",\"name\":\"Domus Rental\",\"description\":\"\",\"publisher\":{\"@id\":\"https:\\\/\\\/www.domusrental.com\\\/blog\\\/#organization\"},\"potentialAction\":[{\"@type\":\"SearchAction\",\"target\":{\"@type\":\"EntryPoint\",\"urlTemplate\":\"https:\\\/\\\/www.domusrental.com\\\/blog\\\/?s={search_term_string}\"},\"query-input\":{\"@type\":\"PropertyValueSpecification\",\"valueRequired\":true,\"valueName\":\"search_term_string\"}}],\"inLanguage\":\"it-IT\"},{\"@type\":\"Organization\",\"@id\":\"https:\\\/\\\/www.domusrental.com\\\/blog\\\/#organization\",\"name\":\"Blog | Domus Rental\",\"url\":\"https:\\\/\\\/www.domusrental.com\\\/blog\\\/\",\"logo\":{\"@type\":\"ImageObject\",\"inLanguage\":\"it-IT\",\"@id\":\"https:\\\/\\\/www.domusrental.com\\\/blog\\\/#\\\/schema\\\/logo\\\/image\\\/\",\"url\":\"https:\\\/\\\/www.domusrental.com\\\/blog\\\/wp-content\\\/uploads\\\/2024\\\/04\\\/favicon.png\",\"contentUrl\":\"https:\\\/\\\/www.domusrental.com\\\/blog\\\/wp-content\\\/uploads\\\/2024\\\/04\\\/favicon.png\",\"width\":298,\"height\":298,\"caption\":\"Blog | Domus Rental\"},\"image\":{\"@id\":\"https:\\\/\\\/www.domusrental.com\\\/blog\\\/#\\\/schema\\\/logo\\\/image\\\/\"},\"sameAs\":[\"https:\\\/\\\/www.facebook.com\\\/domusrental\",\"https:\\\/\\\/x.com\\\/DomusRental\"]},{\"@type\":\"Person\",\"@id\":\"https:\\\/\\\/www.domusrental.com\\\/blog\\\/#\\\/schema\\\/person\\\/4704eef53d63fc41b94477baca3572f8\",\"name\":\"digitalservices\",\"image\":{\"@type\":\"ImageObject\",\"inLanguage\":\"it-IT\",\"@id\":\"https:\\\/\\\/secure.gravatar.com\\\/avatar\\\/af30f88a1904294c1f3eb09a9d7903eec4ffa18fa2cf40c28a8681014ecdfc20?s=96&d=mm&r=g\",\"url\":\"https:\\\/\\\/secure.gravatar.com\\\/avatar\\\/af30f88a1904294c1f3eb09a9d7903eec4ffa18fa2cf40c28a8681014ecdfc20?s=96&d=mm&r=g\",\"contentUrl\":\"https:\\\/\\\/secure.gravatar.com\\\/avatar\\\/af30f88a1904294c1f3eb09a9d7903eec4ffa18fa2cf40c28a8681014ecdfc20?s=96&d=mm&r=g\",\"caption\":\"digitalservices\"},\"url\":\"https:\\\/\\\/www.domusrental.com\\\/blog\\\/it\\\/author\\\/digitalservices\\\/\"}]}<\/script>\n<!-- \/ Yoast SEO plugin. -->","yoast_head_json":{"title":"Lago di Garda con il cane | Domus Rental","description":"Scopri le migliori spiagge e alloggi pet-friendly sul Lago di Garda. Guide e tips essenziali per vacanze indimenticabili con il tuo cane!","robots":{"index":"index","follow":"follow","max-snippet":"max-snippet:-1","max-image-preview":"max-image-preview:large","max-video-preview":"max-video-preview:-1"},"canonical":"https:\/\/www.domusrental.com\/blog\/it\/lago-di-garda-con-cane\/","og_locale":"it_IT","og_type":"article","og_title":"Lago di Garda con il cane | Domus Rental","og_description":"Scopri le migliori spiagge e alloggi pet-friendly sul Lago di Garda. Guide e tips essenziali per vacanze indimenticabili con il tuo cane!","og_url":"https:\/\/www.domusrental.com\/blog\/it\/lago-di-garda-con-cane\/","og_site_name":"Blog | Domus Rental","article_publisher":"https:\/\/www.facebook.com\/domusrental","article_published_time":"2024-02-14T17:04:38+00:00","article_modified_time":"2025-01-21T15:12:10+00:00","og_image":[{"width":2121,"height":1414,"url":"https:\/\/www.domusrental.com\/blog\/wp-content\/uploads\/2024\/02\/vacanze-con-il-cane-lago-di-garda.jpg","type":"image\/jpeg"}],"author":"digitalservices","twitter_card":"summary_large_image","twitter_creator":"@DomusRental","twitter_site":"@DomusRental","twitter_misc":{"Scritto da":"digitalservices","Tempo di lettura stimato":"12 minuti"},"schema":{"@context":"https:\/\/schema.org","@graph":[{"@type":"Article","@id":"https:\/\/www.domusrental.com\/blog\/it\/lago-di-garda-con-cane\/#article","isPartOf":{"@id":"https:\/\/www.domusrental.com\/blog\/it\/lago-di-garda-con-cane\/"},"author":{"name":"digitalservices","@id":"https:\/\/www.domusrental.com\/blog\/#\/schema\/person\/4704eef53d63fc41b94477baca3572f8"},"headline":"Vacanze al Lago di Garda con il cane, dove andare e cosa fare","datePublished":"2024-02-14T17:04:38+00:00","dateModified":"2025-01-21T15:12:10+00:00","mainEntityOfPage":{"@id":"https:\/\/www.domusrental.com\/blog\/it\/lago-di-garda-con-cane\/"},"wordCount":1612,"commentCount":0,"publisher":{"@id":"https:\/\/www.domusrental.com\/blog\/#organization"},"image":{"@id":"https:\/\/www.domusrental.com\/blog\/it\/lago-di-garda-con-cane\/#primaryimage"},"thumbnailUrl":"https:\/\/www.domusrental.com\/blog\/wp-content\/uploads\/2024\/02\/vacanze-con-il-cane-lago-di-garda.jpg","articleSection":["Lago di Garda"],"inLanguage":"it-IT","potentialAction":[{"@type":"CommentAction","name":"Comment","target":["https:\/\/www.domusrental.com\/blog\/it\/lago-di-garda-con-cane\/#respond"]}]},{"@type":"WebPage","@id":"https:\/\/www.domusrental.com\/blog\/it\/lago-di-garda-con-cane\/","url":"https:\/\/www.domusrental.com\/blog\/it\/lago-di-garda-con-cane\/","name":"Lago di Garda con il cane | Domus Rental","isPartOf":{"@id":"https:\/\/www.domusrental.com\/blog\/#website"},"primaryImageOfPage":{"@id":"https:\/\/www.domusrental.com\/blog\/it\/lago-di-garda-con-cane\/#primaryimage"},"image":{"@id":"https:\/\/www.domusrental.com\/blog\/it\/lago-di-garda-con-cane\/#primaryimage"},"thumbnailUrl":"https:\/\/www.domusrental.com\/blog\/wp-content\/uploads\/2024\/02\/vacanze-con-il-cane-lago-di-garda.jpg","datePublished":"2024-02-14T17:04:38+00:00","dateModified":"2025-01-21T15:12:10+00:00","description":"Scopri le migliori spiagge e alloggi pet-friendly sul Lago di Garda. Guide e tips essenziali per vacanze indimenticabili con il tuo cane!","breadcrumb":{"@id":"https:\/\/www.domusrental.com\/blog\/it\/lago-di-garda-con-cane\/#breadcrumb"},"inLanguage":"it-IT","potentialAction":[{"@type":"ReadAction","target":["https:\/\/www.domusrental.com\/blog\/it\/lago-di-garda-con-cane\/"]}]},{"@type":"ImageObject","inLanguage":"it-IT","@id":"https:\/\/www.domusrental.com\/blog\/it\/lago-di-garda-con-cane\/#primaryimage","url":"https:\/\/www.domusrental.com\/blog\/wp-content\/uploads\/2024\/02\/vacanze-con-il-cane-lago-di-garda.jpg","contentUrl":"https:\/\/www.domusrental.com\/blog\/wp-content\/uploads\/2024\/02\/vacanze-con-il-cane-lago-di-garda.jpg","width":2121,"height":1414,"caption":"Rear view of woman practicing yoga on wooden pier at mountain lake."},{"@type":"BreadcrumbList","@id":"https:\/\/www.domusrental.com\/blog\/it\/lago-di-garda-con-cane\/#breadcrumb","itemListElement":[{"@type":"ListItem","position":1,"name":"Home","item":"https:\/\/www.domusrental.com\/blog\/it\/"},{"@type":"ListItem","position":2,"name":"Vacanze al Lago di Garda con il cane, dove andare e cosa fare"}]},{"@type":"WebSite","@id":"https:\/\/www.domusrental.com\/blog\/#website","url":"https:\/\/www.domusrental.com\/blog\/","name":"Domus Rental","description":"","publisher":{"@id":"https:\/\/www.domusrental.com\/blog\/#organization"},"potentialAction":[{"@type":"SearchAction","target":{"@type":"EntryPoint","urlTemplate":"https:\/\/www.domusrental.com\/blog\/?s={search_term_string}"},"query-input":{"@type":"PropertyValueSpecification","valueRequired":true,"valueName":"search_term_string"}}],"inLanguage":"it-IT"},{"@type":"Organization","@id":"https:\/\/www.domusrental.com\/blog\/#organization","name":"Blog | Domus Rental","url":"https:\/\/www.domusrental.com\/blog\/","logo":{"@type":"ImageObject","inLanguage":"it-IT","@id":"https:\/\/www.domusrental.com\/blog\/#\/schema\/logo\/image\/","url":"https:\/\/www.domusrental.com\/blog\/wp-content\/uploads\/2024\/04\/favicon.png","contentUrl":"https:\/\/www.domusrental.com\/blog\/wp-content\/uploads\/2024\/04\/favicon.png","width":298,"height":298,"caption":"Blog | Domus Rental"},"image":{"@id":"https:\/\/www.domusrental.com\/blog\/#\/schema\/logo\/image\/"},"sameAs":["https:\/\/www.facebook.com\/domusrental","https:\/\/x.com\/DomusRental"]},{"@type":"Person","@id":"https:\/\/www.domusrental.com\/blog\/#\/schema\/person\/4704eef53d63fc41b94477baca3572f8","name":"digitalservices","image":{"@type":"ImageObject","inLanguage":"it-IT","@id":"https:\/\/secure.gravatar.com\/avatar\/af30f88a1904294c1f3eb09a9d7903eec4ffa18fa2cf40c28a8681014ecdfc20?s=96&d=mm&r=g","url":"https:\/\/secure.gravatar.com\/avatar\/af30f88a1904294c1f3eb09a9d7903eec4ffa18fa2cf40c28a8681014ecdfc20?s=96&d=mm&r=g","contentUrl":"https:\/\/secure.gravatar.com\/avatar\/af30f88a1904294c1f3eb09a9d7903eec4ffa18fa2cf40c28a8681014ecdfc20?s=96&d=mm&r=g","caption":"digitalservices"},"url":"https:\/\/www.domusrental.com\/blog\/it\/author\/digitalservices\/"}]}},"_links":{"self":[{"href":"https:\/\/www.domusrental.com\/blog\/it\/wp-json\/wp\/v2\/posts\/1606","targetHints":{"allow":["GET"]}}],"collection":[{"href":"https:\/\/www.domusrental.com\/blog\/it\/wp-json\/wp\/v2\/posts"}],"about":[{"href":"https:\/\/www.domusrental.com\/blog\/it\/wp-json\/wp\/v2\/types\/post"}],"author":[{"embeddable":true,"href":"https:\/\/www.domusrental.com\/blog\/it\/wp-json\/wp\/v2\/users\/2"}],"replies":[{"embeddable":true,"href":"https:\/\/www.domusrental.com\/blog\/it\/wp-json\/wp\/v2\/comments?post=1606"}],"version-history":[{"count":65,"href":"https:\/\/www.domusrental.com\/blog\/it\/wp-json\/wp\/v2\/posts\/1606\/revisions"}],"predecessor-version":[{"id":2878,"href":"https:\/\/www.domusrental.com\/blog\/it\/wp-json\/wp\/v2\/posts\/1606\/revisions\/2878"}],"wp:featuredmedia":[{"embeddable":true,"href":"https:\/\/www.domusrental.com\/blog\/it\/wp-json\/wp\/v2\/media\/1607"}],"wp:attachment":[{"href":"https:\/\/www.domusrental.com\/blog\/it\/wp-json\/wp\/v2\/media?parent=1606"}],"wp:term":[{"taxonomy":"category","embeddable":true,"href":"https:\/\/www.domusrental.com\/blog\/it\/wp-json\/wp\/v2\/categories?post=1606"},{"taxonomy":"post_tag","embeddable":true,"href":"https:\/\/www.domusrental.com\/blog\/it\/wp-json\/wp\/v2\/tags?post=1606"}],"curies":[{"name":"wp","href":"https:\/\/api.w.org\/{rel}","templated":true}]}}