{"id":187,"date":"2023-06-29T15:15:06","date_gmt":"2023-06-29T15:15:06","guid":{"rendered":"https:\/\/www.domusrental.com\/blog\/?p=187"},"modified":"2025-01-21T15:15:00","modified_gmt":"2025-01-21T15:15:00","slug":"pista-ciclabile-limone-sul-garda","status":"publish","type":"post","link":"https:\/\/www.domusrental.com\/blog\/it\/pista-ciclabile-limone-sul-garda\/","title":{"rendered":"Pista ciclabile Limone sul Garda"},"content":{"rendered":"\t\t<div data-elementor-type=\"wp-post\" data-elementor-id=\"187\" class=\"elementor elementor-187\" data-elementor-post-type=\"post\">\n\t\t\t\t\t\t<section class=\"elementor-section elementor-top-section elementor-element elementor-element-07476c8 elementor-section-boxed elementor-section-height-default elementor-section-height-default\" data-id=\"07476c8\" data-element_type=\"section\" data-e-type=\"section\">\n\t\t\t\t\t\t<div class=\"elementor-container elementor-column-gap-default\">\n\t\t\t\t\t<div class=\"elementor-column elementor-col-100 elementor-top-column elementor-element elementor-element-8f2f569\" data-id=\"8f2f569\" data-element_type=\"column\" data-e-type=\"column\">\n\t\t\t<div class=\"elementor-widget-wrap elementor-element-populated\">\n\t\t\t\t\t\t<div class=\"elementor-element elementor-element-0313da8 elementor-view-framed elementor-shape-circle elementor-widget elementor-widget-icon\" data-id=\"0313da8\" data-element_type=\"widget\" data-e-type=\"widget\" data-widget_type=\"icon.default\">\n\t\t\t\t<div class=\"elementor-widget-container\">\n\t\t\t\t\t\t\t<div class=\"elementor-icon-wrapper\">\n\t\t\t<div class=\"elementor-icon\">\n\t\t\t<i aria-hidden=\"true\" class=\"fas fa-bicycle\"><\/i>\t\t\t<\/div>\n\t\t<\/div>\n\t\t\t\t\t\t<\/div>\n\t\t\t\t<\/div>\n\t\t\t\t<div class=\"elementor-element elementor-element-c667cb9 elementor-widget elementor-widget-heading\" data-id=\"c667cb9\" data-element_type=\"widget\" data-e-type=\"widget\" data-widget_type=\"heading.default\">\n\t\t\t\t<div class=\"elementor-widget-container\">\n\t\t\t\t\t<h2 class=\"elementor-heading-title elementor-size-default\">Ciclabile Limone sul Garda: come nasce\n<\/h2>\t\t\t\t<\/div>\n\t\t\t\t<\/div>\n\t\t\t\t<div class=\"elementor-element elementor-element-621bc2b elementor-widget elementor-widget-text-editor\" data-id=\"621bc2b\" data-element_type=\"widget\" data-e-type=\"widget\" data-widget_type=\"text-editor.default\">\n\t\t\t\t<div class=\"elementor-widget-container\">\n\t\t\t\t\t\t\t\t\t<p><span style=\"font-weight: 400;\">La ciclabile del Garda, lunga due chilometri e mezzo, si estende tra le localit\u00e0 di Limone sul Garda e Capo Reamol, regalando ai visitatori uno spettacolare panorama sul lago da un lato e sulle imponenti montagne dall&#8217;altro. Questa breve tratta fa parte di un progetto pi\u00f9 ampio, la pista ciclabile del Garda, che si estende per circa 140 chilometri e collega le principali localit\u00e0 lungo le sponde del lago.<\/span><\/p><p><span style=\"font-weight: 400;\">Inaugurata nel 2018, la ciclabile del Garda rappresenta un&#8217;importante infrastruttura turistica che permette ai ciclisti e ai pedoni di godere delle bellezze naturali e dei panorami suggestivi offerti dal Lago di Garda. Lungo il percorso, si possono ammirare le acque cristalline del lago, le spiagge, i porticcioli e i pittoreschi villaggi che si affacciano sulle sue sponde.<\/span><\/p><p><span style=\"font-weight: 400;\">La ciclabile di Limone del Garda \u00e8 stata progettata per garantire la <\/span><b>massima sicurezza e fruibilit\u00e0<\/b><span style=\"font-weight: 400;\">. Il percorso \u00e8 delimitato da appositi segnali e separato dalla strada principale, garantendo cos\u00ec una maggiore tranquillit\u00e0 e sicurezza per i ciclisti e i pedoni. Inoltre, il limite di velocit\u00e0 di dieci chilometri all&#8217;ora contribuisce a evitare incidenti e a mantenere un&#8217;atmosfera rilassata lungo il tragitto.<\/span><\/p>\t\t\t\t\t\t\t\t<\/div>\n\t\t\t\t<\/div>\n\t\t\t\t\t<\/div>\n\t\t<\/div>\n\t\t\t\t\t<\/div>\n\t\t<\/section>\n\t\t\t\t<section class=\"elementor-section elementor-top-section elementor-element elementor-element-471028b elementor-section-boxed elementor-section-height-default elementor-section-height-default\" data-id=\"471028b\" data-element_type=\"section\" data-e-type=\"section\">\n\t\t\t\t\t\t<div class=\"elementor-container elementor-column-gap-default\">\n\t\t\t\t\t<div class=\"elementor-column elementor-col-66 elementor-top-column elementor-element elementor-element-b86b131\" data-id=\"b86b131\" data-element_type=\"column\" data-e-type=\"column\">\n\t\t\t<div class=\"elementor-widget-wrap elementor-element-populated\">\n\t\t\t\t\t\t<div class=\"elementor-element elementor-element-854a4e6 elementor-widget elementor-widget-heading\" data-id=\"854a4e6\" data-element_type=\"widget\" data-e-type=\"widget\" data-widget_type=\"heading.default\">\n\t\t\t\t<div class=\"elementor-widget-container\">\n\t\t\t\t\t<h2 class=\"elementor-heading-title elementor-size-default\">Come si arriva alla pista ciclabile<\/h2>\t\t\t\t<\/div>\n\t\t\t\t<\/div>\n\t\t\t\t<div class=\"elementor-element elementor-element-13ae8a5 elementor-widget elementor-widget-text-editor\" data-id=\"13ae8a5\" data-element_type=\"widget\" data-e-type=\"widget\" data-widget_type=\"text-editor.default\">\n\t\t\t\t<div class=\"elementor-widget-container\">\n\t\t\t\t\t\t\t\t\t<p><span style=\"font-weight: 400;\">Per coloro che desiderano esplorare la ciclabile di Limone del Garda, \u00e8 importante sapere come arrivarci in modo semplice e conveniente. Limone sul Garda \u00e8 facilmente accessibile in auto o in autobus dalla vicina citt\u00e0 di Riva del Garda.\u00a0<\/span><\/p><p><span style=\"font-weight: 400;\">Una volta arrivati a Limone sul Garda, troverai diverse opzioni per raggiungere la pista ciclabile. Se hai gi\u00e0 noleggiato una bicicletta, puoi semplicemente seguire le indicazioni per la ciclabile, che si trova lungo la costa del lago. Se invece hai bisogno di<\/span><b>\u00a0<\/b>una bici<span style=\"font-weight: 400;\">, puoi trovare numerosi punti di <\/span><b>noleggio bici a Limone sul Garda<\/b><span style=\"font-weight: 400;\">, dove potrai scegliere tra una vasta gamma di biciclette tradizionali o e-bike adatte alle tue preferenze. Assicurati di indossare l&#8217;equipaggiamento adeguato, come casco e abbigliamento comodo, prima di iniziare il tuo viaggio lungo la ciclabile.<\/span><\/p>\t\t\t\t\t\t\t\t<\/div>\n\t\t\t\t<\/div>\n\t\t\t\t\t<\/div>\n\t\t<\/div>\n\t\t\t\t<div class=\"elementor-column elementor-col-33 elementor-top-column elementor-element elementor-element-8125839\" data-id=\"8125839\" data-element_type=\"column\" data-e-type=\"column\">\n\t\t\t<div class=\"elementor-widget-wrap elementor-element-populated\">\n\t\t\t\t\t\t<div class=\"elementor-element elementor-element-2653a37 elementor-widget elementor-widget-google_maps\" data-id=\"2653a37\" data-element_type=\"widget\" data-e-type=\"widget\" data-widget_type=\"google_maps.default\">\n\t\t\t\t<div class=\"elementor-widget-container\">\n\t\t\t\t\t\t\t<div class=\"elementor-custom-embed\">\n\t\t\t<iframe loading=\"lazy\"\n\t\t\t\t\tsrc=\"https:\/\/maps.google.com\/maps?q=Via%20IV%20Novembre%20n%20%C2%B0%2025%2C%2025010%20Limone%20Sul%20Garda%20BS%2C%20Italia&#038;t=m&#038;z=10&#038;output=embed&#038;iwloc=near\"\n\t\t\t\t\ttitle=\"Via IV Novembre n \u00b0 25, 25010 Limone Sul Garda BS, Italia\"\n\t\t\t\t\taria-label=\"Via IV Novembre n \u00b0 25, 25010 Limone Sul Garda BS, Italia\"\n\t\t\t><\/iframe>\n\t\t<\/div>\n\t\t\t\t\t\t<\/div>\n\t\t\t\t<\/div>\n\t\t\t\t\t<\/div>\n\t\t<\/div>\n\t\t\t\t\t<\/div>\n\t\t<\/section>\n\t\t\t\t<section class=\"elementor-section elementor-top-section elementor-element elementor-element-56599a8 elementor-section-boxed elementor-section-height-default elementor-section-height-default\" data-id=\"56599a8\" data-element_type=\"section\" data-e-type=\"section\">\n\t\t\t\t\t\t<div class=\"elementor-container elementor-column-gap-default\">\n\t\t\t\t\t\t<\/div>\n\t\t<\/section>\n\t\t\t\t<section class=\"elementor-section elementor-top-section elementor-element elementor-element-2a369be elementor-section-boxed elementor-section-height-default elementor-section-height-default\" data-id=\"2a369be\" data-element_type=\"section\" data-e-type=\"section\">\n\t\t\t\t\t\t<div class=\"elementor-container elementor-column-gap-default\">\n\t\t\t\t\t<div class=\"elementor-column elementor-col-100 elementor-top-column elementor-element elementor-element-c23870f\" data-id=\"c23870f\" data-element_type=\"column\" data-e-type=\"column\">\n\t\t\t<div class=\"elementor-widget-wrap elementor-element-populated\">\n\t\t\t\t\t\t<div class=\"elementor-element elementor-element-800895c elementor-widget elementor-widget-heading\" data-id=\"800895c\" data-element_type=\"widget\" data-e-type=\"widget\" data-widget_type=\"heading.default\">\n\t\t\t\t<div class=\"elementor-widget-container\">\n\t\t\t\t\t<h2 class=\"elementor-heading-title elementor-size-default\">Limone sul Garda noleggio bici: consigli utili<\/h2>\t\t\t\t<\/div>\n\t\t\t\t<\/div>\n\t\t\t\t<div class=\"elementor-element elementor-element-92096fa elementor-widget elementor-widget-text-editor\" data-id=\"92096fa\" data-element_type=\"widget\" data-e-type=\"widget\" data-widget_type=\"text-editor.default\">\n\t\t\t\t<div class=\"elementor-widget-container\">\n\t\t\t\t\t\t\t\t\t<p><span style=\"font-weight: 400;\">Prima di partire lungo la ciclabile di Limone del Garda, \u00e8 utile tenere a mente alcuni consigli pratici per goderti al meglio l&#8217;esperienza. Innanzitutto, assicurati di controllare lo stato delle tue biciclette o delle e-bike noleggiate prima di partire, per evitare inconvenienti lungo il percorso. Inoltre, \u00e8 sempre consigliabile portare con te una <\/span><b>borraccia d&#8217;acqua e uno snack leggero <\/b><span style=\"font-weight: 400;\">per idratarti e nutrirti durante il viaggio.\u00a0<\/span><\/p><p><span style=\"font-weight: 400;\">La ciclabile di Limone del Garda pu\u00f2 essere affollata durante i periodi di alta stagione, quindi \u00e8 consigliabile partire presto al mattino o optare per una visita nei giorni feriali per evitare le folle. Infine, non dimenticare di portare con te una mappa o un&#8217;applicazione di navigazione che ti aiuti a seguire il percorso e a scoprire i punti di interesse lungo il tragitto.<\/span><\/p>\t\t\t\t\t\t\t\t<\/div>\n\t\t\t\t<\/div>\n\t\t\t\t\t<\/div>\n\t\t<\/div>\n\t\t\t\t\t<\/div>\n\t\t<\/section>\n\t\t\t\t<section class=\"elementor-section elementor-top-section elementor-element elementor-element-1cde9be elementor-section-boxed elementor-section-height-default elementor-section-height-default\" data-id=\"1cde9be\" data-element_type=\"section\" data-e-type=\"section\">\n\t\t\t\t\t\t<div class=\"elementor-container elementor-column-gap-default\">\n\t\t\t\t\t<div class=\"elementor-column elementor-col-33 elementor-top-column elementor-element elementor-element-bb5eefa\" data-id=\"bb5eefa\" data-element_type=\"column\" data-e-type=\"column\">\n\t\t\t<div class=\"elementor-widget-wrap elementor-element-populated\">\n\t\t\t\t\t\t<div class=\"elementor-element elementor-element-2a9c1f1 elementor-widget elementor-widget-heading\" data-id=\"2a9c1f1\" data-element_type=\"widget\" data-e-type=\"widget\" data-widget_type=\"heading.default\">\n\t\t\t\t<div class=\"elementor-widget-container\">\n\t\t\t\t\t<h3 class=\"elementor-heading-title elementor-size-default\">Cosa visitare a Limone sul Garda lungo la pista<\/h3>\t\t\t\t<\/div>\n\t\t\t\t<\/div>\n\t\t\t\t<div class=\"elementor-element elementor-element-0ece2f2 elementor-widget elementor-widget-text-editor\" data-id=\"0ece2f2\" data-element_type=\"widget\" data-e-type=\"widget\" data-widget_type=\"text-editor.default\">\n\t\t\t\t<div class=\"elementor-widget-container\">\n\t\t\t\t\t\t\t\t\t<p>Una delle principali attrazioni lungo la ciclabile di Limone sul Garda \u00e8 sicuramente il suo splendido paesaggio naturale. La pista serpeggia attraverso rigogliosi boschi, uliveti e vigneti, offrendo viste spettacolari sul lago e sulle montagne circostanti. I ciclisti possono godere di una passeggiata rilassante immersi nella natura, con l&#8217;opportunit\u00e0 di fermarsi lungo il percorso per fare una pausa e ammirare i panorami mozzafiato.<\/p><p>Oltre alla bellezza naturale, la ciclabile di Limone sul Garda offre anche l&#8217;accesso a <b>diverse spiagge lungo il lago<\/b>. Ci sono punti in cui \u00e8 possibile scendere dalla pista e raggiungere la riva del lago per un tuffo rinfrescante o per prendere il sole. Queste spiagge sono perfette per rilassarsi dopo una pedalata o per fare una sosta per un picnic con la famiglia o gli amici.<\/p>\t\t\t\t\t\t\t\t<\/div>\n\t\t\t\t<\/div>\n\t\t\t\t\t<\/div>\n\t\t<\/div>\n\t\t\t\t<div class=\"elementor-column elementor-col-33 elementor-top-column elementor-element elementor-element-4719e52\" data-id=\"4719e52\" data-element_type=\"column\" data-e-type=\"column\">\n\t\t\t<div class=\"elementor-widget-wrap elementor-element-populated\">\n\t\t\t\t\t\t<div class=\"elementor-element elementor-element-01e93ec elementor-widget elementor-widget-text-editor\" data-id=\"01e93ec\" data-element_type=\"widget\" data-e-type=\"widget\" data-widget_type=\"text-editor.default\">\n\t\t\t\t<div class=\"elementor-widget-container\">\n\t\t\t\t\t\t\t\t\t<p><br><\/p><p><br><\/p><p><span style=\"color: var( --e-global-color-text ); font-family: var( --e-global-typography-text-font-family ), Sans-serif; font-weight: var( --e-global-typography-text-font-weight ); background-color: transparent;\">Lungo la ciclabile si possono trovare anche diversi ristoranti e caff\u00e8 che offrono deliziosi piatti locali e bevande rinfrescanti. I ciclisti possono fermarsi per gustare specialit\u00e0 italiane come la pizza, la pasta fresca e il gelato artigianale. Questi punti di ristoro offrono anche una vista panoramica sul lago, permettendo ai ciclisti di godersi un pasto o una bevanda mentre ammirano il paesaggio.<\/span><br><\/p>\n<p>Per coloro che sono interessati alla storia e alla cultura, lungo la ciclabile di Limone sul Garda si trovano anche alcune attrazioni culturali. Si possono visitare antichi borghi e castelli che raccontano la storia della regione. Ad esempio, il centro storico di Limone sul Garda \u00e8 un luogo affascinante con stradine acciottolate, case colorate e piccole chiese. I ciclisti possono fare una breve deviazione dalla pista per esplorare questi luoghi e immergersi nella tradizione locale.<\/p>\t\t\t\t\t\t\t\t<\/div>\n\t\t\t\t<\/div>\n\t\t\t\t\t<\/div>\n\t\t<\/div>\n\t\t\t\t<div class=\"elementor-column elementor-col-33 elementor-top-column elementor-element elementor-element-e055f3d\" data-id=\"e055f3d\" data-element_type=\"column\" data-e-type=\"column\">\n\t\t\t<div class=\"elementor-widget-wrap elementor-element-populated\">\n\t\t\t\t\t\t<div class=\"elementor-element elementor-element-fc38073 elementor-widget__width-initial elementor-widget elementor-widget-image\" data-id=\"fc38073\" data-element_type=\"widget\" data-e-type=\"widget\" data-widget_type=\"image.default\">\n\t\t\t\t<div class=\"elementor-widget-container\">\n\t\t\t\t\t\t\t\t\t\t\t\t\t\t\t<img decoding=\"async\" src=\"https:\/\/www.domusrental.com\/blog\/wp-content\/uploads\/2023\/06\/iStock-1199508118-1.jpg\" title=\"The picturesque town of Limone sul Garda, on Lake Garda. Province of Brescia, Lombardia, Italy.\" alt=\"The picturesque town of Limone sul Garda, on Lake Garda. Province of Brescia, Lombardia, Italy.\" loading=\"lazy\" \/>\t\t\t\t\t\t\t\t\t\t\t\t\t\t\t<\/div>\n\t\t\t\t<\/div>\n\t\t\t\t<div class=\"elementor-element elementor-element-38133c0 elementor-widget elementor-widget-text-editor\" data-id=\"38133c0\" data-element_type=\"widget\" data-e-type=\"widget\" data-widget_type=\"text-editor.default\">\n\t\t\t\t<div class=\"elementor-widget-container\">\n\t\t\t\t\t\t\t\t\t<p><span style=\"color: var( --e-global-color-text ); font-family: var( --e-global-typography-text-font-family ), Sans-serif; font-weight: var( --e-global-typography-text-font-weight ); background-color: transparent;\">Potresti considerare una sosta per esplorare il centro storico, visitare la<\/span><strong style=\"color: var( --e-global-color-text ); font-family: var( --e-global-typography-text-font-family ), Sans-serif; background-color: transparent;\"> Chiesa di San Benedetto<\/strong><span style=\"color: var( --e-global-color-text ); font-family: var( --e-global-typography-text-font-family ), Sans-serif; font-weight: var( --e-global-typography-text-font-weight ); background-color: transparent;\"> e gustare un gelato artigianale. Costruita nel XVIII secolo, questa chiesa barocca si distingue per il suo interno sontuoso, con decorazioni elaborate e un altare imponente.<\/span><\/p>\t\t\t\t\t\t\t\t<\/div>\n\t\t\t\t<\/div>\n\t\t\t\t\t<\/div>\n\t\t<\/div>\n\t\t\t\t\t<\/div>\n\t\t<\/section>\n\t\t\t\t<section class=\"elementor-section elementor-top-section elementor-element elementor-element-77df9b1 elementor-section-boxed elementor-section-height-default elementor-section-height-default\" data-id=\"77df9b1\" data-element_type=\"section\" data-e-type=\"section\">\n\t\t\t\t\t\t<div class=\"elementor-container elementor-column-gap-default\">\n\t\t\t\t\t\t<\/div>\n\t\t<\/section>\n\t\t\t\t<section class=\"elementor-section elementor-top-section elementor-element elementor-element-e7faf1c elementor-section-boxed elementor-section-height-default elementor-section-height-default\" data-id=\"e7faf1c\" data-element_type=\"section\" data-e-type=\"section\">\n\t\t\t\t\t\t<div class=\"elementor-container elementor-column-gap-default\">\n\t\t\t\t\t\t<\/div>\n\t\t<\/section>\n\t\t\t\t<section class=\"elementor-section elementor-top-section elementor-element elementor-element-294bf3a elementor-section-boxed elementor-section-height-default elementor-section-height-default\" data-id=\"294bf3a\" data-element_type=\"section\" data-e-type=\"section\">\n\t\t\t\t\t\t<div class=\"elementor-container elementor-column-gap-default\">\n\t\t\t\t\t\t<\/div>\n\t\t<\/section>\n\t\t\t\t<section class=\"elementor-section elementor-top-section elementor-element elementor-element-b29a41d elementor-section-boxed elementor-section-height-default elementor-section-height-default\" data-id=\"b29a41d\" data-element_type=\"section\" data-e-type=\"section\">\n\t\t\t\t\t\t<div class=\"elementor-container elementor-column-gap-default\">\n\t\t\t\t\t\t<\/div>\n\t\t<\/section>\n\t\t\t\t<section class=\"elementor-section elementor-top-section elementor-element elementor-element-c8d86aa elementor-section-boxed elementor-section-height-default elementor-section-height-default\" data-id=\"c8d86aa\" data-element_type=\"section\" data-e-type=\"section\">\n\t\t\t\t\t\t<div class=\"elementor-container elementor-column-gap-default\">\n\t\t\t\t\t\t<\/div>\n\t\t<\/section>\n\t\t\t\t<section class=\"elementor-section elementor-top-section elementor-element elementor-element-21927eb elementor-section-boxed elementor-section-height-default elementor-section-height-default\" data-id=\"21927eb\" data-element_type=\"section\" data-e-type=\"section\">\n\t\t\t\t\t\t<div class=\"elementor-container elementor-column-gap-default\">\n\t\t\t\t\t\t<\/div>\n\t\t<\/section>\n\t\t\t\t<section class=\"elementor-section elementor-top-section elementor-element elementor-element-219dfd9 elementor-section-boxed elementor-section-height-default elementor-section-height-default\" data-id=\"219dfd9\" data-element_type=\"section\" data-e-type=\"section\">\n\t\t\t\t\t\t<div class=\"elementor-container elementor-column-gap-default\">\n\t\t\t\t\t\t<\/div>\n\t\t<\/section>\n\t\t\t\t<section class=\"elementor-section elementor-top-section elementor-element elementor-element-401451d elementor-section-boxed elementor-section-height-default elementor-section-height-default\" data-id=\"401451d\" data-element_type=\"section\" data-e-type=\"section\">\n\t\t\t\t\t\t<div class=\"elementor-container elementor-column-gap-default\">\n\t\t\t\t\t\t<\/div>\n\t\t<\/section>\n\t\t\t\t<section class=\"elementor-section elementor-top-section elementor-element elementor-element-20dccd4 elementor-section-boxed elementor-section-height-default elementor-section-height-default\" data-id=\"20dccd4\" data-element_type=\"section\" data-e-type=\"section\">\n\t\t\t\t\t\t<div class=\"elementor-container elementor-column-gap-default\">\n\t\t\t\t\t\t<\/div>\n\t\t<\/section>\n\t\t\t\t<section class=\"elementor-section elementor-top-section elementor-element elementor-element-e1b4e80 elementor-section-boxed elementor-section-height-default elementor-section-height-default\" data-id=\"e1b4e80\" data-element_type=\"section\" data-e-type=\"section\">\n\t\t\t\t\t\t<div class=\"elementor-container elementor-column-gap-default\">\n\t\t\t\t\t\t<\/div>\n\t\t<\/section>\n\t\t\t\t<section class=\"elementor-section elementor-top-section elementor-element elementor-element-c7176ad elementor-section-boxed elementor-section-height-default elementor-section-height-default\" data-id=\"c7176ad\" data-element_type=\"section\" data-e-type=\"section\">\n\t\t\t\t\t\t<div class=\"elementor-container elementor-column-gap-default\">\n\t\t\t\t\t\t<\/div>\n\t\t<\/section>\n\t\t\t\t<section class=\"elementor-section elementor-top-section elementor-element elementor-element-d0a1775 elementor-section-boxed elementor-section-height-default elementor-section-height-default\" data-id=\"d0a1775\" data-element_type=\"section\" data-e-type=\"section\">\n\t\t\t\t\t\t<div class=\"elementor-container elementor-column-gap-default\">\n\t\t\t\t\t\t<\/div>\n\t\t<\/section>\n\t\t\t\t<section class=\"elementor-section elementor-top-section elementor-element elementor-element-6434780 elementor-section-boxed elementor-section-height-default elementor-section-height-default\" data-id=\"6434780\" data-element_type=\"section\" data-e-type=\"section\">\n\t\t\t\t\t\t<div class=\"elementor-container elementor-column-gap-default\">\n\t\t\t\t\t<div class=\"elementor-column elementor-col-100 elementor-top-column elementor-element elementor-element-221418f\" data-id=\"221418f\" data-element_type=\"column\" data-e-type=\"column\">\n\t\t\t<div class=\"elementor-widget-wrap elementor-element-populated\">\n\t\t\t\t\t\t<div class=\"elementor-element elementor-element-6978ec0 elementor-widget elementor-widget-heading\" data-id=\"6978ec0\" data-element_type=\"widget\" data-e-type=\"widget\" data-widget_type=\"heading.default\">\n\t\t\t\t<div class=\"elementor-widget-container\">\n\t\t\t\t\t<h3 class=\"elementor-heading-title elementor-size-default\">Dove mangiare a Limone sul Garda <\/h3>\t\t\t\t<\/div>\n\t\t\t\t<\/div>\n\t\t\t\t<div class=\"elementor-element elementor-element-cc2da85 elementor-widget elementor-widget-text-editor\" data-id=\"cc2da85\" data-element_type=\"widget\" data-e-type=\"widget\" data-widget_type=\"text-editor.default\">\n\t\t\t\t<div class=\"elementor-widget-container\">\n\t\t\t\t\t\t\t\t\t<p><span style=\"font-weight: 400;\">Durante il tuo viaggio lungo la ciclabile di Limone del Garda, avrai molte opportunit\u00e0 per gustare la deliziosa cucina locale. Lungo il percorso, troverai numerosi ristoranti, trattorie e chioschi che offrono specialit\u00e0 locali e piatti tradizionali. Potrai assaporare piatti a base di <\/span><b>pesce fresco<\/b><span style=\"font-weight: 400;\">, come trote o coregoni, accompagnati da verdure di stagione e olio extravergine d&#8217;oliva.\u00a0<\/span><span style=\"color: var( --e-global-color-text ); font-family: var( --e-global-typography-text-font-family ), Sans-serif; font-weight: var( --e-global-typography-text-font-weight ); background-color: transparent;\">I limoni sono diventati un simbolo di Limone sul Garda e una delle principali attrazioni turistiche della zona. I visitatori possono esplorare i <\/span><span style=\"color: var( --e-global-color-text ); font-family: var( --e-global-typography-text-font-family ), Sans-serif; background-color: transparent;\"><b>limonaie storiche<\/b><\/span><span style=\"color: var( --e-global-color-text ); font-family: var( --e-global-typography-text-font-family ), Sans-serif; font-weight: var( --e-global-typography-text-font-weight ); background-color: transparent;\">, partecipare a visite guidate per imparare di pi\u00f9 sulla coltivazione dei limoni e degustare prodotti a base di limone. Inoltre, i limoni sono spesso presenti nella gastronomia locale, arricchendo i piatti con il loro sapore unico e rinfrescante.<\/span><\/p><p><span style=\"color: var( --e-global-color-text ); font-family: var( --e-global-typography-text-font-family ), Sans-serif; font-weight: var( --e-global-typography-text-font-weight ); background-color: transparent;\">Se preferisci qualcosa di pi\u00f9 leggero, potresti optare per un pranzo al sacco con prodotti tipici, come formaggi, salumi e pane fatto in casa. Non mancano neanche le opzioni per soddisfare le tue voglie di dolcezza, con gelaterie e pasticcerie che offrono <\/span><span style=\"color: var( --e-global-color-text ); font-family: var( --e-global-typography-text-font-family ), Sans-serif; background-color: transparent;\"><b>gelati artigianali e dolci locali<\/b><\/span><span style=\"color: var( --e-global-color-text ); font-family: var( --e-global-typography-text-font-family ), Sans-serif; font-weight: var( --e-global-typography-text-font-weight ); background-color: transparent;\">.\u00a0<\/span><span style=\"color: var( --e-global-color-text ); font-family: var( --e-global-typography-text-font-family ), Sans-serif; font-weight: var( --e-global-typography-text-font-weight ); background-color: transparent;\">Approfitta di queste delizie culinarie lungo il tuo viaggio e goditi un&#8217;esperienza gastronomica indimenticabile.<\/span><\/p>\t\t\t\t\t\t\t\t<\/div>\n\t\t\t\t<\/div>\n\t\t\t\t\t<\/div>\n\t\t<\/div>\n\t\t\t\t\t<\/div>\n\t\t<\/section>\n\t\t\t\t<section class=\"elementor-section elementor-top-section elementor-element elementor-element-fdcbeda elementor-section-boxed elementor-section-height-default elementor-section-height-default\" data-id=\"fdcbeda\" data-element_type=\"section\" data-e-type=\"section\">\n\t\t\t\t\t\t<div class=\"elementor-container elementor-column-gap-default\">\n\t\t\t\t\t<div class=\"elementor-column elementor-col-33 elementor-top-column elementor-element elementor-element-9e0e435\" data-id=\"9e0e435\" data-element_type=\"column\" data-e-type=\"column\">\n\t\t\t<div class=\"elementor-widget-wrap elementor-element-populated\">\n\t\t\t\t\t\t<div class=\"elementor-element elementor-element-fb2837c elementor-widget elementor-widget-image\" data-id=\"fb2837c\" data-element_type=\"widget\" data-e-type=\"widget\" data-widget_type=\"image.default\">\n\t\t\t\t<div class=\"elementor-widget-container\">\n\t\t\t\t\t\t\t\t\t\t\t\t\t\t\t<img fetchpriority=\"high\" decoding=\"async\" width=\"768\" height=\"512\" src=\"https:\/\/www.domusrental.com\/blog\/wp-content\/uploads\/2023\/06\/iStock-503706314-1-768x512.jpg\" class=\"attachment-medium_large size-medium_large wp-image-259\" alt=\"\" srcset=\"https:\/\/www.domusrental.com\/blog\/wp-content\/uploads\/2023\/06\/iStock-503706314-1-768x512.jpg 768w, https:\/\/www.domusrental.com\/blog\/wp-content\/uploads\/2023\/06\/iStock-503706314-1-1536x1024.jpg 1536w, https:\/\/www.domusrental.com\/blog\/wp-content\/uploads\/2023\/06\/iStock-503706314-1-2048x1365.jpg 2048w\" sizes=\"(max-width: 768px) 100vw, 768px\" \/>\t\t\t\t\t\t\t\t\t\t\t\t\t\t\t<\/div>\n\t\t\t\t<\/div>\n\t\t\t\t\t<\/div>\n\t\t<\/div>\n\t\t\t\t<div class=\"elementor-column elementor-col-33 elementor-top-column elementor-element elementor-element-fd2d6b5\" data-id=\"fd2d6b5\" data-element_type=\"column\" data-e-type=\"column\">\n\t\t\t<div class=\"elementor-widget-wrap elementor-element-populated\">\n\t\t\t\t\t\t<div class=\"elementor-element elementor-element-5804291 elementor-widget elementor-widget-image\" data-id=\"5804291\" data-element_type=\"widget\" data-e-type=\"widget\" data-widget_type=\"image.default\">\n\t\t\t\t<div class=\"elementor-widget-container\">\n\t\t\t\t\t\t\t\t\t\t\t\t\t\t\t<img decoding=\"async\" width=\"768\" height=\"512\" src=\"https:\/\/www.domusrental.com\/blog\/wp-content\/uploads\/2023\/06\/iStock-1131497526-2-768x512.jpg\" class=\"attachment-medium_large size-medium_large wp-image-256\" alt=\"\" srcset=\"https:\/\/www.domusrental.com\/blog\/wp-content\/uploads\/2023\/06\/iStock-1131497526-2-768x512.jpg 768w, https:\/\/www.domusrental.com\/blog\/wp-content\/uploads\/2023\/06\/iStock-1131497526-2.jpg 1254w\" sizes=\"(max-width: 768px) 100vw, 768px\" \/>\t\t\t\t\t\t\t\t\t\t\t\t\t\t\t<\/div>\n\t\t\t\t<\/div>\n\t\t\t\t\t<\/div>\n\t\t<\/div>\n\t\t\t\t<div class=\"elementor-column elementor-col-33 elementor-top-column elementor-element elementor-element-a521535\" data-id=\"a521535\" data-element_type=\"column\" data-e-type=\"column\">\n\t\t\t<div class=\"elementor-widget-wrap elementor-element-populated\">\n\t\t\t\t\t\t<div class=\"elementor-element elementor-element-8a08821 elementor-widget elementor-widget-image\" data-id=\"8a08821\" data-element_type=\"widget\" data-e-type=\"widget\" data-widget_type=\"image.default\">\n\t\t\t\t<div class=\"elementor-widget-container\">\n\t\t\t\t\t\t\t\t\t\t\t\t\t\t\t<img decoding=\"async\" width=\"768\" height=\"512\" src=\"https:\/\/www.domusrental.com\/blog\/wp-content\/uploads\/2023\/06\/iStock-459001509-2-768x512.jpg\" class=\"attachment-medium_large size-medium_large wp-image-250\" alt=\"\" srcset=\"https:\/\/www.domusrental.com\/blog\/wp-content\/uploads\/2023\/06\/iStock-459001509-2-768x512.jpg 768w, https:\/\/www.domusrental.com\/blog\/wp-content\/uploads\/2023\/06\/iStock-459001509-2.jpg 1254w\" sizes=\"(max-width: 768px) 100vw, 768px\" \/>\t\t\t\t\t\t\t\t\t\t\t\t\t\t\t<\/div>\n\t\t\t\t<\/div>\n\t\t\t\t\t<\/div>\n\t\t<\/div>\n\t\t\t\t\t<\/div>\n\t\t<\/section>\n\t\t\t\t<section class=\"elementor-section elementor-top-section elementor-element elementor-element-e909cb2 elementor-section-boxed elementor-section-height-default elementor-section-height-default\" data-id=\"e909cb2\" data-element_type=\"section\" data-e-type=\"section\">\n\t\t\t\t\t\t<div class=\"elementor-container elementor-column-gap-default\">\n\t\t\t\t\t\t<\/div>\n\t\t<\/section>\n\t\t\t\t<section class=\"elementor-section elementor-top-section elementor-element elementor-element-53e3093 elementor-section-boxed elementor-section-height-default elementor-section-height-default\" data-id=\"53e3093\" data-element_type=\"section\" data-e-type=\"section\">\n\t\t\t\t\t\t<div class=\"elementor-container elementor-column-gap-default\">\n\t\t\t\t\t\t<\/div>\n\t\t<\/section>\n\t\t\t\t<section class=\"elementor-section elementor-top-section elementor-element elementor-element-38108f2 elementor-section-boxed elementor-section-height-default elementor-section-height-default\" data-id=\"38108f2\" data-element_type=\"section\" data-e-type=\"section\">\n\t\t\t\t\t\t<div class=\"elementor-container elementor-column-gap-default\">\n\t\t\t\t\t\t<\/div>\n\t\t<\/section>\n\t\t\t\t<section class=\"elementor-section elementor-top-section elementor-element elementor-element-fc02cd8 elementor-section-boxed elementor-section-height-default elementor-section-height-default\" data-id=\"fc02cd8\" data-element_type=\"section\" data-e-type=\"section\">\n\t\t\t\t\t\t<div class=\"elementor-container elementor-column-gap-default\">\n\t\t\t\t\t\t<\/div>\n\t\t<\/section>\n\t\t\t\t<section class=\"elementor-section elementor-top-section elementor-element elementor-element-78e2863 elementor-section-boxed elementor-section-height-default elementor-section-height-default\" data-id=\"78e2863\" data-element_type=\"section\" data-e-type=\"section\">\n\t\t\t\t\t\t<div class=\"elementor-container elementor-column-gap-default\">\n\t\t\t\t\t\t<\/div>\n\t\t<\/section>\n\t\t\t\t<section class=\"elementor-section elementor-top-section elementor-element elementor-element-472bd88 elementor-section-boxed elementor-section-height-default elementor-section-height-default\" data-id=\"472bd88\" data-element_type=\"section\" data-e-type=\"section\">\n\t\t\t\t\t\t<div class=\"elementor-container elementor-column-gap-default\">\n\t\t\t\t\t\t<\/div>\n\t\t<\/section>\n\t\t\t\t<section class=\"elementor-section elementor-top-section elementor-element elementor-element-4453201 elementor-section-boxed elementor-section-height-default elementor-section-height-default\" data-id=\"4453201\" data-element_type=\"section\" data-e-type=\"section\">\n\t\t\t\t\t\t<div class=\"elementor-container elementor-column-gap-default\">\n\t\t\t\t\t<div class=\"elementor-column elementor-col-100 elementor-top-column elementor-element elementor-element-eed0e46\" data-id=\"eed0e46\" data-element_type=\"column\" data-e-type=\"column\">\n\t\t\t<div class=\"elementor-widget-wrap elementor-element-populated\">\n\t\t\t\t\t\t<div class=\"elementor-element elementor-element-87acf5f elementor-widget elementor-widget-heading\" data-id=\"87acf5f\" data-element_type=\"widget\" data-e-type=\"widget\" data-widget_type=\"heading.default\">\n\t\t\t\t<div class=\"elementor-widget-container\">\n\t\t\t\t\t<h2 class=\"elementor-heading-title elementor-size-default\">Dove dormire a Lago di Garda e dintorni<\/h2>\t\t\t\t<\/div>\n\t\t\t\t<\/div>\n\t\t\t\t<div class=\"elementor-element elementor-element-9d009f6 elementor-widget elementor-widget-text-editor\" data-id=\"9d009f6\" data-element_type=\"widget\" data-e-type=\"widget\" data-widget_type=\"text-editor.default\">\n\t\t\t\t<div class=\"elementor-widget-container\">\n\t\t\t\t\t\t\t\t\t<p><span style=\"font-weight: 400;\">Se desideri prolungare la tua esperienza lungo la ciclabile di Limone del Garda, avrai diverse opzioni di alloggio nelle vicinanze. Godi di una vasta scelta di case vacanza, appartamenti e <a href=\"https:\/\/www.domusrental.com\/it\/\">ville in affitto sul Lago di Garda<\/a> che si adattano a tutti i gusti e budget. Molti di questi alloggi si trovano a breve distanza dalla ciclabile, consentendoti di raggiungerla comodamente a piedi o in bicicletta. Potresti optare per un alloggio con vista sul lago, dove potrai goderti panorami spettacolari e servizi di qualit\u00e0. Se preferisci un&#8217;atmosfera pi\u00f9 intima, potresti scegliere una villa con piscina o un appartamento vacanza nel centro storico di Limone sul Garda, immergendoti nell&#8217;atmosfera autentica del borgo.<\/span><\/p><p><b>Domus Rental <\/b>ti offre una variet\u00e0 di alloggi con piscina, vista lago nel pieno dei comfort. Tra cui:<\/p>\t\t\t\t\t\t\t\t<\/div>\n\t\t\t\t<\/div>\n\t\t\t\t\t<\/div>\n\t\t<\/div>\n\t\t\t\t\t<\/div>\n\t\t<\/section>\n\t\t\t\t<section class=\"elementor-section elementor-top-section elementor-element elementor-element-7150ddb elementor-section-boxed elementor-section-height-default elementor-section-height-default\" data-id=\"7150ddb\" data-element_type=\"section\" data-e-type=\"section\">\n\t\t\t\t\t\t<div class=\"elementor-container elementor-column-gap-default\">\n\t\t\t\t\t<div class=\"elementor-column elementor-col-25 elementor-top-column elementor-element elementor-element-fa195e5\" data-id=\"fa195e5\" data-element_type=\"column\" data-e-type=\"column\">\n\t\t\t<div class=\"elementor-widget-wrap elementor-element-populated\">\n\t\t\t\t\t\t<div class=\"elementor-element elementor-element-dc3a5ab elementor-cta--skin-cover elementor-cta--valign-bottom elementor-animated-content elementor-bg-transform elementor-bg-transform-zoom-in elementor-widget elementor-widget-call-to-action\" data-id=\"dc3a5ab\" data-element_type=\"widget\" data-e-type=\"widget\" data-widget_type=\"call-to-action.default\">\n\t\t\t\t<div class=\"elementor-widget-container\">\n\t\t\t\t\t\t\t<a class=\"elementor-cta\" href=\"https:\/\/www.domusrental.com\/it\/affitti\/affitti-limone-sul-garda-d57253\/\">\n\t\t\t\t\t<div class=\"elementor-cta__bg-wrapper\">\n\t\t\t\t<div class=\"elementor-cta__bg elementor-bg\" style=\"background-image: url(https:\/\/www.domusrental.com\/blog\/wp-content\/uploads\/2023\/06\/iStock-1140153447.jpg);\" role=\"img\" aria-label=\"Panorama of Limone sul Garda, lake Garda, Italy in summer\"><\/div>\n\t\t\t\t<div class=\"elementor-cta__bg-overlay\"><\/div>\n\t\t\t<\/div>\n\t\t\t\t\t\t\t<div class=\"elementor-cta__content\">\n\t\t\t\t\n\t\t\t\t\t\t\t\t\t<h2 class=\"elementor-cta__title elementor-cta__content-item elementor-content-item elementor-animated-item--grow\">\n\t\t\t\t\t\tLimone sul Garda\t\t\t\t\t<\/h2>\n\t\t\t\t\n\t\t\t\t\t\t\t\t\t<div class=\"elementor-cta__description elementor-cta__content-item elementor-content-item elementor-animated-item--grow\">\n\t\t\t\t\t\tVille con piscina Garda\t\t\t\t\t<\/div>\n\t\t\t\t\n\t\t\t\t\t\t\t\t\t<div class=\"elementor-cta__button-wrapper elementor-cta__content-item elementor-content-item elementor-animated-item--grow\">\n\t\t\t\t\t<span class=\"elementor-cta__button elementor-button elementor-size-\">\n\t\t\t\t\t\tVisualizza\t\t\t\t\t<\/span>\n\t\t\t\t\t<\/div>\n\t\t\t\t\t\t\t<\/div>\n\t\t\t\t\t\t<\/a>\n\t\t\t\t\t\t<\/div>\n\t\t\t\t<\/div>\n\t\t\t\t\t<\/div>\n\t\t<\/div>\n\t\t\t\t<div class=\"elementor-column elementor-col-25 elementor-top-column elementor-element elementor-element-9c89438\" data-id=\"9c89438\" data-element_type=\"column\" data-e-type=\"column\">\n\t\t\t<div class=\"elementor-widget-wrap elementor-element-populated\">\n\t\t\t\t\t\t<div class=\"elementor-element elementor-element-e13ca50 elementor-cta--skin-cover elementor-cta--valign-bottom elementor-animated-content elementor-bg-transform elementor-bg-transform-zoom-in elementor-widget elementor-widget-call-to-action\" data-id=\"e13ca50\" data-element_type=\"widget\" data-e-type=\"widget\" data-widget_type=\"call-to-action.default\">\n\t\t\t\t<div class=\"elementor-widget-container\">\n\t\t\t\t\t\t\t<a class=\"elementor-cta\" href=\"https:\/\/www.domusrental.com\/it\/affitti\/affitti-malcesine-d66742\/\">\n\t\t\t\t\t<div class=\"elementor-cta__bg-wrapper\">\n\t\t\t\t<div class=\"elementor-cta__bg elementor-bg\" style=\"background-image: url(https:\/\/www.domusrental.com\/blog\/wp-content\/uploads\/2023\/06\/iStock-824016700.jpg);\" role=\"img\" aria-label=\"Travel and landmarks of Italy . Scenic lake Lago di Garda\"><\/div>\n\t\t\t\t<div class=\"elementor-cta__bg-overlay\"><\/div>\n\t\t\t<\/div>\n\t\t\t\t\t\t\t<div class=\"elementor-cta__content\">\n\t\t\t\t\n\t\t\t\t\t\t\t\t\t<h2 class=\"elementor-cta__title elementor-cta__content-item elementor-content-item elementor-animated-item--grow\">\n\t\t\t\t\t\tMalcesine\t\t\t\t\t<\/h2>\n\t\t\t\t\n\t\t\t\t\t\t\t\t\t<div class=\"elementor-cta__description elementor-cta__content-item elementor-content-item elementor-animated-item--grow\">\n\t\t\t\t\t\tAppartamenti a Malcesine per vacanza\t\t\t\t\t<\/div>\n\t\t\t\t\n\t\t\t\t\t\t\t\t\t<div class=\"elementor-cta__button-wrapper elementor-cta__content-item elementor-content-item elementor-animated-item--grow\">\n\t\t\t\t\t<span class=\"elementor-cta__button elementor-button elementor-size-\">\n\t\t\t\t\t\tVisualizza\t\t\t\t\t<\/span>\n\t\t\t\t\t<\/div>\n\t\t\t\t\t\t\t<\/div>\n\t\t\t\t\t\t<\/a>\n\t\t\t\t\t\t<\/div>\n\t\t\t\t<\/div>\n\t\t\t\t\t<\/div>\n\t\t<\/div>\n\t\t\t\t<div class=\"elementor-column elementor-col-25 elementor-top-column elementor-element elementor-element-cc150cc\" data-id=\"cc150cc\" data-element_type=\"column\" data-e-type=\"column\">\n\t\t\t<div class=\"elementor-widget-wrap elementor-element-populated\">\n\t\t\t\t\t\t<div class=\"elementor-element elementor-element-1e345ee elementor-cta--skin-cover elementor-cta--valign-bottom elementor-animated-content elementor-bg-transform elementor-bg-transform-zoom-in elementor-widget elementor-widget-call-to-action\" data-id=\"1e345ee\" data-element_type=\"widget\" data-e-type=\"widget\" data-widget_type=\"call-to-action.default\">\n\t\t\t\t<div class=\"elementor-widget-container\">\n\t\t\t\t\t\t\t<a class=\"elementor-cta\" href=\"https:\/\/www.domusrental.com\/it\/affitti\/affitti-costermano-d66701\/\">\n\t\t\t\t\t<div class=\"elementor-cta__bg-wrapper\">\n\t\t\t\t<div class=\"elementor-cta__bg elementor-bg\" style=\"background-image: url(https:\/\/www.domusrental.com\/blog\/wp-content\/uploads\/2023\/06\/iStock-1383408211.jpg);\" role=\"img\" aria-label=\"costermano\"><\/div>\n\t\t\t\t<div class=\"elementor-cta__bg-overlay\"><\/div>\n\t\t\t<\/div>\n\t\t\t\t\t\t\t<div class=\"elementor-cta__content\">\n\t\t\t\t\n\t\t\t\t\t\t\t\t\t<h2 class=\"elementor-cta__title elementor-cta__content-item elementor-content-item elementor-animated-item--grow\">\n\t\t\t\t\t\tCostermano\t\t\t\t\t<\/h2>\n\t\t\t\t\n\t\t\t\t\t\t\t\t\t<div class=\"elementor-cta__description elementor-cta__content-item elementor-content-item elementor-animated-item--grow\">\n\t\t\t\t\t\tAppartamenti in affitto a Costermano sul Garda\t\t\t\t\t<\/div>\n\t\t\t\t\n\t\t\t\t\t\t\t\t\t<div class=\"elementor-cta__button-wrapper elementor-cta__content-item elementor-content-item elementor-animated-item--grow\">\n\t\t\t\t\t<span class=\"elementor-cta__button elementor-button elementor-size-\">\n\t\t\t\t\t\tVisualizza\t\t\t\t\t<\/span>\n\t\t\t\t\t<\/div>\n\t\t\t\t\t\t\t<\/div>\n\t\t\t\t\t\t<\/a>\n\t\t\t\t\t\t<\/div>\n\t\t\t\t<\/div>\n\t\t\t\t\t<\/div>\n\t\t<\/div>\n\t\t\t\t<div class=\"elementor-column elementor-col-25 elementor-top-column elementor-element elementor-element-978a6cf\" data-id=\"978a6cf\" data-element_type=\"column\" data-e-type=\"column\">\n\t\t\t<div class=\"elementor-widget-wrap elementor-element-populated\">\n\t\t\t\t\t\t<div class=\"elementor-element elementor-element-1267fb5 elementor-cta--skin-cover elementor-cta--valign-bottom elementor-animated-content elementor-bg-transform elementor-bg-transform-zoom-in elementor-widget elementor-widget-call-to-action\" data-id=\"1267fb5\" data-element_type=\"widget\" data-e-type=\"widget\" data-widget_type=\"call-to-action.default\">\n\t\t\t\t<div class=\"elementor-widget-container\">\n\t\t\t\t\t\t\t<a class=\"elementor-cta\" href=\"https:\/\/www.domusrental.com\/it\/affitti\/affitti-torri-del-benaco-d66838\/\">\n\t\t\t\t\t<div class=\"elementor-cta__bg-wrapper\">\n\t\t\t\t<div class=\"elementor-cta__bg elementor-bg\" style=\"background-image: url(https:\/\/www.domusrental.com\/blog\/wp-content\/uploads\/2023\/06\/iStock-1288476929.jpg);\" role=\"img\" aria-label=\"Torri Del Benaco, Lake Garda, Italy - September 2018:  Two people walking on the side of the small harbour in Torri del Benaco  on Lake Garda\"><\/div>\n\t\t\t\t<div class=\"elementor-cta__bg-overlay\"><\/div>\n\t\t\t<\/div>\n\t\t\t\t\t\t\t<div class=\"elementor-cta__content\">\n\t\t\t\t\n\t\t\t\t\t\t\t\t\t<h2 class=\"elementor-cta__title elementor-cta__content-item elementor-content-item elementor-animated-item--grow\">\n\t\t\t\t\t\tTorri del Benaco\t\t\t\t\t<\/h2>\n\t\t\t\t\n\t\t\t\t\t\t\t\t\t<div class=\"elementor-cta__description elementor-cta__content-item elementor-content-item elementor-animated-item--grow\">\n\t\t\t\t\t\tVilla vista lago Torri del Benaco\t\t\t\t\t<\/div>\n\t\t\t\t\n\t\t\t\t\t\t\t\t\t<div class=\"elementor-cta__button-wrapper elementor-cta__content-item elementor-content-item elementor-animated-item--grow\">\n\t\t\t\t\t<span class=\"elementor-cta__button elementor-button elementor-size-\">\n\t\t\t\t\t\tVisualizza\t\t\t\t\t<\/span>\n\t\t\t\t\t<\/div>\n\t\t\t\t\t\t\t<\/div>\n\t\t\t\t\t\t<\/a>\n\t\t\t\t\t\t<\/div>\n\t\t\t\t<\/div>\n\t\t\t\t\t<\/div>\n\t\t<\/div>\n\t\t\t\t\t<\/div>\n\t\t<\/section>\n\t\t\t\t<section class=\"elementor-section elementor-top-section elementor-element elementor-element-1237eb7 elementor-section-boxed elementor-section-height-default elementor-section-height-default\" data-id=\"1237eb7\" data-element_type=\"section\" data-e-type=\"section\">\n\t\t\t\t\t\t<div class=\"elementor-container elementor-column-gap-default\">\n\t\t\t\t\t<div class=\"elementor-column elementor-col-100 elementor-top-column elementor-element elementor-element-7535a9c\" data-id=\"7535a9c\" data-element_type=\"column\" data-e-type=\"column\">\n\t\t\t<div class=\"elementor-widget-wrap elementor-element-populated\">\n\t\t\t\t\t\t<div class=\"elementor-element elementor-element-f692ad3 elementor-widget elementor-widget-heading\" data-id=\"f692ad3\" data-element_type=\"widget\" data-e-type=\"widget\" data-widget_type=\"heading.default\">\n\t\t\t\t<div class=\"elementor-widget-container\">\n\t\t\t\t\t<h3 class=\"elementor-heading-title elementor-size-default\"><a href=\"http:\/\/Via%20IV%20Novembre,%2025010%20Limone%20sul%20Garda%20BS,%20Italia\">Pronti, partenza, via...<\/a><\/h3>\t\t\t\t<\/div>\n\t\t\t\t<\/div>\n\t\t\t\t<div class=\"elementor-element elementor-element-ff064a8 elementor-widget elementor-widget-text-editor\" data-id=\"ff064a8\" data-element_type=\"widget\" data-e-type=\"widget\" data-widget_type=\"text-editor.default\">\n\t\t\t\t<div class=\"elementor-widget-container\">\n\t\t\t\t\t\t\t\t\t<p><span style=\"font-weight: 400;\">La ciclabile di Limone del Garda offre un&#8217;esperienza eccezionale per gli amanti della natura e degli sport all&#8217;aperto. Con i servizi di noleggio biciclette Limone sul Garda, \u00e8 facile esplorare la pista ciclabile in modo autonomo e divertente. Seguendo i consigli utili, potrai goderti appieno il percorso e scoprire le bellezze naturali e le attrazioni lungo il tragitto. Non dimenticare di pianificare il tuo percorso in base alle zone di attrazione che desideri visitare e di prenotare un alloggio accogliente e confortevole per riposarti dopo una giornata in sella alla bicicletta. Infine, assapora la cucina locale lungo la ciclabile, assaggiando i piatti tradizionali e sorseggiando un bicchiere di vino mentre ammiri il meraviglioso panorama del Lago di Garda.<\/span><\/p><p><span style=\"font-weight: 400;\">La pista ciclabile di Limone del Garda \u00e8 anche un luogo ideale per semplicemente rilassarsi e godere della <\/span><b>tranquillit\u00e0 e della bellezza del paesaggio<\/b><span style=\"font-weight: 400;\">. Ci si pu\u00f2 sedere su una panchina lungo il percorso e ammirare il lago e le montagne circostanti, lasciandosi avvolgere dalla calma e dalla serenit\u00e0 che caratterizzano questa destinazione.<\/span><\/p>\t\t\t\t\t\t\t\t<\/div>\n\t\t\t\t<\/div>\n\t\t\t\t\t<\/div>\n\t\t<\/div>\n\t\t\t\t\t<\/div>\n\t\t<\/section>\n\t\t\t\t<section class=\"elementor-section elementor-top-section elementor-element elementor-element-ae46ce0 elementor-section-boxed elementor-section-height-default elementor-section-height-default\" data-id=\"ae46ce0\" data-element_type=\"section\" data-e-type=\"section\">\n\t\t\t\t\t\t<div class=\"elementor-container elementor-column-gap-default\">\n\t\t\t\t\t<div class=\"elementor-column elementor-col-100 elementor-top-column elementor-element elementor-element-3fb6fdc\" data-id=\"3fb6fdc\" data-element_type=\"column\" data-e-type=\"column\">\n\t\t\t<div class=\"elementor-widget-wrap elementor-element-populated\">\n\t\t\t\t\t\t<div class=\"elementor-element elementor-element-78b1bba elementor-view-framed elementor-shape-circle elementor-widget elementor-widget-icon\" data-id=\"78b1bba\" data-element_type=\"widget\" data-e-type=\"widget\" data-widget_type=\"icon.default\">\n\t\t\t\t<div class=\"elementor-widget-container\">\n\t\t\t\t\t\t\t<div class=\"elementor-icon-wrapper\">\n\t\t\t<div class=\"elementor-icon\">\n\t\t\t<i aria-hidden=\"true\" class=\"fas fa-walking\"><\/i>\t\t\t<\/div>\n\t\t<\/div>\n\t\t\t\t\t\t<\/div>\n\t\t\t\t<\/div>\n\t\t\t\t\t<\/div>\n\t\t<\/div>\n\t\t\t\t\t<\/div>\n\t\t<\/section>\n\t\t\t\t<section class=\"elementor-section elementor-top-section elementor-element elementor-element-8ce8f56 elementor-section-boxed elementor-section-height-default elementor-section-height-default\" data-id=\"8ce8f56\" data-element_type=\"section\" data-e-type=\"section\">\n\t\t\t\t\t\t<div class=\"elementor-container elementor-column-gap-default\">\n\t\t\t\t\t<div class=\"elementor-column elementor-col-100 elementor-top-column elementor-element elementor-element-0e687c3\" data-id=\"0e687c3\" data-element_type=\"column\" data-e-type=\"column\">\n\t\t\t<div class=\"elementor-widget-wrap elementor-element-populated\">\n\t\t\t\t\t\t<div class=\"elementor-element elementor-element-4054d07 elementor-widget__width-initial elementor-widget elementor-widget-heading\" data-id=\"4054d07\" data-element_type=\"widget\" data-e-type=\"widget\" data-widget_type=\"heading.default\">\n\t\t\t\t<div class=\"elementor-widget-container\">\n\t\t\t\t\t<h2 class=\"elementor-heading-title elementor-size-default\">Ciclopedonale Limone sul Garda<\/h2>\t\t\t\t<\/div>\n\t\t\t\t<\/div>\n\t\t\t\t\t<\/div>\n\t\t<\/div>\n\t\t\t\t\t<\/div>\n\t\t<\/section>\n\t\t\t\t<section class=\"elementor-section elementor-top-section elementor-element elementor-element-5567967 elementor-section-boxed elementor-section-height-default elementor-section-height-default\" data-id=\"5567967\" data-element_type=\"section\" data-e-type=\"section\">\n\t\t\t\t\t\t<div class=\"elementor-container elementor-column-gap-default\">\n\t\t\t\t\t<div class=\"elementor-column elementor-col-100 elementor-top-column elementor-element elementor-element-1538719\" data-id=\"1538719\" data-element_type=\"column\" data-e-type=\"column\">\n\t\t\t<div class=\"elementor-widget-wrap elementor-element-populated\">\n\t\t\t\t\t\t<div class=\"elementor-element elementor-element-eea68f5 elementor-widget elementor-widget-text-editor\" data-id=\"eea68f5\" data-element_type=\"widget\" data-e-type=\"widget\" data-widget_type=\"text-editor.default\">\n\t\t\t\t<div class=\"elementor-widget-container\">\n\t\t\t\t\t\t\t\t\t<p>Limone sul Garda offre anche una bella pista pedonale che si estende lungo la riva del lago, consentendo ai visitatori di godersi una piacevole passeggiata con panorami spettacolari. La pista pedonale segue il percorso della ciclabile di Limone sul Garda e offre un&#8217;opportunit\u00e0 per esplorare la zona a piedi senza il disturbo del traffico veicolare. Ecco alcune informazioni sulla pista pedonale di Limone sul Garda:<\/p><p>La pista pedonale di Limone sul Garda \u00e8 ben segnalata e <b>facilmente accessibile<\/b>. Inizia dal centro della citt\u00e0 e si estende lungo la riva del lago in entrambe le direzioni. Potete scegliere di percorrere la pista in direzione nord verso Riva del Garda o in direzione sud verso Malcesine, a seconda delle vostre preferenze.<\/p><p>Durante la passeggiata lungo la pista pedonale, potrete ammirare il lago azzurro cobalto, le montagne circostanti e i pittoreschi paesaggi naturali. Lungo il percorso, troverete anche diverse spiagge pubbliche e stabilimenti balneari dove potrete fare una pausa e rilassarvi.<\/p>\t\t\t\t\t\t\t\t<\/div>\n\t\t\t\t<\/div>\n\t\t\t\t\t<\/div>\n\t\t<\/div>\n\t\t\t\t\t<\/div>\n\t\t<\/section>\n\t\t\t\t<section class=\"elementor-section elementor-top-section elementor-element elementor-element-43a3818 elementor-section-boxed elementor-section-height-default elementor-section-height-default\" data-id=\"43a3818\" data-element_type=\"section\" data-e-type=\"section\">\n\t\t\t\t\t\t<div class=\"elementor-container elementor-column-gap-default\">\n\t\t\t\t\t<div class=\"elementor-column elementor-col-100 elementor-top-column elementor-element elementor-element-7c5ecb3\" data-id=\"7c5ecb3\" data-element_type=\"column\" data-e-type=\"column\">\n\t\t\t<div class=\"elementor-widget-wrap elementor-element-populated\">\n\t\t\t\t\t\t<div class=\"elementor-element elementor-element-4b94c1c elementor-widget elementor-widget-image\" data-id=\"4b94c1c\" data-element_type=\"widget\" data-e-type=\"widget\" data-widget_type=\"image.default\">\n\t\t\t\t<div class=\"elementor-widget-container\">\n\t\t\t\t\t\t\t\t\t\t\t\t\t\t\t<img loading=\"lazy\" decoding=\"async\" width=\"788\" height=\"443\" src=\"https:\/\/www.domusrental.com\/blog\/wp-content\/uploads\/2023\/06\/iStock-1437005534.jpg\" class=\"attachment-full size-full wp-image-292\" alt=\"\" srcset=\"https:\/\/www.domusrental.com\/blog\/wp-content\/uploads\/2023\/06\/iStock-1437005534.jpg 788w, https:\/\/www.domusrental.com\/blog\/wp-content\/uploads\/2023\/06\/iStock-1437005534-768x432.jpg 768w\" sizes=\"(max-width: 788px) 100vw, 788px\" \/>\t\t\t\t\t\t\t\t\t\t\t\t\t\t\t<\/div>\n\t\t\t\t<\/div>\n\t\t\t\t<div class=\"elementor-element elementor-element-b9e6a67 elementor-widget elementor-widget-text-editor\" data-id=\"b9e6a67\" data-element_type=\"widget\" data-e-type=\"widget\" data-widget_type=\"text-editor.default\">\n\t\t\t\t<div class=\"elementor-widget-container\">\n\t\t\t\t\t\t\t\t\t<p>La pista pedonale \u00e8 ben tenuta e offre un terreno piatto e accessibile, rendendola adatta a persone di tutte le et\u00e0 e abilit\u00e0. \u00c8 un&#8217;ottima opportunit\u00e0 per trascorrere del tempo all&#8217;aria aperta, fare una passeggiata tranquilla, fare jogging o semplicemente godersi la vista panoramica.<\/p><p>Lungo la pista pedonale di Limone sul Garda, troverete anche punti di ristoro, bar e caffetterie dove potrete fermarvi per un drink o uno snack. Questi luoghi offrono un&#8217;atmosfera piacevole e spesso si affacciano sul lago, permettendovi di godervi una pausa rinfrescante mentre ammirate il panorama.<\/p><p>Durante la stagione estiva, la pista pedonale pu\u00f2 diventare pi\u00f9 affollata, specialmente nei week-end. Se preferite una <b>passeggiata pi\u00f9 tranquilla<\/b>, potreste considerare di visitare la zona durante i giorni feriali o nelle ore meno frequentate della giornata.<\/p><p>In generale, la pista pedonale di Limone sul Garda offre un&#8217;esperienza incantevole per gli amanti della natura e coloro che desiderano esplorare il lago a piedi. Vi consiglio di indossare scarpe comode e portare con voi acqua e protezione solare per godervi al meglio la passeggiata lungo questa splendida pista pedonale.<\/p>\t\t\t\t\t\t\t\t<\/div>\n\t\t\t\t<\/div>\n\t\t\t\t\t<\/div>\n\t\t<\/div>\n\t\t\t\t\t<\/div>\n\t\t<\/section>\n\t\t\t\t<\/div>\n\t\t","protected":false},"excerpt":{"rendered":"<p>Ciclabile Limone sul Garda: come nasce La ciclabile del Garda, lunga due chilometri e mezzo, si estende tra le localit\u00e0 di Limone sul Garda e Capo Reamol, regalando ai visitatori uno spettacolare panorama sul lago da un lato e sulle imponenti montagne dall&#8217;altro. Questa breve tratta fa parte di un progetto pi\u00f9 ampio, la pista [&hellip;]<\/p>\n","protected":false},"author":2,"featured_media":189,"comment_status":"open","ping_status":"closed","sticky":false,"template":"","format":"standard","meta":{"footnotes":""},"categories":[60],"tags":[],"class_list":["post-187","post","type-post","status-publish","format-standard","has-post-thumbnail","hentry","category-esperienze-lago-di-garda"],"yoast_head":"<!-- This site is optimized with the Yoast SEO plugin v27.5 - https:\/\/yoast.com\/product\/yoast-seo-wordpress\/ -->\n<title>Pista Ciclabile Limone sul Garda<\/title>\n<meta name=\"description\" content=\"Pista ciclabile a Limone sul Garda: Arrivo, attivit\u00e0, cibo e alloggio. Consigli utili per la tua vacanza sul Lago di Garda.\" \/>\n<meta name=\"robots\" content=\"index, follow, max-snippet:-1, max-image-preview:large, max-video-preview:-1\" \/>\n<link rel=\"canonical\" href=\"https:\/\/www.domusrental.com\/blog\/it\/pista-ciclabile-limone-sul-garda\/\" \/>\n<meta property=\"og:locale\" content=\"it_IT\" \/>\n<meta property=\"og:type\" content=\"article\" \/>\n<meta property=\"og:title\" content=\"Pista Ciclabile Limone sul Garda\" \/>\n<meta property=\"og:description\" content=\"Pista ciclabile a Limone sul Garda: Arrivo, attivit\u00e0, cibo e alloggio. Consigli utili per la tua vacanza sul Lago di Garda.\" \/>\n<meta property=\"og:url\" content=\"https:\/\/www.domusrental.com\/blog\/it\/pista-ciclabile-limone-sul-garda\/\" \/>\n<meta property=\"og:site_name\" content=\"Blog | Domus Rental\" \/>\n<meta property=\"article:publisher\" content=\"https:\/\/www.facebook.com\/domusrental\" \/>\n<meta property=\"article:published_time\" content=\"2023-06-29T15:15:06+00:00\" \/>\n<meta property=\"article:modified_time\" content=\"2025-01-21T15:15:00+00:00\" \/>\n<meta property=\"og:image\" content=\"https:\/\/www.domusrental.com\/blog\/wp-content\/uploads\/2023\/06\/iStock-1352524979.jpg\" \/>\n\t<meta property=\"og:image:width\" content=\"1255\" \/>\n\t<meta property=\"og:image:height\" content=\"835\" \/>\n\t<meta property=\"og:image:type\" content=\"image\/jpeg\" \/>\n<meta name=\"author\" content=\"digitalservices\" \/>\n<meta name=\"twitter:card\" content=\"summary_large_image\" \/>\n<meta name=\"twitter:creator\" content=\"@DomusRental\" \/>\n<meta name=\"twitter:site\" content=\"@DomusRental\" \/>\n<meta name=\"twitter:label1\" content=\"Scritto da\" \/>\n\t<meta name=\"twitter:data1\" content=\"digitalservices\" \/>\n\t<meta name=\"twitter:label2\" content=\"Tempo di lettura stimato\" \/>\n\t<meta name=\"twitter:data2\" content=\"10 minuti\" \/>\n<script type=\"application\/ld+json\" class=\"yoast-schema-graph\">{\"@context\":\"https:\\\/\\\/schema.org\",\"@graph\":[{\"@type\":\"Article\",\"@id\":\"https:\\\/\\\/www.domusrental.com\\\/blog\\\/it\\\/pista-ciclabile-limone-sul-garda\\\/#article\",\"isPartOf\":{\"@id\":\"https:\\\/\\\/www.domusrental.com\\\/blog\\\/it\\\/pista-ciclabile-limone-sul-garda\\\/\"},\"author\":{\"name\":\"digitalservices\",\"@id\":\"https:\\\/\\\/www.domusrental.com\\\/blog\\\/#\\\/schema\\\/person\\\/4704eef53d63fc41b94477baca3572f8\"},\"headline\":\"Pista ciclabile Limone sul Garda\",\"datePublished\":\"2023-06-29T15:15:06+00:00\",\"dateModified\":\"2025-01-21T15:15:00+00:00\",\"mainEntityOfPage\":{\"@id\":\"https:\\\/\\\/www.domusrental.com\\\/blog\\\/it\\\/pista-ciclabile-limone-sul-garda\\\/\"},\"wordCount\":1664,\"commentCount\":0,\"publisher\":{\"@id\":\"https:\\\/\\\/www.domusrental.com\\\/blog\\\/#organization\"},\"image\":{\"@id\":\"https:\\\/\\\/www.domusrental.com\\\/blog\\\/it\\\/pista-ciclabile-limone-sul-garda\\\/#primaryimage\"},\"thumbnailUrl\":\"https:\\\/\\\/www.domusrental.com\\\/blog\\\/wp-content\\\/uploads\\\/2023\\\/06\\\/iStock-1352524979.jpg\",\"articleSection\":[\"Esperienze\"],\"inLanguage\":\"it-IT\",\"potentialAction\":[{\"@type\":\"CommentAction\",\"name\":\"Comment\",\"target\":[\"https:\\\/\\\/www.domusrental.com\\\/blog\\\/it\\\/pista-ciclabile-limone-sul-garda\\\/#respond\"]}]},{\"@type\":\"WebPage\",\"@id\":\"https:\\\/\\\/www.domusrental.com\\\/blog\\\/it\\\/pista-ciclabile-limone-sul-garda\\\/\",\"url\":\"https:\\\/\\\/www.domusrental.com\\\/blog\\\/it\\\/pista-ciclabile-limone-sul-garda\\\/\",\"name\":\"Pista Ciclabile Limone sul Garda\",\"isPartOf\":{\"@id\":\"https:\\\/\\\/www.domusrental.com\\\/blog\\\/#website\"},\"primaryImageOfPage\":{\"@id\":\"https:\\\/\\\/www.domusrental.com\\\/blog\\\/it\\\/pista-ciclabile-limone-sul-garda\\\/#primaryimage\"},\"image\":{\"@id\":\"https:\\\/\\\/www.domusrental.com\\\/blog\\\/it\\\/pista-ciclabile-limone-sul-garda\\\/#primaryimage\"},\"thumbnailUrl\":\"https:\\\/\\\/www.domusrental.com\\\/blog\\\/wp-content\\\/uploads\\\/2023\\\/06\\\/iStock-1352524979.jpg\",\"datePublished\":\"2023-06-29T15:15:06+00:00\",\"dateModified\":\"2025-01-21T15:15:00+00:00\",\"description\":\"Pista ciclabile a Limone sul Garda: Arrivo, attivit\u00e0, cibo e alloggio. Consigli utili per la tua vacanza sul Lago di Garda.\",\"breadcrumb\":{\"@id\":\"https:\\\/\\\/www.domusrental.com\\\/blog\\\/it\\\/pista-ciclabile-limone-sul-garda\\\/#breadcrumb\"},\"inLanguage\":\"it-IT\",\"potentialAction\":[{\"@type\":\"ReadAction\",\"target\":[\"https:\\\/\\\/www.domusrental.com\\\/blog\\\/it\\\/pista-ciclabile-limone-sul-garda\\\/\"]}]},{\"@type\":\"ImageObject\",\"inLanguage\":\"it-IT\",\"@id\":\"https:\\\/\\\/www.domusrental.com\\\/blog\\\/it\\\/pista-ciclabile-limone-sul-garda\\\/#primaryimage\",\"url\":\"https:\\\/\\\/www.domusrental.com\\\/blog\\\/wp-content\\\/uploads\\\/2023\\\/06\\\/iStock-1352524979.jpg\",\"contentUrl\":\"https:\\\/\\\/www.domusrental.com\\\/blog\\\/wp-content\\\/uploads\\\/2023\\\/06\\\/iStock-1352524979.jpg\",\"width\":1255,\"height\":835,\"caption\":\"\\\"Ciclopista del Garda\\\" - Bicycle road and foot path over Garda lake with beautiful landscape scenery at Limone Sul Garda - travel destination in Brescia, Italy\"},{\"@type\":\"BreadcrumbList\",\"@id\":\"https:\\\/\\\/www.domusrental.com\\\/blog\\\/it\\\/pista-ciclabile-limone-sul-garda\\\/#breadcrumb\",\"itemListElement\":[{\"@type\":\"ListItem\",\"position\":1,\"name\":\"Home\",\"item\":\"https:\\\/\\\/www.domusrental.com\\\/blog\\\/it\\\/\"},{\"@type\":\"ListItem\",\"position\":2,\"name\":\"Pista ciclabile Limone sul Garda\"}]},{\"@type\":\"WebSite\",\"@id\":\"https:\\\/\\\/www.domusrental.com\\\/blog\\\/#website\",\"url\":\"https:\\\/\\\/www.domusrental.com\\\/blog\\\/\",\"name\":\"Domus Rental\",\"description\":\"\",\"publisher\":{\"@id\":\"https:\\\/\\\/www.domusrental.com\\\/blog\\\/#organization\"},\"potentialAction\":[{\"@type\":\"SearchAction\",\"target\":{\"@type\":\"EntryPoint\",\"urlTemplate\":\"https:\\\/\\\/www.domusrental.com\\\/blog\\\/?s={search_term_string}\"},\"query-input\":{\"@type\":\"PropertyValueSpecification\",\"valueRequired\":true,\"valueName\":\"search_term_string\"}}],\"inLanguage\":\"it-IT\"},{\"@type\":\"Organization\",\"@id\":\"https:\\\/\\\/www.domusrental.com\\\/blog\\\/#organization\",\"name\":\"Blog | Domus Rental\",\"url\":\"https:\\\/\\\/www.domusrental.com\\\/blog\\\/\",\"logo\":{\"@type\":\"ImageObject\",\"inLanguage\":\"it-IT\",\"@id\":\"https:\\\/\\\/www.domusrental.com\\\/blog\\\/#\\\/schema\\\/logo\\\/image\\\/\",\"url\":\"https:\\\/\\\/www.domusrental.com\\\/blog\\\/wp-content\\\/uploads\\\/2024\\\/04\\\/favicon.png\",\"contentUrl\":\"https:\\\/\\\/www.domusrental.com\\\/blog\\\/wp-content\\\/uploads\\\/2024\\\/04\\\/favicon.png\",\"width\":298,\"height\":298,\"caption\":\"Blog | Domus Rental\"},\"image\":{\"@id\":\"https:\\\/\\\/www.domusrental.com\\\/blog\\\/#\\\/schema\\\/logo\\\/image\\\/\"},\"sameAs\":[\"https:\\\/\\\/www.facebook.com\\\/domusrental\",\"https:\\\/\\\/x.com\\\/DomusRental\"]},{\"@type\":\"Person\",\"@id\":\"https:\\\/\\\/www.domusrental.com\\\/blog\\\/#\\\/schema\\\/person\\\/4704eef53d63fc41b94477baca3572f8\",\"name\":\"digitalservices\",\"image\":{\"@type\":\"ImageObject\",\"inLanguage\":\"it-IT\",\"@id\":\"https:\\\/\\\/secure.gravatar.com\\\/avatar\\\/af30f88a1904294c1f3eb09a9d7903eec4ffa18fa2cf40c28a8681014ecdfc20?s=96&d=mm&r=g\",\"url\":\"https:\\\/\\\/secure.gravatar.com\\\/avatar\\\/af30f88a1904294c1f3eb09a9d7903eec4ffa18fa2cf40c28a8681014ecdfc20?s=96&d=mm&r=g\",\"contentUrl\":\"https:\\\/\\\/secure.gravatar.com\\\/avatar\\\/af30f88a1904294c1f3eb09a9d7903eec4ffa18fa2cf40c28a8681014ecdfc20?s=96&d=mm&r=g\",\"caption\":\"digitalservices\"},\"url\":\"https:\\\/\\\/www.domusrental.com\\\/blog\\\/it\\\/author\\\/digitalservices\\\/\"}]}<\/script>\n<!-- \/ Yoast SEO plugin. -->","yoast_head_json":{"title":"Pista Ciclabile Limone sul Garda","description":"Pista ciclabile a Limone sul Garda: Arrivo, attivit\u00e0, cibo e alloggio. Consigli utili per la tua vacanza sul Lago di Garda.","robots":{"index":"index","follow":"follow","max-snippet":"max-snippet:-1","max-image-preview":"max-image-preview:large","max-video-preview":"max-video-preview:-1"},"canonical":"https:\/\/www.domusrental.com\/blog\/it\/pista-ciclabile-limone-sul-garda\/","og_locale":"it_IT","og_type":"article","og_title":"Pista Ciclabile Limone sul Garda","og_description":"Pista ciclabile a Limone sul Garda: Arrivo, attivit\u00e0, cibo e alloggio. Consigli utili per la tua vacanza sul Lago di Garda.","og_url":"https:\/\/www.domusrental.com\/blog\/it\/pista-ciclabile-limone-sul-garda\/","og_site_name":"Blog | Domus Rental","article_publisher":"https:\/\/www.facebook.com\/domusrental","article_published_time":"2023-06-29T15:15:06+00:00","article_modified_time":"2025-01-21T15:15:00+00:00","og_image":[{"width":1255,"height":835,"url":"https:\/\/www.domusrental.com\/blog\/wp-content\/uploads\/2023\/06\/iStock-1352524979.jpg","type":"image\/jpeg"}],"author":"digitalservices","twitter_card":"summary_large_image","twitter_creator":"@DomusRental","twitter_site":"@DomusRental","twitter_misc":{"Scritto da":"digitalservices","Tempo di lettura stimato":"10 minuti"},"schema":{"@context":"https:\/\/schema.org","@graph":[{"@type":"Article","@id":"https:\/\/www.domusrental.com\/blog\/it\/pista-ciclabile-limone-sul-garda\/#article","isPartOf":{"@id":"https:\/\/www.domusrental.com\/blog\/it\/pista-ciclabile-limone-sul-garda\/"},"author":{"name":"digitalservices","@id":"https:\/\/www.domusrental.com\/blog\/#\/schema\/person\/4704eef53d63fc41b94477baca3572f8"},"headline":"Pista ciclabile Limone sul Garda","datePublished":"2023-06-29T15:15:06+00:00","dateModified":"2025-01-21T15:15:00+00:00","mainEntityOfPage":{"@id":"https:\/\/www.domusrental.com\/blog\/it\/pista-ciclabile-limone-sul-garda\/"},"wordCount":1664,"commentCount":0,"publisher":{"@id":"https:\/\/www.domusrental.com\/blog\/#organization"},"image":{"@id":"https:\/\/www.domusrental.com\/blog\/it\/pista-ciclabile-limone-sul-garda\/#primaryimage"},"thumbnailUrl":"https:\/\/www.domusrental.com\/blog\/wp-content\/uploads\/2023\/06\/iStock-1352524979.jpg","articleSection":["Esperienze"],"inLanguage":"it-IT","potentialAction":[{"@type":"CommentAction","name":"Comment","target":["https:\/\/www.domusrental.com\/blog\/it\/pista-ciclabile-limone-sul-garda\/#respond"]}]},{"@type":"WebPage","@id":"https:\/\/www.domusrental.com\/blog\/it\/pista-ciclabile-limone-sul-garda\/","url":"https:\/\/www.domusrental.com\/blog\/it\/pista-ciclabile-limone-sul-garda\/","name":"Pista Ciclabile Limone sul Garda","isPartOf":{"@id":"https:\/\/www.domusrental.com\/blog\/#website"},"primaryImageOfPage":{"@id":"https:\/\/www.domusrental.com\/blog\/it\/pista-ciclabile-limone-sul-garda\/#primaryimage"},"image":{"@id":"https:\/\/www.domusrental.com\/blog\/it\/pista-ciclabile-limone-sul-garda\/#primaryimage"},"thumbnailUrl":"https:\/\/www.domusrental.com\/blog\/wp-content\/uploads\/2023\/06\/iStock-1352524979.jpg","datePublished":"2023-06-29T15:15:06+00:00","dateModified":"2025-01-21T15:15:00+00:00","description":"Pista ciclabile a Limone sul Garda: Arrivo, attivit\u00e0, cibo e alloggio. Consigli utili per la tua vacanza sul Lago di Garda.","breadcrumb":{"@id":"https:\/\/www.domusrental.com\/blog\/it\/pista-ciclabile-limone-sul-garda\/#breadcrumb"},"inLanguage":"it-IT","potentialAction":[{"@type":"ReadAction","target":["https:\/\/www.domusrental.com\/blog\/it\/pista-ciclabile-limone-sul-garda\/"]}]},{"@type":"ImageObject","inLanguage":"it-IT","@id":"https:\/\/www.domusrental.com\/blog\/it\/pista-ciclabile-limone-sul-garda\/#primaryimage","url":"https:\/\/www.domusrental.com\/blog\/wp-content\/uploads\/2023\/06\/iStock-1352524979.jpg","contentUrl":"https:\/\/www.domusrental.com\/blog\/wp-content\/uploads\/2023\/06\/iStock-1352524979.jpg","width":1255,"height":835,"caption":"\"Ciclopista del Garda\" - Bicycle road and foot path over Garda lake with beautiful landscape scenery at Limone Sul Garda - travel destination in Brescia, Italy"},{"@type":"BreadcrumbList","@id":"https:\/\/www.domusrental.com\/blog\/it\/pista-ciclabile-limone-sul-garda\/#breadcrumb","itemListElement":[{"@type":"ListItem","position":1,"name":"Home","item":"https:\/\/www.domusrental.com\/blog\/it\/"},{"@type":"ListItem","position":2,"name":"Pista ciclabile Limone sul Garda"}]},{"@type":"WebSite","@id":"https:\/\/www.domusrental.com\/blog\/#website","url":"https:\/\/www.domusrental.com\/blog\/","name":"Domus Rental","description":"","publisher":{"@id":"https:\/\/www.domusrental.com\/blog\/#organization"},"potentialAction":[{"@type":"SearchAction","target":{"@type":"EntryPoint","urlTemplate":"https:\/\/www.domusrental.com\/blog\/?s={search_term_string}"},"query-input":{"@type":"PropertyValueSpecification","valueRequired":true,"valueName":"search_term_string"}}],"inLanguage":"it-IT"},{"@type":"Organization","@id":"https:\/\/www.domusrental.com\/blog\/#organization","name":"Blog | Domus Rental","url":"https:\/\/www.domusrental.com\/blog\/","logo":{"@type":"ImageObject","inLanguage":"it-IT","@id":"https:\/\/www.domusrental.com\/blog\/#\/schema\/logo\/image\/","url":"https:\/\/www.domusrental.com\/blog\/wp-content\/uploads\/2024\/04\/favicon.png","contentUrl":"https:\/\/www.domusrental.com\/blog\/wp-content\/uploads\/2024\/04\/favicon.png","width":298,"height":298,"caption":"Blog | Domus Rental"},"image":{"@id":"https:\/\/www.domusrental.com\/blog\/#\/schema\/logo\/image\/"},"sameAs":["https:\/\/www.facebook.com\/domusrental","https:\/\/x.com\/DomusRental"]},{"@type":"Person","@id":"https:\/\/www.domusrental.com\/blog\/#\/schema\/person\/4704eef53d63fc41b94477baca3572f8","name":"digitalservices","image":{"@type":"ImageObject","inLanguage":"it-IT","@id":"https:\/\/secure.gravatar.com\/avatar\/af30f88a1904294c1f3eb09a9d7903eec4ffa18fa2cf40c28a8681014ecdfc20?s=96&d=mm&r=g","url":"https:\/\/secure.gravatar.com\/avatar\/af30f88a1904294c1f3eb09a9d7903eec4ffa18fa2cf40c28a8681014ecdfc20?s=96&d=mm&r=g","contentUrl":"https:\/\/secure.gravatar.com\/avatar\/af30f88a1904294c1f3eb09a9d7903eec4ffa18fa2cf40c28a8681014ecdfc20?s=96&d=mm&r=g","caption":"digitalservices"},"url":"https:\/\/www.domusrental.com\/blog\/it\/author\/digitalservices\/"}]}},"_links":{"self":[{"href":"https:\/\/www.domusrental.com\/blog\/it\/wp-json\/wp\/v2\/posts\/187","targetHints":{"allow":["GET"]}}],"collection":[{"href":"https:\/\/www.domusrental.com\/blog\/it\/wp-json\/wp\/v2\/posts"}],"about":[{"href":"https:\/\/www.domusrental.com\/blog\/it\/wp-json\/wp\/v2\/types\/post"}],"author":[{"embeddable":true,"href":"https:\/\/www.domusrental.com\/blog\/it\/wp-json\/wp\/v2\/users\/2"}],"replies":[{"embeddable":true,"href":"https:\/\/www.domusrental.com\/blog\/it\/wp-json\/wp\/v2\/comments?post=187"}],"version-history":[{"count":74,"href":"https:\/\/www.domusrental.com\/blog\/it\/wp-json\/wp\/v2\/posts\/187\/revisions"}],"predecessor-version":[{"id":2872,"href":"https:\/\/www.domusrental.com\/blog\/it\/wp-json\/wp\/v2\/posts\/187\/revisions\/2872"}],"wp:featuredmedia":[{"embeddable":true,"href":"https:\/\/www.domusrental.com\/blog\/it\/wp-json\/wp\/v2\/media\/189"}],"wp:attachment":[{"href":"https:\/\/www.domusrental.com\/blog\/it\/wp-json\/wp\/v2\/media?parent=187"}],"wp:term":[{"taxonomy":"category","embeddable":true,"href":"https:\/\/www.domusrental.com\/blog\/it\/wp-json\/wp\/v2\/categories?post=187"},{"taxonomy":"post_tag","embeddable":true,"href":"https:\/\/www.domusrental.com\/blog\/it\/wp-json\/wp\/v2\/tags?post=187"}],"curies":[{"name":"wp","href":"https:\/\/api.w.org\/{rel}","templated":true}]}}