{"id":1933,"date":"2024-04-24T11:15:44","date_gmt":"2024-04-24T11:15:44","guid":{"rendered":"https:\/\/www.domusrental.com\/blog\/?p=1933"},"modified":"2025-01-21T15:07:57","modified_gmt":"2025-01-21T15:07:57","slug":"lago-di-garda-con-bambini","status":"publish","type":"post","link":"https:\/\/www.domusrental.com\/blog\/it\/lago-di-garda-con-bambini\/","title":{"rendered":"Lago di Garda con bambini, vacanze di famiglia"},"content":{"rendered":"\t\t<div data-elementor-type=\"wp-post\" data-elementor-id=\"1933\" class=\"elementor elementor-1933\" data-elementor-post-type=\"post\">\n\t\t\t\t\t\t<section class=\"elementor-section elementor-top-section elementor-element elementor-element-03e18ab elementor-section-boxed elementor-section-height-default elementor-section-height-default\" data-id=\"03e18ab\" data-element_type=\"section\" data-e-type=\"section\">\n\t\t\t\t\t\t<div class=\"elementor-container elementor-column-gap-default\">\n\t\t\t\t\t<div class=\"elementor-column elementor-col-100 elementor-top-column elementor-element elementor-element-a572cd7\" data-id=\"a572cd7\" data-element_type=\"column\" data-e-type=\"column\">\n\t\t\t<div class=\"elementor-widget-wrap elementor-element-populated\">\n\t\t\t\t\t\t<div class=\"elementor-element elementor-element-67e26be elementor-widget elementor-widget-text-editor\" data-id=\"67e26be\" data-element_type=\"widget\" data-e-type=\"widget\" data-widget_type=\"text-editor.default\">\n\t\t\t\t<div class=\"elementor-widget-container\">\n\t\t\t\t\t\t\t\t\t<p>In questo articolo esploreremo le opportunit\u00e0 che il Lago di Garda offre per le famiglie, un luogo dove storia e natura si fondono creando il perfetto scenario per una vacanza indimenticabile. Discuteremo le migliori attivit\u00e0 per i pi\u00f9 piccoli, dalle escursioni a nuoto nelle acque limpide del lago fino alla scoperta delle citt\u00e0 pi\u00f9 incantevoli.<\/p><p>Vi forniremo inoltre suggerimenti su alcune delle case pi\u00f9 adatte a ospitare famiglie, situazioni ideali per rilassarsi dopo una giornata di avventure. Con le nostre proposte di itinerari e attivit\u00e0 all&#8217;aria aperta adatte a tutte le et\u00e0, questo articolo sar\u00e0 il vostro punto di partenza per organizzare un soggiorno indimenticabile sul Lago di Garda.<\/p><p><strong>Pronti a partire? Scopriamo insieme cosa rende il Lago di Garda una meta perfetta per le vacanze in famiglia!<\/strong><\/p><p>\u00a0<\/p>\t\t\t\t\t\t\t\t<\/div>\n\t\t\t\t<\/div>\n\t\t\t\t\t<\/div>\n\t\t<\/div>\n\t\t\t\t\t<\/div>\n\t\t<\/section>\n\t\t\t\t<section class=\"elementor-section elementor-top-section elementor-element elementor-element-06cadfa elementor-section-boxed elementor-section-height-default elementor-section-height-default\" data-id=\"06cadfa\" data-element_type=\"section\" data-e-type=\"section\">\n\t\t\t\t\t\t<div class=\"elementor-container elementor-column-gap-default\">\n\t\t\t\t\t<div class=\"elementor-column elementor-col-100 elementor-top-column elementor-element elementor-element-2823081\" data-id=\"2823081\" data-element_type=\"column\" data-e-type=\"column\">\n\t\t\t<div class=\"elementor-widget-wrap elementor-element-populated\">\n\t\t\t\t\t\t<div class=\"elementor-element elementor-element-412ab88 elementor-toc--minimized-on-tablet elementor-widget elementor-widget-table-of-contents\" data-id=\"412ab88\" data-element_type=\"widget\" data-e-type=\"widget\" data-settings=\"{&quot;headings_by_tags&quot;:[&quot;h2&quot;],&quot;exclude_headings_by_selector&quot;:[],&quot;marker_view&quot;:&quot;bullets&quot;,&quot;icon&quot;:{&quot;value&quot;:&quot;fas fa-arrow-right&quot;,&quot;library&quot;:&quot;fa-solid&quot;},&quot;no_headings_message&quot;:&quot;Non sono state trovate intestazioni in questa pagina.&quot;,&quot;minimize_box&quot;:&quot;yes&quot;,&quot;minimized_on&quot;:&quot;tablet&quot;,&quot;hierarchical_view&quot;:&quot;yes&quot;,&quot;min_height&quot;:{&quot;unit&quot;:&quot;px&quot;,&quot;size&quot;:&quot;&quot;,&quot;sizes&quot;:[]},&quot;min_height_tablet&quot;:{&quot;unit&quot;:&quot;px&quot;,&quot;size&quot;:&quot;&quot;,&quot;sizes&quot;:[]},&quot;min_height_mobile&quot;:{&quot;unit&quot;:&quot;px&quot;,&quot;size&quot;:&quot;&quot;,&quot;sizes&quot;:[]}}\" data-widget_type=\"table-of-contents.default\">\n\t\t\t\t<div class=\"elementor-widget-container\">\n\t\t\t\t\t\t\t\t\t<div class=\"elementor-toc__header\">\n\t\t\t\t\t\t<h4 class=\"elementor-toc__header-title\">\n\t\t\t\tIndice\t\t\t<\/h4>\n\t\t\t\t\t\t\t\t\t\t<div class=\"elementor-toc__toggle-button elementor-toc__toggle-button--expand\" role=\"button\" tabindex=\"0\" aria-controls=\"elementor-toc__412ab88\" aria-expanded=\"true\" aria-label=\"Apri l&#039;indice dei contenuti\"><i aria-hidden=\"true\" class=\"fas fa-chevron-down\"><\/i><\/div>\n\t\t\t\t<div class=\"elementor-toc__toggle-button elementor-toc__toggle-button--collapse\" role=\"button\" tabindex=\"0\" aria-controls=\"elementor-toc__412ab88\" aria-expanded=\"true\" aria-label=\"Chiudi l&#039;indice dei contenuti\"><i aria-hidden=\"true\" class=\"fas fa-chevron-up\"><\/i><\/div>\n\t\t\t\t\t<\/div>\n\t\t\t\t<div id=\"elementor-toc__412ab88\" class=\"elementor-toc__body\">\n\t\t\t<div class=\"elementor-toc__spinner-container\">\n\t\t\t\t<i class=\"elementor-toc__spinner eicon-animation-spin eicon-loading\" aria-hidden=\"true\"><\/i>\t\t\t<\/div>\n\t\t<\/div>\n\t\t\t\t\t\t<\/div>\n\t\t\t\t<\/div>\n\t\t\t\t\t<\/div>\n\t\t<\/div>\n\t\t\t\t\t<\/div>\n\t\t<\/section>\n\t\t\t\t<section class=\"elementor-section elementor-top-section elementor-element elementor-element-ed5cb5f elementor-section-boxed elementor-section-height-default elementor-section-height-default\" data-id=\"ed5cb5f\" data-element_type=\"section\" data-e-type=\"section\">\n\t\t\t\t\t\t<div class=\"elementor-container elementor-column-gap-default\">\n\t\t\t\t\t<div class=\"elementor-column elementor-col-100 elementor-top-column elementor-element elementor-element-fc52063\" data-id=\"fc52063\" data-element_type=\"column\" data-e-type=\"column\">\n\t\t\t<div class=\"elementor-widget-wrap elementor-element-populated\">\n\t\t\t\t\t\t<div class=\"elementor-element elementor-element-b24343a elementor-widget elementor-widget-heading\" data-id=\"b24343a\" data-element_type=\"widget\" data-e-type=\"widget\" data-widget_type=\"heading.default\">\n\t\t\t\t<div class=\"elementor-widget-container\">\n\t\t\t\t\t<h2 class=\"elementor-heading-title elementor-size-default\">Cosa fare sul Lago di Garda con bambini\n<\/h2>\t\t\t\t<\/div>\n\t\t\t\t<\/div>\n\t\t\t\t<div class=\"elementor-element elementor-element-94c8a5b elementor-widget elementor-widget-text-editor\" data-id=\"94c8a5b\" data-element_type=\"widget\" data-e-type=\"widget\" data-widget_type=\"text-editor.default\">\n\t\t\t\t<div class=\"elementor-widget-container\">\n\t\t\t\t\t\t\t\t\t<p>Il Lago di Garda \u00e8 una destinazione versatile che offre una variet\u00e0 di attivit\u00e0 adatte a tutte le condizioni meteo. Qui di seguito, le differenze tra tre categorie principali di attivit\u00e0.<\/p>\t\t\t\t\t\t\t\t<\/div>\n\t\t\t\t<\/div>\n\t\t\t\t<div class=\"elementor-element elementor-element-0d16267 elementor-widget elementor-widget-html\" data-id=\"0d16267\" data-element_type=\"widget\" data-e-type=\"widget\" data-widget_type=\"html.default\">\n\t\t\t\t<div class=\"elementor-widget-container\">\n\t\t\t\t\t<iframe src=\"https:\/\/www.google.com\/maps\/d\/u\/0\/embed?mid=1JwQodR_MZSfJ87EQF5a5ULGkNuByH0E&ehbc=2E312F&noprof=1\" width=\"640\" height=\"480\"><\/iframe>\t\t\t\t<\/div>\n\t\t\t\t<\/div>\n\t\t\t\t<div class=\"elementor-element elementor-element-405c5da elementor-widget elementor-widget-heading\" data-id=\"405c5da\" data-element_type=\"widget\" data-e-type=\"widget\" data-widget_type=\"heading.default\">\n\t\t\t\t<div class=\"elementor-widget-container\">\n\t\t\t\t\t<h3 class=\"elementor-heading-title elementor-size-default\">Lago di Garda attrazioni per bambini<\/h3>\t\t\t\t<\/div>\n\t\t\t\t<\/div>\n\t\t\t\t<div class=\"elementor-element elementor-element-91ef608 elementor-widget elementor-widget-text-editor\" data-id=\"91ef608\" data-element_type=\"widget\" data-e-type=\"widget\" data-widget_type=\"text-editor.default\">\n\t\t\t\t<div class=\"elementor-widget-container\">\n\t\t\t\t\t\t\t\t\t<div class=\"flex-shrink-0 flex flex-col relative items-end\"><div class=\"pt-0.5\"><div class=\"gizmo-shadow-stroke flex h-6 w-6 items-center justify-center overflow-hidden rounded-full\"><ul><li><strong>Gardaland<\/strong>: Il pi\u00f9 grande parco a tema d&#8217;Italia, Gardaland, situato sul Lago di Garda, \u00e8 perfetto per le vacanze di famiglie con bambini grazie alle sue montagne russe, aree tematiche per i pi\u00f9 piccoli e giochi acquatici per rinfrescarsi nelle calde giornate estive.<\/li><li><strong>Caneva Aquapark<\/strong>: A pochi passi dal Lago di Garda, Caneva Aquapark offre un&#8217;oasi di divertimento con una vasta gamma di scivoli d&#8217;acqua, da quelli dolci ad altri pi\u00f9 estremi, oltre a piscine e giochi acquatici ideali per una giornata estiva in famiglia.<\/li><li><strong>Parco Avventura Rimbalzello Adventure<\/strong>: Questo parco avventura, immerso in una natura affascinante vicino al Lago di Garda, propone percorsi sospesi, zip-line e attivit\u00e0 all&#8217;aperto che garantiscono adrenalina e divertimento per visitatori di tutte le et\u00e0, ideale per le famiglie attive.<\/li><li><strong>Jungle Adventure Park<\/strong>: Situato vicino al Lago di Garda, il Jungle Adventure Park invita famiglie e bambini a sfidare le loro abilit\u00e0 su percorsi avventurosi tra gli alberi, ponti tibetani e zip-line, offrendo un modo emozionante per godersi la natura.<\/li><li><strong>Parco Natura Viva<\/strong>: Un safari park e zoo vicino al Lago di Garda che non solo permette di osservare animali esotici e partecipare a programmi di conservazione, ma anche di educare i bambini sull&#8217;importanza della biodiversit\u00e0 attraverso percorsi guidati e attivit\u00e0 interattive.<\/li><li><strong>Parco Giardino Sigurt\u00e0<\/strong>: Uno dei giardini pi\u00f9 incantevoli d&#8217;Italia, il Parco Giardino Sigurt\u00e0 vicino al Lago di Garda offre vasti spazi verdi dove fare passeggiate tra tulipani e laghetti, labirinti verdi, perfetto per una giornata rilassante in famiglia alla scoperta della flora.<\/li><\/ul><\/div><\/div><\/div>\t\t\t\t\t\t\t\t<\/div>\n\t\t\t\t<\/div>\n\t\t\t\t<div class=\"elementor-element elementor-element-ca17ec6 elementor-widget elementor-widget-image-carousel\" data-id=\"ca17ec6\" data-element_type=\"widget\" data-e-type=\"widget\" data-settings=\"{&quot;navigation&quot;:&quot;none&quot;,&quot;infinite&quot;:&quot;yes&quot;,&quot;speed&quot;:500}\" data-widget_type=\"image-carousel.default\">\n\t\t\t\t<div class=\"elementor-widget-container\">\n\t\t\t\t\t\t\t<div class=\"elementor-image-carousel-wrapper swiper\" role=\"region\" aria-roledescription=\"carousel\" aria-label=\"Carosello d&#039;immagini\" dir=\"ltr\">\n\t\t\t<div class=\"elementor-image-carousel swiper-wrapper\" aria-live=\"polite\">\n\t\t\t\t\t\t\t\t<div class=\"swiper-slide\" role=\"group\" aria-roledescription=\"slide\" aria-label=\"1 di 4\"><figure class=\"swiper-slide-inner\"><img decoding=\"async\" class=\"swiper-slide-image\" src=\"https:\/\/www.domusrental.com\/blog\/wp-content\/uploads\/2024\/04\/Vittoriale-degli-Italiani-751x430.jpg\" alt=\"Gardone Riviera, Lake Garda, Italy - September 2018:  View from the road of the arched entrance to the Vittoriale degli Italiani gardens in Gardone Riviera. The gardens include an amphitheatre where performances are held.\" \/><\/figure><\/div><div class=\"swiper-slide\" role=\"group\" aria-roledescription=\"slide\" aria-label=\"2 di 4\"><figure class=\"swiper-slide-inner\"><img decoding=\"async\" class=\"swiper-slide-image\" src=\"https:\/\/www.domusrental.com\/blog\/wp-content\/uploads\/2024\/04\/Lungomare-di-Sirmione\u200b-751x430.jpg\" alt=\"Holidays in Italy - the tourist resort of Sirmione on Lake Garda\" \/><\/figure><\/div><div class=\"swiper-slide\" role=\"group\" aria-roledescription=\"slide\" aria-label=\"3 di 4\"><figure class=\"swiper-slide-inner\"><img decoding=\"async\" class=\"swiper-slide-image\" src=\"https:\/\/www.domusrental.com\/blog\/wp-content\/uploads\/2024\/04\/gardaland-724x430.jpg\" alt=\"Gardaland amusement park located in North-Eastern Italy. View from above.\" \/><\/figure><\/div><div class=\"swiper-slide\" role=\"group\" aria-roledescription=\"slide\" aria-label=\"4 di 4\"><figure class=\"swiper-slide-inner\"><img decoding=\"async\" class=\"swiper-slide-image\" src=\"https:\/\/www.domusrental.com\/blog\/wp-content\/uploads\/2024\/04\/iStock-1899111083-724x430.jpg\" alt=\"Lion couple in love - Safari in the Dehiwala National Park - Dehiwala, Sri Lanka.\" \/><\/figure><\/div>\t\t\t<\/div>\n\t\t\t\t\t\t\t\n\t\t\t\t\t\t\t\t\t<\/div>\n\t\t\t\t\t\t<\/div>\n\t\t\t\t<\/div>\n\t\t\t\t<div class=\"elementor-element elementor-element-d2b9132 elementor-widget elementor-widget-heading\" data-id=\"d2b9132\" data-element_type=\"widget\" data-e-type=\"widget\" data-widget_type=\"heading.default\">\n\t\t\t\t<div class=\"elementor-widget-container\">\n\t\t\t\t\t<h3 class=\"elementor-heading-title elementor-size-default\">Cosa vedere sul Lago di Garda con bambini\n<\/h3>\t\t\t\t<\/div>\n\t\t\t\t<\/div>\n\t\t\t\t<div class=\"elementor-element elementor-element-3f8793b elementor-widget elementor-widget-text-editor\" data-id=\"3f8793b\" data-element_type=\"widget\" data-e-type=\"widget\" data-widget_type=\"text-editor.default\">\n\t\t\t\t<div class=\"elementor-widget-container\">\n\t\t\t\t\t\t\t\t\t<ul><li><strong>Vittoriale degli Italiani a Gardone Riviera<\/strong>: Visita questa suggestiva residenza del poeta Gabriele D&#8217;Annunzio, un vero e proprio parco-museo ricco di opere d&#8217;arte, giardini e architettura unica.<\/li><li><a href=\"https:\/\/www.domusrental.com\/blog\/it\/grotte-di-catullo\/\"><strong>Grotte di Catullo<\/strong><\/a>: Esplora la suggestiva cittadina di Sirmione con le sue stradine medievali e visita le antiche rovine delle Grotte di Catullo, una testimonianza dell&#8217;epoca romana sulla riva del lago.<\/li><li><strong>Parco delle Cascate di Molina<\/strong>: Goditi una passeggiata tra i sentieri panoramici del Parco delle Cascate di Molina, dove potrai ammirare suggestive cascate e paesaggi naturali incantevoli, ideale per una gita in famiglia sul Lago di Garda all&#8217;aria aperta.<\/li><\/ul>\t\t\t\t\t\t\t\t<\/div>\n\t\t\t\t<\/div>\n\t\t\t\t\t<\/div>\n\t\t<\/div>\n\t\t\t\t\t<\/div>\n\t\t<\/section>\n\t\t\t\t<section class=\"elementor-section elementor-top-section elementor-element elementor-element-00f33b9 elementor-section-boxed elementor-section-height-default elementor-section-height-default\" data-id=\"00f33b9\" data-element_type=\"section\" data-e-type=\"section\">\n\t\t\t\t\t\t<div class=\"elementor-container elementor-column-gap-default\">\n\t\t\t\t\t<div class=\"elementor-column elementor-col-50 elementor-top-column elementor-element elementor-element-237aa92\" data-id=\"237aa92\" data-element_type=\"column\" data-e-type=\"column\">\n\t\t\t<div class=\"elementor-widget-wrap elementor-element-populated\">\n\t\t\t\t\t\t<div class=\"elementor-element elementor-element-ca44449 elementor-widget elementor-widget-heading\" data-id=\"ca44449\" data-element_type=\"widget\" data-e-type=\"widget\" data-widget_type=\"heading.default\">\n\t\t\t\t<div class=\"elementor-widget-container\">\n\t\t\t\t\t<h3 class=\"elementor-heading-title elementor-size-default\">Cosa fare sul Lago di Garda se piove con bambini<\/h3>\t\t\t\t<\/div>\n\t\t\t\t<\/div>\n\t\t\t\t<div class=\"elementor-element elementor-element-2848d7c elementor-widget__width-initial elementor-widget elementor-widget-text-editor\" data-id=\"2848d7c\" data-element_type=\"widget\" data-e-type=\"widget\" data-widget_type=\"text-editor.default\">\n\t\t\t\t<div class=\"elementor-widget-container\">\n\t\t\t\t\t\t\t\t\t<ul><li><strong>Museo Mille Miglia a Brescia<\/strong>: Un viaggio nella storia dell&#8217;automobilismo attraverso una delle corse pi\u00f9 famose al mondo, la Mille Miglia. Perfetto per una giornata piovosa in famiglia.<\/li><li><p><strong>Palazzo dei Capitani del Lago a Desenzano del Garda<\/strong>: Questo palazzo storico ospita un museo che racconta la storia locale e offre una vista mozzafiato sul Lago di Garda. Perfetto per una visita culturale al riparo dalla pioggia.<\/p><\/li><li><strong>Bagnetto al Lago<\/strong>: Per i pi\u00f9 coraggiosi, un&#8217;opzione divertente anche sotto la pioggia potrebbe essere un rapido bagno nel Lago di Garda con la famiglia. Anche se il <a href=\"https:\/\/www.domusrental.com\/blog\/it\/meteo-lago-garda\/\">clima<\/a> non \u00e8 perfetto, l&#8217;acqua del lago rimane abbastanza invitante per un tuffo veloce!<\/li><\/ul>\t\t\t\t\t\t\t\t<\/div>\n\t\t\t\t<\/div>\n\t\t\t\t\t<\/div>\n\t\t<\/div>\n\t\t\t\t<div class=\"elementor-column elementor-col-50 elementor-top-column elementor-element elementor-element-6419340\" data-id=\"6419340\" data-element_type=\"column\" data-e-type=\"column\">\n\t\t\t<div class=\"elementor-widget-wrap elementor-element-populated\">\n\t\t\t\t\t\t<div class=\"elementor-element elementor-element-8279bdc elementor-widget elementor-widget-spacer\" data-id=\"8279bdc\" data-element_type=\"widget\" data-e-type=\"widget\" data-widget_type=\"spacer.default\">\n\t\t\t\t<div class=\"elementor-widget-container\">\n\t\t\t\t\t\t\t<div class=\"elementor-spacer\">\n\t\t\t<div class=\"elementor-spacer-inner\"><\/div>\n\t\t<\/div>\n\t\t\t\t\t\t<\/div>\n\t\t\t\t<\/div>\n\t\t\t\t<div class=\"elementor-element elementor-element-6d125b6 elementor-widget elementor-widget-image\" data-id=\"6d125b6\" data-element_type=\"widget\" data-e-type=\"widget\" data-widget_type=\"image.default\">\n\t\t\t\t<div class=\"elementor-widget-container\">\n\t\t\t\t\t\t\t\t\t\t\t\t\t\t\t<img fetchpriority=\"high\" decoding=\"async\" width=\"768\" height=\"512\" src=\"https:\/\/www.domusrental.com\/blog\/wp-content\/uploads\/2024\/04\/se-piove-768x512.jpg\" class=\"attachment-medium_large size-medium_large wp-image-1941\" alt=\"lago di garda con bambini se piove\" srcset=\"https:\/\/www.domusrental.com\/blog\/wp-content\/uploads\/2024\/04\/se-piove-768x512.jpg 768w, https:\/\/www.domusrental.com\/blog\/wp-content\/uploads\/2024\/04\/se-piove-1536x1024.jpg 1536w, https:\/\/www.domusrental.com\/blog\/wp-content\/uploads\/2024\/04\/se-piove-2048x1365.jpg 2048w\" sizes=\"(max-width: 768px) 100vw, 768px\" \/>\t\t\t\t\t\t\t\t\t\t\t\t\t\t\t<\/div>\n\t\t\t\t<\/div>\n\t\t\t\t\t<\/div>\n\t\t<\/div>\n\t\t\t\t\t<\/div>\n\t\t<\/section>\n\t\t\t\t<section class=\"elementor-section elementor-top-section elementor-element elementor-element-c699c97 elementor-section-boxed elementor-section-height-default elementor-section-height-default\" data-id=\"c699c97\" data-element_type=\"section\" data-e-type=\"section\">\n\t\t\t\t\t\t<div class=\"elementor-container elementor-column-gap-default\">\n\t\t\t\t\t<div class=\"elementor-column elementor-col-50 elementor-top-column elementor-element elementor-element-2b045a3\" data-id=\"2b045a3\" data-element_type=\"column\" data-e-type=\"column\">\n\t\t\t<div class=\"elementor-widget-wrap elementor-element-populated\">\n\t\t\t\t\t\t<div class=\"elementor-element elementor-element-320053c elementor-widget elementor-widget-heading\" data-id=\"320053c\" data-element_type=\"widget\" data-e-type=\"widget\" data-widget_type=\"heading.default\">\n\t\t\t\t<div class=\"elementor-widget-container\">\n\t\t\t\t\t<h2 class=\"elementor-heading-title elementor-size-default\">Spiagge Lago di Garda per bambini<\/h2>\t\t\t\t<\/div>\n\t\t\t\t<\/div>\n\t\t\t\t<div class=\"elementor-element elementor-element-993d5c6 elementor-widget elementor-widget-text-editor\" data-id=\"993d5c6\" data-element_type=\"widget\" data-e-type=\"widget\" data-widget_type=\"text-editor.default\">\n\t\t\t\t<div class=\"elementor-widget-container\">\n\t\t\t\t\t\t\t\t\t<ul><li><strong>Spiaggia Baia delle Sirene a Gardone Riviera<\/strong>: Questa spiaggia \u00e8 nota per la sua sabbia fine e le acque poco profonde, ideali per i bambini. Offre anche aree d&#8217;ombra e servizi per rendere il soggiorno confortevole.<\/li><li><strong>Spiaggia Lido delle Bionde a Sal\u00f2<\/strong>: Qui i bambini possono divertirsi sulla sabbia morbida e giocare in acqua in tutta sicurezza grazie alla bassa profondit\u00e0 del lago. Il lido offre anche giochi per bambini e servizi igienici.<\/li><li><strong>Spiaggia Porto Camarelle a Sirmione<\/strong>: Con acque calme e poco profonde, questa spiaggia \u00e8 perfetta per i bambini. \u00c8 attrezzata con giochi per bambini, servizi e possibilit\u00e0 di noleggio di lettini e ombrelloni.<\/li><li><strong>Spiaggia Porto Torchio a Manerba del Garda<\/strong>: Questa spiaggia offre un&#8217;ampia area di sabbia dove i bambini possono giocare e costruire castelli di sabbia. Le acque poco profonde e tranquille la rendono adatta alle famiglie.<\/li><\/ul>\t\t\t\t\t\t\t\t<\/div>\n\t\t\t\t<\/div>\n\t\t\t\t<div class=\"elementor-element elementor-element-6e4a5be elementor-widget elementor-widget-image\" data-id=\"6e4a5be\" data-element_type=\"widget\" data-e-type=\"widget\" data-widget_type=\"image.default\">\n\t\t\t\t<div class=\"elementor-widget-container\">\n\t\t\t\t\t\t\t\t\t\t\t\t\t\t\t<img decoding=\"async\" width=\"1680\" height=\"945\" src=\"https:\/\/www.domusrental.com\/blog\/wp-content\/uploads\/2024\/04\/spiaggia-1.jpg\" class=\"attachment-full size-full wp-image-1959\" alt=\"\" srcset=\"https:\/\/www.domusrental.com\/blog\/wp-content\/uploads\/2024\/04\/spiaggia-1.jpg 1680w, https:\/\/www.domusrental.com\/blog\/wp-content\/uploads\/2024\/04\/spiaggia-1-768x432.jpg 768w, https:\/\/www.domusrental.com\/blog\/wp-content\/uploads\/2024\/04\/spiaggia-1-1536x864.jpg 1536w\" sizes=\"(max-width: 1680px) 100vw, 1680px\" \/>\t\t\t\t\t\t\t\t\t\t\t\t\t\t\t<\/div>\n\t\t\t\t<\/div>\n\t\t\t\t\t<\/div>\n\t\t<\/div>\n\t\t\t\t<div class=\"elementor-column elementor-col-50 elementor-top-column elementor-element elementor-element-1ac3c9f\" data-id=\"1ac3c9f\" data-element_type=\"column\" data-e-type=\"column\">\n\t\t\t<div class=\"elementor-widget-wrap elementor-element-populated\">\n\t\t\t\t\t\t<div class=\"elementor-element elementor-element-d7d4d70 elementor-widget elementor-widget-heading\" data-id=\"d7d4d70\" data-element_type=\"widget\" data-e-type=\"widget\" data-widget_type=\"heading.default\">\n\t\t\t\t<div class=\"elementor-widget-container\">\n\t\t\t\t\t<h2 class=\"elementor-heading-title elementor-size-default\">Terme per bambini Lago di Garda\n\n<\/h2>\t\t\t\t<\/div>\n\t\t\t\t<\/div>\n\t\t\t\t<div class=\"elementor-element elementor-element-1ae218b elementor-widget elementor-widget-text-editor\" data-id=\"1ae218b\" data-element_type=\"widget\" data-e-type=\"widget\" data-widget_type=\"text-editor.default\">\n\t\t\t\t<div class=\"elementor-widget-container\">\n\t\t\t\t\t\t\t\t\t<p>Le terme sul Lago di Garda offrono un&#8217;esperienza rilassante e rigenerante per tutta la famiglia. Tra le pi\u00f9 famose ci sono:<\/p><ul><li><strong>Terme di Sirmione<\/strong>: Situate proprio sulle sponde del lago, offrono una vasta gamma di trattamenti termali e benessere per adulti e bambini, tra cui piscine termali, saune, e trattamenti di bellezza.<\/li><li><strong>Terme di Col\u00e0 di Lazise<\/strong>: Queste terme sono immerse in un parco verde e offrono piscine termali all&#8217;aperto e al coperto, idromassaggi, percorsi Kneipp e zone relax, ideali per una giornata di puro relax in famiglia nel Lago di Garda.<\/li><li><strong>Terme di Villa dei Cedri a Col\u00e0 di Lazise<\/strong>: Conosciute per le loro piscine termali naturali, queste terme offrono anche aree dedicate ai bambini, con piscine poco profonde e giochi d&#8217;acqua, garantendo il divertimento per tutta la famiglia.<\/li><\/ul>\t\t\t\t\t\t\t\t<\/div>\n\t\t\t\t<\/div>\n\t\t\t\t<div class=\"elementor-element elementor-element-433d784 elementor-widget elementor-widget-spacer\" data-id=\"433d784\" data-element_type=\"widget\" data-e-type=\"widget\" data-widget_type=\"spacer.default\">\n\t\t\t\t<div class=\"elementor-widget-container\">\n\t\t\t\t\t\t\t<div class=\"elementor-spacer\">\n\t\t\t<div class=\"elementor-spacer-inner\"><\/div>\n\t\t<\/div>\n\t\t\t\t\t\t<\/div>\n\t\t\t\t<\/div>\n\t\t\t\t<div class=\"elementor-element elementor-element-9a048ab elementor-widget elementor-widget-image\" data-id=\"9a048ab\" data-element_type=\"widget\" data-e-type=\"widget\" data-widget_type=\"image.default\">\n\t\t\t\t<div class=\"elementor-widget-container\">\n\t\t\t\t\t\t\t\t\t\t\t\t\t\t\t<img decoding=\"async\" width=\"1680\" height=\"945\" src=\"https:\/\/www.domusrental.com\/blog\/wp-content\/uploads\/2024\/04\/terme-1.jpg\" class=\"attachment-full size-full wp-image-1962\" alt=\"\" srcset=\"https:\/\/www.domusrental.com\/blog\/wp-content\/uploads\/2024\/04\/terme-1.jpg 1680w, https:\/\/www.domusrental.com\/blog\/wp-content\/uploads\/2024\/04\/terme-1-768x432.jpg 768w, https:\/\/www.domusrental.com\/blog\/wp-content\/uploads\/2024\/04\/terme-1-1536x864.jpg 1536w\" sizes=\"(max-width: 1680px) 100vw, 1680px\" \/>\t\t\t\t\t\t\t\t\t\t\t\t\t\t\t<\/div>\n\t\t\t\t<\/div>\n\t\t\t\t<div class=\"elementor-element elementor-element-d432287 elementor-widget elementor-widget-spacer\" data-id=\"d432287\" data-element_type=\"widget\" data-e-type=\"widget\" data-widget_type=\"spacer.default\">\n\t\t\t\t<div class=\"elementor-widget-container\">\n\t\t\t\t\t\t\t<div class=\"elementor-spacer\">\n\t\t\t<div class=\"elementor-spacer-inner\"><\/div>\n\t\t<\/div>\n\t\t\t\t\t\t<\/div>\n\t\t\t\t<\/div>\n\t\t\t\t\t<\/div>\n\t\t<\/div>\n\t\t\t\t\t<\/div>\n\t\t<\/section>\n\t\t\t\t<section class=\"elementor-section elementor-top-section elementor-element elementor-element-0d4b9d5 elementor-section-boxed elementor-section-height-default elementor-section-height-default\" data-id=\"0d4b9d5\" data-element_type=\"section\" data-e-type=\"section\">\n\t\t\t\t\t\t<div class=\"elementor-container elementor-column-gap-default\">\n\t\t\t\t\t<div class=\"elementor-column elementor-col-100 elementor-top-column elementor-element elementor-element-590d866\" data-id=\"590d866\" data-element_type=\"column\" data-e-type=\"column\">\n\t\t\t<div class=\"elementor-widget-wrap elementor-element-populated\">\n\t\t\t\t\t\t<div class=\"elementor-element elementor-element-2cc3987 elementor-widget elementor-widget-heading\" data-id=\"2cc3987\" data-element_type=\"widget\" data-e-type=\"widget\" data-widget_type=\"heading.default\">\n\t\t\t\t<div class=\"elementor-widget-container\">\n\t\t\t\t\t<h2 class=\"elementor-heading-title elementor-size-default\">Le migliori citt\u00e0 per famiglie nel Lago di Garda<\/h2>\t\t\t\t<\/div>\n\t\t\t\t<\/div>\n\t\t\t\t\t<\/div>\n\t\t<\/div>\n\t\t\t\t\t<\/div>\n\t\t<\/section>\n\t\t\t\t<section class=\"elementor-section elementor-top-section elementor-element elementor-element-00f0331 elementor-section-boxed elementor-section-height-default elementor-section-height-default\" data-id=\"00f0331\" data-element_type=\"section\" data-e-type=\"section\">\n\t\t\t\t\t\t<div class=\"elementor-container elementor-column-gap-default\">\n\t\t\t\t\t<div class=\"elementor-column elementor-col-50 elementor-top-column elementor-element elementor-element-cb2978d\" data-id=\"cb2978d\" data-element_type=\"column\" data-e-type=\"column\">\n\t\t\t<div class=\"elementor-widget-wrap elementor-element-populated\">\n\t\t\t\t\t\t<div class=\"elementor-element elementor-element-9f812f5 elementor-widget elementor-widget-text-editor\" data-id=\"9f812f5\" data-element_type=\"widget\" data-e-type=\"widget\" data-widget_type=\"text-editor.default\">\n\t\t\t\t<div class=\"elementor-widget-container\">\n\t\t\t\t\t\t\t\t\t<p>Ecco una lista delle migliori citt\u00e0 sulle rive del Lago di Garda, perfette per le vacanze in famiglia.<\/p><p>Con spiagge incantevoli, parchi tematici e numerose attivit\u00e0 all&#8217;aperto, queste destinazioni offrono un&#8217;esperienza indimenticabile per tutta la famiglia sullo splendido Lago di Garda.<\/p><p><b>Vediamoli nel dettaglio!<\/b><\/p>\t\t\t\t\t\t\t\t<\/div>\n\t\t\t\t<\/div>\n\t\t\t\t\t<\/div>\n\t\t<\/div>\n\t\t\t\t<div class=\"elementor-column elementor-col-50 elementor-top-column elementor-element elementor-element-bc10be0\" data-id=\"bc10be0\" data-element_type=\"column\" data-e-type=\"column\">\n\t\t\t<div class=\"elementor-widget-wrap elementor-element-populated\">\n\t\t\t\t\t\t<div class=\"elementor-element elementor-element-56200ef elementor-widget elementor-widget-image\" data-id=\"56200ef\" data-element_type=\"widget\" data-e-type=\"widget\" data-widget_type=\"image.default\">\n\t\t\t\t<div class=\"elementor-widget-container\">\n\t\t\t\t\t\t\t\t\t\t\t\t\t\t\t<img loading=\"lazy\" decoding=\"async\" width=\"1680\" height=\"850\" src=\"https:\/\/www.domusrental.com\/blog\/wp-content\/uploads\/2024\/04\/family.jpg\" class=\"attachment-full size-full wp-image-1968\" alt=\"\" srcset=\"https:\/\/www.domusrental.com\/blog\/wp-content\/uploads\/2024\/04\/family.jpg 1680w, https:\/\/www.domusrental.com\/blog\/wp-content\/uploads\/2024\/04\/family-768x389.jpg 768w, https:\/\/www.domusrental.com\/blog\/wp-content\/uploads\/2024\/04\/family-1536x777.jpg 1536w\" sizes=\"(max-width: 1680px) 100vw, 1680px\" \/>\t\t\t\t\t\t\t\t\t\t\t\t\t\t\t<\/div>\n\t\t\t\t<\/div>\n\t\t\t\t\t<\/div>\n\t\t<\/div>\n\t\t\t\t\t<\/div>\n\t\t<\/section>\n\t\t\t\t<section class=\"elementor-section elementor-top-section elementor-element elementor-element-dc45195 elementor-section-boxed elementor-section-height-default elementor-section-height-default\" data-id=\"dc45195\" data-element_type=\"section\" data-e-type=\"section\">\n\t\t\t\t\t\t<div class=\"elementor-container elementor-column-gap-default\">\n\t\t\t\t\t<div class=\"elementor-column elementor-col-50 elementor-top-column elementor-element elementor-element-10de155\" data-id=\"10de155\" data-element_type=\"column\" data-e-type=\"column\">\n\t\t\t<div class=\"elementor-widget-wrap elementor-element-populated\">\n\t\t\t\t\t\t<div class=\"elementor-element elementor-element-38626e5 elementor-widget elementor-widget-heading\" data-id=\"38626e5\" data-element_type=\"widget\" data-e-type=\"widget\" data-widget_type=\"heading.default\">\n\t\t\t\t<div class=\"elementor-widget-container\">\n\t\t\t\t\t<h3 class=\"elementor-heading-title elementor-size-default\">Sirmione<\/h3>\t\t\t\t<\/div>\n\t\t\t\t<\/div>\n\t\t\t\t<div class=\"elementor-element elementor-element-f81b997 elementor-widget elementor-widget-text-editor\" data-id=\"f81b997\" data-element_type=\"widget\" data-e-type=\"widget\" data-widget_type=\"text-editor.default\">\n\t\t\t\t<div class=\"elementor-widget-container\">\n\t\t\t\t\t\t\t\t\t<p>Con le sue acque termali, il Castello Scaligero e le opportunit\u00e0 per passeggiate lungo il lungolago, Sirmione \u00e8 una destinazione ideale per le famiglie in cerca di relax e divertimento.<\/p>\t\t\t\t\t\t\t\t<\/div>\n\t\t\t\t<\/div>\n\t\t\t\t\t<\/div>\n\t\t<\/div>\n\t\t\t\t<div class=\"elementor-column elementor-col-50 elementor-top-column elementor-element elementor-element-6272a29\" data-id=\"6272a29\" data-element_type=\"column\" data-e-type=\"column\">\n\t\t\t<div class=\"elementor-widget-wrap elementor-element-populated\">\n\t\t\t\t\t\t<div class=\"elementor-element elementor-element-5db6aa8 elementor-widget elementor-widget-heading\" data-id=\"5db6aa8\" data-element_type=\"widget\" data-e-type=\"widget\" data-widget_type=\"heading.default\">\n\t\t\t\t<div class=\"elementor-widget-container\">\n\t\t\t\t\t<h3 class=\"elementor-heading-title elementor-size-default\"><a href=\"https:\/\/www.domusrental.com\/it\/affitti\/affitti-bardolino-d66641\/\">Bardolino<\/a><\/h3>\t\t\t\t<\/div>\n\t\t\t\t<\/div>\n\t\t\t\t<div class=\"elementor-element elementor-element-6473c5c elementor-widget elementor-widget-text-editor\" data-id=\"6473c5c\" data-element_type=\"widget\" data-e-type=\"widget\" data-widget_type=\"text-editor.default\">\n\t\t\t\t<div class=\"elementor-widget-container\">\n\t\t\t\t\t\t\t\t\t<p>Con le sue spiagge sabbiose, i parchi giochi e il famoso Giardino Botanico Heller, Bardolino offre un&#8217;atmosfera piacevole e divertente per le famiglie con bambini.<\/p>\t\t\t\t\t\t\t\t<\/div>\n\t\t\t\t<\/div>\n\t\t\t\t\t<\/div>\n\t\t<\/div>\n\t\t\t\t\t<\/div>\n\t\t<\/section>\n\t\t\t\t<section class=\"elementor-section elementor-top-section elementor-element elementor-element-404f452 elementor-section-boxed elementor-section-height-default elementor-section-height-default\" data-id=\"404f452\" data-element_type=\"section\" data-e-type=\"section\">\n\t\t\t\t\t\t<div class=\"elementor-container elementor-column-gap-default\">\n\t\t\t\t\t<div class=\"elementor-column elementor-col-50 elementor-top-column elementor-element elementor-element-10e4754\" data-id=\"10e4754\" data-element_type=\"column\" data-e-type=\"column\">\n\t\t\t<div class=\"elementor-widget-wrap elementor-element-populated\">\n\t\t\t\t\t\t<div class=\"elementor-element elementor-element-ea10a37 elementor-widget elementor-widget-heading\" data-id=\"ea10a37\" data-element_type=\"widget\" data-e-type=\"widget\" data-widget_type=\"heading.default\">\n\t\t\t\t<div class=\"elementor-widget-container\">\n\t\t\t\t\t<h3 class=\"elementor-heading-title elementor-size-default\"><a href=\"https:\/\/www.domusrental.com\/it\/affitti\/affitti-torri-del-benaco-d66838\/\">Torri del Benaco<\/a><\/h3>\t\t\t\t<\/div>\n\t\t\t\t<\/div>\n\t\t\t\t<div class=\"elementor-element elementor-element-911bb82 elementor-widget elementor-widget-text-editor\" data-id=\"911bb82\" data-element_type=\"widget\" data-e-type=\"widget\" data-widget_type=\"text-editor.default\">\n\t\t\t\t<div class=\"elementor-widget-container\">\n\t\t\t\t\t\t\t\t\t<p>Con il suo castello medievale, le spiagge tranquille e le opportunit\u00e0 per praticare sport acquatici, Torri del Benaco offre un&#8217;atmosfera autentica e rilassante per le famiglie con bambini che desiderano trascorrere del tempo insieme sulle rive del Lago di Garda.<\/p>\t\t\t\t\t\t\t\t<\/div>\n\t\t\t\t<\/div>\n\t\t\t\t\t<\/div>\n\t\t<\/div>\n\t\t\t\t<div class=\"elementor-column elementor-col-50 elementor-top-column elementor-element elementor-element-ac50910\" data-id=\"ac50910\" data-element_type=\"column\" data-e-type=\"column\">\n\t\t\t<div class=\"elementor-widget-wrap elementor-element-populated\">\n\t\t\t\t\t\t<div class=\"elementor-element elementor-element-2ff1e48 elementor-widget elementor-widget-heading\" data-id=\"2ff1e48\" data-element_type=\"widget\" data-e-type=\"widget\" data-widget_type=\"heading.default\">\n\t\t\t\t<div class=\"elementor-widget-container\">\n\t\t\t\t\t<h3 class=\"elementor-heading-title elementor-size-default\"><a href=\"https:\/\/www.domusrental.com\/it\/affitti\/affitti-lazise-d66733\/\">Lazise<\/a><\/h3>\t\t\t\t<\/div>\n\t\t\t\t<\/div>\n\t\t\t\t<div class=\"elementor-element elementor-element-c29b507 elementor-widget elementor-widget-text-editor\" data-id=\"c29b507\" data-element_type=\"widget\" data-e-type=\"widget\" data-widget_type=\"text-editor.default\">\n\t\t\t\t<div class=\"elementor-widget-container\">\n\t\t\t\t\t\t\t\t\t<p>Con il suo incantevole centro storico, le spiagge ben attrezzate e le varie attrazioni per famiglie, Lazise \u00e8 una destinazione perfetta per chi cerca una vacanza rilassante e divertente sul Lago di Garda.<\/p>\t\t\t\t\t\t\t\t<\/div>\n\t\t\t\t<\/div>\n\t\t\t\t\t<\/div>\n\t\t<\/div>\n\t\t\t\t\t<\/div>\n\t\t<\/section>\n\t\t\t\t<section class=\"elementor-section elementor-top-section elementor-element elementor-element-4196057 elementor-section-boxed elementor-section-height-default elementor-section-height-default\" data-id=\"4196057\" data-element_type=\"section\" data-e-type=\"section\">\n\t\t\t\t\t\t<div class=\"elementor-container elementor-column-gap-default\">\n\t\t\t\t\t<div class=\"elementor-column elementor-col-50 elementor-top-column elementor-element elementor-element-943c4c6\" data-id=\"943c4c6\" data-element_type=\"column\" data-e-type=\"column\">\n\t\t\t<div class=\"elementor-widget-wrap elementor-element-populated\">\n\t\t\t\t\t\t<div class=\"elementor-element elementor-element-23d061e elementor-widget elementor-widget-heading\" data-id=\"23d061e\" data-element_type=\"widget\" data-e-type=\"widget\" data-widget_type=\"heading.default\">\n\t\t\t\t<div class=\"elementor-widget-container\">\n\t\t\t\t\t<h3 class=\"elementor-heading-title elementor-size-default\"><a href=\"https:\/\/www.domusrental.com\/it\/affitti\/affitti-garda-d66711\/\">Garda<\/a><\/h3>\t\t\t\t<\/div>\n\t\t\t\t<\/div>\n\t\t\t\t<div class=\"elementor-element elementor-element-7115c18 elementor-widget elementor-widget-text-editor\" data-id=\"7115c18\" data-element_type=\"widget\" data-e-type=\"widget\" data-widget_type=\"text-editor.default\">\n\t\t\t\t<div class=\"elementor-widget-container\">\n\t\t\t\t\t\t\t\t\t<p>Con il suo centro storico affascinante, le spiagge accoglienti e le attivit\u00e0 ricreative come il Parco Baia delle Sirene, Garda \u00e8 una scelta eccellente per le famiglie in cerca di divertimento e cultura.<\/p>\t\t\t\t\t\t\t\t<\/div>\n\t\t\t\t<\/div>\n\t\t\t\t\t<\/div>\n\t\t<\/div>\n\t\t\t\t<div class=\"elementor-column elementor-col-50 elementor-top-column elementor-element elementor-element-c8a7833\" data-id=\"c8a7833\" data-element_type=\"column\" data-e-type=\"column\">\n\t\t\t<div class=\"elementor-widget-wrap elementor-element-populated\">\n\t\t\t\t\t\t<div class=\"elementor-element elementor-element-08f5076 elementor-widget elementor-widget-heading\" data-id=\"08f5076\" data-element_type=\"widget\" data-e-type=\"widget\" data-widget_type=\"heading.default\">\n\t\t\t\t<div class=\"elementor-widget-container\">\n\t\t\t\t\t<h3 class=\"elementor-heading-title elementor-size-default\">Desenzano del Garda<\/h3>\t\t\t\t<\/div>\n\t\t\t\t<\/div>\n\t\t\t\t<div class=\"elementor-element elementor-element-a5bd48c elementor-widget elementor-widget-text-editor\" data-id=\"a5bd48c\" data-element_type=\"widget\" data-e-type=\"widget\" data-widget_type=\"text-editor.default\">\n\t\t\t\t<div class=\"elementor-widget-container\">\n\t\t\t\t\t\t\t\t\t<p>Con una vasta gamma di attivit\u00e0, tra cui la passeggiata sul lungolago, i parchi giochi e le possibilit\u00e0 di praticare sport acquatici, Desenzano del Garda \u00e8 perfetta per le famiglie attive.<\/p>\t\t\t\t\t\t\t\t<\/div>\n\t\t\t\t<\/div>\n\t\t\t\t\t<\/div>\n\t\t<\/div>\n\t\t\t\t\t<\/div>\n\t\t<\/section>\n\t\t\t\t<section class=\"elementor-section elementor-top-section elementor-element elementor-element-14d944d elementor-section-boxed elementor-section-height-default elementor-section-height-default\" data-id=\"14d944d\" data-element_type=\"section\" data-e-type=\"section\">\n\t\t\t\t\t\t<div class=\"elementor-container elementor-column-gap-default\">\n\t\t\t\t\t<div class=\"elementor-column elementor-col-100 elementor-top-column elementor-element elementor-element-830a7cb\" data-id=\"830a7cb\" data-element_type=\"column\" data-e-type=\"column\">\n\t\t\t<div class=\"elementor-widget-wrap elementor-element-populated\">\n\t\t\t\t\t\t<div class=\"elementor-element elementor-element-a4528fd elementor-widget elementor-widget-heading\" data-id=\"a4528fd\" data-element_type=\"widget\" data-e-type=\"widget\" data-widget_type=\"heading.default\">\n\t\t\t\t<div class=\"elementor-widget-container\">\n\t\t\t\t\t<h2 class=\"elementor-heading-title elementor-size-default\">Dove alloggiare con bambini, vacanze di famiglia nel Lago di Garda<\/h2>\t\t\t\t<\/div>\n\t\t\t\t<\/div>\n\t\t\t\t<div class=\"elementor-element elementor-element-9dc1a52 elementor-widget elementor-widget-text-editor\" data-id=\"9dc1a52\" data-element_type=\"widget\" data-e-type=\"widget\" data-widget_type=\"text-editor.default\">\n\t\t\t\t<div class=\"elementor-widget-container\">\n\t\t\t\t\t\t\t\t\t<p>Per le vostre vacanze in famiglia sul Lago di Garda, potete scegliere tra una vasta gamma di alloggi, dai confortevoli appartamenti alle spaziose ville, per assicurare un soggiorno perfetto per tutta la famiglia.<\/p>\t\t\t\t\t\t\t\t<\/div>\n\t\t\t\t<\/div>\n\t\t\t\t\t<\/div>\n\t\t<\/div>\n\t\t\t\t\t<\/div>\n\t\t<\/section>\n\t\t\t\t<section class=\"elementor-section elementor-top-section elementor-element elementor-element-2419481 elementor-section-boxed elementor-section-height-default elementor-section-height-default\" data-id=\"2419481\" data-element_type=\"section\" data-e-type=\"section\">\n\t\t\t\t\t\t<div class=\"elementor-container elementor-column-gap-default\">\n\t\t\t\t\t<div class=\"elementor-column elementor-col-50 elementor-top-column elementor-element elementor-element-a2e4a8d\" data-id=\"a2e4a8d\" data-element_type=\"column\" data-e-type=\"column\">\n\t\t\t<div class=\"elementor-widget-wrap elementor-element-populated\">\n\t\t\t\t\t\t<div class=\"elementor-element elementor-element-3deb678 elementor-widget elementor-widget-heading\" data-id=\"3deb678\" data-element_type=\"widget\" data-e-type=\"widget\" data-widget_type=\"heading.default\">\n\t\t\t\t<div class=\"elementor-widget-container\">\n\t\t\t\t\t<h3 class=\"elementor-heading-title elementor-size-default\">Ville per famiglie nel Lago di Garda<\/h3>\t\t\t\t<\/div>\n\t\t\t\t<\/div>\n\t\t\t\t<div class=\"elementor-element elementor-element-0eae9c2 elementor-cta--skin-cover elementor-animated-content elementor-bg-transform elementor-bg-transform-zoom-in elementor-widget elementor-widget-call-to-action\" data-id=\"0eae9c2\" data-element_type=\"widget\" data-e-type=\"widget\" data-widget_type=\"call-to-action.default\">\n\t\t\t\t<div class=\"elementor-widget-container\">\n\t\t\t\t\t\t\t<div class=\"elementor-cta\">\n\t\t\t\t\t<div class=\"elementor-cta__bg-wrapper\">\n\t\t\t\t<div class=\"elementor-cta__bg elementor-bg\" style=\"background-image: url(https:\/\/www.domusrental.com\/blog\/wp-content\/uploads\/2024\/04\/villa-lake-1920x630.jpg);\" role=\"img\" aria-label=\"villa lake\"><\/div>\n\t\t\t\t<div class=\"elementor-cta__bg-overlay\"><\/div>\n\t\t\t<\/div>\n\t\t\t\t\t\t\t<div class=\"elementor-cta__content\">\n\t\t\t\t\n\t\t\t\t\n\t\t\t\t\t\t\t\t\t<div class=\"elementor-cta__description elementor-cta__content-item elementor-content-item elementor-animated-item--grow\">\n\t\t\t\t\t\tPiscina, barbecue e tanto altro!\t\t\t\t\t<\/div>\n\t\t\t\t\n\t\t\t\t\t\t\t\t\t<div class=\"elementor-cta__button-wrapper elementor-cta__content-item elementor-content-item elementor-animated-item--grow\">\n\t\t\t\t\t<a class=\"elementor-cta__button elementor-button elementor-size-\" href=\"https:\/\/www.domusrental.com\/it\/affitti\/affitti-ville-c2\/tag-adatto-per-le-famiglie-\/\">\n\t\t\t\t\t\tVille nel Lago di Garda per Famiglie\t\t\t\t\t<\/a>\n\t\t\t\t\t<\/div>\n\t\t\t\t\t\t\t<\/div>\n\t\t\t\t\t\t<\/div>\n\t\t\t\t\t\t<\/div>\n\t\t\t\t<\/div>\n\t\t\t\t<div class=\"elementor-element elementor-element-197469f elementor-widget elementor-widget-text-editor\" data-id=\"197469f\" data-element_type=\"widget\" data-e-type=\"widget\" data-widget_type=\"text-editor.default\">\n\t\t\t\t<div class=\"elementor-widget-container\">\n\t\t\t\t\t\t\t\t\t<p>Godetevi l&#8217;intimit\u00e0 e lo spazio di una villa privata, perfetta per famiglie numerose o per coloro che desiderano maggiore privacy. Con ampi giardini e piscine private, le ville offrono un ambiente ideale per rilassarsi e divertirsi insieme ai vostri bambini.<\/p>\t\t\t\t\t\t\t\t<\/div>\n\t\t\t\t<\/div>\n\t\t\t\t\t<\/div>\n\t\t<\/div>\n\t\t\t\t<div class=\"elementor-column elementor-col-50 elementor-top-column elementor-element elementor-element-6307e10\" data-id=\"6307e10\" data-element_type=\"column\" data-e-type=\"column\">\n\t\t\t<div class=\"elementor-widget-wrap elementor-element-populated\">\n\t\t\t\t\t\t<div class=\"elementor-element elementor-element-51d2639 elementor-widget elementor-widget-heading\" data-id=\"51d2639\" data-element_type=\"widget\" data-e-type=\"widget\" data-widget_type=\"heading.default\">\n\t\t\t\t<div class=\"elementor-widget-container\">\n\t\t\t\t\t<h3 class=\"elementor-heading-title elementor-size-default\">Appartamenti per famiglie nel Lago di Garda<\/h3>\t\t\t\t<\/div>\n\t\t\t\t<\/div>\n\t\t\t\t<div class=\"elementor-element elementor-element-d52e17d elementor-cta--skin-cover elementor-animated-content elementor-bg-transform elementor-bg-transform-zoom-in elementor-widget elementor-widget-call-to-action\" data-id=\"d52e17d\" data-element_type=\"widget\" data-e-type=\"widget\" data-widget_type=\"call-to-action.default\">\n\t\t\t\t<div class=\"elementor-widget-container\">\n\t\t\t\t\t\t\t<a class=\"elementor-cta\" href=\"https:\/\/www.domusrental.com\/it\/affitti\/affitti-appartamenti-c1\/tag-adatto-per-le-famiglie-\/\">\n\t\t\t\t\t<div class=\"elementor-cta__bg-wrapper\">\n\t\t\t\t<div class=\"elementor-cta__bg elementor-bg\" style=\"background-image: url(https:\/\/www.domusrental.com\/blog\/wp-content\/uploads\/2024\/04\/appartamenti-lake-1920x630.jpg);\" role=\"img\" aria-label=\"appartamenti lake\"><\/div>\n\t\t\t\t<div class=\"elementor-cta__bg-overlay\"><\/div>\n\t\t\t<\/div>\n\t\t\t\t\t\t\t<div class=\"elementor-cta__content\">\n\t\t\t\t\n\t\t\t\t\n\t\t\t\t\t\t\t\t\t<div class=\"elementor-cta__description elementor-cta__content-item elementor-content-item elementor-animated-item--grow\">\n\t\t\t\t\t\tCucina e tutte le comodit\u00e0 di casa!\t\t\t\t\t<\/div>\n\t\t\t\t\n\t\t\t\t\t\t\t\t\t<div class=\"elementor-cta__button-wrapper elementor-cta__content-item elementor-content-item elementor-animated-item--grow\">\n\t\t\t\t\t<span class=\"elementor-cta__button elementor-button elementor-size-\">\n\t\t\t\t\t\tAppartamenti nel Lago di Garda per Famiglie\t\t\t\t\t<\/span>\n\t\t\t\t\t<\/div>\n\t\t\t\t\t\t\t<\/div>\n\t\t\t\t\t\t<\/a>\n\t\t\t\t\t\t<\/div>\n\t\t\t\t<\/div>\n\t\t\t\t<div class=\"elementor-element elementor-element-20c6fa1 elementor-widget elementor-widget-text-editor\" data-id=\"20c6fa1\" data-element_type=\"widget\" data-e-type=\"widget\" data-widget_type=\"text-editor.default\">\n\t\t\t\t<div class=\"elementor-widget-container\">\n\t\t\t\t\t\t\t\t\t<p>Gli appartamenti sono una scelta conveniente per le famiglie pi\u00f9 piccole o per chi preferisce una soluzione pi\u00f9 economica. Con cucine completamente attrezzate e spazi living confortevoli, gli appartamenti offrono tutto il necessario per un soggiorno rilassante e piacevole per i bambini sul Lago di Garda.<\/p>\t\t\t\t\t\t\t\t<\/div>\n\t\t\t\t<\/div>\n\t\t\t\t\t<\/div>\n\t\t<\/div>\n\t\t\t\t\t<\/div>\n\t\t<\/section>\n\t\t\t\t<section class=\"elementor-section elementor-top-section elementor-element elementor-element-ff90e5b elementor-section-boxed elementor-section-height-default elementor-section-height-default\" data-id=\"ff90e5b\" data-element_type=\"section\" data-e-type=\"section\">\n\t\t\t\t\t\t<div class=\"elementor-container elementor-column-gap-default\">\n\t\t\t\t\t<div class=\"elementor-column elementor-col-100 elementor-top-column elementor-element elementor-element-e8e7d06\" data-id=\"e8e7d06\" data-element_type=\"column\" data-e-type=\"column\">\n\t\t\t<div class=\"elementor-widget-wrap elementor-element-populated\">\n\t\t\t\t\t\t<div class=\"elementor-element elementor-element-0f93bc0 elementor-align-center elementor-widget elementor-widget-button\" data-id=\"0f93bc0\" data-element_type=\"widget\" data-e-type=\"widget\" data-widget_type=\"button.default\">\n\t\t\t\t<div class=\"elementor-widget-container\">\n\t\t\t\t\t\t\t\t\t<div class=\"elementor-button-wrapper\">\n\t\t\t\t\t<a class=\"elementor-button elementor-button-link elementor-size-sm\" href=\"https:\/\/www.domusrental.com\/it\/affitti\/affitti-affitti-d0\/tag-adatto-per-le-famiglie-\/\">\n\t\t\t\t\t\t<span class=\"elementor-button-content-wrapper\">\n\t\t\t\t\t\t<span class=\"elementor-button-icon\">\n\t\t\t\t<i aria-hidden=\"true\" class=\"fas fa-home\"><\/i>\t\t\t<\/span>\n\t\t\t\t\t\t\t\t\t<span class=\"elementor-button-text\">Alloggi per famiglie in affitto nel Lago di Garda<\/span>\n\t\t\t\t\t<\/span>\n\t\t\t\t\t<\/a>\n\t\t\t\t<\/div>\n\t\t\t\t\t\t\t\t<\/div>\n\t\t\t\t<\/div>\n\t\t\t\t\t<\/div>\n\t\t<\/div>\n\t\t\t\t\t<\/div>\n\t\t<\/section>\n\t\t\t\t<\/div>\n\t\t","protected":false},"excerpt":{"rendered":"<p>In questo articolo esploreremo le opportunit\u00e0 che il Lago di Garda offre per le famiglie, un luogo dove storia e natura si fondono creando il perfetto scenario per una vacanza indimenticabile. Discuteremo le migliori attivit\u00e0 per i pi\u00f9 piccoli, dalle escursioni a nuoto nelle acque limpide del lago fino alla scoperta delle citt\u00e0 pi\u00f9 incantevoli. [&hellip;]<\/p>\n","protected":false},"author":2,"featured_media":2067,"comment_status":"open","ping_status":"closed","sticky":false,"template":"","format":"standard","meta":{"footnotes":""},"categories":[57],"tags":[],"class_list":["post-1933","post","type-post","status-publish","format-standard","has-post-thumbnail","hentry","category-lago-di-garda"],"yoast_head":"<!-- This site is optimized with the Yoast SEO plugin v27.5 - https:\/\/yoast.com\/product\/yoast-seo-wordpress\/ -->\n<title>Lago di Garda con bambini, vacanze di famiglia - Blog | Domus Rental<\/title>\n<meta name=\"description\" content=\"Vacanze di famiglia al Lago di Garda: divertimento per bambini e genitori. Prenota ora!\" \/>\n<meta name=\"robots\" content=\"index, follow, max-snippet:-1, max-image-preview:large, max-video-preview:-1\" \/>\n<link rel=\"canonical\" href=\"https:\/\/www.domusrental.com\/blog\/it\/lago-di-garda-con-bambini\/\" \/>\n<meta property=\"og:locale\" content=\"it_IT\" \/>\n<meta property=\"og:type\" content=\"article\" \/>\n<meta property=\"og:title\" content=\"Lago di Garda con bambini, vacanze di famiglia - Blog | Domus Rental\" \/>\n<meta property=\"og:description\" content=\"Vacanze di famiglia al Lago di Garda: divertimento per bambini e genitori. Prenota ora!\" \/>\n<meta property=\"og:url\" content=\"https:\/\/www.domusrental.com\/blog\/it\/lago-di-garda-con-bambini\/\" \/>\n<meta property=\"og:site_name\" content=\"Blog | Domus Rental\" \/>\n<meta property=\"article:publisher\" content=\"https:\/\/www.facebook.com\/domusrental\" \/>\n<meta property=\"article:published_time\" content=\"2024-04-24T11:15:44+00:00\" \/>\n<meta property=\"article:modified_time\" content=\"2025-01-21T15:07:57+00:00\" \/>\n<meta property=\"og:image\" content=\"https:\/\/www.domusrental.com\/blog\/wp-content\/uploads\/2024\/04\/header-2.jpg\" \/>\n\t<meta property=\"og:image:width\" content=\"2121\" \/>\n\t<meta property=\"og:image:height\" content=\"1414\" \/>\n\t<meta property=\"og:image:type\" content=\"image\/jpeg\" \/>\n<meta name=\"author\" content=\"digitalservices\" \/>\n<meta name=\"twitter:card\" content=\"summary_large_image\" \/>\n<meta name=\"twitter:creator\" content=\"@DomusRental\" \/>\n<meta name=\"twitter:site\" content=\"@DomusRental\" \/>\n<meta name=\"twitter:label1\" content=\"Scritto da\" \/>\n\t<meta name=\"twitter:data1\" content=\"digitalservices\" \/>\n\t<meta name=\"twitter:label2\" content=\"Tempo di lettura stimato\" \/>\n\t<meta name=\"twitter:data2\" content=\"11 minuti\" \/>\n<script type=\"application\/ld+json\" class=\"yoast-schema-graph\">{\"@context\":\"https:\\\/\\\/schema.org\",\"@graph\":[{\"@type\":\"Article\",\"@id\":\"https:\\\/\\\/www.domusrental.com\\\/blog\\\/it\\\/lago-di-garda-con-bambini\\\/#article\",\"isPartOf\":{\"@id\":\"https:\\\/\\\/www.domusrental.com\\\/blog\\\/it\\\/lago-di-garda-con-bambini\\\/\"},\"author\":{\"name\":\"digitalservices\",\"@id\":\"https:\\\/\\\/www.domusrental.com\\\/blog\\\/#\\\/schema\\\/person\\\/4704eef53d63fc41b94477baca3572f8\"},\"headline\":\"Lago di Garda con bambini, vacanze di famiglia\",\"datePublished\":\"2024-04-24T11:15:44+00:00\",\"dateModified\":\"2025-01-21T15:07:57+00:00\",\"mainEntityOfPage\":{\"@id\":\"https:\\\/\\\/www.domusrental.com\\\/blog\\\/it\\\/lago-di-garda-con-bambini\\\/\"},\"wordCount\":1385,\"commentCount\":0,\"publisher\":{\"@id\":\"https:\\\/\\\/www.domusrental.com\\\/blog\\\/#organization\"},\"image\":{\"@id\":\"https:\\\/\\\/www.domusrental.com\\\/blog\\\/it\\\/lago-di-garda-con-bambini\\\/#primaryimage\"},\"thumbnailUrl\":\"https:\\\/\\\/www.domusrental.com\\\/blog\\\/wp-content\\\/uploads\\\/2024\\\/04\\\/header-2.jpg\",\"articleSection\":[\"Lago di Garda\"],\"inLanguage\":\"it-IT\",\"potentialAction\":[{\"@type\":\"CommentAction\",\"name\":\"Comment\",\"target\":[\"https:\\\/\\\/www.domusrental.com\\\/blog\\\/it\\\/lago-di-garda-con-bambini\\\/#respond\"]}]},{\"@type\":\"WebPage\",\"@id\":\"https:\\\/\\\/www.domusrental.com\\\/blog\\\/it\\\/lago-di-garda-con-bambini\\\/\",\"url\":\"https:\\\/\\\/www.domusrental.com\\\/blog\\\/it\\\/lago-di-garda-con-bambini\\\/\",\"name\":\"Lago di Garda con bambini, vacanze di famiglia - Blog | Domus Rental\",\"isPartOf\":{\"@id\":\"https:\\\/\\\/www.domusrental.com\\\/blog\\\/#website\"},\"primaryImageOfPage\":{\"@id\":\"https:\\\/\\\/www.domusrental.com\\\/blog\\\/it\\\/lago-di-garda-con-bambini\\\/#primaryimage\"},\"image\":{\"@id\":\"https:\\\/\\\/www.domusrental.com\\\/blog\\\/it\\\/lago-di-garda-con-bambini\\\/#primaryimage\"},\"thumbnailUrl\":\"https:\\\/\\\/www.domusrental.com\\\/blog\\\/wp-content\\\/uploads\\\/2024\\\/04\\\/header-2.jpg\",\"datePublished\":\"2024-04-24T11:15:44+00:00\",\"dateModified\":\"2025-01-21T15:07:57+00:00\",\"description\":\"Vacanze di famiglia al Lago di Garda: divertimento per bambini e genitori. Prenota ora!\",\"breadcrumb\":{\"@id\":\"https:\\\/\\\/www.domusrental.com\\\/blog\\\/it\\\/lago-di-garda-con-bambini\\\/#breadcrumb\"},\"inLanguage\":\"it-IT\",\"potentialAction\":[{\"@type\":\"ReadAction\",\"target\":[\"https:\\\/\\\/www.domusrental.com\\\/blog\\\/it\\\/lago-di-garda-con-bambini\\\/\"]}]},{\"@type\":\"ImageObject\",\"inLanguage\":\"it-IT\",\"@id\":\"https:\\\/\\\/www.domusrental.com\\\/blog\\\/it\\\/lago-di-garda-con-bambini\\\/#primaryimage\",\"url\":\"https:\\\/\\\/www.domusrental.com\\\/blog\\\/wp-content\\\/uploads\\\/2024\\\/04\\\/header-2.jpg\",\"contentUrl\":\"https:\\\/\\\/www.domusrental.com\\\/blog\\\/wp-content\\\/uploads\\\/2024\\\/04\\\/header-2.jpg\",\"width\":2121,\"height\":1414,\"caption\":\"Two little sisters enjoying scenic aerial view of Riva del Garda town, located on a shore of Garda lake, surrounded by beautiful rocky mountains. Spectacular autumn sunset.\"},{\"@type\":\"BreadcrumbList\",\"@id\":\"https:\\\/\\\/www.domusrental.com\\\/blog\\\/it\\\/lago-di-garda-con-bambini\\\/#breadcrumb\",\"itemListElement\":[{\"@type\":\"ListItem\",\"position\":1,\"name\":\"Home\",\"item\":\"https:\\\/\\\/www.domusrental.com\\\/blog\\\/it\\\/\"},{\"@type\":\"ListItem\",\"position\":2,\"name\":\"Lago di Garda con bambini, vacanze di famiglia\"}]},{\"@type\":\"WebSite\",\"@id\":\"https:\\\/\\\/www.domusrental.com\\\/blog\\\/#website\",\"url\":\"https:\\\/\\\/www.domusrental.com\\\/blog\\\/\",\"name\":\"Domus Rental\",\"description\":\"\",\"publisher\":{\"@id\":\"https:\\\/\\\/www.domusrental.com\\\/blog\\\/#organization\"},\"potentialAction\":[{\"@type\":\"SearchAction\",\"target\":{\"@type\":\"EntryPoint\",\"urlTemplate\":\"https:\\\/\\\/www.domusrental.com\\\/blog\\\/?s={search_term_string}\"},\"query-input\":{\"@type\":\"PropertyValueSpecification\",\"valueRequired\":true,\"valueName\":\"search_term_string\"}}],\"inLanguage\":\"it-IT\"},{\"@type\":\"Organization\",\"@id\":\"https:\\\/\\\/www.domusrental.com\\\/blog\\\/#organization\",\"name\":\"Blog | Domus Rental\",\"url\":\"https:\\\/\\\/www.domusrental.com\\\/blog\\\/\",\"logo\":{\"@type\":\"ImageObject\",\"inLanguage\":\"it-IT\",\"@id\":\"https:\\\/\\\/www.domusrental.com\\\/blog\\\/#\\\/schema\\\/logo\\\/image\\\/\",\"url\":\"https:\\\/\\\/www.domusrental.com\\\/blog\\\/wp-content\\\/uploads\\\/2024\\\/04\\\/favicon.png\",\"contentUrl\":\"https:\\\/\\\/www.domusrental.com\\\/blog\\\/wp-content\\\/uploads\\\/2024\\\/04\\\/favicon.png\",\"width\":298,\"height\":298,\"caption\":\"Blog | Domus Rental\"},\"image\":{\"@id\":\"https:\\\/\\\/www.domusrental.com\\\/blog\\\/#\\\/schema\\\/logo\\\/image\\\/\"},\"sameAs\":[\"https:\\\/\\\/www.facebook.com\\\/domusrental\",\"https:\\\/\\\/x.com\\\/DomusRental\"]},{\"@type\":\"Person\",\"@id\":\"https:\\\/\\\/www.domusrental.com\\\/blog\\\/#\\\/schema\\\/person\\\/4704eef53d63fc41b94477baca3572f8\",\"name\":\"digitalservices\",\"image\":{\"@type\":\"ImageObject\",\"inLanguage\":\"it-IT\",\"@id\":\"https:\\\/\\\/secure.gravatar.com\\\/avatar\\\/af30f88a1904294c1f3eb09a9d7903eec4ffa18fa2cf40c28a8681014ecdfc20?s=96&d=mm&r=g\",\"url\":\"https:\\\/\\\/secure.gravatar.com\\\/avatar\\\/af30f88a1904294c1f3eb09a9d7903eec4ffa18fa2cf40c28a8681014ecdfc20?s=96&d=mm&r=g\",\"contentUrl\":\"https:\\\/\\\/secure.gravatar.com\\\/avatar\\\/af30f88a1904294c1f3eb09a9d7903eec4ffa18fa2cf40c28a8681014ecdfc20?s=96&d=mm&r=g\",\"caption\":\"digitalservices\"},\"url\":\"https:\\\/\\\/www.domusrental.com\\\/blog\\\/it\\\/author\\\/digitalservices\\\/\"}]}<\/script>\n<!-- \/ Yoast SEO plugin. -->","yoast_head_json":{"title":"Lago di Garda con bambini, vacanze di famiglia - Blog | Domus Rental","description":"Vacanze di famiglia al Lago di Garda: divertimento per bambini e genitori. Prenota ora!","robots":{"index":"index","follow":"follow","max-snippet":"max-snippet:-1","max-image-preview":"max-image-preview:large","max-video-preview":"max-video-preview:-1"},"canonical":"https:\/\/www.domusrental.com\/blog\/it\/lago-di-garda-con-bambini\/","og_locale":"it_IT","og_type":"article","og_title":"Lago di Garda con bambini, vacanze di famiglia - Blog | Domus Rental","og_description":"Vacanze di famiglia al Lago di Garda: divertimento per bambini e genitori. Prenota ora!","og_url":"https:\/\/www.domusrental.com\/blog\/it\/lago-di-garda-con-bambini\/","og_site_name":"Blog | Domus Rental","article_publisher":"https:\/\/www.facebook.com\/domusrental","article_published_time":"2024-04-24T11:15:44+00:00","article_modified_time":"2025-01-21T15:07:57+00:00","og_image":[{"width":2121,"height":1414,"url":"https:\/\/www.domusrental.com\/blog\/wp-content\/uploads\/2024\/04\/header-2.jpg","type":"image\/jpeg"}],"author":"digitalservices","twitter_card":"summary_large_image","twitter_creator":"@DomusRental","twitter_site":"@DomusRental","twitter_misc":{"Scritto da":"digitalservices","Tempo di lettura stimato":"11 minuti"},"schema":{"@context":"https:\/\/schema.org","@graph":[{"@type":"Article","@id":"https:\/\/www.domusrental.com\/blog\/it\/lago-di-garda-con-bambini\/#article","isPartOf":{"@id":"https:\/\/www.domusrental.com\/blog\/it\/lago-di-garda-con-bambini\/"},"author":{"name":"digitalservices","@id":"https:\/\/www.domusrental.com\/blog\/#\/schema\/person\/4704eef53d63fc41b94477baca3572f8"},"headline":"Lago di Garda con bambini, vacanze di famiglia","datePublished":"2024-04-24T11:15:44+00:00","dateModified":"2025-01-21T15:07:57+00:00","mainEntityOfPage":{"@id":"https:\/\/www.domusrental.com\/blog\/it\/lago-di-garda-con-bambini\/"},"wordCount":1385,"commentCount":0,"publisher":{"@id":"https:\/\/www.domusrental.com\/blog\/#organization"},"image":{"@id":"https:\/\/www.domusrental.com\/blog\/it\/lago-di-garda-con-bambini\/#primaryimage"},"thumbnailUrl":"https:\/\/www.domusrental.com\/blog\/wp-content\/uploads\/2024\/04\/header-2.jpg","articleSection":["Lago di Garda"],"inLanguage":"it-IT","potentialAction":[{"@type":"CommentAction","name":"Comment","target":["https:\/\/www.domusrental.com\/blog\/it\/lago-di-garda-con-bambini\/#respond"]}]},{"@type":"WebPage","@id":"https:\/\/www.domusrental.com\/blog\/it\/lago-di-garda-con-bambini\/","url":"https:\/\/www.domusrental.com\/blog\/it\/lago-di-garda-con-bambini\/","name":"Lago di Garda con bambini, vacanze di famiglia - Blog | Domus Rental","isPartOf":{"@id":"https:\/\/www.domusrental.com\/blog\/#website"},"primaryImageOfPage":{"@id":"https:\/\/www.domusrental.com\/blog\/it\/lago-di-garda-con-bambini\/#primaryimage"},"image":{"@id":"https:\/\/www.domusrental.com\/blog\/it\/lago-di-garda-con-bambini\/#primaryimage"},"thumbnailUrl":"https:\/\/www.domusrental.com\/blog\/wp-content\/uploads\/2024\/04\/header-2.jpg","datePublished":"2024-04-24T11:15:44+00:00","dateModified":"2025-01-21T15:07:57+00:00","description":"Vacanze di famiglia al Lago di Garda: divertimento per bambini e genitori. Prenota ora!","breadcrumb":{"@id":"https:\/\/www.domusrental.com\/blog\/it\/lago-di-garda-con-bambini\/#breadcrumb"},"inLanguage":"it-IT","potentialAction":[{"@type":"ReadAction","target":["https:\/\/www.domusrental.com\/blog\/it\/lago-di-garda-con-bambini\/"]}]},{"@type":"ImageObject","inLanguage":"it-IT","@id":"https:\/\/www.domusrental.com\/blog\/it\/lago-di-garda-con-bambini\/#primaryimage","url":"https:\/\/www.domusrental.com\/blog\/wp-content\/uploads\/2024\/04\/header-2.jpg","contentUrl":"https:\/\/www.domusrental.com\/blog\/wp-content\/uploads\/2024\/04\/header-2.jpg","width":2121,"height":1414,"caption":"Two little sisters enjoying scenic aerial view of Riva del Garda town, located on a shore of Garda lake, surrounded by beautiful rocky mountains. Spectacular autumn sunset."},{"@type":"BreadcrumbList","@id":"https:\/\/www.domusrental.com\/blog\/it\/lago-di-garda-con-bambini\/#breadcrumb","itemListElement":[{"@type":"ListItem","position":1,"name":"Home","item":"https:\/\/www.domusrental.com\/blog\/it\/"},{"@type":"ListItem","position":2,"name":"Lago di Garda con bambini, vacanze di famiglia"}]},{"@type":"WebSite","@id":"https:\/\/www.domusrental.com\/blog\/#website","url":"https:\/\/www.domusrental.com\/blog\/","name":"Domus Rental","description":"","publisher":{"@id":"https:\/\/www.domusrental.com\/blog\/#organization"},"potentialAction":[{"@type":"SearchAction","target":{"@type":"EntryPoint","urlTemplate":"https:\/\/www.domusrental.com\/blog\/?s={search_term_string}"},"query-input":{"@type":"PropertyValueSpecification","valueRequired":true,"valueName":"search_term_string"}}],"inLanguage":"it-IT"},{"@type":"Organization","@id":"https:\/\/www.domusrental.com\/blog\/#organization","name":"Blog | Domus Rental","url":"https:\/\/www.domusrental.com\/blog\/","logo":{"@type":"ImageObject","inLanguage":"it-IT","@id":"https:\/\/www.domusrental.com\/blog\/#\/schema\/logo\/image\/","url":"https:\/\/www.domusrental.com\/blog\/wp-content\/uploads\/2024\/04\/favicon.png","contentUrl":"https:\/\/www.domusrental.com\/blog\/wp-content\/uploads\/2024\/04\/favicon.png","width":298,"height":298,"caption":"Blog | Domus Rental"},"image":{"@id":"https:\/\/www.domusrental.com\/blog\/#\/schema\/logo\/image\/"},"sameAs":["https:\/\/www.facebook.com\/domusrental","https:\/\/x.com\/DomusRental"]},{"@type":"Person","@id":"https:\/\/www.domusrental.com\/blog\/#\/schema\/person\/4704eef53d63fc41b94477baca3572f8","name":"digitalservices","image":{"@type":"ImageObject","inLanguage":"it-IT","@id":"https:\/\/secure.gravatar.com\/avatar\/af30f88a1904294c1f3eb09a9d7903eec4ffa18fa2cf40c28a8681014ecdfc20?s=96&d=mm&r=g","url":"https:\/\/secure.gravatar.com\/avatar\/af30f88a1904294c1f3eb09a9d7903eec4ffa18fa2cf40c28a8681014ecdfc20?s=96&d=mm&r=g","contentUrl":"https:\/\/secure.gravatar.com\/avatar\/af30f88a1904294c1f3eb09a9d7903eec4ffa18fa2cf40c28a8681014ecdfc20?s=96&d=mm&r=g","caption":"digitalservices"},"url":"https:\/\/www.domusrental.com\/blog\/it\/author\/digitalservices\/"}]}},"_links":{"self":[{"href":"https:\/\/www.domusrental.com\/blog\/it\/wp-json\/wp\/v2\/posts\/1933","targetHints":{"allow":["GET"]}}],"collection":[{"href":"https:\/\/www.domusrental.com\/blog\/it\/wp-json\/wp\/v2\/posts"}],"about":[{"href":"https:\/\/www.domusrental.com\/blog\/it\/wp-json\/wp\/v2\/types\/post"}],"author":[{"embeddable":true,"href":"https:\/\/www.domusrental.com\/blog\/it\/wp-json\/wp\/v2\/users\/2"}],"replies":[{"embeddable":true,"href":"https:\/\/www.domusrental.com\/blog\/it\/wp-json\/wp\/v2\/comments?post=1933"}],"version-history":[{"count":37,"href":"https:\/\/www.domusrental.com\/blog\/it\/wp-json\/wp\/v2\/posts\/1933\/revisions"}],"predecessor-version":[{"id":2885,"href":"https:\/\/www.domusrental.com\/blog\/it\/wp-json\/wp\/v2\/posts\/1933\/revisions\/2885"}],"wp:featuredmedia":[{"embeddable":true,"href":"https:\/\/www.domusrental.com\/blog\/it\/wp-json\/wp\/v2\/media\/2067"}],"wp:attachment":[{"href":"https:\/\/www.domusrental.com\/blog\/it\/wp-json\/wp\/v2\/media?parent=1933"}],"wp:term":[{"taxonomy":"category","embeddable":true,"href":"https:\/\/www.domusrental.com\/blog\/it\/wp-json\/wp\/v2\/categories?post=1933"},{"taxonomy":"post_tag","embeddable":true,"href":"https:\/\/www.domusrental.com\/blog\/it\/wp-json\/wp\/v2\/tags?post=1933"}],"curies":[{"name":"wp","href":"https:\/\/api.w.org\/{rel}","templated":true}]}}