{"id":3047,"date":"2024-12-18T13:01:28","date_gmt":"2024-12-18T13:01:28","guid":{"rendered":"https:\/\/www.domusrental.com\/blog\/?p=3047"},"modified":"2025-09-23T08:00:47","modified_gmt":"2025-09-23T08:00:47","slug":"lago-di-garda-in-inverno","status":"publish","type":"post","link":"https:\/\/www.domusrental.com\/blog\/it\/lago-di-garda-in-inverno\/","title":{"rendered":"Cosa fare al Lago di Garda in inverno\u200b"},"content":{"rendered":"\t\t<div data-elementor-type=\"wp-post\" data-elementor-id=\"3047\" class=\"elementor elementor-3047\" data-elementor-post-type=\"post\">\n\t\t\t\t\t\t<section class=\"elementor-section elementor-top-section elementor-element elementor-element-814c7d7 elementor-section-boxed elementor-section-height-default elementor-section-height-default\" data-id=\"814c7d7\" data-element_type=\"section\" data-e-type=\"section\">\n\t\t\t\t\t\t<div class=\"elementor-container elementor-column-gap-default\">\n\t\t\t\t\t<div class=\"elementor-column elementor-col-100 elementor-top-column elementor-element elementor-element-fb205ea\" data-id=\"fb205ea\" data-element_type=\"column\" data-e-type=\"column\">\n\t\t\t<div class=\"elementor-widget-wrap elementor-element-populated\">\n\t\t\t\t\t\t<div class=\"elementor-element elementor-element-a1b30b0 elementor-widget elementor-widget-text-editor\" data-id=\"a1b30b0\" data-element_type=\"widget\" data-e-type=\"widget\" data-widget_type=\"text-editor.default\">\n\t\t\t\t<div class=\"elementor-widget-container\">\n\t\t\t\t\t\t\t\t\t<p>Hai mai pensato di scoprire il Lago di Garda in inverno? Questa perla italiana si trasforma durante i mesi pi\u00f9 freddi, offrendo una serie di esperienze uniche che vanno dal trekking sui <strong>sentieri innevati alle rilassanti giornate nelle terme locali<\/strong>. Che tu sia in compagnia della famiglia, alla ricerca di attivit\u00e0 adatte ai bambini, o semplicemente desideroso di esplorare i paesaggi invernali a piedi o con gli sci, il Lago di Garda ha molto da offrire.<\/p><p>Unisciti a noi in questo viaggio alla scoperta delle migliori attivit\u00e0 invernali e dei luoghi pi\u00f9 incantevoli da visitare sul Lago di Garda!<\/p>\t\t\t\t\t\t\t\t<\/div>\n\t\t\t\t<\/div>\n\t\t\t\t<div class=\"elementor-element elementor-element-faeeae9 elementor-toc--minimized-on-tablet elementor-widget elementor-widget-table-of-contents\" data-id=\"faeeae9\" data-element_type=\"widget\" data-e-type=\"widget\" data-settings=\"{&quot;headings_by_tags&quot;:[&quot;h2&quot;],&quot;exclude_headings_by_selector&quot;:[],&quot;marker_view&quot;:&quot;bullets&quot;,&quot;icon&quot;:{&quot;value&quot;:&quot;fas fa-arrow-right&quot;,&quot;library&quot;:&quot;fa-solid&quot;},&quot;no_headings_message&quot;:&quot;No headings were found on this page.&quot;,&quot;minimize_box&quot;:&quot;yes&quot;,&quot;minimized_on&quot;:&quot;tablet&quot;,&quot;hierarchical_view&quot;:&quot;yes&quot;,&quot;min_height&quot;:{&quot;unit&quot;:&quot;px&quot;,&quot;size&quot;:&quot;&quot;,&quot;sizes&quot;:[]},&quot;min_height_tablet&quot;:{&quot;unit&quot;:&quot;px&quot;,&quot;size&quot;:&quot;&quot;,&quot;sizes&quot;:[]},&quot;min_height_mobile&quot;:{&quot;unit&quot;:&quot;px&quot;,&quot;size&quot;:&quot;&quot;,&quot;sizes&quot;:[]}}\" data-widget_type=\"table-of-contents.default\">\n\t\t\t\t<div class=\"elementor-widget-container\">\n\t\t\t\t\t\t\t\t\t<div class=\"elementor-toc__header\">\n\t\t\t\t\t\t<h4 class=\"elementor-toc__header-title\">\n\t\t\t\tDi cosa parleremo in questo articolo...\t\t\t<\/h4>\n\t\t\t\t\t\t\t\t\t\t<div class=\"elementor-toc__toggle-button elementor-toc__toggle-button--expand\" role=\"button\" tabindex=\"0\" aria-controls=\"elementor-toc__faeeae9\" aria-expanded=\"true\" aria-label=\"Apri l&#039;indice dei contenuti\"><i aria-hidden=\"true\" class=\"fas fa-chevron-down\"><\/i><\/div>\n\t\t\t\t<div class=\"elementor-toc__toggle-button elementor-toc__toggle-button--collapse\" role=\"button\" tabindex=\"0\" aria-controls=\"elementor-toc__faeeae9\" aria-expanded=\"true\" aria-label=\"Chiudi l&#039;indice dei contenuti\"><i aria-hidden=\"true\" class=\"fas fa-chevron-up\"><\/i><\/div>\n\t\t\t\t\t<\/div>\n\t\t\t\t<div id=\"elementor-toc__faeeae9\" class=\"elementor-toc__body\">\n\t\t\t<div class=\"elementor-toc__spinner-container\">\n\t\t\t\t<i class=\"elementor-toc__spinner eicon-animation-spin eicon-loading\" aria-hidden=\"true\"><\/i>\t\t\t<\/div>\n\t\t<\/div>\n\t\t\t\t\t\t<\/div>\n\t\t\t\t<\/div>\n\t\t\t\t<div class=\"elementor-element elementor-element-a1ad633 elementor-widget elementor-widget-heading\" data-id=\"a1ad633\" data-element_type=\"widget\" data-e-type=\"widget\" data-widget_type=\"heading.default\">\n\t\t\t\t<div class=\"elementor-widget-container\">\n\t\t\t\t\t<h2 class=\"elementor-heading-title elementor-size-default\">Cosa vedere al Lago di Garda in inverno<\/h2>\t\t\t\t<\/div>\n\t\t\t\t<\/div>\n\t\t\t\t<div class=\"elementor-element elementor-element-30dbd4d elementor-widget elementor-widget-text-editor\" data-id=\"30dbd4d\" data-element_type=\"widget\" data-e-type=\"widget\" data-widget_type=\"text-editor.default\">\n\t\t\t\t<div class=\"elementor-widget-container\">\n\t\t\t\t\t\t\t\t\t<p>Durante l&#8217;inverno, il Lago di Garda si trasforma in un luogo affascinante e tranquillo, perfetto per chi cerca di ammirare i suoi siti pi\u00f9 iconici senza la folla estiva. Ecco alcuni luoghi e monumenti da non perdere:<\/p><ul><li><p><strong>Sirmione<\/strong>: Conosciuta per le sue incantevoli rovine romane, tra cui le Grotte di Catullo, Sirmione si mostra in tutto il suo splendore invernale, offrendo una vista mozzafiato sul lago immerso nella tranquillit\u00e0 invernale.<\/p><\/li><li><p><strong>Malcesine<\/strong>: Visitare il Castello Scaligero durante l&#8217;inverno offre un&#8217;atmosfera quasi magica, con la possibilit\u00e0 di godere di panorami mozzafiati del lago gelato dai suoi bastioni.<\/p><\/li><li><p><strong>Riva del Garda<\/strong>: Il caratteristico centro storico con la sua Torre Apponale e il Museo Alto Garda \u00e8 particolarmente suggestivo con il tocco invernale, e le montagne innevate che fanno da sfondo al paesaggio lacustre.<\/p><\/li><\/ul><p>In inverno, le temperature al Lago di Garda variano generalmente <strong>tra i 1\u00b0C e i 10\u00b0C<\/strong>. Non \u00e8 raro vedere la neve sui monti circostanti, specialmente nelle zone pi\u00f9 alte come Monte Baldo, ma \u00e8 meno comune che nevichi direttamente sulle rive del lago, rendendo il paesaggio invernale pittoresco ma spesso libero da neve abbondante.<\/p>\t\t\t\t\t\t\t\t<\/div>\n\t\t\t\t<\/div>\n\t\t\t\t<div class=\"elementor-element elementor-element-3e4ee66 elementor-widget elementor-widget-heading\" data-id=\"3e4ee66\" data-element_type=\"widget\" data-e-type=\"widget\" data-widget_type=\"heading.default\">\n\t\t\t\t<div class=\"elementor-widget-container\">\n\t\t\t\t\t<h2 class=\"elementor-heading-title elementor-size-default\">Aperitivo e passeggiata al Lago di Garda in inverno <\/h2>\t\t\t\t<\/div>\n\t\t\t\t<\/div>\n\t\t\t\t<div class=\"elementor-element elementor-element-fe8167f elementor-widget elementor-widget-image\" data-id=\"fe8167f\" data-element_type=\"widget\" data-e-type=\"widget\" data-widget_type=\"image.default\">\n\t\t\t\t<div class=\"elementor-widget-container\">\n\t\t\t\t\t\t\t\t\t\t\t\t\t\t\t<img fetchpriority=\"high\" decoding=\"async\" width=\"768\" height=\"512\" src=\"https:\/\/www.domusrental.com\/blog\/wp-content\/uploads\/2024\/12\/aperitivo-lago-di-garda-768x512.jpg\" class=\"attachment-medium_large size-medium_large wp-image-3062\" alt=\"\" srcset=\"https:\/\/www.domusrental.com\/blog\/wp-content\/uploads\/2024\/12\/aperitivo-lago-di-garda-768x512.jpg 768w, https:\/\/www.domusrental.com\/blog\/wp-content\/uploads\/2024\/12\/aperitivo-lago-di-garda.jpg 1253w\" sizes=\"(max-width: 768px) 100vw, 768px\" \/>\t\t\t\t\t\t\t\t\t\t\t\t\t\t\t<\/div>\n\t\t\t\t<\/div>\n\t\t\t\t<div class=\"elementor-element elementor-element-7d2d330 elementor-widget elementor-widget-text-editor\" data-id=\"7d2d330\" data-element_type=\"widget\" data-e-type=\"widget\" data-widget_type=\"text-editor.default\">\n\t\t\t\t<div class=\"elementor-widget-container\">\n\t\t\t\t\t\t\t\t\t<p>L&#8217;inverno al Lago di Garda trasforma la gastronomia e le attivit\u00e0 all&#8217;aperto in esperienze uniche e suggestive. Nei mesi freddi, i ristoranti locali si adeguano alla stagione con men\u00f9 che esaltano i sapori tradizionali, come i bigoli con le sardine, la polenta condita con funghi e formaggi, e l&#8217;olio d&#8217;oliva del Garda. Questi piatti ricchi e confortanti si possono gustare particolarmente durante l&#8217;aperitivo,<strong> un momento conviviale e riscaldato nei bar e caff\u00e8 che offrono spazi coperti e accoglienti, perfetti per godersi un vino locale come il Lugana o uno spritz, accompagnati da stuzzichini regionali.<\/strong><\/p><p>Parallelamente, le passeggiate invernali lungo il lago offrono panorami sereni e a tratti incantati, con i sentieri che si snodano tra paesaggi tranquilli e spesso adornati da una leggera coltre di neve. Localit\u00e0 come <strong>Limone sul Garda e Torbole diventano scenari ideali per camminate rilassanti<\/strong>, dove si pu\u00f2 apprezzare la quiete del lago e osservare la fauna che sverna, immergendosi in un&#8217;atmosfera invernale di rara bellezza e tranquillit\u00e0. Queste esperienze all&#8217;aperto si legano armoniosamente alla cultura dell&#8217;aperitivo e della gastronomia, rendendo una visita invernale al Lago di Garda ricca di scoperte culinarie e visive.<\/p>\t\t\t\t\t\t\t\t<\/div>\n\t\t\t\t<\/div>\n\t\t\t\t<div class=\"elementor-element elementor-element-a7208f3 elementor-widget elementor-widget-heading\" data-id=\"a7208f3\" data-element_type=\"widget\" data-e-type=\"widget\" data-widget_type=\"heading.default\">\n\t\t\t\t<div class=\"elementor-widget-container\">\n\t\t\t\t\t<h2 class=\"elementor-heading-title elementor-size-default\">Escursioni e trekking invernali al Lago di Garda <\/h2>\t\t\t\t<\/div>\n\t\t\t\t<\/div>\n\t\t\t\t<div class=\"elementor-element elementor-element-95322fc elementor-widget elementor-widget-image\" data-id=\"95322fc\" data-element_type=\"widget\" data-e-type=\"widget\" data-widget_type=\"image.default\">\n\t\t\t\t<div class=\"elementor-widget-container\">\n\t\t\t\t\t\t\t\t\t\t\t\t\t\t\t<img decoding=\"async\" width=\"768\" height=\"512\" src=\"https:\/\/www.domusrental.com\/blog\/wp-content\/uploads\/2024\/12\/trekking-lago-di-garda-768x512.jpg\" class=\"attachment-medium_large size-medium_large wp-image-3065\" alt=\"trekking lago di garda\" srcset=\"https:\/\/www.domusrental.com\/blog\/wp-content\/uploads\/2024\/12\/trekking-lago-di-garda-768x512.jpg 768w, https:\/\/www.domusrental.com\/blog\/wp-content\/uploads\/2024\/12\/trekking-lago-di-garda.jpg 1254w\" sizes=\"(max-width: 768px) 100vw, 768px\" \/>\t\t\t\t\t\t\t\t\t\t\t\t\t\t\t<\/div>\n\t\t\t\t<\/div>\n\t\t\t\t<div class=\"elementor-element elementor-element-526074f elementor-widget elementor-widget-text-editor\" data-id=\"526074f\" data-element_type=\"widget\" data-e-type=\"widget\" data-widget_type=\"text-editor.default\">\n\t\t\t\t<div class=\"elementor-widget-container\">\n\t\t\t\t\t\t\t\t\t<div class=\"flex-shrink-0 flex flex-col relative items-end\"><div><div class=\"pt-0\"><div class=\"gizmo-bot-avatar flex h-8 w-8 items-center justify-center overflow-hidden rounded-full\"><div class=\"relative p-1 rounded-sm flex items-center justify-center bg-token-main-surface-primary text-token-text-primary h-8 w-8\">Tra le molteplici opzioni di trekking ed escursioni invernali disponibili al Lago di Garda, ecco le tre pi\u00f9 importanti che offrono esperienze uniche e panoramiche indimenticabili:<\/div><\/div><\/div><\/div><\/div><div class=\"group\/conversation-turn relative flex w-full min-w-0 flex-col agent-turn\"><div class=\"flex-col gap-1 md:gap-3\"><div class=\"flex max-w-full flex-col flex-grow\"><div class=\"min-h-8 text-message flex w-full flex-col items-end gap-2 whitespace-normal break-words text-start [.text-message+&amp;]:mt-5\" dir=\"auto\" data-message-author-role=\"assistant\" data-message-id=\"d9af8693-7d6f-4429-976d-a6fd9470c2e1\" data-message-model-slug=\"gpt-4\"><div class=\"flex w-full flex-col gap-1 empty:hidden first:pt-[3px]\"><div class=\"markdown prose w-full break-words dark:prose-invert dark\"><ul><li><p><strong>Monte Baldo<\/strong>: Conosciuto per la sua straordinaria biodiversit\u00e0 e spesso chiamato il &#8220;giardino d&#8217;Europa&#8221;, il Monte Baldo offre una variet\u00e0 di sentieri adatti a tutti i livelli di escursionisti. Gli impianti di risalita di Malcesine facilitano l&#8217;accesso ai numerosi percorsi che si snodano lungo il monte, offrendo viste spettacolari sul lago e sulla regione circostante. \u00c8 il luogo ideale per chi cerca un&#8217;escursione ricca di natura e panorami mozzafiato.<\/p><\/li><li><p><strong>Sentiero del Ponale<\/strong>: Uno dei sentieri pi\u00f9 iconici e fotografati del Lago di Garda, il Sentiero del Ponale offre viste eccezionali del lago e delle montagne. Il percorso inizia da Riva del Garda e si dirige verso sud, snodandosi lungo la costa con tratti che offrono punti di vista impressionanti. \u00c8 perfetto per una camminata relativamente facile ma estremamente gratificante.<\/p><\/li><li><p><strong>Parco Alto Garda Bresciano<\/strong>: Questo vasto parco naturale si estende su diverse zone climatiche e altitudini, offrendo un&#8217;incredibile variet\u00e0 di sentieri da esplorare. I percorsi variano da quelli costieri a quelli montani, attraversando paesaggi diversificati che includono foreste lussureggianti e viste panoramiche sul lago. Gli amanti del trekking troveranno qui un vero paradiso, con itinerari che soddisfano sia i principianti sia gli escursionisti pi\u00f9 esperti.<\/p><\/li><\/ul><\/div><\/div><\/div><\/div><\/div><\/div>\t\t\t\t\t\t\t\t<\/div>\n\t\t\t\t<\/div>\n\t\t\t\t<div class=\"elementor-element elementor-element-e7cb8d0 elementor-widget elementor-widget-heading\" data-id=\"e7cb8d0\" data-element_type=\"widget\" data-e-type=\"widget\" data-widget_type=\"heading.default\">\n\t\t\t\t<div class=\"elementor-widget-container\">\n\t\t\t\t\t<h2 class=\"elementor-heading-title elementor-size-default\">Terme e spa in inverno sul Lago di Garda<\/h2>\t\t\t\t<\/div>\n\t\t\t\t<\/div>\n\t\t\t\t<div class=\"elementor-element elementor-element-241c6ca elementor-widget elementor-widget-image\" data-id=\"241c6ca\" data-element_type=\"widget\" data-e-type=\"widget\" data-widget_type=\"image.default\">\n\t\t\t\t<div class=\"elementor-widget-container\">\n\t\t\t\t\t\t\t\t\t\t\t\t\t\t\t<img decoding=\"async\" width=\"768\" height=\"576\" src=\"https:\/\/www.domusrental.com\/blog\/wp-content\/uploads\/2024\/12\/terme-lago-di-garda-1-768x576.jpg\" class=\"attachment-medium_large size-medium_large wp-image-3071\" alt=\"\" srcset=\"https:\/\/www.domusrental.com\/blog\/wp-content\/uploads\/2024\/12\/terme-lago-di-garda-1-768x576.jpg 768w, https:\/\/www.domusrental.com\/blog\/wp-content\/uploads\/2024\/12\/terme-lago-di-garda-1.jpg 1183w\" sizes=\"(max-width: 768px) 100vw, 768px\" \/>\t\t\t\t\t\t\t\t\t\t\t\t\t\t\t<\/div>\n\t\t\t\t<\/div>\n\t\t\t\t<div class=\"elementor-element elementor-element-49382e5 elementor-widget elementor-widget-text-editor\" data-id=\"49382e5\" data-element_type=\"widget\" data-e-type=\"widget\" data-widget_type=\"text-editor.default\">\n\t\t\t\t<div class=\"elementor-widget-container\">\n\t\t\t\t\t\t\t\t\t<p>Il Lago di Garda \u00e8 noto non solo per le sue bellezze naturali e le attivit\u00e0 all&#8217;aperto, ma anche per le sue terme, che offrono relax e trattamenti benessere in un ambiente sereno e pittoresco. Ecco alcune delle terme pi\u00f9 popolari sul Lago di Garda:<\/p><ul><li><p><a href=\"https:\/\/www.termedisirmione.com\/\" target=\"_blank\" rel=\"noopener\"><strong>Terme di Sirmione<\/strong><\/a>: Le Terme di Sirmione sono tra le pi\u00f9 famose sul Lago di Garda, grazie alle loro acque sulfuree che sgorgano naturalmente dal fondo del lago a una temperatura di circa 70\u00b0C. Queste acque sono note per le loro propriet\u00e0 terapeutiche, particolarmente efficaci per il trattamento di problemi respiratori e reumatici. Le Terme di Sirmione offrono una vasta gamma di trattamenti termali, inclusi bagni termali, massaggi, e inalazioni.<\/p><\/li><li><p><a href=\"https:\/\/www.termedisirmione.com\/spathermalgarden\/\" target=\"_blank\" rel=\"noopener\"><strong>Aquaria Thermal Spa<\/strong><\/a>: Situata anch&#8217;essa a Sirmione, Aquaria \u00e8 una spa termale che offre una vista spettacolare sul lago. Con pi\u00f9 di 10.000 metri quadrati di strutture, tra cui piscine termali interne ed esterne, saune, bagni di vapore e aree di relax, Aquaria \u00e8 il luogo ideale per chi cerca un&#8217;esperienza di totale benessere immerso in un ambiente tranquillo e rigenerante.<\/p><\/li><li><p><a href=\"https:\/\/www.villadeicedri.it\/\" target=\"_blank\" rel=\"noopener\"><strong>Villa dei Cedri<\/strong><\/a>: Questa struttura termale si trova a Col\u00e0 di Lazise, in un parco privato con laghi termali naturali circondati da piante secolari e cedri. Le acque ricche di minerali di Villa dei Cedri sono ideali per trattamenti dermatologici e per il rilassamento muscolare, e la loro temperatura costante di 37\u00b0C permette di godersi un bagno termale anche durante i mesi pi\u00f9 freddi.<\/p><\/li><\/ul>\t\t\t\t\t\t\t\t<\/div>\n\t\t\t\t<\/div>\n\t\t\t\t<div class=\"elementor-element elementor-element-0bc67ea elementor-widget elementor-widget-heading\" data-id=\"0bc67ea\" data-element_type=\"widget\" data-e-type=\"widget\" data-widget_type=\"heading.default\">\n\t\t\t\t<div class=\"elementor-widget-container\">\n\t\t\t\t\t<h2 class=\"elementor-heading-title elementor-size-default\">Scegli una case vacanza con camino al Lago di Garda<\/h2>\t\t\t\t<\/div>\n\t\t\t\t<\/div>\n\t\t\t\t<div class=\"elementor-element elementor-element-50a9194 elementor-widget elementor-widget-text-editor\" data-id=\"50a9194\" data-element_type=\"widget\" data-e-type=\"widget\" data-widget_type=\"text-editor.default\">\n\t\t\t\t<div class=\"elementor-widget-container\">\n\t\t\t\t\t\t\t\t\t<div class=\"flex-shrink-0 flex flex-col relative items-end\"><div><div class=\"pt-0\"><div class=\"gizmo-bot-avatar flex h-8 w-8 items-center justify-center overflow-hidden rounded-full\"><div class=\"relative p-1 rounded-sm flex items-center justify-center bg-token-main-surface-primary text-token-text-primary h-8 w-8\">Scopri il calore e il comfort delle nostre esclusive case vacanza al Lago di Garda, dove ogni dettaglio \u00e8 pensato per offrire un&#8217;esperienza indimenticabile. <strong>Immagina di rilassarti davanti al crepitio di un camino acceso, avvolto nella tranquillit\u00e0 delle nostre ville e appartamenti selezionati<\/strong>, che non solo vantano riscaldamento efficiente per garantire il tuo comfort anche nelle giornate pi\u00f9 fredde, ma alcune offrono anche l&#8217;<a href=\"https:\/\/www.domusrental.com\/it\/affitti\/affitti-affitti-d0\/tag-lago-di-garda\/sauna\/\" target=\"_blank\" rel=\"noopener\">opzione di una sauna privata<\/a> per il massimo del relax.<\/div><\/div><\/div><\/div><\/div><div class=\"group\/conversation-turn relative flex w-full min-w-0 flex-col agent-turn\"><div class=\"flex-col gap-1 md:gap-3\"><div class=\"flex max-w-full flex-col flex-grow\"><div class=\"min-h-8 text-message flex w-full flex-col items-end gap-2 whitespace-normal break-words text-start [.text-message+&amp;]:mt-5\" dir=\"auto\" data-message-author-role=\"assistant\" data-message-id=\"45f38526-1d6e-410a-a2eb-4a8f70c8648f\" data-message-model-slug=\"gpt-4\"><div class=\"flex w-full flex-col gap-1 empty:hidden first:pt-[3px]\"><div class=\"markdown prose w-full break-words dark:prose-invert dark\"><p>Ogni alloggio \u00e8 progettato con stile e dotato di tutte le comodit\u00e0 moderne, situato in posizioni privilegiate che ti permettono di godere di viste mozzafiato sul Lago di Garda. Che tu stia cercando un rifugio romantico o un luogo spazioso per la famiglia, le nostre case vacanza sono la scelta perfetta per immergerti nella bellezza naturale del lago, con la certezza di un soggiorno caldo, accogliente e rilassante.<\/p><p>Scegli il lusso accessibile e <strong>la pace della mente<\/strong>, <strong>scegli le nostre ville e appartamenti al Lago di Garda.<\/strong><\/p><\/div><\/div><\/div><\/div><\/div><\/div>\t\t\t\t\t\t\t\t<\/div>\n\t\t\t\t<\/div>\n\t\t\t\t\t<\/div>\n\t\t<\/div>\n\t\t\t\t\t<\/div>\n\t\t<\/section>\n\t\t<div class=\"elementor-element elementor-element-846b4ff e-flex e-con-boxed e-con e-parent\" data-id=\"846b4ff\" data-element_type=\"container\" data-e-type=\"container\">\n\t\t\t\t\t<div class=\"e-con-inner\">\n\t\t<div class=\"elementor-element elementor-element-cd11b99 e-con-full e-flex e-con e-child\" data-id=\"cd11b99\" data-element_type=\"container\" data-e-type=\"container\">\n\t\t\t\t<div class=\"elementor-element elementor-element-d05268b elementor-cta--skin-cover elementor-animated-content elementor-widget elementor-widget-call-to-action\" data-id=\"d05268b\" data-element_type=\"widget\" data-e-type=\"widget\" data-widget_type=\"call-to-action.default\">\n\t\t\t\t<div class=\"elementor-widget-container\">\n\t\t\t\t\t\t\t<div class=\"elementor-cta\">\n\t\t\t\t\t<div class=\"elementor-cta__bg-wrapper\">\n\t\t\t\t<div class=\"elementor-cta__bg elementor-bg\" style=\"background-image: url(https:\/\/www.domusrental.com\/blog\/wp-content\/uploads\/2024\/12\/casa-con-camino-lago-di-garda-1920x630.jpg);\" role=\"img\" aria-label=\"casa con camino lago di garda\"><\/div>\n\t\t\t\t<div class=\"elementor-cta__bg-overlay\"><\/div>\n\t\t\t<\/div>\n\t\t\t\t\t\t\t<div class=\"elementor-cta__content\">\n\t\t\t\t\n\t\t\t\t\t\t\t\t\t<h3 class=\"elementor-cta__title elementor-cta__content-item elementor-content-item elementor-animated-item--grow\">\n\t\t\t\t\t\tVille e appartamenti al Lago di Garda per l'inverno\t\t\t\t\t<\/h3>\n\t\t\t\t\n\t\t\t\t\n\t\t\t\t\t\t\t\t\t<div class=\"elementor-cta__button-wrapper elementor-cta__content-item elementor-content-item elementor-animated-item--grow\">\n\t\t\t\t\t<a class=\"elementor-cta__button elementor-button elementor-size-\" href=\"https:\/\/www.domusrental.com\/it\/affitti\/affitti-affitti-d0\/tag-lago-di-garda\/camino\/\">\n\t\t\t\t\t\tPrenota ora!\t\t\t\t\t<\/a>\n\t\t\t\t\t<\/div>\n\t\t\t\t\t\t\t<\/div>\n\t\t\t\t\t\t<\/div>\n\t\t\t\t\t\t<\/div>\n\t\t\t\t<\/div>\n\t\t\t\t<\/div>\n\t\t<div class=\"elementor-element elementor-element-fe4a116 e-con-full e-flex e-con e-child\" data-id=\"fe4a116\" data-element_type=\"container\" data-e-type=\"container\">\n\t\t\t\t<div class=\"elementor-element elementor-element-338391d elementor-widget elementor-widget-grid\" data-id=\"338391d\" data-element_type=\"widget\" data-e-type=\"widget\" data-widget_type=\"grid.default\">\n\t\t\t\t<div class=\"elementor-widget-container\">\n\t\t\t\t\t\t\t<div class=\"its--row alojamientos-recomendados\">\n\n\t\t\t<div class=\"alojamientos-recomendados-container\">\n\n\t\t\t\t\t\n\t\t\t\t\t<a href=\"https:\/\/www.domusrental.com\/it\/affitti\/appartamento-torri-del-benaco-north-house-with-pool-and-lake-view-230900.html\" rel=\"nofollow\" style=\"width: 23%;\">\n\t\t\t\t\t\t<div class=\"apartamento-box\">\n\t\t\t\t\t\t\t<div class=\"imagen_recomendados\">\n\t\t\t\t\t\t\t\t<img decoding=\"async\" src=\"https:\/\/crs.avantio.com\/fotos\/3\/17743411521e87e1410c61066fc6fd92df043d8cad\/big1774341517cb489bdc1a913eec8bbd769a056bc608.jpg\" alt=\"North House\">\n\t\t\t\t\t\t\t<\/div>\n\t\t\t\t\t\t\t<div class=\"info\">\n\t\t\t\t\t\t\t\t<div class=\"ubicacion\">\n\t\t\t\t\t\t\t\t\t<i class=\"fa-solid fa-location-dot icono-mapa\"><\/i><span class=\"ubicacion-texto\">Torri del Benaco - Verona<\/span>\n\t\t\t\t\t\t\t\t<\/div>\n\t\t\t\t\t\t\t\t<H4 class=\"titulo-alojamiento\">\n\t\t\t\t\t\t\t\t\tNorth House\t\t\t\t\t\t\t\t<\/H4>\n\t\t\t\t\t\t\t\t<p class=\"precio-alojamiento\">Da <span class=\"precio\">150.00\u20ac<\/span> per notte<\/p>\n\t\t\t\t\t\t\t<\/div>\n\t\t\t\t\t\t<\/div>\n\t\t\t\t\t<\/a> \n\t\t\t\t\t\t\n\t\t\t\t\t<a href=\"https:\/\/www.domusrental.com\/it\/affitti\/appartamento-torri-del-benaco-casa-al-lago-with-pool-and-lake-view-231003.html\" rel=\"nofollow\" style=\"width: 23%;\">\n\t\t\t\t\t\t<div class=\"apartamento-box\">\n\t\t\t\t\t\t\t<div class=\"imagen_recomendados\">\n\t\t\t\t\t\t\t\t<img decoding=\"async\" src=\"https:\/\/crs.avantio.com\/fotos\/2\/1516706555f358b870b7e0540b771e80a20cb83851\/big17743450388bef1a1f2e7029100ec9e56c31fea102.jpg\" alt=\"Casa al Lago - 4 posti piscina condivisa in Torri del Benaco\">\n\t\t\t\t\t\t\t<\/div>\n\t\t\t\t\t\t\t<div class=\"info\">\n\t\t\t\t\t\t\t\t<div class=\"ubicacion\">\n\t\t\t\t\t\t\t\t\t<i class=\"fa-solid fa-location-dot icono-mapa\"><\/i><span class=\"ubicacion-texto\">Torri del Benaco - Verona<\/span>\n\t\t\t\t\t\t\t\t<\/div>\n\t\t\t\t\t\t\t\t<H4 class=\"titulo-alojamiento\">\n\t\t\t\t\t\t\t\t\tCasa al Lago - 4 posti piscina condivisa in Torri del Benaco\t\t\t\t\t\t\t\t<\/H4>\n\t\t\t\t\t\t\t\t<p class=\"precio-alojamiento\">Da <span class=\"precio\">171.00\u20ac<\/span> per notte<\/p>\n\t\t\t\t\t\t\t<\/div>\n\t\t\t\t\t\t<\/div>\n\t\t\t\t\t<\/a> \n\t\t\t\t\t\t\n\t\t\t\t\t<a href=\"https:\/\/www.domusrental.com\/it\/affitti\/appartamento-torri-del-benaco-south-house-with-pool-and-lake-view-231057.html\" rel=\"nofollow\" style=\"width: 23%;\">\n\t\t\t\t\t\t<div class=\"apartamento-box\">\n\t\t\t\t\t\t\t<div class=\"imagen_recomendados\">\n\t\t\t\t\t\t\t\t<img decoding=\"async\" src=\"https:\/\/crs.avantio.com\/fotos\/2\/15167196892ad22e945057abfe384ec797fc046c09\/big1774343041e7a38288bf67fb6f7ec2401ece96cd6b.jpg\" alt=\"South House - 4 posti letto, piscina condivisa a Torri del Benaco\">\n\t\t\t\t\t\t\t<\/div>\n\t\t\t\t\t\t\t<div class=\"info\">\n\t\t\t\t\t\t\t\t<div class=\"ubicacion\">\n\t\t\t\t\t\t\t\t\t<i class=\"fa-solid fa-location-dot icono-mapa\"><\/i><span class=\"ubicacion-texto\">Torri del Benaco - Verona<\/span>\n\t\t\t\t\t\t\t\t<\/div>\n\t\t\t\t\t\t\t\t<H4 class=\"titulo-alojamiento\">\n\t\t\t\t\t\t\t\t\tSouth House - 4 posti letto, piscina condivisa a Torri del Benaco\t\t\t\t\t\t\t\t<\/H4>\n\t\t\t\t\t\t\t\t<p class=\"precio-alojamiento\">Da <span class=\"precio\">150.00\u20ac<\/span> per notte<\/p>\n\t\t\t\t\t\t\t<\/div>\n\t\t\t\t\t\t<\/div>\n\t\t\t\t\t<\/a> \n\t\t\t\t\t\t\n\t\t\t\t\t<a href=\"https:\/\/www.domusrental.com\/it\/affitti\/appartamento-torri-del-benaco-apartment-del-pescatore-in-downtown-231168.html\" rel=\"nofollow\" style=\"width: 23%;\">\n\t\t\t\t\t\t<div class=\"apartamento-box\">\n\t\t\t\t\t\t\t<div class=\"imagen_recomendados\">\n\t\t\t\t\t\t\t\t<img decoding=\"async\" src=\"https:\/\/crs.avantio.com\/fotos\/2\/15167825941627bb8388dbbf6977805207d392bc0c\/big15167826637ff6957ae28da6cb0a0fdf48fbea2923.jpg\" alt=\"Appartamento del Pescatore - 6 posti letto in centro storico di Torri del Benaco\">\n\t\t\t\t\t\t\t<\/div>\n\t\t\t\t\t\t\t<div class=\"info\">\n\t\t\t\t\t\t\t\t<div class=\"ubicacion\">\n\t\t\t\t\t\t\t\t\t<i class=\"fa-solid fa-location-dot icono-mapa\"><\/i><span class=\"ubicacion-texto\">Torri del Benaco - Verona<\/span>\n\t\t\t\t\t\t\t\t<\/div>\n\t\t\t\t\t\t\t\t<H4 class=\"titulo-alojamiento\">\n\t\t\t\t\t\t\t\t\tAppartamento del Pescatore - 6 posti letto in centro storico di Torri del Benaco\t\t\t\t\t\t\t\t<\/H4>\n\t\t\t\t\t\t\t\t<p class=\"precio-alojamiento\">Da <span class=\"precio\">152.00\u20ac<\/span> per notte<\/p>\n\t\t\t\t\t\t\t<\/div>\n\t\t\t\t\t\t<\/div>\n\t\t\t\t\t<\/a> \n\t\t\t\t\t\t\n\t\t\t\t\t<a href=\"https:\/\/www.domusrental.com\/it\/affitti\/appartamento-torri-del-benaco-watercolor-loft-with-lake-view-231177.html\" rel=\"nofollow\" style=\"width: 23%;\">\n\t\t\t\t\t\t<div class=\"apartamento-box\">\n\t\t\t\t\t\t\t<div class=\"imagen_recomendados\">\n\t\t\t\t\t\t\t\t<img decoding=\"async\" src=\"https:\/\/crs.avantio.com\/fotos\/2\/151678707151304cd22feb3c8876ffeed56ef1463c\/big1726216721abd2cfe2a44eaba90a9966d33a4682e5.jpg\" alt=\"Watercolor Loft - 4 posti con terrazze vista lago a Pai di Torri del Benaco\">\n\t\t\t\t\t\t\t<\/div>\n\t\t\t\t\t\t\t<div class=\"info\">\n\t\t\t\t\t\t\t\t<div class=\"ubicacion\">\n\t\t\t\t\t\t\t\t\t<i class=\"fa-solid fa-location-dot icono-mapa\"><\/i><span class=\"ubicacion-texto\">Torri del Benaco - Verona<\/span>\n\t\t\t\t\t\t\t\t<\/div>\n\t\t\t\t\t\t\t\t<H4 class=\"titulo-alojamiento\">\n\t\t\t\t\t\t\t\t\tWatercolor Loft - 4 posti con terrazze vista lago a Pai di Torri del Benaco\t\t\t\t\t\t\t\t<\/H4>\n\t\t\t\t\t\t\t\t<p class=\"precio-alojamiento\">Da <span class=\"precio\">140.00\u20ac<\/span> per notte<\/p>\n\t\t\t\t\t\t\t<\/div>\n\t\t\t\t\t\t<\/div>\n\t\t\t\t\t<\/a> \n\t\t\t\t\t\t\n\t\t\t\t\t<a href=\"https:\/\/www.domusrental.com\/it\/affitti\/appartamento-torri-del-benaco-greenery-loft-with-lake-view-231186.html\" rel=\"nofollow\" style=\"width: 23%;\">\n\t\t\t\t\t\t<div class=\"apartamento-box\">\n\t\t\t\t\t\t\t<div class=\"imagen_recomendados\">\n\t\t\t\t\t\t\t\t<img decoding=\"async\" src=\"https:\/\/crs.avantio.com\/fotos\/2\/15167899692b3df4b2eda15c6c7bd63e772a851bac\/big17296722507735fd087805f0046fed226c753f5fb0.jpg\" alt=\"Greenery Loft - 4 posti letto,con terrazza vista lago in Pai di Torri del Benaco\">\n\t\t\t\t\t\t\t<\/div>\n\t\t\t\t\t\t\t<div class=\"info\">\n\t\t\t\t\t\t\t\t<div class=\"ubicacion\">\n\t\t\t\t\t\t\t\t\t<i class=\"fa-solid fa-location-dot icono-mapa\"><\/i><span class=\"ubicacion-texto\">Torri del Benaco - Verona<\/span>\n\t\t\t\t\t\t\t\t<\/div>\n\t\t\t\t\t\t\t\t<H4 class=\"titulo-alojamiento\">\n\t\t\t\t\t\t\t\t\tGreenery Loft - 4 posti letto,con terrazza vista lago in Pai di Torri del Benaco\t\t\t\t\t\t\t\t<\/H4>\n\t\t\t\t\t\t\t\t<p class=\"precio-alojamiento\">Da <span class=\"precio\">140.00\u20ac<\/span> per notte<\/p>\n\t\t\t\t\t\t\t<\/div>\n\t\t\t\t\t\t<\/div>\n\t\t\t\t\t<\/a> \n\t\t\t\t\t\t\n\t\t\t\t\t<a href=\"https:\/\/www.domusrental.com\/it\/affitti\/appartamento-torri-del-benaco-residence-alle-torri-with-pool-231387.html\" rel=\"nofollow\" style=\"width: 23%;\">\n\t\t\t\t\t\t<div class=\"apartamento-box\">\n\t\t\t\t\t\t\t<div class=\"imagen_recomendados\">\n\t\t\t\t\t\t\t\t<img decoding=\"async\" src=\"https:\/\/crs.avantio.com\/fotos\/2\/151689770191e7ae73ef3ad705f46e3eff61b9139b\/big151689772888add91869ceb16733a88780734adc58.jpg\" alt=\"Residence alle Torri - 4 posti letto in residence con piscina in Albisano di Torri del Benaco\">\n\t\t\t\t\t\t\t<\/div>\n\t\t\t\t\t\t\t<div class=\"info\">\n\t\t\t\t\t\t\t\t<div class=\"ubicacion\">\n\t\t\t\t\t\t\t\t\t<i class=\"fa-solid fa-location-dot icono-mapa\"><\/i><span class=\"ubicacion-texto\">Torri del Benaco - Verona<\/span>\n\t\t\t\t\t\t\t\t<\/div>\n\t\t\t\t\t\t\t\t<H4 class=\"titulo-alojamiento\">\n\t\t\t\t\t\t\t\t\tResidence alle Torri - 4 posti letto in residence con piscina in Albisano di Torri del Benaco\t\t\t\t\t\t\t\t<\/H4>\n\t\t\t\t\t\t\t\t<p class=\"precio-alojamiento\">Da <span class=\"precio\">140.00\u20ac<\/span> per notte<\/p>\n\t\t\t\t\t\t\t<\/div>\n\t\t\t\t\t\t<\/div>\n\t\t\t\t\t<\/a> \n\t\t\t\t\t\t\n\t\t\t\t\t<a href=\"https:\/\/www.domusrental.com\/it\/affitti\/appartamento-torri-del-benaco-casa-beatrice-231793.html\" rel=\"nofollow\" style=\"width: 23%;\">\n\t\t\t\t\t\t<div class=\"apartamento-box\">\n\t\t\t\t\t\t\t<div class=\"imagen_recomendados\">\n\t\t\t\t\t\t\t\t<img decoding=\"async\" src=\"https:\/\/crs.avantio.com\/fotos\/2\/1517225629800dc67680034bad4d2297fdde784943\/big1717576508fe3bff2a72e7aeec1e8d07de2a2760c3.jpg\" alt=\"Casa Beatrice - 5 posti letto vicino al lago a Pai di Torri del Benaco\">\n\t\t\t\t\t\t\t<\/div>\n\t\t\t\t\t\t\t<div class=\"info\">\n\t\t\t\t\t\t\t\t<div class=\"ubicacion\">\n\t\t\t\t\t\t\t\t\t<i class=\"fa-solid fa-location-dot icono-mapa\"><\/i><span class=\"ubicacion-texto\">Torri del Benaco - Verona<\/span>\n\t\t\t\t\t\t\t\t<\/div>\n\t\t\t\t\t\t\t\t<H4 class=\"titulo-alojamiento\">\n\t\t\t\t\t\t\t\t\tCasa Beatrice - 5 posti letto vicino al lago a Pai di Torri del Benaco\t\t\t\t\t\t\t\t<\/H4>\n\t\t\t\t\t\t\t\t<p class=\"precio-alojamiento\">Da <span class=\"precio\">180.00\u20ac<\/span> per notte<\/p>\n\t\t\t\t\t\t\t<\/div>\n\t\t\t\t\t\t<\/div>\n\t\t\t\t\t<\/a> \n\t\t\t\t\t\t\t\t<\/div>\n\t\t\t<\/div>\n\t\t\t\t\t\t<\/div>\n\t\t\t\t<\/div>\n\t\t\t\t<\/div>\n\t\t\t\t\t<\/div>\n\t\t\t\t<\/div>\n\t\t\t\t<\/div>\n\t\t","protected":false},"excerpt":{"rendered":"<p>Hai mai pensato di scoprire il Lago di Garda in inverno? Questa perla italiana si trasforma durante i mesi pi\u00f9 freddi, offrendo una serie di esperienze uniche che vanno dal trekking sui sentieri innevati alle rilassanti giornate nelle terme locali. Che tu sia in compagnia della famiglia, alla ricerca di attivit\u00e0 adatte ai bambini, o [&hellip;]<\/p>\n","protected":false},"author":2,"featured_media":3053,"comment_status":"open","ping_status":"closed","sticky":false,"template":"","format":"standard","meta":{"footnotes":""},"categories":[57],"tags":[],"class_list":["post-3047","post","type-post","status-publish","format-standard","has-post-thumbnail","hentry","category-lago-di-garda"],"yoast_head":"<!-- This site is optimized with the Yoast SEO plugin v27.5 - https:\/\/yoast.com\/product\/yoast-seo-wordpress\/ -->\n<title>Cosa fare al Lago di Garda in inverno\u200b - Blog | Domus Rental<\/title>\n<meta name=\"description\" content=\"Scopri il fascino invernale del Lago di Garda. Goditi le terme, gli aperitivi e le escursioni invernali in uno dei paesaggi d&#039;Italia!\" \/>\n<meta name=\"robots\" content=\"index, follow, max-snippet:-1, max-image-preview:large, max-video-preview:-1\" \/>\n<link rel=\"canonical\" href=\"https:\/\/www.domusrental.com\/blog\/it\/lago-di-garda-in-inverno\/\" \/>\n<meta property=\"og:locale\" content=\"it_IT\" \/>\n<meta property=\"og:type\" content=\"article\" \/>\n<meta property=\"og:title\" content=\"Cosa fare al Lago di Garda in inverno\u200b - Blog | Domus Rental\" \/>\n<meta property=\"og:description\" content=\"Scopri il fascino invernale del Lago di Garda. Goditi le terme, gli aperitivi e le escursioni invernali in uno dei paesaggi d&#039;Italia!\" \/>\n<meta property=\"og:url\" content=\"https:\/\/www.domusrental.com\/blog\/it\/lago-di-garda-in-inverno\/\" \/>\n<meta property=\"og:site_name\" content=\"Blog | Domus Rental\" \/>\n<meta property=\"article:publisher\" content=\"https:\/\/www.facebook.com\/domusrental\" \/>\n<meta property=\"article:published_time\" content=\"2024-12-18T13:01:28+00:00\" \/>\n<meta property=\"article:modified_time\" content=\"2025-09-23T08:00:47+00:00\" \/>\n<meta property=\"og:image\" content=\"https:\/\/www.domusrental.com\/blog\/wp-content\/uploads\/2024\/12\/lago-di-garda-in-inverno.jpg\" \/>\n\t<meta property=\"og:image:width\" content=\"1257\" \/>\n\t<meta property=\"og:image:height\" content=\"835\" \/>\n\t<meta property=\"og:image:type\" content=\"image\/jpeg\" \/>\n<meta name=\"author\" content=\"digitalservices\" \/>\n<meta name=\"twitter:card\" content=\"summary_large_image\" \/>\n<meta name=\"twitter:creator\" content=\"@DomusRental\" \/>\n<meta name=\"twitter:site\" content=\"@DomusRental\" \/>\n<meta name=\"twitter:label1\" content=\"Scritto da\" \/>\n\t<meta name=\"twitter:data1\" content=\"digitalservices\" \/>\n\t<meta name=\"twitter:label2\" content=\"Tempo di lettura stimato\" \/>\n\t<meta name=\"twitter:data2\" content=\"10 minuti\" \/>\n<script type=\"application\/ld+json\" class=\"yoast-schema-graph\">{\"@context\":\"https:\\\/\\\/schema.org\",\"@graph\":[{\"@type\":\"Article\",\"@id\":\"https:\\\/\\\/www.domusrental.com\\\/blog\\\/it\\\/lago-di-garda-in-inverno\\\/#article\",\"isPartOf\":{\"@id\":\"https:\\\/\\\/www.domusrental.com\\\/blog\\\/it\\\/lago-di-garda-in-inverno\\\/\"},\"author\":{\"name\":\"digitalservices\",\"@id\":\"https:\\\/\\\/www.domusrental.com\\\/blog\\\/#\\\/schema\\\/person\\\/4704eef53d63fc41b94477baca3572f8\"},\"headline\":\"Cosa fare al Lago di Garda in inverno\u200b\",\"datePublished\":\"2024-12-18T13:01:28+00:00\",\"dateModified\":\"2025-09-23T08:00:47+00:00\",\"mainEntityOfPage\":{\"@id\":\"https:\\\/\\\/www.domusrental.com\\\/blog\\\/it\\\/lago-di-garda-in-inverno\\\/\"},\"wordCount\":1343,\"commentCount\":0,\"publisher\":{\"@id\":\"https:\\\/\\\/www.domusrental.com\\\/blog\\\/#organization\"},\"image\":{\"@id\":\"https:\\\/\\\/www.domusrental.com\\\/blog\\\/it\\\/lago-di-garda-in-inverno\\\/#primaryimage\"},\"thumbnailUrl\":\"https:\\\/\\\/www.domusrental.com\\\/blog\\\/wp-content\\\/uploads\\\/2024\\\/12\\\/lago-di-garda-in-inverno.jpg\",\"articleSection\":[\"Lago di Garda\"],\"inLanguage\":\"it-IT\",\"potentialAction\":[{\"@type\":\"CommentAction\",\"name\":\"Comment\",\"target\":[\"https:\\\/\\\/www.domusrental.com\\\/blog\\\/it\\\/lago-di-garda-in-inverno\\\/#respond\"]}]},{\"@type\":\"WebPage\",\"@id\":\"https:\\\/\\\/www.domusrental.com\\\/blog\\\/it\\\/lago-di-garda-in-inverno\\\/\",\"url\":\"https:\\\/\\\/www.domusrental.com\\\/blog\\\/it\\\/lago-di-garda-in-inverno\\\/\",\"name\":\"Cosa fare al Lago di Garda in inverno\u200b - Blog | Domus Rental\",\"isPartOf\":{\"@id\":\"https:\\\/\\\/www.domusrental.com\\\/blog\\\/#website\"},\"primaryImageOfPage\":{\"@id\":\"https:\\\/\\\/www.domusrental.com\\\/blog\\\/it\\\/lago-di-garda-in-inverno\\\/#primaryimage\"},\"image\":{\"@id\":\"https:\\\/\\\/www.domusrental.com\\\/blog\\\/it\\\/lago-di-garda-in-inverno\\\/#primaryimage\"},\"thumbnailUrl\":\"https:\\\/\\\/www.domusrental.com\\\/blog\\\/wp-content\\\/uploads\\\/2024\\\/12\\\/lago-di-garda-in-inverno.jpg\",\"datePublished\":\"2024-12-18T13:01:28+00:00\",\"dateModified\":\"2025-09-23T08:00:47+00:00\",\"description\":\"Scopri il fascino invernale del Lago di Garda. Goditi le terme, gli aperitivi e le escursioni invernali in uno dei paesaggi d'Italia!\",\"breadcrumb\":{\"@id\":\"https:\\\/\\\/www.domusrental.com\\\/blog\\\/it\\\/lago-di-garda-in-inverno\\\/#breadcrumb\"},\"inLanguage\":\"it-IT\",\"potentialAction\":[{\"@type\":\"ReadAction\",\"target\":[\"https:\\\/\\\/www.domusrental.com\\\/blog\\\/it\\\/lago-di-garda-in-inverno\\\/\"]}]},{\"@type\":\"ImageObject\",\"inLanguage\":\"it-IT\",\"@id\":\"https:\\\/\\\/www.domusrental.com\\\/blog\\\/it\\\/lago-di-garda-in-inverno\\\/#primaryimage\",\"url\":\"https:\\\/\\\/www.domusrental.com\\\/blog\\\/wp-content\\\/uploads\\\/2024\\\/12\\\/lago-di-garda-in-inverno.jpg\",\"contentUrl\":\"https:\\\/\\\/www.domusrental.com\\\/blog\\\/wp-content\\\/uploads\\\/2024\\\/12\\\/lago-di-garda-in-inverno.jpg\",\"width\":1257,\"height\":835,\"caption\":\"lago di garda in inverno\"},{\"@type\":\"BreadcrumbList\",\"@id\":\"https:\\\/\\\/www.domusrental.com\\\/blog\\\/it\\\/lago-di-garda-in-inverno\\\/#breadcrumb\",\"itemListElement\":[{\"@type\":\"ListItem\",\"position\":1,\"name\":\"Home\",\"item\":\"https:\\\/\\\/www.domusrental.com\\\/blog\\\/it\\\/\"},{\"@type\":\"ListItem\",\"position\":2,\"name\":\"Cosa fare al Lago di Garda in inverno\u200b\"}]},{\"@type\":\"WebSite\",\"@id\":\"https:\\\/\\\/www.domusrental.com\\\/blog\\\/#website\",\"url\":\"https:\\\/\\\/www.domusrental.com\\\/blog\\\/\",\"name\":\"Domus Rental\",\"description\":\"\",\"publisher\":{\"@id\":\"https:\\\/\\\/www.domusrental.com\\\/blog\\\/#organization\"},\"potentialAction\":[{\"@type\":\"SearchAction\",\"target\":{\"@type\":\"EntryPoint\",\"urlTemplate\":\"https:\\\/\\\/www.domusrental.com\\\/blog\\\/?s={search_term_string}\"},\"query-input\":{\"@type\":\"PropertyValueSpecification\",\"valueRequired\":true,\"valueName\":\"search_term_string\"}}],\"inLanguage\":\"it-IT\"},{\"@type\":\"Organization\",\"@id\":\"https:\\\/\\\/www.domusrental.com\\\/blog\\\/#organization\",\"name\":\"Blog | Domus Rental\",\"url\":\"https:\\\/\\\/www.domusrental.com\\\/blog\\\/\",\"logo\":{\"@type\":\"ImageObject\",\"inLanguage\":\"it-IT\",\"@id\":\"https:\\\/\\\/www.domusrental.com\\\/blog\\\/#\\\/schema\\\/logo\\\/image\\\/\",\"url\":\"https:\\\/\\\/www.domusrental.com\\\/blog\\\/wp-content\\\/uploads\\\/2024\\\/04\\\/favicon.png\",\"contentUrl\":\"https:\\\/\\\/www.domusrental.com\\\/blog\\\/wp-content\\\/uploads\\\/2024\\\/04\\\/favicon.png\",\"width\":298,\"height\":298,\"caption\":\"Blog | Domus Rental\"},\"image\":{\"@id\":\"https:\\\/\\\/www.domusrental.com\\\/blog\\\/#\\\/schema\\\/logo\\\/image\\\/\"},\"sameAs\":[\"https:\\\/\\\/www.facebook.com\\\/domusrental\",\"https:\\\/\\\/x.com\\\/DomusRental\"]},{\"@type\":\"Person\",\"@id\":\"https:\\\/\\\/www.domusrental.com\\\/blog\\\/#\\\/schema\\\/person\\\/4704eef53d63fc41b94477baca3572f8\",\"name\":\"digitalservices\",\"image\":{\"@type\":\"ImageObject\",\"inLanguage\":\"it-IT\",\"@id\":\"https:\\\/\\\/secure.gravatar.com\\\/avatar\\\/af30f88a1904294c1f3eb09a9d7903eec4ffa18fa2cf40c28a8681014ecdfc20?s=96&d=mm&r=g\",\"url\":\"https:\\\/\\\/secure.gravatar.com\\\/avatar\\\/af30f88a1904294c1f3eb09a9d7903eec4ffa18fa2cf40c28a8681014ecdfc20?s=96&d=mm&r=g\",\"contentUrl\":\"https:\\\/\\\/secure.gravatar.com\\\/avatar\\\/af30f88a1904294c1f3eb09a9d7903eec4ffa18fa2cf40c28a8681014ecdfc20?s=96&d=mm&r=g\",\"caption\":\"digitalservices\"},\"url\":\"https:\\\/\\\/www.domusrental.com\\\/blog\\\/it\\\/author\\\/digitalservices\\\/\"}]}<\/script>\n<!-- \/ Yoast SEO plugin. -->","yoast_head_json":{"title":"Cosa fare al Lago di Garda in inverno\u200b - Blog | Domus Rental","description":"Scopri il fascino invernale del Lago di Garda. Goditi le terme, gli aperitivi e le escursioni invernali in uno dei paesaggi d'Italia!","robots":{"index":"index","follow":"follow","max-snippet":"max-snippet:-1","max-image-preview":"max-image-preview:large","max-video-preview":"max-video-preview:-1"},"canonical":"https:\/\/www.domusrental.com\/blog\/it\/lago-di-garda-in-inverno\/","og_locale":"it_IT","og_type":"article","og_title":"Cosa fare al Lago di Garda in inverno\u200b - Blog | Domus Rental","og_description":"Scopri il fascino invernale del Lago di Garda. Goditi le terme, gli aperitivi e le escursioni invernali in uno dei paesaggi d'Italia!","og_url":"https:\/\/www.domusrental.com\/blog\/it\/lago-di-garda-in-inverno\/","og_site_name":"Blog | Domus Rental","article_publisher":"https:\/\/www.facebook.com\/domusrental","article_published_time":"2024-12-18T13:01:28+00:00","article_modified_time":"2025-09-23T08:00:47+00:00","og_image":[{"width":1257,"height":835,"url":"https:\/\/www.domusrental.com\/blog\/wp-content\/uploads\/2024\/12\/lago-di-garda-in-inverno.jpg","type":"image\/jpeg"}],"author":"digitalservices","twitter_card":"summary_large_image","twitter_creator":"@DomusRental","twitter_site":"@DomusRental","twitter_misc":{"Scritto da":"digitalservices","Tempo di lettura stimato":"10 minuti"},"schema":{"@context":"https:\/\/schema.org","@graph":[{"@type":"Article","@id":"https:\/\/www.domusrental.com\/blog\/it\/lago-di-garda-in-inverno\/#article","isPartOf":{"@id":"https:\/\/www.domusrental.com\/blog\/it\/lago-di-garda-in-inverno\/"},"author":{"name":"digitalservices","@id":"https:\/\/www.domusrental.com\/blog\/#\/schema\/person\/4704eef53d63fc41b94477baca3572f8"},"headline":"Cosa fare al Lago di Garda in inverno\u200b","datePublished":"2024-12-18T13:01:28+00:00","dateModified":"2025-09-23T08:00:47+00:00","mainEntityOfPage":{"@id":"https:\/\/www.domusrental.com\/blog\/it\/lago-di-garda-in-inverno\/"},"wordCount":1343,"commentCount":0,"publisher":{"@id":"https:\/\/www.domusrental.com\/blog\/#organization"},"image":{"@id":"https:\/\/www.domusrental.com\/blog\/it\/lago-di-garda-in-inverno\/#primaryimage"},"thumbnailUrl":"https:\/\/www.domusrental.com\/blog\/wp-content\/uploads\/2024\/12\/lago-di-garda-in-inverno.jpg","articleSection":["Lago di Garda"],"inLanguage":"it-IT","potentialAction":[{"@type":"CommentAction","name":"Comment","target":["https:\/\/www.domusrental.com\/blog\/it\/lago-di-garda-in-inverno\/#respond"]}]},{"@type":"WebPage","@id":"https:\/\/www.domusrental.com\/blog\/it\/lago-di-garda-in-inverno\/","url":"https:\/\/www.domusrental.com\/blog\/it\/lago-di-garda-in-inverno\/","name":"Cosa fare al Lago di Garda in inverno\u200b - Blog | Domus Rental","isPartOf":{"@id":"https:\/\/www.domusrental.com\/blog\/#website"},"primaryImageOfPage":{"@id":"https:\/\/www.domusrental.com\/blog\/it\/lago-di-garda-in-inverno\/#primaryimage"},"image":{"@id":"https:\/\/www.domusrental.com\/blog\/it\/lago-di-garda-in-inverno\/#primaryimage"},"thumbnailUrl":"https:\/\/www.domusrental.com\/blog\/wp-content\/uploads\/2024\/12\/lago-di-garda-in-inverno.jpg","datePublished":"2024-12-18T13:01:28+00:00","dateModified":"2025-09-23T08:00:47+00:00","description":"Scopri il fascino invernale del Lago di Garda. Goditi le terme, gli aperitivi e le escursioni invernali in uno dei paesaggi d'Italia!","breadcrumb":{"@id":"https:\/\/www.domusrental.com\/blog\/it\/lago-di-garda-in-inverno\/#breadcrumb"},"inLanguage":"it-IT","potentialAction":[{"@type":"ReadAction","target":["https:\/\/www.domusrental.com\/blog\/it\/lago-di-garda-in-inverno\/"]}]},{"@type":"ImageObject","inLanguage":"it-IT","@id":"https:\/\/www.domusrental.com\/blog\/it\/lago-di-garda-in-inverno\/#primaryimage","url":"https:\/\/www.domusrental.com\/blog\/wp-content\/uploads\/2024\/12\/lago-di-garda-in-inverno.jpg","contentUrl":"https:\/\/www.domusrental.com\/blog\/wp-content\/uploads\/2024\/12\/lago-di-garda-in-inverno.jpg","width":1257,"height":835,"caption":"lago di garda in inverno"},{"@type":"BreadcrumbList","@id":"https:\/\/www.domusrental.com\/blog\/it\/lago-di-garda-in-inverno\/#breadcrumb","itemListElement":[{"@type":"ListItem","position":1,"name":"Home","item":"https:\/\/www.domusrental.com\/blog\/it\/"},{"@type":"ListItem","position":2,"name":"Cosa fare al Lago di Garda in inverno\u200b"}]},{"@type":"WebSite","@id":"https:\/\/www.domusrental.com\/blog\/#website","url":"https:\/\/www.domusrental.com\/blog\/","name":"Domus Rental","description":"","publisher":{"@id":"https:\/\/www.domusrental.com\/blog\/#organization"},"potentialAction":[{"@type":"SearchAction","target":{"@type":"EntryPoint","urlTemplate":"https:\/\/www.domusrental.com\/blog\/?s={search_term_string}"},"query-input":{"@type":"PropertyValueSpecification","valueRequired":true,"valueName":"search_term_string"}}],"inLanguage":"it-IT"},{"@type":"Organization","@id":"https:\/\/www.domusrental.com\/blog\/#organization","name":"Blog | Domus Rental","url":"https:\/\/www.domusrental.com\/blog\/","logo":{"@type":"ImageObject","inLanguage":"it-IT","@id":"https:\/\/www.domusrental.com\/blog\/#\/schema\/logo\/image\/","url":"https:\/\/www.domusrental.com\/blog\/wp-content\/uploads\/2024\/04\/favicon.png","contentUrl":"https:\/\/www.domusrental.com\/blog\/wp-content\/uploads\/2024\/04\/favicon.png","width":298,"height":298,"caption":"Blog | Domus Rental"},"image":{"@id":"https:\/\/www.domusrental.com\/blog\/#\/schema\/logo\/image\/"},"sameAs":["https:\/\/www.facebook.com\/domusrental","https:\/\/x.com\/DomusRental"]},{"@type":"Person","@id":"https:\/\/www.domusrental.com\/blog\/#\/schema\/person\/4704eef53d63fc41b94477baca3572f8","name":"digitalservices","image":{"@type":"ImageObject","inLanguage":"it-IT","@id":"https:\/\/secure.gravatar.com\/avatar\/af30f88a1904294c1f3eb09a9d7903eec4ffa18fa2cf40c28a8681014ecdfc20?s=96&d=mm&r=g","url":"https:\/\/secure.gravatar.com\/avatar\/af30f88a1904294c1f3eb09a9d7903eec4ffa18fa2cf40c28a8681014ecdfc20?s=96&d=mm&r=g","contentUrl":"https:\/\/secure.gravatar.com\/avatar\/af30f88a1904294c1f3eb09a9d7903eec4ffa18fa2cf40c28a8681014ecdfc20?s=96&d=mm&r=g","caption":"digitalservices"},"url":"https:\/\/www.domusrental.com\/blog\/it\/author\/digitalservices\/"}]}},"_links":{"self":[{"href":"https:\/\/www.domusrental.com\/blog\/it\/wp-json\/wp\/v2\/posts\/3047","targetHints":{"allow":["GET"]}}],"collection":[{"href":"https:\/\/www.domusrental.com\/blog\/it\/wp-json\/wp\/v2\/posts"}],"about":[{"href":"https:\/\/www.domusrental.com\/blog\/it\/wp-json\/wp\/v2\/types\/post"}],"author":[{"embeddable":true,"href":"https:\/\/www.domusrental.com\/blog\/it\/wp-json\/wp\/v2\/users\/2"}],"replies":[{"embeddable":true,"href":"https:\/\/www.domusrental.com\/blog\/it\/wp-json\/wp\/v2\/comments?post=3047"}],"version-history":[{"count":38,"href":"https:\/\/www.domusrental.com\/blog\/it\/wp-json\/wp\/v2\/posts\/3047\/revisions"}],"predecessor-version":[{"id":4791,"href":"https:\/\/www.domusrental.com\/blog\/it\/wp-json\/wp\/v2\/posts\/3047\/revisions\/4791"}],"wp:featuredmedia":[{"embeddable":true,"href":"https:\/\/www.domusrental.com\/blog\/it\/wp-json\/wp\/v2\/media\/3053"}],"wp:attachment":[{"href":"https:\/\/www.domusrental.com\/blog\/it\/wp-json\/wp\/v2\/media?parent=3047"}],"wp:term":[{"taxonomy":"category","embeddable":true,"href":"https:\/\/www.domusrental.com\/blog\/it\/wp-json\/wp\/v2\/categories?post=3047"},{"taxonomy":"post_tag","embeddable":true,"href":"https:\/\/www.domusrental.com\/blog\/it\/wp-json\/wp\/v2\/tags?post=3047"}],"curies":[{"name":"wp","href":"https:\/\/api.w.org\/{rel}","templated":true}]}}