{"id":3773,"date":"2025-04-09T14:17:17","date_gmt":"2025-04-09T14:17:17","guid":{"rendered":"https:\/\/www.domusrental.com\/blog\/?p=3773"},"modified":"2025-08-21T10:18:33","modified_gmt":"2025-08-21T10:18:33","slug":"giro-montagna-lago-garda","status":"publish","type":"post","link":"https:\/\/www.domusrental.com\/blog\/it\/giro-montagna-lago-garda\/","title":{"rendered":"Escursioni sul Lago di Garda: I Migliori Percorsi, Passeggiate per Famiglie e Consigli"},"content":{"rendered":"\t\t<div data-elementor-type=\"wp-post\" data-elementor-id=\"3773\" class=\"elementor elementor-3773 elementor-3753\" data-elementor-post-type=\"post\">\n\t\t\t\t\t\t<section class=\"elementor-section elementor-top-section elementor-element elementor-element-d69af elementor-section-boxed elementor-section-height-default elementor-section-height-default\" data-id=\"d69af\" data-element_type=\"section\" data-e-type=\"section\">\n\t\t\t\t\t\t<div class=\"elementor-container elementor-column-gap-default\">\n\t\t\t\t\t<div class=\"elementor-column elementor-col-100 elementor-top-column elementor-element elementor-element-67695b4f\" data-id=\"67695b4f\" data-element_type=\"column\" data-e-type=\"column\">\n\t\t\t<div class=\"elementor-widget-wrap elementor-element-populated\">\n\t\t\t\t\t\t<div class=\"elementor-element elementor-element-37fd6078 elementor-widget elementor-widget-text-editor\" data-id=\"37fd6078\" data-element_type=\"widget\" data-e-type=\"widget\" data-widget_type=\"text-editor.default\">\n\t\t\t\t<div class=\"elementor-widget-container\">\n\t\t\t\t\t\t\t\t\t<p><span style=\"font-weight: 400;\">Se sei un amante della natura, un appassionato di attivit\u00e0 all&#8217;aperto o semplicemente ti piace fare una bella passeggiata con vista, fare escursioni sul Lago di Garda \u00e8 uno dei modi migliori per vivere la zona. Il lago pi\u00f9 grande d&#8217;Italia \u00e8 circondato da montagne aspre, uliveti e paesini incantevoli, offrendo un mix incredibile di percorsi panoramici per tutti i livelli.  <\/span><\/p><p><span style=\"font-weight: 400;\">Questa \u00e8 la tua guida completa alle escursioni sul Lago di Garda, che copre tutto, dalle passeggiate rilassanti tra i vigneti e i sentieri lungo il lago fino alle creste ad alta quota e le escursioni di pi\u00f9 giorni. <\/span><\/p>\t\t\t\t\t\t\t\t<\/div>\n\t\t\t\t<\/div>\n\t\t\t\t\t<\/div>\n\t\t<\/div>\n\t\t\t\t\t<\/div>\n\t\t<\/section>\n\t\t\t\t<section class=\"elementor-section elementor-top-section elementor-element elementor-element-1c4758ef elementor-section-boxed elementor-section-height-default elementor-section-height-default\" data-id=\"1c4758ef\" data-element_type=\"section\" data-e-type=\"section\">\n\t\t\t\t\t\t<div class=\"elementor-container elementor-column-gap-default\">\n\t\t\t\t\t<div class=\"elementor-column elementor-col-100 elementor-top-column elementor-element elementor-element-2c53a278\" data-id=\"2c53a278\" data-element_type=\"column\" data-e-type=\"column\">\n\t\t\t<div class=\"elementor-widget-wrap elementor-element-populated\">\n\t\t\t\t\t\t<div class=\"elementor-element elementor-element-1d14a9bd elementor-widget elementor-widget-table-of-contents\" data-id=\"1d14a9bd\" data-element_type=\"widget\" data-e-type=\"widget\" data-settings=\"{&quot;headings_by_tags&quot;:[&quot;h2&quot;],&quot;exclude_headings_by_selector&quot;:[],&quot;marker_view&quot;:&quot;bullets&quot;,&quot;icon&quot;:{&quot;value&quot;:&quot;&quot;,&quot;library&quot;:&quot;&quot;},&quot;no_headings_message&quot;:&quot;No headings were found on this page.&quot;,&quot;hierarchical_view&quot;:&quot;yes&quot;,&quot;min_height&quot;:{&quot;unit&quot;:&quot;px&quot;,&quot;size&quot;:&quot;&quot;,&quot;sizes&quot;:[]},&quot;min_height_tablet&quot;:{&quot;unit&quot;:&quot;px&quot;,&quot;size&quot;:&quot;&quot;,&quot;sizes&quot;:[]},&quot;min_height_mobile&quot;:{&quot;unit&quot;:&quot;px&quot;,&quot;size&quot;:&quot;&quot;,&quot;sizes&quot;:[]}}\" data-widget_type=\"table-of-contents.default\">\n\t\t\t\t<div class=\"elementor-widget-container\">\n\t\t\t\t\t\t\t\t\t<div class=\"elementor-toc__header\">\n\t\t\t\t\t\t<div class=\"elementor-toc__header-title\">\n\t\t\t\tIndice\t\t\t<\/div>\n\t\t\t\t\t\t\t\t<\/div>\n\t\t\t\t<div id=\"elementor-toc__1d14a9bd\" class=\"elementor-toc__body\">\n\t\t\t<div class=\"elementor-toc__spinner-container\">\n\t\t\t\t<i class=\"elementor-toc__spinner eicon-animation-spin eicon-loading\" aria-hidden=\"true\"><\/i>\t\t\t<\/div>\n\t\t<\/div>\n\t\t\t\t\t\t<\/div>\n\t\t\t\t<\/div>\n\t\t\t\t\t<\/div>\n\t\t<\/div>\n\t\t\t\t\t<\/div>\n\t\t<\/section>\n\t\t\t\t<section class=\"elementor-section elementor-top-section elementor-element elementor-element-2d538046 elementor-section-boxed elementor-section-height-default elementor-section-height-default\" data-id=\"2d538046\" data-element_type=\"section\" data-e-type=\"section\">\n\t\t\t\t\t\t<div class=\"elementor-container elementor-column-gap-default\">\n\t\t\t\t\t<div class=\"elementor-column elementor-col-100 elementor-top-column elementor-element elementor-element-4b37c3cd\" data-id=\"4b37c3cd\" data-element_type=\"column\" data-e-type=\"column\">\n\t\t\t<div class=\"elementor-widget-wrap elementor-element-populated\">\n\t\t\t\t\t\t<div class=\"elementor-element elementor-element-70d86079 elementor-widget elementor-widget-heading\" data-id=\"70d86079\" data-element_type=\"widget\" data-e-type=\"widget\" data-widget_type=\"heading.default\">\n\t\t\t\t<div class=\"elementor-widget-container\">\n\t\t\t\t\t<h2 class=\"elementor-heading-title elementor-size-default\">I Migliori Sentieri Escursionistici Intorno al Lago di Garda\n<\/h2>\t\t\t\t<\/div>\n\t\t\t\t<\/div>\n\t\t\t\t<div class=\"elementor-element elementor-element-69c4c1f2 elementor-widget elementor-widget-text-editor\" data-id=\"69c4c1f2\" data-element_type=\"widget\" data-e-type=\"widget\" data-widget_type=\"text-editor.default\">\n\t\t\t\t<div class=\"elementor-widget-container\">\n\t\t\t\t\t\t\t\t\t<p><span style=\"font-weight: 400;\">Il paesaggio del Lago di Garda \u00e8 incredibilmente vario, e lo sono anche le sue opzioni escursionistiche. In generale, il periodo migliore dell&#8217;anno per godersi questi percorsi \u00e8 la primavera e l&#8217;autunno, grazie al clima pi\u00f9 mite. Dalle tranquille passeggiate lungo il lago alle escursioni in montagna pi\u00f9 impegnative, ecco alcuni dei migliori sentieri da esplorare:  <\/span><\/p>\t\t\t\t\t\t\t\t<\/div>\n\t\t\t\t<\/div>\n\t\t\t\t\t<\/div>\n\t\t<\/div>\n\t\t\t\t\t<\/div>\n\t\t<\/section>\n\t\t\t\t<section class=\"elementor-section elementor-top-section elementor-element elementor-element-23daac6 elementor-section-boxed elementor-section-height-default elementor-section-height-default\" data-id=\"23daac6\" data-element_type=\"section\" data-e-type=\"section\">\n\t\t\t\t\t\t<div class=\"elementor-container elementor-column-gap-default\">\n\t\t\t\t\t<div class=\"elementor-column elementor-col-50 elementor-top-column elementor-element elementor-element-4ec25703\" data-id=\"4ec25703\" data-element_type=\"column\" data-e-type=\"column\">\n\t\t\t<div class=\"elementor-widget-wrap elementor-element-populated\">\n\t\t\t\t\t\t<div class=\"elementor-element elementor-element-3169a0cb elementor-widget elementor-widget-heading\" data-id=\"3169a0cb\" data-element_type=\"widget\" data-e-type=\"widget\" data-widget_type=\"heading.default\">\n\t\t\t\t<div class=\"elementor-widget-container\">\n\t\t\t\t\t<h3 class=\"elementor-heading-title elementor-size-default\">Sentiero Busatte-Tempesta\n<\/h3>\t\t\t\t<\/div>\n\t\t\t\t<\/div>\n\t\t\t\t<div class=\"elementor-element elementor-element-5d332d10 elementor-widget elementor-widget-text-editor\" data-id=\"5d332d10\" data-element_type=\"widget\" data-e-type=\"widget\" data-widget_type=\"text-editor.default\">\n\t\t\t\t<div class=\"elementor-widget-container\">\n\t\t\t\t\t\t\t\t\t<p><span style=\"font-weight: 400;\">Questo percorso circolare collega Busatte a Tempesta lungo la sponda orientale del Lago di Garda, partendo da un parcheggio vicino al Busatte Adventure Park a Torbole. Coprendo circa 8 chilometri, si snoda attraverso zone boschive con solo leggeri cambi di altitudine e richiede circa tre ore per completarlo a un ritmo rilassato. <\/span><\/p><p><span style=\"font-weight: 400;\">Uno dei momenti salienti \u00e8 una serie di quasi 400 scalini in ferro che abbracciano le scogliere del Monte Baldo, offrendo viste spettacolari sul lago. In cima, il sentiero si divide: una strada forestale porta a Tempesta, e da l\u00ec puoi o tornare sui tuoi passi o prendere un autobus per tornare a Torbole. <\/span><\/p>\t\t\t\t\t\t\t\t<\/div>\n\t\t\t\t<\/div>\n\t\t\t\t\t<\/div>\n\t\t<\/div>\n\t\t\t\t<div class=\"elementor-column elementor-col-50 elementor-top-column elementor-element elementor-element-bcff6ad\" data-id=\"bcff6ad\" data-element_type=\"column\" data-e-type=\"column\">\n\t\t\t<div class=\"elementor-widget-wrap elementor-element-populated\">\n\t\t\t\t\t\t<div class=\"elementor-element elementor-element-d10c4a9 elementor-widget elementor-widget-heading\" data-id=\"d10c4a9\" data-element_type=\"widget\" data-e-type=\"widget\" data-widget_type=\"heading.default\">\n\t\t\t\t<div class=\"elementor-widget-container\">\n\t\t\t\t\t<h3 class=\"elementor-heading-title elementor-size-default\">Sentiero del Sole\n<\/h3>\t\t\t\t<\/div>\n\t\t\t\t<\/div>\n\t\t\t\t<div class=\"elementor-element elementor-element-db90756 elementor-widget elementor-widget-text-editor\" data-id=\"db90756\" data-element_type=\"widget\" data-e-type=\"widget\" data-widget_type=\"text-editor.default\">\n\t\t\t\t<div class=\"elementor-widget-container\">\n\t\t\t\t\t\t\t\t\t<p><span style=\"font-weight: 400;\">Il Sentiero del Sole, o Sun Trail, inizia nella pittoresca cittadina di <\/span><a href=\"https:\/\/www.domusrental.com\/blog\/it\/pista-ciclabile-limone-sul-garda\/\"><span style=\"font-weight: 400;\">Limone sul Garda<\/span><\/a><span style=\"font-weight: 400;\">. Questa passeggiata accessibile si estende per poco meno di 9 chilometri e presenta un dislivello moderato di circa 500 metri, richiedendo tipicamente tra le tre e le quattro ore per completarla.<\/span><\/p><p><span style=\"font-weight: 400;\">Il sentiero inizia seguendo i cartelli per &#8220;Sentiero del Sole &#8211; Ciclabile del Garda &#8211; 135,&#8221; serpeggiando dolcemente attraverso uliveti e scoppi di buganvillea. Non lontano lungo il percorso, un bivio offre una deviazione verso la scenografica Cascata di Sopino, mentre il sentiero principale continua lungo una passerella sospesa sul lago. Le viste qui sono particolarmente impressionanti, specialmente quando raggiungi il monumento che commemora coloro che hanno perso la vita durante la costruzione della strada Gardesana.  <\/span><\/p>\t\t\t\t\t\t\t\t<\/div>\n\t\t\t\t<\/div>\n\t\t\t\t\t<\/div>\n\t\t<\/div>\n\t\t\t\t\t<\/div>\n\t\t<\/section>\n\t\t\t\t<section class=\"elementor-section elementor-top-section elementor-element elementor-element-4e762c9 elementor-section-boxed elementor-section-height-default elementor-section-height-default\" data-id=\"4e762c9\" data-element_type=\"section\" data-e-type=\"section\">\n\t\t\t\t\t\t<div class=\"elementor-container elementor-column-gap-default\">\n\t\t\t\t\t<div class=\"elementor-column elementor-col-33 elementor-top-column elementor-element elementor-element-14359ed\" data-id=\"14359ed\" data-element_type=\"column\" data-e-type=\"column\">\n\t\t\t<div class=\"elementor-widget-wrap elementor-element-populated\">\n\t\t\t\t\t\t<div class=\"elementor-element elementor-element-365acce elementor-widget elementor-widget-heading\" data-id=\"365acce\" data-element_type=\"widget\" data-e-type=\"widget\" data-widget_type=\"heading.default\">\n\t\t\t\t<div class=\"elementor-widget-container\">\n\t\t\t\t\t<h3 class=\"elementor-heading-title elementor-size-default\">Sentiero del Ponale\n<\/h3>\t\t\t\t<\/div>\n\t\t\t\t<\/div>\n\t\t\t\t<div class=\"elementor-element elementor-element-ee837f9 elementor-widget elementor-widget-text-editor\" data-id=\"ee837f9\" data-element_type=\"widget\" data-e-type=\"widget\" data-widget_type=\"text-editor.default\">\n\t\t\t\t<div class=\"elementor-widget-container\">\n\t\t\t\t\t\t\t\t\t<p><span style=\"font-weight: 400;\">Il Sentiero del Ponale \u00e8 un percorso molto amato che collega Riva del Garda alla Valle di Ledro, ed \u00e8 aperto sia ai ciclisti che agli escursionisti. Estendendosi per poco pi\u00f9 di 10 chilometri, questo sentiero di media difficolt\u00e0 richiede circa quattro ore per essere completato. Inizia proprio nel centro di Riva del Garda, salendo dolcemente per i primi due chilometri prima che il sentiero pedonale si separi dal percorso ciclabile. Da l\u00ec, attraverserai un piccolo ponte e seguirai una pista forestale che si snoda verso l&#8217;alto con diversi tornanti panoramici.    <\/span><span style=\"font-weight: 400;\">Uno dei punti salienti \u00e8 la terrazza panoramica vicino alla statua della Madonna.<\/span><\/p>\t\t\t\t\t\t\t\t<\/div>\n\t\t\t\t<\/div>\n\t\t\t\t\t<\/div>\n\t\t<\/div>\n\t\t\t\t<div class=\"elementor-column elementor-col-33 elementor-top-column elementor-element elementor-element-cb20129\" data-id=\"cb20129\" data-element_type=\"column\" data-e-type=\"column\">\n\t\t\t<div class=\"elementor-widget-wrap elementor-element-populated\">\n\t\t\t\t\t\t<div class=\"elementor-element elementor-element-2aef1ac elementor-widget elementor-widget-heading\" data-id=\"2aef1ac\" data-element_type=\"widget\" data-e-type=\"widget\" data-widget_type=\"heading.default\">\n\t\t\t\t<div class=\"elementor-widget-container\">\n\t\t\t\t\t<h3 class=\"elementor-heading-title elementor-size-default\">Escursione sulla Cresta del Monte Baldo\n<\/h3>\t\t\t\t<\/div>\n\t\t\t\t<\/div>\n\t\t\t\t<div class=\"elementor-element elementor-element-7612252 elementor-widget elementor-widget-text-editor\" data-id=\"7612252\" data-element_type=\"widget\" data-e-type=\"widget\" data-widget_type=\"text-editor.default\">\n\t\t\t\t<div class=\"elementor-widget-container\">\n\t\t\t\t\t\t\t\t\t<p><span style=\"font-weight: 400;\">La Cresta del Monte Baldo si estende per oltre 30 chilometri ed \u00e8 una delle zone escursionistiche pi\u00f9 iconiche del Lago di Garda. Uno dei modi pi\u00f9 gratificanti per esplorarla \u00e8 seguendo un sentiero ad alta quota che parte e finisce a Novezzina, offrendo viste incredibili in ogni direzione. <\/span><\/p><p><span style=\"font-weight: 400;\">Il percorso passa per il Passo Tratto Spino, ampie praterie e creste rocciose prima di raggiungere il Rifugio Telegrafo a 2.147 metri. Una breve salita porta poi alla Cima Telegrafo per le viste delle Alpi Centrali. Il sentiero continua oltre le cime di Valdritta e Pozetta prima di tornare al punto di partenza. Questa escursione di 10 ore \u00e8 impegnativa e pi\u00f9 adatta a escursionisti esperti. Per evitare le folle della funivia a     <\/span><a href=\"https:\/\/www.domusrental.com\/blog\/it\/malcesine-2\/\"><span style=\"font-weight: 400;\">Malcesine<\/span><\/a><span style=\"font-weight: 400;\">, considera di andarci a met\u00e0 settimana e fuori stagione.<\/span><\/p>\t\t\t\t\t\t\t\t<\/div>\n\t\t\t\t<\/div>\n\t\t\t\t\t<\/div>\n\t\t<\/div>\n\t\t\t\t<div class=\"elementor-column elementor-col-33 elementor-top-column elementor-element elementor-element-8212517\" data-id=\"8212517\" data-element_type=\"column\" data-e-type=\"column\">\n\t\t\t<div class=\"elementor-widget-wrap elementor-element-populated\">\n\t\t\t\t\t\t<div class=\"elementor-element elementor-element-404b871 elementor-widget elementor-widget-heading\" data-id=\"404b871\" data-element_type=\"widget\" data-e-type=\"widget\" data-widget_type=\"heading.default\">\n\t\t\t\t<div class=\"elementor-widget-container\">\n\t\t\t\t\t<h3 class=\"elementor-heading-title elementor-size-default\">Escursione Merano Lago di Garda\n<\/h3>\t\t\t\t<\/div>\n\t\t\t\t<\/div>\n\t\t\t\t<div class=\"elementor-element elementor-element-abf13ed elementor-widget elementor-widget-text-editor\" data-id=\"abf13ed\" data-element_type=\"widget\" data-e-type=\"widget\" data-widget_type=\"text-editor.default\">\n\t\t\t\t<div class=\"elementor-widget-container\">\n\t\t\t\t\t\t\t\t\t<p><span style=\"font-weight: 400;\">Per un&#8217;esperienza pi\u00f9 lunga, di pi\u00f9 giorni, considera l&#8217;escursione da Merano al Lago di Garda per conto tuo. Questo percorso ti porta attraverso prati alpini, valli e pittoreschi paesini, come Nalles, Caldaro, Coredo, Molveno e Riva del Garda. \u00c8 il modo perfetto per scoprire il Nord Italia a piedi al tuo ritmo.   <\/span><\/p><p><span style=\"font-weight: 400;\">Aspettati di percorrere circa 18 km al giorno con un tempo di cammino medio di 5-6 ore. La maggior parte del percorso seguir\u00e0 sentieri ben mantenuti. \u00c8 necessario un buon livello base di forma fisica, principalmente per il fatto che camminerai per pi\u00f9 giorni di fila. L&#8217;intero viaggio dovrebbe durare 7 giorni.   <\/span><\/p>\t\t\t\t\t\t\t\t<\/div>\n\t\t\t\t<\/div>\n\t\t\t\t\t<\/div>\n\t\t<\/div>\n\t\t\t\t\t<\/div>\n\t\t<\/section>\n\t\t<div class=\"elementor-element elementor-element-ecc2e5d e-flex e-con-boxed e-con e-parent\" data-id=\"ecc2e5d\" data-element_type=\"container\" data-e-type=\"container\">\n\t\t\t\t\t<div class=\"e-con-inner\">\n\t\t\t\t<div class=\"elementor-element elementor-element-d1a26fa elementor-widget elementor-widget-image\" data-id=\"d1a26fa\" data-element_type=\"widget\" data-e-type=\"widget\" data-widget_type=\"image.default\">\n\t\t\t\t<div class=\"elementor-widget-container\">\n\t\t\t\t\t\t\t\t\t\t\t\t\t\t\t<img fetchpriority=\"high\" decoding=\"async\" width=\"1183\" height=\"591\" src=\"https:\/\/www.domusrental.com\/blog\/wp-content\/uploads\/2025\/04\/hikes-in-Garda-lake.jpg\" class=\"attachment-full size-full wp-image-3769\" alt=\"\" srcset=\"https:\/\/www.domusrental.com\/blog\/wp-content\/uploads\/2025\/04\/hikes-in-Garda-lake.jpg 1183w, https:\/\/www.domusrental.com\/blog\/wp-content\/uploads\/2025\/04\/hikes-in-Garda-lake-768x384.jpg 768w\" sizes=\"(max-width: 1183px) 100vw, 1183px\" \/>\t\t\t\t\t\t\t\t\t\t\t\t\t\t\t<\/div>\n\t\t\t\t<\/div>\n\t\t\t\t\t<\/div>\n\t\t\t\t<\/div>\n\t\t\t\t<section class=\"elementor-section elementor-top-section elementor-element elementor-element-e2f25ce elementor-section-boxed elementor-section-height-default elementor-section-height-default\" data-id=\"e2f25ce\" data-element_type=\"section\" data-e-type=\"section\">\n\t\t\t\t\t\t<div class=\"elementor-container elementor-column-gap-default\">\n\t\t\t\t\t<div class=\"elementor-column elementor-col-100 elementor-top-column elementor-element elementor-element-36de6dd\" data-id=\"36de6dd\" data-element_type=\"column\" data-e-type=\"column\">\n\t\t\t<div class=\"elementor-widget-wrap elementor-element-populated\">\n\t\t\t\t\t\t<div class=\"elementor-element elementor-element-79d8695 elementor-widget elementor-widget-heading\" data-id=\"79d8695\" data-element_type=\"widget\" data-e-type=\"widget\" data-widget_type=\"heading.default\">\n\t\t\t\t<div class=\"elementor-widget-container\">\n\t\t\t\t\t<h2 class=\"elementor-heading-title elementor-size-default\">Livelli di Difficolt\u00e0 e Durata dei Sentieri\n<\/h2>\t\t\t\t<\/div>\n\t\t\t\t<\/div>\n\t\t\t\t<div class=\"elementor-element elementor-element-5c6b362 elementor-widget elementor-widget-text-editor\" data-id=\"5c6b362\" data-element_type=\"widget\" data-e-type=\"widget\" data-widget_type=\"text-editor.default\">\n\t\t\t\t<div class=\"elementor-widget-container\">\n\t\t\t\t\t\t\t\t\t<p><span style=\"font-weight: 400;\">Le escursioni intorno al Lago di Garda sono adatte a una vasta gamma di livelli di forma fisica. Ecco una suddivisione generale di cosa aspettarti: <\/span><\/p><ul><li style=\"font-weight: 400;\" aria-level=\"1\"><b>Sentieri facili<\/b><span style=\"font-weight: 400;\">Passeggiate brevi come il lungomare di Sirmione o il sentiero da Arco a Ceniga. Di solito durano 1-2 ore e hanno poco dislivello. <\/span><\/li><li style=\"font-weight: 400;\" aria-level=\"1\"><b>Sentieri moderati<\/b><span style=\"font-weight: 400;\">I sentieri Busatte-Tempesta, Ponale e dei Sole rientrano in questa categoria. Queste escursioni possono includere alcuni tratti in salita e durano tra le 2 e le 4 ore. <\/span><\/li><li style=\"font-weight: 400;\" aria-level=\"1\"><b>Sentieri impegnativi<\/b><span style=\"font-weight: 400;\">: Percorsi come la cresta del Monte Baldo o trekking pi\u00f9 lunghi da Merano al Lago di Garda comportano salite ripide e durate maggiori (da 10 ore a pi\u00f9 giorni).<\/span><\/li><\/ul><p><span style=\"font-weight: 400;\">Molti sentieri hanno segnavia e cartelli, ma \u00e8 una buona idea portare una mappa o usare un dispositivo GPS speciale.<\/span><\/p>\t\t\t\t\t\t\t\t<\/div>\n\t\t\t\t<\/div>\n\t\t\t\t\t<\/div>\n\t\t<\/div>\n\t\t\t\t\t<\/div>\n\t\t<\/section>\n\t\t\t\t<section class=\"elementor-section elementor-top-section elementor-element elementor-element-a1a6552 elementor-section-boxed elementor-section-height-default elementor-section-height-default\" data-id=\"a1a6552\" data-element_type=\"section\" data-e-type=\"section\">\n\t\t\t\t\t\t<div class=\"elementor-container elementor-column-gap-default\">\n\t\t\t\t\t<div class=\"elementor-column elementor-col-100 elementor-top-column elementor-element elementor-element-882f4ea\" data-id=\"882f4ea\" data-element_type=\"column\" data-e-type=\"column\">\n\t\t\t<div class=\"elementor-widget-wrap elementor-element-populated\">\n\t\t\t\t\t\t<div class=\"elementor-element elementor-element-e605259 elementor-widget elementor-widget-heading\" data-id=\"e605259\" data-element_type=\"widget\" data-e-type=\"widget\" data-widget_type=\"heading.default\">\n\t\t\t\t<div class=\"elementor-widget-container\">\n\t\t\t\t\t<h2 class=\"elementor-heading-title elementor-size-default\">Consigli sulla sicurezza e l'attrezzatura\n<\/h2>\t\t\t\t<\/div>\n\t\t\t\t<\/div>\n\t\t\t\t<div class=\"elementor-element elementor-element-86ebafd elementor-widget elementor-widget-text-editor\" data-id=\"86ebafd\" data-element_type=\"widget\" data-e-type=\"widget\" data-widget_type=\"text-editor.default\">\n\t\t\t\t<div class=\"elementor-widget-container\">\n\t\t\t\t\t\t\t\t\t<p><span style=\"font-weight: 400;\">Per rendere la tua esperienza di escursionismo sul Lago di Garda il pi\u00f9 piacevole e sicura possibile, ecco alcuni consigli essenziali:<\/span><\/p><ul><li style=\"font-weight: 400;\" aria-level=\"1\"><b>Calzature<\/b><span style=\"font-weight: 400;\">: Scarpe da trekking robuste o scarponcini sono un must, soprattutto per terreni irregolari o rocciosi.<\/span><\/li><li style=\"font-weight: 400;\" aria-level=\"1\"><b>Acqua e spuntini<\/b><span style=\"font-weight: 400;\">: Porta sempre molta acqua, soprattutto durante i mesi pi\u00f9 caldi. Spuntini leggeri o un pranzo al sacco sono necessari per mantenere alti i livelli di energia. <\/span><\/li><li style=\"font-weight: 400;\" aria-level=\"1\"><b>Controllo meteo<\/b><span style=\"font-weight: 400;\">: Le condizioni meteorologiche possono cambiare rapidamente in zone montuose, quindi controlla le previsioni prima di partire.<\/span><\/li><li style=\"font-weight: 400;\" aria-level=\"1\"><b>Protezione solare<\/b><span style=\"font-weight: 400;\">: Occhiali da sole, cappello e crema solare sono vitali anche nelle giornate pi\u00f9 fresche.<\/span><\/li><li style=\"font-weight: 400;\" aria-level=\"1\"><b>Contatto d&#8217;emergenza<\/b><span style=\"font-weight: 400;\">: Salva i numeri di emergenza locali e informa qualcuno del tuo piano di escursione se ti avventuri fuori dai sentieri battuti.<\/span><\/li><\/ul>\t\t\t\t\t\t\t\t<\/div>\n\t\t\t\t<\/div>\n\t\t\t\t\t<\/div>\n\t\t<\/div>\n\t\t\t\t\t<\/div>\n\t\t<\/section>\n\t\t<div class=\"elementor-element elementor-element-c7c7d28 e-flex e-con-boxed e-con e-parent\" data-id=\"c7c7d28\" data-element_type=\"container\" data-e-type=\"container\">\n\t\t\t\t\t<div class=\"e-con-inner\">\n\t\t\t\t<div class=\"elementor-element elementor-element-d5a6410 elementor-widget elementor-widget-image\" data-id=\"d5a6410\" data-element_type=\"widget\" data-e-type=\"widget\" data-widget_type=\"image.default\">\n\t\t\t\t<div class=\"elementor-widget-container\">\n\t\t\t\t\t\t\t\t\t\t\t\t\t\t\t<img decoding=\"async\" width=\"1254\" height=\"627\" src=\"https:\/\/www.domusrental.com\/blog\/wp-content\/uploads\/2025\/04\/garda-lake-hike-kids.jpg\" class=\"attachment-full size-full wp-image-3766\" alt=\"\" srcset=\"https:\/\/www.domusrental.com\/blog\/wp-content\/uploads\/2025\/04\/garda-lake-hike-kids.jpg 1254w, https:\/\/www.domusrental.com\/blog\/wp-content\/uploads\/2025\/04\/garda-lake-hike-kids-768x384.jpg 768w\" sizes=\"(max-width: 1254px) 100vw, 1254px\" \/>\t\t\t\t\t\t\t\t\t\t\t\t\t\t\t<\/div>\n\t\t\t\t<\/div>\n\t\t\t\t\t<\/div>\n\t\t\t\t<\/div>\n\t\t\t\t<section class=\"elementor-section elementor-top-section elementor-element elementor-element-a590624 elementor-section-boxed elementor-section-height-default elementor-section-height-default\" data-id=\"a590624\" data-element_type=\"section\" data-e-type=\"section\">\n\t\t\t\t\t\t<div class=\"elementor-container elementor-column-gap-default\">\n\t\t\t\t\t<div class=\"elementor-column elementor-col-100 elementor-top-column elementor-element elementor-element-24645d0\" data-id=\"24645d0\" data-element_type=\"column\" data-e-type=\"column\">\n\t\t\t<div class=\"elementor-widget-wrap elementor-element-populated\">\n\t\t\t\t\t\t<div class=\"elementor-element elementor-element-ee65bad elementor-widget elementor-widget-heading\" data-id=\"ee65bad\" data-element_type=\"widget\" data-e-type=\"widget\" data-widget_type=\"heading.default\">\n\t\t\t\t<div class=\"elementor-widget-container\">\n\t\t\t\t\t<h2 class=\"elementor-heading-title elementor-size-default\">Escursioni per famiglie\n<\/h2>\t\t\t\t<\/div>\n\t\t\t\t<\/div>\n\t\t\t\t<div class=\"elementor-element elementor-element-e001b45 elementor-widget elementor-widget-text-editor\" data-id=\"e001b45\" data-element_type=\"widget\" data-e-type=\"widget\" data-widget_type=\"text-editor.default\">\n\t\t\t\t<div class=\"elementor-widget-container\">\n\t\t\t\t\t\t\t\t\t<p><span style=\"font-weight: 400;\">Ti chiedi se \u00e8 possibile fare escursioni sul Lago di Garda con i bambini? Assolutamente s\u00ec. Ci sono molti sentieri adatti alle famiglie.  <\/span><\/p><p><span style=\"font-weight: 400;\">Per esempio, il sentiero da Arco a Ceniga \u00e8 una passeggiata panoramica e pianeggiante tra uliveti e lungo il fiume Sarca. Questo percorso \u00e8 perfetto per una gita rilassante con i bambini. <\/span><\/p><p><span style=\"font-weight: 400;\">C&#8217;\u00e8 anche il Sentiero della Val di Sogno. Questo sentiero vicino a Malcesine \u00e8 ideale per escursioni sul Lago di Garda con i bambini. Il terreno \u00e8 facile e le viste sul lago tengono tutti motivati.  <\/span><\/p><p><span style=\"font-weight: 400;\">Infine, c&#8217;\u00e8 l&#8217;Anello di San Felice del Benaco. \u00c8 un breve giro attraverso la campagna e piccoli villaggi, che offre ombra, punti per un picnic e fauna locale da avvistare. <\/span><\/p><p><span style=\"font-weight: 400;\">Assicurati di portare spuntini, acqua e fare pause regolari. Alcuni paesi hanno anche parchi giochi o gelaterie nelle vicinanze, che aiutano a tenere in movimento le gambette! <\/span><\/p>\t\t\t\t\t\t\t\t<\/div>\n\t\t\t\t<\/div>\n\t\t\t\t\t<\/div>\n\t\t<\/div>\n\t\t\t\t\t<\/div>\n\t\t<\/section>\n\t\t\t\t<section class=\"elementor-section elementor-top-section elementor-element elementor-element-42a0b7c elementor-section-boxed elementor-section-height-default elementor-section-height-default\" data-id=\"42a0b7c\" data-element_type=\"section\" data-e-type=\"section\">\n\t\t\t\t\t\t<div class=\"elementor-container elementor-column-gap-default\">\n\t\t\t\t\t<div class=\"elementor-column elementor-col-100 elementor-top-column elementor-element elementor-element-dfe68fb\" data-id=\"dfe68fb\" data-element_type=\"column\" data-e-type=\"column\">\n\t\t\t<div class=\"elementor-widget-wrap elementor-element-populated\">\n\t\t\t\t\t\t<div class=\"elementor-element elementor-element-2f56776 elementor-widget elementor-widget-heading\" data-id=\"2f56776\" data-element_type=\"widget\" data-e-type=\"widget\" data-widget_type=\"heading.default\">\n\t\t\t\t<div class=\"elementor-widget-container\">\n\t\t\t\t\t<h2 class=\"elementor-heading-title elementor-size-default\">Conclusione e perch\u00e9 dovresti fare escursioni sul Lago di Garda\n<\/h2>\t\t\t\t<\/div>\n\t\t\t\t<\/div>\n\t\t\t\t<div class=\"elementor-element elementor-element-7137b90 elementor-widget elementor-widget-text-editor\" data-id=\"7137b90\" data-element_type=\"widget\" data-e-type=\"widget\" data-widget_type=\"text-editor.default\">\n\t\t\t\t<div class=\"elementor-widget-container\">\n\t\t\t\t\t\t\t\t\t<p><span style=\"font-weight: 400;\">Fare escursioni sul Lago di Garda \u00e8 uno dei modi migliori per connettersi con il paesaggio, sperimentare la vita locale e scoprire angoli nascosti della regione. Che tu stia affrontando i sentieri alti del Monte Baldo, passeggiando tra gli uliveti con la famiglia o partendo per un viaggio epico da Merano a Garda, ogni percorso offre qualcosa di memorabile. <\/span><\/p><p><span style=\"font-weight: 400;\">E quando si tratta di rilassarsi dopo una giornata sui sentieri, non c&#8217;\u00e8 posto migliore di un comodo alloggio sul lago. Da Domus Rental, offriamo una selezione accurata di appartamenti e ville eleganti con belle viste e facile accesso ai migliori punti per fare escursioni.  <\/span><\/p><p><a href=\"https:\/\/www.domusrental.com\/\"><span style=\"font-weight: 400;\">Esplora le nostre propriet\u00e0<\/span><\/a><span style=\"font-weight: 400;\"> e inizia a pianificare la tua perfetta vacanza escursionistica intorno al Lago di Garda con Domus Rental.<\/span><\/p>\t\t\t\t\t\t\t\t<\/div>\n\t\t\t\t<\/div>\n\t\t\t\t\t<\/div>\n\t\t<\/div>\n\t\t\t\t\t<\/div>\n\t\t<\/section>\n\t\t\t\t<section class=\"elementor-section elementor-top-section elementor-element elementor-element-5768bca3 elementor-section-boxed elementor-section-height-default elementor-section-height-default\" data-id=\"5768bca3\" data-element_type=\"section\" data-e-type=\"section\">\n\t\t\t\t\t\t<div class=\"elementor-container elementor-column-gap-default\">\n\t\t\t\t\t<div class=\"elementor-column elementor-col-100 elementor-top-column elementor-element elementor-element-469a5b85\" data-id=\"469a5b85\" data-element_type=\"column\" data-e-type=\"column\">\n\t\t\t<div class=\"elementor-widget-wrap elementor-element-populated\">\n\t\t\t\t\t\t<div class=\"elementor-element elementor-element-2ffcb1b9 elementor-widget elementor-widget-shortcode\" data-id=\"2ffcb1b9\" data-element_type=\"widget\" data-e-type=\"widget\" data-widget_type=\"shortcode.default\">\n\t\t\t\t<div class=\"elementor-widget-container\">\n\t\t\t\t\t\t\t<div class=\"elementor-shortcode\">\t\t<div data-elementor-type=\"section\" data-elementor-id=\"2187\" class=\"elementor elementor-2187\" data-elementor-post-type=\"elementor_library\">\n\t\t\t\t\t<section class=\"elementor-section elementor-top-section elementor-element elementor-element-430ab890 elementor-section-boxed elementor-section-height-default elementor-section-height-default\" data-id=\"430ab890\" data-element_type=\"section\" data-e-type=\"section\">\n\t\t\t\t\t\t<div class=\"elementor-container elementor-column-gap-default\">\n\t\t\t\t\t<div class=\"elementor-column elementor-col-33 elementor-top-column elementor-element elementor-element-6daeb742\" data-id=\"6daeb742\" data-element_type=\"column\" data-e-type=\"column\">\n\t\t\t<div class=\"elementor-widget-wrap elementor-element-populated\">\n\t\t\t\t\t\t<div class=\"elementor-element elementor-element-496c7aa8 elementor-cta--skin-cover elementor-animated-content elementor-bg-transform elementor-bg-transform-zoom-in elementor-widget elementor-widget-call-to-action\" data-id=\"496c7aa8\" data-element_type=\"widget\" data-e-type=\"widget\" data-widget_type=\"call-to-action.default\">\n\t\t\t\t<div class=\"elementor-widget-container\">\n\t\t\t\t\t\t\t<a class=\"elementor-cta\" href=\"https:\/\/www.domusrental.com\/it\/ville-lago-di-garda\/\">\n\t\t\t\t\t<div class=\"elementor-cta__bg-wrapper\">\n\t\t\t\t<div class=\"elementor-cta__bg elementor-bg\" style=\"background-image: url(https:\/\/www.domusrental.com\/blog\/wp-content\/uploads\/2024\/04\/3-review-1-1920x630.jpg);\" role=\"img\" aria-label=\"3-review.jpg\"><\/div>\n\t\t\t\t<div class=\"elementor-cta__bg-overlay\"><\/div>\n\t\t\t<\/div>\n\t\t\t\t\t\t\t<div class=\"elementor-cta__content\">\n\t\t\t\t\n\t\t\t\t\n\t\t\t\t\n\t\t\t\t\t\t\t\t\t<div class=\"elementor-cta__button-wrapper elementor-cta__content-item elementor-content-item elementor-animated-item--grow\">\n\t\t\t\t\t<span class=\"elementor-cta__button elementor-button elementor-size-\">\n\t\t\t\t\t\tVille nel Lago di Garda\t\t\t\t\t<\/span>\n\t\t\t\t\t<\/div>\n\t\t\t\t\t\t\t<\/div>\n\t\t\t\t\t\t<\/a>\n\t\t\t\t\t\t<\/div>\n\t\t\t\t<\/div>\n\t\t\t\t\t<\/div>\n\t\t<\/div>\n\t\t\t\t<div class=\"elementor-column elementor-col-33 elementor-top-column elementor-element elementor-element-26521d07\" data-id=\"26521d07\" data-element_type=\"column\" data-e-type=\"column\">\n\t\t\t<div class=\"elementor-widget-wrap elementor-element-populated\">\n\t\t\t\t\t\t<div class=\"elementor-element elementor-element-7d227027 elementor-cta--skin-cover elementor-animated-content elementor-bg-transform elementor-bg-transform-zoom-in elementor-widget elementor-widget-call-to-action\" data-id=\"7d227027\" data-element_type=\"widget\" data-e-type=\"widget\" data-widget_type=\"call-to-action.default\">\n\t\t\t\t<div class=\"elementor-widget-container\">\n\t\t\t\t\t\t\t<a class=\"elementor-cta\" href=\"https:\/\/www.domusrental.com\/it\/casa-vacanze-lago-di-garda\/\">\n\t\t\t\t\t<div class=\"elementor-cta__bg-wrapper\">\n\t\t\t\t<div class=\"elementor-cta__bg elementor-bg\" style=\"background-image: url(https:\/\/www.domusrental.com\/blog\/wp-content\/uploads\/2024\/04\/iStock-1414288968-1-1521x630.jpg);\" role=\"img\" aria-label=\"iStock-1414288968.jpg\"><\/div>\n\t\t\t\t<div class=\"elementor-cta__bg-overlay\"><\/div>\n\t\t\t<\/div>\n\t\t\t\t\t\t\t<div class=\"elementor-cta__content\">\n\t\t\t\t\n\t\t\t\t\n\t\t\t\t\n\t\t\t\t\t\t\t\t\t<div class=\"elementor-cta__button-wrapper elementor-cta__content-item elementor-content-item elementor-animated-item--grow\">\n\t\t\t\t\t<span class=\"elementor-cta__button elementor-button elementor-size-\">\n\t\t\t\t\t\tAlloggi nel Lago di Garda in affitto\t\t\t\t\t<\/span>\n\t\t\t\t\t<\/div>\n\t\t\t\t\t\t\t<\/div>\n\t\t\t\t\t\t<\/a>\n\t\t\t\t\t\t<\/div>\n\t\t\t\t<\/div>\n\t\t\t\t\t<\/div>\n\t\t<\/div>\n\t\t\t\t<div class=\"elementor-column elementor-col-33 elementor-top-column elementor-element elementor-element-60c4d5dc\" data-id=\"60c4d5dc\" data-element_type=\"column\" data-e-type=\"column\">\n\t\t\t<div class=\"elementor-widget-wrap elementor-element-populated\">\n\t\t\t\t\t\t<div class=\"elementor-element elementor-element-31f881d3 elementor-cta--skin-cover elementor-animated-content elementor-bg-transform elementor-bg-transform-zoom-in elementor-widget elementor-widget-call-to-action\" data-id=\"31f881d3\" data-element_type=\"widget\" data-e-type=\"widget\" data-widget_type=\"call-to-action.default\">\n\t\t\t\t<div class=\"elementor-widget-container\">\n\t\t\t\t\t\t\t<a class=\"elementor-cta\" href=\"https:\/\/www.domusrental.com\/it\/appartamenti-lago-di-garda\/\">\n\t\t\t\t\t<div class=\"elementor-cta__bg-wrapper\">\n\t\t\t\t<div class=\"elementor-cta__bg elementor-bg\" style=\"background-image: url(https:\/\/www.domusrental.com\/blog\/wp-content\/uploads\/2024\/04\/apartments-in-lake-garda-1-1533x630.jpg);\" role=\"img\" aria-label=\"apartments-in-lake-garda.jpg\"><\/div>\n\t\t\t\t<div class=\"elementor-cta__bg-overlay\"><\/div>\n\t\t\t<\/div>\n\t\t\t\t\t\t\t<div class=\"elementor-cta__content\">\n\t\t\t\t\n\t\t\t\t\n\t\t\t\t\n\t\t\t\t\t\t\t\t\t<div class=\"elementor-cta__button-wrapper elementor-cta__content-item elementor-content-item elementor-animated-item--grow\">\n\t\t\t\t\t<span class=\"elementor-cta__button elementor-button elementor-size-\">\n\t\t\t\t\t\tAppartamenti nel Lago di Garda\t\t\t\t\t<\/span>\n\t\t\t\t\t<\/div>\n\t\t\t\t\t\t\t<\/div>\n\t\t\t\t\t\t<\/a>\n\t\t\t\t\t\t<\/div>\n\t\t\t\t<\/div>\n\t\t\t\t\t<\/div>\n\t\t<\/div>\n\t\t\t\t\t<\/div>\n\t\t<\/section>\n\t\t\t\t<\/div>\n\t\t<\/div>\n\t\t\t\t\t\t<\/div>\n\t\t\t\t<\/div>\n\t\t\t\t\t<\/div>\n\t\t<\/div>\n\t\t\t\t\t<\/div>\n\t\t<\/section>\n\t\t\t\t<\/div>\n\t\t","protected":false},"excerpt":{"rendered":"<p>Se sei un amante della natura, un appassionato di attivit\u00e0 all&#8217;aperto o semplicemente ti piace fare una bella passeggiata con vista, fare escursioni sul Lago di Garda \u00e8 uno dei modi migliori per vivere la zona. Il lago pi\u00f9 grande d&#8217;Italia \u00e8 circondato da montagne aspre, uliveti e paesini incantevoli, offrendo un mix incredibile di [&hellip;]<\/p>\n","protected":false},"author":4,"featured_media":3763,"comment_status":"open","ping_status":"closed","sticky":false,"template":"","format":"standard","meta":{"footnotes":""},"categories":[60,57],"tags":[],"class_list":["post-3773","post","type-post","status-publish","format-standard","has-post-thumbnail","hentry","category-esperienze-lago-di-garda","category-lago-di-garda"],"yoast_head":"<!-- This site is optimized with the Yoast SEO plugin v27.4 - https:\/\/yoast.com\/product\/yoast-seo-wordpress\/ -->\n<title>Fatti un giro in montagna sul Lago di Garda - Blog | Domus Rental<\/title>\n<meta name=\"description\" content=\"Fatti un giro in montagna sul Lago di Garda e goditi paesaggi spettacolari. Dai un&#039;occhiata alle escursioni pi\u00f9 fighe di sempre.\" \/>\n<meta name=\"robots\" content=\"index, follow, max-snippet:-1, max-image-preview:large, max-video-preview:-1\" \/>\n<link rel=\"canonical\" href=\"https:\/\/www.domusrental.com\/blog\/it\/giro-montagna-lago-garda\/\" \/>\n<meta property=\"og:locale\" content=\"it_IT\" \/>\n<meta property=\"og:type\" content=\"article\" \/>\n<meta property=\"og:title\" content=\"Fatti un giro in montagna sul Lago di Garda - Blog | Domus Rental\" \/>\n<meta property=\"og:description\" content=\"Fatti un giro in montagna sul Lago di Garda e goditi paesaggi spettacolari. Dai un&#039;occhiata alle escursioni pi\u00f9 fighe di sempre.\" \/>\n<meta property=\"og:url\" content=\"https:\/\/www.domusrental.com\/blog\/it\/giro-montagna-lago-garda\/\" \/>\n<meta property=\"og:site_name\" content=\"Blog | Domus Rental\" \/>\n<meta property=\"article:publisher\" content=\"https:\/\/www.facebook.com\/domusrental\" \/>\n<meta property=\"article:published_time\" content=\"2025-04-09T14:17:17+00:00\" \/>\n<meta property=\"article:modified_time\" content=\"2025-08-21T10:18:33+00:00\" \/>\n<meta property=\"og:image\" content=\"https:\/\/www.domusrental.com\/blog\/wp-content\/uploads\/2025\/04\/garda-lake-hikes.jpg\" \/>\n\t<meta property=\"og:image:width\" content=\"2119\" \/>\n\t<meta property=\"og:image:height\" content=\"706\" \/>\n\t<meta property=\"og:image:type\" content=\"image\/jpeg\" \/>\n<meta name=\"author\" content=\"Richard\" \/>\n<meta name=\"twitter:card\" content=\"summary_large_image\" \/>\n<meta name=\"twitter:creator\" content=\"@DomusRental\" \/>\n<meta name=\"twitter:site\" content=\"@DomusRental\" \/>\n<meta name=\"twitter:label1\" content=\"Scritto da\" \/>\n\t<meta name=\"twitter:data1\" content=\"Richard\" \/>\n\t<meta name=\"twitter:label2\" content=\"Tempo di lettura stimato\" \/>\n\t<meta name=\"twitter:data2\" content=\"8 minuti\" \/>\n<script type=\"application\/ld+json\" class=\"yoast-schema-graph\">{\"@context\":\"https:\\\/\\\/schema.org\",\"@graph\":[{\"@type\":\"Article\",\"@id\":\"https:\\\/\\\/www.domusrental.com\\\/blog\\\/it\\\/giro-montagna-lago-garda\\\/#article\",\"isPartOf\":{\"@id\":\"https:\\\/\\\/www.domusrental.com\\\/blog\\\/it\\\/giro-montagna-lago-garda\\\/\"},\"author\":{\"name\":\"Richard\",\"@id\":\"https:\\\/\\\/www.domusrental.com\\\/blog\\\/#\\\/schema\\\/person\\\/113b82f1959c1dbc77b9507401a05d87\"},\"headline\":\"Escursioni sul Lago di Garda: I Migliori Percorsi, Passeggiate per Famiglie e Consigli\",\"datePublished\":\"2025-04-09T14:17:17+00:00\",\"dateModified\":\"2025-08-21T10:18:33+00:00\",\"mainEntityOfPage\":{\"@id\":\"https:\\\/\\\/www.domusrental.com\\\/blog\\\/it\\\/giro-montagna-lago-garda\\\/\"},\"wordCount\":1293,\"commentCount\":0,\"publisher\":{\"@id\":\"https:\\\/\\\/www.domusrental.com\\\/blog\\\/#organization\"},\"image\":{\"@id\":\"https:\\\/\\\/www.domusrental.com\\\/blog\\\/it\\\/giro-montagna-lago-garda\\\/#primaryimage\"},\"thumbnailUrl\":\"https:\\\/\\\/www.domusrental.com\\\/blog\\\/wp-content\\\/uploads\\\/2025\\\/04\\\/garda-lake-hikes.jpg\",\"articleSection\":[\"Esperienze\",\"Lago di Garda\"],\"inLanguage\":\"it-IT\",\"potentialAction\":[{\"@type\":\"CommentAction\",\"name\":\"Comment\",\"target\":[\"https:\\\/\\\/www.domusrental.com\\\/blog\\\/it\\\/giro-montagna-lago-garda\\\/#respond\"]}]},{\"@type\":\"WebPage\",\"@id\":\"https:\\\/\\\/www.domusrental.com\\\/blog\\\/it\\\/giro-montagna-lago-garda\\\/\",\"url\":\"https:\\\/\\\/www.domusrental.com\\\/blog\\\/it\\\/giro-montagna-lago-garda\\\/\",\"name\":\"Fatti un giro in montagna sul Lago di Garda - Blog | Domus Rental\",\"isPartOf\":{\"@id\":\"https:\\\/\\\/www.domusrental.com\\\/blog\\\/#website\"},\"primaryImageOfPage\":{\"@id\":\"https:\\\/\\\/www.domusrental.com\\\/blog\\\/it\\\/giro-montagna-lago-garda\\\/#primaryimage\"},\"image\":{\"@id\":\"https:\\\/\\\/www.domusrental.com\\\/blog\\\/it\\\/giro-montagna-lago-garda\\\/#primaryimage\"},\"thumbnailUrl\":\"https:\\\/\\\/www.domusrental.com\\\/blog\\\/wp-content\\\/uploads\\\/2025\\\/04\\\/garda-lake-hikes.jpg\",\"datePublished\":\"2025-04-09T14:17:17+00:00\",\"dateModified\":\"2025-08-21T10:18:33+00:00\",\"description\":\"Fatti un giro in montagna sul Lago di Garda e goditi paesaggi spettacolari. Dai un'occhiata alle escursioni pi\u00f9 fighe di sempre.\",\"breadcrumb\":{\"@id\":\"https:\\\/\\\/www.domusrental.com\\\/blog\\\/it\\\/giro-montagna-lago-garda\\\/#breadcrumb\"},\"inLanguage\":\"it-IT\",\"potentialAction\":[{\"@type\":\"ReadAction\",\"target\":[\"https:\\\/\\\/www.domusrental.com\\\/blog\\\/it\\\/giro-montagna-lago-garda\\\/\"]}]},{\"@type\":\"ImageObject\",\"inLanguage\":\"it-IT\",\"@id\":\"https:\\\/\\\/www.domusrental.com\\\/blog\\\/it\\\/giro-montagna-lago-garda\\\/#primaryimage\",\"url\":\"https:\\\/\\\/www.domusrental.com\\\/blog\\\/wp-content\\\/uploads\\\/2025\\\/04\\\/garda-lake-hikes.jpg\",\"contentUrl\":\"https:\\\/\\\/www.domusrental.com\\\/blog\\\/wp-content\\\/uploads\\\/2025\\\/04\\\/garda-lake-hikes.jpg\",\"width\":2119,\"height\":706,\"caption\":\"mother and son looking down to Lake Garda in Italy\"},{\"@type\":\"BreadcrumbList\",\"@id\":\"https:\\\/\\\/www.domusrental.com\\\/blog\\\/it\\\/giro-montagna-lago-garda\\\/#breadcrumb\",\"itemListElement\":[{\"@type\":\"ListItem\",\"position\":1,\"name\":\"Home\",\"item\":\"https:\\\/\\\/www.domusrental.com\\\/blog\\\/it\\\/\"},{\"@type\":\"ListItem\",\"position\":2,\"name\":\"Escursioni sul Lago di Garda: I Migliori Percorsi, Passeggiate per Famiglie e Consigli\"}]},{\"@type\":\"WebSite\",\"@id\":\"https:\\\/\\\/www.domusrental.com\\\/blog\\\/#website\",\"url\":\"https:\\\/\\\/www.domusrental.com\\\/blog\\\/\",\"name\":\"Domus Rental\",\"description\":\"\",\"publisher\":{\"@id\":\"https:\\\/\\\/www.domusrental.com\\\/blog\\\/#organization\"},\"potentialAction\":[{\"@type\":\"SearchAction\",\"target\":{\"@type\":\"EntryPoint\",\"urlTemplate\":\"https:\\\/\\\/www.domusrental.com\\\/blog\\\/?s={search_term_string}\"},\"query-input\":{\"@type\":\"PropertyValueSpecification\",\"valueRequired\":true,\"valueName\":\"search_term_string\"}}],\"inLanguage\":\"it-IT\"},{\"@type\":\"Organization\",\"@id\":\"https:\\\/\\\/www.domusrental.com\\\/blog\\\/#organization\",\"name\":\"Blog | Domus Rental\",\"url\":\"https:\\\/\\\/www.domusrental.com\\\/blog\\\/\",\"logo\":{\"@type\":\"ImageObject\",\"inLanguage\":\"it-IT\",\"@id\":\"https:\\\/\\\/www.domusrental.com\\\/blog\\\/#\\\/schema\\\/logo\\\/image\\\/\",\"url\":\"https:\\\/\\\/www.domusrental.com\\\/blog\\\/wp-content\\\/uploads\\\/2024\\\/04\\\/favicon.png\",\"contentUrl\":\"https:\\\/\\\/www.domusrental.com\\\/blog\\\/wp-content\\\/uploads\\\/2024\\\/04\\\/favicon.png\",\"width\":298,\"height\":298,\"caption\":\"Blog | Domus Rental\"},\"image\":{\"@id\":\"https:\\\/\\\/www.domusrental.com\\\/blog\\\/#\\\/schema\\\/logo\\\/image\\\/\"},\"sameAs\":[\"https:\\\/\\\/www.facebook.com\\\/domusrental\",\"https:\\\/\\\/x.com\\\/DomusRental\"]},{\"@type\":\"Person\",\"@id\":\"https:\\\/\\\/www.domusrental.com\\\/blog\\\/#\\\/schema\\\/person\\\/113b82f1959c1dbc77b9507401a05d87\",\"name\":\"Richard\",\"image\":{\"@type\":\"ImageObject\",\"inLanguage\":\"it-IT\",\"@id\":\"https:\\\/\\\/secure.gravatar.com\\\/avatar\\\/63f7d63df8bc500b7b072100eb25897597ec962e6be3ac33cf5045633fb5702a?s=96&d=mm&r=g\",\"url\":\"https:\\\/\\\/secure.gravatar.com\\\/avatar\\\/63f7d63df8bc500b7b072100eb25897597ec962e6be3ac33cf5045633fb5702a?s=96&d=mm&r=g\",\"contentUrl\":\"https:\\\/\\\/secure.gravatar.com\\\/avatar\\\/63f7d63df8bc500b7b072100eb25897597ec962e6be3ac33cf5045633fb5702a?s=96&d=mm&r=g\",\"caption\":\"Richard\"},\"url\":\"https:\\\/\\\/www.domusrental.com\\\/blog\\\/it\\\/author\\\/richard\\\/\"}]}<\/script>\n<!-- \/ Yoast SEO plugin. -->","yoast_head_json":{"title":"Fatti un giro in montagna sul Lago di Garda - Blog | Domus Rental","description":"Fatti un giro in montagna sul Lago di Garda e goditi paesaggi spettacolari. Dai un'occhiata alle escursioni pi\u00f9 fighe di sempre.","robots":{"index":"index","follow":"follow","max-snippet":"max-snippet:-1","max-image-preview":"max-image-preview:large","max-video-preview":"max-video-preview:-1"},"canonical":"https:\/\/www.domusrental.com\/blog\/it\/giro-montagna-lago-garda\/","og_locale":"it_IT","og_type":"article","og_title":"Fatti un giro in montagna sul Lago di Garda - Blog | Domus Rental","og_description":"Fatti un giro in montagna sul Lago di Garda e goditi paesaggi spettacolari. Dai un'occhiata alle escursioni pi\u00f9 fighe di sempre.","og_url":"https:\/\/www.domusrental.com\/blog\/it\/giro-montagna-lago-garda\/","og_site_name":"Blog | Domus Rental","article_publisher":"https:\/\/www.facebook.com\/domusrental","article_published_time":"2025-04-09T14:17:17+00:00","article_modified_time":"2025-08-21T10:18:33+00:00","og_image":[{"width":2119,"height":706,"url":"https:\/\/www.domusrental.com\/blog\/wp-content\/uploads\/2025\/04\/garda-lake-hikes.jpg","type":"image\/jpeg"}],"author":"Richard","twitter_card":"summary_large_image","twitter_creator":"@DomusRental","twitter_site":"@DomusRental","twitter_misc":{"Scritto da":"Richard","Tempo di lettura stimato":"8 minuti"},"schema":{"@context":"https:\/\/schema.org","@graph":[{"@type":"Article","@id":"https:\/\/www.domusrental.com\/blog\/it\/giro-montagna-lago-garda\/#article","isPartOf":{"@id":"https:\/\/www.domusrental.com\/blog\/it\/giro-montagna-lago-garda\/"},"author":{"name":"Richard","@id":"https:\/\/www.domusrental.com\/blog\/#\/schema\/person\/113b82f1959c1dbc77b9507401a05d87"},"headline":"Escursioni sul Lago di Garda: I Migliori Percorsi, Passeggiate per Famiglie e Consigli","datePublished":"2025-04-09T14:17:17+00:00","dateModified":"2025-08-21T10:18:33+00:00","mainEntityOfPage":{"@id":"https:\/\/www.domusrental.com\/blog\/it\/giro-montagna-lago-garda\/"},"wordCount":1293,"commentCount":0,"publisher":{"@id":"https:\/\/www.domusrental.com\/blog\/#organization"},"image":{"@id":"https:\/\/www.domusrental.com\/blog\/it\/giro-montagna-lago-garda\/#primaryimage"},"thumbnailUrl":"https:\/\/www.domusrental.com\/blog\/wp-content\/uploads\/2025\/04\/garda-lake-hikes.jpg","articleSection":["Esperienze","Lago di Garda"],"inLanguage":"it-IT","potentialAction":[{"@type":"CommentAction","name":"Comment","target":["https:\/\/www.domusrental.com\/blog\/it\/giro-montagna-lago-garda\/#respond"]}]},{"@type":"WebPage","@id":"https:\/\/www.domusrental.com\/blog\/it\/giro-montagna-lago-garda\/","url":"https:\/\/www.domusrental.com\/blog\/it\/giro-montagna-lago-garda\/","name":"Fatti un giro in montagna sul Lago di Garda - Blog | Domus Rental","isPartOf":{"@id":"https:\/\/www.domusrental.com\/blog\/#website"},"primaryImageOfPage":{"@id":"https:\/\/www.domusrental.com\/blog\/it\/giro-montagna-lago-garda\/#primaryimage"},"image":{"@id":"https:\/\/www.domusrental.com\/blog\/it\/giro-montagna-lago-garda\/#primaryimage"},"thumbnailUrl":"https:\/\/www.domusrental.com\/blog\/wp-content\/uploads\/2025\/04\/garda-lake-hikes.jpg","datePublished":"2025-04-09T14:17:17+00:00","dateModified":"2025-08-21T10:18:33+00:00","description":"Fatti un giro in montagna sul Lago di Garda e goditi paesaggi spettacolari. Dai un'occhiata alle escursioni pi\u00f9 fighe di sempre.","breadcrumb":{"@id":"https:\/\/www.domusrental.com\/blog\/it\/giro-montagna-lago-garda\/#breadcrumb"},"inLanguage":"it-IT","potentialAction":[{"@type":"ReadAction","target":["https:\/\/www.domusrental.com\/blog\/it\/giro-montagna-lago-garda\/"]}]},{"@type":"ImageObject","inLanguage":"it-IT","@id":"https:\/\/www.domusrental.com\/blog\/it\/giro-montagna-lago-garda\/#primaryimage","url":"https:\/\/www.domusrental.com\/blog\/wp-content\/uploads\/2025\/04\/garda-lake-hikes.jpg","contentUrl":"https:\/\/www.domusrental.com\/blog\/wp-content\/uploads\/2025\/04\/garda-lake-hikes.jpg","width":2119,"height":706,"caption":"mother and son looking down to Lake Garda in Italy"},{"@type":"BreadcrumbList","@id":"https:\/\/www.domusrental.com\/blog\/it\/giro-montagna-lago-garda\/#breadcrumb","itemListElement":[{"@type":"ListItem","position":1,"name":"Home","item":"https:\/\/www.domusrental.com\/blog\/it\/"},{"@type":"ListItem","position":2,"name":"Escursioni sul Lago di Garda: I Migliori Percorsi, Passeggiate per Famiglie e Consigli"}]},{"@type":"WebSite","@id":"https:\/\/www.domusrental.com\/blog\/#website","url":"https:\/\/www.domusrental.com\/blog\/","name":"Domus Rental","description":"","publisher":{"@id":"https:\/\/www.domusrental.com\/blog\/#organization"},"potentialAction":[{"@type":"SearchAction","target":{"@type":"EntryPoint","urlTemplate":"https:\/\/www.domusrental.com\/blog\/?s={search_term_string}"},"query-input":{"@type":"PropertyValueSpecification","valueRequired":true,"valueName":"search_term_string"}}],"inLanguage":"it-IT"},{"@type":"Organization","@id":"https:\/\/www.domusrental.com\/blog\/#organization","name":"Blog | Domus Rental","url":"https:\/\/www.domusrental.com\/blog\/","logo":{"@type":"ImageObject","inLanguage":"it-IT","@id":"https:\/\/www.domusrental.com\/blog\/#\/schema\/logo\/image\/","url":"https:\/\/www.domusrental.com\/blog\/wp-content\/uploads\/2024\/04\/favicon.png","contentUrl":"https:\/\/www.domusrental.com\/blog\/wp-content\/uploads\/2024\/04\/favicon.png","width":298,"height":298,"caption":"Blog | Domus Rental"},"image":{"@id":"https:\/\/www.domusrental.com\/blog\/#\/schema\/logo\/image\/"},"sameAs":["https:\/\/www.facebook.com\/domusrental","https:\/\/x.com\/DomusRental"]},{"@type":"Person","@id":"https:\/\/www.domusrental.com\/blog\/#\/schema\/person\/113b82f1959c1dbc77b9507401a05d87","name":"Richard","image":{"@type":"ImageObject","inLanguage":"it-IT","@id":"https:\/\/secure.gravatar.com\/avatar\/63f7d63df8bc500b7b072100eb25897597ec962e6be3ac33cf5045633fb5702a?s=96&d=mm&r=g","url":"https:\/\/secure.gravatar.com\/avatar\/63f7d63df8bc500b7b072100eb25897597ec962e6be3ac33cf5045633fb5702a?s=96&d=mm&r=g","contentUrl":"https:\/\/secure.gravatar.com\/avatar\/63f7d63df8bc500b7b072100eb25897597ec962e6be3ac33cf5045633fb5702a?s=96&d=mm&r=g","caption":"Richard"},"url":"https:\/\/www.domusrental.com\/blog\/it\/author\/richard\/"}]}},"_links":{"self":[{"href":"https:\/\/www.domusrental.com\/blog\/it\/wp-json\/wp\/v2\/posts\/3773","targetHints":{"allow":["GET"]}}],"collection":[{"href":"https:\/\/www.domusrental.com\/blog\/it\/wp-json\/wp\/v2\/posts"}],"about":[{"href":"https:\/\/www.domusrental.com\/blog\/it\/wp-json\/wp\/v2\/types\/post"}],"author":[{"embeddable":true,"href":"https:\/\/www.domusrental.com\/blog\/it\/wp-json\/wp\/v2\/users\/4"}],"replies":[{"embeddable":true,"href":"https:\/\/www.domusrental.com\/blog\/it\/wp-json\/wp\/v2\/comments?post=3773"}],"version-history":[{"count":11,"href":"https:\/\/www.domusrental.com\/blog\/it\/wp-json\/wp\/v2\/posts\/3773\/revisions"}],"predecessor-version":[{"id":3786,"href":"https:\/\/www.domusrental.com\/blog\/it\/wp-json\/wp\/v2\/posts\/3773\/revisions\/3786"}],"wp:featuredmedia":[{"embeddable":true,"href":"https:\/\/www.domusrental.com\/blog\/it\/wp-json\/wp\/v2\/media\/3763"}],"wp:attachment":[{"href":"https:\/\/www.domusrental.com\/blog\/it\/wp-json\/wp\/v2\/media?parent=3773"}],"wp:term":[{"taxonomy":"category","embeddable":true,"href":"https:\/\/www.domusrental.com\/blog\/it\/wp-json\/wp\/v2\/categories?post=3773"},{"taxonomy":"post_tag","embeddable":true,"href":"https:\/\/www.domusrental.com\/blog\/it\/wp-json\/wp\/v2\/tags?post=3773"}],"curies":[{"name":"wp","href":"https:\/\/api.w.org\/{rel}","templated":true}]}}