{"id":4465,"date":"2025-07-02T09:02:48","date_gmt":"2025-07-02T09:02:48","guid":{"rendered":"https:\/\/www.domusrental.com\/blog\/noleggio-vespa-lago-di-garda\/"},"modified":"2025-07-23T10:46:29","modified_gmt":"2025-07-23T10:46:29","slug":"noleggio-vespa-lago-di-garda","status":"publish","type":"post","link":"https:\/\/www.domusrental.com\/blog\/it\/noleggio-vespa-lago-di-garda\/","title":{"rendered":"Vivi un&#8217;avventura panoramica con il noleggio Vespa sul Lago di Garda"},"content":{"rendered":"\t\t<div data-elementor-type=\"wp-post\" data-elementor-id=\"4465\" class=\"elementor elementor-4465 elementor-4437\" data-elementor-post-type=\"post\">\n\t\t\t\t\t\t<section class=\"elementor-section elementor-top-section elementor-element elementor-element-62d1062f elementor-section-boxed elementor-section-height-default elementor-section-height-default\" data-id=\"62d1062f\" data-element_type=\"section\" data-e-type=\"section\">\n\t\t\t\t\t\t<div class=\"elementor-container elementor-column-gap-default\">\n\t\t\t\t\t<div class=\"elementor-column elementor-col-100 elementor-top-column elementor-element elementor-element-47433489\" data-id=\"47433489\" data-element_type=\"column\" data-e-type=\"column\">\n\t\t\t<div class=\"elementor-widget-wrap elementor-element-populated\">\n\t\t\t\t\t\t<div class=\"elementor-element elementor-element-6eb8d895 elementor-widget elementor-widget-text-editor\" data-id=\"6eb8d895\" data-element_type=\"widget\" data-e-type=\"widget\" data-widget_type=\"text-editor.default\">\n\t\t\t\t<div class=\"elementor-widget-container\">\n\t\t\t\t\t\t\t\t\t<p><span style=\"font-weight: 400;\">Se hai mai desiderato scambiare le quattro ruote con due ed esplorare le sponde del lago italiano con un tocco in pi\u00f9, il noleggio Vespa sul Lago di Garda \u00e8 la tua porta d&#8217;accesso alla <\/span><i><span style=\"font-weight: 400;\">dolce vita<\/span><\/i><span style=\"font-weight: 400;\">. C&#8217;\u00e8 qualcosa di irresistibilmente italiano nel sfrecciare tra uliveti, villaggi color pastello e passeggiate sul lungolago a bordo di una classica Vespa. <\/span><\/p><p><span style=\"font-weight: 400;\">Nel blog di oggi, tratteremo tutto ci\u00f2 che devi sapere sul noleggio Vespa sul Lago di Garda, inclusi i luoghi dove noleggiare, prezzi e pacchetti, i migliori percorsi e alcuni consigli utili per una giornata fantastica.<\/span><\/p>\t\t\t\t\t\t\t\t<\/div>\n\t\t\t\t<\/div>\n\t\t\t\t\t<\/div>\n\t\t<\/div>\n\t\t\t\t\t<\/div>\n\t\t<\/section>\n\t\t\t\t<section class=\"elementor-section elementor-top-section elementor-element elementor-element-11b2cea4 elementor-section-boxed elementor-section-height-default elementor-section-height-default\" data-id=\"11b2cea4\" data-element_type=\"section\" data-e-type=\"section\">\n\t\t\t\t\t\t<div class=\"elementor-container elementor-column-gap-default\">\n\t\t\t\t\t<div class=\"elementor-column elementor-col-100 elementor-top-column elementor-element elementor-element-b41b095\" data-id=\"b41b095\" data-element_type=\"column\" data-e-type=\"column\">\n\t\t\t<div class=\"elementor-widget-wrap elementor-element-populated\">\n\t\t\t\t\t\t<div class=\"elementor-element elementor-element-7b52b78f elementor-widget elementor-widget-table-of-contents\" data-id=\"7b52b78f\" data-element_type=\"widget\" data-e-type=\"widget\" data-settings=\"{&quot;headings_by_tags&quot;:[&quot;h2&quot;],&quot;exclude_headings_by_selector&quot;:[],&quot;marker_view&quot;:&quot;bullets&quot;,&quot;icon&quot;:{&quot;value&quot;:&quot;fas fa-arrow-right&quot;,&quot;library&quot;:&quot;fa-solid&quot;},&quot;no_headings_message&quot;:&quot;No headings were found on this page.&quot;,&quot;hierarchical_view&quot;:&quot;yes&quot;,&quot;min_height&quot;:{&quot;unit&quot;:&quot;px&quot;,&quot;size&quot;:&quot;&quot;,&quot;sizes&quot;:[]},&quot;min_height_tablet&quot;:{&quot;unit&quot;:&quot;px&quot;,&quot;size&quot;:&quot;&quot;,&quot;sizes&quot;:[]},&quot;min_height_mobile&quot;:{&quot;unit&quot;:&quot;px&quot;,&quot;size&quot;:&quot;&quot;,&quot;sizes&quot;:[]}}\" data-widget_type=\"table-of-contents.default\">\n\t\t\t\t<div class=\"elementor-widget-container\">\n\t\t\t\t\t\t\t\t\t<div class=\"elementor-toc__header\">\n\t\t\t\t\t\t<div class=\"elementor-toc__header-title\">\n\t\t\t\tIndice\t\t\t<\/div>\n\t\t\t\t\t\t\t\t<\/div>\n\t\t\t\t<div id=\"elementor-toc__7b52b78f\" class=\"elementor-toc__body\">\n\t\t\t<div class=\"elementor-toc__spinner-container\">\n\t\t\t\t<i class=\"elementor-toc__spinner eicon-animation-spin eicon-loading\" aria-hidden=\"true\"><\/i>\t\t\t<\/div>\n\t\t<\/div>\n\t\t\t\t\t\t<\/div>\n\t\t\t\t<\/div>\n\t\t\t\t\t<\/div>\n\t\t<\/div>\n\t\t\t\t\t<\/div>\n\t\t<\/section>\n\t\t\t\t<section class=\"elementor-section elementor-top-section elementor-element elementor-element-6647662b elementor-section-boxed elementor-section-height-default elementor-section-height-default\" data-id=\"6647662b\" data-element_type=\"section\" data-e-type=\"section\">\n\t\t\t\t\t\t<div class=\"elementor-container elementor-column-gap-default\">\n\t\t\t\t\t<div class=\"elementor-column elementor-col-100 elementor-top-column elementor-element elementor-element-52738d7c\" data-id=\"52738d7c\" data-element_type=\"column\" data-e-type=\"column\">\n\t\t\t<div class=\"elementor-widget-wrap elementor-element-populated\">\n\t\t\t\t\t\t<div class=\"elementor-element elementor-element-7d36ccb2 elementor-widget elementor-widget-heading\" data-id=\"7d36ccb2\" data-element_type=\"widget\" data-e-type=\"widget\" data-widget_type=\"heading.default\">\n\t\t\t\t<div class=\"elementor-widget-container\">\n\t\t\t\t\t<h2 class=\"elementor-heading-title elementor-size-default\">Dove noleggiare una Vespa\n<\/h2>\t\t\t\t<\/div>\n\t\t\t\t<\/div>\n\t\t\t\t<div class=\"elementor-element elementor-element-f6255ec elementor-widget elementor-widget-text-editor\" data-id=\"f6255ec\" data-element_type=\"widget\" data-e-type=\"widget\" data-widget_type=\"text-editor.default\">\n\t\t\t\t<div class=\"elementor-widget-container\">\n\t\t\t\t\t\t\t\t\t<p><span style=\"font-weight: 400;\">Se ti stai chiedendo dove noleggiare una Vespa sul Lago di Garda, avrai l&#8217;imbarazzo della scelta. Il lago \u00e8 costellato di negozi di noleggio affidabili.  <\/span><a href=\"https:\/\/www.domusrental.com\/blog\/it\/peschiera-del-garda-2\/\"><span style=\"font-weight: 400;\">Peschiera del Garda<\/span><\/a><span style=\"font-weight: 400;\"> si distingue come un hub di trasporti con molte opzioni, mentre Lazise e Bardolino sono citt\u00e0 eleganti che si adattano bene ai visitatori. Se hai intenzione di dirigerti a nord,  <\/span><a href=\"https:\/\/www.domusrental.com\/blog\/it\/malcesine-2\/\"><span style=\"font-weight: 400;\">Malcesine<\/span><\/a><span style=\"font-weight: 400;\"> e Riva del Garda sono ottime scelte, e Moniga del Garda, sebbene pi\u00f9 piccola, \u00e8 nota per il suo servizio attento.<\/span><\/p>\t\t\t\t\t\t\t\t<\/div>\n\t\t\t\t<\/div>\n\t\t\t\t\t<\/div>\n\t\t<\/div>\n\t\t\t\t\t<\/div>\n\t\t<\/section>\n\t\t\t\t<section class=\"elementor-section elementor-top-section elementor-element elementor-element-465b2c4 elementor-section-boxed elementor-section-height-default elementor-section-height-default\" data-id=\"465b2c4\" data-element_type=\"section\" data-e-type=\"section\">\n\t\t\t\t\t\t<div class=\"elementor-container elementor-column-gap-default\">\n\t\t\t\t\t<div class=\"elementor-column elementor-col-50 elementor-top-column elementor-element elementor-element-11c05ca\" data-id=\"11c05ca\" data-element_type=\"column\" data-e-type=\"column\">\n\t\t\t<div class=\"elementor-widget-wrap elementor-element-populated\">\n\t\t\t\t\t\t<div class=\"elementor-element elementor-element-20ef711 elementor-widget elementor-widget-text-editor\" data-id=\"20ef711\" data-element_type=\"widget\" data-e-type=\"widget\" data-widget_type=\"text-editor.default\">\n\t\t\t\t<div class=\"elementor-widget-container\">\n\t\t\t\t\t\t\t\t\t<p><span style=\"font-weight: 400;\">Le aziende pi\u00f9 quotate includono:<\/span><\/p><ul><li><a href=\"https:\/\/www.rentgardalake.com\/\"><b>Rent Garda Lake<\/b><\/a><span style=\"font-weight: 400;\"> offre Vespa ben tenute, chilometri illimitati e utili consigli locali. Li troverai in Via Bell&#8217;Italia, 45 a Peschiera del Garda. <\/span><\/li><li><a href=\"https:\/\/vispetta.com\/en\"><b>Vispetta<\/b><\/a> <span style=\"font-weight: 400;\">offre un processo di noleggio semplice e utili extra come l&#8217;attrezzatura antipioggia e supporti per telefono con caricabatterie per una navigazione facile e completa per tutto il giorno. Si trova in Via Pra&#8217; del Principe, 5 a Lazise. <\/span><\/li><li><a href=\"https:\/\/motoragazzi.com\/en\"><b>Motoragazzi<\/b><\/a> <span style=\"font-weight: 400;\">ha 8 diverse agenzie di noleggio intorno al Lago di Garda, tra cui Peschiera del Garda, Malcesine e Bardolino. Offre la pi\u00f9 ampia selezione di scooter a noleggio e ha persino la Moto Guzzi V85 Strada per gli appassionati di moto che cercano un&#8217;esperienza autentica al 100%.  <\/span><\/li><\/ul>\t\t\t\t\t\t\t\t<\/div>\n\t\t\t\t<\/div>\n\t\t\t\t\t<\/div>\n\t\t<\/div>\n\t\t\t\t<div class=\"elementor-column elementor-col-50 elementor-top-column elementor-element elementor-element-a97791b\" data-id=\"a97791b\" data-element_type=\"column\" data-e-type=\"column\">\n\t\t\t<div class=\"elementor-widget-wrap elementor-element-populated\">\n\t\t\t\t\t\t<div class=\"elementor-element elementor-element-f80a68f elementor-widget elementor-widget-image\" data-id=\"f80a68f\" data-element_type=\"widget\" data-e-type=\"widget\" data-widget_type=\"image.default\">\n\t\t\t\t<div class=\"elementor-widget-container\">\n\t\t\t\t\t\t\t\t\t\t\t\t\t\t\t<img fetchpriority=\"high\" decoding=\"async\" width=\"800\" height=\"533\" src=\"https:\/\/www.domusrental.com\/blog\/wp-content\/uploads\/2025\/07\/vespa-lake-garda-1024x682-1.jpg\" class=\"attachment-large size-large wp-image-4450\" alt=\"\" srcset=\"https:\/\/www.domusrental.com\/blog\/wp-content\/uploads\/2025\/07\/vespa-lake-garda-1024x682-1.jpg 1024w, https:\/\/www.domusrental.com\/blog\/wp-content\/uploads\/2025\/07\/vespa-lake-garda-1024x682-1-300x200.jpg 300w, https:\/\/www.domusrental.com\/blog\/wp-content\/uploads\/2025\/07\/vespa-lake-garda-1024x682-1-768x512.jpg 768w\" sizes=\"(max-width: 800px) 100vw, 800px\" \/>\t\t\t\t\t\t\t\t\t\t\t\t\t\t\t<\/div>\n\t\t\t\t<\/div>\n\t\t\t\t\t<\/div>\n\t\t<\/div>\n\t\t\t\t\t<\/div>\n\t\t<\/section>\n\t\t\t\t<section class=\"elementor-section elementor-top-section elementor-element elementor-element-1a973b7 elementor-section-boxed elementor-section-height-default elementor-section-height-default\" data-id=\"1a973b7\" data-element_type=\"section\" data-e-type=\"section\">\n\t\t\t\t\t\t<div class=\"elementor-container elementor-column-gap-default\">\n\t\t\t\t\t<div class=\"elementor-column elementor-col-100 elementor-top-column elementor-element elementor-element-810b928\" data-id=\"810b928\" data-element_type=\"column\" data-e-type=\"column\">\n\t\t\t<div class=\"elementor-widget-wrap elementor-element-populated\">\n\t\t\t\t\t\t<div class=\"elementor-element elementor-element-2985e7a elementor-widget elementor-widget-text-editor\" data-id=\"2985e7a\" data-element_type=\"widget\" data-e-type=\"widget\" data-widget_type=\"text-editor.default\">\n\t\t\t\t<div class=\"elementor-widget-container\">\n\t\t\t\t\t\t\t\t\t<p>La maggior parte dei noleggi fornisce caschi e assicurazione di base di serie, e molti sono felici di spiegarti le basi se sei nuovo alla guida. Se sei un po&#8217; arrugginito o non hai mai guidato una Vespa prima, non preoccuparti, hanno visto di tutto. <\/p>\t\t\t\t\t\t\t\t<\/div>\n\t\t\t\t<\/div>\n\t\t\t\t\t<\/div>\n\t\t<\/div>\n\t\t\t\t\t<\/div>\n\t\t<\/section>\n\t\t\t\t<section class=\"elementor-section elementor-top-section elementor-element elementor-element-9552f5d elementor-section-boxed elementor-section-height-default elementor-section-height-default\" data-id=\"9552f5d\" data-element_type=\"section\" data-e-type=\"section\">\n\t\t\t\t\t\t<div class=\"elementor-container elementor-column-gap-default\">\n\t\t\t\t\t<div class=\"elementor-column elementor-col-100 elementor-top-column elementor-element elementor-element-6fadf9d\" data-id=\"6fadf9d\" data-element_type=\"column\" data-e-type=\"column\">\n\t\t\t<div class=\"elementor-widget-wrap elementor-element-populated\">\n\t\t\t\t\t\t<div class=\"elementor-element elementor-element-993f0ec elementor-widget elementor-widget-heading\" data-id=\"993f0ec\" data-element_type=\"widget\" data-e-type=\"widget\" data-widget_type=\"heading.default\">\n\t\t\t\t<div class=\"elementor-widget-container\">\n\t\t\t\t\t<h2 class=\"elementor-heading-title elementor-size-default\">Prezzi e pacchetti di noleggio\n<\/h2>\t\t\t\t<\/div>\n\t\t\t\t<\/div>\n\t\t\t\t<div class=\"elementor-element elementor-element-5cbecb5 elementor-widget elementor-widget-text-editor\" data-id=\"5cbecb5\" data-element_type=\"widget\" data-e-type=\"widget\" data-widget_type=\"text-editor.default\">\n\t\t\t\t<div class=\"elementor-widget-container\">\n\t\t\t\t\t\t\t\t\t<p><span style=\"font-weight: 400;\">Per quanto riguarda i prezzi di noleggio Vespa sul Lago di Garda, c&#8217;\u00e8 molta flessibilit\u00e0 a seconda del modello, della durata e degli extra che scegliete. <\/span><\/p><p><span style=\"font-weight: 400;\">Le Vespa standard da 50cc e 125cc generalmente variano da circa 35\u20ac a 80\u20ac al giorno, mentre i modelli premium, come il 300cc, offrono pi\u00f9 potenza a un prezzo leggermente superiore. Se cerchi un&#8217;esperienza pi\u00f9 immersiva, i pacchetti tour autoguidati per due partono da circa 140\u20ac e spesso includono un navigatore GPS con un percorso predefinito, un casco e talvolta anche il pranzo in una vigna. Sono disponibili anche extra aggiuntivi come una GoPro o la consegna al tuo alloggio.  <\/span><\/p><p><span style=\"font-weight: 400;\">La maggior parte dei luoghi richiede un deposito cauzionale, tipicamente intorno ai 500\u20ac, che viene trattenuto sulla tua carta di credito. Gli extra possono includere l&#8217;assicurazione KASKO per danni accidentali, supplementi carburante e tariffe per il traghetto se hai intenzione di attraversare il lago. Vale sempre la pena chiedere cosa \u00e8 incluso in anticipo, in modo da non essere colti di sorpresa da costi aggiuntivi. Caschi, impermeabili e supporti per telefono sono solitamente inclusi.   <\/span><\/p>\t\t\t\t\t\t\t\t<\/div>\n\t\t\t\t<\/div>\n\t\t\t\t\t<\/div>\n\t\t<\/div>\n\t\t\t\t\t<\/div>\n\t\t<\/section>\n\t\t<div class=\"elementor-element elementor-element-be1c5cc e-flex e-con-boxed e-con e-parent\" data-id=\"be1c5cc\" data-element_type=\"container\" data-e-type=\"container\">\n\t\t\t\t\t<div class=\"e-con-inner\">\n\t\t\t\t<div class=\"elementor-element elementor-element-1746819 elementor-widget elementor-widget-image\" data-id=\"1746819\" data-element_type=\"widget\" data-e-type=\"widget\" data-widget_type=\"image.default\">\n\t\t\t\t<div class=\"elementor-widget-container\">\n\t\t\t\t\t\t\t\t\t\t\t\t\t\t\t<img decoding=\"async\" width=\"800\" height=\"400\" src=\"https:\/\/www.domusrental.com\/blog\/wp-content\/uploads\/2025\/07\/Rentalvespa-in-lake-garda-1024x512.jpg\" class=\"attachment-large size-large wp-image-4453\" alt=\"Rentalvespa-in-lake-garda.jpg\" srcset=\"https:\/\/www.domusrental.com\/blog\/wp-content\/uploads\/2025\/07\/Rentalvespa-in-lake-garda-1024x512.jpg 1024w, https:\/\/www.domusrental.com\/blog\/wp-content\/uploads\/2025\/07\/Rentalvespa-in-lake-garda-300x150.jpg 300w, https:\/\/www.domusrental.com\/blog\/wp-content\/uploads\/2025\/07\/Rentalvespa-in-lake-garda-768x384.jpg 768w, https:\/\/www.domusrental.com\/blog\/wp-content\/uploads\/2025\/07\/Rentalvespa-in-lake-garda.jpg 1254w\" sizes=\"(max-width: 800px) 100vw, 800px\" \/>\t\t\t\t\t\t\t\t\t\t\t\t\t\t\t<\/div>\n\t\t\t\t<\/div>\n\t\t\t\t\t<\/div>\n\t\t\t\t<\/div>\n\t\t\t\t<section class=\"elementor-section elementor-top-section elementor-element elementor-element-56eda2b elementor-section-boxed elementor-section-height-default elementor-section-height-default\" data-id=\"56eda2b\" data-element_type=\"section\" data-e-type=\"section\">\n\t\t\t\t\t\t<div class=\"elementor-container elementor-column-gap-default\">\n\t\t\t\t\t<div class=\"elementor-column elementor-col-100 elementor-top-column elementor-element elementor-element-d5bb1f6\" data-id=\"d5bb1f6\" data-element_type=\"column\" data-e-type=\"column\">\n\t\t\t<div class=\"elementor-widget-wrap elementor-element-populated\">\n\t\t\t\t\t\t<div class=\"elementor-element elementor-element-3922c17 elementor-widget elementor-widget-heading\" data-id=\"3922c17\" data-element_type=\"widget\" data-e-type=\"widget\" data-widget_type=\"heading.default\">\n\t\t\t\t<div class=\"elementor-widget-container\">\n\t\t\t\t\t<h2 class=\"elementor-heading-title elementor-size-default\">Percorsi popolari da esplorare\n<\/h2>\t\t\t\t<\/div>\n\t\t\t\t<\/div>\n\t\t\t\t<div class=\"elementor-element elementor-element-68d09d0 elementor-widget elementor-widget-text-editor\" data-id=\"68d09d0\" data-element_type=\"widget\" data-e-type=\"widget\" data-widget_type=\"text-editor.default\">\n\t\t\t\t<div class=\"elementor-widget-container\">\n\t\t\t\t\t\t\t\t\t<p><span style=\"font-weight: 400;\">La vera magia di un tour in Vespa sul Lago di Garda risiede nella strada che ti aspetta e nei panorami che incontrerai lungo il percorso. Ecco alcuni dei percorsi in Vespa pi\u00f9 iconici del Lago di Garda per una giornata indimenticabile: <\/span><\/p>\t\t\t\t\t\t\t\t<\/div>\n\t\t\t\t<\/div>\n\t\t\t\t\t<\/div>\n\t\t<\/div>\n\t\t\t\t\t<\/div>\n\t\t<\/section>\n\t\t\t\t<section class=\"elementor-section elementor-top-section elementor-element elementor-element-2f4e0c7f elementor-section-boxed elementor-section-height-default elementor-section-height-default\" data-id=\"2f4e0c7f\" data-element_type=\"section\" data-e-type=\"section\">\n\t\t\t\t\t\t<div class=\"elementor-container elementor-column-gap-default\">\n\t\t\t\t\t<div class=\"elementor-column elementor-col-100 elementor-top-column elementor-element elementor-element-31a1154f\" data-id=\"31a1154f\" data-element_type=\"column\" data-e-type=\"column\">\n\t\t\t<div class=\"elementor-widget-wrap elementor-element-populated\">\n\t\t\t\t\t\t<div class=\"elementor-element elementor-element-6259eb32 elementor-widget elementor-widget-heading\" data-id=\"6259eb32\" data-element_type=\"widget\" data-e-type=\"widget\" data-widget_type=\"heading.default\">\n\t\t\t\t<div class=\"elementor-widget-container\">\n\t\t\t\t\t<h3 class=\"elementor-heading-title elementor-size-default\">Strada della Forra\n<\/h3>\t\t\t\t<\/div>\n\t\t\t\t<\/div>\n\t\t\t\t<div class=\"elementor-element elementor-element-15a24336 elementor-widget elementor-widget-text-editor\" data-id=\"15a24336\" data-element_type=\"widget\" data-e-type=\"widget\" data-widget_type=\"text-editor.default\">\n\t\t\t\t<div class=\"elementor-widget-container\">\n\t\t\t\t\t\t\t\t\t<p><span style=\"font-weight: 400;\">Uno dei percorsi pi\u00f9 spettacolari \u00e8 la Strada della Forra, una strada di montagna scavata in una gola sopra Tremosine e spesso definita la \u201cottava meraviglia del mondo.\u201d <\/span><\/p>\t\t\t\t\t\t\t\t<\/div>\n\t\t\t\t<\/div>\n\t\t\t\t\t<\/div>\n\t\t<\/div>\n\t\t\t\t\t<\/div>\n\t\t<\/section>\n\t\t\t\t<section class=\"elementor-section elementor-top-section elementor-element elementor-element-62e0afe elementor-section-boxed elementor-section-height-default elementor-section-height-default\" data-id=\"62e0afe\" data-element_type=\"section\" data-e-type=\"section\">\n\t\t\t\t\t\t<div class=\"elementor-container elementor-column-gap-default\">\n\t\t\t\t\t<div class=\"elementor-column elementor-col-100 elementor-top-column elementor-element elementor-element-b78f08c\" data-id=\"b78f08c\" data-element_type=\"column\" data-e-type=\"column\">\n\t\t\t<div class=\"elementor-widget-wrap elementor-element-populated\">\n\t\t\t\t\t\t<div class=\"elementor-element elementor-element-bb731ad elementor-widget elementor-widget-heading\" data-id=\"bb731ad\" data-element_type=\"widget\" data-e-type=\"widget\" data-widget_type=\"heading.default\">\n\t\t\t\t<div class=\"elementor-widget-container\">\n\t\t\t\t\t<h3 class=\"elementor-heading-title elementor-size-default\">Circuito del lungolago\n<\/h3>\t\t\t\t<\/div>\n\t\t\t\t<\/div>\n\t\t\t\t<div class=\"elementor-element elementor-element-d4bc5db elementor-widget elementor-widget-text-editor\" data-id=\"d4bc5db\" data-element_type=\"widget\" data-e-type=\"widget\" data-widget_type=\"text-editor.default\">\n\t\t\t\t<div class=\"elementor-widget-container\">\n\t\t\t\t\t\t\t\t\t<p><span style=\"font-weight: 400;\">Per una guida pi\u00f9 tranquilla, il Circuito del Lungolago che parte da Peschiera del Garda e segue la sponda occidentale offre panorami mozzafiato, chiese affascinanti e tanto vino locale (solo per i passeggeri!).<\/span><\/p>\t\t\t\t\t\t\t\t<\/div>\n\t\t\t\t<\/div>\n\t\t\t\t\t<\/div>\n\t\t<\/div>\n\t\t\t\t\t<\/div>\n\t\t<\/section>\n\t\t\t\t<section class=\"elementor-section elementor-top-section elementor-element elementor-element-b6d1a4e elementor-section-boxed elementor-section-height-default elementor-section-height-default\" data-id=\"b6d1a4e\" data-element_type=\"section\" data-e-type=\"section\">\n\t\t\t\t\t\t<div class=\"elementor-container elementor-column-gap-default\">\n\t\t\t\t\t<div class=\"elementor-column elementor-col-100 elementor-top-column elementor-element elementor-element-da81ece\" data-id=\"da81ece\" data-element_type=\"column\" data-e-type=\"column\">\n\t\t\t<div class=\"elementor-widget-wrap elementor-element-populated\">\n\t\t\t\t\t\t<div class=\"elementor-element elementor-element-b94d3fa elementor-widget elementor-widget-heading\" data-id=\"b94d3fa\" data-element_type=\"widget\" data-e-type=\"widget\" data-widget_type=\"heading.default\">\n\t\t\t\t<div class=\"elementor-widget-container\">\n\t\t\t\t\t<h3 class=\"elementor-heading-title elementor-size-default\">Percorso dei villaggi della sponda orientale\n<\/h3>\t\t\t\t<\/div>\n\t\t\t\t<\/div>\n\t\t\t\t<div class=\"elementor-element elementor-element-5c88427 elementor-widget elementor-widget-text-editor\" data-id=\"5c88427\" data-element_type=\"widget\" data-e-type=\"widget\" data-widget_type=\"text-editor.default\">\n\t\t\t\t<div class=\"elementor-widget-container\">\n\t\t\t\t\t\t\t\t\t<p><span style=\"font-weight: 400;\">Se preferisci un ritmo pi\u00f9 rilassato, il percorso dei Villaggi della Sponda Orientale ti porta attraverso Lazise, Bardolino (famoso per la sua <\/span><a href=\"https:\/\/www.domusrental.com\/blog\/bardolino-wine-festival-2\/\"><span style=\"font-weight: 400;\">festa del vino<\/span><\/a><span style=\"font-weight: 400;\">) e Garda, con ampie opportunit\u00e0 per pause caff\u00e8 e passeggiate sul lungolago.<\/span> <\/p>\t\t\t\t\t\t\t\t<\/div>\n\t\t\t\t<\/div>\n\t\t\t\t\t<\/div>\n\t\t<\/div>\n\t\t\t\t\t<\/div>\n\t\t<\/section>\n\t\t\t\t<section class=\"elementor-section elementor-top-section elementor-element elementor-element-abf8786 elementor-section-boxed elementor-section-height-default elementor-section-height-default\" data-id=\"abf8786\" data-element_type=\"section\" data-e-type=\"section\">\n\t\t\t\t\t\t<div class=\"elementor-container elementor-column-gap-default\">\n\t\t\t\t\t<div class=\"elementor-column elementor-col-100 elementor-top-column elementor-element elementor-element-0579228\" data-id=\"0579228\" data-element_type=\"column\" data-e-type=\"column\">\n\t\t\t<div class=\"elementor-widget-wrap elementor-element-populated\">\n\t\t\t\t\t\t<div class=\"elementor-element elementor-element-6f89e98 elementor-widget elementor-widget-heading\" data-id=\"6f89e98\" data-element_type=\"widget\" data-e-type=\"widget\" data-widget_type=\"heading.default\">\n\t\t\t\t<div class=\"elementor-widget-container\">\n\t\t\t\t\t<h3 class=\"elementor-heading-title elementor-size-default\">Percorso con attraversamento in traghetto\n<\/h3>\t\t\t\t<\/div>\n\t\t\t\t<\/div>\n\t\t\t\t<div class=\"elementor-element elementor-element-d8d0616 elementor-widget elementor-widget-text-editor\" data-id=\"d8d0616\" data-element_type=\"widget\" data-e-type=\"widget\" data-widget_type=\"text-editor.default\">\n\t\t\t\t<div class=\"elementor-widget-container\">\n\t\t\t\t\t\t\t\t\t<p><span style=\"font-weight: 400;\">Per un&#8217;avventura vera e propria, porta la tua Vespa sul traghetto ed esplora entrambi i lati del lago senza tornare indietro. Le tue opzioni includono un traghetto tra Maderno e  <\/span><a href=\"https:\/\/www.domusrental.com\/blog\/discover-torri-del-benaco\/\"><span style=\"font-weight: 400;\">Torri del Benaco<\/span><\/a><span style=\"font-weight: 400;\"> (tutto l&#8217;anno) e tra Limone e Malcesine (solo in estate).<\/span><\/p>\t\t\t\t\t\t\t\t<\/div>\n\t\t\t\t<\/div>\n\t\t\t\t\t<\/div>\n\t\t<\/div>\n\t\t\t\t\t<\/div>\n\t\t<\/section>\n\t\t<div class=\"elementor-element elementor-element-cd91cad e-flex e-con-boxed e-con e-parent\" data-id=\"cd91cad\" data-element_type=\"container\" data-e-type=\"container\">\n\t\t\t\t\t<div class=\"e-con-inner\">\n\t\t\t\t<div class=\"elementor-element elementor-element-9d35c0a elementor-widget elementor-widget-image\" data-id=\"9d35c0a\" data-element_type=\"widget\" data-e-type=\"widget\" data-widget_type=\"image.default\">\n\t\t\t\t<div class=\"elementor-widget-container\">\n\t\t\t\t\t\t\t\t\t\t\t\t\t\t\t<img decoding=\"async\" width=\"1254\" height=\"627\" src=\"https:\/\/www.domusrental.com\/blog\/wp-content\/uploads\/2025\/07\/vespa-garda-lake.jpg\" class=\"attachment-full size-full wp-image-4456\" alt=\"vespa-garda-lake.jpg\" srcset=\"https:\/\/www.domusrental.com\/blog\/wp-content\/uploads\/2025\/07\/vespa-garda-lake.jpg 1254w, https:\/\/www.domusrental.com\/blog\/wp-content\/uploads\/2025\/07\/vespa-garda-lake-300x150.jpg 300w, https:\/\/www.domusrental.com\/blog\/wp-content\/uploads\/2025\/07\/vespa-garda-lake-1024x512.jpg 1024w, https:\/\/www.domusrental.com\/blog\/wp-content\/uploads\/2025\/07\/vespa-garda-lake-768x384.jpg 768w\" sizes=\"(max-width: 1254px) 100vw, 1254px\" \/>\t\t\t\t\t\t\t\t\t\t\t\t\t\t\t<\/div>\n\t\t\t\t<\/div>\n\t\t\t\t\t<\/div>\n\t\t\t\t<\/div>\n\t\t\t\t<section class=\"elementor-section elementor-top-section elementor-element elementor-element-6616205 elementor-section-boxed elementor-section-height-default elementor-section-height-default\" data-id=\"6616205\" data-element_type=\"section\" data-e-type=\"section\">\n\t\t\t\t\t\t<div class=\"elementor-container elementor-column-gap-default\">\n\t\t\t\t\t<div class=\"elementor-column elementor-col-100 elementor-top-column elementor-element elementor-element-d007df4\" data-id=\"d007df4\" data-element_type=\"column\" data-e-type=\"column\">\n\t\t\t<div class=\"elementor-widget-wrap elementor-element-populated\">\n\t\t\t\t\t\t<div class=\"elementor-element elementor-element-48cb5ff elementor-widget elementor-widget-heading\" data-id=\"48cb5ff\" data-element_type=\"widget\" data-e-type=\"widget\" data-widget_type=\"heading.default\">\n\t\t\t\t<div class=\"elementor-widget-container\">\n\t\t\t\t\t<h2 class=\"elementor-heading-title elementor-size-default\">Requisiti di sicurezza e patente\n<\/h2>\t\t\t\t<\/div>\n\t\t\t\t<\/div>\n\t\t\t\t<div class=\"elementor-element elementor-element-81d9be3 elementor-widget elementor-widget-text-editor\" data-id=\"81d9be3\" data-element_type=\"widget\" data-e-type=\"widget\" data-widget_type=\"text-editor.default\">\n\t\t\t\t<div class=\"elementor-widget-container\">\n\t\t\t\t\t\t\t\t\t<p><span style=\"font-weight: 400;\">Prima di tirare fuori il Valentino Rossi che \u00e8 in te, mettiamo in ordine le scartoffie. La maggior parte delle agenzie di noleggio richiede che tu abbia almeno 21 anni per una Vespa 125cc e 25 per i modelli 300cc. Se sei un guidatore dell&#8217;UE, la tua patente B (auto) standard ti coprir\u00e0 per la 125cc, ma i guidatori non UE avranno probabilmente bisogno di un Permesso di Guida Internazionale (IDP) o di una patente specifica di categoria \u201cA\u201d o \u201cA1\u201d (motocicletta). Per i modelli pi\u00f9 potenti da 300cc, \u00e8 richiesta una patente A completa.   <\/span><\/p><p><span style=\"font-weight: 400;\">Anche l&#8217;esperienza \u00e8 importante. La maggior parte delle agenzie si aspetta che tu abbia gi\u00e0 guidato e potrebbe persino chiedere una rapida dimostrazione. I caschi sono obbligatori sia per i conducenti che per i passeggeri, e mentre l&#8217;assicurazione di terzi \u00e8 standard, vale la pena considerare una copertura KASKO completa per una maggiore tranquillit\u00e0. Se hai dubbi, chiedi al team di noleggio. Saranno pi\u00f9 che felici di darti consigli chiari in base al tipo di patente.    <\/span><\/p>\t\t\t\t\t\t\t\t<\/div>\n\t\t\t\t<\/div>\n\t\t\t\t\t<\/div>\n\t\t<\/div>\n\t\t\t\t\t<\/div>\n\t\t<\/section>\n\t\t\t\t<section class=\"elementor-section elementor-top-section elementor-element elementor-element-5546beb elementor-section-boxed elementor-section-height-default elementor-section-height-default\" data-id=\"5546beb\" data-element_type=\"section\" data-e-type=\"section\">\n\t\t\t\t\t\t<div class=\"elementor-container elementor-column-gap-default\">\n\t\t\t\t\t<div class=\"elementor-column elementor-col-100 elementor-top-column elementor-element elementor-element-02272d2\" data-id=\"02272d2\" data-element_type=\"column\" data-e-type=\"column\">\n\t\t\t<div class=\"elementor-widget-wrap elementor-element-populated\">\n\t\t\t\t\t\t<div class=\"elementor-element elementor-element-9efcdb9 elementor-widget elementor-widget-heading\" data-id=\"9efcdb9\" data-element_type=\"widget\" data-e-type=\"widget\" data-widget_type=\"heading.default\">\n\t\t\t\t<div class=\"elementor-widget-container\">\n\t\t\t\t\t<h2 class=\"elementor-heading-title elementor-size-default\">Consigli per un giro memorabile\n<\/h2>\t\t\t\t<\/div>\n\t\t\t\t<\/div>\n\t\t\t\t<div class=\"elementor-element elementor-element-71f925d elementor-widget elementor-widget-text-editor\" data-id=\"71f925d\" data-element_type=\"widget\" data-e-type=\"widget\" data-widget_type=\"text-editor.default\">\n\t\t\t\t<div class=\"elementor-widget-container\">\n\t\t\t\t\t\t\t\t\t<p><span style=\"font-weight: 400;\">Un po&#8217; di preparazione \u00e8 fondamentale per rendere il tuo viaggio in Vespa fluido e senza stress. Vestiti in modo appropriato con scarpe chiuse, una giacca leggera e occhiali da sole. L&#8217;attrezzatura antipioggia \u00e8 spesso fornita, ma vale sempre la pena controllare le previsioni. Prenotare in anticipo \u00e8 una buona idea, soprattutto durante i mesi estivi quando le Vespa sono molto richieste.   <\/span><\/p><p><span style=\"font-weight: 400;\">Utilizza le app di navigazione fornite o chiedi ai locali i loro punti panoramici preferiti. Rispetta le regole della strada: guida a destra, osserva i limiti di velocit\u00e0 locali e indossa sempre il casco. Non dimenticare di fare delle pause: fermati per un caff\u00e8, un gelato o semplicemente per ammirare il panorama. E ricorda, l&#8217;Italia ha regole severe sulla guida in stato di ebbrezza, quindi lascia quel ros\u00e9 del lago per dopo aver parcheggiato.   <\/span><\/p>\t\t\t\t\t\t\t\t<\/div>\n\t\t\t\t<\/div>\n\t\t\t\t\t<\/div>\n\t\t<\/div>\n\t\t\t\t\t<\/div>\n\t\t<\/section>\n\t\t\t\t<section class=\"elementor-section elementor-top-section elementor-element elementor-element-628cf8f elementor-section-boxed elementor-section-height-default elementor-section-height-default\" data-id=\"628cf8f\" data-element_type=\"section\" data-e-type=\"section\">\n\t\t\t\t\t\t<div class=\"elementor-container elementor-column-gap-default\">\n\t\t\t\t\t<div class=\"elementor-column elementor-col-100 elementor-top-column elementor-element elementor-element-09e9c95\" data-id=\"09e9c95\" data-element_type=\"column\" data-e-type=\"column\">\n\t\t\t<div class=\"elementor-widget-wrap elementor-element-populated\">\n\t\t\t\t\t\t<div class=\"elementor-element elementor-element-9f4e8fe elementor-widget elementor-widget-heading\" data-id=\"9f4e8fe\" data-element_type=\"widget\" data-e-type=\"widget\" data-widget_type=\"heading.default\">\n\t\t\t\t<div class=\"elementor-widget-container\">\n\t\t\t\t\t<h2 class=\"elementor-heading-title elementor-size-default\">Conclusione e noleggia la tua Vespa al Garda\n<\/h2>\t\t\t\t<\/div>\n\t\t\t\t<\/div>\n\t\t\t\t<div class=\"elementor-element elementor-element-c977ecb elementor-widget elementor-widget-text-editor\" data-id=\"c977ecb\" data-element_type=\"widget\" data-e-type=\"widget\" data-widget_type=\"text-editor.default\">\n\t\t\t\t<div class=\"elementor-widget-container\">\n\t\t\t\t\t\t\t\t\t<p><span style=\"font-weight: 400;\">Quindi, il noleggio Vespa sul Lago di Garda ne vale la pena? Assolutamente s\u00ec. \u00c8 un modo brillante e spensierato per vedere una delle regioni pi\u00f9 panoramiche d&#8217;Italia, con la libert\u00e0 di fermarsi dove e quando vuoi. \u00c8 davvero un&#8217;esperienza da film che crediamo dovrebbe essere nella lista dei desideri di tutti.    <\/span><\/p><p><span style=\"font-weight: 400;\">Ora, quando sei pronto a spegnere il motore e rilassarti per la sera, Domus offre una collezione curata di ville e appartamenti intorno al Lago di Garda. Vicini all&#8217;azione ma lontani dalla folla, sono la base perfetta per la tua fuga su due ruote.  <\/span><a href=\"https:\/\/www.domusrental.com\"><span style=\"font-weight: 400;\">Prenota il tuo soggiorno con Domus<\/span><\/a><span style=\"font-weight: 400;\">, prenota la tua Vespa e lascia che il Lago di Garda faccia il resto.<\/span><\/p>\t\t\t\t\t\t\t\t<\/div>\n\t\t\t\t<\/div>\n\t\t\t\t\t<\/div>\n\t\t<\/div>\n\t\t\t\t\t<\/div>\n\t\t<\/section>\n\t\t\t\t<section class=\"elementor-section elementor-top-section elementor-element elementor-element-46358a5b elementor-section-boxed elementor-section-height-default elementor-section-height-default\" data-id=\"46358a5b\" data-element_type=\"section\" data-e-type=\"section\">\n\t\t\t\t\t\t<div class=\"elementor-container elementor-column-gap-default\">\n\t\t\t\t\t<div class=\"elementor-column elementor-col-100 elementor-top-column elementor-element elementor-element-94db0cc\" data-id=\"94db0cc\" data-element_type=\"column\" data-e-type=\"column\">\n\t\t\t<div class=\"elementor-widget-wrap elementor-element-populated\">\n\t\t\t\t\t\t<div class=\"elementor-element elementor-element-757c9e0 elementor-widget elementor-widget-shortcode\" data-id=\"757c9e0\" data-element_type=\"widget\" data-e-type=\"widget\" data-widget_type=\"shortcode.default\">\n\t\t\t\t<div class=\"elementor-widget-container\">\n\t\t\t\t\t\t\t<div class=\"elementor-shortcode\">\t\t<div data-elementor-type=\"section\" data-elementor-id=\"2187\" class=\"elementor elementor-2187\" data-elementor-post-type=\"elementor_library\">\n\t\t\t\t\t<section class=\"elementor-section elementor-top-section elementor-element elementor-element-430ab890 elementor-section-boxed elementor-section-height-default elementor-section-height-default\" data-id=\"430ab890\" data-element_type=\"section\" data-e-type=\"section\">\n\t\t\t\t\t\t<div class=\"elementor-container elementor-column-gap-default\">\n\t\t\t\t\t<div class=\"elementor-column elementor-col-33 elementor-top-column elementor-element elementor-element-6daeb742\" data-id=\"6daeb742\" data-element_type=\"column\" data-e-type=\"column\">\n\t\t\t<div class=\"elementor-widget-wrap elementor-element-populated\">\n\t\t\t\t\t\t<div class=\"elementor-element elementor-element-496c7aa8 elementor-cta--skin-cover elementor-animated-content elementor-bg-transform elementor-bg-transform-zoom-in elementor-widget elementor-widget-call-to-action\" data-id=\"496c7aa8\" data-element_type=\"widget\" data-e-type=\"widget\" data-widget_type=\"call-to-action.default\">\n\t\t\t\t<div class=\"elementor-widget-container\">\n\t\t\t\t\t\t\t<a class=\"elementor-cta\" href=\"https:\/\/www.domusrental.com\/it\/ville-lago-di-garda\/\">\n\t\t\t\t\t<div class=\"elementor-cta__bg-wrapper\">\n\t\t\t\t<div class=\"elementor-cta__bg elementor-bg\" style=\"background-image: url(https:\/\/www.domusrental.com\/blog\/wp-content\/uploads\/2024\/04\/3-review-1-1920x630.jpg);\" role=\"img\" aria-label=\"3-review.jpg\"><\/div>\n\t\t\t\t<div class=\"elementor-cta__bg-overlay\"><\/div>\n\t\t\t<\/div>\n\t\t\t\t\t\t\t<div class=\"elementor-cta__content\">\n\t\t\t\t\n\t\t\t\t\n\t\t\t\t\n\t\t\t\t\t\t\t\t\t<div class=\"elementor-cta__button-wrapper elementor-cta__content-item elementor-content-item elementor-animated-item--grow\">\n\t\t\t\t\t<span class=\"elementor-cta__button elementor-button elementor-size-\">\n\t\t\t\t\t\tVille nel Lago di Garda\t\t\t\t\t<\/span>\n\t\t\t\t\t<\/div>\n\t\t\t\t\t\t\t<\/div>\n\t\t\t\t\t\t<\/a>\n\t\t\t\t\t\t<\/div>\n\t\t\t\t<\/div>\n\t\t\t\t\t<\/div>\n\t\t<\/div>\n\t\t\t\t<div class=\"elementor-column elementor-col-33 elementor-top-column elementor-element elementor-element-26521d07\" data-id=\"26521d07\" data-element_type=\"column\" data-e-type=\"column\">\n\t\t\t<div class=\"elementor-widget-wrap elementor-element-populated\">\n\t\t\t\t\t\t<div class=\"elementor-element elementor-element-7d227027 elementor-cta--skin-cover elementor-animated-content elementor-bg-transform elementor-bg-transform-zoom-in elementor-widget elementor-widget-call-to-action\" data-id=\"7d227027\" data-element_type=\"widget\" data-e-type=\"widget\" data-widget_type=\"call-to-action.default\">\n\t\t\t\t<div class=\"elementor-widget-container\">\n\t\t\t\t\t\t\t<a class=\"elementor-cta\" href=\"https:\/\/www.domusrental.com\/it\/casa-vacanze-lago-di-garda\/\">\n\t\t\t\t\t<div class=\"elementor-cta__bg-wrapper\">\n\t\t\t\t<div class=\"elementor-cta__bg elementor-bg\" style=\"background-image: url(https:\/\/www.domusrental.com\/blog\/wp-content\/uploads\/2024\/04\/iStock-1414288968-1-1521x630.jpg);\" role=\"img\" aria-label=\"iStock-1414288968.jpg\"><\/div>\n\t\t\t\t<div class=\"elementor-cta__bg-overlay\"><\/div>\n\t\t\t<\/div>\n\t\t\t\t\t\t\t<div class=\"elementor-cta__content\">\n\t\t\t\t\n\t\t\t\t\n\t\t\t\t\n\t\t\t\t\t\t\t\t\t<div class=\"elementor-cta__button-wrapper elementor-cta__content-item elementor-content-item elementor-animated-item--grow\">\n\t\t\t\t\t<span class=\"elementor-cta__button elementor-button elementor-size-\">\n\t\t\t\t\t\tAlloggi nel Lago di Garda in affitto\t\t\t\t\t<\/span>\n\t\t\t\t\t<\/div>\n\t\t\t\t\t\t\t<\/div>\n\t\t\t\t\t\t<\/a>\n\t\t\t\t\t\t<\/div>\n\t\t\t\t<\/div>\n\t\t\t\t\t<\/div>\n\t\t<\/div>\n\t\t\t\t<div class=\"elementor-column elementor-col-33 elementor-top-column elementor-element elementor-element-60c4d5dc\" data-id=\"60c4d5dc\" data-element_type=\"column\" data-e-type=\"column\">\n\t\t\t<div class=\"elementor-widget-wrap elementor-element-populated\">\n\t\t\t\t\t\t<div class=\"elementor-element elementor-element-31f881d3 elementor-cta--skin-cover elementor-animated-content elementor-bg-transform elementor-bg-transform-zoom-in elementor-widget elementor-widget-call-to-action\" data-id=\"31f881d3\" data-element_type=\"widget\" data-e-type=\"widget\" data-widget_type=\"call-to-action.default\">\n\t\t\t\t<div class=\"elementor-widget-container\">\n\t\t\t\t\t\t\t<a class=\"elementor-cta\" href=\"https:\/\/www.domusrental.com\/it\/appartamenti-lago-di-garda\/\">\n\t\t\t\t\t<div class=\"elementor-cta__bg-wrapper\">\n\t\t\t\t<div class=\"elementor-cta__bg elementor-bg\" style=\"background-image: url(https:\/\/www.domusrental.com\/blog\/wp-content\/uploads\/2024\/04\/apartments-in-lake-garda-1-1533x630.jpg);\" role=\"img\" aria-label=\"apartments-in-lake-garda.jpg\"><\/div>\n\t\t\t\t<div class=\"elementor-cta__bg-overlay\"><\/div>\n\t\t\t<\/div>\n\t\t\t\t\t\t\t<div class=\"elementor-cta__content\">\n\t\t\t\t\n\t\t\t\t\n\t\t\t\t\n\t\t\t\t\t\t\t\t\t<div class=\"elementor-cta__button-wrapper elementor-cta__content-item elementor-content-item elementor-animated-item--grow\">\n\t\t\t\t\t<span class=\"elementor-cta__button elementor-button elementor-size-\">\n\t\t\t\t\t\tAppartamenti nel Lago di Garda\t\t\t\t\t<\/span>\n\t\t\t\t\t<\/div>\n\t\t\t\t\t\t\t<\/div>\n\t\t\t\t\t\t<\/a>\n\t\t\t\t\t\t<\/div>\n\t\t\t\t<\/div>\n\t\t\t\t\t<\/div>\n\t\t<\/div>\n\t\t\t\t\t<\/div>\n\t\t<\/section>\n\t\t\t\t<\/div>\n\t\t<\/div>\n\t\t\t\t\t\t<\/div>\n\t\t\t\t<\/div>\n\t\t\t\t\t<\/div>\n\t\t<\/div>\n\t\t\t\t\t<\/div>\n\t\t<\/section>\n\t\t\t\t<\/div>\n\t\t","protected":false},"excerpt":{"rendered":"<p>Se hai mai desiderato scambiare le quattro ruote con due ed esplorare le sponde del lago italiano con un tocco in pi\u00f9, il noleggio Vespa sul Lago di Garda \u00e8 la tua porta d&#8217;accesso alla dolce vita. C&#8217;\u00e8 qualcosa di irresistibilmente italiano nel sfrecciare tra uliveti, villaggi color pastello e passeggiate sul lungolago a bordo [&hellip;]<\/p>\n","protected":false},"author":4,"featured_media":4459,"comment_status":"open","ping_status":"closed","sticky":false,"template":"","format":"standard","meta":{"footnotes":""},"categories":[60],"tags":[],"class_list":["post-4465","post","type-post","status-publish","format-standard","has-post-thumbnail","hentry","category-esperienze-lago-di-garda"],"yoast_head":"<!-- This site is optimized with the Yoast SEO plugin v27.4 - https:\/\/yoast.com\/product\/yoast-seo-wordpress\/ -->\n<title>Vivi un&#039;avventura panoramica con il noleggio Vespa sul Lago di Garda - Blog | Domus Rental<\/title>\n<meta name=\"description\" content=\"Noleggia una Vespa sul Lago di Garda ed esplora i suoi paesaggi al tuo ritmo.\" \/>\n<meta name=\"robots\" content=\"index, follow, max-snippet:-1, max-image-preview:large, max-video-preview:-1\" \/>\n<link rel=\"canonical\" href=\"https:\/\/www.domusrental.com\/blog\/it\/noleggio-vespa-lago-di-garda\/\" \/>\n<meta property=\"og:locale\" content=\"it_IT\" \/>\n<meta property=\"og:type\" content=\"article\" \/>\n<meta property=\"og:title\" content=\"Vivi un&#039;avventura panoramica con il noleggio Vespa sul Lago di Garda - Blog | Domus Rental\" \/>\n<meta property=\"og:description\" content=\"Noleggia una Vespa sul Lago di Garda ed esplora i suoi paesaggi al tuo ritmo.\" \/>\n<meta property=\"og:url\" content=\"https:\/\/www.domusrental.com\/blog\/it\/noleggio-vespa-lago-di-garda\/\" \/>\n<meta property=\"og:site_name\" content=\"Blog | Domus Rental\" \/>\n<meta property=\"article:publisher\" content=\"https:\/\/www.facebook.com\/domusrental\" \/>\n<meta property=\"article:published_time\" content=\"2025-07-02T09:02:48+00:00\" \/>\n<meta property=\"article:modified_time\" content=\"2025-07-23T10:46:29+00:00\" \/>\n<meta property=\"og:image\" content=\"https:\/\/www.domusrental.com\/blog\/wp-content\/uploads\/2025\/07\/vespa-in-garda-lake.jpg\" \/>\n\t<meta property=\"og:image:width\" content=\"1920\" \/>\n\t<meta property=\"og:image:height\" content=\"640\" \/>\n\t<meta property=\"og:image:type\" content=\"image\/jpeg\" \/>\n<meta name=\"author\" content=\"Richard\" \/>\n<meta name=\"twitter:card\" content=\"summary_large_image\" \/>\n<meta name=\"twitter:creator\" content=\"@DomusRental\" \/>\n<meta name=\"twitter:site\" content=\"@DomusRental\" \/>\n<meta name=\"twitter:label1\" content=\"Scritto da\" \/>\n\t<meta name=\"twitter:data1\" content=\"Richard\" \/>\n\t<meta name=\"twitter:label2\" content=\"Tempo di lettura stimato\" \/>\n\t<meta name=\"twitter:data2\" content=\"6 minuti\" \/>\n<script type=\"application\/ld+json\" class=\"yoast-schema-graph\">{\"@context\":\"https:\\\/\\\/schema.org\",\"@graph\":[{\"@type\":\"Article\",\"@id\":\"https:\\\/\\\/www.domusrental.com\\\/blog\\\/it\\\/noleggio-vespa-lago-di-garda\\\/#article\",\"isPartOf\":{\"@id\":\"https:\\\/\\\/www.domusrental.com\\\/blog\\\/it\\\/noleggio-vespa-lago-di-garda\\\/\"},\"author\":{\"name\":\"Richard\",\"@id\":\"https:\\\/\\\/www.domusrental.com\\\/blog\\\/#\\\/schema\\\/person\\\/113b82f1959c1dbc77b9507401a05d87\"},\"headline\":\"Vivi un&#8217;avventura panoramica con il noleggio Vespa sul Lago di Garda\",\"datePublished\":\"2025-07-02T09:02:48+00:00\",\"dateModified\":\"2025-07-23T10:46:29+00:00\",\"mainEntityOfPage\":{\"@id\":\"https:\\\/\\\/www.domusrental.com\\\/blog\\\/it\\\/noleggio-vespa-lago-di-garda\\\/\"},\"wordCount\":1177,\"commentCount\":0,\"publisher\":{\"@id\":\"https:\\\/\\\/www.domusrental.com\\\/blog\\\/#organization\"},\"image\":{\"@id\":\"https:\\\/\\\/www.domusrental.com\\\/blog\\\/it\\\/noleggio-vespa-lago-di-garda\\\/#primaryimage\"},\"thumbnailUrl\":\"https:\\\/\\\/www.domusrental.com\\\/blog\\\/wp-content\\\/uploads\\\/2025\\\/07\\\/vespa-in-garda-lake.jpg\",\"articleSection\":[\"Esperienze\"],\"inLanguage\":\"it-IT\",\"potentialAction\":[{\"@type\":\"CommentAction\",\"name\":\"Comment\",\"target\":[\"https:\\\/\\\/www.domusrental.com\\\/blog\\\/it\\\/noleggio-vespa-lago-di-garda\\\/#respond\"]}]},{\"@type\":\"WebPage\",\"@id\":\"https:\\\/\\\/www.domusrental.com\\\/blog\\\/it\\\/noleggio-vespa-lago-di-garda\\\/\",\"url\":\"https:\\\/\\\/www.domusrental.com\\\/blog\\\/it\\\/noleggio-vespa-lago-di-garda\\\/\",\"name\":\"Vivi un'avventura panoramica con il noleggio Vespa sul Lago di Garda - Blog | Domus Rental\",\"isPartOf\":{\"@id\":\"https:\\\/\\\/www.domusrental.com\\\/blog\\\/#website\"},\"primaryImageOfPage\":{\"@id\":\"https:\\\/\\\/www.domusrental.com\\\/blog\\\/it\\\/noleggio-vespa-lago-di-garda\\\/#primaryimage\"},\"image\":{\"@id\":\"https:\\\/\\\/www.domusrental.com\\\/blog\\\/it\\\/noleggio-vespa-lago-di-garda\\\/#primaryimage\"},\"thumbnailUrl\":\"https:\\\/\\\/www.domusrental.com\\\/blog\\\/wp-content\\\/uploads\\\/2025\\\/07\\\/vespa-in-garda-lake.jpg\",\"datePublished\":\"2025-07-02T09:02:48+00:00\",\"dateModified\":\"2025-07-23T10:46:29+00:00\",\"description\":\"Noleggia una Vespa sul Lago di Garda ed esplora i suoi paesaggi al tuo ritmo.\",\"breadcrumb\":{\"@id\":\"https:\\\/\\\/www.domusrental.com\\\/blog\\\/it\\\/noleggio-vespa-lago-di-garda\\\/#breadcrumb\"},\"inLanguage\":\"it-IT\",\"potentialAction\":[{\"@type\":\"ReadAction\",\"target\":[\"https:\\\/\\\/www.domusrental.com\\\/blog\\\/it\\\/noleggio-vespa-lago-di-garda\\\/\"]}]},{\"@type\":\"ImageObject\",\"inLanguage\":\"it-IT\",\"@id\":\"https:\\\/\\\/www.domusrental.com\\\/blog\\\/it\\\/noleggio-vespa-lago-di-garda\\\/#primaryimage\",\"url\":\"https:\\\/\\\/www.domusrental.com\\\/blog\\\/wp-content\\\/uploads\\\/2025\\\/07\\\/vespa-in-garda-lake.jpg\",\"contentUrl\":\"https:\\\/\\\/www.domusrental.com\\\/blog\\\/wp-content\\\/uploads\\\/2025\\\/07\\\/vespa-in-garda-lake.jpg\",\"width\":1920,\"height\":640,\"caption\":\"vespa-in-garda-lake.jpg\"},{\"@type\":\"BreadcrumbList\",\"@id\":\"https:\\\/\\\/www.domusrental.com\\\/blog\\\/it\\\/noleggio-vespa-lago-di-garda\\\/#breadcrumb\",\"itemListElement\":[{\"@type\":\"ListItem\",\"position\":1,\"name\":\"Home\",\"item\":\"https:\\\/\\\/www.domusrental.com\\\/blog\\\/it\\\/\"},{\"@type\":\"ListItem\",\"position\":2,\"name\":\"Vivi un&#8217;avventura panoramica con il noleggio Vespa sul Lago di Garda\"}]},{\"@type\":\"WebSite\",\"@id\":\"https:\\\/\\\/www.domusrental.com\\\/blog\\\/#website\",\"url\":\"https:\\\/\\\/www.domusrental.com\\\/blog\\\/\",\"name\":\"Domus Rental\",\"description\":\"\",\"publisher\":{\"@id\":\"https:\\\/\\\/www.domusrental.com\\\/blog\\\/#organization\"},\"potentialAction\":[{\"@type\":\"SearchAction\",\"target\":{\"@type\":\"EntryPoint\",\"urlTemplate\":\"https:\\\/\\\/www.domusrental.com\\\/blog\\\/?s={search_term_string}\"},\"query-input\":{\"@type\":\"PropertyValueSpecification\",\"valueRequired\":true,\"valueName\":\"search_term_string\"}}],\"inLanguage\":\"it-IT\"},{\"@type\":\"Organization\",\"@id\":\"https:\\\/\\\/www.domusrental.com\\\/blog\\\/#organization\",\"name\":\"Blog | Domus Rental\",\"url\":\"https:\\\/\\\/www.domusrental.com\\\/blog\\\/\",\"logo\":{\"@type\":\"ImageObject\",\"inLanguage\":\"it-IT\",\"@id\":\"https:\\\/\\\/www.domusrental.com\\\/blog\\\/#\\\/schema\\\/logo\\\/image\\\/\",\"url\":\"https:\\\/\\\/www.domusrental.com\\\/blog\\\/wp-content\\\/uploads\\\/2024\\\/04\\\/favicon.png\",\"contentUrl\":\"https:\\\/\\\/www.domusrental.com\\\/blog\\\/wp-content\\\/uploads\\\/2024\\\/04\\\/favicon.png\",\"width\":298,\"height\":298,\"caption\":\"Blog | Domus Rental\"},\"image\":{\"@id\":\"https:\\\/\\\/www.domusrental.com\\\/blog\\\/#\\\/schema\\\/logo\\\/image\\\/\"},\"sameAs\":[\"https:\\\/\\\/www.facebook.com\\\/domusrental\",\"https:\\\/\\\/x.com\\\/DomusRental\"]},{\"@type\":\"Person\",\"@id\":\"https:\\\/\\\/www.domusrental.com\\\/blog\\\/#\\\/schema\\\/person\\\/113b82f1959c1dbc77b9507401a05d87\",\"name\":\"Richard\",\"image\":{\"@type\":\"ImageObject\",\"inLanguage\":\"it-IT\",\"@id\":\"https:\\\/\\\/secure.gravatar.com\\\/avatar\\\/63f7d63df8bc500b7b072100eb25897597ec962e6be3ac33cf5045633fb5702a?s=96&d=mm&r=g\",\"url\":\"https:\\\/\\\/secure.gravatar.com\\\/avatar\\\/63f7d63df8bc500b7b072100eb25897597ec962e6be3ac33cf5045633fb5702a?s=96&d=mm&r=g\",\"contentUrl\":\"https:\\\/\\\/secure.gravatar.com\\\/avatar\\\/63f7d63df8bc500b7b072100eb25897597ec962e6be3ac33cf5045633fb5702a?s=96&d=mm&r=g\",\"caption\":\"Richard\"},\"url\":\"https:\\\/\\\/www.domusrental.com\\\/blog\\\/it\\\/author\\\/richard\\\/\"}]}<\/script>\n<!-- \/ Yoast SEO plugin. -->","yoast_head_json":{"title":"Vivi un'avventura panoramica con il noleggio Vespa sul Lago di Garda - Blog | Domus Rental","description":"Noleggia una Vespa sul Lago di Garda ed esplora i suoi paesaggi al tuo ritmo.","robots":{"index":"index","follow":"follow","max-snippet":"max-snippet:-1","max-image-preview":"max-image-preview:large","max-video-preview":"max-video-preview:-1"},"canonical":"https:\/\/www.domusrental.com\/blog\/it\/noleggio-vespa-lago-di-garda\/","og_locale":"it_IT","og_type":"article","og_title":"Vivi un'avventura panoramica con il noleggio Vespa sul Lago di Garda - Blog | Domus Rental","og_description":"Noleggia una Vespa sul Lago di Garda ed esplora i suoi paesaggi al tuo ritmo.","og_url":"https:\/\/www.domusrental.com\/blog\/it\/noleggio-vespa-lago-di-garda\/","og_site_name":"Blog | Domus Rental","article_publisher":"https:\/\/www.facebook.com\/domusrental","article_published_time":"2025-07-02T09:02:48+00:00","article_modified_time":"2025-07-23T10:46:29+00:00","og_image":[{"width":1920,"height":640,"url":"https:\/\/www.domusrental.com\/blog\/wp-content\/uploads\/2025\/07\/vespa-in-garda-lake.jpg","type":"image\/jpeg"}],"author":"Richard","twitter_card":"summary_large_image","twitter_creator":"@DomusRental","twitter_site":"@DomusRental","twitter_misc":{"Scritto da":"Richard","Tempo di lettura stimato":"6 minuti"},"schema":{"@context":"https:\/\/schema.org","@graph":[{"@type":"Article","@id":"https:\/\/www.domusrental.com\/blog\/it\/noleggio-vespa-lago-di-garda\/#article","isPartOf":{"@id":"https:\/\/www.domusrental.com\/blog\/it\/noleggio-vespa-lago-di-garda\/"},"author":{"name":"Richard","@id":"https:\/\/www.domusrental.com\/blog\/#\/schema\/person\/113b82f1959c1dbc77b9507401a05d87"},"headline":"Vivi un&#8217;avventura panoramica con il noleggio Vespa sul Lago di Garda","datePublished":"2025-07-02T09:02:48+00:00","dateModified":"2025-07-23T10:46:29+00:00","mainEntityOfPage":{"@id":"https:\/\/www.domusrental.com\/blog\/it\/noleggio-vespa-lago-di-garda\/"},"wordCount":1177,"commentCount":0,"publisher":{"@id":"https:\/\/www.domusrental.com\/blog\/#organization"},"image":{"@id":"https:\/\/www.domusrental.com\/blog\/it\/noleggio-vespa-lago-di-garda\/#primaryimage"},"thumbnailUrl":"https:\/\/www.domusrental.com\/blog\/wp-content\/uploads\/2025\/07\/vespa-in-garda-lake.jpg","articleSection":["Esperienze"],"inLanguage":"it-IT","potentialAction":[{"@type":"CommentAction","name":"Comment","target":["https:\/\/www.domusrental.com\/blog\/it\/noleggio-vespa-lago-di-garda\/#respond"]}]},{"@type":"WebPage","@id":"https:\/\/www.domusrental.com\/blog\/it\/noleggio-vespa-lago-di-garda\/","url":"https:\/\/www.domusrental.com\/blog\/it\/noleggio-vespa-lago-di-garda\/","name":"Vivi un'avventura panoramica con il noleggio Vespa sul Lago di Garda - Blog | Domus Rental","isPartOf":{"@id":"https:\/\/www.domusrental.com\/blog\/#website"},"primaryImageOfPage":{"@id":"https:\/\/www.domusrental.com\/blog\/it\/noleggio-vespa-lago-di-garda\/#primaryimage"},"image":{"@id":"https:\/\/www.domusrental.com\/blog\/it\/noleggio-vespa-lago-di-garda\/#primaryimage"},"thumbnailUrl":"https:\/\/www.domusrental.com\/blog\/wp-content\/uploads\/2025\/07\/vespa-in-garda-lake.jpg","datePublished":"2025-07-02T09:02:48+00:00","dateModified":"2025-07-23T10:46:29+00:00","description":"Noleggia una Vespa sul Lago di Garda ed esplora i suoi paesaggi al tuo ritmo.","breadcrumb":{"@id":"https:\/\/www.domusrental.com\/blog\/it\/noleggio-vespa-lago-di-garda\/#breadcrumb"},"inLanguage":"it-IT","potentialAction":[{"@type":"ReadAction","target":["https:\/\/www.domusrental.com\/blog\/it\/noleggio-vespa-lago-di-garda\/"]}]},{"@type":"ImageObject","inLanguage":"it-IT","@id":"https:\/\/www.domusrental.com\/blog\/it\/noleggio-vespa-lago-di-garda\/#primaryimage","url":"https:\/\/www.domusrental.com\/blog\/wp-content\/uploads\/2025\/07\/vespa-in-garda-lake.jpg","contentUrl":"https:\/\/www.domusrental.com\/blog\/wp-content\/uploads\/2025\/07\/vespa-in-garda-lake.jpg","width":1920,"height":640,"caption":"vespa-in-garda-lake.jpg"},{"@type":"BreadcrumbList","@id":"https:\/\/www.domusrental.com\/blog\/it\/noleggio-vespa-lago-di-garda\/#breadcrumb","itemListElement":[{"@type":"ListItem","position":1,"name":"Home","item":"https:\/\/www.domusrental.com\/blog\/it\/"},{"@type":"ListItem","position":2,"name":"Vivi un&#8217;avventura panoramica con il noleggio Vespa sul Lago di Garda"}]},{"@type":"WebSite","@id":"https:\/\/www.domusrental.com\/blog\/#website","url":"https:\/\/www.domusrental.com\/blog\/","name":"Domus Rental","description":"","publisher":{"@id":"https:\/\/www.domusrental.com\/blog\/#organization"},"potentialAction":[{"@type":"SearchAction","target":{"@type":"EntryPoint","urlTemplate":"https:\/\/www.domusrental.com\/blog\/?s={search_term_string}"},"query-input":{"@type":"PropertyValueSpecification","valueRequired":true,"valueName":"search_term_string"}}],"inLanguage":"it-IT"},{"@type":"Organization","@id":"https:\/\/www.domusrental.com\/blog\/#organization","name":"Blog | Domus Rental","url":"https:\/\/www.domusrental.com\/blog\/","logo":{"@type":"ImageObject","inLanguage":"it-IT","@id":"https:\/\/www.domusrental.com\/blog\/#\/schema\/logo\/image\/","url":"https:\/\/www.domusrental.com\/blog\/wp-content\/uploads\/2024\/04\/favicon.png","contentUrl":"https:\/\/www.domusrental.com\/blog\/wp-content\/uploads\/2024\/04\/favicon.png","width":298,"height":298,"caption":"Blog | Domus Rental"},"image":{"@id":"https:\/\/www.domusrental.com\/blog\/#\/schema\/logo\/image\/"},"sameAs":["https:\/\/www.facebook.com\/domusrental","https:\/\/x.com\/DomusRental"]},{"@type":"Person","@id":"https:\/\/www.domusrental.com\/blog\/#\/schema\/person\/113b82f1959c1dbc77b9507401a05d87","name":"Richard","image":{"@type":"ImageObject","inLanguage":"it-IT","@id":"https:\/\/secure.gravatar.com\/avatar\/63f7d63df8bc500b7b072100eb25897597ec962e6be3ac33cf5045633fb5702a?s=96&d=mm&r=g","url":"https:\/\/secure.gravatar.com\/avatar\/63f7d63df8bc500b7b072100eb25897597ec962e6be3ac33cf5045633fb5702a?s=96&d=mm&r=g","contentUrl":"https:\/\/secure.gravatar.com\/avatar\/63f7d63df8bc500b7b072100eb25897597ec962e6be3ac33cf5045633fb5702a?s=96&d=mm&r=g","caption":"Richard"},"url":"https:\/\/www.domusrental.com\/blog\/it\/author\/richard\/"}]}},"_links":{"self":[{"href":"https:\/\/www.domusrental.com\/blog\/it\/wp-json\/wp\/v2\/posts\/4465","targetHints":{"allow":["GET"]}}],"collection":[{"href":"https:\/\/www.domusrental.com\/blog\/it\/wp-json\/wp\/v2\/posts"}],"about":[{"href":"https:\/\/www.domusrental.com\/blog\/it\/wp-json\/wp\/v2\/types\/post"}],"author":[{"embeddable":true,"href":"https:\/\/www.domusrental.com\/blog\/it\/wp-json\/wp\/v2\/users\/4"}],"replies":[{"embeddable":true,"href":"https:\/\/www.domusrental.com\/blog\/it\/wp-json\/wp\/v2\/comments?post=4465"}],"version-history":[{"count":1,"href":"https:\/\/www.domusrental.com\/blog\/it\/wp-json\/wp\/v2\/posts\/4465\/revisions"}],"predecessor-version":[{"id":4466,"href":"https:\/\/www.domusrental.com\/blog\/it\/wp-json\/wp\/v2\/posts\/4465\/revisions\/4466"}],"wp:featuredmedia":[{"embeddable":true,"href":"https:\/\/www.domusrental.com\/blog\/it\/wp-json\/wp\/v2\/media\/4459"}],"wp:attachment":[{"href":"https:\/\/www.domusrental.com\/blog\/it\/wp-json\/wp\/v2\/media?parent=4465"}],"wp:term":[{"taxonomy":"category","embeddable":true,"href":"https:\/\/www.domusrental.com\/blog\/it\/wp-json\/wp\/v2\/categories?post=4465"},{"taxonomy":"post_tag","embeddable":true,"href":"https:\/\/www.domusrental.com\/blog\/it\/wp-json\/wp\/v2\/tags?post=4465"}],"curies":[{"name":"wp","href":"https:\/\/api.w.org\/{rel}","templated":true}]}}