{"id":5071,"date":"2025-12-02T08:43:54","date_gmt":"2025-12-02T08:43:54","guid":{"rendered":"https:\/\/www.domusrental.com\/blog\/carnevale-lago-di-garda\/"},"modified":"2026-02-23T10:30:34","modified_gmt":"2026-02-23T10:30:34","slug":"carnevale-lago-di-garda","status":"publish","type":"post","link":"https:\/\/www.domusrental.com\/blog\/it\/carnevale-lago-di-garda\/","title":{"rendered":"Dove festeggiare il Carnevale Lago di Garda 2026 (e cosa aspettarsi)"},"content":{"rendered":"\t\t<div data-elementor-type=\"wp-post\" data-elementor-id=\"5071\" class=\"elementor elementor-5071 elementor-5026\" data-elementor-post-type=\"post\">\n\t\t\t\t\t\t<section class=\"elementor-section elementor-top-section elementor-element elementor-element-2635f7b4 elementor-section-boxed elementor-section-height-default elementor-section-height-default\" data-id=\"2635f7b4\" data-element_type=\"section\" data-e-type=\"section\">\n\t\t\t\t\t\t<div class=\"elementor-container elementor-column-gap-default\">\n\t\t\t\t\t<div class=\"elementor-column elementor-col-100 elementor-top-column elementor-element elementor-element-579f1a7b\" data-id=\"579f1a7b\" data-element_type=\"column\" data-e-type=\"column\">\n\t\t\t<div class=\"elementor-widget-wrap elementor-element-populated\">\n\t\t\t\t\t\t<div class=\"elementor-element elementor-element-3be626a elementor-widget elementor-widget-text-editor\" data-id=\"3be626a\" data-element_type=\"widget\" data-e-type=\"widget\" data-widget_type=\"text-editor.default\">\n\t\t\t\t<div class=\"elementor-widget-container\">\n\t\t\t\t\t\t\t\t\t<p><span style=\"font-weight: 400;\">C&#8217;\u00e8 qualcosa di irresistibile nell&#8217;inverno al Lago di Garda. La folla si dirada un po&#8217;, il ritmo rallenta e poi arriva il   <\/span><i><span style=\"font-weight: 400;\">Carnevale del Lago di Garda 2026<\/span><\/i><span style=\"font-weight: 400;\">  (Carnevale Lago di Garda 2026) per ravvivare di nuovo tutto. Colori, sfilate, maschere, rumore. Un tipo di caos molto locale. Non lo spettacolo patinato che si vede a Venezia.    <\/span><\/p><p><span style=\"font-weight: 400;\">Il Carnevale al lago ha un suo carattere. I visitatori che hanno visto solo la folla estiva spesso trovano il Carnevale Lago di Garda molto pi\u00f9 radicato nella tradizione locale, con eventi modellati dalle citt\u00e0 stesse piuttosto che dallo spettacolo delle grandi citt\u00e0. <\/span><\/p><p><span style=\"font-weight: 400;\">Se stai pensando a una fuga invernale, questa guida ti accompagner\u00e0 attraverso cosa aspettarti dal Carnevale Lago di Garda 2026, dove andare, cosa cercare e come trasformarlo in un vero viaggio piuttosto che in una rapida toccata e fuga.<\/span><\/p>\t\t\t\t\t\t\t\t<\/div>\n\t\t\t\t<\/div>\n\t\t\t\t\t<\/div>\n\t\t<\/div>\n\t\t\t\t\t<\/div>\n\t\t<\/section>\n\t\t\t\t<section class=\"elementor-section elementor-top-section elementor-element elementor-element-7fa93575 elementor-section-boxed elementor-section-height-default elementor-section-height-default\" data-id=\"7fa93575\" data-element_type=\"section\" data-e-type=\"section\">\n\t\t\t\t\t\t<div class=\"elementor-container elementor-column-gap-default\">\n\t\t\t\t\t<div class=\"elementor-column elementor-col-100 elementor-top-column elementor-element elementor-element-5808d08b\" data-id=\"5808d08b\" data-element_type=\"column\" data-e-type=\"column\">\n\t\t\t<div class=\"elementor-widget-wrap elementor-element-populated\">\n\t\t\t\t\t\t<div class=\"elementor-element elementor-element-29e38ae9 elementor-widget elementor-widget-table-of-contents\" data-id=\"29e38ae9\" data-element_type=\"widget\" data-e-type=\"widget\" data-settings=\"{&quot;headings_by_tags&quot;:[&quot;h2&quot;],&quot;exclude_headings_by_selector&quot;:[],&quot;marker_view&quot;:&quot;bullets&quot;,&quot;icon&quot;:{&quot;value&quot;:&quot;fas fa-arrow-right&quot;,&quot;library&quot;:&quot;fa-solid&quot;},&quot;no_headings_message&quot;:&quot;No headings were found on this page.&quot;,&quot;hierarchical_view&quot;:&quot;yes&quot;,&quot;min_height&quot;:{&quot;unit&quot;:&quot;px&quot;,&quot;size&quot;:&quot;&quot;,&quot;sizes&quot;:[]},&quot;min_height_tablet&quot;:{&quot;unit&quot;:&quot;px&quot;,&quot;size&quot;:&quot;&quot;,&quot;sizes&quot;:[]},&quot;min_height_mobile&quot;:{&quot;unit&quot;:&quot;px&quot;,&quot;size&quot;:&quot;&quot;,&quot;sizes&quot;:[]}}\" data-widget_type=\"table-of-contents.default\">\n\t\t\t\t<div class=\"elementor-widget-container\">\n\t\t\t\t\t\t\t\t\t<div class=\"elementor-toc__header\">\n\t\t\t\t\t\t<div class=\"elementor-toc__header-title\">\n\t\t\t\tIndice\t\t\t<\/div>\n\t\t\t\t\t\t\t\t<\/div>\n\t\t\t\t<div id=\"elementor-toc__29e38ae9\" class=\"elementor-toc__body\">\n\t\t\t<div class=\"elementor-toc__spinner-container\">\n\t\t\t\t<i class=\"elementor-toc__spinner eicon-animation-spin eicon-loading\" aria-hidden=\"true\"><\/i>\t\t\t<\/div>\n\t\t<\/div>\n\t\t\t\t\t\t<\/div>\n\t\t\t\t<\/div>\n\t\t\t\t\t<\/div>\n\t\t<\/div>\n\t\t\t\t\t<\/div>\n\t\t<\/section>\n\t\t\t\t<section class=\"elementor-section elementor-top-section elementor-element elementor-element-58e4d83d elementor-section-boxed elementor-section-height-default elementor-section-height-default\" data-id=\"58e4d83d\" data-element_type=\"section\" data-e-type=\"section\">\n\t\t\t\t\t\t<div class=\"elementor-container elementor-column-gap-default\">\n\t\t\t\t\t<div class=\"elementor-column elementor-col-100 elementor-top-column elementor-element elementor-element-7017867b\" data-id=\"7017867b\" data-element_type=\"column\" data-e-type=\"column\">\n\t\t\t<div class=\"elementor-widget-wrap elementor-element-populated\">\n\t\t\t\t\t\t<div class=\"elementor-element elementor-element-415b26e5 elementor-widget elementor-widget-heading\" data-id=\"415b26e5\" data-element_type=\"widget\" data-e-type=\"widget\" data-widget_type=\"heading.default\">\n\t\t\t\t<div class=\"elementor-widget-container\">\n\t\t\t\t\t<h2 class=\"elementor-heading-title elementor-size-default\">Eventi principali intorno al lago<\/h2>\t\t\t\t<\/div>\n\t\t\t\t<\/div>\n\t\t\t\t<div class=\"elementor-element elementor-element-157a0169 elementor-widget elementor-widget-text-editor\" data-id=\"157a0169\" data-element_type=\"widget\" data-e-type=\"widget\" data-widget_type=\"text-editor.default\">\n\t\t\t\t<div class=\"elementor-widget-container\">\n\t\t\t\t\t\t\t\t\t<p><span style=\"font-weight: 400;\">Il Carnevale sul Lago di Garda non \u00e8 un singolo evento intorno al lago. Si diffonde in molte citt\u00e0, ognuna con la propria versione. Alcune si concentrano sulle sfilate tradizionali. Alcune mettono pi\u00f9 energia nel teatro di strada. Altre si appoggiano pesantemente alle bancarelle di cibo che profumano di un sogno fritto.    <\/span><\/p><p><span style=\"font-weight: 400;\">Aspettati di sentire parlare molto di <em>frittelle<\/em> (soffici palline di pasta fritta piene di uvetta dolce), concorsi di maschere ed eventi per bambini. Troverai anche almeno una sfilata in quasi tutte le principali citt\u00e0 lacustri, da Lazise a Peschiera. I lungolaghi sono solitamente il palcoscenico principale, il che funziona bene se vuoi spostarti tra gli eventi al tuo ritmo.  <\/span><\/p><p><span style=\"font-weight: 400;\">Malcesine attira spesso un grande pubblico durante la stagione del carnevale, con le sue strette vie che aggiungono carattere alle celebrazioni. <\/span><\/p><p><span style=\"font-weight: 400;\">Anche Sirmione organizza eventi vivaci. La conformazione della penisola si trasforma in uno spazio scenico naturale. Se hai bisogno di maggiori informazioni, la    <\/span><a href=\"https:\/\/www.domusrental.com\/blog\/it\/sirmione\/\"><span style=\"font-weight: 400;\">guida di Sirmione<\/span><\/a><span style=\"font-weight: 400;\"> \u00e8 un buon riscaldamento.<\/span><\/p><p><span style=\"font-weight: 400;\">Mentre ti sposti intorno al lago, tieni d&#8217;occhio anche i villaggi pi\u00f9 piccoli. L&#8217;atmosfera \u00e8 pi\u00f9 rilassata e spesso pi\u00f9 interessante se preferisci un&#8217;atmosfera comunitaria alle grandi folle. <\/span><\/p>\t\t\t\t\t\t\t\t<\/div>\n\t\t\t\t<\/div>\n\t\t\t\t<div class=\"elementor-element elementor-element-ff937f9 elementor-widget elementor-widget-image\" data-id=\"ff937f9\" data-element_type=\"widget\" data-e-type=\"widget\" data-widget_type=\"image.default\">\n\t\t\t\t<div class=\"elementor-widget-container\">\n\t\t\t\t\t\t\t\t\t\t\t\t\t\t\t<img fetchpriority=\"high\" decoding=\"async\" width=\"1254\" height=\"626\" src=\"https:\/\/www.domusrental.com\/blog\/wp-content\/uploads\/2025\/12\/carnaval-garda-lake.jpg\" class=\"attachment-full size-full wp-image-5054\" alt=\"\" srcset=\"https:\/\/www.domusrental.com\/blog\/wp-content\/uploads\/2025\/12\/carnaval-garda-lake.jpg 1254w, https:\/\/www.domusrental.com\/blog\/wp-content\/uploads\/2025\/12\/carnaval-garda-lake-300x150.jpg 300w, https:\/\/www.domusrental.com\/blog\/wp-content\/uploads\/2025\/12\/carnaval-garda-lake-1024x511.jpg 1024w, https:\/\/www.domusrental.com\/blog\/wp-content\/uploads\/2025\/12\/carnaval-garda-lake-768x383.jpg 768w\" sizes=\"(max-width: 1254px) 100vw, 1254px\" \/>\t\t\t\t\t\t\t\t\t\t\t\t\t\t\t<\/div>\n\t\t\t\t<\/div>\n\t\t\t\t\t<\/div>\n\t\t<\/div>\n\t\t\t\t\t<\/div>\n\t\t<\/section>\n\t\t\t\t<section class=\"elementor-section elementor-top-section elementor-element elementor-element-253187f elementor-section-boxed elementor-section-height-default elementor-section-height-default\" data-id=\"253187f\" data-element_type=\"section\" data-e-type=\"section\">\n\t\t\t\t\t\t<div class=\"elementor-container elementor-column-gap-default\">\n\t\t\t\t\t<div class=\"elementor-column elementor-col-100 elementor-top-column elementor-element elementor-element-5b7a3f0\" data-id=\"5b7a3f0\" data-element_type=\"column\" data-e-type=\"column\">\n\t\t\t<div class=\"elementor-widget-wrap elementor-element-populated\">\n\t\t\t\t\t\t<div class=\"elementor-element elementor-element-850ecbf elementor-widget elementor-widget-heading\" data-id=\"850ecbf\" data-element_type=\"widget\" data-e-type=\"widget\" data-widget_type=\"heading.default\">\n\t\t\t\t<div class=\"elementor-widget-container\">\n\t\t\t\t\t<h2 class=\"elementor-heading-title elementor-size-default\">Carnevale Lago di Garda 2026: Date e programma\n<\/h2>\t\t\t\t<\/div>\n\t\t\t\t<\/div>\n\t\t\t\t<div class=\"elementor-element elementor-element-6739597 elementor-widget elementor-widget-text-editor\" data-id=\"6739597\" data-element_type=\"widget\" data-e-type=\"widget\" data-widget_type=\"text-editor.default\">\n\t\t\t\t<div class=\"elementor-widget-container\">\n\t\t\t\t\t\t\t\t\t<p><span style=\"font-weight: 400;\">Le date ufficiali del Carnevale Lago di Garda 2026 seguiranno il pi\u00f9 ampio calendario del carnevale italiano. Di solito puoi aspettarti che i festeggiamenti si intensifichino nel corso di febbraio, con gli eventi principali in prossimit\u00e0 del Marted\u00ec Grasso (17 febbraio 2026). Ogni citt\u00e0 pubblica il proprio programma in modo indipendente, il che significa che gli orari variano e potresti trovare due o tre eventi interessanti che si svolgono nello stesso giorno in diversi angoli del lago.  <\/span><\/p><p><span style=\"font-weight: 400;\">Se ti fermi per qualche giorno, questo in realt\u00e0 gioca a tuo favore. Puoi spostarti tra le citt\u00e0 e sperimentare un mix pi\u00f9 ampio. Potresti trascorrere una mattinata a Peschiera per attivit\u00e0 adatte alle famiglie. Un pomeriggio a Bardolino per musica dal vivo. Pi\u00f9 tardi potresti vagare fino a Torri del Benaco per bancarelle e mercati serali. Per maggiori informazioni sui mercati di Torri del Benaco, consulta la nostra       <\/span><a href=\"https:\/\/www.domusrental.com\/blog\/it\/mercatini-torri-del-benaco\/\"><span style=\"font-weight: 400;\">guida dedicata<\/span><\/a><span style=\"font-weight: 400;\">.<\/span><\/p><p><span style=\"font-weight: 400;\">Il programma del 2026 dovrebbe evidenziare la stessa combinazione di sfilate, concerti, laboratori, concorsi di maschere e zone di street food. Alcune citt\u00e0 mantengono le cose semplici con un percorso breve e una manciata di carri allegorici. Altre usano il carnevale come occasione per invitare artisti da tutta la regione.  <\/span><\/p>\t\t\t\t\t\t\t\t<\/div>\n\t\t\t\t<\/div>\n\t\t\t\t\t<\/div>\n\t\t<\/div>\n\t\t\t\t\t<\/div>\n\t\t<\/section>\n\t\t<div class=\"elementor-element elementor-element-dbca6d1 e-flex e-con-boxed e-con e-parent\" data-id=\"dbca6d1\" data-element_type=\"container\" data-e-type=\"container\">\n\t\t\t\t\t<div class=\"e-con-inner\">\n\t\t\t\t<div class=\"elementor-element elementor-element-0263025 elementor-blockquote--skin-border elementor-widget elementor-widget-blockquote\" data-id=\"0263025\" data-element_type=\"widget\" data-e-type=\"widget\" data-widget_type=\"blockquote.default\">\n\t\t\t\t<div class=\"elementor-widget-container\">\n\t\t\t\t\t\t\t<blockquote class=\"elementor-blockquote\">\n\t\t\t<p class=\"elementor-blockquote__content\">\n\t\t\t\t<b>Date (Carnevale Lago di Garda 2026)<\/b><br><br>\n- Festeggiamenti per tutto febbraio 2026.<br>\n- Eventi principali in prossimit\u00e0 del Marted\u00ec Grasso: 17 febbraio 2026.<br>\n- Ogni citt\u00e0 pubblica il proprio programma separatamente (le date variano).<br>\t\t\t<\/p>\n\t\t\t\t\t<\/blockquote>\n\t\t\t\t\t\t<\/div>\n\t\t\t\t<\/div>\n\t\t\t\t\t<\/div>\n\t\t\t\t<\/div>\n\t\t\t\t<section class=\"elementor-section elementor-top-section elementor-element elementor-element-23be78c elementor-section-boxed elementor-section-height-default elementor-section-height-default\" data-id=\"23be78c\" data-element_type=\"section\" data-e-type=\"section\">\n\t\t\t\t\t\t<div class=\"elementor-container elementor-column-gap-default\">\n\t\t\t\t\t<div class=\"elementor-column elementor-col-100 elementor-top-column elementor-element elementor-element-80f3ae0\" data-id=\"80f3ae0\" data-element_type=\"column\" data-e-type=\"column\">\n\t\t\t<div class=\"elementor-widget-wrap elementor-element-populated\">\n\t\t\t\t\t\t<div class=\"elementor-element elementor-element-237f590 elementor-widget elementor-widget-heading\" data-id=\"237f590\" data-element_type=\"widget\" data-e-type=\"widget\" data-widget_type=\"heading.default\">\n\t\t\t\t<div class=\"elementor-widget-container\">\n\t\t\t\t\t<h2 class=\"elementor-heading-title elementor-size-default\">Le migliori citt\u00e0 per festeggiare il Carnevale al Lago di Garda\n<\/h2>\t\t\t\t<\/div>\n\t\t\t\t<\/div>\n\t\t\t\t<div class=\"elementor-element elementor-element-25aa070 elementor-widget elementor-widget-text-editor\" data-id=\"25aa070\" data-element_type=\"widget\" data-e-type=\"widget\" data-widget_type=\"text-editor.default\">\n\t\t\t\t<div class=\"elementor-widget-container\">\n\t\t\t\t\t\t\t\t\t<p><span style=\"font-weight: 400;\">Il Carnevale Lago di Garda non \u00e8 uguale ovunque intorno al lago, quindi la citt\u00e0 che scegli modella la tua esperienza.<\/span><\/p>\t\t\t\t\t\t\t\t<\/div>\n\t\t\t\t<\/div>\n\t\t\t\t\t<\/div>\n\t\t<\/div>\n\t\t\t\t\t<\/div>\n\t\t<\/section>\n\t\t\t\t<section class=\"elementor-section elementor-top-section elementor-element elementor-element-e8051e3 elementor-section-boxed elementor-section-height-default elementor-section-height-default\" data-id=\"e8051e3\" data-element_type=\"section\" data-e-type=\"section\">\n\t\t\t\t\t\t<div class=\"elementor-container elementor-column-gap-default\">\n\t\t\t\t\t<div class=\"elementor-column elementor-col-50 elementor-top-column elementor-element elementor-element-3d826aae\" data-id=\"3d826aae\" data-element_type=\"column\" data-e-type=\"column\">\n\t\t\t<div class=\"elementor-widget-wrap elementor-element-populated\">\n\t\t\t\t\t\t<div class=\"elementor-element elementor-element-3760d34b elementor-widget elementor-widget-heading\" data-id=\"3760d34b\" data-element_type=\"widget\" data-e-type=\"widget\" data-widget_type=\"heading.default\">\n\t\t\t\t<div class=\"elementor-widget-container\">\n\t\t\t\t\t<h3 class=\"elementor-heading-title elementor-size-default\">Peschiera del Garda\n<\/h3>\t\t\t\t<\/div>\n\t\t\t\t<\/div>\n\t\t\t\t<div class=\"elementor-element elementor-element-5f14bac0 elementor-widget elementor-widget-text-editor\" data-id=\"5f14bac0\" data-element_type=\"widget\" data-e-type=\"widget\" data-widget_type=\"text-editor.default\">\n\t\t\t\t<div class=\"elementor-widget-container\">\n\t\t\t\t\t\t\t\t\t<p><span style=\"font-weight: 400;\">Peschiera normalmente attrae famiglie, in parte perch\u00e9 la citt\u00e0 stessa \u00e8 pratica per spostarsi con i bambini. La disposizione dei canali aggiunge carattere alle celebrazioni e puoi facilmente combinare il periodo di carnevale con gite sul lungomare. Se vuoi dare un&#8217;occhiata pi\u00f9 approfondita a Peschiera prima di prenotare, dai un&#8217;occhiata a    <\/span><a href=\"https:\/\/www.domusrental.com\/blog\/it\/peschiera-del-garda-2\/\"><span style=\"font-weight: 400;\">il nostro blog<\/span><\/a><span style=\"font-weight: 400;\">.<\/span><\/p>\t\t\t\t\t\t\t\t<\/div>\n\t\t\t\t<\/div>\n\t\t\t\t\t<\/div>\n\t\t<\/div>\n\t\t\t\t<div class=\"elementor-column elementor-col-50 elementor-top-column elementor-element elementor-element-260a5b9\" data-id=\"260a5b9\" data-element_type=\"column\" data-e-type=\"column\">\n\t\t\t<div class=\"elementor-widget-wrap elementor-element-populated\">\n\t\t\t\t\t\t<div class=\"elementor-element elementor-element-740d2eb elementor-widget elementor-widget-heading\" data-id=\"740d2eb\" data-element_type=\"widget\" data-e-type=\"widget\" data-widget_type=\"heading.default\">\n\t\t\t\t<div class=\"elementor-widget-container\">\n\t\t\t\t\t<h3 class=\"elementor-heading-title elementor-size-default\">Lazise<\/h3>\t\t\t\t<\/div>\n\t\t\t\t<\/div>\n\t\t\t\t<div class=\"elementor-element elementor-element-6469512 elementor-widget elementor-widget-text-editor\" data-id=\"6469512\" data-element_type=\"widget\" data-e-type=\"widget\" data-widget_type=\"text-editor.default\">\n\t\t\t\t<div class=\"elementor-widget-container\">\n\t\t\t\t\t\t\t\t\t<p><span style=\"font-weight: 400;\">Se preferisci un&#8217;atmosfera un po&#8217; pi\u00f9 locale, <\/span><a href=\"https:\/\/www.domusrental.com\/blog\/it\/lazise\/\"><span style=\"font-weight: 400;\">Lazise<\/span><\/a><span style=\"font-weight: 400;\">  \u00e8 una scelta solida. Il porto \u00e8 uno sfondo naturale per le sfilate. Le bancarelle corrono lungo il lungomare e nel centro storico, il che funziona bene se ti piace un mix di snack veloci e passeggiate lente.  <\/span><\/p>\t\t\t\t\t\t\t\t<\/div>\n\t\t\t\t<\/div>\n\t\t\t\t\t<\/div>\n\t\t<\/div>\n\t\t\t\t\t<\/div>\n\t\t<\/section>\n\t\t\t\t<section class=\"elementor-section elementor-top-section elementor-element elementor-element-c7dd3f7 elementor-section-boxed elementor-section-height-default elementor-section-height-default\" data-id=\"c7dd3f7\" data-element_type=\"section\" data-e-type=\"section\">\n\t\t\t\t\t\t<div class=\"elementor-container elementor-column-gap-default\">\n\t\t\t\t\t<div class=\"elementor-column elementor-col-50 elementor-top-column elementor-element elementor-element-c213289\" data-id=\"c213289\" data-element_type=\"column\" data-e-type=\"column\">\n\t\t\t<div class=\"elementor-widget-wrap elementor-element-populated\">\n\t\t\t\t\t\t<div class=\"elementor-element elementor-element-9cf6afc elementor-widget elementor-widget-heading\" data-id=\"9cf6afc\" data-element_type=\"widget\" data-e-type=\"widget\" data-widget_type=\"heading.default\">\n\t\t\t\t<div class=\"elementor-widget-container\">\n\t\t\t\t\t<h3 class=\"elementor-heading-title elementor-size-default\">Torri del Benaco\n<\/h3>\t\t\t\t<\/div>\n\t\t\t\t<\/div>\n\t\t\t\t<div class=\"elementor-element elementor-element-f21bd35 elementor-widget elementor-widget-text-editor\" data-id=\"f21bd35\" data-element_type=\"widget\" data-e-type=\"widget\" data-widget_type=\"text-editor.default\">\n\t\t\t\t<div class=\"elementor-widget-container\">\n\t\t\t\t\t\t\t\t\t<p><span style=\"font-weight: 400;\">Una base pi\u00f9 tranquilla, ma bellissima. Il   <\/span><a href=\"https:\/\/www.domusrental.com\/blog\/it\/castello-scaligero\/\"><span style=\"font-weight: 400;\">Castello Scaligero<\/span><\/a><span style=\"font-weight: 400;\">  conferisce al carnevale un&#8217;ambientazione distintiva ed \u00e8 facile combinare i festeggiamenti con una passeggiata a Punta San Vigilio o un pasto al porto. Domus ha anche un blog su   <\/span><a href=\"https:\/\/www.domusrental.com\/blog\/discover-torri-del-benaco\/\"><span style=\"font-weight: 400;\">alla scoperta di Torri del Benaco<\/span><\/a><span style=\"font-weight: 400;\">, che \u00e8 un&#8217;utile anteprima.<\/span> <\/p>\t\t\t\t\t\t\t\t<\/div>\n\t\t\t\t<\/div>\n\t\t\t\t\t<\/div>\n\t\t<\/div>\n\t\t\t\t<div class=\"elementor-column elementor-col-50 elementor-top-column elementor-element elementor-element-ce6f8ca\" data-id=\"ce6f8ca\" data-element_type=\"column\" data-e-type=\"column\">\n\t\t\t<div class=\"elementor-widget-wrap elementor-element-populated\">\n\t\t\t\t\t\t<div class=\"elementor-element elementor-element-e95993c elementor-widget elementor-widget-heading\" data-id=\"e95993c\" data-element_type=\"widget\" data-e-type=\"widget\" data-widget_type=\"heading.default\">\n\t\t\t\t<div class=\"elementor-widget-container\">\n\t\t\t\t\t<h3 class=\"elementor-heading-title elementor-size-default\">Malcesine<\/h3>\t\t\t\t<\/div>\n\t\t\t\t<\/div>\n\t\t\t\t<div class=\"elementor-element elementor-element-63e4328 elementor-widget elementor-widget-text-editor\" data-id=\"63e4328\" data-element_type=\"widget\" data-e-type=\"widget\" data-widget_type=\"text-editor.default\">\n\t\t\t\t<div class=\"elementor-widget-container\">\n\t\t\t\t\t\t\t\t\t<p><span style=\"font-weight: 400;\">Un&#8217;ottima scelta se ti piace l&#8217;atmosfera rispetto alla scala. Il castello, il porto e le ripide vie conferiscono al carnevale un carattere compatto ma memorabile. Puoi leggere di pi\u00f9 sulla citt\u00e0 nella    <\/span><a href=\"https:\/\/www.domusrental.com\/blog\/it\/malcesine-2\/\"><span style=\"font-weight: 400;\">guida di Malcesine<\/span><\/a><span style=\"font-weight: 400;\">.<\/span><\/p>\t\t\t\t\t\t\t\t<\/div>\n\t\t\t\t<\/div>\n\t\t\t\t\t<\/div>\n\t\t<\/div>\n\t\t\t\t\t<\/div>\n\t\t<\/section>\n\t\t<div class=\"elementor-element elementor-element-8cf5b77 e-flex e-con-boxed e-con e-parent\" data-id=\"8cf5b77\" data-element_type=\"container\" data-e-type=\"container\">\n\t\t\t\t\t<div class=\"e-con-inner\">\n\t\t\t\t<div class=\"elementor-element elementor-element-04653f2 elementor-widget elementor-widget-image\" data-id=\"04653f2\" data-element_type=\"widget\" data-e-type=\"widget\" data-widget_type=\"image.default\">\n\t\t\t\t<div class=\"elementor-widget-container\">\n\t\t\t\t\t\t\t\t\t\t\t\t\t\t\t<img decoding=\"async\" width=\"1254\" height=\"627\" src=\"https:\/\/www.domusrental.com\/blog\/wp-content\/uploads\/2025\/12\/Carnevale-Lago-di-garda.jpg\" class=\"attachment-full size-full wp-image-5055\" alt=\"\" srcset=\"https:\/\/www.domusrental.com\/blog\/wp-content\/uploads\/2025\/12\/Carnevale-Lago-di-garda.jpg 1254w, https:\/\/www.domusrental.com\/blog\/wp-content\/uploads\/2025\/12\/Carnevale-Lago-di-garda-300x150.jpg 300w, https:\/\/www.domusrental.com\/blog\/wp-content\/uploads\/2025\/12\/Carnevale-Lago-di-garda-1024x512.jpg 1024w, https:\/\/www.domusrental.com\/blog\/wp-content\/uploads\/2025\/12\/Carnevale-Lago-di-garda-768x384.jpg 768w\" sizes=\"(max-width: 1254px) 100vw, 1254px\" \/>\t\t\t\t\t\t\t\t\t\t\t\t\t\t\t<\/div>\n\t\t\t\t<\/div>\n\t\t\t\t\t<\/div>\n\t\t\t\t<\/div>\n\t\t\t\t<section class=\"elementor-section elementor-top-section elementor-element elementor-element-0df09ec elementor-section-boxed elementor-section-height-default elementor-section-height-default\" data-id=\"0df09ec\" data-element_type=\"section\" data-e-type=\"section\">\n\t\t\t\t\t\t<div class=\"elementor-container elementor-column-gap-default\">\n\t\t\t\t\t<div class=\"elementor-column elementor-col-100 elementor-top-column elementor-element elementor-element-97d232f\" data-id=\"97d232f\" data-element_type=\"column\" data-e-type=\"column\">\n\t\t\t<div class=\"elementor-widget-wrap elementor-element-populated\">\n\t\t\t\t\t\t<div class=\"elementor-element elementor-element-071dcd3 elementor-widget elementor-widget-heading\" data-id=\"071dcd3\" data-element_type=\"widget\" data-e-type=\"widget\" data-widget_type=\"heading.default\">\n\t\t\t\t<div class=\"elementor-widget-container\">\n\t\t\t\t\t<h2 class=\"elementor-heading-title elementor-size-default\">Attivit\u00e0 per famiglie\n<\/h2>\t\t\t\t<\/div>\n\t\t\t\t<\/div>\n\t\t\t\t<div class=\"elementor-element elementor-element-a6d1626 elementor-widget elementor-widget-text-editor\" data-id=\"a6d1626\" data-element_type=\"widget\" data-e-type=\"widget\" data-widget_type=\"text-editor.default\">\n\t\t\t\t<div class=\"elementor-widget-container\">\n\t\t\t\t\t\t\t\t\t<p><span style=\"font-weight: 400;\">Il carnevale \u00e8 uno dei periodi pi\u00f9 facili per visitare il Lago di Garda con i bambini. Quasi tutte le citt\u00e0 organizzano eventi rivolti direttamente alle famiglie. Lancio di coriandoli, concorsi di maschere per bambini, spettacoli di burattini e piccoli laboratori sono piuttosto standard. Alcune citt\u00e0 aggiungono sessioni di narrazione o mini sfilate solo per i visitatori pi\u00f9 giovani.   <\/span><\/p><p><span style=\"font-weight: 400;\">Se stai gi\u00e0 pensando di pianificare un viaggio incentrato sulla famiglia, dai un&#8217;occhiata alla nostra <\/span><a href=\"https:\/\/www.domusrental.com\/blog\/it\/lago-di-garda-con-bambini\/\"><span style=\"font-weight: 400;\">guida al Lago di Garda con i bambini<\/span><\/a><span style=\"font-weight: 400;\">. Abbinare questo al Carnevale Lago di Garda 2026 ti offre un bel mix di eventi strutturati e facile relax in riva al lago.<\/span><\/p><p><span style=\"font-weight: 400;\">Un altro vantaggio \u00e8 che febbraio \u00e8 pi\u00f9 fresco, quindi puoi coprire pi\u00f9 terreno senza il caldo estivo. Se vuoi variare le giornate, considera di aggiungere una breve passeggiata sul lago, una sosta a un castello o anche una gita in barca invernale se l&#8217;orario lo consente. <\/span><\/p>\t\t\t\t\t\t\t\t<\/div>\n\t\t\t\t<\/div>\n\t\t\t\t\t<\/div>\n\t\t<\/div>\n\t\t\t\t\t<\/div>\n\t\t<\/section>\n\t\t\t\t<section class=\"elementor-section elementor-top-section elementor-element elementor-element-c6eacbc elementor-section-boxed elementor-section-height-default elementor-section-height-default\" data-id=\"c6eacbc\" data-element_type=\"section\" data-e-type=\"section\">\n\t\t\t\t\t\t<div class=\"elementor-container elementor-column-gap-default\">\n\t\t\t\t\t<div class=\"elementor-column elementor-col-100 elementor-top-column elementor-element elementor-element-ab1d91d\" data-id=\"ab1d91d\" data-element_type=\"column\" data-e-type=\"column\">\n\t\t\t<div class=\"elementor-widget-wrap elementor-element-populated\">\n\t\t\t\t\t\t<div class=\"elementor-element elementor-element-97392ff elementor-widget elementor-widget-heading\" data-id=\"97392ff\" data-element_type=\"widget\" data-e-type=\"widget\" data-widget_type=\"heading.default\">\n\t\t\t\t<div class=\"elementor-widget-container\">\n\t\t\t\t\t<h2 class=\"elementor-heading-title elementor-size-default\">Consigli di viaggio\n<\/h2>\t\t\t\t<\/div>\n\t\t\t\t<\/div>\n\t\t\t\t<div class=\"elementor-element elementor-element-e3d035b elementor-widget elementor-widget-text-editor\" data-id=\"e3d035b\" data-element_type=\"widget\" data-e-type=\"widget\" data-widget_type=\"text-editor.default\">\n\t\t\t\t<div class=\"elementor-widget-container\">\n\t\t\t\t\t\t\t\t\t<p><span style=\"font-weight: 400;\">Muoversi per il Lago di Garda durante la stagione del carnevale \u00e8 pi\u00f9 facile di quanto si aspettino i visitatori. Le strade potrebbero essere trafficate vicino agli orari delle sfilate, ma la maggior parte degli eventi si svolge in aree pedonali, quindi puoi parcheggiare pi\u00f9 lontano e raggiungere a piedi il centro. <\/span><\/p><p><span style=\"font-weight: 400;\">Gli autobus operano durante tutto l&#8217;inverno, anche se l&#8217;orario \u00e8 ridotto rispetto all&#8217;estate. Anche i traghetti effettuano corse con orario limitato, ma sono comunque un modo piacevole per spostarsi tra le citt\u00e0, soprattutto se vuoi prenderti una pausa dalla guida. <\/span><\/p><p><span style=\"font-weight: 400;\">Il tempo pu\u00f2 cambiare rapidamente a febbraio. Potresti avere mattinate fredde, pomeriggi miti e nebbia che si diffonde sul lago senza preavviso. Se vuoi avere un&#8217;idea migliore delle condizioni invernali, Domus ha un&#8217;analisi completa nella    <\/span><a href=\"https:\/\/www.domusrental.com\/blog\/it\/meteo-lago-garda\/\"><span style=\"font-weight: 400;\">guida al meteo del Lago di Garda<\/span><\/a><span style=\"font-weight: 400;\">.<\/span><\/p><p><span style=\"font-weight: 400;\">Gli alloggi sono pi\u00f9 facili da trovare che in alta stagione, che \u00e8 uno dei motivi per cui molti visitatori scelgono il carnevale come periodo preferito per esplorare. Puoi stare vicino all&#8217;azione senza sentirti rinchiuso dalla folla. <\/span><\/p>\t\t\t\t\t\t\t\t<\/div>\n\t\t\t\t<\/div>\n\t\t\t\t\t<\/div>\n\t\t<\/div>\n\t\t\t\t\t<\/div>\n\t\t<\/section>\n\t\t<div class=\"elementor-element elementor-element-b9767d0 e-flex e-con-boxed e-con e-parent\" data-id=\"b9767d0\" data-element_type=\"container\" data-e-type=\"container\">\n\t\t\t\t\t<div class=\"e-con-inner\">\n\t\t\t\t<div class=\"elementor-element elementor-element-812ee29 elementor-widget elementor-widget-image\" data-id=\"812ee29\" data-element_type=\"widget\" data-e-type=\"widget\" data-widget_type=\"image.default\">\n\t\t\t\t<div class=\"elementor-widget-container\">\n\t\t\t\t\t\t\t\t\t\t\t\t\t\t\t<img decoding=\"async\" width=\"1254\" height=\"627\" src=\"https:\/\/www.domusrental.com\/blog\/wp-content\/uploads\/2025\/12\/Lago-di-garda-in-carnevale.jpg\" class=\"attachment-full size-full wp-image-5058\" alt=\"\" srcset=\"https:\/\/www.domusrental.com\/blog\/wp-content\/uploads\/2025\/12\/Lago-di-garda-in-carnevale.jpg 1254w, https:\/\/www.domusrental.com\/blog\/wp-content\/uploads\/2025\/12\/Lago-di-garda-in-carnevale-300x150.jpg 300w, https:\/\/www.domusrental.com\/blog\/wp-content\/uploads\/2025\/12\/Lago-di-garda-in-carnevale-1024x512.jpg 1024w, https:\/\/www.domusrental.com\/blog\/wp-content\/uploads\/2025\/12\/Lago-di-garda-in-carnevale-768x384.jpg 768w\" sizes=\"(max-width: 1254px) 100vw, 1254px\" \/>\t\t\t\t\t\t\t\t\t\t\t\t\t\t\t<\/div>\n\t\t\t\t<\/div>\n\t\t\t\t\t<\/div>\n\t\t\t\t<\/div>\n\t\t\t\t<section class=\"elementor-section elementor-top-section elementor-element elementor-element-229ea81 elementor-section-boxed elementor-section-height-default elementor-section-height-default\" data-id=\"229ea81\" data-element_type=\"section\" data-e-type=\"section\">\n\t\t\t\t\t\t<div class=\"elementor-container elementor-column-gap-default\">\n\t\t\t\t\t<div class=\"elementor-column elementor-col-100 elementor-top-column elementor-element elementor-element-aae1d0e\" data-id=\"aae1d0e\" data-element_type=\"column\" data-e-type=\"column\">\n\t\t\t<div class=\"elementor-widget-wrap elementor-element-populated\">\n\t\t\t\t\t\t<div class=\"elementor-element elementor-element-c0de269 elementor-widget elementor-widget-heading\" data-id=\"c0de269\" data-element_type=\"widget\" data-e-type=\"widget\" data-widget_type=\"heading.default\">\n\t\t\t\t<div class=\"elementor-widget-container\">\n\t\t\t\t\t<h2 class=\"elementor-heading-title elementor-size-default\">Non aspettare! Pianifica oggi stesso il tuo viaggio di Carnevale al Lago di Garda \n<\/h2>\t\t\t\t<\/div>\n\t\t\t\t<\/div>\n\t\t\t\t<div class=\"elementor-element elementor-element-5bfe5e6 elementor-widget elementor-widget-text-editor\" data-id=\"5bfe5e6\" data-element_type=\"widget\" data-e-type=\"widget\" data-widget_type=\"text-editor.default\">\n\t\t\t\t<div class=\"elementor-widget-container\">\n\t\t\t\t\t\t\t\t\t<p><span style=\"font-weight: 400;\">Il Carnevale sul Lago di Garda \u00e8 vivace senza essere travolgente. Puoi immergerti tanto o poco quanto vuoi. Un giorno di sfilate potrebbe essere sufficiente per alcuni visitatori. Altri preferiscono costruire una pausa pi\u00f9 lunga attorno ad esso, aggiungendo degustazioni di vini in Valpolicella, visite alle Grotte di Catullo o un tranquillo pomeriggio a Torri del Benaco.   <\/span><\/p><p><span style=\"font-weight: 400;\">Se vuoi goderti l&#8217;intero programma del Carnevale Lago di Garda 2026, soggiornare in una citt\u00e0 lacustre semplifica tutto. <\/span><b>Domus <\/b><span style=\"font-weight: 400;\">offre appartamenti e ville in tutta la regione, offrendoti basi confortevoli vicino alle principali citt\u00e0. Se stai pianificando il tuo viaggio invernale ora, questo \u00e8 un buon momento per sfogliare le opzioni e prenotare il tuo posto prima che vengano annunciate le date. <\/span><\/p><p><a href=\"https:\/\/www.domusrental.com\/\"><span style=\"font-weight: 400;\">Sfoglia le sistemazioni per il Carnevale del Lago di Garda con Domus \u2192<\/span><\/a><\/p>\t\t\t\t\t\t\t\t<\/div>\n\t\t\t\t<\/div>\n\t\t\t\t\t<\/div>\n\t\t<\/div>\n\t\t\t\t\t<\/div>\n\t\t<\/section>\n\t\t\t\t<section class=\"elementor-section elementor-top-section elementor-element elementor-element-76fc3161 elementor-section-boxed elementor-section-height-default elementor-section-height-default\" data-id=\"76fc3161\" data-element_type=\"section\" data-e-type=\"section\">\n\t\t\t\t\t\t<div class=\"elementor-container elementor-column-gap-default\">\n\t\t\t\t\t<div class=\"elementor-column elementor-col-100 elementor-top-column elementor-element elementor-element-f0bd97a\" data-id=\"f0bd97a\" data-element_type=\"column\" data-e-type=\"column\">\n\t\t\t<div class=\"elementor-widget-wrap elementor-element-populated\">\n\t\t\t\t\t\t<div class=\"elementor-element elementor-element-375ae0dc elementor-widget elementor-widget-shortcode\" data-id=\"375ae0dc\" data-element_type=\"widget\" data-e-type=\"widget\" data-widget_type=\"shortcode.default\">\n\t\t\t\t<div class=\"elementor-widget-container\">\n\t\t\t\t\t\t\t<div class=\"elementor-shortcode\">\t\t<div data-elementor-type=\"section\" data-elementor-id=\"2187\" class=\"elementor elementor-2187\" data-elementor-post-type=\"elementor_library\">\n\t\t\t\t\t<section class=\"elementor-section elementor-top-section elementor-element elementor-element-430ab890 elementor-section-boxed elementor-section-height-default elementor-section-height-default\" data-id=\"430ab890\" data-element_type=\"section\" data-e-type=\"section\">\n\t\t\t\t\t\t<div class=\"elementor-container elementor-column-gap-default\">\n\t\t\t\t\t<div class=\"elementor-column elementor-col-33 elementor-top-column elementor-element elementor-element-6daeb742\" data-id=\"6daeb742\" data-element_type=\"column\" data-e-type=\"column\">\n\t\t\t<div class=\"elementor-widget-wrap elementor-element-populated\">\n\t\t\t\t\t\t<div class=\"elementor-element elementor-element-496c7aa8 elementor-cta--skin-cover elementor-animated-content elementor-bg-transform elementor-bg-transform-zoom-in elementor-widget elementor-widget-call-to-action\" data-id=\"496c7aa8\" data-element_type=\"widget\" data-e-type=\"widget\" data-widget_type=\"call-to-action.default\">\n\t\t\t\t<div class=\"elementor-widget-container\">\n\t\t\t\t\t\t\t<a class=\"elementor-cta\" href=\"https:\/\/www.domusrental.com\/it\/ville-lago-di-garda\/\">\n\t\t\t\t\t<div class=\"elementor-cta__bg-wrapper\">\n\t\t\t\t<div class=\"elementor-cta__bg elementor-bg\" style=\"background-image: url(https:\/\/www.domusrental.com\/blog\/wp-content\/uploads\/2024\/04\/3-review-1-1920x630.jpg);\" role=\"img\" aria-label=\"3-review.jpg\"><\/div>\n\t\t\t\t<div class=\"elementor-cta__bg-overlay\"><\/div>\n\t\t\t<\/div>\n\t\t\t\t\t\t\t<div class=\"elementor-cta__content\">\n\t\t\t\t\n\t\t\t\t\n\t\t\t\t\n\t\t\t\t\t\t\t\t\t<div class=\"elementor-cta__button-wrapper elementor-cta__content-item elementor-content-item elementor-animated-item--grow\">\n\t\t\t\t\t<span class=\"elementor-cta__button elementor-button elementor-size-\">\n\t\t\t\t\t\tVille nel Lago di Garda\t\t\t\t\t<\/span>\n\t\t\t\t\t<\/div>\n\t\t\t\t\t\t\t<\/div>\n\t\t\t\t\t\t<\/a>\n\t\t\t\t\t\t<\/div>\n\t\t\t\t<\/div>\n\t\t\t\t\t<\/div>\n\t\t<\/div>\n\t\t\t\t<div class=\"elementor-column elementor-col-33 elementor-top-column elementor-element elementor-element-26521d07\" data-id=\"26521d07\" data-element_type=\"column\" data-e-type=\"column\">\n\t\t\t<div class=\"elementor-widget-wrap elementor-element-populated\">\n\t\t\t\t\t\t<div class=\"elementor-element elementor-element-7d227027 elementor-cta--skin-cover elementor-animated-content elementor-bg-transform elementor-bg-transform-zoom-in elementor-widget elementor-widget-call-to-action\" data-id=\"7d227027\" data-element_type=\"widget\" data-e-type=\"widget\" data-widget_type=\"call-to-action.default\">\n\t\t\t\t<div class=\"elementor-widget-container\">\n\t\t\t\t\t\t\t<a class=\"elementor-cta\" href=\"https:\/\/www.domusrental.com\/it\/casa-vacanze-lago-di-garda\/\">\n\t\t\t\t\t<div class=\"elementor-cta__bg-wrapper\">\n\t\t\t\t<div class=\"elementor-cta__bg elementor-bg\" style=\"background-image: url(https:\/\/www.domusrental.com\/blog\/wp-content\/uploads\/2024\/04\/iStock-1414288968-1-1521x630.jpg);\" role=\"img\" aria-label=\"iStock-1414288968.jpg\"><\/div>\n\t\t\t\t<div class=\"elementor-cta__bg-overlay\"><\/div>\n\t\t\t<\/div>\n\t\t\t\t\t\t\t<div class=\"elementor-cta__content\">\n\t\t\t\t\n\t\t\t\t\n\t\t\t\t\n\t\t\t\t\t\t\t\t\t<div class=\"elementor-cta__button-wrapper elementor-cta__content-item elementor-content-item elementor-animated-item--grow\">\n\t\t\t\t\t<span class=\"elementor-cta__button elementor-button elementor-size-\">\n\t\t\t\t\t\tAlloggi nel Lago di Garda in affitto\t\t\t\t\t<\/span>\n\t\t\t\t\t<\/div>\n\t\t\t\t\t\t\t<\/div>\n\t\t\t\t\t\t<\/a>\n\t\t\t\t\t\t<\/div>\n\t\t\t\t<\/div>\n\t\t\t\t\t<\/div>\n\t\t<\/div>\n\t\t\t\t<div class=\"elementor-column elementor-col-33 elementor-top-column elementor-element elementor-element-60c4d5dc\" data-id=\"60c4d5dc\" data-element_type=\"column\" data-e-type=\"column\">\n\t\t\t<div class=\"elementor-widget-wrap elementor-element-populated\">\n\t\t\t\t\t\t<div class=\"elementor-element elementor-element-31f881d3 elementor-cta--skin-cover elementor-animated-content elementor-bg-transform elementor-bg-transform-zoom-in elementor-widget elementor-widget-call-to-action\" data-id=\"31f881d3\" data-element_type=\"widget\" data-e-type=\"widget\" data-widget_type=\"call-to-action.default\">\n\t\t\t\t<div class=\"elementor-widget-container\">\n\t\t\t\t\t\t\t<a class=\"elementor-cta\" href=\"https:\/\/www.domusrental.com\/it\/appartamenti-lago-di-garda\/\">\n\t\t\t\t\t<div class=\"elementor-cta__bg-wrapper\">\n\t\t\t\t<div class=\"elementor-cta__bg elementor-bg\" style=\"background-image: url(https:\/\/www.domusrental.com\/blog\/wp-content\/uploads\/2024\/04\/apartments-in-lake-garda-1-1533x630.jpg);\" role=\"img\" aria-label=\"apartments-in-lake-garda.jpg\"><\/div>\n\t\t\t\t<div class=\"elementor-cta__bg-overlay\"><\/div>\n\t\t\t<\/div>\n\t\t\t\t\t\t\t<div class=\"elementor-cta__content\">\n\t\t\t\t\n\t\t\t\t\n\t\t\t\t\n\t\t\t\t\t\t\t\t\t<div class=\"elementor-cta__button-wrapper elementor-cta__content-item elementor-content-item elementor-animated-item--grow\">\n\t\t\t\t\t<span class=\"elementor-cta__button elementor-button elementor-size-\">\n\t\t\t\t\t\tAppartamenti nel Lago di Garda\t\t\t\t\t<\/span>\n\t\t\t\t\t<\/div>\n\t\t\t\t\t\t\t<\/div>\n\t\t\t\t\t\t<\/a>\n\t\t\t\t\t\t<\/div>\n\t\t\t\t<\/div>\n\t\t\t\t\t<\/div>\n\t\t<\/div>\n\t\t\t\t\t<\/div>\n\t\t<\/section>\n\t\t\t\t<\/div>\n\t\t<\/div>\n\t\t\t\t\t\t<\/div>\n\t\t\t\t<\/div>\n\t\t\t\t\t<\/div>\n\t\t<\/div>\n\t\t\t\t\t<\/div>\n\t\t<\/section>\n\t\t\t\t<\/div>\n\t\t","protected":false},"excerpt":{"rendered":"<p>C&#8217;\u00e8 qualcosa di irresistibile nell&#8217;inverno al Lago di Garda. La folla si dirada un po&#8217;, il ritmo rallenta e poi arriva il Carnevale del Lago di Garda 2026 (Carnevale Lago di Garda 2026) per ravvivare di nuovo tutto. Colori, sfilate, maschere, rumore. Un tipo di caos molto locale. Non lo spettacolo patinato che si vede [&hellip;]<\/p>\n","protected":false},"author":4,"featured_media":5051,"comment_status":"open","ping_status":"closed","sticky":false,"template":"","format":"standard","meta":{"footnotes":""},"categories":[51,57],"tags":[],"class_list":["post-5071","post","type-post","status-publish","format-standard","has-post-thumbnail","hentry","category-eventi-lago-di-garda","category-lago-di-garda"],"yoast_head":"<!-- This site is optimized with the Yoast SEO plugin v27.4 - https:\/\/yoast.com\/product\/yoast-seo-wordpress\/ -->\n<title>Dove festeggiare il Carnevale nel Lago di Garda - Blog | Domus Rental<\/title>\n<meta name=\"description\" content=\"Scopri la gioia del Carnevale sul Lago di Garda 2026. Goditi sfilate vivaci, maschere e festeggiamenti indimenticabili! Pianifica subito la tua vacanza.\" \/>\n<meta name=\"robots\" content=\"index, follow, max-snippet:-1, max-image-preview:large, max-video-preview:-1\" \/>\n<link rel=\"canonical\" href=\"https:\/\/www.domusrental.com\/blog\/it\/carnevale-lago-di-garda\/\" \/>\n<meta property=\"og:locale\" content=\"it_IT\" \/>\n<meta property=\"og:type\" content=\"article\" \/>\n<meta property=\"og:title\" content=\"Dove festeggiare il Carnevale nel Lago di Garda - Blog | Domus Rental\" \/>\n<meta property=\"og:description\" content=\"Scopri la gioia del Carnevale sul Lago di Garda 2026. Goditi sfilate vivaci, maschere e festeggiamenti indimenticabili! Pianifica subito la tua vacanza.\" \/>\n<meta property=\"og:url\" content=\"https:\/\/www.domusrental.com\/blog\/it\/carnevale-lago-di-garda\/\" \/>\n<meta property=\"og:site_name\" content=\"Blog | Domus Rental\" \/>\n<meta property=\"article:publisher\" content=\"https:\/\/www.facebook.com\/domusrental\" \/>\n<meta property=\"article:published_time\" content=\"2025-12-02T08:43:54+00:00\" \/>\n<meta property=\"article:modified_time\" content=\"2026-02-23T10:30:34+00:00\" \/>\n<meta property=\"og:image\" content=\"https:\/\/www.domusrental.com\/blog\/wp-content\/uploads\/2025\/12\/Carnevale-Lake-Garda.jpg\" \/>\n\t<meta property=\"og:image:width\" content=\"2121\" \/>\n\t<meta property=\"og:image:height\" content=\"707\" \/>\n\t<meta property=\"og:image:type\" content=\"image\/jpeg\" \/>\n<meta name=\"author\" content=\"Richard\" \/>\n<meta name=\"twitter:card\" content=\"summary_large_image\" \/>\n<meta name=\"twitter:creator\" content=\"@DomusRental\" \/>\n<meta name=\"twitter:site\" content=\"@DomusRental\" \/>\n<meta name=\"twitter:label1\" content=\"Scritto da\" \/>\n\t<meta name=\"twitter:data1\" content=\"Richard\" \/>\n\t<meta name=\"twitter:label2\" content=\"Tempo di lettura stimato\" \/>\n\t<meta name=\"twitter:data2\" content=\"6 minuti\" \/>\n<script type=\"application\/ld+json\" class=\"yoast-schema-graph\">{\"@context\":\"https:\\\/\\\/schema.org\",\"@graph\":[{\"@type\":\"Article\",\"@id\":\"https:\\\/\\\/www.domusrental.com\\\/blog\\\/it\\\/carnevale-lago-di-garda\\\/#article\",\"isPartOf\":{\"@id\":\"https:\\\/\\\/www.domusrental.com\\\/blog\\\/it\\\/carnevale-lago-di-garda\\\/\"},\"author\":{\"name\":\"Richard\",\"@id\":\"https:\\\/\\\/www.domusrental.com\\\/blog\\\/#\\\/schema\\\/person\\\/113b82f1959c1dbc77b9507401a05d87\"},\"headline\":\"Dove festeggiare il Carnevale Lago di Garda 2026 (e cosa aspettarsi)\",\"datePublished\":\"2025-12-02T08:43:54+00:00\",\"dateModified\":\"2026-02-23T10:30:34+00:00\",\"mainEntityOfPage\":{\"@id\":\"https:\\\/\\\/www.domusrental.com\\\/blog\\\/it\\\/carnevale-lago-di-garda\\\/\"},\"wordCount\":1273,\"commentCount\":0,\"publisher\":{\"@id\":\"https:\\\/\\\/www.domusrental.com\\\/blog\\\/#organization\"},\"image\":{\"@id\":\"https:\\\/\\\/www.domusrental.com\\\/blog\\\/it\\\/carnevale-lago-di-garda\\\/#primaryimage\"},\"thumbnailUrl\":\"https:\\\/\\\/www.domusrental.com\\\/blog\\\/wp-content\\\/uploads\\\/2025\\\/12\\\/Carnevale-Lake-Garda.jpg\",\"articleSection\":[\"Eventi\",\"Lago di Garda\"],\"inLanguage\":\"it-IT\",\"potentialAction\":[{\"@type\":\"CommentAction\",\"name\":\"Comment\",\"target\":[\"https:\\\/\\\/www.domusrental.com\\\/blog\\\/it\\\/carnevale-lago-di-garda\\\/#respond\"]}]},{\"@type\":\"WebPage\",\"@id\":\"https:\\\/\\\/www.domusrental.com\\\/blog\\\/it\\\/carnevale-lago-di-garda\\\/\",\"url\":\"https:\\\/\\\/www.domusrental.com\\\/blog\\\/it\\\/carnevale-lago-di-garda\\\/\",\"name\":\"Dove festeggiare il Carnevale nel Lago di Garda - Blog | Domus Rental\",\"isPartOf\":{\"@id\":\"https:\\\/\\\/www.domusrental.com\\\/blog\\\/#website\"},\"primaryImageOfPage\":{\"@id\":\"https:\\\/\\\/www.domusrental.com\\\/blog\\\/it\\\/carnevale-lago-di-garda\\\/#primaryimage\"},\"image\":{\"@id\":\"https:\\\/\\\/www.domusrental.com\\\/blog\\\/it\\\/carnevale-lago-di-garda\\\/#primaryimage\"},\"thumbnailUrl\":\"https:\\\/\\\/www.domusrental.com\\\/blog\\\/wp-content\\\/uploads\\\/2025\\\/12\\\/Carnevale-Lake-Garda.jpg\",\"datePublished\":\"2025-12-02T08:43:54+00:00\",\"dateModified\":\"2026-02-23T10:30:34+00:00\",\"description\":\"Scopri la gioia del Carnevale sul Lago di Garda 2026. Goditi sfilate vivaci, maschere e festeggiamenti indimenticabili! Pianifica subito la tua vacanza.\",\"breadcrumb\":{\"@id\":\"https:\\\/\\\/www.domusrental.com\\\/blog\\\/it\\\/carnevale-lago-di-garda\\\/#breadcrumb\"},\"inLanguage\":\"it-IT\",\"potentialAction\":[{\"@type\":\"ReadAction\",\"target\":[\"https:\\\/\\\/www.domusrental.com\\\/blog\\\/it\\\/carnevale-lago-di-garda\\\/\"]}]},{\"@type\":\"ImageObject\",\"inLanguage\":\"it-IT\",\"@id\":\"https:\\\/\\\/www.domusrental.com\\\/blog\\\/it\\\/carnevale-lago-di-garda\\\/#primaryimage\",\"url\":\"https:\\\/\\\/www.domusrental.com\\\/blog\\\/wp-content\\\/uploads\\\/2025\\\/12\\\/Carnevale-Lake-Garda.jpg\",\"contentUrl\":\"https:\\\/\\\/www.domusrental.com\\\/blog\\\/wp-content\\\/uploads\\\/2025\\\/12\\\/Carnevale-Lake-Garda.jpg\",\"width\":2121,\"height\":707,\"caption\":\"Viareggio, Italy - February 12, 2023: Carnival of Viareggio, 2nd course of 150th edition, the floats parade along the seafront crowded with people\"},{\"@type\":\"BreadcrumbList\",\"@id\":\"https:\\\/\\\/www.domusrental.com\\\/blog\\\/it\\\/carnevale-lago-di-garda\\\/#breadcrumb\",\"itemListElement\":[{\"@type\":\"ListItem\",\"position\":1,\"name\":\"Home\",\"item\":\"https:\\\/\\\/www.domusrental.com\\\/blog\\\/it\\\/\"},{\"@type\":\"ListItem\",\"position\":2,\"name\":\"Dove festeggiare il Carnevale Lago di Garda 2026 (e cosa aspettarsi)\"}]},{\"@type\":\"WebSite\",\"@id\":\"https:\\\/\\\/www.domusrental.com\\\/blog\\\/#website\",\"url\":\"https:\\\/\\\/www.domusrental.com\\\/blog\\\/\",\"name\":\"Domus Rental\",\"description\":\"\",\"publisher\":{\"@id\":\"https:\\\/\\\/www.domusrental.com\\\/blog\\\/#organization\"},\"potentialAction\":[{\"@type\":\"SearchAction\",\"target\":{\"@type\":\"EntryPoint\",\"urlTemplate\":\"https:\\\/\\\/www.domusrental.com\\\/blog\\\/?s={search_term_string}\"},\"query-input\":{\"@type\":\"PropertyValueSpecification\",\"valueRequired\":true,\"valueName\":\"search_term_string\"}}],\"inLanguage\":\"it-IT\"},{\"@type\":\"Organization\",\"@id\":\"https:\\\/\\\/www.domusrental.com\\\/blog\\\/#organization\",\"name\":\"Blog | Domus Rental\",\"url\":\"https:\\\/\\\/www.domusrental.com\\\/blog\\\/\",\"logo\":{\"@type\":\"ImageObject\",\"inLanguage\":\"it-IT\",\"@id\":\"https:\\\/\\\/www.domusrental.com\\\/blog\\\/#\\\/schema\\\/logo\\\/image\\\/\",\"url\":\"https:\\\/\\\/www.domusrental.com\\\/blog\\\/wp-content\\\/uploads\\\/2024\\\/04\\\/favicon.png\",\"contentUrl\":\"https:\\\/\\\/www.domusrental.com\\\/blog\\\/wp-content\\\/uploads\\\/2024\\\/04\\\/favicon.png\",\"width\":298,\"height\":298,\"caption\":\"Blog | Domus Rental\"},\"image\":{\"@id\":\"https:\\\/\\\/www.domusrental.com\\\/blog\\\/#\\\/schema\\\/logo\\\/image\\\/\"},\"sameAs\":[\"https:\\\/\\\/www.facebook.com\\\/domusrental\",\"https:\\\/\\\/x.com\\\/DomusRental\"]},{\"@type\":\"Person\",\"@id\":\"https:\\\/\\\/www.domusrental.com\\\/blog\\\/#\\\/schema\\\/person\\\/113b82f1959c1dbc77b9507401a05d87\",\"name\":\"Richard\",\"image\":{\"@type\":\"ImageObject\",\"inLanguage\":\"it-IT\",\"@id\":\"https:\\\/\\\/secure.gravatar.com\\\/avatar\\\/63f7d63df8bc500b7b072100eb25897597ec962e6be3ac33cf5045633fb5702a?s=96&d=mm&r=g\",\"url\":\"https:\\\/\\\/secure.gravatar.com\\\/avatar\\\/63f7d63df8bc500b7b072100eb25897597ec962e6be3ac33cf5045633fb5702a?s=96&d=mm&r=g\",\"contentUrl\":\"https:\\\/\\\/secure.gravatar.com\\\/avatar\\\/63f7d63df8bc500b7b072100eb25897597ec962e6be3ac33cf5045633fb5702a?s=96&d=mm&r=g\",\"caption\":\"Richard\"},\"url\":\"https:\\\/\\\/www.domusrental.com\\\/blog\\\/it\\\/author\\\/richard\\\/\"}]}<\/script>\n<!-- \/ Yoast SEO plugin. -->","yoast_head_json":{"title":"Dove festeggiare il Carnevale nel Lago di Garda - Blog | Domus Rental","description":"Scopri la gioia del Carnevale sul Lago di Garda 2026. Goditi sfilate vivaci, maschere e festeggiamenti indimenticabili! Pianifica subito la tua vacanza.","robots":{"index":"index","follow":"follow","max-snippet":"max-snippet:-1","max-image-preview":"max-image-preview:large","max-video-preview":"max-video-preview:-1"},"canonical":"https:\/\/www.domusrental.com\/blog\/it\/carnevale-lago-di-garda\/","og_locale":"it_IT","og_type":"article","og_title":"Dove festeggiare il Carnevale nel Lago di Garda - Blog | Domus Rental","og_description":"Scopri la gioia del Carnevale sul Lago di Garda 2026. Goditi sfilate vivaci, maschere e festeggiamenti indimenticabili! Pianifica subito la tua vacanza.","og_url":"https:\/\/www.domusrental.com\/blog\/it\/carnevale-lago-di-garda\/","og_site_name":"Blog | Domus Rental","article_publisher":"https:\/\/www.facebook.com\/domusrental","article_published_time":"2025-12-02T08:43:54+00:00","article_modified_time":"2026-02-23T10:30:34+00:00","og_image":[{"width":2121,"height":707,"url":"https:\/\/www.domusrental.com\/blog\/wp-content\/uploads\/2025\/12\/Carnevale-Lake-Garda.jpg","type":"image\/jpeg"}],"author":"Richard","twitter_card":"summary_large_image","twitter_creator":"@DomusRental","twitter_site":"@DomusRental","twitter_misc":{"Scritto da":"Richard","Tempo di lettura stimato":"6 minuti"},"schema":{"@context":"https:\/\/schema.org","@graph":[{"@type":"Article","@id":"https:\/\/www.domusrental.com\/blog\/it\/carnevale-lago-di-garda\/#article","isPartOf":{"@id":"https:\/\/www.domusrental.com\/blog\/it\/carnevale-lago-di-garda\/"},"author":{"name":"Richard","@id":"https:\/\/www.domusrental.com\/blog\/#\/schema\/person\/113b82f1959c1dbc77b9507401a05d87"},"headline":"Dove festeggiare il Carnevale Lago di Garda 2026 (e cosa aspettarsi)","datePublished":"2025-12-02T08:43:54+00:00","dateModified":"2026-02-23T10:30:34+00:00","mainEntityOfPage":{"@id":"https:\/\/www.domusrental.com\/blog\/it\/carnevale-lago-di-garda\/"},"wordCount":1273,"commentCount":0,"publisher":{"@id":"https:\/\/www.domusrental.com\/blog\/#organization"},"image":{"@id":"https:\/\/www.domusrental.com\/blog\/it\/carnevale-lago-di-garda\/#primaryimage"},"thumbnailUrl":"https:\/\/www.domusrental.com\/blog\/wp-content\/uploads\/2025\/12\/Carnevale-Lake-Garda.jpg","articleSection":["Eventi","Lago di Garda"],"inLanguage":"it-IT","potentialAction":[{"@type":"CommentAction","name":"Comment","target":["https:\/\/www.domusrental.com\/blog\/it\/carnevale-lago-di-garda\/#respond"]}]},{"@type":"WebPage","@id":"https:\/\/www.domusrental.com\/blog\/it\/carnevale-lago-di-garda\/","url":"https:\/\/www.domusrental.com\/blog\/it\/carnevale-lago-di-garda\/","name":"Dove festeggiare il Carnevale nel Lago di Garda - Blog | Domus Rental","isPartOf":{"@id":"https:\/\/www.domusrental.com\/blog\/#website"},"primaryImageOfPage":{"@id":"https:\/\/www.domusrental.com\/blog\/it\/carnevale-lago-di-garda\/#primaryimage"},"image":{"@id":"https:\/\/www.domusrental.com\/blog\/it\/carnevale-lago-di-garda\/#primaryimage"},"thumbnailUrl":"https:\/\/www.domusrental.com\/blog\/wp-content\/uploads\/2025\/12\/Carnevale-Lake-Garda.jpg","datePublished":"2025-12-02T08:43:54+00:00","dateModified":"2026-02-23T10:30:34+00:00","description":"Scopri la gioia del Carnevale sul Lago di Garda 2026. Goditi sfilate vivaci, maschere e festeggiamenti indimenticabili! Pianifica subito la tua vacanza.","breadcrumb":{"@id":"https:\/\/www.domusrental.com\/blog\/it\/carnevale-lago-di-garda\/#breadcrumb"},"inLanguage":"it-IT","potentialAction":[{"@type":"ReadAction","target":["https:\/\/www.domusrental.com\/blog\/it\/carnevale-lago-di-garda\/"]}]},{"@type":"ImageObject","inLanguage":"it-IT","@id":"https:\/\/www.domusrental.com\/blog\/it\/carnevale-lago-di-garda\/#primaryimage","url":"https:\/\/www.domusrental.com\/blog\/wp-content\/uploads\/2025\/12\/Carnevale-Lake-Garda.jpg","contentUrl":"https:\/\/www.domusrental.com\/blog\/wp-content\/uploads\/2025\/12\/Carnevale-Lake-Garda.jpg","width":2121,"height":707,"caption":"Viareggio, Italy - February 12, 2023: Carnival of Viareggio, 2nd course of 150th edition, the floats parade along the seafront crowded with people"},{"@type":"BreadcrumbList","@id":"https:\/\/www.domusrental.com\/blog\/it\/carnevale-lago-di-garda\/#breadcrumb","itemListElement":[{"@type":"ListItem","position":1,"name":"Home","item":"https:\/\/www.domusrental.com\/blog\/it\/"},{"@type":"ListItem","position":2,"name":"Dove festeggiare il Carnevale Lago di Garda 2026 (e cosa aspettarsi)"}]},{"@type":"WebSite","@id":"https:\/\/www.domusrental.com\/blog\/#website","url":"https:\/\/www.domusrental.com\/blog\/","name":"Domus Rental","description":"","publisher":{"@id":"https:\/\/www.domusrental.com\/blog\/#organization"},"potentialAction":[{"@type":"SearchAction","target":{"@type":"EntryPoint","urlTemplate":"https:\/\/www.domusrental.com\/blog\/?s={search_term_string}"},"query-input":{"@type":"PropertyValueSpecification","valueRequired":true,"valueName":"search_term_string"}}],"inLanguage":"it-IT"},{"@type":"Organization","@id":"https:\/\/www.domusrental.com\/blog\/#organization","name":"Blog | Domus Rental","url":"https:\/\/www.domusrental.com\/blog\/","logo":{"@type":"ImageObject","inLanguage":"it-IT","@id":"https:\/\/www.domusrental.com\/blog\/#\/schema\/logo\/image\/","url":"https:\/\/www.domusrental.com\/blog\/wp-content\/uploads\/2024\/04\/favicon.png","contentUrl":"https:\/\/www.domusrental.com\/blog\/wp-content\/uploads\/2024\/04\/favicon.png","width":298,"height":298,"caption":"Blog | Domus Rental"},"image":{"@id":"https:\/\/www.domusrental.com\/blog\/#\/schema\/logo\/image\/"},"sameAs":["https:\/\/www.facebook.com\/domusrental","https:\/\/x.com\/DomusRental"]},{"@type":"Person","@id":"https:\/\/www.domusrental.com\/blog\/#\/schema\/person\/113b82f1959c1dbc77b9507401a05d87","name":"Richard","image":{"@type":"ImageObject","inLanguage":"it-IT","@id":"https:\/\/secure.gravatar.com\/avatar\/63f7d63df8bc500b7b072100eb25897597ec962e6be3ac33cf5045633fb5702a?s=96&d=mm&r=g","url":"https:\/\/secure.gravatar.com\/avatar\/63f7d63df8bc500b7b072100eb25897597ec962e6be3ac33cf5045633fb5702a?s=96&d=mm&r=g","contentUrl":"https:\/\/secure.gravatar.com\/avatar\/63f7d63df8bc500b7b072100eb25897597ec962e6be3ac33cf5045633fb5702a?s=96&d=mm&r=g","caption":"Richard"},"url":"https:\/\/www.domusrental.com\/blog\/it\/author\/richard\/"}]}},"_links":{"self":[{"href":"https:\/\/www.domusrental.com\/blog\/it\/wp-json\/wp\/v2\/posts\/5071","targetHints":{"allow":["GET"]}}],"collection":[{"href":"https:\/\/www.domusrental.com\/blog\/it\/wp-json\/wp\/v2\/posts"}],"about":[{"href":"https:\/\/www.domusrental.com\/blog\/it\/wp-json\/wp\/v2\/types\/post"}],"author":[{"embeddable":true,"href":"https:\/\/www.domusrental.com\/blog\/it\/wp-json\/wp\/v2\/users\/4"}],"replies":[{"embeddable":true,"href":"https:\/\/www.domusrental.com\/blog\/it\/wp-json\/wp\/v2\/comments?post=5071"}],"version-history":[{"count":1,"href":"https:\/\/www.domusrental.com\/blog\/it\/wp-json\/wp\/v2\/posts\/5071\/revisions"}],"predecessor-version":[{"id":5072,"href":"https:\/\/www.domusrental.com\/blog\/it\/wp-json\/wp\/v2\/posts\/5071\/revisions\/5072"}],"wp:featuredmedia":[{"embeddable":true,"href":"https:\/\/www.domusrental.com\/blog\/it\/wp-json\/wp\/v2\/media\/5051"}],"wp:attachment":[{"href":"https:\/\/www.domusrental.com\/blog\/it\/wp-json\/wp\/v2\/media?parent=5071"}],"wp:term":[{"taxonomy":"category","embeddable":true,"href":"https:\/\/www.domusrental.com\/blog\/it\/wp-json\/wp\/v2\/categories?post=5071"},{"taxonomy":"post_tag","embeddable":true,"href":"https:\/\/www.domusrental.com\/blog\/it\/wp-json\/wp\/v2\/tags?post=5071"}],"curies":[{"name":"wp","href":"https:\/\/api.w.org\/{rel}","templated":true}]}}