{"id":5168,"date":"2026-01-13T14:53:26","date_gmt":"2026-01-13T14:53:26","guid":{"rendered":"https:\/\/www.domusrental.com\/blog\/verona-per-san-valentino\/"},"modified":"2026-02-23T10:29:49","modified_gmt":"2026-02-23T10:29:49","slug":"verona-per-san-valentino","status":"publish","type":"post","link":"https:\/\/www.domusrental.com\/blog\/it\/verona-per-san-valentino\/","title":{"rendered":"Verona per San Valentino: una fuga romantica di febbraio dalla citt\u00e0 al Lago di Garda"},"content":{"rendered":"\t\t<div data-elementor-type=\"wp-post\" data-elementor-id=\"5168\" class=\"elementor elementor-5168 elementor-5143\" data-elementor-post-type=\"post\">\n\t\t\t\t\t\t<section class=\"elementor-section elementor-top-section elementor-element elementor-element-13e950e9 elementor-section-boxed elementor-section-height-default elementor-section-height-default\" data-id=\"13e950e9\" data-element_type=\"section\" data-e-type=\"section\">\n\t\t\t\t\t\t<div class=\"elementor-container elementor-column-gap-default\">\n\t\t\t\t\t<div class=\"elementor-column elementor-col-100 elementor-top-column elementor-element elementor-element-a2645d6\" data-id=\"a2645d6\" data-element_type=\"column\" data-e-type=\"column\">\n\t\t\t<div class=\"elementor-widget-wrap elementor-element-populated\">\n\t\t\t\t\t\t<div class=\"elementor-element elementor-element-230c7c2f elementor-widget elementor-widget-text-editor\" data-id=\"230c7c2f\" data-element_type=\"widget\" data-e-type=\"widget\" data-widget_type=\"text-editor.default\">\n\t\t\t\t<div class=\"elementor-widget-container\">\n\t\t\t\t\t\t\t\t\t<p><span style=\"font-weight: 400;\">Ci sono citt\u00e0 che sanno vendersi bene dal punto di vista romantico, e poi c&#8217;\u00e8 Verona. Se stai programmando Verona per San Valentino, non stai inseguendo clich\u00e9. Stai entrando in un luogo dove il romanticismo sembra parte integrante delle strade, piuttosto che messo in scena per Instagram. Febbraio spoglia la citt\u00e0. Meno folla. Aria pi\u00f9 fresca. Pi\u00f9 spazio per vagare senza sgomitare tra i gruppi turistici.      <\/span><\/p><p><span style=\"font-weight: 400;\">Qui San Valentino \u00e8 legato a San Valentino, e la gente del posto lo prende piuttosto sul serio. Il risultato \u00e8 una citt\u00e0 che si appoggia all&#8217;amore con la giusta moderazione. Pensa a piazze illuminate da candele, alla luce bassa dell&#8217;inverno sulla pietra romana e a lunghe cene che non necessitano di una prenotazione con tre settimane di anticipo.  <\/span><\/p><p><span style=\"font-weight: 400;\">Non sorprende che ogni anno le persone cerchino Verona per San Valentino. L&#8217;ambientazione fa la maggior parte del lavoro per te. <\/span><\/p>\t\t\t\t\t\t\t\t<\/div>\n\t\t\t\t<\/div>\n\t\t\t\t\t<\/div>\n\t\t<\/div>\n\t\t\t\t\t<\/div>\n\t\t<\/section>\n\t\t\t\t<section class=\"elementor-section elementor-top-section elementor-element elementor-element-52feb695 elementor-section-boxed elementor-section-height-default elementor-section-height-default\" data-id=\"52feb695\" data-element_type=\"section\" data-e-type=\"section\">\n\t\t\t\t\t\t<div class=\"elementor-container elementor-column-gap-default\">\n\t\t\t\t\t<div class=\"elementor-column elementor-col-100 elementor-top-column elementor-element elementor-element-598fb8a0\" data-id=\"598fb8a0\" data-element_type=\"column\" data-e-type=\"column\">\n\t\t\t<div class=\"elementor-widget-wrap elementor-element-populated\">\n\t\t\t\t\t\t<div class=\"elementor-element elementor-element-6c70ea97 elementor-widget elementor-widget-table-of-contents\" data-id=\"6c70ea97\" data-element_type=\"widget\" data-e-type=\"widget\" data-settings=\"{&quot;headings_by_tags&quot;:[&quot;h2&quot;],&quot;exclude_headings_by_selector&quot;:[],&quot;marker_view&quot;:&quot;bullets&quot;,&quot;icon&quot;:{&quot;value&quot;:&quot;fas fa-arrow-right&quot;,&quot;library&quot;:&quot;fa-solid&quot;},&quot;no_headings_message&quot;:&quot;No headings were found on this page.&quot;,&quot;hierarchical_view&quot;:&quot;yes&quot;,&quot;min_height&quot;:{&quot;unit&quot;:&quot;px&quot;,&quot;size&quot;:&quot;&quot;,&quot;sizes&quot;:[]},&quot;min_height_tablet&quot;:{&quot;unit&quot;:&quot;px&quot;,&quot;size&quot;:&quot;&quot;,&quot;sizes&quot;:[]},&quot;min_height_mobile&quot;:{&quot;unit&quot;:&quot;px&quot;,&quot;size&quot;:&quot;&quot;,&quot;sizes&quot;:[]}}\" data-widget_type=\"table-of-contents.default\">\n\t\t\t\t<div class=\"elementor-widget-container\">\n\t\t\t\t\t\t\t\t\t<div class=\"elementor-toc__header\">\n\t\t\t\t\t\t<div class=\"elementor-toc__header-title\">\n\t\t\t\tIndice\t\t\t<\/div>\n\t\t\t\t\t\t\t\t<\/div>\n\t\t\t\t<div id=\"elementor-toc__6c70ea97\" class=\"elementor-toc__body\">\n\t\t\t<div class=\"elementor-toc__spinner-container\">\n\t\t\t\t<i class=\"elementor-toc__spinner eicon-animation-spin eicon-loading\" aria-hidden=\"true\"><\/i>\t\t\t<\/div>\n\t\t<\/div>\n\t\t\t\t\t\t<\/div>\n\t\t\t\t<\/div>\n\t\t\t\t\t<\/div>\n\t\t<\/div>\n\t\t\t\t\t<\/div>\n\t\t<\/section>\n\t\t\t\t<section class=\"elementor-section elementor-top-section elementor-element elementor-element-687692de elementor-section-boxed elementor-section-height-default elementor-section-height-default\" data-id=\"687692de\" data-element_type=\"section\" data-e-type=\"section\">\n\t\t\t\t\t\t<div class=\"elementor-container elementor-column-gap-default\">\n\t\t\t\t\t<div class=\"elementor-column elementor-col-100 elementor-top-column elementor-element elementor-element-6ccaf7b9\" data-id=\"6ccaf7b9\" data-element_type=\"column\" data-e-type=\"column\">\n\t\t\t<div class=\"elementor-widget-wrap elementor-element-populated\">\n\t\t\t\t\t\t<div class=\"elementor-element elementor-element-61a4dc11 elementor-widget elementor-widget-heading\" data-id=\"61a4dc11\" data-element_type=\"widget\" data-e-type=\"widget\" data-widget_type=\"heading.default\">\n\t\t\t\t<div class=\"elementor-widget-container\">\n\t\t\t\t\t<h2 class=\"elementor-heading-title elementor-size-default\">Cosa vedere a Verona in coppia, oltre all'ovvio\n<\/h2>\t\t\t\t<\/div>\n\t\t\t\t<\/div>\n\t\t\t\t<div class=\"elementor-element elementor-element-4729cd19 elementor-widget elementor-widget-text-editor\" data-id=\"4729cd19\" data-element_type=\"widget\" data-e-type=\"widget\" data-widget_type=\"text-editor.default\">\n\t\t\t\t<div class=\"elementor-widget-container\">\n\t\t\t\t\t\t\t\t\t<p><span style=\"font-weight: 400;\">Probabilmente ti ritroverai vicino al balcone di Giulietta a un certo punto, come fanno la maggior parte dei visitatori. Fa parte della storia della citt\u00e0 e vale la pena vederlo, soprattutto a febbraio, quando la zona \u00e8 pi\u00f9 tranquilla. L&#8217;attrattiva pi\u00f9 profonda di Verona come meta per coppie, tuttavia, si rivela spesso una volta che ti allontani un po&#8217; dalle tappe pi\u00f9 ovvie.  <\/span><\/p><p><span style=\"font-weight: 400;\">Passeggia lungo il fiume Adige poco prima del tramonto. Attraversa Ponte Pietra quando il cielo diventa rosa pallido. Infilati nelle stradine intorno a Santo Stefano, dove i locali sono ancora pi\u00f9 numerosi dei visitatori. Verona a febbraio sembra vissuta, non recitata.   <\/span><\/p><p><span style=\"font-weight: 400;\">Per avere una visione pi\u00f9 ampia della citt\u00e0, Piazza Bra (spesso chiamata semplicemente Bra) si apre magnificamente di notte. L&#8217;Arena si illumina. I musicisti di strada suonano canzoni pi\u00f9 lente. \u00c8 un posto dove \u00e8 facile soffermarsi senza sentirsi di fretta.   <\/span><\/p><p><span style=\"font-weight: 400;\">Se desideri maggiori informazioni prima di arrivare, la nostra guida alle <\/span><a href=\"https:\/\/www.domusrental.com\/blog\/it\/verona-vacanze\/\"><span style=\"font-weight: 400;\">Vacanze a Verona<\/span><\/a><span style=\"font-weight: 400;\"> illustra bene la citt\u00e0.<\/span><\/p>\t\t\t\t\t\t\t\t<\/div>\n\t\t\t\t<\/div>\n\t\t\t\t<div class=\"elementor-element elementor-element-f206bf2 elementor-widget elementor-widget-image\" data-id=\"f206bf2\" data-element_type=\"widget\" data-e-type=\"widget\" data-widget_type=\"image.default\">\n\t\t\t\t<div class=\"elementor-widget-container\">\n\t\t\t\t\t\t\t\t\t\t\t\t\t\t\t<img fetchpriority=\"high\" decoding=\"async\" width=\"1254\" height=\"626\" src=\"https:\/\/www.domusrental.com\/blog\/wp-content\/uploads\/2026\/01\/Verona-in-love-St-Valentines-Day.jpg\" class=\"attachment-full size-full wp-image-5149\" alt=\"Verona-in-love-St-Valentines-Day.jpg\" srcset=\"https:\/\/www.domusrental.com\/blog\/wp-content\/uploads\/2026\/01\/Verona-in-love-St-Valentines-Day.jpg 1254w, https:\/\/www.domusrental.com\/blog\/wp-content\/uploads\/2026\/01\/Verona-in-love-St-Valentines-Day-300x150.jpg 300w, https:\/\/www.domusrental.com\/blog\/wp-content\/uploads\/2026\/01\/Verona-in-love-St-Valentines-Day-1024x511.jpg 1024w, https:\/\/www.domusrental.com\/blog\/wp-content\/uploads\/2026\/01\/Verona-in-love-St-Valentines-Day-768x383.jpg 768w\" sizes=\"(max-width: 1254px) 100vw, 1254px\" \/>\t\t\t\t\t\t\t\t\t\t\t\t\t\t\t<\/div>\n\t\t\t\t<\/div>\n\t\t\t\t\t<\/div>\n\t\t<\/div>\n\t\t\t\t\t<\/div>\n\t\t<\/section>\n\t\t\t\t<section class=\"elementor-section elementor-top-section elementor-element elementor-element-bb58fce elementor-section-boxed elementor-section-height-default elementor-section-height-default\" data-id=\"bb58fce\" data-element_type=\"section\" data-e-type=\"section\">\n\t\t\t\t\t\t<div class=\"elementor-container elementor-column-gap-default\">\n\t\t\t\t\t<div class=\"elementor-column elementor-col-100 elementor-top-column elementor-element elementor-element-05a98e4\" data-id=\"05a98e4\" data-element_type=\"column\" data-e-type=\"column\">\n\t\t\t<div class=\"elementor-widget-wrap elementor-element-populated\">\n\t\t\t\t\t\t<div class=\"elementor-element elementor-element-84b1aa7 elementor-widget elementor-widget-heading\" data-id=\"84b1aa7\" data-element_type=\"widget\" data-e-type=\"widget\" data-widget_type=\"heading.default\">\n\t\t\t\t<div class=\"elementor-widget-container\">\n\t\t\t\t\t<h2 class=\"elementor-heading-title elementor-size-default\">Eventi speciali durante Verona in Love\n<\/h2>\t\t\t\t<\/div>\n\t\t\t\t<\/div>\n\t\t\t\t<div class=\"elementor-element elementor-element-1befd73 elementor-widget elementor-widget-text-editor\" data-id=\"1befd73\" data-element_type=\"widget\" data-e-type=\"widget\" data-widget_type=\"text-editor.default\">\n\t\t\t\t<div class=\"elementor-widget-container\">\n\t\t\t\t\t\t\t\t\t<p><span style=\"font-weight: 400;\">Ogni febbraio, la citt\u00e0 si dedica completamente al romanticismo durante Verona in Love, e nel 2026 il festival si svolger\u00e0 dal 14 al 16 febbraio. Il centro storico diventa il palcoscenico, con Piazza dei Signori che funge da punto focale, mentre le strade, i cortili e i percorsi pedonali vicini collegano l&#8217;Arena, la Casa di Giulietta e altri luoghi chiave attraverso illuminazioni e installazioni a tema. <\/span><\/p><p><span style=\"font-weight: 400;\">Durante San Valentino Verona, il programma va ben oltre i cuori decorativi. Aspettati musica dal vivo e spettacoli di strada, piccoli spettacoli teatrali, conferenze culturali incentrate sull&#8217;amore e sulla letteratura, mercati artigianali, eventi enogastronomici e visite guidate legate alla storia di Romeo e Giulietta. L&#8217;atmosfera \u00e8 festosa senza essere opprimente, ed \u00e8 facile farci un salto per un&#8217;ora, per poi tornare a vagare per le strade pi\u00f9 tranquille quando ne hai abbastanza.  <\/span><\/p>\t\t\t\t\t\t\t\t<\/div>\n\t\t\t\t<\/div>\n\t\t\t\t\t<\/div>\n\t\t<\/div>\n\t\t\t\t\t<\/div>\n\t\t<\/section>\n\t\t\t\t<section class=\"elementor-section elementor-top-section elementor-element elementor-element-707cec7 elementor-section-content-middle elementor-section-boxed elementor-section-height-default elementor-section-height-default\" data-id=\"707cec7\" data-element_type=\"section\" data-e-type=\"section\">\n\t\t\t\t\t\t<div class=\"elementor-container elementor-column-gap-default\">\n\t\t\t\t\t<div class=\"elementor-column elementor-col-50 elementor-top-column elementor-element elementor-element-2b9497c\" data-id=\"2b9497c\" data-element_type=\"column\" data-e-type=\"column\">\n\t\t\t<div class=\"elementor-widget-wrap elementor-element-populated\">\n\t\t\t\t\t\t<div class=\"elementor-element elementor-element-d3b55d1 elementor-widget elementor-widget-heading\" data-id=\"d3b55d1\" data-element_type=\"widget\" data-e-type=\"widget\" data-widget_type=\"heading.default\">\n\t\t\t\t<div class=\"elementor-widget-container\">\n\t\t\t\t\t<h2 class=\"elementor-heading-title elementor-size-default\">Punti panoramici e passeggiate romantiche con vista\n<\/h2>\t\t\t\t<\/div>\n\t\t\t\t<\/div>\n\t\t\t\t<div class=\"elementor-element elementor-element-60603b3 elementor-widget elementor-widget-text-editor\" data-id=\"60603b3\" data-element_type=\"widget\" data-e-type=\"widget\" data-widget_type=\"text-editor.default\">\n\t\t\t\t<div class=\"elementor-widget-container\">\n\t\t\t\t\t\t\t\t\t<p><span style=\"font-weight: 400;\">Qui l&#8217;inverno \u00e8 la stagione delle passeggiate. Le temperature pi\u00f9 fresche rendono pi\u00f9 invitanti le colline e i sentieri lungo il lago. <\/span><\/p><p><span style=\"font-weight: 400;\">Intorno al Lago di Garda, il <\/span><i><span style=\"font-weight: 400;\">Sentiero degli Innamorati Lago di Garda<\/span><\/i><span style=\"font-weight: 400;\">, spesso chiamato il Sentiero degli Innamorati, \u00e8 consigliato per una buona ragione. \u00c8 breve, dolce e incentrato sulle viste piuttosto che sulla fatica. Terreno ideale per tenersi per mano. Panchine su cui si ha davvero voglia di sedersi.   <\/span><\/p><p><span style=\"font-weight: 400;\">Tornando a Verona, sali fino a Castel San Pietro. La vista sulla citt\u00e0 al tramonto \u00e8 silenziosamente impressionante, soprattutto quando le luci si accendono una ad una. <\/span><\/p><p><span style=\"font-weight: 400;\">Se ti piace camminare, Domus esplora anche <\/span><a href=\"https:\/\/www.domusrental.com\/blog\/it\/giro-montagna-lago-garda\/\"><span style=\"font-weight: 400;\">percorsi escursionistici intorno al Lago di Garda<\/span><\/a><span style=\"font-weight: 400;\"> che rimangono fattibili anche nei mesi pi\u00f9 freddi<\/span><\/p><p><span style=\"font-weight: 400;\">Delle buone scarpe aiutano. I grandi gesti sono facoltativi. <\/span><\/p>\t\t\t\t\t\t\t\t<\/div>\n\t\t\t\t<\/div>\n\t\t\t\t\t<\/div>\n\t\t<\/div>\n\t\t\t\t<div class=\"elementor-column elementor-col-50 elementor-top-column elementor-element elementor-element-83673e2\" data-id=\"83673e2\" data-element_type=\"column\" data-e-type=\"column\">\n\t\t\t<div class=\"elementor-widget-wrap elementor-element-populated\">\n\t\t\t\t\t\t<div class=\"elementor-element elementor-element-df8e4a0 elementor-widget elementor-widget-image\" data-id=\"df8e4a0\" data-element_type=\"widget\" data-e-type=\"widget\" data-widget_type=\"image.default\">\n\t\t\t\t<div class=\"elementor-widget-container\">\n\t\t\t\t\t\t\t\t\t\t\t\t\t\t\t<img decoding=\"async\" width=\"675\" height=\"483\" src=\"https:\/\/www.domusrental.com\/blog\/wp-content\/uploads\/2026\/01\/Special-Events-Verona-St-Valantines-Day.jpg\" class=\"attachment-large size-large wp-image-5152\" alt=\"Special-Events-Verona-St-Valantines-Day.jpg\" srcset=\"https:\/\/www.domusrental.com\/blog\/wp-content\/uploads\/2026\/01\/Special-Events-Verona-St-Valantines-Day.jpg 675w, https:\/\/www.domusrental.com\/blog\/wp-content\/uploads\/2026\/01\/Special-Events-Verona-St-Valantines-Day-300x215.jpg 300w\" sizes=\"(max-width: 675px) 100vw, 675px\" \/>\t\t\t\t\t\t\t\t\t\t\t\t\t\t\t<\/div>\n\t\t\t\t<\/div>\n\t\t\t\t\t<\/div>\n\t\t<\/div>\n\t\t\t\t\t<\/div>\n\t\t<\/section>\n\t\t\t\t<section class=\"elementor-section elementor-top-section elementor-element elementor-element-f169cfb elementor-section-boxed elementor-section-height-default elementor-section-height-default\" data-id=\"f169cfb\" data-element_type=\"section\" data-e-type=\"section\">\n\t\t\t\t\t\t<div class=\"elementor-container elementor-column-gap-default\">\n\t\t\t\t\t<div class=\"elementor-column elementor-col-100 elementor-top-column elementor-element elementor-element-caff22d\" data-id=\"caff22d\" data-element_type=\"column\" data-e-type=\"column\">\n\t\t\t<div class=\"elementor-widget-wrap elementor-element-populated\">\n\t\t\t\t\t\t<div class=\"elementor-element elementor-element-1d8f744 elementor-widget elementor-widget-heading\" data-id=\"1d8f744\" data-element_type=\"widget\" data-e-type=\"widget\" data-widget_type=\"heading.default\">\n\t\t\t\t<div class=\"elementor-widget-container\">\n\t\t\t\t\t<h2 class=\"elementor-heading-title elementor-size-default\">Dove cenare a San Valentino a Verona e dintorni\n<\/h2>\t\t\t\t<\/div>\n\t\t\t\t<\/div>\n\t\t\t\t<div class=\"elementor-element elementor-element-83771aa elementor-widget elementor-widget-text-editor\" data-id=\"83771aa\" data-element_type=\"widget\" data-e-type=\"widget\" data-widget_type=\"text-editor.default\">\n\t\t\t\t<div class=\"elementor-widget-container\">\n\t\t\t\t\t\t\t\t\t<p><span style=\"font-weight: 400;\">La cena di San Valentino a Verona \u00e8 adatta alle coppie che si preoccupano pi\u00f9 dell&#8217;atmosfera e del cibo che dei menu teatrali. <\/span><\/p><p><b>L&#8217;Antica Bottega del Vino<\/b><span style=\"font-weight: 400;\"> \u00e8 una scelta classica, soprattutto se ti piacciono le lunghe liste di vini e i piatti tradizionali veronesi serviti senza fronzoli. <\/span> <\/p><p><b>La Griglia<\/b><span style=\"font-weight: 400;\"> \u00e8 pi\u00f9 intima, con sale illuminate da candele e un menu costruito attorno a carne di qualit\u00e0 e contorni di stagione.<\/span><\/p><p><span style=\"font-weight: 400;\">Per qualcosa di pi\u00f9 raffinato, <\/span><b>Ristorante Il Desco<\/b><span style=\"font-weight: 400;\"> offre un&#8217;esperienza pi\u00f9 tranquilla e formale, adatta a una serata speciale piuttosto che a una serata informale. <\/span> <\/p><p><span style=\"font-weight: 400;\">Se preferisci un ambiente rilassato ma comunque speciale, <\/span><b>Bistro con Amore Vini e Cucina<\/b><span style=\"font-weight: 400;\"> \u00e8 un&#8217;opzione valida, pi\u00f9 economica e accogliente, con una cucina curata e un&#8217;atmosfera calda e di quartiere.<\/span><\/p><p><span style=\"font-weight: 400;\">Ovunque tu scelga, prenota in anticipo per la sera di San Valentino, poi lascia che la serata si svolga al suo ritmo.<\/span><\/p>\t\t\t\t\t\t\t\t<\/div>\n\t\t\t\t<\/div>\n\t\t\t\t<div class=\"elementor-element elementor-element-b8c4360 elementor-widget elementor-widget-image\" data-id=\"b8c4360\" data-element_type=\"widget\" data-e-type=\"widget\" data-widget_type=\"image.default\">\n\t\t\t\t<div class=\"elementor-widget-container\">\n\t\t\t\t\t\t\t\t\t\t\t\t\t\t\t<img decoding=\"async\" width=\"1254\" height=\"627\" src=\"https:\/\/www.domusrental.com\/blog\/wp-content\/uploads\/2026\/01\/Couples-St-Valentines-Day-Verona-Romantic.jpg\" class=\"attachment-full size-full wp-image-5155\" alt=\"Couples-St-Valentines-Day-Verona-Romantic.jpg\" srcset=\"https:\/\/www.domusrental.com\/blog\/wp-content\/uploads\/2026\/01\/Couples-St-Valentines-Day-Verona-Romantic.jpg 1254w, https:\/\/www.domusrental.com\/blog\/wp-content\/uploads\/2026\/01\/Couples-St-Valentines-Day-Verona-Romantic-300x150.jpg 300w, https:\/\/www.domusrental.com\/blog\/wp-content\/uploads\/2026\/01\/Couples-St-Valentines-Day-Verona-Romantic-1024x512.jpg 1024w, https:\/\/www.domusrental.com\/blog\/wp-content\/uploads\/2026\/01\/Couples-St-Valentines-Day-Verona-Romantic-768x384.jpg 768w\" sizes=\"(max-width: 1254px) 100vw, 1254px\" \/>\t\t\t\t\t\t\t\t\t\t\t\t\t\t\t<\/div>\n\t\t\t\t<\/div>\n\t\t\t\t\t<\/div>\n\t\t<\/div>\n\t\t\t\t\t<\/div>\n\t\t<\/section>\n\t\t\t\t<section class=\"elementor-section elementor-top-section elementor-element elementor-element-da1d782 elementor-section-boxed elementor-section-height-default elementor-section-height-default\" data-id=\"da1d782\" data-element_type=\"section\" data-e-type=\"section\">\n\t\t\t\t\t\t<div class=\"elementor-container elementor-column-gap-default\">\n\t\t\t\t\t<div class=\"elementor-column elementor-col-100 elementor-top-column elementor-element elementor-element-8972f7f\" data-id=\"8972f7f\" data-element_type=\"column\" data-e-type=\"column\">\n\t\t\t<div class=\"elementor-widget-wrap elementor-element-populated\">\n\t\t\t\t\t\t<div class=\"elementor-element elementor-element-bcb2f3d elementor-widget elementor-widget-heading\" data-id=\"bcb2f3d\" data-element_type=\"widget\" data-e-type=\"widget\" data-widget_type=\"heading.default\">\n\t\t\t\t<div class=\"elementor-widget-container\">\n\t\t\t\t\t<h2 class=\"elementor-heading-title elementor-size-default\">Una romantica escursione da Verona al Lago di Garda\n<\/h2>\t\t\t\t<\/div>\n\t\t\t\t<\/div>\n\t\t\t\t<div class=\"elementor-element elementor-element-b733630 elementor-widget elementor-widget-text-editor\" data-id=\"b733630\" data-element_type=\"widget\" data-e-type=\"widget\" data-widget_type=\"text-editor.default\">\n\t\t\t\t<div class=\"elementor-widget-container\">\n\t\t\t\t\t\t\t\t\t<p>Ecco dove entra in gioco la mossa intelligente. Abbina la citt\u00e0 al lago.<br>Combinare Verona per San Valentino con il Lago di Garda d\u00e0 respiro al viaggio. Il passaggio dalle strade compatte all&#8217;acqua aperta \u00e8 immediato e febbraio mantiene tutto pi\u00f9 tranquillo e intimo.  <\/p>\t\t\t\t\t\t\t\t<\/div>\n\t\t\t\t<\/div>\n\t\t\t\t\t<\/div>\n\t\t<\/div>\n\t\t\t\t\t<\/div>\n\t\t<\/section>\n\t\t\t\t<section class=\"elementor-section elementor-top-section elementor-element elementor-element-adf0ad1 elementor-section-boxed elementor-section-height-default elementor-section-height-default\" data-id=\"adf0ad1\" data-element_type=\"section\" data-e-type=\"section\">\n\t\t\t\t\t\t<div class=\"elementor-container elementor-column-gap-default\">\n\t\t\t\t\t<div class=\"elementor-column elementor-col-33 elementor-top-column elementor-element elementor-element-4a5c096d\" data-id=\"4a5c096d\" data-element_type=\"column\" data-e-type=\"column\">\n\t\t\t<div class=\"elementor-widget-wrap elementor-element-populated\">\n\t\t\t\t\t\t<div class=\"elementor-element elementor-element-3d98724f elementor-widget elementor-widget-heading\" data-id=\"3d98724f\" data-element_type=\"widget\" data-e-type=\"widget\" data-widget_type=\"heading.default\">\n\t\t\t\t<div class=\"elementor-widget-container\">\n\t\t\t\t\t<h3 class=\"elementor-heading-title elementor-size-default\">Sirmione<\/h3>\t\t\t\t<\/div>\n\t\t\t\t<\/div>\n\t\t\t\t<div class=\"elementor-element elementor-element-7e942d80 elementor-widget elementor-widget-text-editor\" data-id=\"7e942d80\" data-element_type=\"widget\" data-e-type=\"widget\" data-widget_type=\"text-editor.default\">\n\t\t\t\t<div class=\"elementor-widget-container\">\n\t\t\t\t\t\t\t\t\t<p><a href=\"https:\/\/www.domusrental.com\/blog\/it\/sirmione\/\"><span style=\"font-weight: 400;\">Sirmione<\/span><\/a><span style=\"font-weight: 400;\">  \u00e8 la tappa da cartolina, ma l&#8217;inverno la riporta a qualcosa di pi\u00f9 autentico. Percorri la penisola senza la folla, soffermati vicino all&#8217;acqua vicino alle Grotte di Catullo e goditi la sensazione che il lago ti appartenga per un po&#8217;. <\/span><\/p>\t\t\t\t\t\t\t\t<\/div>\n\t\t\t\t<\/div>\n\t\t\t\t\t<\/div>\n\t\t<\/div>\n\t\t\t\t<div class=\"elementor-column elementor-col-33 elementor-top-column elementor-element elementor-element-43d629e\" data-id=\"43d629e\" data-element_type=\"column\" data-e-type=\"column\">\n\t\t\t<div class=\"elementor-widget-wrap elementor-element-populated\">\n\t\t\t\t\t\t<div class=\"elementor-element elementor-element-e1a77e1 elementor-widget elementor-widget-heading\" data-id=\"e1a77e1\" data-element_type=\"widget\" data-e-type=\"widget\" data-widget_type=\"heading.default\">\n\t\t\t\t<div class=\"elementor-widget-container\">\n\t\t\t\t\t<h3 class=\"elementor-heading-title elementor-size-default\">Malcesine<\/h3>\t\t\t\t<\/div>\n\t\t\t\t<\/div>\n\t\t\t\t<div class=\"elementor-element elementor-element-a816001 elementor-widget elementor-widget-text-editor\" data-id=\"a816001\" data-element_type=\"widget\" data-e-type=\"widget\" data-widget_type=\"text-editor.default\">\n\t\t\t\t<div class=\"elementor-widget-container\">\n\t\t\t\t\t\t\t\t\t<p><a href=\"https:\/\/www.domusrental.com\/blog\/it\/malcesine-2\/\"><span style=\"font-weight: 400;\">Malcesine<\/span><\/a><span style=\"font-weight: 400;\">  ha un&#8217;atmosfera pi\u00f9 alpina, con strade pi\u00f9 ripide e uno sfondo montuoso pi\u00f9 nitido. A febbraio, \u00e8 ideale per passeggiate lente lungo il porto e soste per un caff\u00e8 che si trasformano in lunghe conversazioni piuttosto che in rapidi rifornimenti. <\/span><\/p>\t\t\t\t\t\t\t\t<\/div>\n\t\t\t\t<\/div>\n\t\t\t\t\t<\/div>\n\t\t<\/div>\n\t\t\t\t<div class=\"elementor-column elementor-col-33 elementor-top-column elementor-element elementor-element-7563aad\" data-id=\"7563aad\" data-element_type=\"column\" data-e-type=\"column\">\n\t\t\t<div class=\"elementor-widget-wrap elementor-element-populated\">\n\t\t\t\t\t\t<div class=\"elementor-element elementor-element-768b6f6 elementor-widget elementor-widget-heading\" data-id=\"768b6f6\" data-element_type=\"widget\" data-e-type=\"widget\" data-widget_type=\"heading.default\">\n\t\t\t\t<div class=\"elementor-widget-container\">\n\t\t\t\t\t<h3 class=\"elementor-heading-title elementor-size-default\">Torri del Benaco\n<\/h3>\t\t\t\t<\/div>\n\t\t\t\t<\/div>\n\t\t\t\t<div class=\"elementor-element elementor-element-6a43b6d elementor-widget elementor-widget-text-editor\" data-id=\"6a43b6d\" data-element_type=\"widget\" data-e-type=\"widget\" data-widget_type=\"text-editor.default\">\n\t\t\t\t<div class=\"elementor-widget-container\">\n\t\t\t\t\t\t\t\t\t<p><a href=\"https:\/\/www.domusrental.com\/blog\/discover-torri-del-benaco\/\"><span style=\"font-weight: 400;\">Torri del Benaco<\/span><\/a><span style=\"font-weight: 400;\">  \u00e8 pi\u00f9 piccola e piacevolmente sobria, il che funziona perfettamente per le coppie. Il lungolago \u00e8 pianeggiante e tranquillo, e le serate qui sembrano pi\u00f9 locali che curate. <\/span><\/p>\t\t\t\t\t\t\t\t<\/div>\n\t\t\t\t<\/div>\n\t\t\t\t\t<\/div>\n\t\t<\/div>\n\t\t\t\t\t<\/div>\n\t\t<\/section>\n\t\t\t\t<section class=\"elementor-section elementor-top-section elementor-element elementor-element-15dbf88 elementor-section-boxed elementor-section-height-default elementor-section-height-default\" data-id=\"15dbf88\" data-element_type=\"section\" data-e-type=\"section\">\n\t\t\t\t\t\t<div class=\"elementor-container elementor-column-gap-default\">\n\t\t\t\t\t<div class=\"elementor-column elementor-col-100 elementor-top-column elementor-element elementor-element-e8838db\" data-id=\"e8838db\" data-element_type=\"column\" data-e-type=\"column\">\n\t\t\t<div class=\"elementor-widget-wrap elementor-element-populated\">\n\t\t\t\t\t\t<div class=\"elementor-element elementor-element-fce1920 elementor-widget elementor-widget-heading\" data-id=\"fce1920\" data-element_type=\"widget\" data-e-type=\"widget\" data-widget_type=\"heading.default\">\n\t\t\t\t<div class=\"elementor-widget-container\">\n\t\t\t\t\t<h2 class=\"elementor-heading-title elementor-size-default\">Perch\u00e9 Verona per San Valentino funziona cos\u00ec bene\n<\/h2>\t\t\t\t<\/div>\n\t\t\t\t<\/div>\n\t\t\t\t<div class=\"elementor-element elementor-element-2565246 elementor-widget elementor-widget-text-editor\" data-id=\"2565246\" data-element_type=\"widget\" data-e-type=\"widget\" data-widget_type=\"text-editor.default\">\n\t\t\t\t<div class=\"elementor-widget-container\">\n\t\t\t\t\t\t\t\t\t<p><span style=\"font-weight: 400;\">Vivere Verona per San Valentino nel modo giusto significa rallentare. Prima la citt\u00e0. Poi il lago. Cappotti caldi, buone scarpe e spazio per la spontaneit\u00e0.   <\/span><\/p><p><span style=\"font-weight: 400;\">Verona offre storia senza rigidit\u00e0. Il Lago di Garda aggiunge spazio e tranquillit\u00e0 quando hai bisogno di respirare. Insieme, fanno sentire febbraio intenzionale piuttosto che di seconda scelta.  <\/span><\/p><p><span style=\"font-weight: 400;\">Quando si tratta di dove alloggiare, <\/span><a href=\"https:\/\/www.domusrental.com\/\"><b>Domus<\/b><\/a> <span style=\"font-weight: 400;\">offre appartamenti, ville e case piene di carattere a Verona e sul Lago di Garda. Il tipo di posti in cui le serate contano tanto quanto le giornate dedicate alle visite turistiche. Se stai pianificando una fuga di coppia questo febbraio, vale la pena iniziare da l\u00ec e costruire il viaggio attorno ad essa.  <\/span><\/p><p><a href=\"https:\/\/www.domusrental.com\/rentals\/rentals-verona-d66848\/\"><span style=\"font-weight: 400;\">Cerca le propriet\u00e0 a Verona con Domus<\/span><\/a><\/p>\t\t\t\t\t\t\t\t<\/div>\n\t\t\t\t<\/div>\n\t\t\t\t\t<\/div>\n\t\t<\/div>\n\t\t\t\t\t<\/div>\n\t\t<\/section>\n\t\t\t\t<section class=\"elementor-section elementor-top-section elementor-element elementor-element-1b37b19e elementor-section-boxed elementor-section-height-default elementor-section-height-default\" data-id=\"1b37b19e\" data-element_type=\"section\" data-e-type=\"section\">\n\t\t\t\t\t\t<div class=\"elementor-container elementor-column-gap-default\">\n\t\t\t\t\t<div class=\"elementor-column elementor-col-100 elementor-top-column elementor-element elementor-element-2275d9a7\" data-id=\"2275d9a7\" data-element_type=\"column\" data-e-type=\"column\">\n\t\t\t<div class=\"elementor-widget-wrap elementor-element-populated\">\n\t\t\t\t\t\t<div class=\"elementor-element elementor-element-63022720 elementor-widget elementor-widget-shortcode\" data-id=\"63022720\" data-element_type=\"widget\" data-e-type=\"widget\" data-widget_type=\"shortcode.default\">\n\t\t\t\t<div class=\"elementor-widget-container\">\n\t\t\t\t\t\t\t<div class=\"elementor-shortcode\">\t\t<div data-elementor-type=\"section\" data-elementor-id=\"2187\" class=\"elementor elementor-2187\" data-elementor-post-type=\"elementor_library\">\n\t\t\t\t\t<section class=\"elementor-section elementor-top-section elementor-element elementor-element-430ab890 elementor-section-boxed elementor-section-height-default elementor-section-height-default\" data-id=\"430ab890\" data-element_type=\"section\" data-e-type=\"section\">\n\t\t\t\t\t\t<div class=\"elementor-container elementor-column-gap-default\">\n\t\t\t\t\t<div class=\"elementor-column elementor-col-33 elementor-top-column elementor-element elementor-element-6daeb742\" data-id=\"6daeb742\" data-element_type=\"column\" data-e-type=\"column\">\n\t\t\t<div class=\"elementor-widget-wrap elementor-element-populated\">\n\t\t\t\t\t\t<div class=\"elementor-element elementor-element-496c7aa8 elementor-cta--skin-cover elementor-animated-content elementor-bg-transform elementor-bg-transform-zoom-in elementor-widget elementor-widget-call-to-action\" data-id=\"496c7aa8\" data-element_type=\"widget\" data-e-type=\"widget\" data-widget_type=\"call-to-action.default\">\n\t\t\t\t<div class=\"elementor-widget-container\">\n\t\t\t\t\t\t\t<a class=\"elementor-cta\" href=\"https:\/\/www.domusrental.com\/it\/ville-lago-di-garda\/\">\n\t\t\t\t\t<div class=\"elementor-cta__bg-wrapper\">\n\t\t\t\t<div class=\"elementor-cta__bg elementor-bg\" style=\"background-image: url(https:\/\/www.domusrental.com\/blog\/wp-content\/uploads\/2024\/04\/3-review-1-1920x630.jpg);\" role=\"img\" aria-label=\"3-review.jpg\"><\/div>\n\t\t\t\t<div class=\"elementor-cta__bg-overlay\"><\/div>\n\t\t\t<\/div>\n\t\t\t\t\t\t\t<div class=\"elementor-cta__content\">\n\t\t\t\t\n\t\t\t\t\n\t\t\t\t\n\t\t\t\t\t\t\t\t\t<div class=\"elementor-cta__button-wrapper elementor-cta__content-item elementor-content-item elementor-animated-item--grow\">\n\t\t\t\t\t<span class=\"elementor-cta__button elementor-button elementor-size-\">\n\t\t\t\t\t\tVille nel Lago di Garda\t\t\t\t\t<\/span>\n\t\t\t\t\t<\/div>\n\t\t\t\t\t\t\t<\/div>\n\t\t\t\t\t\t<\/a>\n\t\t\t\t\t\t<\/div>\n\t\t\t\t<\/div>\n\t\t\t\t\t<\/div>\n\t\t<\/div>\n\t\t\t\t<div class=\"elementor-column elementor-col-33 elementor-top-column elementor-element elementor-element-26521d07\" data-id=\"26521d07\" data-element_type=\"column\" data-e-type=\"column\">\n\t\t\t<div class=\"elementor-widget-wrap elementor-element-populated\">\n\t\t\t\t\t\t<div class=\"elementor-element elementor-element-7d227027 elementor-cta--skin-cover elementor-animated-content elementor-bg-transform elementor-bg-transform-zoom-in elementor-widget elementor-widget-call-to-action\" data-id=\"7d227027\" data-element_type=\"widget\" data-e-type=\"widget\" data-widget_type=\"call-to-action.default\">\n\t\t\t\t<div class=\"elementor-widget-container\">\n\t\t\t\t\t\t\t<a class=\"elementor-cta\" href=\"https:\/\/www.domusrental.com\/it\/casa-vacanze-lago-di-garda\/\">\n\t\t\t\t\t<div class=\"elementor-cta__bg-wrapper\">\n\t\t\t\t<div class=\"elementor-cta__bg elementor-bg\" style=\"background-image: url(https:\/\/www.domusrental.com\/blog\/wp-content\/uploads\/2024\/04\/iStock-1414288968-1-1521x630.jpg);\" role=\"img\" aria-label=\"iStock-1414288968.jpg\"><\/div>\n\t\t\t\t<div class=\"elementor-cta__bg-overlay\"><\/div>\n\t\t\t<\/div>\n\t\t\t\t\t\t\t<div class=\"elementor-cta__content\">\n\t\t\t\t\n\t\t\t\t\n\t\t\t\t\n\t\t\t\t\t\t\t\t\t<div class=\"elementor-cta__button-wrapper elementor-cta__content-item elementor-content-item elementor-animated-item--grow\">\n\t\t\t\t\t<span class=\"elementor-cta__button elementor-button elementor-size-\">\n\t\t\t\t\t\tAlloggi nel Lago di Garda in affitto\t\t\t\t\t<\/span>\n\t\t\t\t\t<\/div>\n\t\t\t\t\t\t\t<\/div>\n\t\t\t\t\t\t<\/a>\n\t\t\t\t\t\t<\/div>\n\t\t\t\t<\/div>\n\t\t\t\t\t<\/div>\n\t\t<\/div>\n\t\t\t\t<div class=\"elementor-column elementor-col-33 elementor-top-column elementor-element elementor-element-60c4d5dc\" data-id=\"60c4d5dc\" data-element_type=\"column\" data-e-type=\"column\">\n\t\t\t<div class=\"elementor-widget-wrap elementor-element-populated\">\n\t\t\t\t\t\t<div class=\"elementor-element elementor-element-31f881d3 elementor-cta--skin-cover elementor-animated-content elementor-bg-transform elementor-bg-transform-zoom-in elementor-widget elementor-widget-call-to-action\" data-id=\"31f881d3\" data-element_type=\"widget\" data-e-type=\"widget\" data-widget_type=\"call-to-action.default\">\n\t\t\t\t<div class=\"elementor-widget-container\">\n\t\t\t\t\t\t\t<a class=\"elementor-cta\" href=\"https:\/\/www.domusrental.com\/it\/appartamenti-lago-di-garda\/\">\n\t\t\t\t\t<div class=\"elementor-cta__bg-wrapper\">\n\t\t\t\t<div class=\"elementor-cta__bg elementor-bg\" style=\"background-image: url(https:\/\/www.domusrental.com\/blog\/wp-content\/uploads\/2024\/04\/apartments-in-lake-garda-1-1533x630.jpg);\" role=\"img\" aria-label=\"apartments-in-lake-garda.jpg\"><\/div>\n\t\t\t\t<div class=\"elementor-cta__bg-overlay\"><\/div>\n\t\t\t<\/div>\n\t\t\t\t\t\t\t<div class=\"elementor-cta__content\">\n\t\t\t\t\n\t\t\t\t\n\t\t\t\t\n\t\t\t\t\t\t\t\t\t<div class=\"elementor-cta__button-wrapper elementor-cta__content-item elementor-content-item elementor-animated-item--grow\">\n\t\t\t\t\t<span class=\"elementor-cta__button elementor-button elementor-size-\">\n\t\t\t\t\t\tAppartamenti nel Lago di Garda\t\t\t\t\t<\/span>\n\t\t\t\t\t<\/div>\n\t\t\t\t\t\t\t<\/div>\n\t\t\t\t\t\t<\/a>\n\t\t\t\t\t\t<\/div>\n\t\t\t\t<\/div>\n\t\t\t\t\t<\/div>\n\t\t<\/div>\n\t\t\t\t\t<\/div>\n\t\t<\/section>\n\t\t\t\t<\/div>\n\t\t<\/div>\n\t\t\t\t\t\t<\/div>\n\t\t\t\t<\/div>\n\t\t\t\t\t<\/div>\n\t\t<\/div>\n\t\t\t\t\t<\/div>\n\t\t<\/section>\n\t\t\t\t<\/div>\n\t\t","protected":false},"excerpt":{"rendered":"<p>Ci sono citt\u00e0 che sanno vendersi bene dal punto di vista romantico, e poi c&#8217;\u00e8 Verona. Se stai programmando Verona per San Valentino, non stai inseguendo clich\u00e9. Stai entrando in un luogo dove il romanticismo sembra parte integrante delle strade, piuttosto che messo in scena per Instagram. Febbraio spoglia la citt\u00e0. Meno folla. Aria pi\u00f9 [&hellip;]<\/p>\n","protected":false},"author":4,"featured_media":5158,"comment_status":"open","ping_status":"closed","sticky":false,"template":"","format":"standard","meta":{"footnotes":""},"categories":[63,51,57],"tags":[],"class_list":["post-5168","post","type-post","status-publish","format-standard","has-post-thumbnail","hentry","category-citta-lago-di-garda","category-eventi-lago-di-garda","category-lago-di-garda"],"yoast_head":"<!-- This site is optimized with the Yoast SEO plugin v27.5 - https:\/\/yoast.com\/product\/yoast-seo-wordpress\/ -->\n<title>Verona per San Valentino - Blog | Domus Rental<\/title>\n<meta name=\"description\" content=\"Scopri i luoghi pi\u00f9 romantici di Verona e del Lago di Garda per San Valentino. Goditi il Sentiero degli Innamorati.\" \/>\n<meta name=\"robots\" content=\"index, follow, max-snippet:-1, max-image-preview:large, max-video-preview:-1\" \/>\n<link rel=\"canonical\" href=\"https:\/\/www.domusrental.com\/blog\/it\/verona-per-san-valentino\/\" \/>\n<meta property=\"og:locale\" content=\"it_IT\" \/>\n<meta property=\"og:type\" content=\"article\" \/>\n<meta property=\"og:title\" content=\"Verona per San Valentino - Blog | Domus Rental\" \/>\n<meta property=\"og:description\" content=\"Scopri i luoghi pi\u00f9 romantici di Verona e del Lago di Garda per San Valentino. Goditi il Sentiero degli Innamorati.\" \/>\n<meta property=\"og:url\" content=\"https:\/\/www.domusrental.com\/blog\/it\/verona-per-san-valentino\/\" \/>\n<meta property=\"og:site_name\" content=\"Blog | Domus Rental\" \/>\n<meta property=\"article:publisher\" content=\"https:\/\/www.facebook.com\/domusrental\" \/>\n<meta property=\"article:published_time\" content=\"2026-01-13T14:53:26+00:00\" \/>\n<meta property=\"article:modified_time\" content=\"2026-02-23T10:29:49+00:00\" \/>\n<meta property=\"og:image\" content=\"https:\/\/www.domusrental.com\/blog\/wp-content\/uploads\/2026\/01\/Romantic-Day-Verona-in-Love-St-Valentines-scaled.jpg\" \/>\n\t<meta property=\"og:image:width\" content=\"2560\" \/>\n\t<meta property=\"og:image:height\" content=\"854\" \/>\n\t<meta property=\"og:image:type\" content=\"image\/jpeg\" \/>\n<meta name=\"author\" content=\"Richard\" \/>\n<meta name=\"twitter:card\" content=\"summary_large_image\" \/>\n<meta name=\"twitter:creator\" content=\"@DomusRental\" \/>\n<meta name=\"twitter:site\" content=\"@DomusRental\" \/>\n<meta name=\"twitter:label1\" content=\"Scritto da\" \/>\n\t<meta name=\"twitter:data1\" content=\"Richard\" \/>\n\t<meta name=\"twitter:label2\" content=\"Tempo di lettura stimato\" \/>\n\t<meta name=\"twitter:data2\" content=\"5 minuti\" \/>\n<script type=\"application\/ld+json\" class=\"yoast-schema-graph\">{\"@context\":\"https:\\\/\\\/schema.org\",\"@graph\":[{\"@type\":\"Article\",\"@id\":\"https:\\\/\\\/www.domusrental.com\\\/blog\\\/it\\\/verona-per-san-valentino\\\/#article\",\"isPartOf\":{\"@id\":\"https:\\\/\\\/www.domusrental.com\\\/blog\\\/it\\\/verona-per-san-valentino\\\/\"},\"author\":{\"name\":\"Richard\",\"@id\":\"https:\\\/\\\/www.domusrental.com\\\/blog\\\/#\\\/schema\\\/person\\\/113b82f1959c1dbc77b9507401a05d87\"},\"headline\":\"Verona per San Valentino: una fuga romantica di febbraio dalla citt\u00e0 al Lago di Garda\",\"datePublished\":\"2026-01-13T14:53:26+00:00\",\"dateModified\":\"2026-02-23T10:29:49+00:00\",\"mainEntityOfPage\":{\"@id\":\"https:\\\/\\\/www.domusrental.com\\\/blog\\\/it\\\/verona-per-san-valentino\\\/\"},\"wordCount\":1071,\"commentCount\":0,\"publisher\":{\"@id\":\"https:\\\/\\\/www.domusrental.com\\\/blog\\\/#organization\"},\"image\":{\"@id\":\"https:\\\/\\\/www.domusrental.com\\\/blog\\\/it\\\/verona-per-san-valentino\\\/#primaryimage\"},\"thumbnailUrl\":\"https:\\\/\\\/www.domusrental.com\\\/blog\\\/wp-content\\\/uploads\\\/2026\\\/01\\\/Romantic-Day-Verona-in-Love-St-Valentines-scaled.jpg\",\"articleSection\":[\"Citt\u00e0\",\"Eventi\",\"Lago di Garda\"],\"inLanguage\":\"it-IT\",\"potentialAction\":[{\"@type\":\"CommentAction\",\"name\":\"Comment\",\"target\":[\"https:\\\/\\\/www.domusrental.com\\\/blog\\\/it\\\/verona-per-san-valentino\\\/#respond\"]}]},{\"@type\":\"WebPage\",\"@id\":\"https:\\\/\\\/www.domusrental.com\\\/blog\\\/it\\\/verona-per-san-valentino\\\/\",\"url\":\"https:\\\/\\\/www.domusrental.com\\\/blog\\\/it\\\/verona-per-san-valentino\\\/\",\"name\":\"Verona per San Valentino - Blog | Domus Rental\",\"isPartOf\":{\"@id\":\"https:\\\/\\\/www.domusrental.com\\\/blog\\\/#website\"},\"primaryImageOfPage\":{\"@id\":\"https:\\\/\\\/www.domusrental.com\\\/blog\\\/it\\\/verona-per-san-valentino\\\/#primaryimage\"},\"image\":{\"@id\":\"https:\\\/\\\/www.domusrental.com\\\/blog\\\/it\\\/verona-per-san-valentino\\\/#primaryimage\"},\"thumbnailUrl\":\"https:\\\/\\\/www.domusrental.com\\\/blog\\\/wp-content\\\/uploads\\\/2026\\\/01\\\/Romantic-Day-Verona-in-Love-St-Valentines-scaled.jpg\",\"datePublished\":\"2026-01-13T14:53:26+00:00\",\"dateModified\":\"2026-02-23T10:29:49+00:00\",\"description\":\"Scopri i luoghi pi\u00f9 romantici di Verona e del Lago di Garda per San Valentino. Goditi il Sentiero degli Innamorati.\",\"breadcrumb\":{\"@id\":\"https:\\\/\\\/www.domusrental.com\\\/blog\\\/it\\\/verona-per-san-valentino\\\/#breadcrumb\"},\"inLanguage\":\"it-IT\",\"potentialAction\":[{\"@type\":\"ReadAction\",\"target\":[\"https:\\\/\\\/www.domusrental.com\\\/blog\\\/it\\\/verona-per-san-valentino\\\/\"]}]},{\"@type\":\"ImageObject\",\"inLanguage\":\"it-IT\",\"@id\":\"https:\\\/\\\/www.domusrental.com\\\/blog\\\/it\\\/verona-per-san-valentino\\\/#primaryimage\",\"url\":\"https:\\\/\\\/www.domusrental.com\\\/blog\\\/wp-content\\\/uploads\\\/2026\\\/01\\\/Romantic-Day-Verona-in-Love-St-Valentines-scaled.jpg\",\"contentUrl\":\"https:\\\/\\\/www.domusrental.com\\\/blog\\\/wp-content\\\/uploads\\\/2026\\\/01\\\/Romantic-Day-Verona-in-Love-St-Valentines-scaled.jpg\",\"width\":2560,\"height\":854,\"caption\":\"Holding decoration in the form of heart on the italian town Verona background. Verona is famous city of love in the north of Italy.\"},{\"@type\":\"BreadcrumbList\",\"@id\":\"https:\\\/\\\/www.domusrental.com\\\/blog\\\/it\\\/verona-per-san-valentino\\\/#breadcrumb\",\"itemListElement\":[{\"@type\":\"ListItem\",\"position\":1,\"name\":\"Home\",\"item\":\"https:\\\/\\\/www.domusrental.com\\\/blog\\\/it\\\/\"},{\"@type\":\"ListItem\",\"position\":2,\"name\":\"Verona per San Valentino: una fuga romantica di febbraio dalla citt\u00e0 al Lago di Garda\"}]},{\"@type\":\"WebSite\",\"@id\":\"https:\\\/\\\/www.domusrental.com\\\/blog\\\/#website\",\"url\":\"https:\\\/\\\/www.domusrental.com\\\/blog\\\/\",\"name\":\"Domus Rental\",\"description\":\"\",\"publisher\":{\"@id\":\"https:\\\/\\\/www.domusrental.com\\\/blog\\\/#organization\"},\"potentialAction\":[{\"@type\":\"SearchAction\",\"target\":{\"@type\":\"EntryPoint\",\"urlTemplate\":\"https:\\\/\\\/www.domusrental.com\\\/blog\\\/?s={search_term_string}\"},\"query-input\":{\"@type\":\"PropertyValueSpecification\",\"valueRequired\":true,\"valueName\":\"search_term_string\"}}],\"inLanguage\":\"it-IT\"},{\"@type\":\"Organization\",\"@id\":\"https:\\\/\\\/www.domusrental.com\\\/blog\\\/#organization\",\"name\":\"Blog | Domus Rental\",\"url\":\"https:\\\/\\\/www.domusrental.com\\\/blog\\\/\",\"logo\":{\"@type\":\"ImageObject\",\"inLanguage\":\"it-IT\",\"@id\":\"https:\\\/\\\/www.domusrental.com\\\/blog\\\/#\\\/schema\\\/logo\\\/image\\\/\",\"url\":\"https:\\\/\\\/www.domusrental.com\\\/blog\\\/wp-content\\\/uploads\\\/2024\\\/04\\\/favicon.png\",\"contentUrl\":\"https:\\\/\\\/www.domusrental.com\\\/blog\\\/wp-content\\\/uploads\\\/2024\\\/04\\\/favicon.png\",\"width\":298,\"height\":298,\"caption\":\"Blog | Domus Rental\"},\"image\":{\"@id\":\"https:\\\/\\\/www.domusrental.com\\\/blog\\\/#\\\/schema\\\/logo\\\/image\\\/\"},\"sameAs\":[\"https:\\\/\\\/www.facebook.com\\\/domusrental\",\"https:\\\/\\\/x.com\\\/DomusRental\"]},{\"@type\":\"Person\",\"@id\":\"https:\\\/\\\/www.domusrental.com\\\/blog\\\/#\\\/schema\\\/person\\\/113b82f1959c1dbc77b9507401a05d87\",\"name\":\"Richard\",\"image\":{\"@type\":\"ImageObject\",\"inLanguage\":\"it-IT\",\"@id\":\"https:\\\/\\\/secure.gravatar.com\\\/avatar\\\/63f7d63df8bc500b7b072100eb25897597ec962e6be3ac33cf5045633fb5702a?s=96&d=mm&r=g\",\"url\":\"https:\\\/\\\/secure.gravatar.com\\\/avatar\\\/63f7d63df8bc500b7b072100eb25897597ec962e6be3ac33cf5045633fb5702a?s=96&d=mm&r=g\",\"contentUrl\":\"https:\\\/\\\/secure.gravatar.com\\\/avatar\\\/63f7d63df8bc500b7b072100eb25897597ec962e6be3ac33cf5045633fb5702a?s=96&d=mm&r=g\",\"caption\":\"Richard\"},\"url\":\"https:\\\/\\\/www.domusrental.com\\\/blog\\\/it\\\/author\\\/richard\\\/\"}]}<\/script>\n<!-- \/ Yoast SEO plugin. -->","yoast_head_json":{"title":"Verona per San Valentino - Blog | Domus Rental","description":"Scopri i luoghi pi\u00f9 romantici di Verona e del Lago di Garda per San Valentino. Goditi il Sentiero degli Innamorati.","robots":{"index":"index","follow":"follow","max-snippet":"max-snippet:-1","max-image-preview":"max-image-preview:large","max-video-preview":"max-video-preview:-1"},"canonical":"https:\/\/www.domusrental.com\/blog\/it\/verona-per-san-valentino\/","og_locale":"it_IT","og_type":"article","og_title":"Verona per San Valentino - Blog | Domus Rental","og_description":"Scopri i luoghi pi\u00f9 romantici di Verona e del Lago di Garda per San Valentino. Goditi il Sentiero degli Innamorati.","og_url":"https:\/\/www.domusrental.com\/blog\/it\/verona-per-san-valentino\/","og_site_name":"Blog | Domus Rental","article_publisher":"https:\/\/www.facebook.com\/domusrental","article_published_time":"2026-01-13T14:53:26+00:00","article_modified_time":"2026-02-23T10:29:49+00:00","og_image":[{"width":2560,"height":854,"url":"https:\/\/www.domusrental.com\/blog\/wp-content\/uploads\/2026\/01\/Romantic-Day-Verona-in-Love-St-Valentines-scaled.jpg","type":"image\/jpeg"}],"author":"Richard","twitter_card":"summary_large_image","twitter_creator":"@DomusRental","twitter_site":"@DomusRental","twitter_misc":{"Scritto da":"Richard","Tempo di lettura stimato":"5 minuti"},"schema":{"@context":"https:\/\/schema.org","@graph":[{"@type":"Article","@id":"https:\/\/www.domusrental.com\/blog\/it\/verona-per-san-valentino\/#article","isPartOf":{"@id":"https:\/\/www.domusrental.com\/blog\/it\/verona-per-san-valentino\/"},"author":{"name":"Richard","@id":"https:\/\/www.domusrental.com\/blog\/#\/schema\/person\/113b82f1959c1dbc77b9507401a05d87"},"headline":"Verona per San Valentino: una fuga romantica di febbraio dalla citt\u00e0 al Lago di Garda","datePublished":"2026-01-13T14:53:26+00:00","dateModified":"2026-02-23T10:29:49+00:00","mainEntityOfPage":{"@id":"https:\/\/www.domusrental.com\/blog\/it\/verona-per-san-valentino\/"},"wordCount":1071,"commentCount":0,"publisher":{"@id":"https:\/\/www.domusrental.com\/blog\/#organization"},"image":{"@id":"https:\/\/www.domusrental.com\/blog\/it\/verona-per-san-valentino\/#primaryimage"},"thumbnailUrl":"https:\/\/www.domusrental.com\/blog\/wp-content\/uploads\/2026\/01\/Romantic-Day-Verona-in-Love-St-Valentines-scaled.jpg","articleSection":["Citt\u00e0","Eventi","Lago di Garda"],"inLanguage":"it-IT","potentialAction":[{"@type":"CommentAction","name":"Comment","target":["https:\/\/www.domusrental.com\/blog\/it\/verona-per-san-valentino\/#respond"]}]},{"@type":"WebPage","@id":"https:\/\/www.domusrental.com\/blog\/it\/verona-per-san-valentino\/","url":"https:\/\/www.domusrental.com\/blog\/it\/verona-per-san-valentino\/","name":"Verona per San Valentino - Blog | Domus Rental","isPartOf":{"@id":"https:\/\/www.domusrental.com\/blog\/#website"},"primaryImageOfPage":{"@id":"https:\/\/www.domusrental.com\/blog\/it\/verona-per-san-valentino\/#primaryimage"},"image":{"@id":"https:\/\/www.domusrental.com\/blog\/it\/verona-per-san-valentino\/#primaryimage"},"thumbnailUrl":"https:\/\/www.domusrental.com\/blog\/wp-content\/uploads\/2026\/01\/Romantic-Day-Verona-in-Love-St-Valentines-scaled.jpg","datePublished":"2026-01-13T14:53:26+00:00","dateModified":"2026-02-23T10:29:49+00:00","description":"Scopri i luoghi pi\u00f9 romantici di Verona e del Lago di Garda per San Valentino. Goditi il Sentiero degli Innamorati.","breadcrumb":{"@id":"https:\/\/www.domusrental.com\/blog\/it\/verona-per-san-valentino\/#breadcrumb"},"inLanguage":"it-IT","potentialAction":[{"@type":"ReadAction","target":["https:\/\/www.domusrental.com\/blog\/it\/verona-per-san-valentino\/"]}]},{"@type":"ImageObject","inLanguage":"it-IT","@id":"https:\/\/www.domusrental.com\/blog\/it\/verona-per-san-valentino\/#primaryimage","url":"https:\/\/www.domusrental.com\/blog\/wp-content\/uploads\/2026\/01\/Romantic-Day-Verona-in-Love-St-Valentines-scaled.jpg","contentUrl":"https:\/\/www.domusrental.com\/blog\/wp-content\/uploads\/2026\/01\/Romantic-Day-Verona-in-Love-St-Valentines-scaled.jpg","width":2560,"height":854,"caption":"Holding decoration in the form of heart on the italian town Verona background. Verona is famous city of love in the north of Italy."},{"@type":"BreadcrumbList","@id":"https:\/\/www.domusrental.com\/blog\/it\/verona-per-san-valentino\/#breadcrumb","itemListElement":[{"@type":"ListItem","position":1,"name":"Home","item":"https:\/\/www.domusrental.com\/blog\/it\/"},{"@type":"ListItem","position":2,"name":"Verona per San Valentino: una fuga romantica di febbraio dalla citt\u00e0 al Lago di Garda"}]},{"@type":"WebSite","@id":"https:\/\/www.domusrental.com\/blog\/#website","url":"https:\/\/www.domusrental.com\/blog\/","name":"Domus Rental","description":"","publisher":{"@id":"https:\/\/www.domusrental.com\/blog\/#organization"},"potentialAction":[{"@type":"SearchAction","target":{"@type":"EntryPoint","urlTemplate":"https:\/\/www.domusrental.com\/blog\/?s={search_term_string}"},"query-input":{"@type":"PropertyValueSpecification","valueRequired":true,"valueName":"search_term_string"}}],"inLanguage":"it-IT"},{"@type":"Organization","@id":"https:\/\/www.domusrental.com\/blog\/#organization","name":"Blog | Domus Rental","url":"https:\/\/www.domusrental.com\/blog\/","logo":{"@type":"ImageObject","inLanguage":"it-IT","@id":"https:\/\/www.domusrental.com\/blog\/#\/schema\/logo\/image\/","url":"https:\/\/www.domusrental.com\/blog\/wp-content\/uploads\/2024\/04\/favicon.png","contentUrl":"https:\/\/www.domusrental.com\/blog\/wp-content\/uploads\/2024\/04\/favicon.png","width":298,"height":298,"caption":"Blog | Domus Rental"},"image":{"@id":"https:\/\/www.domusrental.com\/blog\/#\/schema\/logo\/image\/"},"sameAs":["https:\/\/www.facebook.com\/domusrental","https:\/\/x.com\/DomusRental"]},{"@type":"Person","@id":"https:\/\/www.domusrental.com\/blog\/#\/schema\/person\/113b82f1959c1dbc77b9507401a05d87","name":"Richard","image":{"@type":"ImageObject","inLanguage":"it-IT","@id":"https:\/\/secure.gravatar.com\/avatar\/63f7d63df8bc500b7b072100eb25897597ec962e6be3ac33cf5045633fb5702a?s=96&d=mm&r=g","url":"https:\/\/secure.gravatar.com\/avatar\/63f7d63df8bc500b7b072100eb25897597ec962e6be3ac33cf5045633fb5702a?s=96&d=mm&r=g","contentUrl":"https:\/\/secure.gravatar.com\/avatar\/63f7d63df8bc500b7b072100eb25897597ec962e6be3ac33cf5045633fb5702a?s=96&d=mm&r=g","caption":"Richard"},"url":"https:\/\/www.domusrental.com\/blog\/it\/author\/richard\/"}]}},"_links":{"self":[{"href":"https:\/\/www.domusrental.com\/blog\/it\/wp-json\/wp\/v2\/posts\/5168","targetHints":{"allow":["GET"]}}],"collection":[{"href":"https:\/\/www.domusrental.com\/blog\/it\/wp-json\/wp\/v2\/posts"}],"about":[{"href":"https:\/\/www.domusrental.com\/blog\/it\/wp-json\/wp\/v2\/types\/post"}],"author":[{"embeddable":true,"href":"https:\/\/www.domusrental.com\/blog\/it\/wp-json\/wp\/v2\/users\/4"}],"replies":[{"embeddable":true,"href":"https:\/\/www.domusrental.com\/blog\/it\/wp-json\/wp\/v2\/comments?post=5168"}],"version-history":[{"count":1,"href":"https:\/\/www.domusrental.com\/blog\/it\/wp-json\/wp\/v2\/posts\/5168\/revisions"}],"predecessor-version":[{"id":5169,"href":"https:\/\/www.domusrental.com\/blog\/it\/wp-json\/wp\/v2\/posts\/5168\/revisions\/5169"}],"wp:featuredmedia":[{"embeddable":true,"href":"https:\/\/www.domusrental.com\/blog\/it\/wp-json\/wp\/v2\/media\/5158"}],"wp:attachment":[{"href":"https:\/\/www.domusrental.com\/blog\/it\/wp-json\/wp\/v2\/media?parent=5168"}],"wp:term":[{"taxonomy":"category","embeddable":true,"href":"https:\/\/www.domusrental.com\/blog\/it\/wp-json\/wp\/v2\/categories?post=5168"},{"taxonomy":"post_tag","embeddable":true,"href":"https:\/\/www.domusrental.com\/blog\/it\/wp-json\/wp\/v2\/tags?post=5168"}],"curies":[{"name":"wp","href":"https:\/\/api.w.org\/{rel}","templated":true}]}}