{"id":648,"date":"2023-10-10T09:09:32","date_gmt":"2023-10-10T09:09:32","guid":{"rendered":"https:\/\/www.domusrental.com\/blog\/?p=648"},"modified":"2025-01-21T15:13:38","modified_gmt":"2025-01-21T15:13:38","slug":"mercatini-torri-del-benaco","status":"publish","type":"post","link":"https:\/\/www.domusrental.com\/blog\/it\/mercatini-torri-del-benaco\/","title":{"rendered":"Scopri il fascino dei mercatini di Torri del Benaco"},"content":{"rendered":"\t\t<div data-elementor-type=\"wp-post\" data-elementor-id=\"648\" class=\"elementor elementor-648 elementor-618\" data-elementor-post-type=\"post\">\n\t\t\t\t\t\t<section class=\"elementor-section elementor-top-section elementor-element elementor-element-7b18d178 elementor-section-boxed elementor-section-height-default elementor-section-height-default\" data-id=\"7b18d178\" data-element_type=\"section\" data-e-type=\"section\">\n\t\t\t\t\t\t<div class=\"elementor-container elementor-column-gap-default\">\n\t\t\t\t\t<div class=\"elementor-column elementor-col-100 elementor-top-column elementor-element elementor-element-56247710\" data-id=\"56247710\" data-element_type=\"column\" data-e-type=\"column\">\n\t\t\t<div class=\"elementor-widget-wrap elementor-element-populated\">\n\t\t\t\t\t\t<div class=\"elementor-element elementor-element-11f916 elementor-widget elementor-widget-text-editor\" data-id=\"11f916\" data-element_type=\"widget\" data-e-type=\"widget\" data-widget_type=\"text-editor.default\">\n\t\t\t\t<div class=\"elementor-widget-container\">\n\t\t\t\t\t\t\t\t\t<p><span style=\"font-weight: 400;\">Immagina la scena: sei in Italia e passeggi per i suoi mercatini. E, mentre osservi oggetti di antiquariato unici, assaggi le prelibatezze locali. Tutto questo e molto altro \u00e8 possibile nella pittoresca cittadina di <\/span><b>Torri del Benaco<\/b><span style=\"font-weight: 400;\">, adagiata lungo le sponde dell&#8217;incredibile <\/span><b>lago di Garda<\/b><span style=\"font-weight: 400;\">. \u00c8 qui che si trova una delle gemme nascoste della regione: i mercatini di Torri del Benaco. Un luogo meraviglioso dove potrai fare acquisti nelle vivaci bancarelle, assaggiare i prodotti locali e scoprire splendidi manufatti artigianali: un&#8217;esperienza da ricordare in questa splendida cittadina.<\/span><\/p>\n<p><span style=\"font-weight: 400;\">Dai un&#8217;occhiata alla nostra guida su uno dei tesori pi\u00f9 preziosi del Nord Italia e scopri<\/span><b> tutto quello che c&#8217;\u00e8 da sapere sui mercatini di Torri del Benaco<\/b><span style=\"font-weight: 400;\">.<\/span><\/p>\t\t\t\t\t\t\t\t<\/div>\n\t\t\t\t<\/div>\n\t\t\t\t\t<\/div>\n\t\t<\/div>\n\t\t\t\t\t<\/div>\n\t\t<\/section>\n\t\t\t\t<section class=\"elementor-section elementor-top-section elementor-element elementor-element-b99a10a elementor-section-boxed elementor-section-height-default elementor-section-height-default\" data-id=\"b99a10a\" data-element_type=\"section\" data-e-type=\"section\">\n\t\t\t\t\t\t<div class=\"elementor-container elementor-column-gap-default\">\n\t\t\t\t\t<div class=\"elementor-column elementor-col-100 elementor-top-column elementor-element elementor-element-52edf5e\" data-id=\"52edf5e\" data-element_type=\"column\" data-e-type=\"column\">\n\t\t\t<div class=\"elementor-widget-wrap elementor-element-populated\">\n\t\t\t\t\t\t<div class=\"elementor-element elementor-element-156589f elementor-widget elementor-widget-heading\" data-id=\"156589f\" data-element_type=\"widget\" data-e-type=\"widget\" data-widget_type=\"heading.default\">\n\t\t\t\t<div class=\"elementor-widget-container\">\n\t\t\t\t\t<h2 class=\"elementor-heading-title elementor-size-default\">I mercatini di Torri del Benaco: cosa li rende unici\n<\/h2>\t\t\t\t<\/div>\n\t\t\t\t<\/div>\n\t\t\t\t<div class=\"elementor-element elementor-element-95f393a elementor-widget elementor-widget-text-editor\" data-id=\"95f393a\" data-element_type=\"widget\" data-e-type=\"widget\" data-widget_type=\"text-editor.default\">\n\t\t\t\t<div class=\"elementor-widget-container\">\n\t\t\t\t\t\t\t\t\t<p><span style=\"font-weight: 400;\">I mercatini di Torri del Benaco rappresentano un vivace connubio di tradizione e cultura. Celebrano e onorano il ricco patrimonio di Torri del Benaco, preservandone le radici e, al tempo stesso, abbracciando la modernit\u00e0. I visitatori e gli abitanti del luogo accolgono i mercatini e i loro prodotti come un&#8217;occasione per godersi la meravigliosa essenza del lago di Garda e tutto ci\u00f2 che questa incantevole cittadina pu\u00f2 offrire.<\/span><\/p>\n<p><b>Il mercato si svolge ogni luned\u00ec<\/b><span style=\"font-weight: 400;\">, nel centro della cittadina (lo troverai facilmente).<\/span><\/p>\t\t\t\t\t\t\t\t<\/div>\n\t\t\t\t<\/div>\n\t\t\t\t\t<\/div>\n\t\t<\/div>\n\t\t\t\t\t<\/div>\n\t\t<\/section>\n\t\t\t\t<section class=\"elementor-section elementor-top-section elementor-element elementor-element-99532b9 elementor-section-boxed elementor-section-height-default elementor-section-height-default\" data-id=\"99532b9\" data-element_type=\"section\" data-e-type=\"section\">\n\t\t\t\t\t\t<div class=\"elementor-container elementor-column-gap-default\">\n\t\t\t\t\t<div class=\"elementor-column elementor-col-100 elementor-top-column elementor-element elementor-element-5204de1\" data-id=\"5204de1\" data-element_type=\"column\" data-e-type=\"column\">\n\t\t\t<div class=\"elementor-widget-wrap elementor-element-populated\">\n\t\t\t\t\t\t<div class=\"elementor-element elementor-element-dbbe8c2 elementor-widget elementor-widget-heading\" data-id=\"dbbe8c2\" data-element_type=\"widget\" data-e-type=\"widget\" data-widget_type=\"heading.default\">\n\t\t\t\t<div class=\"elementor-widget-container\">\n\t\t\t\t\t<h2 class=\"elementor-heading-title elementor-size-default\">Scopri i prodotti locali e artigianali\n<\/h2>\t\t\t\t<\/div>\n\t\t\t\t<\/div>\n\t\t\t\t<div class=\"elementor-element elementor-element-7ef3c5e elementor-widget elementor-widget-text-editor\" data-id=\"7ef3c5e\" data-element_type=\"widget\" data-e-type=\"widget\" data-widget_type=\"text-editor.default\">\n\t\t\t\t<div class=\"elementor-widget-container\">\n\t\t\t\t\t\t\t\t\t<p><span style=\"font-weight: 400;\">I <\/span><b>mercatini di Torri del Benaco<\/b><span style=\"font-weight: 400;\"> sono un tesoro di sapori locali e di artigianato. Passeggiando per le strade acciottolate di questa affascinante cittadina, troverai <\/span><b>bancarelle ricche di frutta fresca, verdura ed erbe aromatiche<\/b><span style=\"font-weight: 400;\">. Si tratta di un vero e proprio paradiso per gli amanti del cibo. Qui, infatti, potrai assaggiare alcuni dei <\/span><b>migliori ingredienti italiani<\/b><span style=\"font-weight: 400;\">: dai pomodori maturati al sole ai profumati oli d&#8217;oliva.<\/span><\/p>\n<p><span style=\"font-weight: 400;\">L\u2019artigianato \u00e8 un altro dei punti di forza di questi mercatini. Gli abili artigiani locali espongono i loro prodotti fatti a mano, tra cui ceramiche dal design elaborato, splendidi gioielli e prodotti in pelle. Visita tutte le bancarelle: non sai mai quali meraviglie e prelibatezze potresti trovare.<\/span><\/p>\t\t\t\t\t\t\t\t<\/div>\n\t\t\t\t<\/div>\n\t\t\t\t\t<\/div>\n\t\t<\/div>\n\t\t\t\t\t<\/div>\n\t\t<\/section>\n\t\t\t\t<section class=\"elementor-section elementor-top-section elementor-element elementor-element-d03f5ad elementor-section-boxed elementor-section-height-default elementor-section-height-default\" data-id=\"d03f5ad\" data-element_type=\"section\" data-e-type=\"section\">\n\t\t\t\t\t\t<div class=\"elementor-container elementor-column-gap-default\">\n\t\t\t\t\t<div class=\"elementor-column elementor-col-100 elementor-top-column elementor-element elementor-element-97158b6\" data-id=\"97158b6\" data-element_type=\"column\" data-e-type=\"column\">\n\t\t\t<div class=\"elementor-widget-wrap elementor-element-populated\">\n\t\t\t\t\t\t<div class=\"elementor-element elementor-element-bccf262 elementor-widget elementor-widget-image\" data-id=\"bccf262\" data-element_type=\"widget\" data-e-type=\"widget\" data-widget_type=\"image.default\">\n\t\t\t\t<div class=\"elementor-widget-container\">\n\t\t\t\t\t\t\t\t\t\t\t\t\t\t\t<img decoding=\"async\" src=\"https:\/\/www.domusrental.com\/blog\/wp-content\/uploads\/elementor\/thumbs\/Market-in-torri-benaco-scaled-qdneznv8bxvcqi6icrlpzxm7xq78vgppxbtzsknfqo.jpg\" title=\"Market in torri benaco\" alt=\"Market in torri benaco\" loading=\"lazy\" \/>\t\t\t\t\t\t\t\t\t\t\t\t\t\t\t<\/div>\n\t\t\t\t<\/div>\n\t\t\t\t\t<\/div>\n\t\t<\/div>\n\t\t\t\t\t<\/div>\n\t\t<\/section>\n\t\t\t\t<section class=\"elementor-section elementor-top-section elementor-element elementor-element-181af4f elementor-section-boxed elementor-section-height-default elementor-section-height-default\" data-id=\"181af4f\" data-element_type=\"section\" data-e-type=\"section\">\n\t\t\t\t\t\t<div class=\"elementor-container elementor-column-gap-default\">\n\t\t\t\t\t<div class=\"elementor-column elementor-col-100 elementor-top-column elementor-element elementor-element-f93027f\" data-id=\"f93027f\" data-element_type=\"column\" data-e-type=\"column\">\n\t\t\t<div class=\"elementor-widget-wrap elementor-element-populated\">\n\t\t\t\t\t\t<div class=\"elementor-element elementor-element-6b1a9f1 elementor-widget elementor-widget-heading\" data-id=\"6b1a9f1\" data-element_type=\"widget\" data-e-type=\"widget\" data-widget_type=\"heading.default\">\n\t\t\t\t<div class=\"elementor-widget-container\">\n\t\t\t\t\t<h2 class=\"elementor-heading-title elementor-size-default\">I mercatini di Torri del Benaco: atmosfera vivace e oggetti unici\n<\/h2>\t\t\t\t<\/div>\n\t\t\t\t<\/div>\n\t\t\t\t<div class=\"elementor-element elementor-element-c19506a elementor-widget elementor-widget-text-editor\" data-id=\"c19506a\" data-element_type=\"widget\" data-e-type=\"widget\" data-widget_type=\"text-editor.default\">\n\t\t\t\t<div class=\"elementor-widget-container\">\n\t\t\t\t\t\t\t\t\t<p><span style=\"font-weight: 400;\">I mercatini di Torri del Benaco non sono un semplice luogo in cui fare acquisti: offrono anche un&#8217;esperienza culturale unica. Le chiacchiere della gente del posto e dei turisti rallegrano l\u2019atmosfera, senza contare che qui si respira un autentico senso di comunit\u00e0. Musicisti e artisti di strada arricchiscono ulteriormente la scena, soprattutto in estate, trasformando la visita in un viaggio sensoriale indimenticabile.<\/span><\/p>\n<p><span style=\"font-weight: 400;\">Uno dei vantaggi di questi mercatini \u00e8 l&#8217;opportunit\u00e0 di trovare pezzi unici. Oggetti d\u2019epoca, opere d&#8217;arte eccezionali e molto altro: ce n&#8217;\u00e8 per tutti i gusti. Che tu sia alla ricerca di souvenir o di un regalo speciale, nei mercatini di Torri del Benaco troverai tutto quello di cui hai bisogno.<\/span><\/p>\t\t\t\t\t\t\t\t<\/div>\n\t\t\t\t<\/div>\n\t\t\t\t\t<\/div>\n\t\t<\/div>\n\t\t\t\t\t<\/div>\n\t\t<\/section>\n\t\t\t\t<section class=\"elementor-section elementor-top-section elementor-element elementor-element-e0dd57d elementor-section-boxed elementor-section-height-default elementor-section-height-default\" data-id=\"e0dd57d\" data-element_type=\"section\" data-e-type=\"section\">\n\t\t\t\t\t\t<div class=\"elementor-container elementor-column-gap-default\">\n\t\t\t\t\t<div class=\"elementor-column elementor-col-100 elementor-top-column elementor-element elementor-element-77e974b\" data-id=\"77e974b\" data-element_type=\"column\" data-e-type=\"column\">\n\t\t\t<div class=\"elementor-widget-wrap elementor-element-populated\">\n\t\t\t\t\t\t<div class=\"elementor-element elementor-element-92045e0 elementor-widget elementor-widget-heading\" data-id=\"92045e0\" data-element_type=\"widget\" data-e-type=\"widget\" data-widget_type=\"heading.default\">\n\t\t\t\t<div class=\"elementor-widget-container\">\n\t\t\t\t\t<h2 class=\"elementor-heading-title elementor-size-default\">Specialit\u00e0 gastronomiche nei mercatini di Torri del Benaco\n<\/h2>\t\t\t\t<\/div>\n\t\t\t\t<\/div>\n\t\t\t\t<div class=\"elementor-element elementor-element-7dee5d3 elementor-widget elementor-widget-text-editor\" data-id=\"7dee5d3\" data-element_type=\"widget\" data-e-type=\"widget\" data-widget_type=\"text-editor.default\">\n\t\t\t\t<div class=\"elementor-widget-container\">\n\t\t\t\t\t\t\t\t\t<p><span style=\"font-weight: 400;\">Una visita ai mercatini di Torri del Benaco non \u00e8 completa senza aver assaporato le loro prelibatezze gastronomiche. Qui, potrai assaggiare specialit\u00e0 autentiche e provare alcuni dei piatti pi\u00f9 noti della regione, tra cui quelli a base di frutti di mare.<\/span><\/p>\n<p><span style=\"font-weight: 400;\">E se cerchi un&#8217;esperienza culinaria pi\u00f9 raffinata, i ristoranti vicini offrono una serie di piatti deliziosi preparati con gli <\/span><b>ingredienti locali pi\u00f9 freschi<\/b><span style=\"font-weight: 400;\">. <\/span><b>Dai piatti di pesce alla pasta fatta in casa<\/b><span style=\"font-weight: 400;\">, potrai approfittare di varie esperienze culinarie: tutte da leccarsi i baffi.<\/span><\/p>\t\t\t\t\t\t\t\t<\/div>\n\t\t\t\t<\/div>\n\t\t\t\t\t<\/div>\n\t\t<\/div>\n\t\t\t\t\t<\/div>\n\t\t<\/section>\n\t\t\t\t<section class=\"elementor-section elementor-top-section elementor-element elementor-element-bc41348 elementor-section-boxed elementor-section-height-default elementor-section-height-default\" data-id=\"bc41348\" data-element_type=\"section\" data-e-type=\"section\">\n\t\t\t\t\t\t<div class=\"elementor-container elementor-column-gap-default\">\n\t\t\t\t\t<div class=\"elementor-column elementor-col-100 elementor-top-column elementor-element elementor-element-ff59865\" data-id=\"ff59865\" data-element_type=\"column\" data-e-type=\"column\">\n\t\t\t<div class=\"elementor-widget-wrap elementor-element-populated\">\n\t\t\t\t\t\t<div class=\"elementor-element elementor-element-ac2bd00 elementor-widget elementor-widget-image\" data-id=\"ac2bd00\" data-element_type=\"widget\" data-e-type=\"widget\" data-widget_type=\"image.default\">\n\t\t\t\t<div class=\"elementor-widget-container\">\n\t\t\t\t\t\t\t\t\t\t\t\t\t\t\t<img decoding=\"async\" src=\"https:\/\/www.domusrental.com\/blog\/wp-content\/uploads\/elementor\/thumbs\/fruit-market-torri-benaco-qdnezj61drox4gdc47kl5gswysuesz728okke6uels.jpg\" title=\"fruit market torri benaco\" alt=\"fruit market torri benaco\" loading=\"lazy\" \/>\t\t\t\t\t\t\t\t\t\t\t\t\t\t\t<\/div>\n\t\t\t\t<\/div>\n\t\t\t\t\t<\/div>\n\t\t<\/div>\n\t\t\t\t\t<\/div>\n\t\t<\/section>\n\t\t\t\t<section class=\"elementor-section elementor-top-section elementor-element elementor-element-39abe79 elementor-section-boxed elementor-section-height-default elementor-section-height-default\" data-id=\"39abe79\" data-element_type=\"section\" data-e-type=\"section\">\n\t\t\t\t\t\t<div class=\"elementor-container elementor-column-gap-default\">\n\t\t\t\t\t<div class=\"elementor-column elementor-col-100 elementor-top-column elementor-element elementor-element-c26d98e\" data-id=\"c26d98e\" data-element_type=\"column\" data-e-type=\"column\">\n\t\t\t<div class=\"elementor-widget-wrap elementor-element-populated\">\n\t\t\t\t\t\t<div class=\"elementor-element elementor-element-5979fd4 elementor-widget elementor-widget-heading\" data-id=\"5979fd4\" data-element_type=\"widget\" data-e-type=\"widget\" data-widget_type=\"heading.default\">\n\t\t\t\t<div class=\"elementor-widget-container\">\n\t\t\t\t\t<h2 class=\"elementor-heading-title elementor-size-default\">Visitare i mercatini di Torri del Benaco: consigli utili\n<\/h2>\t\t\t\t<\/div>\n\t\t\t\t<\/div>\n\t\t\t\t<div class=\"elementor-element elementor-element-c667b8b elementor-widget elementor-widget-text-editor\" data-id=\"c667b8b\" data-element_type=\"widget\" data-e-type=\"widget\" data-widget_type=\"text-editor.default\">\n\t\t\t\t<div class=\"elementor-widget-container\">\n\t\t\t\t\t\t\t\t\t<p><span style=\"font-weight: 400;\">Per sfruttare al meglio la visita ai mercatini di Torri del Benaco, \u00e8 bene prepararsi in anticipo. Ecco alcuni consigli che ti aiuteranno a pianificare il tuo viaggio:<\/span><\/p>\n<ul>\n<li style=\"font-weight: 400;\" aria-level=\"1\"><b>Arriva presto:<\/b><span style=\"font-weight: 400;\"> I mercatini si animano al mattino, quando i venditori allestiscono le loro bancarelle. Arrivare presto ti permetter\u00e0 di goderteli tranquillamente, evitando le folle.<\/span><\/li>\n<li style=\"font-weight: 400;\" aria-level=\"1\"><b>Porta con te dei contanti:<\/b><span style=\"font-weight: 400;\"> Anche se alcune bancarelle accettano pagamenti con carta (e ancora di pi\u00f9 dopo la pandemia di COVID-19), \u00e8 importante avere a portata di mano dei contanti, soprattutto quando si acquista da piccoli venditori.<\/span><\/li>\n<li style=\"font-weight: 400;\" aria-level=\"1\"><b>Mercanteggia, ma con rispetto:<\/b><span style=\"font-weight: 400;\"> Mercanteggiare \u00e8 una pratica comune in questi mercati, ma non bisogna insistere troppo. Rivolgiti ai venditori gentilmente e rispettosamente.<\/span><\/li>\n<li style=\"font-weight: 400;\" aria-level=\"1\"><b>Porta con te delle borse riutilizzabili:<\/b><span style=\"font-weight: 400;\"> Usa le tue borse riutilizzabili per i tuoi acquisti e contribuisci anche tu a ridurre i rifiuti di plastica.<\/span><\/li>\n<li style=\"font-weight: 400;\" aria-level=\"1\"><b>Prova le specialit\u00e0 locali:<\/b><span style=\"font-weight: 400;\"> Non aver paura di provare nuovi cibi o prodotti. Si tratta di un\u2019ottima occasione per assaggiare le prelibatezze locali.<\/span><\/li>\n<li style=\"font-weight: 400;\" aria-level=\"1\"><b>Parla con la gente del posto:<\/b><span style=\"font-weight: 400;\"> La gente del posto \u00e8 informata su tutto, quindi pu\u00f2 consigliarti in quali posti mangiare, cosa fare e\/o vedere, ecc. Fai due chiacchiere con gli abitanti della cittadina per ricevere spunti utili per la tua visita.<\/span><\/li>\n<li style=\"font-weight: 400;\" aria-level=\"1\"><b>Indossa scarpe e indumenti comodi:<\/b><span style=\"font-weight: 400;\"> Dopo ore e ore trascorse in giro per i mercatini, non te ne pentirai!<\/span><\/li>\n<\/ul>\n<p><span style=\"font-weight: 400;\">I mercatini sono pieni di vita e una mattinata di esplorazione tra le bancarelle \u00e8 un ottimo modo per iniziare la giornata.<\/span><\/p>\t\t\t\t\t\t\t\t<\/div>\n\t\t\t\t<\/div>\n\t\t\t\t\t<\/div>\n\t\t<\/div>\n\t\t\t\t\t<\/div>\n\t\t<\/section>\n\t\t\t\t<section class=\"elementor-section elementor-top-section elementor-element elementor-element-c861575 elementor-section-boxed elementor-section-height-default elementor-section-height-default\" data-id=\"c861575\" data-element_type=\"section\" data-e-type=\"section\">\n\t\t\t\t\t\t<div class=\"elementor-container elementor-column-gap-default\">\n\t\t\t\t\t<div class=\"elementor-column elementor-col-100 elementor-top-column elementor-element elementor-element-24ebac9\" data-id=\"24ebac9\" data-element_type=\"column\" data-e-type=\"column\">\n\t\t\t<div class=\"elementor-widget-wrap elementor-element-populated\">\n\t\t\t\t\t\t<div class=\"elementor-element elementor-element-57a9c97 elementor-widget elementor-widget-heading\" data-id=\"57a9c97\" data-element_type=\"widget\" data-e-type=\"widget\" data-widget_type=\"heading.default\">\n\t\t\t\t<div class=\"elementor-widget-container\">\n\t\t\t\t\t<h2 class=\"elementor-heading-title elementor-size-default\">Crea ricordi indimenticabili ai mercatini di Torri del Benaco\n<\/h2>\t\t\t\t<\/div>\n\t\t\t\t<\/div>\n\t\t\t\t<div class=\"elementor-element elementor-element-1853fad elementor-widget elementor-widget-text-editor\" data-id=\"1853fad\" data-element_type=\"widget\" data-e-type=\"widget\" data-widget_type=\"text-editor.default\">\n\t\t\t\t<div class=\"elementor-widget-container\">\n\t\t\t\t\t\t\t\t\t<p><span style=\"font-weight: 400;\">Se vuoi scoprire la vera essenza dell&#8217;Italia, non c&#8217;\u00e8 niente di meglio che visitare i mercatini di Torri del Benaco. I mercatini intorno al lago di Garda sono ben noti ai turisti e agli abitanti del luogo e Torri del Benaco \u00e8 considerato uno dei mercati pi\u00f9 importanti della regione.<\/span><\/p>\n<p><span style=\"font-weight: 400;\">Se stai programmando un soggiorno in una struttura <\/span><b>Domus Rental<\/b><span style=\"font-weight: 400;\">, allora una visita ai mercatini di Torri del Benaco \u00e8 d&#8217;obbligo. Si tratta di un luogo affascinante, ricco di specialit\u00e0 da scoprire. Senza contare che potrai acquistare dei prodotti locali per cucinare un autentico piatto italiano nella tua villa o addirittura per portarteli a casa. <\/span><a href=\"https:\/\/www.domusrental.com\/\"><span style=\"font-weight: 400;\">Scopri le nostre lussuose allogi<\/span><\/a><span style=\"font-weight: 400;\"> e <\/span><b>prenota<\/b><span style=\"font-weight: 400;\"> oggi stesso <\/span><b>il tuo soggiorno <\/b><span style=\"font-weight: 400;\">con Domus Rental.<\/span><\/p>\t\t\t\t\t\t\t\t<\/div>\n\t\t\t\t<\/div>\n\t\t\t\t\t<\/div>\n\t\t<\/div>\n\t\t\t\t\t<\/div>\n\t\t<\/section>\n\t\t\t\t<section class=\"elementor-section elementor-top-section elementor-element elementor-element-4a146eb6 elementor-section-boxed elementor-section-height-default elementor-section-height-default\" data-id=\"4a146eb6\" data-element_type=\"section\" data-e-type=\"section\">\n\t\t\t\t\t\t<div class=\"elementor-container elementor-column-gap-default\">\n\t\t\t\t\t<div class=\"elementor-column elementor-col-33 elementor-top-column elementor-element elementor-element-2ba79655\" data-id=\"2ba79655\" data-element_type=\"column\" data-e-type=\"column\">\n\t\t\t<div class=\"elementor-widget-wrap elementor-element-populated\">\n\t\t\t\t\t\t<div class=\"elementor-element elementor-element-3fafb1bf elementor-align-center elementor-widget elementor-widget-button\" data-id=\"3fafb1bf\" data-element_type=\"widget\" data-e-type=\"widget\" data-widget_type=\"button.default\">\n\t\t\t\t<div class=\"elementor-widget-container\">\n\t\t\t\t\t\t\t\t\t<div class=\"elementor-button-wrapper\">\n\t\t\t\t\t<a class=\"elementor-button elementor-button-link elementor-size-md\" href=\"https:\/\/www.domusrental.com\/it\/affitti\/affitti-affitti-d0\/\">\n\t\t\t\t\t\t<span class=\"elementor-button-content-wrapper\">\n\t\t\t\t\t\t\t\t\t<span class=\"elementor-button-text\">Alloggi a Torri del Benaco<\/span>\n\t\t\t\t\t<\/span>\n\t\t\t\t\t<\/a>\n\t\t\t\t<\/div>\n\t\t\t\t\t\t\t\t<\/div>\n\t\t\t\t<\/div>\n\t\t\t\t\t<\/div>\n\t\t<\/div>\n\t\t\t\t<div class=\"elementor-column elementor-col-33 elementor-top-column elementor-element elementor-element-4181fe1a\" data-id=\"4181fe1a\" data-element_type=\"column\" data-e-type=\"column\">\n\t\t\t<div class=\"elementor-widget-wrap elementor-element-populated\">\n\t\t\t\t\t\t<div class=\"elementor-element elementor-element-1e8d0328 elementor-align-center elementor-widget elementor-widget-button\" data-id=\"1e8d0328\" data-element_type=\"widget\" data-e-type=\"widget\" data-widget_type=\"button.default\">\n\t\t\t\t<div class=\"elementor-widget-container\">\n\t\t\t\t\t\t\t\t\t<div class=\"elementor-button-wrapper\">\n\t\t\t\t\t<a class=\"elementor-button elementor-button-link elementor-size-md\" href=\"https:\/\/www.domusrental.com\/it\/affitti\/affitti-appartamenti-c1\/\">\n\t\t\t\t\t\t<span class=\"elementor-button-content-wrapper\">\n\t\t\t\t\t\t\t\t\t<span class=\"elementor-button-text\">Appartamenti a Torri del Benaco<\/span>\n\t\t\t\t\t<\/span>\n\t\t\t\t\t<\/a>\n\t\t\t\t<\/div>\n\t\t\t\t\t\t\t\t<\/div>\n\t\t\t\t<\/div>\n\t\t\t\t\t<\/div>\n\t\t<\/div>\n\t\t\t\t<div class=\"elementor-column elementor-col-33 elementor-top-column elementor-element elementor-element-698cab05\" data-id=\"698cab05\" data-element_type=\"column\" data-e-type=\"column\">\n\t\t\t<div class=\"elementor-widget-wrap elementor-element-populated\">\n\t\t\t\t\t\t<div class=\"elementor-element elementor-element-abd23ed elementor-align-center elementor-widget elementor-widget-button\" data-id=\"abd23ed\" data-element_type=\"widget\" data-e-type=\"widget\" data-widget_type=\"button.default\">\n\t\t\t\t<div class=\"elementor-widget-container\">\n\t\t\t\t\t\t\t\t\t<div class=\"elementor-button-wrapper\">\n\t\t\t\t\t<a class=\"elementor-button elementor-button-link elementor-size-md\" href=\"https:\/\/www.domusrental.com\/it\/affitti\/affitti-ville-c2\/\">\n\t\t\t\t\t\t<span class=\"elementor-button-content-wrapper\">\n\t\t\t\t\t\t\t\t\t<span class=\"elementor-button-text\">Villas a Torri del Benaco<\/span>\n\t\t\t\t\t<\/span>\n\t\t\t\t\t<\/a>\n\t\t\t\t<\/div>\n\t\t\t\t\t\t\t\t<\/div>\n\t\t\t\t<\/div>\n\t\t\t\t\t<\/div>\n\t\t<\/div>\n\t\t\t\t\t<\/div>\n\t\t<\/section>\n\t\t\t\t<\/div>\n\t\t","protected":false},"excerpt":{"rendered":"<p>Immagina la scena: sei in Italia e passeggi per i suoi mercatini. E, mentre osservi oggetti di antiquariato unici, assaggi le prelibatezze locali. Tutto questo e molto altro \u00e8 possibile nella pittoresca cittadina di Torri del Benaco, adagiata lungo le sponde dell&#8217;incredibile lago di Garda. \u00c8 qui che si trova una delle gemme nascoste della [&hellip;]<\/p>\n","protected":false},"author":2,"featured_media":635,"comment_status":"open","ping_status":"closed","sticky":false,"template":"","format":"standard","meta":{"footnotes":""},"categories":[54],"tags":[],"class_list":["post-648","post","type-post","status-publish","format-standard","has-post-thumbnail","hentry","category-gastronomia-lago-di-garda"],"yoast_head":"<!-- This site is optimized with the Yoast SEO plugin v27.5 - https:\/\/yoast.com\/product\/yoast-seo-wordpress\/ -->\n<title>I mercatini di Torri del Benaco<\/title>\n<meta name=\"description\" content=\"Al Lago di Garda ci sono tante citt\u00e0 incredibili con mercati, e Torri del Benaco \u00e8 tra le pi\u00f9 conosciute. Scopri in pi\u00f9.\" \/>\n<meta name=\"robots\" content=\"index, follow, max-snippet:-1, max-image-preview:large, max-video-preview:-1\" \/>\n<link rel=\"canonical\" href=\"https:\/\/www.domusrental.com\/blog\/torri-del-benaco-markets\/\" \/>\n<meta property=\"og:locale\" content=\"it_IT\" \/>\n<meta property=\"og:type\" content=\"article\" \/>\n<meta property=\"og:title\" content=\"I mercatini di Torri del Benaco\" \/>\n<meta property=\"og:description\" content=\"Al Lago di Garda ci sono tante citt\u00e0 incredibili con mercati, e Torri del Benaco \u00e8 tra le pi\u00f9 conosciute. Scopri in pi\u00f9.\" \/>\n<meta property=\"og:url\" content=\"https:\/\/www.domusrental.com\/blog\/torri-del-benaco-markets\/\" \/>\n<meta property=\"og:site_name\" content=\"Blog | Domus Rental\" \/>\n<meta property=\"article:publisher\" content=\"https:\/\/www.facebook.com\/domusrental\" \/>\n<meta property=\"article:published_time\" content=\"2023-10-10T09:09:32+00:00\" \/>\n<meta property=\"article:modified_time\" content=\"2025-01-21T15:13:38+00:00\" \/>\n<meta property=\"og:image\" content=\"https:\/\/www.domusrental.com\/blog\/wp-content\/uploads\/2023\/10\/markets-in-lago-de-garda.jpg\" \/>\n\t<meta property=\"og:image:width\" content=\"1920\" \/>\n\t<meta property=\"og:image:height\" content=\"500\" \/>\n\t<meta property=\"og:image:type\" content=\"image\/jpeg\" \/>\n<meta name=\"author\" content=\"digitalservices\" \/>\n<meta name=\"twitter:card\" content=\"summary_large_image\" \/>\n<meta name=\"twitter:creator\" content=\"@DomusRental\" \/>\n<meta name=\"twitter:site\" content=\"@DomusRental\" \/>\n<meta name=\"twitter:label1\" content=\"Scritto da\" \/>\n\t<meta name=\"twitter:data1\" content=\"digitalservices\" \/>\n\t<meta name=\"twitter:label2\" content=\"Tempo di lettura stimato\" \/>\n\t<meta name=\"twitter:data2\" content=\"6 minuti\" \/>\n<script type=\"application\/ld+json\" class=\"yoast-schema-graph\">{\"@context\":\"https:\\\/\\\/schema.org\",\"@graph\":[{\"@type\":\"Article\",\"@id\":\"https:\\\/\\\/www.domusrental.com\\\/blog\\\/torri-del-benaco-markets\\\/#article\",\"isPartOf\":{\"@id\":\"https:\\\/\\\/www.domusrental.com\\\/blog\\\/torri-del-benaco-markets\\\/\"},\"author\":{\"name\":\"digitalservices\",\"@id\":\"https:\\\/\\\/www.domusrental.com\\\/blog\\\/#\\\/schema\\\/person\\\/4704eef53d63fc41b94477baca3572f8\"},\"headline\":\"Scopri il fascino dei mercatini di Torri del Benaco\",\"datePublished\":\"2023-10-10T09:09:32+00:00\",\"dateModified\":\"2025-01-21T15:13:38+00:00\",\"mainEntityOfPage\":{\"@id\":\"https:\\\/\\\/www.domusrental.com\\\/blog\\\/torri-del-benaco-markets\\\/\"},\"wordCount\":952,\"commentCount\":0,\"publisher\":{\"@id\":\"https:\\\/\\\/www.domusrental.com\\\/blog\\\/#organization\"},\"image\":{\"@id\":\"https:\\\/\\\/www.domusrental.com\\\/blog\\\/torri-del-benaco-markets\\\/#primaryimage\"},\"thumbnailUrl\":\"https:\\\/\\\/www.domusrental.com\\\/blog\\\/wp-content\\\/uploads\\\/2023\\\/10\\\/markets-in-lago-de-garda.jpg\",\"articleSection\":[\"Gastronomia\"],\"inLanguage\":\"it-IT\",\"potentialAction\":[{\"@type\":\"CommentAction\",\"name\":\"Comment\",\"target\":[\"https:\\\/\\\/www.domusrental.com\\\/blog\\\/torri-del-benaco-markets\\\/#respond\"]}]},{\"@type\":\"WebPage\",\"@id\":\"https:\\\/\\\/www.domusrental.com\\\/blog\\\/torri-del-benaco-markets\\\/\",\"url\":\"https:\\\/\\\/www.domusrental.com\\\/blog\\\/torri-del-benaco-markets\\\/\",\"name\":\"I mercatini di Torri del Benaco\",\"isPartOf\":{\"@id\":\"https:\\\/\\\/www.domusrental.com\\\/blog\\\/#website\"},\"primaryImageOfPage\":{\"@id\":\"https:\\\/\\\/www.domusrental.com\\\/blog\\\/torri-del-benaco-markets\\\/#primaryimage\"},\"image\":{\"@id\":\"https:\\\/\\\/www.domusrental.com\\\/blog\\\/torri-del-benaco-markets\\\/#primaryimage\"},\"thumbnailUrl\":\"https:\\\/\\\/www.domusrental.com\\\/blog\\\/wp-content\\\/uploads\\\/2023\\\/10\\\/markets-in-lago-de-garda.jpg\",\"datePublished\":\"2023-10-10T09:09:32+00:00\",\"dateModified\":\"2025-01-21T15:13:38+00:00\",\"description\":\"Al Lago di Garda ci sono tante citt\u00e0 incredibili con mercati, e Torri del Benaco \u00e8 tra le pi\u00f9 conosciute. Scopri in pi\u00f9.\",\"breadcrumb\":{\"@id\":\"https:\\\/\\\/www.domusrental.com\\\/blog\\\/torri-del-benaco-markets\\\/#breadcrumb\"},\"inLanguage\":\"it-IT\",\"potentialAction\":[{\"@type\":\"ReadAction\",\"target\":[\"https:\\\/\\\/www.domusrental.com\\\/blog\\\/torri-del-benaco-markets\\\/\"]}]},{\"@type\":\"ImageObject\",\"inLanguage\":\"it-IT\",\"@id\":\"https:\\\/\\\/www.domusrental.com\\\/blog\\\/torri-del-benaco-markets\\\/#primaryimage\",\"url\":\"https:\\\/\\\/www.domusrental.com\\\/blog\\\/wp-content\\\/uploads\\\/2023\\\/10\\\/markets-in-lago-de-garda.jpg\",\"contentUrl\":\"https:\\\/\\\/www.domusrental.com\\\/blog\\\/wp-content\\\/uploads\\\/2023\\\/10\\\/markets-in-lago-de-garda.jpg\",\"width\":1920,\"height\":500,\"caption\":\"markets-in-lago-de-garda\"},{\"@type\":\"BreadcrumbList\",\"@id\":\"https:\\\/\\\/www.domusrental.com\\\/blog\\\/torri-del-benaco-markets\\\/#breadcrumb\",\"itemListElement\":[{\"@type\":\"ListItem\",\"position\":1,\"name\":\"Home\",\"item\":\"https:\\\/\\\/www.domusrental.com\\\/blog\\\/it\\\/\"},{\"@type\":\"ListItem\",\"position\":2,\"name\":\"Scopri il fascino dei mercatini di Torri del Benaco\"}]},{\"@type\":\"WebSite\",\"@id\":\"https:\\\/\\\/www.domusrental.com\\\/blog\\\/#website\",\"url\":\"https:\\\/\\\/www.domusrental.com\\\/blog\\\/\",\"name\":\"Domus Rental\",\"description\":\"\",\"publisher\":{\"@id\":\"https:\\\/\\\/www.domusrental.com\\\/blog\\\/#organization\"},\"potentialAction\":[{\"@type\":\"SearchAction\",\"target\":{\"@type\":\"EntryPoint\",\"urlTemplate\":\"https:\\\/\\\/www.domusrental.com\\\/blog\\\/?s={search_term_string}\"},\"query-input\":{\"@type\":\"PropertyValueSpecification\",\"valueRequired\":true,\"valueName\":\"search_term_string\"}}],\"inLanguage\":\"it-IT\"},{\"@type\":\"Organization\",\"@id\":\"https:\\\/\\\/www.domusrental.com\\\/blog\\\/#organization\",\"name\":\"Blog | Domus Rental\",\"url\":\"https:\\\/\\\/www.domusrental.com\\\/blog\\\/\",\"logo\":{\"@type\":\"ImageObject\",\"inLanguage\":\"it-IT\",\"@id\":\"https:\\\/\\\/www.domusrental.com\\\/blog\\\/#\\\/schema\\\/logo\\\/image\\\/\",\"url\":\"https:\\\/\\\/www.domusrental.com\\\/blog\\\/wp-content\\\/uploads\\\/2024\\\/04\\\/favicon.png\",\"contentUrl\":\"https:\\\/\\\/www.domusrental.com\\\/blog\\\/wp-content\\\/uploads\\\/2024\\\/04\\\/favicon.png\",\"width\":298,\"height\":298,\"caption\":\"Blog | Domus Rental\"},\"image\":{\"@id\":\"https:\\\/\\\/www.domusrental.com\\\/blog\\\/#\\\/schema\\\/logo\\\/image\\\/\"},\"sameAs\":[\"https:\\\/\\\/www.facebook.com\\\/domusrental\",\"https:\\\/\\\/x.com\\\/DomusRental\"]},{\"@type\":\"Person\",\"@id\":\"https:\\\/\\\/www.domusrental.com\\\/blog\\\/#\\\/schema\\\/person\\\/4704eef53d63fc41b94477baca3572f8\",\"name\":\"digitalservices\",\"image\":{\"@type\":\"ImageObject\",\"inLanguage\":\"it-IT\",\"@id\":\"https:\\\/\\\/secure.gravatar.com\\\/avatar\\\/af30f88a1904294c1f3eb09a9d7903eec4ffa18fa2cf40c28a8681014ecdfc20?s=96&d=mm&r=g\",\"url\":\"https:\\\/\\\/secure.gravatar.com\\\/avatar\\\/af30f88a1904294c1f3eb09a9d7903eec4ffa18fa2cf40c28a8681014ecdfc20?s=96&d=mm&r=g\",\"contentUrl\":\"https:\\\/\\\/secure.gravatar.com\\\/avatar\\\/af30f88a1904294c1f3eb09a9d7903eec4ffa18fa2cf40c28a8681014ecdfc20?s=96&d=mm&r=g\",\"caption\":\"digitalservices\"},\"url\":\"https:\\\/\\\/www.domusrental.com\\\/blog\\\/it\\\/author\\\/digitalservices\\\/\"}]}<\/script>\n<!-- \/ Yoast SEO plugin. -->","yoast_head_json":{"title":"I mercatini di Torri del Benaco","description":"Al Lago di Garda ci sono tante citt\u00e0 incredibili con mercati, e Torri del Benaco \u00e8 tra le pi\u00f9 conosciute. Scopri in pi\u00f9.","robots":{"index":"index","follow":"follow","max-snippet":"max-snippet:-1","max-image-preview":"max-image-preview:large","max-video-preview":"max-video-preview:-1"},"canonical":"https:\/\/www.domusrental.com\/blog\/torri-del-benaco-markets\/","og_locale":"it_IT","og_type":"article","og_title":"I mercatini di Torri del Benaco","og_description":"Al Lago di Garda ci sono tante citt\u00e0 incredibili con mercati, e Torri del Benaco \u00e8 tra le pi\u00f9 conosciute. Scopri in pi\u00f9.","og_url":"https:\/\/www.domusrental.com\/blog\/torri-del-benaco-markets\/","og_site_name":"Blog | Domus Rental","article_publisher":"https:\/\/www.facebook.com\/domusrental","article_published_time":"2023-10-10T09:09:32+00:00","article_modified_time":"2025-01-21T15:13:38+00:00","og_image":[{"width":1920,"height":500,"url":"https:\/\/www.domusrental.com\/blog\/wp-content\/uploads\/2023\/10\/markets-in-lago-de-garda.jpg","type":"image\/jpeg"}],"author":"digitalservices","twitter_card":"summary_large_image","twitter_creator":"@DomusRental","twitter_site":"@DomusRental","twitter_misc":{"Scritto da":"digitalservices","Tempo di lettura stimato":"6 minuti"},"schema":{"@context":"https:\/\/schema.org","@graph":[{"@type":"Article","@id":"https:\/\/www.domusrental.com\/blog\/torri-del-benaco-markets\/#article","isPartOf":{"@id":"https:\/\/www.domusrental.com\/blog\/torri-del-benaco-markets\/"},"author":{"name":"digitalservices","@id":"https:\/\/www.domusrental.com\/blog\/#\/schema\/person\/4704eef53d63fc41b94477baca3572f8"},"headline":"Scopri il fascino dei mercatini di Torri del Benaco","datePublished":"2023-10-10T09:09:32+00:00","dateModified":"2025-01-21T15:13:38+00:00","mainEntityOfPage":{"@id":"https:\/\/www.domusrental.com\/blog\/torri-del-benaco-markets\/"},"wordCount":952,"commentCount":0,"publisher":{"@id":"https:\/\/www.domusrental.com\/blog\/#organization"},"image":{"@id":"https:\/\/www.domusrental.com\/blog\/torri-del-benaco-markets\/#primaryimage"},"thumbnailUrl":"https:\/\/www.domusrental.com\/blog\/wp-content\/uploads\/2023\/10\/markets-in-lago-de-garda.jpg","articleSection":["Gastronomia"],"inLanguage":"it-IT","potentialAction":[{"@type":"CommentAction","name":"Comment","target":["https:\/\/www.domusrental.com\/blog\/torri-del-benaco-markets\/#respond"]}]},{"@type":"WebPage","@id":"https:\/\/www.domusrental.com\/blog\/torri-del-benaco-markets\/","url":"https:\/\/www.domusrental.com\/blog\/torri-del-benaco-markets\/","name":"I mercatini di Torri del Benaco","isPartOf":{"@id":"https:\/\/www.domusrental.com\/blog\/#website"},"primaryImageOfPage":{"@id":"https:\/\/www.domusrental.com\/blog\/torri-del-benaco-markets\/#primaryimage"},"image":{"@id":"https:\/\/www.domusrental.com\/blog\/torri-del-benaco-markets\/#primaryimage"},"thumbnailUrl":"https:\/\/www.domusrental.com\/blog\/wp-content\/uploads\/2023\/10\/markets-in-lago-de-garda.jpg","datePublished":"2023-10-10T09:09:32+00:00","dateModified":"2025-01-21T15:13:38+00:00","description":"Al Lago di Garda ci sono tante citt\u00e0 incredibili con mercati, e Torri del Benaco \u00e8 tra le pi\u00f9 conosciute. Scopri in pi\u00f9.","breadcrumb":{"@id":"https:\/\/www.domusrental.com\/blog\/torri-del-benaco-markets\/#breadcrumb"},"inLanguage":"it-IT","potentialAction":[{"@type":"ReadAction","target":["https:\/\/www.domusrental.com\/blog\/torri-del-benaco-markets\/"]}]},{"@type":"ImageObject","inLanguage":"it-IT","@id":"https:\/\/www.domusrental.com\/blog\/torri-del-benaco-markets\/#primaryimage","url":"https:\/\/www.domusrental.com\/blog\/wp-content\/uploads\/2023\/10\/markets-in-lago-de-garda.jpg","contentUrl":"https:\/\/www.domusrental.com\/blog\/wp-content\/uploads\/2023\/10\/markets-in-lago-de-garda.jpg","width":1920,"height":500,"caption":"markets-in-lago-de-garda"},{"@type":"BreadcrumbList","@id":"https:\/\/www.domusrental.com\/blog\/torri-del-benaco-markets\/#breadcrumb","itemListElement":[{"@type":"ListItem","position":1,"name":"Home","item":"https:\/\/www.domusrental.com\/blog\/it\/"},{"@type":"ListItem","position":2,"name":"Scopri il fascino dei mercatini di Torri del Benaco"}]},{"@type":"WebSite","@id":"https:\/\/www.domusrental.com\/blog\/#website","url":"https:\/\/www.domusrental.com\/blog\/","name":"Domus Rental","description":"","publisher":{"@id":"https:\/\/www.domusrental.com\/blog\/#organization"},"potentialAction":[{"@type":"SearchAction","target":{"@type":"EntryPoint","urlTemplate":"https:\/\/www.domusrental.com\/blog\/?s={search_term_string}"},"query-input":{"@type":"PropertyValueSpecification","valueRequired":true,"valueName":"search_term_string"}}],"inLanguage":"it-IT"},{"@type":"Organization","@id":"https:\/\/www.domusrental.com\/blog\/#organization","name":"Blog | Domus Rental","url":"https:\/\/www.domusrental.com\/blog\/","logo":{"@type":"ImageObject","inLanguage":"it-IT","@id":"https:\/\/www.domusrental.com\/blog\/#\/schema\/logo\/image\/","url":"https:\/\/www.domusrental.com\/blog\/wp-content\/uploads\/2024\/04\/favicon.png","contentUrl":"https:\/\/www.domusrental.com\/blog\/wp-content\/uploads\/2024\/04\/favicon.png","width":298,"height":298,"caption":"Blog | Domus Rental"},"image":{"@id":"https:\/\/www.domusrental.com\/blog\/#\/schema\/logo\/image\/"},"sameAs":["https:\/\/www.facebook.com\/domusrental","https:\/\/x.com\/DomusRental"]},{"@type":"Person","@id":"https:\/\/www.domusrental.com\/blog\/#\/schema\/person\/4704eef53d63fc41b94477baca3572f8","name":"digitalservices","image":{"@type":"ImageObject","inLanguage":"it-IT","@id":"https:\/\/secure.gravatar.com\/avatar\/af30f88a1904294c1f3eb09a9d7903eec4ffa18fa2cf40c28a8681014ecdfc20?s=96&d=mm&r=g","url":"https:\/\/secure.gravatar.com\/avatar\/af30f88a1904294c1f3eb09a9d7903eec4ffa18fa2cf40c28a8681014ecdfc20?s=96&d=mm&r=g","contentUrl":"https:\/\/secure.gravatar.com\/avatar\/af30f88a1904294c1f3eb09a9d7903eec4ffa18fa2cf40c28a8681014ecdfc20?s=96&d=mm&r=g","caption":"digitalservices"},"url":"https:\/\/www.domusrental.com\/blog\/it\/author\/digitalservices\/"}]}},"_links":{"self":[{"href":"https:\/\/www.domusrental.com\/blog\/it\/wp-json\/wp\/v2\/posts\/648","targetHints":{"allow":["GET"]}}],"collection":[{"href":"https:\/\/www.domusrental.com\/blog\/it\/wp-json\/wp\/v2\/posts"}],"about":[{"href":"https:\/\/www.domusrental.com\/blog\/it\/wp-json\/wp\/v2\/types\/post"}],"author":[{"embeddable":true,"href":"https:\/\/www.domusrental.com\/blog\/it\/wp-json\/wp\/v2\/users\/2"}],"replies":[{"embeddable":true,"href":"https:\/\/www.domusrental.com\/blog\/it\/wp-json\/wp\/v2\/comments?post=648"}],"version-history":[{"count":15,"href":"https:\/\/www.domusrental.com\/blog\/it\/wp-json\/wp\/v2\/posts\/648\/revisions"}],"predecessor-version":[{"id":2924,"href":"https:\/\/www.domusrental.com\/blog\/it\/wp-json\/wp\/v2\/posts\/648\/revisions\/2924"}],"wp:featuredmedia":[{"embeddable":true,"href":"https:\/\/www.domusrental.com\/blog\/it\/wp-json\/wp\/v2\/media\/635"}],"wp:attachment":[{"href":"https:\/\/www.domusrental.com\/blog\/it\/wp-json\/wp\/v2\/media?parent=648"}],"wp:term":[{"taxonomy":"category","embeddable":true,"href":"https:\/\/www.domusrental.com\/blog\/it\/wp-json\/wp\/v2\/categories?post=648"},{"taxonomy":"post_tag","embeddable":true,"href":"https:\/\/www.domusrental.com\/blog\/it\/wp-json\/wp\/v2\/tags?post=648"}],"curies":[{"name":"wp","href":"https:\/\/api.w.org\/{rel}","templated":true}]}}