{"id":910,"date":"2023-12-28T09:39:53","date_gmt":"2023-12-28T09:39:53","guid":{"rendered":"https:\/\/www.domusrental.com\/blog\/?p=910"},"modified":"2025-02-03T11:21:12","modified_gmt":"2025-02-03T11:21:12","slug":"appartamenti-torri-del-benaco","status":"publish","type":"post","link":"https:\/\/www.domusrental.com\/blog\/it\/appartamenti-torri-del-benaco\/","title":{"rendered":"Prenotare un appartamento a Torri del Benaco, le migliori informazioni"},"content":{"rendered":"\t\t<div data-elementor-type=\"wp-post\" data-elementor-id=\"910\" class=\"elementor elementor-910 elementor-783\" data-elementor-post-type=\"post\">\n\t\t\t\t\t\t<section class=\"elementor-section elementor-top-section elementor-element elementor-element-e045dd8 elementor-section-boxed elementor-section-height-default elementor-section-height-default\" data-id=\"e045dd8\" data-element_type=\"section\" data-e-type=\"section\">\n\t\t\t\t\t\t<div class=\"elementor-container elementor-column-gap-default\">\n\t\t\t\t\t<div class=\"elementor-column elementor-col-100 elementor-top-column elementor-element elementor-element-4cb2048\" data-id=\"4cb2048\" data-element_type=\"column\" data-e-type=\"column\">\n\t\t\t<div class=\"elementor-widget-wrap elementor-element-populated\">\n\t\t\t\t\t\t<div class=\"elementor-element elementor-element-330f094 elementor-widget elementor-widget-text-editor\" data-id=\"330f094\" data-element_type=\"widget\" data-e-type=\"widget\" data-widget_type=\"text-editor.default\">\n\t\t\t\t<div class=\"elementor-widget-container\">\n\t\t\t\t\t\t\t\t\t<p><span style=\"font-weight: 400;\">Se sei qui, \u00e8 perch\u00e9 stai cercando un <strong>alloggio a Torri del Benaco<\/strong>, quel grazioso paese sulle rive del Lago di Garda che splende di luce propria. Questa cittadina conserva l&#8217;essenza di un luogo medievale, protetta da mura e torri di pietra, oltre a un porto romano e numerosi siti preistorici.\u00a0<\/span><\/p><p><span style=\"font-weight: 400;\">Questa destinazione pittoresca \u00e8 stata scelta pi\u00f9 volte da celebrit\u00e0 come Laurence Olivier, Maria Callas, Jacques Piccard e il monarca Juan Carlos I. <\/span><\/p><p><span style=\"font-weight: 400;\">Miriamo a fornire tutte le informazioni possibili per i viaggiatori che pianificano di <strong>prenotare un B&amp;B<\/strong>, utili per prendere decisioni prima di visitare questa bellissima citt\u00e0 nel nord Italia.<\/span><\/p>\t\t\t\t\t\t\t\t<\/div>\n\t\t\t\t<\/div>\n\t\t\t\t\t<\/div>\n\t\t<\/div>\n\t\t\t\t\t<\/div>\n\t\t<\/section>\n\t\t\t\t<section class=\"elementor-section elementor-top-section elementor-element elementor-element-8efd8a8 elementor-section-boxed elementor-section-height-default elementor-section-height-default\" data-id=\"8efd8a8\" data-element_type=\"section\" data-e-type=\"section\">\n\t\t\t\t\t\t<div class=\"elementor-container elementor-column-gap-default\">\n\t\t\t\t\t<div class=\"elementor-column elementor-col-100 elementor-top-column elementor-element elementor-element-b586af7\" data-id=\"b586af7\" data-element_type=\"column\" data-e-type=\"column\">\n\t\t\t<div class=\"elementor-widget-wrap elementor-element-populated\">\n\t\t\t\t\t\t<div class=\"elementor-element elementor-element-d2ec697 elementor-widget elementor-widget-heading\" data-id=\"d2ec697\" data-element_type=\"widget\" data-e-type=\"widget\" data-widget_type=\"heading.default\">\n\t\t\t\t<div class=\"elementor-widget-container\">\n\t\t\t\t\t<h2 class=\"elementor-heading-title elementor-size-default\">Iniziamo scegliendo il momento migliore per visitare e affittare un B&amp;B a Torri del Benaco.<\/h2>\t\t\t\t<\/div>\n\t\t\t\t<\/div>\n\t\t\t\t<div class=\"elementor-element elementor-element-abbe22f elementor-widget elementor-widget-text-editor\" data-id=\"abbe22f\" data-element_type=\"widget\" data-e-type=\"widget\" data-widget_type=\"text-editor.default\">\n\t\t\t\t<div class=\"elementor-widget-container\">\n\t\t\t\t\t\t\t\t\t<p><span style=\"font-weight: 400;\">Situato sul Lago di Garda, presenta un clima che varia abbastanza nel corso dell&#8217;anno, determinando il momento migliore per visitare secondo le preferenze.<\/span><\/p>\t\t\t\t\t\t\t\t<\/div>\n\t\t\t\t<\/div>\n\t\t\t\t\t<\/div>\n\t\t<\/div>\n\t\t\t\t\t<\/div>\n\t\t<\/section>\n\t\t\t\t<section class=\"elementor-section elementor-top-section elementor-element elementor-element-9715865 elementor-section-boxed elementor-section-height-default elementor-section-height-default\" data-id=\"9715865\" data-element_type=\"section\" data-e-type=\"section\">\n\t\t\t\t\t\t<div class=\"elementor-container elementor-column-gap-default\">\n\t\t\t\t\t<div class=\"elementor-column elementor-col-66 elementor-top-column elementor-element elementor-element-7b326f7\" data-id=\"7b326f7\" data-element_type=\"column\" data-e-type=\"column\">\n\t\t\t<div class=\"elementor-widget-wrap elementor-element-populated\">\n\t\t\t\t\t\t<div class=\"elementor-element elementor-element-0548bce elementor-widget elementor-widget-heading\" data-id=\"0548bce\" data-element_type=\"widget\" data-e-type=\"widget\" data-widget_type=\"heading.default\">\n\t\t\t\t<div class=\"elementor-widget-container\">\n\t\t\t\t\t<h4 class=\"elementor-heading-title elementor-size-default\">La primavera (marzo - maggio)<\/h4>\t\t\t\t<\/div>\n\t\t\t\t<\/div>\n\t\t\t\t<div class=\"elementor-element elementor-element-c4a311e elementor-widget elementor-widget-text-editor\" data-id=\"c4a311e\" data-element_type=\"widget\" data-e-type=\"widget\" data-widget_type=\"text-editor.default\">\n\t\t\t\t<div class=\"elementor-widget-container\">\n\t\t\t\t\t\t\t\t\t<p><span style=\"font-weight: 400;\">vede un aumento progressivo delle temperature e della durata del giorno, con un incremento graduale della pioggia, specialmente verso fine maggio, rendendola un&#8217;ottima stagione per chi ama il risveglio della natura e temperature pi\u00f9 miti.<\/span><\/p>\t\t\t\t\t\t\t\t<\/div>\n\t\t\t\t<\/div>\n\t\t\t\t\t<\/div>\n\t\t<\/div>\n\t\t\t\t<div class=\"elementor-column elementor-col-33 elementor-top-column elementor-element elementor-element-247430e\" data-id=\"247430e\" data-element_type=\"column\" data-e-type=\"column\">\n\t\t\t<div class=\"elementor-widget-wrap elementor-element-populated\">\n\t\t\t\t\t\t<div class=\"elementor-element elementor-element-16db261 elementor-widget elementor-widget-image\" data-id=\"16db261\" data-element_type=\"widget\" data-e-type=\"widget\" data-widget_type=\"image.default\">\n\t\t\t\t<div class=\"elementor-widget-container\">\n\t\t\t\t\t\t\t\t\t\t\t\t\t\t\t<img fetchpriority=\"high\" decoding=\"async\" width=\"300\" height=\"276\" src=\"https:\/\/www.domusrental.com\/blog\/wp-content\/uploads\/2023\/12\/torri-del-benaco-spring-380x350.jpg\" class=\"attachment-medium size-medium wp-image-798\" alt=\"torri del benaco spring\" \/>\t\t\t\t\t\t\t\t\t\t\t\t\t\t\t<\/div>\n\t\t\t\t<\/div>\n\t\t\t\t\t<\/div>\n\t\t<\/div>\n\t\t\t\t\t<\/div>\n\t\t<\/section>\n\t\t\t\t<section class=\"elementor-section elementor-top-section elementor-element elementor-element-88a68fa elementor-section-boxed elementor-section-height-default elementor-section-height-default\" data-id=\"88a68fa\" data-element_type=\"section\" data-e-type=\"section\">\n\t\t\t\t\t\t<div class=\"elementor-container elementor-column-gap-default\">\n\t\t\t\t\t<div class=\"elementor-column elementor-col-66 elementor-top-column elementor-element elementor-element-c03f570\" data-id=\"c03f570\" data-element_type=\"column\" data-e-type=\"column\">\n\t\t\t<div class=\"elementor-widget-wrap elementor-element-populated\">\n\t\t\t\t\t\t<div class=\"elementor-element elementor-element-87daa19 elementor-widget elementor-widget-heading\" data-id=\"87daa19\" data-element_type=\"widget\" data-e-type=\"widget\" data-widget_type=\"heading.default\">\n\t\t\t\t<div class=\"elementor-widget-container\">\n\t\t\t\t\t<h4 class=\"elementor-heading-title elementor-size-default\">L'estate (giugno - agosto)<\/h4>\t\t\t\t<\/div>\n\t\t\t\t<\/div>\n\t\t\t\t<div class=\"elementor-element elementor-element-e6bc0f4 elementor-widget elementor-widget-text-editor\" data-id=\"e6bc0f4\" data-element_type=\"widget\" data-e-type=\"widget\" data-widget_type=\"text-editor.default\">\n\t\t\t\t<div class=\"elementor-widget-container\">\n\t\t\t\t\t\t\t\t\t<p><span style=\"font-weight: 400;\">\u00e8 calda e prevalentemente serena, con luglio come mese pi\u00f9 limpido e minor probabilit\u00e0 di pioggia rispetto alla primavera, sebbene giugno tenda ad avere pi\u00f9 giorni di pioggia, rendendola ideale per attivit\u00e0 all&#8217;aperto e per godersi il lago.<\/span><\/p>\t\t\t\t\t\t\t\t<\/div>\n\t\t\t\t<\/div>\n\t\t\t\t\t<\/div>\n\t\t<\/div>\n\t\t\t\t<div class=\"elementor-column elementor-col-33 elementor-top-column elementor-element elementor-element-c7b78d4\" data-id=\"c7b78d4\" data-element_type=\"column\" data-e-type=\"column\">\n\t\t\t<div class=\"elementor-widget-wrap elementor-element-populated\">\n\t\t\t\t\t\t<div class=\"elementor-element elementor-element-414f04c elementor-widget elementor-widget-image\" data-id=\"414f04c\" data-element_type=\"widget\" data-e-type=\"widget\" data-widget_type=\"image.default\">\n\t\t\t\t<div class=\"elementor-widget-container\">\n\t\t\t\t\t\t\t\t\t\t\t\t\t\t\t<img decoding=\"async\" width=\"300\" height=\"276\" src=\"https:\/\/www.domusrental.com\/blog\/wp-content\/uploads\/2023\/12\/torri-del-benaco-summer-380x350.jpg\" class=\"attachment-medium size-medium wp-image-801\" alt=\"torri del benaco summer\" \/>\t\t\t\t\t\t\t\t\t\t\t\t\t\t\t<\/div>\n\t\t\t\t<\/div>\n\t\t\t\t\t<\/div>\n\t\t<\/div>\n\t\t\t\t\t<\/div>\n\t\t<\/section>\n\t\t\t\t<section class=\"elementor-section elementor-top-section elementor-element elementor-element-5724008 elementor-section-boxed elementor-section-height-default elementor-section-height-default\" data-id=\"5724008\" data-element_type=\"section\" data-e-type=\"section\">\n\t\t\t\t\t\t<div class=\"elementor-container elementor-column-gap-default\">\n\t\t\t\t\t<div class=\"elementor-column elementor-col-66 elementor-top-column elementor-element elementor-element-4c27d52\" data-id=\"4c27d52\" data-element_type=\"column\" data-e-type=\"column\">\n\t\t\t<div class=\"elementor-widget-wrap elementor-element-populated\">\n\t\t\t\t\t\t<div class=\"elementor-element elementor-element-8292db3 elementor-widget elementor-widget-heading\" data-id=\"8292db3\" data-element_type=\"widget\" data-e-type=\"widget\" data-widget_type=\"heading.default\">\n\t\t\t\t<div class=\"elementor-widget-container\">\n\t\t\t\t\t<h4 class=\"elementor-heading-title elementor-size-default\">L'autunno (settembre - novembre)<\/h4>\t\t\t\t<\/div>\n\t\t\t\t<\/div>\n\t\t\t\t<div class=\"elementor-element elementor-element-166a47b elementor-widget elementor-widget-text-editor\" data-id=\"166a47b\" data-element_type=\"widget\" data-e-type=\"widget\" data-widget_type=\"text-editor.default\">\n\t\t\t\t<div class=\"elementor-widget-container\">\n\t\t\t\t\t\t\t\t\t<p><span style=\"font-weight: 400;\">vede un abbassamento delle temperature e una riduzione della durata del giorno rispetto all&#8217;estate, con un aumento della pioggia, facendo di ottobre il mese pi\u00f9 piovoso, rendendolo un periodo adatto per chi preferisce un clima pi\u00f9 fresco e godersi i colori autunnali.<\/span><\/p>\t\t\t\t\t\t\t\t<\/div>\n\t\t\t\t<\/div>\n\t\t\t\t\t<\/div>\n\t\t<\/div>\n\t\t\t\t<div class=\"elementor-column elementor-col-33 elementor-top-column elementor-element elementor-element-1725cd0\" data-id=\"1725cd0\" data-element_type=\"column\" data-e-type=\"column\">\n\t\t\t<div class=\"elementor-widget-wrap elementor-element-populated\">\n\t\t\t\t\t\t<div class=\"elementor-element elementor-element-cb38c39 elementor-widget elementor-widget-image\" data-id=\"cb38c39\" data-element_type=\"widget\" data-e-type=\"widget\" data-widget_type=\"image.default\">\n\t\t\t\t<div class=\"elementor-widget-container\">\n\t\t\t\t\t\t\t\t\t\t\t\t\t\t\t<img decoding=\"async\" width=\"300\" height=\"276\" src=\"https:\/\/www.domusrental.com\/blog\/wp-content\/uploads\/2023\/12\/torri-del-benaco-autum-380x350.jpg\" class=\"attachment-medium size-medium wp-image-795\" alt=\"torri del benaco autum\" \/>\t\t\t\t\t\t\t\t\t\t\t\t\t\t\t<\/div>\n\t\t\t\t<\/div>\n\t\t\t\t\t<\/div>\n\t\t<\/div>\n\t\t\t\t\t<\/div>\n\t\t<\/section>\n\t\t\t\t<section class=\"elementor-section elementor-top-section elementor-element elementor-element-d613c6c elementor-section-boxed elementor-section-height-default elementor-section-height-default\" data-id=\"d613c6c\" data-element_type=\"section\" data-e-type=\"section\">\n\t\t\t\t\t\t<div class=\"elementor-container elementor-column-gap-default\">\n\t\t\t\t\t<div class=\"elementor-column elementor-col-66 elementor-top-column elementor-element elementor-element-482f3da\" data-id=\"482f3da\" data-element_type=\"column\" data-e-type=\"column\">\n\t\t\t<div class=\"elementor-widget-wrap elementor-element-populated\">\n\t\t\t\t\t\t<div class=\"elementor-element elementor-element-84c96a3 elementor-widget elementor-widget-heading\" data-id=\"84c96a3\" data-element_type=\"widget\" data-e-type=\"widget\" data-widget_type=\"heading.default\">\n\t\t\t\t<div class=\"elementor-widget-container\">\n\t\t\t\t\t<h4 class=\"elementor-heading-title elementor-size-default\">L'inverno (dicembre - febbraio)<\/h4>\t\t\t\t<\/div>\n\t\t\t\t<\/div>\n\t\t\t\t<div class=\"elementor-element elementor-element-333031f elementor-widget elementor-widget-text-editor\" data-id=\"333031f\" data-element_type=\"widget\" data-e-type=\"widget\" data-widget_type=\"text-editor.default\">\n\t\t\t\t<div class=\"elementor-widget-container\">\n\t\t\t\t\t\t\t\t\t<p><span style=\"font-weight: 400;\">\u00e8 freddo e pi\u00f9 probabile che sia nuvoloso, con novembre come mese pi\u00f9 nuvoloso, rendendolo meno turistico, ideale per chi cerca tranquillit\u00e0.<\/span><\/p>\t\t\t\t\t\t\t\t<\/div>\n\t\t\t\t<\/div>\n\t\t\t\t\t<\/div>\n\t\t<\/div>\n\t\t\t\t<div class=\"elementor-column elementor-col-33 elementor-top-column elementor-element elementor-element-c2f5d6e\" data-id=\"c2f5d6e\" data-element_type=\"column\" data-e-type=\"column\">\n\t\t\t<div class=\"elementor-widget-wrap elementor-element-populated\">\n\t\t\t\t\t\t<div class=\"elementor-element elementor-element-f155420 elementor-widget elementor-widget-image\" data-id=\"f155420\" data-element_type=\"widget\" data-e-type=\"widget\" data-widget_type=\"image.default\">\n\t\t\t\t<div class=\"elementor-widget-container\">\n\t\t\t\t\t\t\t\t\t\t\t\t\t\t\t<img loading=\"lazy\" decoding=\"async\" width=\"300\" height=\"276\" src=\"https:\/\/www.domusrental.com\/blog\/wp-content\/uploads\/2023\/12\/torri-del-benaco-winter-380x350.jpg\" class=\"attachment-medium size-medium wp-image-804\" alt=\"torri del benaco winter\" \/>\t\t\t\t\t\t\t\t\t\t\t\t\t\t\t<\/div>\n\t\t\t\t<\/div>\n\t\t\t\t\t<\/div>\n\t\t<\/div>\n\t\t\t\t\t<\/div>\n\t\t<\/section>\n\t\t\t\t<section class=\"elementor-section elementor-top-section elementor-element elementor-element-5bf482b elementor-section-boxed elementor-section-height-default elementor-section-height-default\" data-id=\"5bf482b\" data-element_type=\"section\" data-e-type=\"section\">\n\t\t\t\t\t\t<div class=\"elementor-container elementor-column-gap-default\">\n\t\t\t\t\t<div class=\"elementor-column elementor-col-100 elementor-top-column elementor-element elementor-element-9430d3b\" data-id=\"9430d3b\" data-element_type=\"column\" data-e-type=\"column\">\n\t\t\t<div class=\"elementor-widget-wrap elementor-element-populated\">\n\t\t\t\t\t\t<div class=\"elementor-element elementor-element-6f46af4 elementor-widget elementor-widget-heading\" data-id=\"6f46af4\" data-element_type=\"widget\" data-e-type=\"widget\" data-widget_type=\"heading.default\">\n\t\t\t\t<div class=\"elementor-widget-container\">\n\t\t\t\t\t<h2 class=\"elementor-heading-title elementor-size-default\">Parliamo della posizione di questo gioiello di citt\u00e0 sul Lago di Garda e di come arrivarci.<\/h2>\t\t\t\t<\/div>\n\t\t\t\t<\/div>\n\t\t\t\t<div class=\"elementor-element elementor-element-bffd288 elementor-widget elementor-widget-text-editor\" data-id=\"bffd288\" data-element_type=\"widget\" data-e-type=\"widget\" data-widget_type=\"text-editor.default\">\n\t\t\t\t<div class=\"elementor-widget-container\">\n\t\t\t\t\t\t\t\t\t<p><span style=\"font-weight: 400;\">Torri del Benaco si trova sul Lago di Garda, il lago pi\u00f9 grande di tutta l&#8217;Italia, situato nel nord del paese nella regione Veneto, tra le Alpi e la Pianura Padana, vicino a Verona e Brescia.\u00a0<\/span><\/p><p><span style=\"font-weight: 400;\">Si pu\u00f2 arrivare in auto, godendo dei pittoreschi paesaggi italiani lungo il tragitto, o preferendo i trasporti pubblici, con treni e autobus che collegano Torri del Benaco con diverse citt\u00e0 come Verona e Brescia, sebbene possa essere necessario combinare diverse modalit\u00e0 di trasporto.\u00a0<\/span><\/p><p><span style=\"font-weight: 400;\">Per chi viaggia da pi\u00f9 lontano, c&#8217;\u00e8 l&#8217;opzione di volare all&#8217;aeroporto di Verona e poi continuare il viaggio su strada o con trasporti pubblici.\u00a0<\/span><\/p><p><span style=\"font-weight: 400;\">Una volta a Torri del Benaco, c&#8217;\u00e8 un <a href=\"https:\/\/torri-del-benaco.net\/traghetto-torri-del-benaco-toscolano-maderno-lago-di-garda\/\">servizio di traghetto<\/a> che collega la citt\u00e0 con la riva opposta del lago e consente di attraversarlo comodamente per visitare i piccoli paesi di quella parte senza la necessit\u00e0 di un grande deviazione.<\/span><\/p>\t\t\t\t\t\t\t\t<\/div>\n\t\t\t\t<\/div>\n\t\t\t\t<div class=\"elementor-element elementor-element-6239c24 elementor-widget elementor-widget-image\" data-id=\"6239c24\" data-element_type=\"widget\" data-e-type=\"widget\" data-widget_type=\"image.default\">\n\t\t\t\t<div class=\"elementor-widget-container\">\n\t\t\t\t\t\t\t\t\t\t\t\t\t\t\t<img loading=\"lazy\" decoding=\"async\" width=\"1400\" height=\"583\" src=\"https:\/\/www.domusrental.com\/blog\/wp-content\/uploads\/2023\/12\/holidays-torri-del-benaco-garda.jpg\" class=\"attachment-full size-full wp-image-816\" alt=\"vacanze torri del benaco garda\" srcset=\"https:\/\/www.domusrental.com\/blog\/wp-content\/uploads\/2023\/12\/holidays-torri-del-benaco-garda.jpg 1400w, https:\/\/www.domusrental.com\/blog\/wp-content\/uploads\/2023\/12\/holidays-torri-del-benaco-garda-768x320.jpg 768w\" sizes=\"(max-width: 1400px) 100vw, 1400px\" \/>\t\t\t\t\t\t\t\t\t\t\t\t\t\t\t<\/div>\n\t\t\t\t<\/div>\n\t\t\t\t\t<\/div>\n\t\t<\/div>\n\t\t\t\t\t<\/div>\n\t\t<\/section>\n\t\t\t\t<section class=\"elementor-section elementor-top-section elementor-element elementor-element-84ec6da elementor-section-boxed elementor-section-height-default elementor-section-height-default\" data-id=\"84ec6da\" data-element_type=\"section\" data-e-type=\"section\">\n\t\t\t\t\t\t<div class=\"elementor-container elementor-column-gap-default\">\n\t\t\t\t\t<div class=\"elementor-column elementor-col-100 elementor-top-column elementor-element elementor-element-1cf339f\" data-id=\"1cf339f\" data-element_type=\"column\" data-e-type=\"column\">\n\t\t\t<div class=\"elementor-widget-wrap elementor-element-populated\">\n\t\t\t\t\t\t<div class=\"elementor-element elementor-element-0bef632 elementor-widget elementor-widget-heading\" data-id=\"0bef632\" data-element_type=\"widget\" data-e-type=\"widget\" data-widget_type=\"heading.default\">\n\t\t\t\t<div class=\"elementor-widget-container\">\n\t\t\t\t\t<h2 class=\"elementor-heading-title elementor-size-default\">Ora che comprendiamo le stagioni e la posizione, vediamo quali tipi di appartamenti possiamo trovare a Torri del Benaco e cosa aspettarci da loro.<\/h2>\t\t\t\t<\/div>\n\t\t\t\t<\/div>\n\t\t\t\t<div class=\"elementor-element elementor-element-7c90a6d elementor-widget elementor-widget-text-editor\" data-id=\"7c90a6d\" data-element_type=\"widget\" data-e-type=\"widget\" data-widget_type=\"text-editor.default\">\n\t\t\t\t<div class=\"elementor-widget-container\">\n\t\t\t\t\t\t\t\t\t<p><span style=\"font-weight: 400;\">In Torri del Benaco, puoi trovare una variet\u00e0 di alloggi adatti sia a coppie che a famiglie.\u00a0<\/span><\/p><p><span style=\"font-weight: 400;\"><strong>Per le coppie<\/strong>: Potete optare per appartamenti eleganti e privati, che offrono un&#8217;atmosfera pi\u00f9 intima e confortevole per una fuga romantica. Questi appartamenti di solito sono dotati di tutti i comfort e sono ben posizionati per esplorare la zona. Tenete presente che la citt\u00e0 non \u00e8 troppo grande, quindi oltre a trovare un appartamento con vista sul lago, tutti gli alloggi avranno un&#8217;ottima posizione per conoscere il posto.\u00a0<\/span><\/p><p><span style=\"font-weight: 400;\"><strong>Per le Famiglie<\/strong>: Se viaggi con la famiglia, potresti considerare di affittare una villa o uno chalet, ma \u00e8 anche facile trovare appartamenti vacanza pi\u00f9 grandi. Queste sono opzioni con pi\u00f9 spazio, pi\u00f9 camere da letto e aree comuni, ideali per famiglie o gruppi numerosi. Inoltre, molte di queste propriet\u00e0 includono l&#8217;accesso a piscine e giardini, rendendole ideali per un soggiorno pi\u00f9 lungo e rilassante.<\/span><\/p>\t\t\t\t\t\t\t\t<\/div>\n\t\t\t\t<\/div>\n\t\t\t\t<div class=\"elementor-element elementor-element-6916f4f elementor-widget elementor-widget-image-gallery\" data-id=\"6916f4f\" data-element_type=\"widget\" data-e-type=\"widget\" data-widget_type=\"image-gallery.default\">\n\t\t\t\t<div class=\"elementor-widget-container\">\n\t\t\t\t\t\t\t<div class=\"elementor-image-gallery\">\n\t\t\t<div id='gallery-1' class='gallery galleryid-910 gallery-columns-4 gallery-size-medium'><figure class='gallery-item'>\n\t\t\t<div class='gallery-icon landscape'>\n\t\t\t\t<img loading=\"lazy\" decoding=\"async\" width=\"300\" height=\"276\" src=\"https:\/\/www.domusrental.com\/blog\/wp-content\/uploads\/2023\/12\/apartment-torri-del-benaco-design-380x350.jpg\" class=\"attachment-medium size-medium\" alt=\"apartment torri del benaco design\" \/>\n\t\t\t<\/div><\/figure><figure class='gallery-item'>\n\t\t\t<div class='gallery-icon landscape'>\n\t\t\t\t<img loading=\"lazy\" decoding=\"async\" width=\"300\" height=\"276\" src=\"https:\/\/www.domusrental.com\/blog\/wp-content\/uploads\/2023\/12\/apartment-torri-del-benaco-couples-380x350.jpg\" class=\"attachment-medium size-medium\" alt=\"apartment torri del benaco for couples\" \/>\n\t\t\t<\/div><\/figure><figure class='gallery-item'>\n\t\t\t<div class='gallery-icon landscape'>\n\t\t\t\t<img loading=\"lazy\" decoding=\"async\" width=\"300\" height=\"276\" src=\"https:\/\/www.domusrental.com\/blog\/wp-content\/uploads\/2023\/12\/apartment-torri-del-benaco-lake-views-380x350.jpg\" class=\"attachment-medium size-medium\" alt=\"apartment torri del benaco lake views\" \/>\n\t\t\t<\/div><\/figure><figure class='gallery-item'>\n\t\t\t<div class='gallery-icon landscape'>\n\t\t\t\t<img loading=\"lazy\" decoding=\"async\" width=\"300\" height=\"276\" src=\"https:\/\/www.domusrental.com\/blog\/wp-content\/uploads\/2023\/12\/apartment-torri-del-benaco-families-380x350.jpg\" class=\"attachment-medium size-medium\" alt=\"apartment torri del benaco for families\" \/>\n\t\t\t<\/div><\/figure><figure class='gallery-item'>\n\t\t\t<div class='gallery-icon landscape'>\n\t\t\t\t<img loading=\"lazy\" decoding=\"async\" width=\"300\" height=\"276\" src=\"https:\/\/www.domusrental.com\/blog\/wp-content\/uploads\/2023\/12\/apartment-torri-del-benaco-pool-380x350.jpg\" class=\"attachment-medium size-medium\" alt=\"apartment torri del benaco pool\" \/>\n\t\t\t<\/div><\/figure><figure class='gallery-item'>\n\t\t\t<div class='gallery-icon landscape'>\n\t\t\t\t<img loading=\"lazy\" decoding=\"async\" width=\"300\" height=\"276\" src=\"https:\/\/www.domusrental.com\/blog\/wp-content\/uploads\/2023\/12\/apartment-torri-del-benaco-kitchen-380x350.jpg\" class=\"attachment-medium size-medium\" alt=\"apartment torri del benaco kitchen\" \/>\n\t\t\t<\/div><\/figure><figure class='gallery-item'>\n\t\t\t<div class='gallery-icon landscape'>\n\t\t\t\t<img loading=\"lazy\" decoding=\"async\" width=\"300\" height=\"276\" src=\"https:\/\/www.domusrental.com\/blog\/wp-content\/uploads\/2023\/12\/apartment-torri-del-benaco-views-380x350.jpg\" class=\"attachment-medium size-medium\" alt=\"apartment torri del benaco views\" \/>\n\t\t\t<\/div><\/figure><figure class='gallery-item'>\n\t\t\t<div class='gallery-icon landscape'>\n\t\t\t\t<img loading=\"lazy\" decoding=\"async\" width=\"300\" height=\"276\" src=\"https:\/\/www.domusrental.com\/blog\/wp-content\/uploads\/2023\/12\/apartment-torri-del-benaco-center-380x350.jpg\" class=\"attachment-medium size-medium\" alt=\"apartment torri del benaco center\" \/>\n\t\t\t<\/div><\/figure>\n\t\t<\/div>\n\t\t<\/div>\n\t\t\t\t\t\t<\/div>\n\t\t\t\t<\/div>\n\t\t\t\t<div class=\"elementor-element elementor-element-401b286 elementor-widget elementor-widget-text-editor\" data-id=\"401b286\" data-element_type=\"widget\" data-e-type=\"widget\" data-widget_type=\"text-editor.default\">\n\t\t\t\t<div class=\"elementor-widget-container\">\n\t\t\t\t\t\t\t\t\t<p><span style=\"font-weight: 400;\">Prezzi: Gli appartamenti vacanza sono molto popolari nella zona. Puoi trovare una vasta gamma di appartamenti a Torri del Benaco, da \u20ac130 a notte fino a \u20ac240 a notte, con un prezzo medio degli alloggi intorno ai \u20ac160. <a href=\"https:\/\/www.domusrental.com\/it\/affitti\/affitti-torri-del-benaco-d66838\/\">Consulta tutti gli appartamenti disponibili qui<\/a>.<\/span><\/p><p><span style=\"font-weight: 400;\">I prezzi variano ampiamente a seconda della stagione, della posizione e delle dotazioni della propriet\u00e0. Ad esempio, un elegante appartamento nel centro pu\u00f2 avere un prezzo diverso rispetto a una villa pi\u00f9 remota con vista sul lago.\u00a0<\/span><\/p><p><span style=\"font-weight: 400;\">I prezzi possono anche variare in base alla stagione, con possibili aumenti durante i mesi estivi, che \u00e8 l&#8217;alta stagione nella regione.\u00a0<\/span><\/p><p><b>Prenotazioni e Disponibilit\u00e0<\/b><span style=\"font-weight: 400;\">: Ti consiglio di consultare il nostro sito web di prenotazioni per ottenere un&#8217;idea pi\u00f9 precisa dei prezzi e della disponibilit\u00e0. Troverai una vasta gamma di opzioni dove puoi filtrare per tipo di alloggio, prezzo, dotazioni e altri criteri. <\/span><\/p>\t\t\t\t\t\t\t\t<\/div>\n\t\t\t\t<\/div>\n\t\t\t\t\t<\/div>\n\t\t<\/div>\n\t\t\t\t\t<\/div>\n\t\t<\/section>\n\t\t\t\t<section class=\"elementor-section elementor-top-section elementor-element elementor-element-e91979a elementor-section-boxed elementor-section-height-default elementor-section-height-default\" data-id=\"e91979a\" data-element_type=\"section\" data-e-type=\"section\">\n\t\t\t\t\t\t<div class=\"elementor-container elementor-column-gap-default\">\n\t\t\t\t\t<div class=\"elementor-column elementor-col-100 elementor-top-column elementor-element elementor-element-a2e60d4\" data-id=\"a2e60d4\" data-element_type=\"column\" data-e-type=\"column\">\n\t\t\t<div class=\"elementor-widget-wrap elementor-element-populated\">\n\t\t\t\t\t\t<div class=\"elementor-element elementor-element-f9ee756 elementor-widget elementor-widget-heading\" data-id=\"f9ee756\" data-element_type=\"widget\" data-e-type=\"widget\" data-widget_type=\"heading.default\">\n\t\t\t\t<div class=\"elementor-widget-container\">\n\t\t\t\t\t<h2 class=\"elementor-heading-title elementor-size-default\">Tutti i comfort per le tue vacanze a Torri del Benaco sono a pochi clic di distanza.\n<\/h2>\t\t\t\t<\/div>\n\t\t\t\t<\/div>\n\t\t\t\t<div class=\"elementor-element elementor-element-961ccb9 elementor-widget elementor-widget-text-editor\" data-id=\"961ccb9\" data-element_type=\"widget\" data-e-type=\"widget\" data-widget_type=\"text-editor.default\">\n\t\t\t\t<div class=\"elementor-widget-container\">\n\t\t\t\t\t\t\t\t\t<p><span style=\"font-weight: 400;\">Gli appartamenti vacanza nella zona del Lago di Garda, inclusi quelli a Torri del Benaco, di solito offrono una variet\u00e0 di servizi per garantire un soggiorno confortevole e piacevole. Ecco un elenco generale dei servizi che potresti aspettarti di trovare:\u00a0<\/span><\/p><p><span style=\"font-weight: 400;\"><strong>Cucina Completa<\/strong>: Molti affitti di appartamenti in questa zona sono dotati di cucine completamente attrezzate, consentendo agli ospiti di preparare i propri pasti. Questo spesso include elettrodomestici come frigoriferi, forni, microonde o lavastoviglie.\u00a0<\/span><\/p><p><span style=\"font-weight: 400;\"><strong>Spazi all&#8217;Aperto<\/strong>: A seconda della propriet\u00e0, potresti trovare terrazze, balconi o giardini, spesso con vista sul lago o sulle montagne circostanti.\u00a0<\/span><\/p><p><span style=\"font-weight: 400;\"><strong>Piscine e Aree Benessere<\/strong>: Alcuni appartamenti offrono l&#8217;accesso a piscine private o condivise. \u00c8 anche comune trovare propriet\u00e0 con aree benessere come saune o jacuzzi.\u00a0<\/span><\/p><p><span style=\"font-weight: 400;\"><strong>Connessione Internet e Intrattenimento<\/strong>: La maggior parte degli alloggi offre Wi-Fi gratuito. Puoi anche trovare opzioni con TV via cavo o satellitare.\u00a0<\/span><\/p><p><span style=\"font-weight: 400;\"><strong>Aria Condizionata e Riscaldamento<\/strong>: Dato che il clima sul Lago di Garda pu\u00f2 essere caldo in estate e fresco in inverno, la maggior parte degli appartamenti \u00e8 dotata di aria condizionata e riscaldamento.\u00a0<\/span><\/p><p><span style=\"font-weight: 400;\"><strong>Lavanderia<\/strong>: Alcuni alloggi includono lavatrici e asciugatrici, il che \u00e8 particolarmente utile per soggiorni pi\u00f9 lunghi.\u00a0<\/span><\/p><p><span style=\"font-weight: 400;\"><strong>Parcheggio<\/strong>: Molti affitti vacanza offrono parcheggi privati, il che \u00e8 conveniente se decidi di noleggiare un&#8217;auto.\u00a0<\/span><\/p><p><span style=\"font-weight: 400;\"><strong>Sicurezza<\/strong>: Caratteristiche di sicurezza come casseforti, sistemi di allarme e serrature sicure sono comuni in molte propriet\u00e0.\u00a0<\/span><\/p><p><span style=\"font-weight: 400;\"><strong>Strutture per Famiglie<\/strong>: Se viaggi con bambini, puoi cercare alloggi che offrano servizi adatti alle famiglie come culle, seggioloni e aree gioco.\u00a0<\/span><\/p><p><span style=\"font-weight: 400;\"><strong>Accesso Diretto al Lago o Prossimit\u00e0<\/strong>: Alcune propriet\u00e0 offrono accesso diretto al Lago di Garda o sono situate molto vicino alla riva, consentendo di godere facilmente delle attivit\u00e0 acquatiche e della spiaggia.\u00a0<\/span><\/p><p><span style=\"font-weight: 400;\">\u00c8 importante controllare gli annunci specifici degli <strong>appartamenti per ottenere dettagli precisi sui servizi disponibili<\/strong>, poich\u00e9 possono variare a seconda della propriet\u00e0.<\/span><\/p>\t\t\t\t\t\t\t\t<\/div>\n\t\t\t\t<\/div>\n\t\t\t\t<div class=\"elementor-element elementor-element-4339be7 elementor-widget elementor-widget-image\" data-id=\"4339be7\" data-element_type=\"widget\" data-e-type=\"widget\" data-widget_type=\"image.default\">\n\t\t\t\t<div class=\"elementor-widget-container\">\n\t\t\t\t\t\t\t\t\t\t\t\t\t\t\t<img loading=\"lazy\" decoding=\"async\" width=\"1400\" height=\"583\" src=\"https:\/\/www.domusrental.com\/blog\/wp-content\/uploads\/2023\/12\/torri-del-benaco-garda-lake-tourism.jpg\" class=\"attachment-full size-full wp-image-917\" alt=\"torri del benaco garda lake tourism\" srcset=\"https:\/\/www.domusrental.com\/blog\/wp-content\/uploads\/2023\/12\/torri-del-benaco-garda-lake-tourism.jpg 1400w, https:\/\/www.domusrental.com\/blog\/wp-content\/uploads\/2023\/12\/torri-del-benaco-garda-lake-tourism-768x320.jpg 768w\" sizes=\"(max-width: 1400px) 100vw, 1400px\" \/>\t\t\t\t\t\t\t\t\t\t\t\t\t\t\t<\/div>\n\t\t\t\t<\/div>\n\t\t\t\t\t<\/div>\n\t\t<\/div>\n\t\t\t\t\t<\/div>\n\t\t<\/section>\n\t\t\t\t<section class=\"elementor-section elementor-top-section elementor-element elementor-element-bb346ce elementor-section-boxed elementor-section-height-default elementor-section-height-default\" data-id=\"bb346ce\" data-element_type=\"section\" data-e-type=\"section\">\n\t\t\t\t\t\t<div class=\"elementor-container elementor-column-gap-default\">\n\t\t\t\t\t<div class=\"elementor-column elementor-col-100 elementor-top-column elementor-element elementor-element-c22754b\" data-id=\"c22754b\" data-element_type=\"column\" data-e-type=\"column\">\n\t\t\t<div class=\"elementor-widget-wrap elementor-element-populated\">\n\t\t\t\t\t\t<div class=\"elementor-element elementor-element-21f278b elementor-widget elementor-widget-heading\" data-id=\"21f278b\" data-element_type=\"widget\" data-e-type=\"widget\" data-widget_type=\"heading.default\">\n\t\t\t\t<div class=\"elementor-widget-container\">\n\t\t\t\t\t<h2 class=\"elementor-heading-title elementor-size-default\">Concludiamo con tutte le Informazioni Turistiche Rilevanti Prima di Prenotare il Tuo Appartamento<\/h2>\t\t\t\t<\/div>\n\t\t\t\t<\/div>\n\t\t\t\t<div class=\"elementor-element elementor-element-fe5ee03 elementor-widget elementor-widget-text-editor\" data-id=\"fe5ee03\" data-element_type=\"widget\" data-e-type=\"widget\" data-widget_type=\"text-editor.default\">\n\t\t\t\t<div class=\"elementor-widget-container\">\n\t\t\t\t\t\t\t\t\t<p><span style=\"font-weight: 400;\">Torri del Benaco \u00e8 conosciuta per il suo bellissimo lago e paesaggi montuosi. Ci sono varie attivit\u00e0 come nuoto, vela, passeggiate attraverso sentieri naturali e visita di attrazioni locali come la seggiovia di Prada Costabella, il Parco Baia delle Sirene e <a href=\"https:\/\/www.canevaworld.it\/caneva-the-aquapark.html\">Canevaworld<\/a> &#8211; Aqua Paradise.\u00a0<\/span><\/p><p><span style=\"font-weight: 400;\">Vale la pena visitare Albisano, un balcone verde sul lago, o Crer, un&#8217;antica fattoria tra gli ulivi. L&#8217;offerta turistica si basa sul godersi il windsurf, la vela, le acque cristalline o le passeggiate, anche in mountain bike.<\/span><\/p>\t\t\t\t\t\t\t\t<\/div>\n\t\t\t\t<\/div>\n\t\t\t\t\t<\/div>\n\t\t<\/div>\n\t\t\t\t\t<\/div>\n\t\t<\/section>\n\t\t\t\t<section class=\"elementor-section elementor-top-section elementor-element elementor-element-f6dbf87 elementor-section-boxed elementor-section-height-default elementor-section-height-default\" data-id=\"f6dbf87\" data-element_type=\"section\" data-e-type=\"section\">\n\t\t\t\t\t\t<div class=\"elementor-container elementor-column-gap-default\">\n\t\t\t\t\t<div class=\"elementor-column elementor-col-50 elementor-top-column elementor-element elementor-element-ca8e55f\" data-id=\"ca8e55f\" data-element_type=\"column\" data-e-type=\"column\">\n\t\t\t<div class=\"elementor-widget-wrap elementor-element-populated\">\n\t\t\t\t\t\t<div class=\"elementor-element elementor-element-873337f elementor-widget elementor-widget-image\" data-id=\"873337f\" data-element_type=\"widget\" data-e-type=\"widget\" data-widget_type=\"image.default\">\n\t\t\t\t<div class=\"elementor-widget-container\">\n\t\t\t\t\t\t\t\t\t\t\t\t\t\t\t<img loading=\"lazy\" decoding=\"async\" width=\"800\" height=\"400\" src=\"https:\/\/www.domusrental.com\/blog\/wp-content\/uploads\/2023\/12\/torri-del-benaco-skyline.jpg\" class=\"attachment-large size-large wp-image-879\" alt=\"torri del benaco vacanze\" srcset=\"https:\/\/www.domusrental.com\/blog\/wp-content\/uploads\/2023\/12\/torri-del-benaco-skyline.jpg 1000w, https:\/\/www.domusrental.com\/blog\/wp-content\/uploads\/2023\/12\/torri-del-benaco-skyline-768x384.jpg 768w\" sizes=\"(max-width: 800px) 100vw, 800px\" \/>\t\t\t\t\t\t\t\t\t\t\t\t\t\t\t<\/div>\n\t\t\t\t<\/div>\n\t\t\t\t\t<\/div>\n\t\t<\/div>\n\t\t\t\t<div class=\"elementor-column elementor-col-50 elementor-top-column elementor-element elementor-element-07286f2\" data-id=\"07286f2\" data-element_type=\"column\" data-e-type=\"column\">\n\t\t\t<div class=\"elementor-widget-wrap elementor-element-populated\">\n\t\t\t\t\t\t<div class=\"elementor-element elementor-element-816fde8 elementor-widget elementor-widget-image\" data-id=\"816fde8\" data-element_type=\"widget\" data-e-type=\"widget\" data-widget_type=\"image.default\">\n\t\t\t\t<div class=\"elementor-widget-container\">\n\t\t\t\t\t\t\t\t\t\t\t\t\t\t\t<img loading=\"lazy\" decoding=\"async\" width=\"800\" height=\"400\" src=\"https:\/\/www.domusrental.com\/blog\/wp-content\/uploads\/2023\/12\/torri-del-benaco-port.jpg\" class=\"attachment-large size-large wp-image-876\" alt=\"torri del benaco port\" srcset=\"https:\/\/www.domusrental.com\/blog\/wp-content\/uploads\/2023\/12\/torri-del-benaco-port.jpg 1000w, https:\/\/www.domusrental.com\/blog\/wp-content\/uploads\/2023\/12\/torri-del-benaco-port-768x384.jpg 768w\" sizes=\"(max-width: 800px) 100vw, 800px\" \/>\t\t\t\t\t\t\t\t\t\t\t\t\t\t\t<\/div>\n\t\t\t\t<\/div>\n\t\t\t\t\t<\/div>\n\t\t<\/div>\n\t\t\t\t\t<\/div>\n\t\t<\/section>\n\t\t\t\t<section class=\"elementor-section elementor-top-section elementor-element elementor-element-9774e0a elementor-section-boxed elementor-section-height-default elementor-section-height-default\" data-id=\"9774e0a\" data-element_type=\"section\" data-e-type=\"section\">\n\t\t\t\t\t\t<div class=\"elementor-container elementor-column-gap-default\">\n\t\t\t\t\t<div class=\"elementor-column elementor-col-100 elementor-top-column elementor-element elementor-element-39d9fcd\" data-id=\"39d9fcd\" data-element_type=\"column\" data-e-type=\"column\">\n\t\t\t<div class=\"elementor-widget-wrap elementor-element-populated\">\n\t\t\t\t\t\t<div class=\"elementor-element elementor-element-defddb5 elementor-widget elementor-widget-heading\" data-id=\"defddb5\" data-element_type=\"widget\" data-e-type=\"widget\" data-widget_type=\"heading.default\">\n\t\t\t\t<div class=\"elementor-widget-container\">\n\t\t\t\t\t<h4 class=\"elementor-heading-title elementor-size-default\">Luoghi da non Perdere:\n<\/h4>\t\t\t\t<\/div>\n\t\t\t\t<\/div>\n\t\t\t\t<div class=\"elementor-element elementor-element-2b0b974 elementor-widget elementor-widget-text-editor\" data-id=\"2b0b974\" data-element_type=\"widget\" data-e-type=\"widget\" data-widget_type=\"text-editor.default\">\n\t\t\t\t<div class=\"elementor-widget-container\">\n\t\t\t\t\t\t\t\t\t<p><span style=\"font-weight: 400;\"><strong>Centro Storico<\/strong>: Passeggiare nel centro storico di Torri del Benaco \u00e8 un&#8217;esperienza deliziosa, con le sue strade strette, ristoranti e negozi.\u00a0<\/span><\/p><p><span style=\"font-weight: 400;\"><strong>Castello Scaligero<\/strong>: Un castello del XIV secolo che ora ospita un museo etnografico. Oratorio della Santissima Trinit\u00e0: Una cappella storica con affreschi del XV e XVI secolo.\u00a0<\/span><\/p><p><span style=\"font-weight: 400;\"><strong>Porto e Lungomare<\/strong>: Il porto e il lungomare sono ideali per passeggiare e godersi la vista sul lago.\u00a0<\/span><\/p><p><span style=\"font-weight: 400;\"><strong>Ponte Tibetano tra Crero e Pai<\/strong>: Un&#8217;attrazione per gli amanti dell&#8217;avventura, che offre viste mozzafiato sul lago.\u00a0<\/span><\/p><p><span style=\"font-weight: 400;\"><strong>Crociere sul Lago<\/strong>: Un ottimo modo per godersi il Lago di Garda \u00e8 prendere un traghetto per vedere le rive dall&#8217;acqua.<\/span><\/p>\t\t\t\t\t\t\t\t<\/div>\n\t\t\t\t<\/div>\n\t\t\t\t\t<\/div>\n\t\t<\/div>\n\t\t\t\t\t<\/div>\n\t\t<\/section>\n\t\t\t\t<section class=\"elementor-section elementor-top-section elementor-element elementor-element-56d2eba elementor-section-boxed elementor-section-height-default elementor-section-height-default\" data-id=\"56d2eba\" data-element_type=\"section\" data-e-type=\"section\">\n\t\t\t\t\t\t<div class=\"elementor-container elementor-column-gap-default\">\n\t\t\t\t\t<div class=\"elementor-column elementor-col-50 elementor-top-column elementor-element elementor-element-6f69aa7\" data-id=\"6f69aa7\" data-element_type=\"column\" data-e-type=\"column\">\n\t\t\t<div class=\"elementor-widget-wrap elementor-element-populated\">\n\t\t\t\t\t\t<div class=\"elementor-element elementor-element-bcfa5a2 elementor-widget elementor-widget-image\" data-id=\"bcfa5a2\" data-element_type=\"widget\" data-e-type=\"widget\" data-widget_type=\"image.default\">\n\t\t\t\t<div class=\"elementor-widget-container\">\n\t\t\t\t\t\t\t\t\t\t\t\t\t\t\t<img loading=\"lazy\" decoding=\"async\" width=\"800\" height=\"400\" src=\"https:\/\/www.domusrental.com\/blog\/wp-content\/uploads\/2023\/12\/torri-del-benaco-2.jpg\" class=\"attachment-large size-large wp-image-873\" alt=\"torri del benaco\" srcset=\"https:\/\/www.domusrental.com\/blog\/wp-content\/uploads\/2023\/12\/torri-del-benaco-2.jpg 1000w, https:\/\/www.domusrental.com\/blog\/wp-content\/uploads\/2023\/12\/torri-del-benaco-2-768x384.jpg 768w\" sizes=\"(max-width: 800px) 100vw, 800px\" \/>\t\t\t\t\t\t\t\t\t\t\t\t\t\t\t<\/div>\n\t\t\t\t<\/div>\n\t\t\t\t\t<\/div>\n\t\t<\/div>\n\t\t\t\t<div class=\"elementor-column elementor-col-50 elementor-top-column elementor-element elementor-element-95fe6b5\" data-id=\"95fe6b5\" data-element_type=\"column\" data-e-type=\"column\">\n\t\t\t<div class=\"elementor-widget-wrap elementor-element-populated\">\n\t\t\t\t\t\t<div class=\"elementor-element elementor-element-46d664a elementor-widget elementor-widget-image\" data-id=\"46d664a\" data-element_type=\"widget\" data-e-type=\"widget\" data-widget_type=\"image.default\">\n\t\t\t\t<div class=\"elementor-widget-container\">\n\t\t\t\t\t\t\t\t\t\t\t\t\t\t\t<img loading=\"lazy\" decoding=\"async\" width=\"800\" height=\"400\" src=\"https:\/\/www.domusrental.com\/blog\/wp-content\/uploads\/2023\/12\/torri-del-benaco-1.jpg\" class=\"attachment-large size-large wp-image-870\" alt=\"torri del benaco castle\" srcset=\"https:\/\/www.domusrental.com\/blog\/wp-content\/uploads\/2023\/12\/torri-del-benaco-1.jpg 1000w, https:\/\/www.domusrental.com\/blog\/wp-content\/uploads\/2023\/12\/torri-del-benaco-1-768x384.jpg 768w\" sizes=\"(max-width: 800px) 100vw, 800px\" \/>\t\t\t\t\t\t\t\t\t\t\t\t\t\t\t<\/div>\n\t\t\t\t<\/div>\n\t\t\t\t\t<\/div>\n\t\t<\/div>\n\t\t\t\t\t<\/div>\n\t\t<\/section>\n\t\t\t\t<section class=\"elementor-section elementor-top-section elementor-element elementor-element-8612d50 elementor-section-boxed elementor-section-height-default elementor-section-height-default\" data-id=\"8612d50\" data-element_type=\"section\" data-e-type=\"section\">\n\t\t\t\t\t\t<div class=\"elementor-container elementor-column-gap-default\">\n\t\t\t\t\t<div class=\"elementor-column elementor-col-100 elementor-top-column elementor-element elementor-element-c680d3a\" data-id=\"c680d3a\" data-element_type=\"column\" data-e-type=\"column\">\n\t\t\t<div class=\"elementor-widget-wrap elementor-element-populated\">\n\t\t\t\t\t\t<div class=\"elementor-element elementor-element-18154cb elementor-widget elementor-widget-heading\" data-id=\"18154cb\" data-element_type=\"widget\" data-e-type=\"widget\" data-widget_type=\"heading.default\">\n\t\t\t\t<div class=\"elementor-widget-container\">\n\t\t\t\t\t<h2 class=\"elementor-heading-title elementor-size-default\">Ora puoi prenotare e iniziare la tua vacanza indimenticabile a Torri del Benaco e sullo spettacolare Lago di Garda. \n<\/h2>\t\t\t\t<\/div>\n\t\t\t\t<\/div>\n\t\t\t\t<div class=\"elementor-element elementor-element-9e2b5e8 elementor-widget elementor-widget-text-editor\" data-id=\"9e2b5e8\" data-element_type=\"widget\" data-e-type=\"widget\" data-widget_type=\"text-editor.default\">\n\t\t\t\t<div class=\"elementor-widget-container\">\n\t\t\t\t\t\t\t\t\t<p><span style=\"font-weight: 400;\">Speriamo di aver fornito informazioni preziose per prendere decisioni prima della tua vacanza a Torri del Benaco, e che con tutto ci\u00f2 menzionato, tu abbia un&#8217;idea pi\u00f9 chiara su come scegliere il miglior B&amp;B per il tuo viaggio a questo meraviglioso lago.\u00a0<\/span><\/p><p><span style=\"font-weight: 400;\">Da Domus Rental, offriamo una gamma incredibile di <strong>appartamenti vacanze e alcune ville sul lago a Torri del Benaco<\/strong>, cos\u00ec puoi filtrare, scegliere e prenotare in pochi passi il posto ideale che stai cercando.<\/span><\/p>\t\t\t\t\t\t\t\t<\/div>\n\t\t\t\t<\/div>\n\t\t\t\t\t<\/div>\n\t\t<\/div>\n\t\t\t\t\t<\/div>\n\t\t<\/section>\n\t\t\t\t<section class=\"elementor-section elementor-top-section elementor-element elementor-element-cfd9d32 elementor-section-boxed elementor-section-height-default elementor-section-height-default\" data-id=\"cfd9d32\" data-element_type=\"section\" data-e-type=\"section\">\n\t\t\t\t\t\t<div class=\"elementor-container elementor-column-gap-default\">\n\t\t\t\t\t<div class=\"elementor-column elementor-col-100 elementor-top-column elementor-element elementor-element-b7f591f\" data-id=\"b7f591f\" data-element_type=\"column\" data-e-type=\"column\">\n\t\t\t<div class=\"elementor-widget-wrap elementor-element-populated\">\n\t\t\t\t\t\t<div class=\"elementor-element elementor-element-7538261 elementor-widget elementor-widget-heading\" data-id=\"7538261\" data-element_type=\"widget\" data-e-type=\"widget\" data-widget_type=\"heading.default\">\n\t\t\t\t<div class=\"elementor-widget-container\">\n\t\t\t\t\t<h2 class=\"elementor-heading-title elementor-size-default\">Scegli la migliore casa vacanza a Torri del Benaco con noi <\/h2>\t\t\t\t<\/div>\n\t\t\t\t<\/div>\n\t\t\t\t\t<\/div>\n\t\t<\/div>\n\t\t\t\t\t<\/div>\n\t\t<\/section>\n\t\t\t\t<section class=\"elementor-section elementor-top-section elementor-element elementor-element-bc3b6fc elementor-section-boxed elementor-section-height-default elementor-section-height-default\" data-id=\"bc3b6fc\" data-element_type=\"section\" data-e-type=\"section\">\n\t\t\t\t\t\t<div class=\"elementor-container elementor-column-gap-default\">\n\t\t\t\t\t<div class=\"elementor-column elementor-col-50 elementor-top-column elementor-element elementor-element-b1ef4ce\" data-id=\"b1ef4ce\" data-element_type=\"column\" data-e-type=\"column\" data-settings=\"{&quot;background_background&quot;:&quot;classic&quot;}\">\n\t\t\t<div class=\"elementor-widget-wrap elementor-element-populated\">\n\t\t\t\t\t\t<div class=\"elementor-element elementor-element-b1c1917 elementor-widget elementor-widget-heading\" data-id=\"b1c1917\" data-element_type=\"widget\" data-e-type=\"widget\" data-widget_type=\"heading.default\">\n\t\t\t\t<div class=\"elementor-widget-container\">\n\t\t\t\t\t<h2 class=\"elementor-heading-title elementor-size-default\"><a href=\"https:\/\/www.domusrental.com\/it\/affitti\/appartamenti-torri-del-benaco-c1d66838\/\">Appartamenti a Torri del Benaco<\/a><\/h2>\t\t\t\t<\/div>\n\t\t\t\t<\/div>\n\t\t\t\t\t<\/div>\n\t\t<\/div>\n\t\t\t\t<div class=\"elementor-column elementor-col-50 elementor-top-column elementor-element elementor-element-5f2a378\" data-id=\"5f2a378\" data-element_type=\"column\" data-e-type=\"column\" data-settings=\"{&quot;background_background&quot;:&quot;classic&quot;}\">\n\t\t\t<div class=\"elementor-widget-wrap elementor-element-populated\">\n\t\t\t\t\t\t<div class=\"elementor-element elementor-element-1e04d44 elementor-widget elementor-widget-heading\" data-id=\"1e04d44\" data-element_type=\"widget\" data-e-type=\"widget\" data-widget_type=\"heading.default\">\n\t\t\t\t<div class=\"elementor-widget-container\">\n\t\t\t\t\t<h2 class=\"elementor-heading-title elementor-size-default\"><a href=\"https:\/\/www.domusrental.com\/it\/affitti\/ville-torri-del-benaco-c2d66838\/\">Ville a Torri del Benaco<\/a><\/h2>\t\t\t\t<\/div>\n\t\t\t\t<\/div>\n\t\t\t\t\t<\/div>\n\t\t<\/div>\n\t\t\t\t\t<\/div>\n\t\t<\/section>\n\t\t\t\t<\/div>\n\t\t","protected":false},"excerpt":{"rendered":"<p>Se sei qui, \u00e8 perch\u00e9 stai cercando un alloggio a Torri del Benaco, quel grazioso paese sulle rive del Lago di Garda che splende di luce propria. Questa cittadina conserva l&#8217;essenza di un luogo medievale, protetta da mura e torri di pietra, oltre a un porto romano e numerosi siti preistorici.\u00a0 Questa destinazione pittoresca \u00e8 [&hellip;]<\/p>\n","protected":false},"author":2,"featured_media":787,"comment_status":"open","ping_status":"closed","sticky":false,"template":"","format":"standard","meta":{"footnotes":""},"categories":[68],"tags":[],"class_list":["post-910","post","type-post","status-publish","format-standard","has-post-thumbnail","hentry","category-affitti-lago-di-garda"],"yoast_head":"<!-- This site is optimized with the Yoast SEO plugin v27.4 - https:\/\/yoast.com\/product\/yoast-seo-wordpress\/ -->\n<title>Appartamenti a Torri del Benaco: informazioni migliori<\/title>\n<meta name=\"description\" content=\"Se vuoi prenotare un appartamento a Torri del Benaco, queste informazioni potrebbero interessarti. Scoprile adesso!\" \/>\n<meta name=\"robots\" content=\"index, follow, max-snippet:-1, max-image-preview:large, max-video-preview:-1\" \/>\n<link rel=\"canonical\" href=\"https:\/\/www.domusrental.com\/blog\/it\/appartamenti-torri-del-benaco\/\" \/>\n<meta property=\"og:locale\" content=\"it_IT\" \/>\n<meta property=\"og:type\" content=\"article\" \/>\n<meta property=\"og:title\" content=\"Appartamenti a Torri del Benaco: informazioni migliori\" \/>\n<meta property=\"og:description\" content=\"Se vuoi prenotare un appartamento a Torri del Benaco, queste informazioni potrebbero interessarti. Scoprile adesso!\" \/>\n<meta property=\"og:url\" content=\"https:\/\/www.domusrental.com\/blog\/it\/appartamenti-torri-del-benaco\/\" \/>\n<meta property=\"og:site_name\" content=\"Blog | Domus Rental\" \/>\n<meta property=\"article:publisher\" content=\"https:\/\/www.facebook.com\/domusrental\" \/>\n<meta property=\"article:published_time\" content=\"2023-12-28T09:39:53+00:00\" \/>\n<meta property=\"article:modified_time\" content=\"2025-02-03T11:21:12+00:00\" \/>\n<meta property=\"og:image\" content=\"https:\/\/www.domusrental.com\/blog\/wp-content\/uploads\/2023\/12\/ferienwohnung-torri-del-benaco-gardasee.jpg\" \/>\n\t<meta property=\"og:image:width\" content=\"1920\" \/>\n\t<meta property=\"og:image:height\" content=\"800\" \/>\n\t<meta property=\"og:image:type\" content=\"image\/jpeg\" \/>\n<meta name=\"author\" content=\"digitalservices\" \/>\n<meta name=\"twitter:card\" content=\"summary_large_image\" \/>\n<meta name=\"twitter:creator\" content=\"@DomusRental\" \/>\n<meta name=\"twitter:site\" content=\"@DomusRental\" \/>\n<meta name=\"twitter:label1\" content=\"Scritto da\" \/>\n\t<meta name=\"twitter:data1\" content=\"digitalservices\" \/>\n\t<meta name=\"twitter:label2\" content=\"Tempo di lettura stimato\" \/>\n\t<meta name=\"twitter:data2\" content=\"12 minuti\" \/>\n<script type=\"application\/ld+json\" class=\"yoast-schema-graph\">{\"@context\":\"https:\\\/\\\/schema.org\",\"@graph\":[{\"@type\":\"Article\",\"@id\":\"https:\\\/\\\/www.domusrental.com\\\/blog\\\/it\\\/appartamenti-torri-del-benaco\\\/#article\",\"isPartOf\":{\"@id\":\"https:\\\/\\\/www.domusrental.com\\\/blog\\\/it\\\/appartamenti-torri-del-benaco\\\/\"},\"author\":{\"name\":\"digitalservices\",\"@id\":\"https:\\\/\\\/www.domusrental.com\\\/blog\\\/#\\\/schema\\\/person\\\/4704eef53d63fc41b94477baca3572f8\"},\"headline\":\"Prenotare un appartamento a Torri del Benaco, le migliori informazioni\",\"datePublished\":\"2023-12-28T09:39:53+00:00\",\"dateModified\":\"2025-02-03T11:21:12+00:00\",\"mainEntityOfPage\":{\"@id\":\"https:\\\/\\\/www.domusrental.com\\\/blog\\\/it\\\/appartamenti-torri-del-benaco\\\/\"},\"wordCount\":1431,\"commentCount\":0,\"publisher\":{\"@id\":\"https:\\\/\\\/www.domusrental.com\\\/blog\\\/#organization\"},\"image\":{\"@id\":\"https:\\\/\\\/www.domusrental.com\\\/blog\\\/it\\\/appartamenti-torri-del-benaco\\\/#primaryimage\"},\"thumbnailUrl\":\"https:\\\/\\\/www.domusrental.com\\\/blog\\\/wp-content\\\/uploads\\\/2023\\\/12\\\/ferienwohnung-torri-del-benaco-gardasee.jpg\",\"articleSection\":[\"Affitti\"],\"inLanguage\":\"it-IT\",\"potentialAction\":[{\"@type\":\"CommentAction\",\"name\":\"Comment\",\"target\":[\"https:\\\/\\\/www.domusrental.com\\\/blog\\\/it\\\/appartamenti-torri-del-benaco\\\/#respond\"]}]},{\"@type\":\"WebPage\",\"@id\":\"https:\\\/\\\/www.domusrental.com\\\/blog\\\/it\\\/appartamenti-torri-del-benaco\\\/\",\"url\":\"https:\\\/\\\/www.domusrental.com\\\/blog\\\/it\\\/appartamenti-torri-del-benaco\\\/\",\"name\":\"Appartamenti a Torri del Benaco: informazioni migliori\",\"isPartOf\":{\"@id\":\"https:\\\/\\\/www.domusrental.com\\\/blog\\\/#website\"},\"primaryImageOfPage\":{\"@id\":\"https:\\\/\\\/www.domusrental.com\\\/blog\\\/it\\\/appartamenti-torri-del-benaco\\\/#primaryimage\"},\"image\":{\"@id\":\"https:\\\/\\\/www.domusrental.com\\\/blog\\\/it\\\/appartamenti-torri-del-benaco\\\/#primaryimage\"},\"thumbnailUrl\":\"https:\\\/\\\/www.domusrental.com\\\/blog\\\/wp-content\\\/uploads\\\/2023\\\/12\\\/ferienwohnung-torri-del-benaco-gardasee.jpg\",\"datePublished\":\"2023-12-28T09:39:53+00:00\",\"dateModified\":\"2025-02-03T11:21:12+00:00\",\"description\":\"Se vuoi prenotare un appartamento a Torri del Benaco, queste informazioni potrebbero interessarti. Scoprile adesso!\",\"breadcrumb\":{\"@id\":\"https:\\\/\\\/www.domusrental.com\\\/blog\\\/it\\\/appartamenti-torri-del-benaco\\\/#breadcrumb\"},\"inLanguage\":\"it-IT\",\"potentialAction\":[{\"@type\":\"ReadAction\",\"target\":[\"https:\\\/\\\/www.domusrental.com\\\/blog\\\/it\\\/appartamenti-torri-del-benaco\\\/\"]}]},{\"@type\":\"ImageObject\",\"inLanguage\":\"it-IT\",\"@id\":\"https:\\\/\\\/www.domusrental.com\\\/blog\\\/it\\\/appartamenti-torri-del-benaco\\\/#primaryimage\",\"url\":\"https:\\\/\\\/www.domusrental.com\\\/blog\\\/wp-content\\\/uploads\\\/2023\\\/12\\\/ferienwohnung-torri-del-benaco-gardasee.jpg\",\"contentUrl\":\"https:\\\/\\\/www.domusrental.com\\\/blog\\\/wp-content\\\/uploads\\\/2023\\\/12\\\/ferienwohnung-torri-del-benaco-gardasee.jpg\",\"width\":1920,\"height\":800,\"caption\":\"ferienwohnung in torri del benaco\"},{\"@type\":\"BreadcrumbList\",\"@id\":\"https:\\\/\\\/www.domusrental.com\\\/blog\\\/it\\\/appartamenti-torri-del-benaco\\\/#breadcrumb\",\"itemListElement\":[{\"@type\":\"ListItem\",\"position\":1,\"name\":\"Home\",\"item\":\"https:\\\/\\\/www.domusrental.com\\\/blog\\\/it\\\/\"},{\"@type\":\"ListItem\",\"position\":2,\"name\":\"Prenotare un appartamento a Torri del Benaco, le migliori informazioni\"}]},{\"@type\":\"WebSite\",\"@id\":\"https:\\\/\\\/www.domusrental.com\\\/blog\\\/#website\",\"url\":\"https:\\\/\\\/www.domusrental.com\\\/blog\\\/\",\"name\":\"Domus Rental\",\"description\":\"\",\"publisher\":{\"@id\":\"https:\\\/\\\/www.domusrental.com\\\/blog\\\/#organization\"},\"potentialAction\":[{\"@type\":\"SearchAction\",\"target\":{\"@type\":\"EntryPoint\",\"urlTemplate\":\"https:\\\/\\\/www.domusrental.com\\\/blog\\\/?s={search_term_string}\"},\"query-input\":{\"@type\":\"PropertyValueSpecification\",\"valueRequired\":true,\"valueName\":\"search_term_string\"}}],\"inLanguage\":\"it-IT\"},{\"@type\":\"Organization\",\"@id\":\"https:\\\/\\\/www.domusrental.com\\\/blog\\\/#organization\",\"name\":\"Blog | Domus Rental\",\"url\":\"https:\\\/\\\/www.domusrental.com\\\/blog\\\/\",\"logo\":{\"@type\":\"ImageObject\",\"inLanguage\":\"it-IT\",\"@id\":\"https:\\\/\\\/www.domusrental.com\\\/blog\\\/#\\\/schema\\\/logo\\\/image\\\/\",\"url\":\"https:\\\/\\\/www.domusrental.com\\\/blog\\\/wp-content\\\/uploads\\\/2024\\\/04\\\/favicon.png\",\"contentUrl\":\"https:\\\/\\\/www.domusrental.com\\\/blog\\\/wp-content\\\/uploads\\\/2024\\\/04\\\/favicon.png\",\"width\":298,\"height\":298,\"caption\":\"Blog | Domus Rental\"},\"image\":{\"@id\":\"https:\\\/\\\/www.domusrental.com\\\/blog\\\/#\\\/schema\\\/logo\\\/image\\\/\"},\"sameAs\":[\"https:\\\/\\\/www.facebook.com\\\/domusrental\",\"https:\\\/\\\/x.com\\\/DomusRental\"]},{\"@type\":\"Person\",\"@id\":\"https:\\\/\\\/www.domusrental.com\\\/blog\\\/#\\\/schema\\\/person\\\/4704eef53d63fc41b94477baca3572f8\",\"name\":\"digitalservices\",\"image\":{\"@type\":\"ImageObject\",\"inLanguage\":\"it-IT\",\"@id\":\"https:\\\/\\\/secure.gravatar.com\\\/avatar\\\/af30f88a1904294c1f3eb09a9d7903eec4ffa18fa2cf40c28a8681014ecdfc20?s=96&d=mm&r=g\",\"url\":\"https:\\\/\\\/secure.gravatar.com\\\/avatar\\\/af30f88a1904294c1f3eb09a9d7903eec4ffa18fa2cf40c28a8681014ecdfc20?s=96&d=mm&r=g\",\"contentUrl\":\"https:\\\/\\\/secure.gravatar.com\\\/avatar\\\/af30f88a1904294c1f3eb09a9d7903eec4ffa18fa2cf40c28a8681014ecdfc20?s=96&d=mm&r=g\",\"caption\":\"digitalservices\"},\"url\":\"https:\\\/\\\/www.domusrental.com\\\/blog\\\/it\\\/author\\\/digitalservices\\\/\"}]}<\/script>\n<!-- \/ Yoast SEO plugin. -->","yoast_head_json":{"title":"Appartamenti a Torri del Benaco: informazioni migliori","description":"Se vuoi prenotare un appartamento a Torri del Benaco, queste informazioni potrebbero interessarti. Scoprile adesso!","robots":{"index":"index","follow":"follow","max-snippet":"max-snippet:-1","max-image-preview":"max-image-preview:large","max-video-preview":"max-video-preview:-1"},"canonical":"https:\/\/www.domusrental.com\/blog\/it\/appartamenti-torri-del-benaco\/","og_locale":"it_IT","og_type":"article","og_title":"Appartamenti a Torri del Benaco: informazioni migliori","og_description":"Se vuoi prenotare un appartamento a Torri del Benaco, queste informazioni potrebbero interessarti. Scoprile adesso!","og_url":"https:\/\/www.domusrental.com\/blog\/it\/appartamenti-torri-del-benaco\/","og_site_name":"Blog | Domus Rental","article_publisher":"https:\/\/www.facebook.com\/domusrental","article_published_time":"2023-12-28T09:39:53+00:00","article_modified_time":"2025-02-03T11:21:12+00:00","og_image":[{"width":1920,"height":800,"url":"https:\/\/www.domusrental.com\/blog\/wp-content\/uploads\/2023\/12\/ferienwohnung-torri-del-benaco-gardasee.jpg","type":"image\/jpeg"}],"author":"digitalservices","twitter_card":"summary_large_image","twitter_creator":"@DomusRental","twitter_site":"@DomusRental","twitter_misc":{"Scritto da":"digitalservices","Tempo di lettura stimato":"12 minuti"},"schema":{"@context":"https:\/\/schema.org","@graph":[{"@type":"Article","@id":"https:\/\/www.domusrental.com\/blog\/it\/appartamenti-torri-del-benaco\/#article","isPartOf":{"@id":"https:\/\/www.domusrental.com\/blog\/it\/appartamenti-torri-del-benaco\/"},"author":{"name":"digitalservices","@id":"https:\/\/www.domusrental.com\/blog\/#\/schema\/person\/4704eef53d63fc41b94477baca3572f8"},"headline":"Prenotare un appartamento a Torri del Benaco, le migliori informazioni","datePublished":"2023-12-28T09:39:53+00:00","dateModified":"2025-02-03T11:21:12+00:00","mainEntityOfPage":{"@id":"https:\/\/www.domusrental.com\/blog\/it\/appartamenti-torri-del-benaco\/"},"wordCount":1431,"commentCount":0,"publisher":{"@id":"https:\/\/www.domusrental.com\/blog\/#organization"},"image":{"@id":"https:\/\/www.domusrental.com\/blog\/it\/appartamenti-torri-del-benaco\/#primaryimage"},"thumbnailUrl":"https:\/\/www.domusrental.com\/blog\/wp-content\/uploads\/2023\/12\/ferienwohnung-torri-del-benaco-gardasee.jpg","articleSection":["Affitti"],"inLanguage":"it-IT","potentialAction":[{"@type":"CommentAction","name":"Comment","target":["https:\/\/www.domusrental.com\/blog\/it\/appartamenti-torri-del-benaco\/#respond"]}]},{"@type":"WebPage","@id":"https:\/\/www.domusrental.com\/blog\/it\/appartamenti-torri-del-benaco\/","url":"https:\/\/www.domusrental.com\/blog\/it\/appartamenti-torri-del-benaco\/","name":"Appartamenti a Torri del Benaco: informazioni migliori","isPartOf":{"@id":"https:\/\/www.domusrental.com\/blog\/#website"},"primaryImageOfPage":{"@id":"https:\/\/www.domusrental.com\/blog\/it\/appartamenti-torri-del-benaco\/#primaryimage"},"image":{"@id":"https:\/\/www.domusrental.com\/blog\/it\/appartamenti-torri-del-benaco\/#primaryimage"},"thumbnailUrl":"https:\/\/www.domusrental.com\/blog\/wp-content\/uploads\/2023\/12\/ferienwohnung-torri-del-benaco-gardasee.jpg","datePublished":"2023-12-28T09:39:53+00:00","dateModified":"2025-02-03T11:21:12+00:00","description":"Se vuoi prenotare un appartamento a Torri del Benaco, queste informazioni potrebbero interessarti. Scoprile adesso!","breadcrumb":{"@id":"https:\/\/www.domusrental.com\/blog\/it\/appartamenti-torri-del-benaco\/#breadcrumb"},"inLanguage":"it-IT","potentialAction":[{"@type":"ReadAction","target":["https:\/\/www.domusrental.com\/blog\/it\/appartamenti-torri-del-benaco\/"]}]},{"@type":"ImageObject","inLanguage":"it-IT","@id":"https:\/\/www.domusrental.com\/blog\/it\/appartamenti-torri-del-benaco\/#primaryimage","url":"https:\/\/www.domusrental.com\/blog\/wp-content\/uploads\/2023\/12\/ferienwohnung-torri-del-benaco-gardasee.jpg","contentUrl":"https:\/\/www.domusrental.com\/blog\/wp-content\/uploads\/2023\/12\/ferienwohnung-torri-del-benaco-gardasee.jpg","width":1920,"height":800,"caption":"ferienwohnung in torri del benaco"},{"@type":"BreadcrumbList","@id":"https:\/\/www.domusrental.com\/blog\/it\/appartamenti-torri-del-benaco\/#breadcrumb","itemListElement":[{"@type":"ListItem","position":1,"name":"Home","item":"https:\/\/www.domusrental.com\/blog\/it\/"},{"@type":"ListItem","position":2,"name":"Prenotare un appartamento a Torri del Benaco, le migliori informazioni"}]},{"@type":"WebSite","@id":"https:\/\/www.domusrental.com\/blog\/#website","url":"https:\/\/www.domusrental.com\/blog\/","name":"Domus Rental","description":"","publisher":{"@id":"https:\/\/www.domusrental.com\/blog\/#organization"},"potentialAction":[{"@type":"SearchAction","target":{"@type":"EntryPoint","urlTemplate":"https:\/\/www.domusrental.com\/blog\/?s={search_term_string}"},"query-input":{"@type":"PropertyValueSpecification","valueRequired":true,"valueName":"search_term_string"}}],"inLanguage":"it-IT"},{"@type":"Organization","@id":"https:\/\/www.domusrental.com\/blog\/#organization","name":"Blog | Domus Rental","url":"https:\/\/www.domusrental.com\/blog\/","logo":{"@type":"ImageObject","inLanguage":"it-IT","@id":"https:\/\/www.domusrental.com\/blog\/#\/schema\/logo\/image\/","url":"https:\/\/www.domusrental.com\/blog\/wp-content\/uploads\/2024\/04\/favicon.png","contentUrl":"https:\/\/www.domusrental.com\/blog\/wp-content\/uploads\/2024\/04\/favicon.png","width":298,"height":298,"caption":"Blog | Domus Rental"},"image":{"@id":"https:\/\/www.domusrental.com\/blog\/#\/schema\/logo\/image\/"},"sameAs":["https:\/\/www.facebook.com\/domusrental","https:\/\/x.com\/DomusRental"]},{"@type":"Person","@id":"https:\/\/www.domusrental.com\/blog\/#\/schema\/person\/4704eef53d63fc41b94477baca3572f8","name":"digitalservices","image":{"@type":"ImageObject","inLanguage":"it-IT","@id":"https:\/\/secure.gravatar.com\/avatar\/af30f88a1904294c1f3eb09a9d7903eec4ffa18fa2cf40c28a8681014ecdfc20?s=96&d=mm&r=g","url":"https:\/\/secure.gravatar.com\/avatar\/af30f88a1904294c1f3eb09a9d7903eec4ffa18fa2cf40c28a8681014ecdfc20?s=96&d=mm&r=g","contentUrl":"https:\/\/secure.gravatar.com\/avatar\/af30f88a1904294c1f3eb09a9d7903eec4ffa18fa2cf40c28a8681014ecdfc20?s=96&d=mm&r=g","caption":"digitalservices"},"url":"https:\/\/www.domusrental.com\/blog\/it\/author\/digitalservices\/"}]}},"_links":{"self":[{"href":"https:\/\/www.domusrental.com\/blog\/it\/wp-json\/wp\/v2\/posts\/910","targetHints":{"allow":["GET"]}}],"collection":[{"href":"https:\/\/www.domusrental.com\/blog\/it\/wp-json\/wp\/v2\/posts"}],"about":[{"href":"https:\/\/www.domusrental.com\/blog\/it\/wp-json\/wp\/v2\/types\/post"}],"author":[{"embeddable":true,"href":"https:\/\/www.domusrental.com\/blog\/it\/wp-json\/wp\/v2\/users\/2"}],"replies":[{"embeddable":true,"href":"https:\/\/www.domusrental.com\/blog\/it\/wp-json\/wp\/v2\/comments?post=910"}],"version-history":[{"count":36,"href":"https:\/\/www.domusrental.com\/blog\/it\/wp-json\/wp\/v2\/posts\/910\/revisions"}],"predecessor-version":[{"id":2915,"href":"https:\/\/www.domusrental.com\/blog\/it\/wp-json\/wp\/v2\/posts\/910\/revisions\/2915"}],"wp:featuredmedia":[{"embeddable":true,"href":"https:\/\/www.domusrental.com\/blog\/it\/wp-json\/wp\/v2\/media\/787"}],"wp:attachment":[{"href":"https:\/\/www.domusrental.com\/blog\/it\/wp-json\/wp\/v2\/media?parent=910"}],"wp:term":[{"taxonomy":"category","embeddable":true,"href":"https:\/\/www.domusrental.com\/blog\/it\/wp-json\/wp\/v2\/categories?post=910"},{"taxonomy":"post_tag","embeddable":true,"href":"https:\/\/www.domusrental.com\/blog\/it\/wp-json\/wp\/v2\/tags?post=910"}],"curies":[{"name":"wp","href":"https:\/\/api.w.org\/{rel}","templated":true}]}}